{"id":8372,"date":"2025-07-30T06:46:53","date_gmt":"2025-07-30T06:46:53","guid":{"rendered":"https:\/\/www.mobilier-design-occasion.fr\/magazine\/?p=8372"},"modified":"2025-07-30T06:46:54","modified_gmt":"2025-07-30T06:46:54","slug":"comment-organiser-son-etabli-pour-travailler-confortablement-dans-son-atelier","status":"publish","type":"post","link":"https:\/\/www.mobilier-design-occasion.fr\/magazine\/comment-organiser-son-etabli-pour-travailler-confortablement-dans-son-atelier\/","title":{"rendered":"Comment organiser son \u00e9tabli pour travailler confortablement dans son atelier"},"content":{"rendered":"\n<p>L&#8217;organisation d&#8217;un atelier professionnel ou de bricolage repose avant tout sur un am\u00e9nagement r\u00e9fl\u00e9chi de l&#8217;espace de travail principal : l&#8217;\u00e9tabli. Ce poste central d\u00e9termine l&#8217;efficacit\u00e9, le confort et la s\u00e9curit\u00e9 de toutes vos activit\u00e9s manuelles. Que vous soyez <a href=\"https:\/\/www.mobilier-design-occasion.fr\/magazine\/test-avis-sur-poltronesofa\/\">artisan<\/a>, technicien ou bricoleur passionn\u00e9, une configuration optimale de votre <a href=\"https:\/\/www.provost.fr\/fr\/94-etablis\">\u00e9tabli<\/a> transformera radicalement votre productivit\u00e9 et votre plaisir au travail.<\/p>\n\n\n\n<figure class=\"wp-block-image size-large\"><img loading=\"lazy\" decoding=\"async\" width=\"1024\" height=\"693\" src=\"https:\/\/www.mobilier-design-occasion.fr\/magazine\/wp-content\/uploads\/2025\/07\/image-10-1024x693.png\" alt=\"\" class=\"wp-image-8373\" srcset=\"https:\/\/www.mobilier-design-occasion.fr\/magazine\/wp-content\/uploads\/2025\/07\/image-10-1024x693.png 1024w, https:\/\/www.mobilier-design-occasion.fr\/magazine\/wp-content\/uploads\/2025\/07\/image-10-300x203.png 300w, https:\/\/www.mobilier-design-occasion.fr\/magazine\/wp-content\/uploads\/2025\/07\/image-10-768x520.png 768w, https:\/\/www.mobilier-design-occasion.fr\/magazine\/wp-content\/uploads\/2025\/07\/image-10-1536x1040.png 1536w, https:\/\/www.mobilier-design-occasion.fr\/magazine\/wp-content\/uploads\/2025\/07\/image-10-810x548.png 810w, https:\/\/www.mobilier-design-occasion.fr\/magazine\/wp-content\/uploads\/2025\/07\/image-10-1140x772.png 1140w, https:\/\/www.mobilier-design-occasion.fr\/magazine\/wp-content\/uploads\/2025\/07\/image-10.png 1740w\" sizes=\"auto, (max-width: 1024px) 100vw, 1024px\" \/><\/figure>\n\n\n\n<h2 class=\"wp-block-heading\"><span class=\"ez-toc-section\" id=\"Choisir_le_bon_mobilier_pour_son_etabli\"><\/span>Choisir le bon mobilier pour son \u00e9tabli<span class=\"ez-toc-section-end\"><\/span><\/h2><div id=\"ez-toc-container\" class=\"ez-toc-v2_0_82_2 counter-hierarchy ez-toc-counter ez-toc-grey ez-toc-container-direction\">\n<div class=\"ez-toc-title-container\">\n<span class=\"ez-toc-title-toggle\"><a href=\"#\" class=\"ez-toc-pull-right ez-toc-btn ez-toc-btn-xs ez-toc-btn-default ez-toc-toggle\" aria-label=\"Toggle Table of Content\"><span class=\"ez-toc-js-icon-con\"><span class=\"\"><span class=\"eztoc-hide\" style=\"display:none;\">Toggle<\/span><span class=\"ez-toc-icon-toggle-span\"><svg style=\"fill: #999;color:#999\" xmlns=\"http:\/\/www.w3.org\/2000\/svg\" class=\"list-377408\" width=\"20px\" height=\"20px\" viewBox=\"0 0 24 24\" fill=\"none\"><path d=\"M6 6H4v2h2V6zm14 0H8v2h12V6zM4 11h2v2H4v-2zm16 0H8v2h12v-2zM4 16h2v2H4v-2zm16 0H8v2h12v-2z\" fill=\"currentColor\"><\/path><\/svg><svg style=\"fill: #999;color:#999\" class=\"arrow-unsorted-368013\" xmlns=\"http:\/\/www.w3.org\/2000\/svg\" width=\"10px\" height=\"10px\" viewBox=\"0 0 24 24\" version=\"1.2\" baseProfile=\"tiny\"><path d=\"M18.2 9.3l-6.2-6.3-6.2 6.3c-.2.2-.3.4-.3.7s.1.5.3.7c.2.2.4.3.7.3h11c.3 0 .5-.1.7-.3.2-.2.3-.5.3-.7s-.1-.5-.3-.7zM5.8 14.7l6.2 6.3 6.2-6.3c.2-.2.3-.5.3-.7s-.1-.5-.3-.7c-.2-.2-.4-.3-.7-.3h-11c-.3 0-.5.1-.7.3-.2.2-.3.5-.3.7s.1.5.3.7z\"\/><\/svg><\/span><\/span><\/span><\/a><\/span><\/div>\n<nav><ul class='ez-toc-list ez-toc-list-level-1 eztoc-toggle-hide-by-default' ><li class='ez-toc-page-1 ez-toc-heading-level-2'><a class=\"ez-toc-link ez-toc-heading-1\" href=\"https:\/\/www.mobilier-design-occasion.fr\/magazine\/comment-organiser-son-etabli-pour-travailler-confortablement-dans-son-atelier\/#Choisir_le_bon_mobilier_pour_son_etabli\" >Choisir le bon mobilier pour son \u00e9tabli<\/a><\/li><li class='ez-toc-page-1 ez-toc-heading-level-2'><a class=\"ez-toc-link ez-toc-heading-2\" href=\"https:\/\/www.mobilier-design-occasion.fr\/magazine\/comment-organiser-son-etabli-pour-travailler-confortablement-dans-son-atelier\/#Determiner_la_hauteur_optimale_de_son_etabli\" >D\u00e9terminer la hauteur optimale de son \u00e9tabli<\/a><\/li><li class='ez-toc-page-1 ez-toc-heading-level-2'><a class=\"ez-toc-link ez-toc-heading-3\" href=\"https:\/\/www.mobilier-design-occasion.fr\/magazine\/comment-organiser-son-etabli-pour-travailler-confortablement-dans-son-atelier\/#Adapter_lamenagement_a_son_activite_specifique\" >Adapter l&#8217;am\u00e9nagement \u00e0 son activit\u00e9 sp\u00e9cifique<\/a><\/li><li class='ez-toc-page-1 ez-toc-heading-level-2'><a class=\"ez-toc-link ez-toc-heading-4\" href=\"https:\/\/www.mobilier-design-occasion.fr\/magazine\/comment-organiser-son-etabli-pour-travailler-confortablement-dans-son-atelier\/#Accessoires_et_rangements_indispensables\" >Accessoires et rangements indispensables<\/a><\/li><li class='ez-toc-page-1 ez-toc-heading-level-2'><a class=\"ez-toc-link ez-toc-heading-5\" href=\"https:\/\/www.mobilier-design-occasion.fr\/magazine\/comment-organiser-son-etabli-pour-travailler-confortablement-dans-son-atelier\/#Optimisation_de_lespace_et_circulation\" >Optimisation de l&#8217;espace et circulation<\/a><\/li><li class='ez-toc-page-1 ez-toc-heading-level-2'><a class=\"ez-toc-link ez-toc-heading-6\" href=\"https:\/\/www.mobilier-design-occasion.fr\/magazine\/comment-organiser-son-etabli-pour-travailler-confortablement-dans-son-atelier\/#Maintenance_et_evolution_de_lorganisation\" >Maintenance et \u00e9volution de l&#8217;organisation<\/a><\/li><\/ul><\/nav><\/div>\n\n\n\n\n<p>La s\u00e9lection du <a href=\"https:\/\/www.mobilier-design-occasion.fr\/magazine\/test-avis-sur-la-redoute-interieurs-am-pm\/\">mobilier<\/a> constitue le fondement d&#8217;un atelier fonctionnel. Un \u00e9tabli de qualit\u00e9 doit pr\u00e9senter une structure robuste capable de supporter les contraintes m\u00e9caniques li\u00e9es \u00e0 vos activit\u00e9s. Les mat\u00e9riaux privil\u00e9gi\u00e9s incluent l&#8217;acier pour la structure et le <a href=\"https:\/\/www.mobilier-design-occasion.fr\/magazine\/avis-mathy-by-bols\/\">bois<\/a> massif ou l&#8217;acier pour le plateau de travail.<\/p>\n\n\n\n<p>La dimension du plateau influence directement votre confort de travail. Pour un usage polyvalent, privil\u00e9giez une longueur minimale de 120 cm et une profondeur de 60 cm. Ces dimensions permettent d&#8217;\u00e9taler plans, outils et pi\u00e8ces sans encombrement excessif. La capacit\u00e9 de charge constitue \u00e9galement un crit\u00e8re d\u00e9terminant : optez pour un \u00e9tabli supportant au minimum 300 kg r\u00e9partis.<\/p>\n\n\n\n<p>L&#8217;int\u00e9gration de tiroirs et d&#8217;espaces de <a href=\"https:\/\/www.mobilier-design-occasion.fr\/magazine\/decouvrez-le-cabinet-vintage-pour-exposer-vos-plus-belles-collections\/\">rangement<\/a> dans la structure m\u00eame de l&#8217;\u00e9tabli optimise l&#8217;organisation. Ces compartiments maintiennent les outils fr\u00e9quemment utilis\u00e9s \u00e0 port\u00e9e de main tout en pr\u00e9servant l&#8217;ordre sur le plateau de travail.<\/p>\n\n\n\n<h2 class=\"wp-block-heading\"><span class=\"ez-toc-section\" id=\"Determiner_la_hauteur_optimale_de_son_etabli\"><\/span>D\u00e9terminer la hauteur optimale de son \u00e9tabli<span class=\"ez-toc-section-end\"><\/span><\/h2>\n\n\n\n<p>L&#8217;ergonomie de votre poste de travail d\u00e9pend \u00e9troitement de la hauteur de l&#8217;\u00e9tabli. Une hauteur inadapt\u00e9e g\u00e9n\u00e8re fatigue, tensions musculaires et diminution de la pr\u00e9cision dans vos gestes techniques.<\/p>\n\n\n\n<p>La r\u00e8gle g\u00e9n\u00e9rale pr\u00e9conise un \u00e9tabli dont la hauteur se situe entre 85 et 95 cm pour une personne de taille moyenne. Cependant, cette mesure doit s&#8217;adapter \u00e0 votre morphologie et au type d&#8217;activit\u00e9s pratiqu\u00e9es. Pour les travaux de pr\u00e9cision n\u00e9cessitant une vision rapproch\u00e9e, une hauteur l\u00e9g\u00e8rement sup\u00e9rieure \u00e9vite de se pencher excessivement. \u00c0 l&#8217;inverse, les t\u00e2ches impliquant une force importante b\u00e9n\u00e9ficient d&#8217;une position l\u00e9g\u00e8rement plus basse permettant d&#8217;engager le poids du corps.<\/p>\n\n\n\n<p>L&#8217;id\u00e9at consiste \u00e0 pouvoir poser les avant-bras sur le plateau en maintenant les \u00e9paules d\u00e9tendues et les coudes fl\u00e9chis \u00e0 90 degr\u00e9s. Certains mod\u00e8les proposent des syst\u00e8mes de r\u00e9glage en hauteur, solution particuli\u00e8rement adapt\u00e9e aux ateliers partag\u00e9s ou aux utilisateurs de tailles tr\u00e8s diff\u00e9rentes.<\/p>\n\n\n\n<figure class=\"wp-block-image size-large\"><img loading=\"lazy\" decoding=\"async\" width=\"1024\" height=\"734\" src=\"https:\/\/www.mobilier-design-occasion.fr\/magazine\/wp-content\/uploads\/2025\/07\/image-11-1024x734.png\" alt=\"\" class=\"wp-image-8374\" srcset=\"https:\/\/www.mobilier-design-occasion.fr\/magazine\/wp-content\/uploads\/2025\/07\/image-11-1024x734.png 1024w, https:\/\/www.mobilier-design-occasion.fr\/magazine\/wp-content\/uploads\/2025\/07\/image-11-300x215.png 300w, https:\/\/www.mobilier-design-occasion.fr\/magazine\/wp-content\/uploads\/2025\/07\/image-11-768x551.png 768w, https:\/\/www.mobilier-design-occasion.fr\/magazine\/wp-content\/uploads\/2025\/07\/image-11-810x581.png 810w, https:\/\/www.mobilier-design-occasion.fr\/magazine\/wp-content\/uploads\/2025\/07\/image-11.png 1032w\" sizes=\"auto, (max-width: 1024px) 100vw, 1024px\" \/><\/figure>\n\n\n\n<h2 class=\"wp-block-heading\"><span class=\"ez-toc-section\" id=\"Adapter_lamenagement_a_son_activite_specifique\"><\/span>Adapter l&#8217;am\u00e9nagement \u00e0 son activit\u00e9 sp\u00e9cifique<span class=\"ez-toc-section-end\"><\/span><\/h2>\n\n\n\n<p>Chaque m\u00e9tier et chaque passion impose des contraintes particuli\u00e8res qui influencent l&#8217;organisation de l&#8217;atelier. L&#8217;\u00e9lectronique exige des espaces anti-statiques et une excellente illumination, tandis que la menuiserie n\u00e9cessite des syst\u00e8mes d&#8217;aspiration efficaces et des supports pour pi\u00e8ces longues.<\/p>\n\n\n\n<p>L&#8217;activit\u00e9 d\u00e9termine \u00e9galement le choix des mat\u00e9riaux. Les m\u00e9tiers impliquant des projections d&#8217;\u00e9tincelles ou de copeaux b\u00e9n\u00e9ficient de plateaux m\u00e9talliques, tandis que les travaux de pr\u00e9cision privil\u00e9gient les surfaces en bois qui amortissent les chocs et pr\u00e9servent les outils tranchants.<\/p>\n\n\n\n<p>La fr\u00e9quence d&#8217;utilisation de chaque outil guide leur positionnement. Les \u00e9quipements quotidiens trouvent leur place dans un rayon d&#8217;un m\u00e8tre autour de l&#8217;\u00e9tabli, tandis que les outils sp\u00e9cialis\u00e9s peuvent \u00eatre rang\u00e9s plus loin. Cette organisation par zones d&#8217;usage optimise les d\u00e9placements et maintient la concentration sur la t\u00e2che en cours.<\/p>\n\n\n\n<h2 class=\"wp-block-heading\"><span class=\"ez-toc-section\" id=\"Accessoires_et_rangements_indispensables\"><\/span>Accessoires et rangements indispensables<span class=\"ez-toc-section-end\"><\/span><\/h2>\n\n\n\n<p>L&#8217;efficacit\u00e9 d&#8217;un atelier repose sur un syst\u00e8me de rangement logique et accessible. Les panneaux perfor\u00e9s muraux constituent une solution polyvalente permettant de suspendre outils \u00e0 main, c\u00e2bles et petits \u00e9quipements. Cette pr\u00e9sentation facilite l&#8217;inventaire visuel et acc\u00e9l\u00e8re la s\u00e9lection des outils appropri\u00e9s.<\/p>\n\n\n\n<p>Les tiroirs modulaires organisent les petites pi\u00e8ces selon leur type et leur fr\u00e9quence d&#8217;usage. Les syst\u00e8mes de bacs amovibles simplifient le transport des composants vers diff\u00e9rents postes de travail. Pour les ateliers manipulant de nombreuses vis, boulons et fixations, les casiers transparents permettent une identification rapide du contenu.<\/p>\n\n\n\n<p>L&#8217;\u00e9clairage constitue un accessoire fondamental souvent n\u00e9glig\u00e9. Une <a href=\"https:\/\/www.mobilier-design-occasion.fr\/magazine\/lodyssee-lumineuse-lheritage-industriel-revisite\/\">lampe<\/a> articul\u00e9e compl\u00e8te l&#8217;\u00e9clairage g\u00e9n\u00e9ral en dirigeant la <a href=\"https:\/\/www.mobilier-design-occasion.fr\/magazine\/le-charme-discret-de-la-lumiere-tamisee-du-chandelier\/\">lumi\u00e8re<\/a> pr\u00e9cis\u00e9ment sur la zone de travail. Les mod\u00e8les \u00e0 LED offrent un excellent rendu des couleurs tout en g\u00e9n\u00e9rant peu de chaleur.<\/p>\n\n\n\n<p>Les syst\u00e8mes d&#8217;aspiration localis\u00e9e pr\u00e9servent la sant\u00e9 tout en maintenant la propret\u00e9 de l&#8217;atelier. Un aspirateur d&#8217;atelier connect\u00e9 aux outils \u00e9lectriques capture les poussi\u00e8res \u00e0 la source et \u00e9vite leur dispersion dans l&#8217;environnement de travail.<\/p>\n\n\n\n<figure class=\"wp-block-image size-large\"><img loading=\"lazy\" decoding=\"async\" width=\"1024\" height=\"628\" src=\"https:\/\/www.mobilier-design-occasion.fr\/magazine\/wp-content\/uploads\/2025\/07\/image-12-1024x628.png\" alt=\"\" class=\"wp-image-8375\" srcset=\"https:\/\/www.mobilier-design-occasion.fr\/magazine\/wp-content\/uploads\/2025\/07\/image-12-1024x628.png 1024w, https:\/\/www.mobilier-design-occasion.fr\/magazine\/wp-content\/uploads\/2025\/07\/image-12-300x184.png 300w, https:\/\/www.mobilier-design-occasion.fr\/magazine\/wp-content\/uploads\/2025\/07\/image-12-768x471.png 768w, https:\/\/www.mobilier-design-occasion.fr\/magazine\/wp-content\/uploads\/2025\/07\/image-12-810x497.png 810w, https:\/\/www.mobilier-design-occasion.fr\/magazine\/wp-content\/uploads\/2025\/07\/image-12.png 1076w\" sizes=\"auto, (max-width: 1024px) 100vw, 1024px\" \/><\/figure>\n\n\n\n<h2 class=\"wp-block-heading\"><span class=\"ez-toc-section\" id=\"Optimisation_de_lespace_et_circulation\"><\/span>Optimisation de l&#8217;espace et circulation<span class=\"ez-toc-section-end\"><\/span><\/h2>\n\n\n\n<p>La circulation autour de l&#8217;\u00e9tabli influence directement l&#8217;efficacit\u00e9 du travail. M\u00e9nagez un espace libre d&#8217;au moins 120 cm derri\u00e8re votre position de travail habituelle pour permettre les d\u00e9placements sans contrainte. Cette distance autorise \u00e9galement le stockage temporaire de pi\u00e8ces volumineuses sans encombrer le passage.<\/p>\n\n\n\n<p>L&#8217;implantation de l&#8217;\u00e9tabli dans l&#8217;atelier doit consid\u00e9rer les sources de lumi\u00e8re naturelle et les points d&#8217;alimentation \u00e9lectrique. Une position perpendiculaire aux fen\u00eatres \u00e9vite les ombres port\u00e9es tout en b\u00e9n\u00e9ficiant d&#8217;un \u00e9clairage optimal. La proximit\u00e9 des prises \u00e9lectriques limite l&#8217;usage de rallonges, sources potentielles d&#8217;accidents.<\/p>\n\n\n\n<h2 class=\"wp-block-heading\"><span class=\"ez-toc-section\" id=\"Maintenance_et_evolution_de_lorganisation\"><\/span>Maintenance et \u00e9volution de l&#8217;organisation<span class=\"ez-toc-section-end\"><\/span><\/h2>\n\n\n\n<p>Un atelier bien organis\u00e9 n\u00e9cessite une maintenance r\u00e9guli\u00e8re pour conserver son efficacit\u00e9. Instaurez une routine de rangement quotidienne maintenant chaque outil \u00e0 sa place d\u00e9sign\u00e9e. Cette discipline pr\u00e9serve l&#8217;organisation \u00e0 long terme et facilite la localisation des \u00e9quipements.<\/p>\n\n\n\n<p>L&#8217;\u00e9volution de vos activit\u00e9s peut n\u00e9cessiter des adaptations de l&#8217;am\u00e9nagement. Concevez votre organisation avec une certaine flexibilit\u00e9 permettant de modifier la disposition des rangements sans refonte compl\u00e8te de l&#8217;installation.<\/p>\n\n\n\n<p>Un atelier bien pens\u00e9 autour d&#8217;un \u00e9tabli ergonomique transforme le travail manuel en plaisir cr\u00e9atif tout en pr\u00e9servant votre sant\u00e9. L&#8217;investissement initial dans un \u00e9quipement de qualit\u00e9 et une organisation r\u00e9fl\u00e9chie se rentabilise rapidement par l&#8217;am\u00e9lioration de votre productivit\u00e9 et de votre confort de travail.<\/p>\n","protected":false},"excerpt":{"rendered":"<p>L&#8217;organisation d&#8217;un atelier professionnel ou de bricolage repose avant tout sur un am\u00e9nagement r\u00e9fl\u00e9chi de l&#8217;espace de travail principal : l&#8217;\u00e9tabli. Ce poste central d\u00e9termine l&#8217;efficacit\u00e9, le confort et la s\u00e9curit\u00e9 de toutes vos activit\u00e9s manuelles. Que vous soyez artisan, technicien ou bricoleur passionn\u00e9, une configuration optimale de votre \u00e9tabli transformera radicalement votre productivit\u00e9 et [&hellip;]<\/p>\n","protected":false},"author":2,"featured_media":8375,"comment_status":"open","ping_status":"open","sticky":false,"template":"","format":"standard","meta":{"footnotes":""},"categories":[124],"tags":[133],"class_list":["post-8372","post","type-post","status-publish","format-standard","has-post-thumbnail","hentry","category-exterieur","tag-vintage"],"yoast_head":"<!-- This site is optimized with the Yoast SEO plugin v27.5 - https:\/\/yoast.com\/product\/yoast-seo-wordpress\/ -->\n<title>Comment organiser son \u00e9tabli pour travailler confortablement dans son atelier - Mobilier Design Magazine<\/title>\n<meta name=\"robots\" content=\"index, follow, max-snippet:-1, max-image-preview:large, max-video-preview:-1\" \/>\n<link rel=\"canonical\" href=\"https:\/\/www.mobilier-design-occasion.fr\/magazine\/comment-organiser-son-etabli-pour-travailler-confortablement-dans-son-atelier\/\" \/>\n<meta property=\"og:locale\" content=\"fr_FR\" \/>\n<meta property=\"og:type\" content=\"article\" \/>\n<meta property=\"og:title\" content=\"Comment organiser son \u00e9tabli pour travailler confortablement dans son atelier - Mobilier Design Magazine\" \/>\n<meta property=\"og:description\" content=\"L&#8217;organisation d&#8217;un atelier professionnel ou de bricolage repose avant tout sur un am\u00e9nagement r\u00e9fl\u00e9chi de l&#8217;espace de travail principal : l&#8217;\u00e9tabli. Ce poste central d\u00e9termine l&#8217;efficacit\u00e9, le confort et la s\u00e9curit\u00e9 de toutes vos activit\u00e9s manuelles. Que vous soyez artisan, technicien ou bricoleur passionn\u00e9, une configuration optimale de votre \u00e9tabli transformera radicalement votre productivit\u00e9 et [&hellip;]\" \/>\n<meta property=\"og:url\" content=\"https:\/\/www.mobilier-design-occasion.fr\/magazine\/comment-organiser-son-etabli-pour-travailler-confortablement-dans-son-atelier\/\" \/>\n<meta property=\"og:site_name\" content=\"Mobilier Design Magazine\" \/>\n<meta property=\"article:publisher\" content=\"https:\/\/www.facebook.com\/mobilierdesignoccasion\" \/>\n<meta property=\"article:published_time\" content=\"2025-07-30T06:46:53+00:00\" \/>\n<meta property=\"article:modified_time\" content=\"2025-07-30T06:46:54+00:00\" \/>\n<meta property=\"og:image\" content=\"https:\/\/www.mobilier-design-occasion.fr\/magazine\/wp-content\/uploads\/2025\/07\/image-12.png\" \/>\n\t<meta property=\"og:image:width\" content=\"1076\" \/>\n\t<meta property=\"og:image:height\" content=\"660\" \/>\n\t<meta property=\"og:image:type\" content=\"image\/png\" \/>\n<meta name=\"author\" content=\"Vincent Vandegans\" \/>\n<meta name=\"twitter:card\" content=\"summary_large_image\" \/>\n<meta name=\"twitter:label1\" content=\"\u00c9crit par\" \/>\n\t<meta name=\"twitter:data1\" content=\"Vincent Vandegans\" \/>\n\t<meta name=\"twitter:label2\" content=\"Dur\u00e9e de lecture estim\u00e9e\" \/>\n\t<meta name=\"twitter:data2\" content=\"6 minutes\" \/>\n<script type=\"application\/ld+json\" class=\"yoast-schema-graph\">{\"@context\":\"https:\\\/\\\/schema.org\",\"@graph\":[{\"@type\":\"Article\",\"@id\":\"https:\\\/\\\/www.mobilier-design-occasion.fr\\\/magazine\\\/comment-organiser-son-etabli-pour-travailler-confortablement-dans-son-atelier\\\/#article\",\"isPartOf\":{\"@id\":\"https:\\\/\\\/www.mobilier-design-occasion.fr\\\/magazine\\\/comment-organiser-son-etabli-pour-travailler-confortablement-dans-son-atelier\\\/\"},\"author\":{\"name\":\"Vincent Vandegans\",\"@id\":\"https:\\\/\\\/www.mobilier-design-occasion.fr\\\/magazine\\\/#\\\/schema\\\/person\\\/af895bedc80bfb6b17730a672fddac9e\"},\"headline\":\"Comment organiser son \u00e9tabli pour travailler confortablement dans son atelier\",\"datePublished\":\"2025-07-30T06:46:53+00:00\",\"dateModified\":\"2025-07-30T06:46:54+00:00\",\"mainEntityOfPage\":{\"@id\":\"https:\\\/\\\/www.mobilier-design-occasion.fr\\\/magazine\\\/comment-organiser-son-etabli-pour-travailler-confortablement-dans-son-atelier\\\/\"},\"wordCount\":1058,\"commentCount\":0,\"publisher\":{\"@id\":\"https:\\\/\\\/www.mobilier-design-occasion.fr\\\/magazine\\\/#organization\"},\"image\":{\"@id\":\"https:\\\/\\\/www.mobilier-design-occasion.fr\\\/magazine\\\/comment-organiser-son-etabli-pour-travailler-confortablement-dans-son-atelier\\\/#primaryimage\"},\"thumbnailUrl\":\"https:\\\/\\\/www.mobilier-design-occasion.fr\\\/magazine\\\/wp-content\\\/uploads\\\/2025\\\/07\\\/image-12.png\",\"keywords\":[\"Vintage\"],\"articleSection\":[\"Ext\u00e9rieur\"],\"inLanguage\":\"fr-FR\",\"potentialAction\":[{\"@type\":\"CommentAction\",\"name\":\"Comment\",\"target\":[\"https:\\\/\\\/www.mobilier-design-occasion.fr\\\/magazine\\\/comment-organiser-son-etabli-pour-travailler-confortablement-dans-son-atelier\\\/#respond\"]}]},{\"@type\":\"WebPage\",\"@id\":\"https:\\\/\\\/www.mobilier-design-occasion.fr\\\/magazine\\\/comment-organiser-son-etabli-pour-travailler-confortablement-dans-son-atelier\\\/\",\"url\":\"https:\\\/\\\/www.mobilier-design-occasion.fr\\\/magazine\\\/comment-organiser-son-etabli-pour-travailler-confortablement-dans-son-atelier\\\/\",\"name\":\"Comment organiser son \u00e9tabli pour travailler confortablement dans son atelier - Mobilier Design Magazine\",\"isPartOf\":{\"@id\":\"https:\\\/\\\/www.mobilier-design-occasion.fr\\\/magazine\\\/#website\"},\"primaryImageOfPage\":{\"@id\":\"https:\\\/\\\/www.mobilier-design-occasion.fr\\\/magazine\\\/comment-organiser-son-etabli-pour-travailler-confortablement-dans-son-atelier\\\/#primaryimage\"},\"image\":{\"@id\":\"https:\\\/\\\/www.mobilier-design-occasion.fr\\\/magazine\\\/comment-organiser-son-etabli-pour-travailler-confortablement-dans-son-atelier\\\/#primaryimage\"},\"thumbnailUrl\":\"https:\\\/\\\/www.mobilier-design-occasion.fr\\\/magazine\\\/wp-content\\\/uploads\\\/2025\\\/07\\\/image-12.png\",\"datePublished\":\"2025-07-30T06:46:53+00:00\",\"dateModified\":\"2025-07-30T06:46:54+00:00\",\"breadcrumb\":{\"@id\":\"https:\\\/\\\/www.mobilier-design-occasion.fr\\\/magazine\\\/comment-organiser-son-etabli-pour-travailler-confortablement-dans-son-atelier\\\/#breadcrumb\"},\"inLanguage\":\"fr-FR\",\"potentialAction\":[{\"@type\":\"ReadAction\",\"target\":[\"https:\\\/\\\/www.mobilier-design-occasion.fr\\\/magazine\\\/comment-organiser-son-etabli-pour-travailler-confortablement-dans-son-atelier\\\/\"]}]},{\"@type\":\"ImageObject\",\"inLanguage\":\"fr-FR\",\"@id\":\"https:\\\/\\\/www.mobilier-design-occasion.fr\\\/magazine\\\/comment-organiser-son-etabli-pour-travailler-confortablement-dans-son-atelier\\\/#primaryimage\",\"url\":\"https:\\\/\\\/www.mobilier-design-occasion.fr\\\/magazine\\\/wp-content\\\/uploads\\\/2025\\\/07\\\/image-12.png\",\"contentUrl\":\"https:\\\/\\\/www.mobilier-design-occasion.fr\\\/magazine\\\/wp-content\\\/uploads\\\/2025\\\/07\\\/image-12.png\",\"width\":1076,\"height\":660},{\"@type\":\"BreadcrumbList\",\"@id\":\"https:\\\/\\\/www.mobilier-design-occasion.fr\\\/magazine\\\/comment-organiser-son-etabli-pour-travailler-confortablement-dans-son-atelier\\\/#breadcrumb\",\"itemListElement\":[{\"@type\":\"ListItem\",\"position\":1,\"name\":\"Accueil\",\"item\":\"https:\\\/\\\/www.mobilier-design-occasion.fr\\\/magazine\\\/\"},{\"@type\":\"ListItem\",\"position\":2,\"name\":\"Comment organiser son \u00e9tabli pour travailler confortablement dans son atelier\"}]},{\"@type\":\"WebSite\",\"@id\":\"https:\\\/\\\/www.mobilier-design-occasion.fr\\\/magazine\\\/#website\",\"url\":\"https:\\\/\\\/www.mobilier-design-occasion.fr\\\/magazine\\\/\",\"name\":\"Mobilier Design Magazine\",\"description\":\"\",\"publisher\":{\"@id\":\"https:\\\/\\\/www.mobilier-design-occasion.fr\\\/magazine\\\/#organization\"},\"potentialAction\":[{\"@type\":\"SearchAction\",\"target\":{\"@type\":\"EntryPoint\",\"urlTemplate\":\"https:\\\/\\\/www.mobilier-design-occasion.fr\\\/magazine\\\/?s={search_term_string}\"},\"query-input\":{\"@type\":\"PropertyValueSpecification\",\"valueRequired\":true,\"valueName\":\"search_term_string\"}}],\"inLanguage\":\"fr-FR\"},{\"@type\":\"Organization\",\"@id\":\"https:\\\/\\\/www.mobilier-design-occasion.fr\\\/magazine\\\/#organization\",\"name\":\"Mobilier Design Magazine\",\"url\":\"https:\\\/\\\/www.mobilier-design-occasion.fr\\\/magazine\\\/\",\"logo\":{\"@type\":\"ImageObject\",\"inLanguage\":\"fr-FR\",\"@id\":\"https:\\\/\\\/www.mobilier-design-occasion.fr\\\/magazine\\\/#\\\/schema\\\/logo\\\/image\\\/\",\"url\":\"https:\\\/\\\/www.mobilier-design-occasion.fr\\\/magazine\\\/wp-content\\\/uploads\\\/2024\\\/02\\\/android-chrome-192x192-1.png\",\"contentUrl\":\"https:\\\/\\\/www.mobilier-design-occasion.fr\\\/magazine\\\/wp-content\\\/uploads\\\/2024\\\/02\\\/android-chrome-192x192-1.png\",\"width\":192,\"height\":192,\"caption\":\"Mobilier Design Magazine\"},\"image\":{\"@id\":\"https:\\\/\\\/www.mobilier-design-occasion.fr\\\/magazine\\\/#\\\/schema\\\/logo\\\/image\\\/\"},\"sameAs\":[\"https:\\\/\\\/www.facebook.com\\\/mobilierdesignoccasion\"]},{\"@type\":\"Person\",\"@id\":\"https:\\\/\\\/www.mobilier-design-occasion.fr\\\/magazine\\\/#\\\/schema\\\/person\\\/af895bedc80bfb6b17730a672fddac9e\",\"name\":\"Vincent Vandegans\",\"image\":{\"@type\":\"ImageObject\",\"inLanguage\":\"fr-FR\",\"@id\":\"https:\\\/\\\/secure.gravatar.com\\\/avatar\\\/b984800dabdf722d5e3f03f637c8932dea77d81118467d17ad2953e3b273ec66?s=96&d=mm&r=g\",\"url\":\"https:\\\/\\\/secure.gravatar.com\\\/avatar\\\/b984800dabdf722d5e3f03f637c8932dea77d81118467d17ad2953e3b273ec66?s=96&d=mm&r=g\",\"contentUrl\":\"https:\\\/\\\/secure.gravatar.com\\\/avatar\\\/b984800dabdf722d5e3f03f637c8932dea77d81118467d17ad2953e3b273ec66?s=96&d=mm&r=g\",\"caption\":\"Vincent Vandegans\"},\"description\":\"Vincent est passionn\u00e9 par les produits d'occasion, il a ouvert le site MDO avec Cyrielle pour aider les gens \u00e0 trouver du mobilier d'occasion, vintage ou usag\u00e9. Depuis, ils ont \u00e9tendu leurs activit\u00e9s et conseillent tout le monde sur le mobilier d'int\u00e9rieur et d'ext\u00e9rieur au quotidien \u00e0 travers le magazine MDO.\",\"url\":\"https:\\\/\\\/www.mobilier-design-occasion.fr\\\/magazine\\\/author\\\/vincent\\\/\"}]}<\/script>\n<!-- \/ Yoast SEO plugin. -->","yoast_head_json":{"title":"Comment organiser son \u00e9tabli pour travailler confortablement dans son atelier - Mobilier Design Magazine","robots":{"index":"index","follow":"follow","max-snippet":"max-snippet:-1","max-image-preview":"max-image-preview:large","max-video-preview":"max-video-preview:-1"},"canonical":"https:\/\/www.mobilier-design-occasion.fr\/magazine\/comment-organiser-son-etabli-pour-travailler-confortablement-dans-son-atelier\/","og_locale":"fr_FR","og_type":"article","og_title":"Comment organiser son \u00e9tabli pour travailler confortablement dans son atelier - Mobilier Design Magazine","og_description":"L&#8217;organisation d&#8217;un atelier professionnel ou de bricolage repose avant tout sur un am\u00e9nagement r\u00e9fl\u00e9chi de l&#8217;espace de travail principal : l&#8217;\u00e9tabli. Ce poste central d\u00e9termine l&#8217;efficacit\u00e9, le confort et la s\u00e9curit\u00e9 de toutes vos activit\u00e9s manuelles. Que vous soyez artisan, technicien ou bricoleur passionn\u00e9, une configuration optimale de votre \u00e9tabli transformera radicalement votre productivit\u00e9 et [&hellip;]","og_url":"https:\/\/www.mobilier-design-occasion.fr\/magazine\/comment-organiser-son-etabli-pour-travailler-confortablement-dans-son-atelier\/","og_site_name":"Mobilier Design Magazine","article_publisher":"https:\/\/www.facebook.com\/mobilierdesignoccasion","article_published_time":"2025-07-30T06:46:53+00:00","article_modified_time":"2025-07-30T06:46:54+00:00","og_image":[{"width":1076,"height":660,"url":"https:\/\/www.mobilier-design-occasion.fr\/magazine\/wp-content\/uploads\/2025\/07\/image-12.png","type":"image\/png"}],"author":"Vincent Vandegans","twitter_card":"summary_large_image","twitter_misc":{"\u00c9crit par":"Vincent Vandegans","Dur\u00e9e de lecture estim\u00e9e":"6 minutes"},"schema":{"@context":"https:\/\/schema.org","@graph":[{"@type":"Article","@id":"https:\/\/www.mobilier-design-occasion.fr\/magazine\/comment-organiser-son-etabli-pour-travailler-confortablement-dans-son-atelier\/#article","isPartOf":{"@id":"https:\/\/www.mobilier-design-occasion.fr\/magazine\/comment-organiser-son-etabli-pour-travailler-confortablement-dans-son-atelier\/"},"author":{"name":"Vincent Vandegans","@id":"https:\/\/www.mobilier-design-occasion.fr\/magazine\/#\/schema\/person\/af895bedc80bfb6b17730a672fddac9e"},"headline":"Comment organiser son \u00e9tabli pour travailler confortablement dans son atelier","datePublished":"2025-07-30T06:46:53+00:00","dateModified":"2025-07-30T06:46:54+00:00","mainEntityOfPage":{"@id":"https:\/\/www.mobilier-design-occasion.fr\/magazine\/comment-organiser-son-etabli-pour-travailler-confortablement-dans-son-atelier\/"},"wordCount":1058,"commentCount":0,"publisher":{"@id":"https:\/\/www.mobilier-design-occasion.fr\/magazine\/#organization"},"image":{"@id":"https:\/\/www.mobilier-design-occasion.fr\/magazine\/comment-organiser-son-etabli-pour-travailler-confortablement-dans-son-atelier\/#primaryimage"},"thumbnailUrl":"https:\/\/www.mobilier-design-occasion.fr\/magazine\/wp-content\/uploads\/2025\/07\/image-12.png","keywords":["Vintage"],"articleSection":["Ext\u00e9rieur"],"inLanguage":"fr-FR","potentialAction":[{"@type":"CommentAction","name":"Comment","target":["https:\/\/www.mobilier-design-occasion.fr\/magazine\/comment-organiser-son-etabli-pour-travailler-confortablement-dans-son-atelier\/#respond"]}]},{"@type":"WebPage","@id":"https:\/\/www.mobilier-design-occasion.fr\/magazine\/comment-organiser-son-etabli-pour-travailler-confortablement-dans-son-atelier\/","url":"https:\/\/www.mobilier-design-occasion.fr\/magazine\/comment-organiser-son-etabli-pour-travailler-confortablement-dans-son-atelier\/","name":"Comment organiser son \u00e9tabli pour travailler confortablement dans son atelier - Mobilier Design Magazine","isPartOf":{"@id":"https:\/\/www.mobilier-design-occasion.fr\/magazine\/#website"},"primaryImageOfPage":{"@id":"https:\/\/www.mobilier-design-occasion.fr\/magazine\/comment-organiser-son-etabli-pour-travailler-confortablement-dans-son-atelier\/#primaryimage"},"image":{"@id":"https:\/\/www.mobilier-design-occasion.fr\/magazine\/comment-organiser-son-etabli-pour-travailler-confortablement-dans-son-atelier\/#primaryimage"},"thumbnailUrl":"https:\/\/www.mobilier-design-occasion.fr\/magazine\/wp-content\/uploads\/2025\/07\/image-12.png","datePublished":"2025-07-30T06:46:53+00:00","dateModified":"2025-07-30T06:46:54+00:00","breadcrumb":{"@id":"https:\/\/www.mobilier-design-occasion.fr\/magazine\/comment-organiser-son-etabli-pour-travailler-confortablement-dans-son-atelier\/#breadcrumb"},"inLanguage":"fr-FR","potentialAction":[{"@type":"ReadAction","target":["https:\/\/www.mobilier-design-occasion.fr\/magazine\/comment-organiser-son-etabli-pour-travailler-confortablement-dans-son-atelier\/"]}]},{"@type":"ImageObject","inLanguage":"fr-FR","@id":"https:\/\/www.mobilier-design-occasion.fr\/magazine\/comment-organiser-son-etabli-pour-travailler-confortablement-dans-son-atelier\/#primaryimage","url":"https:\/\/www.mobilier-design-occasion.fr\/magazine\/wp-content\/uploads\/2025\/07\/image-12.png","contentUrl":"https:\/\/www.mobilier-design-occasion.fr\/magazine\/wp-content\/uploads\/2025\/07\/image-12.png","width":1076,"height":660},{"@type":"BreadcrumbList","@id":"https:\/\/www.mobilier-design-occasion.fr\/magazine\/comment-organiser-son-etabli-pour-travailler-confortablement-dans-son-atelier\/#breadcrumb","itemListElement":[{"@type":"ListItem","position":1,"name":"Accueil","item":"https:\/\/www.mobilier-design-occasion.fr\/magazine\/"},{"@type":"ListItem","position":2,"name":"Comment organiser son \u00e9tabli pour travailler confortablement dans son atelier"}]},{"@type":"WebSite","@id":"https:\/\/www.mobilier-design-occasion.fr\/magazine\/#website","url":"https:\/\/www.mobilier-design-occasion.fr\/magazine\/","name":"Mobilier Design Magazine","description":"","publisher":{"@id":"https:\/\/www.mobilier-design-occasion.fr\/magazine\/#organization"},"potentialAction":[{"@type":"SearchAction","target":{"@type":"EntryPoint","urlTemplate":"https:\/\/www.mobilier-design-occasion.fr\/magazine\/?s={search_term_string}"},"query-input":{"@type":"PropertyValueSpecification","valueRequired":true,"valueName":"search_term_string"}}],"inLanguage":"fr-FR"},{"@type":"Organization","@id":"https:\/\/www.mobilier-design-occasion.fr\/magazine\/#organization","name":"Mobilier Design Magazine","url":"https:\/\/www.mobilier-design-occasion.fr\/magazine\/","logo":{"@type":"ImageObject","inLanguage":"fr-FR","@id":"https:\/\/www.mobilier-design-occasion.fr\/magazine\/#\/schema\/logo\/image\/","url":"https:\/\/www.mobilier-design-occasion.fr\/magazine\/wp-content\/uploads\/2024\/02\/android-chrome-192x192-1.png","contentUrl":"https:\/\/www.mobilier-design-occasion.fr\/magazine\/wp-content\/uploads\/2024\/02\/android-chrome-192x192-1.png","width":192,"height":192,"caption":"Mobilier Design Magazine"},"image":{"@id":"https:\/\/www.mobilier-design-occasion.fr\/magazine\/#\/schema\/logo\/image\/"},"sameAs":["https:\/\/www.facebook.com\/mobilierdesignoccasion"]},{"@type":"Person","@id":"https:\/\/www.mobilier-design-occasion.fr\/magazine\/#\/schema\/person\/af895bedc80bfb6b17730a672fddac9e","name":"Vincent Vandegans","image":{"@type":"ImageObject","inLanguage":"fr-FR","@id":"https:\/\/secure.gravatar.com\/avatar\/b984800dabdf722d5e3f03f637c8932dea77d81118467d17ad2953e3b273ec66?s=96&d=mm&r=g","url":"https:\/\/secure.gravatar.com\/avatar\/b984800dabdf722d5e3f03f637c8932dea77d81118467d17ad2953e3b273ec66?s=96&d=mm&r=g","contentUrl":"https:\/\/secure.gravatar.com\/avatar\/b984800dabdf722d5e3f03f637c8932dea77d81118467d17ad2953e3b273ec66?s=96&d=mm&r=g","caption":"Vincent Vandegans"},"description":"Vincent est passionn\u00e9 par les produits d'occasion, il a ouvert le site MDO avec Cyrielle pour aider les gens \u00e0 trouver du mobilier d'occasion, vintage ou usag\u00e9. Depuis, ils ont \u00e9tendu leurs activit\u00e9s et conseillent tout le monde sur le mobilier d'int\u00e9rieur et d'ext\u00e9rieur au quotidien \u00e0 travers le magazine MDO.","url":"https:\/\/www.mobilier-design-occasion.fr\/magazine\/author\/vincent\/"}]}},"_links":{"self":[{"href":"https:\/\/www.mobilier-design-occasion.fr\/magazine\/wp-json\/wp\/v2\/posts\/8372","targetHints":{"allow":["GET"]}}],"collection":[{"href":"https:\/\/www.mobilier-design-occasion.fr\/magazine\/wp-json\/wp\/v2\/posts"}],"about":[{"href":"https:\/\/www.mobilier-design-occasion.fr\/magazine\/wp-json\/wp\/v2\/types\/post"}],"author":[{"embeddable":true,"href":"https:\/\/www.mobilier-design-occasion.fr\/magazine\/wp-json\/wp\/v2\/users\/2"}],"replies":[{"embeddable":true,"href":"https:\/\/www.mobilier-design-occasion.fr\/magazine\/wp-json\/wp\/v2\/comments?post=8372"}],"version-history":[{"count":1,"href":"https:\/\/www.mobilier-design-occasion.fr\/magazine\/wp-json\/wp\/v2\/posts\/8372\/revisions"}],"predecessor-version":[{"id":8376,"href":"https:\/\/www.mobilier-design-occasion.fr\/magazine\/wp-json\/wp\/v2\/posts\/8372\/revisions\/8376"}],"wp:featuredmedia":[{"embeddable":true,"href":"https:\/\/www.mobilier-design-occasion.fr\/magazine\/wp-json\/wp\/v2\/media\/8375"}],"wp:attachment":[{"href":"https:\/\/www.mobilier-design-occasion.fr\/magazine\/wp-json\/wp\/v2\/media?parent=8372"}],"wp:term":[{"taxonomy":"category","embeddable":true,"href":"https:\/\/www.mobilier-design-occasion.fr\/magazine\/wp-json\/wp\/v2\/categories?post=8372"},{"taxonomy":"post_tag","embeddable":true,"href":"https:\/\/www.mobilier-design-occasion.fr\/magazine\/wp-json\/wp\/v2\/tags?post=8372"}],"curies":[{"name":"wp","href":"https:\/\/api.w.org\/{rel}","templated":true}]}}