{"id":8359,"date":"2025-07-22T12:39:46","date_gmt":"2025-07-22T12:39:46","guid":{"rendered":"https:\/\/www.mobilier-design-occasion.fr\/magazine\/?p=8359"},"modified":"2025-07-22T12:39:46","modified_gmt":"2025-07-22T12:39:46","slug":"comment-le-mobilier-peut-impacter-la-productivite-des-collaborateurs-au-bureau","status":"publish","type":"post","link":"https:\/\/www.mobilier-design-occasion.fr\/magazine\/comment-le-mobilier-peut-impacter-la-productivite-des-collaborateurs-au-bureau\/","title":{"rendered":"Comment le mobilier peut impacter la productivit\u00e9 des collaborateurs au bureau ?"},"content":{"rendered":"\n<p><strong>L\u2019environnement de travail<\/strong> joue un r\u00f4le majeur dans la<strong> performance des salari\u00e9s.<\/strong> Le choix du mobilier ne se limite pas \u00e0 l\u2019esth\u00e9tique\u202f: il refl\u00e8te aussi l\u2019attention port\u00e9e \u00e0 la qualit\u00e9 de vie au sein de l\u2019entreprise. Aujourd\u2019hui, une r\u00e9flexion approfondie sur l\u2019am\u00e9nagement de l\u2019espace de travail permet d\u2019accompagner efficacement les collaborateurs vers plus de bien-\u00eatre et une meilleure productivit\u00e9 au travail. Un environnement fonctionnel et agr\u00e9able devient un v\u00e9ritable levier de fid\u00e9lisation, en valorisant les \u00e9quipes et en soutenant leur implication dans la dur\u00e9e.<\/p>\n\n\n\n<h2 class=\"wp-block-heading\"><span class=\"ez-toc-section\" id=\"Pourquoi_le_mobilier_ergonomique_fait_la_difference\"><\/span>Pourquoi le mobilier ergonomique fait la diff\u00e9rence ?<span class=\"ez-toc-section-end\"><\/span><\/h2><div id=\"ez-toc-container\" class=\"ez-toc-v2_0_82_2 counter-hierarchy ez-toc-counter ez-toc-grey ez-toc-container-direction\">\n<div class=\"ez-toc-title-container\">\n<span class=\"ez-toc-title-toggle\"><a href=\"#\" class=\"ez-toc-pull-right ez-toc-btn ez-toc-btn-xs ez-toc-btn-default ez-toc-toggle\" aria-label=\"Toggle Table of Content\"><span class=\"ez-toc-js-icon-con\"><span class=\"\"><span class=\"eztoc-hide\" style=\"display:none;\">Toggle<\/span><span class=\"ez-toc-icon-toggle-span\"><svg style=\"fill: #999;color:#999\" xmlns=\"http:\/\/www.w3.org\/2000\/svg\" class=\"list-377408\" width=\"20px\" height=\"20px\" viewBox=\"0 0 24 24\" fill=\"none\"><path d=\"M6 6H4v2h2V6zm14 0H8v2h12V6zM4 11h2v2H4v-2zm16 0H8v2h12v-2zM4 16h2v2H4v-2zm16 0H8v2h12v-2z\" fill=\"currentColor\"><\/path><\/svg><svg style=\"fill: #999;color:#999\" class=\"arrow-unsorted-368013\" xmlns=\"http:\/\/www.w3.org\/2000\/svg\" width=\"10px\" height=\"10px\" viewBox=\"0 0 24 24\" version=\"1.2\" baseProfile=\"tiny\"><path d=\"M18.2 9.3l-6.2-6.3-6.2 6.3c-.2.2-.3.4-.3.7s.1.5.3.7c.2.2.4.3.7.3h11c.3 0 .5-.1.7-.3.2-.2.3-.5.3-.7s-.1-.5-.3-.7zM5.8 14.7l6.2 6.3 6.2-6.3c.2-.2.3-.5.3-.7s-.1-.5-.3-.7c-.2-.2-.4-.3-.7-.3h-11c-.3 0-.5.1-.7.3-.2.2-.3.5-.3.7s.1.5.3.7z\"\/><\/svg><\/span><\/span><\/span><\/a><\/span><\/div>\n<nav><ul class='ez-toc-list ez-toc-list-level-1 eztoc-toggle-hide-by-default' ><li class='ez-toc-page-1 ez-toc-heading-level-2'><a class=\"ez-toc-link ez-toc-heading-1\" href=\"https:\/\/www.mobilier-design-occasion.fr\/magazine\/comment-le-mobilier-peut-impacter-la-productivite-des-collaborateurs-au-bureau\/#Pourquoi_le_mobilier_ergonomique_fait_la_difference\" >Pourquoi le mobilier ergonomique fait la diff\u00e9rence ?<\/a><\/li><li class='ez-toc-page-1 ez-toc-heading-level-2'><a class=\"ez-toc-link ez-toc-heading-2\" href=\"https:\/\/www.mobilier-design-occasion.fr\/magazine\/comment-le-mobilier-peut-impacter-la-productivite-des-collaborateurs-au-bureau\/#Quels_liens_entre_design_organisation_et_creativite\" >Quels liens entre design, organisation et cr\u00e9ativit\u00e9 ?<\/a><\/li><li class='ez-toc-page-1 ez-toc-heading-level-2'><a class=\"ez-toc-link ez-toc-heading-3\" href=\"https:\/\/www.mobilier-design-occasion.fr\/magazine\/comment-le-mobilier-peut-impacter-la-productivite-des-collaborateurs-au-bureau\/#Le_bien-etre_des_collaborateurs_cle_de_la_productivite_au_travail\" >Le bien-\u00eatre des collaborateurs, cl\u00e9 de la productivit\u00e9 au travail<\/a><\/li><\/ul><\/nav><\/div>\n\n\n\n\n<p>Opter pour un <strong>mobilier ergonomique<\/strong> transforme rapidement la routine quotidienne des \u00e9quipes. Des si\u00e8ges ajustables, des bureaux adapt\u00e9s \u00e0 la posture ou encore des supports pour ordinateurs contribuent directement \u00e0 la sant\u00e9 des employ\u00e9s. Lorsque les douleurs musculaires diminuent, les journ\u00e9es paraissent moins longues, favorisant ainsi un engagement durable au sein de l\u2019entreprise.<\/p>\n\n\n\n<p>Les solutions ergonomiques offrent \u00e9galement une <strong>flexibilit\u00e9<\/strong> qui stimule la motivation des salari\u00e9s. Travailler dans un espace confortable encourage \u00e0 s\u2019investir davantage dans ses missions. Un poste bien am\u00e9nag\u00e9 rend chaque t\u00e2che plus agr\u00e9able, t\u00e9moignant d\u2019une attention particuli\u00e8re port\u00e9e \u00e0 chaque employ\u00e9, notamment par le choix de <a href=\"https:\/\/www.ugap.fr\/mobilier-4\/mobilier-de-bureau-10\">meubles de bureau<\/a> bien con\u00e7us et adapt\u00e9s aux besoins. C\u2019est aussi un moyen concret de lutter contre l\u2019absent\u00e9isme li\u00e9 aux troubles musculo-squelettiques, un enjeu majeur pour les entreprises.<\/p>\n\n\n\n<h2 class=\"wp-block-heading\"><span class=\"ez-toc-section\" id=\"Quels_liens_entre_design_organisation_et_creativite\"><\/span>Quels liens entre design, organisation et cr\u00e9ativit\u00e9 ?<span class=\"ez-toc-section-end\"><\/span><\/h2>\n\n\n\n<p>Le design et l\u2019esth\u00e9tique du mobilier influencent subtilement l\u2019ambiance de travail. Un environnement valorisant l\u2019innovation, aux lignes modernes et couleurs stimulantes, peut encourager la <strong>cr\u00e9ativit\u00e9<\/strong> et l\u2019ouverture d\u2019esprit. Les espaces harmonieux participent \u00e0 cr\u00e9er un climat propice \u00e0 l\u2019\u00e9change d\u2019id\u00e9es et \u00e0 l\u2019exp\u00e9rimentation, ce qui se traduit souvent par une productivit\u00e9 accrue.<\/p>\n\n\n\n<p>Accorder une attention particuli\u00e8re au style choisi pour le bureau peut \u00e9veiller un sentiment d\u2019appartenance \u00e0 l\u2019entreprise. Un espace soign\u00e9 d\u00e9bouche fr\u00e9quemment sur une relation plus positive avec l\u2019organisation. Cette dynamique participe naturellement au d\u00e9veloppement de la <strong>motivation<\/strong> des salari\u00e9s.<\/p>\n\n\n\n<p>L\u2019<strong>organisation<\/strong> et le <strong>rangement<\/strong> sont deux aspects \u00e9troitement li\u00e9s \u00e0 l\u2019efficacit\u00e9 professionnelle. Un mobilier bien pens\u00e9 multiplie les solutions de tri et de stockage, limitant la perte de temps et les distractions caus\u00e9es par le d\u00e9sordre. Lorsqu\u2019un collaborateur \u00e9volue dans un cadre ordonn\u00e9, il trouve facilement ses outils, ce qui <strong>booste son efficacit\u00e9<\/strong> sur le long terme.<\/p>\n\n\n\n<p>Investir dans des meubles astucieux renforce la structure globale du lieu de travail. En favorisant la <strong>clart\u00e9 visuelle<\/strong>, la circulation et la d\u00e9limitation des espaces, on fluidifie la communication entre coll\u00e8gues, tout en offrant un sentiment d\u2019\u00e9quilibre essentiel au <strong>confort au bureau<\/strong>.<\/p>\n\n\n\n<h2 class=\"wp-block-heading\"><span class=\"ez-toc-section\" id=\"Le_bien-etre_des_collaborateurs_cle_de_la_productivite_au_travail\"><\/span>Le bien-\u00eatre des collaborateurs, cl\u00e9 de la productivit\u00e9 au travail<span class=\"ez-toc-section-end\"><\/span><\/h2>\n\n\n\n<p>Un mobilier adapt\u00e9 influe durablement sur le <strong>moral et la vitalit\u00e9 des \u00e9quipes<\/strong>. Lorsque l\u2019on se sent accueilli par un espace chaleureux et \u00e9quip\u00e9, il devient naturel d\u2019\u00eatre plus concentr\u00e9 tout au long de la journ\u00e9e. La sant\u00e9 des employ\u00e9s b\u00e9n\u00e9ficie alors d\u2019une am\u00e9lioration notable, traduisant l\u2019impact du<strong> confort au bureau <\/strong>dans les chiffres de la<strong> productivit\u00e9 au travail<\/strong>.<\/p>\n\n\n\n<p>Il reste judicieux de voir le choix des meubles comme un <strong>investissement global dans le bien-\u00eatre des collaborateurs<\/strong>. Cet effort se r\u00e9percute positivement sur la motivation des salari\u00e9s, leur implication au quotidien et m\u00eame la marque employeur. En r\u00e9sum\u00e9, soigner l\u2019environnement de travail, c\u2019est aussi valoriser le capital humain, au c\u0153ur de la performance durable de l\u2019entreprise.<\/p>\n","protected":false},"excerpt":{"rendered":"<p>L\u2019environnement de travail joue un r\u00f4le majeur dans la performance des salari\u00e9s. Le choix du mobilier ne se limite pas \u00e0 l\u2019esth\u00e9tique\u202f: il refl\u00e8te aussi l\u2019attention port\u00e9e \u00e0 la qualit\u00e9 de vie au sein de l\u2019entreprise. Aujourd\u2019hui, une r\u00e9flexion approfondie sur l\u2019am\u00e9nagement de l\u2019espace de travail permet d\u2019accompagner efficacement les collaborateurs vers plus de bien-\u00eatre [&hellip;]<\/p>\n","protected":false},"author":2,"featured_media":8360,"comment_status":"open","ping_status":"open","sticky":false,"template":"","format":"standard","meta":{"footnotes":""},"categories":[128],"tags":[],"class_list":["post-8359","post","type-post","status-publish","format-standard","has-post-thumbnail","hentry","category-bureau"],"yoast_head":"<!-- This site is optimized with the Yoast SEO plugin v27.5 - https:\/\/yoast.com\/product\/yoast-seo-wordpress\/ -->\n<title>Comment le mobilier peut impacter la productivit\u00e9 des collaborateurs au bureau ? - Mobilier Design Magazine<\/title>\n<meta name=\"robots\" content=\"index, follow, max-snippet:-1, max-image-preview:large, max-video-preview:-1\" \/>\n<link rel=\"canonical\" href=\"https:\/\/www.mobilier-design-occasion.fr\/magazine\/comment-le-mobilier-peut-impacter-la-productivite-des-collaborateurs-au-bureau\/\" \/>\n<meta property=\"og:locale\" content=\"fr_FR\" \/>\n<meta property=\"og:type\" content=\"article\" \/>\n<meta property=\"og:title\" content=\"Comment le mobilier peut impacter la productivit\u00e9 des collaborateurs au bureau ? - Mobilier Design Magazine\" \/>\n<meta property=\"og:description\" content=\"L\u2019environnement de travail joue un r\u00f4le majeur dans la performance des salari\u00e9s. Le choix du mobilier ne se limite pas \u00e0 l\u2019esth\u00e9tique\u202f: il refl\u00e8te aussi l\u2019attention port\u00e9e \u00e0 la qualit\u00e9 de vie au sein de l\u2019entreprise. Aujourd\u2019hui, une r\u00e9flexion approfondie sur l\u2019am\u00e9nagement de l\u2019espace de travail permet d\u2019accompagner efficacement les collaborateurs vers plus de bien-\u00eatre [&hellip;]\" \/>\n<meta property=\"og:url\" content=\"https:\/\/www.mobilier-design-occasion.fr\/magazine\/comment-le-mobilier-peut-impacter-la-productivite-des-collaborateurs-au-bureau\/\" \/>\n<meta property=\"og:site_name\" content=\"Mobilier Design Magazine\" \/>\n<meta property=\"article:publisher\" content=\"https:\/\/www.facebook.com\/mobilierdesignoccasion\" \/>\n<meta property=\"article:published_time\" content=\"2025-07-22T12:39:46+00:00\" \/>\n<meta property=\"og:image\" content=\"https:\/\/www.mobilier-design-occasion.fr\/magazine\/wp-content\/uploads\/2025\/07\/6cda1a58fc26bea1ab6428cc88301ed3.jpg\" \/>\n\t<meta property=\"og:image:width\" content=\"1920\" \/>\n\t<meta property=\"og:image:height\" content=\"1080\" \/>\n\t<meta property=\"og:image:type\" content=\"image\/jpeg\" \/>\n<meta name=\"author\" content=\"Vincent Vandegans\" \/>\n<meta name=\"twitter:card\" content=\"summary_large_image\" \/>\n<meta name=\"twitter:label1\" content=\"\u00c9crit par\" \/>\n\t<meta name=\"twitter:data1\" content=\"Vincent Vandegans\" \/>\n\t<meta name=\"twitter:label2\" content=\"Dur\u00e9e de lecture estim\u00e9e\" \/>\n\t<meta name=\"twitter:data2\" content=\"3 minutes\" \/>\n<script type=\"application\/ld+json\" class=\"yoast-schema-graph\">{\"@context\":\"https:\\\/\\\/schema.org\",\"@graph\":[{\"@type\":\"Article\",\"@id\":\"https:\\\/\\\/www.mobilier-design-occasion.fr\\\/magazine\\\/comment-le-mobilier-peut-impacter-la-productivite-des-collaborateurs-au-bureau\\\/#article\",\"isPartOf\":{\"@id\":\"https:\\\/\\\/www.mobilier-design-occasion.fr\\\/magazine\\\/comment-le-mobilier-peut-impacter-la-productivite-des-collaborateurs-au-bureau\\\/\"},\"author\":{\"name\":\"Vincent Vandegans\",\"@id\":\"https:\\\/\\\/www.mobilier-design-occasion.fr\\\/magazine\\\/#\\\/schema\\\/person\\\/af895bedc80bfb6b17730a672fddac9e\"},\"headline\":\"Comment le mobilier peut impacter la productivit\u00e9 des collaborateurs au bureau ?\",\"datePublished\":\"2025-07-22T12:39:46+00:00\",\"mainEntityOfPage\":{\"@id\":\"https:\\\/\\\/www.mobilier-design-occasion.fr\\\/magazine\\\/comment-le-mobilier-peut-impacter-la-productivite-des-collaborateurs-au-bureau\\\/\"},\"wordCount\":633,\"commentCount\":0,\"publisher\":{\"@id\":\"https:\\\/\\\/www.mobilier-design-occasion.fr\\\/magazine\\\/#organization\"},\"image\":{\"@id\":\"https:\\\/\\\/www.mobilier-design-occasion.fr\\\/magazine\\\/comment-le-mobilier-peut-impacter-la-productivite-des-collaborateurs-au-bureau\\\/#primaryimage\"},\"thumbnailUrl\":\"https:\\\/\\\/www.mobilier-design-occasion.fr\\\/magazine\\\/wp-content\\\/uploads\\\/2025\\\/07\\\/6cda1a58fc26bea1ab6428cc88301ed3.jpg\",\"articleSection\":[\"Bureau\"],\"inLanguage\":\"fr-FR\",\"potentialAction\":[{\"@type\":\"CommentAction\",\"name\":\"Comment\",\"target\":[\"https:\\\/\\\/www.mobilier-design-occasion.fr\\\/magazine\\\/comment-le-mobilier-peut-impacter-la-productivite-des-collaborateurs-au-bureau\\\/#respond\"]}]},{\"@type\":\"WebPage\",\"@id\":\"https:\\\/\\\/www.mobilier-design-occasion.fr\\\/magazine\\\/comment-le-mobilier-peut-impacter-la-productivite-des-collaborateurs-au-bureau\\\/\",\"url\":\"https:\\\/\\\/www.mobilier-design-occasion.fr\\\/magazine\\\/comment-le-mobilier-peut-impacter-la-productivite-des-collaborateurs-au-bureau\\\/\",\"name\":\"Comment le mobilier peut impacter la productivit\u00e9 des collaborateurs au bureau ? - Mobilier Design Magazine\",\"isPartOf\":{\"@id\":\"https:\\\/\\\/www.mobilier-design-occasion.fr\\\/magazine\\\/#website\"},\"primaryImageOfPage\":{\"@id\":\"https:\\\/\\\/www.mobilier-design-occasion.fr\\\/magazine\\\/comment-le-mobilier-peut-impacter-la-productivite-des-collaborateurs-au-bureau\\\/#primaryimage\"},\"image\":{\"@id\":\"https:\\\/\\\/www.mobilier-design-occasion.fr\\\/magazine\\\/comment-le-mobilier-peut-impacter-la-productivite-des-collaborateurs-au-bureau\\\/#primaryimage\"},\"thumbnailUrl\":\"https:\\\/\\\/www.mobilier-design-occasion.fr\\\/magazine\\\/wp-content\\\/uploads\\\/2025\\\/07\\\/6cda1a58fc26bea1ab6428cc88301ed3.jpg\",\"datePublished\":\"2025-07-22T12:39:46+00:00\",\"breadcrumb\":{\"@id\":\"https:\\\/\\\/www.mobilier-design-occasion.fr\\\/magazine\\\/comment-le-mobilier-peut-impacter-la-productivite-des-collaborateurs-au-bureau\\\/#breadcrumb\"},\"inLanguage\":\"fr-FR\",\"potentialAction\":[{\"@type\":\"ReadAction\",\"target\":[\"https:\\\/\\\/www.mobilier-design-occasion.fr\\\/magazine\\\/comment-le-mobilier-peut-impacter-la-productivite-des-collaborateurs-au-bureau\\\/\"]}]},{\"@type\":\"ImageObject\",\"inLanguage\":\"fr-FR\",\"@id\":\"https:\\\/\\\/www.mobilier-design-occasion.fr\\\/magazine\\\/comment-le-mobilier-peut-impacter-la-productivite-des-collaborateurs-au-bureau\\\/#primaryimage\",\"url\":\"https:\\\/\\\/www.mobilier-design-occasion.fr\\\/magazine\\\/wp-content\\\/uploads\\\/2025\\\/07\\\/6cda1a58fc26bea1ab6428cc88301ed3.jpg\",\"contentUrl\":\"https:\\\/\\\/www.mobilier-design-occasion.fr\\\/magazine\\\/wp-content\\\/uploads\\\/2025\\\/07\\\/6cda1a58fc26bea1ab6428cc88301ed3.jpg\",\"width\":1920,\"height\":1080},{\"@type\":\"BreadcrumbList\",\"@id\":\"https:\\\/\\\/www.mobilier-design-occasion.fr\\\/magazine\\\/comment-le-mobilier-peut-impacter-la-productivite-des-collaborateurs-au-bureau\\\/#breadcrumb\",\"itemListElement\":[{\"@type\":\"ListItem\",\"position\":1,\"name\":\"Accueil\",\"item\":\"https:\\\/\\\/www.mobilier-design-occasion.fr\\\/magazine\\\/\"},{\"@type\":\"ListItem\",\"position\":2,\"name\":\"Comment le mobilier peut impacter la productivit\u00e9 des collaborateurs au bureau ?\"}]},{\"@type\":\"WebSite\",\"@id\":\"https:\\\/\\\/www.mobilier-design-occasion.fr\\\/magazine\\\/#website\",\"url\":\"https:\\\/\\\/www.mobilier-design-occasion.fr\\\/magazine\\\/\",\"name\":\"Mobilier Design Magazine\",\"description\":\"\",\"publisher\":{\"@id\":\"https:\\\/\\\/www.mobilier-design-occasion.fr\\\/magazine\\\/#organization\"},\"potentialAction\":[{\"@type\":\"SearchAction\",\"target\":{\"@type\":\"EntryPoint\",\"urlTemplate\":\"https:\\\/\\\/www.mobilier-design-occasion.fr\\\/magazine\\\/?s={search_term_string}\"},\"query-input\":{\"@type\":\"PropertyValueSpecification\",\"valueRequired\":true,\"valueName\":\"search_term_string\"}}],\"inLanguage\":\"fr-FR\"},{\"@type\":\"Organization\",\"@id\":\"https:\\\/\\\/www.mobilier-design-occasion.fr\\\/magazine\\\/#organization\",\"name\":\"Mobilier Design Magazine\",\"url\":\"https:\\\/\\\/www.mobilier-design-occasion.fr\\\/magazine\\\/\",\"logo\":{\"@type\":\"ImageObject\",\"inLanguage\":\"fr-FR\",\"@id\":\"https:\\\/\\\/www.mobilier-design-occasion.fr\\\/magazine\\\/#\\\/schema\\\/logo\\\/image\\\/\",\"url\":\"https:\\\/\\\/www.mobilier-design-occasion.fr\\\/magazine\\\/wp-content\\\/uploads\\\/2024\\\/02\\\/android-chrome-192x192-1.png\",\"contentUrl\":\"https:\\\/\\\/www.mobilier-design-occasion.fr\\\/magazine\\\/wp-content\\\/uploads\\\/2024\\\/02\\\/android-chrome-192x192-1.png\",\"width\":192,\"height\":192,\"caption\":\"Mobilier Design Magazine\"},\"image\":{\"@id\":\"https:\\\/\\\/www.mobilier-design-occasion.fr\\\/magazine\\\/#\\\/schema\\\/logo\\\/image\\\/\"},\"sameAs\":[\"https:\\\/\\\/www.facebook.com\\\/mobilierdesignoccasion\"]},{\"@type\":\"Person\",\"@id\":\"https:\\\/\\\/www.mobilier-design-occasion.fr\\\/magazine\\\/#\\\/schema\\\/person\\\/af895bedc80bfb6b17730a672fddac9e\",\"name\":\"Vincent Vandegans\",\"image\":{\"@type\":\"ImageObject\",\"inLanguage\":\"fr-FR\",\"@id\":\"https:\\\/\\\/secure.gravatar.com\\\/avatar\\\/b984800dabdf722d5e3f03f637c8932dea77d81118467d17ad2953e3b273ec66?s=96&d=mm&r=g\",\"url\":\"https:\\\/\\\/secure.gravatar.com\\\/avatar\\\/b984800dabdf722d5e3f03f637c8932dea77d81118467d17ad2953e3b273ec66?s=96&d=mm&r=g\",\"contentUrl\":\"https:\\\/\\\/secure.gravatar.com\\\/avatar\\\/b984800dabdf722d5e3f03f637c8932dea77d81118467d17ad2953e3b273ec66?s=96&d=mm&r=g\",\"caption\":\"Vincent Vandegans\"},\"description\":\"Vincent est passionn\u00e9 par les produits d'occasion, il a ouvert le site MDO avec Cyrielle pour aider les gens \u00e0 trouver du mobilier d'occasion, vintage ou usag\u00e9. Depuis, ils ont \u00e9tendu leurs activit\u00e9s et conseillent tout le monde sur le mobilier d'int\u00e9rieur et d'ext\u00e9rieur au quotidien \u00e0 travers le magazine MDO.\",\"url\":\"https:\\\/\\\/www.mobilier-design-occasion.fr\\\/magazine\\\/author\\\/vincent\\\/\"}]}<\/script>\n<!-- \/ Yoast SEO plugin. -->","yoast_head_json":{"title":"Comment le mobilier peut impacter la productivit\u00e9 des collaborateurs au bureau ? - Mobilier Design Magazine","robots":{"index":"index","follow":"follow","max-snippet":"max-snippet:-1","max-image-preview":"max-image-preview:large","max-video-preview":"max-video-preview:-1"},"canonical":"https:\/\/www.mobilier-design-occasion.fr\/magazine\/comment-le-mobilier-peut-impacter-la-productivite-des-collaborateurs-au-bureau\/","og_locale":"fr_FR","og_type":"article","og_title":"Comment le mobilier peut impacter la productivit\u00e9 des collaborateurs au bureau ? - Mobilier Design Magazine","og_description":"L\u2019environnement de travail joue un r\u00f4le majeur dans la performance des salari\u00e9s. Le choix du mobilier ne se limite pas \u00e0 l\u2019esth\u00e9tique\u202f: il refl\u00e8te aussi l\u2019attention port\u00e9e \u00e0 la qualit\u00e9 de vie au sein de l\u2019entreprise. Aujourd\u2019hui, une r\u00e9flexion approfondie sur l\u2019am\u00e9nagement de l\u2019espace de travail permet d\u2019accompagner efficacement les collaborateurs vers plus de bien-\u00eatre [&hellip;]","og_url":"https:\/\/www.mobilier-design-occasion.fr\/magazine\/comment-le-mobilier-peut-impacter-la-productivite-des-collaborateurs-au-bureau\/","og_site_name":"Mobilier Design Magazine","article_publisher":"https:\/\/www.facebook.com\/mobilierdesignoccasion","article_published_time":"2025-07-22T12:39:46+00:00","og_image":[{"width":1920,"height":1080,"url":"https:\/\/www.mobilier-design-occasion.fr\/magazine\/wp-content\/uploads\/2025\/07\/6cda1a58fc26bea1ab6428cc88301ed3.jpg","type":"image\/jpeg"}],"author":"Vincent Vandegans","twitter_card":"summary_large_image","twitter_misc":{"\u00c9crit par":"Vincent Vandegans","Dur\u00e9e de lecture estim\u00e9e":"3 minutes"},"schema":{"@context":"https:\/\/schema.org","@graph":[{"@type":"Article","@id":"https:\/\/www.mobilier-design-occasion.fr\/magazine\/comment-le-mobilier-peut-impacter-la-productivite-des-collaborateurs-au-bureau\/#article","isPartOf":{"@id":"https:\/\/www.mobilier-design-occasion.fr\/magazine\/comment-le-mobilier-peut-impacter-la-productivite-des-collaborateurs-au-bureau\/"},"author":{"name":"Vincent Vandegans","@id":"https:\/\/www.mobilier-design-occasion.fr\/magazine\/#\/schema\/person\/af895bedc80bfb6b17730a672fddac9e"},"headline":"Comment le mobilier peut impacter la productivit\u00e9 des collaborateurs au bureau ?","datePublished":"2025-07-22T12:39:46+00:00","mainEntityOfPage":{"@id":"https:\/\/www.mobilier-design-occasion.fr\/magazine\/comment-le-mobilier-peut-impacter-la-productivite-des-collaborateurs-au-bureau\/"},"wordCount":633,"commentCount":0,"publisher":{"@id":"https:\/\/www.mobilier-design-occasion.fr\/magazine\/#organization"},"image":{"@id":"https:\/\/www.mobilier-design-occasion.fr\/magazine\/comment-le-mobilier-peut-impacter-la-productivite-des-collaborateurs-au-bureau\/#primaryimage"},"thumbnailUrl":"https:\/\/www.mobilier-design-occasion.fr\/magazine\/wp-content\/uploads\/2025\/07\/6cda1a58fc26bea1ab6428cc88301ed3.jpg","articleSection":["Bureau"],"inLanguage":"fr-FR","potentialAction":[{"@type":"CommentAction","name":"Comment","target":["https:\/\/www.mobilier-design-occasion.fr\/magazine\/comment-le-mobilier-peut-impacter-la-productivite-des-collaborateurs-au-bureau\/#respond"]}]},{"@type":"WebPage","@id":"https:\/\/www.mobilier-design-occasion.fr\/magazine\/comment-le-mobilier-peut-impacter-la-productivite-des-collaborateurs-au-bureau\/","url":"https:\/\/www.mobilier-design-occasion.fr\/magazine\/comment-le-mobilier-peut-impacter-la-productivite-des-collaborateurs-au-bureau\/","name":"Comment le mobilier peut impacter la productivit\u00e9 des collaborateurs au bureau ? - Mobilier Design Magazine","isPartOf":{"@id":"https:\/\/www.mobilier-design-occasion.fr\/magazine\/#website"},"primaryImageOfPage":{"@id":"https:\/\/www.mobilier-design-occasion.fr\/magazine\/comment-le-mobilier-peut-impacter-la-productivite-des-collaborateurs-au-bureau\/#primaryimage"},"image":{"@id":"https:\/\/www.mobilier-design-occasion.fr\/magazine\/comment-le-mobilier-peut-impacter-la-productivite-des-collaborateurs-au-bureau\/#primaryimage"},"thumbnailUrl":"https:\/\/www.mobilier-design-occasion.fr\/magazine\/wp-content\/uploads\/2025\/07\/6cda1a58fc26bea1ab6428cc88301ed3.jpg","datePublished":"2025-07-22T12:39:46+00:00","breadcrumb":{"@id":"https:\/\/www.mobilier-design-occasion.fr\/magazine\/comment-le-mobilier-peut-impacter-la-productivite-des-collaborateurs-au-bureau\/#breadcrumb"},"inLanguage":"fr-FR","potentialAction":[{"@type":"ReadAction","target":["https:\/\/www.mobilier-design-occasion.fr\/magazine\/comment-le-mobilier-peut-impacter-la-productivite-des-collaborateurs-au-bureau\/"]}]},{"@type":"ImageObject","inLanguage":"fr-FR","@id":"https:\/\/www.mobilier-design-occasion.fr\/magazine\/comment-le-mobilier-peut-impacter-la-productivite-des-collaborateurs-au-bureau\/#primaryimage","url":"https:\/\/www.mobilier-design-occasion.fr\/magazine\/wp-content\/uploads\/2025\/07\/6cda1a58fc26bea1ab6428cc88301ed3.jpg","contentUrl":"https:\/\/www.mobilier-design-occasion.fr\/magazine\/wp-content\/uploads\/2025\/07\/6cda1a58fc26bea1ab6428cc88301ed3.jpg","width":1920,"height":1080},{"@type":"BreadcrumbList","@id":"https:\/\/www.mobilier-design-occasion.fr\/magazine\/comment-le-mobilier-peut-impacter-la-productivite-des-collaborateurs-au-bureau\/#breadcrumb","itemListElement":[{"@type":"ListItem","position":1,"name":"Accueil","item":"https:\/\/www.mobilier-design-occasion.fr\/magazine\/"},{"@type":"ListItem","position":2,"name":"Comment le mobilier peut impacter la productivit\u00e9 des collaborateurs au bureau ?"}]},{"@type":"WebSite","@id":"https:\/\/www.mobilier-design-occasion.fr\/magazine\/#website","url":"https:\/\/www.mobilier-design-occasion.fr\/magazine\/","name":"Mobilier Design Magazine","description":"","publisher":{"@id":"https:\/\/www.mobilier-design-occasion.fr\/magazine\/#organization"},"potentialAction":[{"@type":"SearchAction","target":{"@type":"EntryPoint","urlTemplate":"https:\/\/www.mobilier-design-occasion.fr\/magazine\/?s={search_term_string}"},"query-input":{"@type":"PropertyValueSpecification","valueRequired":true,"valueName":"search_term_string"}}],"inLanguage":"fr-FR"},{"@type":"Organization","@id":"https:\/\/www.mobilier-design-occasion.fr\/magazine\/#organization","name":"Mobilier Design Magazine","url":"https:\/\/www.mobilier-design-occasion.fr\/magazine\/","logo":{"@type":"ImageObject","inLanguage":"fr-FR","@id":"https:\/\/www.mobilier-design-occasion.fr\/magazine\/#\/schema\/logo\/image\/","url":"https:\/\/www.mobilier-design-occasion.fr\/magazine\/wp-content\/uploads\/2024\/02\/android-chrome-192x192-1.png","contentUrl":"https:\/\/www.mobilier-design-occasion.fr\/magazine\/wp-content\/uploads\/2024\/02\/android-chrome-192x192-1.png","width":192,"height":192,"caption":"Mobilier Design Magazine"},"image":{"@id":"https:\/\/www.mobilier-design-occasion.fr\/magazine\/#\/schema\/logo\/image\/"},"sameAs":["https:\/\/www.facebook.com\/mobilierdesignoccasion"]},{"@type":"Person","@id":"https:\/\/www.mobilier-design-occasion.fr\/magazine\/#\/schema\/person\/af895bedc80bfb6b17730a672fddac9e","name":"Vincent Vandegans","image":{"@type":"ImageObject","inLanguage":"fr-FR","@id":"https:\/\/secure.gravatar.com\/avatar\/b984800dabdf722d5e3f03f637c8932dea77d81118467d17ad2953e3b273ec66?s=96&d=mm&r=g","url":"https:\/\/secure.gravatar.com\/avatar\/b984800dabdf722d5e3f03f637c8932dea77d81118467d17ad2953e3b273ec66?s=96&d=mm&r=g","contentUrl":"https:\/\/secure.gravatar.com\/avatar\/b984800dabdf722d5e3f03f637c8932dea77d81118467d17ad2953e3b273ec66?s=96&d=mm&r=g","caption":"Vincent Vandegans"},"description":"Vincent est passionn\u00e9 par les produits d'occasion, il a ouvert le site MDO avec Cyrielle pour aider les gens \u00e0 trouver du mobilier d'occasion, vintage ou usag\u00e9. Depuis, ils ont \u00e9tendu leurs activit\u00e9s et conseillent tout le monde sur le mobilier d'int\u00e9rieur et d'ext\u00e9rieur au quotidien \u00e0 travers le magazine MDO.","url":"https:\/\/www.mobilier-design-occasion.fr\/magazine\/author\/vincent\/"}]}},"_links":{"self":[{"href":"https:\/\/www.mobilier-design-occasion.fr\/magazine\/wp-json\/wp\/v2\/posts\/8359","targetHints":{"allow":["GET"]}}],"collection":[{"href":"https:\/\/www.mobilier-design-occasion.fr\/magazine\/wp-json\/wp\/v2\/posts"}],"about":[{"href":"https:\/\/www.mobilier-design-occasion.fr\/magazine\/wp-json\/wp\/v2\/types\/post"}],"author":[{"embeddable":true,"href":"https:\/\/www.mobilier-design-occasion.fr\/magazine\/wp-json\/wp\/v2\/users\/2"}],"replies":[{"embeddable":true,"href":"https:\/\/www.mobilier-design-occasion.fr\/magazine\/wp-json\/wp\/v2\/comments?post=8359"}],"version-history":[{"count":1,"href":"https:\/\/www.mobilier-design-occasion.fr\/magazine\/wp-json\/wp\/v2\/posts\/8359\/revisions"}],"predecessor-version":[{"id":8361,"href":"https:\/\/www.mobilier-design-occasion.fr\/magazine\/wp-json\/wp\/v2\/posts\/8359\/revisions\/8361"}],"wp:featuredmedia":[{"embeddable":true,"href":"https:\/\/www.mobilier-design-occasion.fr\/magazine\/wp-json\/wp\/v2\/media\/8360"}],"wp:attachment":[{"href":"https:\/\/www.mobilier-design-occasion.fr\/magazine\/wp-json\/wp\/v2\/media?parent=8359"}],"wp:term":[{"taxonomy":"category","embeddable":true,"href":"https:\/\/www.mobilier-design-occasion.fr\/magazine\/wp-json\/wp\/v2\/categories?post=8359"},{"taxonomy":"post_tag","embeddable":true,"href":"https:\/\/www.mobilier-design-occasion.fr\/magazine\/wp-json\/wp\/v2\/tags?post=8359"}],"curies":[{"name":"wp","href":"https:\/\/api.w.org\/{rel}","templated":true}]}}