{"id":8334,"date":"2025-07-07T13:53:29","date_gmt":"2025-07-07T13:53:29","guid":{"rendered":"https:\/\/www.mobilier-design-occasion.fr\/magazine\/les-etapes-de-renovation-de-bureaux\/"},"modified":"2025-07-07T13:53:29","modified_gmt":"2025-07-07T13:53:29","slug":"les-etapes-de-renovation-de-bureaux","status":"publish","type":"post","link":"https:\/\/www.mobilier-design-occasion.fr\/magazine\/les-etapes-de-renovation-de-bureaux\/","title":{"rendered":"Les \u00e9tapes de r\u00e9novation de bureaux"},"content":{"rendered":"<div>\n<div>\n<p>R\u00e9nover ses bureaux ne rel\u00e8ve pas seulement d\u2019un souci esth\u00e9tique. C\u2019est une d\u00e9marche qui impacte directement l\u2019image de l\u2019entreprise et le bien-\u00eatre de ses collaborateurs. \u00c0 Valence et ses environs, Creenoval est un acteur incontournable de la r\u00e9novation professionnelle. Voici les \u00e9tapes de r\u00e9novation \u00e0 suivre pour obtenir un bon r\u00e9sultat.<\/p>\n<h2>Les \u00e9tapes d\u2019une r\u00e9novation de bureaux r\u00e9ussie avec Creenoval<\/h2>\n<p>Pour avoir un chantier fluide et conforme \u00e0 vos attentes, Creenoval suit une m\u00e9thode articul\u00e9e autour de six \u00e9tapes :<\/p>\n<ul>\n<li>rencontre sur site au cours de laquelle le cahier des charges est d\u00e9fini de fa\u00e7on claire\u2009;<\/li>\n<li>\u00e9laboration d\u2019un devis d\u00e9taill\u00e9 et gratuit remis dans un d\u00e9lai maximum de dix jours\u2009;<\/li>\n<li>validation du bon de commande\u2009;<\/li>\n<li>d\u00e9marrage du chantier selon un planning pr\u00e9cis\u2009;<\/li>\n<li>suivi constant par un conducteur de chantier\u2009;<\/li>\n<li>nettoyage complet r\u00e9alis\u00e9 par une \u00e9quipe professionnelle et livraison.<\/li>\n<\/ul>\n<p>Les prestations de Creenoval couvrent l\u2019ensemble des besoins en <a href=\"https:\/\/creenoval.com\/\" target=\"_blank\" rel=\"noopener noreferrer\">r\u00e9novation bureaux<\/a>\u00a0: peinture, rev\u00eatements de sol, menuiserie, gros \u0153uvre, \u00e9lectricit\u00e9, plomberie, climatisation, am\u00e9nagements ext\u00e9rieurs\u2026 L\u2019entreprise coordonne <strong>tous les corps de m\u00e9tier<\/strong> avec une \u00e9quipe de 70\u00a0artisans locaux pour une gestion compl\u00e8te de A \u00e0 Z.<\/p>\n<h2>Pourquoi confier vos bureaux \u00e0 Creenoval\u2009?<\/h2>\n<p>CREENOVAL se distingue par son s\u00e9rieux, son professionnalisme et sa capacit\u00e9 d\u2019\u00e9coute. Avec plus de <strong>15\u00a0ans d\u2019exp\u00e9rience<\/strong>, le g\u00e9rant s\u2019appuie sur un solide r\u00e9seau d\u2019artisans pour offrir des solutions sur mesure, rapides et durables. Les retours clients en t\u00e9moignent. La <strong>qualit\u00e9 du travail <\/strong>est fr\u00e9quemment soulign\u00e9e, tout comme le respect strict des d\u00e9lais et la bienveillance des \u00e9quipes.<\/p>\n<\/div>\n<\/div>\n","protected":false},"excerpt":{"rendered":"<p>R\u00e9nover ses bureaux ne rel\u00e8ve pas seulement d\u2019un souci esth\u00e9tique. C\u2019est une d\u00e9marche qui impacte directement l\u2019image de l\u2019entreprise et le bien-\u00eatre de ses collaborateurs. \u00c0 Valence et ses environs, Creenoval est un acteur incontournable de la r\u00e9novation professionnelle. Voici les \u00e9tapes de r\u00e9novation \u00e0 suivre pour obtenir un bon r\u00e9sultat. Les \u00e9tapes d\u2019une r\u00e9novation [&hellip;]<\/p>\n","protected":false},"author":2,"featured_media":8336,"comment_status":"open","ping_status":"open","sticky":false,"template":"","format":"standard","meta":{"footnotes":""},"categories":[128],"tags":[],"class_list":["post-8334","post","type-post","status-publish","format-standard","has-post-thumbnail","hentry","category-bureau"],"yoast_head":"<!-- This site is optimized with the Yoast SEO plugin v27.5 - https:\/\/yoast.com\/product\/yoast-seo-wordpress\/ -->\n<title>Les \u00e9tapes de r\u00e9novation de bureaux : le guide pour tout comprendre<\/title>\n<meta name=\"description\" content=\"La r\u00e9novation de bureaux est une sp\u00e9cialit\u00e9 \u00e0 part enti\u00e8re de la r\u00e9novation b\u00e2timent. D\u00e9couvrez les \u00e9tapes mises en \u0153uvre pour obtenir un beau r\u00e9sultat.\" \/>\n<meta name=\"robots\" content=\"index, follow, max-snippet:-1, max-image-preview:large, max-video-preview:-1\" \/>\n<link rel=\"canonical\" href=\"https:\/\/www.mobilier-design-occasion.fr\/magazine\/les-etapes-de-renovation-de-bureaux\/\" \/>\n<meta property=\"og:locale\" content=\"fr_FR\" \/>\n<meta property=\"og:type\" content=\"article\" \/>\n<meta property=\"og:title\" content=\"Les \u00e9tapes de r\u00e9novation de bureaux : le guide pour tout comprendre\" \/>\n<meta property=\"og:description\" content=\"La r\u00e9novation de bureaux est une sp\u00e9cialit\u00e9 \u00e0 part enti\u00e8re de la r\u00e9novation b\u00e2timent. D\u00e9couvrez les \u00e9tapes mises en \u0153uvre pour obtenir un beau r\u00e9sultat.\" \/>\n<meta property=\"og:url\" content=\"https:\/\/www.mobilier-design-occasion.fr\/magazine\/les-etapes-de-renovation-de-bureaux\/\" \/>\n<meta property=\"og:site_name\" content=\"Mobilier Design Magazine\" \/>\n<meta property=\"article:publisher\" content=\"https:\/\/www.facebook.com\/mobilierdesignoccasion\" \/>\n<meta property=\"article:published_time\" content=\"2025-07-07T13:53:29+00:00\" \/>\n<meta property=\"og:image\" content=\"https:\/\/www.mobilier-design-occasion.fr\/magazine\/wp-content\/uploads\/2025\/07\/08f64cee6f6f9bd99debbc69be351b1b.jpeg\" \/>\n\t<meta property=\"og:image:width\" content=\"848\" \/>\n\t<meta property=\"og:image:height\" content=\"565\" \/>\n\t<meta property=\"og:image:type\" content=\"image\/jpeg\" \/>\n<meta name=\"author\" content=\"Vincent Vandegans\" \/>\n<meta name=\"twitter:card\" content=\"summary_large_image\" \/>\n<meta name=\"twitter:label1\" content=\"\u00c9crit par\" \/>\n\t<meta name=\"twitter:data1\" content=\"Vincent Vandegans\" \/>\n\t<meta name=\"twitter:label2\" content=\"Dur\u00e9e de lecture estim\u00e9e\" \/>\n\t<meta name=\"twitter:data2\" content=\"1 minute\" \/>\n<script type=\"application\/ld+json\" class=\"yoast-schema-graph\">{\"@context\":\"https:\\\/\\\/schema.org\",\"@graph\":[{\"@type\":\"Article\",\"@id\":\"https:\\\/\\\/www.mobilier-design-occasion.fr\\\/magazine\\\/les-etapes-de-renovation-de-bureaux\\\/#article\",\"isPartOf\":{\"@id\":\"https:\\\/\\\/www.mobilier-design-occasion.fr\\\/magazine\\\/les-etapes-de-renovation-de-bureaux\\\/\"},\"author\":{\"name\":\"Vincent Vandegans\",\"@id\":\"https:\\\/\\\/www.mobilier-design-occasion.fr\\\/magazine\\\/#\\\/schema\\\/person\\\/af895bedc80bfb6b17730a672fddac9e\"},\"headline\":\"Les \u00e9tapes de r\u00e9novation de bureaux\",\"datePublished\":\"2025-07-07T13:53:29+00:00\",\"mainEntityOfPage\":{\"@id\":\"https:\\\/\\\/www.mobilier-design-occasion.fr\\\/magazine\\\/les-etapes-de-renovation-de-bureaux\\\/\"},\"wordCount\":292,\"commentCount\":0,\"publisher\":{\"@id\":\"https:\\\/\\\/www.mobilier-design-occasion.fr\\\/magazine\\\/#organization\"},\"image\":{\"@id\":\"https:\\\/\\\/www.mobilier-design-occasion.fr\\\/magazine\\\/les-etapes-de-renovation-de-bureaux\\\/#primaryimage\"},\"thumbnailUrl\":\"https:\\\/\\\/www.mobilier-design-occasion.fr\\\/magazine\\\/wp-content\\\/uploads\\\/2025\\\/07\\\/08f64cee6f6f9bd99debbc69be351b1b.jpeg\",\"articleSection\":[\"Bureau\"],\"inLanguage\":\"fr-FR\",\"potentialAction\":[{\"@type\":\"CommentAction\",\"name\":\"Comment\",\"target\":[\"https:\\\/\\\/www.mobilier-design-occasion.fr\\\/magazine\\\/les-etapes-de-renovation-de-bureaux\\\/#respond\"]}]},{\"@type\":\"WebPage\",\"@id\":\"https:\\\/\\\/www.mobilier-design-occasion.fr\\\/magazine\\\/les-etapes-de-renovation-de-bureaux\\\/\",\"url\":\"https:\\\/\\\/www.mobilier-design-occasion.fr\\\/magazine\\\/les-etapes-de-renovation-de-bureaux\\\/\",\"name\":\"Les \u00e9tapes de r\u00e9novation de bureaux : le guide pour tout comprendre\",\"isPartOf\":{\"@id\":\"https:\\\/\\\/www.mobilier-design-occasion.fr\\\/magazine\\\/#website\"},\"primaryImageOfPage\":{\"@id\":\"https:\\\/\\\/www.mobilier-design-occasion.fr\\\/magazine\\\/les-etapes-de-renovation-de-bureaux\\\/#primaryimage\"},\"image\":{\"@id\":\"https:\\\/\\\/www.mobilier-design-occasion.fr\\\/magazine\\\/les-etapes-de-renovation-de-bureaux\\\/#primaryimage\"},\"thumbnailUrl\":\"https:\\\/\\\/www.mobilier-design-occasion.fr\\\/magazine\\\/wp-content\\\/uploads\\\/2025\\\/07\\\/08f64cee6f6f9bd99debbc69be351b1b.jpeg\",\"datePublished\":\"2025-07-07T13:53:29+00:00\",\"description\":\"La r\u00e9novation de bureaux est une sp\u00e9cialit\u00e9 \u00e0 part enti\u00e8re de la r\u00e9novation b\u00e2timent. D\u00e9couvrez les \u00e9tapes mises en \u0153uvre pour obtenir un beau r\u00e9sultat.\",\"breadcrumb\":{\"@id\":\"https:\\\/\\\/www.mobilier-design-occasion.fr\\\/magazine\\\/les-etapes-de-renovation-de-bureaux\\\/#breadcrumb\"},\"inLanguage\":\"fr-FR\",\"potentialAction\":[{\"@type\":\"ReadAction\",\"target\":[\"https:\\\/\\\/www.mobilier-design-occasion.fr\\\/magazine\\\/les-etapes-de-renovation-de-bureaux\\\/\"]}]},{\"@type\":\"ImageObject\",\"inLanguage\":\"fr-FR\",\"@id\":\"https:\\\/\\\/www.mobilier-design-occasion.fr\\\/magazine\\\/les-etapes-de-renovation-de-bureaux\\\/#primaryimage\",\"url\":\"https:\\\/\\\/www.mobilier-design-occasion.fr\\\/magazine\\\/wp-content\\\/uploads\\\/2025\\\/07\\\/08f64cee6f6f9bd99debbc69be351b1b.jpeg\",\"contentUrl\":\"https:\\\/\\\/www.mobilier-design-occasion.fr\\\/magazine\\\/wp-content\\\/uploads\\\/2025\\\/07\\\/08f64cee6f6f9bd99debbc69be351b1b.jpeg\",\"width\":848,\"height\":565},{\"@type\":\"BreadcrumbList\",\"@id\":\"https:\\\/\\\/www.mobilier-design-occasion.fr\\\/magazine\\\/les-etapes-de-renovation-de-bureaux\\\/#breadcrumb\",\"itemListElement\":[{\"@type\":\"ListItem\",\"position\":1,\"name\":\"Accueil\",\"item\":\"https:\\\/\\\/www.mobilier-design-occasion.fr\\\/magazine\\\/\"},{\"@type\":\"ListItem\",\"position\":2,\"name\":\"Les \u00e9tapes de r\u00e9novation de bureaux\"}]},{\"@type\":\"WebSite\",\"@id\":\"https:\\\/\\\/www.mobilier-design-occasion.fr\\\/magazine\\\/#website\",\"url\":\"https:\\\/\\\/www.mobilier-design-occasion.fr\\\/magazine\\\/\",\"name\":\"Mobilier Design Magazine\",\"description\":\"\",\"publisher\":{\"@id\":\"https:\\\/\\\/www.mobilier-design-occasion.fr\\\/magazine\\\/#organization\"},\"potentialAction\":[{\"@type\":\"SearchAction\",\"target\":{\"@type\":\"EntryPoint\",\"urlTemplate\":\"https:\\\/\\\/www.mobilier-design-occasion.fr\\\/magazine\\\/?s={search_term_string}\"},\"query-input\":{\"@type\":\"PropertyValueSpecification\",\"valueRequired\":true,\"valueName\":\"search_term_string\"}}],\"inLanguage\":\"fr-FR\"},{\"@type\":\"Organization\",\"@id\":\"https:\\\/\\\/www.mobilier-design-occasion.fr\\\/magazine\\\/#organization\",\"name\":\"Mobilier Design Magazine\",\"url\":\"https:\\\/\\\/www.mobilier-design-occasion.fr\\\/magazine\\\/\",\"logo\":{\"@type\":\"ImageObject\",\"inLanguage\":\"fr-FR\",\"@id\":\"https:\\\/\\\/www.mobilier-design-occasion.fr\\\/magazine\\\/#\\\/schema\\\/logo\\\/image\\\/\",\"url\":\"https:\\\/\\\/www.mobilier-design-occasion.fr\\\/magazine\\\/wp-content\\\/uploads\\\/2024\\\/02\\\/android-chrome-192x192-1.png\",\"contentUrl\":\"https:\\\/\\\/www.mobilier-design-occasion.fr\\\/magazine\\\/wp-content\\\/uploads\\\/2024\\\/02\\\/android-chrome-192x192-1.png\",\"width\":192,\"height\":192,\"caption\":\"Mobilier Design Magazine\"},\"image\":{\"@id\":\"https:\\\/\\\/www.mobilier-design-occasion.fr\\\/magazine\\\/#\\\/schema\\\/logo\\\/image\\\/\"},\"sameAs\":[\"https:\\\/\\\/www.facebook.com\\\/mobilierdesignoccasion\"]},{\"@type\":\"Person\",\"@id\":\"https:\\\/\\\/www.mobilier-design-occasion.fr\\\/magazine\\\/#\\\/schema\\\/person\\\/af895bedc80bfb6b17730a672fddac9e\",\"name\":\"Vincent Vandegans\",\"image\":{\"@type\":\"ImageObject\",\"inLanguage\":\"fr-FR\",\"@id\":\"https:\\\/\\\/secure.gravatar.com\\\/avatar\\\/b984800dabdf722d5e3f03f637c8932dea77d81118467d17ad2953e3b273ec66?s=96&d=mm&r=g\",\"url\":\"https:\\\/\\\/secure.gravatar.com\\\/avatar\\\/b984800dabdf722d5e3f03f637c8932dea77d81118467d17ad2953e3b273ec66?s=96&d=mm&r=g\",\"contentUrl\":\"https:\\\/\\\/secure.gravatar.com\\\/avatar\\\/b984800dabdf722d5e3f03f637c8932dea77d81118467d17ad2953e3b273ec66?s=96&d=mm&r=g\",\"caption\":\"Vincent Vandegans\"},\"description\":\"Vincent est passionn\u00e9 par les produits d'occasion, il a ouvert le site MDO avec Cyrielle pour aider les gens \u00e0 trouver du mobilier d'occasion, vintage ou usag\u00e9. Depuis, ils ont \u00e9tendu leurs activit\u00e9s et conseillent tout le monde sur le mobilier d'int\u00e9rieur et d'ext\u00e9rieur au quotidien \u00e0 travers le magazine MDO.\",\"url\":\"https:\\\/\\\/www.mobilier-design-occasion.fr\\\/magazine\\\/author\\\/vincent\\\/\"}]}<\/script>\n<!-- \/ Yoast SEO plugin. -->","yoast_head_json":{"title":"Les \u00e9tapes de r\u00e9novation de bureaux : le guide pour tout comprendre","description":"La r\u00e9novation de bureaux est une sp\u00e9cialit\u00e9 \u00e0 part enti\u00e8re de la r\u00e9novation b\u00e2timent. D\u00e9couvrez les \u00e9tapes mises en \u0153uvre pour obtenir un beau r\u00e9sultat.","robots":{"index":"index","follow":"follow","max-snippet":"max-snippet:-1","max-image-preview":"max-image-preview:large","max-video-preview":"max-video-preview:-1"},"canonical":"https:\/\/www.mobilier-design-occasion.fr\/magazine\/les-etapes-de-renovation-de-bureaux\/","og_locale":"fr_FR","og_type":"article","og_title":"Les \u00e9tapes de r\u00e9novation de bureaux : le guide pour tout comprendre","og_description":"La r\u00e9novation de bureaux est une sp\u00e9cialit\u00e9 \u00e0 part enti\u00e8re de la r\u00e9novation b\u00e2timent. D\u00e9couvrez les \u00e9tapes mises en \u0153uvre pour obtenir un beau r\u00e9sultat.","og_url":"https:\/\/www.mobilier-design-occasion.fr\/magazine\/les-etapes-de-renovation-de-bureaux\/","og_site_name":"Mobilier Design Magazine","article_publisher":"https:\/\/www.facebook.com\/mobilierdesignoccasion","article_published_time":"2025-07-07T13:53:29+00:00","og_image":[{"width":848,"height":565,"url":"https:\/\/www.mobilier-design-occasion.fr\/magazine\/wp-content\/uploads\/2025\/07\/08f64cee6f6f9bd99debbc69be351b1b.jpeg","type":"image\/jpeg"}],"author":"Vincent Vandegans","twitter_card":"summary_large_image","twitter_misc":{"\u00c9crit par":"Vincent Vandegans","Dur\u00e9e de lecture estim\u00e9e":"1 minute"},"schema":{"@context":"https:\/\/schema.org","@graph":[{"@type":"Article","@id":"https:\/\/www.mobilier-design-occasion.fr\/magazine\/les-etapes-de-renovation-de-bureaux\/#article","isPartOf":{"@id":"https:\/\/www.mobilier-design-occasion.fr\/magazine\/les-etapes-de-renovation-de-bureaux\/"},"author":{"name":"Vincent Vandegans","@id":"https:\/\/www.mobilier-design-occasion.fr\/magazine\/#\/schema\/person\/af895bedc80bfb6b17730a672fddac9e"},"headline":"Les \u00e9tapes de r\u00e9novation de bureaux","datePublished":"2025-07-07T13:53:29+00:00","mainEntityOfPage":{"@id":"https:\/\/www.mobilier-design-occasion.fr\/magazine\/les-etapes-de-renovation-de-bureaux\/"},"wordCount":292,"commentCount":0,"publisher":{"@id":"https:\/\/www.mobilier-design-occasion.fr\/magazine\/#organization"},"image":{"@id":"https:\/\/www.mobilier-design-occasion.fr\/magazine\/les-etapes-de-renovation-de-bureaux\/#primaryimage"},"thumbnailUrl":"https:\/\/www.mobilier-design-occasion.fr\/magazine\/wp-content\/uploads\/2025\/07\/08f64cee6f6f9bd99debbc69be351b1b.jpeg","articleSection":["Bureau"],"inLanguage":"fr-FR","potentialAction":[{"@type":"CommentAction","name":"Comment","target":["https:\/\/www.mobilier-design-occasion.fr\/magazine\/les-etapes-de-renovation-de-bureaux\/#respond"]}]},{"@type":"WebPage","@id":"https:\/\/www.mobilier-design-occasion.fr\/magazine\/les-etapes-de-renovation-de-bureaux\/","url":"https:\/\/www.mobilier-design-occasion.fr\/magazine\/les-etapes-de-renovation-de-bureaux\/","name":"Les \u00e9tapes de r\u00e9novation de bureaux : le guide pour tout comprendre","isPartOf":{"@id":"https:\/\/www.mobilier-design-occasion.fr\/magazine\/#website"},"primaryImageOfPage":{"@id":"https:\/\/www.mobilier-design-occasion.fr\/magazine\/les-etapes-de-renovation-de-bureaux\/#primaryimage"},"image":{"@id":"https:\/\/www.mobilier-design-occasion.fr\/magazine\/les-etapes-de-renovation-de-bureaux\/#primaryimage"},"thumbnailUrl":"https:\/\/www.mobilier-design-occasion.fr\/magazine\/wp-content\/uploads\/2025\/07\/08f64cee6f6f9bd99debbc69be351b1b.jpeg","datePublished":"2025-07-07T13:53:29+00:00","description":"La r\u00e9novation de bureaux est une sp\u00e9cialit\u00e9 \u00e0 part enti\u00e8re de la r\u00e9novation b\u00e2timent. D\u00e9couvrez les \u00e9tapes mises en \u0153uvre pour obtenir un beau r\u00e9sultat.","breadcrumb":{"@id":"https:\/\/www.mobilier-design-occasion.fr\/magazine\/les-etapes-de-renovation-de-bureaux\/#breadcrumb"},"inLanguage":"fr-FR","potentialAction":[{"@type":"ReadAction","target":["https:\/\/www.mobilier-design-occasion.fr\/magazine\/les-etapes-de-renovation-de-bureaux\/"]}]},{"@type":"ImageObject","inLanguage":"fr-FR","@id":"https:\/\/www.mobilier-design-occasion.fr\/magazine\/les-etapes-de-renovation-de-bureaux\/#primaryimage","url":"https:\/\/www.mobilier-design-occasion.fr\/magazine\/wp-content\/uploads\/2025\/07\/08f64cee6f6f9bd99debbc69be351b1b.jpeg","contentUrl":"https:\/\/www.mobilier-design-occasion.fr\/magazine\/wp-content\/uploads\/2025\/07\/08f64cee6f6f9bd99debbc69be351b1b.jpeg","width":848,"height":565},{"@type":"BreadcrumbList","@id":"https:\/\/www.mobilier-design-occasion.fr\/magazine\/les-etapes-de-renovation-de-bureaux\/#breadcrumb","itemListElement":[{"@type":"ListItem","position":1,"name":"Accueil","item":"https:\/\/www.mobilier-design-occasion.fr\/magazine\/"},{"@type":"ListItem","position":2,"name":"Les \u00e9tapes de r\u00e9novation de bureaux"}]},{"@type":"WebSite","@id":"https:\/\/www.mobilier-design-occasion.fr\/magazine\/#website","url":"https:\/\/www.mobilier-design-occasion.fr\/magazine\/","name":"Mobilier Design Magazine","description":"","publisher":{"@id":"https:\/\/www.mobilier-design-occasion.fr\/magazine\/#organization"},"potentialAction":[{"@type":"SearchAction","target":{"@type":"EntryPoint","urlTemplate":"https:\/\/www.mobilier-design-occasion.fr\/magazine\/?s={search_term_string}"},"query-input":{"@type":"PropertyValueSpecification","valueRequired":true,"valueName":"search_term_string"}}],"inLanguage":"fr-FR"},{"@type":"Organization","@id":"https:\/\/www.mobilier-design-occasion.fr\/magazine\/#organization","name":"Mobilier Design Magazine","url":"https:\/\/www.mobilier-design-occasion.fr\/magazine\/","logo":{"@type":"ImageObject","inLanguage":"fr-FR","@id":"https:\/\/www.mobilier-design-occasion.fr\/magazine\/#\/schema\/logo\/image\/","url":"https:\/\/www.mobilier-design-occasion.fr\/magazine\/wp-content\/uploads\/2024\/02\/android-chrome-192x192-1.png","contentUrl":"https:\/\/www.mobilier-design-occasion.fr\/magazine\/wp-content\/uploads\/2024\/02\/android-chrome-192x192-1.png","width":192,"height":192,"caption":"Mobilier Design Magazine"},"image":{"@id":"https:\/\/www.mobilier-design-occasion.fr\/magazine\/#\/schema\/logo\/image\/"},"sameAs":["https:\/\/www.facebook.com\/mobilierdesignoccasion"]},{"@type":"Person","@id":"https:\/\/www.mobilier-design-occasion.fr\/magazine\/#\/schema\/person\/af895bedc80bfb6b17730a672fddac9e","name":"Vincent Vandegans","image":{"@type":"ImageObject","inLanguage":"fr-FR","@id":"https:\/\/secure.gravatar.com\/avatar\/b984800dabdf722d5e3f03f637c8932dea77d81118467d17ad2953e3b273ec66?s=96&d=mm&r=g","url":"https:\/\/secure.gravatar.com\/avatar\/b984800dabdf722d5e3f03f637c8932dea77d81118467d17ad2953e3b273ec66?s=96&d=mm&r=g","contentUrl":"https:\/\/secure.gravatar.com\/avatar\/b984800dabdf722d5e3f03f637c8932dea77d81118467d17ad2953e3b273ec66?s=96&d=mm&r=g","caption":"Vincent Vandegans"},"description":"Vincent est passionn\u00e9 par les produits d'occasion, il a ouvert le site MDO avec Cyrielle pour aider les gens \u00e0 trouver du mobilier d'occasion, vintage ou usag\u00e9. Depuis, ils ont \u00e9tendu leurs activit\u00e9s et conseillent tout le monde sur le mobilier d'int\u00e9rieur et d'ext\u00e9rieur au quotidien \u00e0 travers le magazine MDO.","url":"https:\/\/www.mobilier-design-occasion.fr\/magazine\/author\/vincent\/"}]}},"_links":{"self":[{"href":"https:\/\/www.mobilier-design-occasion.fr\/magazine\/wp-json\/wp\/v2\/posts\/8334","targetHints":{"allow":["GET"]}}],"collection":[{"href":"https:\/\/www.mobilier-design-occasion.fr\/magazine\/wp-json\/wp\/v2\/posts"}],"about":[{"href":"https:\/\/www.mobilier-design-occasion.fr\/magazine\/wp-json\/wp\/v2\/types\/post"}],"author":[{"embeddable":true,"href":"https:\/\/www.mobilier-design-occasion.fr\/magazine\/wp-json\/wp\/v2\/users\/2"}],"replies":[{"embeddable":true,"href":"https:\/\/www.mobilier-design-occasion.fr\/magazine\/wp-json\/wp\/v2\/comments?post=8334"}],"version-history":[{"count":1,"href":"https:\/\/www.mobilier-design-occasion.fr\/magazine\/wp-json\/wp\/v2\/posts\/8334\/revisions"}],"predecessor-version":[{"id":8335,"href":"https:\/\/www.mobilier-design-occasion.fr\/magazine\/wp-json\/wp\/v2\/posts\/8334\/revisions\/8335"}],"wp:featuredmedia":[{"embeddable":true,"href":"https:\/\/www.mobilier-design-occasion.fr\/magazine\/wp-json\/wp\/v2\/media\/8336"}],"wp:attachment":[{"href":"https:\/\/www.mobilier-design-occasion.fr\/magazine\/wp-json\/wp\/v2\/media?parent=8334"}],"wp:term":[{"taxonomy":"category","embeddable":true,"href":"https:\/\/www.mobilier-design-occasion.fr\/magazine\/wp-json\/wp\/v2\/categories?post=8334"},{"taxonomy":"post_tag","embeddable":true,"href":"https:\/\/www.mobilier-design-occasion.fr\/magazine\/wp-json\/wp\/v2\/tags?post=8334"}],"curies":[{"name":"wp","href":"https:\/\/api.w.org\/{rel}","templated":true}]}}