{"id":8331,"date":"2025-07-07T12:40:55","date_gmt":"2025-07-07T12:40:55","guid":{"rendered":"https:\/\/www.mobilier-design-occasion.fr\/magazine\/comment-decorer-son-salon-quand-on-est-locataire-astuces-simples-et-sans-percage\/"},"modified":"2025-07-07T12:40:55","modified_gmt":"2025-07-07T12:40:55","slug":"comment-decorer-son-salon-quand-on-est-locataire-astuces-simples-et-sans-percage","status":"publish","type":"post","link":"https:\/\/www.mobilier-design-occasion.fr\/magazine\/comment-decorer-son-salon-quand-on-est-locataire-astuces-simples-et-sans-percage\/","title":{"rendered":"Comment d\u00e9corer son salon quand on est locataire : astuces simples et sans per\u00e7age"},"content":{"rendered":"<p data-start=\"433\" data-end=\"827\">Quand on est <strong data-start=\"446\" data-end=\"459\">locataire<\/strong>, on a souvent envie de <strong data-start=\"483\" data-end=\"514\">personnaliser son int&eacute;rieur<\/strong>&#8230; sans pour autant risquer de <strong data-start=\"546\" data-end=\"567\">perdre sa caution<\/strong> ou de se lancer dans des <strong data-start=\"593\" data-end=\"618\">travaux irr&eacute;versibles<\/strong>. Bonne nouvelle : il existe aujourd&rsquo;hui de nombreuses <strong data-start=\"673\" data-end=\"691\">solutions d&eacute;co<\/strong> simples, efficaces et totalement <strong data-start=\"725\" data-end=\"740\">r&eacute;versibles<\/strong>. Voici <strong data-start=\"748\" data-end=\"759\">5 id&eacute;es<\/strong> pour donner du caract&egrave;re &agrave; votre salon <strong data-start=\"799\" data-end=\"826\">sans percer un seul mur<\/strong>.<\/p>\n<h2 data-start=\"433\" data-end=\"827\"><span class=\"ez-toc-section\" id=\"1_Le_pouvoir_des_textiles_rideaux_tapis_plaids\"><\/span>1. Le pouvoir des <strong data-start=\"850\" data-end=\"862\">textiles<\/strong> : rideaux, tapis, plaids<span class=\"ez-toc-section-end\"><\/span><\/h2><div id=\"ez-toc-container\" class=\"ez-toc-v2_0_82_2 counter-hierarchy ez-toc-counter ez-toc-grey ez-toc-container-direction\">\n<div class=\"ez-toc-title-container\">\n<span class=\"ez-toc-title-toggle\"><a href=\"#\" class=\"ez-toc-pull-right ez-toc-btn ez-toc-btn-xs ez-toc-btn-default ez-toc-toggle\" aria-label=\"Toggle Table of Content\"><span class=\"ez-toc-js-icon-con\"><span class=\"\"><span class=\"eztoc-hide\" style=\"display:none;\">Toggle<\/span><span class=\"ez-toc-icon-toggle-span\"><svg style=\"fill: #999;color:#999\" xmlns=\"http:\/\/www.w3.org\/2000\/svg\" class=\"list-377408\" width=\"20px\" height=\"20px\" viewBox=\"0 0 24 24\" fill=\"none\"><path d=\"M6 6H4v2h2V6zm14 0H8v2h12V6zM4 11h2v2H4v-2zm16 0H8v2h12v-2zM4 16h2v2H4v-2zm16 0H8v2h12v-2z\" fill=\"currentColor\"><\/path><\/svg><svg style=\"fill: #999;color:#999\" class=\"arrow-unsorted-368013\" xmlns=\"http:\/\/www.w3.org\/2000\/svg\" width=\"10px\" height=\"10px\" viewBox=\"0 0 24 24\" version=\"1.2\" baseProfile=\"tiny\"><path d=\"M18.2 9.3l-6.2-6.3-6.2 6.3c-.2.2-.3.4-.3.7s.1.5.3.7c.2.2.4.3.7.3h11c.3 0 .5-.1.7-.3.2-.2.3-.5.3-.7s-.1-.5-.3-.7zM5.8 14.7l6.2 6.3 6.2-6.3c.2-.2.3-.5.3-.7s-.1-.5-.3-.7c-.2-.2-.4-.3-.7-.3h-11c-.3 0-.5.1-.7.3-.2.2-.3.5-.3.7s.1.5.3.7z\"\/><\/svg><\/span><\/span><\/span><\/a><\/span><\/div>\n<nav><ul class='ez-toc-list ez-toc-list-level-1 eztoc-toggle-hide-by-default' ><li class='ez-toc-page-1 ez-toc-heading-level-2'><a class=\"ez-toc-link ez-toc-heading-1\" href=\"https:\/\/www.mobilier-design-occasion.fr\/magazine\/comment-decorer-son-salon-quand-on-est-locataire-astuces-simples-et-sans-percage\/#1_Le_pouvoir_des_textiles_rideaux_tapis_plaids\" >1. Le pouvoir des textiles : rideaux, tapis, plaids<\/a><\/li><li class='ez-toc-page-1 ez-toc-heading-level-2'><a class=\"ez-toc-link ez-toc-heading-2\" href=\"https:\/\/www.mobilier-design-occasion.fr\/magazine\/comment-decorer-son-salon-quand-on-est-locataire-astuces-simples-et-sans-percage\/#2_Les_adhesifs_muraux_et_papiers_peints_repositionnables\" >2. Les adh&eacute;sifs muraux et papiers peints repositionnables<\/a><\/li><li class='ez-toc-page-1 ez-toc-heading-level-2'><a class=\"ez-toc-link ez-toc-heading-3\" href=\"https:\/\/www.mobilier-design-occasion.fr\/magazine\/comment-decorer-son-salon-quand-on-est-locataire-astuces-simples-et-sans-percage\/#3_Les_miroirs_et_cadres_sans_clous\" >3. Les miroirs et cadres sans clous<\/a><\/li><li class='ez-toc-page-1 ez-toc-heading-level-2'><a class=\"ez-toc-link ez-toc-heading-4\" href=\"https:\/\/www.mobilier-design-occasion.fr\/magazine\/comment-decorer-son-salon-quand-on-est-locataire-astuces-simples-et-sans-percage\/#4_Les_luminaires_nomades_et_ambiances_lumineuses\" >4. Les luminaires nomades et ambiances lumineuses<\/a><\/li><li class='ez-toc-page-1 ez-toc-heading-level-2'><a class=\"ez-toc-link ez-toc-heading-5\" href=\"https:\/\/www.mobilier-design-occasion.fr\/magazine\/comment-decorer-son-salon-quand-on-est-locataire-astuces-simples-et-sans-percage\/#5_Les_plantes_une_touche_de_vie_sans_engagement\" >5. Les plantes : une touche de vie sans engagement<\/a><\/li><li class='ez-toc-page-1 ez-toc-heading-level-2'><a class=\"ez-toc-link ez-toc-heading-6\" href=\"https:\/\/www.mobilier-design-occasion.fr\/magazine\/comment-decorer-son-salon-quand-on-est-locataire-astuces-simples-et-sans-percage\/#Quelle_idee_deco_pour_quel_besoin\" >Quelle id&eacute;e d&eacute;co pour quel besoin ?<\/a><\/li><\/ul><\/nav><\/div>\n\n<p data-start=\"889\" data-end=\"1050\">Les <strong data-start=\"893\" data-end=\"905\">textiles<\/strong> sont les meilleurs alli&eacute;s des locataires. En un seul geste, ils permettent de <strong data-start=\"984\" data-end=\"1010\">transformer l&rsquo;ambiance<\/strong> d&rsquo;une pi&egrave;ce, sans rien fixer ni percer.<\/p>\n<p data-start=\"1052\" data-end=\"1312\">Un <strong data-start=\"1055\" data-end=\"1076\">tapis bien choisi<\/strong> structure l&rsquo;espace et apporte <strong data-start=\"1107\" data-end=\"1118\">chaleur<\/strong>. Des <strong data-start=\"1124\" data-end=\"1144\">rideaux &eacute;l&eacute;gants<\/strong> habillent les fen&ecirc;tres et adoucissent la lumi&egrave;re. Et quelques <strong data-start=\"1207\" data-end=\"1229\">coussins ou plaids<\/strong> suffisent &agrave; ajouter une <strong data-start=\"1254\" data-end=\"1275\">touche de couleur<\/strong> ou de <strong data-start=\"1282\" data-end=\"1293\">texture<\/strong> selon les saisons.<\/p>\n<blockquote data-start=\"1314\" data-end=\"1455\"><p>Pour aller plus loin, d&eacute;couvrez des id&eacute;es de <strong data-start=\"1362\" data-end=\"1410\"><a href=\"https:\/\/www.maisonwow.fr\/\">d&eacute;coration de salon facile<\/a> et sans bricolage<\/strong>.<\/p><\/blockquote>\n<h2 data-start=\"1457\" data-end=\"1521\"><span class=\"ez-toc-section\" id=\"2_Les_adhesifs_muraux_et_papiers_peints_repositionnables\"><\/span>2. Les <strong data-start=\"1467\" data-end=\"1486\">adh&eacute;sifs muraux<\/strong> et papiers peints repositionnables<span class=\"ez-toc-section-end\"><\/span><\/h2>\n<p data-start=\"1523\" data-end=\"1753\">Les murs blancs impersonnels sont un grand classique des logements en location. Pour y rem&eacute;dier sans percer ni ab&icirc;mer la peinture, misez sur des <strong data-start=\"1668\" data-end=\"1687\">stickers muraux<\/strong>, des <strong data-start=\"1693\" data-end=\"1713\">frises adh&eacute;sives<\/strong> ou du <strong data-start=\"1720\" data-end=\"1752\">papier peint repositionnable<\/strong>.<\/p>\n<p data-start=\"1755\" data-end=\"1927\">Ils se posent en quelques minutes, et se retirent tout aussi facilement. L&rsquo;id&eacute;al pour cr&eacute;er une <strong data-start=\"1851\" data-end=\"1873\">ambiance graphique<\/strong> ou d&eacute;limiter un <strong data-start=\"1890\" data-end=\"1906\">coin lecture<\/strong> ou un <strong data-start=\"1913\" data-end=\"1926\">espace TV<\/strong>.<\/p>\n<h2 data-start=\"1929\" data-end=\"1971\"><span class=\"ez-toc-section\" id=\"3_Les_miroirs_et_cadres_sans_clous\"><\/span>3. Les <strong data-start=\"1939\" data-end=\"1960\">miroirs et cadres<\/strong> sans clous<span class=\"ez-toc-section-end\"><\/span><\/h2>\n<p data-start=\"1973\" data-end=\"2229\">Pas besoin de clouer pour habiller ses murs. Gr&acirc;ce aux <strong data-start=\"2028\" data-end=\"2065\">syst&egrave;mes de fixation sans per&ccedil;age<\/strong> (crochets adh&eacute;sifs, bandes velcro), vous pouvez facilement cr&eacute;er une <strong data-start=\"2135\" data-end=\"2153\">galerie murale<\/strong>, suspendre un <strong data-start=\"2168\" data-end=\"2185\">miroir design<\/strong> ou afficher des <strong data-start=\"2202\" data-end=\"2228\">illustrations tendance<\/strong>.<\/p>\n<p data-start=\"2231\" data-end=\"2417\">Et si vous voulez encore plus de s&eacute;curit&eacute;, pensez &agrave; poser vos cadres directement <strong data-start=\"2312\" data-end=\"2322\">au sol<\/strong>, sur une <strong data-start=\"2332\" data-end=\"2343\">console<\/strong> ou une <strong data-start=\"2351\" data-end=\"2368\">&eacute;tag&egrave;re basse<\/strong>. C&rsquo;est une astuce d&eacute;co tr&egrave;s pris&eacute;e en ce moment.<\/p>\n<h2 data-start=\"2419\" data-end=\"2475\"><span class=\"ez-toc-section\" id=\"4_Les_luminaires_nomades_et_ambiances_lumineuses\"><\/span>4. Les <strong data-start=\"2429\" data-end=\"2451\">luminaires nomades<\/strong> et ambiances lumineuses<span class=\"ez-toc-section-end\"><\/span><\/h2>\n<p data-start=\"2477\" data-end=\"2672\">Le <strong data-start=\"2480\" data-end=\"2502\">plafonnier de base<\/strong> est rarement flatteur. Pour r&eacute;chauffer l&rsquo;ambiance, rien de mieux que quelques <strong data-start=\"2581\" data-end=\"2603\">luminaires mobiles<\/strong> : <strong data-start=\"2606\" data-end=\"2624\">lampe sur pied<\/strong>, <strong data-start=\"2626\" data-end=\"2644\">guirlandes LED<\/strong>, <strong data-start=\"2646\" data-end=\"2669\">lanternes d&rsquo;appoint<\/strong>&#8230;<\/p>\n<p data-start=\"2674\" data-end=\"2799\">Ces sources de lumi&egrave;re douce cr&eacute;ent des <strong data-start=\"2714\" data-end=\"2728\">coins cosy<\/strong> et permettent de moduler l&rsquo;atmosph&egrave;re selon les moments de la journ&eacute;e.<\/p>\n<h2 data-start=\"2801\" data-end=\"2858\"><span class=\"ez-toc-section\" id=\"5_Les_plantes_une_touche_de_vie_sans_engagement\"><\/span>5. Les <strong data-start=\"2811\" data-end=\"2822\">plantes<\/strong> : une touche de vie sans engagement<span class=\"ez-toc-section-end\"><\/span><\/h2>\n<p data-start=\"2860\" data-end=\"3059\">Les <strong data-start=\"2864\" data-end=\"2882\">plantes vertes<\/strong> sont vos alli&eacute;es pour dynamiser un salon sans le modifier structurellement. En plus d&rsquo;apporter une touche naturelle, elles am&eacute;liorent le <strong data-start=\"3020\" data-end=\"3038\">confort visuel<\/strong> et le <strong data-start=\"3045\" data-end=\"3058\">bien-&ecirc;tre<\/strong>.<\/p>\n<p data-start=\"3061\" data-end=\"3243\">Installez-les dans de <strong data-start=\"3083\" data-end=\"3097\">jolis pots<\/strong> au sol, suspendez-les &agrave; une <strong data-start=\"3126\" data-end=\"3147\">tringle de rideau<\/strong>, ou placez-les sur une <strong data-start=\"3171\" data-end=\"3192\">&eacute;tag&egrave;re flottante<\/strong>&hellip; sans jamais percer ni percuter la d&eacute;co existante.<\/p>\n<h2 data-start=\"3250\" data-end=\"3288\"><span class=\"ez-toc-section\" id=\"Quelle_idee_deco_pour_quel_besoin\"><\/span>Quelle id&eacute;e d&eacute;co pour quel besoin ?<span class=\"ez-toc-section-end\"><\/span><\/h2>\n<p data-start=\"3290\" data-end=\"3368\">Vous ne savez pas par quoi commencer ? Voici un petit r&eacute;capitulatif pratique :<\/p>\n<ul data-start=\"3370\" data-end=\"3734\">\n<li data-start=\"3370\" data-end=\"3444\"><strong data-start=\"3372\" data-end=\"3388\">Petit budget<\/strong> : optez pour les textiles, les plantes ou les stickers.<\/li>\n<li data-start=\"3445\" data-end=\"3542\"><strong data-start=\"3447\" data-end=\"3462\">Effet wahou<\/strong> imm&eacute;diat : testez le papier peint repositionnable ou les luminaires d&rsquo;ambiance.<\/li>\n<li data-start=\"3543\" data-end=\"3638\"><strong data-start=\"3545\" data-end=\"3576\">Z&eacute;ro risque pour la caution<\/strong> : les cadres sans clous et les tapis sont vos meilleurs amis.<\/li>\n<li data-start=\"3639\" data-end=\"3734\"><strong data-start=\"3641\" data-end=\"3659\">Z&eacute;ro bricolage<\/strong> : toutes les id&eacute;es ci-dessus s&rsquo;installent sans outil, en quelques minutes.<\/li>\n<\/ul>\n<p data-start=\"3741\" data-end=\"3754\">D&eacute;corer son salon quand on est locataire, c&rsquo;est possible, facile et souvent tr&egrave;s <strong data-start=\"3837\" data-end=\"3850\">abordable<\/strong>. Il suffit d&rsquo;opter pour des &eacute;l&eacute;ments <strong data-start=\"3888\" data-end=\"3927\">mobiles, modulables et sans per&ccedil;age<\/strong>. Gr&acirc;ce aux <strong data-start=\"3939\" data-end=\"3951\">textiles<\/strong>, aux <strong data-start=\"3957\" data-end=\"3976\">&eacute;clairages doux<\/strong>, aux <strong data-start=\"3982\" data-end=\"3993\">plantes<\/strong> ou encore aux <strong data-start=\"4008\" data-end=\"4027\">adh&eacute;sifs muraux<\/strong>, vous pouvez cr&eacute;er un salon qui vous ressemble <strong data-start=\"4075\" data-end=\"4107\">sans compromettre votre bail<\/strong>.<\/p>\n","protected":false},"excerpt":{"rendered":"<p>Quand on est locataire, on a souvent envie de personnaliser son int&eacute;rieur&#8230; sans pour autant risquer de perdre sa caution ou de se lancer dans des travaux irr&eacute;versibles. Bonne nouvelle : il existe aujourd&rsquo;hui de nombreuses solutions d&eacute;co simples, efficaces et totalement r&eacute;versibles. Voici 5 id&eacute;es pour donner du caract&egrave;re &agrave; votre salon sans percer [&hellip;]<\/p>\n","protected":false},"author":2,"featured_media":8333,"comment_status":"open","ping_status":"open","sticky":false,"template":"","format":"standard","meta":{"footnotes":""},"categories":[122],"tags":[],"class_list":["post-8331","post","type-post","status-publish","format-standard","has-post-thumbnail","hentry","category-salon"],"yoast_head":"<!-- This site is optimized with the Yoast SEO plugin v27.5 - https:\/\/yoast.com\/product\/yoast-seo-wordpress\/ -->\n<title>D\u00e9corer son salon en location : 5 id\u00e9es sans percer<\/title>\n<meta name=\"description\" content=\"Vous \u00eates locataire ? D\u00e9couvrez 5 id\u00e9es d\u00e9co simples et sans per\u00e7age pour transformer votre salon sans travaux et sans risquer votre caution.\" \/>\n<meta name=\"robots\" content=\"index, follow, max-snippet:-1, max-image-preview:large, max-video-preview:-1\" \/>\n<link rel=\"canonical\" href=\"https:\/\/www.mobilier-design-occasion.fr\/magazine\/comment-decorer-son-salon-quand-on-est-locataire-astuces-simples-et-sans-percage\/\" \/>\n<meta property=\"og:locale\" content=\"fr_FR\" \/>\n<meta property=\"og:type\" content=\"article\" \/>\n<meta property=\"og:title\" content=\"D\u00e9corer son salon en location : 5 id\u00e9es sans percer\" \/>\n<meta property=\"og:description\" content=\"Vous \u00eates locataire ? D\u00e9couvrez 5 id\u00e9es d\u00e9co simples et sans per\u00e7age pour transformer votre salon sans travaux et sans risquer votre caution.\" \/>\n<meta property=\"og:url\" content=\"https:\/\/www.mobilier-design-occasion.fr\/magazine\/comment-decorer-son-salon-quand-on-est-locataire-astuces-simples-et-sans-percage\/\" \/>\n<meta property=\"og:site_name\" content=\"Mobilier Design Magazine\" \/>\n<meta property=\"article:publisher\" content=\"https:\/\/www.facebook.com\/mobilierdesignoccasion\" \/>\n<meta property=\"article:published_time\" content=\"2025-07-07T12:40:55+00:00\" \/>\n<meta property=\"og:image\" content=\"https:\/\/www.mobilier-design-occasion.fr\/magazine\/wp-content\/uploads\/2025\/07\/3abf2bf59d55d3b5552e7695a80cecef-scaled.jpg\" \/>\n\t<meta property=\"og:image:width\" content=\"1152\" \/>\n\t<meta property=\"og:image:height\" content=\"2048\" \/>\n\t<meta property=\"og:image:type\" content=\"image\/jpeg\" \/>\n<meta name=\"author\" content=\"Vincent Vandegans\" \/>\n<meta name=\"twitter:card\" content=\"summary_large_image\" \/>\n<meta name=\"twitter:label1\" content=\"\u00c9crit par\" \/>\n\t<meta name=\"twitter:data1\" content=\"Vincent Vandegans\" \/>\n\t<meta name=\"twitter:label2\" content=\"Dur\u00e9e de lecture estim\u00e9e\" \/>\n\t<meta name=\"twitter:data2\" content=\"3 minutes\" \/>\n<script type=\"application\/ld+json\" class=\"yoast-schema-graph\">{\"@context\":\"https:\\\/\\\/schema.org\",\"@graph\":[{\"@type\":\"Article\",\"@id\":\"https:\\\/\\\/www.mobilier-design-occasion.fr\\\/magazine\\\/comment-decorer-son-salon-quand-on-est-locataire-astuces-simples-et-sans-percage\\\/#article\",\"isPartOf\":{\"@id\":\"https:\\\/\\\/www.mobilier-design-occasion.fr\\\/magazine\\\/comment-decorer-son-salon-quand-on-est-locataire-astuces-simples-et-sans-percage\\\/\"},\"author\":{\"name\":\"Vincent Vandegans\",\"@id\":\"https:\\\/\\\/www.mobilier-design-occasion.fr\\\/magazine\\\/#\\\/schema\\\/person\\\/af895bedc80bfb6b17730a672fddac9e\"},\"headline\":\"Comment d\u00e9corer son salon quand on est locataire : astuces simples et sans per\u00e7age\",\"datePublished\":\"2025-07-07T12:40:55+00:00\",\"mainEntityOfPage\":{\"@id\":\"https:\\\/\\\/www.mobilier-design-occasion.fr\\\/magazine\\\/comment-decorer-son-salon-quand-on-est-locataire-astuces-simples-et-sans-percage\\\/\"},\"wordCount\":672,\"commentCount\":0,\"publisher\":{\"@id\":\"https:\\\/\\\/www.mobilier-design-occasion.fr\\\/magazine\\\/#organization\"},\"image\":{\"@id\":\"https:\\\/\\\/www.mobilier-design-occasion.fr\\\/magazine\\\/comment-decorer-son-salon-quand-on-est-locataire-astuces-simples-et-sans-percage\\\/#primaryimage\"},\"thumbnailUrl\":\"https:\\\/\\\/www.mobilier-design-occasion.fr\\\/magazine\\\/wp-content\\\/uploads\\\/2025\\\/07\\\/3abf2bf59d55d3b5552e7695a80cecef-scaled.jpg\",\"articleSection\":[\"Salon\"],\"inLanguage\":\"fr-FR\",\"potentialAction\":[{\"@type\":\"CommentAction\",\"name\":\"Comment\",\"target\":[\"https:\\\/\\\/www.mobilier-design-occasion.fr\\\/magazine\\\/comment-decorer-son-salon-quand-on-est-locataire-astuces-simples-et-sans-percage\\\/#respond\"]}]},{\"@type\":\"WebPage\",\"@id\":\"https:\\\/\\\/www.mobilier-design-occasion.fr\\\/magazine\\\/comment-decorer-son-salon-quand-on-est-locataire-astuces-simples-et-sans-percage\\\/\",\"url\":\"https:\\\/\\\/www.mobilier-design-occasion.fr\\\/magazine\\\/comment-decorer-son-salon-quand-on-est-locataire-astuces-simples-et-sans-percage\\\/\",\"name\":\"D\u00e9corer son salon en location : 5 id\u00e9es sans percer\",\"isPartOf\":{\"@id\":\"https:\\\/\\\/www.mobilier-design-occasion.fr\\\/magazine\\\/#website\"},\"primaryImageOfPage\":{\"@id\":\"https:\\\/\\\/www.mobilier-design-occasion.fr\\\/magazine\\\/comment-decorer-son-salon-quand-on-est-locataire-astuces-simples-et-sans-percage\\\/#primaryimage\"},\"image\":{\"@id\":\"https:\\\/\\\/www.mobilier-design-occasion.fr\\\/magazine\\\/comment-decorer-son-salon-quand-on-est-locataire-astuces-simples-et-sans-percage\\\/#primaryimage\"},\"thumbnailUrl\":\"https:\\\/\\\/www.mobilier-design-occasion.fr\\\/magazine\\\/wp-content\\\/uploads\\\/2025\\\/07\\\/3abf2bf59d55d3b5552e7695a80cecef-scaled.jpg\",\"datePublished\":\"2025-07-07T12:40:55+00:00\",\"description\":\"Vous \u00eates locataire ? D\u00e9couvrez 5 id\u00e9es d\u00e9co simples et sans per\u00e7age pour transformer votre salon sans travaux et sans risquer votre caution.\",\"breadcrumb\":{\"@id\":\"https:\\\/\\\/www.mobilier-design-occasion.fr\\\/magazine\\\/comment-decorer-son-salon-quand-on-est-locataire-astuces-simples-et-sans-percage\\\/#breadcrumb\"},\"inLanguage\":\"fr-FR\",\"potentialAction\":[{\"@type\":\"ReadAction\",\"target\":[\"https:\\\/\\\/www.mobilier-design-occasion.fr\\\/magazine\\\/comment-decorer-son-salon-quand-on-est-locataire-astuces-simples-et-sans-percage\\\/\"]}]},{\"@type\":\"ImageObject\",\"inLanguage\":\"fr-FR\",\"@id\":\"https:\\\/\\\/www.mobilier-design-occasion.fr\\\/magazine\\\/comment-decorer-son-salon-quand-on-est-locataire-astuces-simples-et-sans-percage\\\/#primaryimage\",\"url\":\"https:\\\/\\\/www.mobilier-design-occasion.fr\\\/magazine\\\/wp-content\\\/uploads\\\/2025\\\/07\\\/3abf2bf59d55d3b5552e7695a80cecef-scaled.jpg\",\"contentUrl\":\"https:\\\/\\\/www.mobilier-design-occasion.fr\\\/magazine\\\/wp-content\\\/uploads\\\/2025\\\/07\\\/3abf2bf59d55d3b5552e7695a80cecef-scaled.jpg\",\"width\":1152,\"height\":2048},{\"@type\":\"BreadcrumbList\",\"@id\":\"https:\\\/\\\/www.mobilier-design-occasion.fr\\\/magazine\\\/comment-decorer-son-salon-quand-on-est-locataire-astuces-simples-et-sans-percage\\\/#breadcrumb\",\"itemListElement\":[{\"@type\":\"ListItem\",\"position\":1,\"name\":\"Accueil\",\"item\":\"https:\\\/\\\/www.mobilier-design-occasion.fr\\\/magazine\\\/\"},{\"@type\":\"ListItem\",\"position\":2,\"name\":\"Comment d\u00e9corer son salon quand on est locataire : astuces simples et sans per\u00e7age\"}]},{\"@type\":\"WebSite\",\"@id\":\"https:\\\/\\\/www.mobilier-design-occasion.fr\\\/magazine\\\/#website\",\"url\":\"https:\\\/\\\/www.mobilier-design-occasion.fr\\\/magazine\\\/\",\"name\":\"Mobilier Design Magazine\",\"description\":\"\",\"publisher\":{\"@id\":\"https:\\\/\\\/www.mobilier-design-occasion.fr\\\/magazine\\\/#organization\"},\"potentialAction\":[{\"@type\":\"SearchAction\",\"target\":{\"@type\":\"EntryPoint\",\"urlTemplate\":\"https:\\\/\\\/www.mobilier-design-occasion.fr\\\/magazine\\\/?s={search_term_string}\"},\"query-input\":{\"@type\":\"PropertyValueSpecification\",\"valueRequired\":true,\"valueName\":\"search_term_string\"}}],\"inLanguage\":\"fr-FR\"},{\"@type\":\"Organization\",\"@id\":\"https:\\\/\\\/www.mobilier-design-occasion.fr\\\/magazine\\\/#organization\",\"name\":\"Mobilier Design Magazine\",\"url\":\"https:\\\/\\\/www.mobilier-design-occasion.fr\\\/magazine\\\/\",\"logo\":{\"@type\":\"ImageObject\",\"inLanguage\":\"fr-FR\",\"@id\":\"https:\\\/\\\/www.mobilier-design-occasion.fr\\\/magazine\\\/#\\\/schema\\\/logo\\\/image\\\/\",\"url\":\"https:\\\/\\\/www.mobilier-design-occasion.fr\\\/magazine\\\/wp-content\\\/uploads\\\/2024\\\/02\\\/android-chrome-192x192-1.png\",\"contentUrl\":\"https:\\\/\\\/www.mobilier-design-occasion.fr\\\/magazine\\\/wp-content\\\/uploads\\\/2024\\\/02\\\/android-chrome-192x192-1.png\",\"width\":192,\"height\":192,\"caption\":\"Mobilier Design Magazine\"},\"image\":{\"@id\":\"https:\\\/\\\/www.mobilier-design-occasion.fr\\\/magazine\\\/#\\\/schema\\\/logo\\\/image\\\/\"},\"sameAs\":[\"https:\\\/\\\/www.facebook.com\\\/mobilierdesignoccasion\"]},{\"@type\":\"Person\",\"@id\":\"https:\\\/\\\/www.mobilier-design-occasion.fr\\\/magazine\\\/#\\\/schema\\\/person\\\/af895bedc80bfb6b17730a672fddac9e\",\"name\":\"Vincent Vandegans\",\"image\":{\"@type\":\"ImageObject\",\"inLanguage\":\"fr-FR\",\"@id\":\"https:\\\/\\\/secure.gravatar.com\\\/avatar\\\/b984800dabdf722d5e3f03f637c8932dea77d81118467d17ad2953e3b273ec66?s=96&d=mm&r=g\",\"url\":\"https:\\\/\\\/secure.gravatar.com\\\/avatar\\\/b984800dabdf722d5e3f03f637c8932dea77d81118467d17ad2953e3b273ec66?s=96&d=mm&r=g\",\"contentUrl\":\"https:\\\/\\\/secure.gravatar.com\\\/avatar\\\/b984800dabdf722d5e3f03f637c8932dea77d81118467d17ad2953e3b273ec66?s=96&d=mm&r=g\",\"caption\":\"Vincent Vandegans\"},\"description\":\"Vincent est passionn\u00e9 par les produits d'occasion, il a ouvert le site MDO avec Cyrielle pour aider les gens \u00e0 trouver du mobilier d'occasion, vintage ou usag\u00e9. Depuis, ils ont \u00e9tendu leurs activit\u00e9s et conseillent tout le monde sur le mobilier d'int\u00e9rieur et d'ext\u00e9rieur au quotidien \u00e0 travers le magazine MDO.\",\"url\":\"https:\\\/\\\/www.mobilier-design-occasion.fr\\\/magazine\\\/author\\\/vincent\\\/\"}]}<\/script>\n<!-- \/ Yoast SEO plugin. -->","yoast_head_json":{"title":"D\u00e9corer son salon en location : 5 id\u00e9es sans percer","description":"Vous \u00eates locataire ? D\u00e9couvrez 5 id\u00e9es d\u00e9co simples et sans per\u00e7age pour transformer votre salon sans travaux et sans risquer votre caution.","robots":{"index":"index","follow":"follow","max-snippet":"max-snippet:-1","max-image-preview":"max-image-preview:large","max-video-preview":"max-video-preview:-1"},"canonical":"https:\/\/www.mobilier-design-occasion.fr\/magazine\/comment-decorer-son-salon-quand-on-est-locataire-astuces-simples-et-sans-percage\/","og_locale":"fr_FR","og_type":"article","og_title":"D\u00e9corer son salon en location : 5 id\u00e9es sans percer","og_description":"Vous \u00eates locataire ? D\u00e9couvrez 5 id\u00e9es d\u00e9co simples et sans per\u00e7age pour transformer votre salon sans travaux et sans risquer votre caution.","og_url":"https:\/\/www.mobilier-design-occasion.fr\/magazine\/comment-decorer-son-salon-quand-on-est-locataire-astuces-simples-et-sans-percage\/","og_site_name":"Mobilier Design Magazine","article_publisher":"https:\/\/www.facebook.com\/mobilierdesignoccasion","article_published_time":"2025-07-07T12:40:55+00:00","og_image":[{"width":1152,"height":2048,"url":"https:\/\/www.mobilier-design-occasion.fr\/magazine\/wp-content\/uploads\/2025\/07\/3abf2bf59d55d3b5552e7695a80cecef-scaled.jpg","type":"image\/jpeg"}],"author":"Vincent Vandegans","twitter_card":"summary_large_image","twitter_misc":{"\u00c9crit par":"Vincent Vandegans","Dur\u00e9e de lecture estim\u00e9e":"3 minutes"},"schema":{"@context":"https:\/\/schema.org","@graph":[{"@type":"Article","@id":"https:\/\/www.mobilier-design-occasion.fr\/magazine\/comment-decorer-son-salon-quand-on-est-locataire-astuces-simples-et-sans-percage\/#article","isPartOf":{"@id":"https:\/\/www.mobilier-design-occasion.fr\/magazine\/comment-decorer-son-salon-quand-on-est-locataire-astuces-simples-et-sans-percage\/"},"author":{"name":"Vincent Vandegans","@id":"https:\/\/www.mobilier-design-occasion.fr\/magazine\/#\/schema\/person\/af895bedc80bfb6b17730a672fddac9e"},"headline":"Comment d\u00e9corer son salon quand on est locataire : astuces simples et sans per\u00e7age","datePublished":"2025-07-07T12:40:55+00:00","mainEntityOfPage":{"@id":"https:\/\/www.mobilier-design-occasion.fr\/magazine\/comment-decorer-son-salon-quand-on-est-locataire-astuces-simples-et-sans-percage\/"},"wordCount":672,"commentCount":0,"publisher":{"@id":"https:\/\/www.mobilier-design-occasion.fr\/magazine\/#organization"},"image":{"@id":"https:\/\/www.mobilier-design-occasion.fr\/magazine\/comment-decorer-son-salon-quand-on-est-locataire-astuces-simples-et-sans-percage\/#primaryimage"},"thumbnailUrl":"https:\/\/www.mobilier-design-occasion.fr\/magazine\/wp-content\/uploads\/2025\/07\/3abf2bf59d55d3b5552e7695a80cecef-scaled.jpg","articleSection":["Salon"],"inLanguage":"fr-FR","potentialAction":[{"@type":"CommentAction","name":"Comment","target":["https:\/\/www.mobilier-design-occasion.fr\/magazine\/comment-decorer-son-salon-quand-on-est-locataire-astuces-simples-et-sans-percage\/#respond"]}]},{"@type":"WebPage","@id":"https:\/\/www.mobilier-design-occasion.fr\/magazine\/comment-decorer-son-salon-quand-on-est-locataire-astuces-simples-et-sans-percage\/","url":"https:\/\/www.mobilier-design-occasion.fr\/magazine\/comment-decorer-son-salon-quand-on-est-locataire-astuces-simples-et-sans-percage\/","name":"D\u00e9corer son salon en location : 5 id\u00e9es sans percer","isPartOf":{"@id":"https:\/\/www.mobilier-design-occasion.fr\/magazine\/#website"},"primaryImageOfPage":{"@id":"https:\/\/www.mobilier-design-occasion.fr\/magazine\/comment-decorer-son-salon-quand-on-est-locataire-astuces-simples-et-sans-percage\/#primaryimage"},"image":{"@id":"https:\/\/www.mobilier-design-occasion.fr\/magazine\/comment-decorer-son-salon-quand-on-est-locataire-astuces-simples-et-sans-percage\/#primaryimage"},"thumbnailUrl":"https:\/\/www.mobilier-design-occasion.fr\/magazine\/wp-content\/uploads\/2025\/07\/3abf2bf59d55d3b5552e7695a80cecef-scaled.jpg","datePublished":"2025-07-07T12:40:55+00:00","description":"Vous \u00eates locataire ? D\u00e9couvrez 5 id\u00e9es d\u00e9co simples et sans per\u00e7age pour transformer votre salon sans travaux et sans risquer votre caution.","breadcrumb":{"@id":"https:\/\/www.mobilier-design-occasion.fr\/magazine\/comment-decorer-son-salon-quand-on-est-locataire-astuces-simples-et-sans-percage\/#breadcrumb"},"inLanguage":"fr-FR","potentialAction":[{"@type":"ReadAction","target":["https:\/\/www.mobilier-design-occasion.fr\/magazine\/comment-decorer-son-salon-quand-on-est-locataire-astuces-simples-et-sans-percage\/"]}]},{"@type":"ImageObject","inLanguage":"fr-FR","@id":"https:\/\/www.mobilier-design-occasion.fr\/magazine\/comment-decorer-son-salon-quand-on-est-locataire-astuces-simples-et-sans-percage\/#primaryimage","url":"https:\/\/www.mobilier-design-occasion.fr\/magazine\/wp-content\/uploads\/2025\/07\/3abf2bf59d55d3b5552e7695a80cecef-scaled.jpg","contentUrl":"https:\/\/www.mobilier-design-occasion.fr\/magazine\/wp-content\/uploads\/2025\/07\/3abf2bf59d55d3b5552e7695a80cecef-scaled.jpg","width":1152,"height":2048},{"@type":"BreadcrumbList","@id":"https:\/\/www.mobilier-design-occasion.fr\/magazine\/comment-decorer-son-salon-quand-on-est-locataire-astuces-simples-et-sans-percage\/#breadcrumb","itemListElement":[{"@type":"ListItem","position":1,"name":"Accueil","item":"https:\/\/www.mobilier-design-occasion.fr\/magazine\/"},{"@type":"ListItem","position":2,"name":"Comment d\u00e9corer son salon quand on est locataire : astuces simples et sans per\u00e7age"}]},{"@type":"WebSite","@id":"https:\/\/www.mobilier-design-occasion.fr\/magazine\/#website","url":"https:\/\/www.mobilier-design-occasion.fr\/magazine\/","name":"Mobilier Design Magazine","description":"","publisher":{"@id":"https:\/\/www.mobilier-design-occasion.fr\/magazine\/#organization"},"potentialAction":[{"@type":"SearchAction","target":{"@type":"EntryPoint","urlTemplate":"https:\/\/www.mobilier-design-occasion.fr\/magazine\/?s={search_term_string}"},"query-input":{"@type":"PropertyValueSpecification","valueRequired":true,"valueName":"search_term_string"}}],"inLanguage":"fr-FR"},{"@type":"Organization","@id":"https:\/\/www.mobilier-design-occasion.fr\/magazine\/#organization","name":"Mobilier Design Magazine","url":"https:\/\/www.mobilier-design-occasion.fr\/magazine\/","logo":{"@type":"ImageObject","inLanguage":"fr-FR","@id":"https:\/\/www.mobilier-design-occasion.fr\/magazine\/#\/schema\/logo\/image\/","url":"https:\/\/www.mobilier-design-occasion.fr\/magazine\/wp-content\/uploads\/2024\/02\/android-chrome-192x192-1.png","contentUrl":"https:\/\/www.mobilier-design-occasion.fr\/magazine\/wp-content\/uploads\/2024\/02\/android-chrome-192x192-1.png","width":192,"height":192,"caption":"Mobilier Design Magazine"},"image":{"@id":"https:\/\/www.mobilier-design-occasion.fr\/magazine\/#\/schema\/logo\/image\/"},"sameAs":["https:\/\/www.facebook.com\/mobilierdesignoccasion"]},{"@type":"Person","@id":"https:\/\/www.mobilier-design-occasion.fr\/magazine\/#\/schema\/person\/af895bedc80bfb6b17730a672fddac9e","name":"Vincent Vandegans","image":{"@type":"ImageObject","inLanguage":"fr-FR","@id":"https:\/\/secure.gravatar.com\/avatar\/b984800dabdf722d5e3f03f637c8932dea77d81118467d17ad2953e3b273ec66?s=96&d=mm&r=g","url":"https:\/\/secure.gravatar.com\/avatar\/b984800dabdf722d5e3f03f637c8932dea77d81118467d17ad2953e3b273ec66?s=96&d=mm&r=g","contentUrl":"https:\/\/secure.gravatar.com\/avatar\/b984800dabdf722d5e3f03f637c8932dea77d81118467d17ad2953e3b273ec66?s=96&d=mm&r=g","caption":"Vincent Vandegans"},"description":"Vincent est passionn\u00e9 par les produits d'occasion, il a ouvert le site MDO avec Cyrielle pour aider les gens \u00e0 trouver du mobilier d'occasion, vintage ou usag\u00e9. Depuis, ils ont \u00e9tendu leurs activit\u00e9s et conseillent tout le monde sur le mobilier d'int\u00e9rieur et d'ext\u00e9rieur au quotidien \u00e0 travers le magazine MDO.","url":"https:\/\/www.mobilier-design-occasion.fr\/magazine\/author\/vincent\/"}]}},"_links":{"self":[{"href":"https:\/\/www.mobilier-design-occasion.fr\/magazine\/wp-json\/wp\/v2\/posts\/8331","targetHints":{"allow":["GET"]}}],"collection":[{"href":"https:\/\/www.mobilier-design-occasion.fr\/magazine\/wp-json\/wp\/v2\/posts"}],"about":[{"href":"https:\/\/www.mobilier-design-occasion.fr\/magazine\/wp-json\/wp\/v2\/types\/post"}],"author":[{"embeddable":true,"href":"https:\/\/www.mobilier-design-occasion.fr\/magazine\/wp-json\/wp\/v2\/users\/2"}],"replies":[{"embeddable":true,"href":"https:\/\/www.mobilier-design-occasion.fr\/magazine\/wp-json\/wp\/v2\/comments?post=8331"}],"version-history":[{"count":1,"href":"https:\/\/www.mobilier-design-occasion.fr\/magazine\/wp-json\/wp\/v2\/posts\/8331\/revisions"}],"predecessor-version":[{"id":8332,"href":"https:\/\/www.mobilier-design-occasion.fr\/magazine\/wp-json\/wp\/v2\/posts\/8331\/revisions\/8332"}],"wp:featuredmedia":[{"embeddable":true,"href":"https:\/\/www.mobilier-design-occasion.fr\/magazine\/wp-json\/wp\/v2\/media\/8333"}],"wp:attachment":[{"href":"https:\/\/www.mobilier-design-occasion.fr\/magazine\/wp-json\/wp\/v2\/media?parent=8331"}],"wp:term":[{"taxonomy":"category","embeddable":true,"href":"https:\/\/www.mobilier-design-occasion.fr\/magazine\/wp-json\/wp\/v2\/categories?post=8331"},{"taxonomy":"post_tag","embeddable":true,"href":"https:\/\/www.mobilier-design-occasion.fr\/magazine\/wp-json\/wp\/v2\/tags?post=8331"}],"curies":[{"name":"wp","href":"https:\/\/api.w.org\/{rel}","templated":true}]}}