{"id":8324,"date":"2025-07-06T11:08:01","date_gmt":"2025-07-06T11:08:01","guid":{"rendered":"https:\/\/www.mobilier-design-occasion.fr\/magazine\/gestion-locative-quels-services-choisir-pour-son-bien\/"},"modified":"2025-07-06T11:08:03","modified_gmt":"2025-07-06T11:08:03","slug":"gestion-locative-quels-services-choisir-pour-son-bien","status":"publish","type":"post","link":"https:\/\/www.mobilier-design-occasion.fr\/magazine\/gestion-locative-quels-services-choisir-pour-son-bien\/","title":{"rendered":"Gestion locative : quels services choisir pour son bien ?"},"content":{"rendered":"<div>\n<p>Vous poss\u00e9dez un bien immobilier et vous vous demandez comment en tirer le meilleur parti sans vous noyer dans les t\u00e2ches administratives ? La gestion locative offre des solutions adapt\u00e9es pour simplifier votre quotidien tout en optimisant la rentabilit\u00e9 de votre investissement. Cependant, face \u00e0 la diversit\u00e9 des services propos\u00e9s, il peut \u00eatre difficile de savoir lesquels privil\u00e9gier. Des t\u00e2ches courantes comme la collecte des loyers aux interventions plus sp\u00e9cifiques comme les r\u00e9novations, chaque service joue un r\u00f4le cl\u00e9. Voici un guide clair pour vous aider \u00e0 choisir les prestations qui r\u00e9pondent \u00e0 vos besoins.<\/p>\n<h2>Les services de base pour une gestion locative fluide<\/h2>\n<p>La gestion locative repose sur des prestations fondamentales qui garantissent une administration efficace de votre bien. La s\u00e9lection des locataires <strong>figure parmi les t\u00e2ches prioritaires<\/strong> : les professionnels v\u00e9rifient les ant\u00e9c\u00e9dents financiers et personnels des candidats pour limiter les risques de loyers impay\u00e9s ou de d\u00e9gradations. La collecte des loyers, souvent automatis\u00e9e via des plateformes s\u00e9curis\u00e9es, <strong>assure des paiements r\u00e9guliers et r\u00e9duit les tracas<\/strong>. Par ailleurs, les gestionnaires coordonnent la maintenance courante, organisant les r\u00e9parations n\u00e9cessaires avec des artisans qualifi\u00e9s. Ces services vous lib\u00e8rent du temps <strong>tout en maintenant votre propri\u00e9t\u00e9 en excellent \u00e9tat, ce qui contribue \u00e0 sa valeur \u00e0 long terme<\/strong>. Ainsi, d\u00e9l\u00e9guer ces responsabilit\u00e9s \u00e0 des experts vous permet de g\u00e9rer votre bien avec s\u00e9r\u00e9nit\u00e9.<\/p>\n<p><img loading=\"lazy\" decoding=\"async\" class=\"aligncenter\" src=\"https:\/\/www.mobilier-design-occasion.fr\/magazine\/wp-content\/uploads\/2025\/07\/9e8b248ecc4d68159d6436bdd48a3891.jpeg\" width=\"700\" height=\"700\"><\/p>\n<p>En compl\u00e9ment, les gestionnaires veillent \u00e0 respecter les obligations l\u00e9gales, <strong>comme les normes de s\u00e9curit\u00e9 ou les r\u00e9glementations fiscales<\/strong>. Cette expertise est pr\u00e9cieuse, surtout si vous n\u2019\u00eates pas familier avec le droit immobilier. Ils r\u00e9digent des baux conformes, g\u00e8rent les \u00e9ventuels litiges avec les locataires et s\u2019assurent que votre bien r\u00e9pond aux exigences locales. En confiant ces t\u00e2ches \u00e0 des professionnels, <strong>vous \u00e9vitez les erreurs co\u00fbteuses et gagnez en tranquillit\u00e9 d\u2019esprit<\/strong>. Ces services de base forment le socle d\u2019une gestion locative r\u00e9ussie, vous permettant de vous concentrer sur vos projets tout en assurant une gestion optimale de votre propri\u00e9t\u00e9.<\/p>\n<h2>L\u2019importance des services de r\u00e9novation et de maintenance<\/h2>\n<p>Pour pr\u00e9server la valeur de votre bien et attirer des locataires de qualit\u00e9, les services de r\u00e9novation et de maintenance <strong>s\u2019av\u00e8rent indispensables<\/strong>. Un logement bien entretenu s\u00e9duit davantage, ce qui peut justifier des loyers plus \u00e9lev\u00e9s et r\u00e9duire les p\u00e9riodes de vacances. Des entreprises d&#8217;experts, comme <a href=\"https:\/\/gestionjprestige.ca\/\" target=\"_blank\" rel=\"noopener noreferrer\">Les Gestions J. Prestige<\/a>, proposent des travaux allant des simples rafra\u00eechissements aux r\u00e9novations compl\u00e8tes, <strong>adapt\u00e9es aux sp\u00e9cificit\u00e9s de votre propri\u00e9t\u00e9<\/strong>. Ces interventions am\u00e9liorent l\u2019esth\u00e9tique et la fonctionnalit\u00e9 du bien, renfor\u00e7ant son attractivit\u00e9 sur le march\u00e9. En investissant dans ces services, vous prot\u00e9gez votre patrimoine tout en optimisant sa rentabilit\u00e9.<\/p>\n<p><img loading=\"lazy\" decoding=\"async\" class=\"aligncenter\" src=\"https:\/\/www.mobilier-design-occasion.fr\/magazine\/wp-content\/uploads\/2025\/07\/2c01a60793571c63327058a98fe4c2cd.jpeg\" width=\"700\" height=\"700\"><\/p>\n<p>En cas de sinistres, comme une inondation ou un incendie, une intervention rapide devient essentielle pour limiter les d\u00e9g\u00e2ts. Des professionnels, tels que Les Gestions J. Prestige, offrent des services de restauration disponibles 24 h\/24, <strong>prenant en charge : <\/strong><\/p>\n<ul>\n<li><strong>le nettoyage ;<\/strong><\/li>\n<li><strong>les r\u00e9parations ;<\/strong><\/li>\n<li><strong>et la coordination avec les assureurs<\/strong>.<\/li>\n<\/ul>\n<p>Cette r\u00e9activit\u00e9 minimise les perturbations pour les locataires et prot\u00e8ge votre investissement. En int\u00e9grant ces prestations \u00e0 votre strat\u00e9gie de gestion locative, vous garantissez non seulement la p\u00e9rennit\u00e9 de votre bien, mais aussi la satisfaction des occupants<strong>, ce qui renforce la performance globale de votre propri\u00e9t\u00e9.<\/strong><\/p>\n<\/div>\n","protected":false},"excerpt":{"rendered":"<p>Vous poss\u00e9dez un bien immobilier et vous vous demandez comment en tirer le meilleur parti sans vous noyer dans les t\u00e2ches administratives ? La gestion locative offre des solutions adapt\u00e9es pour simplifier votre quotidien tout en optimisant la rentabilit\u00e9 de votre investissement. Cependant, face \u00e0 la diversit\u00e9 des services propos\u00e9s, il peut \u00eatre difficile de [&hellip;]<\/p>\n","protected":false},"author":2,"featured_media":8328,"comment_status":"open","ping_status":"open","sticky":false,"template":"","format":"standard","meta":{"footnotes":""},"categories":[120],"tags":[],"class_list":["post-8324","post","type-post","status-publish","format-standard","has-post-thumbnail","hentry","category-chambre"],"yoast_head":"<!-- This site is optimized with the Yoast SEO plugin v27.5 - https:\/\/yoast.com\/product\/yoast-seo-wordpress\/ -->\n<title>Gestion locative : quels services pour optimiser votre bien ?<\/title>\n<meta name=\"description\" content=\"Voici des services de gestion locative pour maximiser la rentabilit\u00e9 de votre bien. De la s\u00e9lection des locataires aux r\u00e9novations, faites les bons choix.\" \/>\n<meta name=\"robots\" content=\"index, follow, max-snippet:-1, max-image-preview:large, max-video-preview:-1\" \/>\n<link rel=\"canonical\" href=\"https:\/\/www.mobilier-design-occasion.fr\/magazine\/gestion-locative-quels-services-choisir-pour-son-bien\/\" \/>\n<meta property=\"og:locale\" content=\"fr_FR\" \/>\n<meta property=\"og:type\" content=\"article\" \/>\n<meta property=\"og:title\" content=\"Gestion locative : quels services pour optimiser votre bien ?\" \/>\n<meta property=\"og:description\" content=\"Voici des services de gestion locative pour maximiser la rentabilit\u00e9 de votre bien. De la s\u00e9lection des locataires aux r\u00e9novations, faites les bons choix.\" \/>\n<meta property=\"og:url\" content=\"https:\/\/www.mobilier-design-occasion.fr\/magazine\/gestion-locative-quels-services-choisir-pour-son-bien\/\" \/>\n<meta property=\"og:site_name\" content=\"Mobilier Design Magazine\" \/>\n<meta property=\"article:publisher\" content=\"https:\/\/www.facebook.com\/mobilierdesignoccasion\" \/>\n<meta property=\"article:published_time\" content=\"2025-07-06T11:08:01+00:00\" \/>\n<meta property=\"article:modified_time\" content=\"2025-07-06T11:08:03+00:00\" \/>\n<meta property=\"og:image\" content=\"https:\/\/www.mobilier-design-occasion.fr\/magazine\/wp-content\/uploads\/2025\/07\/c8a3f3ac39982155d7f7d5c69544f31d.jpeg\" \/>\n\t<meta property=\"og:image:width\" content=\"847\" \/>\n\t<meta property=\"og:image:height\" content=\"565\" \/>\n\t<meta property=\"og:image:type\" content=\"image\/jpeg\" \/>\n<meta name=\"author\" content=\"Vincent Vandegans\" \/>\n<meta name=\"twitter:card\" content=\"summary_large_image\" \/>\n<meta name=\"twitter:label1\" content=\"\u00c9crit par\" \/>\n\t<meta name=\"twitter:data1\" content=\"Vincent Vandegans\" \/>\n\t<meta name=\"twitter:label2\" content=\"Dur\u00e9e de lecture estim\u00e9e\" \/>\n\t<meta name=\"twitter:data2\" content=\"3 minutes\" \/>\n<script type=\"application\/ld+json\" class=\"yoast-schema-graph\">{\"@context\":\"https:\\\/\\\/schema.org\",\"@graph\":[{\"@type\":\"Article\",\"@id\":\"https:\\\/\\\/www.mobilier-design-occasion.fr\\\/magazine\\\/gestion-locative-quels-services-choisir-pour-son-bien\\\/#article\",\"isPartOf\":{\"@id\":\"https:\\\/\\\/www.mobilier-design-occasion.fr\\\/magazine\\\/gestion-locative-quels-services-choisir-pour-son-bien\\\/\"},\"author\":{\"name\":\"Vincent Vandegans\",\"@id\":\"https:\\\/\\\/www.mobilier-design-occasion.fr\\\/magazine\\\/#\\\/schema\\\/person\\\/af895bedc80bfb6b17730a672fddac9e\"},\"headline\":\"Gestion locative : quels services choisir pour son bien ?\",\"datePublished\":\"2025-07-06T11:08:01+00:00\",\"dateModified\":\"2025-07-06T11:08:03+00:00\",\"mainEntityOfPage\":{\"@id\":\"https:\\\/\\\/www.mobilier-design-occasion.fr\\\/magazine\\\/gestion-locative-quels-services-choisir-pour-son-bien\\\/\"},\"wordCount\":595,\"commentCount\":0,\"publisher\":{\"@id\":\"https:\\\/\\\/www.mobilier-design-occasion.fr\\\/magazine\\\/#organization\"},\"image\":{\"@id\":\"https:\\\/\\\/www.mobilier-design-occasion.fr\\\/magazine\\\/gestion-locative-quels-services-choisir-pour-son-bien\\\/#primaryimage\"},\"thumbnailUrl\":\"https:\\\/\\\/www.mobilier-design-occasion.fr\\\/magazine\\\/wp-content\\\/uploads\\\/2025\\\/07\\\/c8a3f3ac39982155d7f7d5c69544f31d.jpeg\",\"articleSection\":[\"Chambre\"],\"inLanguage\":\"fr-FR\",\"potentialAction\":[{\"@type\":\"CommentAction\",\"name\":\"Comment\",\"target\":[\"https:\\\/\\\/www.mobilier-design-occasion.fr\\\/magazine\\\/gestion-locative-quels-services-choisir-pour-son-bien\\\/#respond\"]}]},{\"@type\":\"WebPage\",\"@id\":\"https:\\\/\\\/www.mobilier-design-occasion.fr\\\/magazine\\\/gestion-locative-quels-services-choisir-pour-son-bien\\\/\",\"url\":\"https:\\\/\\\/www.mobilier-design-occasion.fr\\\/magazine\\\/gestion-locative-quels-services-choisir-pour-son-bien\\\/\",\"name\":\"Gestion locative : quels services pour optimiser votre bien ?\",\"isPartOf\":{\"@id\":\"https:\\\/\\\/www.mobilier-design-occasion.fr\\\/magazine\\\/#website\"},\"primaryImageOfPage\":{\"@id\":\"https:\\\/\\\/www.mobilier-design-occasion.fr\\\/magazine\\\/gestion-locative-quels-services-choisir-pour-son-bien\\\/#primaryimage\"},\"image\":{\"@id\":\"https:\\\/\\\/www.mobilier-design-occasion.fr\\\/magazine\\\/gestion-locative-quels-services-choisir-pour-son-bien\\\/#primaryimage\"},\"thumbnailUrl\":\"https:\\\/\\\/www.mobilier-design-occasion.fr\\\/magazine\\\/wp-content\\\/uploads\\\/2025\\\/07\\\/c8a3f3ac39982155d7f7d5c69544f31d.jpeg\",\"datePublished\":\"2025-07-06T11:08:01+00:00\",\"dateModified\":\"2025-07-06T11:08:03+00:00\",\"description\":\"Voici des services de gestion locative pour maximiser la rentabilit\u00e9 de votre bien. De la s\u00e9lection des locataires aux r\u00e9novations, faites les bons choix.\",\"breadcrumb\":{\"@id\":\"https:\\\/\\\/www.mobilier-design-occasion.fr\\\/magazine\\\/gestion-locative-quels-services-choisir-pour-son-bien\\\/#breadcrumb\"},\"inLanguage\":\"fr-FR\",\"potentialAction\":[{\"@type\":\"ReadAction\",\"target\":[\"https:\\\/\\\/www.mobilier-design-occasion.fr\\\/magazine\\\/gestion-locative-quels-services-choisir-pour-son-bien\\\/\"]}]},{\"@type\":\"ImageObject\",\"inLanguage\":\"fr-FR\",\"@id\":\"https:\\\/\\\/www.mobilier-design-occasion.fr\\\/magazine\\\/gestion-locative-quels-services-choisir-pour-son-bien\\\/#primaryimage\",\"url\":\"https:\\\/\\\/www.mobilier-design-occasion.fr\\\/magazine\\\/wp-content\\\/uploads\\\/2025\\\/07\\\/c8a3f3ac39982155d7f7d5c69544f31d.jpeg\",\"contentUrl\":\"https:\\\/\\\/www.mobilier-design-occasion.fr\\\/magazine\\\/wp-content\\\/uploads\\\/2025\\\/07\\\/c8a3f3ac39982155d7f7d5c69544f31d.jpeg\",\"width\":847,\"height\":565},{\"@type\":\"BreadcrumbList\",\"@id\":\"https:\\\/\\\/www.mobilier-design-occasion.fr\\\/magazine\\\/gestion-locative-quels-services-choisir-pour-son-bien\\\/#breadcrumb\",\"itemListElement\":[{\"@type\":\"ListItem\",\"position\":1,\"name\":\"Accueil\",\"item\":\"https:\\\/\\\/www.mobilier-design-occasion.fr\\\/magazine\\\/\"},{\"@type\":\"ListItem\",\"position\":2,\"name\":\"Gestion locative : quels services choisir pour son bien ?\"}]},{\"@type\":\"WebSite\",\"@id\":\"https:\\\/\\\/www.mobilier-design-occasion.fr\\\/magazine\\\/#website\",\"url\":\"https:\\\/\\\/www.mobilier-design-occasion.fr\\\/magazine\\\/\",\"name\":\"Mobilier Design Magazine\",\"description\":\"\",\"publisher\":{\"@id\":\"https:\\\/\\\/www.mobilier-design-occasion.fr\\\/magazine\\\/#organization\"},\"potentialAction\":[{\"@type\":\"SearchAction\",\"target\":{\"@type\":\"EntryPoint\",\"urlTemplate\":\"https:\\\/\\\/www.mobilier-design-occasion.fr\\\/magazine\\\/?s={search_term_string}\"},\"query-input\":{\"@type\":\"PropertyValueSpecification\",\"valueRequired\":true,\"valueName\":\"search_term_string\"}}],\"inLanguage\":\"fr-FR\"},{\"@type\":\"Organization\",\"@id\":\"https:\\\/\\\/www.mobilier-design-occasion.fr\\\/magazine\\\/#organization\",\"name\":\"Mobilier Design Magazine\",\"url\":\"https:\\\/\\\/www.mobilier-design-occasion.fr\\\/magazine\\\/\",\"logo\":{\"@type\":\"ImageObject\",\"inLanguage\":\"fr-FR\",\"@id\":\"https:\\\/\\\/www.mobilier-design-occasion.fr\\\/magazine\\\/#\\\/schema\\\/logo\\\/image\\\/\",\"url\":\"https:\\\/\\\/www.mobilier-design-occasion.fr\\\/magazine\\\/wp-content\\\/uploads\\\/2024\\\/02\\\/android-chrome-192x192-1.png\",\"contentUrl\":\"https:\\\/\\\/www.mobilier-design-occasion.fr\\\/magazine\\\/wp-content\\\/uploads\\\/2024\\\/02\\\/android-chrome-192x192-1.png\",\"width\":192,\"height\":192,\"caption\":\"Mobilier Design Magazine\"},\"image\":{\"@id\":\"https:\\\/\\\/www.mobilier-design-occasion.fr\\\/magazine\\\/#\\\/schema\\\/logo\\\/image\\\/\"},\"sameAs\":[\"https:\\\/\\\/www.facebook.com\\\/mobilierdesignoccasion\"]},{\"@type\":\"Person\",\"@id\":\"https:\\\/\\\/www.mobilier-design-occasion.fr\\\/magazine\\\/#\\\/schema\\\/person\\\/af895bedc80bfb6b17730a672fddac9e\",\"name\":\"Vincent Vandegans\",\"image\":{\"@type\":\"ImageObject\",\"inLanguage\":\"fr-FR\",\"@id\":\"https:\\\/\\\/secure.gravatar.com\\\/avatar\\\/b984800dabdf722d5e3f03f637c8932dea77d81118467d17ad2953e3b273ec66?s=96&d=mm&r=g\",\"url\":\"https:\\\/\\\/secure.gravatar.com\\\/avatar\\\/b984800dabdf722d5e3f03f637c8932dea77d81118467d17ad2953e3b273ec66?s=96&d=mm&r=g\",\"contentUrl\":\"https:\\\/\\\/secure.gravatar.com\\\/avatar\\\/b984800dabdf722d5e3f03f637c8932dea77d81118467d17ad2953e3b273ec66?s=96&d=mm&r=g\",\"caption\":\"Vincent Vandegans\"},\"description\":\"Vincent est passionn\u00e9 par les produits d'occasion, il a ouvert le site MDO avec Cyrielle pour aider les gens \u00e0 trouver du mobilier d'occasion, vintage ou usag\u00e9. Depuis, ils ont \u00e9tendu leurs activit\u00e9s et conseillent tout le monde sur le mobilier d'int\u00e9rieur et d'ext\u00e9rieur au quotidien \u00e0 travers le magazine MDO.\",\"url\":\"https:\\\/\\\/www.mobilier-design-occasion.fr\\\/magazine\\\/author\\\/vincent\\\/\"}]}<\/script>\n<!-- \/ Yoast SEO plugin. -->","yoast_head_json":{"title":"Gestion locative : quels services pour optimiser votre bien ?","description":"Voici des services de gestion locative pour maximiser la rentabilit\u00e9 de votre bien. De la s\u00e9lection des locataires aux r\u00e9novations, faites les bons choix.","robots":{"index":"index","follow":"follow","max-snippet":"max-snippet:-1","max-image-preview":"max-image-preview:large","max-video-preview":"max-video-preview:-1"},"canonical":"https:\/\/www.mobilier-design-occasion.fr\/magazine\/gestion-locative-quels-services-choisir-pour-son-bien\/","og_locale":"fr_FR","og_type":"article","og_title":"Gestion locative : quels services pour optimiser votre bien ?","og_description":"Voici des services de gestion locative pour maximiser la rentabilit\u00e9 de votre bien. De la s\u00e9lection des locataires aux r\u00e9novations, faites les bons choix.","og_url":"https:\/\/www.mobilier-design-occasion.fr\/magazine\/gestion-locative-quels-services-choisir-pour-son-bien\/","og_site_name":"Mobilier Design Magazine","article_publisher":"https:\/\/www.facebook.com\/mobilierdesignoccasion","article_published_time":"2025-07-06T11:08:01+00:00","article_modified_time":"2025-07-06T11:08:03+00:00","og_image":[{"width":847,"height":565,"url":"https:\/\/www.mobilier-design-occasion.fr\/magazine\/wp-content\/uploads\/2025\/07\/c8a3f3ac39982155d7f7d5c69544f31d.jpeg","type":"image\/jpeg"}],"author":"Vincent Vandegans","twitter_card":"summary_large_image","twitter_misc":{"\u00c9crit par":"Vincent Vandegans","Dur\u00e9e de lecture estim\u00e9e":"3 minutes"},"schema":{"@context":"https:\/\/schema.org","@graph":[{"@type":"Article","@id":"https:\/\/www.mobilier-design-occasion.fr\/magazine\/gestion-locative-quels-services-choisir-pour-son-bien\/#article","isPartOf":{"@id":"https:\/\/www.mobilier-design-occasion.fr\/magazine\/gestion-locative-quels-services-choisir-pour-son-bien\/"},"author":{"name":"Vincent Vandegans","@id":"https:\/\/www.mobilier-design-occasion.fr\/magazine\/#\/schema\/person\/af895bedc80bfb6b17730a672fddac9e"},"headline":"Gestion locative : quels services choisir pour son bien ?","datePublished":"2025-07-06T11:08:01+00:00","dateModified":"2025-07-06T11:08:03+00:00","mainEntityOfPage":{"@id":"https:\/\/www.mobilier-design-occasion.fr\/magazine\/gestion-locative-quels-services-choisir-pour-son-bien\/"},"wordCount":595,"commentCount":0,"publisher":{"@id":"https:\/\/www.mobilier-design-occasion.fr\/magazine\/#organization"},"image":{"@id":"https:\/\/www.mobilier-design-occasion.fr\/magazine\/gestion-locative-quels-services-choisir-pour-son-bien\/#primaryimage"},"thumbnailUrl":"https:\/\/www.mobilier-design-occasion.fr\/magazine\/wp-content\/uploads\/2025\/07\/c8a3f3ac39982155d7f7d5c69544f31d.jpeg","articleSection":["Chambre"],"inLanguage":"fr-FR","potentialAction":[{"@type":"CommentAction","name":"Comment","target":["https:\/\/www.mobilier-design-occasion.fr\/magazine\/gestion-locative-quels-services-choisir-pour-son-bien\/#respond"]}]},{"@type":"WebPage","@id":"https:\/\/www.mobilier-design-occasion.fr\/magazine\/gestion-locative-quels-services-choisir-pour-son-bien\/","url":"https:\/\/www.mobilier-design-occasion.fr\/magazine\/gestion-locative-quels-services-choisir-pour-son-bien\/","name":"Gestion locative : quels services pour optimiser votre bien ?","isPartOf":{"@id":"https:\/\/www.mobilier-design-occasion.fr\/magazine\/#website"},"primaryImageOfPage":{"@id":"https:\/\/www.mobilier-design-occasion.fr\/magazine\/gestion-locative-quels-services-choisir-pour-son-bien\/#primaryimage"},"image":{"@id":"https:\/\/www.mobilier-design-occasion.fr\/magazine\/gestion-locative-quels-services-choisir-pour-son-bien\/#primaryimage"},"thumbnailUrl":"https:\/\/www.mobilier-design-occasion.fr\/magazine\/wp-content\/uploads\/2025\/07\/c8a3f3ac39982155d7f7d5c69544f31d.jpeg","datePublished":"2025-07-06T11:08:01+00:00","dateModified":"2025-07-06T11:08:03+00:00","description":"Voici des services de gestion locative pour maximiser la rentabilit\u00e9 de votre bien. De la s\u00e9lection des locataires aux r\u00e9novations, faites les bons choix.","breadcrumb":{"@id":"https:\/\/www.mobilier-design-occasion.fr\/magazine\/gestion-locative-quels-services-choisir-pour-son-bien\/#breadcrumb"},"inLanguage":"fr-FR","potentialAction":[{"@type":"ReadAction","target":["https:\/\/www.mobilier-design-occasion.fr\/magazine\/gestion-locative-quels-services-choisir-pour-son-bien\/"]}]},{"@type":"ImageObject","inLanguage":"fr-FR","@id":"https:\/\/www.mobilier-design-occasion.fr\/magazine\/gestion-locative-quels-services-choisir-pour-son-bien\/#primaryimage","url":"https:\/\/www.mobilier-design-occasion.fr\/magazine\/wp-content\/uploads\/2025\/07\/c8a3f3ac39982155d7f7d5c69544f31d.jpeg","contentUrl":"https:\/\/www.mobilier-design-occasion.fr\/magazine\/wp-content\/uploads\/2025\/07\/c8a3f3ac39982155d7f7d5c69544f31d.jpeg","width":847,"height":565},{"@type":"BreadcrumbList","@id":"https:\/\/www.mobilier-design-occasion.fr\/magazine\/gestion-locative-quels-services-choisir-pour-son-bien\/#breadcrumb","itemListElement":[{"@type":"ListItem","position":1,"name":"Accueil","item":"https:\/\/www.mobilier-design-occasion.fr\/magazine\/"},{"@type":"ListItem","position":2,"name":"Gestion locative : quels services choisir pour son bien ?"}]},{"@type":"WebSite","@id":"https:\/\/www.mobilier-design-occasion.fr\/magazine\/#website","url":"https:\/\/www.mobilier-design-occasion.fr\/magazine\/","name":"Mobilier Design Magazine","description":"","publisher":{"@id":"https:\/\/www.mobilier-design-occasion.fr\/magazine\/#organization"},"potentialAction":[{"@type":"SearchAction","target":{"@type":"EntryPoint","urlTemplate":"https:\/\/www.mobilier-design-occasion.fr\/magazine\/?s={search_term_string}"},"query-input":{"@type":"PropertyValueSpecification","valueRequired":true,"valueName":"search_term_string"}}],"inLanguage":"fr-FR"},{"@type":"Organization","@id":"https:\/\/www.mobilier-design-occasion.fr\/magazine\/#organization","name":"Mobilier Design Magazine","url":"https:\/\/www.mobilier-design-occasion.fr\/magazine\/","logo":{"@type":"ImageObject","inLanguage":"fr-FR","@id":"https:\/\/www.mobilier-design-occasion.fr\/magazine\/#\/schema\/logo\/image\/","url":"https:\/\/www.mobilier-design-occasion.fr\/magazine\/wp-content\/uploads\/2024\/02\/android-chrome-192x192-1.png","contentUrl":"https:\/\/www.mobilier-design-occasion.fr\/magazine\/wp-content\/uploads\/2024\/02\/android-chrome-192x192-1.png","width":192,"height":192,"caption":"Mobilier Design Magazine"},"image":{"@id":"https:\/\/www.mobilier-design-occasion.fr\/magazine\/#\/schema\/logo\/image\/"},"sameAs":["https:\/\/www.facebook.com\/mobilierdesignoccasion"]},{"@type":"Person","@id":"https:\/\/www.mobilier-design-occasion.fr\/magazine\/#\/schema\/person\/af895bedc80bfb6b17730a672fddac9e","name":"Vincent Vandegans","image":{"@type":"ImageObject","inLanguage":"fr-FR","@id":"https:\/\/secure.gravatar.com\/avatar\/b984800dabdf722d5e3f03f637c8932dea77d81118467d17ad2953e3b273ec66?s=96&d=mm&r=g","url":"https:\/\/secure.gravatar.com\/avatar\/b984800dabdf722d5e3f03f637c8932dea77d81118467d17ad2953e3b273ec66?s=96&d=mm&r=g","contentUrl":"https:\/\/secure.gravatar.com\/avatar\/b984800dabdf722d5e3f03f637c8932dea77d81118467d17ad2953e3b273ec66?s=96&d=mm&r=g","caption":"Vincent Vandegans"},"description":"Vincent est passionn\u00e9 par les produits d'occasion, il a ouvert le site MDO avec Cyrielle pour aider les gens \u00e0 trouver du mobilier d'occasion, vintage ou usag\u00e9. Depuis, ils ont \u00e9tendu leurs activit\u00e9s et conseillent tout le monde sur le mobilier d'int\u00e9rieur et d'ext\u00e9rieur au quotidien \u00e0 travers le magazine MDO.","url":"https:\/\/www.mobilier-design-occasion.fr\/magazine\/author\/vincent\/"}]}},"_links":{"self":[{"href":"https:\/\/www.mobilier-design-occasion.fr\/magazine\/wp-json\/wp\/v2\/posts\/8324","targetHints":{"allow":["GET"]}}],"collection":[{"href":"https:\/\/www.mobilier-design-occasion.fr\/magazine\/wp-json\/wp\/v2\/posts"}],"about":[{"href":"https:\/\/www.mobilier-design-occasion.fr\/magazine\/wp-json\/wp\/v2\/types\/post"}],"author":[{"embeddable":true,"href":"https:\/\/www.mobilier-design-occasion.fr\/magazine\/wp-json\/wp\/v2\/users\/2"}],"replies":[{"embeddable":true,"href":"https:\/\/www.mobilier-design-occasion.fr\/magazine\/wp-json\/wp\/v2\/comments?post=8324"}],"version-history":[{"count":1,"href":"https:\/\/www.mobilier-design-occasion.fr\/magazine\/wp-json\/wp\/v2\/posts\/8324\/revisions"}],"predecessor-version":[{"id":8327,"href":"https:\/\/www.mobilier-design-occasion.fr\/magazine\/wp-json\/wp\/v2\/posts\/8324\/revisions\/8327"}],"wp:featuredmedia":[{"embeddable":true,"href":"https:\/\/www.mobilier-design-occasion.fr\/magazine\/wp-json\/wp\/v2\/media\/8328"}],"wp:attachment":[{"href":"https:\/\/www.mobilier-design-occasion.fr\/magazine\/wp-json\/wp\/v2\/media?parent=8324"}],"wp:term":[{"taxonomy":"category","embeddable":true,"href":"https:\/\/www.mobilier-design-occasion.fr\/magazine\/wp-json\/wp\/v2\/categories?post=8324"},{"taxonomy":"post_tag","embeddable":true,"href":"https:\/\/www.mobilier-design-occasion.fr\/magazine\/wp-json\/wp\/v2\/tags?post=8324"}],"curies":[{"name":"wp","href":"https:\/\/api.w.org\/{rel}","templated":true}]}}