{"id":8321,"date":"2025-07-03T08:59:10","date_gmt":"2025-07-03T08:59:10","guid":{"rendered":"https:\/\/www.mobilier-design-occasion.fr\/magazine\/tout-apprendre-a-propos-du-beton-cire\/"},"modified":"2025-07-03T08:59:10","modified_gmt":"2025-07-03T08:59:10","slug":"tout-apprendre-a-propos-du-beton-cire","status":"publish","type":"post","link":"https:\/\/www.mobilier-design-occasion.fr\/magazine\/tout-apprendre-a-propos-du-beton-cire\/","title":{"rendered":"Tout apprendre \u00e0 propos du b\u00e9ton cir\u00e9"},"content":{"rendered":"<div>\n<div>\n<p>L\u2019univers des rev\u00eatements d\u00e9coratifs conna\u00eet une transformation silencieuse mais durable, incarn\u00e9e par un mat\u00e9riau \u00e0 la fois esth\u00e9tique et technique\u00a0: le b\u00e9ton cir\u00e9. Issu de proc\u00e9d\u00e9s de formulation avanc\u00e9e, ce rev\u00eatement min\u00e9ral s\u2019impose dans l\u2019agencement des espaces int\u00e9rieurs et ext\u00e9rieurs gr\u00e2ce \u00e0 une combinaison subtile de robustesse et de raffinement visuel. Ce mat\u00e9riau s\u00e9duit non seulement les professionnels de l\u2019architecture, mais \u00e9galement les particuliers exigeant un rendu \u00e9pur\u00e9, coh\u00e9rent et contemporain, sans concession sur la long\u00e9vit\u00e9.<\/p>\n<h2><span class=\"ez-toc-section\" id=\"Les_caracteristiques_techniques_du_beton_cire\"><\/span>Les caract\u00e9ristiques techniques du b\u00e9ton cir\u00e9<span class=\"ez-toc-section-end\"><\/span><\/h2><div id=\"ez-toc-container\" class=\"ez-toc-v2_0_82_2 counter-hierarchy ez-toc-counter ez-toc-grey ez-toc-container-direction\">\n<div class=\"ez-toc-title-container\">\n<span class=\"ez-toc-title-toggle\"><a href=\"#\" class=\"ez-toc-pull-right ez-toc-btn ez-toc-btn-xs ez-toc-btn-default ez-toc-toggle\" aria-label=\"Toggle Table of Content\"><span class=\"ez-toc-js-icon-con\"><span class=\"\"><span class=\"eztoc-hide\" style=\"display:none;\">Toggle<\/span><span class=\"ez-toc-icon-toggle-span\"><svg style=\"fill: #999;color:#999\" xmlns=\"http:\/\/www.w3.org\/2000\/svg\" class=\"list-377408\" width=\"20px\" height=\"20px\" viewBox=\"0 0 24 24\" fill=\"none\"><path d=\"M6 6H4v2h2V6zm14 0H8v2h12V6zM4 11h2v2H4v-2zm16 0H8v2h12v-2zM4 16h2v2H4v-2zm16 0H8v2h12v-2z\" fill=\"currentColor\"><\/path><\/svg><svg style=\"fill: #999;color:#999\" class=\"arrow-unsorted-368013\" xmlns=\"http:\/\/www.w3.org\/2000\/svg\" width=\"10px\" height=\"10px\" viewBox=\"0 0 24 24\" version=\"1.2\" baseProfile=\"tiny\"><path d=\"M18.2 9.3l-6.2-6.3-6.2 6.3c-.2.2-.3.4-.3.7s.1.5.3.7c.2.2.4.3.7.3h11c.3 0 .5-.1.7-.3.2-.2.3-.5.3-.7s-.1-.5-.3-.7zM5.8 14.7l6.2 6.3 6.2-6.3c.2-.2.3-.5.3-.7s-.1-.5-.3-.7c-.2-.2-.4-.3-.7-.3h-11c-.3 0-.5.1-.7.3-.2.2-.3.5-.3.7s.1.5.3.7z\"\/><\/svg><\/span><\/span><\/span><\/a><\/span><\/div>\n<nav><ul class='ez-toc-list ez-toc-list-level-1 eztoc-toggle-hide-by-default' ><li class='ez-toc-page-1 ez-toc-heading-level-2'><a class=\"ez-toc-link ez-toc-heading-1\" href=\"https:\/\/www.mobilier-design-occasion.fr\/magazine\/tout-apprendre-a-propos-du-beton-cire\/#Les_caracteristiques_techniques_du_beton_cire\" >Les caract\u00e9ristiques techniques du b\u00e9ton cir\u00e9<\/a><\/li><li class='ez-toc-page-1 ez-toc-heading-level-2'><a class=\"ez-toc-link ez-toc-heading-2\" href=\"https:\/\/www.mobilier-design-occasion.fr\/magazine\/tout-apprendre-a-propos-du-beton-cire\/#Les_differents_usages_dans_lhabitat_prive\" >Les diff\u00e9rents usages dans l\u2019habitat priv\u00e9<\/a><\/li><li class='ez-toc-page-1 ez-toc-heading-level-2'><a class=\"ez-toc-link ez-toc-heading-3\" href=\"https:\/\/www.mobilier-design-occasion.fr\/magazine\/tout-apprendre-a-propos-du-beton-cire\/#Entretien_durabilite_et_contraintes_a_anticiper\" >Entretien, durabilit\u00e9 et contraintes \u00e0 anticiper<\/a><\/li><\/ul><\/nav><\/div>\n\n<p>Le <a href=\"https:\/\/www.mariusaurenti.com\/matiere\/beton-cire\/\" target=\"_blank\" rel=\"noopener noreferrer\">b\u00e9ton cir\u00e9 Marius Aurenti<\/a> se distingue par une composition tr\u00e8s \u00e9labor\u00e9e, m\u00ealant\u00a0:<\/p>\n<ul>\n<li>ciment\u2009;<\/li>\n<li>r\u00e9sine\u2009;<\/li>\n<li>pigments naturels\u2009;<\/li>\n<li>adjuvants sp\u00e9cifiques.<\/li>\n<\/ul>\n<p>Cette alchimie offre une r\u00e9sistance accrue face \u00e0 l\u2019humidit\u00e9, aux variations thermiques et aux agressions chimiques mod\u00e9r\u00e9es. Une fois appliqu\u00e9, ce rev\u00eatement se transforme en une peau min\u00e9rale imperm\u00e9able et coh\u00e9sive, qui conf\u00e8re \u00e0 la surface une allure \u00e0 la fois brute et sophistiqu\u00e9e. Ce n\u2019est donc pas un simple effet esth\u00e9tique\u2009; il s\u2019agit d\u2019un proc\u00e9d\u00e9 technique pr\u00e9cis qui exige rigueur et ma\u00eetrise professionnelle.<\/p>\n<p>La pose du b\u00e9ton cir\u00e9 de <strong>Marius Aurenti<\/strong> requiert une connaissance approfondie des supports, ainsi qu\u2019une ex\u00e9cution millim\u00e9tr\u00e9e, fractionn\u00e9e en plusieurs couches successives. Chaque \u00e9tape doit respecter des temps de s\u00e9chage et des contraintes sp\u00e9cifiques, sous peine d\u2019alt\u00e9rer la solidit\u00e9 ou l\u2019uniformit\u00e9 visuelle du r\u00e9sultat final. Ce mat\u00e9riau impose donc une rigueur technique de haut niveau, que seuls les artisans form\u00e9s dans cette sp\u00e9cialit\u00e9 peuvent garantir de fa\u00e7on p\u00e9renne. Une mauvaise application pourrait rapidement compromettre l\u2019int\u00e9grit\u00e9 de l\u2019ensemble.<\/p>\n<h2><span class=\"ez-toc-section\" id=\"Les_differents_usages_dans_lhabitat_prive\"><\/span>Les diff\u00e9rents usages dans l\u2019habitat priv\u00e9<span class=\"ez-toc-section-end\"><\/span><\/h2>\n<p>Au sein des <strong>habitations contemporaines<\/strong>, le b\u00e9ton cir\u00e9 ne se contente plus de tapisser les sols des lofts urbains. Son usage s\u2019est d\u00e9mocratis\u00e9 dans les cuisines, les salles de bains, voire dans les chambres, o\u00f9 son rendu monolithique cr\u00e9e une ambiance apaisante. Par son absence de joints, il contribue \u00e0 une perception visuelle homog\u00e8ne et fluide de l\u2019espace. Il devient ainsi un vecteur de s\u00e9r\u00e9nit\u00e9 pour les environnements domestiques \u00e0 la recherche d\u2019\u00e9quilibre et de neutralit\u00e9 d\u00e9corative.<\/p>\n<p>Certaines configurations privil\u00e9gient une pose verticale, notamment pour souligner des murs porteurs ou structurer des pans entiers d\u2019une pi\u00e8ce avec un rendu sculptural. L\u2019alchimie entre lumi\u00e8re naturelle et b\u00e9ton cir\u00e9 donne naissance \u00e0 des jeux d\u2019ombres singuliers, qui renforcent la profondeur per\u00e7ue d\u2019un volume. Il ne s\u2019agit donc pas d\u2019un simple rev\u00eatement, mais d\u2019un v\u00e9ritable outil d\u2019expression architecturale, apte \u00e0 modifier la perception sensorielle d\u2019un espace clos.<\/p>\n<h2><span class=\"ez-toc-section\" id=\"Entretien_durabilite_et_contraintes_a_anticiper\"><\/span>Entretien, durabilit\u00e9 et contraintes \u00e0 anticiper<span class=\"ez-toc-section-end\"><\/span><\/h2>\n<p>L\u2019entretien du b\u00e9ton cir\u00e9 demeure relativement simple, \u00e0 condition de respecter certaines pr\u00e9cautions d\u2019usage. Un <strong>nettoyage doux<\/strong>, sans agents abrasifs, suffit pour pr\u00e9server l\u2019aspect d\u2019origine du rev\u00eatement. Toutefois, une vigilance s\u2019impose quant \u00e0 la porosit\u00e9 r\u00e9siduelle de certains b\u00e9tons mal prot\u00e9g\u00e9s\u00a0: un traitement hydrofuge et ol\u00e9ofuge adapt\u00e9 permet de s\u00e9curiser cette surface, en particulier dans les pi\u00e8ces humides ou expos\u00e9es \u00e0 des usages intensifs. Ignorer cette pr\u00e9caution reviendrait \u00e0 compromettre la promesse de durabilit\u00e9 souvent vant\u00e9e par les fabricants.<\/p>\n<p>Si sa <strong>r\u00e9sistance<\/strong> s\u2019av\u00e8re g\u00e9n\u00e9ralement convaincante, le b\u00e9ton cir\u00e9 reste n\u00e9anmoins sensible aux fissurations, notamment sur les supports instables ou mal pr\u00e9par\u00e9s. Une analyse pr\u00e9alable des contraintes m\u00e9caniques et hygrom\u00e9triques du site d\u2019application s\u2019av\u00e8re donc indispensable. Cette exigence technique renforce l\u2019id\u00e9e que ce mat\u00e9riau, malgr\u00e9 son apparente simplicit\u00e9 visuelle, n\u2019est pas universel. Il s\u2019adresse \u00e0 un public averti, pr\u00eat \u00e0 investir dans un savoir-faire exigeant et dans des prestations d\u2019ex\u00e9cution rigoureusement encadr\u00e9es.<\/p>\n<\/div>\n<\/div>\n","protected":false},"excerpt":{"rendered":"<p>L\u2019univers des rev\u00eatements d\u00e9coratifs conna\u00eet une transformation silencieuse mais durable, incarn\u00e9e par un mat\u00e9riau \u00e0 la fois esth\u00e9tique et technique\u00a0: le b\u00e9ton cir\u00e9. Issu de proc\u00e9d\u00e9s de formulation avanc\u00e9e, ce rev\u00eatement min\u00e9ral s\u2019impose dans l\u2019agencement des espaces int\u00e9rieurs et ext\u00e9rieurs gr\u00e2ce \u00e0 une combinaison subtile de robustesse et de raffinement visuel. Ce mat\u00e9riau s\u00e9duit non [&hellip;]<\/p>\n","protected":false},"author":2,"featured_media":8323,"comment_status":"open","ping_status":"open","sticky":false,"template":"","format":"standard","meta":{"footnotes":""},"categories":[1],"tags":[],"class_list":["post-8321","post","type-post","status-publish","format-standard","has-post-thumbnail","hentry","category-uncategorized"],"yoast_head":"<!-- This site is optimized with the Yoast SEO plugin v27.5 - https:\/\/yoast.com\/product\/yoast-seo-wordpress\/ -->\n<title>Tout savoir sur le b\u00e9ton cir\u00e9\u00a0: mat\u00e9riau d\u00e9coratif et technique<\/title>\n<meta name=\"description\" content=\"D\u00e9couvrez ici les usages, avantages et les contraintes du b\u00e9ton cir\u00e9 dans l\u2019habitat. Un mat\u00e9riau robuste, esth\u00e9tique et polyvalent pour sols et murs\u2009!\" \/>\n<meta name=\"robots\" content=\"index, follow, max-snippet:-1, max-image-preview:large, max-video-preview:-1\" \/>\n<link rel=\"canonical\" href=\"https:\/\/www.mobilier-design-occasion.fr\/magazine\/tout-apprendre-a-propos-du-beton-cire\/\" \/>\n<meta property=\"og:locale\" content=\"fr_FR\" \/>\n<meta property=\"og:type\" content=\"article\" \/>\n<meta property=\"og:title\" content=\"Tout savoir sur le b\u00e9ton cir\u00e9\u00a0: mat\u00e9riau d\u00e9coratif et technique\" \/>\n<meta property=\"og:description\" content=\"D\u00e9couvrez ici les usages, avantages et les contraintes du b\u00e9ton cir\u00e9 dans l\u2019habitat. Un mat\u00e9riau robuste, esth\u00e9tique et polyvalent pour sols et murs\u2009!\" \/>\n<meta property=\"og:url\" content=\"https:\/\/www.mobilier-design-occasion.fr\/magazine\/tout-apprendre-a-propos-du-beton-cire\/\" \/>\n<meta property=\"og:site_name\" content=\"Mobilier Design Magazine\" \/>\n<meta property=\"article:publisher\" content=\"https:\/\/www.facebook.com\/mobilierdesignoccasion\" \/>\n<meta property=\"article:published_time\" content=\"2025-07-03T08:59:10+00:00\" \/>\n<meta property=\"og:image\" content=\"https:\/\/www.mobilier-design-occasion.fr\/magazine\/wp-content\/uploads\/2025\/07\/9307109b55b7e7cbfb6bb57e2fccf178.jpg\" \/>\n\t<meta property=\"og:image:width\" content=\"700\" \/>\n\t<meta property=\"og:image:height\" content=\"466\" \/>\n\t<meta property=\"og:image:type\" content=\"image\/jpeg\" \/>\n<meta name=\"author\" content=\"Vincent Vandegans\" \/>\n<meta name=\"twitter:card\" content=\"summary_large_image\" \/>\n<meta name=\"twitter:label1\" content=\"\u00c9crit par\" \/>\n\t<meta name=\"twitter:data1\" content=\"Vincent Vandegans\" \/>\n\t<meta name=\"twitter:label2\" content=\"Dur\u00e9e de lecture estim\u00e9e\" \/>\n\t<meta name=\"twitter:data2\" content=\"3 minutes\" \/>\n<script type=\"application\/ld+json\" class=\"yoast-schema-graph\">{\"@context\":\"https:\\\/\\\/schema.org\",\"@graph\":[{\"@type\":\"Article\",\"@id\":\"https:\\\/\\\/www.mobilier-design-occasion.fr\\\/magazine\\\/tout-apprendre-a-propos-du-beton-cire\\\/#article\",\"isPartOf\":{\"@id\":\"https:\\\/\\\/www.mobilier-design-occasion.fr\\\/magazine\\\/tout-apprendre-a-propos-du-beton-cire\\\/\"},\"author\":{\"name\":\"Vincent Vandegans\",\"@id\":\"https:\\\/\\\/www.mobilier-design-occasion.fr\\\/magazine\\\/#\\\/schema\\\/person\\\/af895bedc80bfb6b17730a672fddac9e\"},\"headline\":\"Tout apprendre \u00e0 propos du b\u00e9ton cir\u00e9\",\"datePublished\":\"2025-07-03T08:59:10+00:00\",\"mainEntityOfPage\":{\"@id\":\"https:\\\/\\\/www.mobilier-design-occasion.fr\\\/magazine\\\/tout-apprendre-a-propos-du-beton-cire\\\/\"},\"wordCount\":680,\"commentCount\":0,\"publisher\":{\"@id\":\"https:\\\/\\\/www.mobilier-design-occasion.fr\\\/magazine\\\/#organization\"},\"image\":{\"@id\":\"https:\\\/\\\/www.mobilier-design-occasion.fr\\\/magazine\\\/tout-apprendre-a-propos-du-beton-cire\\\/#primaryimage\"},\"thumbnailUrl\":\"https:\\\/\\\/www.mobilier-design-occasion.fr\\\/magazine\\\/wp-content\\\/uploads\\\/2025\\\/07\\\/9307109b55b7e7cbfb6bb57e2fccf178.jpg\",\"articleSection\":[\"Uncategorized\"],\"inLanguage\":\"fr-FR\",\"potentialAction\":[{\"@type\":\"CommentAction\",\"name\":\"Comment\",\"target\":[\"https:\\\/\\\/www.mobilier-design-occasion.fr\\\/magazine\\\/tout-apprendre-a-propos-du-beton-cire\\\/#respond\"]}]},{\"@type\":\"WebPage\",\"@id\":\"https:\\\/\\\/www.mobilier-design-occasion.fr\\\/magazine\\\/tout-apprendre-a-propos-du-beton-cire\\\/\",\"url\":\"https:\\\/\\\/www.mobilier-design-occasion.fr\\\/magazine\\\/tout-apprendre-a-propos-du-beton-cire\\\/\",\"name\":\"Tout savoir sur le b\u00e9ton cir\u00e9\u00a0: mat\u00e9riau d\u00e9coratif et technique\",\"isPartOf\":{\"@id\":\"https:\\\/\\\/www.mobilier-design-occasion.fr\\\/magazine\\\/#website\"},\"primaryImageOfPage\":{\"@id\":\"https:\\\/\\\/www.mobilier-design-occasion.fr\\\/magazine\\\/tout-apprendre-a-propos-du-beton-cire\\\/#primaryimage\"},\"image\":{\"@id\":\"https:\\\/\\\/www.mobilier-design-occasion.fr\\\/magazine\\\/tout-apprendre-a-propos-du-beton-cire\\\/#primaryimage\"},\"thumbnailUrl\":\"https:\\\/\\\/www.mobilier-design-occasion.fr\\\/magazine\\\/wp-content\\\/uploads\\\/2025\\\/07\\\/9307109b55b7e7cbfb6bb57e2fccf178.jpg\",\"datePublished\":\"2025-07-03T08:59:10+00:00\",\"description\":\"D\u00e9couvrez ici les usages, avantages et les contraintes du b\u00e9ton cir\u00e9 dans l\u2019habitat. Un mat\u00e9riau robuste, esth\u00e9tique et polyvalent pour sols et murs\u2009!\",\"breadcrumb\":{\"@id\":\"https:\\\/\\\/www.mobilier-design-occasion.fr\\\/magazine\\\/tout-apprendre-a-propos-du-beton-cire\\\/#breadcrumb\"},\"inLanguage\":\"fr-FR\",\"potentialAction\":[{\"@type\":\"ReadAction\",\"target\":[\"https:\\\/\\\/www.mobilier-design-occasion.fr\\\/magazine\\\/tout-apprendre-a-propos-du-beton-cire\\\/\"]}]},{\"@type\":\"ImageObject\",\"inLanguage\":\"fr-FR\",\"@id\":\"https:\\\/\\\/www.mobilier-design-occasion.fr\\\/magazine\\\/tout-apprendre-a-propos-du-beton-cire\\\/#primaryimage\",\"url\":\"https:\\\/\\\/www.mobilier-design-occasion.fr\\\/magazine\\\/wp-content\\\/uploads\\\/2025\\\/07\\\/9307109b55b7e7cbfb6bb57e2fccf178.jpg\",\"contentUrl\":\"https:\\\/\\\/www.mobilier-design-occasion.fr\\\/magazine\\\/wp-content\\\/uploads\\\/2025\\\/07\\\/9307109b55b7e7cbfb6bb57e2fccf178.jpg\",\"width\":700,\"height\":466},{\"@type\":\"BreadcrumbList\",\"@id\":\"https:\\\/\\\/www.mobilier-design-occasion.fr\\\/magazine\\\/tout-apprendre-a-propos-du-beton-cire\\\/#breadcrumb\",\"itemListElement\":[{\"@type\":\"ListItem\",\"position\":1,\"name\":\"Accueil\",\"item\":\"https:\\\/\\\/www.mobilier-design-occasion.fr\\\/magazine\\\/\"},{\"@type\":\"ListItem\",\"position\":2,\"name\":\"Tout apprendre \u00e0 propos du b\u00e9ton cir\u00e9\"}]},{\"@type\":\"WebSite\",\"@id\":\"https:\\\/\\\/www.mobilier-design-occasion.fr\\\/magazine\\\/#website\",\"url\":\"https:\\\/\\\/www.mobilier-design-occasion.fr\\\/magazine\\\/\",\"name\":\"Mobilier Design Magazine\",\"description\":\"\",\"publisher\":{\"@id\":\"https:\\\/\\\/www.mobilier-design-occasion.fr\\\/magazine\\\/#organization\"},\"potentialAction\":[{\"@type\":\"SearchAction\",\"target\":{\"@type\":\"EntryPoint\",\"urlTemplate\":\"https:\\\/\\\/www.mobilier-design-occasion.fr\\\/magazine\\\/?s={search_term_string}\"},\"query-input\":{\"@type\":\"PropertyValueSpecification\",\"valueRequired\":true,\"valueName\":\"search_term_string\"}}],\"inLanguage\":\"fr-FR\"},{\"@type\":\"Organization\",\"@id\":\"https:\\\/\\\/www.mobilier-design-occasion.fr\\\/magazine\\\/#organization\",\"name\":\"Mobilier Design Magazine\",\"url\":\"https:\\\/\\\/www.mobilier-design-occasion.fr\\\/magazine\\\/\",\"logo\":{\"@type\":\"ImageObject\",\"inLanguage\":\"fr-FR\",\"@id\":\"https:\\\/\\\/www.mobilier-design-occasion.fr\\\/magazine\\\/#\\\/schema\\\/logo\\\/image\\\/\",\"url\":\"https:\\\/\\\/www.mobilier-design-occasion.fr\\\/magazine\\\/wp-content\\\/uploads\\\/2024\\\/02\\\/android-chrome-192x192-1.png\",\"contentUrl\":\"https:\\\/\\\/www.mobilier-design-occasion.fr\\\/magazine\\\/wp-content\\\/uploads\\\/2024\\\/02\\\/android-chrome-192x192-1.png\",\"width\":192,\"height\":192,\"caption\":\"Mobilier Design Magazine\"},\"image\":{\"@id\":\"https:\\\/\\\/www.mobilier-design-occasion.fr\\\/magazine\\\/#\\\/schema\\\/logo\\\/image\\\/\"},\"sameAs\":[\"https:\\\/\\\/www.facebook.com\\\/mobilierdesignoccasion\"]},{\"@type\":\"Person\",\"@id\":\"https:\\\/\\\/www.mobilier-design-occasion.fr\\\/magazine\\\/#\\\/schema\\\/person\\\/af895bedc80bfb6b17730a672fddac9e\",\"name\":\"Vincent Vandegans\",\"image\":{\"@type\":\"ImageObject\",\"inLanguage\":\"fr-FR\",\"@id\":\"https:\\\/\\\/secure.gravatar.com\\\/avatar\\\/b984800dabdf722d5e3f03f637c8932dea77d81118467d17ad2953e3b273ec66?s=96&d=mm&r=g\",\"url\":\"https:\\\/\\\/secure.gravatar.com\\\/avatar\\\/b984800dabdf722d5e3f03f637c8932dea77d81118467d17ad2953e3b273ec66?s=96&d=mm&r=g\",\"contentUrl\":\"https:\\\/\\\/secure.gravatar.com\\\/avatar\\\/b984800dabdf722d5e3f03f637c8932dea77d81118467d17ad2953e3b273ec66?s=96&d=mm&r=g\",\"caption\":\"Vincent Vandegans\"},\"description\":\"Vincent est passionn\u00e9 par les produits d'occasion, il a ouvert le site MDO avec Cyrielle pour aider les gens \u00e0 trouver du mobilier d'occasion, vintage ou usag\u00e9. Depuis, ils ont \u00e9tendu leurs activit\u00e9s et conseillent tout le monde sur le mobilier d'int\u00e9rieur et d'ext\u00e9rieur au quotidien \u00e0 travers le magazine MDO.\",\"url\":\"https:\\\/\\\/www.mobilier-design-occasion.fr\\\/magazine\\\/author\\\/vincent\\\/\"}]}<\/script>\n<!-- \/ Yoast SEO plugin. -->","yoast_head_json":{"title":"Tout savoir sur le b\u00e9ton cir\u00e9\u00a0: mat\u00e9riau d\u00e9coratif et technique","description":"D\u00e9couvrez ici les usages, avantages et les contraintes du b\u00e9ton cir\u00e9 dans l\u2019habitat. Un mat\u00e9riau robuste, esth\u00e9tique et polyvalent pour sols et murs\u2009!","robots":{"index":"index","follow":"follow","max-snippet":"max-snippet:-1","max-image-preview":"max-image-preview:large","max-video-preview":"max-video-preview:-1"},"canonical":"https:\/\/www.mobilier-design-occasion.fr\/magazine\/tout-apprendre-a-propos-du-beton-cire\/","og_locale":"fr_FR","og_type":"article","og_title":"Tout savoir sur le b\u00e9ton cir\u00e9\u00a0: mat\u00e9riau d\u00e9coratif et technique","og_description":"D\u00e9couvrez ici les usages, avantages et les contraintes du b\u00e9ton cir\u00e9 dans l\u2019habitat. Un mat\u00e9riau robuste, esth\u00e9tique et polyvalent pour sols et murs\u2009!","og_url":"https:\/\/www.mobilier-design-occasion.fr\/magazine\/tout-apprendre-a-propos-du-beton-cire\/","og_site_name":"Mobilier Design Magazine","article_publisher":"https:\/\/www.facebook.com\/mobilierdesignoccasion","article_published_time":"2025-07-03T08:59:10+00:00","og_image":[{"width":700,"height":466,"url":"https:\/\/www.mobilier-design-occasion.fr\/magazine\/wp-content\/uploads\/2025\/07\/9307109b55b7e7cbfb6bb57e2fccf178.jpg","type":"image\/jpeg"}],"author":"Vincent Vandegans","twitter_card":"summary_large_image","twitter_misc":{"\u00c9crit par":"Vincent Vandegans","Dur\u00e9e de lecture estim\u00e9e":"3 minutes"},"schema":{"@context":"https:\/\/schema.org","@graph":[{"@type":"Article","@id":"https:\/\/www.mobilier-design-occasion.fr\/magazine\/tout-apprendre-a-propos-du-beton-cire\/#article","isPartOf":{"@id":"https:\/\/www.mobilier-design-occasion.fr\/magazine\/tout-apprendre-a-propos-du-beton-cire\/"},"author":{"name":"Vincent Vandegans","@id":"https:\/\/www.mobilier-design-occasion.fr\/magazine\/#\/schema\/person\/af895bedc80bfb6b17730a672fddac9e"},"headline":"Tout apprendre \u00e0 propos du b\u00e9ton cir\u00e9","datePublished":"2025-07-03T08:59:10+00:00","mainEntityOfPage":{"@id":"https:\/\/www.mobilier-design-occasion.fr\/magazine\/tout-apprendre-a-propos-du-beton-cire\/"},"wordCount":680,"commentCount":0,"publisher":{"@id":"https:\/\/www.mobilier-design-occasion.fr\/magazine\/#organization"},"image":{"@id":"https:\/\/www.mobilier-design-occasion.fr\/magazine\/tout-apprendre-a-propos-du-beton-cire\/#primaryimage"},"thumbnailUrl":"https:\/\/www.mobilier-design-occasion.fr\/magazine\/wp-content\/uploads\/2025\/07\/9307109b55b7e7cbfb6bb57e2fccf178.jpg","articleSection":["Uncategorized"],"inLanguage":"fr-FR","potentialAction":[{"@type":"CommentAction","name":"Comment","target":["https:\/\/www.mobilier-design-occasion.fr\/magazine\/tout-apprendre-a-propos-du-beton-cire\/#respond"]}]},{"@type":"WebPage","@id":"https:\/\/www.mobilier-design-occasion.fr\/magazine\/tout-apprendre-a-propos-du-beton-cire\/","url":"https:\/\/www.mobilier-design-occasion.fr\/magazine\/tout-apprendre-a-propos-du-beton-cire\/","name":"Tout savoir sur le b\u00e9ton cir\u00e9\u00a0: mat\u00e9riau d\u00e9coratif et technique","isPartOf":{"@id":"https:\/\/www.mobilier-design-occasion.fr\/magazine\/#website"},"primaryImageOfPage":{"@id":"https:\/\/www.mobilier-design-occasion.fr\/magazine\/tout-apprendre-a-propos-du-beton-cire\/#primaryimage"},"image":{"@id":"https:\/\/www.mobilier-design-occasion.fr\/magazine\/tout-apprendre-a-propos-du-beton-cire\/#primaryimage"},"thumbnailUrl":"https:\/\/www.mobilier-design-occasion.fr\/magazine\/wp-content\/uploads\/2025\/07\/9307109b55b7e7cbfb6bb57e2fccf178.jpg","datePublished":"2025-07-03T08:59:10+00:00","description":"D\u00e9couvrez ici les usages, avantages et les contraintes du b\u00e9ton cir\u00e9 dans l\u2019habitat. Un mat\u00e9riau robuste, esth\u00e9tique et polyvalent pour sols et murs\u2009!","breadcrumb":{"@id":"https:\/\/www.mobilier-design-occasion.fr\/magazine\/tout-apprendre-a-propos-du-beton-cire\/#breadcrumb"},"inLanguage":"fr-FR","potentialAction":[{"@type":"ReadAction","target":["https:\/\/www.mobilier-design-occasion.fr\/magazine\/tout-apprendre-a-propos-du-beton-cire\/"]}]},{"@type":"ImageObject","inLanguage":"fr-FR","@id":"https:\/\/www.mobilier-design-occasion.fr\/magazine\/tout-apprendre-a-propos-du-beton-cire\/#primaryimage","url":"https:\/\/www.mobilier-design-occasion.fr\/magazine\/wp-content\/uploads\/2025\/07\/9307109b55b7e7cbfb6bb57e2fccf178.jpg","contentUrl":"https:\/\/www.mobilier-design-occasion.fr\/magazine\/wp-content\/uploads\/2025\/07\/9307109b55b7e7cbfb6bb57e2fccf178.jpg","width":700,"height":466},{"@type":"BreadcrumbList","@id":"https:\/\/www.mobilier-design-occasion.fr\/magazine\/tout-apprendre-a-propos-du-beton-cire\/#breadcrumb","itemListElement":[{"@type":"ListItem","position":1,"name":"Accueil","item":"https:\/\/www.mobilier-design-occasion.fr\/magazine\/"},{"@type":"ListItem","position":2,"name":"Tout apprendre \u00e0 propos du b\u00e9ton cir\u00e9"}]},{"@type":"WebSite","@id":"https:\/\/www.mobilier-design-occasion.fr\/magazine\/#website","url":"https:\/\/www.mobilier-design-occasion.fr\/magazine\/","name":"Mobilier Design Magazine","description":"","publisher":{"@id":"https:\/\/www.mobilier-design-occasion.fr\/magazine\/#organization"},"potentialAction":[{"@type":"SearchAction","target":{"@type":"EntryPoint","urlTemplate":"https:\/\/www.mobilier-design-occasion.fr\/magazine\/?s={search_term_string}"},"query-input":{"@type":"PropertyValueSpecification","valueRequired":true,"valueName":"search_term_string"}}],"inLanguage":"fr-FR"},{"@type":"Organization","@id":"https:\/\/www.mobilier-design-occasion.fr\/magazine\/#organization","name":"Mobilier Design Magazine","url":"https:\/\/www.mobilier-design-occasion.fr\/magazine\/","logo":{"@type":"ImageObject","inLanguage":"fr-FR","@id":"https:\/\/www.mobilier-design-occasion.fr\/magazine\/#\/schema\/logo\/image\/","url":"https:\/\/www.mobilier-design-occasion.fr\/magazine\/wp-content\/uploads\/2024\/02\/android-chrome-192x192-1.png","contentUrl":"https:\/\/www.mobilier-design-occasion.fr\/magazine\/wp-content\/uploads\/2024\/02\/android-chrome-192x192-1.png","width":192,"height":192,"caption":"Mobilier Design Magazine"},"image":{"@id":"https:\/\/www.mobilier-design-occasion.fr\/magazine\/#\/schema\/logo\/image\/"},"sameAs":["https:\/\/www.facebook.com\/mobilierdesignoccasion"]},{"@type":"Person","@id":"https:\/\/www.mobilier-design-occasion.fr\/magazine\/#\/schema\/person\/af895bedc80bfb6b17730a672fddac9e","name":"Vincent Vandegans","image":{"@type":"ImageObject","inLanguage":"fr-FR","@id":"https:\/\/secure.gravatar.com\/avatar\/b984800dabdf722d5e3f03f637c8932dea77d81118467d17ad2953e3b273ec66?s=96&d=mm&r=g","url":"https:\/\/secure.gravatar.com\/avatar\/b984800dabdf722d5e3f03f637c8932dea77d81118467d17ad2953e3b273ec66?s=96&d=mm&r=g","contentUrl":"https:\/\/secure.gravatar.com\/avatar\/b984800dabdf722d5e3f03f637c8932dea77d81118467d17ad2953e3b273ec66?s=96&d=mm&r=g","caption":"Vincent Vandegans"},"description":"Vincent est passionn\u00e9 par les produits d'occasion, il a ouvert le site MDO avec Cyrielle pour aider les gens \u00e0 trouver du mobilier d'occasion, vintage ou usag\u00e9. Depuis, ils ont \u00e9tendu leurs activit\u00e9s et conseillent tout le monde sur le mobilier d'int\u00e9rieur et d'ext\u00e9rieur au quotidien \u00e0 travers le magazine MDO.","url":"https:\/\/www.mobilier-design-occasion.fr\/magazine\/author\/vincent\/"}]}},"_links":{"self":[{"href":"https:\/\/www.mobilier-design-occasion.fr\/magazine\/wp-json\/wp\/v2\/posts\/8321","targetHints":{"allow":["GET"]}}],"collection":[{"href":"https:\/\/www.mobilier-design-occasion.fr\/magazine\/wp-json\/wp\/v2\/posts"}],"about":[{"href":"https:\/\/www.mobilier-design-occasion.fr\/magazine\/wp-json\/wp\/v2\/types\/post"}],"author":[{"embeddable":true,"href":"https:\/\/www.mobilier-design-occasion.fr\/magazine\/wp-json\/wp\/v2\/users\/2"}],"replies":[{"embeddable":true,"href":"https:\/\/www.mobilier-design-occasion.fr\/magazine\/wp-json\/wp\/v2\/comments?post=8321"}],"version-history":[{"count":1,"href":"https:\/\/www.mobilier-design-occasion.fr\/magazine\/wp-json\/wp\/v2\/posts\/8321\/revisions"}],"predecessor-version":[{"id":8322,"href":"https:\/\/www.mobilier-design-occasion.fr\/magazine\/wp-json\/wp\/v2\/posts\/8321\/revisions\/8322"}],"wp:featuredmedia":[{"embeddable":true,"href":"https:\/\/www.mobilier-design-occasion.fr\/magazine\/wp-json\/wp\/v2\/media\/8323"}],"wp:attachment":[{"href":"https:\/\/www.mobilier-design-occasion.fr\/magazine\/wp-json\/wp\/v2\/media?parent=8321"}],"wp:term":[{"taxonomy":"category","embeddable":true,"href":"https:\/\/www.mobilier-design-occasion.fr\/magazine\/wp-json\/wp\/v2\/categories?post=8321"},{"taxonomy":"post_tag","embeddable":true,"href":"https:\/\/www.mobilier-design-occasion.fr\/magazine\/wp-json\/wp\/v2\/tags?post=8321"}],"curies":[{"name":"wp","href":"https:\/\/api.w.org\/{rel}","templated":true}]}}