{"id":8303,"date":"2025-06-26T07:17:28","date_gmt":"2025-06-26T07:17:28","guid":{"rendered":"https:\/\/www.mobilier-design-occasion.fr\/magazine\/travaux-de-renovation-les-aides-dont-personne-ne-se-soucie\/"},"modified":"2025-06-26T07:17:28","modified_gmt":"2025-06-26T07:17:28","slug":"travaux-de-renovation-les-aides-dont-personne-ne-se-soucie","status":"publish","type":"post","link":"https:\/\/www.mobilier-design-occasion.fr\/magazine\/travaux-de-renovation-les-aides-dont-personne-ne-se-soucie\/","title":{"rendered":"Travaux de r\u00e9novation\u00a0: les aides dont personne ne se soucie"},"content":{"rendered":"<div>\n<p>Quand on parle de financer des travaux de r\u00e9novation, certains noms reviennent sans cesse et \u00e9clipsent tout le reste. On pense aux dispositifs nationaux, on se perd dans les acronymes, et bien souvent, on s\u2019arr\u00eate l\u00e0, d\u00e9courag\u00e9. Pourtant, un v\u00e9ritable tr\u00e9sor de subventions et de pr\u00eats avantageux reste dans l\u2019ombre, boud\u00e9 par manque d\u2019information. Des aides pr\u00e9cieuses qui pourraient transformer votre projet sans pour autant vider votre compte en banque.<\/p>\n<h2><span class=\"ez-toc-section\" id=\"Les_pepites_oubliees_du_financement\"><\/span>Les p\u00e9pites oubli\u00e9es du financement<span class=\"ez-toc-section-end\"><\/span><\/h2><div id=\"ez-toc-container\" class=\"ez-toc-v2_0_82_2 counter-hierarchy ez-toc-counter ez-toc-grey ez-toc-container-direction\">\n<div class=\"ez-toc-title-container\">\n<span class=\"ez-toc-title-toggle\"><a href=\"#\" class=\"ez-toc-pull-right ez-toc-btn ez-toc-btn-xs ez-toc-btn-default ez-toc-toggle\" aria-label=\"Toggle Table of Content\"><span class=\"ez-toc-js-icon-con\"><span class=\"\"><span class=\"eztoc-hide\" style=\"display:none;\">Toggle<\/span><span class=\"ez-toc-icon-toggle-span\"><svg style=\"fill: #999;color:#999\" xmlns=\"http:\/\/www.w3.org\/2000\/svg\" class=\"list-377408\" width=\"20px\" height=\"20px\" viewBox=\"0 0 24 24\" fill=\"none\"><path d=\"M6 6H4v2h2V6zm14 0H8v2h12V6zM4 11h2v2H4v-2zm16 0H8v2h12v-2zM4 16h2v2H4v-2zm16 0H8v2h12v-2z\" fill=\"currentColor\"><\/path><\/svg><svg style=\"fill: #999;color:#999\" class=\"arrow-unsorted-368013\" xmlns=\"http:\/\/www.w3.org\/2000\/svg\" width=\"10px\" height=\"10px\" viewBox=\"0 0 24 24\" version=\"1.2\" baseProfile=\"tiny\"><path d=\"M18.2 9.3l-6.2-6.3-6.2 6.3c-.2.2-.3.4-.3.7s.1.5.3.7c.2.2.4.3.7.3h11c.3 0 .5-.1.7-.3.2-.2.3-.5.3-.7s-.1-.5-.3-.7zM5.8 14.7l6.2 6.3 6.2-6.3c.2-.2.3-.5.3-.7s-.1-.5-.3-.7c-.2-.2-.4-.3-.7-.3h-11c-.3 0-.5.1-.7.3-.2.2-.3.5-.3.7s.1.5.3.7z\"\/><\/svg><\/span><\/span><\/span><\/a><\/span><\/div>\n<nav><ul class='ez-toc-list ez-toc-list-level-1 eztoc-toggle-hide-by-default' ><li class='ez-toc-page-1 ez-toc-heading-level-2'><a class=\"ez-toc-link ez-toc-heading-1\" href=\"https:\/\/www.mobilier-design-occasion.fr\/magazine\/travaux-de-renovation-les-aides-dont-personne-ne-se-soucie\/#Les_pepites_oubliees_du_financement\" >Les p\u00e9pites oubli\u00e9es du financement<\/a><\/li><li class='ez-toc-page-1 ez-toc-heading-level-2'><a class=\"ez-toc-link ez-toc-heading-2\" href=\"https:\/\/www.mobilier-design-occasion.fr\/magazine\/travaux-de-renovation-les-aides-dont-personne-ne-se-soucie\/#Lor_qui_dort_dans_votre_region\" >L\u2019or qui dort dans votre r\u00e9gion<\/a><\/li><li class='ez-toc-page-1 ez-toc-heading-level-2'><a class=\"ez-toc-link ez-toc-heading-3\" href=\"https:\/\/www.mobilier-design-occasion.fr\/magazine\/travaux-de-renovation-les-aides-dont-personne-ne-se-soucie\/#Les_coups_de_pouce_auxquels_personne_ne_pense\" >Les coups de pouce auxquels personne ne pense<\/a><\/li><\/ul><\/nav><\/div>\n\n<p>Le parcours pour obtenir une <strong>aide financi\u00e8re<\/strong> peut ressembler \u00e0 un v\u00e9ritable labyrinthe. La <strong>complexit\u00e9 administrative<\/strong> d\u00e9courage souvent les plus motiv\u00e9s, qui pr\u00e9f\u00e8rent renoncer plut\u00f4t que de s\u2019y perdre. C\u2019est pr\u00e9cis\u00e9ment pour cela qu\u2019il est crucial de regarder au-del\u00e0 des sentiers battus. Saviez-vous qu\u2019obtenir un <strong>accompagnement personnalis\u00e9<\/strong> pour vos travaux peut d\u00e9bloquer l\u2019acc\u00e8s \u00e0 des <strong>aides de niche<\/strong>, parfaitement cumulables avec les subventions les plus connues\u2009?<\/p>\n<p>Faire appel \u00e0 un expert pour superviser l\u2019ensemble de votre projet peut par exemple grandement simplifier les d\u00e9marches et maximiser les financements. Un accompagnement professionnel pour vos <a href=\"https:\/\/www.tyremia-conseils.fr\/courtier-travaux-renovation-morbihan-23.html\" target=\"_blank\" rel=\"noopener noreferrer\">Travaux de r\u00e9novation dans le Morbihan<\/a> vous assure de ne passer \u00e0 c\u00f4t\u00e9 d\u2019aucune opportunit\u00e9 locale et de monter un dossier solide.<\/p>\n<h2><span class=\"ez-toc-section\" id=\"Lor_qui_dort_dans_votre_region\"><\/span>L\u2019or qui dort dans votre r\u00e9gion<span class=\"ez-toc-section-end\"><\/span><\/h2>\n<p>Votre voisin le plus g\u00e9n\u00e9reux pourrait bien \u00eatre votre mairie, votre d\u00e9partement ou votre r\u00e9gion. Ces <strong>collectivit\u00e9s locales<\/strong> disposent de leurs propres enveloppes pour encourager les initiatives citoyennes. Ces aides peuvent financer des projets tr\u00e8s sp\u00e9cifiques\u00a0:<\/p>\n<ul>\n<li>l\u2019installation d\u2019un r\u00e9cup\u00e9rateur d\u2019eau de pluie\u2009;<\/li>\n<li>l\u2019isolation avec des mat\u00e9riaux \u00e9cologiques locaux\u2009;<\/li>\n<li>ou m\u00eame la r\u00e9novation d\u2019une fa\u00e7ade pour embellir le patrimoine commun.<\/li>\n<\/ul>\n<p>Un simple appel ou une visite sur leur site web peut r\u00e9v\u00e9ler des opportunit\u00e9s inattendues.<\/p>\n<h2><span class=\"ez-toc-section\" id=\"Les_coups_de_pouce_auxquels_personne_ne_pense\"><\/span>Les coups de pouce auxquels personne ne pense<span class=\"ez-toc-section-end\"><\/span><\/h2>\n<p>Avez-vous pens\u00e9 \u00e0 contacter votre <strong>caisse de retraite<\/strong>\u2009? Certaines proposent des aides significatives pour l\u2019<strong>adaptation du logement au vieillissement<\/strong> ou \u00e0 la <strong>perte d\u2019autonomie<\/strong>. De m\u00eame, des organismes sp\u00e9cialis\u00e9s offrent des subventions pour des am\u00e9liorations cibl\u00e9es, comme l\u2019<strong>isolation phonique<\/strong> de votre logement si vous habitez pr\u00e8s d\u2019une zone bruyante, ou encore la <strong>s\u00e9curisation de votre maison<\/strong> face aux risques naturels (inondation, s\u00e9isme).<\/p>\n<\/div>\n","protected":false},"excerpt":{"rendered":"<p>Quand on parle de financer des travaux de r\u00e9novation, certains noms reviennent sans cesse et \u00e9clipsent tout le reste. On pense aux dispositifs nationaux, on se perd dans les acronymes, et bien souvent, on s\u2019arr\u00eate l\u00e0, d\u00e9courag\u00e9. Pourtant, un v\u00e9ritable tr\u00e9sor de subventions et de pr\u00eats avantageux reste dans l\u2019ombre, boud\u00e9 par manque d\u2019information. Des [&hellip;]<\/p>\n","protected":false},"author":2,"featured_media":8305,"comment_status":"open","ping_status":"open","sticky":false,"template":"","format":"standard","meta":{"footnotes":""},"categories":[1],"tags":[],"class_list":["post-8303","post","type-post","status-publish","format-standard","has-post-thumbnail","hentry","category-uncategorized"],"yoast_head":"<!-- This site is optimized with the Yoast SEO plugin v27.5 - https:\/\/yoast.com\/product\/yoast-seo-wordpress\/ -->\n<title>Travaux de r\u00e9novation\u00a0: les aides dont personne ne se soucie<\/title>\n<meta name=\"description\" content=\"Le financement de votre r\u00e9novation est un casse-t\u00eate\u2009? Explorez un tr\u00e9sor d\u2019aides m\u00e9connues pour concr\u00e9tiser votre projet sans vous ruiner.\" \/>\n<meta name=\"robots\" content=\"index, follow, max-snippet:-1, max-image-preview:large, max-video-preview:-1\" \/>\n<link rel=\"canonical\" href=\"https:\/\/www.mobilier-design-occasion.fr\/magazine\/travaux-de-renovation-les-aides-dont-personne-ne-se-soucie\/\" \/>\n<meta property=\"og:locale\" content=\"fr_FR\" \/>\n<meta property=\"og:type\" content=\"article\" \/>\n<meta property=\"og:title\" content=\"Travaux de r\u00e9novation\u00a0: les aides dont personne ne se soucie\" \/>\n<meta property=\"og:description\" content=\"Le financement de votre r\u00e9novation est un casse-t\u00eate\u2009? Explorez un tr\u00e9sor d\u2019aides m\u00e9connues pour concr\u00e9tiser votre projet sans vous ruiner.\" \/>\n<meta property=\"og:url\" content=\"https:\/\/www.mobilier-design-occasion.fr\/magazine\/travaux-de-renovation-les-aides-dont-personne-ne-se-soucie\/\" \/>\n<meta property=\"og:site_name\" content=\"Mobilier Design Magazine\" \/>\n<meta property=\"article:publisher\" content=\"https:\/\/www.facebook.com\/mobilierdesignoccasion\" \/>\n<meta property=\"article:published_time\" content=\"2025-06-26T07:17:28+00:00\" \/>\n<meta property=\"og:image\" content=\"https:\/\/www.mobilier-design-occasion.fr\/magazine\/wp-content\/uploads\/2025\/06\/f67c991dcb852b39e23c4981e6761acb.jpeg\" \/>\n\t<meta property=\"og:image:width\" content=\"847\" \/>\n\t<meta property=\"og:image:height\" content=\"565\" \/>\n\t<meta property=\"og:image:type\" content=\"image\/jpeg\" \/>\n<meta name=\"author\" content=\"Vincent Vandegans\" \/>\n<meta name=\"twitter:card\" content=\"summary_large_image\" \/>\n<meta name=\"twitter:label1\" content=\"\u00c9crit par\" \/>\n\t<meta name=\"twitter:data1\" content=\"Vincent Vandegans\" \/>\n\t<meta name=\"twitter:label2\" content=\"Dur\u00e9e de lecture estim\u00e9e\" \/>\n\t<meta name=\"twitter:data2\" content=\"2 minutes\" \/>\n<script type=\"application\/ld+json\" class=\"yoast-schema-graph\">{\"@context\":\"https:\\\/\\\/schema.org\",\"@graph\":[{\"@type\":\"Article\",\"@id\":\"https:\\\/\\\/www.mobilier-design-occasion.fr\\\/magazine\\\/travaux-de-renovation-les-aides-dont-personne-ne-se-soucie\\\/#article\",\"isPartOf\":{\"@id\":\"https:\\\/\\\/www.mobilier-design-occasion.fr\\\/magazine\\\/travaux-de-renovation-les-aides-dont-personne-ne-se-soucie\\\/\"},\"author\":{\"name\":\"Vincent Vandegans\",\"@id\":\"https:\\\/\\\/www.mobilier-design-occasion.fr\\\/magazine\\\/#\\\/schema\\\/person\\\/af895bedc80bfb6b17730a672fddac9e\"},\"headline\":\"Travaux de r\u00e9novation\u00a0: les aides dont personne ne se soucie\",\"datePublished\":\"2025-06-26T07:17:28+00:00\",\"mainEntityOfPage\":{\"@id\":\"https:\\\/\\\/www.mobilier-design-occasion.fr\\\/magazine\\\/travaux-de-renovation-les-aides-dont-personne-ne-se-soucie\\\/\"},\"wordCount\":413,\"commentCount\":0,\"publisher\":{\"@id\":\"https:\\\/\\\/www.mobilier-design-occasion.fr\\\/magazine\\\/#organization\"},\"image\":{\"@id\":\"https:\\\/\\\/www.mobilier-design-occasion.fr\\\/magazine\\\/travaux-de-renovation-les-aides-dont-personne-ne-se-soucie\\\/#primaryimage\"},\"thumbnailUrl\":\"https:\\\/\\\/www.mobilier-design-occasion.fr\\\/magazine\\\/wp-content\\\/uploads\\\/2025\\\/06\\\/f67c991dcb852b39e23c4981e6761acb.jpeg\",\"articleSection\":[\"Uncategorized\"],\"inLanguage\":\"fr-FR\",\"potentialAction\":[{\"@type\":\"CommentAction\",\"name\":\"Comment\",\"target\":[\"https:\\\/\\\/www.mobilier-design-occasion.fr\\\/magazine\\\/travaux-de-renovation-les-aides-dont-personne-ne-se-soucie\\\/#respond\"]}]},{\"@type\":\"WebPage\",\"@id\":\"https:\\\/\\\/www.mobilier-design-occasion.fr\\\/magazine\\\/travaux-de-renovation-les-aides-dont-personne-ne-se-soucie\\\/\",\"url\":\"https:\\\/\\\/www.mobilier-design-occasion.fr\\\/magazine\\\/travaux-de-renovation-les-aides-dont-personne-ne-se-soucie\\\/\",\"name\":\"Travaux de r\u00e9novation\u00a0: les aides dont personne ne se soucie\",\"isPartOf\":{\"@id\":\"https:\\\/\\\/www.mobilier-design-occasion.fr\\\/magazine\\\/#website\"},\"primaryImageOfPage\":{\"@id\":\"https:\\\/\\\/www.mobilier-design-occasion.fr\\\/magazine\\\/travaux-de-renovation-les-aides-dont-personne-ne-se-soucie\\\/#primaryimage\"},\"image\":{\"@id\":\"https:\\\/\\\/www.mobilier-design-occasion.fr\\\/magazine\\\/travaux-de-renovation-les-aides-dont-personne-ne-se-soucie\\\/#primaryimage\"},\"thumbnailUrl\":\"https:\\\/\\\/www.mobilier-design-occasion.fr\\\/magazine\\\/wp-content\\\/uploads\\\/2025\\\/06\\\/f67c991dcb852b39e23c4981e6761acb.jpeg\",\"datePublished\":\"2025-06-26T07:17:28+00:00\",\"description\":\"Le financement de votre r\u00e9novation est un casse-t\u00eate\u2009? Explorez un tr\u00e9sor d\u2019aides m\u00e9connues pour concr\u00e9tiser votre projet sans vous ruiner.\",\"breadcrumb\":{\"@id\":\"https:\\\/\\\/www.mobilier-design-occasion.fr\\\/magazine\\\/travaux-de-renovation-les-aides-dont-personne-ne-se-soucie\\\/#breadcrumb\"},\"inLanguage\":\"fr-FR\",\"potentialAction\":[{\"@type\":\"ReadAction\",\"target\":[\"https:\\\/\\\/www.mobilier-design-occasion.fr\\\/magazine\\\/travaux-de-renovation-les-aides-dont-personne-ne-se-soucie\\\/\"]}]},{\"@type\":\"ImageObject\",\"inLanguage\":\"fr-FR\",\"@id\":\"https:\\\/\\\/www.mobilier-design-occasion.fr\\\/magazine\\\/travaux-de-renovation-les-aides-dont-personne-ne-se-soucie\\\/#primaryimage\",\"url\":\"https:\\\/\\\/www.mobilier-design-occasion.fr\\\/magazine\\\/wp-content\\\/uploads\\\/2025\\\/06\\\/f67c991dcb852b39e23c4981e6761acb.jpeg\",\"contentUrl\":\"https:\\\/\\\/www.mobilier-design-occasion.fr\\\/magazine\\\/wp-content\\\/uploads\\\/2025\\\/06\\\/f67c991dcb852b39e23c4981e6761acb.jpeg\",\"width\":847,\"height\":565},{\"@type\":\"BreadcrumbList\",\"@id\":\"https:\\\/\\\/www.mobilier-design-occasion.fr\\\/magazine\\\/travaux-de-renovation-les-aides-dont-personne-ne-se-soucie\\\/#breadcrumb\",\"itemListElement\":[{\"@type\":\"ListItem\",\"position\":1,\"name\":\"Accueil\",\"item\":\"https:\\\/\\\/www.mobilier-design-occasion.fr\\\/magazine\\\/\"},{\"@type\":\"ListItem\",\"position\":2,\"name\":\"Travaux de r\u00e9novation\u00a0: les aides dont personne ne se soucie\"}]},{\"@type\":\"WebSite\",\"@id\":\"https:\\\/\\\/www.mobilier-design-occasion.fr\\\/magazine\\\/#website\",\"url\":\"https:\\\/\\\/www.mobilier-design-occasion.fr\\\/magazine\\\/\",\"name\":\"Mobilier Design Magazine\",\"description\":\"\",\"publisher\":{\"@id\":\"https:\\\/\\\/www.mobilier-design-occasion.fr\\\/magazine\\\/#organization\"},\"potentialAction\":[{\"@type\":\"SearchAction\",\"target\":{\"@type\":\"EntryPoint\",\"urlTemplate\":\"https:\\\/\\\/www.mobilier-design-occasion.fr\\\/magazine\\\/?s={search_term_string}\"},\"query-input\":{\"@type\":\"PropertyValueSpecification\",\"valueRequired\":true,\"valueName\":\"search_term_string\"}}],\"inLanguage\":\"fr-FR\"},{\"@type\":\"Organization\",\"@id\":\"https:\\\/\\\/www.mobilier-design-occasion.fr\\\/magazine\\\/#organization\",\"name\":\"Mobilier Design Magazine\",\"url\":\"https:\\\/\\\/www.mobilier-design-occasion.fr\\\/magazine\\\/\",\"logo\":{\"@type\":\"ImageObject\",\"inLanguage\":\"fr-FR\",\"@id\":\"https:\\\/\\\/www.mobilier-design-occasion.fr\\\/magazine\\\/#\\\/schema\\\/logo\\\/image\\\/\",\"url\":\"https:\\\/\\\/www.mobilier-design-occasion.fr\\\/magazine\\\/wp-content\\\/uploads\\\/2024\\\/02\\\/android-chrome-192x192-1.png\",\"contentUrl\":\"https:\\\/\\\/www.mobilier-design-occasion.fr\\\/magazine\\\/wp-content\\\/uploads\\\/2024\\\/02\\\/android-chrome-192x192-1.png\",\"width\":192,\"height\":192,\"caption\":\"Mobilier Design Magazine\"},\"image\":{\"@id\":\"https:\\\/\\\/www.mobilier-design-occasion.fr\\\/magazine\\\/#\\\/schema\\\/logo\\\/image\\\/\"},\"sameAs\":[\"https:\\\/\\\/www.facebook.com\\\/mobilierdesignoccasion\"]},{\"@type\":\"Person\",\"@id\":\"https:\\\/\\\/www.mobilier-design-occasion.fr\\\/magazine\\\/#\\\/schema\\\/person\\\/af895bedc80bfb6b17730a672fddac9e\",\"name\":\"Vincent Vandegans\",\"image\":{\"@type\":\"ImageObject\",\"inLanguage\":\"fr-FR\",\"@id\":\"https:\\\/\\\/secure.gravatar.com\\\/avatar\\\/b984800dabdf722d5e3f03f637c8932dea77d81118467d17ad2953e3b273ec66?s=96&d=mm&r=g\",\"url\":\"https:\\\/\\\/secure.gravatar.com\\\/avatar\\\/b984800dabdf722d5e3f03f637c8932dea77d81118467d17ad2953e3b273ec66?s=96&d=mm&r=g\",\"contentUrl\":\"https:\\\/\\\/secure.gravatar.com\\\/avatar\\\/b984800dabdf722d5e3f03f637c8932dea77d81118467d17ad2953e3b273ec66?s=96&d=mm&r=g\",\"caption\":\"Vincent Vandegans\"},\"description\":\"Vincent est passionn\u00e9 par les produits d'occasion, il a ouvert le site MDO avec Cyrielle pour aider les gens \u00e0 trouver du mobilier d'occasion, vintage ou usag\u00e9. Depuis, ils ont \u00e9tendu leurs activit\u00e9s et conseillent tout le monde sur le mobilier d'int\u00e9rieur et d'ext\u00e9rieur au quotidien \u00e0 travers le magazine MDO.\",\"url\":\"https:\\\/\\\/www.mobilier-design-occasion.fr\\\/magazine\\\/author\\\/vincent\\\/\"}]}<\/script>\n<!-- \/ Yoast SEO plugin. -->","yoast_head_json":{"title":"Travaux de r\u00e9novation\u00a0: les aides dont personne ne se soucie","description":"Le financement de votre r\u00e9novation est un casse-t\u00eate\u2009? Explorez un tr\u00e9sor d\u2019aides m\u00e9connues pour concr\u00e9tiser votre projet sans vous ruiner.","robots":{"index":"index","follow":"follow","max-snippet":"max-snippet:-1","max-image-preview":"max-image-preview:large","max-video-preview":"max-video-preview:-1"},"canonical":"https:\/\/www.mobilier-design-occasion.fr\/magazine\/travaux-de-renovation-les-aides-dont-personne-ne-se-soucie\/","og_locale":"fr_FR","og_type":"article","og_title":"Travaux de r\u00e9novation\u00a0: les aides dont personne ne se soucie","og_description":"Le financement de votre r\u00e9novation est un casse-t\u00eate\u2009? Explorez un tr\u00e9sor d\u2019aides m\u00e9connues pour concr\u00e9tiser votre projet sans vous ruiner.","og_url":"https:\/\/www.mobilier-design-occasion.fr\/magazine\/travaux-de-renovation-les-aides-dont-personne-ne-se-soucie\/","og_site_name":"Mobilier Design Magazine","article_publisher":"https:\/\/www.facebook.com\/mobilierdesignoccasion","article_published_time":"2025-06-26T07:17:28+00:00","og_image":[{"width":847,"height":565,"url":"https:\/\/www.mobilier-design-occasion.fr\/magazine\/wp-content\/uploads\/2025\/06\/f67c991dcb852b39e23c4981e6761acb.jpeg","type":"image\/jpeg"}],"author":"Vincent Vandegans","twitter_card":"summary_large_image","twitter_misc":{"\u00c9crit par":"Vincent Vandegans","Dur\u00e9e de lecture estim\u00e9e":"2 minutes"},"schema":{"@context":"https:\/\/schema.org","@graph":[{"@type":"Article","@id":"https:\/\/www.mobilier-design-occasion.fr\/magazine\/travaux-de-renovation-les-aides-dont-personne-ne-se-soucie\/#article","isPartOf":{"@id":"https:\/\/www.mobilier-design-occasion.fr\/magazine\/travaux-de-renovation-les-aides-dont-personne-ne-se-soucie\/"},"author":{"name":"Vincent Vandegans","@id":"https:\/\/www.mobilier-design-occasion.fr\/magazine\/#\/schema\/person\/af895bedc80bfb6b17730a672fddac9e"},"headline":"Travaux de r\u00e9novation\u00a0: les aides dont personne ne se soucie","datePublished":"2025-06-26T07:17:28+00:00","mainEntityOfPage":{"@id":"https:\/\/www.mobilier-design-occasion.fr\/magazine\/travaux-de-renovation-les-aides-dont-personne-ne-se-soucie\/"},"wordCount":413,"commentCount":0,"publisher":{"@id":"https:\/\/www.mobilier-design-occasion.fr\/magazine\/#organization"},"image":{"@id":"https:\/\/www.mobilier-design-occasion.fr\/magazine\/travaux-de-renovation-les-aides-dont-personne-ne-se-soucie\/#primaryimage"},"thumbnailUrl":"https:\/\/www.mobilier-design-occasion.fr\/magazine\/wp-content\/uploads\/2025\/06\/f67c991dcb852b39e23c4981e6761acb.jpeg","articleSection":["Uncategorized"],"inLanguage":"fr-FR","potentialAction":[{"@type":"CommentAction","name":"Comment","target":["https:\/\/www.mobilier-design-occasion.fr\/magazine\/travaux-de-renovation-les-aides-dont-personne-ne-se-soucie\/#respond"]}]},{"@type":"WebPage","@id":"https:\/\/www.mobilier-design-occasion.fr\/magazine\/travaux-de-renovation-les-aides-dont-personne-ne-se-soucie\/","url":"https:\/\/www.mobilier-design-occasion.fr\/magazine\/travaux-de-renovation-les-aides-dont-personne-ne-se-soucie\/","name":"Travaux de r\u00e9novation\u00a0: les aides dont personne ne se soucie","isPartOf":{"@id":"https:\/\/www.mobilier-design-occasion.fr\/magazine\/#website"},"primaryImageOfPage":{"@id":"https:\/\/www.mobilier-design-occasion.fr\/magazine\/travaux-de-renovation-les-aides-dont-personne-ne-se-soucie\/#primaryimage"},"image":{"@id":"https:\/\/www.mobilier-design-occasion.fr\/magazine\/travaux-de-renovation-les-aides-dont-personne-ne-se-soucie\/#primaryimage"},"thumbnailUrl":"https:\/\/www.mobilier-design-occasion.fr\/magazine\/wp-content\/uploads\/2025\/06\/f67c991dcb852b39e23c4981e6761acb.jpeg","datePublished":"2025-06-26T07:17:28+00:00","description":"Le financement de votre r\u00e9novation est un casse-t\u00eate\u2009? Explorez un tr\u00e9sor d\u2019aides m\u00e9connues pour concr\u00e9tiser votre projet sans vous ruiner.","breadcrumb":{"@id":"https:\/\/www.mobilier-design-occasion.fr\/magazine\/travaux-de-renovation-les-aides-dont-personne-ne-se-soucie\/#breadcrumb"},"inLanguage":"fr-FR","potentialAction":[{"@type":"ReadAction","target":["https:\/\/www.mobilier-design-occasion.fr\/magazine\/travaux-de-renovation-les-aides-dont-personne-ne-se-soucie\/"]}]},{"@type":"ImageObject","inLanguage":"fr-FR","@id":"https:\/\/www.mobilier-design-occasion.fr\/magazine\/travaux-de-renovation-les-aides-dont-personne-ne-se-soucie\/#primaryimage","url":"https:\/\/www.mobilier-design-occasion.fr\/magazine\/wp-content\/uploads\/2025\/06\/f67c991dcb852b39e23c4981e6761acb.jpeg","contentUrl":"https:\/\/www.mobilier-design-occasion.fr\/magazine\/wp-content\/uploads\/2025\/06\/f67c991dcb852b39e23c4981e6761acb.jpeg","width":847,"height":565},{"@type":"BreadcrumbList","@id":"https:\/\/www.mobilier-design-occasion.fr\/magazine\/travaux-de-renovation-les-aides-dont-personne-ne-se-soucie\/#breadcrumb","itemListElement":[{"@type":"ListItem","position":1,"name":"Accueil","item":"https:\/\/www.mobilier-design-occasion.fr\/magazine\/"},{"@type":"ListItem","position":2,"name":"Travaux de r\u00e9novation\u00a0: les aides dont personne ne se soucie"}]},{"@type":"WebSite","@id":"https:\/\/www.mobilier-design-occasion.fr\/magazine\/#website","url":"https:\/\/www.mobilier-design-occasion.fr\/magazine\/","name":"Mobilier Design Magazine","description":"","publisher":{"@id":"https:\/\/www.mobilier-design-occasion.fr\/magazine\/#organization"},"potentialAction":[{"@type":"SearchAction","target":{"@type":"EntryPoint","urlTemplate":"https:\/\/www.mobilier-design-occasion.fr\/magazine\/?s={search_term_string}"},"query-input":{"@type":"PropertyValueSpecification","valueRequired":true,"valueName":"search_term_string"}}],"inLanguage":"fr-FR"},{"@type":"Organization","@id":"https:\/\/www.mobilier-design-occasion.fr\/magazine\/#organization","name":"Mobilier Design Magazine","url":"https:\/\/www.mobilier-design-occasion.fr\/magazine\/","logo":{"@type":"ImageObject","inLanguage":"fr-FR","@id":"https:\/\/www.mobilier-design-occasion.fr\/magazine\/#\/schema\/logo\/image\/","url":"https:\/\/www.mobilier-design-occasion.fr\/magazine\/wp-content\/uploads\/2024\/02\/android-chrome-192x192-1.png","contentUrl":"https:\/\/www.mobilier-design-occasion.fr\/magazine\/wp-content\/uploads\/2024\/02\/android-chrome-192x192-1.png","width":192,"height":192,"caption":"Mobilier Design Magazine"},"image":{"@id":"https:\/\/www.mobilier-design-occasion.fr\/magazine\/#\/schema\/logo\/image\/"},"sameAs":["https:\/\/www.facebook.com\/mobilierdesignoccasion"]},{"@type":"Person","@id":"https:\/\/www.mobilier-design-occasion.fr\/magazine\/#\/schema\/person\/af895bedc80bfb6b17730a672fddac9e","name":"Vincent Vandegans","image":{"@type":"ImageObject","inLanguage":"fr-FR","@id":"https:\/\/secure.gravatar.com\/avatar\/b984800dabdf722d5e3f03f637c8932dea77d81118467d17ad2953e3b273ec66?s=96&d=mm&r=g","url":"https:\/\/secure.gravatar.com\/avatar\/b984800dabdf722d5e3f03f637c8932dea77d81118467d17ad2953e3b273ec66?s=96&d=mm&r=g","contentUrl":"https:\/\/secure.gravatar.com\/avatar\/b984800dabdf722d5e3f03f637c8932dea77d81118467d17ad2953e3b273ec66?s=96&d=mm&r=g","caption":"Vincent Vandegans"},"description":"Vincent est passionn\u00e9 par les produits d'occasion, il a ouvert le site MDO avec Cyrielle pour aider les gens \u00e0 trouver du mobilier d'occasion, vintage ou usag\u00e9. Depuis, ils ont \u00e9tendu leurs activit\u00e9s et conseillent tout le monde sur le mobilier d'int\u00e9rieur et d'ext\u00e9rieur au quotidien \u00e0 travers le magazine MDO.","url":"https:\/\/www.mobilier-design-occasion.fr\/magazine\/author\/vincent\/"}]}},"_links":{"self":[{"href":"https:\/\/www.mobilier-design-occasion.fr\/magazine\/wp-json\/wp\/v2\/posts\/8303","targetHints":{"allow":["GET"]}}],"collection":[{"href":"https:\/\/www.mobilier-design-occasion.fr\/magazine\/wp-json\/wp\/v2\/posts"}],"about":[{"href":"https:\/\/www.mobilier-design-occasion.fr\/magazine\/wp-json\/wp\/v2\/types\/post"}],"author":[{"embeddable":true,"href":"https:\/\/www.mobilier-design-occasion.fr\/magazine\/wp-json\/wp\/v2\/users\/2"}],"replies":[{"embeddable":true,"href":"https:\/\/www.mobilier-design-occasion.fr\/magazine\/wp-json\/wp\/v2\/comments?post=8303"}],"version-history":[{"count":1,"href":"https:\/\/www.mobilier-design-occasion.fr\/magazine\/wp-json\/wp\/v2\/posts\/8303\/revisions"}],"predecessor-version":[{"id":8304,"href":"https:\/\/www.mobilier-design-occasion.fr\/magazine\/wp-json\/wp\/v2\/posts\/8303\/revisions\/8304"}],"wp:featuredmedia":[{"embeddable":true,"href":"https:\/\/www.mobilier-design-occasion.fr\/magazine\/wp-json\/wp\/v2\/media\/8305"}],"wp:attachment":[{"href":"https:\/\/www.mobilier-design-occasion.fr\/magazine\/wp-json\/wp\/v2\/media?parent=8303"}],"wp:term":[{"taxonomy":"category","embeddable":true,"href":"https:\/\/www.mobilier-design-occasion.fr\/magazine\/wp-json\/wp\/v2\/categories?post=8303"},{"taxonomy":"post_tag","embeddable":true,"href":"https:\/\/www.mobilier-design-occasion.fr\/magazine\/wp-json\/wp\/v2\/tags?post=8303"}],"curies":[{"name":"wp","href":"https:\/\/api.w.org\/{rel}","templated":true}]}}