{"id":8297,"date":"2025-06-19T16:43:20","date_gmt":"2025-06-19T16:43:20","guid":{"rendered":"https:\/\/www.mobilier-design-occasion.fr\/magazine\/comment-choisir-la-baignoire-sabot-parfaite-pour-votre-salle-de-bain\/"},"modified":"2025-06-19T16:43:20","modified_gmt":"2025-06-19T16:43:20","slug":"comment-choisir-la-baignoire-sabot-parfaite-pour-votre-salle-de-bain","status":"publish","type":"post","link":"https:\/\/www.mobilier-design-occasion.fr\/magazine\/comment-choisir-la-baignoire-sabot-parfaite-pour-votre-salle-de-bain\/","title":{"rendered":"Comment choisir la baignoire sabot parfaite pour votre salle de bain\u2009?"},"content":{"rendered":"<div>\n<p>L\u2019achat d\u2019une baignoire sabot ne se fait pas \u00e0 la l\u00e9g\u00e8re. Ce mod\u00e8le reconnaissable \u00e0 sa forme asym\u00e9trique et \u00e0 son acc\u00e8s s\u00e9curis\u00e9 r\u00e9pond \u00e0 des besoins sp\u00e9cifiques en mati\u00e8re de confort et de s\u00e9curit\u00e9. Vous souhaitez optimiser l\u2019espace dans une petite salle d\u2019eau ou pr\u00e9venir les risques de chute\u2009? Ce type de baignoire offre des avantages uniques. Mais comment bien la s\u00e9lectionner\u2009? Quels crit\u00e8res prendre en compte pour qu\u2019elle s\u2019int\u00e8gre parfaitement \u00e0 votre quotidien\u2009? Suivez ce guide.<\/p>\n<h2><span class=\"ez-toc-section\" id=\"Quels_sont_les_atouts_dune_baignoire_sabot_pour_le_confort_et_la_securite%E2%80%89\"><\/span>Quels sont les atouts d\u2019une baignoire sabot pour le confort et la s\u00e9curit\u00e9\u2009?<span class=\"ez-toc-section-end\"><\/span><\/h2><div id=\"ez-toc-container\" class=\"ez-toc-v2_0_82_2 counter-hierarchy ez-toc-counter ez-toc-grey ez-toc-container-direction\">\n<div class=\"ez-toc-title-container\">\n<span class=\"ez-toc-title-toggle\"><a href=\"#\" class=\"ez-toc-pull-right ez-toc-btn ez-toc-btn-xs ez-toc-btn-default ez-toc-toggle\" aria-label=\"Toggle Table of Content\"><span class=\"ez-toc-js-icon-con\"><span class=\"\"><span class=\"eztoc-hide\" style=\"display:none;\">Toggle<\/span><span class=\"ez-toc-icon-toggle-span\"><svg style=\"fill: #999;color:#999\" xmlns=\"http:\/\/www.w3.org\/2000\/svg\" class=\"list-377408\" width=\"20px\" height=\"20px\" viewBox=\"0 0 24 24\" fill=\"none\"><path d=\"M6 6H4v2h2V6zm14 0H8v2h12V6zM4 11h2v2H4v-2zm16 0H8v2h12v-2zM4 16h2v2H4v-2zm16 0H8v2h12v-2z\" fill=\"currentColor\"><\/path><\/svg><svg style=\"fill: #999;color:#999\" class=\"arrow-unsorted-368013\" xmlns=\"http:\/\/www.w3.org\/2000\/svg\" width=\"10px\" height=\"10px\" viewBox=\"0 0 24 24\" version=\"1.2\" baseProfile=\"tiny\"><path d=\"M18.2 9.3l-6.2-6.3-6.2 6.3c-.2.2-.3.4-.3.7s.1.5.3.7c.2.2.4.3.7.3h11c.3 0 .5-.1.7-.3.2-.2.3-.5.3-.7s-.1-.5-.3-.7zM5.8 14.7l6.2 6.3 6.2-6.3c.2-.2.3-.5.3-.7s-.1-.5-.3-.7c-.2-.2-.4-.3-.7-.3h-11c-.3 0-.5.1-.7.3-.2.2-.3.5-.3.7s.1.5.3.7z\"\/><\/svg><\/span><\/span><\/span><\/a><\/span><\/div>\n<nav><ul class='ez-toc-list ez-toc-list-level-1 eztoc-toggle-hide-by-default' ><li class='ez-toc-page-1 ez-toc-heading-level-2'><a class=\"ez-toc-link ez-toc-heading-1\" href=\"https:\/\/www.mobilier-design-occasion.fr\/magazine\/comment-choisir-la-baignoire-sabot-parfaite-pour-votre-salle-de-bain\/#Quels_sont_les_atouts_dune_baignoire_sabot_pour_le_confort_et_la_securite%E2%80%89\" >Quels sont les atouts d\u2019une baignoire sabot pour le confort et la s\u00e9curit\u00e9\u2009?<\/a><\/li><li class='ez-toc-page-1 ez-toc-heading-level-2'><a class=\"ez-toc-link ez-toc-heading-2\" href=\"https:\/\/www.mobilier-design-occasion.fr\/magazine\/comment-choisir-la-baignoire-sabot-parfaite-pour-votre-salle-de-bain\/#Quels_materiaux_privilegier_pour_une_baignoire_sabot_durable%E2%80%89\" >Quels mat\u00e9riaux privil\u00e9gier pour une baignoire sabot durable\u2009?<\/a><\/li><li class='ez-toc-page-1 ez-toc-heading-level-2'><a class=\"ez-toc-link ez-toc-heading-3\" href=\"https:\/\/www.mobilier-design-occasion.fr\/magazine\/comment-choisir-la-baignoire-sabot-parfaite-pour-votre-salle-de-bain\/#Comment_optimiser_lespace_avec_une_baignoire_sabot%E2%80%89\" >Comment optimiser l\u2019espace avec une baignoire sabot\u2009?<\/a><\/li><\/ul><\/nav><\/div>\n\n<p>Si vous recherchez une solution \u00e0 la fois <strong>pratique et rassurante<\/strong>, la <a href=\"https:\/\/www.sawiday.fr\/baignoires\/baignoires-sabot\/\" target=\"_blank\" rel=\"noopener noreferrer\">baignoire sabot id\u00e9ale pour les personnes \u00e2g\u00e9es<\/a>\u00a0ou \u00e0 mobilit\u00e9 r\u00e9duite r\u00e9pond \u00e0 ces attentes. Gr\u00e2ce \u00e0 sa porte \u00e9tanche et son seuil surbaiss\u00e9, elle facilite l\u2019entr\u00e9e et la sortie sans effort. Le <strong>fond antid\u00e9rapant<\/strong> r\u00e9duit les risques de glissade, tandis que sa profondeur g\u00e9n\u00e9reuse vous permet de vous immerger pleinement. Contrairement aux mod\u00e8les classiques, elle allie ergonomie et design, ce qui en fait un investissement durable.\u00a0<\/p>\n<h2><span class=\"ez-toc-section\" id=\"Quels_materiaux_privilegier_pour_une_baignoire_sabot_durable%E2%80%89\"><\/span>Quels mat\u00e9riaux privil\u00e9gier pour une baignoire sabot durable\u2009?<span class=\"ez-toc-section-end\"><\/span><\/h2>\n<p>La long\u00e9vit\u00e9 de votre baignoire d\u00e9pend en grande partie des mat\u00e9riaux choisis. <strong>L\u2019acrylique<\/strong> reste l\u2019option la plus populaire, car il r\u00e9siste aux chocs et conserve la chaleur plus longtemps. Si vous pr\u00e9f\u00e9rez une finition haut de gamme, le composite min\u00e9ral offre une robustesse sup\u00e9rieure, bien que son prix soit plus \u00e9lev\u00e9. \u00c9vitez les mod\u00e8les\u00a0:<\/p>\n<ul>\n<li>en fonte\u2009;<\/li>\n<li>trop lourds\u2009;<\/li>\n<li>et difficiles \u00e0 installer dans des espaces restreints.<\/li>\n<\/ul>\n<p>L\u2019entretien joue aussi un r\u00f4le cl\u00e9 dans la durabilit\u00e9. Pr\u00e9f\u00e9rez des <strong>surfaces lisses et non poreuses<\/strong> pour \u00e9viter l\u2019accumulation de calcaire ou de bact\u00e9ries. Un nettoyage r\u00e9gulier avec des produits non abrasifs pr\u00e9servera l\u2019\u00e9clat de votre baignoire.<\/p>\n<h2><span class=\"ez-toc-section\" id=\"Comment_optimiser_lespace_avec_une_baignoire_sabot%E2%80%89\"><\/span>Comment optimiser l\u2019espace avec une baignoire sabot\u2009?<span class=\"ez-toc-section-end\"><\/span><\/h2>\n<p>Ce mod\u00e8le se distingue par son encombrement r\u00e9duit, parfait pour les petites salles de bain. Contrairement \u00e0 une baignoire droite, sa <strong>forme inclin\u00e9e<\/strong> lib\u00e8re de la place tout en gardant une profondeur suffisante pour un bain relaxant. Mesurez pr\u00e9cis\u00e9ment l\u2019emplacement disponible avant l\u2019achat, en tenant compte de l\u2019espace n\u00e9cessaire pour ouvrir la porte sans encombre.\u00a0<\/p>\n<p>Pour une int\u00e9gration harmonieuse, jouez avec les <strong>couleurs et les finitions<\/strong>. Les teintes claires agrandissent visuellement la pi\u00e8ce, tandis qu\u2019un rev\u00eatement mat masque mieux les traces d\u2019eau. Si vous manquez de rangements, ajoutez des niches murales ou une \u00e9tag\u00e8re suspendue \u00e0 proximit\u00e9.<\/p>\n<\/div>\n","protected":false},"excerpt":{"rendered":"<p>L\u2019achat d\u2019une baignoire sabot ne se fait pas \u00e0 la l\u00e9g\u00e8re. Ce mod\u00e8le reconnaissable \u00e0 sa forme asym\u00e9trique et \u00e0 son acc\u00e8s s\u00e9curis\u00e9 r\u00e9pond \u00e0 des besoins sp\u00e9cifiques en mati\u00e8re de confort et de s\u00e9curit\u00e9. Vous souhaitez optimiser l\u2019espace dans une petite salle d\u2019eau ou pr\u00e9venir les risques de chute\u2009? Ce type de baignoire offre [&hellip;]<\/p>\n","protected":false},"author":2,"featured_media":8299,"comment_status":"open","ping_status":"open","sticky":false,"template":"","format":"standard","meta":{"footnotes":""},"categories":[123],"tags":[],"class_list":["post-8297","post","type-post","status-publish","format-standard","has-post-thumbnail","hentry","category-salle-de-bain"],"yoast_head":"<!-- This site is optimized with the Yoast SEO plugin v27.5 - https:\/\/yoast.com\/product\/yoast-seo-wordpress\/ -->\n<title>Comment choisir la baignoire sabot parfaite pour votre salle de bain\u2009?<\/title>\n<meta name=\"description\" content=\"Vous voulez choisir la baignoire sabot adapt\u00e9e \u00e0 vos besoins ? Confort, s\u00e9curit\u00e9 et gain de place\u00a0: voici nos conseils pour bien s\u00e9lectionner votre mod\u00e8le.\" \/>\n<meta name=\"robots\" content=\"index, follow, max-snippet:-1, max-image-preview:large, max-video-preview:-1\" \/>\n<link rel=\"canonical\" href=\"https:\/\/www.mobilier-design-occasion.fr\/magazine\/comment-choisir-la-baignoire-sabot-parfaite-pour-votre-salle-de-bain\/\" \/>\n<meta property=\"og:locale\" content=\"fr_FR\" \/>\n<meta property=\"og:type\" content=\"article\" \/>\n<meta property=\"og:title\" content=\"Comment choisir la baignoire sabot parfaite pour votre salle de bain\u2009?\" \/>\n<meta property=\"og:description\" content=\"Vous voulez choisir la baignoire sabot adapt\u00e9e \u00e0 vos besoins ? Confort, s\u00e9curit\u00e9 et gain de place\u00a0: voici nos conseils pour bien s\u00e9lectionner votre mod\u00e8le.\" \/>\n<meta property=\"og:url\" content=\"https:\/\/www.mobilier-design-occasion.fr\/magazine\/comment-choisir-la-baignoire-sabot-parfaite-pour-votre-salle-de-bain\/\" \/>\n<meta property=\"og:site_name\" content=\"Mobilier Design Magazine\" \/>\n<meta property=\"article:publisher\" content=\"https:\/\/www.facebook.com\/mobilierdesignoccasion\" \/>\n<meta property=\"article:published_time\" content=\"2025-06-19T16:43:20+00:00\" \/>\n<meta property=\"og:image\" content=\"https:\/\/www.mobilier-design-occasion.fr\/magazine\/wp-content\/uploads\/2025\/06\/ec0503b9d253b17b246145826c9a5ffd.jpeg\" \/>\n\t<meta property=\"og:image:width\" content=\"1280\" \/>\n\t<meta property=\"og:image:height\" content=\"1280\" \/>\n\t<meta property=\"og:image:type\" content=\"image\/jpeg\" \/>\n<meta name=\"author\" content=\"Vincent Vandegans\" \/>\n<meta name=\"twitter:card\" content=\"summary_large_image\" \/>\n<meta name=\"twitter:label1\" content=\"\u00c9crit par\" \/>\n\t<meta name=\"twitter:data1\" content=\"Vincent Vandegans\" \/>\n\t<meta name=\"twitter:label2\" content=\"Dur\u00e9e de lecture estim\u00e9e\" \/>\n\t<meta name=\"twitter:data2\" content=\"2 minutes\" \/>\n<script type=\"application\/ld+json\" class=\"yoast-schema-graph\">{\"@context\":\"https:\\\/\\\/schema.org\",\"@graph\":[{\"@type\":\"Article\",\"@id\":\"https:\\\/\\\/www.mobilier-design-occasion.fr\\\/magazine\\\/comment-choisir-la-baignoire-sabot-parfaite-pour-votre-salle-de-bain\\\/#article\",\"isPartOf\":{\"@id\":\"https:\\\/\\\/www.mobilier-design-occasion.fr\\\/magazine\\\/comment-choisir-la-baignoire-sabot-parfaite-pour-votre-salle-de-bain\\\/\"},\"author\":{\"name\":\"Vincent Vandegans\",\"@id\":\"https:\\\/\\\/www.mobilier-design-occasion.fr\\\/magazine\\\/#\\\/schema\\\/person\\\/af895bedc80bfb6b17730a672fddac9e\"},\"headline\":\"Comment choisir la baignoire sabot parfaite pour votre salle de bain\u2009?\",\"datePublished\":\"2025-06-19T16:43:20+00:00\",\"mainEntityOfPage\":{\"@id\":\"https:\\\/\\\/www.mobilier-design-occasion.fr\\\/magazine\\\/comment-choisir-la-baignoire-sabot-parfaite-pour-votre-salle-de-bain\\\/\"},\"wordCount\":457,\"commentCount\":0,\"publisher\":{\"@id\":\"https:\\\/\\\/www.mobilier-design-occasion.fr\\\/magazine\\\/#organization\"},\"image\":{\"@id\":\"https:\\\/\\\/www.mobilier-design-occasion.fr\\\/magazine\\\/comment-choisir-la-baignoire-sabot-parfaite-pour-votre-salle-de-bain\\\/#primaryimage\"},\"thumbnailUrl\":\"https:\\\/\\\/www.mobilier-design-occasion.fr\\\/magazine\\\/wp-content\\\/uploads\\\/2025\\\/06\\\/ec0503b9d253b17b246145826c9a5ffd.jpeg\",\"articleSection\":[\"Salle de bain\"],\"inLanguage\":\"fr-FR\",\"potentialAction\":[{\"@type\":\"CommentAction\",\"name\":\"Comment\",\"target\":[\"https:\\\/\\\/www.mobilier-design-occasion.fr\\\/magazine\\\/comment-choisir-la-baignoire-sabot-parfaite-pour-votre-salle-de-bain\\\/#respond\"]}]},{\"@type\":\"WebPage\",\"@id\":\"https:\\\/\\\/www.mobilier-design-occasion.fr\\\/magazine\\\/comment-choisir-la-baignoire-sabot-parfaite-pour-votre-salle-de-bain\\\/\",\"url\":\"https:\\\/\\\/www.mobilier-design-occasion.fr\\\/magazine\\\/comment-choisir-la-baignoire-sabot-parfaite-pour-votre-salle-de-bain\\\/\",\"name\":\"Comment choisir la baignoire sabot parfaite pour votre salle de bain\u2009?\",\"isPartOf\":{\"@id\":\"https:\\\/\\\/www.mobilier-design-occasion.fr\\\/magazine\\\/#website\"},\"primaryImageOfPage\":{\"@id\":\"https:\\\/\\\/www.mobilier-design-occasion.fr\\\/magazine\\\/comment-choisir-la-baignoire-sabot-parfaite-pour-votre-salle-de-bain\\\/#primaryimage\"},\"image\":{\"@id\":\"https:\\\/\\\/www.mobilier-design-occasion.fr\\\/magazine\\\/comment-choisir-la-baignoire-sabot-parfaite-pour-votre-salle-de-bain\\\/#primaryimage\"},\"thumbnailUrl\":\"https:\\\/\\\/www.mobilier-design-occasion.fr\\\/magazine\\\/wp-content\\\/uploads\\\/2025\\\/06\\\/ec0503b9d253b17b246145826c9a5ffd.jpeg\",\"datePublished\":\"2025-06-19T16:43:20+00:00\",\"description\":\"Vous voulez choisir la baignoire sabot adapt\u00e9e \u00e0 vos besoins ? Confort, s\u00e9curit\u00e9 et gain de place\u00a0: voici nos conseils pour bien s\u00e9lectionner votre mod\u00e8le.\",\"breadcrumb\":{\"@id\":\"https:\\\/\\\/www.mobilier-design-occasion.fr\\\/magazine\\\/comment-choisir-la-baignoire-sabot-parfaite-pour-votre-salle-de-bain\\\/#breadcrumb\"},\"inLanguage\":\"fr-FR\",\"potentialAction\":[{\"@type\":\"ReadAction\",\"target\":[\"https:\\\/\\\/www.mobilier-design-occasion.fr\\\/magazine\\\/comment-choisir-la-baignoire-sabot-parfaite-pour-votre-salle-de-bain\\\/\"]}]},{\"@type\":\"ImageObject\",\"inLanguage\":\"fr-FR\",\"@id\":\"https:\\\/\\\/www.mobilier-design-occasion.fr\\\/magazine\\\/comment-choisir-la-baignoire-sabot-parfaite-pour-votre-salle-de-bain\\\/#primaryimage\",\"url\":\"https:\\\/\\\/www.mobilier-design-occasion.fr\\\/magazine\\\/wp-content\\\/uploads\\\/2025\\\/06\\\/ec0503b9d253b17b246145826c9a5ffd.jpeg\",\"contentUrl\":\"https:\\\/\\\/www.mobilier-design-occasion.fr\\\/magazine\\\/wp-content\\\/uploads\\\/2025\\\/06\\\/ec0503b9d253b17b246145826c9a5ffd.jpeg\",\"width\":1280,\"height\":1280},{\"@type\":\"BreadcrumbList\",\"@id\":\"https:\\\/\\\/www.mobilier-design-occasion.fr\\\/magazine\\\/comment-choisir-la-baignoire-sabot-parfaite-pour-votre-salle-de-bain\\\/#breadcrumb\",\"itemListElement\":[{\"@type\":\"ListItem\",\"position\":1,\"name\":\"Accueil\",\"item\":\"https:\\\/\\\/www.mobilier-design-occasion.fr\\\/magazine\\\/\"},{\"@type\":\"ListItem\",\"position\":2,\"name\":\"Comment choisir la baignoire sabot parfaite pour votre salle de bain\u2009?\"}]},{\"@type\":\"WebSite\",\"@id\":\"https:\\\/\\\/www.mobilier-design-occasion.fr\\\/magazine\\\/#website\",\"url\":\"https:\\\/\\\/www.mobilier-design-occasion.fr\\\/magazine\\\/\",\"name\":\"Mobilier Design Magazine\",\"description\":\"\",\"publisher\":{\"@id\":\"https:\\\/\\\/www.mobilier-design-occasion.fr\\\/magazine\\\/#organization\"},\"potentialAction\":[{\"@type\":\"SearchAction\",\"target\":{\"@type\":\"EntryPoint\",\"urlTemplate\":\"https:\\\/\\\/www.mobilier-design-occasion.fr\\\/magazine\\\/?s={search_term_string}\"},\"query-input\":{\"@type\":\"PropertyValueSpecification\",\"valueRequired\":true,\"valueName\":\"search_term_string\"}}],\"inLanguage\":\"fr-FR\"},{\"@type\":\"Organization\",\"@id\":\"https:\\\/\\\/www.mobilier-design-occasion.fr\\\/magazine\\\/#organization\",\"name\":\"Mobilier Design Magazine\",\"url\":\"https:\\\/\\\/www.mobilier-design-occasion.fr\\\/magazine\\\/\",\"logo\":{\"@type\":\"ImageObject\",\"inLanguage\":\"fr-FR\",\"@id\":\"https:\\\/\\\/www.mobilier-design-occasion.fr\\\/magazine\\\/#\\\/schema\\\/logo\\\/image\\\/\",\"url\":\"https:\\\/\\\/www.mobilier-design-occasion.fr\\\/magazine\\\/wp-content\\\/uploads\\\/2024\\\/02\\\/android-chrome-192x192-1.png\",\"contentUrl\":\"https:\\\/\\\/www.mobilier-design-occasion.fr\\\/magazine\\\/wp-content\\\/uploads\\\/2024\\\/02\\\/android-chrome-192x192-1.png\",\"width\":192,\"height\":192,\"caption\":\"Mobilier Design Magazine\"},\"image\":{\"@id\":\"https:\\\/\\\/www.mobilier-design-occasion.fr\\\/magazine\\\/#\\\/schema\\\/logo\\\/image\\\/\"},\"sameAs\":[\"https:\\\/\\\/www.facebook.com\\\/mobilierdesignoccasion\"]},{\"@type\":\"Person\",\"@id\":\"https:\\\/\\\/www.mobilier-design-occasion.fr\\\/magazine\\\/#\\\/schema\\\/person\\\/af895bedc80bfb6b17730a672fddac9e\",\"name\":\"Vincent Vandegans\",\"image\":{\"@type\":\"ImageObject\",\"inLanguage\":\"fr-FR\",\"@id\":\"https:\\\/\\\/secure.gravatar.com\\\/avatar\\\/b984800dabdf722d5e3f03f637c8932dea77d81118467d17ad2953e3b273ec66?s=96&d=mm&r=g\",\"url\":\"https:\\\/\\\/secure.gravatar.com\\\/avatar\\\/b984800dabdf722d5e3f03f637c8932dea77d81118467d17ad2953e3b273ec66?s=96&d=mm&r=g\",\"contentUrl\":\"https:\\\/\\\/secure.gravatar.com\\\/avatar\\\/b984800dabdf722d5e3f03f637c8932dea77d81118467d17ad2953e3b273ec66?s=96&d=mm&r=g\",\"caption\":\"Vincent Vandegans\"},\"description\":\"Vincent est passionn\u00e9 par les produits d'occasion, il a ouvert le site MDO avec Cyrielle pour aider les gens \u00e0 trouver du mobilier d'occasion, vintage ou usag\u00e9. Depuis, ils ont \u00e9tendu leurs activit\u00e9s et conseillent tout le monde sur le mobilier d'int\u00e9rieur et d'ext\u00e9rieur au quotidien \u00e0 travers le magazine MDO.\",\"url\":\"https:\\\/\\\/www.mobilier-design-occasion.fr\\\/magazine\\\/author\\\/vincent\\\/\"}]}<\/script>\n<!-- \/ Yoast SEO plugin. -->","yoast_head_json":{"title":"Comment choisir la baignoire sabot parfaite pour votre salle de bain\u2009?","description":"Vous voulez choisir la baignoire sabot adapt\u00e9e \u00e0 vos besoins ? Confort, s\u00e9curit\u00e9 et gain de place\u00a0: voici nos conseils pour bien s\u00e9lectionner votre mod\u00e8le.","robots":{"index":"index","follow":"follow","max-snippet":"max-snippet:-1","max-image-preview":"max-image-preview:large","max-video-preview":"max-video-preview:-1"},"canonical":"https:\/\/www.mobilier-design-occasion.fr\/magazine\/comment-choisir-la-baignoire-sabot-parfaite-pour-votre-salle-de-bain\/","og_locale":"fr_FR","og_type":"article","og_title":"Comment choisir la baignoire sabot parfaite pour votre salle de bain\u2009?","og_description":"Vous voulez choisir la baignoire sabot adapt\u00e9e \u00e0 vos besoins ? Confort, s\u00e9curit\u00e9 et gain de place\u00a0: voici nos conseils pour bien s\u00e9lectionner votre mod\u00e8le.","og_url":"https:\/\/www.mobilier-design-occasion.fr\/magazine\/comment-choisir-la-baignoire-sabot-parfaite-pour-votre-salle-de-bain\/","og_site_name":"Mobilier Design Magazine","article_publisher":"https:\/\/www.facebook.com\/mobilierdesignoccasion","article_published_time":"2025-06-19T16:43:20+00:00","og_image":[{"width":1280,"height":1280,"url":"https:\/\/www.mobilier-design-occasion.fr\/magazine\/wp-content\/uploads\/2025\/06\/ec0503b9d253b17b246145826c9a5ffd.jpeg","type":"image\/jpeg"}],"author":"Vincent Vandegans","twitter_card":"summary_large_image","twitter_misc":{"\u00c9crit par":"Vincent Vandegans","Dur\u00e9e de lecture estim\u00e9e":"2 minutes"},"schema":{"@context":"https:\/\/schema.org","@graph":[{"@type":"Article","@id":"https:\/\/www.mobilier-design-occasion.fr\/magazine\/comment-choisir-la-baignoire-sabot-parfaite-pour-votre-salle-de-bain\/#article","isPartOf":{"@id":"https:\/\/www.mobilier-design-occasion.fr\/magazine\/comment-choisir-la-baignoire-sabot-parfaite-pour-votre-salle-de-bain\/"},"author":{"name":"Vincent Vandegans","@id":"https:\/\/www.mobilier-design-occasion.fr\/magazine\/#\/schema\/person\/af895bedc80bfb6b17730a672fddac9e"},"headline":"Comment choisir la baignoire sabot parfaite pour votre salle de bain\u2009?","datePublished":"2025-06-19T16:43:20+00:00","mainEntityOfPage":{"@id":"https:\/\/www.mobilier-design-occasion.fr\/magazine\/comment-choisir-la-baignoire-sabot-parfaite-pour-votre-salle-de-bain\/"},"wordCount":457,"commentCount":0,"publisher":{"@id":"https:\/\/www.mobilier-design-occasion.fr\/magazine\/#organization"},"image":{"@id":"https:\/\/www.mobilier-design-occasion.fr\/magazine\/comment-choisir-la-baignoire-sabot-parfaite-pour-votre-salle-de-bain\/#primaryimage"},"thumbnailUrl":"https:\/\/www.mobilier-design-occasion.fr\/magazine\/wp-content\/uploads\/2025\/06\/ec0503b9d253b17b246145826c9a5ffd.jpeg","articleSection":["Salle de bain"],"inLanguage":"fr-FR","potentialAction":[{"@type":"CommentAction","name":"Comment","target":["https:\/\/www.mobilier-design-occasion.fr\/magazine\/comment-choisir-la-baignoire-sabot-parfaite-pour-votre-salle-de-bain\/#respond"]}]},{"@type":"WebPage","@id":"https:\/\/www.mobilier-design-occasion.fr\/magazine\/comment-choisir-la-baignoire-sabot-parfaite-pour-votre-salle-de-bain\/","url":"https:\/\/www.mobilier-design-occasion.fr\/magazine\/comment-choisir-la-baignoire-sabot-parfaite-pour-votre-salle-de-bain\/","name":"Comment choisir la baignoire sabot parfaite pour votre salle de bain\u2009?","isPartOf":{"@id":"https:\/\/www.mobilier-design-occasion.fr\/magazine\/#website"},"primaryImageOfPage":{"@id":"https:\/\/www.mobilier-design-occasion.fr\/magazine\/comment-choisir-la-baignoire-sabot-parfaite-pour-votre-salle-de-bain\/#primaryimage"},"image":{"@id":"https:\/\/www.mobilier-design-occasion.fr\/magazine\/comment-choisir-la-baignoire-sabot-parfaite-pour-votre-salle-de-bain\/#primaryimage"},"thumbnailUrl":"https:\/\/www.mobilier-design-occasion.fr\/magazine\/wp-content\/uploads\/2025\/06\/ec0503b9d253b17b246145826c9a5ffd.jpeg","datePublished":"2025-06-19T16:43:20+00:00","description":"Vous voulez choisir la baignoire sabot adapt\u00e9e \u00e0 vos besoins ? Confort, s\u00e9curit\u00e9 et gain de place\u00a0: voici nos conseils pour bien s\u00e9lectionner votre mod\u00e8le.","breadcrumb":{"@id":"https:\/\/www.mobilier-design-occasion.fr\/magazine\/comment-choisir-la-baignoire-sabot-parfaite-pour-votre-salle-de-bain\/#breadcrumb"},"inLanguage":"fr-FR","potentialAction":[{"@type":"ReadAction","target":["https:\/\/www.mobilier-design-occasion.fr\/magazine\/comment-choisir-la-baignoire-sabot-parfaite-pour-votre-salle-de-bain\/"]}]},{"@type":"ImageObject","inLanguage":"fr-FR","@id":"https:\/\/www.mobilier-design-occasion.fr\/magazine\/comment-choisir-la-baignoire-sabot-parfaite-pour-votre-salle-de-bain\/#primaryimage","url":"https:\/\/www.mobilier-design-occasion.fr\/magazine\/wp-content\/uploads\/2025\/06\/ec0503b9d253b17b246145826c9a5ffd.jpeg","contentUrl":"https:\/\/www.mobilier-design-occasion.fr\/magazine\/wp-content\/uploads\/2025\/06\/ec0503b9d253b17b246145826c9a5ffd.jpeg","width":1280,"height":1280},{"@type":"BreadcrumbList","@id":"https:\/\/www.mobilier-design-occasion.fr\/magazine\/comment-choisir-la-baignoire-sabot-parfaite-pour-votre-salle-de-bain\/#breadcrumb","itemListElement":[{"@type":"ListItem","position":1,"name":"Accueil","item":"https:\/\/www.mobilier-design-occasion.fr\/magazine\/"},{"@type":"ListItem","position":2,"name":"Comment choisir la baignoire sabot parfaite pour votre salle de bain\u2009?"}]},{"@type":"WebSite","@id":"https:\/\/www.mobilier-design-occasion.fr\/magazine\/#website","url":"https:\/\/www.mobilier-design-occasion.fr\/magazine\/","name":"Mobilier Design Magazine","description":"","publisher":{"@id":"https:\/\/www.mobilier-design-occasion.fr\/magazine\/#organization"},"potentialAction":[{"@type":"SearchAction","target":{"@type":"EntryPoint","urlTemplate":"https:\/\/www.mobilier-design-occasion.fr\/magazine\/?s={search_term_string}"},"query-input":{"@type":"PropertyValueSpecification","valueRequired":true,"valueName":"search_term_string"}}],"inLanguage":"fr-FR"},{"@type":"Organization","@id":"https:\/\/www.mobilier-design-occasion.fr\/magazine\/#organization","name":"Mobilier Design Magazine","url":"https:\/\/www.mobilier-design-occasion.fr\/magazine\/","logo":{"@type":"ImageObject","inLanguage":"fr-FR","@id":"https:\/\/www.mobilier-design-occasion.fr\/magazine\/#\/schema\/logo\/image\/","url":"https:\/\/www.mobilier-design-occasion.fr\/magazine\/wp-content\/uploads\/2024\/02\/android-chrome-192x192-1.png","contentUrl":"https:\/\/www.mobilier-design-occasion.fr\/magazine\/wp-content\/uploads\/2024\/02\/android-chrome-192x192-1.png","width":192,"height":192,"caption":"Mobilier Design Magazine"},"image":{"@id":"https:\/\/www.mobilier-design-occasion.fr\/magazine\/#\/schema\/logo\/image\/"},"sameAs":["https:\/\/www.facebook.com\/mobilierdesignoccasion"]},{"@type":"Person","@id":"https:\/\/www.mobilier-design-occasion.fr\/magazine\/#\/schema\/person\/af895bedc80bfb6b17730a672fddac9e","name":"Vincent Vandegans","image":{"@type":"ImageObject","inLanguage":"fr-FR","@id":"https:\/\/secure.gravatar.com\/avatar\/b984800dabdf722d5e3f03f637c8932dea77d81118467d17ad2953e3b273ec66?s=96&d=mm&r=g","url":"https:\/\/secure.gravatar.com\/avatar\/b984800dabdf722d5e3f03f637c8932dea77d81118467d17ad2953e3b273ec66?s=96&d=mm&r=g","contentUrl":"https:\/\/secure.gravatar.com\/avatar\/b984800dabdf722d5e3f03f637c8932dea77d81118467d17ad2953e3b273ec66?s=96&d=mm&r=g","caption":"Vincent Vandegans"},"description":"Vincent est passionn\u00e9 par les produits d'occasion, il a ouvert le site MDO avec Cyrielle pour aider les gens \u00e0 trouver du mobilier d'occasion, vintage ou usag\u00e9. Depuis, ils ont \u00e9tendu leurs activit\u00e9s et conseillent tout le monde sur le mobilier d'int\u00e9rieur et d'ext\u00e9rieur au quotidien \u00e0 travers le magazine MDO.","url":"https:\/\/www.mobilier-design-occasion.fr\/magazine\/author\/vincent\/"}]}},"_links":{"self":[{"href":"https:\/\/www.mobilier-design-occasion.fr\/magazine\/wp-json\/wp\/v2\/posts\/8297","targetHints":{"allow":["GET"]}}],"collection":[{"href":"https:\/\/www.mobilier-design-occasion.fr\/magazine\/wp-json\/wp\/v2\/posts"}],"about":[{"href":"https:\/\/www.mobilier-design-occasion.fr\/magazine\/wp-json\/wp\/v2\/types\/post"}],"author":[{"embeddable":true,"href":"https:\/\/www.mobilier-design-occasion.fr\/magazine\/wp-json\/wp\/v2\/users\/2"}],"replies":[{"embeddable":true,"href":"https:\/\/www.mobilier-design-occasion.fr\/magazine\/wp-json\/wp\/v2\/comments?post=8297"}],"version-history":[{"count":1,"href":"https:\/\/www.mobilier-design-occasion.fr\/magazine\/wp-json\/wp\/v2\/posts\/8297\/revisions"}],"predecessor-version":[{"id":8298,"href":"https:\/\/www.mobilier-design-occasion.fr\/magazine\/wp-json\/wp\/v2\/posts\/8297\/revisions\/8298"}],"wp:featuredmedia":[{"embeddable":true,"href":"https:\/\/www.mobilier-design-occasion.fr\/magazine\/wp-json\/wp\/v2\/media\/8299"}],"wp:attachment":[{"href":"https:\/\/www.mobilier-design-occasion.fr\/magazine\/wp-json\/wp\/v2\/media?parent=8297"}],"wp:term":[{"taxonomy":"category","embeddable":true,"href":"https:\/\/www.mobilier-design-occasion.fr\/magazine\/wp-json\/wp\/v2\/categories?post=8297"},{"taxonomy":"post_tag","embeddable":true,"href":"https:\/\/www.mobilier-design-occasion.fr\/magazine\/wp-json\/wp\/v2\/tags?post=8297"}],"curies":[{"name":"wp","href":"https:\/\/api.w.org\/{rel}","templated":true}]}}