{"id":8291,"date":"2025-06-14T09:01:04","date_gmt":"2025-06-14T09:01:04","guid":{"rendered":"https:\/\/www.mobilier-design-occasion.fr\/magazine\/?p=8291"},"modified":"2025-06-14T09:01:05","modified_gmt":"2025-06-14T09:01:05","slug":"a-quoi-ca-sert-un-rayonnage-et-comment-choisir","status":"publish","type":"post","link":"https:\/\/www.mobilier-design-occasion.fr\/magazine\/a-quoi-ca-sert-un-rayonnage-et-comment-choisir\/","title":{"rendered":"A quoi ca sert un rayonnage et comment choisir?"},"content":{"rendered":"\n<h2 class=\"wp-block-heading\"><span class=\"ez-toc-section\" id=\"%F0%9F%93%A6_Ce_quil_faut_retenir_sur_les_rayonnages_pros\"><\/span>\ud83d\udce6 Ce qu\u2019il faut retenir sur les rayonnages pros<span class=\"ez-toc-section-end\"><\/span><\/h2><div id=\"ez-toc-container\" class=\"ez-toc-v2_0_82_2 counter-hierarchy ez-toc-counter ez-toc-grey ez-toc-container-direction\">\n<div class=\"ez-toc-title-container\">\n<span class=\"ez-toc-title-toggle\"><a href=\"#\" class=\"ez-toc-pull-right ez-toc-btn ez-toc-btn-xs ez-toc-btn-default ez-toc-toggle\" aria-label=\"Toggle Table of Content\"><span class=\"ez-toc-js-icon-con\"><span class=\"\"><span class=\"eztoc-hide\" style=\"display:none;\">Toggle<\/span><span class=\"ez-toc-icon-toggle-span\"><svg style=\"fill: #999;color:#999\" xmlns=\"http:\/\/www.w3.org\/2000\/svg\" class=\"list-377408\" width=\"20px\" height=\"20px\" viewBox=\"0 0 24 24\" fill=\"none\"><path d=\"M6 6H4v2h2V6zm14 0H8v2h12V6zM4 11h2v2H4v-2zm16 0H8v2h12v-2zM4 16h2v2H4v-2zm16 0H8v2h12v-2z\" fill=\"currentColor\"><\/path><\/svg><svg style=\"fill: #999;color:#999\" class=\"arrow-unsorted-368013\" xmlns=\"http:\/\/www.w3.org\/2000\/svg\" width=\"10px\" height=\"10px\" viewBox=\"0 0 24 24\" version=\"1.2\" baseProfile=\"tiny\"><path d=\"M18.2 9.3l-6.2-6.3-6.2 6.3c-.2.2-.3.4-.3.7s.1.5.3.7c.2.2.4.3.7.3h11c.3 0 .5-.1.7-.3.2-.2.3-.5.3-.7s-.1-.5-.3-.7zM5.8 14.7l6.2 6.3 6.2-6.3c.2-.2.3-.5.3-.7s-.1-.5-.3-.7c-.2-.2-.4-.3-.7-.3h-11c-.3 0-.5.1-.7.3-.2.2-.3.5-.3.7s.1.5.3.7z\"\/><\/svg><\/span><\/span><\/span><\/a><\/span><\/div>\n<nav><ul class='ez-toc-list ez-toc-list-level-1 eztoc-toggle-hide-by-default' ><ul class='ez-toc-list-level-2' ><li class='ez-toc-heading-level-2'><a class=\"ez-toc-link ez-toc-heading-1\" href=\"https:\/\/www.mobilier-design-occasion.fr\/magazine\/a-quoi-ca-sert-un-rayonnage-et-comment-choisir\/#%F0%9F%93%A6_Ce_quil_faut_retenir_sur_les_rayonnages_pros\" >\ud83d\udce6 Ce qu\u2019il faut retenir sur les rayonnages pros<\/a><\/li><\/ul><\/li><li class='ez-toc-page-1 ez-toc-heading-level-1'><a class=\"ez-toc-link ez-toc-heading-2\" href=\"https:\/\/www.mobilier-design-occasion.fr\/magazine\/a-quoi-ca-sert-un-rayonnage-et-comment-choisir\/#Rayonnages_professionnels_le_guide_pour_choisir_la_bonne_structure_de_stockage\" >Rayonnages professionnels : le guide pour choisir la bonne structure de stockage<\/a><ul class='ez-toc-list-level-2' ><li class='ez-toc-heading-level-2'><a class=\"ez-toc-link ez-toc-heading-3\" href=\"https:\/\/www.mobilier-design-occasion.fr\/magazine\/a-quoi-ca-sert-un-rayonnage-et-comment-choisir\/#Panorama_des_differents_types_de_rayonnages\" >Panorama des diff\u00e9rents types de rayonnages<\/a><\/li><li class='ez-toc-page-1 ez-toc-heading-level-2'><a class=\"ez-toc-link ez-toc-heading-4\" href=\"https:\/\/www.mobilier-design-occasion.fr\/magazine\/a-quoi-ca-sert-un-rayonnage-et-comment-choisir\/#Ce_que_vous_devez_savoir_sur_le_cantilever\" >Ce que vous devez savoir sur le cantilever<\/a><\/li><li class='ez-toc-page-1 ez-toc-heading-level-2'><a class=\"ez-toc-link ez-toc-heading-5\" href=\"https:\/\/www.mobilier-design-occasion.fr\/magazine\/a-quoi-ca-sert-un-rayonnage-et-comment-choisir\/#Standard_ou_sur-mesure_ne_negligez_pas_cette_question\" >Standard ou sur-mesure : ne n\u00e9gligez pas cette question<\/a><\/li><li class='ez-toc-page-1 ez-toc-heading-level-2'><a class=\"ez-toc-link ez-toc-heading-6\" href=\"https:\/\/www.mobilier-design-occasion.fr\/magazine\/a-quoi-ca-sert-un-rayonnage-et-comment-choisir\/#Mon_avis_dexpert_ce_que_je_vous_recommande\" >Mon avis d\u2019expert : ce que je vous recommande<\/a><\/li><\/ul><\/li><\/ul><\/nav><\/div>\n\n\n\n\n<ol class=\"wp-block-list\">\n<li>Le choix du bon rayonnage d\u00e9pend d\u2019un facteur essentiel : <strong>la nature des charges stock\u00e9es<\/strong>.<\/li>\n\n\n\n<li>Il existe des types tr\u00e8s diff\u00e9renci\u00e9s : <strong>l\u00e9ger, mi-lourd, cantilever, rack \u00e0 palette\u2026<\/strong><\/li>\n\n\n\n<li>Le <strong>rayonnage cantilever<\/strong> reste sous-estim\u00e9, alors qu\u2019il est d\u00e9cisif pour les produits longs.<\/li>\n\n\n\n<li>La configuration <strong>standard vs sur-mesure<\/strong> influence fortement vos co\u00fbts et votre productivit\u00e9.<\/li>\n\n\n\n<li><strong>Rayonnage Priv\u00e9<\/strong> se d\u00e9marque par sa <strong>large gamme<\/strong>, ses <strong>prix bas<\/strong>, et sa <strong>livraison rapide<\/strong>.<\/li>\n<\/ol>\n\n\n\n<hr class=\"wp-block-separator has-alpha-channel-opacity\"\/>\n\n\n\n<h1 class=\"wp-block-heading\"><span class=\"ez-toc-section\" id=\"Rayonnages_professionnels_le_guide_pour_choisir_la_bonne_structure_de_stockage\"><\/span>Rayonnages professionnels : le guide pour choisir la bonne structure de stockage<span class=\"ez-toc-section-end\"><\/span><\/h1>\n\n\n\n<p>Quand je parle avec des chefs d&#8217;entrep\u00f4ts, des gestionnaires de magasins ou des responsables de maintenance, je m\u2019aper\u00e7ois toujours du m\u00eame pi\u00e8ge : le rayonnage est consid\u00e9r\u00e9 comme un <a href=\"https:\/\/www.mobilier-design-occasion.fr\/magazine\/comment-entretenir-son-mobilier-design-au-quotidien-top-astuces\/\">meuble<\/a>, alors qu\u2019il s\u2019agit d\u2019un <strong>outil logistique<\/strong> \u00e0 part enti\u00e8re. Il <a href=\"https:\/\/www.mobilier-design-occasion.fr\/magazine\/le-petit-lexique-du-mobilier-design\/\">structure<\/a> les flux, s\u00e9curise les stocks, acc\u00e9l\u00e8re la manutention. Un mauvais choix peut ralentir une cha\u00eene compl\u00e8te. Un bon choix ? Il peut faire \u00e9conomiser des milliers d\u2019euros.<\/p>\n\n\n\n<figure class=\"wp-block-image size-full\"><img loading=\"lazy\" decoding=\"async\" width=\"988\" height=\"686\" src=\"https:\/\/www.mobilier-design-occasion.fr\/magazine\/wp-content\/uploads\/2025\/06\/rayonnage1.png\" alt=\"\" class=\"wp-image-8292\" srcset=\"https:\/\/www.mobilier-design-occasion.fr\/magazine\/wp-content\/uploads\/2025\/06\/rayonnage1.png 988w, https:\/\/www.mobilier-design-occasion.fr\/magazine\/wp-content\/uploads\/2025\/06\/rayonnage1-300x208.png 300w, https:\/\/www.mobilier-design-occasion.fr\/magazine\/wp-content\/uploads\/2025\/06\/rayonnage1-768x533.png 768w, https:\/\/www.mobilier-design-occasion.fr\/magazine\/wp-content\/uploads\/2025\/06\/rayonnage1-810x562.png 810w, https:\/\/www.mobilier-design-occasion.fr\/magazine\/wp-content\/uploads\/2025\/06\/rayonnage1-145x100.png 145w\" sizes=\"auto, (max-width: 988px) 100vw, 988px\" \/><\/figure>\n\n\n\n<hr class=\"wp-block-separator has-alpha-channel-opacity\"\/>\n\n\n\n<h2 class=\"wp-block-heading\"><span class=\"ez-toc-section\" id=\"Panorama_des_differents_types_de_rayonnages\"><\/span>Panorama des diff\u00e9rents types de rayonnages<span class=\"ez-toc-section-end\"><\/span><\/h2>\n\n\n\n<p>Pour bien comprendre, j\u2019ai regroup\u00e9 les principaux types de rayonnages utilis\u00e9s dans les milieux professionnels\u202f:<\/p>\n\n\n\n<figure class=\"wp-block-table\"><table class=\"has-fixed-layout\"><thead><tr><th>Type de rayonnage<\/th><th>Utilisation typique<\/th><th>Avantage cl\u00e9<\/th><th>O\u00f9 l\u2019utiliser<\/th><\/tr><\/thead><tbody><tr><td>L\u00e9ger<\/td><td>Bo\u00eetes, documents, petites pi\u00e8ces<\/td><td>Montage rapide, \u00e9conomique<\/td><td>Archives, bureaux, ateliers<\/td><\/tr><tr><td>Mi-lourd<\/td><td>Cartons, bacs, pi\u00e8ces m\u00e9caniques<\/td><td>Charge interm\u00e9diaire, tr\u00e8s stable<\/td><td>Entrep\u00f4ts, garages, SAV<\/td><\/tr><tr><td>Cantilever<\/td><td>Produits longs : tuyaux, planches<\/td><td>Acc\u00e8s lat\u00e9ral, sans montants frontaux<\/td><td>Menuiseries, mat\u00e9riaux, industries m\u00e9talliques<\/td><\/tr><tr><td>Rack \u00e0 palettes<\/td><td>Palettes, charges lourdes<\/td><td>R\u00e9sistance, compatibilit\u00e9 transpalette<\/td><td>Logistique, grande distribution<\/td><\/tr><\/tbody><\/table><\/figure>\n\n\n\n<hr class=\"wp-block-separator has-alpha-channel-opacity\"\/>\n\n\n\n<h2 class=\"wp-block-heading\"><span class=\"ez-toc-section\" id=\"Ce_que_vous_devez_savoir_sur_le_cantilever\"><\/span>Ce que vous devez savoir sur le cantilever<span class=\"ez-toc-section-end\"><\/span><\/h2>\n\n\n\n<p>Le <strong>rayonnage cantilever<\/strong> est pour moi l\u2019un des syst\u00e8mes les plus mal compris \u2014 et pourtant, il est essentiel d\u00e8s qu\u2019on sort des standards dimensionnels. Il est con\u00e7u sans montants verticaux sur la fa\u00e7ade, ce qui vous permet de :<\/p>\n\n\n\n<ul class=\"wp-block-list\">\n<li>Stocker des charges longues ou irr\u00e9guli\u00e8res sans contrainte lat\u00e9rale<\/li>\n\n\n\n<li>Utiliser la hauteur libre jusqu\u2019au plafond<\/li>\n\n\n\n<li>Gagner du temps au chargement et au d\u00e9chargement<\/li>\n<\/ul>\n\n\n\n<p>J\u2019ai vu des PME gagner 30 % d\u2019espace en rempla\u00e7ant des racks classiques par du cantilever. Ce type de rayonnage est id\u00e9al dans l\u2019<strong>industrie du <a href=\"https:\/\/www.mobilier-design-occasion.fr\/magazine\/avis-mathy-by-bols\/\">bois<\/a>, la m\u00e9tallurgie, les entrep\u00f4ts de construction<\/strong>. Pour configurer ce type de solution ou comparer les options disponibles, je vous recommande de <a href=\"https:\/\/rayonnage-prive.com\/28-rayonnage-cantilever\">cliquer sur le site<\/a><\/p>\n\n\n\n<hr class=\"wp-block-separator has-alpha-channel-opacity\"\/>\n\n\n\n<h2 class=\"wp-block-heading\"><span class=\"ez-toc-section\" id=\"Standard_ou_sur-mesure_ne_negligez_pas_cette_question\"><\/span>Standard ou sur-mesure : ne n\u00e9gligez pas cette question<span class=\"ez-toc-section-end\"><\/span><\/h2>\n\n\n\n<p>Je vous le dis sans d\u00e9tour : la pire erreur, c\u2019est de vouloir \u201cfaire rentrer\u201d votre besoin dans une structure existante. Le rayonnage doit s\u2019adapter \u00e0 votre organisation, et non l\u2019inverse. Vous avez des contraintes de hauteur ? Des machines \u00e0 contourner ? Une rotation forte sur certaines zones ? Le sur-mesure est votre alli\u00e9.<\/p>\n\n\n\n<p>Des marques comme <strong>Rayonnage Priv\u00e9<\/strong> l\u2019ont compris : elles proposent une <strong>configuration en ligne<\/strong>, simple et rapide, et offrent du sur-mesure sans majoration excessive. Mieux encore : leur livraison est plus rapide que la moyenne, ce qui vous \u00e9vite les d\u00e9lais habituels de 6 \u00e0 8 semaines dans ce secteur.<\/p>\n\n\n\n<figure class=\"wp-block-image size-full\"><img loading=\"lazy\" decoding=\"async\" width=\"960\" height=\"754\" src=\"https:\/\/www.mobilier-design-occasion.fr\/magazine\/wp-content\/uploads\/2025\/06\/rayonnage2.png\" alt=\"\" class=\"wp-image-8293\" srcset=\"https:\/\/www.mobilier-design-occasion.fr\/magazine\/wp-content\/uploads\/2025\/06\/rayonnage2.png 960w, https:\/\/www.mobilier-design-occasion.fr\/magazine\/wp-content\/uploads\/2025\/06\/rayonnage2-300x236.png 300w, https:\/\/www.mobilier-design-occasion.fr\/magazine\/wp-content\/uploads\/2025\/06\/rayonnage2-768x603.png 768w, https:\/\/www.mobilier-design-occasion.fr\/magazine\/wp-content\/uploads\/2025\/06\/rayonnage2-810x636.png 810w\" sizes=\"auto, (max-width: 960px) 100vw, 960px\" \/><\/figure>\n\n\n\n<hr class=\"wp-block-separator has-alpha-channel-opacity\"\/>\n\n\n\n<h2 class=\"wp-block-heading\"><span class=\"ez-toc-section\" id=\"Mon_avis_dexpert_ce_que_je_vous_recommande\"><\/span>Mon avis d\u2019expert : ce que je vous recommande<span class=\"ez-toc-section-end\"><\/span><\/h2>\n\n\n\n<p>Je suis convaincu que vous ne devez pas raisonner uniquement \u201cprix au m\u00e8tre\u201d. Le bon rayonnage, c\u2019est celui qui vous permet de :<\/p>\n\n\n\n<ul class=\"wp-block-list\">\n<li>Gagner du temps de manutention<\/li>\n\n\n\n<li>R\u00e9duire les accidents (charges mieux r\u00e9parties)<\/li>\n\n\n\n<li>Optimiser l\u2019espace exploit\u00e9<\/li>\n\n\n\n<li>\u00c9voluer avec vos besoins<\/li>\n<\/ul>\n\n\n\n<p>\ud83d\udc49 Pour cette raison, je vous recommande de vous \u00e9quiper <strong>progressivement mais intelligemment<\/strong>. Commencez par identifier les zones critiques, testez plusieurs types (cantilever, mi-lourd\u2026), puis g\u00e9n\u00e9ralisez ce qui fonctionne.<\/p>\n\n\n\n<p>Et si vous voulez un fournisseur agile, avec du choix et des prix coh\u00e9rents, je vous invite \u00e0 <strong>jeter un \u0153il aux configurations propos\u00e9es par Rayonnage Priv\u00e9<\/strong> : vous y trouverez une palette large et personnalisable.<\/p>\n\n\n\n<figure class=\"wp-block-image size-large\"><img loading=\"lazy\" decoding=\"async\" width=\"1024\" height=\"668\" src=\"https:\/\/www.mobilier-design-occasion.fr\/magazine\/wp-content\/uploads\/2025\/06\/rayonnage3-1024x668.png\" alt=\"\" class=\"wp-image-8294\" srcset=\"https:\/\/www.mobilier-design-occasion.fr\/magazine\/wp-content\/uploads\/2025\/06\/rayonnage3-1024x668.png 1024w, https:\/\/www.mobilier-design-occasion.fr\/magazine\/wp-content\/uploads\/2025\/06\/rayonnage3-300x196.png 300w, https:\/\/www.mobilier-design-occasion.fr\/magazine\/wp-content\/uploads\/2025\/06\/rayonnage3-768x501.png 768w, https:\/\/www.mobilier-design-occasion.fr\/magazine\/wp-content\/uploads\/2025\/06\/rayonnage3-810x529.png 810w, https:\/\/www.mobilier-design-occasion.fr\/magazine\/wp-content\/uploads\/2025\/06\/rayonnage3.png 1100w\" sizes=\"auto, (max-width: 1024px) 100vw, 1024px\" \/><\/figure>\n","protected":false},"excerpt":{"rendered":"<p>\ud83d\udce6 Ce qu\u2019il faut retenir sur les rayonnages pros Rayonnages professionnels : le guide pour choisir la bonne structure de stockage Quand je parle avec des chefs d&#8217;entrep\u00f4ts, des gestionnaires de magasins ou des responsables de maintenance, je m\u2019aper\u00e7ois toujours du m\u00eame pi\u00e8ge : le rayonnage est consid\u00e9r\u00e9 comme un meuble, alors qu\u2019il s\u2019agit d\u2019un [&hellip;]<\/p>\n","protected":false},"author":2,"featured_media":8295,"comment_status":"open","ping_status":"open","sticky":false,"template":"","format":"standard","meta":{"footnotes":""},"categories":[128],"tags":[],"class_list":["post-8291","post","type-post","status-publish","format-standard","has-post-thumbnail","hentry","category-bureau"],"yoast_head":"<!-- This site is optimized with the Yoast SEO plugin v27.5 - https:\/\/yoast.com\/product\/yoast-seo-wordpress\/ -->\n<title>A quoi ca sert un rayonnage et comment choisir? - Mobilier Design Magazine<\/title>\n<meta name=\"robots\" content=\"index, follow, max-snippet:-1, max-image-preview:large, max-video-preview:-1\" \/>\n<link rel=\"canonical\" href=\"https:\/\/www.mobilier-design-occasion.fr\/magazine\/a-quoi-ca-sert-un-rayonnage-et-comment-choisir\/\" \/>\n<meta property=\"og:locale\" content=\"fr_FR\" \/>\n<meta property=\"og:type\" content=\"article\" \/>\n<meta property=\"og:title\" content=\"A quoi ca sert un rayonnage et comment choisir? - Mobilier Design Magazine\" \/>\n<meta property=\"og:description\" content=\"\ud83d\udce6 Ce qu\u2019il faut retenir sur les rayonnages pros Rayonnages professionnels : le guide pour choisir la bonne structure de stockage Quand je parle avec des chefs d&#8217;entrep\u00f4ts, des gestionnaires de magasins ou des responsables de maintenance, je m\u2019aper\u00e7ois toujours du m\u00eame pi\u00e8ge : le rayonnage est consid\u00e9r\u00e9 comme un meuble, alors qu\u2019il s\u2019agit d\u2019un [&hellip;]\" \/>\n<meta property=\"og:url\" content=\"https:\/\/www.mobilier-design-occasion.fr\/magazine\/a-quoi-ca-sert-un-rayonnage-et-comment-choisir\/\" \/>\n<meta property=\"og:site_name\" content=\"Mobilier Design Magazine\" \/>\n<meta property=\"article:publisher\" content=\"https:\/\/www.facebook.com\/mobilierdesignoccasion\" \/>\n<meta property=\"article:published_time\" content=\"2025-06-14T09:01:04+00:00\" \/>\n<meta property=\"article:modified_time\" content=\"2025-06-14T09:01:05+00:00\" \/>\n<meta property=\"og:image\" content=\"https:\/\/www.mobilier-design-occasion.fr\/magazine\/wp-content\/uploads\/2025\/06\/rayonnage4.png\" \/>\n\t<meta property=\"og:image:width\" content=\"990\" \/>\n\t<meta property=\"og:image:height\" content=\"732\" \/>\n\t<meta property=\"og:image:type\" content=\"image\/png\" \/>\n<meta name=\"author\" content=\"Vincent Vandegans\" \/>\n<meta name=\"twitter:card\" content=\"summary_large_image\" \/>\n<meta name=\"twitter:label1\" content=\"\u00c9crit par\" \/>\n\t<meta name=\"twitter:data1\" content=\"Vincent Vandegans\" \/>\n\t<meta name=\"twitter:label2\" content=\"Dur\u00e9e de lecture estim\u00e9e\" \/>\n\t<meta name=\"twitter:data2\" content=\"4 minutes\" \/>\n<script type=\"application\/ld+json\" class=\"yoast-schema-graph\">{\"@context\":\"https:\\\/\\\/schema.org\",\"@graph\":[{\"@type\":\"Article\",\"@id\":\"https:\\\/\\\/www.mobilier-design-occasion.fr\\\/magazine\\\/a-quoi-ca-sert-un-rayonnage-et-comment-choisir\\\/#article\",\"isPartOf\":{\"@id\":\"https:\\\/\\\/www.mobilier-design-occasion.fr\\\/magazine\\\/a-quoi-ca-sert-un-rayonnage-et-comment-choisir\\\/\"},\"author\":{\"name\":\"Vincent Vandegans\",\"@id\":\"https:\\\/\\\/www.mobilier-design-occasion.fr\\\/magazine\\\/#\\\/schema\\\/person\\\/af895bedc80bfb6b17730a672fddac9e\"},\"headline\":\"A quoi ca sert un rayonnage et comment choisir?\",\"datePublished\":\"2025-06-14T09:01:04+00:00\",\"dateModified\":\"2025-06-14T09:01:05+00:00\",\"mainEntityOfPage\":{\"@id\":\"https:\\\/\\\/www.mobilier-design-occasion.fr\\\/magazine\\\/a-quoi-ca-sert-un-rayonnage-et-comment-choisir\\\/\"},\"wordCount\":647,\"commentCount\":0,\"publisher\":{\"@id\":\"https:\\\/\\\/www.mobilier-design-occasion.fr\\\/magazine\\\/#organization\"},\"image\":{\"@id\":\"https:\\\/\\\/www.mobilier-design-occasion.fr\\\/magazine\\\/a-quoi-ca-sert-un-rayonnage-et-comment-choisir\\\/#primaryimage\"},\"thumbnailUrl\":\"https:\\\/\\\/www.mobilier-design-occasion.fr\\\/magazine\\\/wp-content\\\/uploads\\\/2025\\\/06\\\/rayonnage4.png\",\"articleSection\":[\"Bureau\"],\"inLanguage\":\"fr-FR\",\"potentialAction\":[{\"@type\":\"CommentAction\",\"name\":\"Comment\",\"target\":[\"https:\\\/\\\/www.mobilier-design-occasion.fr\\\/magazine\\\/a-quoi-ca-sert-un-rayonnage-et-comment-choisir\\\/#respond\"]}]},{\"@type\":\"WebPage\",\"@id\":\"https:\\\/\\\/www.mobilier-design-occasion.fr\\\/magazine\\\/a-quoi-ca-sert-un-rayonnage-et-comment-choisir\\\/\",\"url\":\"https:\\\/\\\/www.mobilier-design-occasion.fr\\\/magazine\\\/a-quoi-ca-sert-un-rayonnage-et-comment-choisir\\\/\",\"name\":\"A quoi ca sert un rayonnage et comment choisir? - Mobilier Design Magazine\",\"isPartOf\":{\"@id\":\"https:\\\/\\\/www.mobilier-design-occasion.fr\\\/magazine\\\/#website\"},\"primaryImageOfPage\":{\"@id\":\"https:\\\/\\\/www.mobilier-design-occasion.fr\\\/magazine\\\/a-quoi-ca-sert-un-rayonnage-et-comment-choisir\\\/#primaryimage\"},\"image\":{\"@id\":\"https:\\\/\\\/www.mobilier-design-occasion.fr\\\/magazine\\\/a-quoi-ca-sert-un-rayonnage-et-comment-choisir\\\/#primaryimage\"},\"thumbnailUrl\":\"https:\\\/\\\/www.mobilier-design-occasion.fr\\\/magazine\\\/wp-content\\\/uploads\\\/2025\\\/06\\\/rayonnage4.png\",\"datePublished\":\"2025-06-14T09:01:04+00:00\",\"dateModified\":\"2025-06-14T09:01:05+00:00\",\"breadcrumb\":{\"@id\":\"https:\\\/\\\/www.mobilier-design-occasion.fr\\\/magazine\\\/a-quoi-ca-sert-un-rayonnage-et-comment-choisir\\\/#breadcrumb\"},\"inLanguage\":\"fr-FR\",\"potentialAction\":[{\"@type\":\"ReadAction\",\"target\":[\"https:\\\/\\\/www.mobilier-design-occasion.fr\\\/magazine\\\/a-quoi-ca-sert-un-rayonnage-et-comment-choisir\\\/\"]}]},{\"@type\":\"ImageObject\",\"inLanguage\":\"fr-FR\",\"@id\":\"https:\\\/\\\/www.mobilier-design-occasion.fr\\\/magazine\\\/a-quoi-ca-sert-un-rayonnage-et-comment-choisir\\\/#primaryimage\",\"url\":\"https:\\\/\\\/www.mobilier-design-occasion.fr\\\/magazine\\\/wp-content\\\/uploads\\\/2025\\\/06\\\/rayonnage4.png\",\"contentUrl\":\"https:\\\/\\\/www.mobilier-design-occasion.fr\\\/magazine\\\/wp-content\\\/uploads\\\/2025\\\/06\\\/rayonnage4.png\",\"width\":990,\"height\":732},{\"@type\":\"BreadcrumbList\",\"@id\":\"https:\\\/\\\/www.mobilier-design-occasion.fr\\\/magazine\\\/a-quoi-ca-sert-un-rayonnage-et-comment-choisir\\\/#breadcrumb\",\"itemListElement\":[{\"@type\":\"ListItem\",\"position\":1,\"name\":\"Accueil\",\"item\":\"https:\\\/\\\/www.mobilier-design-occasion.fr\\\/magazine\\\/\"},{\"@type\":\"ListItem\",\"position\":2,\"name\":\"A quoi ca sert un rayonnage et comment choisir?\"}]},{\"@type\":\"WebSite\",\"@id\":\"https:\\\/\\\/www.mobilier-design-occasion.fr\\\/magazine\\\/#website\",\"url\":\"https:\\\/\\\/www.mobilier-design-occasion.fr\\\/magazine\\\/\",\"name\":\"Mobilier Design Magazine\",\"description\":\"\",\"publisher\":{\"@id\":\"https:\\\/\\\/www.mobilier-design-occasion.fr\\\/magazine\\\/#organization\"},\"potentialAction\":[{\"@type\":\"SearchAction\",\"target\":{\"@type\":\"EntryPoint\",\"urlTemplate\":\"https:\\\/\\\/www.mobilier-design-occasion.fr\\\/magazine\\\/?s={search_term_string}\"},\"query-input\":{\"@type\":\"PropertyValueSpecification\",\"valueRequired\":true,\"valueName\":\"search_term_string\"}}],\"inLanguage\":\"fr-FR\"},{\"@type\":\"Organization\",\"@id\":\"https:\\\/\\\/www.mobilier-design-occasion.fr\\\/magazine\\\/#organization\",\"name\":\"Mobilier Design Magazine\",\"url\":\"https:\\\/\\\/www.mobilier-design-occasion.fr\\\/magazine\\\/\",\"logo\":{\"@type\":\"ImageObject\",\"inLanguage\":\"fr-FR\",\"@id\":\"https:\\\/\\\/www.mobilier-design-occasion.fr\\\/magazine\\\/#\\\/schema\\\/logo\\\/image\\\/\",\"url\":\"https:\\\/\\\/www.mobilier-design-occasion.fr\\\/magazine\\\/wp-content\\\/uploads\\\/2024\\\/02\\\/android-chrome-192x192-1.png\",\"contentUrl\":\"https:\\\/\\\/www.mobilier-design-occasion.fr\\\/magazine\\\/wp-content\\\/uploads\\\/2024\\\/02\\\/android-chrome-192x192-1.png\",\"width\":192,\"height\":192,\"caption\":\"Mobilier Design Magazine\"},\"image\":{\"@id\":\"https:\\\/\\\/www.mobilier-design-occasion.fr\\\/magazine\\\/#\\\/schema\\\/logo\\\/image\\\/\"},\"sameAs\":[\"https:\\\/\\\/www.facebook.com\\\/mobilierdesignoccasion\"]},{\"@type\":\"Person\",\"@id\":\"https:\\\/\\\/www.mobilier-design-occasion.fr\\\/magazine\\\/#\\\/schema\\\/person\\\/af895bedc80bfb6b17730a672fddac9e\",\"name\":\"Vincent Vandegans\",\"image\":{\"@type\":\"ImageObject\",\"inLanguage\":\"fr-FR\",\"@id\":\"https:\\\/\\\/secure.gravatar.com\\\/avatar\\\/b984800dabdf722d5e3f03f637c8932dea77d81118467d17ad2953e3b273ec66?s=96&d=mm&r=g\",\"url\":\"https:\\\/\\\/secure.gravatar.com\\\/avatar\\\/b984800dabdf722d5e3f03f637c8932dea77d81118467d17ad2953e3b273ec66?s=96&d=mm&r=g\",\"contentUrl\":\"https:\\\/\\\/secure.gravatar.com\\\/avatar\\\/b984800dabdf722d5e3f03f637c8932dea77d81118467d17ad2953e3b273ec66?s=96&d=mm&r=g\",\"caption\":\"Vincent Vandegans\"},\"description\":\"Vincent est passionn\u00e9 par les produits d'occasion, il a ouvert le site MDO avec Cyrielle pour aider les gens \u00e0 trouver du mobilier d'occasion, vintage ou usag\u00e9. Depuis, ils ont \u00e9tendu leurs activit\u00e9s et conseillent tout le monde sur le mobilier d'int\u00e9rieur et d'ext\u00e9rieur au quotidien \u00e0 travers le magazine MDO.\",\"url\":\"https:\\\/\\\/www.mobilier-design-occasion.fr\\\/magazine\\\/author\\\/vincent\\\/\"}]}<\/script>\n<!-- \/ Yoast SEO plugin. -->","yoast_head_json":{"title":"A quoi ca sert un rayonnage et comment choisir? - Mobilier Design Magazine","robots":{"index":"index","follow":"follow","max-snippet":"max-snippet:-1","max-image-preview":"max-image-preview:large","max-video-preview":"max-video-preview:-1"},"canonical":"https:\/\/www.mobilier-design-occasion.fr\/magazine\/a-quoi-ca-sert-un-rayonnage-et-comment-choisir\/","og_locale":"fr_FR","og_type":"article","og_title":"A quoi ca sert un rayonnage et comment choisir? - Mobilier Design Magazine","og_description":"\ud83d\udce6 Ce qu\u2019il faut retenir sur les rayonnages pros Rayonnages professionnels : le guide pour choisir la bonne structure de stockage Quand je parle avec des chefs d&#8217;entrep\u00f4ts, des gestionnaires de magasins ou des responsables de maintenance, je m\u2019aper\u00e7ois toujours du m\u00eame pi\u00e8ge : le rayonnage est consid\u00e9r\u00e9 comme un meuble, alors qu\u2019il s\u2019agit d\u2019un [&hellip;]","og_url":"https:\/\/www.mobilier-design-occasion.fr\/magazine\/a-quoi-ca-sert-un-rayonnage-et-comment-choisir\/","og_site_name":"Mobilier Design Magazine","article_publisher":"https:\/\/www.facebook.com\/mobilierdesignoccasion","article_published_time":"2025-06-14T09:01:04+00:00","article_modified_time":"2025-06-14T09:01:05+00:00","og_image":[{"width":990,"height":732,"url":"https:\/\/www.mobilier-design-occasion.fr\/magazine\/wp-content\/uploads\/2025\/06\/rayonnage4.png","type":"image\/png"}],"author":"Vincent Vandegans","twitter_card":"summary_large_image","twitter_misc":{"\u00c9crit par":"Vincent Vandegans","Dur\u00e9e de lecture estim\u00e9e":"4 minutes"},"schema":{"@context":"https:\/\/schema.org","@graph":[{"@type":"Article","@id":"https:\/\/www.mobilier-design-occasion.fr\/magazine\/a-quoi-ca-sert-un-rayonnage-et-comment-choisir\/#article","isPartOf":{"@id":"https:\/\/www.mobilier-design-occasion.fr\/magazine\/a-quoi-ca-sert-un-rayonnage-et-comment-choisir\/"},"author":{"name":"Vincent Vandegans","@id":"https:\/\/www.mobilier-design-occasion.fr\/magazine\/#\/schema\/person\/af895bedc80bfb6b17730a672fddac9e"},"headline":"A quoi ca sert un rayonnage et comment choisir?","datePublished":"2025-06-14T09:01:04+00:00","dateModified":"2025-06-14T09:01:05+00:00","mainEntityOfPage":{"@id":"https:\/\/www.mobilier-design-occasion.fr\/magazine\/a-quoi-ca-sert-un-rayonnage-et-comment-choisir\/"},"wordCount":647,"commentCount":0,"publisher":{"@id":"https:\/\/www.mobilier-design-occasion.fr\/magazine\/#organization"},"image":{"@id":"https:\/\/www.mobilier-design-occasion.fr\/magazine\/a-quoi-ca-sert-un-rayonnage-et-comment-choisir\/#primaryimage"},"thumbnailUrl":"https:\/\/www.mobilier-design-occasion.fr\/magazine\/wp-content\/uploads\/2025\/06\/rayonnage4.png","articleSection":["Bureau"],"inLanguage":"fr-FR","potentialAction":[{"@type":"CommentAction","name":"Comment","target":["https:\/\/www.mobilier-design-occasion.fr\/magazine\/a-quoi-ca-sert-un-rayonnage-et-comment-choisir\/#respond"]}]},{"@type":"WebPage","@id":"https:\/\/www.mobilier-design-occasion.fr\/magazine\/a-quoi-ca-sert-un-rayonnage-et-comment-choisir\/","url":"https:\/\/www.mobilier-design-occasion.fr\/magazine\/a-quoi-ca-sert-un-rayonnage-et-comment-choisir\/","name":"A quoi ca sert un rayonnage et comment choisir? - Mobilier Design Magazine","isPartOf":{"@id":"https:\/\/www.mobilier-design-occasion.fr\/magazine\/#website"},"primaryImageOfPage":{"@id":"https:\/\/www.mobilier-design-occasion.fr\/magazine\/a-quoi-ca-sert-un-rayonnage-et-comment-choisir\/#primaryimage"},"image":{"@id":"https:\/\/www.mobilier-design-occasion.fr\/magazine\/a-quoi-ca-sert-un-rayonnage-et-comment-choisir\/#primaryimage"},"thumbnailUrl":"https:\/\/www.mobilier-design-occasion.fr\/magazine\/wp-content\/uploads\/2025\/06\/rayonnage4.png","datePublished":"2025-06-14T09:01:04+00:00","dateModified":"2025-06-14T09:01:05+00:00","breadcrumb":{"@id":"https:\/\/www.mobilier-design-occasion.fr\/magazine\/a-quoi-ca-sert-un-rayonnage-et-comment-choisir\/#breadcrumb"},"inLanguage":"fr-FR","potentialAction":[{"@type":"ReadAction","target":["https:\/\/www.mobilier-design-occasion.fr\/magazine\/a-quoi-ca-sert-un-rayonnage-et-comment-choisir\/"]}]},{"@type":"ImageObject","inLanguage":"fr-FR","@id":"https:\/\/www.mobilier-design-occasion.fr\/magazine\/a-quoi-ca-sert-un-rayonnage-et-comment-choisir\/#primaryimage","url":"https:\/\/www.mobilier-design-occasion.fr\/magazine\/wp-content\/uploads\/2025\/06\/rayonnage4.png","contentUrl":"https:\/\/www.mobilier-design-occasion.fr\/magazine\/wp-content\/uploads\/2025\/06\/rayonnage4.png","width":990,"height":732},{"@type":"BreadcrumbList","@id":"https:\/\/www.mobilier-design-occasion.fr\/magazine\/a-quoi-ca-sert-un-rayonnage-et-comment-choisir\/#breadcrumb","itemListElement":[{"@type":"ListItem","position":1,"name":"Accueil","item":"https:\/\/www.mobilier-design-occasion.fr\/magazine\/"},{"@type":"ListItem","position":2,"name":"A quoi ca sert un rayonnage et comment choisir?"}]},{"@type":"WebSite","@id":"https:\/\/www.mobilier-design-occasion.fr\/magazine\/#website","url":"https:\/\/www.mobilier-design-occasion.fr\/magazine\/","name":"Mobilier Design Magazine","description":"","publisher":{"@id":"https:\/\/www.mobilier-design-occasion.fr\/magazine\/#organization"},"potentialAction":[{"@type":"SearchAction","target":{"@type":"EntryPoint","urlTemplate":"https:\/\/www.mobilier-design-occasion.fr\/magazine\/?s={search_term_string}"},"query-input":{"@type":"PropertyValueSpecification","valueRequired":true,"valueName":"search_term_string"}}],"inLanguage":"fr-FR"},{"@type":"Organization","@id":"https:\/\/www.mobilier-design-occasion.fr\/magazine\/#organization","name":"Mobilier Design Magazine","url":"https:\/\/www.mobilier-design-occasion.fr\/magazine\/","logo":{"@type":"ImageObject","inLanguage":"fr-FR","@id":"https:\/\/www.mobilier-design-occasion.fr\/magazine\/#\/schema\/logo\/image\/","url":"https:\/\/www.mobilier-design-occasion.fr\/magazine\/wp-content\/uploads\/2024\/02\/android-chrome-192x192-1.png","contentUrl":"https:\/\/www.mobilier-design-occasion.fr\/magazine\/wp-content\/uploads\/2024\/02\/android-chrome-192x192-1.png","width":192,"height":192,"caption":"Mobilier Design Magazine"},"image":{"@id":"https:\/\/www.mobilier-design-occasion.fr\/magazine\/#\/schema\/logo\/image\/"},"sameAs":["https:\/\/www.facebook.com\/mobilierdesignoccasion"]},{"@type":"Person","@id":"https:\/\/www.mobilier-design-occasion.fr\/magazine\/#\/schema\/person\/af895bedc80bfb6b17730a672fddac9e","name":"Vincent Vandegans","image":{"@type":"ImageObject","inLanguage":"fr-FR","@id":"https:\/\/secure.gravatar.com\/avatar\/b984800dabdf722d5e3f03f637c8932dea77d81118467d17ad2953e3b273ec66?s=96&d=mm&r=g","url":"https:\/\/secure.gravatar.com\/avatar\/b984800dabdf722d5e3f03f637c8932dea77d81118467d17ad2953e3b273ec66?s=96&d=mm&r=g","contentUrl":"https:\/\/secure.gravatar.com\/avatar\/b984800dabdf722d5e3f03f637c8932dea77d81118467d17ad2953e3b273ec66?s=96&d=mm&r=g","caption":"Vincent Vandegans"},"description":"Vincent est passionn\u00e9 par les produits d'occasion, il a ouvert le site MDO avec Cyrielle pour aider les gens \u00e0 trouver du mobilier d'occasion, vintage ou usag\u00e9. Depuis, ils ont \u00e9tendu leurs activit\u00e9s et conseillent tout le monde sur le mobilier d'int\u00e9rieur et d'ext\u00e9rieur au quotidien \u00e0 travers le magazine MDO.","url":"https:\/\/www.mobilier-design-occasion.fr\/magazine\/author\/vincent\/"}]}},"_links":{"self":[{"href":"https:\/\/www.mobilier-design-occasion.fr\/magazine\/wp-json\/wp\/v2\/posts\/8291","targetHints":{"allow":["GET"]}}],"collection":[{"href":"https:\/\/www.mobilier-design-occasion.fr\/magazine\/wp-json\/wp\/v2\/posts"}],"about":[{"href":"https:\/\/www.mobilier-design-occasion.fr\/magazine\/wp-json\/wp\/v2\/types\/post"}],"author":[{"embeddable":true,"href":"https:\/\/www.mobilier-design-occasion.fr\/magazine\/wp-json\/wp\/v2\/users\/2"}],"replies":[{"embeddable":true,"href":"https:\/\/www.mobilier-design-occasion.fr\/magazine\/wp-json\/wp\/v2\/comments?post=8291"}],"version-history":[{"count":1,"href":"https:\/\/www.mobilier-design-occasion.fr\/magazine\/wp-json\/wp\/v2\/posts\/8291\/revisions"}],"predecessor-version":[{"id":8296,"href":"https:\/\/www.mobilier-design-occasion.fr\/magazine\/wp-json\/wp\/v2\/posts\/8291\/revisions\/8296"}],"wp:featuredmedia":[{"embeddable":true,"href":"https:\/\/www.mobilier-design-occasion.fr\/magazine\/wp-json\/wp\/v2\/media\/8295"}],"wp:attachment":[{"href":"https:\/\/www.mobilier-design-occasion.fr\/magazine\/wp-json\/wp\/v2\/media?parent=8291"}],"wp:term":[{"taxonomy":"category","embeddable":true,"href":"https:\/\/www.mobilier-design-occasion.fr\/magazine\/wp-json\/wp\/v2\/categories?post=8291"},{"taxonomy":"post_tag","embeddable":true,"href":"https:\/\/www.mobilier-design-occasion.fr\/magazine\/wp-json\/wp\/v2\/tags?post=8291"}],"curies":[{"name":"wp","href":"https:\/\/api.w.org\/{rel}","templated":true}]}}