{"id":8283,"date":"2025-06-14T08:46:50","date_gmt":"2025-06-14T08:46:50","guid":{"rendered":"https:\/\/www.mobilier-design-occasion.fr\/magazine\/?p=8283"},"modified":"2025-06-14T08:46:51","modified_gmt":"2025-06-14T08:46:51","slug":"updesk-votre-allie-disruptif-pour-vendre-et-acheter-du-mobilier-design-doccasion","status":"publish","type":"post","link":"https:\/\/www.mobilier-design-occasion.fr\/magazine\/updesk-votre-allie-disruptif-pour-vendre-et-acheter-du-mobilier-design-doccasion\/","title":{"rendered":"Up&amp;Desk : votre alli\u00e9 disruptif pour vendre et acheter du mobilier design d\u2019occasion"},"content":{"rendered":"\n<h3 class=\"wp-block-heading\"><span class=\"ez-toc-section\" id=\"Ce_quil_faut_retenir_5_points_cles\"><\/span>Ce qu\u2019il faut retenir (5 points cl\u00e9s)<span class=\"ez-toc-section-end\"><\/span><\/h3><div id=\"ez-toc-container\" class=\"ez-toc-v2_0_82_2 counter-hierarchy ez-toc-counter ez-toc-grey ez-toc-container-direction\">\n<div class=\"ez-toc-title-container\">\n<span class=\"ez-toc-title-toggle\"><a href=\"#\" class=\"ez-toc-pull-right ez-toc-btn ez-toc-btn-xs ez-toc-btn-default ez-toc-toggle\" aria-label=\"Toggle Table of Content\"><span class=\"ez-toc-js-icon-con\"><span class=\"\"><span class=\"eztoc-hide\" style=\"display:none;\">Toggle<\/span><span class=\"ez-toc-icon-toggle-span\"><svg style=\"fill: #999;color:#999\" xmlns=\"http:\/\/www.w3.org\/2000\/svg\" class=\"list-377408\" width=\"20px\" height=\"20px\" viewBox=\"0 0 24 24\" fill=\"none\"><path d=\"M6 6H4v2h2V6zm14 0H8v2h12V6zM4 11h2v2H4v-2zm16 0H8v2h12v-2zM4 16h2v2H4v-2zm16 0H8v2h12v-2z\" fill=\"currentColor\"><\/path><\/svg><svg style=\"fill: #999;color:#999\" class=\"arrow-unsorted-368013\" xmlns=\"http:\/\/www.w3.org\/2000\/svg\" width=\"10px\" height=\"10px\" viewBox=\"0 0 24 24\" version=\"1.2\" baseProfile=\"tiny\"><path d=\"M18.2 9.3l-6.2-6.3-6.2 6.3c-.2.2-.3.4-.3.7s.1.5.3.7c.2.2.4.3.7.3h11c.3 0 .5-.1.7-.3.2-.2.3-.5.3-.7s-.1-.5-.3-.7zM5.8 14.7l6.2 6.3 6.2-6.3c.2-.2.3-.5.3-.7s-.1-.5-.3-.7c-.2-.2-.4-.3-.7-.3h-11c-.3 0-.5.1-.7.3-.2.2-.3.5-.3.7s.1.5.3.7z\"\/><\/svg><\/span><\/span><\/span><\/a><\/span><\/div>\n<nav><ul class='ez-toc-list ez-toc-list-level-1 eztoc-toggle-hide-by-default' ><ul class='ez-toc-list-level-3' ><li class='ez-toc-heading-level-3'><a class=\"ez-toc-link ez-toc-heading-1\" href=\"https:\/\/www.mobilier-design-occasion.fr\/magazine\/updesk-votre-allie-disruptif-pour-vendre-et-acheter-du-mobilier-design-doccasion\/#Ce_quil_faut_retenir_5_points_cles\" >Ce qu\u2019il faut retenir (5 points cl\u00e9s)<\/a><\/li><\/ul><\/li><li class='ez-toc-page-1 ez-toc-heading-level-2'><a class=\"ez-toc-link ez-toc-heading-2\" href=\"https:\/\/www.mobilier-design-occasion.fr\/magazine\/updesk-votre-allie-disruptif-pour-vendre-et-acheter-du-mobilier-design-doccasion\/#1_Introduction_le_hook\" >1. Introduction (le hook)<\/a><\/li><li class='ez-toc-page-1 ez-toc-heading-level-2'><a class=\"ez-toc-link ez-toc-heading-3\" href=\"https:\/\/www.mobilier-design-occasion.fr\/magazine\/updesk-votre-allie-disruptif-pour-vendre-et-acheter-du-mobilier-design-doccasion\/#2_Analyse_du_paysage_concurrentiel\" >2. Analyse du paysage concurrentiel<\/a><\/li><li class='ez-toc-page-1 ez-toc-heading-level-2'><a class=\"ez-toc-link ez-toc-heading-4\" href=\"https:\/\/www.mobilier-design-occasion.fr\/magazine\/updesk-votre-allie-disruptif-pour-vendre-et-acheter-du-mobilier-design-doccasion\/#3_Ce_que_jai_observe_de_plus_pertinent\" >3. Ce que j\u2019ai observ\u00e9 de plus pertinent<\/a><\/li><li class='ez-toc-page-1 ez-toc-heading-level-2'><a class=\"ez-toc-link ez-toc-heading-5\" href=\"https:\/\/www.mobilier-design-occasion.fr\/magazine\/updesk-votre-allie-disruptif-pour-vendre-et-acheter-du-mobilier-design-doccasion\/#4_Recommandations_et_avis\" >4. Recommandations et avis<\/a><\/li><li class='ez-toc-page-1 ez-toc-heading-level-2'><a class=\"ez-toc-link ez-toc-heading-6\" href=\"https:\/\/www.mobilier-design-occasion.fr\/magazine\/updesk-votre-allie-disruptif-pour-vendre-et-acheter-du-mobilier-design-doccasion\/#5_Bullet_list_les_services_a_offrir_absolument\" >5. Bullet list : les services \u00e0 offrir absolument<\/a><\/li><\/ul><\/nav><\/div>\n\n\n\n\n<ol class=\"wp-block-list\">\n<li>Up&amp;Desk propose une expertise affin\u00e9e en <a href=\"https:\/\/www.mobilier-design-occasion.fr\/magazine\/table-tulipe-knoll-indemodable-du-design\/\">design<\/a> d&#8217;occasion, se positionnant entre Selency, So Chic So Design et plateformes g\u00e9n\u00e9ralistes.<\/li>\n\n\n\n<li>Sa valeur ajout\u00e9e ? Un service \u00ab premium \u00bb avec v\u00e9rification d\u2019authenticit\u00e9, logistique optimis\u00e9e et interface intuitive.<\/li>\n\n\n\n<li>Je suis convaincu que son positionnement premium aide \u00e0 attirer une client\u00e8le haut de gamme, tout en limitant la friction transactionnelle.<\/li>\n\n\n\n<li>\u00c0 comparer avec So\u202fChic\u202fSo\u202fDesign (relooking haut de gamme) et Selency (large choix, v\u00e9rification sign\u00e9e) pour cerner les diff\u00e9rences strat\u00e9giques.<\/li>\n\n\n\n<li>Le choix final d\u00e9pendra de votre cible : passionn\u00e9s de design, pros ou grand public avis\u00e9.<\/li>\n<\/ol>\n\n\n\n<figure class=\"wp-block-image size-full\"><img loading=\"lazy\" decoding=\"async\" width=\"954\" height=\"740\" src=\"https:\/\/www.mobilier-design-occasion.fr\/magazine\/wp-content\/uploads\/2025\/06\/assisdebout.png\" alt=\"\" class=\"wp-image-8284\" srcset=\"https:\/\/www.mobilier-design-occasion.fr\/magazine\/wp-content\/uploads\/2025\/06\/assisdebout.png 954w, https:\/\/www.mobilier-design-occasion.fr\/magazine\/wp-content\/uploads\/2025\/06\/assisdebout-300x233.png 300w, https:\/\/www.mobilier-design-occasion.fr\/magazine\/wp-content\/uploads\/2025\/06\/assisdebout-768x596.png 768w, https:\/\/www.mobilier-design-occasion.fr\/magazine\/wp-content\/uploads\/2025\/06\/assisdebout-810x628.png 810w\" sizes=\"auto, (max-width: 954px) 100vw, 954px\" \/><\/figure>\n\n\n\n<hr class=\"wp-block-separator has-alpha-channel-opacity\"\/>\n\n\n\n<h2 class=\"wp-block-heading\"><span class=\"ez-toc-section\" id=\"1_Introduction_le_hook\"><\/span>1. Introduction (le hook)<span class=\"ez-toc-section-end\"><\/span><\/h2>\n\n\n\n<p>Je suis persuad\u00e9 que <strong>vous souhaitez \u00e9viter les chemins rebattus<\/strong> de la revente de <a href=\"https:\/\/www.mobilier-design-occasion.fr\/magazine\/test-avis-sur-la-redoute-interieurs-am-pm\/\">mobilier<\/a> <a href=\"https:\/\/www.mobilier-design-occasion.fr\/magazine\/le-canape-togo-doccasion\/\">occasion<\/a> : des photos floues, une logistique cauchemardesque, des objets sign\u00e9s vendus sans contr\u00f4le. <a href=\"https:\/\/upanddesk.com\">Up&amp;Desk<\/a>, s\u2019il tient ses promesses, semble <strong>r\u00e9volutionner cette fili\u00e8re<\/strong> avec rigueur, authenticit\u00e9 et efficacit\u00e9. C\u2019est rare et c\u2019est ce qui fait mon int\u00e9r\u00eat pour cette plateforme. \ud83d\udd0e<\/p>\n\n\n\n<hr class=\"wp-block-separator has-alpha-channel-opacity\"\/>\n\n\n\n<h2 class=\"wp-block-heading\"><span class=\"ez-toc-section\" id=\"2_Analyse_du_paysage_concurrentiel\"><\/span>2. Analyse du paysage concurrentiel<span class=\"ez-toc-section-end\"><\/span><\/h2>\n\n\n\n<p>Voici comment Up&amp;Desk se positionne dans un \u00e9cosyst\u00e8me d\u00e9j\u00e0 bien peupl\u00e9 :<\/p>\n\n\n\n<figure class=\"wp-block-table\"><table class=\"has-fixed-layout\"><thead><tr><th>Plateforme<\/th><th>Positionnement<\/th><th>Points forts<\/th><th>Limitations<\/th><\/tr><\/thead><tbody><tr><td><strong>Selency<\/strong><\/td><td>Large volume, v\u00e9rif sign\u00e9e<\/td><td>Grand catalogue, bons outils de recherche<\/td><td>Moins premium, UI grand public<\/td><\/tr><tr><td><strong>So Chic So Design<\/strong><\/td><td>Haut de gamme, design d&#8217;auteur<\/td><td>Relooking, artisans, s\u00e9lection curated<\/td><td>Prix tr\u00e8s \u00e9lev\u00e9s, petite audience<\/td><\/tr><tr><td><strong>Meublesmalin<\/strong><\/td><td>Occasions \u00e0 petits prix<\/td><td>Prix imbattables, livraison locale<\/td><td>Peu ax\u00e9 design, service de base<\/td><\/tr><tr><td><strong>Up&amp;Desk<\/strong> (votre projet)?<\/td><td>Design d\u2019exception \u2013 premium<\/td><td>Authenticit\u00e9, logistique optimis\u00e9e, interface haut de gamme<\/td><td>D\u00e9pend du volume, cr\u00e9dibilit\u00e9 \u00e0 \u00e9tablir<\/td><\/tr><\/tbody><\/table><\/figure>\n\n\n\n<hr class=\"wp-block-separator has-alpha-channel-opacity\"\/>\n\n\n\n<figure class=\"wp-block-image size-large\"><img loading=\"lazy\" decoding=\"async\" width=\"1024\" height=\"346\" src=\"https:\/\/www.mobilier-design-occasion.fr\/magazine\/wp-content\/uploads\/2025\/06\/image-4-1024x346.png\" alt=\"\" class=\"wp-image-8285\" srcset=\"https:\/\/www.mobilier-design-occasion.fr\/magazine\/wp-content\/uploads\/2025\/06\/image-4-1024x346.png 1024w, https:\/\/www.mobilier-design-occasion.fr\/magazine\/wp-content\/uploads\/2025\/06\/image-4-300x101.png 300w, https:\/\/www.mobilier-design-occasion.fr\/magazine\/wp-content\/uploads\/2025\/06\/image-4-768x259.png 768w, https:\/\/www.mobilier-design-occasion.fr\/magazine\/wp-content\/uploads\/2025\/06\/image-4-1536x518.png 1536w, https:\/\/www.mobilier-design-occasion.fr\/magazine\/wp-content\/uploads\/2025\/06\/image-4-scaled.png 2048w, https:\/\/www.mobilier-design-occasion.fr\/magazine\/wp-content\/uploads\/2025\/06\/image-4-810x273.png 810w, https:\/\/www.mobilier-design-occasion.fr\/magazine\/wp-content\/uploads\/2025\/06\/image-4-1140x385.png 1140w\" sizes=\"auto, (max-width: 1024px) 100vw, 1024px\" \/><\/figure>\n\n\n\n<h2 class=\"wp-block-heading\"><span class=\"ez-toc-section\" id=\"3_Ce_que_jai_observe_de_plus_pertinent\"><\/span>3. Ce que j\u2019ai observ\u00e9 de plus pertinent<span class=\"ez-toc-section-end\"><\/span><\/h2>\n\n\n\n<p>Je constate que <strong>la v\u00e9rification d\u2019authenticit\u00e9<\/strong> est un enjeu majeur : Selency le fait, mais souvent sur des pi\u00e8ces courantes. So\u202fChic\u202fSo\u202fDesign se positionne tr\u00e8s upscale, avec artisans et relooking. Up&amp;Desk doit se distinguer en offrant \u00e0 la fois <strong>rigueur et scalabilit\u00e9<\/strong> : photos studio, certificats, logistique g\u00e9r\u00e9e, s\u00e9curisation du paiement\u2026 Ce combo est rare.<\/p>\n\n\n\n<p>Je pense qu&#8217;Up&amp;Desk doit viser les <strong>collectionneurs et professionnels<\/strong> plut\u00f4t que les \u00e9tudiants cherchant un bon plan. Avec ce positionnement, je suis convaincu qu\u2019il peut cr\u00e9er une <a href=\"https:\/\/www.mobilier-design-occasion.fr\/magazine\/5-marques-de-design-intemporel-que-vous-devez-absolument-connaitre\/\">marque<\/a> forte, reconnue.<\/p>\n\n\n\n<figure class=\"wp-block-image size-full\"><img loading=\"lazy\" decoding=\"async\" width=\"912\" height=\"654\" src=\"https:\/\/www.mobilier-design-occasion.fr\/magazine\/wp-content\/uploads\/2025\/06\/assisdebout2.png\" alt=\"\" class=\"wp-image-8286\" srcset=\"https:\/\/www.mobilier-design-occasion.fr\/magazine\/wp-content\/uploads\/2025\/06\/assisdebout2.png 912w, https:\/\/www.mobilier-design-occasion.fr\/magazine\/wp-content\/uploads\/2025\/06\/assisdebout2-300x215.png 300w, https:\/\/www.mobilier-design-occasion.fr\/magazine\/wp-content\/uploads\/2025\/06\/assisdebout2-768x551.png 768w, https:\/\/www.mobilier-design-occasion.fr\/magazine\/wp-content\/uploads\/2025\/06\/assisdebout2-810x581.png 810w\" sizes=\"auto, (max-width: 912px) 100vw, 912px\" \/><\/figure>\n\n\n\n<hr class=\"wp-block-separator has-alpha-channel-opacity\"\/>\n\n\n\n<h2 class=\"wp-block-heading\"><span class=\"ez-toc-section\" id=\"4_Recommandations_et_avis\"><\/span>4. Recommandations et avis<span class=\"ez-toc-section-end\"><\/span><\/h2>\n\n\n\n<ul class=\"wp-block-list\">\n<li><strong>Je vous conseille<\/strong> de valoriser l\u2019authenticit\u00e9 via une \u00e9quipe d\u00e9di\u00e9e (expertise design).<\/li>\n\n\n\n<li>Int\u00e9grez un <strong>service logistique complet<\/strong> : emballage, enl\u00e8vement, livraison premium.<\/li>\n\n\n\n<li>Une interface <a href=\"https:\/\/www.mobilier-design-occasion.fr\/magazine\/le-petit-lexique-du-mobilier-design\/\">fluide<\/a> (UX) deviendra essentielle : filtres, e\u2011paiement s\u00e9curis\u00e9, tra\u00e7abilit\u00e9.<\/li>\n\n\n\n<li><strong>Soyez clivant<\/strong> dans votre com\u2019 : \u201cdesign d\u2019occasion, pas brocante\u201d.<\/li>\n\n\n\n<li><strong>Je pense qu&#8217;il faut<\/strong> viser les designers, architectes, amateurs exigeants. Communiquez en B2B\/B2C justement.<\/li>\n<\/ul>\n\n\n\n<figure class=\"wp-block-image size-large\"><img loading=\"lazy\" decoding=\"async\" width=\"1024\" height=\"544\" src=\"https:\/\/www.mobilier-design-occasion.fr\/magazine\/wp-content\/uploads\/2025\/06\/image-5-1024x544.png\" alt=\"\" class=\"wp-image-8287\" srcset=\"https:\/\/www.mobilier-design-occasion.fr\/magazine\/wp-content\/uploads\/2025\/06\/image-5-1024x544.png 1024w, https:\/\/www.mobilier-design-occasion.fr\/magazine\/wp-content\/uploads\/2025\/06\/image-5-300x159.png 300w, https:\/\/www.mobilier-design-occasion.fr\/magazine\/wp-content\/uploads\/2025\/06\/image-5-768x408.png 768w, https:\/\/www.mobilier-design-occasion.fr\/magazine\/wp-content\/uploads\/2025\/06\/image-5-1536x816.png 1536w, https:\/\/www.mobilier-design-occasion.fr\/magazine\/wp-content\/uploads\/2025\/06\/image-5-scaled.png 2048w, https:\/\/www.mobilier-design-occasion.fr\/magazine\/wp-content\/uploads\/2025\/06\/image-5-810x430.png 810w, https:\/\/www.mobilier-design-occasion.fr\/magazine\/wp-content\/uploads\/2025\/06\/image-5-1140x606.png 1140w\" sizes=\"auto, (max-width: 1024px) 100vw, 1024px\" \/><\/figure>\n\n\n\n<hr class=\"wp-block-separator has-alpha-channel-opacity\"\/>\n\n\n\n<h2 class=\"wp-block-heading\"><span class=\"ez-toc-section\" id=\"5_Bullet_list_les_services_a_offrir_absolument\"><\/span>5. Bullet list : les services \u00e0 offrir absolument<span class=\"ez-toc-section-end\"><\/span><\/h2>\n\n\n\n<ul class=\"wp-block-list\">\n<li><strong>Authenticit\u00e9 garantie<\/strong> (photos studio + certification)<\/li>\n\n\n\n<li><strong>Logistique premium<\/strong> (enl\u00e8vement, livraison soign\u00e9e, suivi)<\/li>\n\n\n\n<li><strong>Paiement s\u00e9curis\u00e9 &amp; assurance<\/strong><\/li>\n\n\n\n<li><strong>Interface UX\/SEO optimis\u00e9e<\/strong> pour le design d\u2019exception<\/li>\n\n\n\n<li><strong>Accompagnement\/conseils d\u00e9co<\/strong> pour les acheteurs professionnels<\/li>\n<\/ul>\n\n\n\n<hr class=\"wp-block-separator has-alpha-channel-opacity\"\/>\n\n\n\n<h3 class=\"wp-block-heading\"><\/h3>\n\n\n\n<figure class=\"wp-block-image size-large\"><img loading=\"lazy\" decoding=\"async\" width=\"1024\" height=\"756\" src=\"https:\/\/www.mobilier-design-occasion.fr\/magazine\/wp-content\/uploads\/2025\/06\/image-6-1024x756.png\" alt=\"\" class=\"wp-image-8288\" srcset=\"https:\/\/www.mobilier-design-occasion.fr\/magazine\/wp-content\/uploads\/2025\/06\/image-6-1024x756.png 1024w, https:\/\/www.mobilier-design-occasion.fr\/magazine\/wp-content\/uploads\/2025\/06\/image-6-300x221.png 300w, https:\/\/www.mobilier-design-occasion.fr\/magazine\/wp-content\/uploads\/2025\/06\/image-6-768x567.png 768w, https:\/\/www.mobilier-design-occasion.fr\/magazine\/wp-content\/uploads\/2025\/06\/image-6-810x598.png 810w, https:\/\/www.mobilier-design-occasion.fr\/magazine\/wp-content\/uploads\/2025\/06\/image-6-1140x841.png 1140w, https:\/\/www.mobilier-design-occasion.fr\/magazine\/wp-content\/uploads\/2025\/06\/image-6.png 1420w\" sizes=\"auto, (max-width: 1024px) 100vw, 1024px\" \/><\/figure>\n\n\n\n<p>Je suis persuad\u00e9 qu\u2019Up&amp;Desk a le potentiel de devenir la <strong>r\u00e9f\u00e9rence premium du design d\u2019occasion<\/strong>, \u00e0 condition de se positionner clairement, d\u2019investir dans l\u2019expertise et de ma\u00eetriser la logistique. C\u2019est un pari exigeant \u2014 mais qui, selon moi, peut cr\u00e9er une plateforme <strong>hautement diff\u00e9renciante et respect\u00e9e<\/strong> dans le secteur.<\/p>\n","protected":false},"excerpt":{"rendered":"<p>Ce qu\u2019il faut retenir (5 points cl\u00e9s) 1. Introduction (le hook) Je suis persuad\u00e9 que vous souhaitez \u00e9viter les chemins rebattus de la revente de mobilier occasion : des photos floues, une logistique cauchemardesque, des objets sign\u00e9s vendus sans contr\u00f4le. Up&amp;Desk, s\u2019il tient ses promesses, semble r\u00e9volutionner cette fili\u00e8re avec rigueur, authenticit\u00e9 et efficacit\u00e9. C\u2019est [&hellip;]<\/p>\n","protected":false},"author":2,"featured_media":8289,"comment_status":"open","ping_status":"open","sticky":false,"template":"","format":"standard","meta":{"footnotes":""},"categories":[128],"tags":[],"class_list":["post-8283","post","type-post","status-publish","format-standard","has-post-thumbnail","hentry","category-bureau"],"yoast_head":"<!-- This site is optimized with the Yoast SEO plugin v27.5 - https:\/\/yoast.com\/product\/yoast-seo-wordpress\/ -->\n<title>Up&amp;Desk : votre alli\u00e9 disruptif pour vendre et acheter du mobilier design d\u2019occasion - Mobilier Design Magazine<\/title>\n<meta name=\"robots\" content=\"index, follow, max-snippet:-1, max-image-preview:large, max-video-preview:-1\" \/>\n<link rel=\"canonical\" href=\"https:\/\/www.mobilier-design-occasion.fr\/magazine\/updesk-votre-allie-disruptif-pour-vendre-et-acheter-du-mobilier-design-doccasion\/\" \/>\n<meta property=\"og:locale\" content=\"fr_FR\" \/>\n<meta property=\"og:type\" content=\"article\" \/>\n<meta property=\"og:title\" content=\"Up&amp;Desk : votre alli\u00e9 disruptif pour vendre et acheter du mobilier design d\u2019occasion - Mobilier Design Magazine\" \/>\n<meta property=\"og:description\" content=\"Ce qu\u2019il faut retenir (5 points cl\u00e9s) 1. Introduction (le hook) Je suis persuad\u00e9 que vous souhaitez \u00e9viter les chemins rebattus de la revente de mobilier occasion : des photos floues, une logistique cauchemardesque, des objets sign\u00e9s vendus sans contr\u00f4le. Up&amp;Desk, s\u2019il tient ses promesses, semble r\u00e9volutionner cette fili\u00e8re avec rigueur, authenticit\u00e9 et efficacit\u00e9. C\u2019est [&hellip;]\" \/>\n<meta property=\"og:url\" content=\"https:\/\/www.mobilier-design-occasion.fr\/magazine\/updesk-votre-allie-disruptif-pour-vendre-et-acheter-du-mobilier-design-doccasion\/\" \/>\n<meta property=\"og:site_name\" content=\"Mobilier Design Magazine\" \/>\n<meta property=\"article:publisher\" content=\"https:\/\/www.facebook.com\/mobilierdesignoccasion\" \/>\n<meta property=\"article:published_time\" content=\"2025-06-14T08:46:50+00:00\" \/>\n<meta property=\"article:modified_time\" content=\"2025-06-14T08:46:51+00:00\" \/>\n<meta property=\"og:image\" content=\"https:\/\/www.mobilier-design-occasion.fr\/magazine\/wp-content\/uploads\/2025\/06\/assisdebout3.png\" \/>\n\t<meta property=\"og:image:width\" content=\"914\" \/>\n\t<meta property=\"og:image:height\" content=\"710\" \/>\n\t<meta property=\"og:image:type\" content=\"image\/png\" \/>\n<meta name=\"author\" content=\"Vincent Vandegans\" \/>\n<meta name=\"twitter:card\" content=\"summary_large_image\" \/>\n<meta name=\"twitter:label1\" content=\"\u00c9crit par\" \/>\n\t<meta name=\"twitter:data1\" content=\"Vincent Vandegans\" \/>\n\t<meta name=\"twitter:label2\" content=\"Dur\u00e9e de lecture estim\u00e9e\" \/>\n\t<meta name=\"twitter:data2\" content=\"4 minutes\" \/>\n<script type=\"application\/ld+json\" class=\"yoast-schema-graph\">{\"@context\":\"https:\\\/\\\/schema.org\",\"@graph\":[{\"@type\":\"Article\",\"@id\":\"https:\\\/\\\/www.mobilier-design-occasion.fr\\\/magazine\\\/updesk-votre-allie-disruptif-pour-vendre-et-acheter-du-mobilier-design-doccasion\\\/#article\",\"isPartOf\":{\"@id\":\"https:\\\/\\\/www.mobilier-design-occasion.fr\\\/magazine\\\/updesk-votre-allie-disruptif-pour-vendre-et-acheter-du-mobilier-design-doccasion\\\/\"},\"author\":{\"name\":\"Vincent Vandegans\",\"@id\":\"https:\\\/\\\/www.mobilier-design-occasion.fr\\\/magazine\\\/#\\\/schema\\\/person\\\/af895bedc80bfb6b17730a672fddac9e\"},\"headline\":\"Up&amp;Desk : votre alli\u00e9 disruptif pour vendre et acheter du mobilier design d\u2019occasion\",\"datePublished\":\"2025-06-14T08:46:50+00:00\",\"dateModified\":\"2025-06-14T08:46:51+00:00\",\"mainEntityOfPage\":{\"@id\":\"https:\\\/\\\/www.mobilier-design-occasion.fr\\\/magazine\\\/updesk-votre-allie-disruptif-pour-vendre-et-acheter-du-mobilier-design-doccasion\\\/\"},\"wordCount\":578,\"commentCount\":0,\"publisher\":{\"@id\":\"https:\\\/\\\/www.mobilier-design-occasion.fr\\\/magazine\\\/#organization\"},\"image\":{\"@id\":\"https:\\\/\\\/www.mobilier-design-occasion.fr\\\/magazine\\\/updesk-votre-allie-disruptif-pour-vendre-et-acheter-du-mobilier-design-doccasion\\\/#primaryimage\"},\"thumbnailUrl\":\"https:\\\/\\\/www.mobilier-design-occasion.fr\\\/magazine\\\/wp-content\\\/uploads\\\/2025\\\/06\\\/assisdebout3.png\",\"articleSection\":[\"Bureau\"],\"inLanguage\":\"fr-FR\",\"potentialAction\":[{\"@type\":\"CommentAction\",\"name\":\"Comment\",\"target\":[\"https:\\\/\\\/www.mobilier-design-occasion.fr\\\/magazine\\\/updesk-votre-allie-disruptif-pour-vendre-et-acheter-du-mobilier-design-doccasion\\\/#respond\"]}]},{\"@type\":\"WebPage\",\"@id\":\"https:\\\/\\\/www.mobilier-design-occasion.fr\\\/magazine\\\/updesk-votre-allie-disruptif-pour-vendre-et-acheter-du-mobilier-design-doccasion\\\/\",\"url\":\"https:\\\/\\\/www.mobilier-design-occasion.fr\\\/magazine\\\/updesk-votre-allie-disruptif-pour-vendre-et-acheter-du-mobilier-design-doccasion\\\/\",\"name\":\"Up&amp;Desk : votre alli\u00e9 disruptif pour vendre et acheter du mobilier design d\u2019occasion - Mobilier Design Magazine\",\"isPartOf\":{\"@id\":\"https:\\\/\\\/www.mobilier-design-occasion.fr\\\/magazine\\\/#website\"},\"primaryImageOfPage\":{\"@id\":\"https:\\\/\\\/www.mobilier-design-occasion.fr\\\/magazine\\\/updesk-votre-allie-disruptif-pour-vendre-et-acheter-du-mobilier-design-doccasion\\\/#primaryimage\"},\"image\":{\"@id\":\"https:\\\/\\\/www.mobilier-design-occasion.fr\\\/magazine\\\/updesk-votre-allie-disruptif-pour-vendre-et-acheter-du-mobilier-design-doccasion\\\/#primaryimage\"},\"thumbnailUrl\":\"https:\\\/\\\/www.mobilier-design-occasion.fr\\\/magazine\\\/wp-content\\\/uploads\\\/2025\\\/06\\\/assisdebout3.png\",\"datePublished\":\"2025-06-14T08:46:50+00:00\",\"dateModified\":\"2025-06-14T08:46:51+00:00\",\"breadcrumb\":{\"@id\":\"https:\\\/\\\/www.mobilier-design-occasion.fr\\\/magazine\\\/updesk-votre-allie-disruptif-pour-vendre-et-acheter-du-mobilier-design-doccasion\\\/#breadcrumb\"},\"inLanguage\":\"fr-FR\",\"potentialAction\":[{\"@type\":\"ReadAction\",\"target\":[\"https:\\\/\\\/www.mobilier-design-occasion.fr\\\/magazine\\\/updesk-votre-allie-disruptif-pour-vendre-et-acheter-du-mobilier-design-doccasion\\\/\"]}]},{\"@type\":\"ImageObject\",\"inLanguage\":\"fr-FR\",\"@id\":\"https:\\\/\\\/www.mobilier-design-occasion.fr\\\/magazine\\\/updesk-votre-allie-disruptif-pour-vendre-et-acheter-du-mobilier-design-doccasion\\\/#primaryimage\",\"url\":\"https:\\\/\\\/www.mobilier-design-occasion.fr\\\/magazine\\\/wp-content\\\/uploads\\\/2025\\\/06\\\/assisdebout3.png\",\"contentUrl\":\"https:\\\/\\\/www.mobilier-design-occasion.fr\\\/magazine\\\/wp-content\\\/uploads\\\/2025\\\/06\\\/assisdebout3.png\",\"width\":914,\"height\":710},{\"@type\":\"BreadcrumbList\",\"@id\":\"https:\\\/\\\/www.mobilier-design-occasion.fr\\\/magazine\\\/updesk-votre-allie-disruptif-pour-vendre-et-acheter-du-mobilier-design-doccasion\\\/#breadcrumb\",\"itemListElement\":[{\"@type\":\"ListItem\",\"position\":1,\"name\":\"Accueil\",\"item\":\"https:\\\/\\\/www.mobilier-design-occasion.fr\\\/magazine\\\/\"},{\"@type\":\"ListItem\",\"position\":2,\"name\":\"Up&amp;Desk : votre alli\u00e9 disruptif pour vendre et acheter du mobilier design d\u2019occasion\"}]},{\"@type\":\"WebSite\",\"@id\":\"https:\\\/\\\/www.mobilier-design-occasion.fr\\\/magazine\\\/#website\",\"url\":\"https:\\\/\\\/www.mobilier-design-occasion.fr\\\/magazine\\\/\",\"name\":\"Mobilier Design Magazine\",\"description\":\"\",\"publisher\":{\"@id\":\"https:\\\/\\\/www.mobilier-design-occasion.fr\\\/magazine\\\/#organization\"},\"potentialAction\":[{\"@type\":\"SearchAction\",\"target\":{\"@type\":\"EntryPoint\",\"urlTemplate\":\"https:\\\/\\\/www.mobilier-design-occasion.fr\\\/magazine\\\/?s={search_term_string}\"},\"query-input\":{\"@type\":\"PropertyValueSpecification\",\"valueRequired\":true,\"valueName\":\"search_term_string\"}}],\"inLanguage\":\"fr-FR\"},{\"@type\":\"Organization\",\"@id\":\"https:\\\/\\\/www.mobilier-design-occasion.fr\\\/magazine\\\/#organization\",\"name\":\"Mobilier Design Magazine\",\"url\":\"https:\\\/\\\/www.mobilier-design-occasion.fr\\\/magazine\\\/\",\"logo\":{\"@type\":\"ImageObject\",\"inLanguage\":\"fr-FR\",\"@id\":\"https:\\\/\\\/www.mobilier-design-occasion.fr\\\/magazine\\\/#\\\/schema\\\/logo\\\/image\\\/\",\"url\":\"https:\\\/\\\/www.mobilier-design-occasion.fr\\\/magazine\\\/wp-content\\\/uploads\\\/2024\\\/02\\\/android-chrome-192x192-1.png\",\"contentUrl\":\"https:\\\/\\\/www.mobilier-design-occasion.fr\\\/magazine\\\/wp-content\\\/uploads\\\/2024\\\/02\\\/android-chrome-192x192-1.png\",\"width\":192,\"height\":192,\"caption\":\"Mobilier Design Magazine\"},\"image\":{\"@id\":\"https:\\\/\\\/www.mobilier-design-occasion.fr\\\/magazine\\\/#\\\/schema\\\/logo\\\/image\\\/\"},\"sameAs\":[\"https:\\\/\\\/www.facebook.com\\\/mobilierdesignoccasion\"]},{\"@type\":\"Person\",\"@id\":\"https:\\\/\\\/www.mobilier-design-occasion.fr\\\/magazine\\\/#\\\/schema\\\/person\\\/af895bedc80bfb6b17730a672fddac9e\",\"name\":\"Vincent Vandegans\",\"image\":{\"@type\":\"ImageObject\",\"inLanguage\":\"fr-FR\",\"@id\":\"https:\\\/\\\/secure.gravatar.com\\\/avatar\\\/b984800dabdf722d5e3f03f637c8932dea77d81118467d17ad2953e3b273ec66?s=96&d=mm&r=g\",\"url\":\"https:\\\/\\\/secure.gravatar.com\\\/avatar\\\/b984800dabdf722d5e3f03f637c8932dea77d81118467d17ad2953e3b273ec66?s=96&d=mm&r=g\",\"contentUrl\":\"https:\\\/\\\/secure.gravatar.com\\\/avatar\\\/b984800dabdf722d5e3f03f637c8932dea77d81118467d17ad2953e3b273ec66?s=96&d=mm&r=g\",\"caption\":\"Vincent Vandegans\"},\"description\":\"Vincent est passionn\u00e9 par les produits d'occasion, il a ouvert le site MDO avec Cyrielle pour aider les gens \u00e0 trouver du mobilier d'occasion, vintage ou usag\u00e9. Depuis, ils ont \u00e9tendu leurs activit\u00e9s et conseillent tout le monde sur le mobilier d'int\u00e9rieur et d'ext\u00e9rieur au quotidien \u00e0 travers le magazine MDO.\",\"url\":\"https:\\\/\\\/www.mobilier-design-occasion.fr\\\/magazine\\\/author\\\/vincent\\\/\"}]}<\/script>\n<!-- \/ Yoast SEO plugin. -->","yoast_head_json":{"title":"Up&amp;Desk : votre alli\u00e9 disruptif pour vendre et acheter du mobilier design d\u2019occasion - Mobilier Design Magazine","robots":{"index":"index","follow":"follow","max-snippet":"max-snippet:-1","max-image-preview":"max-image-preview:large","max-video-preview":"max-video-preview:-1"},"canonical":"https:\/\/www.mobilier-design-occasion.fr\/magazine\/updesk-votre-allie-disruptif-pour-vendre-et-acheter-du-mobilier-design-doccasion\/","og_locale":"fr_FR","og_type":"article","og_title":"Up&amp;Desk : votre alli\u00e9 disruptif pour vendre et acheter du mobilier design d\u2019occasion - Mobilier Design Magazine","og_description":"Ce qu\u2019il faut retenir (5 points cl\u00e9s) 1. Introduction (le hook) Je suis persuad\u00e9 que vous souhaitez \u00e9viter les chemins rebattus de la revente de mobilier occasion : des photos floues, une logistique cauchemardesque, des objets sign\u00e9s vendus sans contr\u00f4le. Up&amp;Desk, s\u2019il tient ses promesses, semble r\u00e9volutionner cette fili\u00e8re avec rigueur, authenticit\u00e9 et efficacit\u00e9. C\u2019est [&hellip;]","og_url":"https:\/\/www.mobilier-design-occasion.fr\/magazine\/updesk-votre-allie-disruptif-pour-vendre-et-acheter-du-mobilier-design-doccasion\/","og_site_name":"Mobilier Design Magazine","article_publisher":"https:\/\/www.facebook.com\/mobilierdesignoccasion","article_published_time":"2025-06-14T08:46:50+00:00","article_modified_time":"2025-06-14T08:46:51+00:00","og_image":[{"width":914,"height":710,"url":"https:\/\/www.mobilier-design-occasion.fr\/magazine\/wp-content\/uploads\/2025\/06\/assisdebout3.png","type":"image\/png"}],"author":"Vincent Vandegans","twitter_card":"summary_large_image","twitter_misc":{"\u00c9crit par":"Vincent Vandegans","Dur\u00e9e de lecture estim\u00e9e":"4 minutes"},"schema":{"@context":"https:\/\/schema.org","@graph":[{"@type":"Article","@id":"https:\/\/www.mobilier-design-occasion.fr\/magazine\/updesk-votre-allie-disruptif-pour-vendre-et-acheter-du-mobilier-design-doccasion\/#article","isPartOf":{"@id":"https:\/\/www.mobilier-design-occasion.fr\/magazine\/updesk-votre-allie-disruptif-pour-vendre-et-acheter-du-mobilier-design-doccasion\/"},"author":{"name":"Vincent Vandegans","@id":"https:\/\/www.mobilier-design-occasion.fr\/magazine\/#\/schema\/person\/af895bedc80bfb6b17730a672fddac9e"},"headline":"Up&amp;Desk : votre alli\u00e9 disruptif pour vendre et acheter du mobilier design d\u2019occasion","datePublished":"2025-06-14T08:46:50+00:00","dateModified":"2025-06-14T08:46:51+00:00","mainEntityOfPage":{"@id":"https:\/\/www.mobilier-design-occasion.fr\/magazine\/updesk-votre-allie-disruptif-pour-vendre-et-acheter-du-mobilier-design-doccasion\/"},"wordCount":578,"commentCount":0,"publisher":{"@id":"https:\/\/www.mobilier-design-occasion.fr\/magazine\/#organization"},"image":{"@id":"https:\/\/www.mobilier-design-occasion.fr\/magazine\/updesk-votre-allie-disruptif-pour-vendre-et-acheter-du-mobilier-design-doccasion\/#primaryimage"},"thumbnailUrl":"https:\/\/www.mobilier-design-occasion.fr\/magazine\/wp-content\/uploads\/2025\/06\/assisdebout3.png","articleSection":["Bureau"],"inLanguage":"fr-FR","potentialAction":[{"@type":"CommentAction","name":"Comment","target":["https:\/\/www.mobilier-design-occasion.fr\/magazine\/updesk-votre-allie-disruptif-pour-vendre-et-acheter-du-mobilier-design-doccasion\/#respond"]}]},{"@type":"WebPage","@id":"https:\/\/www.mobilier-design-occasion.fr\/magazine\/updesk-votre-allie-disruptif-pour-vendre-et-acheter-du-mobilier-design-doccasion\/","url":"https:\/\/www.mobilier-design-occasion.fr\/magazine\/updesk-votre-allie-disruptif-pour-vendre-et-acheter-du-mobilier-design-doccasion\/","name":"Up&amp;Desk : votre alli\u00e9 disruptif pour vendre et acheter du mobilier design d\u2019occasion - Mobilier Design Magazine","isPartOf":{"@id":"https:\/\/www.mobilier-design-occasion.fr\/magazine\/#website"},"primaryImageOfPage":{"@id":"https:\/\/www.mobilier-design-occasion.fr\/magazine\/updesk-votre-allie-disruptif-pour-vendre-et-acheter-du-mobilier-design-doccasion\/#primaryimage"},"image":{"@id":"https:\/\/www.mobilier-design-occasion.fr\/magazine\/updesk-votre-allie-disruptif-pour-vendre-et-acheter-du-mobilier-design-doccasion\/#primaryimage"},"thumbnailUrl":"https:\/\/www.mobilier-design-occasion.fr\/magazine\/wp-content\/uploads\/2025\/06\/assisdebout3.png","datePublished":"2025-06-14T08:46:50+00:00","dateModified":"2025-06-14T08:46:51+00:00","breadcrumb":{"@id":"https:\/\/www.mobilier-design-occasion.fr\/magazine\/updesk-votre-allie-disruptif-pour-vendre-et-acheter-du-mobilier-design-doccasion\/#breadcrumb"},"inLanguage":"fr-FR","potentialAction":[{"@type":"ReadAction","target":["https:\/\/www.mobilier-design-occasion.fr\/magazine\/updesk-votre-allie-disruptif-pour-vendre-et-acheter-du-mobilier-design-doccasion\/"]}]},{"@type":"ImageObject","inLanguage":"fr-FR","@id":"https:\/\/www.mobilier-design-occasion.fr\/magazine\/updesk-votre-allie-disruptif-pour-vendre-et-acheter-du-mobilier-design-doccasion\/#primaryimage","url":"https:\/\/www.mobilier-design-occasion.fr\/magazine\/wp-content\/uploads\/2025\/06\/assisdebout3.png","contentUrl":"https:\/\/www.mobilier-design-occasion.fr\/magazine\/wp-content\/uploads\/2025\/06\/assisdebout3.png","width":914,"height":710},{"@type":"BreadcrumbList","@id":"https:\/\/www.mobilier-design-occasion.fr\/magazine\/updesk-votre-allie-disruptif-pour-vendre-et-acheter-du-mobilier-design-doccasion\/#breadcrumb","itemListElement":[{"@type":"ListItem","position":1,"name":"Accueil","item":"https:\/\/www.mobilier-design-occasion.fr\/magazine\/"},{"@type":"ListItem","position":2,"name":"Up&amp;Desk : votre alli\u00e9 disruptif pour vendre et acheter du mobilier design d\u2019occasion"}]},{"@type":"WebSite","@id":"https:\/\/www.mobilier-design-occasion.fr\/magazine\/#website","url":"https:\/\/www.mobilier-design-occasion.fr\/magazine\/","name":"Mobilier Design Magazine","description":"","publisher":{"@id":"https:\/\/www.mobilier-design-occasion.fr\/magazine\/#organization"},"potentialAction":[{"@type":"SearchAction","target":{"@type":"EntryPoint","urlTemplate":"https:\/\/www.mobilier-design-occasion.fr\/magazine\/?s={search_term_string}"},"query-input":{"@type":"PropertyValueSpecification","valueRequired":true,"valueName":"search_term_string"}}],"inLanguage":"fr-FR"},{"@type":"Organization","@id":"https:\/\/www.mobilier-design-occasion.fr\/magazine\/#organization","name":"Mobilier Design Magazine","url":"https:\/\/www.mobilier-design-occasion.fr\/magazine\/","logo":{"@type":"ImageObject","inLanguage":"fr-FR","@id":"https:\/\/www.mobilier-design-occasion.fr\/magazine\/#\/schema\/logo\/image\/","url":"https:\/\/www.mobilier-design-occasion.fr\/magazine\/wp-content\/uploads\/2024\/02\/android-chrome-192x192-1.png","contentUrl":"https:\/\/www.mobilier-design-occasion.fr\/magazine\/wp-content\/uploads\/2024\/02\/android-chrome-192x192-1.png","width":192,"height":192,"caption":"Mobilier Design Magazine"},"image":{"@id":"https:\/\/www.mobilier-design-occasion.fr\/magazine\/#\/schema\/logo\/image\/"},"sameAs":["https:\/\/www.facebook.com\/mobilierdesignoccasion"]},{"@type":"Person","@id":"https:\/\/www.mobilier-design-occasion.fr\/magazine\/#\/schema\/person\/af895bedc80bfb6b17730a672fddac9e","name":"Vincent Vandegans","image":{"@type":"ImageObject","inLanguage":"fr-FR","@id":"https:\/\/secure.gravatar.com\/avatar\/b984800dabdf722d5e3f03f637c8932dea77d81118467d17ad2953e3b273ec66?s=96&d=mm&r=g","url":"https:\/\/secure.gravatar.com\/avatar\/b984800dabdf722d5e3f03f637c8932dea77d81118467d17ad2953e3b273ec66?s=96&d=mm&r=g","contentUrl":"https:\/\/secure.gravatar.com\/avatar\/b984800dabdf722d5e3f03f637c8932dea77d81118467d17ad2953e3b273ec66?s=96&d=mm&r=g","caption":"Vincent Vandegans"},"description":"Vincent est passionn\u00e9 par les produits d'occasion, il a ouvert le site MDO avec Cyrielle pour aider les gens \u00e0 trouver du mobilier d'occasion, vintage ou usag\u00e9. Depuis, ils ont \u00e9tendu leurs activit\u00e9s et conseillent tout le monde sur le mobilier d'int\u00e9rieur et d'ext\u00e9rieur au quotidien \u00e0 travers le magazine MDO.","url":"https:\/\/www.mobilier-design-occasion.fr\/magazine\/author\/vincent\/"}]}},"_links":{"self":[{"href":"https:\/\/www.mobilier-design-occasion.fr\/magazine\/wp-json\/wp\/v2\/posts\/8283","targetHints":{"allow":["GET"]}}],"collection":[{"href":"https:\/\/www.mobilier-design-occasion.fr\/magazine\/wp-json\/wp\/v2\/posts"}],"about":[{"href":"https:\/\/www.mobilier-design-occasion.fr\/magazine\/wp-json\/wp\/v2\/types\/post"}],"author":[{"embeddable":true,"href":"https:\/\/www.mobilier-design-occasion.fr\/magazine\/wp-json\/wp\/v2\/users\/2"}],"replies":[{"embeddable":true,"href":"https:\/\/www.mobilier-design-occasion.fr\/magazine\/wp-json\/wp\/v2\/comments?post=8283"}],"version-history":[{"count":1,"href":"https:\/\/www.mobilier-design-occasion.fr\/magazine\/wp-json\/wp\/v2\/posts\/8283\/revisions"}],"predecessor-version":[{"id":8290,"href":"https:\/\/www.mobilier-design-occasion.fr\/magazine\/wp-json\/wp\/v2\/posts\/8283\/revisions\/8290"}],"wp:featuredmedia":[{"embeddable":true,"href":"https:\/\/www.mobilier-design-occasion.fr\/magazine\/wp-json\/wp\/v2\/media\/8289"}],"wp:attachment":[{"href":"https:\/\/www.mobilier-design-occasion.fr\/magazine\/wp-json\/wp\/v2\/media?parent=8283"}],"wp:term":[{"taxonomy":"category","embeddable":true,"href":"https:\/\/www.mobilier-design-occasion.fr\/magazine\/wp-json\/wp\/v2\/categories?post=8283"},{"taxonomy":"post_tag","embeddable":true,"href":"https:\/\/www.mobilier-design-occasion.fr\/magazine\/wp-json\/wp\/v2\/tags?post=8283"}],"curies":[{"name":"wp","href":"https:\/\/api.w.org\/{rel}","templated":true}]}}