{"id":8273,"date":"2025-06-04T17:59:21","date_gmt":"2025-06-04T17:59:21","guid":{"rendered":"https:\/\/www.mobilier-design-occasion.fr\/magazine\/stevano-design-un-apercu-des-avis-google-et-de-lexperience-utilisateur\/"},"modified":"2025-06-04T18:02:19","modified_gmt":"2025-06-04T18:02:19","slug":"stevano-design-un-apercu-des-avis-google-et-de-lexperience-utilisateur","status":"publish","type":"post","link":"https:\/\/www.mobilier-design-occasion.fr\/magazine\/stevano-design-un-apercu-des-avis-google-et-de-lexperience-utilisateur\/","title":{"rendered":"Stevano design : un aper\u00e7u des avis google et de l&#8217;exp\u00e9rience utilisateur"},"content":{"rendered":"<p>J\u2019ai r\u00e9cemment navigu\u00e9 dans le monde envi\u00e9 de Stevano <a href=\"https:\/\/www.mobilier-design-occasion.fr\/magazine\/table-tulipe-knoll-indemodable-du-design\/\">Design<\/a> et, croyez-le ou non, cela m\u2019a ouvert les yeux sur l\u2019exp\u00e9rience utilisateur et les avis Google. J\u2019ai d\u00e9couvert des choses qui m\u2019ont laiss\u00e9 perplexe, mais c\u2019est ce qui fait tout le sel de l\u2019aventure, non ? Alors, attendez-vous \u00e0 un petit tour d\u2019horizon sans chichi, avec mes impressions, mes doutes, et des petits conseils pour ne pas s\u2019y perdre.<\/p>\n<h2><span class=\"ez-toc-section\" id=\"Un_apercu_de_ma_decouverte\"><\/span>Un aper\u00e7u de ma d\u00e9couverte<span class=\"ez-toc-section-end\"><\/span><\/h2><div id=\"ez-toc-container\" class=\"ez-toc-v2_0_82_2 counter-hierarchy ez-toc-counter ez-toc-grey ez-toc-container-direction\">\n<div class=\"ez-toc-title-container\">\n<span class=\"ez-toc-title-toggle\"><a href=\"#\" class=\"ez-toc-pull-right ez-toc-btn ez-toc-btn-xs ez-toc-btn-default ez-toc-toggle\" aria-label=\"Toggle Table of Content\"><span class=\"ez-toc-js-icon-con\"><span class=\"\"><span class=\"eztoc-hide\" style=\"display:none;\">Toggle<\/span><span class=\"ez-toc-icon-toggle-span\"><svg style=\"fill: #999;color:#999\" xmlns=\"http:\/\/www.w3.org\/2000\/svg\" class=\"list-377408\" width=\"20px\" height=\"20px\" viewBox=\"0 0 24 24\" fill=\"none\"><path d=\"M6 6H4v2h2V6zm14 0H8v2h12V6zM4 11h2v2H4v-2zm16 0H8v2h12v-2zM4 16h2v2H4v-2zm16 0H8v2h12v-2z\" fill=\"currentColor\"><\/path><\/svg><svg style=\"fill: #999;color:#999\" class=\"arrow-unsorted-368013\" xmlns=\"http:\/\/www.w3.org\/2000\/svg\" width=\"10px\" height=\"10px\" viewBox=\"0 0 24 24\" version=\"1.2\" baseProfile=\"tiny\"><path d=\"M18.2 9.3l-6.2-6.3-6.2 6.3c-.2.2-.3.4-.3.7s.1.5.3.7c.2.2.4.3.7.3h11c.3 0 .5-.1.7-.3.2-.2.3-.5.3-.7s-.1-.5-.3-.7zM5.8 14.7l6.2 6.3 6.2-6.3c.2-.2.3-.5.3-.7s-.1-.5-.3-.7c-.2-.2-.4-.3-.7-.3h-11c-.3 0-.5.1-.7.3-.2.2-.3.5-.3.7s.1.5.3.7z\"\/><\/svg><\/span><\/span><\/span><\/a><\/span><\/div>\n<nav><ul class='ez-toc-list ez-toc-list-level-1 eztoc-toggle-hide-by-default' ><li class='ez-toc-page-1 ez-toc-heading-level-2'><a class=\"ez-toc-link ez-toc-heading-1\" href=\"https:\/\/www.mobilier-design-occasion.fr\/magazine\/stevano-design-un-apercu-des-avis-google-et-de-lexperience-utilisateur\/#Un_apercu_de_ma_decouverte\" >Un aper\u00e7u de ma d\u00e9couverte<\/a><ul class='ez-toc-list-level-3' ><li class='ez-toc-heading-level-3'><a class=\"ez-toc-link ez-toc-heading-2\" href=\"https:\/\/www.mobilier-design-occasion.fr\/magazine\/stevano-design-un-apercu-des-avis-google-et-de-lexperience-utilisateur\/#Les_avis_Google_un_vrai_casse-tete\" >Les avis Google : un vrai casse-t\u00eate ?<\/a><\/li><\/ul><\/li><li class='ez-toc-page-1 ez-toc-heading-level-2'><a class=\"ez-toc-link ez-toc-heading-3\" href=\"https:\/\/www.mobilier-design-occasion.fr\/magazine\/stevano-design-un-apercu-des-avis-google-et-de-lexperience-utilisateur\/#Les_petits_details_qui_font_la_difference\" >Les petits d\u00e9tails qui font la diff\u00e9rence<\/a><\/li><li class='ez-toc-page-1 ez-toc-heading-level-2'><a class=\"ez-toc-link ez-toc-heading-4\" href=\"https:\/\/www.mobilier-design-occasion.fr\/magazine\/stevano-design-un-apercu-des-avis-google-et-de-lexperience-utilisateur\/#Remise_en_question_des_cliches\" >Remise en question des clich\u00e9s<\/a><\/li><li class='ez-toc-page-1 ez-toc-heading-level-2'><a class=\"ez-toc-link ez-toc-heading-5\" href=\"https:\/\/www.mobilier-design-occasion.fr\/magazine\/stevano-design-un-apercu-des-avis-google-et-de-lexperience-utilisateur\/#Impact_sur_les_acheteurs_potentiels\" >Impact sur les acheteurs potentiels<\/a><\/li><\/ul><\/nav><\/div>\n\n<p>Tout a commenc\u00e9 quand un ami architecte m\u2019a parl\u00e9 de Stevano Design pour la premi\u00e8re fois. Il en parlait comme d\u2019une <a href=\"https:\/\/www.mobilier-design-occasion.fr\/magazine\/5-marques-de-design-intemporel-que-vous-devez-absolument-connaitre\/\">marque<\/a> de cr\u00e9ateurs, un peu dans le vent, mais qui semblait promettre une touche d\u2019originalit\u00e9. Je me suis dit : \u00ab Pourquoi pas? \u00bb. \u00c0 grand renfort de clics, me voil\u00e0 sur leurs r\u00e9seaux. J\u2019ai eu un vrai coup de c\u0153ur pour leurs cr\u00e9ations, \u00e0 la fois audacieuses et \u00e9l\u00e9gantes. Mais comme souvent dans le monde num\u00e9rique, je me suis plong\u00e9 dans les avis des utilisateurs.<\/p>\n<h3><span class=\"ez-toc-section\" id=\"Les_avis_Google_un_vrai_casse-tete\"><\/span>Les avis Google : un vrai casse-t\u00eate ?<span class=\"ez-toc-section-end\"><\/span><\/h3>\n<p>J\u2019ai pris quelques notes sur ce que j\u2019ai trouv\u00e9 des avis Google. Voici un petit tableau qui r\u00e9sume mes premi\u00e8res impressions :<\/p>\n<table>\n<tbody>\n<tr>\n<td><strong>\u00c9toiles<\/strong><\/td>\n<td><strong>Pourcentage<\/strong><\/td>\n<td><strong>Commentaire typique<\/strong><\/td>\n<\/tr>\n<tr>\n<td>5<\/td>\n<td>60%<\/td>\n<td>&#8220;Qualit\u00e9 exceptionnelle, je recommande vivement!&#8221;<\/td>\n<\/tr>\n<tr>\n<td>4<\/td>\n<td>20%<\/td>\n<td>&#8220;Tr\u00e8s bon service, mais un peu cher \u00e0 mon go\u00fbt.&#8221;<\/td>\n<\/tr>\n<tr>\n<td>3<\/td>\n<td>10%<\/td>\n<td>&#8220;Pas mal, mais j\u2019en attendais peut-\u00eatre trop.&#8221;<\/td>\n<\/tr>\n<tr>\n<td>2<\/td>\n<td>5%<\/td>\n<td>&#8220;D\u00e9lais un peu longs, je suis un peu d\u00e9\u00e7u.&#8221;<\/td>\n<\/tr>\n<tr>\n<td>1<\/td>\n<td>5%<\/td>\n<td>&#8220;Le produit ne correspondait pas \u00e0 la description.&#8221;<\/td>\n<\/tr>\n<\/tbody>\n<\/table>\n<p><strong>Interesting, isn\u2019t it?<\/strong> La majorit\u00e9 semble satisfaite, mais il y a toujours ce petit 5 % qui veut faire des vagues.<\/p>\n<p><strong>Ce que j&#8217;ai aim\u00e9 (et ce qui m\u2019a fait grimacer)<\/strong><\/p>\n<p><strong>Ce que j\u2019ai aim\u00e9<\/strong><br \/>\n&#8211; L\u2019originalit\u00e9, vraiment, la plupart des pi\u00e8ces sont uniques.<br \/>\n&#8211; La qualit\u00e9 des mat\u00e9riaux semble au rendez-vous.<br \/>\n&#8211; Le service client, quand on les contacte, ils sont r\u00e9actifs. \u00c7a, j\u2019appr\u00e9cie !<\/p>\n<p><strong>Ce qui m\u2019a fait grimacer<\/strong><br \/>\n&#8211; Les d\u00e9lais de livraison peuvent \u00eatre\u2026 comment dire\u2026 farfelus. J\u2019attendais mon dernier achat depuis une \u00e9ternit\u00e9.<br \/>\n&#8211; Un produit qui n\u2019\u00e9tait pas exactement comme sur les photos. \u00c7a m\u2019a un peu refroidi, je l\u2019avoue.<\/p>\n<p><strong>Mes astuces pour \u00e9viter les faux pas<\/strong><\/p>\n<p>Voici quelques br\u00e8ves anecdotes qui m&#8217;ont aid\u00e9, peut-\u00eatre qu\u2019elles aideront d\u2019autres :<\/p>\n<p>&#8211; <strong>V\u00e9rifiez les dimensions<\/strong> ! J\u2019ai souvent choisi des pi\u00e8ces parce qu\u2019elles avaient l\u2019air merveilleuses, mais en r\u00e9alit\u00e9, elles ne s\u2019int\u00e9graient pas du tout chez moi. Mes amis appellent ce ph\u00e9nom\u00e8ne \u201cle syndrome du <a href=\"https:\/\/www.mobilier-design-occasion.fr\/magazine\/comment-entretenir-son-mobilier-design-au-quotidien-top-astuces\/\">meuble<\/a> qui prend trop de place\u201d.<\/p>\n<p>&#8211; <strong>Ne n\u00e9gligez pas les avis neutres.<\/strong>\u00a0Ce sont souvent les plus r\u00e9v\u00e9lateurs. Pourquoi un produit a gagn\u00e9 que trois \u00e9toiles ? Parfois, c\u2019est juste une question d\u2019attente.<\/p>\n<p><strong>&#8211; Faites attention aux petits d\u00e9tails<\/strong>: Une touche de <a href=\"https:\/\/www.mobilier-design-occasion.fr\/magazine\/les-tendances-mobilier-et-decoration-pour-2025-quel-style-adopter-pour-votre-maison\/\">couleur<\/a> peut totalement changer un espace, mais faites un test avec des \u00e9chantillons avant d\u2019acheter en grande quantit\u00e9. J\u2019ai appris \u00e0 mes d\u00e9pens.<\/p>\n<p><strong>Et vous, qu\u2019en pensez-vous ?<\/strong><\/p>\n<p>J\u2019aimerais bien savoir si certains d\u2019entre vous ont eu des exp\u00e9riences similaires avec Stevano Design ou d&#8217;autres marques. Est-ce que vous avez eu des surprises, des d\u00e9ceptions ou des d\u00e9couvertes \u00e9tonnantes ? D\u00e9couvrez-vous des petites astuces que j\u2019aurais rat\u00e9es ? Allez-y, partagez vos histoires, je suis tout ou\u00efe !<\/p>\n<hr \/>\n<div style=\"overflow-x: auto; white-space: nowrap; -webkit-overflow-scrolling: touch;\"><img decoding=\"async\" style=\"width: 100%; max-width: 300px; display: inline-block; margin-right: 10px; border-radius: 8px;\" src=\"https:\/\/pixabay.com\/get\/gbe9efef6b329d315f5ba9f22bded981a2ddec7996debf10ff8c93a1c8bf0a6878af96e5e3a548324eb60c038644b142971d8a26e556179ce6729e092f1805372_1280.jpg\" \/><img decoding=\"async\" style=\"width: 100%; max-width: 300px; display: inline-block; margin-right: 10px; border-radius: 8px;\" src=\"https:\/\/pixabay.com\/get\/g203ee169339a5e55a5f52aedd5ae23ae85e1254b97e018b7df72c0602ef0193483ddcba8b1c374eb9957dd34ed80efbbc4d61f238263a73e8af7c5d8c1735f5d_1280.jpg\" \/><img decoding=\"async\" style=\"width: 100%; max-width: 300px; display: inline-block; margin-right: 10px; border-radius: 8px;\" src=\"https:\/\/pixabay.com\/get\/gee8a5b700939851f5d63b8d3b8ae1b0a53218aad955ceeba6107675a1f01b6bf616e15e28b0c58335c1341a92fb5ba2884c144aa0f951cec6f02304fced58961_1280.jpg\" \/><\/div>\n<hr \/>\n<p>Il y a quelques mois, j&#8217;ai d\u00e9cid\u00e9 de red\u00e9couvrir le <a href=\"https:\/\/www.mobilier-design-occasion.fr\/magazine\/test-avis-sur-la-redoute-interieurs-am-pm\/\">mobilier<\/a> design, et c\u2019est l\u00e0 que j\u2019ai crois\u00e9 le chemin de Stefano Design. En lisant diff\u00e9rents avis sur Google, j\u2019\u00e9tais partag\u00e9. D\u2019un c\u00f4t\u00e9, il y avait des \u00e9loges sur la qualit\u00e9, et de l\u2019autre, des critiques acerbes sur le service client. Moi qui pensais que choisir un meuble en ligne serait un jeu d\u2019enfant, j\u2019ai vite r\u00e9alis\u00e9 que l\u2019exp\u00e9rience \u00e9tait tout sauf anodine.<\/p>\n<h2><span class=\"ez-toc-section\" id=\"Les_petits_details_qui_font_la_difference\"><\/span>Les petits d\u00e9tails qui font la diff\u00e9rence<span class=\"ez-toc-section-end\"><\/span><\/h2>\n<p>En passant ma commande, je me souviens avoir \u00e9t\u00e9 impressionn\u00e9 par la finesse des mat\u00e9riaux. J&#8217;ai re\u00e7u un <a href=\"https:\/\/www.mobilier-design-occasion.fr\/magazine\/test-avis-sur-poltronesofa\/\">fauteuil<\/a> qui semblait tout droit sorti d&#8217;un magazine de d\u00e9co. Sauf que, vous savez, la beaut\u00e9 peut parfois masquer des d\u00e9fauts. Par exemple, lors de mon premier essai de montage, j&#8217;ai remarqu\u00e9 que certaines vis \u00e9taient trop courtes. Un <a href=\"https:\/\/www.mobilier-design-occasion.fr\/magazine\/le-petit-lexique-du-mobilier-design\/\">d\u00e9tail<\/a> qui, pourtant, aurait pu rendre la phase d\u2019assemblage fluide. Apr\u00e8s quelques gal\u00e8res \u00e0 essayer de trouver des vis compatibles, j&#8217;ai compris une chose : toujours avoir une petite trousse \u00e0 outils pr\u00eate quand on ach\u00e8te du mobilier \u00e0 assembler soi-m\u00eame.<\/p>\n<h2><span class=\"ez-toc-section\" id=\"Remise_en_question_des_cliches\"><\/span>Remise en question des clich\u00e9s<span class=\"ez-toc-section-end\"><\/span><\/h2>\n<p>Mais parlons un peu des id\u00e9es re\u00e7ues. Au d\u00e9part, j\u2019avais cette vision st\u00e9r\u00e9otyp\u00e9e que le <a href=\"https:\/\/www.mobilier-design-occasion.fr\/magazine\/nos-idees-pour-amenager-votre-terrasse-avec-fermob\/\">mobilier design<\/a> est toujours de qualit\u00e9 irr\u00e9prochable, et surtout, qu\u2019il est fait pour durer. Pourtant, l\u2019exp\u00e9rience avec Stefano Design m\u2019a prouv\u00e9 le contraire. Il y a souvent cette impression que d\u00e9penser plus pour un meuble haut de gamme signifie qu\u2019on n\u2019aura pas d\u2019emmerdes. Cela dit, j&#8217;ai d\u00e9couvert que la r\u00e9putation de la marque, m\u00eame si elle est solide, ne garantit pas exempt de surprises. Franchement, j&#8217;\u00e9tais convaincu que c&#8217;\u00e9tait un investissement \u00e0 long terme, mais au final, j&#8217;ai d\u00fb m&#8217;adapter et apprendre \u00e0 entretenir mes meubles diff\u00e9remment.<\/p>\n<h2><span class=\"ez-toc-section\" id=\"Impact_sur_les_acheteurs_potentiels\"><\/span>Impact sur les acheteurs potentiels<span class=\"ez-toc-section-end\"><\/span><\/h2>\n<p>Pour ceux parmi vous qui \u00eates d\u00e9butants dans le monde du mobilier design ou m\u00eame des familles cherchant \u00e0 meubler leur maison, voici un petit conseil : ne vous laissez pas berner par une image parfaite. Dans l\u2019univers du mobilier, il faut s\u2019attendre \u00e0 quelques frustrations. Et c\u2019est particuli\u00e8rement vrai pour ceux qui jonglent entre le travail et la vie de famille. On a souvent la tentation d\u2019acheter sur un coup de t\u00eate, attir\u00e9 par une promo ou une belle photo sur Instagram. Ce que je conseille, c\u2019est de prendre du recul et de lire vraiment les avis, comme ceux que j&#8217;ai consult\u00e9s. \u00c7a permet de mieux cerner les attentes r\u00e9elles et les petits al\u00e9as qui peuvent survenir. Si vous \u00eates parent, il faut aussi anticiper l\u2019usure que les enfants peuvent infliger \u00e0 vos meubles \u2014 un <a href=\"https:\/\/www.mobilier-design-occasion.fr\/magazine\/test-avis-sur-deco-in-paris\/\">canap\u00e9<\/a> <a href=\"https:\/\/www.mobilier-design-occasion.fr\/magazine\/reinventez-votre-espace-avec-lelegance-du-blanc-et-la-puissance-du-bois-naturel\/\">blanc<\/a>, par exemple, est beau sur le catalogue, mais la r\u00e9alit\u00e9 est souvent&#8230; moins reluisante.<\/p>\n<p>En somme, mon exp\u00e9rience avec Stefano Design m\u2019a appris qu&#8217;il y a toujours des d\u00e9fis \u00e0 surmonter, m\u00eame dans le monde du design. Les gal\u00e8res de montage, les attentes d\u00e9\u00e7ues, et les le\u00e7ons sur l\u2019entretien du mobilier sont autant de r\u00e9flexions \u00e0 garder en t\u00eate quand on se lance dans l\u2019achat de mobilier.<\/p>\n","protected":false},"excerpt":{"rendered":"<p>J\u2019ai r\u00e9cemment navigu\u00e9 dans le monde envi\u00e9 de Stevano Design et, croyez-le ou non, cela m\u2019a ouvert les yeux sur l\u2019exp\u00e9rience utilisateur et les avis Google. J\u2019ai d\u00e9couvert des choses qui m\u2019ont laiss\u00e9 perplexe, mais c\u2019est ce qui fait tout le sel de l\u2019aventure, non ? Alors, attendez-vous \u00e0 un petit tour d\u2019horizon sans chichi, [&hellip;]<\/p>\n","protected":false},"author":8,"featured_media":8272,"comment_status":"open","ping_status":"open","sticky":false,"template":"","format":"standard","meta":{"footnotes":""},"categories":[8],"tags":[],"class_list":["post-8273","post","type-post","status-publish","format-standard","has-post-thumbnail","hentry","category-avis"],"yoast_head":"<!-- This site is optimized with the Yoast SEO plugin v27.5 - https:\/\/yoast.com\/product\/yoast-seo-wordpress\/ -->\n<title>Stevano design : un aper\u00e7u des avis google et de l&#039;exp\u00e9rience utilisateur - Mobilier Design Magazine<\/title>\n<meta name=\"robots\" content=\"index, follow, max-snippet:-1, max-image-preview:large, max-video-preview:-1\" \/>\n<link rel=\"canonical\" href=\"https:\/\/www.mobilier-design-occasion.fr\/magazine\/stevano-design-un-apercu-des-avis-google-et-de-lexperience-utilisateur\/\" \/>\n<meta property=\"og:locale\" content=\"fr_FR\" \/>\n<meta property=\"og:type\" content=\"article\" \/>\n<meta property=\"og:title\" content=\"Stevano design : un aper\u00e7u des avis google et de l&#039;exp\u00e9rience utilisateur - Mobilier Design Magazine\" \/>\n<meta property=\"og:description\" content=\"J\u2019ai r\u00e9cemment navigu\u00e9 dans le monde envi\u00e9 de Stevano Design et, croyez-le ou non, cela m\u2019a ouvert les yeux sur l\u2019exp\u00e9rience utilisateur et les avis Google. J\u2019ai d\u00e9couvert des choses qui m\u2019ont laiss\u00e9 perplexe, mais c\u2019est ce qui fait tout le sel de l\u2019aventure, non ? Alors, attendez-vous \u00e0 un petit tour d\u2019horizon sans chichi, [&hellip;]\" \/>\n<meta property=\"og:url\" content=\"https:\/\/www.mobilier-design-occasion.fr\/magazine\/stevano-design-un-apercu-des-avis-google-et-de-lexperience-utilisateur\/\" \/>\n<meta property=\"og:site_name\" content=\"Mobilier Design Magazine\" \/>\n<meta property=\"article:publisher\" content=\"https:\/\/www.facebook.com\/mobilierdesignoccasion\" \/>\n<meta property=\"article:published_time\" content=\"2025-06-04T17:59:21+00:00\" \/>\n<meta property=\"article:modified_time\" content=\"2025-06-04T18:02:19+00:00\" \/>\n<meta property=\"og:image\" content=\"https:\/\/www.mobilier-design-occasion.fr\/magazine\/wp-content\/uploads\/2025\/06\/data.png\" \/>\n\t<meta property=\"og:image:width\" content=\"1024\" \/>\n\t<meta property=\"og:image:height\" content=\"1024\" \/>\n\t<meta property=\"og:image:type\" content=\"image\/png\" \/>\n<meta name=\"author\" content=\"Vincent\" \/>\n<meta name=\"twitter:card\" content=\"summary_large_image\" \/>\n<meta name=\"twitter:label1\" content=\"\u00c9crit par\" \/>\n\t<meta name=\"twitter:data1\" content=\"Vincent\" \/>\n\t<meta name=\"twitter:label2\" content=\"Dur\u00e9e de lecture estim\u00e9e\" \/>\n\t<meta name=\"twitter:data2\" content=\"6 minutes\" \/>\n<script type=\"application\/ld+json\" class=\"yoast-schema-graph\">{\"@context\":\"https:\\\/\\\/schema.org\",\"@graph\":[{\"@type\":\"Article\",\"@id\":\"https:\\\/\\\/www.mobilier-design-occasion.fr\\\/magazine\\\/stevano-design-un-apercu-des-avis-google-et-de-lexperience-utilisateur\\\/#article\",\"isPartOf\":{\"@id\":\"https:\\\/\\\/www.mobilier-design-occasion.fr\\\/magazine\\\/stevano-design-un-apercu-des-avis-google-et-de-lexperience-utilisateur\\\/\"},\"author\":{\"name\":\"Vincent\",\"@id\":\"https:\\\/\\\/www.mobilier-design-occasion.fr\\\/magazine\\\/#\\\/schema\\\/person\\\/5fabf814365354b233f79540ae97b514\"},\"headline\":\"Stevano design : un aper\u00e7u des avis google et de l&#8217;exp\u00e9rience utilisateur\",\"datePublished\":\"2025-06-04T17:59:21+00:00\",\"dateModified\":\"2025-06-04T18:02:19+00:00\",\"mainEntityOfPage\":{\"@id\":\"https:\\\/\\\/www.mobilier-design-occasion.fr\\\/magazine\\\/stevano-design-un-apercu-des-avis-google-et-de-lexperience-utilisateur\\\/\"},\"wordCount\":1159,\"commentCount\":0,\"publisher\":{\"@id\":\"https:\\\/\\\/www.mobilier-design-occasion.fr\\\/magazine\\\/#organization\"},\"image\":{\"@id\":\"https:\\\/\\\/www.mobilier-design-occasion.fr\\\/magazine\\\/stevano-design-un-apercu-des-avis-google-et-de-lexperience-utilisateur\\\/#primaryimage\"},\"thumbnailUrl\":\"https:\\\/\\\/www.mobilier-design-occasion.fr\\\/magazine\\\/wp-content\\\/uploads\\\/2025\\\/06\\\/data.png\",\"articleSection\":[\"Avis marques d\u00e9co\"],\"inLanguage\":\"fr-FR\",\"potentialAction\":[{\"@type\":\"CommentAction\",\"name\":\"Comment\",\"target\":[\"https:\\\/\\\/www.mobilier-design-occasion.fr\\\/magazine\\\/stevano-design-un-apercu-des-avis-google-et-de-lexperience-utilisateur\\\/#respond\"]}]},{\"@type\":\"WebPage\",\"@id\":\"https:\\\/\\\/www.mobilier-design-occasion.fr\\\/magazine\\\/stevano-design-un-apercu-des-avis-google-et-de-lexperience-utilisateur\\\/\",\"url\":\"https:\\\/\\\/www.mobilier-design-occasion.fr\\\/magazine\\\/stevano-design-un-apercu-des-avis-google-et-de-lexperience-utilisateur\\\/\",\"name\":\"Stevano design : un aper\u00e7u des avis google et de l'exp\u00e9rience utilisateur - Mobilier Design Magazine\",\"isPartOf\":{\"@id\":\"https:\\\/\\\/www.mobilier-design-occasion.fr\\\/magazine\\\/#website\"},\"primaryImageOfPage\":{\"@id\":\"https:\\\/\\\/www.mobilier-design-occasion.fr\\\/magazine\\\/stevano-design-un-apercu-des-avis-google-et-de-lexperience-utilisateur\\\/#primaryimage\"},\"image\":{\"@id\":\"https:\\\/\\\/www.mobilier-design-occasion.fr\\\/magazine\\\/stevano-design-un-apercu-des-avis-google-et-de-lexperience-utilisateur\\\/#primaryimage\"},\"thumbnailUrl\":\"https:\\\/\\\/www.mobilier-design-occasion.fr\\\/magazine\\\/wp-content\\\/uploads\\\/2025\\\/06\\\/data.png\",\"datePublished\":\"2025-06-04T17:59:21+00:00\",\"dateModified\":\"2025-06-04T18:02:19+00:00\",\"breadcrumb\":{\"@id\":\"https:\\\/\\\/www.mobilier-design-occasion.fr\\\/magazine\\\/stevano-design-un-apercu-des-avis-google-et-de-lexperience-utilisateur\\\/#breadcrumb\"},\"inLanguage\":\"fr-FR\",\"potentialAction\":[{\"@type\":\"ReadAction\",\"target\":[\"https:\\\/\\\/www.mobilier-design-occasion.fr\\\/magazine\\\/stevano-design-un-apercu-des-avis-google-et-de-lexperience-utilisateur\\\/\"]}]},{\"@type\":\"ImageObject\",\"inLanguage\":\"fr-FR\",\"@id\":\"https:\\\/\\\/www.mobilier-design-occasion.fr\\\/magazine\\\/stevano-design-un-apercu-des-avis-google-et-de-lexperience-utilisateur\\\/#primaryimage\",\"url\":\"https:\\\/\\\/www.mobilier-design-occasion.fr\\\/magazine\\\/wp-content\\\/uploads\\\/2025\\\/06\\\/data.png\",\"contentUrl\":\"https:\\\/\\\/www.mobilier-design-occasion.fr\\\/magazine\\\/wp-content\\\/uploads\\\/2025\\\/06\\\/data.png\",\"width\":1024,\"height\":1024},{\"@type\":\"BreadcrumbList\",\"@id\":\"https:\\\/\\\/www.mobilier-design-occasion.fr\\\/magazine\\\/stevano-design-un-apercu-des-avis-google-et-de-lexperience-utilisateur\\\/#breadcrumb\",\"itemListElement\":[{\"@type\":\"ListItem\",\"position\":1,\"name\":\"Accueil\",\"item\":\"https:\\\/\\\/www.mobilier-design-occasion.fr\\\/magazine\\\/\"},{\"@type\":\"ListItem\",\"position\":2,\"name\":\"Stevano design : un aper\u00e7u des avis google et de l&#8217;exp\u00e9rience utilisateur\"}]},{\"@type\":\"WebSite\",\"@id\":\"https:\\\/\\\/www.mobilier-design-occasion.fr\\\/magazine\\\/#website\",\"url\":\"https:\\\/\\\/www.mobilier-design-occasion.fr\\\/magazine\\\/\",\"name\":\"Mobilier Design Magazine\",\"description\":\"\",\"publisher\":{\"@id\":\"https:\\\/\\\/www.mobilier-design-occasion.fr\\\/magazine\\\/#organization\"},\"potentialAction\":[{\"@type\":\"SearchAction\",\"target\":{\"@type\":\"EntryPoint\",\"urlTemplate\":\"https:\\\/\\\/www.mobilier-design-occasion.fr\\\/magazine\\\/?s={search_term_string}\"},\"query-input\":{\"@type\":\"PropertyValueSpecification\",\"valueRequired\":true,\"valueName\":\"search_term_string\"}}],\"inLanguage\":\"fr-FR\"},{\"@type\":\"Organization\",\"@id\":\"https:\\\/\\\/www.mobilier-design-occasion.fr\\\/magazine\\\/#organization\",\"name\":\"Mobilier Design Magazine\",\"url\":\"https:\\\/\\\/www.mobilier-design-occasion.fr\\\/magazine\\\/\",\"logo\":{\"@type\":\"ImageObject\",\"inLanguage\":\"fr-FR\",\"@id\":\"https:\\\/\\\/www.mobilier-design-occasion.fr\\\/magazine\\\/#\\\/schema\\\/logo\\\/image\\\/\",\"url\":\"https:\\\/\\\/www.mobilier-design-occasion.fr\\\/magazine\\\/wp-content\\\/uploads\\\/2024\\\/02\\\/android-chrome-192x192-1.png\",\"contentUrl\":\"https:\\\/\\\/www.mobilier-design-occasion.fr\\\/magazine\\\/wp-content\\\/uploads\\\/2024\\\/02\\\/android-chrome-192x192-1.png\",\"width\":192,\"height\":192,\"caption\":\"Mobilier Design Magazine\"},\"image\":{\"@id\":\"https:\\\/\\\/www.mobilier-design-occasion.fr\\\/magazine\\\/#\\\/schema\\\/logo\\\/image\\\/\"},\"sameAs\":[\"https:\\\/\\\/www.facebook.com\\\/mobilierdesignoccasion\"]},{\"@type\":\"Person\",\"@id\":\"https:\\\/\\\/www.mobilier-design-occasion.fr\\\/magazine\\\/#\\\/schema\\\/person\\\/5fabf814365354b233f79540ae97b514\",\"name\":\"Vincent\",\"image\":{\"@type\":\"ImageObject\",\"inLanguage\":\"fr-FR\",\"@id\":\"https:\\\/\\\/secure.gravatar.com\\\/avatar\\\/18cb708a7d5219d5e909f516ff9f98bf9245615d470373b7cd116121c835448d?s=96&d=mm&r=g\",\"url\":\"https:\\\/\\\/secure.gravatar.com\\\/avatar\\\/18cb708a7d5219d5e909f516ff9f98bf9245615d470373b7cd116121c835448d?s=96&d=mm&r=g\",\"contentUrl\":\"https:\\\/\\\/secure.gravatar.com\\\/avatar\\\/18cb708a7d5219d5e909f516ff9f98bf9245615d470373b7cd116121c835448d?s=96&d=mm&r=g\",\"caption\":\"Vincent\"},\"url\":\"https:\\\/\\\/www.mobilier-design-occasion.fr\\\/magazine\\\/author\\\/n8n\\\/\"}]}<\/script>\n<!-- \/ Yoast SEO plugin. -->","yoast_head_json":{"title":"Stevano design : un aper\u00e7u des avis google et de l'exp\u00e9rience utilisateur - Mobilier Design Magazine","robots":{"index":"index","follow":"follow","max-snippet":"max-snippet:-1","max-image-preview":"max-image-preview:large","max-video-preview":"max-video-preview:-1"},"canonical":"https:\/\/www.mobilier-design-occasion.fr\/magazine\/stevano-design-un-apercu-des-avis-google-et-de-lexperience-utilisateur\/","og_locale":"fr_FR","og_type":"article","og_title":"Stevano design : un aper\u00e7u des avis google et de l'exp\u00e9rience utilisateur - Mobilier Design Magazine","og_description":"J\u2019ai r\u00e9cemment navigu\u00e9 dans le monde envi\u00e9 de Stevano Design et, croyez-le ou non, cela m\u2019a ouvert les yeux sur l\u2019exp\u00e9rience utilisateur et les avis Google. J\u2019ai d\u00e9couvert des choses qui m\u2019ont laiss\u00e9 perplexe, mais c\u2019est ce qui fait tout le sel de l\u2019aventure, non ? Alors, attendez-vous \u00e0 un petit tour d\u2019horizon sans chichi, [&hellip;]","og_url":"https:\/\/www.mobilier-design-occasion.fr\/magazine\/stevano-design-un-apercu-des-avis-google-et-de-lexperience-utilisateur\/","og_site_name":"Mobilier Design Magazine","article_publisher":"https:\/\/www.facebook.com\/mobilierdesignoccasion","article_published_time":"2025-06-04T17:59:21+00:00","article_modified_time":"2025-06-04T18:02:19+00:00","og_image":[{"width":1024,"height":1024,"url":"https:\/\/www.mobilier-design-occasion.fr\/magazine\/wp-content\/uploads\/2025\/06\/data.png","type":"image\/png"}],"author":"Vincent","twitter_card":"summary_large_image","twitter_misc":{"\u00c9crit par":"Vincent","Dur\u00e9e de lecture estim\u00e9e":"6 minutes"},"schema":{"@context":"https:\/\/schema.org","@graph":[{"@type":"Article","@id":"https:\/\/www.mobilier-design-occasion.fr\/magazine\/stevano-design-un-apercu-des-avis-google-et-de-lexperience-utilisateur\/#article","isPartOf":{"@id":"https:\/\/www.mobilier-design-occasion.fr\/magazine\/stevano-design-un-apercu-des-avis-google-et-de-lexperience-utilisateur\/"},"author":{"name":"Vincent","@id":"https:\/\/www.mobilier-design-occasion.fr\/magazine\/#\/schema\/person\/5fabf814365354b233f79540ae97b514"},"headline":"Stevano design : un aper\u00e7u des avis google et de l&#8217;exp\u00e9rience utilisateur","datePublished":"2025-06-04T17:59:21+00:00","dateModified":"2025-06-04T18:02:19+00:00","mainEntityOfPage":{"@id":"https:\/\/www.mobilier-design-occasion.fr\/magazine\/stevano-design-un-apercu-des-avis-google-et-de-lexperience-utilisateur\/"},"wordCount":1159,"commentCount":0,"publisher":{"@id":"https:\/\/www.mobilier-design-occasion.fr\/magazine\/#organization"},"image":{"@id":"https:\/\/www.mobilier-design-occasion.fr\/magazine\/stevano-design-un-apercu-des-avis-google-et-de-lexperience-utilisateur\/#primaryimage"},"thumbnailUrl":"https:\/\/www.mobilier-design-occasion.fr\/magazine\/wp-content\/uploads\/2025\/06\/data.png","articleSection":["Avis marques d\u00e9co"],"inLanguage":"fr-FR","potentialAction":[{"@type":"CommentAction","name":"Comment","target":["https:\/\/www.mobilier-design-occasion.fr\/magazine\/stevano-design-un-apercu-des-avis-google-et-de-lexperience-utilisateur\/#respond"]}]},{"@type":"WebPage","@id":"https:\/\/www.mobilier-design-occasion.fr\/magazine\/stevano-design-un-apercu-des-avis-google-et-de-lexperience-utilisateur\/","url":"https:\/\/www.mobilier-design-occasion.fr\/magazine\/stevano-design-un-apercu-des-avis-google-et-de-lexperience-utilisateur\/","name":"Stevano design : un aper\u00e7u des avis google et de l'exp\u00e9rience utilisateur - Mobilier Design Magazine","isPartOf":{"@id":"https:\/\/www.mobilier-design-occasion.fr\/magazine\/#website"},"primaryImageOfPage":{"@id":"https:\/\/www.mobilier-design-occasion.fr\/magazine\/stevano-design-un-apercu-des-avis-google-et-de-lexperience-utilisateur\/#primaryimage"},"image":{"@id":"https:\/\/www.mobilier-design-occasion.fr\/magazine\/stevano-design-un-apercu-des-avis-google-et-de-lexperience-utilisateur\/#primaryimage"},"thumbnailUrl":"https:\/\/www.mobilier-design-occasion.fr\/magazine\/wp-content\/uploads\/2025\/06\/data.png","datePublished":"2025-06-04T17:59:21+00:00","dateModified":"2025-06-04T18:02:19+00:00","breadcrumb":{"@id":"https:\/\/www.mobilier-design-occasion.fr\/magazine\/stevano-design-un-apercu-des-avis-google-et-de-lexperience-utilisateur\/#breadcrumb"},"inLanguage":"fr-FR","potentialAction":[{"@type":"ReadAction","target":["https:\/\/www.mobilier-design-occasion.fr\/magazine\/stevano-design-un-apercu-des-avis-google-et-de-lexperience-utilisateur\/"]}]},{"@type":"ImageObject","inLanguage":"fr-FR","@id":"https:\/\/www.mobilier-design-occasion.fr\/magazine\/stevano-design-un-apercu-des-avis-google-et-de-lexperience-utilisateur\/#primaryimage","url":"https:\/\/www.mobilier-design-occasion.fr\/magazine\/wp-content\/uploads\/2025\/06\/data.png","contentUrl":"https:\/\/www.mobilier-design-occasion.fr\/magazine\/wp-content\/uploads\/2025\/06\/data.png","width":1024,"height":1024},{"@type":"BreadcrumbList","@id":"https:\/\/www.mobilier-design-occasion.fr\/magazine\/stevano-design-un-apercu-des-avis-google-et-de-lexperience-utilisateur\/#breadcrumb","itemListElement":[{"@type":"ListItem","position":1,"name":"Accueil","item":"https:\/\/www.mobilier-design-occasion.fr\/magazine\/"},{"@type":"ListItem","position":2,"name":"Stevano design : un aper\u00e7u des avis google et de l&#8217;exp\u00e9rience utilisateur"}]},{"@type":"WebSite","@id":"https:\/\/www.mobilier-design-occasion.fr\/magazine\/#website","url":"https:\/\/www.mobilier-design-occasion.fr\/magazine\/","name":"Mobilier Design Magazine","description":"","publisher":{"@id":"https:\/\/www.mobilier-design-occasion.fr\/magazine\/#organization"},"potentialAction":[{"@type":"SearchAction","target":{"@type":"EntryPoint","urlTemplate":"https:\/\/www.mobilier-design-occasion.fr\/magazine\/?s={search_term_string}"},"query-input":{"@type":"PropertyValueSpecification","valueRequired":true,"valueName":"search_term_string"}}],"inLanguage":"fr-FR"},{"@type":"Organization","@id":"https:\/\/www.mobilier-design-occasion.fr\/magazine\/#organization","name":"Mobilier Design Magazine","url":"https:\/\/www.mobilier-design-occasion.fr\/magazine\/","logo":{"@type":"ImageObject","inLanguage":"fr-FR","@id":"https:\/\/www.mobilier-design-occasion.fr\/magazine\/#\/schema\/logo\/image\/","url":"https:\/\/www.mobilier-design-occasion.fr\/magazine\/wp-content\/uploads\/2024\/02\/android-chrome-192x192-1.png","contentUrl":"https:\/\/www.mobilier-design-occasion.fr\/magazine\/wp-content\/uploads\/2024\/02\/android-chrome-192x192-1.png","width":192,"height":192,"caption":"Mobilier Design Magazine"},"image":{"@id":"https:\/\/www.mobilier-design-occasion.fr\/magazine\/#\/schema\/logo\/image\/"},"sameAs":["https:\/\/www.facebook.com\/mobilierdesignoccasion"]},{"@type":"Person","@id":"https:\/\/www.mobilier-design-occasion.fr\/magazine\/#\/schema\/person\/5fabf814365354b233f79540ae97b514","name":"Vincent","image":{"@type":"ImageObject","inLanguage":"fr-FR","@id":"https:\/\/secure.gravatar.com\/avatar\/18cb708a7d5219d5e909f516ff9f98bf9245615d470373b7cd116121c835448d?s=96&d=mm&r=g","url":"https:\/\/secure.gravatar.com\/avatar\/18cb708a7d5219d5e909f516ff9f98bf9245615d470373b7cd116121c835448d?s=96&d=mm&r=g","contentUrl":"https:\/\/secure.gravatar.com\/avatar\/18cb708a7d5219d5e909f516ff9f98bf9245615d470373b7cd116121c835448d?s=96&d=mm&r=g","caption":"Vincent"},"url":"https:\/\/www.mobilier-design-occasion.fr\/magazine\/author\/n8n\/"}]}},"_links":{"self":[{"href":"https:\/\/www.mobilier-design-occasion.fr\/magazine\/wp-json\/wp\/v2\/posts\/8273","targetHints":{"allow":["GET"]}}],"collection":[{"href":"https:\/\/www.mobilier-design-occasion.fr\/magazine\/wp-json\/wp\/v2\/posts"}],"about":[{"href":"https:\/\/www.mobilier-design-occasion.fr\/magazine\/wp-json\/wp\/v2\/types\/post"}],"author":[{"embeddable":true,"href":"https:\/\/www.mobilier-design-occasion.fr\/magazine\/wp-json\/wp\/v2\/users\/8"}],"replies":[{"embeddable":true,"href":"https:\/\/www.mobilier-design-occasion.fr\/magazine\/wp-json\/wp\/v2\/comments?post=8273"}],"version-history":[{"count":2,"href":"https:\/\/www.mobilier-design-occasion.fr\/magazine\/wp-json\/wp\/v2\/posts\/8273\/revisions"}],"predecessor-version":[{"id":8277,"href":"https:\/\/www.mobilier-design-occasion.fr\/magazine\/wp-json\/wp\/v2\/posts\/8273\/revisions\/8277"}],"wp:featuredmedia":[{"embeddable":true,"href":"https:\/\/www.mobilier-design-occasion.fr\/magazine\/wp-json\/wp\/v2\/media\/8272"}],"wp:attachment":[{"href":"https:\/\/www.mobilier-design-occasion.fr\/magazine\/wp-json\/wp\/v2\/media?parent=8273"}],"wp:term":[{"taxonomy":"category","embeddable":true,"href":"https:\/\/www.mobilier-design-occasion.fr\/magazine\/wp-json\/wp\/v2\/categories?post=8273"},{"taxonomy":"post_tag","embeddable":true,"href":"https:\/\/www.mobilier-design-occasion.fr\/magazine\/wp-json\/wp\/v2\/tags?post=8273"}],"curies":[{"name":"wp","href":"https:\/\/api.w.org\/{rel}","templated":true}]}}