{"id":8221,"date":"2025-05-28T09:28:06","date_gmt":"2025-05-28T09:28:06","guid":{"rendered":"https:\/\/www.mobilier-design-occasion.fr\/magazine\/?p=8221"},"modified":"2025-05-28T09:28:07","modified_gmt":"2025-05-28T09:28:07","slug":"les-canapes-roche-bobois-elegance-et-personnalisation-pour-votre-salon","status":"publish","type":"post","link":"https:\/\/www.mobilier-design-occasion.fr\/magazine\/les-canapes-roche-bobois-elegance-et-personnalisation-pour-votre-salon\/","title":{"rendered":"Les canap\u00e9s Roche Bobois : \u00e9l\u00e9gance et personnalisation pour votre salon"},"content":{"rendered":"\n<p>Lorsqu\u2019il s\u2019agit de choisir un <a href=\"https:\/\/www.mobilier-design-occasion.fr\/magazine\/test-avis-sur-poltronesofa\/\">canap\u00e9<\/a>, la diversit\u00e9 des options disponibles peut rendre le choix complexe. Pourtant, les&nbsp;<strong>canap\u00e9s <a href=\"https:\/\/www.mobilier-design-occasion.fr\/magazine\/collection-margaux-keller-pour-monoprix\/\">Roche Bobois<\/a><\/strong>&nbsp;se d\u00e9marquent par leur <a href=\"https:\/\/www.mobilier-design-occasion.fr\/magazine\/table-tulipe-knoll-indemodable-du-design\/\">design<\/a> innovant et leur capacit\u00e9 \u00e0 transformer n&#8217;importe quel espace de vie en un&nbsp;<strong>point central du <a href=\"https:\/\/www.mobilier-design-occasion.fr\/magazine\/tendances-2024-choisir-les-meubles-parfaits-pour-chaque-piece-de-votre-maison\/\">salon<\/a><\/strong>&nbsp;\u00e9l\u00e9gant et sophistiqu\u00e9. Que vous soyez amateur de cuir ou de tissu, ces&nbsp;<strong>meubles haut de gamme<\/strong>&nbsp;offrent une multitude d\u2019options qui sauront r\u00e9pondre \u00e0 vos attentes.<\/p>\n\n\n\n<figure class=\"wp-block-image size-large\"><img loading=\"lazy\" decoding=\"async\" width=\"1024\" height=\"525\" src=\"https:\/\/www.mobilier-design-occasion.fr\/magazine\/wp-content\/uploads\/2025\/05\/image-3-1024x525.png\" alt=\"\" class=\"wp-image-8222\" srcset=\"https:\/\/www.mobilier-design-occasion.fr\/magazine\/wp-content\/uploads\/2025\/05\/image-3-1024x525.png 1024w, https:\/\/www.mobilier-design-occasion.fr\/magazine\/wp-content\/uploads\/2025\/05\/image-3-300x154.png 300w, https:\/\/www.mobilier-design-occasion.fr\/magazine\/wp-content\/uploads\/2025\/05\/image-3-768x394.png 768w, https:\/\/www.mobilier-design-occasion.fr\/magazine\/wp-content\/uploads\/2025\/05\/image-3-810x415.png 810w, https:\/\/www.mobilier-design-occasion.fr\/magazine\/wp-content\/uploads\/2025\/05\/image-3-1140x584.png 1140w, https:\/\/www.mobilier-design-occasion.fr\/magazine\/wp-content\/uploads\/2025\/05\/image-3.png 1284w\" sizes=\"auto, (max-width: 1024px) 100vw, 1024px\" \/><\/figure>\n\n\n\n<h2 class=\"wp-block-heading\"><span class=\"ez-toc-section\" id=\"Pourquoi_choisir_un_canape_Roche_Bobois_pour_votre_interieur\"><\/span>Pourquoi choisir un canap\u00e9 Roche Bobois pour votre int\u00e9rieur ?<span class=\"ez-toc-section-end\"><\/span><\/h2><div id=\"ez-toc-container\" class=\"ez-toc-v2_0_82_2 counter-hierarchy ez-toc-counter ez-toc-grey ez-toc-container-direction\">\n<div class=\"ez-toc-title-container\">\n<span class=\"ez-toc-title-toggle\"><a href=\"#\" class=\"ez-toc-pull-right ez-toc-btn ez-toc-btn-xs ez-toc-btn-default ez-toc-toggle\" aria-label=\"Toggle Table of Content\"><span class=\"ez-toc-js-icon-con\"><span class=\"\"><span class=\"eztoc-hide\" style=\"display:none;\">Toggle<\/span><span class=\"ez-toc-icon-toggle-span\"><svg style=\"fill: #999;color:#999\" xmlns=\"http:\/\/www.w3.org\/2000\/svg\" class=\"list-377408\" width=\"20px\" height=\"20px\" viewBox=\"0 0 24 24\" fill=\"none\"><path d=\"M6 6H4v2h2V6zm14 0H8v2h12V6zM4 11h2v2H4v-2zm16 0H8v2h12v-2zM4 16h2v2H4v-2zm16 0H8v2h12v-2z\" fill=\"currentColor\"><\/path><\/svg><svg style=\"fill: #999;color:#999\" class=\"arrow-unsorted-368013\" xmlns=\"http:\/\/www.w3.org\/2000\/svg\" width=\"10px\" height=\"10px\" viewBox=\"0 0 24 24\" version=\"1.2\" baseProfile=\"tiny\"><path d=\"M18.2 9.3l-6.2-6.3-6.2 6.3c-.2.2-.3.4-.3.7s.1.5.3.7c.2.2.4.3.7.3h11c.3 0 .5-.1.7-.3.2-.2.3-.5.3-.7s-.1-.5-.3-.7zM5.8 14.7l6.2 6.3 6.2-6.3c.2-.2.3-.5.3-.7s-.1-.5-.3-.7c-.2-.2-.4-.3-.7-.3h-11c-.3 0-.5.1-.7.3-.2.2-.3.5-.3.7s.1.5.3.7z\"\/><\/svg><\/span><\/span><\/span><\/a><\/span><\/div>\n<nav><ul class='ez-toc-list ez-toc-list-level-1 eztoc-toggle-hide-by-default' ><li class='ez-toc-page-1 ez-toc-heading-level-2'><a class=\"ez-toc-link ez-toc-heading-1\" href=\"https:\/\/www.mobilier-design-occasion.fr\/magazine\/les-canapes-roche-bobois-elegance-et-personnalisation-pour-votre-salon\/#Pourquoi_choisir_un_canape_Roche_Bobois_pour_votre_interieur\" >Pourquoi choisir un canap\u00e9 Roche Bobois pour votre int\u00e9rieur ?<\/a><ul class='ez-toc-list-level-3' ><li class='ez-toc-heading-level-3'><a class=\"ez-toc-link ez-toc-heading-2\" href=\"https:\/\/www.mobilier-design-occasion.fr\/magazine\/les-canapes-roche-bobois-elegance-et-personnalisation-pour-votre-salon\/#Lartisanat_et_la_qualite_une_promesse_de_durabilite\" >L&#8217;artisanat et la qualit\u00e9 : une promesse de durabilit\u00e9<\/a><\/li><li class='ez-toc-page-1 ez-toc-heading-level-3'><a class=\"ez-toc-link ez-toc-heading-3\" href=\"https:\/\/www.mobilier-design-occasion.fr\/magazine\/les-canapes-roche-bobois-elegance-et-personnalisation-pour-votre-salon\/#Elegance_et_confort_un_melange_harmonieux\" >\u00c9l\u00e9gance et confort : un m\u00e9lange harmonieux<\/a><\/li><\/ul><\/li><li class='ez-toc-page-1 ez-toc-heading-level-2'><a class=\"ez-toc-link ez-toc-heading-4\" href=\"https:\/\/www.mobilier-design-occasion.fr\/magazine\/les-canapes-roche-bobois-elegance-et-personnalisation-pour-votre-salon\/#Choisir_entre_un_canape_droit_et_un_canape_dangle_%F0%9F%93%90\" >Choisir entre un canap\u00e9 droit et un canap\u00e9 d&#8217;angle \ud83d\udcd0<\/a><ul class='ez-toc-list-level-3' ><li class='ez-toc-heading-level-3'><a class=\"ez-toc-link ez-toc-heading-5\" href=\"https:\/\/www.mobilier-design-occasion.fr\/magazine\/les-canapes-roche-bobois-elegance-et-personnalisation-pour-votre-salon\/#Les_canapes_droits_simplicite_et_sophistication\" >Les canap\u00e9s droits : simplicit\u00e9 et sophistication<\/a><\/li><li class='ez-toc-page-1 ez-toc-heading-level-3'><a class=\"ez-toc-link ez-toc-heading-6\" href=\"https:\/\/www.mobilier-design-occasion.fr\/magazine\/les-canapes-roche-bobois-elegance-et-personnalisation-pour-votre-salon\/#Les_canapes_dangle_maximiser_le_confort_et_lespace\" >Les canap\u00e9s d&#8217;angle : maximiser le confort et l&#8217;espace<\/a><\/li><\/ul><\/li><li class='ez-toc-page-1 ez-toc-heading-level-2'><a class=\"ez-toc-link ez-toc-heading-7\" href=\"https:\/\/www.mobilier-design-occasion.fr\/magazine\/les-canapes-roche-bobois-elegance-et-personnalisation-pour-votre-salon\/#Materiaux_utilises_entre_cuir_et_tissu_%F0%9F%9A%AA\" >Mat\u00e9riaux utilis\u00e9s : entre cuir et tissu \ud83d\udeaa<\/a><ul class='ez-toc-list-level-3' ><li class='ez-toc-heading-level-3'><a class=\"ez-toc-link ez-toc-heading-8\" href=\"https:\/\/www.mobilier-design-occasion.fr\/magazine\/les-canapes-roche-bobois-elegance-et-personnalisation-pour-votre-salon\/#Canapes_en_cuir_luxe_et_resistance\" >Canap\u00e9s en cuir : luxe et r\u00e9sistance<\/a><\/li><li class='ez-toc-page-1 ez-toc-heading-level-3'><a class=\"ez-toc-link ez-toc-heading-9\" href=\"https:\/\/www.mobilier-design-occasion.fr\/magazine\/les-canapes-roche-bobois-elegance-et-personnalisation-pour-votre-salon\/#Canapes_en_tissu_polyvalence_et_confort\" >Canap\u00e9s en tissu : polyvalence et confort<\/a><\/li><li class='ez-toc-page-1 ez-toc-heading-level-3'><a class=\"ez-toc-link ez-toc-heading-10\" href=\"https:\/\/www.mobilier-design-occasion.fr\/magazine\/les-canapes-roche-bobois-elegance-et-personnalisation-pour-votre-salon\/#Comparaison_des_avantages_du_cuir_et_du_tissu\" >Comparaison des avantages du cuir et du tissu<\/a><\/li><\/ul><\/li><li class='ez-toc-page-1 ez-toc-heading-level-2'><a class=\"ez-toc-link ez-toc-heading-11\" href=\"https:\/\/www.mobilier-design-occasion.fr\/magazine\/les-canapes-roche-bobois-elegance-et-personnalisation-pour-votre-salon\/#Vous_cherchez_a_creer_un_point_central_avec_votre_canape_Roche_Bobois_%F0%9F%8E%AF\" >Vous cherchez \u00e0 cr\u00e9er un point central avec votre canap\u00e9 Roche Bobois ? \ud83c\udfaf<\/a><\/li><li class='ez-toc-page-1 ez-toc-heading-level-2'><a class=\"ez-toc-link ez-toc-heading-12\" href=\"https:\/\/www.mobilier-design-occasion.fr\/magazine\/les-canapes-roche-bobois-elegance-et-personnalisation-pour-votre-salon\/#Foire_aux_questions_sur_les_canapes_Roche_Bobois\" >Foire aux questions sur les canap\u00e9s Roche Bobois<\/a><ul class='ez-toc-list-level-3' ><li class='ez-toc-heading-level-3'><a class=\"ez-toc-link ez-toc-heading-13\" href=\"https:\/\/www.mobilier-design-occasion.fr\/magazine\/les-canapes-roche-bobois-elegance-et-personnalisation-pour-votre-salon\/#Quel_type_de_canape_Roche_Bobois_est_le_plus_adapte_a_un_petit_espace\" >Quel type de canap\u00e9 Roche Bobois est le plus adapt\u00e9 \u00e0 un petit espace ?<\/a><\/li><li class='ez-toc-page-1 ez-toc-heading-level-3'><a class=\"ez-toc-link ez-toc-heading-14\" href=\"https:\/\/www.mobilier-design-occasion.fr\/magazine\/les-canapes-roche-bobois-elegance-et-personnalisation-pour-votre-salon\/#Comment_entretenir_un_canape_en_cuir_Roche_Bobois\" >Comment entretenir un canap\u00e9 en cuir Roche Bobois ?<\/a><\/li><li class='ez-toc-page-1 ez-toc-heading-level-3'><a class=\"ez-toc-link ez-toc-heading-15\" href=\"https:\/\/www.mobilier-design-occasion.fr\/magazine\/les-canapes-roche-bobois-elegance-et-personnalisation-pour-votre-salon\/#Le_choix_du_tissu_affecte-t-il_la_durabilite_du_canape_Roche_Bobois\" >Le choix du tissu affecte-t-il la durabilit\u00e9 du canap\u00e9 Roche Bobois ?<\/a><\/li><li class='ez-toc-page-1 ez-toc-heading-level-3'><a class=\"ez-toc-link ez-toc-heading-16\" href=\"https:\/\/www.mobilier-design-occasion.fr\/magazine\/les-canapes-roche-bobois-elegance-et-personnalisation-pour-votre-salon\/#Quels_accessoires_sont_recommandes_pour_sublimer_un_canape_Roche_Bobois\" >Quels accessoires sont recommand\u00e9s pour sublimer un canap\u00e9 Roche Bobois ?<\/a><\/li><\/ul><\/li><\/ul><\/nav><\/div>\n\n\n\n\n<p>Les canap\u00e9s Roche Bobois sont r\u00e9put\u00e9s pour leur <a href=\"https:\/\/www.mobilier-design-occasion.fr\/magazine\/mobilier-vintage-les-styles-les-plus-prises\/\">style<\/a> intemporel et leur&nbsp;<strong>qualit\u00e9 exceptionnelle<\/strong>. La <a href=\"https:\/\/www.mobilier-design-occasion.fr\/magazine\/5-marques-de-design-intemporel-que-vous-devez-absolument-connaitre\/\">marque<\/a> propose une large gamme de&nbsp;<strong>canap\u00e9s droits et d&#8217;angle<\/strong>, chacun \u00e9tant con\u00e7u avec une attention particuli\u00e8re aux d\u00e9tails. Leurs designs vari\u00e9s permettent de trouver facilement une pi\u00e8ce qui s&#8217;harmonise parfaitement avec l&#8217;<a href=\"https:\/\/www.mobilier-design-occasion.fr\/magazine\/le-petit-lexique-du-mobilier-design\/\">esth\u00e9tique<\/a> de votre maison.<\/p>\n\n\n\n<p>L&#8217;un des principaux attraits des canap\u00e9s Roche Bobois r\u00e9side dans leur caract\u00e8re&nbsp;<strong>personnalisable<\/strong>. Peu importe votre style personnel, que vous aimiez les lignes \u00e9pur\u00e9es ou les formes plus audacieuses, vous pouvez ajuster les mat\u00e9riaux, les couleurs et les compositions des canap\u00e9s selon vos pr\u00e9f\u00e9rences. Cette adaptabilit\u00e9 garantit que votre <a href=\"https:\/\/www.mobilier-design-occasion.fr\/magazine\/test-avis-sur-la-redoute-interieurs-am-pm\/\">mobilier<\/a> s&#8217;int\u00e8gre harmonieusement dans votre espace.<\/p>\n\n\n\n<figure class=\"wp-block-image size-large\"><img loading=\"lazy\" decoding=\"async\" width=\"1024\" height=\"706\" src=\"https:\/\/www.mobilier-design-occasion.fr\/magazine\/wp-content\/uploads\/2025\/05\/image-4-1024x706.png\" alt=\"\" class=\"wp-image-8223\" srcset=\"https:\/\/www.mobilier-design-occasion.fr\/magazine\/wp-content\/uploads\/2025\/05\/image-4-1024x706.png 1024w, https:\/\/www.mobilier-design-occasion.fr\/magazine\/wp-content\/uploads\/2025\/05\/image-4-300x207.png 300w, https:\/\/www.mobilier-design-occasion.fr\/magazine\/wp-content\/uploads\/2025\/05\/image-4-768x529.png 768w, https:\/\/www.mobilier-design-occasion.fr\/magazine\/wp-content\/uploads\/2025\/05\/image-4-810x558.png 810w, https:\/\/www.mobilier-design-occasion.fr\/magazine\/wp-content\/uploads\/2025\/05\/image-4-1140x786.png 1140w, https:\/\/www.mobilier-design-occasion.fr\/magazine\/wp-content\/uploads\/2025\/05\/image-4-145x100.png 145w, https:\/\/www.mobilier-design-occasion.fr\/magazine\/wp-content\/uploads\/2025\/05\/image-4.png 1172w\" sizes=\"auto, (max-width: 1024px) 100vw, 1024px\" \/><\/figure>\n\n\n\n<h3 class=\"wp-block-heading\"><span class=\"ez-toc-section\" id=\"Lartisanat_et_la_qualite_une_promesse_de_durabilite\"><\/span>L&#8217;artisanat et la qualit\u00e9 : une promesse de durabilit\u00e9<span class=\"ez-toc-section-end\"><\/span><\/h3>\n\n\n\n<p>Les canap\u00e9s Roche Bobois ne se contentent pas d&#8217;\u00eatre esth\u00e9tiquement plaisants ; ils sont \u00e9galement fabriqu\u00e9s \u00e0 partir de&nbsp;<strong>mat\u00e9riaux de haute qualit\u00e9<\/strong>. Que ce soit avec du cuir luxueux ou des tissus raffin\u00e9s, chaque pi\u00e8ce est con\u00e7ue pour durer des ann\u00e9es tout en conservant son charme et sa fonctionnalit\u00e9.<\/p>\n\n\n\n<p>Le soin apport\u00e9 aux coutures, l&#8217;attention port\u00e9e aux finitions et le savoir-faire <a href=\"https:\/\/www.mobilier-design-occasion.fr\/magazine\/les-materiaux-naturels-dans-la-fabrication-de-meubles-tendances-et-bienfaits\/\">artisanal<\/a> sont autant d&#8217;\u00e9l\u00e9ments qui contribuent \u00e0 la long\u00e9vit\u00e9 de ces&nbsp;<strong>canap\u00e9s exceptionnels<\/strong>. Il n&#8217;est pas surprenant que cette marque soit associ\u00e9e \u00e0 des crit\u00e8res exigeants en mati\u00e8re de meubles haut de gamme.<\/p>\n\n\n\n<figure class=\"wp-block-image size-large\"><img loading=\"lazy\" decoding=\"async\" width=\"1024\" height=\"477\" src=\"https:\/\/www.mobilier-design-occasion.fr\/magazine\/wp-content\/uploads\/2025\/05\/image-5-1024x477.png\" alt=\"\" class=\"wp-image-8224\" srcset=\"https:\/\/www.mobilier-design-occasion.fr\/magazine\/wp-content\/uploads\/2025\/05\/image-5-1024x477.png 1024w, https:\/\/www.mobilier-design-occasion.fr\/magazine\/wp-content\/uploads\/2025\/05\/image-5-300x140.png 300w, https:\/\/www.mobilier-design-occasion.fr\/magazine\/wp-content\/uploads\/2025\/05\/image-5-768x358.png 768w, https:\/\/www.mobilier-design-occasion.fr\/magazine\/wp-content\/uploads\/2025\/05\/image-5-810x377.png 810w, https:\/\/www.mobilier-design-occasion.fr\/magazine\/wp-content\/uploads\/2025\/05\/image-5-1140x531.png 1140w, https:\/\/www.mobilier-design-occasion.fr\/magazine\/wp-content\/uploads\/2025\/05\/image-5.png 1336w\" sizes=\"auto, (max-width: 1024px) 100vw, 1024px\" \/><\/figure>\n\n\n\n<h3 class=\"wp-block-heading\"><span class=\"ez-toc-section\" id=\"Elegance_et_confort_un_melange_harmonieux\"><\/span>\u00c9l\u00e9gance et confort : un m\u00e9lange harmonieux<span class=\"ez-toc-section-end\"><\/span><\/h3>\n\n\n\n<p>Il est souvent difficile de marier design et confort, mais Roche Bobois r\u00e9ussit cet exploit avec brio. Les canap\u00e9s de la marque sont non seulement des pi\u00e8ces ma\u00eetresses impressionnantes dans le salon, mais ils procurent \u00e9galement un&nbsp;<strong>confort in\u00e9gal\u00e9<\/strong>. Le rembourrage de haute densit\u00e9 et les coussins moelleux garantissent que chaque moment pass\u00e9 sur le canap\u00e9 est synonyme de d\u00e9tente.<\/p>\n\n\n\n<ul class=\"wp-block-list\">\n<li>\ud83d\udecb\ufe0f Canap\u00e9s droits pour les espaces r\u00e9duits<\/li>\n\n\n\n<li>\ud83d\udd00 Canap\u00e9s d&#8217;angle parfaits pour optimiser l\u2019espace<\/li>\n\n\n\n<li>\ud83c\udfa8 Large choix de personnalisations possibles<\/li>\n<\/ul>\n\n\n\n<figure class=\"wp-block-image size-large\"><img loading=\"lazy\" decoding=\"async\" width=\"1024\" height=\"553\" src=\"https:\/\/www.mobilier-design-occasion.fr\/magazine\/wp-content\/uploads\/2025\/05\/image-6-1024x553.png\" alt=\"\" class=\"wp-image-8225\" srcset=\"https:\/\/www.mobilier-design-occasion.fr\/magazine\/wp-content\/uploads\/2025\/05\/image-6-1024x553.png 1024w, https:\/\/www.mobilier-design-occasion.fr\/magazine\/wp-content\/uploads\/2025\/05\/image-6-300x162.png 300w, https:\/\/www.mobilier-design-occasion.fr\/magazine\/wp-content\/uploads\/2025\/05\/image-6-768x415.png 768w, https:\/\/www.mobilier-design-occasion.fr\/magazine\/wp-content\/uploads\/2025\/05\/image-6-810x438.png 810w, https:\/\/www.mobilier-design-occasion.fr\/magazine\/wp-content\/uploads\/2025\/05\/image-6-1140x616.png 1140w, https:\/\/www.mobilier-design-occasion.fr\/magazine\/wp-content\/uploads\/2025\/05\/image-6.png 1262w\" sizes=\"auto, (max-width: 1024px) 100vw, 1024px\" \/><\/figure>\n\n\n\n<h2 class=\"wp-block-heading\"><span class=\"ez-toc-section\" id=\"Choisir_entre_un_canape_droit_et_un_canape_dangle_%F0%9F%93%90\"><\/span>Choisir entre un canap\u00e9 droit et un canap\u00e9 d&#8217;angle \ud83d\udcd0<span class=\"ez-toc-section-end\"><\/span><\/h2>\n\n\n\n<p>Lorsque vous envisagez d\u2019ajouter un&nbsp;<strong>canap\u00e9 Roche Bobois<\/strong>&nbsp;\u00e0 votre maison, il est essentiel de consid\u00e9rer l&#8217;espace disponible et l&#8217;utilisation pr\u00e9vue du <a href=\"https:\/\/www.mobilier-design-occasion.fr\/magazine\/comment-entretenir-son-mobilier-design-au-quotidien-top-astuces\/\">meuble<\/a>. Voici quelques \u00e9l\u00e9ments cl\u00e9s \u00e0 prendre en compte :<\/p>\n\n\n\n<h3 class=\"wp-block-heading\"><span class=\"ez-toc-section\" id=\"Les_canapes_droits_simplicite_et_sophistication\"><\/span>Les canap\u00e9s droits : simplicit\u00e9 et sophistication<span class=\"ez-toc-section-end\"><\/span><\/h3>\n\n\n\n<p>Un&nbsp;<strong>canap\u00e9 droit Roche Bobois<\/strong>&nbsp;est id\u00e9al pour ceux qui pr\u00e9f\u00e8rent un look classique et qui ont peut-\u00eatre un espace limit\u00e9 \u00e0 meubler. Ce type de&nbsp;<strong>canap\u00e9<\/strong>&nbsp;offre une ligne \u00e9pur\u00e9e et se compose g\u00e9n\u00e9ralement de deux \u00e0 trois places, ce qui le rend parfait pour accueillir des invit\u00e9s sans encombrer l\u2019espace.<\/p>\n\n\n\n<p>Son design simpliste permet de s&#8217;adapter \u00e0 divers styles d\u00e9coratifs, qu&#8217;ils soient modernes ou traditionnels. De plus, la possibilit\u00e9 de s\u00e9lectionner des mat\u00e9riaux allant du cuir au tissu contribue \u00e0 compl\u00e9ter la d\u00e9coration existante de votre salon.<\/p>\n\n\n\n<figure class=\"wp-block-image size-large\"><img loading=\"lazy\" decoding=\"async\" width=\"1024\" height=\"753\" src=\"https:\/\/www.mobilier-design-occasion.fr\/magazine\/wp-content\/uploads\/2025\/05\/image-7-1024x753.png\" alt=\"\" class=\"wp-image-8226\" srcset=\"https:\/\/www.mobilier-design-occasion.fr\/magazine\/wp-content\/uploads\/2025\/05\/image-7-1024x753.png 1024w, https:\/\/www.mobilier-design-occasion.fr\/magazine\/wp-content\/uploads\/2025\/05\/image-7-300x221.png 300w, https:\/\/www.mobilier-design-occasion.fr\/magazine\/wp-content\/uploads\/2025\/05\/image-7-768x565.png 768w, https:\/\/www.mobilier-design-occasion.fr\/magazine\/wp-content\/uploads\/2025\/05\/image-7-810x595.png 810w, https:\/\/www.mobilier-design-occasion.fr\/magazine\/wp-content\/uploads\/2025\/05\/image-7-1140x838.png 1140w, https:\/\/www.mobilier-design-occasion.fr\/magazine\/wp-content\/uploads\/2025\/05\/image-7.png 1208w\" sizes=\"auto, (max-width: 1024px) 100vw, 1024px\" \/><\/figure>\n\n\n\n<h3 class=\"wp-block-heading\"><span class=\"ez-toc-section\" id=\"Les_canapes_dangle_maximiser_le_confort_et_lespace\"><\/span>Les canap\u00e9s d&#8217;angle : maximiser le confort et l&#8217;espace<span class=\"ez-toc-section-end\"><\/span><\/h3>\n\n\n\n<p>D&#8217;un autre c\u00f4t\u00e9, ceux qui recherchent \u00e0 maximiser le confort tout en d\u00e9finissant clairement un coin de relaxation choisiront probablement un&nbsp;<strong>canap\u00e9 d&#8217;angle<\/strong>. Ces canap\u00e9s offrent une spacieuse surface assise et peuvent servir \u00e0 d\u00e9limiter subtilement les zones dans une grande pi\u00e8ce ouverte.<\/p>\n\n\n\n<p>Non seulement ils proposent une configuration conviviale pour les r\u00e9unions familiales ou entre amis, mais certains mod\u00e8les int\u00e8grent \u00e9galement des fonctionnalit\u00e9s telles que des espaces de <a href=\"https:\/\/www.mobilier-design-occasion.fr\/magazine\/decouvrez-le-cabinet-vintage-pour-exposer-vos-plus-belles-collections\/\">rangement<\/a> int\u00e9gr\u00e9s. C&#8217;est une excellente option pour ceux qui cherchent \u00e0 combiner esth\u00e9tique et praticit\u00e9.<\/p>\n\n\n\n<figure class=\"wp-block-image size-large\"><img loading=\"lazy\" decoding=\"async\" width=\"1024\" height=\"756\" src=\"https:\/\/www.mobilier-design-occasion.fr\/magazine\/wp-content\/uploads\/2025\/05\/image-8-1024x756.png\" alt=\"\" class=\"wp-image-8227\" srcset=\"https:\/\/www.mobilier-design-occasion.fr\/magazine\/wp-content\/uploads\/2025\/05\/image-8-1024x756.png 1024w, https:\/\/www.mobilier-design-occasion.fr\/magazine\/wp-content\/uploads\/2025\/05\/image-8-300x222.png 300w, https:\/\/www.mobilier-design-occasion.fr\/magazine\/wp-content\/uploads\/2025\/05\/image-8-768x567.png 768w, https:\/\/www.mobilier-design-occasion.fr\/magazine\/wp-content\/uploads\/2025\/05\/image-8-810x598.png 810w, https:\/\/www.mobilier-design-occasion.fr\/magazine\/wp-content\/uploads\/2025\/05\/image-8-1140x842.png 1140w, https:\/\/www.mobilier-design-occasion.fr\/magazine\/wp-content\/uploads\/2025\/05\/image-8.png 1270w\" sizes=\"auto, (max-width: 1024px) 100vw, 1024px\" \/><\/figure>\n\n\n\n<h2 class=\"wp-block-heading\"><span class=\"ez-toc-section\" id=\"Materiaux_utilises_entre_cuir_et_tissu_%F0%9F%9A%AA\"><\/span>Mat\u00e9riaux utilis\u00e9s : entre cuir et tissu \ud83d\udeaa<span class=\"ez-toc-section-end\"><\/span><\/h2>\n\n\n\n<p>Le choix du mat\u00e9riau pour votre&nbsp;<strong>canap\u00e9 Roche Bobois<\/strong>&nbsp;d\u00e9pendra non seulement de vos pr\u00e9f\u00e9rences esth\u00e9tiques mais aussi de leurs caract\u00e9ristiques pratiques.<\/p>\n\n\n\n<h3 class=\"wp-block-heading\"><span class=\"ez-toc-section\" id=\"Canapes_en_cuir_luxe_et_resistance\"><\/span>Canap\u00e9s en cuir : luxe et r\u00e9sistance<span class=\"ez-toc-section-end\"><\/span><\/h3>\n\n\n\n<p>Un&nbsp;<strong>canap\u00e9 en cuir<\/strong>&nbsp;est synonyme de luxe et de sophistication. Il s&#8217;agit d&#8217;un mat\u00e9riau durable qui vieillit bien, d\u00e9veloppant une patine unique au fil du temps. Les canap\u00e9s Roche Bobois en cuir sont particuli\u00e8rement adapt\u00e9s aux foyers d\u00e9sireux d&#8217;avoir un meuble \u00e0 faible entretien, le cuir \u00e9tant facile \u00e0 nettoyer et r\u00e9sistant \u00e0 l\u2019usure quotidienne.<\/p>\n\n\n\n<p>De plus, le cuir ajoute une touche de chaleur et d&#8217;\u00e9l\u00e9gance \u00e0 n&#8217;importe quelle pi\u00e8ce, assurant que votre canap\u00e9 demeure le point focal de votre salon pendant de nombreuses ann\u00e9es.<\/p>\n\n\n\n<figure class=\"wp-block-image size-full\"><img loading=\"lazy\" decoding=\"async\" width=\"970\" height=\"820\" src=\"https:\/\/www.mobilier-design-occasion.fr\/magazine\/wp-content\/uploads\/2025\/05\/image-9.png\" alt=\"\" class=\"wp-image-8228\" srcset=\"https:\/\/www.mobilier-design-occasion.fr\/magazine\/wp-content\/uploads\/2025\/05\/image-9.png 970w, https:\/\/www.mobilier-design-occasion.fr\/magazine\/wp-content\/uploads\/2025\/05\/image-9-300x254.png 300w, https:\/\/www.mobilier-design-occasion.fr\/magazine\/wp-content\/uploads\/2025\/05\/image-9-768x649.png 768w, https:\/\/www.mobilier-design-occasion.fr\/magazine\/wp-content\/uploads\/2025\/05\/image-9-810x685.png 810w\" sizes=\"auto, (max-width: 970px) 100vw, 970px\" \/><\/figure>\n\n\n\n<h3 class=\"wp-block-heading\"><span class=\"ez-toc-section\" id=\"Canapes_en_tissu_polyvalence_et_confort\"><\/span>Canap\u00e9s en tissu : polyvalence et confort<span class=\"ez-toc-section-end\"><\/span><\/h3>\n\n\n\n<p>Pour ceux qui pr\u00e9f\u00e8rent une sensation plus douce et peut-\u00eatre un peu plus chaleureuse, les&nbsp;<strong>canap\u00e9s en tissu<\/strong>&nbsp;repr\u00e9sentent un excellent choix. Disponibles dans une vaste palette de couleurs et de textures, les options personnalisables sont infinies.<\/p>\n\n\n\n<p>Le tissu est souvent recommand\u00e9 pour les familles avec enfants ou animaux domestiques, car il peut offrir une vari\u00e9t\u00e9 de traitements anti-taches et facile d&#8217;entretien. Ce niveau de personnalisation assure que votre meuble est adapt\u00e9 tant \u00e0 votre mode de vie qu&#8217;\u00e0 votre go\u00fbt esth\u00e9tique.<\/p>\n\n\n\n<h3 class=\"wp-block-heading\"><span class=\"ez-toc-section\" id=\"Comparaison_des_avantages_du_cuir_et_du_tissu\"><\/span>Comparaison des avantages du cuir et du tissu<span class=\"ez-toc-section-end\"><\/span><\/h3>\n\n\n\n<figure class=\"wp-block-table\"><table class=\"has-fixed-layout\"><thead><tr><th>\ud83d\udccc Caract\u00e9ristique<\/th><th>\ud83d\udd25 Cuir<\/th><th>\ud83c\udf1f Tissu<\/th><\/tr><\/thead><tbody><tr><td>Durabilit\u00e9<\/td><td>Excellente<\/td><td>Bonne, variable selon le tissu<\/td><\/tr><tr><td>Confort thermique<\/td><td>Peut \u00eatre chaud en \u00e9t\u00e9<\/td><td>Plus respirant<\/td><\/tr><tr><td>Palette de couleurs<\/td><td>Limit\u00e9es<\/td><td>Vaste choix<\/td><\/tr><\/tbody><\/table><\/figure>\n\n\n\n<h2 class=\"wp-block-heading\"><span class=\"ez-toc-section\" id=\"Vous_cherchez_a_creer_un_point_central_avec_votre_canape_Roche_Bobois_%F0%9F%8E%AF\"><\/span>Vous cherchez \u00e0 cr\u00e9er un point central avec votre canap\u00e9 Roche Bobois ? \ud83c\udfaf<span class=\"ez-toc-section-end\"><\/span><\/h2>\n\n\n\n<p>Placer un&nbsp;<strong>canap\u00e9 Roche Bobois<\/strong>&nbsp;dans votre salon est une d\u00e9claration de style et de go\u00fbt. En choisissant les bonnes dimensions, le bon design et les bons mat\u00e9riaux, ce canap\u00e9 transformera non seulement votre espace en le rendant esth\u00e9tiquement agr\u00e9able, mais servira \u00e9galement de&nbsp;<strong>point central<\/strong>&nbsp;o\u00f9 famille et amis pourront se r\u00e9unir.<\/p>\n\n\n\n<p>L&#8217;ajout d&#8217;accessoires comme des coussins color\u00e9s ou un plaid \u00e9l\u00e9gant peut accentuer la beaut\u00e9 naturelle de votre canap\u00e9. Optez pour des teintes compl\u00e9mentaires ou contrast\u00e9es selon l\u2019effet que vous souhaitez cr\u00e9er.<\/p>\n\n\n\n<p>Voici quelques astuces pour tirer le meilleur parti de votre canap\u00e9 Roche Bobois :<\/p>\n\n\n\n<ul class=\"wp-block-list\">\n<li>\ud83d\uddbc\ufe0f Accrochez un art mural audacieux au-dessus du canap\u00e9<\/li>\n\n\n\n<li>\ud83c\udf3f Disposez des plantes vertes autour pour ajouter vie et <a href=\"https:\/\/www.mobilier-design-occasion.fr\/magazine\/les-tendances-mobilier-et-decoration-pour-2025-quel-style-adopter-pour-votre-maison\/\">couleur<\/a><\/li>\n\n\n\n<li>\ud83d\udca1 Installez un \u00e9clairage d&#8217;appoint pour mettre en valeur le design<\/li>\n<\/ul>\n\n\n\n<figure class=\"wp-block-image size-large\"><img loading=\"lazy\" decoding=\"async\" width=\"1024\" height=\"651\" src=\"https:\/\/www.mobilier-design-occasion.fr\/magazine\/wp-content\/uploads\/2025\/05\/image-10-1024x651.png\" alt=\"\" class=\"wp-image-8229\" srcset=\"https:\/\/www.mobilier-design-occasion.fr\/magazine\/wp-content\/uploads\/2025\/05\/image-10-1024x651.png 1024w, https:\/\/www.mobilier-design-occasion.fr\/magazine\/wp-content\/uploads\/2025\/05\/image-10-300x191.png 300w, https:\/\/www.mobilier-design-occasion.fr\/magazine\/wp-content\/uploads\/2025\/05\/image-10-768x488.png 768w, https:\/\/www.mobilier-design-occasion.fr\/magazine\/wp-content\/uploads\/2025\/05\/image-10-810x515.png 810w, https:\/\/www.mobilier-design-occasion.fr\/magazine\/wp-content\/uploads\/2025\/05\/image-10-1140x725.png 1140w, https:\/\/www.mobilier-design-occasion.fr\/magazine\/wp-content\/uploads\/2025\/05\/image-10.png 1246w\" sizes=\"auto, (max-width: 1024px) 100vw, 1024px\" \/><\/figure>\n\n\n\n<h2 class=\"wp-block-heading\"><span class=\"ez-toc-section\" id=\"Foire_aux_questions_sur_les_canapes_Roche_Bobois\"><\/span>Foire aux questions sur les canap\u00e9s Roche Bobois<span class=\"ez-toc-section-end\"><\/span><\/h2>\n\n\n\n<h3 class=\"wp-block-heading\"><span class=\"ez-toc-section\" id=\"Quel_type_de_canape_Roche_Bobois_est_le_plus_adapte_a_un_petit_espace\"><\/span>Quel type de canap\u00e9 Roche Bobois est le plus adapt\u00e9 \u00e0 un petit espace ?<span class=\"ez-toc-section-end\"><\/span><\/h3>\n\n\n\n<p>Pour un petit espace, un&nbsp;<strong>canap\u00e9 droit<\/strong>&nbsp;serait le choix le plus appropri\u00e9. Ces canap\u00e9s sont compacts tout en offrant suffisamment de si\u00e8ges pour deux \u00e0 trois personnes. Leur design simple facilite leur int\u00e9gration dans diverses configurations de pi\u00e8ces, sans compromettre le style.<\/p>\n\n\n\n<h3 class=\"wp-block-heading\"><span class=\"ez-toc-section\" id=\"Comment_entretenir_un_canape_en_cuir_Roche_Bobois\"><\/span>Comment entretenir un canap\u00e9 en cuir Roche Bobois ?<span class=\"ez-toc-section-end\"><\/span><\/h3>\n\n\n\n<p>Pour entretenir un&nbsp;<strong>canap\u00e9 en cuir<\/strong>, il est conseill\u00e9 de le d\u00e9poussi\u00e9rer r\u00e9guli\u00e8rement avec un chiffon doux et sec. Utilisez occasionnellement un produit sp\u00e9cifique pour cuir afin de maintenir sa souplesse. \u00c9vitez l&#8217;exposition directe au soleil pour pr\u00e9venir la d\u00e9coloration et essuyez imm\u00e9diatement tout liquide renvers\u00e9 pour \u00e9viter les taches.<\/p>\n\n\n\n<figure class=\"wp-block-image size-large\"><img loading=\"lazy\" decoding=\"async\" width=\"1024\" height=\"510\" src=\"https:\/\/www.mobilier-design-occasion.fr\/magazine\/wp-content\/uploads\/2025\/05\/image-11-1024x510.png\" alt=\"\" class=\"wp-image-8230\" srcset=\"https:\/\/www.mobilier-design-occasion.fr\/magazine\/wp-content\/uploads\/2025\/05\/image-11-1024x510.png 1024w, https:\/\/www.mobilier-design-occasion.fr\/magazine\/wp-content\/uploads\/2025\/05\/image-11-300x150.png 300w, https:\/\/www.mobilier-design-occasion.fr\/magazine\/wp-content\/uploads\/2025\/05\/image-11-768x383.png 768w, https:\/\/www.mobilier-design-occasion.fr\/magazine\/wp-content\/uploads\/2025\/05\/image-11-810x404.png 810w, https:\/\/www.mobilier-design-occasion.fr\/magazine\/wp-content\/uploads\/2025\/05\/image-11-1140x568.png 1140w, https:\/\/www.mobilier-design-occasion.fr\/magazine\/wp-content\/uploads\/2025\/05\/image-11.png 1304w\" sizes=\"auto, (max-width: 1024px) 100vw, 1024px\" \/><\/figure>\n\n\n\n<h3 class=\"wp-block-heading\"><span class=\"ez-toc-section\" id=\"Le_choix_du_tissu_affecte-t-il_la_durabilite_du_canape_Roche_Bobois\"><\/span>Le choix du tissu affecte-t-il la durabilit\u00e9 du canap\u00e9 Roche Bobois ?<span class=\"ez-toc-section-end\"><\/span><\/h3>\n\n\n\n<p>Oui, le choix du tissu peut grandement influencer la&nbsp;<strong>durabilit\u00e9<\/strong>&nbsp;de votre canap\u00e9. Certains tissus sont sp\u00e9cialement trait\u00e9s pour r\u00e9sister aux taches et \u00e0 l&#8217;usure, ce qui prolonge la dur\u00e9e de vie du canap\u00e9. Assurez-vous de choisir un tissu qui r\u00e9pond \u00e0 vos besoins pratiques ainsi qu&#8217;esth\u00e9tiques.<\/p>\n\n\n\n<h3 class=\"wp-block-heading\"><span class=\"ez-toc-section\" id=\"Quels_accessoires_sont_recommandes_pour_sublimer_un_canape_Roche_Bobois\"><\/span>Quels accessoires sont recommand\u00e9s pour sublimer un canap\u00e9 Roche Bobois ?<span class=\"ez-toc-section-end\"><\/span><\/h3>\n\n\n\n<p>Pour sublimer votre canap\u00e9, envisagez d&#8217;utiliser des coussins assortis et des plaids textur\u00e9s. Des accessoires tels que des tables basses \u00e9l\u00e9gantes ou des lampes stylis\u00e9es peuvent aussi compl\u00e9ter l&#8217;ensemble. Jouez avec les couleurs et les textures pour cr\u00e9er un effet visuel attrayant.<\/p>\n","protected":false},"excerpt":{"rendered":"<p>Lorsqu\u2019il s\u2019agit de choisir un canap\u00e9, la diversit\u00e9 des options disponibles peut rendre le choix complexe. Pourtant, les&nbsp;canap\u00e9s Roche Bobois&nbsp;se d\u00e9marquent par leur design innovant et leur capacit\u00e9 \u00e0 transformer n&#8217;importe quel espace de vie en un&nbsp;point central du salon&nbsp;\u00e9l\u00e9gant et sophistiqu\u00e9. Que vous soyez amateur de cuir ou de tissu, ces&nbsp;meubles haut de gamme&nbsp;offrent [&hellip;]<\/p>\n","protected":false},"author":2,"featured_media":8229,"comment_status":"open","ping_status":"open","sticky":false,"template":"","format":"standard","meta":{"footnotes":""},"categories":[122],"tags":[160],"class_list":["post-8221","post","type-post","status-publish","format-standard","has-post-thumbnail","hentry","category-salon","tag-canape"],"yoast_head":"<!-- This site is optimized with the Yoast SEO plugin v27.5 - https:\/\/yoast.com\/product\/yoast-seo-wordpress\/ -->\n<title>Les canap\u00e9s Roche Bobois : \u00e9l\u00e9gance et personnalisation pour votre salon - Mobilier Design Magazine<\/title>\n<meta name=\"robots\" content=\"index, follow, max-snippet:-1, max-image-preview:large, max-video-preview:-1\" \/>\n<link rel=\"canonical\" href=\"https:\/\/www.mobilier-design-occasion.fr\/magazine\/les-canapes-roche-bobois-elegance-et-personnalisation-pour-votre-salon\/\" \/>\n<meta property=\"og:locale\" content=\"fr_FR\" \/>\n<meta property=\"og:type\" content=\"article\" \/>\n<meta property=\"og:title\" content=\"Les canap\u00e9s Roche Bobois : \u00e9l\u00e9gance et personnalisation pour votre salon - Mobilier Design Magazine\" \/>\n<meta property=\"og:description\" content=\"Lorsqu\u2019il s\u2019agit de choisir un canap\u00e9, la diversit\u00e9 des options disponibles peut rendre le choix complexe. Pourtant, les&nbsp;canap\u00e9s Roche Bobois&nbsp;se d\u00e9marquent par leur design innovant et leur capacit\u00e9 \u00e0 transformer n&#8217;importe quel espace de vie en un&nbsp;point central du salon&nbsp;\u00e9l\u00e9gant et sophistiqu\u00e9. Que vous soyez amateur de cuir ou de tissu, ces&nbsp;meubles haut de gamme&nbsp;offrent [&hellip;]\" \/>\n<meta property=\"og:url\" content=\"https:\/\/www.mobilier-design-occasion.fr\/magazine\/les-canapes-roche-bobois-elegance-et-personnalisation-pour-votre-salon\/\" \/>\n<meta property=\"og:site_name\" content=\"Mobilier Design Magazine\" \/>\n<meta property=\"article:publisher\" content=\"https:\/\/www.facebook.com\/mobilierdesignoccasion\" \/>\n<meta property=\"article:published_time\" content=\"2025-05-28T09:28:06+00:00\" \/>\n<meta property=\"article:modified_time\" content=\"2025-05-28T09:28:07+00:00\" \/>\n<meta property=\"og:image\" content=\"https:\/\/www.mobilier-design-occasion.fr\/magazine\/wp-content\/uploads\/2025\/05\/image-10.png\" \/>\n\t<meta property=\"og:image:width\" content=\"1246\" \/>\n\t<meta property=\"og:image:height\" content=\"792\" \/>\n\t<meta property=\"og:image:type\" content=\"image\/png\" \/>\n<meta name=\"author\" content=\"Vincent Vandegans\" \/>\n<meta name=\"twitter:card\" content=\"summary_large_image\" \/>\n<meta name=\"twitter:label1\" content=\"\u00c9crit par\" \/>\n\t<meta name=\"twitter:data1\" content=\"Vincent Vandegans\" \/>\n\t<meta name=\"twitter:label2\" content=\"Dur\u00e9e de lecture estim\u00e9e\" \/>\n\t<meta name=\"twitter:data2\" content=\"9 minutes\" \/>\n<script type=\"application\/ld+json\" class=\"yoast-schema-graph\">{\"@context\":\"https:\\\/\\\/schema.org\",\"@graph\":[{\"@type\":\"Article\",\"@id\":\"https:\\\/\\\/www.mobilier-design-occasion.fr\\\/magazine\\\/les-canapes-roche-bobois-elegance-et-personnalisation-pour-votre-salon\\\/#article\",\"isPartOf\":{\"@id\":\"https:\\\/\\\/www.mobilier-design-occasion.fr\\\/magazine\\\/les-canapes-roche-bobois-elegance-et-personnalisation-pour-votre-salon\\\/\"},\"author\":{\"name\":\"Vincent Vandegans\",\"@id\":\"https:\\\/\\\/www.mobilier-design-occasion.fr\\\/magazine\\\/#\\\/schema\\\/person\\\/af895bedc80bfb6b17730a672fddac9e\"},\"headline\":\"Les canap\u00e9s Roche Bobois : \u00e9l\u00e9gance et personnalisation pour votre salon\",\"datePublished\":\"2025-05-28T09:28:06+00:00\",\"dateModified\":\"2025-05-28T09:28:07+00:00\",\"mainEntityOfPage\":{\"@id\":\"https:\\\/\\\/www.mobilier-design-occasion.fr\\\/magazine\\\/les-canapes-roche-bobois-elegance-et-personnalisation-pour-votre-salon\\\/\"},\"wordCount\":1423,\"commentCount\":0,\"publisher\":{\"@id\":\"https:\\\/\\\/www.mobilier-design-occasion.fr\\\/magazine\\\/#organization\"},\"image\":{\"@id\":\"https:\\\/\\\/www.mobilier-design-occasion.fr\\\/magazine\\\/les-canapes-roche-bobois-elegance-et-personnalisation-pour-votre-salon\\\/#primaryimage\"},\"thumbnailUrl\":\"https:\\\/\\\/www.mobilier-design-occasion.fr\\\/magazine\\\/wp-content\\\/uploads\\\/2025\\\/05\\\/image-10.png\",\"keywords\":[\"canap\u00e9\"],\"articleSection\":[\"Salon\"],\"inLanguage\":\"fr-FR\",\"potentialAction\":[{\"@type\":\"CommentAction\",\"name\":\"Comment\",\"target\":[\"https:\\\/\\\/www.mobilier-design-occasion.fr\\\/magazine\\\/les-canapes-roche-bobois-elegance-et-personnalisation-pour-votre-salon\\\/#respond\"]}]},{\"@type\":\"WebPage\",\"@id\":\"https:\\\/\\\/www.mobilier-design-occasion.fr\\\/magazine\\\/les-canapes-roche-bobois-elegance-et-personnalisation-pour-votre-salon\\\/\",\"url\":\"https:\\\/\\\/www.mobilier-design-occasion.fr\\\/magazine\\\/les-canapes-roche-bobois-elegance-et-personnalisation-pour-votre-salon\\\/\",\"name\":\"Les canap\u00e9s Roche Bobois : \u00e9l\u00e9gance et personnalisation pour votre salon - Mobilier Design Magazine\",\"isPartOf\":{\"@id\":\"https:\\\/\\\/www.mobilier-design-occasion.fr\\\/magazine\\\/#website\"},\"primaryImageOfPage\":{\"@id\":\"https:\\\/\\\/www.mobilier-design-occasion.fr\\\/magazine\\\/les-canapes-roche-bobois-elegance-et-personnalisation-pour-votre-salon\\\/#primaryimage\"},\"image\":{\"@id\":\"https:\\\/\\\/www.mobilier-design-occasion.fr\\\/magazine\\\/les-canapes-roche-bobois-elegance-et-personnalisation-pour-votre-salon\\\/#primaryimage\"},\"thumbnailUrl\":\"https:\\\/\\\/www.mobilier-design-occasion.fr\\\/magazine\\\/wp-content\\\/uploads\\\/2025\\\/05\\\/image-10.png\",\"datePublished\":\"2025-05-28T09:28:06+00:00\",\"dateModified\":\"2025-05-28T09:28:07+00:00\",\"breadcrumb\":{\"@id\":\"https:\\\/\\\/www.mobilier-design-occasion.fr\\\/magazine\\\/les-canapes-roche-bobois-elegance-et-personnalisation-pour-votre-salon\\\/#breadcrumb\"},\"inLanguage\":\"fr-FR\",\"potentialAction\":[{\"@type\":\"ReadAction\",\"target\":[\"https:\\\/\\\/www.mobilier-design-occasion.fr\\\/magazine\\\/les-canapes-roche-bobois-elegance-et-personnalisation-pour-votre-salon\\\/\"]}]},{\"@type\":\"ImageObject\",\"inLanguage\":\"fr-FR\",\"@id\":\"https:\\\/\\\/www.mobilier-design-occasion.fr\\\/magazine\\\/les-canapes-roche-bobois-elegance-et-personnalisation-pour-votre-salon\\\/#primaryimage\",\"url\":\"https:\\\/\\\/www.mobilier-design-occasion.fr\\\/magazine\\\/wp-content\\\/uploads\\\/2025\\\/05\\\/image-10.png\",\"contentUrl\":\"https:\\\/\\\/www.mobilier-design-occasion.fr\\\/magazine\\\/wp-content\\\/uploads\\\/2025\\\/05\\\/image-10.png\",\"width\":1246,\"height\":792},{\"@type\":\"BreadcrumbList\",\"@id\":\"https:\\\/\\\/www.mobilier-design-occasion.fr\\\/magazine\\\/les-canapes-roche-bobois-elegance-et-personnalisation-pour-votre-salon\\\/#breadcrumb\",\"itemListElement\":[{\"@type\":\"ListItem\",\"position\":1,\"name\":\"Accueil\",\"item\":\"https:\\\/\\\/www.mobilier-design-occasion.fr\\\/magazine\\\/\"},{\"@type\":\"ListItem\",\"position\":2,\"name\":\"Les canap\u00e9s Roche Bobois : \u00e9l\u00e9gance et personnalisation pour votre salon\"}]},{\"@type\":\"WebSite\",\"@id\":\"https:\\\/\\\/www.mobilier-design-occasion.fr\\\/magazine\\\/#website\",\"url\":\"https:\\\/\\\/www.mobilier-design-occasion.fr\\\/magazine\\\/\",\"name\":\"Mobilier Design Magazine\",\"description\":\"\",\"publisher\":{\"@id\":\"https:\\\/\\\/www.mobilier-design-occasion.fr\\\/magazine\\\/#organization\"},\"potentialAction\":[{\"@type\":\"SearchAction\",\"target\":{\"@type\":\"EntryPoint\",\"urlTemplate\":\"https:\\\/\\\/www.mobilier-design-occasion.fr\\\/magazine\\\/?s={search_term_string}\"},\"query-input\":{\"@type\":\"PropertyValueSpecification\",\"valueRequired\":true,\"valueName\":\"search_term_string\"}}],\"inLanguage\":\"fr-FR\"},{\"@type\":\"Organization\",\"@id\":\"https:\\\/\\\/www.mobilier-design-occasion.fr\\\/magazine\\\/#organization\",\"name\":\"Mobilier Design Magazine\",\"url\":\"https:\\\/\\\/www.mobilier-design-occasion.fr\\\/magazine\\\/\",\"logo\":{\"@type\":\"ImageObject\",\"inLanguage\":\"fr-FR\",\"@id\":\"https:\\\/\\\/www.mobilier-design-occasion.fr\\\/magazine\\\/#\\\/schema\\\/logo\\\/image\\\/\",\"url\":\"https:\\\/\\\/www.mobilier-design-occasion.fr\\\/magazine\\\/wp-content\\\/uploads\\\/2024\\\/02\\\/android-chrome-192x192-1.png\",\"contentUrl\":\"https:\\\/\\\/www.mobilier-design-occasion.fr\\\/magazine\\\/wp-content\\\/uploads\\\/2024\\\/02\\\/android-chrome-192x192-1.png\",\"width\":192,\"height\":192,\"caption\":\"Mobilier Design Magazine\"},\"image\":{\"@id\":\"https:\\\/\\\/www.mobilier-design-occasion.fr\\\/magazine\\\/#\\\/schema\\\/logo\\\/image\\\/\"},\"sameAs\":[\"https:\\\/\\\/www.facebook.com\\\/mobilierdesignoccasion\"]},{\"@type\":\"Person\",\"@id\":\"https:\\\/\\\/www.mobilier-design-occasion.fr\\\/magazine\\\/#\\\/schema\\\/person\\\/af895bedc80bfb6b17730a672fddac9e\",\"name\":\"Vincent Vandegans\",\"image\":{\"@type\":\"ImageObject\",\"inLanguage\":\"fr-FR\",\"@id\":\"https:\\\/\\\/secure.gravatar.com\\\/avatar\\\/b984800dabdf722d5e3f03f637c8932dea77d81118467d17ad2953e3b273ec66?s=96&d=mm&r=g\",\"url\":\"https:\\\/\\\/secure.gravatar.com\\\/avatar\\\/b984800dabdf722d5e3f03f637c8932dea77d81118467d17ad2953e3b273ec66?s=96&d=mm&r=g\",\"contentUrl\":\"https:\\\/\\\/secure.gravatar.com\\\/avatar\\\/b984800dabdf722d5e3f03f637c8932dea77d81118467d17ad2953e3b273ec66?s=96&d=mm&r=g\",\"caption\":\"Vincent Vandegans\"},\"description\":\"Vincent est passionn\u00e9 par les produits d'occasion, il a ouvert le site MDO avec Cyrielle pour aider les gens \u00e0 trouver du mobilier d'occasion, vintage ou usag\u00e9. Depuis, ils ont \u00e9tendu leurs activit\u00e9s et conseillent tout le monde sur le mobilier d'int\u00e9rieur et d'ext\u00e9rieur au quotidien \u00e0 travers le magazine MDO.\",\"url\":\"https:\\\/\\\/www.mobilier-design-occasion.fr\\\/magazine\\\/author\\\/vincent\\\/\"}]}<\/script>\n<!-- \/ Yoast SEO plugin. -->","yoast_head_json":{"title":"Les canap\u00e9s Roche Bobois : \u00e9l\u00e9gance et personnalisation pour votre salon - Mobilier Design Magazine","robots":{"index":"index","follow":"follow","max-snippet":"max-snippet:-1","max-image-preview":"max-image-preview:large","max-video-preview":"max-video-preview:-1"},"canonical":"https:\/\/www.mobilier-design-occasion.fr\/magazine\/les-canapes-roche-bobois-elegance-et-personnalisation-pour-votre-salon\/","og_locale":"fr_FR","og_type":"article","og_title":"Les canap\u00e9s Roche Bobois : \u00e9l\u00e9gance et personnalisation pour votre salon - Mobilier Design Magazine","og_description":"Lorsqu\u2019il s\u2019agit de choisir un canap\u00e9, la diversit\u00e9 des options disponibles peut rendre le choix complexe. Pourtant, les&nbsp;canap\u00e9s Roche Bobois&nbsp;se d\u00e9marquent par leur design innovant et leur capacit\u00e9 \u00e0 transformer n&#8217;importe quel espace de vie en un&nbsp;point central du salon&nbsp;\u00e9l\u00e9gant et sophistiqu\u00e9. Que vous soyez amateur de cuir ou de tissu, ces&nbsp;meubles haut de gamme&nbsp;offrent [&hellip;]","og_url":"https:\/\/www.mobilier-design-occasion.fr\/magazine\/les-canapes-roche-bobois-elegance-et-personnalisation-pour-votre-salon\/","og_site_name":"Mobilier Design Magazine","article_publisher":"https:\/\/www.facebook.com\/mobilierdesignoccasion","article_published_time":"2025-05-28T09:28:06+00:00","article_modified_time":"2025-05-28T09:28:07+00:00","og_image":[{"width":1246,"height":792,"url":"https:\/\/www.mobilier-design-occasion.fr\/magazine\/wp-content\/uploads\/2025\/05\/image-10.png","type":"image\/png"}],"author":"Vincent Vandegans","twitter_card":"summary_large_image","twitter_misc":{"\u00c9crit par":"Vincent Vandegans","Dur\u00e9e de lecture estim\u00e9e":"9 minutes"},"schema":{"@context":"https:\/\/schema.org","@graph":[{"@type":"Article","@id":"https:\/\/www.mobilier-design-occasion.fr\/magazine\/les-canapes-roche-bobois-elegance-et-personnalisation-pour-votre-salon\/#article","isPartOf":{"@id":"https:\/\/www.mobilier-design-occasion.fr\/magazine\/les-canapes-roche-bobois-elegance-et-personnalisation-pour-votre-salon\/"},"author":{"name":"Vincent Vandegans","@id":"https:\/\/www.mobilier-design-occasion.fr\/magazine\/#\/schema\/person\/af895bedc80bfb6b17730a672fddac9e"},"headline":"Les canap\u00e9s Roche Bobois : \u00e9l\u00e9gance et personnalisation pour votre salon","datePublished":"2025-05-28T09:28:06+00:00","dateModified":"2025-05-28T09:28:07+00:00","mainEntityOfPage":{"@id":"https:\/\/www.mobilier-design-occasion.fr\/magazine\/les-canapes-roche-bobois-elegance-et-personnalisation-pour-votre-salon\/"},"wordCount":1423,"commentCount":0,"publisher":{"@id":"https:\/\/www.mobilier-design-occasion.fr\/magazine\/#organization"},"image":{"@id":"https:\/\/www.mobilier-design-occasion.fr\/magazine\/les-canapes-roche-bobois-elegance-et-personnalisation-pour-votre-salon\/#primaryimage"},"thumbnailUrl":"https:\/\/www.mobilier-design-occasion.fr\/magazine\/wp-content\/uploads\/2025\/05\/image-10.png","keywords":["canap\u00e9"],"articleSection":["Salon"],"inLanguage":"fr-FR","potentialAction":[{"@type":"CommentAction","name":"Comment","target":["https:\/\/www.mobilier-design-occasion.fr\/magazine\/les-canapes-roche-bobois-elegance-et-personnalisation-pour-votre-salon\/#respond"]}]},{"@type":"WebPage","@id":"https:\/\/www.mobilier-design-occasion.fr\/magazine\/les-canapes-roche-bobois-elegance-et-personnalisation-pour-votre-salon\/","url":"https:\/\/www.mobilier-design-occasion.fr\/magazine\/les-canapes-roche-bobois-elegance-et-personnalisation-pour-votre-salon\/","name":"Les canap\u00e9s Roche Bobois : \u00e9l\u00e9gance et personnalisation pour votre salon - Mobilier Design Magazine","isPartOf":{"@id":"https:\/\/www.mobilier-design-occasion.fr\/magazine\/#website"},"primaryImageOfPage":{"@id":"https:\/\/www.mobilier-design-occasion.fr\/magazine\/les-canapes-roche-bobois-elegance-et-personnalisation-pour-votre-salon\/#primaryimage"},"image":{"@id":"https:\/\/www.mobilier-design-occasion.fr\/magazine\/les-canapes-roche-bobois-elegance-et-personnalisation-pour-votre-salon\/#primaryimage"},"thumbnailUrl":"https:\/\/www.mobilier-design-occasion.fr\/magazine\/wp-content\/uploads\/2025\/05\/image-10.png","datePublished":"2025-05-28T09:28:06+00:00","dateModified":"2025-05-28T09:28:07+00:00","breadcrumb":{"@id":"https:\/\/www.mobilier-design-occasion.fr\/magazine\/les-canapes-roche-bobois-elegance-et-personnalisation-pour-votre-salon\/#breadcrumb"},"inLanguage":"fr-FR","potentialAction":[{"@type":"ReadAction","target":["https:\/\/www.mobilier-design-occasion.fr\/magazine\/les-canapes-roche-bobois-elegance-et-personnalisation-pour-votre-salon\/"]}]},{"@type":"ImageObject","inLanguage":"fr-FR","@id":"https:\/\/www.mobilier-design-occasion.fr\/magazine\/les-canapes-roche-bobois-elegance-et-personnalisation-pour-votre-salon\/#primaryimage","url":"https:\/\/www.mobilier-design-occasion.fr\/magazine\/wp-content\/uploads\/2025\/05\/image-10.png","contentUrl":"https:\/\/www.mobilier-design-occasion.fr\/magazine\/wp-content\/uploads\/2025\/05\/image-10.png","width":1246,"height":792},{"@type":"BreadcrumbList","@id":"https:\/\/www.mobilier-design-occasion.fr\/magazine\/les-canapes-roche-bobois-elegance-et-personnalisation-pour-votre-salon\/#breadcrumb","itemListElement":[{"@type":"ListItem","position":1,"name":"Accueil","item":"https:\/\/www.mobilier-design-occasion.fr\/magazine\/"},{"@type":"ListItem","position":2,"name":"Les canap\u00e9s Roche Bobois : \u00e9l\u00e9gance et personnalisation pour votre salon"}]},{"@type":"WebSite","@id":"https:\/\/www.mobilier-design-occasion.fr\/magazine\/#website","url":"https:\/\/www.mobilier-design-occasion.fr\/magazine\/","name":"Mobilier Design Magazine","description":"","publisher":{"@id":"https:\/\/www.mobilier-design-occasion.fr\/magazine\/#organization"},"potentialAction":[{"@type":"SearchAction","target":{"@type":"EntryPoint","urlTemplate":"https:\/\/www.mobilier-design-occasion.fr\/magazine\/?s={search_term_string}"},"query-input":{"@type":"PropertyValueSpecification","valueRequired":true,"valueName":"search_term_string"}}],"inLanguage":"fr-FR"},{"@type":"Organization","@id":"https:\/\/www.mobilier-design-occasion.fr\/magazine\/#organization","name":"Mobilier Design Magazine","url":"https:\/\/www.mobilier-design-occasion.fr\/magazine\/","logo":{"@type":"ImageObject","inLanguage":"fr-FR","@id":"https:\/\/www.mobilier-design-occasion.fr\/magazine\/#\/schema\/logo\/image\/","url":"https:\/\/www.mobilier-design-occasion.fr\/magazine\/wp-content\/uploads\/2024\/02\/android-chrome-192x192-1.png","contentUrl":"https:\/\/www.mobilier-design-occasion.fr\/magazine\/wp-content\/uploads\/2024\/02\/android-chrome-192x192-1.png","width":192,"height":192,"caption":"Mobilier Design Magazine"},"image":{"@id":"https:\/\/www.mobilier-design-occasion.fr\/magazine\/#\/schema\/logo\/image\/"},"sameAs":["https:\/\/www.facebook.com\/mobilierdesignoccasion"]},{"@type":"Person","@id":"https:\/\/www.mobilier-design-occasion.fr\/magazine\/#\/schema\/person\/af895bedc80bfb6b17730a672fddac9e","name":"Vincent Vandegans","image":{"@type":"ImageObject","inLanguage":"fr-FR","@id":"https:\/\/secure.gravatar.com\/avatar\/b984800dabdf722d5e3f03f637c8932dea77d81118467d17ad2953e3b273ec66?s=96&d=mm&r=g","url":"https:\/\/secure.gravatar.com\/avatar\/b984800dabdf722d5e3f03f637c8932dea77d81118467d17ad2953e3b273ec66?s=96&d=mm&r=g","contentUrl":"https:\/\/secure.gravatar.com\/avatar\/b984800dabdf722d5e3f03f637c8932dea77d81118467d17ad2953e3b273ec66?s=96&d=mm&r=g","caption":"Vincent Vandegans"},"description":"Vincent est passionn\u00e9 par les produits d'occasion, il a ouvert le site MDO avec Cyrielle pour aider les gens \u00e0 trouver du mobilier d'occasion, vintage ou usag\u00e9. Depuis, ils ont \u00e9tendu leurs activit\u00e9s et conseillent tout le monde sur le mobilier d'int\u00e9rieur et d'ext\u00e9rieur au quotidien \u00e0 travers le magazine MDO.","url":"https:\/\/www.mobilier-design-occasion.fr\/magazine\/author\/vincent\/"}]}},"_links":{"self":[{"href":"https:\/\/www.mobilier-design-occasion.fr\/magazine\/wp-json\/wp\/v2\/posts\/8221","targetHints":{"allow":["GET"]}}],"collection":[{"href":"https:\/\/www.mobilier-design-occasion.fr\/magazine\/wp-json\/wp\/v2\/posts"}],"about":[{"href":"https:\/\/www.mobilier-design-occasion.fr\/magazine\/wp-json\/wp\/v2\/types\/post"}],"author":[{"embeddable":true,"href":"https:\/\/www.mobilier-design-occasion.fr\/magazine\/wp-json\/wp\/v2\/users\/2"}],"replies":[{"embeddable":true,"href":"https:\/\/www.mobilier-design-occasion.fr\/magazine\/wp-json\/wp\/v2\/comments?post=8221"}],"version-history":[{"count":1,"href":"https:\/\/www.mobilier-design-occasion.fr\/magazine\/wp-json\/wp\/v2\/posts\/8221\/revisions"}],"predecessor-version":[{"id":8231,"href":"https:\/\/www.mobilier-design-occasion.fr\/magazine\/wp-json\/wp\/v2\/posts\/8221\/revisions\/8231"}],"wp:featuredmedia":[{"embeddable":true,"href":"https:\/\/www.mobilier-design-occasion.fr\/magazine\/wp-json\/wp\/v2\/media\/8229"}],"wp:attachment":[{"href":"https:\/\/www.mobilier-design-occasion.fr\/magazine\/wp-json\/wp\/v2\/media?parent=8221"}],"wp:term":[{"taxonomy":"category","embeddable":true,"href":"https:\/\/www.mobilier-design-occasion.fr\/magazine\/wp-json\/wp\/v2\/categories?post=8221"},{"taxonomy":"post_tag","embeddable":true,"href":"https:\/\/www.mobilier-design-occasion.fr\/magazine\/wp-json\/wp\/v2\/tags?post=8221"}],"curies":[{"name":"wp","href":"https:\/\/api.w.org\/{rel}","templated":true}]}}