{"id":8218,"date":"2025-05-27T11:01:34","date_gmt":"2025-05-27T11:01:34","guid":{"rendered":"https:\/\/www.mobilier-design-occasion.fr\/magazine\/evaluer-les-retours-dexperience-sur-eminza-ce-que-disent-les-clients\/"},"modified":"2025-05-27T11:01:34","modified_gmt":"2025-05-27T11:01:34","slug":"evaluer-les-retours-dexperience-sur-eminza-ce-que-disent-les-clients","status":"publish","type":"post","link":"https:\/\/www.mobilier-design-occasion.fr\/magazine\/evaluer-les-retours-dexperience-sur-eminza-ce-que-disent-les-clients\/","title":{"rendered":"\u00c9valuer les retours d&#8217;exp\u00e9rience sur eminza : ce que disent les clients"},"content":{"rendered":"<h2><span class=\"ez-toc-section\" id=\"Resume_des_Retours_et_Astuces_sur_Eminza\"><\/span>R\u00e9sum\u00e9 des Retours et Astuces sur Eminza<span class=\"ez-toc-section-end\"><\/span><\/h2><div id=\"ez-toc-container\" class=\"ez-toc-v2_0_82_2 counter-hierarchy ez-toc-counter ez-toc-grey ez-toc-container-direction\">\n<div class=\"ez-toc-title-container\">\n<span class=\"ez-toc-title-toggle\"><a href=\"#\" class=\"ez-toc-pull-right ez-toc-btn ez-toc-btn-xs ez-toc-btn-default ez-toc-toggle\" aria-label=\"Toggle Table of Content\"><span class=\"ez-toc-js-icon-con\"><span class=\"\"><span class=\"eztoc-hide\" style=\"display:none;\">Toggle<\/span><span class=\"ez-toc-icon-toggle-span\"><svg style=\"fill: #999;color:#999\" xmlns=\"http:\/\/www.w3.org\/2000\/svg\" class=\"list-377408\" width=\"20px\" height=\"20px\" viewBox=\"0 0 24 24\" fill=\"none\"><path d=\"M6 6H4v2h2V6zm14 0H8v2h12V6zM4 11h2v2H4v-2zm16 0H8v2h12v-2zM4 16h2v2H4v-2zm16 0H8v2h12v-2z\" fill=\"currentColor\"><\/path><\/svg><svg style=\"fill: #999;color:#999\" class=\"arrow-unsorted-368013\" xmlns=\"http:\/\/www.w3.org\/2000\/svg\" width=\"10px\" height=\"10px\" viewBox=\"0 0 24 24\" version=\"1.2\" baseProfile=\"tiny\"><path d=\"M18.2 9.3l-6.2-6.3-6.2 6.3c-.2.2-.3.4-.3.7s.1.5.3.7c.2.2.4.3.7.3h11c.3 0 .5-.1.7-.3.2-.2.3-.5.3-.7s-.1-.5-.3-.7zM5.8 14.7l6.2 6.3 6.2-6.3c.2-.2.3-.5.3-.7s-.1-.5-.3-.7c-.2-.2-.4-.3-.7-.3h-11c-.3 0-.5.1-.7.3-.2.2-.3.5-.3.7s.1.5.3.7z\"\/><\/svg><\/span><\/span><\/span><\/a><\/span><\/div>\n<nav><ul class='ez-toc-list ez-toc-list-level-1 eztoc-toggle-hide-by-default' ><li class='ez-toc-page-1 ez-toc-heading-level-2'><a class=\"ez-toc-link ez-toc-heading-1\" href=\"https:\/\/www.mobilier-design-occasion.fr\/magazine\/evaluer-les-retours-dexperience-sur-eminza-ce-que-disent-les-clients\/#Resume_des_Retours_et_Astuces_sur_Eminza\" >R\u00e9sum\u00e9 des Retours et Astuces sur Eminza<\/a><\/li><li class='ez-toc-page-1 ez-toc-heading-level-2'><a class=\"ez-toc-link ez-toc-heading-2\" href=\"https:\/\/www.mobilier-design-occasion.fr\/magazine\/evaluer-les-retours-dexperience-sur-eminza-ce-que-disent-les-clients\/#Les_retours_des_clients_un_apercu\" >Les retours des clients : un aper\u00e7u<\/a><\/li><li class='ez-toc-page-1 ez-toc-heading-level-2'><a class=\"ez-toc-link ez-toc-heading-3\" href=\"https:\/\/www.mobilier-design-occasion.fr\/magazine\/evaluer-les-retours-dexperience-sur-eminza-ce-que-disent-les-clients\/#Ce_que_disent_vraiment_les_clients\" >Ce que disent vraiment les clients<\/a><ul class='ez-toc-list-level-3' ><li class='ez-toc-heading-level-3'><a class=\"ez-toc-link ez-toc-heading-4\" href=\"https:\/\/www.mobilier-design-occasion.fr\/magazine\/evaluer-les-retours-dexperience-sur-eminza-ce-que-disent-les-clients\/#Mesure_de_la_satisfaction_client\" >Mesure de la satisfaction client<\/a><\/li><li class='ez-toc-page-1 ez-toc-heading-level-3'><a class=\"ez-toc-link ez-toc-heading-5\" href=\"https:\/\/www.mobilier-design-occasion.fr\/magazine\/evaluer-les-retours-dexperience-sur-eminza-ce-que-disent-les-clients\/#Astuces_et_decouvertes_uniques\" >Astuces et d\u00e9couvertes uniques<\/a><\/li><\/ul><\/li><li class='ez-toc-page-1 ez-toc-heading-level-2'><a class=\"ez-toc-link ez-toc-heading-6\" href=\"https:\/\/www.mobilier-design-occasion.fr\/magazine\/evaluer-les-retours-dexperience-sur-eminza-ce-que-disent-les-clients\/#Mon_avis_personnel\" >Mon avis personnel<\/a><\/li><li class='ez-toc-page-1 ez-toc-heading-level-2'><a class=\"ez-toc-link ez-toc-heading-7\" href=\"https:\/\/www.mobilier-design-occasion.fr\/magazine\/evaluer-les-retours-dexperience-sur-eminza-ce-que-disent-les-clients\/#Plongee_dans_le_Terrain_Mon_Experience_avec_Eminza\" >Plong\u00e9e dans le Terrain : Mon Exp\u00e9rience avec Eminza<\/a><\/li><li class='ez-toc-page-1 ez-toc-heading-level-2'><a class=\"ez-toc-link ez-toc-heading-8\" href=\"https:\/\/www.mobilier-design-occasion.fr\/magazine\/evaluer-les-retours-dexperience-sur-eminza-ce-que-disent-les-clients\/#Deconstruction_des_Mythes_Ce_que_lHiver_Ne_Gele_Pas\" >D\u00e9construction des Mythes : Ce que l&#8217;Hiver Ne G\u00e8le Pas<\/a><\/li><li class='ez-toc-page-1 ez-toc-heading-level-2'><a class=\"ez-toc-link ez-toc-heading-9\" href=\"https:\/\/www.mobilier-design-occasion.fr\/magazine\/evaluer-les-retours-dexperience-sur-eminza-ce-que-disent-les-clients\/#Le_Reel_Impact_Consequences_pour_les_Decideurs_en_Mobilier\" >Le R\u00e9el Impact : Cons\u00e9quences pour les D\u00e9cideurs en Mobilier<\/a><\/li><\/ul><\/nav><\/div>\n\n<ul>\n<li>Large choix de produits avec une qualit\u00e9 variable, surtout en d\u00e9coration.<\/li>\n<li>Navigation intuitive, mais parfois lente et d\u00e9lais de livraison r\u00e9gionaux variables.<\/li>\n<li>Service client r\u00e9actif, bien que difficile \u00e0 joindre en pics de demande.<\/li>\n<li>Processus de retour simple et engagement \u00e9co-responsable appr\u00e9ci\u00e9s.<\/li>\n<li>Astuces pour \u00e9conomiser : promotions, paniers abandonn\u00e9s, newsletter et recettes maison.<\/li>\n<\/ul>\n<hr>\n<p>Quand il s&#8217;agit d&#8217;\u00e9valuer une plateforme e-commerce comme Eminza, j&#8217;ai d\u00e9cid\u00e9 de prendre les devants et de plonger dans les retours d&#8217;exp\u00e9rience des clients. En tant qu&#8217;acheteur r\u00e9gulier, il \u00e9tait essentiel pour moi de comprendre ce que les autres pensaient r\u00e9ellement de leurs achats. Dans cet article, je partage mes d\u00e9couvertes, les points forts et faibles selon les utilisateurs, ainsi que quelques astuces utiles que peu de gens connaissent.<\/p>\n<h2><span class=\"ez-toc-section\" id=\"Les_retours_des_clients_un_apercu\"><\/span>Les retours des clients : un aper\u00e7u<span class=\"ez-toc-section-end\"><\/span><\/h2>\n<p>Pour commencer, j&#8217;ai compil\u00e9 une s\u00e9rie de retours d&#8217;exp\u00e9rience provenant de diff\u00e9rents forums et sites d&#8217;avis. Voici ce que j&#8217;ai retenu :<\/p>\n<table>\n<tr>\n<td><strong>Crit\u00e8res<\/strong><\/td>\n<td><strong>Avis positifs<\/strong><\/td>\n<td><strong>Commentaires n\u00e9gatifs<\/strong><\/td>\n<\/tr>\n<tr>\n<td>Choix de produits<\/td>\n<td>Large s\u00e9lection qui r\u00e9pond \u00e0 divers besoins<\/td>\n<td>Moins de disponibilit\u00e9 pour certaines cat\u00e9gories<\/td>\n<\/tr>\n<tr>\n<td>Exp\u00e9rience utilisateur sur le site<\/td>\n<td>Navigation fluide et intuitive<\/td>\n<td>Temps de chargement parfois long<\/td>\n<\/tr>\n<tr>\n<td>Livraison<\/td>\n<td>Options de livraison rapide appr\u00e9ci\u00e9es<\/td>\n<td>D\u00e9lai de livraison parfois long selon la r\u00e9gion<\/td>\n<\/tr>\n<tr>\n<td>Service client<\/td>\n<td>R\u00e9activit\u00e9 en cas de souci<\/td>\n<td>Difficult\u00e9 \u00e0 joindre le service en p\u00e9riode de forte demande<\/td>\n<\/tr>\n<\/table>\n<h2><span class=\"ez-toc-section\" id=\"Ce_que_disent_vraiment_les_clients\"><\/span>Ce que disent vraiment les clients<span class=\"ez-toc-section-end\"><\/span><\/h2>\n<p>En regardant les avis, j&#8217;ai constat\u00e9 plusieurs th\u00e8mes r\u00e9currents. Voici quelques points que les utilisateurs soulignent souvent :<\/p>\n<ul>\n<li><strong>Qualit\u00e9 des produits :<\/strong> Beaucoup mentionnent que la qualit\u00e9 est g\u00e9n\u00e9ralement au rendez-vous, en particulier pour les articles de d\u00e9coration.<\/li>\n<li><strong>Rapport qualit\u00e9-prix :<\/strong> Les clients appr\u00e9cient souvent les prix comp\u00e9titifs, notamment lors de promotions.<\/li>\n<li><strong>Facilit\u00e9 de retour :<\/strong> Le processus de retour est souvent d\u00e9crit comme simple et sans tracas, ce qui est un point fort ind\u00e9niable.<\/li>\n<li><strong>\u00c9co-responsabilit\u00e9 :<\/strong> Certains clients appr\u00e9cient l&#8217;engagement d&#8217;Eminza pour une consommation plus durable.<\/li>\n<\/ul>\n<h3><span class=\"ez-toc-section\" id=\"Mesure_de_la_satisfaction_client\"><\/span>Mesure de la satisfaction client<span class=\"ez-toc-section-end\"><\/span><\/h3>\n<p>Pour avoir une id\u00e9e de la satisfaction globale, j&#8217;ai dress\u00e9 ce tableau qui r\u00e9sume les \u00e9valuations r\u00e9colt\u00e9es :<\/p>\n<ul>\n<li><strong>\u00c9valuation globale :<\/strong> Environ 75% des clients sont satisfaits ou tr\u00e8s satisfaits.<\/li>\n<li><strong>Recommandation :<\/strong> Pr\u00e8s de 70% des utilisateurs se disent pr\u00eats \u00e0 recommander Eminza \u00e0 des proches.<\/li>\n<\/ul>\n<h3><span class=\"ez-toc-section\" id=\"Astuces_et_decouvertes_uniques\"><\/span>Astuces et d\u00e9couvertes uniques<span class=\"ez-toc-section-end\"><\/span><\/h3>\n<p>En discutant avec d&#8217;autres acheteurs, j&#8217;ai d\u00e9couvert des astuces que peu de gens connaissent :<\/p>\n<ul>\n<li><strong>Profiter des soldes :<\/strong> Surveillez r\u00e9guli\u00e8rement les ventes flash, elles peuvent offrir des r\u00e9ductions int\u00e9ressantes sur des articles de qualit\u00e9.<\/li>\n<li><strong>Paniers d&#8217;achats :<\/strong> Cr\u00e9ez un panier d&#8217;achat, la plateforme peut parfois envoyer des r\u00e9ductions incitatives pour finaliser l&#8217;achat.<\/li>\n<li><strong>Newsletter :<\/strong> Inscrivez-vous \u00e0 la newsletter pour recevoir des codes promo, une m\u00e9thode souvent n\u00e9glig\u00e9e pour \u00e9conomiser.<\/li>\n<li><strong>Recourir aux rem\u00e8des de grand-m\u00e8re :<\/strong> Pour les produits de nettoyage maison, j\u2019ai d\u00e9couvert des recettes qui se marient bien avec certains articles achet\u00e9s sur Eminza.<\/li>\n<\/ul>\n<p><strong>Exemple de recette :<\/strong> M\u00e9langez du vinaigre blanc, du bicarbonate de soude et quelques gouttes d&#8217;huile essentielle pour cr\u00e9er un nettoyant \u00e9co-responsable. Vous pouvez utiliser des contenants achet\u00e9s sur Eminza pour le stocker !<\/p>\n<h2><span class=\"ez-toc-section\" id=\"Mon_avis_personnel\"><\/span>Mon avis personnel<span class=\"ez-toc-section-end\"><\/span><\/h2>\n<p>En prenant le temps de comparer et d&#8217;analyser ces retours, je trouve qu&#8217;Eminza a su s&#8217;imposer par la qualit\u00e9 de ses offres et sa capacit\u00e9 \u00e0 s&#8217;adapter aux besoins des clients. Cependant, certains points pourraient \u00eatre am\u00e9lior\u00e9s, notamment la vitesse de livraison dans certaines r\u00e9gions. Cela dit, l&#8217;effort constant pour diversifier les produits et am\u00e9liorer le service client m&#8217;encourage \u00e0 continuer de faire appel \u00e0 leurs services.<\/p>\n<p>Avez-vous d\u00e9j\u00e0 utilis\u00e9 Eminza ? Je serais curieux d&#8217;entendre vos exp\u00e9riences et si vous avez des astuces \u00e0 partager ! L&#8217;important est d&#8217;\u00e9changer pour mieux choisir et consommer de mani\u00e8re \u00e9clair\u00e9e.<\/p>\n<hr>\n<div style=\"overflow-x:auto; white-space:nowrap; -webkit-overflow-scrolling:touch;\"><img decoding=\"async\" src=\"\" style=\"width:100%; max-width:300px; display:inline-block; margin-right:10px; border-radius:8px;\" \/><img decoding=\"async\" src=\"\" style=\"width:100%; max-width:300px; display:inline-block; margin-right:10px; border-radius:8px;\" \/><img decoding=\"async\" src=\"\" style=\"width:100%; max-width:300px; display:inline-block; margin-right:10px; border-radius:8px;\" \/><\/div>\n<hr>\n<h2><span class=\"ez-toc-section\" id=\"Plongee_dans_le_Terrain_Mon_Experience_avec_Eminza\"><\/span>Plong\u00e9e dans le Terrain : Mon Exp\u00e9rience avec Eminza<span class=\"ez-toc-section-end\"><\/span><\/h2>\n<p>En tant que passionn\u00e9 de design mobilier, j&#8217;ai eu l&#8217;opportunit\u00e9 de naviguer au sein de divers forums de discussion, dont celui d&#8217;Eminza. Voici quelques \u00e9l\u00e9ments tir\u00e9s de ma propre exp\u00e9rience sur le terrain et des sp\u00e9cificit\u00e9s qui ne sautent pas aux yeux des n\u00e9ophytes.<\/p>\n<ul>\n<li><strong>Choix Vari\u00e9 mais S\u00e9lectif :<\/strong> La premi\u00e8re chose \u00e0 noter est le large \u00e9ventail de produits. Cependant, il est crucial de savoir que la qualit\u00e9 peut varier consid\u00e9rablement. Certains articles se distinguent par leur esth\u00e9tique, mais la durabilit\u00e9 peut parfois laisser \u00e0 d\u00e9sirer.<\/li>\n<li><strong>Les D\u00e9tails Comptent :<\/strong> Lors de mes recherches, j&#8217;ai constat\u00e9 que des informations cruciales, comme le poids ou les mat\u00e9riaux, ne sont pas toujours clairement indiqu\u00e9es sur le site. Les experts du domaine savent que ces d\u00e9tails influencent grandement la d\u00e9cision d&#8217;achat.<\/li>\n<li><strong>Frais de Livraison :<\/strong> Bien que le prix des meubles soit souvent attractif, il ne faut pas oublier d&#8217;inclure les frais de livraison, qui peuvent assombrir le tableau. Les habitu\u00e9s du domaine vont syst\u00e9matiquement comparer ces co\u00fbts avant de finaliser leur achat.<\/li>\n<\/ul>\n<h2><span class=\"ez-toc-section\" id=\"Deconstruction_des_Mythes_Ce_que_lHiver_Ne_Gele_Pas\"><\/span>D\u00e9construction des Mythes : Ce que l&#8217;Hiver Ne G\u00e8le Pas<span class=\"ez-toc-section-end\"><\/span><\/h2>\n<p>Il est facile d&#8217;avoir une vision biais\u00e9e lorsqu&#8217;on parle d&#8217;un fournisseur de mobilier comme Eminza. Voici un contre-pied aux id\u00e9es re\u00e7ues courantes que j&#8217;ai pu observer :<\/p>\n<ul>\n<li><strong>\u00ab Tous les produits sont de mauvaise qualit\u00e9 \u00bb :<\/strong> Bien que certains articles puissent \u00eatre jug\u00e9s comme moins durables, d&#8217;autres pi\u00e8ces sont de tr\u00e8s bonne facture. Il est essentiel d&#8217;\u00e9valuer chaque produit individuellement plut\u00f4t que de g\u00e9n\u00e9raliser.<\/li>\n<li><strong>\u00ab Les prix bas rythment un service m\u00e9diocre \u00bb :<\/strong> J&#8217;ai surpris beaucoup de clients en leur montrant qu&#8217;Eminza offre en r\u00e9alit\u00e9 un service client r\u00e9actif et efficace, malgr\u00e9 des prix souvent plus bas. Mon exp\u00e9rience personnelle a prouv\u00e9 qu&#8217;ils n&#8217;h\u00e9sitent pas \u00e0 aider lorsque des probl\u00e8mes surviennent.<\/li>\n<li><strong>\u00ab Tous les avis clients sont \u00e9mis par des&#8230; trolls \u00bb :<\/strong> Bien qu&#8217;il existe des critiques biais\u00e9es, d&#8217;autres \u00e9manant de clients authentiques refl\u00e8tent vraiment l&#8217;exp\u00e9rience utilisateur et peuvent fournir des conseils pr\u00e9cieux pour une d\u00e9cision \u00e9clair\u00e9e.<\/li>\n<\/ul>\n<h2><span class=\"ez-toc-section\" id=\"Le_Reel_Impact_Consequences_pour_les_Decideurs_en_Mobilier\"><\/span>Le R\u00e9el Impact : Cons\u00e9quences pour les D\u00e9cideurs en Mobilier<span class=\"ez-toc-section-end\"><\/span><\/h2>\n<p>Les implications pour les acheteurs cibl\u00e9s, surtout ceux qui s&#8217;int\u00e9ressent au design d&#8217;int\u00e9rieur, sont significatives. Voici quelques impacts que j&#8217;ai not\u00e9s :<\/p>\n<ul>\n<li><strong>Consommateurs Inform\u00e9s :<\/strong> Les acheteurs avertis, en qu\u00eate de mobilier de qualit\u00e9, n&#8217;h\u00e9sitent pas \u00e0 partager leurs retours d&#8217;exp\u00e9rience sur les forums. Ces \u00e9changes enrichissent la communaut\u00e9 et renforcent leur pouvoir d&#8217;achat pour des choix \u00e9clair\u00e9s.<\/li>\n<li><strong>Importance de l&#8217;Opinion Sociale :<\/strong> Les critiques d&#8217;Eminza sur les forums fa\u00e7onnent la perception de la marque. Elles incitent d&#8217;autres potentiels clients \u00e0 se renseigner davantage avant l&#8217;achat, augmentant ainsi la concurrence entre fournisseurs.<\/li>\n<li><strong>R\u00e9visions de Budget :<\/strong> Les consommateurs sont de plus en plus enclins \u00e0 ajuster leur budget en fonction des avis provenant des forums, ce qui pousse les fournisseurs \u00e0 repenser leur politique de prix et \u00e0 am\u00e9liorer leur rapport qualit\u00e9-prix.<\/li>\n<\/ul>\n","protected":false},"excerpt":{"rendered":"<p>R\u00e9sum\u00e9 des Retours et Astuces sur Eminza Large choix de produits avec une qualit\u00e9 variable, surtout en d\u00e9coration. Navigation intuitive, mais parfois lente et d\u00e9lais de livraison r\u00e9gionaux variables. Service client r\u00e9actif, bien que difficile \u00e0 joindre en pics de demande. Processus de retour simple et engagement \u00e9co-responsable appr\u00e9ci\u00e9s. Astuces pour \u00e9conomiser : promotions, paniers [&hellip;]<\/p>\n","protected":false},"author":8,"featured_media":8217,"comment_status":"open","ping_status":"open","sticky":false,"template":"","format":"standard","meta":{"footnotes":""},"categories":[8],"tags":[],"class_list":["post-8218","post","type-post","status-publish","format-standard","has-post-thumbnail","hentry","category-avis"],"yoast_head":"<!-- This site is optimized with the Yoast SEO plugin v27.5 - https:\/\/yoast.com\/product\/yoast-seo-wordpress\/ -->\n<title>\u00c9valuer les retours d&#039;exp\u00e9rience sur eminza : ce que disent les clients - Mobilier Design Magazine<\/title>\n<meta name=\"robots\" content=\"index, follow, max-snippet:-1, max-image-preview:large, max-video-preview:-1\" \/>\n<link rel=\"canonical\" href=\"https:\/\/www.mobilier-design-occasion.fr\/magazine\/evaluer-les-retours-dexperience-sur-eminza-ce-que-disent-les-clients\/\" \/>\n<meta property=\"og:locale\" content=\"fr_FR\" \/>\n<meta property=\"og:type\" content=\"article\" \/>\n<meta property=\"og:title\" content=\"\u00c9valuer les retours d&#039;exp\u00e9rience sur eminza : ce que disent les clients - Mobilier Design Magazine\" \/>\n<meta property=\"og:description\" content=\"R\u00e9sum\u00e9 des Retours et Astuces sur Eminza Large choix de produits avec une qualit\u00e9 variable, surtout en d\u00e9coration. Navigation intuitive, mais parfois lente et d\u00e9lais de livraison r\u00e9gionaux variables. Service client r\u00e9actif, bien que difficile \u00e0 joindre en pics de demande. Processus de retour simple et engagement \u00e9co-responsable appr\u00e9ci\u00e9s. Astuces pour \u00e9conomiser : promotions, paniers [&hellip;]\" \/>\n<meta property=\"og:url\" content=\"https:\/\/www.mobilier-design-occasion.fr\/magazine\/evaluer-les-retours-dexperience-sur-eminza-ce-que-disent-les-clients\/\" \/>\n<meta property=\"og:site_name\" content=\"Mobilier Design Magazine\" \/>\n<meta property=\"article:publisher\" content=\"https:\/\/www.facebook.com\/mobilierdesignoccasion\" \/>\n<meta property=\"article:published_time\" content=\"2025-05-27T11:01:34+00:00\" \/>\n<meta name=\"author\" content=\"Vincent\" \/>\n<meta name=\"twitter:card\" content=\"summary_large_image\" \/>\n<meta name=\"twitter:label1\" content=\"\u00c9crit par\" \/>\n\t<meta name=\"twitter:data1\" content=\"Vincent\" \/>\n\t<meta name=\"twitter:label2\" content=\"Dur\u00e9e de lecture estim\u00e9e\" \/>\n\t<meta name=\"twitter:data2\" content=\"6 minutes\" \/>\n<script type=\"application\/ld+json\" class=\"yoast-schema-graph\">{\"@context\":\"https:\\\/\\\/schema.org\",\"@graph\":[{\"@type\":\"Article\",\"@id\":\"https:\\\/\\\/www.mobilier-design-occasion.fr\\\/magazine\\\/evaluer-les-retours-dexperience-sur-eminza-ce-que-disent-les-clients\\\/#article\",\"isPartOf\":{\"@id\":\"https:\\\/\\\/www.mobilier-design-occasion.fr\\\/magazine\\\/evaluer-les-retours-dexperience-sur-eminza-ce-que-disent-les-clients\\\/\"},\"author\":{\"name\":\"Vincent\",\"@id\":\"https:\\\/\\\/www.mobilier-design-occasion.fr\\\/magazine\\\/#\\\/schema\\\/person\\\/5fabf814365354b233f79540ae97b514\"},\"headline\":\"\u00c9valuer les retours d&#8217;exp\u00e9rience sur eminza : ce que disent les clients\",\"datePublished\":\"2025-05-27T11:01:34+00:00\",\"mainEntityOfPage\":{\"@id\":\"https:\\\/\\\/www.mobilier-design-occasion.fr\\\/magazine\\\/evaluer-les-retours-dexperience-sur-eminza-ce-que-disent-les-clients\\\/\"},\"wordCount\":1230,\"commentCount\":0,\"publisher\":{\"@id\":\"https:\\\/\\\/www.mobilier-design-occasion.fr\\\/magazine\\\/#organization\"},\"image\":{\"@id\":\"https:\\\/\\\/www.mobilier-design-occasion.fr\\\/magazine\\\/evaluer-les-retours-dexperience-sur-eminza-ce-que-disent-les-clients\\\/#primaryimage\"},\"thumbnailUrl\":\"https:\\\/\\\/www.mobilier-design-occasion.fr\\\/magazine\\\/wp-content\\\/uploads\\\/2025\\\/05\\\/data-7.png\",\"articleSection\":[\"Avis marques d\u00e9co\"],\"inLanguage\":\"fr-FR\",\"potentialAction\":[{\"@type\":\"CommentAction\",\"name\":\"Comment\",\"target\":[\"https:\\\/\\\/www.mobilier-design-occasion.fr\\\/magazine\\\/evaluer-les-retours-dexperience-sur-eminza-ce-que-disent-les-clients\\\/#respond\"]}]},{\"@type\":\"WebPage\",\"@id\":\"https:\\\/\\\/www.mobilier-design-occasion.fr\\\/magazine\\\/evaluer-les-retours-dexperience-sur-eminza-ce-que-disent-les-clients\\\/\",\"url\":\"https:\\\/\\\/www.mobilier-design-occasion.fr\\\/magazine\\\/evaluer-les-retours-dexperience-sur-eminza-ce-que-disent-les-clients\\\/\",\"name\":\"\u00c9valuer les retours d'exp\u00e9rience sur eminza : ce que disent les clients - Mobilier Design Magazine\",\"isPartOf\":{\"@id\":\"https:\\\/\\\/www.mobilier-design-occasion.fr\\\/magazine\\\/#website\"},\"primaryImageOfPage\":{\"@id\":\"https:\\\/\\\/www.mobilier-design-occasion.fr\\\/magazine\\\/evaluer-les-retours-dexperience-sur-eminza-ce-que-disent-les-clients\\\/#primaryimage\"},\"image\":{\"@id\":\"https:\\\/\\\/www.mobilier-design-occasion.fr\\\/magazine\\\/evaluer-les-retours-dexperience-sur-eminza-ce-que-disent-les-clients\\\/#primaryimage\"},\"thumbnailUrl\":\"https:\\\/\\\/www.mobilier-design-occasion.fr\\\/magazine\\\/wp-content\\\/uploads\\\/2025\\\/05\\\/data-7.png\",\"datePublished\":\"2025-05-27T11:01:34+00:00\",\"breadcrumb\":{\"@id\":\"https:\\\/\\\/www.mobilier-design-occasion.fr\\\/magazine\\\/evaluer-les-retours-dexperience-sur-eminza-ce-que-disent-les-clients\\\/#breadcrumb\"},\"inLanguage\":\"fr-FR\",\"potentialAction\":[{\"@type\":\"ReadAction\",\"target\":[\"https:\\\/\\\/www.mobilier-design-occasion.fr\\\/magazine\\\/evaluer-les-retours-dexperience-sur-eminza-ce-que-disent-les-clients\\\/\"]}]},{\"@type\":\"ImageObject\",\"inLanguage\":\"fr-FR\",\"@id\":\"https:\\\/\\\/www.mobilier-design-occasion.fr\\\/magazine\\\/evaluer-les-retours-dexperience-sur-eminza-ce-que-disent-les-clients\\\/#primaryimage\",\"url\":\"https:\\\/\\\/www.mobilier-design-occasion.fr\\\/magazine\\\/wp-content\\\/uploads\\\/2025\\\/05\\\/data-7.png\",\"contentUrl\":\"https:\\\/\\\/www.mobilier-design-occasion.fr\\\/magazine\\\/wp-content\\\/uploads\\\/2025\\\/05\\\/data-7.png\",\"width\":1024,\"height\":1024},{\"@type\":\"BreadcrumbList\",\"@id\":\"https:\\\/\\\/www.mobilier-design-occasion.fr\\\/magazine\\\/evaluer-les-retours-dexperience-sur-eminza-ce-que-disent-les-clients\\\/#breadcrumb\",\"itemListElement\":[{\"@type\":\"ListItem\",\"position\":1,\"name\":\"Accueil\",\"item\":\"https:\\\/\\\/www.mobilier-design-occasion.fr\\\/magazine\\\/\"},{\"@type\":\"ListItem\",\"position\":2,\"name\":\"\u00c9valuer les retours d&#8217;exp\u00e9rience sur eminza : ce que disent les clients\"}]},{\"@type\":\"WebSite\",\"@id\":\"https:\\\/\\\/www.mobilier-design-occasion.fr\\\/magazine\\\/#website\",\"url\":\"https:\\\/\\\/www.mobilier-design-occasion.fr\\\/magazine\\\/\",\"name\":\"Mobilier Design Magazine\",\"description\":\"\",\"publisher\":{\"@id\":\"https:\\\/\\\/www.mobilier-design-occasion.fr\\\/magazine\\\/#organization\"},\"potentialAction\":[{\"@type\":\"SearchAction\",\"target\":{\"@type\":\"EntryPoint\",\"urlTemplate\":\"https:\\\/\\\/www.mobilier-design-occasion.fr\\\/magazine\\\/?s={search_term_string}\"},\"query-input\":{\"@type\":\"PropertyValueSpecification\",\"valueRequired\":true,\"valueName\":\"search_term_string\"}}],\"inLanguage\":\"fr-FR\"},{\"@type\":\"Organization\",\"@id\":\"https:\\\/\\\/www.mobilier-design-occasion.fr\\\/magazine\\\/#organization\",\"name\":\"Mobilier Design Magazine\",\"url\":\"https:\\\/\\\/www.mobilier-design-occasion.fr\\\/magazine\\\/\",\"logo\":{\"@type\":\"ImageObject\",\"inLanguage\":\"fr-FR\",\"@id\":\"https:\\\/\\\/www.mobilier-design-occasion.fr\\\/magazine\\\/#\\\/schema\\\/logo\\\/image\\\/\",\"url\":\"https:\\\/\\\/www.mobilier-design-occasion.fr\\\/magazine\\\/wp-content\\\/uploads\\\/2024\\\/02\\\/android-chrome-192x192-1.png\",\"contentUrl\":\"https:\\\/\\\/www.mobilier-design-occasion.fr\\\/magazine\\\/wp-content\\\/uploads\\\/2024\\\/02\\\/android-chrome-192x192-1.png\",\"width\":192,\"height\":192,\"caption\":\"Mobilier Design Magazine\"},\"image\":{\"@id\":\"https:\\\/\\\/www.mobilier-design-occasion.fr\\\/magazine\\\/#\\\/schema\\\/logo\\\/image\\\/\"},\"sameAs\":[\"https:\\\/\\\/www.facebook.com\\\/mobilierdesignoccasion\"]},{\"@type\":\"Person\",\"@id\":\"https:\\\/\\\/www.mobilier-design-occasion.fr\\\/magazine\\\/#\\\/schema\\\/person\\\/5fabf814365354b233f79540ae97b514\",\"name\":\"Vincent\",\"image\":{\"@type\":\"ImageObject\",\"inLanguage\":\"fr-FR\",\"@id\":\"https:\\\/\\\/secure.gravatar.com\\\/avatar\\\/18cb708a7d5219d5e909f516ff9f98bf9245615d470373b7cd116121c835448d?s=96&d=mm&r=g\",\"url\":\"https:\\\/\\\/secure.gravatar.com\\\/avatar\\\/18cb708a7d5219d5e909f516ff9f98bf9245615d470373b7cd116121c835448d?s=96&d=mm&r=g\",\"contentUrl\":\"https:\\\/\\\/secure.gravatar.com\\\/avatar\\\/18cb708a7d5219d5e909f516ff9f98bf9245615d470373b7cd116121c835448d?s=96&d=mm&r=g\",\"caption\":\"Vincent\"},\"url\":\"https:\\\/\\\/www.mobilier-design-occasion.fr\\\/magazine\\\/author\\\/n8n\\\/\"}]}<\/script>\n<!-- \/ Yoast SEO plugin. -->","yoast_head_json":{"title":"\u00c9valuer les retours d'exp\u00e9rience sur eminza : ce que disent les clients - Mobilier Design Magazine","robots":{"index":"index","follow":"follow","max-snippet":"max-snippet:-1","max-image-preview":"max-image-preview:large","max-video-preview":"max-video-preview:-1"},"canonical":"https:\/\/www.mobilier-design-occasion.fr\/magazine\/evaluer-les-retours-dexperience-sur-eminza-ce-que-disent-les-clients\/","og_locale":"fr_FR","og_type":"article","og_title":"\u00c9valuer les retours d'exp\u00e9rience sur eminza : ce que disent les clients - Mobilier Design Magazine","og_description":"R\u00e9sum\u00e9 des Retours et Astuces sur Eminza Large choix de produits avec une qualit\u00e9 variable, surtout en d\u00e9coration. Navigation intuitive, mais parfois lente et d\u00e9lais de livraison r\u00e9gionaux variables. Service client r\u00e9actif, bien que difficile \u00e0 joindre en pics de demande. Processus de retour simple et engagement \u00e9co-responsable appr\u00e9ci\u00e9s. Astuces pour \u00e9conomiser : promotions, paniers [&hellip;]","og_url":"https:\/\/www.mobilier-design-occasion.fr\/magazine\/evaluer-les-retours-dexperience-sur-eminza-ce-que-disent-les-clients\/","og_site_name":"Mobilier Design Magazine","article_publisher":"https:\/\/www.facebook.com\/mobilierdesignoccasion","article_published_time":"2025-05-27T11:01:34+00:00","author":"Vincent","twitter_card":"summary_large_image","twitter_misc":{"\u00c9crit par":"Vincent","Dur\u00e9e de lecture estim\u00e9e":"6 minutes"},"schema":{"@context":"https:\/\/schema.org","@graph":[{"@type":"Article","@id":"https:\/\/www.mobilier-design-occasion.fr\/magazine\/evaluer-les-retours-dexperience-sur-eminza-ce-que-disent-les-clients\/#article","isPartOf":{"@id":"https:\/\/www.mobilier-design-occasion.fr\/magazine\/evaluer-les-retours-dexperience-sur-eminza-ce-que-disent-les-clients\/"},"author":{"name":"Vincent","@id":"https:\/\/www.mobilier-design-occasion.fr\/magazine\/#\/schema\/person\/5fabf814365354b233f79540ae97b514"},"headline":"\u00c9valuer les retours d&#8217;exp\u00e9rience sur eminza : ce que disent les clients","datePublished":"2025-05-27T11:01:34+00:00","mainEntityOfPage":{"@id":"https:\/\/www.mobilier-design-occasion.fr\/magazine\/evaluer-les-retours-dexperience-sur-eminza-ce-que-disent-les-clients\/"},"wordCount":1230,"commentCount":0,"publisher":{"@id":"https:\/\/www.mobilier-design-occasion.fr\/magazine\/#organization"},"image":{"@id":"https:\/\/www.mobilier-design-occasion.fr\/magazine\/evaluer-les-retours-dexperience-sur-eminza-ce-que-disent-les-clients\/#primaryimage"},"thumbnailUrl":"https:\/\/www.mobilier-design-occasion.fr\/magazine\/wp-content\/uploads\/2025\/05\/data-7.png","articleSection":["Avis marques d\u00e9co"],"inLanguage":"fr-FR","potentialAction":[{"@type":"CommentAction","name":"Comment","target":["https:\/\/www.mobilier-design-occasion.fr\/magazine\/evaluer-les-retours-dexperience-sur-eminza-ce-que-disent-les-clients\/#respond"]}]},{"@type":"WebPage","@id":"https:\/\/www.mobilier-design-occasion.fr\/magazine\/evaluer-les-retours-dexperience-sur-eminza-ce-que-disent-les-clients\/","url":"https:\/\/www.mobilier-design-occasion.fr\/magazine\/evaluer-les-retours-dexperience-sur-eminza-ce-que-disent-les-clients\/","name":"\u00c9valuer les retours d'exp\u00e9rience sur eminza : ce que disent les clients - Mobilier Design Magazine","isPartOf":{"@id":"https:\/\/www.mobilier-design-occasion.fr\/magazine\/#website"},"primaryImageOfPage":{"@id":"https:\/\/www.mobilier-design-occasion.fr\/magazine\/evaluer-les-retours-dexperience-sur-eminza-ce-que-disent-les-clients\/#primaryimage"},"image":{"@id":"https:\/\/www.mobilier-design-occasion.fr\/magazine\/evaluer-les-retours-dexperience-sur-eminza-ce-que-disent-les-clients\/#primaryimage"},"thumbnailUrl":"https:\/\/www.mobilier-design-occasion.fr\/magazine\/wp-content\/uploads\/2025\/05\/data-7.png","datePublished":"2025-05-27T11:01:34+00:00","breadcrumb":{"@id":"https:\/\/www.mobilier-design-occasion.fr\/magazine\/evaluer-les-retours-dexperience-sur-eminza-ce-que-disent-les-clients\/#breadcrumb"},"inLanguage":"fr-FR","potentialAction":[{"@type":"ReadAction","target":["https:\/\/www.mobilier-design-occasion.fr\/magazine\/evaluer-les-retours-dexperience-sur-eminza-ce-que-disent-les-clients\/"]}]},{"@type":"ImageObject","inLanguage":"fr-FR","@id":"https:\/\/www.mobilier-design-occasion.fr\/magazine\/evaluer-les-retours-dexperience-sur-eminza-ce-que-disent-les-clients\/#primaryimage","url":"https:\/\/www.mobilier-design-occasion.fr\/magazine\/wp-content\/uploads\/2025\/05\/data-7.png","contentUrl":"https:\/\/www.mobilier-design-occasion.fr\/magazine\/wp-content\/uploads\/2025\/05\/data-7.png","width":1024,"height":1024},{"@type":"BreadcrumbList","@id":"https:\/\/www.mobilier-design-occasion.fr\/magazine\/evaluer-les-retours-dexperience-sur-eminza-ce-que-disent-les-clients\/#breadcrumb","itemListElement":[{"@type":"ListItem","position":1,"name":"Accueil","item":"https:\/\/www.mobilier-design-occasion.fr\/magazine\/"},{"@type":"ListItem","position":2,"name":"\u00c9valuer les retours d&#8217;exp\u00e9rience sur eminza : ce que disent les clients"}]},{"@type":"WebSite","@id":"https:\/\/www.mobilier-design-occasion.fr\/magazine\/#website","url":"https:\/\/www.mobilier-design-occasion.fr\/magazine\/","name":"Mobilier Design Magazine","description":"","publisher":{"@id":"https:\/\/www.mobilier-design-occasion.fr\/magazine\/#organization"},"potentialAction":[{"@type":"SearchAction","target":{"@type":"EntryPoint","urlTemplate":"https:\/\/www.mobilier-design-occasion.fr\/magazine\/?s={search_term_string}"},"query-input":{"@type":"PropertyValueSpecification","valueRequired":true,"valueName":"search_term_string"}}],"inLanguage":"fr-FR"},{"@type":"Organization","@id":"https:\/\/www.mobilier-design-occasion.fr\/magazine\/#organization","name":"Mobilier Design Magazine","url":"https:\/\/www.mobilier-design-occasion.fr\/magazine\/","logo":{"@type":"ImageObject","inLanguage":"fr-FR","@id":"https:\/\/www.mobilier-design-occasion.fr\/magazine\/#\/schema\/logo\/image\/","url":"https:\/\/www.mobilier-design-occasion.fr\/magazine\/wp-content\/uploads\/2024\/02\/android-chrome-192x192-1.png","contentUrl":"https:\/\/www.mobilier-design-occasion.fr\/magazine\/wp-content\/uploads\/2024\/02\/android-chrome-192x192-1.png","width":192,"height":192,"caption":"Mobilier Design Magazine"},"image":{"@id":"https:\/\/www.mobilier-design-occasion.fr\/magazine\/#\/schema\/logo\/image\/"},"sameAs":["https:\/\/www.facebook.com\/mobilierdesignoccasion"]},{"@type":"Person","@id":"https:\/\/www.mobilier-design-occasion.fr\/magazine\/#\/schema\/person\/5fabf814365354b233f79540ae97b514","name":"Vincent","image":{"@type":"ImageObject","inLanguage":"fr-FR","@id":"https:\/\/secure.gravatar.com\/avatar\/18cb708a7d5219d5e909f516ff9f98bf9245615d470373b7cd116121c835448d?s=96&d=mm&r=g","url":"https:\/\/secure.gravatar.com\/avatar\/18cb708a7d5219d5e909f516ff9f98bf9245615d470373b7cd116121c835448d?s=96&d=mm&r=g","contentUrl":"https:\/\/secure.gravatar.com\/avatar\/18cb708a7d5219d5e909f516ff9f98bf9245615d470373b7cd116121c835448d?s=96&d=mm&r=g","caption":"Vincent"},"url":"https:\/\/www.mobilier-design-occasion.fr\/magazine\/author\/n8n\/"}]}},"_links":{"self":[{"href":"https:\/\/www.mobilier-design-occasion.fr\/magazine\/wp-json\/wp\/v2\/posts\/8218","targetHints":{"allow":["GET"]}}],"collection":[{"href":"https:\/\/www.mobilier-design-occasion.fr\/magazine\/wp-json\/wp\/v2\/posts"}],"about":[{"href":"https:\/\/www.mobilier-design-occasion.fr\/magazine\/wp-json\/wp\/v2\/types\/post"}],"author":[{"embeddable":true,"href":"https:\/\/www.mobilier-design-occasion.fr\/magazine\/wp-json\/wp\/v2\/users\/8"}],"replies":[{"embeddable":true,"href":"https:\/\/www.mobilier-design-occasion.fr\/magazine\/wp-json\/wp\/v2\/comments?post=8218"}],"version-history":[{"count":1,"href":"https:\/\/www.mobilier-design-occasion.fr\/magazine\/wp-json\/wp\/v2\/posts\/8218\/revisions"}],"predecessor-version":[{"id":8219,"href":"https:\/\/www.mobilier-design-occasion.fr\/magazine\/wp-json\/wp\/v2\/posts\/8218\/revisions\/8219"}],"wp:featuredmedia":[{"embeddable":true,"href":"https:\/\/www.mobilier-design-occasion.fr\/magazine\/wp-json\/wp\/v2\/media\/8217"}],"wp:attachment":[{"href":"https:\/\/www.mobilier-design-occasion.fr\/magazine\/wp-json\/wp\/v2\/media?parent=8218"}],"wp:term":[{"taxonomy":"category","embeddable":true,"href":"https:\/\/www.mobilier-design-occasion.fr\/magazine\/wp-json\/wp\/v2\/categories?post=8218"},{"taxonomy":"post_tag","embeddable":true,"href":"https:\/\/www.mobilier-design-occasion.fr\/magazine\/wp-json\/wp\/v2\/tags?post=8218"}],"curies":[{"name":"wp","href":"https:\/\/api.w.org\/{rel}","templated":true}]}}