{"id":8209,"date":"2025-05-19T09:02:12","date_gmt":"2025-05-19T09:02:12","guid":{"rendered":"https:\/\/www.mobilier-design-occasion.fr\/magazine\/comment-jai-optimise-le-confort-de-mon-mobilier-pour-un-interieur-cocooning\/"},"modified":"2025-05-19T09:02:13","modified_gmt":"2025-05-19T09:02:13","slug":"comment-jai-optimise-le-confort-de-mon-mobilier-pour-un-interieur-cocooning","status":"publish","type":"post","link":"https:\/\/www.mobilier-design-occasion.fr\/magazine\/comment-jai-optimise-le-confort-de-mon-mobilier-pour-un-interieur-cocooning\/","title":{"rendered":"Comment j&#8217;ai optimis\u00e9 le confort de mon mobilier pour un int\u00e9rieur cocooning"},"content":{"rendered":"<h2><span class=\"ez-toc-section\" id=\"Les_cles_pour_un_interieur_confortable_et_personnalise\"><\/span>Les cl\u00e9s pour un int\u00e9rieur confortable et personnalis\u00e9<span class=\"ez-toc-section-end\"><\/span><\/h2><div id=\"ez-toc-container\" class=\"ez-toc-v2_0_82_2 counter-hierarchy ez-toc-counter ez-toc-grey ez-toc-container-direction\">\n<div class=\"ez-toc-title-container\">\n<span class=\"ez-toc-title-toggle\"><a href=\"#\" class=\"ez-toc-pull-right ez-toc-btn ez-toc-btn-xs ez-toc-btn-default ez-toc-toggle\" aria-label=\"Toggle Table of Content\"><span class=\"ez-toc-js-icon-con\"><span class=\"\"><span class=\"eztoc-hide\" style=\"display:none;\">Toggle<\/span><span class=\"ez-toc-icon-toggle-span\"><svg style=\"fill: #999;color:#999\" xmlns=\"http:\/\/www.w3.org\/2000\/svg\" class=\"list-377408\" width=\"20px\" height=\"20px\" viewBox=\"0 0 24 24\" fill=\"none\"><path d=\"M6 6H4v2h2V6zm14 0H8v2h12V6zM4 11h2v2H4v-2zm16 0H8v2h12v-2zM4 16h2v2H4v-2zm16 0H8v2h12v-2z\" fill=\"currentColor\"><\/path><\/svg><svg style=\"fill: #999;color:#999\" class=\"arrow-unsorted-368013\" xmlns=\"http:\/\/www.w3.org\/2000\/svg\" width=\"10px\" height=\"10px\" viewBox=\"0 0 24 24\" version=\"1.2\" baseProfile=\"tiny\"><path d=\"M18.2 9.3l-6.2-6.3-6.2 6.3c-.2.2-.3.4-.3.7s.1.5.3.7c.2.2.4.3.7.3h11c.3 0 .5-.1.7-.3.2-.2.3-.5.3-.7s-.1-.5-.3-.7zM5.8 14.7l6.2 6.3 6.2-6.3c.2-.2.3-.5.3-.7s-.1-.5-.3-.7c-.2-.2-.4-.3-.7-.3h-11c-.3 0-.5.1-.7.3-.2.2-.3.5-.3.7s.1.5.3.7z\"\/><\/svg><\/span><\/span><\/span><\/a><\/span><\/div>\n<nav><ul class='ez-toc-list ez-toc-list-level-1 eztoc-toggle-hide-by-default' ><li class='ez-toc-page-1 ez-toc-heading-level-2'><a class=\"ez-toc-link ez-toc-heading-1\" href=\"https:\/\/www.mobilier-design-occasion.fr\/magazine\/comment-jai-optimise-le-confort-de-mon-mobilier-pour-un-interieur-cocooning\/#Les_cles_pour_un_interieur_confortable_et_personnalise\" >Les cl\u00e9s pour un int\u00e9rieur confortable et personnalis\u00e9<\/a><\/li><li class='ez-toc-page-1 ez-toc-heading-level-2'><a class=\"ez-toc-link ez-toc-heading-2\" href=\"https:\/\/www.mobilier-design-occasion.fr\/magazine\/comment-jai-optimise-le-confort-de-mon-mobilier-pour-un-interieur-cocooning\/#Creer_un_espace_chaleureux\" >Cr\u00e9er un espace chaleureux<\/a><ul class='ez-toc-list-level-3' ><li class='ez-toc-heading-level-3'><a class=\"ez-toc-link ez-toc-heading-3\" href=\"https:\/\/www.mobilier-design-occasion.fr\/magazine\/comment-jai-optimise-le-confort-de-mon-mobilier-pour-un-interieur-cocooning\/#Mobilier_bien_choisir_pour_mieux_vivre\" >Mobilier : bien choisir pour mieux vivre<\/a><\/li><\/ul><\/li><li class='ez-toc-page-1 ez-toc-heading-level-2'><a class=\"ez-toc-link ez-toc-heading-4\" href=\"https:\/\/www.mobilier-design-occasion.fr\/magazine\/comment-jai-optimise-le-confort-de-mon-mobilier-pour-un-interieur-cocooning\/#Details_qui_font_la_difference\" >D\u00e9tails qui font la diff\u00e9rence<\/a><ul class='ez-toc-list-level-3' ><li class='ez-toc-heading-level-3'><a class=\"ez-toc-link ez-toc-heading-5\" href=\"https:\/\/www.mobilier-design-occasion.fr\/magazine\/comment-jai-optimise-le-confort-de-mon-mobilier-pour-un-interieur-cocooning\/#Tableaux_comparatifs\" >Tableaux comparatifs<\/a><\/li><\/ul><\/li><li class='ez-toc-page-1 ez-toc-heading-level-2'><a class=\"ez-toc-link ez-toc-heading-6\" href=\"https:\/\/www.mobilier-design-occasion.fr\/magazine\/comment-jai-optimise-le-confort-de-mon-mobilier-pour-un-interieur-cocooning\/#Astuces_et_remedes_de_grand-mere\" >Astuces et rem\u00e8des de grand-m\u00e8re<\/a><ul class='ez-toc-list-level-3' ><li class='ez-toc-heading-level-3'><a class=\"ez-toc-link ez-toc-heading-7\" href=\"https:\/\/www.mobilier-design-occasion.fr\/magazine\/comment-jai-optimise-le-confort-de-mon-mobilier-pour-un-interieur-cocooning\/#Mon_avis_personnel\" >Mon avis personnel<\/a><\/li><\/ul><\/li><li class='ez-toc-page-1 ez-toc-heading-level-2'><a class=\"ez-toc-link ez-toc-heading-8\" href=\"https:\/\/www.mobilier-design-occasion.fr\/magazine\/comment-jai-optimise-le-confort-de-mon-mobilier-pour-un-interieur-cocooning\/#Ouverture_au_debat\" >Ouverture au d\u00e9bat<\/a><\/li><li class='ez-toc-page-1 ez-toc-heading-level-2'><a class=\"ez-toc-link ez-toc-heading-9\" href=\"https:\/\/www.mobilier-design-occasion.fr\/magazine\/comment-jai-optimise-le-confort-de-mon-mobilier-pour-un-interieur-cocooning\/#Les_Arcanes_du_Confort_du_Mobilier_Une_Aventure_Personnelle\" >Les Arcanes du Confort du Mobilier : Une Aventure Personnelle<\/a><ul class='ez-toc-list-level-3' ><li class='ez-toc-heading-level-3'><a class=\"ez-toc-link ez-toc-heading-10\" href=\"https:\/\/www.mobilier-design-occasion.fr\/magazine\/comment-jai-optimise-le-confort-de-mon-mobilier-pour-un-interieur-cocooning\/#1_LExperience_Terrain_Le_Face-a-Face_avec_le_Mobilier\" >1. L\u2019Exp\u00e9rience Terrain : Le Face-\u00e0-Face avec le Mobilier<\/a><\/li><li class='ez-toc-page-1 ez-toc-heading-level-3'><a class=\"ez-toc-link ez-toc-heading-11\" href=\"https:\/\/www.mobilier-design-occasion.fr\/magazine\/comment-jai-optimise-le-confort-de-mon-mobilier-pour-un-interieur-cocooning\/#2_Les_Mythes_Deboulonnes_Remettre_en_Question_les_Idees_Recues\" >2. Les Mythes D\u00e9boulonn\u00e9s : Remettre en Question les Id\u00e9es Re\u00e7ues<\/a><\/li><li class='ez-toc-page-1 ez-toc-heading-level-3'><a class=\"ez-toc-link ez-toc-heading-12\" href=\"https:\/\/www.mobilier-design-occasion.fr\/magazine\/comment-jai-optimise-le-confort-de-mon-mobilier-pour-un-interieur-cocooning\/#3_Les_Consequences_du_Confort_du_Mobilier_Qui_Est_Concerne\" >3. Les Cons\u00e9quences du Confort du Mobilier : Qui Est Concern\u00e9 ?<\/a><\/li><\/ul><\/li><\/ul><\/nav><\/div>\n\n<ul>\n<li>Cr\u00e9er une ambiance chaleureuse avec des couleurs douces et des textures vari\u00e9es.<\/li>\n<li>Choisir un mobilier modulable et ergonomique pour un confort optimal.<\/li>\n<li>Utiliser un \u00e9clairage doux et des accessoires personnalis\u00e9s pour accentuer le bien-\u00eatre.<\/li>\n<li>Appliquer des astuces naturelles et rem\u00e8des maison pour une atmosph\u00e8re relaxante.<\/li>\n<li>Reconna\u00eetre que le confort du mobilier d\u00e9pend autant de l\u2019ergonomie que des habitudes personnelles.<\/li>\n<\/ul>\n<hr>\n<p><strong>Transformez votre int\u00e9rieur en un cocon de confort avec des astuces simples et accessibles, bas\u00e9es sur mon exp\u00e9rience personnelle. D\u00e9couvrez comment j&#8217;ai repens\u00e9 mon mobilier pour maximiser le bien-\u00eatre \u00e0 la maison.<\/strong><\/p>\n<h2><span class=\"ez-toc-section\" id=\"Creer_un_espace_chaleureux\"><\/span>Cr\u00e9er un espace chaleureux<span class=\"ez-toc-section-end\"><\/span><\/h2>\n<p>Lorsque j&#8217;ai d\u00e9cid\u00e9 de rendre mon int\u00e9rieur plus accueillant, j&#8217;ai commenc\u00e9 par \u00e9valuer l&#8217;ambiance g\u00e9n\u00e9rale de ma maison. L&#8217;objectif ? Cr\u00e9er un espace cocooning o\u00f9 je pourrais vraiment me d\u00e9tendre. Voici quelques \u00e9tapes que j&#8217;ai suivies :<\/p>\n<ul>\n<li><strong>\u00c9valuations pr\u00e9cises :<\/strong> J&#8217;ai pris le temps de visualiser chaque pi\u00e8ce. Qu&#8217;est-ce qui manquait pour que je m&#8217;y sente bien ?<\/li>\n<li><strong>Couleurs apaisantes :<\/strong> J&#8217;ai opt\u00e9 pour une palette de couleurs douces (pastels, blancs cass\u00e9s) pour les murs et les coussins.<\/li>\n<li><strong>Textures vari\u00e9es :<\/strong> L&#8217;ajout de mati\u00e8res comme la laine, le velours et le coton a apport\u00e9 une dimension tactile agr\u00e9able.<\/li>\n<\/ul>\n<h3><span class=\"ez-toc-section\" id=\"Mobilier_bien_choisir_pour_mieux_vivre\"><\/span>Mobilier : bien choisir pour mieux vivre<span class=\"ez-toc-section-end\"><\/span><\/h3>\n<p>J&#8217;ai aussi reconsid\u00e9r\u00e9 le mobilier lui-m\u00eame. Voici ce que j&#8217;ai am\u00e9lior\u00e9 :<\/p>\n<ul>\n<li><strong>Canap\u00e9 confortable :<\/strong> J&#8217;ai investi dans un canap\u00e9 modulable. Cela m&#8217;a permis de cr\u00e9er diff\u00e9rentes configurations selon mes besoins.<\/li>\n<li><strong>Tables basses pratiques :<\/strong> J&#8217;ai s\u00e9lectionn\u00e9 des tables \u00e0 tiroirs pour la praticit\u00e9 tout en gardant un espace d\u00e9sencombr\u00e9.<\/li>\n<li><strong>Chaises avec un bon soutien :<\/strong> Je me suis tourn\u00e9 vers des chaises ergonomiques qui allient style et confort.<\/li>\n<\/ul>\n<h2><span class=\"ez-toc-section\" id=\"Details_qui_font_la_difference\"><\/span>D\u00e9tails qui font la diff\u00e9rence<span class=\"ez-toc-section-end\"><\/span><\/h2>\n<p>Les petites touches ajout\u00e9es \u00e0 l&#8217;espace ont eu un impact majeur. Voici ce qui a fonctionn\u00e9 pour moi :<\/p>\n<ul>\n<li><strong>\u00c9clairage doux :<\/strong> J&#8217;ai remplac\u00e9 mes ampoules blanches par des options \u00e0 lumi\u00e8re chaude. J&#8217;ai aussi ajout\u00e9 quelques lampes \u00e0 intensit\u00e9 r\u00e9glable.<\/li>\n<li><strong>Accessoires personnalis\u00e9s :<\/strong> Des coussins aux motifs vari\u00e9s et des plaids douillets apportent chaleur et personnalit\u00e9.<\/li>\n<li><strong>Plantes vertes :<\/strong> Des plantes d&#8217;int\u00e9rieur ont \u00e9t\u00e9 ajout\u00e9es. Elles purifient l\u2019air et ajoutent une touche naturelle.<\/li>\n<\/ul>\n<h3><span class=\"ez-toc-section\" id=\"Tableaux_comparatifs\"><\/span>Tableaux comparatifs<span class=\"ez-toc-section-end\"><\/span><\/h3>\n<p>Voici un tableau qui r\u00e9sume les changements que j&#8217;ai apport\u00e9s \u00e0 mon mobilier pour le confort de mon int\u00e9rieur :<\/p>\n<table>\n<tr>\n<td><strong>\u00c9l\u00e9ment<\/strong><\/td>\n<td><strong>Avant<\/strong><\/td>\n<td><strong>Apr\u00e8s<\/strong><\/td>\n<\/tr>\n<tr>\n<td>Canap\u00e9<\/td>\n<td>Fixe, dur<\/td>\n<td>Modulable, moelleux<\/td>\n<\/tr>\n<tr>\n<td>Tables<\/td>\n<td>Classiques, encombrantes<\/td>\n<td>\u00c0 tiroirs, l\u00e9g\u00e8res<\/td>\n<\/tr>\n<tr>\n<td>\u00c9clairage<\/td>\n<td>Blanc, standard<\/td>\n<td>Chaud, dimmable<\/td>\n<\/tr>\n<\/table>\n<h2><span class=\"ez-toc-section\" id=\"Astuces_et_remedes_de_grand-mere\"><\/span>Astuces et rem\u00e8des de grand-m\u00e8re<span class=\"ez-toc-section-end\"><\/span><\/h2>\n<p>Pour maximiser encore plus le confort de mon foyer, j\u2019ai d\u00e9couvert quelques astuces peu connues :<\/p>\n<ul>\n<li><strong>Infusion de tissus :<\/strong> J&#8217;ai vaporis\u00e9 mes coussins avec un m\u00e9lange d&#8217;eau et d&#8217;huiles essentielles (lavande, eucalyptus) pour une ambiance relaxante.<\/li>\n<li><strong>Pot-pourri maison :<\/strong> Je cr\u00e9e mon propre pot-pourri en utilisant des \u00e9corces d&#8217;orange et des clous de girofle pour un parfum naturel.<\/li>\n<li><strong>Utilisation de coussins chauffants :<\/strong> En hiver, j&#8217;ach\u00e8te des coussins qui se r\u00e9chauffent au micro-ondes, parfaits pour se d\u00e9tendre sur le canap\u00e9.<\/li>\n<\/ul>\n<h3><span class=\"ez-toc-section\" id=\"Mon_avis_personnel\"><\/span>Mon avis personnel<span class=\"ez-toc-section-end\"><\/span><\/h3>\n<p>Je pense que le secret d&#8217;un int\u00e9rieur cocooning r\u00e9side dans la personnalisation et le confort. Chaque \u00e9l\u00e9ment doit vous apporter du bien-\u00eatre. Les choix que j&#8217;ai faits m\u2019ont permis de transformer mon espace de vie en un v\u00e9ritable havre de paix.<\/p>\n<h2><span class=\"ez-toc-section\" id=\"Ouverture_au_debat\"><\/span>Ouverture au d\u00e9bat<span class=\"ez-toc-section-end\"><\/span><\/h2>\n<p>Je serais ravi d&#8217;entendre vos avis sur les am\u00e9nagements cocooning. Quelles sont vos astuces ? Quels \u00e9l\u00e9ments avez-vous chang\u00e9s chez vous pour am\u00e9liorer le confort de votre mobilier ? Partagez vos exp\u00e9riences, vos r\u00e9ussites ou vos \u00e9checs, car chaque avis compte dans cette qu\u00eate de bien-\u00eatre \u00e0 domicile !<\/p>\n<hr>\n<div style=\"overflow-x:auto; white-space:nowrap; -webkit-overflow-scrolling:touch;\"><img decoding=\"async\" src=\"https:\/\/pixabay.com\/get\/g5967870a1ebf4c6994eeac25b96708c69f6d96e34ee7401eff653a36d33f244ef01c292e3dc474bc2dbd1c4dad258835_1280.jpg\" style=\"width:100%; max-width:300px; display:inline-block; margin-right:10px; border-radius:8px;\" \/><img decoding=\"async\" src=\"https:\/\/pixabay.com\/get\/g213953a49f0d3f145875b0b345aaab5c2bc26793be0a898e6ced0af2ab1a2b46db2c15d9cdee4b1dad0550b20ec3339a284babf1807f6e1dc5e4964a2623902d_1280.jpg\" style=\"width:100%; max-width:300px; display:inline-block; margin-right:10px; border-radius:8px;\" \/><img decoding=\"async\" src=\"https:\/\/pixabay.com\/get\/g54a2be32d3d823d6b3aff6f1d2fac8f72b6b323310a921fa142437ce25d7d3deaf7231920820dcd9235cf5cf1cd42016031fa95fa343768127e1ae5a7d420bed_1280.jpg\" style=\"width:100%; max-width:300px; display:inline-block; margin-right:10px; border-radius:8px;\" \/><\/div>\n<hr>\n<h2><span class=\"ez-toc-section\" id=\"Les_Arcanes_du_Confort_du_Mobilier_Une_Aventure_Personnelle\"><\/span>Les Arcanes du Confort du Mobilier : Une Aventure Personnelle<span class=\"ez-toc-section-end\"><\/span><\/h2>\n<p>Dans le monde du mobilier, le confort est souvent un point de discussion passionn\u00e9. En tant que passionn\u00e9 et professionnel dans ce domaine, j&#8217;ai eu l&#8217;occasion de vivre des exp\u00e9riences qui vont bien au-del\u00e0 des faits et chiffres souvent avanc\u00e9s. Voici un aper\u00e7u de ce que signifie vraiment le confort du mobilier, selon mon v\u00e9cu.<\/p>\n<h3><span class=\"ez-toc-section\" id=\"1_LExperience_Terrain_Le_Face-a-Face_avec_le_Mobilier\"><\/span>1. L\u2019Exp\u00e9rience Terrain : Le Face-\u00e0-Face avec le Mobilier<span class=\"ez-toc-section-end\"><\/span><\/h3>\n<p>En tant que sp\u00e9cialiste du mobilier, j&#8217;ai eu l&#8217;occasion d\u2019observer plusieurs situations o\u00f9 le confort \u00e9tait d\u00e9terminant. Voici quelques \u00e9l\u00e9ments cl\u00e9s que j&#8217;ai recueillis au fil des ans :<\/p>\n<ul>\n<li><strong>Le choix des mat\u00e9riaux :<\/strong> J&#8217;ai constat\u00e9 que le choix des mat\u00e9riaux utilis\u00e9s dans la conception d&#8217;un meuble a une incidence directe sur le confort. Par exemple, la mousse \u00e0 m\u00e9moire de forme offre un soutien in\u00e9gal\u00e9.<\/li>\n<li><strong>Ergonomie et design :<\/strong> J&#8217;ai particip\u00e9 \u00e0 plusieurs ateliers o\u00f9 des designers ont mis l&#8217;accent sur l&#8217;importance de l&#8217;ergonomie pour les fauteuils de bureau. Un bon design peut r\u00e9duire la fatigue et la douleur, m\u00eame lors de longues heures de travail.<\/li>\n<li><strong>Essai live :<\/strong> Rares sont ceux qui prennent le temps de tester r\u00e9ellement un fauteuil ou un canap\u00e9 avant d\u2019acheter. L\u2019essai en situation r\u00e9elle m\u2019a r\u00e9v\u00e9l\u00e9 que le simple fait de s\u2019asseoir sur un meuble pendant quelques minutes peut donner un aper\u00e7u pr\u00e9cieux du confort.<\/li>\n<li><strong>Retour d\u2019exp\u00e9rience client :<\/strong> Mes interactions avec des clients m&#8217;ont aussi montr\u00e9 que le confort est une notion tr\u00e8s subjective et qu&#8217;il est souvent influenc\u00e9 par les habitudes de vie de chaque individu.<\/li>\n<\/ul>\n<h3><span class=\"ez-toc-section\" id=\"2_Les_Mythes_Deboulonnes_Remettre_en_Question_les_Idees_Recues\"><\/span>2. Les Mythes D\u00e9boulonn\u00e9s : Remettre en Question les Id\u00e9es Re\u00e7ues<span class=\"ez-toc-section-end\"><\/span><\/h3>\n<p>Il est fascinant de voir \u00e0 quel point certaines id\u00e9es re\u00e7ues sur le confort du mobilier persistent malgr\u00e9 les \u00e9volutions du design et de la technologie. Voici quelques croyances que j&#8217;ai eu l&#8217;occasion de remettre en question :<\/p>\n<ul>\n<li><strong>Le prix \u00e9gal le confort :<\/strong> Souvent, on pense qu&#8217;un meuble on\u00e9reux sera forc\u00e9ment plus confortable. Cependant, j&#8217;ai d\u00e9couvert de nombreuses options abordables offrant un confort incroyable, simplement parce qu&#8217;elles sont bien con\u00e7ues.<\/li>\n<li><strong>La tendance et le confort ne vont pas de pair :<\/strong> Nombreux sont ceux qui croient que l&#8217;esth\u00e9tique doit primer sur le confort. J&#8217;ai vu des meubles magnifiques qui offraient malheureusement un niveau de confort d\u00e9cevant.<\/li>\n<li><strong>Le confort est une affaire de style :<\/strong> Certaines personnes estiment qu\u2019un canap\u00e9 en cuir est forc\u00e9ment plus confortable qu\u2019un en tissu. Mon exp\u00e9rience m\u2019a prouv\u00e9 que la sensation au toucher et le soutien physique sont bien plus d\u00e9finissants.<\/li>\n<\/ul>\n<h3><span class=\"ez-toc-section\" id=\"3_Les_Consequences_du_Confort_du_Mobilier_Qui_Est_Concerne\"><\/span>3. Les Cons\u00e9quences du Confort du Mobilier : Qui Est Concern\u00e9 ?<span class=\"ez-toc-section-end\"><\/span><\/h3>\n<p>Le confort du mobilier \u00e9tablit des ramifications vari\u00e9es \u00e0 travers diff\u00e9rents groupes cibles. En ayant observ\u00e9 ces impacts, voici quelques cons\u00e9quences notables que j&#8217;ai pu identifier :<\/p>\n<ul>\n<li><strong>Les professionnels en t\u00e9l\u00e9travail :<\/strong> Un mobilier de bureau bien con\u00e7u peut am\u00e9liorer la productivit\u00e9 et la sant\u00e9 des employ\u00e9s, r\u00e9duisant ainsi l&#8217;absent\u00e9isme d\u00fb aux probl\u00e8mes de dos.<\/li>\n<li><strong>Les familles avec enfants :<\/strong> Un mobilier confortable contribue \u00e0 cr\u00e9er un environnement accueillant o\u00f9 les adultes peuvent se d\u00e9tendre et les enfants se sentir en s\u00e9curit\u00e9.<\/li>\n<li><strong>Les personnes \u00e2g\u00e9es :<\/strong> Un mobilier ergonomique adapt\u00e9 peut faire une \u00e9norme diff\u00e9rence dans la qualit\u00e9 de vie des personnes \u00e2g\u00e9es, leur permettant d\u2019\u00eatre plus autonomes et de mieux profiter de leur maison.<\/li>\n<\/ul>\n<p>Dans l&#8217;ensemble, le confort du mobilier n&#8217;est pas qu&#8217;une question de sensibilit\u00e9 personnelle, mais un facteur qui fa\u00e7onne notre quotidien, en influen\u00e7ant notre bien-\u00eatre physique, mental, et m\u00eame social. En tant que passionn\u00e9 du meuble, je crois fermement qu&#8217;il est essentiel de prendre le temps d\u2019\u00e9valuer chaque aspect du confort, de la conception \u00e0 l&#8217;exp\u00e9rience utilisateur. Les choix que nous faisons \u00e0 ce sujet peuvent vraiment transformer nos espaces de vie.<\/p>\n","protected":false},"excerpt":{"rendered":"<p>Les cl\u00e9s pour un int\u00e9rieur confortable et personnalis\u00e9 Cr\u00e9er une ambiance chaleureuse avec des couleurs douces et des textures vari\u00e9es. Choisir un mobilier modulable et ergonomique pour un confort optimal. Utiliser un \u00e9clairage doux et des accessoires personnalis\u00e9s pour accentuer le bien-\u00eatre. Appliquer des astuces naturelles et rem\u00e8des maison pour une atmosph\u00e8re relaxante. Reconna\u00eetre que [&hellip;]<\/p>\n","protected":false},"author":8,"featured_media":8208,"comment_status":"open","ping_status":"open","sticky":false,"template":"","format":"standard","meta":{"footnotes":""},"categories":[8],"tags":[],"class_list":["post-8209","post","type-post","status-publish","format-standard","has-post-thumbnail","hentry","category-avis"],"yoast_head":"<!-- This site is optimized with the Yoast SEO plugin v27.5 - https:\/\/yoast.com\/product\/yoast-seo-wordpress\/ -->\n<title>Comment j&#039;ai optimis\u00e9 le confort de mon mobilier pour un int\u00e9rieur cocooning - Mobilier Design Magazine<\/title>\n<meta name=\"robots\" content=\"index, follow, max-snippet:-1, max-image-preview:large, max-video-preview:-1\" \/>\n<link rel=\"canonical\" href=\"https:\/\/www.mobilier-design-occasion.fr\/magazine\/comment-jai-optimise-le-confort-de-mon-mobilier-pour-un-interieur-cocooning\/\" \/>\n<meta property=\"og:locale\" content=\"fr_FR\" \/>\n<meta property=\"og:type\" content=\"article\" \/>\n<meta property=\"og:title\" content=\"Comment j&#039;ai optimis\u00e9 le confort de mon mobilier pour un int\u00e9rieur cocooning - Mobilier Design Magazine\" \/>\n<meta property=\"og:description\" content=\"Les cl\u00e9s pour un int\u00e9rieur confortable et personnalis\u00e9 Cr\u00e9er une ambiance chaleureuse avec des couleurs douces et des textures vari\u00e9es. Choisir un mobilier modulable et ergonomique pour un confort optimal. Utiliser un \u00e9clairage doux et des accessoires personnalis\u00e9s pour accentuer le bien-\u00eatre. Appliquer des astuces naturelles et rem\u00e8des maison pour une atmosph\u00e8re relaxante. Reconna\u00eetre que [&hellip;]\" \/>\n<meta property=\"og:url\" content=\"https:\/\/www.mobilier-design-occasion.fr\/magazine\/comment-jai-optimise-le-confort-de-mon-mobilier-pour-un-interieur-cocooning\/\" \/>\n<meta property=\"og:site_name\" content=\"Mobilier Design Magazine\" \/>\n<meta property=\"article:publisher\" content=\"https:\/\/www.facebook.com\/mobilierdesignoccasion\" \/>\n<meta property=\"article:published_time\" content=\"2025-05-19T09:02:12+00:00\" \/>\n<meta property=\"article:modified_time\" content=\"2025-05-19T09:02:13+00:00\" \/>\n<meta property=\"og:image\" content=\"https:\/\/pixabay.com\/get\/g5967870a1ebf4c6994eeac25b96708c69f6d96e34ee7401eff653a36d33f244ef01c292e3dc474bc2dbd1c4dad258835_1280.jpg\" \/>\n<meta name=\"author\" content=\"Vincent\" \/>\n<meta name=\"twitter:card\" content=\"summary_large_image\" \/>\n<meta name=\"twitter:label1\" content=\"\u00c9crit par\" \/>\n\t<meta name=\"twitter:data1\" content=\"Vincent\" \/>\n\t<meta name=\"twitter:label2\" content=\"Dur\u00e9e de lecture estim\u00e9e\" \/>\n\t<meta name=\"twitter:data2\" content=\"6 minutes\" \/>\n<script type=\"application\/ld+json\" class=\"yoast-schema-graph\">{\"@context\":\"https:\\\/\\\/schema.org\",\"@graph\":[{\"@type\":\"Article\",\"@id\":\"https:\\\/\\\/www.mobilier-design-occasion.fr\\\/magazine\\\/comment-jai-optimise-le-confort-de-mon-mobilier-pour-un-interieur-cocooning\\\/#article\",\"isPartOf\":{\"@id\":\"https:\\\/\\\/www.mobilier-design-occasion.fr\\\/magazine\\\/comment-jai-optimise-le-confort-de-mon-mobilier-pour-un-interieur-cocooning\\\/\"},\"author\":{\"name\":\"Vincent\",\"@id\":\"https:\\\/\\\/www.mobilier-design-occasion.fr\\\/magazine\\\/#\\\/schema\\\/person\\\/5fabf814365354b233f79540ae97b514\"},\"headline\":\"Comment j&#8217;ai optimis\u00e9 le confort de mon mobilier pour un int\u00e9rieur cocooning\",\"datePublished\":\"2025-05-19T09:02:12+00:00\",\"dateModified\":\"2025-05-19T09:02:13+00:00\",\"mainEntityOfPage\":{\"@id\":\"https:\\\/\\\/www.mobilier-design-occasion.fr\\\/magazine\\\/comment-jai-optimise-le-confort-de-mon-mobilier-pour-un-interieur-cocooning\\\/\"},\"wordCount\":1356,\"commentCount\":0,\"publisher\":{\"@id\":\"https:\\\/\\\/www.mobilier-design-occasion.fr\\\/magazine\\\/#organization\"},\"image\":{\"@id\":\"https:\\\/\\\/www.mobilier-design-occasion.fr\\\/magazine\\\/comment-jai-optimise-le-confort-de-mon-mobilier-pour-un-interieur-cocooning\\\/#primaryimage\"},\"thumbnailUrl\":\"https:\\\/\\\/www.mobilier-design-occasion.fr\\\/magazine\\\/wp-content\\\/uploads\\\/2025\\\/05\\\/data-4.png\",\"articleSection\":[\"Avis marques d\u00e9co\"],\"inLanguage\":\"fr-FR\",\"potentialAction\":[{\"@type\":\"CommentAction\",\"name\":\"Comment\",\"target\":[\"https:\\\/\\\/www.mobilier-design-occasion.fr\\\/magazine\\\/comment-jai-optimise-le-confort-de-mon-mobilier-pour-un-interieur-cocooning\\\/#respond\"]}]},{\"@type\":\"WebPage\",\"@id\":\"https:\\\/\\\/www.mobilier-design-occasion.fr\\\/magazine\\\/comment-jai-optimise-le-confort-de-mon-mobilier-pour-un-interieur-cocooning\\\/\",\"url\":\"https:\\\/\\\/www.mobilier-design-occasion.fr\\\/magazine\\\/comment-jai-optimise-le-confort-de-mon-mobilier-pour-un-interieur-cocooning\\\/\",\"name\":\"Comment j'ai optimis\u00e9 le confort de mon mobilier pour un int\u00e9rieur cocooning - Mobilier Design Magazine\",\"isPartOf\":{\"@id\":\"https:\\\/\\\/www.mobilier-design-occasion.fr\\\/magazine\\\/#website\"},\"primaryImageOfPage\":{\"@id\":\"https:\\\/\\\/www.mobilier-design-occasion.fr\\\/magazine\\\/comment-jai-optimise-le-confort-de-mon-mobilier-pour-un-interieur-cocooning\\\/#primaryimage\"},\"image\":{\"@id\":\"https:\\\/\\\/www.mobilier-design-occasion.fr\\\/magazine\\\/comment-jai-optimise-le-confort-de-mon-mobilier-pour-un-interieur-cocooning\\\/#primaryimage\"},\"thumbnailUrl\":\"https:\\\/\\\/www.mobilier-design-occasion.fr\\\/magazine\\\/wp-content\\\/uploads\\\/2025\\\/05\\\/data-4.png\",\"datePublished\":\"2025-05-19T09:02:12+00:00\",\"dateModified\":\"2025-05-19T09:02:13+00:00\",\"breadcrumb\":{\"@id\":\"https:\\\/\\\/www.mobilier-design-occasion.fr\\\/magazine\\\/comment-jai-optimise-le-confort-de-mon-mobilier-pour-un-interieur-cocooning\\\/#breadcrumb\"},\"inLanguage\":\"fr-FR\",\"potentialAction\":[{\"@type\":\"ReadAction\",\"target\":[\"https:\\\/\\\/www.mobilier-design-occasion.fr\\\/magazine\\\/comment-jai-optimise-le-confort-de-mon-mobilier-pour-un-interieur-cocooning\\\/\"]}]},{\"@type\":\"ImageObject\",\"inLanguage\":\"fr-FR\",\"@id\":\"https:\\\/\\\/www.mobilier-design-occasion.fr\\\/magazine\\\/comment-jai-optimise-le-confort-de-mon-mobilier-pour-un-interieur-cocooning\\\/#primaryimage\",\"url\":\"https:\\\/\\\/www.mobilier-design-occasion.fr\\\/magazine\\\/wp-content\\\/uploads\\\/2025\\\/05\\\/data-4.png\",\"contentUrl\":\"https:\\\/\\\/www.mobilier-design-occasion.fr\\\/magazine\\\/wp-content\\\/uploads\\\/2025\\\/05\\\/data-4.png\",\"width\":1024,\"height\":1024},{\"@type\":\"BreadcrumbList\",\"@id\":\"https:\\\/\\\/www.mobilier-design-occasion.fr\\\/magazine\\\/comment-jai-optimise-le-confort-de-mon-mobilier-pour-un-interieur-cocooning\\\/#breadcrumb\",\"itemListElement\":[{\"@type\":\"ListItem\",\"position\":1,\"name\":\"Accueil\",\"item\":\"https:\\\/\\\/www.mobilier-design-occasion.fr\\\/magazine\\\/\"},{\"@type\":\"ListItem\",\"position\":2,\"name\":\"Comment j&#8217;ai optimis\u00e9 le confort de mon mobilier pour un int\u00e9rieur cocooning\"}]},{\"@type\":\"WebSite\",\"@id\":\"https:\\\/\\\/www.mobilier-design-occasion.fr\\\/magazine\\\/#website\",\"url\":\"https:\\\/\\\/www.mobilier-design-occasion.fr\\\/magazine\\\/\",\"name\":\"Mobilier Design Magazine\",\"description\":\"\",\"publisher\":{\"@id\":\"https:\\\/\\\/www.mobilier-design-occasion.fr\\\/magazine\\\/#organization\"},\"potentialAction\":[{\"@type\":\"SearchAction\",\"target\":{\"@type\":\"EntryPoint\",\"urlTemplate\":\"https:\\\/\\\/www.mobilier-design-occasion.fr\\\/magazine\\\/?s={search_term_string}\"},\"query-input\":{\"@type\":\"PropertyValueSpecification\",\"valueRequired\":true,\"valueName\":\"search_term_string\"}}],\"inLanguage\":\"fr-FR\"},{\"@type\":\"Organization\",\"@id\":\"https:\\\/\\\/www.mobilier-design-occasion.fr\\\/magazine\\\/#organization\",\"name\":\"Mobilier Design Magazine\",\"url\":\"https:\\\/\\\/www.mobilier-design-occasion.fr\\\/magazine\\\/\",\"logo\":{\"@type\":\"ImageObject\",\"inLanguage\":\"fr-FR\",\"@id\":\"https:\\\/\\\/www.mobilier-design-occasion.fr\\\/magazine\\\/#\\\/schema\\\/logo\\\/image\\\/\",\"url\":\"https:\\\/\\\/www.mobilier-design-occasion.fr\\\/magazine\\\/wp-content\\\/uploads\\\/2024\\\/02\\\/android-chrome-192x192-1.png\",\"contentUrl\":\"https:\\\/\\\/www.mobilier-design-occasion.fr\\\/magazine\\\/wp-content\\\/uploads\\\/2024\\\/02\\\/android-chrome-192x192-1.png\",\"width\":192,\"height\":192,\"caption\":\"Mobilier Design Magazine\"},\"image\":{\"@id\":\"https:\\\/\\\/www.mobilier-design-occasion.fr\\\/magazine\\\/#\\\/schema\\\/logo\\\/image\\\/\"},\"sameAs\":[\"https:\\\/\\\/www.facebook.com\\\/mobilierdesignoccasion\"]},{\"@type\":\"Person\",\"@id\":\"https:\\\/\\\/www.mobilier-design-occasion.fr\\\/magazine\\\/#\\\/schema\\\/person\\\/5fabf814365354b233f79540ae97b514\",\"name\":\"Vincent\",\"image\":{\"@type\":\"ImageObject\",\"inLanguage\":\"fr-FR\",\"@id\":\"https:\\\/\\\/secure.gravatar.com\\\/avatar\\\/18cb708a7d5219d5e909f516ff9f98bf9245615d470373b7cd116121c835448d?s=96&d=mm&r=g\",\"url\":\"https:\\\/\\\/secure.gravatar.com\\\/avatar\\\/18cb708a7d5219d5e909f516ff9f98bf9245615d470373b7cd116121c835448d?s=96&d=mm&r=g\",\"contentUrl\":\"https:\\\/\\\/secure.gravatar.com\\\/avatar\\\/18cb708a7d5219d5e909f516ff9f98bf9245615d470373b7cd116121c835448d?s=96&d=mm&r=g\",\"caption\":\"Vincent\"},\"url\":\"https:\\\/\\\/www.mobilier-design-occasion.fr\\\/magazine\\\/author\\\/n8n\\\/\"}]}<\/script>\n<!-- \/ Yoast SEO plugin. -->","yoast_head_json":{"title":"Comment j'ai optimis\u00e9 le confort de mon mobilier pour un int\u00e9rieur cocooning - Mobilier Design Magazine","robots":{"index":"index","follow":"follow","max-snippet":"max-snippet:-1","max-image-preview":"max-image-preview:large","max-video-preview":"max-video-preview:-1"},"canonical":"https:\/\/www.mobilier-design-occasion.fr\/magazine\/comment-jai-optimise-le-confort-de-mon-mobilier-pour-un-interieur-cocooning\/","og_locale":"fr_FR","og_type":"article","og_title":"Comment j'ai optimis\u00e9 le confort de mon mobilier pour un int\u00e9rieur cocooning - Mobilier Design Magazine","og_description":"Les cl\u00e9s pour un int\u00e9rieur confortable et personnalis\u00e9 Cr\u00e9er une ambiance chaleureuse avec des couleurs douces et des textures vari\u00e9es. Choisir un mobilier modulable et ergonomique pour un confort optimal. Utiliser un \u00e9clairage doux et des accessoires personnalis\u00e9s pour accentuer le bien-\u00eatre. Appliquer des astuces naturelles et rem\u00e8des maison pour une atmosph\u00e8re relaxante. Reconna\u00eetre que [&hellip;]","og_url":"https:\/\/www.mobilier-design-occasion.fr\/magazine\/comment-jai-optimise-le-confort-de-mon-mobilier-pour-un-interieur-cocooning\/","og_site_name":"Mobilier Design Magazine","article_publisher":"https:\/\/www.facebook.com\/mobilierdesignoccasion","article_published_time":"2025-05-19T09:02:12+00:00","article_modified_time":"2025-05-19T09:02:13+00:00","og_image":[{"url":"https:\/\/pixabay.com\/get\/g5967870a1ebf4c6994eeac25b96708c69f6d96e34ee7401eff653a36d33f244ef01c292e3dc474bc2dbd1c4dad258835_1280.jpg","type":"","width":"","height":""}],"author":"Vincent","twitter_card":"summary_large_image","twitter_misc":{"\u00c9crit par":"Vincent","Dur\u00e9e de lecture estim\u00e9e":"6 minutes"},"schema":{"@context":"https:\/\/schema.org","@graph":[{"@type":"Article","@id":"https:\/\/www.mobilier-design-occasion.fr\/magazine\/comment-jai-optimise-le-confort-de-mon-mobilier-pour-un-interieur-cocooning\/#article","isPartOf":{"@id":"https:\/\/www.mobilier-design-occasion.fr\/magazine\/comment-jai-optimise-le-confort-de-mon-mobilier-pour-un-interieur-cocooning\/"},"author":{"name":"Vincent","@id":"https:\/\/www.mobilier-design-occasion.fr\/magazine\/#\/schema\/person\/5fabf814365354b233f79540ae97b514"},"headline":"Comment j&#8217;ai optimis\u00e9 le confort de mon mobilier pour un int\u00e9rieur cocooning","datePublished":"2025-05-19T09:02:12+00:00","dateModified":"2025-05-19T09:02:13+00:00","mainEntityOfPage":{"@id":"https:\/\/www.mobilier-design-occasion.fr\/magazine\/comment-jai-optimise-le-confort-de-mon-mobilier-pour-un-interieur-cocooning\/"},"wordCount":1356,"commentCount":0,"publisher":{"@id":"https:\/\/www.mobilier-design-occasion.fr\/magazine\/#organization"},"image":{"@id":"https:\/\/www.mobilier-design-occasion.fr\/magazine\/comment-jai-optimise-le-confort-de-mon-mobilier-pour-un-interieur-cocooning\/#primaryimage"},"thumbnailUrl":"https:\/\/www.mobilier-design-occasion.fr\/magazine\/wp-content\/uploads\/2025\/05\/data-4.png","articleSection":["Avis marques d\u00e9co"],"inLanguage":"fr-FR","potentialAction":[{"@type":"CommentAction","name":"Comment","target":["https:\/\/www.mobilier-design-occasion.fr\/magazine\/comment-jai-optimise-le-confort-de-mon-mobilier-pour-un-interieur-cocooning\/#respond"]}]},{"@type":"WebPage","@id":"https:\/\/www.mobilier-design-occasion.fr\/magazine\/comment-jai-optimise-le-confort-de-mon-mobilier-pour-un-interieur-cocooning\/","url":"https:\/\/www.mobilier-design-occasion.fr\/magazine\/comment-jai-optimise-le-confort-de-mon-mobilier-pour-un-interieur-cocooning\/","name":"Comment j'ai optimis\u00e9 le confort de mon mobilier pour un int\u00e9rieur cocooning - Mobilier Design Magazine","isPartOf":{"@id":"https:\/\/www.mobilier-design-occasion.fr\/magazine\/#website"},"primaryImageOfPage":{"@id":"https:\/\/www.mobilier-design-occasion.fr\/magazine\/comment-jai-optimise-le-confort-de-mon-mobilier-pour-un-interieur-cocooning\/#primaryimage"},"image":{"@id":"https:\/\/www.mobilier-design-occasion.fr\/magazine\/comment-jai-optimise-le-confort-de-mon-mobilier-pour-un-interieur-cocooning\/#primaryimage"},"thumbnailUrl":"https:\/\/www.mobilier-design-occasion.fr\/magazine\/wp-content\/uploads\/2025\/05\/data-4.png","datePublished":"2025-05-19T09:02:12+00:00","dateModified":"2025-05-19T09:02:13+00:00","breadcrumb":{"@id":"https:\/\/www.mobilier-design-occasion.fr\/magazine\/comment-jai-optimise-le-confort-de-mon-mobilier-pour-un-interieur-cocooning\/#breadcrumb"},"inLanguage":"fr-FR","potentialAction":[{"@type":"ReadAction","target":["https:\/\/www.mobilier-design-occasion.fr\/magazine\/comment-jai-optimise-le-confort-de-mon-mobilier-pour-un-interieur-cocooning\/"]}]},{"@type":"ImageObject","inLanguage":"fr-FR","@id":"https:\/\/www.mobilier-design-occasion.fr\/magazine\/comment-jai-optimise-le-confort-de-mon-mobilier-pour-un-interieur-cocooning\/#primaryimage","url":"https:\/\/www.mobilier-design-occasion.fr\/magazine\/wp-content\/uploads\/2025\/05\/data-4.png","contentUrl":"https:\/\/www.mobilier-design-occasion.fr\/magazine\/wp-content\/uploads\/2025\/05\/data-4.png","width":1024,"height":1024},{"@type":"BreadcrumbList","@id":"https:\/\/www.mobilier-design-occasion.fr\/magazine\/comment-jai-optimise-le-confort-de-mon-mobilier-pour-un-interieur-cocooning\/#breadcrumb","itemListElement":[{"@type":"ListItem","position":1,"name":"Accueil","item":"https:\/\/www.mobilier-design-occasion.fr\/magazine\/"},{"@type":"ListItem","position":2,"name":"Comment j&#8217;ai optimis\u00e9 le confort de mon mobilier pour un int\u00e9rieur cocooning"}]},{"@type":"WebSite","@id":"https:\/\/www.mobilier-design-occasion.fr\/magazine\/#website","url":"https:\/\/www.mobilier-design-occasion.fr\/magazine\/","name":"Mobilier Design Magazine","description":"","publisher":{"@id":"https:\/\/www.mobilier-design-occasion.fr\/magazine\/#organization"},"potentialAction":[{"@type":"SearchAction","target":{"@type":"EntryPoint","urlTemplate":"https:\/\/www.mobilier-design-occasion.fr\/magazine\/?s={search_term_string}"},"query-input":{"@type":"PropertyValueSpecification","valueRequired":true,"valueName":"search_term_string"}}],"inLanguage":"fr-FR"},{"@type":"Organization","@id":"https:\/\/www.mobilier-design-occasion.fr\/magazine\/#organization","name":"Mobilier Design Magazine","url":"https:\/\/www.mobilier-design-occasion.fr\/magazine\/","logo":{"@type":"ImageObject","inLanguage":"fr-FR","@id":"https:\/\/www.mobilier-design-occasion.fr\/magazine\/#\/schema\/logo\/image\/","url":"https:\/\/www.mobilier-design-occasion.fr\/magazine\/wp-content\/uploads\/2024\/02\/android-chrome-192x192-1.png","contentUrl":"https:\/\/www.mobilier-design-occasion.fr\/magazine\/wp-content\/uploads\/2024\/02\/android-chrome-192x192-1.png","width":192,"height":192,"caption":"Mobilier Design Magazine"},"image":{"@id":"https:\/\/www.mobilier-design-occasion.fr\/magazine\/#\/schema\/logo\/image\/"},"sameAs":["https:\/\/www.facebook.com\/mobilierdesignoccasion"]},{"@type":"Person","@id":"https:\/\/www.mobilier-design-occasion.fr\/magazine\/#\/schema\/person\/5fabf814365354b233f79540ae97b514","name":"Vincent","image":{"@type":"ImageObject","inLanguage":"fr-FR","@id":"https:\/\/secure.gravatar.com\/avatar\/18cb708a7d5219d5e909f516ff9f98bf9245615d470373b7cd116121c835448d?s=96&d=mm&r=g","url":"https:\/\/secure.gravatar.com\/avatar\/18cb708a7d5219d5e909f516ff9f98bf9245615d470373b7cd116121c835448d?s=96&d=mm&r=g","contentUrl":"https:\/\/secure.gravatar.com\/avatar\/18cb708a7d5219d5e909f516ff9f98bf9245615d470373b7cd116121c835448d?s=96&d=mm&r=g","caption":"Vincent"},"url":"https:\/\/www.mobilier-design-occasion.fr\/magazine\/author\/n8n\/"}]}},"_links":{"self":[{"href":"https:\/\/www.mobilier-design-occasion.fr\/magazine\/wp-json\/wp\/v2\/posts\/8209","targetHints":{"allow":["GET"]}}],"collection":[{"href":"https:\/\/www.mobilier-design-occasion.fr\/magazine\/wp-json\/wp\/v2\/posts"}],"about":[{"href":"https:\/\/www.mobilier-design-occasion.fr\/magazine\/wp-json\/wp\/v2\/types\/post"}],"author":[{"embeddable":true,"href":"https:\/\/www.mobilier-design-occasion.fr\/magazine\/wp-json\/wp\/v2\/users\/8"}],"replies":[{"embeddable":true,"href":"https:\/\/www.mobilier-design-occasion.fr\/magazine\/wp-json\/wp\/v2\/comments?post=8209"}],"version-history":[{"count":1,"href":"https:\/\/www.mobilier-design-occasion.fr\/magazine\/wp-json\/wp\/v2\/posts\/8209\/revisions"}],"predecessor-version":[{"id":8210,"href":"https:\/\/www.mobilier-design-occasion.fr\/magazine\/wp-json\/wp\/v2\/posts\/8209\/revisions\/8210"}],"wp:featuredmedia":[{"embeddable":true,"href":"https:\/\/www.mobilier-design-occasion.fr\/magazine\/wp-json\/wp\/v2\/media\/8208"}],"wp:attachment":[{"href":"https:\/\/www.mobilier-design-occasion.fr\/magazine\/wp-json\/wp\/v2\/media?parent=8209"}],"wp:term":[{"taxonomy":"category","embeddable":true,"href":"https:\/\/www.mobilier-design-occasion.fr\/magazine\/wp-json\/wp\/v2\/categories?post=8209"},{"taxonomy":"post_tag","embeddable":true,"href":"https:\/\/www.mobilier-design-occasion.fr\/magazine\/wp-json\/wp\/v2\/tags?post=8209"}],"curies":[{"name":"wp","href":"https:\/\/api.w.org\/{rel}","templated":true}]}}