{"id":8206,"date":"2025-05-15T19:02:22","date_gmt":"2025-05-15T19:02:22","guid":{"rendered":"https:\/\/www.mobilier-design-occasion.fr\/magazine\/comment-jai-transforme-mon-espace-avec-du-mobilier-multifonctionnel-astuces-et-conseils-pratiques\/"},"modified":"2025-05-15T19:02:23","modified_gmt":"2025-05-15T19:02:23","slug":"comment-jai-transforme-mon-espace-avec-du-mobilier-multifonctionnel-astuces-et-conseils-pratiques","status":"publish","type":"post","link":"https:\/\/www.mobilier-design-occasion.fr\/magazine\/comment-jai-transforme-mon-espace-avec-du-mobilier-multifonctionnel-astuces-et-conseils-pratiques\/","title":{"rendered":"Comment j&#8217;ai transform\u00e9 mon espace avec du mobilier multifonctionnel : astuces et conseils pratiques"},"content":{"rendered":"<h2><span class=\"ez-toc-section\" id=\"Les_cles_du_mobilier_multifonctionnel_pour_un_interieur_optimise\"><\/span>Les cl\u00e9s du mobilier multifonctionnel pour un int\u00e9rieur optimis\u00e9<span class=\"ez-toc-section-end\"><\/span><\/h2><div id=\"ez-toc-container\" class=\"ez-toc-v2_0_82_2 counter-hierarchy ez-toc-counter ez-toc-grey ez-toc-container-direction\">\n<div class=\"ez-toc-title-container\">\n<span class=\"ez-toc-title-toggle\"><a href=\"#\" class=\"ez-toc-pull-right ez-toc-btn ez-toc-btn-xs ez-toc-btn-default ez-toc-toggle\" aria-label=\"Toggle Table of Content\"><span class=\"ez-toc-js-icon-con\"><span class=\"\"><span class=\"eztoc-hide\" style=\"display:none;\">Toggle<\/span><span class=\"ez-toc-icon-toggle-span\"><svg style=\"fill: #999;color:#999\" xmlns=\"http:\/\/www.w3.org\/2000\/svg\" class=\"list-377408\" width=\"20px\" height=\"20px\" viewBox=\"0 0 24 24\" fill=\"none\"><path d=\"M6 6H4v2h2V6zm14 0H8v2h12V6zM4 11h2v2H4v-2zm16 0H8v2h12v-2zM4 16h2v2H4v-2zm16 0H8v2h12v-2z\" fill=\"currentColor\"><\/path><\/svg><svg style=\"fill: #999;color:#999\" class=\"arrow-unsorted-368013\" xmlns=\"http:\/\/www.w3.org\/2000\/svg\" width=\"10px\" height=\"10px\" viewBox=\"0 0 24 24\" version=\"1.2\" baseProfile=\"tiny\"><path d=\"M18.2 9.3l-6.2-6.3-6.2 6.3c-.2.2-.3.4-.3.7s.1.5.3.7c.2.2.4.3.7.3h11c.3 0 .5-.1.7-.3.2-.2.3-.5.3-.7s-.1-.5-.3-.7zM5.8 14.7l6.2 6.3 6.2-6.3c.2-.2.3-.5.3-.7s-.1-.5-.3-.7c-.2-.2-.4-.3-.7-.3h-11c-.3 0-.5.1-.7.3-.2.2-.3.5-.3.7s.1.5.3.7z\"\/><\/svg><\/span><\/span><\/span><\/a><\/span><\/div>\n<nav><ul class='ez-toc-list ez-toc-list-level-1 eztoc-toggle-hide-by-default' ><li class='ez-toc-page-1 ez-toc-heading-level-2'><a class=\"ez-toc-link ez-toc-heading-1\" href=\"https:\/\/www.mobilier-design-occasion.fr\/magazine\/comment-jai-transforme-mon-espace-avec-du-mobilier-multifonctionnel-astuces-et-conseils-pratiques\/#Les_cles_du_mobilier_multifonctionnel_pour_un_interieur_optimise\" >Les cl\u00e9s du mobilier multifonctionnel pour un int\u00e9rieur optimis\u00e9<\/a><\/li><li class='ez-toc-page-1 ez-toc-heading-level-2'><a class=\"ez-toc-link ez-toc-heading-2\" href=\"https:\/\/www.mobilier-design-occasion.fr\/magazine\/comment-jai-transforme-mon-espace-avec-du-mobilier-multifonctionnel-astuces-et-conseils-pratiques\/#Pourquoi_choisir_le_mobilier_multifonctionnel\" >Pourquoi choisir le mobilier multifonctionnel ?<\/a><\/li><li class='ez-toc-page-1 ez-toc-heading-level-2'><a class=\"ez-toc-link ez-toc-heading-3\" href=\"https:\/\/www.mobilier-design-occasion.fr\/magazine\/comment-jai-transforme-mon-espace-avec-du-mobilier-multifonctionnel-astuces-et-conseils-pratiques\/#Mes_decouvertes_en_matiere_de_mobilier_multifonctionnel\" >Mes d\u00e9couvertes en mati\u00e8re de mobilier multifonctionnel<\/a><ul class='ez-toc-list-level-3' ><li class='ez-toc-heading-level-3'><a class=\"ez-toc-link ez-toc-heading-4\" href=\"https:\/\/www.mobilier-design-occasion.fr\/magazine\/comment-jai-transforme-mon-espace-avec-du-mobilier-multifonctionnel-astuces-et-conseils-pratiques\/#1_Le_canape_convertible\" >1. Le canap\u00e9 convertible<\/a><\/li><li class='ez-toc-page-1 ez-toc-heading-level-3'><a class=\"ez-toc-link ez-toc-heading-5\" href=\"https:\/\/www.mobilier-design-occasion.fr\/magazine\/comment-jai-transforme-mon-espace-avec-du-mobilier-multifonctionnel-astuces-et-conseils-pratiques\/#2_La_table_extensible\" >2. La table extensible<\/a><\/li><li class='ez-toc-page-1 ez-toc-heading-level-3'><a class=\"ez-toc-link ez-toc-heading-6\" href=\"https:\/\/www.mobilier-design-occasion.fr\/magazine\/comment-jai-transforme-mon-espace-avec-du-mobilier-multifonctionnel-astuces-et-conseils-pratiques\/#3_Les_poufs_de_rangement\" >3. Les poufs de rangement<\/a><\/li><\/ul><\/li><li class='ez-toc-page-1 ez-toc-heading-level-2'><a class=\"ez-toc-link ez-toc-heading-7\" href=\"https:\/\/www.mobilier-design-occasion.fr\/magazine\/comment-jai-transforme-mon-espace-avec-du-mobilier-multifonctionnel-astuces-et-conseils-pratiques\/#Conseils_pour_maximiser_lespace\" >Conseils pour maximiser l&#8217;espace<\/a><\/li><li class='ez-toc-page-1 ez-toc-heading-level-2'><a class=\"ez-toc-link ez-toc-heading-8\" href=\"https:\/\/www.mobilier-design-occasion.fr\/magazine\/comment-jai-transforme-mon-espace-avec-du-mobilier-multifonctionnel-astuces-et-conseils-pratiques\/#Comparaison_mobilier_traditionnel_vs_mobilier_multifonctionnel\" >Comparaison : mobilier traditionnel vs mobilier multifonctionnel<\/a><\/li><li class='ez-toc-page-1 ez-toc-heading-level-2'><a class=\"ez-toc-link ez-toc-heading-9\" href=\"https:\/\/www.mobilier-design-occasion.fr\/magazine\/comment-jai-transforme-mon-espace-avec-du-mobilier-multifonctionnel-astuces-et-conseils-pratiques\/#Avis_et_reflexions_personnelles\" >Avis et r\u00e9flexions personnelles<\/a><\/li><li class='ez-toc-page-1 ez-toc-heading-level-2'><a class=\"ez-toc-link ez-toc-heading-10\" href=\"https:\/\/www.mobilier-design-occasion.fr\/magazine\/comment-jai-transforme-mon-espace-avec-du-mobilier-multifonctionnel-astuces-et-conseils-pratiques\/#Une_Plongee_dans_lUnivers_du_Mobilier_Multifonctionnel\" >Une Plong\u00e9e dans l&#8217;Univers du Mobilier Multifonctionnel<\/a><ul class='ez-toc-list-level-3' ><li class='ez-toc-heading-level-3'><a class=\"ez-toc-link ez-toc-heading-11\" href=\"https:\/\/www.mobilier-design-occasion.fr\/magazine\/comment-jai-transforme-mon-espace-avec-du-mobilier-multifonctionnel-astuces-et-conseils-pratiques\/#1_Experience_de_Terrain_Le_Vecu_Inestimable\" >1. Exp\u00e9rience de Terrain : Le V\u00e9cu Inestimable<\/a><\/li><li class='ez-toc-page-1 ez-toc-heading-level-3'><a class=\"ez-toc-link ez-toc-heading-12\" href=\"https:\/\/www.mobilier-design-occasion.fr\/magazine\/comment-jai-transforme-mon-espace-avec-du-mobilier-multifonctionnel-astuces-et-conseils-pratiques\/#2_Briser_les_Mythes_Les_Idees_Recues_sur_le_Mobilier_Multifonctionnel\" >2. Briser les Mythes : Les Id\u00e9es Re\u00e7ues sur le Mobilier Multifonctionnel<\/a><\/li><li class='ez-toc-page-1 ez-toc-heading-level-3'><a class=\"ez-toc-link ez-toc-heading-13\" href=\"https:\/\/www.mobilier-design-occasion.fr\/magazine\/comment-jai-transforme-mon-espace-avec-du-mobilier-multifonctionnel-astuces-et-conseils-pratiques\/#3_Les_Consequences_pour_les_Jeunes_Urbains_Une_Cible_Specifique\" >3. Les Cons\u00e9quences pour les Jeunes Urbains : Une Cible Sp\u00e9cifique<\/a><\/li><\/ul><\/li><\/ul><\/nav><\/div>\n\n<ul>\n<li>Maximise l&#8217;espace en combinant plusieurs fonctions dans un m\u00eame meuble.<\/li>\n<li>Allie esth\u00e9tique moderne et praticit\u00e9 au quotidien.<\/li>\n<li>Exemples concrets : canap\u00e9 convertible, table extensible, poufs de rangement.<\/li>\n<li>Conseils pratiques : choisir des meubles faciles \u00e0 manipuler, privil\u00e9gier la lumi\u00e8re et les miroirs.<\/li>\n<li>Id\u00e9al pour les espaces r\u00e9duits et les jeunes urbains cherchant confort et flexibilit\u00e9.<\/li>\n<\/ul>\n<hr>\n<p><strong>R\u00e9sum\u00e9 :<\/strong> Dans cette aventure d\u2019am\u00e9nagement, j&#8217;ai d\u00e9couvert comment le mobilier multifonctionnel a pu transformer mon espace de vie. Gr\u00e2ce \u00e0 des astuces pratiques et des conseils avis\u00e9s, je vous partage mon exp\u00e9rience et des petits secrets que j&#8217;ai d\u00e9nich\u00e9s en cours de route. De l\u2019optimisation de l\u2019espace au choix des pi\u00e8ces uniques, je vous invite \u00e0 r\u00e9fl\u00e9chir \u00e0 la mani\u00e8re dont vous pouvez \u00e9galement transformer votre chez-vous.<\/p>\n<h2><span class=\"ez-toc-section\" id=\"Pourquoi_choisir_le_mobilier_multifonctionnel\"><\/span>Pourquoi choisir le mobilier multifonctionnel ?<span class=\"ez-toc-section-end\"><\/span><\/h2>\n<p>Le mobilier multifonctionnel n&#8217;est pas simplement une tendance, c&#8217;est une n\u00e9cessit\u00e9 dans un monde o\u00f9 l&#8217;espace devient de plus en plus limit\u00e9. Lors de mon emm\u00e9nagement dans un studio, j&#8217;ai vite compris que chaque centim\u00e8tre compte. Voici pourquoi j&#8217;ai opt\u00e9 pour ce type de mobilier :<\/p>\n<ul>\n<li>\u00c9conomie d&#8217;espace : chaque pi\u00e8ce de mobilier peut remplir plusieurs r\u00f4les.<\/li>\n<li>Esth\u00e9tique : ces meubles sont souvent design et apportent une touche moderne \u00e0 la d\u00e9coration.<\/li>\n<li>Polyvalence : je peux r\u00e9organiser facilement mon espace selon mes besoins.<\/li>\n<\/ul>\n<h2><span class=\"ez-toc-section\" id=\"Mes_decouvertes_en_matiere_de_mobilier_multifonctionnel\"><\/span>Mes d\u00e9couvertes en mati\u00e8re de mobilier multifonctionnel<span class=\"ez-toc-section-end\"><\/span><\/h2>\n<p>Voici les astuces et d\u00e9couvertes qui ont vraiment fait la diff\u00e9rence dans mon appartement :<\/p>\n<h3><span class=\"ez-toc-section\" id=\"1_Le_canape_convertible\"><\/span>1. Le canap\u00e9 convertible<span class=\"ez-toc-section-end\"><\/span><\/h3>\n<p>Un classique, mais je ne peux pas insister assez sur son importance. J&#8217;ai choisi un canap\u00e9 qui se transforme en lit. Voici mon retour :<\/p>\n<ul>\n<li>Pratique pour les invit\u00e9s : pas besoin d&#8217;installer un lit d&#8217;appoint encombrant.<\/li>\n<li>Confort : un bon canap\u00e9 peut aussi \u00eatre un bon lit, \u00e9vitant ainsi des nuits inconfortables.<\/li>\n<\/ul>\n<h3><span class=\"ez-toc-section\" id=\"2_La_table_extensible\"><\/span>2. La table extensible<span class=\"ez-toc-section-end\"><\/span><\/h3>\n<p>Une table qui s&#8217;\u00e9tend permet de recevoir des amis sans sacrifier l&#8217;espace au quotidien. J&#8217;ai \u00e9t\u00e9 surprise de la capacit\u00e9 qu&#8217;une petite table pouvait avoir !<\/p>\n<ul>\n<li>Facilit\u00e9 d&#8217;utilisation : en quelques gestes, elle se transforme.<\/li>\n<li>Esth\u00e9tique : j\u2019ai trouv\u00e9 un mod\u00e8le en bois qui donne du cachet \u00e0 mon salon.<\/li>\n<\/ul>\n<h3><span class=\"ez-toc-section\" id=\"3_Les_poufs_de_rangement\"><\/span>3. Les poufs de rangement<span class=\"ez-toc-section-end\"><\/span><\/h3>\n<p>Ces petits bijoux cachent un grand potentiel. Non seulement ils servent de si\u00e8ges d\u2019appoint, mais ils permettent aussi de ranger des objets.<\/p>\n<ul>\n<li>Pratique : les jouets, couvertures ou livres peuvent y trouver leur place.<\/li>\n<li>D\u00e9coratif : j&#8217;ai choisi des couleurs qui s&#8217;harmonisent avec ma d\u00e9coration.<\/li>\n<\/ul>\n<h2><span class=\"ez-toc-section\" id=\"Conseils_pour_maximiser_lespace\"><\/span>Conseils pour maximiser l&#8217;espace<span class=\"ez-toc-section-end\"><\/span><\/h2>\n<p>Voici quelques conseils pour tirer le meilleur parti de votre mobilier multifonctionnel :<\/p>\n<ol>\n<li><strong>Pensez \u00e0 l\u2019assemblage :<\/strong> Choisissez des pi\u00e8ces faciles \u00e0 d\u00e9placer et \u00e0 assembler.<\/li>\n<li><strong>Ne n\u00e9gligez pas la lumi\u00e8re :<\/strong> Un espace lumineux donne l&#8217;impression d&#8217;\u00eatre plus grand. Optez pour des couleurs claires.<\/li>\n<li><strong>Astuce de grand-m\u00e8re :<\/strong> Utilisez des miroirs pour r\u00e9fl\u00e9chir l&#8217;espace et donner une illusion de profondeur.<\/li>\n<\/ol>\n<h2><span class=\"ez-toc-section\" id=\"Comparaison_mobilier_traditionnel_vs_mobilier_multifonctionnel\"><\/span>Comparaison : mobilier traditionnel vs mobilier multifonctionnel<span class=\"ez-toc-section-end\"><\/span><\/h2>\n<table>\n<tr>\n<th>Caract\u00e9ristique<\/th>\n<th>Mobilier Traditionnel<\/th>\n<th>Mobilier Multifonctionnel<\/th>\n<\/tr>\n<tr>\n<td>\u00c9conomie d&#8217;espace<\/td>\n<td>Pas optimis\u00e9<\/td>\n<td>Excellente<\/td>\n<\/tr>\n<tr>\n<td>Co\u00fbt<\/td>\n<td>Souvent plus cher \u00e0 long terme<\/td>\n<td>Investissement rentable<\/td>\n<\/tr>\n<tr>\n<td>Flexibilit\u00e9<\/td>\n<td>Rigide<\/td>\n<td>Adaptable selon les besoins<\/td>\n<\/tr>\n<\/table>\n<h2><span class=\"ez-toc-section\" id=\"Avis_et_reflexions_personnelles\"><\/span>Avis et r\u00e9flexions personnelles<span class=\"ez-toc-section-end\"><\/span><\/h2>\n<p>Je suis convaincu que le mobilier multifonctionnel a chang\u00e9 non seulement l\u2019apparence de mon espace, mais aussi ma mani\u00e8re de l&#8217;utiliser. J\u2019ai gagn\u00e9 en confort et en praticit\u00e9, et cela m\u2019a aid\u00e9 \u00e0 r\u00e9duire le d\u00e9sordre. Je suis curieux de savoir si d\u2019autres personnes ont eu des exp\u00e9riences similaires. Quels types de meubles avez-vous adopt\u00e9s pour optimiser votre espace ? Avez-vous des astuces \u00e0 partager ?<\/p>\n<p>Partagez vos pens\u00e9es dans les commentaires !<\/p>\n<hr>\n<div style=\"overflow-x:auto; white-space:nowrap; -webkit-overflow-scrolling:touch;\"><img decoding=\"async\" src=\"https:\/\/pixabay.com\/get\/g6f7f746cf160b54ef23480ec299d5f81d9b67cbdb5c27f74eb7fcef74448cd77333e33f9eb12e4f749e683586480c5b741da3190b9a8a7fd9ac10fd2eaacf2f6_1280.jpg\" style=\"width:100%; max-width:300px; display:inline-block; margin-right:10px; border-radius:8px;\" \/><img decoding=\"async\" src=\"https:\/\/pixabay.com\/get\/gca0a94befc9ca48700e679a92d1aad9119dac2a92f544e0cc251cd41a698384197f72316ce580ec8ec24bb4427115aac85f0764b1a36c638ce41961583e00034_1280.jpg\" style=\"width:100%; max-width:300px; display:inline-block; margin-right:10px; border-radius:8px;\" \/><img decoding=\"async\" src=\"https:\/\/pixabay.com\/get\/g042bc44327ee678859e28c657d265054e51a50e52a95a684d69b14dd9999dd36759f72c56da637e274ab46722a2969f54410527fc9303c0afe58fb3ab2dbc99b_1280.jpg\" style=\"width:100%; max-width:300px; display:inline-block; margin-right:10px; border-radius:8px;\" \/><\/div>\n<hr>\n<h2><span class=\"ez-toc-section\" id=\"Une_Plongee_dans_lUnivers_du_Mobilier_Multifonctionnel\"><\/span>Une Plong\u00e9e dans l&#8217;Univers du Mobilier Multifonctionnel<span class=\"ez-toc-section-end\"><\/span><\/h2>\n<p>Le mobilier multifonctionnel est bien plus qu&#8217;une simple tendance ; il s&#8217;agit d&#8217;un v\u00e9ritable mode de vie qui a transform\u00e9 mon espace de vie. Ayant travaill\u00e9 dans le secteur du design et de l&#8217;am\u00e9nagement d&#8217;int\u00e9rieur, j&#8217;ai souvent \u00e9t\u00e9 t\u00e9moin des innovations et des ajustements que ce type de mobilier peut apporter. Voici mes r\u00e9flexions sur cette th\u00e9matique.<\/p>\n<h3><span class=\"ez-toc-section\" id=\"1_Experience_de_Terrain_Le_Vecu_Inestimable\"><\/span>1. Exp\u00e9rience de Terrain : Le V\u00e9cu Inestimable<span class=\"ez-toc-section-end\"><\/span><\/h3>\n<ul>\n<li><strong>Adaptabilit\u00e9 : Une Solution Durable<\/strong> &#8211; Dans un projet d&#8217;am\u00e9nagement de studio, j&#8217;ai int\u00e9gr\u00e9 un canap\u00e9-lit qui s&#8217;est transform\u00e9 en lit confortable pour accueillir des invit\u00e9s. Non seulement il a maximis\u00e9 l&#8217;espace, mais il a \u00e9galement permis d&#8217;apporter une touche esth\u00e9tique.<\/li>\n<li><strong>Optimisation de l&#8217;Espace : Le Grand D\u00e9fi<\/strong> &#8211; Lors d&#8217;un am\u00e9nagement pour un petit appartement, j&#8217;ai eu recours \u00e0 une table extensible qui, lorsqu&#8217;elle \u00e9tait repli\u00e9e, offrait plus d&#8217;espace pour circuler. C&#8217;est un choix qui a \u00e9t\u00e9 unanimement appr\u00e9ci\u00e9 lors des visites.<\/li>\n<li><strong>Fonctionnalit\u00e9 et Esth\u00e9tique : Un Duo Gagnant<\/strong> &#8211; J&#8217;ai eu l&#8217;occasion de travailler avec des meubles int\u00e9grant du rangement discret, comme des poufs qui cachent des affaires. Cela a non seulement contribu\u00e9 \u00e0 r\u00e9duire l&#8217;encombrement, mais a \u00e9galement dynamis\u00e9 l&#8217;esth\u00e9tique de la pi\u00e8ce.<\/li>\n<\/ul>\n<h3><span class=\"ez-toc-section\" id=\"2_Briser_les_Mythes_Les_Idees_Recues_sur_le_Mobilier_Multifonctionnel\"><\/span>2. Briser les Mythes : Les Id\u00e9es Re\u00e7ues sur le Mobilier Multifonctionnel<span class=\"ez-toc-section-end\"><\/span><\/h3>\n<ul>\n<li><strong>Mythe 1 : Ce mobilier est toujours peu esth\u00e9tique.<\/strong> &#8211; Bien au contraire, j&#8217;ai d\u00e9couvert que le design moderne offre des lignes \u00e9pur\u00e9es et des mat\u00e9riaux raffin\u00e9s, prouvant que l&#8217;utilit\u00e9 et le style peuvent coexister.<\/li>\n<li><strong>Mythe 2 : Les meubles multifonctionnels sont compliqu\u00e9s \u00e0 utiliser.<\/strong> &#8211; Au fil des ans, les innovations ont simplifi\u00e9 le m\u00e9canisme d&#8217;utilisation. J&#8217;ai vu des mobiliers se transformer en un geste fluide, rendant l&#8217;utilisation quotidienne intuitive.<\/li>\n<li><strong>Mythe 3 : Ils sont chers et peu accessibles.<\/strong> &#8211; De nombreux designs accessibles et abordables sont disponibles sur le march\u00e9, prouvant ainsi que l&#8217;innovation n&#8217;est pas r\u00e9serv\u00e9e \u00e0 une \u00e9lite.<\/li>\n<\/ul>\n<h3><span class=\"ez-toc-section\" id=\"3_Les_Consequences_pour_les_Jeunes_Urbains_Une_Cible_Specifique\"><\/span>3. Les Cons\u00e9quences pour les Jeunes Urbains : Une Cible Sp\u00e9cifique<span class=\"ez-toc-section-end\"><\/span><\/h3>\n<ul>\n<li><strong>Optimisation de l&#8217;Espace de Vie :<\/strong> Les jeunes urbains, souvent en qu\u00eate de logement dans des espaces restreints, b\u00e9n\u00e9ficient grandement du mobilier multifonctionnel. Ils peuvent vivre dans des appartements plus petits sans sacrifier le confort.<\/li>\n<li><strong>\u00c9conomie Financi\u00e8re :<\/strong> L&#8217;achat de meubles qui servent plusieurs fonctions peut r\u00e9duire les co\u00fbts globaux des meubles, permettant aux jeunes de g\u00e9rer leur budget avec plus de flexibilit\u00e9.<\/li>\n<li><strong>Cr\u00e9ation d&#8217;Environnements Dynamiques : <\/strong> Ces meubles leur permettent de transformer rapidement leur espace; ils peuvent passer d&#8217;un environnement de travail \u00e0 un espace de d\u00e9tente en un clin d&#8217;\u0153il, favorisant ainsi une ambiance de vie plus fluide et adaptative.<\/li>\n<\/ul>\n<p>En r\u00e9sum\u00e9, le mobilier multifonctionnel est non seulement une n\u00e9cessit\u00e9 dans des espaces r\u00e9duits, mais il offre \u00e9galement des solutions cr\u00e9atives pour optimiser le quotidien. \u00c0 travers mes exp\u00e9riences, j&#8217;ai pu constater \u00e0 quel point ce type de mobilier peut transformer un espace et enrichir le mode de vie de ceux qui l&#8217;adoptent.<\/p>\n","protected":false},"excerpt":{"rendered":"<p>Les cl\u00e9s du mobilier multifonctionnel pour un int\u00e9rieur optimis\u00e9 Maximise l&#8217;espace en combinant plusieurs fonctions dans un m\u00eame meuble. Allie esth\u00e9tique moderne et praticit\u00e9 au quotidien. Exemples concrets : canap\u00e9 convertible, table extensible, poufs de rangement. Conseils pratiques : choisir des meubles faciles \u00e0 manipuler, privil\u00e9gier la lumi\u00e8re et les miroirs. Id\u00e9al pour les espaces [&hellip;]<\/p>\n","protected":false},"author":8,"featured_media":8205,"comment_status":"open","ping_status":"open","sticky":false,"template":"","format":"standard","meta":{"footnotes":""},"categories":[8],"tags":[],"class_list":["post-8206","post","type-post","status-publish","format-standard","has-post-thumbnail","hentry","category-avis"],"yoast_head":"<!-- This site is optimized with the Yoast SEO plugin v27.5 - https:\/\/yoast.com\/product\/yoast-seo-wordpress\/ -->\n<title>Comment j&#039;ai transform\u00e9 mon espace avec du mobilier multifonctionnel : astuces et conseils pratiques - Mobilier Design Magazine<\/title>\n<meta name=\"robots\" content=\"index, follow, max-snippet:-1, max-image-preview:large, max-video-preview:-1\" \/>\n<link rel=\"canonical\" href=\"https:\/\/www.mobilier-design-occasion.fr\/magazine\/comment-jai-transforme-mon-espace-avec-du-mobilier-multifonctionnel-astuces-et-conseils-pratiques\/\" \/>\n<meta property=\"og:locale\" content=\"fr_FR\" \/>\n<meta property=\"og:type\" content=\"article\" \/>\n<meta property=\"og:title\" content=\"Comment j&#039;ai transform\u00e9 mon espace avec du mobilier multifonctionnel : astuces et conseils pratiques - Mobilier Design Magazine\" \/>\n<meta property=\"og:description\" content=\"Les cl\u00e9s du mobilier multifonctionnel pour un int\u00e9rieur optimis\u00e9 Maximise l&#8217;espace en combinant plusieurs fonctions dans un m\u00eame meuble. Allie esth\u00e9tique moderne et praticit\u00e9 au quotidien. Exemples concrets : canap\u00e9 convertible, table extensible, poufs de rangement. Conseils pratiques : choisir des meubles faciles \u00e0 manipuler, privil\u00e9gier la lumi\u00e8re et les miroirs. Id\u00e9al pour les espaces [&hellip;]\" \/>\n<meta property=\"og:url\" content=\"https:\/\/www.mobilier-design-occasion.fr\/magazine\/comment-jai-transforme-mon-espace-avec-du-mobilier-multifonctionnel-astuces-et-conseils-pratiques\/\" \/>\n<meta property=\"og:site_name\" content=\"Mobilier Design Magazine\" \/>\n<meta property=\"article:publisher\" content=\"https:\/\/www.facebook.com\/mobilierdesignoccasion\" \/>\n<meta property=\"article:published_time\" content=\"2025-05-15T19:02:22+00:00\" \/>\n<meta property=\"article:modified_time\" content=\"2025-05-15T19:02:23+00:00\" \/>\n<meta property=\"og:image\" content=\"https:\/\/pixabay.com\/get\/g6f7f746cf160b54ef23480ec299d5f81d9b67cbdb5c27f74eb7fcef74448cd77333e33f9eb12e4f749e683586480c5b741da3190b9a8a7fd9ac10fd2eaacf2f6_1280.jpg\" \/>\n<meta name=\"author\" content=\"Vincent\" \/>\n<meta name=\"twitter:card\" content=\"summary_large_image\" \/>\n<meta name=\"twitter:label1\" content=\"\u00c9crit par\" \/>\n\t<meta name=\"twitter:data1\" content=\"Vincent\" \/>\n\t<meta name=\"twitter:label2\" content=\"Dur\u00e9e de lecture estim\u00e9e\" \/>\n\t<meta name=\"twitter:data2\" content=\"6 minutes\" \/>\n<script type=\"application\/ld+json\" class=\"yoast-schema-graph\">{\"@context\":\"https:\\\/\\\/schema.org\",\"@graph\":[{\"@type\":\"Article\",\"@id\":\"https:\\\/\\\/www.mobilier-design-occasion.fr\\\/magazine\\\/comment-jai-transforme-mon-espace-avec-du-mobilier-multifonctionnel-astuces-et-conseils-pratiques\\\/#article\",\"isPartOf\":{\"@id\":\"https:\\\/\\\/www.mobilier-design-occasion.fr\\\/magazine\\\/comment-jai-transforme-mon-espace-avec-du-mobilier-multifonctionnel-astuces-et-conseils-pratiques\\\/\"},\"author\":{\"name\":\"Vincent\",\"@id\":\"https:\\\/\\\/www.mobilier-design-occasion.fr\\\/magazine\\\/#\\\/schema\\\/person\\\/5fabf814365354b233f79540ae97b514\"},\"headline\":\"Comment j&#8217;ai transform\u00e9 mon espace avec du mobilier multifonctionnel : astuces et conseils pratiques\",\"datePublished\":\"2025-05-15T19:02:22+00:00\",\"dateModified\":\"2025-05-15T19:02:23+00:00\",\"mainEntityOfPage\":{\"@id\":\"https:\\\/\\\/www.mobilier-design-occasion.fr\\\/magazine\\\/comment-jai-transforme-mon-espace-avec-du-mobilier-multifonctionnel-astuces-et-conseils-pratiques\\\/\"},\"wordCount\":1179,\"commentCount\":0,\"publisher\":{\"@id\":\"https:\\\/\\\/www.mobilier-design-occasion.fr\\\/magazine\\\/#organization\"},\"image\":{\"@id\":\"https:\\\/\\\/www.mobilier-design-occasion.fr\\\/magazine\\\/comment-jai-transforme-mon-espace-avec-du-mobilier-multifonctionnel-astuces-et-conseils-pratiques\\\/#primaryimage\"},\"thumbnailUrl\":\"https:\\\/\\\/www.mobilier-design-occasion.fr\\\/magazine\\\/wp-content\\\/uploads\\\/2025\\\/05\\\/data-3.png\",\"articleSection\":[\"Avis marques d\u00e9co\"],\"inLanguage\":\"fr-FR\",\"potentialAction\":[{\"@type\":\"CommentAction\",\"name\":\"Comment\",\"target\":[\"https:\\\/\\\/www.mobilier-design-occasion.fr\\\/magazine\\\/comment-jai-transforme-mon-espace-avec-du-mobilier-multifonctionnel-astuces-et-conseils-pratiques\\\/#respond\"]}]},{\"@type\":\"WebPage\",\"@id\":\"https:\\\/\\\/www.mobilier-design-occasion.fr\\\/magazine\\\/comment-jai-transforme-mon-espace-avec-du-mobilier-multifonctionnel-astuces-et-conseils-pratiques\\\/\",\"url\":\"https:\\\/\\\/www.mobilier-design-occasion.fr\\\/magazine\\\/comment-jai-transforme-mon-espace-avec-du-mobilier-multifonctionnel-astuces-et-conseils-pratiques\\\/\",\"name\":\"Comment j'ai transform\u00e9 mon espace avec du mobilier multifonctionnel : astuces et conseils pratiques - Mobilier Design Magazine\",\"isPartOf\":{\"@id\":\"https:\\\/\\\/www.mobilier-design-occasion.fr\\\/magazine\\\/#website\"},\"primaryImageOfPage\":{\"@id\":\"https:\\\/\\\/www.mobilier-design-occasion.fr\\\/magazine\\\/comment-jai-transforme-mon-espace-avec-du-mobilier-multifonctionnel-astuces-et-conseils-pratiques\\\/#primaryimage\"},\"image\":{\"@id\":\"https:\\\/\\\/www.mobilier-design-occasion.fr\\\/magazine\\\/comment-jai-transforme-mon-espace-avec-du-mobilier-multifonctionnel-astuces-et-conseils-pratiques\\\/#primaryimage\"},\"thumbnailUrl\":\"https:\\\/\\\/www.mobilier-design-occasion.fr\\\/magazine\\\/wp-content\\\/uploads\\\/2025\\\/05\\\/data-3.png\",\"datePublished\":\"2025-05-15T19:02:22+00:00\",\"dateModified\":\"2025-05-15T19:02:23+00:00\",\"breadcrumb\":{\"@id\":\"https:\\\/\\\/www.mobilier-design-occasion.fr\\\/magazine\\\/comment-jai-transforme-mon-espace-avec-du-mobilier-multifonctionnel-astuces-et-conseils-pratiques\\\/#breadcrumb\"},\"inLanguage\":\"fr-FR\",\"potentialAction\":[{\"@type\":\"ReadAction\",\"target\":[\"https:\\\/\\\/www.mobilier-design-occasion.fr\\\/magazine\\\/comment-jai-transforme-mon-espace-avec-du-mobilier-multifonctionnel-astuces-et-conseils-pratiques\\\/\"]}]},{\"@type\":\"ImageObject\",\"inLanguage\":\"fr-FR\",\"@id\":\"https:\\\/\\\/www.mobilier-design-occasion.fr\\\/magazine\\\/comment-jai-transforme-mon-espace-avec-du-mobilier-multifonctionnel-astuces-et-conseils-pratiques\\\/#primaryimage\",\"url\":\"https:\\\/\\\/www.mobilier-design-occasion.fr\\\/magazine\\\/wp-content\\\/uploads\\\/2025\\\/05\\\/data-3.png\",\"contentUrl\":\"https:\\\/\\\/www.mobilier-design-occasion.fr\\\/magazine\\\/wp-content\\\/uploads\\\/2025\\\/05\\\/data-3.png\",\"width\":1024,\"height\":1024},{\"@type\":\"BreadcrumbList\",\"@id\":\"https:\\\/\\\/www.mobilier-design-occasion.fr\\\/magazine\\\/comment-jai-transforme-mon-espace-avec-du-mobilier-multifonctionnel-astuces-et-conseils-pratiques\\\/#breadcrumb\",\"itemListElement\":[{\"@type\":\"ListItem\",\"position\":1,\"name\":\"Accueil\",\"item\":\"https:\\\/\\\/www.mobilier-design-occasion.fr\\\/magazine\\\/\"},{\"@type\":\"ListItem\",\"position\":2,\"name\":\"Comment j&#8217;ai transform\u00e9 mon espace avec du mobilier multifonctionnel : astuces et conseils pratiques\"}]},{\"@type\":\"WebSite\",\"@id\":\"https:\\\/\\\/www.mobilier-design-occasion.fr\\\/magazine\\\/#website\",\"url\":\"https:\\\/\\\/www.mobilier-design-occasion.fr\\\/magazine\\\/\",\"name\":\"Mobilier Design Magazine\",\"description\":\"\",\"publisher\":{\"@id\":\"https:\\\/\\\/www.mobilier-design-occasion.fr\\\/magazine\\\/#organization\"},\"potentialAction\":[{\"@type\":\"SearchAction\",\"target\":{\"@type\":\"EntryPoint\",\"urlTemplate\":\"https:\\\/\\\/www.mobilier-design-occasion.fr\\\/magazine\\\/?s={search_term_string}\"},\"query-input\":{\"@type\":\"PropertyValueSpecification\",\"valueRequired\":true,\"valueName\":\"search_term_string\"}}],\"inLanguage\":\"fr-FR\"},{\"@type\":\"Organization\",\"@id\":\"https:\\\/\\\/www.mobilier-design-occasion.fr\\\/magazine\\\/#organization\",\"name\":\"Mobilier Design Magazine\",\"url\":\"https:\\\/\\\/www.mobilier-design-occasion.fr\\\/magazine\\\/\",\"logo\":{\"@type\":\"ImageObject\",\"inLanguage\":\"fr-FR\",\"@id\":\"https:\\\/\\\/www.mobilier-design-occasion.fr\\\/magazine\\\/#\\\/schema\\\/logo\\\/image\\\/\",\"url\":\"https:\\\/\\\/www.mobilier-design-occasion.fr\\\/magazine\\\/wp-content\\\/uploads\\\/2024\\\/02\\\/android-chrome-192x192-1.png\",\"contentUrl\":\"https:\\\/\\\/www.mobilier-design-occasion.fr\\\/magazine\\\/wp-content\\\/uploads\\\/2024\\\/02\\\/android-chrome-192x192-1.png\",\"width\":192,\"height\":192,\"caption\":\"Mobilier Design Magazine\"},\"image\":{\"@id\":\"https:\\\/\\\/www.mobilier-design-occasion.fr\\\/magazine\\\/#\\\/schema\\\/logo\\\/image\\\/\"},\"sameAs\":[\"https:\\\/\\\/www.facebook.com\\\/mobilierdesignoccasion\"]},{\"@type\":\"Person\",\"@id\":\"https:\\\/\\\/www.mobilier-design-occasion.fr\\\/magazine\\\/#\\\/schema\\\/person\\\/5fabf814365354b233f79540ae97b514\",\"name\":\"Vincent\",\"image\":{\"@type\":\"ImageObject\",\"inLanguage\":\"fr-FR\",\"@id\":\"https:\\\/\\\/secure.gravatar.com\\\/avatar\\\/18cb708a7d5219d5e909f516ff9f98bf9245615d470373b7cd116121c835448d?s=96&d=mm&r=g\",\"url\":\"https:\\\/\\\/secure.gravatar.com\\\/avatar\\\/18cb708a7d5219d5e909f516ff9f98bf9245615d470373b7cd116121c835448d?s=96&d=mm&r=g\",\"contentUrl\":\"https:\\\/\\\/secure.gravatar.com\\\/avatar\\\/18cb708a7d5219d5e909f516ff9f98bf9245615d470373b7cd116121c835448d?s=96&d=mm&r=g\",\"caption\":\"Vincent\"},\"url\":\"https:\\\/\\\/www.mobilier-design-occasion.fr\\\/magazine\\\/author\\\/n8n\\\/\"}]}<\/script>\n<!-- \/ Yoast SEO plugin. -->","yoast_head_json":{"title":"Comment j'ai transform\u00e9 mon espace avec du mobilier multifonctionnel : astuces et conseils pratiques - Mobilier Design Magazine","robots":{"index":"index","follow":"follow","max-snippet":"max-snippet:-1","max-image-preview":"max-image-preview:large","max-video-preview":"max-video-preview:-1"},"canonical":"https:\/\/www.mobilier-design-occasion.fr\/magazine\/comment-jai-transforme-mon-espace-avec-du-mobilier-multifonctionnel-astuces-et-conseils-pratiques\/","og_locale":"fr_FR","og_type":"article","og_title":"Comment j'ai transform\u00e9 mon espace avec du mobilier multifonctionnel : astuces et conseils pratiques - Mobilier Design Magazine","og_description":"Les cl\u00e9s du mobilier multifonctionnel pour un int\u00e9rieur optimis\u00e9 Maximise l&#8217;espace en combinant plusieurs fonctions dans un m\u00eame meuble. Allie esth\u00e9tique moderne et praticit\u00e9 au quotidien. Exemples concrets : canap\u00e9 convertible, table extensible, poufs de rangement. Conseils pratiques : choisir des meubles faciles \u00e0 manipuler, privil\u00e9gier la lumi\u00e8re et les miroirs. Id\u00e9al pour les espaces [&hellip;]","og_url":"https:\/\/www.mobilier-design-occasion.fr\/magazine\/comment-jai-transforme-mon-espace-avec-du-mobilier-multifonctionnel-astuces-et-conseils-pratiques\/","og_site_name":"Mobilier Design Magazine","article_publisher":"https:\/\/www.facebook.com\/mobilierdesignoccasion","article_published_time":"2025-05-15T19:02:22+00:00","article_modified_time":"2025-05-15T19:02:23+00:00","og_image":[{"url":"https:\/\/pixabay.com\/get\/g6f7f746cf160b54ef23480ec299d5f81d9b67cbdb5c27f74eb7fcef74448cd77333e33f9eb12e4f749e683586480c5b741da3190b9a8a7fd9ac10fd2eaacf2f6_1280.jpg","type":"","width":"","height":""}],"author":"Vincent","twitter_card":"summary_large_image","twitter_misc":{"\u00c9crit par":"Vincent","Dur\u00e9e de lecture estim\u00e9e":"6 minutes"},"schema":{"@context":"https:\/\/schema.org","@graph":[{"@type":"Article","@id":"https:\/\/www.mobilier-design-occasion.fr\/magazine\/comment-jai-transforme-mon-espace-avec-du-mobilier-multifonctionnel-astuces-et-conseils-pratiques\/#article","isPartOf":{"@id":"https:\/\/www.mobilier-design-occasion.fr\/magazine\/comment-jai-transforme-mon-espace-avec-du-mobilier-multifonctionnel-astuces-et-conseils-pratiques\/"},"author":{"name":"Vincent","@id":"https:\/\/www.mobilier-design-occasion.fr\/magazine\/#\/schema\/person\/5fabf814365354b233f79540ae97b514"},"headline":"Comment j&#8217;ai transform\u00e9 mon espace avec du mobilier multifonctionnel : astuces et conseils pratiques","datePublished":"2025-05-15T19:02:22+00:00","dateModified":"2025-05-15T19:02:23+00:00","mainEntityOfPage":{"@id":"https:\/\/www.mobilier-design-occasion.fr\/magazine\/comment-jai-transforme-mon-espace-avec-du-mobilier-multifonctionnel-astuces-et-conseils-pratiques\/"},"wordCount":1179,"commentCount":0,"publisher":{"@id":"https:\/\/www.mobilier-design-occasion.fr\/magazine\/#organization"},"image":{"@id":"https:\/\/www.mobilier-design-occasion.fr\/magazine\/comment-jai-transforme-mon-espace-avec-du-mobilier-multifonctionnel-astuces-et-conseils-pratiques\/#primaryimage"},"thumbnailUrl":"https:\/\/www.mobilier-design-occasion.fr\/magazine\/wp-content\/uploads\/2025\/05\/data-3.png","articleSection":["Avis marques d\u00e9co"],"inLanguage":"fr-FR","potentialAction":[{"@type":"CommentAction","name":"Comment","target":["https:\/\/www.mobilier-design-occasion.fr\/magazine\/comment-jai-transforme-mon-espace-avec-du-mobilier-multifonctionnel-astuces-et-conseils-pratiques\/#respond"]}]},{"@type":"WebPage","@id":"https:\/\/www.mobilier-design-occasion.fr\/magazine\/comment-jai-transforme-mon-espace-avec-du-mobilier-multifonctionnel-astuces-et-conseils-pratiques\/","url":"https:\/\/www.mobilier-design-occasion.fr\/magazine\/comment-jai-transforme-mon-espace-avec-du-mobilier-multifonctionnel-astuces-et-conseils-pratiques\/","name":"Comment j'ai transform\u00e9 mon espace avec du mobilier multifonctionnel : astuces et conseils pratiques - Mobilier Design Magazine","isPartOf":{"@id":"https:\/\/www.mobilier-design-occasion.fr\/magazine\/#website"},"primaryImageOfPage":{"@id":"https:\/\/www.mobilier-design-occasion.fr\/magazine\/comment-jai-transforme-mon-espace-avec-du-mobilier-multifonctionnel-astuces-et-conseils-pratiques\/#primaryimage"},"image":{"@id":"https:\/\/www.mobilier-design-occasion.fr\/magazine\/comment-jai-transforme-mon-espace-avec-du-mobilier-multifonctionnel-astuces-et-conseils-pratiques\/#primaryimage"},"thumbnailUrl":"https:\/\/www.mobilier-design-occasion.fr\/magazine\/wp-content\/uploads\/2025\/05\/data-3.png","datePublished":"2025-05-15T19:02:22+00:00","dateModified":"2025-05-15T19:02:23+00:00","breadcrumb":{"@id":"https:\/\/www.mobilier-design-occasion.fr\/magazine\/comment-jai-transforme-mon-espace-avec-du-mobilier-multifonctionnel-astuces-et-conseils-pratiques\/#breadcrumb"},"inLanguage":"fr-FR","potentialAction":[{"@type":"ReadAction","target":["https:\/\/www.mobilier-design-occasion.fr\/magazine\/comment-jai-transforme-mon-espace-avec-du-mobilier-multifonctionnel-astuces-et-conseils-pratiques\/"]}]},{"@type":"ImageObject","inLanguage":"fr-FR","@id":"https:\/\/www.mobilier-design-occasion.fr\/magazine\/comment-jai-transforme-mon-espace-avec-du-mobilier-multifonctionnel-astuces-et-conseils-pratiques\/#primaryimage","url":"https:\/\/www.mobilier-design-occasion.fr\/magazine\/wp-content\/uploads\/2025\/05\/data-3.png","contentUrl":"https:\/\/www.mobilier-design-occasion.fr\/magazine\/wp-content\/uploads\/2025\/05\/data-3.png","width":1024,"height":1024},{"@type":"BreadcrumbList","@id":"https:\/\/www.mobilier-design-occasion.fr\/magazine\/comment-jai-transforme-mon-espace-avec-du-mobilier-multifonctionnel-astuces-et-conseils-pratiques\/#breadcrumb","itemListElement":[{"@type":"ListItem","position":1,"name":"Accueil","item":"https:\/\/www.mobilier-design-occasion.fr\/magazine\/"},{"@type":"ListItem","position":2,"name":"Comment j&#8217;ai transform\u00e9 mon espace avec du mobilier multifonctionnel : astuces et conseils pratiques"}]},{"@type":"WebSite","@id":"https:\/\/www.mobilier-design-occasion.fr\/magazine\/#website","url":"https:\/\/www.mobilier-design-occasion.fr\/magazine\/","name":"Mobilier Design Magazine","description":"","publisher":{"@id":"https:\/\/www.mobilier-design-occasion.fr\/magazine\/#organization"},"potentialAction":[{"@type":"SearchAction","target":{"@type":"EntryPoint","urlTemplate":"https:\/\/www.mobilier-design-occasion.fr\/magazine\/?s={search_term_string}"},"query-input":{"@type":"PropertyValueSpecification","valueRequired":true,"valueName":"search_term_string"}}],"inLanguage":"fr-FR"},{"@type":"Organization","@id":"https:\/\/www.mobilier-design-occasion.fr\/magazine\/#organization","name":"Mobilier Design Magazine","url":"https:\/\/www.mobilier-design-occasion.fr\/magazine\/","logo":{"@type":"ImageObject","inLanguage":"fr-FR","@id":"https:\/\/www.mobilier-design-occasion.fr\/magazine\/#\/schema\/logo\/image\/","url":"https:\/\/www.mobilier-design-occasion.fr\/magazine\/wp-content\/uploads\/2024\/02\/android-chrome-192x192-1.png","contentUrl":"https:\/\/www.mobilier-design-occasion.fr\/magazine\/wp-content\/uploads\/2024\/02\/android-chrome-192x192-1.png","width":192,"height":192,"caption":"Mobilier Design Magazine"},"image":{"@id":"https:\/\/www.mobilier-design-occasion.fr\/magazine\/#\/schema\/logo\/image\/"},"sameAs":["https:\/\/www.facebook.com\/mobilierdesignoccasion"]},{"@type":"Person","@id":"https:\/\/www.mobilier-design-occasion.fr\/magazine\/#\/schema\/person\/5fabf814365354b233f79540ae97b514","name":"Vincent","image":{"@type":"ImageObject","inLanguage":"fr-FR","@id":"https:\/\/secure.gravatar.com\/avatar\/18cb708a7d5219d5e909f516ff9f98bf9245615d470373b7cd116121c835448d?s=96&d=mm&r=g","url":"https:\/\/secure.gravatar.com\/avatar\/18cb708a7d5219d5e909f516ff9f98bf9245615d470373b7cd116121c835448d?s=96&d=mm&r=g","contentUrl":"https:\/\/secure.gravatar.com\/avatar\/18cb708a7d5219d5e909f516ff9f98bf9245615d470373b7cd116121c835448d?s=96&d=mm&r=g","caption":"Vincent"},"url":"https:\/\/www.mobilier-design-occasion.fr\/magazine\/author\/n8n\/"}]}},"_links":{"self":[{"href":"https:\/\/www.mobilier-design-occasion.fr\/magazine\/wp-json\/wp\/v2\/posts\/8206","targetHints":{"allow":["GET"]}}],"collection":[{"href":"https:\/\/www.mobilier-design-occasion.fr\/magazine\/wp-json\/wp\/v2\/posts"}],"about":[{"href":"https:\/\/www.mobilier-design-occasion.fr\/magazine\/wp-json\/wp\/v2\/types\/post"}],"author":[{"embeddable":true,"href":"https:\/\/www.mobilier-design-occasion.fr\/magazine\/wp-json\/wp\/v2\/users\/8"}],"replies":[{"embeddable":true,"href":"https:\/\/www.mobilier-design-occasion.fr\/magazine\/wp-json\/wp\/v2\/comments?post=8206"}],"version-history":[{"count":1,"href":"https:\/\/www.mobilier-design-occasion.fr\/magazine\/wp-json\/wp\/v2\/posts\/8206\/revisions"}],"predecessor-version":[{"id":8207,"href":"https:\/\/www.mobilier-design-occasion.fr\/magazine\/wp-json\/wp\/v2\/posts\/8206\/revisions\/8207"}],"wp:featuredmedia":[{"embeddable":true,"href":"https:\/\/www.mobilier-design-occasion.fr\/magazine\/wp-json\/wp\/v2\/media\/8205"}],"wp:attachment":[{"href":"https:\/\/www.mobilier-design-occasion.fr\/magazine\/wp-json\/wp\/v2\/media?parent=8206"}],"wp:term":[{"taxonomy":"category","embeddable":true,"href":"https:\/\/www.mobilier-design-occasion.fr\/magazine\/wp-json\/wp\/v2\/categories?post=8206"},{"taxonomy":"post_tag","embeddable":true,"href":"https:\/\/www.mobilier-design-occasion.fr\/magazine\/wp-json\/wp\/v2\/tags?post=8206"}],"curies":[{"name":"wp","href":"https:\/\/api.w.org\/{rel}","templated":true}]}}