{"id":8203,"date":"2025-05-15T12:01:16","date_gmt":"2025-05-15T12:01:16","guid":{"rendered":"https:\/\/www.mobilier-design-occasion.fr\/magazine\/comment-jai-optimise-mon-espace-avec-des-astuces-de-mobilier-ingenieuses\/"},"modified":"2025-05-15T12:01:17","modified_gmt":"2025-05-15T12:01:17","slug":"comment-jai-optimise-mon-espace-avec-des-astuces-de-mobilier-ingenieuses","status":"publish","type":"post","link":"https:\/\/www.mobilier-design-occasion.fr\/magazine\/comment-jai-optimise-mon-espace-avec-des-astuces-de-mobilier-ingenieuses\/","title":{"rendered":"Comment j&#8217;ai optimis\u00e9 mon espace avec des astuces de mobilier ing\u00e9nieuses ?"},"content":{"rendered":"<h2><span class=\"ez-toc-section\" id=\"Optimiser_son_espace_astuces_et_transformations_inspirantes\"><\/span>Optimiser son espace : astuces et transformations inspirantes<span class=\"ez-toc-section-end\"><\/span><\/h2><div id=\"ez-toc-container\" class=\"ez-toc-v2_0_82_2 counter-hierarchy ez-toc-counter ez-toc-grey ez-toc-container-direction\">\n<div class=\"ez-toc-title-container\">\n<span class=\"ez-toc-title-toggle\"><a href=\"#\" class=\"ez-toc-pull-right ez-toc-btn ez-toc-btn-xs ez-toc-btn-default ez-toc-toggle\" aria-label=\"Toggle Table of Content\"><span class=\"ez-toc-js-icon-con\"><span class=\"\"><span class=\"eztoc-hide\" style=\"display:none;\">Toggle<\/span><span class=\"ez-toc-icon-toggle-span\"><svg style=\"fill: #999;color:#999\" xmlns=\"http:\/\/www.w3.org\/2000\/svg\" class=\"list-377408\" width=\"20px\" height=\"20px\" viewBox=\"0 0 24 24\" fill=\"none\"><path d=\"M6 6H4v2h2V6zm14 0H8v2h12V6zM4 11h2v2H4v-2zm16 0H8v2h12v-2zM4 16h2v2H4v-2zm16 0H8v2h12v-2z\" fill=\"currentColor\"><\/path><\/svg><svg style=\"fill: #999;color:#999\" class=\"arrow-unsorted-368013\" xmlns=\"http:\/\/www.w3.org\/2000\/svg\" width=\"10px\" height=\"10px\" viewBox=\"0 0 24 24\" version=\"1.2\" baseProfile=\"tiny\"><path d=\"M18.2 9.3l-6.2-6.3-6.2 6.3c-.2.2-.3.4-.3.7s.1.5.3.7c.2.2.4.3.7.3h11c.3 0 .5-.1.7-.3.2-.2.3-.5.3-.7s-.1-.5-.3-.7zM5.8 14.7l6.2 6.3 6.2-6.3c.2-.2.3-.5.3-.7s-.1-.5-.3-.7c-.2-.2-.4-.3-.7-.3h-11c-.3 0-.5.1-.7.3-.2.2-.3.5-.3.7s.1.5.3.7z\"\/><\/svg><\/span><\/span><\/span><\/a><\/span><\/div>\n<nav><ul class='ez-toc-list ez-toc-list-level-1 eztoc-toggle-hide-by-default' ><li class='ez-toc-page-1 ez-toc-heading-level-2'><a class=\"ez-toc-link ez-toc-heading-1\" href=\"https:\/\/www.mobilier-design-occasion.fr\/magazine\/comment-jai-optimise-mon-espace-avec-des-astuces-de-mobilier-ingenieuses\/#Optimiser_son_espace_astuces_et_transformations_inspirantes\" >Optimiser son espace : astuces et transformations inspirantes<\/a><\/li><li class='ez-toc-page-1 ez-toc-heading-level-2'><a class=\"ez-toc-link ez-toc-heading-2\" href=\"https:\/\/www.mobilier-design-occasion.fr\/magazine\/comment-jai-optimise-mon-espace-avec-des-astuces-de-mobilier-ingenieuses\/#Mon_parcours_vers_loptimisation_de_lespace\" >Mon parcours vers l&#8217;optimisation de l&#8217;espace<\/a><ul class='ez-toc-list-level-3' ><li class='ez-toc-heading-level-3'><a class=\"ez-toc-link ez-toc-heading-3\" href=\"https:\/\/www.mobilier-design-occasion.fr\/magazine\/comment-jai-optimise-mon-espace-avec-des-astuces-de-mobilier-ingenieuses\/#Astuces_de_mobilier_mes_decouvertes\" >Astuces de mobilier : mes d\u00e9couvertes<\/a><\/li><li class='ez-toc-page-1 ez-toc-heading-level-3'><a class=\"ez-toc-link ez-toc-heading-4\" href=\"https:\/\/www.mobilier-design-occasion.fr\/magazine\/comment-jai-optimise-mon-espace-avec-des-astuces-de-mobilier-ingenieuses\/#Mon_mobilier_detourne\" >Mon mobilier d\u00e9tourn\u00e9<\/a><\/li><li class='ez-toc-page-1 ez-toc-heading-level-3'><a class=\"ez-toc-link ez-toc-heading-5\" href=\"https:\/\/www.mobilier-design-occasion.fr\/magazine\/comment-jai-optimise-mon-espace-avec-des-astuces-de-mobilier-ingenieuses\/#Evaluer_lespace_avec_un_tableau_de_disposition\" >\u00c9valuer l&#8217;espace avec un tableau de disposition<\/a><\/li><li class='ez-toc-page-1 ez-toc-heading-level-3'><a class=\"ez-toc-link ez-toc-heading-6\" href=\"https:\/\/www.mobilier-design-occasion.fr\/magazine\/comment-jai-optimise-mon-espace-avec-des-astuces-de-mobilier-ingenieuses\/#Remedes_de_grand-mere_pour_desencombrer\" >Rem\u00e8des de grand-m\u00e8re pour d\u00e9sencombrer<\/a><\/li><li class='ez-toc-page-1 ez-toc-heading-level-3'><a class=\"ez-toc-link ez-toc-heading-7\" href=\"https:\/\/www.mobilier-design-occasion.fr\/magazine\/comment-jai-optimise-mon-espace-avec-des-astuces-de-mobilier-ingenieuses\/#Des_elements_uniques_qui_changent_la_donne\" >Des \u00e9l\u00e9ments uniques qui changent la donne<\/a><\/li><li class='ez-toc-page-1 ez-toc-heading-level-3'><a class=\"ez-toc-link ez-toc-heading-8\" href=\"https:\/\/www.mobilier-design-occasion.fr\/magazine\/comment-jai-optimise-mon-espace-avec-des-astuces-de-mobilier-ingenieuses\/#Reflexions_personnelles_et_ouverture_au_debat\" >R\u00e9flexions personnelles et ouverture au d\u00e9bat<\/a><\/li><\/ul><\/li><li class='ez-toc-page-1 ez-toc-heading-level-2'><a class=\"ez-toc-link ez-toc-heading-9\" href=\"https:\/\/www.mobilier-design-occasion.fr\/magazine\/comment-jai-optimise-mon-espace-avec-des-astuces-de-mobilier-ingenieuses\/#1_LArt_de_lOptimisation_de_lEspace_Mon_Voyage_au_Coeur_du_Mobilier\" >1. L&#8217;Art de l&#8217;Optimisation de l&#8217;Espace : Mon Voyage au Coeur du Mobilier<\/a><\/li><li class='ez-toc-page-1 ez-toc-heading-level-2'><a class=\"ez-toc-link ez-toc-heading-10\" href=\"https:\/\/www.mobilier-design-occasion.fr\/magazine\/comment-jai-optimise-mon-espace-avec-des-astuces-de-mobilier-ingenieuses\/#2_Deconstruction_des_Mythes_Ce_que_lon_Pense_Savoir_sur_lEspace\" >2. D\u00e9construction des Mythes : Ce que l&#8217;on Pense Savoir sur l&#8217;Espace<\/a><\/li><li class='ez-toc-page-1 ez-toc-heading-level-2'><a class=\"ez-toc-link ez-toc-heading-11\" href=\"https:\/\/www.mobilier-design-occasion.fr\/magazine\/comment-jai-optimise-mon-espace-avec-des-astuces-de-mobilier-ingenieuses\/#3_Consequences_de_lOptimisation_de_lEspace_sur_les_Citadins\" >3. Cons\u00e9quences de l&#8217;Optimisation de l&#8217;Espace sur les Citadins<\/a><\/li><\/ul><\/nav><\/div>\n\n<ul>\n<li>Adopter des meubles multifonctionnels, comme un canap\u00e9 convertible ou une table pliable, pour maximiser l\u2019usage de chaque surface.<\/li>\n<li>D\u00e9tourner des objets du quotidien (valise, escabeau) afin de leur donner une double fonction pratique et d\u00e9corative.<\/li>\n<li>Utiliser des \u00e9tag\u00e8res murales et des solutions suspendues pour lib\u00e9rer l\u2019espace au sol et embellir les pi\u00e8ces.<\/li>\n<li>Appliquer des m\u00e9thodes de d\u00e9sencombrement simples comme le tri saisonnier et la technique Marie Kondo pour garder un int\u00e9rieur \u00e9pur\u00e9.<\/li>\n<li>Am\u00e9nager intelligemment les petits espaces en jouant sur la lumi\u00e8re et les couleurs pour gagner en confort et en ambiance.<\/li>\n<\/ul>\n<hr>\n<p>Dans un monde o\u00f9 l&#8217;espace devient de plus en plus pr\u00e9cieux, j&#8217;ai d\u00e9cid\u00e9 de prendre les choses en main et d&#8217;optimiser mon chez-moi avec des astuces de mobilier ing\u00e9nieuses. Gr\u00e2ce \u00e0 des solutions astucieuses et quelques d\u00e9couvertes inattendues, je suis parvenu \u00e0 transformer mon int\u00e9rieur en un havre de paix fonctionnel et agr\u00e9able. Voici comment j&#8217;ai proc\u00e9d\u00e9.<\/p>\n<h2><span class=\"ez-toc-section\" id=\"Mon_parcours_vers_loptimisation_de_lespace\"><\/span>Mon parcours vers l&#8217;optimisation de l&#8217;espace<span class=\"ez-toc-section-end\"><\/span><\/h2>\n<p>L&#8217;angoisse de vivre dans un espace encombr\u00e9 m&#8217;a pouss\u00e9 \u00e0 chercher des solutions pratiques. Avec un peu de cr\u00e9ativit\u00e9 et quelques bonnes id\u00e9es, j&#8217;ai r\u00e9ussi \u00e0 r\u00e9inventer ainsi mon int\u00e9rieur. Voici les \u00e9tapes et astuces qui m&#8217;ont le plus aid\u00e9 :<\/p>\n<h3><span class=\"ez-toc-section\" id=\"Astuces_de_mobilier_mes_decouvertes\"><\/span>Astuces de mobilier : mes d\u00e9couvertes<span class=\"ez-toc-section-end\"><\/span><\/h3>\n<ul>\n<li><strong>Meubles multifonctionnels :<\/strong> J&#8217;ai investi dans un canap\u00e9 convertible qui sert aussi de lit invit\u00e9. Ce meuble a \u00e9t\u00e9 un vrai game-changer pour ajouter un espace o\u00f9 mes amis peuvent dormir quand ils restent chez moi.<\/li>\n<li><strong>Tables pliantes :<\/strong> J&#8217;ai opt\u00e9 pour une table de salle \u00e0 manger pliable. Lorsque je ne re\u00e7ois pas, je la replie pour gagner de l&#8217;espace. Pratique et efficace!<\/li>\n<li><strong>\u00c9tag\u00e8res murales :<\/strong> En configurant des \u00e9tag\u00e8res flottantes, j&#8217;ai pu lib\u00e9rer de l&#8217;espace au sol tout en d\u00e9corant mes murs de livres et d&#8217;objets que j&#8217;adore.<\/li>\n<\/ul>\n<h3><span class=\"ez-toc-section\" id=\"Mon_mobilier_detourne\"><\/span>Mon mobilier d\u00e9tourn\u00e9<span class=\"ez-toc-section-end\"><\/span><\/h3>\n<p>Une des d\u00e9couvertes les plus int\u00e9ressantes a \u00e9t\u00e9 de d\u00e9tourner certains meubles de leur fonction initiale. Voici quelques exemples : <\/p>\n<ul>\n<li><strong>Une vieille valise :<\/strong> Je l&#8217;ai transform\u00e9e en <a href=\"https:\/\/www.mobilier-design-occasion.fr\/magazine\/comment-acheter-une-table-basse-pas-chere-sans-compromettre-la-qualite-7-etapes\/\">table basse<\/a>. Elle donne un caract\u00e8re vintage \u00e0 ma pi\u00e8ce tout en servant de rangement pour des couvertures et des magazines.<\/li>\n<li><strong>Un escabeau en bois :<\/strong> Servant de table de chevet, il est non seulement pratique, mais apporte \u00e9galement une touche rustique \u00e0 ma chambre.<\/li>\n<\/ul>\n<h3><span class=\"ez-toc-section\" id=\"Evaluer_lespace_avec_un_tableau_de_disposition\"><\/span>\u00c9valuer l&#8217;espace avec un tableau de disposition<span class=\"ez-toc-section-end\"><\/span><\/h3>\n<p>Voici comment j&#8217;ai class\u00e9 mes meubles pour optimiser ma disposition :<\/p>\n<table>\n<tr>\n<td><strong>Pi\u00e8ce<\/strong><\/td>\n<td><strong>Meuble<\/strong><\/td>\n<td><strong>Fonction<\/strong><\/td>\n<\/tr>\n<tr>\n<td>Salle \u00e0 manger<\/td>\n<td>Table pliante<\/td>\n<td>Utilis\u00e9e uniquement lors de d\u00eeners<\/td>\n<\/tr>\n<tr>\n<td>Salon<\/td>\n<td>Canap\u00e9 convertible<\/td>\n<td>Canap\u00e9 le jour, lit la nuit<\/td>\n<\/tr>\n<tr>\n<td>Chambre<\/td>\n<td>Escabeau<\/td>\n<td>Table de chevet et rangement<\/td>\n<\/tr>\n<\/table>\n<h3><span class=\"ez-toc-section\" id=\"Remedes_de_grand-mere_pour_desencombrer\"><\/span>Rem\u00e8des de grand-m\u00e8re pour d\u00e9sencombrer<span class=\"ez-toc-section-end\"><\/span><\/h3>\n<p>Au-del\u00e0 des meubles, j&#8217;ai aussi eu recours \u00e0 des techniques de grand-m\u00e8re pour d\u00e9sencombrer : <\/p>\n<ul>\n<li><strong>Le tri saisonnier :<\/strong> Chaque saison, je fais un tour dans chaque pi\u00e8ce pour enlever les objets que je n&#8217;utilise plus. Cela me permet de garder mon espace minimaliste.<\/li>\n<li><strong>La m\u00e9thode Marie Kondo :<\/strong> J&#8217;ai essay\u00e9 de garder seulement les objets qui me &#8220;rendent heureux&#8221;. C&#8217;est fou comme cela change la perspective sur ce que je poss\u00e8de.<\/li>\n<\/ul>\n<h3><span class=\"ez-toc-section\" id=\"Des_elements_uniques_qui_changent_la_donne\"><\/span>Des \u00e9l\u00e9ments uniques qui changent la donne<span class=\"ez-toc-section-end\"><\/span><\/h3>\n<p>Finalement, voici quelques \u00e9l\u00e9ments originaux que peu de gens connaissent :<\/p>\n<ul>\n<li><strong>Des pots de fleurs suspendus :<\/strong> Au lieu d\u2019utiliser des jardini\u00e8res, j&#8217;ai suspendu des pots au plafond, cr\u00e9ant un jardin suspendu qui embellit ma pi\u00e8ce sans encombrer le sol.<\/li>\n<li><strong>Un miroir comme agrandisseur :<\/strong> J&#8217;ai install\u00e9 un grand miroir dans mon salon, ce qui donne une illusion d&#8217;espace. Ce simple ajout a transform\u00e9 mon petit coin en un lieu plus ouvert.<\/li>\n<\/ul>\n<h3><span class=\"ez-toc-section\" id=\"Reflexions_personnelles_et_ouverture_au_debat\"><\/span>R\u00e9flexions personnelles et ouverture au d\u00e9bat<span class=\"ez-toc-section-end\"><\/span><\/h3>\n<p>J&#8217;ai clairement vu une am\u00e9lioration dans mon quotidien gr\u00e2ce \u00e0 ces astuces. Optimiser l\u2019espace n\u2019est pas seulement une question d\u2019esth\u00e9tique, mais aussi de bien-\u00eatre. Je suis curieux de savoir ce que vous en pensez. Quelles sont vos propres astuces pour cr\u00e9er un espace plus fonctionnel chez vous ? Avez-vous trouv\u00e9 des solutions novatrices ou des astuces peu connues ? Partagez vos exp\u00e9riences en commentaires !<\/p>\n<hr>\n<div style=\"overflow-x:auto; white-space:nowrap; -webkit-overflow-scrolling:touch;\"><img decoding=\"async\" src=\"https:\/\/pixabay.com\/get\/gda3847c567647e7714a867370b1e49d8a83534e9fbaa1dcd2d2700036402ae95c4c79d4a897fc46cc56b7c4fd20cb0879bc308d52eeca66ec81454b1dcf06a0d_1280.jpg\" style=\"width:100%; max-width:300px; display:inline-block; margin-right:10px; border-radius:8px;\" \/><img decoding=\"async\" src=\"https:\/\/pixabay.com\/get\/ge96b5cc832fc1d851f13ea013ad4448eb6808a957c673f82f6669fbe450ca19310cb92fdb9344ae69f3e533235eb7eef493be6df9b4638cc3cd8940f0b5c8ba4_1280.jpg\" style=\"width:100%; max-width:300px; display:inline-block; margin-right:10px; border-radius:8px;\" \/><img decoding=\"async\" src=\"https:\/\/pixabay.com\/get\/g8e94b570e039a0514561a1e78ed51b558522c1ea15ad499397174ac42ac0bd772da5716f96b07d6dec5b2b153aad2443b2883ab70dfaf4a765442a4ec69abedc_1280.jpg\" style=\"width:100%; max-width:300px; display:inline-block; margin-right:10px; border-radius:8px;\" \/><\/div>\n<hr>\n<h2><span class=\"ez-toc-section\" id=\"1_LArt_de_lOptimisation_de_lEspace_Mon_Voyage_au_Coeur_du_Mobilier\"><\/span>1. L&#8217;Art de l&#8217;Optimisation de l&#8217;Espace : Mon Voyage au Coeur du Mobilier<span class=\"ez-toc-section-end\"><\/span><\/h2>\n<p>En tant qu&#8217;adepte du mobilier et designer d&#8217;int\u00e9rieur, j&#8217;ai eu l&#8217;occasion de travailler sur une multitude de projets qui m&#8217;ont appris les subtilit\u00e9s de l&#8217;optimisation de l&#8217;espace. Voici quelques r\u00e9flexions bas\u00e9es sur mon exp\u00e9rience terrain.<\/p>\n<ul>\n<li><strong>La M\u00e9fiance des Angles morts :<\/strong> J&#8217;ai toujours \u00e9t\u00e9 fascin\u00e9 par les coins souvent n\u00e9glig\u00e9s dans une pi\u00e8ce. En int\u00e9grant des \u00e9tag\u00e8res et des meubles sur mesure, ces zones peuvent devenir des atouts majeurs.<\/li>\n<li><strong>L&#8217;Importance de la Lumi\u00e8re :<\/strong> Travailler avec les sources naturelles de lumi\u00e8re a un impact \u00e9norme sur l&#8217;optimisation de l&#8217;espace. J&#8217;ai souvent utilis\u00e9 des miroirs strat\u00e9giquement plac\u00e9s pour agrandir visuellement les petites pi\u00e8ces.<\/li>\n<li><strong>Les Meubles Multifonctionnels :<\/strong> Mon exp\u00e9rience m\u2019a appris \u00e0 privil\u00e9gier les meubles qui servent plusieurs usages. Par exemple, un canap\u00e9 convertible ou une table extensible peuvent transformer un espace selon les besoins.<\/li>\n<\/ul>\n<h2><span class=\"ez-toc-section\" id=\"2_Deconstruction_des_Mythes_Ce_que_lon_Pense_Savoir_sur_lEspace\"><\/span>2. D\u00e9construction des Mythes : Ce que l&#8217;on Pense Savoir sur l&#8217;Espace<span class=\"ez-toc-section-end\"><\/span><\/h2>\n<p>Il existe des id\u00e9es re\u00e7ues sur l&#8217;optimisation de l&#8217;espace qui m\u00e9ritent d&#8217;\u00eatre remises en question. Voici quelques mythes que j&#8217;ai choisis de d\u00e9construire au fil de mes exp\u00e9riences.<\/p>\n<ul>\n<li><strong>Plus de meubles = Plus de confort :<\/strong> Souvent, les clients croient qu\u2019ajouter des meubles rendra leur espace plus accueillant. En r\u00e9alit\u00e9, moins peut souvent signifier plus, car un espace \u00e9pur\u00e9 apaise l&#8217;esprit.<\/li>\n<li><strong>Les Petits Espaces sont Inutiles :<\/strong> Beaucoup de gens sous-estiment le potentiel des petits espaces. Avec de la cr\u00e9ativit\u00e9, un studio peut servir de bureau, salon et chambre \u00e0 coucher en m\u00eame temps.<\/li>\n<li><strong>Le Blanc Est La Meilleure Couleur :<\/strong> Bien que le blanc puisse agrandir un espace, les couleurs peuvent \u00e9galement ajouter de la profondeur et de la chaleur. J&#8217;ai souvent utilis\u00e9 des teintes audacieuses pour optimiser l&#8217;atmosph\u00e8re d&#8217;une pi\u00e8ce.<\/li>\n<\/ul>\n<h2><span class=\"ez-toc-section\" id=\"3_Consequences_de_lOptimisation_de_lEspace_sur_les_Citadins\"><\/span>3. Cons\u00e9quences de l&#8217;Optimisation de l&#8217;Espace sur les Citadins<span class=\"ez-toc-section-end\"><\/span><\/h2>\n<p>Le processus d&#8217;optimisation de l&#8217;espace a des implications profondes, en particulier pour un groupe cible sp\u00e9cifique : les citadins vivant dans de petits appartements. Voici comment cela se traduit dans leur quotidien.<\/p>\n<ul>\n<li><strong>Qualit\u00e9 de Vie Am\u00e9lior\u00e9e :<\/strong> En optimisant leur espace, ces citadins trouvent que leur qualit\u00e9 de vie se transforme radicalement. Des espaces bien con\u00e7us peuvent favoriser des moments de d\u00e9tente et de convivialit\u00e9.<\/li>\n<li><strong>Augmentation de la Valeur Immobili\u00e8re :<\/strong> Une optimisation r\u00e9ussie peut \u00e9galement rehausser la valeur d\u2019un bien immobilier, un facteur crucial pour ceux qui souhaitent vendre ou louer leur appartement.<\/li>\n<li><strong>D\u00e9veloppement de Comp\u00e9tences en Organisation :<\/strong> En apprenant \u00e0 optimiser leur espace, les citadins d\u00e9veloppent \u00e9galement des comp\u00e9tences organisationnelles qui leur serviront non seulement pour leur mobilier, mais aussi dans leur vie quotidienne.<\/li>\n<\/ul>\n","protected":false},"excerpt":{"rendered":"<p>Optimiser son espace : astuces et transformations inspirantes Adopter des meubles multifonctionnels, comme un canap\u00e9 convertible ou une table pliable, pour maximiser l\u2019usage de chaque surface. D\u00e9tourner des objets du quotidien (valise, escabeau) afin de leur donner une double fonction pratique et d\u00e9corative. Utiliser des \u00e9tag\u00e8res murales et des solutions suspendues pour lib\u00e9rer l\u2019espace au [&hellip;]<\/p>\n","protected":false},"author":8,"featured_media":8202,"comment_status":"open","ping_status":"open","sticky":false,"template":"","format":"standard","meta":{"footnotes":""},"categories":[8],"tags":[],"class_list":["post-8203","post","type-post","status-publish","format-standard","has-post-thumbnail","hentry","category-avis"],"yoast_head":"<!-- This site is optimized with the Yoast SEO plugin v27.5 - https:\/\/yoast.com\/product\/yoast-seo-wordpress\/ -->\n<title>Comment j&#039;ai optimis\u00e9 mon espace avec des astuces de mobilier ing\u00e9nieuses ? - Mobilier Design Magazine<\/title>\n<meta name=\"robots\" content=\"index, follow, max-snippet:-1, max-image-preview:large, max-video-preview:-1\" \/>\n<link rel=\"canonical\" href=\"https:\/\/www.mobilier-design-occasion.fr\/magazine\/comment-jai-optimise-mon-espace-avec-des-astuces-de-mobilier-ingenieuses\/\" \/>\n<meta property=\"og:locale\" content=\"fr_FR\" \/>\n<meta property=\"og:type\" content=\"article\" \/>\n<meta property=\"og:title\" content=\"Comment j&#039;ai optimis\u00e9 mon espace avec des astuces de mobilier ing\u00e9nieuses ? - Mobilier Design Magazine\" \/>\n<meta property=\"og:description\" content=\"Optimiser son espace : astuces et transformations inspirantes Adopter des meubles multifonctionnels, comme un canap\u00e9 convertible ou une table pliable, pour maximiser l\u2019usage de chaque surface. D\u00e9tourner des objets du quotidien (valise, escabeau) afin de leur donner une double fonction pratique et d\u00e9corative. Utiliser des \u00e9tag\u00e8res murales et des solutions suspendues pour lib\u00e9rer l\u2019espace au [&hellip;]\" \/>\n<meta property=\"og:url\" content=\"https:\/\/www.mobilier-design-occasion.fr\/magazine\/comment-jai-optimise-mon-espace-avec-des-astuces-de-mobilier-ingenieuses\/\" \/>\n<meta property=\"og:site_name\" content=\"Mobilier Design Magazine\" \/>\n<meta property=\"article:publisher\" content=\"https:\/\/www.facebook.com\/mobilierdesignoccasion\" \/>\n<meta property=\"article:published_time\" content=\"2025-05-15T12:01:16+00:00\" \/>\n<meta property=\"article:modified_time\" content=\"2025-05-15T12:01:17+00:00\" \/>\n<meta property=\"og:image\" content=\"https:\/\/pixabay.com\/get\/gda3847c567647e7714a867370b1e49d8a83534e9fbaa1dcd2d2700036402ae95c4c79d4a897fc46cc56b7c4fd20cb0879bc308d52eeca66ec81454b1dcf06a0d_1280.jpg\" \/>\n<meta name=\"author\" content=\"Vincent\" \/>\n<meta name=\"twitter:card\" content=\"summary_large_image\" \/>\n<meta name=\"twitter:label1\" content=\"\u00c9crit par\" \/>\n\t<meta name=\"twitter:data1\" content=\"Vincent\" \/>\n\t<meta name=\"twitter:label2\" content=\"Dur\u00e9e de lecture estim\u00e9e\" \/>\n\t<meta name=\"twitter:data2\" content=\"6 minutes\" \/>\n<script type=\"application\/ld+json\" class=\"yoast-schema-graph\">{\"@context\":\"https:\\\/\\\/schema.org\",\"@graph\":[{\"@type\":\"Article\",\"@id\":\"https:\\\/\\\/www.mobilier-design-occasion.fr\\\/magazine\\\/comment-jai-optimise-mon-espace-avec-des-astuces-de-mobilier-ingenieuses\\\/#article\",\"isPartOf\":{\"@id\":\"https:\\\/\\\/www.mobilier-design-occasion.fr\\\/magazine\\\/comment-jai-optimise-mon-espace-avec-des-astuces-de-mobilier-ingenieuses\\\/\"},\"author\":{\"name\":\"Vincent\",\"@id\":\"https:\\\/\\\/www.mobilier-design-occasion.fr\\\/magazine\\\/#\\\/schema\\\/person\\\/5fabf814365354b233f79540ae97b514\"},\"headline\":\"Comment j&#8217;ai optimis\u00e9 mon espace avec des astuces de mobilier ing\u00e9nieuses ?\",\"datePublished\":\"2025-05-15T12:01:16+00:00\",\"dateModified\":\"2025-05-15T12:01:17+00:00\",\"mainEntityOfPage\":{\"@id\":\"https:\\\/\\\/www.mobilier-design-occasion.fr\\\/magazine\\\/comment-jai-optimise-mon-espace-avec-des-astuces-de-mobilier-ingenieuses\\\/\"},\"wordCount\":1209,\"commentCount\":0,\"publisher\":{\"@id\":\"https:\\\/\\\/www.mobilier-design-occasion.fr\\\/magazine\\\/#organization\"},\"image\":{\"@id\":\"https:\\\/\\\/www.mobilier-design-occasion.fr\\\/magazine\\\/comment-jai-optimise-mon-espace-avec-des-astuces-de-mobilier-ingenieuses\\\/#primaryimage\"},\"thumbnailUrl\":\"https:\\\/\\\/www.mobilier-design-occasion.fr\\\/magazine\\\/wp-content\\\/uploads\\\/2025\\\/05\\\/data-2.png\",\"articleSection\":[\"Avis marques d\u00e9co\"],\"inLanguage\":\"fr-FR\",\"potentialAction\":[{\"@type\":\"CommentAction\",\"name\":\"Comment\",\"target\":[\"https:\\\/\\\/www.mobilier-design-occasion.fr\\\/magazine\\\/comment-jai-optimise-mon-espace-avec-des-astuces-de-mobilier-ingenieuses\\\/#respond\"]}]},{\"@type\":\"WebPage\",\"@id\":\"https:\\\/\\\/www.mobilier-design-occasion.fr\\\/magazine\\\/comment-jai-optimise-mon-espace-avec-des-astuces-de-mobilier-ingenieuses\\\/\",\"url\":\"https:\\\/\\\/www.mobilier-design-occasion.fr\\\/magazine\\\/comment-jai-optimise-mon-espace-avec-des-astuces-de-mobilier-ingenieuses\\\/\",\"name\":\"Comment j'ai optimis\u00e9 mon espace avec des astuces de mobilier ing\u00e9nieuses ? - Mobilier Design Magazine\",\"isPartOf\":{\"@id\":\"https:\\\/\\\/www.mobilier-design-occasion.fr\\\/magazine\\\/#website\"},\"primaryImageOfPage\":{\"@id\":\"https:\\\/\\\/www.mobilier-design-occasion.fr\\\/magazine\\\/comment-jai-optimise-mon-espace-avec-des-astuces-de-mobilier-ingenieuses\\\/#primaryimage\"},\"image\":{\"@id\":\"https:\\\/\\\/www.mobilier-design-occasion.fr\\\/magazine\\\/comment-jai-optimise-mon-espace-avec-des-astuces-de-mobilier-ingenieuses\\\/#primaryimage\"},\"thumbnailUrl\":\"https:\\\/\\\/www.mobilier-design-occasion.fr\\\/magazine\\\/wp-content\\\/uploads\\\/2025\\\/05\\\/data-2.png\",\"datePublished\":\"2025-05-15T12:01:16+00:00\",\"dateModified\":\"2025-05-15T12:01:17+00:00\",\"breadcrumb\":{\"@id\":\"https:\\\/\\\/www.mobilier-design-occasion.fr\\\/magazine\\\/comment-jai-optimise-mon-espace-avec-des-astuces-de-mobilier-ingenieuses\\\/#breadcrumb\"},\"inLanguage\":\"fr-FR\",\"potentialAction\":[{\"@type\":\"ReadAction\",\"target\":[\"https:\\\/\\\/www.mobilier-design-occasion.fr\\\/magazine\\\/comment-jai-optimise-mon-espace-avec-des-astuces-de-mobilier-ingenieuses\\\/\"]}]},{\"@type\":\"ImageObject\",\"inLanguage\":\"fr-FR\",\"@id\":\"https:\\\/\\\/www.mobilier-design-occasion.fr\\\/magazine\\\/comment-jai-optimise-mon-espace-avec-des-astuces-de-mobilier-ingenieuses\\\/#primaryimage\",\"url\":\"https:\\\/\\\/www.mobilier-design-occasion.fr\\\/magazine\\\/wp-content\\\/uploads\\\/2025\\\/05\\\/data-2.png\",\"contentUrl\":\"https:\\\/\\\/www.mobilier-design-occasion.fr\\\/magazine\\\/wp-content\\\/uploads\\\/2025\\\/05\\\/data-2.png\",\"width\":1024,\"height\":1024},{\"@type\":\"BreadcrumbList\",\"@id\":\"https:\\\/\\\/www.mobilier-design-occasion.fr\\\/magazine\\\/comment-jai-optimise-mon-espace-avec-des-astuces-de-mobilier-ingenieuses\\\/#breadcrumb\",\"itemListElement\":[{\"@type\":\"ListItem\",\"position\":1,\"name\":\"Accueil\",\"item\":\"https:\\\/\\\/www.mobilier-design-occasion.fr\\\/magazine\\\/\"},{\"@type\":\"ListItem\",\"position\":2,\"name\":\"Comment j&#8217;ai optimis\u00e9 mon espace avec des astuces de mobilier ing\u00e9nieuses ?\"}]},{\"@type\":\"WebSite\",\"@id\":\"https:\\\/\\\/www.mobilier-design-occasion.fr\\\/magazine\\\/#website\",\"url\":\"https:\\\/\\\/www.mobilier-design-occasion.fr\\\/magazine\\\/\",\"name\":\"Mobilier Design Magazine\",\"description\":\"\",\"publisher\":{\"@id\":\"https:\\\/\\\/www.mobilier-design-occasion.fr\\\/magazine\\\/#organization\"},\"potentialAction\":[{\"@type\":\"SearchAction\",\"target\":{\"@type\":\"EntryPoint\",\"urlTemplate\":\"https:\\\/\\\/www.mobilier-design-occasion.fr\\\/magazine\\\/?s={search_term_string}\"},\"query-input\":{\"@type\":\"PropertyValueSpecification\",\"valueRequired\":true,\"valueName\":\"search_term_string\"}}],\"inLanguage\":\"fr-FR\"},{\"@type\":\"Organization\",\"@id\":\"https:\\\/\\\/www.mobilier-design-occasion.fr\\\/magazine\\\/#organization\",\"name\":\"Mobilier Design Magazine\",\"url\":\"https:\\\/\\\/www.mobilier-design-occasion.fr\\\/magazine\\\/\",\"logo\":{\"@type\":\"ImageObject\",\"inLanguage\":\"fr-FR\",\"@id\":\"https:\\\/\\\/www.mobilier-design-occasion.fr\\\/magazine\\\/#\\\/schema\\\/logo\\\/image\\\/\",\"url\":\"https:\\\/\\\/www.mobilier-design-occasion.fr\\\/magazine\\\/wp-content\\\/uploads\\\/2024\\\/02\\\/android-chrome-192x192-1.png\",\"contentUrl\":\"https:\\\/\\\/www.mobilier-design-occasion.fr\\\/magazine\\\/wp-content\\\/uploads\\\/2024\\\/02\\\/android-chrome-192x192-1.png\",\"width\":192,\"height\":192,\"caption\":\"Mobilier Design Magazine\"},\"image\":{\"@id\":\"https:\\\/\\\/www.mobilier-design-occasion.fr\\\/magazine\\\/#\\\/schema\\\/logo\\\/image\\\/\"},\"sameAs\":[\"https:\\\/\\\/www.facebook.com\\\/mobilierdesignoccasion\"]},{\"@type\":\"Person\",\"@id\":\"https:\\\/\\\/www.mobilier-design-occasion.fr\\\/magazine\\\/#\\\/schema\\\/person\\\/5fabf814365354b233f79540ae97b514\",\"name\":\"Vincent\",\"image\":{\"@type\":\"ImageObject\",\"inLanguage\":\"fr-FR\",\"@id\":\"https:\\\/\\\/secure.gravatar.com\\\/avatar\\\/18cb708a7d5219d5e909f516ff9f98bf9245615d470373b7cd116121c835448d?s=96&d=mm&r=g\",\"url\":\"https:\\\/\\\/secure.gravatar.com\\\/avatar\\\/18cb708a7d5219d5e909f516ff9f98bf9245615d470373b7cd116121c835448d?s=96&d=mm&r=g\",\"contentUrl\":\"https:\\\/\\\/secure.gravatar.com\\\/avatar\\\/18cb708a7d5219d5e909f516ff9f98bf9245615d470373b7cd116121c835448d?s=96&d=mm&r=g\",\"caption\":\"Vincent\"},\"url\":\"https:\\\/\\\/www.mobilier-design-occasion.fr\\\/magazine\\\/author\\\/n8n\\\/\"}]}<\/script>\n<!-- \/ Yoast SEO plugin. -->","yoast_head_json":{"title":"Comment j'ai optimis\u00e9 mon espace avec des astuces de mobilier ing\u00e9nieuses ? - Mobilier Design Magazine","robots":{"index":"index","follow":"follow","max-snippet":"max-snippet:-1","max-image-preview":"max-image-preview:large","max-video-preview":"max-video-preview:-1"},"canonical":"https:\/\/www.mobilier-design-occasion.fr\/magazine\/comment-jai-optimise-mon-espace-avec-des-astuces-de-mobilier-ingenieuses\/","og_locale":"fr_FR","og_type":"article","og_title":"Comment j'ai optimis\u00e9 mon espace avec des astuces de mobilier ing\u00e9nieuses ? - Mobilier Design Magazine","og_description":"Optimiser son espace : astuces et transformations inspirantes Adopter des meubles multifonctionnels, comme un canap\u00e9 convertible ou une table pliable, pour maximiser l\u2019usage de chaque surface. D\u00e9tourner des objets du quotidien (valise, escabeau) afin de leur donner une double fonction pratique et d\u00e9corative. Utiliser des \u00e9tag\u00e8res murales et des solutions suspendues pour lib\u00e9rer l\u2019espace au [&hellip;]","og_url":"https:\/\/www.mobilier-design-occasion.fr\/magazine\/comment-jai-optimise-mon-espace-avec-des-astuces-de-mobilier-ingenieuses\/","og_site_name":"Mobilier Design Magazine","article_publisher":"https:\/\/www.facebook.com\/mobilierdesignoccasion","article_published_time":"2025-05-15T12:01:16+00:00","article_modified_time":"2025-05-15T12:01:17+00:00","og_image":[{"url":"https:\/\/pixabay.com\/get\/gda3847c567647e7714a867370b1e49d8a83534e9fbaa1dcd2d2700036402ae95c4c79d4a897fc46cc56b7c4fd20cb0879bc308d52eeca66ec81454b1dcf06a0d_1280.jpg","type":"","width":"","height":""}],"author":"Vincent","twitter_card":"summary_large_image","twitter_misc":{"\u00c9crit par":"Vincent","Dur\u00e9e de lecture estim\u00e9e":"6 minutes"},"schema":{"@context":"https:\/\/schema.org","@graph":[{"@type":"Article","@id":"https:\/\/www.mobilier-design-occasion.fr\/magazine\/comment-jai-optimise-mon-espace-avec-des-astuces-de-mobilier-ingenieuses\/#article","isPartOf":{"@id":"https:\/\/www.mobilier-design-occasion.fr\/magazine\/comment-jai-optimise-mon-espace-avec-des-astuces-de-mobilier-ingenieuses\/"},"author":{"name":"Vincent","@id":"https:\/\/www.mobilier-design-occasion.fr\/magazine\/#\/schema\/person\/5fabf814365354b233f79540ae97b514"},"headline":"Comment j&#8217;ai optimis\u00e9 mon espace avec des astuces de mobilier ing\u00e9nieuses ?","datePublished":"2025-05-15T12:01:16+00:00","dateModified":"2025-05-15T12:01:17+00:00","mainEntityOfPage":{"@id":"https:\/\/www.mobilier-design-occasion.fr\/magazine\/comment-jai-optimise-mon-espace-avec-des-astuces-de-mobilier-ingenieuses\/"},"wordCount":1209,"commentCount":0,"publisher":{"@id":"https:\/\/www.mobilier-design-occasion.fr\/magazine\/#organization"},"image":{"@id":"https:\/\/www.mobilier-design-occasion.fr\/magazine\/comment-jai-optimise-mon-espace-avec-des-astuces-de-mobilier-ingenieuses\/#primaryimage"},"thumbnailUrl":"https:\/\/www.mobilier-design-occasion.fr\/magazine\/wp-content\/uploads\/2025\/05\/data-2.png","articleSection":["Avis marques d\u00e9co"],"inLanguage":"fr-FR","potentialAction":[{"@type":"CommentAction","name":"Comment","target":["https:\/\/www.mobilier-design-occasion.fr\/magazine\/comment-jai-optimise-mon-espace-avec-des-astuces-de-mobilier-ingenieuses\/#respond"]}]},{"@type":"WebPage","@id":"https:\/\/www.mobilier-design-occasion.fr\/magazine\/comment-jai-optimise-mon-espace-avec-des-astuces-de-mobilier-ingenieuses\/","url":"https:\/\/www.mobilier-design-occasion.fr\/magazine\/comment-jai-optimise-mon-espace-avec-des-astuces-de-mobilier-ingenieuses\/","name":"Comment j'ai optimis\u00e9 mon espace avec des astuces de mobilier ing\u00e9nieuses ? - Mobilier Design Magazine","isPartOf":{"@id":"https:\/\/www.mobilier-design-occasion.fr\/magazine\/#website"},"primaryImageOfPage":{"@id":"https:\/\/www.mobilier-design-occasion.fr\/magazine\/comment-jai-optimise-mon-espace-avec-des-astuces-de-mobilier-ingenieuses\/#primaryimage"},"image":{"@id":"https:\/\/www.mobilier-design-occasion.fr\/magazine\/comment-jai-optimise-mon-espace-avec-des-astuces-de-mobilier-ingenieuses\/#primaryimage"},"thumbnailUrl":"https:\/\/www.mobilier-design-occasion.fr\/magazine\/wp-content\/uploads\/2025\/05\/data-2.png","datePublished":"2025-05-15T12:01:16+00:00","dateModified":"2025-05-15T12:01:17+00:00","breadcrumb":{"@id":"https:\/\/www.mobilier-design-occasion.fr\/magazine\/comment-jai-optimise-mon-espace-avec-des-astuces-de-mobilier-ingenieuses\/#breadcrumb"},"inLanguage":"fr-FR","potentialAction":[{"@type":"ReadAction","target":["https:\/\/www.mobilier-design-occasion.fr\/magazine\/comment-jai-optimise-mon-espace-avec-des-astuces-de-mobilier-ingenieuses\/"]}]},{"@type":"ImageObject","inLanguage":"fr-FR","@id":"https:\/\/www.mobilier-design-occasion.fr\/magazine\/comment-jai-optimise-mon-espace-avec-des-astuces-de-mobilier-ingenieuses\/#primaryimage","url":"https:\/\/www.mobilier-design-occasion.fr\/magazine\/wp-content\/uploads\/2025\/05\/data-2.png","contentUrl":"https:\/\/www.mobilier-design-occasion.fr\/magazine\/wp-content\/uploads\/2025\/05\/data-2.png","width":1024,"height":1024},{"@type":"BreadcrumbList","@id":"https:\/\/www.mobilier-design-occasion.fr\/magazine\/comment-jai-optimise-mon-espace-avec-des-astuces-de-mobilier-ingenieuses\/#breadcrumb","itemListElement":[{"@type":"ListItem","position":1,"name":"Accueil","item":"https:\/\/www.mobilier-design-occasion.fr\/magazine\/"},{"@type":"ListItem","position":2,"name":"Comment j&#8217;ai optimis\u00e9 mon espace avec des astuces de mobilier ing\u00e9nieuses ?"}]},{"@type":"WebSite","@id":"https:\/\/www.mobilier-design-occasion.fr\/magazine\/#website","url":"https:\/\/www.mobilier-design-occasion.fr\/magazine\/","name":"Mobilier Design Magazine","description":"","publisher":{"@id":"https:\/\/www.mobilier-design-occasion.fr\/magazine\/#organization"},"potentialAction":[{"@type":"SearchAction","target":{"@type":"EntryPoint","urlTemplate":"https:\/\/www.mobilier-design-occasion.fr\/magazine\/?s={search_term_string}"},"query-input":{"@type":"PropertyValueSpecification","valueRequired":true,"valueName":"search_term_string"}}],"inLanguage":"fr-FR"},{"@type":"Organization","@id":"https:\/\/www.mobilier-design-occasion.fr\/magazine\/#organization","name":"Mobilier Design Magazine","url":"https:\/\/www.mobilier-design-occasion.fr\/magazine\/","logo":{"@type":"ImageObject","inLanguage":"fr-FR","@id":"https:\/\/www.mobilier-design-occasion.fr\/magazine\/#\/schema\/logo\/image\/","url":"https:\/\/www.mobilier-design-occasion.fr\/magazine\/wp-content\/uploads\/2024\/02\/android-chrome-192x192-1.png","contentUrl":"https:\/\/www.mobilier-design-occasion.fr\/magazine\/wp-content\/uploads\/2024\/02\/android-chrome-192x192-1.png","width":192,"height":192,"caption":"Mobilier Design Magazine"},"image":{"@id":"https:\/\/www.mobilier-design-occasion.fr\/magazine\/#\/schema\/logo\/image\/"},"sameAs":["https:\/\/www.facebook.com\/mobilierdesignoccasion"]},{"@type":"Person","@id":"https:\/\/www.mobilier-design-occasion.fr\/magazine\/#\/schema\/person\/5fabf814365354b233f79540ae97b514","name":"Vincent","image":{"@type":"ImageObject","inLanguage":"fr-FR","@id":"https:\/\/secure.gravatar.com\/avatar\/18cb708a7d5219d5e909f516ff9f98bf9245615d470373b7cd116121c835448d?s=96&d=mm&r=g","url":"https:\/\/secure.gravatar.com\/avatar\/18cb708a7d5219d5e909f516ff9f98bf9245615d470373b7cd116121c835448d?s=96&d=mm&r=g","contentUrl":"https:\/\/secure.gravatar.com\/avatar\/18cb708a7d5219d5e909f516ff9f98bf9245615d470373b7cd116121c835448d?s=96&d=mm&r=g","caption":"Vincent"},"url":"https:\/\/www.mobilier-design-occasion.fr\/magazine\/author\/n8n\/"}]}},"_links":{"self":[{"href":"https:\/\/www.mobilier-design-occasion.fr\/magazine\/wp-json\/wp\/v2\/posts\/8203","targetHints":{"allow":["GET"]}}],"collection":[{"href":"https:\/\/www.mobilier-design-occasion.fr\/magazine\/wp-json\/wp\/v2\/posts"}],"about":[{"href":"https:\/\/www.mobilier-design-occasion.fr\/magazine\/wp-json\/wp\/v2\/types\/post"}],"author":[{"embeddable":true,"href":"https:\/\/www.mobilier-design-occasion.fr\/magazine\/wp-json\/wp\/v2\/users\/8"}],"replies":[{"embeddable":true,"href":"https:\/\/www.mobilier-design-occasion.fr\/magazine\/wp-json\/wp\/v2\/comments?post=8203"}],"version-history":[{"count":1,"href":"https:\/\/www.mobilier-design-occasion.fr\/magazine\/wp-json\/wp\/v2\/posts\/8203\/revisions"}],"predecessor-version":[{"id":8204,"href":"https:\/\/www.mobilier-design-occasion.fr\/magazine\/wp-json\/wp\/v2\/posts\/8203\/revisions\/8204"}],"wp:featuredmedia":[{"embeddable":true,"href":"https:\/\/www.mobilier-design-occasion.fr\/magazine\/wp-json\/wp\/v2\/media\/8202"}],"wp:attachment":[{"href":"https:\/\/www.mobilier-design-occasion.fr\/magazine\/wp-json\/wp\/v2\/media?parent=8203"}],"wp:term":[{"taxonomy":"category","embeddable":true,"href":"https:\/\/www.mobilier-design-occasion.fr\/magazine\/wp-json\/wp\/v2\/categories?post=8203"},{"taxonomy":"post_tag","embeddable":true,"href":"https:\/\/www.mobilier-design-occasion.fr\/magazine\/wp-json\/wp\/v2\/tags?post=8203"}],"curies":[{"name":"wp","href":"https:\/\/api.w.org\/{rel}","templated":true}]}}