{"id":8200,"date":"2025-05-12T12:40:17","date_gmt":"2025-05-12T12:40:17","guid":{"rendered":"https:\/\/www.mobilier-design-occasion.fr\/magazine\/comment-jai-choisi-mes-materiaux-de-mobilier-astuces-pour-une-decoration-reussie\/"},"modified":"2025-05-12T12:40:18","modified_gmt":"2025-05-12T12:40:18","slug":"comment-jai-choisi-mes-materiaux-de-mobilier-astuces-pour-une-decoration-reussie","status":"publish","type":"post","link":"https:\/\/www.mobilier-design-occasion.fr\/magazine\/comment-jai-choisi-mes-materiaux-de-mobilier-astuces-pour-une-decoration-reussie\/","title":{"rendered":"Comment j&#8217;ai choisi mes mat\u00e9riaux de mobilier : astuces pour une d\u00e9coration r\u00e9ussie"},"content":{"rendered":"<p>Dans cet article, je vais partager mon exp\u00e9rience personnelle sur le choix des mat\u00e9riaux pour mon mobilier. Apprendre \u00e0 s\u00e9lectionner judicieusement les \u00e9l\u00e9ments qui composent notre d\u00e9coration int\u00e9rieure peut transformer un espace de vie en un v\u00e9ritable cocon. Que ce soit pour le salon, la chambre ou la cuisine, chaque choix de mat\u00e9riaux compte. Je vais d\u00e9composer mes astuces, avec des d\u00e9couvertes uniques et des conseils pratiques qui m&#8217;ont aid\u00e9 dans ce processus, et j&#8217;aspire \u00e0 ouvrir un d\u00e9bat constructif autour de ces choix.<\/p>\n<h2><span class=\"ez-toc-section\" id=\"Mon_parcours_de_choix_de_materiaux\"><\/span>Mon parcours de choix de mat\u00e9riaux<span class=\"ez-toc-section-end\"><\/span><\/h2><div id=\"ez-toc-container\" class=\"ez-toc-v2_0_82_2 counter-hierarchy ez-toc-counter ez-toc-grey ez-toc-container-direction\">\n<div class=\"ez-toc-title-container\">\n<span class=\"ez-toc-title-toggle\"><a href=\"#\" class=\"ez-toc-pull-right ez-toc-btn ez-toc-btn-xs ez-toc-btn-default ez-toc-toggle\" aria-label=\"Toggle Table of Content\"><span class=\"ez-toc-js-icon-con\"><span class=\"\"><span class=\"eztoc-hide\" style=\"display:none;\">Toggle<\/span><span class=\"ez-toc-icon-toggle-span\"><svg style=\"fill: #999;color:#999\" xmlns=\"http:\/\/www.w3.org\/2000\/svg\" class=\"list-377408\" width=\"20px\" height=\"20px\" viewBox=\"0 0 24 24\" fill=\"none\"><path d=\"M6 6H4v2h2V6zm14 0H8v2h12V6zM4 11h2v2H4v-2zm16 0H8v2h12v-2zM4 16h2v2H4v-2zm16 0H8v2h12v-2z\" fill=\"currentColor\"><\/path><\/svg><svg style=\"fill: #999;color:#999\" class=\"arrow-unsorted-368013\" xmlns=\"http:\/\/www.w3.org\/2000\/svg\" width=\"10px\" height=\"10px\" viewBox=\"0 0 24 24\" version=\"1.2\" baseProfile=\"tiny\"><path d=\"M18.2 9.3l-6.2-6.3-6.2 6.3c-.2.2-.3.4-.3.7s.1.5.3.7c.2.2.4.3.7.3h11c.3 0 .5-.1.7-.3.2-.2.3-.5.3-.7s-.1-.5-.3-.7zM5.8 14.7l6.2 6.3 6.2-6.3c.2-.2.3-.5.3-.7s-.1-.5-.3-.7c-.2-.2-.4-.3-.7-.3h-11c-.3 0-.5.1-.7.3-.2.2-.3.5-.3.7s.1.5.3.7z\"\/><\/svg><\/span><\/span><\/span><\/a><\/span><\/div>\n<nav><ul class='ez-toc-list ez-toc-list-level-1 eztoc-toggle-hide-by-default' ><li class='ez-toc-page-1 ez-toc-heading-level-2'><a class=\"ez-toc-link ez-toc-heading-1\" href=\"https:\/\/www.mobilier-design-occasion.fr\/magazine\/comment-jai-choisi-mes-materiaux-de-mobilier-astuces-pour-une-decoration-reussie\/#Mon_parcours_de_choix_de_materiaux\" >Mon parcours de choix de mat\u00e9riaux<\/a><ul class='ez-toc-list-level-3' ><li class='ez-toc-heading-level-3'><a class=\"ez-toc-link ez-toc-heading-2\" href=\"https:\/\/www.mobilier-design-occasion.fr\/magazine\/comment-jai-choisi-mes-materiaux-de-mobilier-astuces-pour-une-decoration-reussie\/#Etape_1_Evaluation_de_mon_style_personnel\" >\u00c9tape 1 : \u00c9valuation de mon style personnel<\/a><\/li><li class='ez-toc-page-1 ez-toc-heading-level-3'><a class=\"ez-toc-link ez-toc-heading-3\" href=\"https:\/\/www.mobilier-design-occasion.fr\/magazine\/comment-jai-choisi-mes-materiaux-de-mobilier-astuces-pour-une-decoration-reussie\/#Etape_2_Criteres_de_choix_des_materiaux\" >\u00c9tape 2 : Crit\u00e8res de choix des mat\u00e9riaux<\/a><\/li><li class='ez-toc-page-1 ez-toc-heading-level-3'><a class=\"ez-toc-link ez-toc-heading-4\" href=\"https:\/\/www.mobilier-design-occasion.fr\/magazine\/comment-jai-choisi-mes-materiaux-de-mobilier-astuces-pour-une-decoration-reussie\/#Mes_decouvertes_dans_le_choix_de_materiaux\" >Mes d\u00e9couvertes dans le choix de mat\u00e9riaux<\/a><\/li><li class='ez-toc-page-1 ez-toc-heading-level-3'><a class=\"ez-toc-link ez-toc-heading-5\" href=\"https:\/\/www.mobilier-design-occasion.fr\/magazine\/comment-jai-choisi-mes-materiaux-de-mobilier-astuces-pour-une-decoration-reussie\/#Astuces_pour_une_decoration_reussie\" >Astuces pour une d\u00e9coration r\u00e9ussie<\/a><\/li><li class='ez-toc-page-1 ez-toc-heading-level-3'><a class=\"ez-toc-link ez-toc-heading-6\" href=\"https:\/\/www.mobilier-design-occasion.fr\/magazine\/comment-jai-choisi-mes-materiaux-de-mobilier-astuces-pour-une-decoration-reussie\/#Des_erreurs_a_eviter\" >Des erreurs \u00e0 \u00e9viter<\/a><\/li><li class='ez-toc-page-1 ez-toc-heading-level-3'><a class=\"ez-toc-link ez-toc-heading-7\" href=\"https:\/\/www.mobilier-design-occasion.fr\/magazine\/comment-jai-choisi-mes-materiaux-de-mobilier-astuces-pour-une-decoration-reussie\/#Ouvrir_le_debat\" >Ouvrir le d\u00e9bat<\/a><\/li><\/ul><\/li><li class='ez-toc-page-1 ez-toc-heading-level-2'><a class=\"ez-toc-link ez-toc-heading-8\" href=\"https:\/\/www.mobilier-design-occasion.fr\/magazine\/comment-jai-choisi-mes-materiaux-de-mobilier-astuces-pour-une-decoration-reussie\/#Echos_du_Terrain_Experiences_de_Choix_de_Materiaux\" >\u00c9chos du Terrain : Exp\u00e9riences de Choix de Mat\u00e9riaux<\/a><\/li><li class='ez-toc-page-1 ez-toc-heading-level-2'><a class=\"ez-toc-link ez-toc-heading-9\" href=\"https:\/\/www.mobilier-design-occasion.fr\/magazine\/comment-jai-choisi-mes-materiaux-de-mobilier-astuces-pour-une-decoration-reussie\/#Choc_des_Idees_Remise_en_Question_des_Croyances_Traditionnelles\" >Choc des Id\u00e9es : Remise en Question des Croyances Traditionnelles<\/a><\/li><li class='ez-toc-page-1 ez-toc-heading-level-2'><a class=\"ez-toc-link ez-toc-heading-10\" href=\"https:\/\/www.mobilier-design-occasion.fr\/magazine\/comment-jai-choisi-mes-materiaux-de-mobilier-astuces-pour-une-decoration-reussie\/#Impact_sur_les_Consommateurs_Un_Choix_de_Materiaux_Reflechi\" >Impact sur les Consommateurs : Un Choix de Mat\u00e9riaux R\u00e9fl\u00e9chi<\/a><\/li><\/ul><\/nav><\/div>\n\n<p>Lorsque j\u2019ai d\u00e9cid\u00e9 de red\u00e9corer mon int\u00e9rieur, la premi\u00e8re t\u00e2che a \u00e9t\u00e9 de r\u00e9fl\u00e9chir aux mat\u00e9riaux qui accompagneraient mes meubles. J&#8217;ai pris en compte divers aspects : l&#8217;esth\u00e9tique, la durabilit\u00e9, l&#8217;entretien, et bien s\u00fbr, mon budget. Voici comment j&#8217;ai proc\u00e9d\u00e9 :<\/p>\n<h3><span class=\"ez-toc-section\" id=\"Etape_1_Evaluation_de_mon_style_personnel\"><\/span>\u00c9tape 1 : \u00c9valuation de mon style personnel<span class=\"ez-toc-section-end\"><\/span><\/h3>\n<p>Avant de me lancer dans l\u2019achat de mat\u00e9riaux, j&#8217;ai pris le temps d\u2019\u00e9valuer mon style personnel. Voici quelques \u00e9l\u00e9ments qui ont guid\u00e9 ma r\u00e9flexion :<\/p>\n<ul>\n<li><strong>Mon ambiance souhait\u00e9e :<\/strong> Moderne, rustique, ou boh\u00e8me ?<\/li>\n<li><strong>Couleurs pr\u00e9f\u00e9r\u00e9es :<\/strong> Quelles teintes apportent de la chaleur \u00e0 mon espace ?<\/li>\n<li><strong>Inspiration :<\/strong> J&#8217;ai consult\u00e9 Pinterest et Instagram pour des visuels d&#8217;inspiration.<\/li>\n<\/ul>\n<h3><span class=\"ez-toc-section\" id=\"Etape_2_Criteres_de_choix_des_materiaux\"><\/span>\u00c9tape 2 : Crit\u00e8res de choix des mat\u00e9riaux<span class=\"ez-toc-section-end\"><\/span><\/h3>\n<p>Une fois mon style d\u00e9fini, j&#8217;ai d\u00e9termin\u00e9 quelques crit\u00e8res pour choisir mes mat\u00e9riaux :<\/p>\n<ul>\n<li><strong>Durabilit\u00e9 :<\/strong> Est-ce que le mat\u00e9riau tiendra dans le temps ?<\/li>\n<li><strong>\u00c9cologique :<\/strong> Est-ce que les mat\u00e9riaux sont respectueux de l&#8217;environnement ?<\/li>\n<li><strong>Entretien :<\/strong> Quel niveau d&#8217;entretien vais-je devoir consacrer \u00e0 mes meubles ?<\/li>\n<li><strong>Budget :<\/strong> Puis-je me permettre ce mat\u00e9riau sans me ruiner ?<\/li>\n<\/ul>\n<h3><span class=\"ez-toc-section\" id=\"Mes_decouvertes_dans_le_choix_de_materiaux\"><\/span>Mes d\u00e9couvertes dans le choix de mat\u00e9riaux<span class=\"ez-toc-section-end\"><\/span><\/h3>\n<p>Au fur et \u00e0 mesure de mes recherches, j&#8217;ai fait des d\u00e9couvertes int\u00e9ressantes qui m&#8217;ont permis d&#8217;affiner mes choix :<\/p>\n<table>\n<tr>\n<td><strong>Mat\u00e9riau<\/strong><\/td>\n<td><strong>Avantages<\/strong><\/td>\n<td><strong>Inconv\u00e9nients<\/strong><\/td>\n<\/tr>\n<tr>\n<td>Bois massif<\/td>\n<td>Durable, esth\u00e9tique naturelle<\/td>\n<td>Co\u00fbt \u00e9lev\u00e9, n\u00e9cessite de l&#8217;entretien<\/td>\n<\/tr>\n<tr>\n<td>Contreplaqu\u00e9<\/td>\n<td>\u00c9conomique, l\u00e9ger<\/td>\n<td>Moins durable que le bois massif<\/td>\n<\/tr>\n<tr>\n<td>M\u00e9tal<\/td>\n<td>Moderne, solide<\/td>\n<td>Peut \u00eatre froid au toucher<\/td>\n<\/tr>\n<tr>\n<td>Tissu<\/td>\n<td>Vari\u00e9t\u00e9 de textures et couleurs<\/td>\n<td>Peut \u00eatre difficile \u00e0 nettoyer<\/td>\n<\/tr>\n<\/table>\n<h3><span class=\"ez-toc-section\" id=\"Astuces_pour_une_decoration_reussie\"><\/span>Astuces pour une d\u00e9coration r\u00e9ussie<span class=\"ez-toc-section-end\"><\/span><\/h3>\n<p>Voici quelques astuces que j&#8217;ai d\u00e9couvertes pour rendre le processus de choix des mat\u00e9riaux plus efficace et plaisant :<\/p>\n<ul>\n<li><strong>Visiter des salons de d\u00e9coration :<\/strong> C&#8217;est un excellent moyen de toucher et de comparer diff\u00e9rents mat\u00e9riaux en personne.<\/li>\n<li><strong>\u00c9viter les choix impulsifs :<\/strong> Prendre le temps de r\u00e9fl\u00e9chir au bien-\u00eatre que chaque mat\u00e9riau peut apporter \u00e0 mon espace.<\/li>\n<li><strong>Utiliser des rem\u00e8des de grand-m\u00e8re :<\/strong> Pour l&#8217;entretien, j&#8217;ai d\u00e9couvert que le vinaigre blanc et le bicarbonate de soude sont de pr\u00e9cieux alli\u00e9s pour nettoyer la plupart des surfaces.<\/li>\n<li><strong>Le DIY :<\/strong> Cr\u00e9er des \u00e9l\u00e9ments uniques \u00e0 partir de mat\u00e9riaux r\u00e9cup\u00e9r\u00e9s, comme un vieux meuble que je transforme avec une nouvelle finition.<\/li>\n<li><strong>Consid\u00e9rer la seconde main :<\/strong> Les brocantes et les vide-greniers regorgent de tr\u00e9sors qui peuvent apporter du caract\u00e8re \u00e0 mon int\u00e9rieur.<\/li>\n<\/ul>\n<h3><span class=\"ez-toc-section\" id=\"Des_erreurs_a_eviter\"><\/span>Des erreurs \u00e0 \u00e9viter<span class=\"ez-toc-section-end\"><\/span><\/h3>\n<p>Cette exp\u00e9rience ne serait pas compl\u00e8te sans mentionner quelques erreurs que j&#8217;ai commises, et que je vous conseille d&#8217;\u00e9viter :<\/p>\n<ul>\n<li><strong>Ignorer l&#8217;\u00e9chelle des meubles :<\/strong> Un meuble trop grand ou trop petit peut d\u00e9s\u00e9quilibrer une pi\u00e8ce.<\/li>\n<li><strong>N\u00e9gliger la lumi\u00e8re naturelle :<\/strong> Les mat\u00e9riaux peuvent r\u00e9agir diff\u00e9remment selon la luminosit\u00e9 d&#8217;une pi\u00e8ce.<\/li>\n<li><strong>Ne pas envisager l\u2019ergonomie :<\/strong> Assurez-vous que les meubles sont confortables et adapt\u00e9s \u00e0 votre style de vie.<\/li>\n<\/ul>\n<h3><span class=\"ez-toc-section\" id=\"Ouvrir_le_debat\"><\/span>Ouvrir le d\u00e9bat<span class=\"ez-toc-section-end\"><\/span><\/h3>\n<p>Je suis curieux de conna\u00eetre vos exp\u00e9riences en mati\u00e8re de choix de mat\u00e9riaux. Quels sont vos pr\u00e9f\u00e9r\u00e9s ? Avez-vous fait des d\u00e9couvertes surprenantes ? N&#8217;h\u00e9sitez pas \u00e0 partager vos astuces ou vos erreurs dans les commentaires. Ensemble, nous pouvons enrichir nos connaissances et optimiser notre d\u00e9coration int\u00e9rieure !<\/p>\n<div style=\"overflow-x:auto; white-space:nowrap; -webkit-overflow-scrolling:touch;\">\n  <img decoding=\"async\" src=\"https:\/\/pixabay.com\/get\/g15c18917344ca6ab407cb1649d44804f85be3ed52e0287834026de87ebbeb2bd58ae8a4b5abca5b9164b89d243bf90621d8e9add5e9f61337f6804079160e8a7_1280.jpg\" style=\"width:100%; max-width:300px; display:inline-block; margin-right:10px; border-radius:8px;\" \/><br \/>\n  <img decoding=\"async\" src=\"https:\/\/pixabay.com\/get\/g3d9778fd2797dd6b5702daba6e606bf6917b3d876d26b4c54269113a34a4646e9b1e0b84a35c97f3fb4feac6c93e23d5a175a2bafae66827a9e8640e42e8b483_1280.jpg\" style=\"width:100%; max-width:300px; display:inline-block; margin-right:10px; border-radius:8px;\" \/><br \/>\n  <img decoding=\"async\" src=\"https:\/\/pixabay.com\/get\/g1d3097e0465f17a45fc73089d46ba35192fd0c927d64463777ea5fb53d73c28c6a28de14f7ae7ac40bfd51470ca1e3dd06c059d253ab9cf32fd2299d0d8cbde2_1280.jpg\" style=\"width:100%; max-width:300px; display:inline-block; margin-right:10px; border-radius:8px;\" \/>\n<\/div>\n<h2><span class=\"ez-toc-section\" id=\"Echos_du_Terrain_Experiences_de_Choix_de_Materiaux\"><\/span>\u00c9chos du Terrain : Exp\u00e9riences de Choix de Mat\u00e9riaux<span class=\"ez-toc-section-end\"><\/span><\/h2>\n<p>Dans le monde du mobilier, chaque mat\u00e9riau raconte une histoire. En tant que professionnel du secteur du mobilier design, j&#8217;ai eu l&#8217;occasion de travailler avec divers mat\u00e9riaux qui apportent chacun leurs sp\u00e9cificit\u00e9s. Voici quelques histoires qui ne sont souvent partag\u00e9es que par ceux qui sont plong\u00e9s dans cette r\u00e9alit\u00e9.<\/p>\n<ul>\n<li><strong>Le bois massif vs. le bois reconstitu\u00e9 :<\/strong> J&#8217;ai souvent constat\u00e9 que le choix entre le bois massif et le bois reconstitu\u00e9 n&#8217;\u00e9tait pas aussi \u00e9vidente qu&#8217;il y para\u00eet. Le bois massif offre une durabilit\u00e9 impressionnante, mais je me souviens d\u2019avoir d\u00fb convaincre un client que la beaut\u00e9 et la r\u00e9sistance du bois reconstitu\u00e9 peuvent \u00e9galement offrir une alternative s\u00e9duisante pour des projets de mobilier contemporains.<\/li>\n<li><strong>M\u00e9tal : entre esth\u00e9tique et fonctionnalit\u00e9 :<\/strong> Travailler avec le m\u00e9tal a ses propres d\u00e9fis. J&#8217;ai appris qu&#8217;un joli design ne suffit pas ; il faut \u00e9galement penser \u00e0 la corrosion et \u00e0 la stabilit\u00e9 \u00e0 long terme. Un client avait besoin de tables d&#8217;ext\u00e9rieur en m\u00e9tal, et la discussion s&#8217;est port\u00e9e sur la finition : le choix du traitement \u00e9tait crucial pour la long\u00e9vit\u00e9.<\/li>\n<li><strong>Textiles innovants :<\/strong> L&#8217;essor des textiles techniques a transform\u00e9 mon approche. J&#8217;ai eu le plaisir d&#8217;exp\u00e9rimenter des tissus r\u00e9sistants aux taches et \u00e0 l&#8217;eau pour des canap\u00e9s destin\u00e9s \u00e0 des familles avec enfants. Ces options ne sont pas seulement pratiques, mais elles ouvrent de nouvelles possibilit\u00e9s cr\u00e9atives.<\/li>\n<\/ul>\n<h2><span class=\"ez-toc-section\" id=\"Choc_des_Idees_Remise_en_Question_des_Croyances_Traditionnelles\"><\/span>Choc des Id\u00e9es : Remise en Question des Croyances Traditionnelles<span class=\"ez-toc-section-end\"><\/span><\/h2>\n<p>Au fil des ann\u00e9es, j&#8217;ai d\u00e9couvert que certaines croyances populaires concernant le choix de mat\u00e9riaux m\u00e9ritaient d&#8217;\u00eatre remises en question. Voici quelques mythes que j&#8217;ai aid\u00e9 \u00e0 d\u00e9construire.<\/p>\n<ul>\n<li><strong>Le cuir est toujours la meilleure option :<\/strong> Beaucoup pensent que le cuir est imp\u00e9ratif pour un mobilier haut de gamme. Cependant, les cuirs synth\u00e9tiques modernes peuvent \u00eatre tout aussi luxueux et bien plus faciles d&#8217;entretien, sans parler des consid\u00e9rations \u00e9thiques qui gagnent en importance.<\/li>\n<li><strong>Le plastique est synonyme de cheap :<\/strong> L&#8217;id\u00e9e que le plastique est associ\u00e9 \u00e0 du mobilier bas de gamme est de plus en plus contest\u00e9e. Les plastiques haut de gamme, comme le polypropyl\u00e8ne, peuvent \u00eatre tr\u00e8s \u00e9l\u00e9gants et durables, s\u2019int\u00e9grant parfaitement dans des environnements modernes.<\/li>\n<li><strong>Le bois est toujours \u00e9cologique :<\/strong> Bien que le bois soit souvent per\u00e7u comme un choix naturel et durable, il y a des nuances \u00e0 consid\u00e9rer. La provenance du bois, la m\u00e9thode d&#8217;extraction et la gestion des for\u00eats sont des facteurs essentiels \u00e0 prendre en compte, au-del\u00e0 d&#8217;une image simpliste d&#8217;un mat\u00e9riau \u00e9coresponsable.<\/li>\n<\/ul>\n<h2><span class=\"ez-toc-section\" id=\"Impact_sur_les_Consommateurs_Un_Choix_de_Materiaux_Reflechi\"><\/span>Impact sur les Consommateurs : Un Choix de Mat\u00e9riaux R\u00e9fl\u00e9chi<span class=\"ez-toc-section-end\"><\/span><\/h2>\n<p>Avoir conscience des choix de mat\u00e9riaux ne se limite pas seulement \u00e0 l&#8217;esth\u00e9tique ; c&#8217;est aussi une question d&#8217;impact sur un groupe cible sp\u00e9cifique. Voici comment cela se manifeste dans mes interactions avec mes clients.<\/p>\n<ul>\n<li><strong>Familles avec enfants :<\/strong> Lors de la cr\u00e9ation de mobilier pour les familles, j&#8217;ai remarqu\u00e9 que les choix de mat\u00e9riaux influencent grandement la satisfaction client. Les familles recherchent des mat\u00e9riaux r\u00e9sistants aux intemp\u00e9ries et aux taches, et mes recommandations sur les textiles et les finitions ont \u00e9t\u00e9 d\u00e9terminantes pour assurer durabilit\u00e9 et facilit\u00e9 d&#8217;entretien.<\/li>\n<li><strong>Professionnels du design :<\/strong> Pour mes clients architectes et designers, la mati\u00e8re choisie peut \u00eatre un facteur cl\u00e9 dans l&#8217;\u00e9valuation globale d&#8217;un projet. Le choix de mat\u00e9riaux innovants, comme les composites et les m\u00e9taux l\u00e9gers, a souvent ajout\u00e9 une valeur esth\u00e9tique et fonctionnelle ind\u00e9niable.<\/li>\n<li><strong>Consommateurs \u00e9coresponsables :<\/strong> Un segment croissant des consommateurs privil\u00e9gie les mat\u00e9riaux durables. En leur proposant des choix de mat\u00e9riaux \u00e9cologiques, j\u2019ai assist\u00e9 \u00e0 une augmentation de la satisfaction et de la fid\u00e9lit\u00e9 \u00e0 la marque. Mes clients se sentent bien dans leur peau lorsqu&#8217;ils investissent dans des produits qui correspondent \u00e0 leurs valeurs.<\/li>\n<\/ul>\n","protected":false},"excerpt":{"rendered":"<p>Dans cet article, je vais partager mon exp\u00e9rience personnelle sur le choix des mat\u00e9riaux pour mon mobilier. Apprendre \u00e0 s\u00e9lectionner judicieusement les \u00e9l\u00e9ments qui composent notre d\u00e9coration int\u00e9rieure peut transformer un espace de vie en un v\u00e9ritable cocon. Que ce soit pour le salon, la chambre ou la cuisine, chaque choix de mat\u00e9riaux compte. Je [&hellip;]<\/p>\n","protected":false},"author":8,"featured_media":8199,"comment_status":"open","ping_status":"open","sticky":false,"template":"","format":"standard","meta":{"footnotes":""},"categories":[8],"tags":[],"class_list":["post-8200","post","type-post","status-publish","format-standard","has-post-thumbnail","hentry","category-avis"],"yoast_head":"<!-- This site is optimized with the Yoast SEO plugin v27.5 - https:\/\/yoast.com\/product\/yoast-seo-wordpress\/ -->\n<title>Comment j&#039;ai choisi mes mat\u00e9riaux de mobilier : astuces pour une d\u00e9coration r\u00e9ussie - Mobilier Design Magazine<\/title>\n<meta name=\"robots\" content=\"index, follow, max-snippet:-1, max-image-preview:large, max-video-preview:-1\" \/>\n<link rel=\"canonical\" href=\"https:\/\/www.mobilier-design-occasion.fr\/magazine\/comment-jai-choisi-mes-materiaux-de-mobilier-astuces-pour-une-decoration-reussie\/\" \/>\n<meta property=\"og:locale\" content=\"fr_FR\" \/>\n<meta property=\"og:type\" content=\"article\" \/>\n<meta property=\"og:title\" content=\"Comment j&#039;ai choisi mes mat\u00e9riaux de mobilier : astuces pour une d\u00e9coration r\u00e9ussie - Mobilier Design Magazine\" \/>\n<meta property=\"og:description\" content=\"Dans cet article, je vais partager mon exp\u00e9rience personnelle sur le choix des mat\u00e9riaux pour mon mobilier. Apprendre \u00e0 s\u00e9lectionner judicieusement les \u00e9l\u00e9ments qui composent notre d\u00e9coration int\u00e9rieure peut transformer un espace de vie en un v\u00e9ritable cocon. Que ce soit pour le salon, la chambre ou la cuisine, chaque choix de mat\u00e9riaux compte. Je [&hellip;]\" \/>\n<meta property=\"og:url\" content=\"https:\/\/www.mobilier-design-occasion.fr\/magazine\/comment-jai-choisi-mes-materiaux-de-mobilier-astuces-pour-une-decoration-reussie\/\" \/>\n<meta property=\"og:site_name\" content=\"Mobilier Design Magazine\" \/>\n<meta property=\"article:publisher\" content=\"https:\/\/www.facebook.com\/mobilierdesignoccasion\" \/>\n<meta property=\"article:published_time\" content=\"2025-05-12T12:40:17+00:00\" \/>\n<meta property=\"article:modified_time\" content=\"2025-05-12T12:40:18+00:00\" \/>\n<meta property=\"og:image\" content=\"https:\/\/pixabay.com\/get\/g15c18917344ca6ab407cb1649d44804f85be3ed52e0287834026de87ebbeb2bd58ae8a4b5abca5b9164b89d243bf90621d8e9add5e9f61337f6804079160e8a7_1280.jpg\" \/>\n<meta name=\"author\" content=\"Vincent\" \/>\n<meta name=\"twitter:card\" content=\"summary_large_image\" \/>\n<meta name=\"twitter:label1\" content=\"\u00c9crit par\" \/>\n\t<meta name=\"twitter:data1\" content=\"Vincent\" \/>\n\t<meta name=\"twitter:label2\" content=\"Dur\u00e9e de lecture estim\u00e9e\" \/>\n\t<meta name=\"twitter:data2\" content=\"7 minutes\" \/>\n<script type=\"application\/ld+json\" class=\"yoast-schema-graph\">{\"@context\":\"https:\\\/\\\/schema.org\",\"@graph\":[{\"@type\":\"Article\",\"@id\":\"https:\\\/\\\/www.mobilier-design-occasion.fr\\\/magazine\\\/comment-jai-choisi-mes-materiaux-de-mobilier-astuces-pour-une-decoration-reussie\\\/#article\",\"isPartOf\":{\"@id\":\"https:\\\/\\\/www.mobilier-design-occasion.fr\\\/magazine\\\/comment-jai-choisi-mes-materiaux-de-mobilier-astuces-pour-une-decoration-reussie\\\/\"},\"author\":{\"name\":\"Vincent\",\"@id\":\"https:\\\/\\\/www.mobilier-design-occasion.fr\\\/magazine\\\/#\\\/schema\\\/person\\\/5fabf814365354b233f79540ae97b514\"},\"headline\":\"Comment j&#8217;ai choisi mes mat\u00e9riaux de mobilier : astuces pour une d\u00e9coration r\u00e9ussie\",\"datePublished\":\"2025-05-12T12:40:17+00:00\",\"dateModified\":\"2025-05-12T12:40:18+00:00\",\"mainEntityOfPage\":{\"@id\":\"https:\\\/\\\/www.mobilier-design-occasion.fr\\\/magazine\\\/comment-jai-choisi-mes-materiaux-de-mobilier-astuces-pour-une-decoration-reussie\\\/\"},\"wordCount\":1376,\"commentCount\":0,\"publisher\":{\"@id\":\"https:\\\/\\\/www.mobilier-design-occasion.fr\\\/magazine\\\/#organization\"},\"image\":{\"@id\":\"https:\\\/\\\/www.mobilier-design-occasion.fr\\\/magazine\\\/comment-jai-choisi-mes-materiaux-de-mobilier-astuces-pour-une-decoration-reussie\\\/#primaryimage\"},\"thumbnailUrl\":\"https:\\\/\\\/www.mobilier-design-occasion.fr\\\/magazine\\\/wp-content\\\/uploads\\\/2025\\\/05\\\/data-1.png\",\"articleSection\":[\"Avis marques d\u00e9co\"],\"inLanguage\":\"fr-FR\",\"potentialAction\":[{\"@type\":\"CommentAction\",\"name\":\"Comment\",\"target\":[\"https:\\\/\\\/www.mobilier-design-occasion.fr\\\/magazine\\\/comment-jai-choisi-mes-materiaux-de-mobilier-astuces-pour-une-decoration-reussie\\\/#respond\"]}]},{\"@type\":\"WebPage\",\"@id\":\"https:\\\/\\\/www.mobilier-design-occasion.fr\\\/magazine\\\/comment-jai-choisi-mes-materiaux-de-mobilier-astuces-pour-une-decoration-reussie\\\/\",\"url\":\"https:\\\/\\\/www.mobilier-design-occasion.fr\\\/magazine\\\/comment-jai-choisi-mes-materiaux-de-mobilier-astuces-pour-une-decoration-reussie\\\/\",\"name\":\"Comment j'ai choisi mes mat\u00e9riaux de mobilier : astuces pour une d\u00e9coration r\u00e9ussie - Mobilier Design Magazine\",\"isPartOf\":{\"@id\":\"https:\\\/\\\/www.mobilier-design-occasion.fr\\\/magazine\\\/#website\"},\"primaryImageOfPage\":{\"@id\":\"https:\\\/\\\/www.mobilier-design-occasion.fr\\\/magazine\\\/comment-jai-choisi-mes-materiaux-de-mobilier-astuces-pour-une-decoration-reussie\\\/#primaryimage\"},\"image\":{\"@id\":\"https:\\\/\\\/www.mobilier-design-occasion.fr\\\/magazine\\\/comment-jai-choisi-mes-materiaux-de-mobilier-astuces-pour-une-decoration-reussie\\\/#primaryimage\"},\"thumbnailUrl\":\"https:\\\/\\\/www.mobilier-design-occasion.fr\\\/magazine\\\/wp-content\\\/uploads\\\/2025\\\/05\\\/data-1.png\",\"datePublished\":\"2025-05-12T12:40:17+00:00\",\"dateModified\":\"2025-05-12T12:40:18+00:00\",\"breadcrumb\":{\"@id\":\"https:\\\/\\\/www.mobilier-design-occasion.fr\\\/magazine\\\/comment-jai-choisi-mes-materiaux-de-mobilier-astuces-pour-une-decoration-reussie\\\/#breadcrumb\"},\"inLanguage\":\"fr-FR\",\"potentialAction\":[{\"@type\":\"ReadAction\",\"target\":[\"https:\\\/\\\/www.mobilier-design-occasion.fr\\\/magazine\\\/comment-jai-choisi-mes-materiaux-de-mobilier-astuces-pour-une-decoration-reussie\\\/\"]}]},{\"@type\":\"ImageObject\",\"inLanguage\":\"fr-FR\",\"@id\":\"https:\\\/\\\/www.mobilier-design-occasion.fr\\\/magazine\\\/comment-jai-choisi-mes-materiaux-de-mobilier-astuces-pour-une-decoration-reussie\\\/#primaryimage\",\"url\":\"https:\\\/\\\/www.mobilier-design-occasion.fr\\\/magazine\\\/wp-content\\\/uploads\\\/2025\\\/05\\\/data-1.png\",\"contentUrl\":\"https:\\\/\\\/www.mobilier-design-occasion.fr\\\/magazine\\\/wp-content\\\/uploads\\\/2025\\\/05\\\/data-1.png\",\"width\":1024,\"height\":1024},{\"@type\":\"BreadcrumbList\",\"@id\":\"https:\\\/\\\/www.mobilier-design-occasion.fr\\\/magazine\\\/comment-jai-choisi-mes-materiaux-de-mobilier-astuces-pour-une-decoration-reussie\\\/#breadcrumb\",\"itemListElement\":[{\"@type\":\"ListItem\",\"position\":1,\"name\":\"Accueil\",\"item\":\"https:\\\/\\\/www.mobilier-design-occasion.fr\\\/magazine\\\/\"},{\"@type\":\"ListItem\",\"position\":2,\"name\":\"Comment j&#8217;ai choisi mes mat\u00e9riaux de mobilier : astuces pour une d\u00e9coration r\u00e9ussie\"}]},{\"@type\":\"WebSite\",\"@id\":\"https:\\\/\\\/www.mobilier-design-occasion.fr\\\/magazine\\\/#website\",\"url\":\"https:\\\/\\\/www.mobilier-design-occasion.fr\\\/magazine\\\/\",\"name\":\"Mobilier Design Magazine\",\"description\":\"\",\"publisher\":{\"@id\":\"https:\\\/\\\/www.mobilier-design-occasion.fr\\\/magazine\\\/#organization\"},\"potentialAction\":[{\"@type\":\"SearchAction\",\"target\":{\"@type\":\"EntryPoint\",\"urlTemplate\":\"https:\\\/\\\/www.mobilier-design-occasion.fr\\\/magazine\\\/?s={search_term_string}\"},\"query-input\":{\"@type\":\"PropertyValueSpecification\",\"valueRequired\":true,\"valueName\":\"search_term_string\"}}],\"inLanguage\":\"fr-FR\"},{\"@type\":\"Organization\",\"@id\":\"https:\\\/\\\/www.mobilier-design-occasion.fr\\\/magazine\\\/#organization\",\"name\":\"Mobilier Design Magazine\",\"url\":\"https:\\\/\\\/www.mobilier-design-occasion.fr\\\/magazine\\\/\",\"logo\":{\"@type\":\"ImageObject\",\"inLanguage\":\"fr-FR\",\"@id\":\"https:\\\/\\\/www.mobilier-design-occasion.fr\\\/magazine\\\/#\\\/schema\\\/logo\\\/image\\\/\",\"url\":\"https:\\\/\\\/www.mobilier-design-occasion.fr\\\/magazine\\\/wp-content\\\/uploads\\\/2024\\\/02\\\/android-chrome-192x192-1.png\",\"contentUrl\":\"https:\\\/\\\/www.mobilier-design-occasion.fr\\\/magazine\\\/wp-content\\\/uploads\\\/2024\\\/02\\\/android-chrome-192x192-1.png\",\"width\":192,\"height\":192,\"caption\":\"Mobilier Design Magazine\"},\"image\":{\"@id\":\"https:\\\/\\\/www.mobilier-design-occasion.fr\\\/magazine\\\/#\\\/schema\\\/logo\\\/image\\\/\"},\"sameAs\":[\"https:\\\/\\\/www.facebook.com\\\/mobilierdesignoccasion\"]},{\"@type\":\"Person\",\"@id\":\"https:\\\/\\\/www.mobilier-design-occasion.fr\\\/magazine\\\/#\\\/schema\\\/person\\\/5fabf814365354b233f79540ae97b514\",\"name\":\"Vincent\",\"image\":{\"@type\":\"ImageObject\",\"inLanguage\":\"fr-FR\",\"@id\":\"https:\\\/\\\/secure.gravatar.com\\\/avatar\\\/18cb708a7d5219d5e909f516ff9f98bf9245615d470373b7cd116121c835448d?s=96&d=mm&r=g\",\"url\":\"https:\\\/\\\/secure.gravatar.com\\\/avatar\\\/18cb708a7d5219d5e909f516ff9f98bf9245615d470373b7cd116121c835448d?s=96&d=mm&r=g\",\"contentUrl\":\"https:\\\/\\\/secure.gravatar.com\\\/avatar\\\/18cb708a7d5219d5e909f516ff9f98bf9245615d470373b7cd116121c835448d?s=96&d=mm&r=g\",\"caption\":\"Vincent\"},\"url\":\"https:\\\/\\\/www.mobilier-design-occasion.fr\\\/magazine\\\/author\\\/n8n\\\/\"}]}<\/script>\n<!-- \/ Yoast SEO plugin. -->","yoast_head_json":{"title":"Comment j'ai choisi mes mat\u00e9riaux de mobilier : astuces pour une d\u00e9coration r\u00e9ussie - Mobilier Design Magazine","robots":{"index":"index","follow":"follow","max-snippet":"max-snippet:-1","max-image-preview":"max-image-preview:large","max-video-preview":"max-video-preview:-1"},"canonical":"https:\/\/www.mobilier-design-occasion.fr\/magazine\/comment-jai-choisi-mes-materiaux-de-mobilier-astuces-pour-une-decoration-reussie\/","og_locale":"fr_FR","og_type":"article","og_title":"Comment j'ai choisi mes mat\u00e9riaux de mobilier : astuces pour une d\u00e9coration r\u00e9ussie - Mobilier Design Magazine","og_description":"Dans cet article, je vais partager mon exp\u00e9rience personnelle sur le choix des mat\u00e9riaux pour mon mobilier. Apprendre \u00e0 s\u00e9lectionner judicieusement les \u00e9l\u00e9ments qui composent notre d\u00e9coration int\u00e9rieure peut transformer un espace de vie en un v\u00e9ritable cocon. Que ce soit pour le salon, la chambre ou la cuisine, chaque choix de mat\u00e9riaux compte. Je [&hellip;]","og_url":"https:\/\/www.mobilier-design-occasion.fr\/magazine\/comment-jai-choisi-mes-materiaux-de-mobilier-astuces-pour-une-decoration-reussie\/","og_site_name":"Mobilier Design Magazine","article_publisher":"https:\/\/www.facebook.com\/mobilierdesignoccasion","article_published_time":"2025-05-12T12:40:17+00:00","article_modified_time":"2025-05-12T12:40:18+00:00","og_image":[{"url":"https:\/\/pixabay.com\/get\/g15c18917344ca6ab407cb1649d44804f85be3ed52e0287834026de87ebbeb2bd58ae8a4b5abca5b9164b89d243bf90621d8e9add5e9f61337f6804079160e8a7_1280.jpg","type":"","width":"","height":""}],"author":"Vincent","twitter_card":"summary_large_image","twitter_misc":{"\u00c9crit par":"Vincent","Dur\u00e9e de lecture estim\u00e9e":"7 minutes"},"schema":{"@context":"https:\/\/schema.org","@graph":[{"@type":"Article","@id":"https:\/\/www.mobilier-design-occasion.fr\/magazine\/comment-jai-choisi-mes-materiaux-de-mobilier-astuces-pour-une-decoration-reussie\/#article","isPartOf":{"@id":"https:\/\/www.mobilier-design-occasion.fr\/magazine\/comment-jai-choisi-mes-materiaux-de-mobilier-astuces-pour-une-decoration-reussie\/"},"author":{"name":"Vincent","@id":"https:\/\/www.mobilier-design-occasion.fr\/magazine\/#\/schema\/person\/5fabf814365354b233f79540ae97b514"},"headline":"Comment j&#8217;ai choisi mes mat\u00e9riaux de mobilier : astuces pour une d\u00e9coration r\u00e9ussie","datePublished":"2025-05-12T12:40:17+00:00","dateModified":"2025-05-12T12:40:18+00:00","mainEntityOfPage":{"@id":"https:\/\/www.mobilier-design-occasion.fr\/magazine\/comment-jai-choisi-mes-materiaux-de-mobilier-astuces-pour-une-decoration-reussie\/"},"wordCount":1376,"commentCount":0,"publisher":{"@id":"https:\/\/www.mobilier-design-occasion.fr\/magazine\/#organization"},"image":{"@id":"https:\/\/www.mobilier-design-occasion.fr\/magazine\/comment-jai-choisi-mes-materiaux-de-mobilier-astuces-pour-une-decoration-reussie\/#primaryimage"},"thumbnailUrl":"https:\/\/www.mobilier-design-occasion.fr\/magazine\/wp-content\/uploads\/2025\/05\/data-1.png","articleSection":["Avis marques d\u00e9co"],"inLanguage":"fr-FR","potentialAction":[{"@type":"CommentAction","name":"Comment","target":["https:\/\/www.mobilier-design-occasion.fr\/magazine\/comment-jai-choisi-mes-materiaux-de-mobilier-astuces-pour-une-decoration-reussie\/#respond"]}]},{"@type":"WebPage","@id":"https:\/\/www.mobilier-design-occasion.fr\/magazine\/comment-jai-choisi-mes-materiaux-de-mobilier-astuces-pour-une-decoration-reussie\/","url":"https:\/\/www.mobilier-design-occasion.fr\/magazine\/comment-jai-choisi-mes-materiaux-de-mobilier-astuces-pour-une-decoration-reussie\/","name":"Comment j'ai choisi mes mat\u00e9riaux de mobilier : astuces pour une d\u00e9coration r\u00e9ussie - Mobilier Design Magazine","isPartOf":{"@id":"https:\/\/www.mobilier-design-occasion.fr\/magazine\/#website"},"primaryImageOfPage":{"@id":"https:\/\/www.mobilier-design-occasion.fr\/magazine\/comment-jai-choisi-mes-materiaux-de-mobilier-astuces-pour-une-decoration-reussie\/#primaryimage"},"image":{"@id":"https:\/\/www.mobilier-design-occasion.fr\/magazine\/comment-jai-choisi-mes-materiaux-de-mobilier-astuces-pour-une-decoration-reussie\/#primaryimage"},"thumbnailUrl":"https:\/\/www.mobilier-design-occasion.fr\/magazine\/wp-content\/uploads\/2025\/05\/data-1.png","datePublished":"2025-05-12T12:40:17+00:00","dateModified":"2025-05-12T12:40:18+00:00","breadcrumb":{"@id":"https:\/\/www.mobilier-design-occasion.fr\/magazine\/comment-jai-choisi-mes-materiaux-de-mobilier-astuces-pour-une-decoration-reussie\/#breadcrumb"},"inLanguage":"fr-FR","potentialAction":[{"@type":"ReadAction","target":["https:\/\/www.mobilier-design-occasion.fr\/magazine\/comment-jai-choisi-mes-materiaux-de-mobilier-astuces-pour-une-decoration-reussie\/"]}]},{"@type":"ImageObject","inLanguage":"fr-FR","@id":"https:\/\/www.mobilier-design-occasion.fr\/magazine\/comment-jai-choisi-mes-materiaux-de-mobilier-astuces-pour-une-decoration-reussie\/#primaryimage","url":"https:\/\/www.mobilier-design-occasion.fr\/magazine\/wp-content\/uploads\/2025\/05\/data-1.png","contentUrl":"https:\/\/www.mobilier-design-occasion.fr\/magazine\/wp-content\/uploads\/2025\/05\/data-1.png","width":1024,"height":1024},{"@type":"BreadcrumbList","@id":"https:\/\/www.mobilier-design-occasion.fr\/magazine\/comment-jai-choisi-mes-materiaux-de-mobilier-astuces-pour-une-decoration-reussie\/#breadcrumb","itemListElement":[{"@type":"ListItem","position":1,"name":"Accueil","item":"https:\/\/www.mobilier-design-occasion.fr\/magazine\/"},{"@type":"ListItem","position":2,"name":"Comment j&#8217;ai choisi mes mat\u00e9riaux de mobilier : astuces pour une d\u00e9coration r\u00e9ussie"}]},{"@type":"WebSite","@id":"https:\/\/www.mobilier-design-occasion.fr\/magazine\/#website","url":"https:\/\/www.mobilier-design-occasion.fr\/magazine\/","name":"Mobilier Design Magazine","description":"","publisher":{"@id":"https:\/\/www.mobilier-design-occasion.fr\/magazine\/#organization"},"potentialAction":[{"@type":"SearchAction","target":{"@type":"EntryPoint","urlTemplate":"https:\/\/www.mobilier-design-occasion.fr\/magazine\/?s={search_term_string}"},"query-input":{"@type":"PropertyValueSpecification","valueRequired":true,"valueName":"search_term_string"}}],"inLanguage":"fr-FR"},{"@type":"Organization","@id":"https:\/\/www.mobilier-design-occasion.fr\/magazine\/#organization","name":"Mobilier Design Magazine","url":"https:\/\/www.mobilier-design-occasion.fr\/magazine\/","logo":{"@type":"ImageObject","inLanguage":"fr-FR","@id":"https:\/\/www.mobilier-design-occasion.fr\/magazine\/#\/schema\/logo\/image\/","url":"https:\/\/www.mobilier-design-occasion.fr\/magazine\/wp-content\/uploads\/2024\/02\/android-chrome-192x192-1.png","contentUrl":"https:\/\/www.mobilier-design-occasion.fr\/magazine\/wp-content\/uploads\/2024\/02\/android-chrome-192x192-1.png","width":192,"height":192,"caption":"Mobilier Design Magazine"},"image":{"@id":"https:\/\/www.mobilier-design-occasion.fr\/magazine\/#\/schema\/logo\/image\/"},"sameAs":["https:\/\/www.facebook.com\/mobilierdesignoccasion"]},{"@type":"Person","@id":"https:\/\/www.mobilier-design-occasion.fr\/magazine\/#\/schema\/person\/5fabf814365354b233f79540ae97b514","name":"Vincent","image":{"@type":"ImageObject","inLanguage":"fr-FR","@id":"https:\/\/secure.gravatar.com\/avatar\/18cb708a7d5219d5e909f516ff9f98bf9245615d470373b7cd116121c835448d?s=96&d=mm&r=g","url":"https:\/\/secure.gravatar.com\/avatar\/18cb708a7d5219d5e909f516ff9f98bf9245615d470373b7cd116121c835448d?s=96&d=mm&r=g","contentUrl":"https:\/\/secure.gravatar.com\/avatar\/18cb708a7d5219d5e909f516ff9f98bf9245615d470373b7cd116121c835448d?s=96&d=mm&r=g","caption":"Vincent"},"url":"https:\/\/www.mobilier-design-occasion.fr\/magazine\/author\/n8n\/"}]}},"_links":{"self":[{"href":"https:\/\/www.mobilier-design-occasion.fr\/magazine\/wp-json\/wp\/v2\/posts\/8200","targetHints":{"allow":["GET"]}}],"collection":[{"href":"https:\/\/www.mobilier-design-occasion.fr\/magazine\/wp-json\/wp\/v2\/posts"}],"about":[{"href":"https:\/\/www.mobilier-design-occasion.fr\/magazine\/wp-json\/wp\/v2\/types\/post"}],"author":[{"embeddable":true,"href":"https:\/\/www.mobilier-design-occasion.fr\/magazine\/wp-json\/wp\/v2\/users\/8"}],"replies":[{"embeddable":true,"href":"https:\/\/www.mobilier-design-occasion.fr\/magazine\/wp-json\/wp\/v2\/comments?post=8200"}],"version-history":[{"count":1,"href":"https:\/\/www.mobilier-design-occasion.fr\/magazine\/wp-json\/wp\/v2\/posts\/8200\/revisions"}],"predecessor-version":[{"id":8201,"href":"https:\/\/www.mobilier-design-occasion.fr\/magazine\/wp-json\/wp\/v2\/posts\/8200\/revisions\/8201"}],"wp:featuredmedia":[{"embeddable":true,"href":"https:\/\/www.mobilier-design-occasion.fr\/magazine\/wp-json\/wp\/v2\/media\/8199"}],"wp:attachment":[{"href":"https:\/\/www.mobilier-design-occasion.fr\/magazine\/wp-json\/wp\/v2\/media?parent=8200"}],"wp:term":[{"taxonomy":"category","embeddable":true,"href":"https:\/\/www.mobilier-design-occasion.fr\/magazine\/wp-json\/wp\/v2\/categories?post=8200"},{"taxonomy":"post_tag","embeddable":true,"href":"https:\/\/www.mobilier-design-occasion.fr\/magazine\/wp-json\/wp\/v2\/tags?post=8200"}],"curies":[{"name":"wp","href":"https:\/\/api.w.org\/{rel}","templated":true}]}}