{"id":8173,"date":"2025-04-23T12:01:18","date_gmt":"2025-04-23T12:01:18","guid":{"rendered":"https:\/\/www.mobilier-design-occasion.fr\/magazine\/?p=8173"},"modified":"2025-04-23T12:01:18","modified_gmt":"2025-04-23T12:01:18","slug":"chaises-de-salle-a-manger-les-criteres-de-choix-a-ne-pas-negliger","status":"publish","type":"post","link":"https:\/\/www.mobilier-design-occasion.fr\/magazine\/chaises-de-salle-a-manger-les-criteres-de-choix-a-ne-pas-negliger\/","title":{"rendered":"Chaises de salle \u00e0 manger : les crit\u00e8res de choix \u00e0 ne pas n\u00e9gliger"},"content":{"rendered":"\n<p>Afin que votre espace de repas soit un lieu o\u00f9 vous passerez de tr\u00e8s bons moments en famille ou entre amis, il vous faut, pour cela, choisir les bonnes chaises de salle \u00e0 manger. Malheureusement, ce n\u2019est pas toujours facile de trouver celles qui correspondent \u00e0 vos go\u00fbts et \u00e0 votre int\u00e9rieur. Pour vous aider, voici quelques crit\u00e8res \u00e0 ne pas n\u00e9gliger afin de ne pas commettre d\u2019impairs.&nbsp;<\/p>\n\n\n\n<h2 class=\"wp-block-heading\"><span class=\"ez-toc-section\" id=\"Le_confort_et_lergonomie_sont_une_priorite_absolue\"><\/span>Le confort et l\u2019ergonomie sont une priorit\u00e9 absolue<span class=\"ez-toc-section-end\"><\/span><\/h2><div id=\"ez-toc-container\" class=\"ez-toc-v2_0_82_2 counter-hierarchy ez-toc-counter ez-toc-grey ez-toc-container-direction\">\n<div class=\"ez-toc-title-container\">\n<span class=\"ez-toc-title-toggle\"><a href=\"#\" class=\"ez-toc-pull-right ez-toc-btn ez-toc-btn-xs ez-toc-btn-default ez-toc-toggle\" aria-label=\"Toggle Table of Content\"><span class=\"ez-toc-js-icon-con\"><span class=\"\"><span class=\"eztoc-hide\" style=\"display:none;\">Toggle<\/span><span class=\"ez-toc-icon-toggle-span\"><svg style=\"fill: #999;color:#999\" xmlns=\"http:\/\/www.w3.org\/2000\/svg\" class=\"list-377408\" width=\"20px\" height=\"20px\" viewBox=\"0 0 24 24\" fill=\"none\"><path d=\"M6 6H4v2h2V6zm14 0H8v2h12V6zM4 11h2v2H4v-2zm16 0H8v2h12v-2zM4 16h2v2H4v-2zm16 0H8v2h12v-2z\" fill=\"currentColor\"><\/path><\/svg><svg style=\"fill: #999;color:#999\" class=\"arrow-unsorted-368013\" xmlns=\"http:\/\/www.w3.org\/2000\/svg\" width=\"10px\" height=\"10px\" viewBox=\"0 0 24 24\" version=\"1.2\" baseProfile=\"tiny\"><path d=\"M18.2 9.3l-6.2-6.3-6.2 6.3c-.2.2-.3.4-.3.7s.1.5.3.7c.2.2.4.3.7.3h11c.3 0 .5-.1.7-.3.2-.2.3-.5.3-.7s-.1-.5-.3-.7zM5.8 14.7l6.2 6.3 6.2-6.3c.2-.2.3-.5.3-.7s-.1-.5-.3-.7c-.2-.2-.4-.3-.7-.3h-11c-.3 0-.5.1-.7.3-.2.2-.3.5-.3.7s.1.5.3.7z\"\/><\/svg><\/span><\/span><\/span><\/a><\/span><\/div>\n<nav><ul class='ez-toc-list ez-toc-list-level-1 eztoc-toggle-hide-by-default' ><li class='ez-toc-page-1 ez-toc-heading-level-2'><a class=\"ez-toc-link ez-toc-heading-1\" href=\"https:\/\/www.mobilier-design-occasion.fr\/magazine\/chaises-de-salle-a-manger-les-criteres-de-choix-a-ne-pas-negliger\/#Le_confort_et_lergonomie_sont_une_priorite_absolue\" >Le confort et l\u2019ergonomie sont une priorit\u00e9 absolue<\/a><\/li><li class='ez-toc-page-1 ez-toc-heading-level-2'><a class=\"ez-toc-link ez-toc-heading-2\" href=\"https:\/\/www.mobilier-design-occasion.fr\/magazine\/chaises-de-salle-a-manger-les-criteres-de-choix-a-ne-pas-negliger\/#Un_style_et_une_harmonie_adaptable_a_votre_interieur\" >Un style et une harmonie adaptable \u00e0 votre int\u00e9rieur<\/a><\/li><li class='ez-toc-page-1 ez-toc-heading-level-2'><a class=\"ez-toc-link ez-toc-heading-3\" href=\"https:\/\/www.mobilier-design-occasion.fr\/magazine\/chaises-de-salle-a-manger-les-criteres-de-choix-a-ne-pas-negliger\/#Des_materiaux_de_qualite_pour_une_meilleure_durabilite\" >Des mat\u00e9riaux de qualit\u00e9 pour une meilleure durabilit\u00e9<\/a><\/li><\/ul><\/nav><\/div>\n\n\n\n\n<p>Avant de choisir vos chaises de salle \u00e0 manger en fonction du style, il est important que vous preniez en compte le crit\u00e8re num\u00e9ro un qui est le confort. En effet, elles auront beau \u00eatre tr\u00e8s belles, si elles sont inconfortables, vous g\u00e2cherez de nombreux moments.&nbsp;<strong>Il est donc essentiel que vous testiez l\u2019assise<\/strong>, si cela est possible, afin de voir si elles sont suffisamment larges et profondes. Pensez \u00e9galement, pour un bon soutien lombaire, \u00e0 v\u00e9rifier le dossier. Gr\u00e2ce aux&nbsp;<a href=\"https:\/\/www.weba.be\/fr\/salle-a-manger\/chaises\/chaises-de-salle-a-manger.html\">chaises de salle \u00e0 manger chez WEBA<\/a>, vous trouverez certainement celles qui respecteront ces crit\u00e8res.&nbsp;<\/p>\n\n\n\n<h2 class=\"wp-block-heading\"><span class=\"ez-toc-section\" id=\"Un_style_et_une_harmonie_adaptable_a_votre_interieur\"><\/span>Un style et une harmonie adaptable \u00e0 votre int\u00e9rieur<span class=\"ez-toc-section-end\"><\/span><\/h2>\n\n\n\n<p>Une fois le confort de vos chaises de salle \u00e0 manger effectu\u00e9, il vous faut&nbsp;<strong>faire en sorte que celles-ci s\u2019int\u00e8grent parfaitement au style de votre pi\u00e8ce<\/strong>. Par exemple, privil\u00e9giez des chaises aux lignes \u00e9pur\u00e9es, en plastique, en m\u00e9tal ou avec un rev\u00eatement contemporain, si vous avez une d\u00e9coration moderne. Par contre, des chaises en bois massifs, avec un rev\u00eatement en tissu chaleureux ou disposant de d\u00e9tails tr\u00e8s travaill\u00e9s, seront nettement plus appropri\u00e9es pour un int\u00e9rieur rustique ou plus classique.&nbsp;<\/p>\n\n\n\n<h2 class=\"wp-block-heading\"><span class=\"ez-toc-section\" id=\"Des_materiaux_de_qualite_pour_une_meilleure_durabilite\"><\/span>Des mat\u00e9riaux de qualit\u00e9 pour une meilleure durabilit\u00e9<span class=\"ez-toc-section-end\"><\/span><\/h2>\n\n\n\n<p>L\u2019esth\u00e9tique ainsi que le confort seront impact\u00e9s par le choix des mat\u00e9riaux. Si votre choix se porte sur du bois, qui offre un c\u00f4t\u00e9 robuste et chaleureux, sachez tout de m\u00eame que ce type de chaise fabriqu\u00e9e avec ce mat\u00e9riau sera plus sensible aux taches. Le m\u00e9tal, quant \u00e0 lui, est id\u00e9al pour un usage fr\u00e9quent, car il est d\u2019une grande durabilit\u00e9 et tr\u00e8s facile \u00e0 nettoyer. En ce qui concerne le plastique, il se nettoie aussi facilement et offre une grande vari\u00e9t\u00e9 de formes et de couleurs. Il vous est donc conseill\u00e9, avant de faire votre choix,&nbsp;<strong>de prendre en compte votre mode de vie ainsi que la fr\u00e9quence d\u2019utilisation de vos chaises<\/strong>.&nbsp;<\/p>\n\n\n\n<p>Que ce soit en mati\u00e8re de confort, d\u2019esth\u00e9tisme ou de mat\u00e9riau, prendre en compte ces quelques crit\u00e8res vont vous permettre d\u2019embellir votre int\u00e9rieur et d\u2019offrir un espace convivial \u00e0 tous vos invit\u00e9s.&nbsp;<\/p>\n","protected":false},"excerpt":{"rendered":"<p>Afin que votre espace de repas soit un lieu o\u00f9 vous passerez de tr\u00e8s bons moments en famille ou entre amis, il vous faut, pour cela, choisir les bonnes chaises de salle \u00e0 manger. Malheureusement, ce n\u2019est pas toujours facile de trouver celles qui correspondent \u00e0 vos go\u00fbts et \u00e0 votre int\u00e9rieur. Pour vous aider, [&hellip;]<\/p>\n","protected":false},"author":2,"featured_media":8174,"comment_status":"open","ping_status":"open","sticky":false,"template":"","format":"standard","meta":{"footnotes":""},"categories":[127,122],"tags":[140],"class_list":["post-8173","post","type-post","status-publish","format-standard","has-post-thumbnail","hentry","category-salle-a-manger","category-salon","tag-chaise"],"yoast_head":"<!-- This site is optimized with the Yoast SEO plugin v27.5 - https:\/\/yoast.com\/product\/yoast-seo-wordpress\/ -->\n<title>Chaises de salle \u00e0 manger : les crit\u00e8res de choix \u00e0 ne pas n\u00e9gliger - Mobilier Design Magazine<\/title>\n<meta name=\"robots\" content=\"index, follow, max-snippet:-1, max-image-preview:large, max-video-preview:-1\" \/>\n<link rel=\"canonical\" href=\"https:\/\/www.mobilier-design-occasion.fr\/magazine\/chaises-de-salle-a-manger-les-criteres-de-choix-a-ne-pas-negliger\/\" \/>\n<meta property=\"og:locale\" content=\"fr_FR\" \/>\n<meta property=\"og:type\" content=\"article\" \/>\n<meta property=\"og:title\" content=\"Chaises de salle \u00e0 manger : les crit\u00e8res de choix \u00e0 ne pas n\u00e9gliger - Mobilier Design Magazine\" \/>\n<meta property=\"og:description\" content=\"Afin que votre espace de repas soit un lieu o\u00f9 vous passerez de tr\u00e8s bons moments en famille ou entre amis, il vous faut, pour cela, choisir les bonnes chaises de salle \u00e0 manger. Malheureusement, ce n\u2019est pas toujours facile de trouver celles qui correspondent \u00e0 vos go\u00fbts et \u00e0 votre int\u00e9rieur. Pour vous aider, [&hellip;]\" \/>\n<meta property=\"og:url\" content=\"https:\/\/www.mobilier-design-occasion.fr\/magazine\/chaises-de-salle-a-manger-les-criteres-de-choix-a-ne-pas-negliger\/\" \/>\n<meta property=\"og:site_name\" content=\"Mobilier Design Magazine\" \/>\n<meta property=\"article:publisher\" content=\"https:\/\/www.facebook.com\/mobilierdesignoccasion\" \/>\n<meta property=\"article:published_time\" content=\"2025-04-23T12:01:18+00:00\" \/>\n<meta property=\"og:image\" content=\"https:\/\/www.mobilier-design-occasion.fr\/magazine\/wp-content\/uploads\/2025\/04\/421c90115bdbc0edfe0725c68906b127.jpg\" \/>\n\t<meta property=\"og:image:width\" content=\"1920\" \/>\n\t<meta property=\"og:image:height\" content=\"1080\" \/>\n\t<meta property=\"og:image:type\" content=\"image\/jpeg\" \/>\n<meta name=\"author\" content=\"Vincent Vandegans\" \/>\n<meta name=\"twitter:card\" content=\"summary_large_image\" \/>\n<meta name=\"twitter:label1\" content=\"\u00c9crit par\" \/>\n\t<meta name=\"twitter:data1\" content=\"Vincent Vandegans\" \/>\n\t<meta name=\"twitter:label2\" content=\"Dur\u00e9e de lecture estim\u00e9e\" \/>\n\t<meta name=\"twitter:data2\" content=\"3 minutes\" \/>\n<script type=\"application\/ld+json\" class=\"yoast-schema-graph\">{\"@context\":\"https:\\\/\\\/schema.org\",\"@graph\":[{\"@type\":\"Article\",\"@id\":\"https:\\\/\\\/www.mobilier-design-occasion.fr\\\/magazine\\\/chaises-de-salle-a-manger-les-criteres-de-choix-a-ne-pas-negliger\\\/#article\",\"isPartOf\":{\"@id\":\"https:\\\/\\\/www.mobilier-design-occasion.fr\\\/magazine\\\/chaises-de-salle-a-manger-les-criteres-de-choix-a-ne-pas-negliger\\\/\"},\"author\":{\"name\":\"Vincent Vandegans\",\"@id\":\"https:\\\/\\\/www.mobilier-design-occasion.fr\\\/magazine\\\/#\\\/schema\\\/person\\\/af895bedc80bfb6b17730a672fddac9e\"},\"headline\":\"Chaises de salle \u00e0 manger : les crit\u00e8res de choix \u00e0 ne pas n\u00e9gliger\",\"datePublished\":\"2025-04-23T12:01:18+00:00\",\"mainEntityOfPage\":{\"@id\":\"https:\\\/\\\/www.mobilier-design-occasion.fr\\\/magazine\\\/chaises-de-salle-a-manger-les-criteres-de-choix-a-ne-pas-negliger\\\/\"},\"wordCount\":482,\"commentCount\":0,\"publisher\":{\"@id\":\"https:\\\/\\\/www.mobilier-design-occasion.fr\\\/magazine\\\/#organization\"},\"image\":{\"@id\":\"https:\\\/\\\/www.mobilier-design-occasion.fr\\\/magazine\\\/chaises-de-salle-a-manger-les-criteres-de-choix-a-ne-pas-negliger\\\/#primaryimage\"},\"thumbnailUrl\":\"https:\\\/\\\/www.mobilier-design-occasion.fr\\\/magazine\\\/wp-content\\\/uploads\\\/2025\\\/04\\\/421c90115bdbc0edfe0725c68906b127.jpg\",\"keywords\":[\"chaise\"],\"articleSection\":[\"Salle \u00e0 manger\",\"Salon\"],\"inLanguage\":\"fr-FR\",\"potentialAction\":[{\"@type\":\"CommentAction\",\"name\":\"Comment\",\"target\":[\"https:\\\/\\\/www.mobilier-design-occasion.fr\\\/magazine\\\/chaises-de-salle-a-manger-les-criteres-de-choix-a-ne-pas-negliger\\\/#respond\"]}]},{\"@type\":\"WebPage\",\"@id\":\"https:\\\/\\\/www.mobilier-design-occasion.fr\\\/magazine\\\/chaises-de-salle-a-manger-les-criteres-de-choix-a-ne-pas-negliger\\\/\",\"url\":\"https:\\\/\\\/www.mobilier-design-occasion.fr\\\/magazine\\\/chaises-de-salle-a-manger-les-criteres-de-choix-a-ne-pas-negliger\\\/\",\"name\":\"Chaises de salle \u00e0 manger : les crit\u00e8res de choix \u00e0 ne pas n\u00e9gliger - Mobilier Design Magazine\",\"isPartOf\":{\"@id\":\"https:\\\/\\\/www.mobilier-design-occasion.fr\\\/magazine\\\/#website\"},\"primaryImageOfPage\":{\"@id\":\"https:\\\/\\\/www.mobilier-design-occasion.fr\\\/magazine\\\/chaises-de-salle-a-manger-les-criteres-de-choix-a-ne-pas-negliger\\\/#primaryimage\"},\"image\":{\"@id\":\"https:\\\/\\\/www.mobilier-design-occasion.fr\\\/magazine\\\/chaises-de-salle-a-manger-les-criteres-de-choix-a-ne-pas-negliger\\\/#primaryimage\"},\"thumbnailUrl\":\"https:\\\/\\\/www.mobilier-design-occasion.fr\\\/magazine\\\/wp-content\\\/uploads\\\/2025\\\/04\\\/421c90115bdbc0edfe0725c68906b127.jpg\",\"datePublished\":\"2025-04-23T12:01:18+00:00\",\"breadcrumb\":{\"@id\":\"https:\\\/\\\/www.mobilier-design-occasion.fr\\\/magazine\\\/chaises-de-salle-a-manger-les-criteres-de-choix-a-ne-pas-negliger\\\/#breadcrumb\"},\"inLanguage\":\"fr-FR\",\"potentialAction\":[{\"@type\":\"ReadAction\",\"target\":[\"https:\\\/\\\/www.mobilier-design-occasion.fr\\\/magazine\\\/chaises-de-salle-a-manger-les-criteres-de-choix-a-ne-pas-negliger\\\/\"]}]},{\"@type\":\"ImageObject\",\"inLanguage\":\"fr-FR\",\"@id\":\"https:\\\/\\\/www.mobilier-design-occasion.fr\\\/magazine\\\/chaises-de-salle-a-manger-les-criteres-de-choix-a-ne-pas-negliger\\\/#primaryimage\",\"url\":\"https:\\\/\\\/www.mobilier-design-occasion.fr\\\/magazine\\\/wp-content\\\/uploads\\\/2025\\\/04\\\/421c90115bdbc0edfe0725c68906b127.jpg\",\"contentUrl\":\"https:\\\/\\\/www.mobilier-design-occasion.fr\\\/magazine\\\/wp-content\\\/uploads\\\/2025\\\/04\\\/421c90115bdbc0edfe0725c68906b127.jpg\",\"width\":1920,\"height\":1080},{\"@type\":\"BreadcrumbList\",\"@id\":\"https:\\\/\\\/www.mobilier-design-occasion.fr\\\/magazine\\\/chaises-de-salle-a-manger-les-criteres-de-choix-a-ne-pas-negliger\\\/#breadcrumb\",\"itemListElement\":[{\"@type\":\"ListItem\",\"position\":1,\"name\":\"Accueil\",\"item\":\"https:\\\/\\\/www.mobilier-design-occasion.fr\\\/magazine\\\/\"},{\"@type\":\"ListItem\",\"position\":2,\"name\":\"Chaises de salle \u00e0 manger : les crit\u00e8res de choix \u00e0 ne pas n\u00e9gliger\"}]},{\"@type\":\"WebSite\",\"@id\":\"https:\\\/\\\/www.mobilier-design-occasion.fr\\\/magazine\\\/#website\",\"url\":\"https:\\\/\\\/www.mobilier-design-occasion.fr\\\/magazine\\\/\",\"name\":\"Mobilier Design Magazine\",\"description\":\"\",\"publisher\":{\"@id\":\"https:\\\/\\\/www.mobilier-design-occasion.fr\\\/magazine\\\/#organization\"},\"potentialAction\":[{\"@type\":\"SearchAction\",\"target\":{\"@type\":\"EntryPoint\",\"urlTemplate\":\"https:\\\/\\\/www.mobilier-design-occasion.fr\\\/magazine\\\/?s={search_term_string}\"},\"query-input\":{\"@type\":\"PropertyValueSpecification\",\"valueRequired\":true,\"valueName\":\"search_term_string\"}}],\"inLanguage\":\"fr-FR\"},{\"@type\":\"Organization\",\"@id\":\"https:\\\/\\\/www.mobilier-design-occasion.fr\\\/magazine\\\/#organization\",\"name\":\"Mobilier Design Magazine\",\"url\":\"https:\\\/\\\/www.mobilier-design-occasion.fr\\\/magazine\\\/\",\"logo\":{\"@type\":\"ImageObject\",\"inLanguage\":\"fr-FR\",\"@id\":\"https:\\\/\\\/www.mobilier-design-occasion.fr\\\/magazine\\\/#\\\/schema\\\/logo\\\/image\\\/\",\"url\":\"https:\\\/\\\/www.mobilier-design-occasion.fr\\\/magazine\\\/wp-content\\\/uploads\\\/2024\\\/02\\\/android-chrome-192x192-1.png\",\"contentUrl\":\"https:\\\/\\\/www.mobilier-design-occasion.fr\\\/magazine\\\/wp-content\\\/uploads\\\/2024\\\/02\\\/android-chrome-192x192-1.png\",\"width\":192,\"height\":192,\"caption\":\"Mobilier Design Magazine\"},\"image\":{\"@id\":\"https:\\\/\\\/www.mobilier-design-occasion.fr\\\/magazine\\\/#\\\/schema\\\/logo\\\/image\\\/\"},\"sameAs\":[\"https:\\\/\\\/www.facebook.com\\\/mobilierdesignoccasion\"]},{\"@type\":\"Person\",\"@id\":\"https:\\\/\\\/www.mobilier-design-occasion.fr\\\/magazine\\\/#\\\/schema\\\/person\\\/af895bedc80bfb6b17730a672fddac9e\",\"name\":\"Vincent Vandegans\",\"image\":{\"@type\":\"ImageObject\",\"inLanguage\":\"fr-FR\",\"@id\":\"https:\\\/\\\/secure.gravatar.com\\\/avatar\\\/b984800dabdf722d5e3f03f637c8932dea77d81118467d17ad2953e3b273ec66?s=96&d=mm&r=g\",\"url\":\"https:\\\/\\\/secure.gravatar.com\\\/avatar\\\/b984800dabdf722d5e3f03f637c8932dea77d81118467d17ad2953e3b273ec66?s=96&d=mm&r=g\",\"contentUrl\":\"https:\\\/\\\/secure.gravatar.com\\\/avatar\\\/b984800dabdf722d5e3f03f637c8932dea77d81118467d17ad2953e3b273ec66?s=96&d=mm&r=g\",\"caption\":\"Vincent Vandegans\"},\"description\":\"Vincent est passionn\u00e9 par les produits d'occasion, il a ouvert le site MDO avec Cyrielle pour aider les gens \u00e0 trouver du mobilier d'occasion, vintage ou usag\u00e9. Depuis, ils ont \u00e9tendu leurs activit\u00e9s et conseillent tout le monde sur le mobilier d'int\u00e9rieur et d'ext\u00e9rieur au quotidien \u00e0 travers le magazine MDO.\",\"url\":\"https:\\\/\\\/www.mobilier-design-occasion.fr\\\/magazine\\\/author\\\/vincent\\\/\"}]}<\/script>\n<!-- \/ Yoast SEO plugin. -->","yoast_head_json":{"title":"Chaises de salle \u00e0 manger : les crit\u00e8res de choix \u00e0 ne pas n\u00e9gliger - Mobilier Design Magazine","robots":{"index":"index","follow":"follow","max-snippet":"max-snippet:-1","max-image-preview":"max-image-preview:large","max-video-preview":"max-video-preview:-1"},"canonical":"https:\/\/www.mobilier-design-occasion.fr\/magazine\/chaises-de-salle-a-manger-les-criteres-de-choix-a-ne-pas-negliger\/","og_locale":"fr_FR","og_type":"article","og_title":"Chaises de salle \u00e0 manger : les crit\u00e8res de choix \u00e0 ne pas n\u00e9gliger - Mobilier Design Magazine","og_description":"Afin que votre espace de repas soit un lieu o\u00f9 vous passerez de tr\u00e8s bons moments en famille ou entre amis, il vous faut, pour cela, choisir les bonnes chaises de salle \u00e0 manger. Malheureusement, ce n\u2019est pas toujours facile de trouver celles qui correspondent \u00e0 vos go\u00fbts et \u00e0 votre int\u00e9rieur. Pour vous aider, [&hellip;]","og_url":"https:\/\/www.mobilier-design-occasion.fr\/magazine\/chaises-de-salle-a-manger-les-criteres-de-choix-a-ne-pas-negliger\/","og_site_name":"Mobilier Design Magazine","article_publisher":"https:\/\/www.facebook.com\/mobilierdesignoccasion","article_published_time":"2025-04-23T12:01:18+00:00","og_image":[{"width":1920,"height":1080,"url":"https:\/\/www.mobilier-design-occasion.fr\/magazine\/wp-content\/uploads\/2025\/04\/421c90115bdbc0edfe0725c68906b127.jpg","type":"image\/jpeg"}],"author":"Vincent Vandegans","twitter_card":"summary_large_image","twitter_misc":{"\u00c9crit par":"Vincent Vandegans","Dur\u00e9e de lecture estim\u00e9e":"3 minutes"},"schema":{"@context":"https:\/\/schema.org","@graph":[{"@type":"Article","@id":"https:\/\/www.mobilier-design-occasion.fr\/magazine\/chaises-de-salle-a-manger-les-criteres-de-choix-a-ne-pas-negliger\/#article","isPartOf":{"@id":"https:\/\/www.mobilier-design-occasion.fr\/magazine\/chaises-de-salle-a-manger-les-criteres-de-choix-a-ne-pas-negliger\/"},"author":{"name":"Vincent Vandegans","@id":"https:\/\/www.mobilier-design-occasion.fr\/magazine\/#\/schema\/person\/af895bedc80bfb6b17730a672fddac9e"},"headline":"Chaises de salle \u00e0 manger : les crit\u00e8res de choix \u00e0 ne pas n\u00e9gliger","datePublished":"2025-04-23T12:01:18+00:00","mainEntityOfPage":{"@id":"https:\/\/www.mobilier-design-occasion.fr\/magazine\/chaises-de-salle-a-manger-les-criteres-de-choix-a-ne-pas-negliger\/"},"wordCount":482,"commentCount":0,"publisher":{"@id":"https:\/\/www.mobilier-design-occasion.fr\/magazine\/#organization"},"image":{"@id":"https:\/\/www.mobilier-design-occasion.fr\/magazine\/chaises-de-salle-a-manger-les-criteres-de-choix-a-ne-pas-negliger\/#primaryimage"},"thumbnailUrl":"https:\/\/www.mobilier-design-occasion.fr\/magazine\/wp-content\/uploads\/2025\/04\/421c90115bdbc0edfe0725c68906b127.jpg","keywords":["chaise"],"articleSection":["Salle \u00e0 manger","Salon"],"inLanguage":"fr-FR","potentialAction":[{"@type":"CommentAction","name":"Comment","target":["https:\/\/www.mobilier-design-occasion.fr\/magazine\/chaises-de-salle-a-manger-les-criteres-de-choix-a-ne-pas-negliger\/#respond"]}]},{"@type":"WebPage","@id":"https:\/\/www.mobilier-design-occasion.fr\/magazine\/chaises-de-salle-a-manger-les-criteres-de-choix-a-ne-pas-negliger\/","url":"https:\/\/www.mobilier-design-occasion.fr\/magazine\/chaises-de-salle-a-manger-les-criteres-de-choix-a-ne-pas-negliger\/","name":"Chaises de salle \u00e0 manger : les crit\u00e8res de choix \u00e0 ne pas n\u00e9gliger - Mobilier Design Magazine","isPartOf":{"@id":"https:\/\/www.mobilier-design-occasion.fr\/magazine\/#website"},"primaryImageOfPage":{"@id":"https:\/\/www.mobilier-design-occasion.fr\/magazine\/chaises-de-salle-a-manger-les-criteres-de-choix-a-ne-pas-negliger\/#primaryimage"},"image":{"@id":"https:\/\/www.mobilier-design-occasion.fr\/magazine\/chaises-de-salle-a-manger-les-criteres-de-choix-a-ne-pas-negliger\/#primaryimage"},"thumbnailUrl":"https:\/\/www.mobilier-design-occasion.fr\/magazine\/wp-content\/uploads\/2025\/04\/421c90115bdbc0edfe0725c68906b127.jpg","datePublished":"2025-04-23T12:01:18+00:00","breadcrumb":{"@id":"https:\/\/www.mobilier-design-occasion.fr\/magazine\/chaises-de-salle-a-manger-les-criteres-de-choix-a-ne-pas-negliger\/#breadcrumb"},"inLanguage":"fr-FR","potentialAction":[{"@type":"ReadAction","target":["https:\/\/www.mobilier-design-occasion.fr\/magazine\/chaises-de-salle-a-manger-les-criteres-de-choix-a-ne-pas-negliger\/"]}]},{"@type":"ImageObject","inLanguage":"fr-FR","@id":"https:\/\/www.mobilier-design-occasion.fr\/magazine\/chaises-de-salle-a-manger-les-criteres-de-choix-a-ne-pas-negliger\/#primaryimage","url":"https:\/\/www.mobilier-design-occasion.fr\/magazine\/wp-content\/uploads\/2025\/04\/421c90115bdbc0edfe0725c68906b127.jpg","contentUrl":"https:\/\/www.mobilier-design-occasion.fr\/magazine\/wp-content\/uploads\/2025\/04\/421c90115bdbc0edfe0725c68906b127.jpg","width":1920,"height":1080},{"@type":"BreadcrumbList","@id":"https:\/\/www.mobilier-design-occasion.fr\/magazine\/chaises-de-salle-a-manger-les-criteres-de-choix-a-ne-pas-negliger\/#breadcrumb","itemListElement":[{"@type":"ListItem","position":1,"name":"Accueil","item":"https:\/\/www.mobilier-design-occasion.fr\/magazine\/"},{"@type":"ListItem","position":2,"name":"Chaises de salle \u00e0 manger : les crit\u00e8res de choix \u00e0 ne pas n\u00e9gliger"}]},{"@type":"WebSite","@id":"https:\/\/www.mobilier-design-occasion.fr\/magazine\/#website","url":"https:\/\/www.mobilier-design-occasion.fr\/magazine\/","name":"Mobilier Design Magazine","description":"","publisher":{"@id":"https:\/\/www.mobilier-design-occasion.fr\/magazine\/#organization"},"potentialAction":[{"@type":"SearchAction","target":{"@type":"EntryPoint","urlTemplate":"https:\/\/www.mobilier-design-occasion.fr\/magazine\/?s={search_term_string}"},"query-input":{"@type":"PropertyValueSpecification","valueRequired":true,"valueName":"search_term_string"}}],"inLanguage":"fr-FR"},{"@type":"Organization","@id":"https:\/\/www.mobilier-design-occasion.fr\/magazine\/#organization","name":"Mobilier Design Magazine","url":"https:\/\/www.mobilier-design-occasion.fr\/magazine\/","logo":{"@type":"ImageObject","inLanguage":"fr-FR","@id":"https:\/\/www.mobilier-design-occasion.fr\/magazine\/#\/schema\/logo\/image\/","url":"https:\/\/www.mobilier-design-occasion.fr\/magazine\/wp-content\/uploads\/2024\/02\/android-chrome-192x192-1.png","contentUrl":"https:\/\/www.mobilier-design-occasion.fr\/magazine\/wp-content\/uploads\/2024\/02\/android-chrome-192x192-1.png","width":192,"height":192,"caption":"Mobilier Design Magazine"},"image":{"@id":"https:\/\/www.mobilier-design-occasion.fr\/magazine\/#\/schema\/logo\/image\/"},"sameAs":["https:\/\/www.facebook.com\/mobilierdesignoccasion"]},{"@type":"Person","@id":"https:\/\/www.mobilier-design-occasion.fr\/magazine\/#\/schema\/person\/af895bedc80bfb6b17730a672fddac9e","name":"Vincent Vandegans","image":{"@type":"ImageObject","inLanguage":"fr-FR","@id":"https:\/\/secure.gravatar.com\/avatar\/b984800dabdf722d5e3f03f637c8932dea77d81118467d17ad2953e3b273ec66?s=96&d=mm&r=g","url":"https:\/\/secure.gravatar.com\/avatar\/b984800dabdf722d5e3f03f637c8932dea77d81118467d17ad2953e3b273ec66?s=96&d=mm&r=g","contentUrl":"https:\/\/secure.gravatar.com\/avatar\/b984800dabdf722d5e3f03f637c8932dea77d81118467d17ad2953e3b273ec66?s=96&d=mm&r=g","caption":"Vincent Vandegans"},"description":"Vincent est passionn\u00e9 par les produits d'occasion, il a ouvert le site MDO avec Cyrielle pour aider les gens \u00e0 trouver du mobilier d'occasion, vintage ou usag\u00e9. Depuis, ils ont \u00e9tendu leurs activit\u00e9s et conseillent tout le monde sur le mobilier d'int\u00e9rieur et d'ext\u00e9rieur au quotidien \u00e0 travers le magazine MDO.","url":"https:\/\/www.mobilier-design-occasion.fr\/magazine\/author\/vincent\/"}]}},"_links":{"self":[{"href":"https:\/\/www.mobilier-design-occasion.fr\/magazine\/wp-json\/wp\/v2\/posts\/8173","targetHints":{"allow":["GET"]}}],"collection":[{"href":"https:\/\/www.mobilier-design-occasion.fr\/magazine\/wp-json\/wp\/v2\/posts"}],"about":[{"href":"https:\/\/www.mobilier-design-occasion.fr\/magazine\/wp-json\/wp\/v2\/types\/post"}],"author":[{"embeddable":true,"href":"https:\/\/www.mobilier-design-occasion.fr\/magazine\/wp-json\/wp\/v2\/users\/2"}],"replies":[{"embeddable":true,"href":"https:\/\/www.mobilier-design-occasion.fr\/magazine\/wp-json\/wp\/v2\/comments?post=8173"}],"version-history":[{"count":1,"href":"https:\/\/www.mobilier-design-occasion.fr\/magazine\/wp-json\/wp\/v2\/posts\/8173\/revisions"}],"predecessor-version":[{"id":8175,"href":"https:\/\/www.mobilier-design-occasion.fr\/magazine\/wp-json\/wp\/v2\/posts\/8173\/revisions\/8175"}],"wp:featuredmedia":[{"embeddable":true,"href":"https:\/\/www.mobilier-design-occasion.fr\/magazine\/wp-json\/wp\/v2\/media\/8174"}],"wp:attachment":[{"href":"https:\/\/www.mobilier-design-occasion.fr\/magazine\/wp-json\/wp\/v2\/media?parent=8173"}],"wp:term":[{"taxonomy":"category","embeddable":true,"href":"https:\/\/www.mobilier-design-occasion.fr\/magazine\/wp-json\/wp\/v2\/categories?post=8173"},{"taxonomy":"post_tag","embeddable":true,"href":"https:\/\/www.mobilier-design-occasion.fr\/magazine\/wp-json\/wp\/v2\/tags?post=8173"}],"curies":[{"name":"wp","href":"https:\/\/api.w.org\/{rel}","templated":true}]}}