{"id":8170,"date":"2025-04-23T11:54:50","date_gmt":"2025-04-23T11:54:50","guid":{"rendered":"https:\/\/www.mobilier-design-occasion.fr\/magazine\/?p=8170"},"modified":"2025-04-23T11:54:51","modified_gmt":"2025-04-23T11:54:51","slug":"comment-bien-selectionner-les-meubles-de-bureau-pour-ameliorer-la-productivite","status":"publish","type":"post","link":"https:\/\/www.mobilier-design-occasion.fr\/magazine\/comment-bien-selectionner-les-meubles-de-bureau-pour-ameliorer-la-productivite\/","title":{"rendered":"Comment bien s\u00e9lectionner les meubles de bureau pour am\u00e9liorer la productivit\u00e9\u00a0"},"content":{"rendered":"\n<p>Le choix des meubles de bureau influence directement notre efficacit\u00e9 et notre bien-\u00eatre au travail. Un environnement bien am\u00e9nag\u00e9 avec du mobilier adapt\u00e9 peut r\u00e9duire la fatigue, pr\u00e9venir les troubles musculosquelettiques et favoriser la concentration. S\u00e9lectionner les bons meubles devient alors un investissement strat\u00e9gique pour optimiser la productivit\u00e9 de chaque collaborateur.<\/p>\n\n\n\n<h2 class=\"wp-block-heading\"><span class=\"ez-toc-section\" id=\"Ergonomie_prioritaire_critere_essentiel_en_design_utilisateur\"><\/span>Ergonomie prioritaire : crit\u00e8re essentiel en design utilisateur<span class=\"ez-toc-section-end\"><\/span><\/h2><div id=\"ez-toc-container\" class=\"ez-toc-v2_0_82_2 counter-hierarchy ez-toc-counter ez-toc-grey ez-toc-container-direction\">\n<div class=\"ez-toc-title-container\">\n<span class=\"ez-toc-title-toggle\"><a href=\"#\" class=\"ez-toc-pull-right ez-toc-btn ez-toc-btn-xs ez-toc-btn-default ez-toc-toggle\" aria-label=\"Toggle Table of Content\"><span class=\"ez-toc-js-icon-con\"><span class=\"\"><span class=\"eztoc-hide\" style=\"display:none;\">Toggle<\/span><span class=\"ez-toc-icon-toggle-span\"><svg style=\"fill: #999;color:#999\" xmlns=\"http:\/\/www.w3.org\/2000\/svg\" class=\"list-377408\" width=\"20px\" height=\"20px\" viewBox=\"0 0 24 24\" fill=\"none\"><path d=\"M6 6H4v2h2V6zm14 0H8v2h12V6zM4 11h2v2H4v-2zm16 0H8v2h12v-2zM4 16h2v2H4v-2zm16 0H8v2h12v-2z\" fill=\"currentColor\"><\/path><\/svg><svg style=\"fill: #999;color:#999\" class=\"arrow-unsorted-368013\" xmlns=\"http:\/\/www.w3.org\/2000\/svg\" width=\"10px\" height=\"10px\" viewBox=\"0 0 24 24\" version=\"1.2\" baseProfile=\"tiny\"><path d=\"M18.2 9.3l-6.2-6.3-6.2 6.3c-.2.2-.3.4-.3.7s.1.5.3.7c.2.2.4.3.7.3h11c.3 0 .5-.1.7-.3.2-.2.3-.5.3-.7s-.1-.5-.3-.7zM5.8 14.7l6.2 6.3 6.2-6.3c.2-.2.3-.5.3-.7s-.1-.5-.3-.7c-.2-.2-.4-.3-.7-.3h-11c-.3 0-.5.1-.7.3-.2.2-.3.5-.3.7s.1.5.3.7z\"\/><\/svg><\/span><\/span><\/span><\/a><\/span><\/div>\n<nav><ul class='ez-toc-list ez-toc-list-level-1 eztoc-toggle-hide-by-default' ><li class='ez-toc-page-1 ez-toc-heading-level-2'><a class=\"ez-toc-link ez-toc-heading-1\" href=\"https:\/\/www.mobilier-design-occasion.fr\/magazine\/comment-bien-selectionner-les-meubles-de-bureau-pour-ameliorer-la-productivite\/#Ergonomie_prioritaire_critere_essentiel_en_design_utilisateur\" >Ergonomie prioritaire : crit\u00e8re essentiel en design utilisateur<\/a><ul class='ez-toc-list-level-3' ><li class='ez-toc-heading-level-3'><a class=\"ez-toc-link ez-toc-heading-2\" href=\"https:\/\/www.mobilier-design-occasion.fr\/magazine\/comment-bien-selectionner-les-meubles-de-bureau-pour-ameliorer-la-productivite\/#Le_choix_optimal_du_siege_de_bureau_ergonomique\" >Le choix optimal du si\u00e8ge de bureau ergonomique<\/a><\/li><li class='ez-toc-page-1 ez-toc-heading-level-3'><a class=\"ez-toc-link ez-toc-heading-3\" href=\"https:\/\/www.mobilier-design-occasion.fr\/magazine\/comment-bien-selectionner-les-meubles-de-bureau-pour-ameliorer-la-productivite\/#Bureaux_ajustables_ergonomie_et_sante_au_travail\" >Bureaux ajustables : ergonomie et sant\u00e9 au travail<\/a><\/li><\/ul><\/li><li class='ez-toc-page-1 ez-toc-heading-level-2'><a class=\"ez-toc-link ez-toc-heading-4\" href=\"https:\/\/www.mobilier-design-occasion.fr\/magazine\/comment-bien-selectionner-les-meubles-de-bureau-pour-ameliorer-la-productivite\/#Espace_de_travail_optimise_pour_booster_la_productivite\" >Espace de travail optimis\u00e9 pour booster la productivit\u00e9<\/a><ul class='ez-toc-list-level-3' ><li class='ez-toc-heading-level-3'><a class=\"ez-toc-link ez-toc-heading-5\" href=\"https:\/\/www.mobilier-design-occasion.fr\/magazine\/comment-bien-selectionner-les-meubles-de-bureau-pour-ameliorer-la-productivite\/#Optimisez_votre_espace_avec_un_rangement_astucieux\" >Optimisez votre espace avec un rangement astucieux<\/a><\/li><li class='ez-toc-page-1 ez-toc-heading-level-3'><a class=\"ez-toc-link ez-toc-heading-6\" href=\"https:\/\/www.mobilier-design-occasion.fr\/magazine\/comment-bien-selectionner-les-meubles-de-bureau-pour-ameliorer-la-productivite\/#Optimisation_intelligente_des_espaces_de_bureau\" >Optimisation intelligente des espaces de bureau<\/a><\/li><\/ul><\/li><li class='ez-toc-page-1 ez-toc-heading-level-2'><a class=\"ez-toc-link ez-toc-heading-7\" href=\"https:\/\/www.mobilier-design-occasion.fr\/magazine\/comment-bien-selectionner-les-meubles-de-bureau-pour-ameliorer-la-productivite\/#Environnement_et_bien-etre_impacts_inattendus_sur_la_sante\" >Environnement et bien-\u00eatre : impacts inattendus sur la sant\u00e9<\/a><ul class='ez-toc-list-level-3' ><li class='ez-toc-heading-level-3'><a class=\"ez-toc-link ez-toc-heading-8\" href=\"https:\/\/www.mobilier-design-occasion.fr\/magazine\/comment-bien-selectionner-les-meubles-de-bureau-pour-ameliorer-la-productivite\/#Materiaux_durables_et_finitions_haut_de_gamme\" >Mat\u00e9riaux durables et finitions haut de gamme<\/a><\/li><li class='ez-toc-page-1 ez-toc-heading-level-3'><a class=\"ez-toc-link ez-toc-heading-9\" href=\"https:\/\/www.mobilier-design-occasion.fr\/magazine\/comment-bien-selectionner-les-meubles-de-bureau-pour-ameliorer-la-productivite\/#Ameliorations_essentielles_pour_un_confort_optimal\" >Am\u00e9liorations essentielles pour un confort optimal<\/a><\/li><\/ul><\/li><li class='ez-toc-page-1 ez-toc-heading-level-2'><a class=\"ez-toc-link ez-toc-heading-10\" href=\"https:\/\/www.mobilier-design-occasion.fr\/magazine\/comment-bien-selectionner-les-meubles-de-bureau-pour-ameliorer-la-productivite\/#Mobilier_strategique_pour_booster_vos_journees_de_bureau\" >Mobilier strat\u00e9gique pour booster vos journ\u00e9es de bureau<\/a><\/li><li class='ez-toc-page-1 ez-toc-heading-level-2'><a class=\"ez-toc-link ez-toc-heading-11\" href=\"https:\/\/www.mobilier-design-occasion.fr\/magazine\/comment-bien-selectionner-les-meubles-de-bureau-pour-ameliorer-la-productivite\/#Questions_frequentes\" >Questions fr\u00e9quentes<\/a><\/li><\/ul><\/nav><\/div>\n\n\n\n\n<p>Choisir les bons meubles de bureau est crucial pour cr\u00e9er un environnement de travail productif et confortable. Les besoins sp\u00e9cifiques d&#8217;un espace peuvent varier, et opter pour&nbsp;<strong><a href=\"https:\/\/www.hexagone-design.fr\/solutions\/fabrication-de-mobilier-de-bureau\">la fabrication bureau sur mesure avec Hexagone<\/a><\/strong>&nbsp;permet d&#8217;adapter parfaitement le mobilier \u00e0 ces exigences uniques. Cela garantit non seulement une meilleure utilisation de l&#8217;espace, mais \u00e9galement un confort optimal pour les utilisateurs.<\/p>\n\n\n\n<p>L&#8217;ergonomie constitue la pierre angulaire d&#8217;un espace de travail productif. Un mobilier adapt\u00e9 \u00e0 la morphologie de l&#8217;utilisateur r\u00e9duit consid\u00e9rablement les douleurs et la fatigue qui nuisent \u00e0 la concentration.<\/p>\n\n\n\n<h3 class=\"wp-block-heading\"><span class=\"ez-toc-section\" id=\"Le_choix_optimal_du_siege_de_bureau_ergonomique\"><\/span>Le choix optimal du si\u00e8ge de bureau ergonomique<span class=\"ez-toc-section-end\"><\/span><\/h3>\n\n\n\n<p>Pour trouver la chaise parfaite, il faut d&#8217;abord s&#8217;assurer qu&#8217;elle offre un soutien lombaire ajustable. C&#8217;est la base pour \u00e9viter les douleurs dorsales apr\u00e8s de longues heures assis.<\/p>\n\n\n\n<p>Les accoudoirs doivent pouvoir \u00eatre r\u00e9gl\u00e9s en hauteur, car personne n&#8217;a la m\u00eame morphologie. De plus, la possibilit\u00e9 de r\u00e9gler la profondeur d&#8217;assise et l&#8217;inclinaison du dossier est&nbsp;<strong>indispensable<\/strong>&nbsp;pour un confort personnalis\u00e9. Ces ajustements permettent \u00e0 chacun de se sentir \u00e0 l&#8217;aise, peu importe sa taille ou sa posture habituelle. Le si\u00e8ge devient alors un v\u00e9ritable alli\u00e9 au quotidien, offrant une exp\u00e9rience d&#8217;assise sur mesure.<\/p>\n\n\n\n<h3 class=\"wp-block-heading\"><span class=\"ez-toc-section\" id=\"Bureaux_ajustables_ergonomie_et_sante_au_travail\"><\/span>Bureaux ajustables : ergonomie et sant\u00e9 au travail<span class=\"ez-toc-section-end\"><\/span><\/h3>\n\n\n\n<p>Les bureaux \u00e0 hauteur r\u00e9glable transforment v\u00e9ritablement votre espace de travail. En vous permettant de passer de la position assise \u00e0 debout, ils offrent une pause bienvenue \u00e0 votre corps.<\/p>\n\n\n\n<p>Cette alternance ne fait pas qu&#8217;am\u00e9liorer le confort physique. Elle stimule la circulation sanguine, ce qui est b\u00e9n\u00e9fique pour l&#8217;activit\u00e9 c\u00e9r\u00e9brale.&nbsp;<strong>Rester actif<\/strong>&nbsp;tout au long de la journ\u00e9e devient un jeu d&#8217;enfant avec cet \u00e9quipement ing\u00e9nieux. Vous ressentirez un regain d&#8217;\u00e9nergie et une concentration accrue, rendant chaque t\u00e2che plus agr\u00e9able et dynamique.<\/p>\n\n\n\n<h2 class=\"wp-block-heading\"><span class=\"ez-toc-section\" id=\"Espace_de_travail_optimise_pour_booster_la_productivite\"><\/span>Espace de travail optimis\u00e9 pour booster la productivit\u00e9<span class=\"ez-toc-section-end\"><\/span><\/h2>\n\n\n\n<p>Un bureau bien organis\u00e9 limite les distractions et facilite l&#8217;acc\u00e8s aux outils essentiels. La disposition strat\u00e9gique du mobilier influence directement le flux de travail et la capacit\u00e9 \u00e0 rester concentr\u00e9.<\/p>\n\n\n\n<h3 class=\"wp-block-heading\"><span class=\"ez-toc-section\" id=\"Optimisez_votre_espace_avec_un_rangement_astucieux\"><\/span>Optimisez votre espace avec un rangement astucieux<span class=\"ez-toc-section-end\"><\/span><\/h3>\n\n\n\n<p>Pour organiser vos espaces de rangement, le choix des caissons mobiles, \u00e9tag\u00e8res et armoires doit \u00eatre adapt\u00e9 aux types de documents et mat\u00e9riels que vous souhaitez conserver.&nbsp;<strong>Un syst\u00e8me de classement accessible et bien pens\u00e9 est la cl\u00e9<\/strong>&nbsp;pour \u00e9viter de perdre du temps \u00e0 chercher des informations \u00e9parpill\u00e9es.<\/p>\n\n\n\n<p>En optimisant votre espace avec une organisation claire, non seulement vous gagnez en efficacit\u00e9, mais vous maintenez \u00e9galement un environnement d\u00e9gag\u00e9 et ordonn\u00e9. Cela permet de travailler dans un cadre agr\u00e9able o\u00f9 chaque chose trouve sa place naturellement.<\/p>\n\n\n\n<h3 class=\"wp-block-heading\"><span class=\"ez-toc-section\" id=\"Optimisation_intelligente_des_espaces_de_bureau\"><\/span>Optimisation intelligente des espaces de bureau<span class=\"ez-toc-section-end\"><\/span><\/h3>\n\n\n\n<p>Les cuisines dispos\u00e9es en L ou en U offrent une surface de travail optimis\u00e9e.&nbsp;<strong>Ces configurations gardent tous les outils \u00e0 port\u00e9e de main<\/strong>, transformant chaque mouvement en un geste efficace.<\/p>\n\n\n\n<p>Avec des plans de travail secondaires, il devient facile de s\u00e9parer les t\u00e2ches. Cette organisation astucieuse permet d&#8217;\u00e9viter l&#8217;encombrement du poste principal, cr\u00e9ant ainsi un espace fluide et agr\u00e9able \u00e0 utiliser. Une cuisine bien agenc\u00e9e favorise non seulement la fonctionnalit\u00e9 mais aussi le plaisir de cuisiner.<\/p>\n\n\n\n<h2 class=\"wp-block-heading\"><span class=\"ez-toc-section\" id=\"Environnement_et_bien-etre_impacts_inattendus_sur_la_sante\"><\/span>Environnement et bien-\u00eatre : impacts inattendus sur la sant\u00e9<span class=\"ez-toc-section-end\"><\/span><\/h2>\n\n\n\n<p>L&#8217;environnement sensoriel influence subtilement mais profond\u00e9ment notre capacit\u00e9 de concentration. Les mat\u00e9riaux, couleurs et textures des meubles contribuent \u00e0 cr\u00e9er une atmosph\u00e8re propice au travail productif.<\/p>\n\n\n\n<h3 class=\"wp-block-heading\"><span class=\"ez-toc-section\" id=\"Materiaux_durables_et_finitions_haut_de_gamme\"><\/span>Mat\u00e9riaux durables et finitions haut de gamme<span class=\"ez-toc-section-end\"><\/span><\/h3>\n\n\n\n<p>Les surfaces mates sont id\u00e9ales pour r\u00e9duire la fatigue visuelle due aux reflets. Elles cr\u00e9ent un environnement o\u00f9 les yeux peuvent se d\u00e9tendre sans \u00eatre distraits par des \u00e9clats intempestifs.<\/p>\n\n\n\n<p>Int\u00e9grer des mat\u00e9riaux naturels comme le bois dans un espace ajoute une touche de chaleur et de confort in\u00e9gal\u00e9e.&nbsp;<strong>La texture du bois apporte une sensation d&#8217;apaisement<\/strong>, rendant l&#8217;ambiance plus accueillante. En contraste, le m\u00e9tal et le verre insufflent une esth\u00e9tique moderne qui stimule la cr\u00e9ativit\u00e9. Ce mariage harmonieux de mat\u00e9riaux cr\u00e9e un \u00e9quilibre parfait entre tradition et innovation, transformant l&#8217;espace en un lieu propice \u00e0 l&#8217;inspiration.<\/p>\n\n\n\n<h3 class=\"wp-block-heading\"><span class=\"ez-toc-section\" id=\"Ameliorations_essentielles_pour_un_confort_optimal\"><\/span>Am\u00e9liorations essentielles pour un confort optimal<span class=\"ez-toc-section-end\"><\/span><\/h3>\n\n\n\n<p>Les supports pour \u00e9cran, repose-pieds et tapis anti-fatigue sont souvent les grands oubli\u00e9s de l&#8217;am\u00e9nagement d&#8217;un espace de travail. Pourtant, ces accessoires discrets peuvent transformer votre quotidien en augmentant consid\u00e9rablement le confort.<\/p>\n\n\n\n<p>Imaginez \u00eatre en mesure de pr\u00e9venir les tensions musculaires simplement en int\u00e9grant ces \u00e9l\u00e9ments dans votre environnement.&nbsp;<strong>Le bien-\u00eatre au bureau passe aussi par des d\u00e9tails qui font toute la diff\u00e9rence.<\/strong>&nbsp;Que ce soit pour soulager vos pieds fatigu\u00e9s ou ajuster la hauteur de votre \u00e9cran pour une meilleure posture, chaque accessoire joue un r\u00f4le dans l&#8217;am\u00e9lioration du confort. Adoptez-les pour ressentir un impact direct sur votre productivit\u00e9 et votre satisfaction au travail.<\/p>\n\n\n\n<h2 class=\"wp-block-heading\"><span class=\"ez-toc-section\" id=\"Mobilier_strategique_pour_booster_vos_journees_de_bureau\"><\/span>Mobilier strat\u00e9gique pour booster vos journ\u00e9es de bureau<span class=\"ez-toc-section-end\"><\/span><\/h2>\n\n\n\n<p>S\u00e9lectionner les meubles de bureau adapt\u00e9s requiert une approche \u00e9quilibr\u00e9e entre ergonomie, fonctionnalit\u00e9 et esth\u00e9tique. Un investissement r\u00e9fl\u00e9chi dans du mobilier de qualit\u00e9 se traduit par des gains tangibles en productivit\u00e9, cr\u00e9ativit\u00e9 et bien-\u00eatre des collaborateurs. Plus qu&#8217;un simple \u00e9l\u00e9ment de d\u00e9cor, le mobilier de bureau devient un v\u00e9ritable outil strat\u00e9gique au service de la performance collective.<\/p>\n\n\n\n<figure class=\"wp-block-table\"><table class=\"has-fixed-layout\"><thead><tr><th>Crit\u00e8res<\/th><th>Analyse<\/th><th>Applications<\/th><\/tr><\/thead><tbody><tr><td>Ergonomie<\/td><td>Un mobilier ergonomique r\u00e9duit les douleurs et am\u00e9liore la concentration.<\/td><td>S\u00e9lectionner des si\u00e8ges et bureaux ajustables pour un confort optimal.<\/td><\/tr><tr><td>Espace de travail<\/td><td>L&#8217;organisation influence directement la productivit\u00e9 et limite les distractions.<\/td><td>Utiliser des rangements astucieux pour optimiser l&#8217;espace.<\/td><\/tr><tr><td>Mat\u00e9riaux<\/td><td>Les mat\u00e9riaux influencent l&#8217;ambiance et le bien-\u00eatre au bureau.<\/td><td>Privil\u00e9gier le bois et les surfaces mates pour un environnement agr\u00e9able.<\/td><\/tr><\/tbody><\/table><\/figure>\n\n\n\n<blockquote class=\"wp-block-quote is-layout-flow wp-block-quote-is-layout-flow\">\n<h2 class=\"wp-block-heading\"><span class=\"ez-toc-section\" id=\"Questions_frequentes\"><\/span>Questions fr\u00e9quentes<span class=\"ez-toc-section-end\"><\/span><\/h2>\n\n\n\n<ul class=\"wp-block-list\">\n<li><strong>Quel est le co\u00fbt moyen du mobilier ergonomique ?<\/strong><br>Le prix varie selon la qualit\u00e9 et la personnalisation. Optez pour un bon rapport qualit\u00e9-prix en \u00e9valuant vos besoins sp\u00e9cifiques et en comparant plusieurs fournisseurs.<\/li>\n\n\n\n<li><strong>Bureaux ajustables ou classiques : quel choix faire ?<\/strong><br>Les bureaux ajustables offrent une flexibilit\u00e9 accrue, favorisant la sant\u00e9. Consid\u00e9rez votre espace disponible et votre besoin de mobilit\u00e9 avant de choisir.<\/li>\n\n\n\n<li><strong>Comment maximiser l&#8217;utilisation d&#8217;un petit espace de bureau ?<\/strong><br>Utilisez des meubles multifonctions, des \u00e9tag\u00e8res murales, et optez pour des couleurs claires pour agrandir visuellement l&#8217;espace tout en restant pratique.<\/li>\n\n\n\n<li><strong>Quelles erreurs \u00e9viter lors du choix du mobilier ?<\/strong><br>Ne sacrifiez pas l&#8217;ergonomie pour le style. Testez toujours le confort avant d&#8217;acheter. Un mauvais choix peut r\u00e9duire votre productivit\u00e9 \u00e0 long terme.<\/li>\n\n\n\n<li><strong>Tendances futures dans le design de bureau ?<\/strong><br>La durabilit\u00e9 est essentielle. Les designs modulaires et \u00e9cologiques gagnent en popularit\u00e9, int\u00e9grant technologie intelligente pour am\u00e9liorer l&#8217;efficacit\u00e9 au travail.<\/li>\n<\/ul>\n<\/blockquote>\n\n\n\n<p><\/p>\n","protected":false},"excerpt":{"rendered":"<p>Le choix des meubles de bureau influence directement notre efficacit\u00e9 et notre bien-\u00eatre au travail. Un environnement bien am\u00e9nag\u00e9 avec du mobilier adapt\u00e9 peut r\u00e9duire la fatigue, pr\u00e9venir les troubles musculosquelettiques et favoriser la concentration. S\u00e9lectionner les bons meubles devient alors un investissement strat\u00e9gique pour optimiser la productivit\u00e9 de chaque collaborateur. Ergonomie prioritaire : crit\u00e8re [&hellip;]<\/p>\n","protected":false},"author":2,"featured_media":8171,"comment_status":"open","ping_status":"open","sticky":false,"template":"","format":"standard","meta":{"footnotes":""},"categories":[128],"tags":[],"class_list":["post-8170","post","type-post","status-publish","format-standard","has-post-thumbnail","hentry","category-bureau"],"yoast_head":"<!-- This site is optimized with the Yoast SEO plugin v27.5 - https:\/\/yoast.com\/product\/yoast-seo-wordpress\/ -->\n<title>Comment bien s\u00e9lectionner les meubles de bureau pour am\u00e9liorer la productivit\u00e9\u00a0 - Mobilier Design Magazine<\/title>\n<meta name=\"robots\" content=\"index, follow, max-snippet:-1, max-image-preview:large, max-video-preview:-1\" \/>\n<link rel=\"canonical\" href=\"https:\/\/www.mobilier-design-occasion.fr\/magazine\/comment-bien-selectionner-les-meubles-de-bureau-pour-ameliorer-la-productivite\/\" \/>\n<meta property=\"og:locale\" content=\"fr_FR\" \/>\n<meta property=\"og:type\" content=\"article\" \/>\n<meta property=\"og:title\" content=\"Comment bien s\u00e9lectionner les meubles de bureau pour am\u00e9liorer la productivit\u00e9\u00a0 - Mobilier Design Magazine\" \/>\n<meta property=\"og:description\" content=\"Le choix des meubles de bureau influence directement notre efficacit\u00e9 et notre bien-\u00eatre au travail. Un environnement bien am\u00e9nag\u00e9 avec du mobilier adapt\u00e9 peut r\u00e9duire la fatigue, pr\u00e9venir les troubles musculosquelettiques et favoriser la concentration. S\u00e9lectionner les bons meubles devient alors un investissement strat\u00e9gique pour optimiser la productivit\u00e9 de chaque collaborateur. Ergonomie prioritaire : crit\u00e8re [&hellip;]\" \/>\n<meta property=\"og:url\" content=\"https:\/\/www.mobilier-design-occasion.fr\/magazine\/comment-bien-selectionner-les-meubles-de-bureau-pour-ameliorer-la-productivite\/\" \/>\n<meta property=\"og:site_name\" content=\"Mobilier Design Magazine\" \/>\n<meta property=\"article:publisher\" content=\"https:\/\/www.facebook.com\/mobilierdesignoccasion\" \/>\n<meta property=\"article:published_time\" content=\"2025-04-23T11:54:50+00:00\" \/>\n<meta property=\"article:modified_time\" content=\"2025-04-23T11:54:51+00:00\" \/>\n<meta property=\"og:image\" content=\"https:\/\/www.mobilier-design-occasion.fr\/magazine\/wp-content\/uploads\/2025\/04\/6807cbc0bf2871745341376.webp\" \/>\n\t<meta property=\"og:image:width\" content=\"2016\" \/>\n\t<meta property=\"og:image:height\" content=\"1152\" \/>\n\t<meta property=\"og:image:type\" content=\"image\/webp\" \/>\n<meta name=\"author\" content=\"Vincent Vandegans\" \/>\n<meta name=\"twitter:card\" content=\"summary_large_image\" \/>\n<meta name=\"twitter:label1\" content=\"\u00c9crit par\" \/>\n\t<meta name=\"twitter:data1\" content=\"Vincent Vandegans\" \/>\n\t<meta name=\"twitter:label2\" content=\"Dur\u00e9e de lecture estim\u00e9e\" \/>\n\t<meta name=\"twitter:data2\" content=\"5 minutes\" \/>\n<script type=\"application\/ld+json\" class=\"yoast-schema-graph\">{\"@context\":\"https:\\\/\\\/schema.org\",\"@graph\":[{\"@type\":\"Article\",\"@id\":\"https:\\\/\\\/www.mobilier-design-occasion.fr\\\/magazine\\\/comment-bien-selectionner-les-meubles-de-bureau-pour-ameliorer-la-productivite\\\/#article\",\"isPartOf\":{\"@id\":\"https:\\\/\\\/www.mobilier-design-occasion.fr\\\/magazine\\\/comment-bien-selectionner-les-meubles-de-bureau-pour-ameliorer-la-productivite\\\/\"},\"author\":{\"name\":\"Vincent Vandegans\",\"@id\":\"https:\\\/\\\/www.mobilier-design-occasion.fr\\\/magazine\\\/#\\\/schema\\\/person\\\/af895bedc80bfb6b17730a672fddac9e\"},\"headline\":\"Comment bien s\u00e9lectionner les meubles de bureau pour am\u00e9liorer la productivit\u00e9\u00a0\",\"datePublished\":\"2025-04-23T11:54:50+00:00\",\"dateModified\":\"2025-04-23T11:54:51+00:00\",\"mainEntityOfPage\":{\"@id\":\"https:\\\/\\\/www.mobilier-design-occasion.fr\\\/magazine\\\/comment-bien-selectionner-les-meubles-de-bureau-pour-ameliorer-la-productivite\\\/\"},\"wordCount\":1246,\"commentCount\":0,\"publisher\":{\"@id\":\"https:\\\/\\\/www.mobilier-design-occasion.fr\\\/magazine\\\/#organization\"},\"image\":{\"@id\":\"https:\\\/\\\/www.mobilier-design-occasion.fr\\\/magazine\\\/comment-bien-selectionner-les-meubles-de-bureau-pour-ameliorer-la-productivite\\\/#primaryimage\"},\"thumbnailUrl\":\"https:\\\/\\\/www.mobilier-design-occasion.fr\\\/magazine\\\/wp-content\\\/uploads\\\/2025\\\/04\\\/6807cbc0bf2871745341376.webp\",\"articleSection\":[\"Bureau\"],\"inLanguage\":\"fr-FR\",\"potentialAction\":[{\"@type\":\"CommentAction\",\"name\":\"Comment\",\"target\":[\"https:\\\/\\\/www.mobilier-design-occasion.fr\\\/magazine\\\/comment-bien-selectionner-les-meubles-de-bureau-pour-ameliorer-la-productivite\\\/#respond\"]}]},{\"@type\":\"WebPage\",\"@id\":\"https:\\\/\\\/www.mobilier-design-occasion.fr\\\/magazine\\\/comment-bien-selectionner-les-meubles-de-bureau-pour-ameliorer-la-productivite\\\/\",\"url\":\"https:\\\/\\\/www.mobilier-design-occasion.fr\\\/magazine\\\/comment-bien-selectionner-les-meubles-de-bureau-pour-ameliorer-la-productivite\\\/\",\"name\":\"Comment bien s\u00e9lectionner les meubles de bureau pour am\u00e9liorer la productivit\u00e9\u00a0 - Mobilier Design Magazine\",\"isPartOf\":{\"@id\":\"https:\\\/\\\/www.mobilier-design-occasion.fr\\\/magazine\\\/#website\"},\"primaryImageOfPage\":{\"@id\":\"https:\\\/\\\/www.mobilier-design-occasion.fr\\\/magazine\\\/comment-bien-selectionner-les-meubles-de-bureau-pour-ameliorer-la-productivite\\\/#primaryimage\"},\"image\":{\"@id\":\"https:\\\/\\\/www.mobilier-design-occasion.fr\\\/magazine\\\/comment-bien-selectionner-les-meubles-de-bureau-pour-ameliorer-la-productivite\\\/#primaryimage\"},\"thumbnailUrl\":\"https:\\\/\\\/www.mobilier-design-occasion.fr\\\/magazine\\\/wp-content\\\/uploads\\\/2025\\\/04\\\/6807cbc0bf2871745341376.webp\",\"datePublished\":\"2025-04-23T11:54:50+00:00\",\"dateModified\":\"2025-04-23T11:54:51+00:00\",\"breadcrumb\":{\"@id\":\"https:\\\/\\\/www.mobilier-design-occasion.fr\\\/magazine\\\/comment-bien-selectionner-les-meubles-de-bureau-pour-ameliorer-la-productivite\\\/#breadcrumb\"},\"inLanguage\":\"fr-FR\",\"potentialAction\":[{\"@type\":\"ReadAction\",\"target\":[\"https:\\\/\\\/www.mobilier-design-occasion.fr\\\/magazine\\\/comment-bien-selectionner-les-meubles-de-bureau-pour-ameliorer-la-productivite\\\/\"]}]},{\"@type\":\"ImageObject\",\"inLanguage\":\"fr-FR\",\"@id\":\"https:\\\/\\\/www.mobilier-design-occasion.fr\\\/magazine\\\/comment-bien-selectionner-les-meubles-de-bureau-pour-ameliorer-la-productivite\\\/#primaryimage\",\"url\":\"https:\\\/\\\/www.mobilier-design-occasion.fr\\\/magazine\\\/wp-content\\\/uploads\\\/2025\\\/04\\\/6807cbc0bf2871745341376.webp\",\"contentUrl\":\"https:\\\/\\\/www.mobilier-design-occasion.fr\\\/magazine\\\/wp-content\\\/uploads\\\/2025\\\/04\\\/6807cbc0bf2871745341376.webp\",\"width\":2016,\"height\":1152},{\"@type\":\"BreadcrumbList\",\"@id\":\"https:\\\/\\\/www.mobilier-design-occasion.fr\\\/magazine\\\/comment-bien-selectionner-les-meubles-de-bureau-pour-ameliorer-la-productivite\\\/#breadcrumb\",\"itemListElement\":[{\"@type\":\"ListItem\",\"position\":1,\"name\":\"Accueil\",\"item\":\"https:\\\/\\\/www.mobilier-design-occasion.fr\\\/magazine\\\/\"},{\"@type\":\"ListItem\",\"position\":2,\"name\":\"Comment bien s\u00e9lectionner les meubles de bureau pour am\u00e9liorer la productivit\u00e9\u00a0\"}]},{\"@type\":\"WebSite\",\"@id\":\"https:\\\/\\\/www.mobilier-design-occasion.fr\\\/magazine\\\/#website\",\"url\":\"https:\\\/\\\/www.mobilier-design-occasion.fr\\\/magazine\\\/\",\"name\":\"Mobilier Design Magazine\",\"description\":\"\",\"publisher\":{\"@id\":\"https:\\\/\\\/www.mobilier-design-occasion.fr\\\/magazine\\\/#organization\"},\"potentialAction\":[{\"@type\":\"SearchAction\",\"target\":{\"@type\":\"EntryPoint\",\"urlTemplate\":\"https:\\\/\\\/www.mobilier-design-occasion.fr\\\/magazine\\\/?s={search_term_string}\"},\"query-input\":{\"@type\":\"PropertyValueSpecification\",\"valueRequired\":true,\"valueName\":\"search_term_string\"}}],\"inLanguage\":\"fr-FR\"},{\"@type\":\"Organization\",\"@id\":\"https:\\\/\\\/www.mobilier-design-occasion.fr\\\/magazine\\\/#organization\",\"name\":\"Mobilier Design Magazine\",\"url\":\"https:\\\/\\\/www.mobilier-design-occasion.fr\\\/magazine\\\/\",\"logo\":{\"@type\":\"ImageObject\",\"inLanguage\":\"fr-FR\",\"@id\":\"https:\\\/\\\/www.mobilier-design-occasion.fr\\\/magazine\\\/#\\\/schema\\\/logo\\\/image\\\/\",\"url\":\"https:\\\/\\\/www.mobilier-design-occasion.fr\\\/magazine\\\/wp-content\\\/uploads\\\/2024\\\/02\\\/android-chrome-192x192-1.png\",\"contentUrl\":\"https:\\\/\\\/www.mobilier-design-occasion.fr\\\/magazine\\\/wp-content\\\/uploads\\\/2024\\\/02\\\/android-chrome-192x192-1.png\",\"width\":192,\"height\":192,\"caption\":\"Mobilier Design Magazine\"},\"image\":{\"@id\":\"https:\\\/\\\/www.mobilier-design-occasion.fr\\\/magazine\\\/#\\\/schema\\\/logo\\\/image\\\/\"},\"sameAs\":[\"https:\\\/\\\/www.facebook.com\\\/mobilierdesignoccasion\"]},{\"@type\":\"Person\",\"@id\":\"https:\\\/\\\/www.mobilier-design-occasion.fr\\\/magazine\\\/#\\\/schema\\\/person\\\/af895bedc80bfb6b17730a672fddac9e\",\"name\":\"Vincent Vandegans\",\"image\":{\"@type\":\"ImageObject\",\"inLanguage\":\"fr-FR\",\"@id\":\"https:\\\/\\\/secure.gravatar.com\\\/avatar\\\/b984800dabdf722d5e3f03f637c8932dea77d81118467d17ad2953e3b273ec66?s=96&d=mm&r=g\",\"url\":\"https:\\\/\\\/secure.gravatar.com\\\/avatar\\\/b984800dabdf722d5e3f03f637c8932dea77d81118467d17ad2953e3b273ec66?s=96&d=mm&r=g\",\"contentUrl\":\"https:\\\/\\\/secure.gravatar.com\\\/avatar\\\/b984800dabdf722d5e3f03f637c8932dea77d81118467d17ad2953e3b273ec66?s=96&d=mm&r=g\",\"caption\":\"Vincent Vandegans\"},\"description\":\"Vincent est passionn\u00e9 par les produits d'occasion, il a ouvert le site MDO avec Cyrielle pour aider les gens \u00e0 trouver du mobilier d'occasion, vintage ou usag\u00e9. Depuis, ils ont \u00e9tendu leurs activit\u00e9s et conseillent tout le monde sur le mobilier d'int\u00e9rieur et d'ext\u00e9rieur au quotidien \u00e0 travers le magazine MDO.\",\"url\":\"https:\\\/\\\/www.mobilier-design-occasion.fr\\\/magazine\\\/author\\\/vincent\\\/\"}]}<\/script>\n<!-- \/ Yoast SEO plugin. -->","yoast_head_json":{"title":"Comment bien s\u00e9lectionner les meubles de bureau pour am\u00e9liorer la productivit\u00e9\u00a0 - Mobilier Design Magazine","robots":{"index":"index","follow":"follow","max-snippet":"max-snippet:-1","max-image-preview":"max-image-preview:large","max-video-preview":"max-video-preview:-1"},"canonical":"https:\/\/www.mobilier-design-occasion.fr\/magazine\/comment-bien-selectionner-les-meubles-de-bureau-pour-ameliorer-la-productivite\/","og_locale":"fr_FR","og_type":"article","og_title":"Comment bien s\u00e9lectionner les meubles de bureau pour am\u00e9liorer la productivit\u00e9\u00a0 - Mobilier Design Magazine","og_description":"Le choix des meubles de bureau influence directement notre efficacit\u00e9 et notre bien-\u00eatre au travail. Un environnement bien am\u00e9nag\u00e9 avec du mobilier adapt\u00e9 peut r\u00e9duire la fatigue, pr\u00e9venir les troubles musculosquelettiques et favoriser la concentration. S\u00e9lectionner les bons meubles devient alors un investissement strat\u00e9gique pour optimiser la productivit\u00e9 de chaque collaborateur. Ergonomie prioritaire : crit\u00e8re [&hellip;]","og_url":"https:\/\/www.mobilier-design-occasion.fr\/magazine\/comment-bien-selectionner-les-meubles-de-bureau-pour-ameliorer-la-productivite\/","og_site_name":"Mobilier Design Magazine","article_publisher":"https:\/\/www.facebook.com\/mobilierdesignoccasion","article_published_time":"2025-04-23T11:54:50+00:00","article_modified_time":"2025-04-23T11:54:51+00:00","og_image":[{"width":2016,"height":1152,"url":"https:\/\/www.mobilier-design-occasion.fr\/magazine\/wp-content\/uploads\/2025\/04\/6807cbc0bf2871745341376.webp","type":"image\/webp"}],"author":"Vincent Vandegans","twitter_card":"summary_large_image","twitter_misc":{"\u00c9crit par":"Vincent Vandegans","Dur\u00e9e de lecture estim\u00e9e":"5 minutes"},"schema":{"@context":"https:\/\/schema.org","@graph":[{"@type":"Article","@id":"https:\/\/www.mobilier-design-occasion.fr\/magazine\/comment-bien-selectionner-les-meubles-de-bureau-pour-ameliorer-la-productivite\/#article","isPartOf":{"@id":"https:\/\/www.mobilier-design-occasion.fr\/magazine\/comment-bien-selectionner-les-meubles-de-bureau-pour-ameliorer-la-productivite\/"},"author":{"name":"Vincent Vandegans","@id":"https:\/\/www.mobilier-design-occasion.fr\/magazine\/#\/schema\/person\/af895bedc80bfb6b17730a672fddac9e"},"headline":"Comment bien s\u00e9lectionner les meubles de bureau pour am\u00e9liorer la productivit\u00e9\u00a0","datePublished":"2025-04-23T11:54:50+00:00","dateModified":"2025-04-23T11:54:51+00:00","mainEntityOfPage":{"@id":"https:\/\/www.mobilier-design-occasion.fr\/magazine\/comment-bien-selectionner-les-meubles-de-bureau-pour-ameliorer-la-productivite\/"},"wordCount":1246,"commentCount":0,"publisher":{"@id":"https:\/\/www.mobilier-design-occasion.fr\/magazine\/#organization"},"image":{"@id":"https:\/\/www.mobilier-design-occasion.fr\/magazine\/comment-bien-selectionner-les-meubles-de-bureau-pour-ameliorer-la-productivite\/#primaryimage"},"thumbnailUrl":"https:\/\/www.mobilier-design-occasion.fr\/magazine\/wp-content\/uploads\/2025\/04\/6807cbc0bf2871745341376.webp","articleSection":["Bureau"],"inLanguage":"fr-FR","potentialAction":[{"@type":"CommentAction","name":"Comment","target":["https:\/\/www.mobilier-design-occasion.fr\/magazine\/comment-bien-selectionner-les-meubles-de-bureau-pour-ameliorer-la-productivite\/#respond"]}]},{"@type":"WebPage","@id":"https:\/\/www.mobilier-design-occasion.fr\/magazine\/comment-bien-selectionner-les-meubles-de-bureau-pour-ameliorer-la-productivite\/","url":"https:\/\/www.mobilier-design-occasion.fr\/magazine\/comment-bien-selectionner-les-meubles-de-bureau-pour-ameliorer-la-productivite\/","name":"Comment bien s\u00e9lectionner les meubles de bureau pour am\u00e9liorer la productivit\u00e9\u00a0 - Mobilier Design Magazine","isPartOf":{"@id":"https:\/\/www.mobilier-design-occasion.fr\/magazine\/#website"},"primaryImageOfPage":{"@id":"https:\/\/www.mobilier-design-occasion.fr\/magazine\/comment-bien-selectionner-les-meubles-de-bureau-pour-ameliorer-la-productivite\/#primaryimage"},"image":{"@id":"https:\/\/www.mobilier-design-occasion.fr\/magazine\/comment-bien-selectionner-les-meubles-de-bureau-pour-ameliorer-la-productivite\/#primaryimage"},"thumbnailUrl":"https:\/\/www.mobilier-design-occasion.fr\/magazine\/wp-content\/uploads\/2025\/04\/6807cbc0bf2871745341376.webp","datePublished":"2025-04-23T11:54:50+00:00","dateModified":"2025-04-23T11:54:51+00:00","breadcrumb":{"@id":"https:\/\/www.mobilier-design-occasion.fr\/magazine\/comment-bien-selectionner-les-meubles-de-bureau-pour-ameliorer-la-productivite\/#breadcrumb"},"inLanguage":"fr-FR","potentialAction":[{"@type":"ReadAction","target":["https:\/\/www.mobilier-design-occasion.fr\/magazine\/comment-bien-selectionner-les-meubles-de-bureau-pour-ameliorer-la-productivite\/"]}]},{"@type":"ImageObject","inLanguage":"fr-FR","@id":"https:\/\/www.mobilier-design-occasion.fr\/magazine\/comment-bien-selectionner-les-meubles-de-bureau-pour-ameliorer-la-productivite\/#primaryimage","url":"https:\/\/www.mobilier-design-occasion.fr\/magazine\/wp-content\/uploads\/2025\/04\/6807cbc0bf2871745341376.webp","contentUrl":"https:\/\/www.mobilier-design-occasion.fr\/magazine\/wp-content\/uploads\/2025\/04\/6807cbc0bf2871745341376.webp","width":2016,"height":1152},{"@type":"BreadcrumbList","@id":"https:\/\/www.mobilier-design-occasion.fr\/magazine\/comment-bien-selectionner-les-meubles-de-bureau-pour-ameliorer-la-productivite\/#breadcrumb","itemListElement":[{"@type":"ListItem","position":1,"name":"Accueil","item":"https:\/\/www.mobilier-design-occasion.fr\/magazine\/"},{"@type":"ListItem","position":2,"name":"Comment bien s\u00e9lectionner les meubles de bureau pour am\u00e9liorer la productivit\u00e9\u00a0"}]},{"@type":"WebSite","@id":"https:\/\/www.mobilier-design-occasion.fr\/magazine\/#website","url":"https:\/\/www.mobilier-design-occasion.fr\/magazine\/","name":"Mobilier Design Magazine","description":"","publisher":{"@id":"https:\/\/www.mobilier-design-occasion.fr\/magazine\/#organization"},"potentialAction":[{"@type":"SearchAction","target":{"@type":"EntryPoint","urlTemplate":"https:\/\/www.mobilier-design-occasion.fr\/magazine\/?s={search_term_string}"},"query-input":{"@type":"PropertyValueSpecification","valueRequired":true,"valueName":"search_term_string"}}],"inLanguage":"fr-FR"},{"@type":"Organization","@id":"https:\/\/www.mobilier-design-occasion.fr\/magazine\/#organization","name":"Mobilier Design Magazine","url":"https:\/\/www.mobilier-design-occasion.fr\/magazine\/","logo":{"@type":"ImageObject","inLanguage":"fr-FR","@id":"https:\/\/www.mobilier-design-occasion.fr\/magazine\/#\/schema\/logo\/image\/","url":"https:\/\/www.mobilier-design-occasion.fr\/magazine\/wp-content\/uploads\/2024\/02\/android-chrome-192x192-1.png","contentUrl":"https:\/\/www.mobilier-design-occasion.fr\/magazine\/wp-content\/uploads\/2024\/02\/android-chrome-192x192-1.png","width":192,"height":192,"caption":"Mobilier Design Magazine"},"image":{"@id":"https:\/\/www.mobilier-design-occasion.fr\/magazine\/#\/schema\/logo\/image\/"},"sameAs":["https:\/\/www.facebook.com\/mobilierdesignoccasion"]},{"@type":"Person","@id":"https:\/\/www.mobilier-design-occasion.fr\/magazine\/#\/schema\/person\/af895bedc80bfb6b17730a672fddac9e","name":"Vincent Vandegans","image":{"@type":"ImageObject","inLanguage":"fr-FR","@id":"https:\/\/secure.gravatar.com\/avatar\/b984800dabdf722d5e3f03f637c8932dea77d81118467d17ad2953e3b273ec66?s=96&d=mm&r=g","url":"https:\/\/secure.gravatar.com\/avatar\/b984800dabdf722d5e3f03f637c8932dea77d81118467d17ad2953e3b273ec66?s=96&d=mm&r=g","contentUrl":"https:\/\/secure.gravatar.com\/avatar\/b984800dabdf722d5e3f03f637c8932dea77d81118467d17ad2953e3b273ec66?s=96&d=mm&r=g","caption":"Vincent Vandegans"},"description":"Vincent est passionn\u00e9 par les produits d'occasion, il a ouvert le site MDO avec Cyrielle pour aider les gens \u00e0 trouver du mobilier d'occasion, vintage ou usag\u00e9. Depuis, ils ont \u00e9tendu leurs activit\u00e9s et conseillent tout le monde sur le mobilier d'int\u00e9rieur et d'ext\u00e9rieur au quotidien \u00e0 travers le magazine MDO.","url":"https:\/\/www.mobilier-design-occasion.fr\/magazine\/author\/vincent\/"}]}},"_links":{"self":[{"href":"https:\/\/www.mobilier-design-occasion.fr\/magazine\/wp-json\/wp\/v2\/posts\/8170","targetHints":{"allow":["GET"]}}],"collection":[{"href":"https:\/\/www.mobilier-design-occasion.fr\/magazine\/wp-json\/wp\/v2\/posts"}],"about":[{"href":"https:\/\/www.mobilier-design-occasion.fr\/magazine\/wp-json\/wp\/v2\/types\/post"}],"author":[{"embeddable":true,"href":"https:\/\/www.mobilier-design-occasion.fr\/magazine\/wp-json\/wp\/v2\/users\/2"}],"replies":[{"embeddable":true,"href":"https:\/\/www.mobilier-design-occasion.fr\/magazine\/wp-json\/wp\/v2\/comments?post=8170"}],"version-history":[{"count":1,"href":"https:\/\/www.mobilier-design-occasion.fr\/magazine\/wp-json\/wp\/v2\/posts\/8170\/revisions"}],"predecessor-version":[{"id":8172,"href":"https:\/\/www.mobilier-design-occasion.fr\/magazine\/wp-json\/wp\/v2\/posts\/8170\/revisions\/8172"}],"wp:featuredmedia":[{"embeddable":true,"href":"https:\/\/www.mobilier-design-occasion.fr\/magazine\/wp-json\/wp\/v2\/media\/8171"}],"wp:attachment":[{"href":"https:\/\/www.mobilier-design-occasion.fr\/magazine\/wp-json\/wp\/v2\/media?parent=8170"}],"wp:term":[{"taxonomy":"category","embeddable":true,"href":"https:\/\/www.mobilier-design-occasion.fr\/magazine\/wp-json\/wp\/v2\/categories?post=8170"},{"taxonomy":"post_tag","embeddable":true,"href":"https:\/\/www.mobilier-design-occasion.fr\/magazine\/wp-json\/wp\/v2\/tags?post=8170"}],"curies":[{"name":"wp","href":"https:\/\/api.w.org\/{rel}","templated":true}]}}