{"id":8151,"date":"2025-04-08T08:59:24","date_gmt":"2025-04-08T08:59:24","guid":{"rendered":"https:\/\/www.mobilier-design-occasion.fr\/magazine\/?p=8151"},"modified":"2025-04-08T08:59:24","modified_gmt":"2025-04-08T08:59:24","slug":"%f0%9f%9b%8b%ef%b8%8f%f0%9f%92%aa-comment-une-table-basse-ma-appris-a-faire-des-pompes","status":"publish","type":"post","link":"https:\/\/www.mobilier-design-occasion.fr\/magazine\/%f0%9f%9b%8b%ef%b8%8f%f0%9f%92%aa-comment-une-table-basse-ma-appris-a-faire-des-pompes\/","title":{"rendered":"\ud83d\udecb\ufe0f\ud83d\udcaa Comment une table basse m\u2019a appris \u00e0 faire des pompes"},"content":{"rendered":"\n<p><em>Le jour o\u00f9 mon mobilier a ruin\u00e9 mon ego sportif.<\/em><\/p>\n\n\n\n<hr class=\"wp-block-separator has-alpha-channel-opacity\"\/>\n\n\n\n<p>Il y a des jours o\u00f9 on prend des grandes d\u00e9cisions :<br>\u2014 changer de vie, changer de coupe de cheveux, arr\u00eater le sucre.<br>Et puis, il y a des jours o\u00f9 on ach\u00e8te une <a href=\"https:\/\/www.mobilier-design-occasion.fr\/magazine\/comment-acheter-une-table-basse-pas-chere-sans-compromettre-la-qualite-7-etapes\/\">table basse<\/a> design.<\/p>\n\n\n\n<p>Moi, ce jour-l\u00e0, j\u2019ai fait les deux : j\u2019ai achet\u00e9 une table basse, <a href=\"https:\/\/www.lepourcent.fr\">et j\u2019ai d\u00e9cid\u00e9 de faire du sport.<\/a><\/p>\n\n\n\n<hr class=\"wp-block-separator has-alpha-channel-opacity\"\/>\n\n\n\n<h3 class=\"wp-block-heading\"><span class=\"ez-toc-section\" id=\"%F0%9F%93%A6_Chapitre_1_%E2%80%93_Le_mobilier_qui_en_impose\"><\/span>\ud83d\udce6 Chapitre 1 \u2013 Le mobilier qui en impose<span class=\"ez-toc-section-end\"><\/span><\/h3><div id=\"ez-toc-container\" class=\"ez-toc-v2_0_82_2 counter-hierarchy ez-toc-counter ez-toc-grey ez-toc-container-direction\">\n<div class=\"ez-toc-title-container\">\n<span class=\"ez-toc-title-toggle\"><a href=\"#\" class=\"ez-toc-pull-right ez-toc-btn ez-toc-btn-xs ez-toc-btn-default ez-toc-toggle\" aria-label=\"Toggle Table of Content\"><span class=\"ez-toc-js-icon-con\"><span class=\"\"><span class=\"eztoc-hide\" style=\"display:none;\">Toggle<\/span><span class=\"ez-toc-icon-toggle-span\"><svg style=\"fill: #999;color:#999\" xmlns=\"http:\/\/www.w3.org\/2000\/svg\" class=\"list-377408\" width=\"20px\" height=\"20px\" viewBox=\"0 0 24 24\" fill=\"none\"><path d=\"M6 6H4v2h2V6zm14 0H8v2h12V6zM4 11h2v2H4v-2zm16 0H8v2h12v-2zM4 16h2v2H4v-2zm16 0H8v2h12v-2z\" fill=\"currentColor\"><\/path><\/svg><svg style=\"fill: #999;color:#999\" class=\"arrow-unsorted-368013\" xmlns=\"http:\/\/www.w3.org\/2000\/svg\" width=\"10px\" height=\"10px\" viewBox=\"0 0 24 24\" version=\"1.2\" baseProfile=\"tiny\"><path d=\"M18.2 9.3l-6.2-6.3-6.2 6.3c-.2.2-.3.4-.3.7s.1.5.3.7c.2.2.4.3.7.3h11c.3 0 .5-.1.7-.3.2-.2.3-.5.3-.7s-.1-.5-.3-.7zM5.8 14.7l6.2 6.3 6.2-6.3c.2-.2.3-.5.3-.7s-.1-.5-.3-.7c-.2-.2-.4-.3-.7-.3h-11c-.3 0-.5.1-.7.3-.2.2-.3.5-.3.7s.1.5.3.7z\"\/><\/svg><\/span><\/span><\/span><\/a><\/span><\/div>\n<nav><ul class='ez-toc-list ez-toc-list-level-1 eztoc-toggle-hide-by-default' ><li class='ez-toc-page-1 ez-toc-heading-level-3'><a class=\"ez-toc-link ez-toc-heading-1\" href=\"https:\/\/www.mobilier-design-occasion.fr\/magazine\/%f0%9f%9b%8b%ef%b8%8f%f0%9f%92%aa-comment-une-table-basse-ma-appris-a-faire-des-pompes\/#%F0%9F%93%A6_Chapitre_1_%E2%80%93_Le_mobilier_qui_en_impose\" >\ud83d\udce6 Chapitre 1 \u2013 Le mobilier qui en impose<\/a><\/li><li class='ez-toc-page-1 ez-toc-heading-level-3'><a class=\"ez-toc-link ez-toc-heading-2\" href=\"https:\/\/www.mobilier-design-occasion.fr\/magazine\/%f0%9f%9b%8b%ef%b8%8f%f0%9f%92%aa-comment-une-table-basse-ma-appris-a-faire-des-pompes\/#%F0%9F%8F%8B%EF%B8%8F_Chapitre_2_%E2%80%93_Le_duel_silencieux\" >\ud83c\udfcb\ufe0f Chapitre 2 \u2013 Le duel silencieux<\/a><\/li><li class='ez-toc-page-1 ez-toc-heading-level-3'><a class=\"ez-toc-link ez-toc-heading-3\" href=\"https:\/\/www.mobilier-design-occasion.fr\/magazine\/%f0%9f%9b%8b%ef%b8%8f%f0%9f%92%aa-comment-une-table-basse-ma-appris-a-faire-des-pompes\/#%F0%9F%A4%95_Chapitre_3_%E2%80%93_Le_retour_a_la_realite\" >\ud83e\udd15 Chapitre 3 \u2013 Le retour \u00e0 la r\u00e9alit\u00e9<\/a><\/li><li class='ez-toc-page-1 ez-toc-heading-level-3'><a class=\"ez-toc-link ez-toc-heading-4\" href=\"https:\/\/www.mobilier-design-occasion.fr\/magazine\/%f0%9f%9b%8b%ef%b8%8f%f0%9f%92%aa-comment-une-table-basse-ma-appris-a-faire-des-pompes\/#%F0%9F%8F%81_Morale_de_lhistoire\" >\ud83c\udfc1 Morale de l\u2019histoire<\/a><\/li><\/ul><\/nav><\/div>\n\n\n\n\n<p>Le meuble \u00e9tait somptueux.<br>Ch\u00eane massif, lignes minimalistes, pieds en acier noir. Une pi\u00e8ce ma\u00eetresse.<br>Je l\u2019ai pos\u00e9e au centre du salon comme on installe une \u0153uvre d\u2019art.<br>Je l\u2019ai contempl\u00e9e.<br>Et l\u00e0, en plein moment de gr\u00e2ce esth\u00e9tique, une id\u00e9e m\u2019a travers\u00e9 l\u2019esprit :<\/p>\n\n\n\n<blockquote class=\"wp-block-quote is-layout-flow wp-block-quote-is-layout-flow\">\n<p><em>\u00ab Et si je faisais quelques pompes devant ? \u00bb<\/em><\/p>\n<\/blockquote>\n\n\n\n<p>Pourquoi ? Aucune id\u00e9e.<br>Peut-\u00eatre pour me sentir \u00e0 la hauteur de tant de prestance.<br>Peut-\u00eatre parce que je venais de voir une vid\u00e9o de fitness sur Instagram.<br>Peut-\u00eatre parce que, dans un coin de mon cerveau, je me suis dit :<\/p>\n\n\n\n<blockquote class=\"wp-block-quote is-layout-flow wp-block-quote-is-layout-flow\">\n<p><em>\u00ab T\u2019as un beau salon maintenant, faut que ton corps suive. \u00bb<\/em><\/p>\n<\/blockquote>\n\n\n\n<hr class=\"wp-block-separator has-alpha-channel-opacity\"\/>\n\n\n\n<h3 class=\"wp-block-heading\"><span class=\"ez-toc-section\" id=\"%F0%9F%8F%8B%EF%B8%8F_Chapitre_2_%E2%80%93_Le_duel_silencieux\"><\/span>\ud83c\udfcb\ufe0f Chapitre 2 \u2013 Le duel silencieux<span class=\"ez-toc-section-end\"><\/span><\/h3>\n\n\n\n<p>Je me mets en position. Premi\u00e8re pompe. Nickel.<br>Deuxi\u00e8me. Je croise mon reflet dans la baie vitr\u00e9e. Concentr\u00e9, gain\u00e9, presque sexy.<br>Troisi\u00e8me. \u00c7a commence \u00e0 chauffer.<br>Quatri\u00e8me. Mon bras droit tremble un peu.<br>Cinqui\u00e8me\u2026 effondrement.<\/p>\n\n\n\n<p>Et pendant que moi je m\u2019\u00e9croule sur mon tapis en rotin, la table, elle, reste impassible.<br>Digne. Implacable. Z\u00e9ro effort. Cent pour cent pr\u00e9sence.<\/p>\n\n\n\n<p>Je la regarde, \u00e0 bout de souffle, et j\u2019ai l\u2019impression qu\u2019elle me juge.<br>Avec ses angles parfaits et son plateau bien cir\u00e9, elle me renvoie \u00e0 mes failles.<br>Elle me dit, sans un mot :<\/p>\n\n\n\n<blockquote class=\"wp-block-quote is-layout-flow wp-block-quote-is-layout-flow\">\n<p><em>\u00ab Tu veux \u00eatre design ? Commence par \u00eatre solide. \u00bb<\/em><\/p>\n<\/blockquote>\n\n\n\n<hr class=\"wp-block-separator has-alpha-channel-opacity\"\/>\n\n\n\n<h3 class=\"wp-block-heading\"><span class=\"ez-toc-section\" id=\"%F0%9F%A4%95_Chapitre_3_%E2%80%93_Le_retour_a_la_realite\"><\/span>\ud83e\udd15 Chapitre 3 \u2013 Le retour \u00e0 la r\u00e9alit\u00e9<span class=\"ez-toc-section-end\"><\/span><\/h3>\n\n\n\n<p>Depuis ce jour, chaque meuble de mon salon semble complice de ma d\u00e9faite.<\/p>\n\n\n\n<p>Le fauteuil me pousse \u00e0 la sieste au lieu des squats.<br>La lampe de lecture \u00e9claire mes biscuits ap\u00e9ro plus que mes livres de d\u00e9veloppement personnel.<br>Et la table basse ? Elle tr\u00f4ne toujours.<br>Elle sait. Elle m\u2019a vu au sol.<\/p>\n\n\n\n<hr class=\"wp-block-separator has-alpha-channel-opacity\"\/>\n\n\n\n<h3 class=\"wp-block-heading\"><span class=\"ez-toc-section\" id=\"%F0%9F%8F%81_Morale_de_lhistoire\"><\/span>\ud83c\udfc1 Morale de l\u2019histoire<span class=\"ez-toc-section-end\"><\/span><\/h3>\n\n\n\n<p>Un bon meuble design, c\u2019est plus qu\u2019un objet.<br>C\u2019est un miroir. Un rappel silencieux de qui on est\u2026 et de qui on aimerait devenir.<\/p>\n\n\n\n<p>Alors oui, depuis cet \u00e9pisode, j\u2019ai recommenc\u00e9 \u00e0 faire des pompes. Pour de vrai.<br>Pas pour la table. Pour moi.<br>Mais je la garde sous les yeux.<br>Elle est l\u00e0, comme un coach discret et exigeant.<br>Et qui sait\u2026 peut-\u00eatre qu\u2019un jour, je ferai dix pompes d\u2019affil\u00e9e.<br>Sans m\u2019\u00e9craser.<br>Sans rougir.<br>Juste pour lui montrer que moi aussi, je suis design.<\/p>\n","protected":false},"excerpt":{"rendered":"<p>Le jour o\u00f9 mon mobilier a ruin\u00e9 mon ego sportif. Il y a des jours o\u00f9 on prend des grandes d\u00e9cisions :\u2014 changer de vie, changer de coupe de cheveux, arr\u00eater le sucre.Et puis, il y a des jours o\u00f9 on ach\u00e8te une table basse design. Moi, ce jour-l\u00e0, j\u2019ai fait les deux : j\u2019ai [&hellip;]<\/p>\n","protected":false},"author":2,"featured_media":8152,"comment_status":"open","ping_status":"open","sticky":false,"template":"","format":"standard","meta":{"footnotes":""},"categories":[8,122],"tags":[],"class_list":["post-8151","post","type-post","status-publish","format-standard","has-post-thumbnail","hentry","category-avis","category-salon"],"yoast_head":"<!-- This site is optimized with the Yoast SEO plugin v27.5 - https:\/\/yoast.com\/product\/yoast-seo-wordpress\/ -->\n<title>\ud83d\udecb\ufe0f\ud83d\udcaa Comment une table basse m\u2019a appris \u00e0 faire des pompes - Mobilier Design Magazine<\/title>\n<meta name=\"robots\" content=\"index, follow, max-snippet:-1, max-image-preview:large, max-video-preview:-1\" \/>\n<link rel=\"canonical\" href=\"https:\/\/www.mobilier-design-occasion.fr\/magazine\/\ud83d\udecb\ufe0f\ud83d\udcaa-comment-une-table-basse-ma-appris-a-faire-des-pompes\/\" \/>\n<meta property=\"og:locale\" content=\"fr_FR\" \/>\n<meta property=\"og:type\" content=\"article\" \/>\n<meta property=\"og:title\" content=\"\ud83d\udecb\ufe0f\ud83d\udcaa Comment une table basse m\u2019a appris \u00e0 faire des pompes - Mobilier Design Magazine\" \/>\n<meta property=\"og:description\" content=\"Le jour o\u00f9 mon mobilier a ruin\u00e9 mon ego sportif. Il y a des jours o\u00f9 on prend des grandes d\u00e9cisions :\u2014 changer de vie, changer de coupe de cheveux, arr\u00eater le sucre.Et puis, il y a des jours o\u00f9 on ach\u00e8te une table basse design. Moi, ce jour-l\u00e0, j\u2019ai fait les deux : j\u2019ai [&hellip;]\" \/>\n<meta property=\"og:url\" content=\"https:\/\/www.mobilier-design-occasion.fr\/magazine\/\ud83d\udecb\ufe0f\ud83d\udcaa-comment-une-table-basse-ma-appris-a-faire-des-pompes\/\" \/>\n<meta property=\"og:site_name\" content=\"Mobilier Design Magazine\" \/>\n<meta property=\"article:publisher\" content=\"https:\/\/www.facebook.com\/mobilierdesignoccasion\" \/>\n<meta property=\"article:published_time\" content=\"2025-04-08T08:59:24+00:00\" \/>\n<meta property=\"og:image\" content=\"https:\/\/www.mobilier-design-occasion.fr\/magazine\/wp-content\/uploads\/2025\/04\/ChatGPT-Image-Apr-8-2025-10_58_44-AM.png\" \/>\n\t<meta property=\"og:image:width\" content=\"1024\" \/>\n\t<meta property=\"og:image:height\" content=\"1024\" \/>\n\t<meta property=\"og:image:type\" content=\"image\/png\" \/>\n<meta name=\"author\" content=\"Vincent Vandegans\" \/>\n<meta name=\"twitter:card\" content=\"summary_large_image\" \/>\n<meta name=\"twitter:label1\" content=\"\u00c9crit par\" \/>\n\t<meta name=\"twitter:data1\" content=\"Vincent Vandegans\" \/>\n\t<meta name=\"twitter:label2\" content=\"Dur\u00e9e de lecture estim\u00e9e\" \/>\n\t<meta name=\"twitter:data2\" content=\"3 minutes\" \/>\n<script type=\"application\/ld+json\" class=\"yoast-schema-graph\">{\"@context\":\"https:\\\/\\\/schema.org\",\"@graph\":[{\"@type\":\"Article\",\"@id\":\"https:\\\/\\\/www.mobilier-design-occasion.fr\\\/magazine\\\/%f0%9f%9b%8b%ef%b8%8f%f0%9f%92%aa-comment-une-table-basse-ma-appris-a-faire-des-pompes\\\/#article\",\"isPartOf\":{\"@id\":\"https:\\\/\\\/www.mobilier-design-occasion.fr\\\/magazine\\\/%f0%9f%9b%8b%ef%b8%8f%f0%9f%92%aa-comment-une-table-basse-ma-appris-a-faire-des-pompes\\\/\"},\"author\":{\"name\":\"Vincent Vandegans\",\"@id\":\"https:\\\/\\\/www.mobilier-design-occasion.fr\\\/magazine\\\/#\\\/schema\\\/person\\\/af895bedc80bfb6b17730a672fddac9e\"},\"headline\":\"\ud83d\udecb\ufe0f\ud83d\udcaa Comment une table basse m\u2019a appris \u00e0 faire des pompes\",\"datePublished\":\"2025-04-08T08:59:24+00:00\",\"mainEntityOfPage\":{\"@id\":\"https:\\\/\\\/www.mobilier-design-occasion.fr\\\/magazine\\\/%f0%9f%9b%8b%ef%b8%8f%f0%9f%92%aa-comment-une-table-basse-ma-appris-a-faire-des-pompes\\\/\"},\"wordCount\":481,\"commentCount\":0,\"publisher\":{\"@id\":\"https:\\\/\\\/www.mobilier-design-occasion.fr\\\/magazine\\\/#organization\"},\"image\":{\"@id\":\"https:\\\/\\\/www.mobilier-design-occasion.fr\\\/magazine\\\/%f0%9f%9b%8b%ef%b8%8f%f0%9f%92%aa-comment-une-table-basse-ma-appris-a-faire-des-pompes\\\/#primaryimage\"},\"thumbnailUrl\":\"https:\\\/\\\/www.mobilier-design-occasion.fr\\\/magazine\\\/wp-content\\\/uploads\\\/2025\\\/04\\\/ChatGPT-Image-Apr-8-2025-10_58_44-AM.png\",\"articleSection\":[\"Avis marques d\u00e9co\",\"Salon\"],\"inLanguage\":\"fr-FR\",\"potentialAction\":[{\"@type\":\"CommentAction\",\"name\":\"Comment\",\"target\":[\"https:\\\/\\\/www.mobilier-design-occasion.fr\\\/magazine\\\/%f0%9f%9b%8b%ef%b8%8f%f0%9f%92%aa-comment-une-table-basse-ma-appris-a-faire-des-pompes\\\/#respond\"]}]},{\"@type\":\"WebPage\",\"@id\":\"https:\\\/\\\/www.mobilier-design-occasion.fr\\\/magazine\\\/%f0%9f%9b%8b%ef%b8%8f%f0%9f%92%aa-comment-une-table-basse-ma-appris-a-faire-des-pompes\\\/\",\"url\":\"https:\\\/\\\/www.mobilier-design-occasion.fr\\\/magazine\\\/%f0%9f%9b%8b%ef%b8%8f%f0%9f%92%aa-comment-une-table-basse-ma-appris-a-faire-des-pompes\\\/\",\"name\":\"\ud83d\udecb\ufe0f\ud83d\udcaa Comment une table basse m\u2019a appris \u00e0 faire des pompes - Mobilier Design Magazine\",\"isPartOf\":{\"@id\":\"https:\\\/\\\/www.mobilier-design-occasion.fr\\\/magazine\\\/#website\"},\"primaryImageOfPage\":{\"@id\":\"https:\\\/\\\/www.mobilier-design-occasion.fr\\\/magazine\\\/%f0%9f%9b%8b%ef%b8%8f%f0%9f%92%aa-comment-une-table-basse-ma-appris-a-faire-des-pompes\\\/#primaryimage\"},\"image\":{\"@id\":\"https:\\\/\\\/www.mobilier-design-occasion.fr\\\/magazine\\\/%f0%9f%9b%8b%ef%b8%8f%f0%9f%92%aa-comment-une-table-basse-ma-appris-a-faire-des-pompes\\\/#primaryimage\"},\"thumbnailUrl\":\"https:\\\/\\\/www.mobilier-design-occasion.fr\\\/magazine\\\/wp-content\\\/uploads\\\/2025\\\/04\\\/ChatGPT-Image-Apr-8-2025-10_58_44-AM.png\",\"datePublished\":\"2025-04-08T08:59:24+00:00\",\"breadcrumb\":{\"@id\":\"https:\\\/\\\/www.mobilier-design-occasion.fr\\\/magazine\\\/%f0%9f%9b%8b%ef%b8%8f%f0%9f%92%aa-comment-une-table-basse-ma-appris-a-faire-des-pompes\\\/#breadcrumb\"},\"inLanguage\":\"fr-FR\",\"potentialAction\":[{\"@type\":\"ReadAction\",\"target\":[\"https:\\\/\\\/www.mobilier-design-occasion.fr\\\/magazine\\\/%f0%9f%9b%8b%ef%b8%8f%f0%9f%92%aa-comment-une-table-basse-ma-appris-a-faire-des-pompes\\\/\"]}]},{\"@type\":\"ImageObject\",\"inLanguage\":\"fr-FR\",\"@id\":\"https:\\\/\\\/www.mobilier-design-occasion.fr\\\/magazine\\\/%f0%9f%9b%8b%ef%b8%8f%f0%9f%92%aa-comment-une-table-basse-ma-appris-a-faire-des-pompes\\\/#primaryimage\",\"url\":\"https:\\\/\\\/www.mobilier-design-occasion.fr\\\/magazine\\\/wp-content\\\/uploads\\\/2025\\\/04\\\/ChatGPT-Image-Apr-8-2025-10_58_44-AM.png\",\"contentUrl\":\"https:\\\/\\\/www.mobilier-design-occasion.fr\\\/magazine\\\/wp-content\\\/uploads\\\/2025\\\/04\\\/ChatGPT-Image-Apr-8-2025-10_58_44-AM.png\",\"width\":1024,\"height\":1024},{\"@type\":\"BreadcrumbList\",\"@id\":\"https:\\\/\\\/www.mobilier-design-occasion.fr\\\/magazine\\\/%f0%9f%9b%8b%ef%b8%8f%f0%9f%92%aa-comment-une-table-basse-ma-appris-a-faire-des-pompes\\\/#breadcrumb\",\"itemListElement\":[{\"@type\":\"ListItem\",\"position\":1,\"name\":\"Accueil\",\"item\":\"https:\\\/\\\/www.mobilier-design-occasion.fr\\\/magazine\\\/\"},{\"@type\":\"ListItem\",\"position\":2,\"name\":\"\ud83d\udecb\ufe0f\ud83d\udcaa Comment une table basse m\u2019a appris \u00e0 faire des pompes\"}]},{\"@type\":\"WebSite\",\"@id\":\"https:\\\/\\\/www.mobilier-design-occasion.fr\\\/magazine\\\/#website\",\"url\":\"https:\\\/\\\/www.mobilier-design-occasion.fr\\\/magazine\\\/\",\"name\":\"Mobilier Design Magazine\",\"description\":\"\",\"publisher\":{\"@id\":\"https:\\\/\\\/www.mobilier-design-occasion.fr\\\/magazine\\\/#organization\"},\"potentialAction\":[{\"@type\":\"SearchAction\",\"target\":{\"@type\":\"EntryPoint\",\"urlTemplate\":\"https:\\\/\\\/www.mobilier-design-occasion.fr\\\/magazine\\\/?s={search_term_string}\"},\"query-input\":{\"@type\":\"PropertyValueSpecification\",\"valueRequired\":true,\"valueName\":\"search_term_string\"}}],\"inLanguage\":\"fr-FR\"},{\"@type\":\"Organization\",\"@id\":\"https:\\\/\\\/www.mobilier-design-occasion.fr\\\/magazine\\\/#organization\",\"name\":\"Mobilier Design Magazine\",\"url\":\"https:\\\/\\\/www.mobilier-design-occasion.fr\\\/magazine\\\/\",\"logo\":{\"@type\":\"ImageObject\",\"inLanguage\":\"fr-FR\",\"@id\":\"https:\\\/\\\/www.mobilier-design-occasion.fr\\\/magazine\\\/#\\\/schema\\\/logo\\\/image\\\/\",\"url\":\"https:\\\/\\\/www.mobilier-design-occasion.fr\\\/magazine\\\/wp-content\\\/uploads\\\/2024\\\/02\\\/android-chrome-192x192-1.png\",\"contentUrl\":\"https:\\\/\\\/www.mobilier-design-occasion.fr\\\/magazine\\\/wp-content\\\/uploads\\\/2024\\\/02\\\/android-chrome-192x192-1.png\",\"width\":192,\"height\":192,\"caption\":\"Mobilier Design Magazine\"},\"image\":{\"@id\":\"https:\\\/\\\/www.mobilier-design-occasion.fr\\\/magazine\\\/#\\\/schema\\\/logo\\\/image\\\/\"},\"sameAs\":[\"https:\\\/\\\/www.facebook.com\\\/mobilierdesignoccasion\"]},{\"@type\":\"Person\",\"@id\":\"https:\\\/\\\/www.mobilier-design-occasion.fr\\\/magazine\\\/#\\\/schema\\\/person\\\/af895bedc80bfb6b17730a672fddac9e\",\"name\":\"Vincent Vandegans\",\"image\":{\"@type\":\"ImageObject\",\"inLanguage\":\"fr-FR\",\"@id\":\"https:\\\/\\\/secure.gravatar.com\\\/avatar\\\/b984800dabdf722d5e3f03f637c8932dea77d81118467d17ad2953e3b273ec66?s=96&d=mm&r=g\",\"url\":\"https:\\\/\\\/secure.gravatar.com\\\/avatar\\\/b984800dabdf722d5e3f03f637c8932dea77d81118467d17ad2953e3b273ec66?s=96&d=mm&r=g\",\"contentUrl\":\"https:\\\/\\\/secure.gravatar.com\\\/avatar\\\/b984800dabdf722d5e3f03f637c8932dea77d81118467d17ad2953e3b273ec66?s=96&d=mm&r=g\",\"caption\":\"Vincent Vandegans\"},\"description\":\"Vincent est passionn\u00e9 par les produits d'occasion, il a ouvert le site MDO avec Cyrielle pour aider les gens \u00e0 trouver du mobilier d'occasion, vintage ou usag\u00e9. Depuis, ils ont \u00e9tendu leurs activit\u00e9s et conseillent tout le monde sur le mobilier d'int\u00e9rieur et d'ext\u00e9rieur au quotidien \u00e0 travers le magazine MDO.\",\"url\":\"https:\\\/\\\/www.mobilier-design-occasion.fr\\\/magazine\\\/author\\\/vincent\\\/\"}]}<\/script>\n<!-- \/ Yoast SEO plugin. -->","yoast_head_json":{"title":"\ud83d\udecb\ufe0f\ud83d\udcaa Comment une table basse m\u2019a appris \u00e0 faire des pompes - Mobilier Design Magazine","robots":{"index":"index","follow":"follow","max-snippet":"max-snippet:-1","max-image-preview":"max-image-preview:large","max-video-preview":"max-video-preview:-1"},"canonical":"https:\/\/www.mobilier-design-occasion.fr\/magazine\/\ud83d\udecb\ufe0f\ud83d\udcaa-comment-une-table-basse-ma-appris-a-faire-des-pompes\/","og_locale":"fr_FR","og_type":"article","og_title":"\ud83d\udecb\ufe0f\ud83d\udcaa Comment une table basse m\u2019a appris \u00e0 faire des pompes - Mobilier Design Magazine","og_description":"Le jour o\u00f9 mon mobilier a ruin\u00e9 mon ego sportif. Il y a des jours o\u00f9 on prend des grandes d\u00e9cisions :\u2014 changer de vie, changer de coupe de cheveux, arr\u00eater le sucre.Et puis, il y a des jours o\u00f9 on ach\u00e8te une table basse design. Moi, ce jour-l\u00e0, j\u2019ai fait les deux : j\u2019ai [&hellip;]","og_url":"https:\/\/www.mobilier-design-occasion.fr\/magazine\/\ud83d\udecb\ufe0f\ud83d\udcaa-comment-une-table-basse-ma-appris-a-faire-des-pompes\/","og_site_name":"Mobilier Design Magazine","article_publisher":"https:\/\/www.facebook.com\/mobilierdesignoccasion","article_published_time":"2025-04-08T08:59:24+00:00","og_image":[{"width":1024,"height":1024,"url":"https:\/\/www.mobilier-design-occasion.fr\/magazine\/wp-content\/uploads\/2025\/04\/ChatGPT-Image-Apr-8-2025-10_58_44-AM.png","type":"image\/png"}],"author":"Vincent Vandegans","twitter_card":"summary_large_image","twitter_misc":{"\u00c9crit par":"Vincent Vandegans","Dur\u00e9e de lecture estim\u00e9e":"3 minutes"},"schema":{"@context":"https:\/\/schema.org","@graph":[{"@type":"Article","@id":"https:\/\/www.mobilier-design-occasion.fr\/magazine\/%f0%9f%9b%8b%ef%b8%8f%f0%9f%92%aa-comment-une-table-basse-ma-appris-a-faire-des-pompes\/#article","isPartOf":{"@id":"https:\/\/www.mobilier-design-occasion.fr\/magazine\/%f0%9f%9b%8b%ef%b8%8f%f0%9f%92%aa-comment-une-table-basse-ma-appris-a-faire-des-pompes\/"},"author":{"name":"Vincent Vandegans","@id":"https:\/\/www.mobilier-design-occasion.fr\/magazine\/#\/schema\/person\/af895bedc80bfb6b17730a672fddac9e"},"headline":"\ud83d\udecb\ufe0f\ud83d\udcaa Comment une table basse m\u2019a appris \u00e0 faire des pompes","datePublished":"2025-04-08T08:59:24+00:00","mainEntityOfPage":{"@id":"https:\/\/www.mobilier-design-occasion.fr\/magazine\/%f0%9f%9b%8b%ef%b8%8f%f0%9f%92%aa-comment-une-table-basse-ma-appris-a-faire-des-pompes\/"},"wordCount":481,"commentCount":0,"publisher":{"@id":"https:\/\/www.mobilier-design-occasion.fr\/magazine\/#organization"},"image":{"@id":"https:\/\/www.mobilier-design-occasion.fr\/magazine\/%f0%9f%9b%8b%ef%b8%8f%f0%9f%92%aa-comment-une-table-basse-ma-appris-a-faire-des-pompes\/#primaryimage"},"thumbnailUrl":"https:\/\/www.mobilier-design-occasion.fr\/magazine\/wp-content\/uploads\/2025\/04\/ChatGPT-Image-Apr-8-2025-10_58_44-AM.png","articleSection":["Avis marques d\u00e9co","Salon"],"inLanguage":"fr-FR","potentialAction":[{"@type":"CommentAction","name":"Comment","target":["https:\/\/www.mobilier-design-occasion.fr\/magazine\/%f0%9f%9b%8b%ef%b8%8f%f0%9f%92%aa-comment-une-table-basse-ma-appris-a-faire-des-pompes\/#respond"]}]},{"@type":"WebPage","@id":"https:\/\/www.mobilier-design-occasion.fr\/magazine\/%f0%9f%9b%8b%ef%b8%8f%f0%9f%92%aa-comment-une-table-basse-ma-appris-a-faire-des-pompes\/","url":"https:\/\/www.mobilier-design-occasion.fr\/magazine\/%f0%9f%9b%8b%ef%b8%8f%f0%9f%92%aa-comment-une-table-basse-ma-appris-a-faire-des-pompes\/","name":"\ud83d\udecb\ufe0f\ud83d\udcaa Comment une table basse m\u2019a appris \u00e0 faire des pompes - Mobilier Design Magazine","isPartOf":{"@id":"https:\/\/www.mobilier-design-occasion.fr\/magazine\/#website"},"primaryImageOfPage":{"@id":"https:\/\/www.mobilier-design-occasion.fr\/magazine\/%f0%9f%9b%8b%ef%b8%8f%f0%9f%92%aa-comment-une-table-basse-ma-appris-a-faire-des-pompes\/#primaryimage"},"image":{"@id":"https:\/\/www.mobilier-design-occasion.fr\/magazine\/%f0%9f%9b%8b%ef%b8%8f%f0%9f%92%aa-comment-une-table-basse-ma-appris-a-faire-des-pompes\/#primaryimage"},"thumbnailUrl":"https:\/\/www.mobilier-design-occasion.fr\/magazine\/wp-content\/uploads\/2025\/04\/ChatGPT-Image-Apr-8-2025-10_58_44-AM.png","datePublished":"2025-04-08T08:59:24+00:00","breadcrumb":{"@id":"https:\/\/www.mobilier-design-occasion.fr\/magazine\/%f0%9f%9b%8b%ef%b8%8f%f0%9f%92%aa-comment-une-table-basse-ma-appris-a-faire-des-pompes\/#breadcrumb"},"inLanguage":"fr-FR","potentialAction":[{"@type":"ReadAction","target":["https:\/\/www.mobilier-design-occasion.fr\/magazine\/%f0%9f%9b%8b%ef%b8%8f%f0%9f%92%aa-comment-une-table-basse-ma-appris-a-faire-des-pompes\/"]}]},{"@type":"ImageObject","inLanguage":"fr-FR","@id":"https:\/\/www.mobilier-design-occasion.fr\/magazine\/%f0%9f%9b%8b%ef%b8%8f%f0%9f%92%aa-comment-une-table-basse-ma-appris-a-faire-des-pompes\/#primaryimage","url":"https:\/\/www.mobilier-design-occasion.fr\/magazine\/wp-content\/uploads\/2025\/04\/ChatGPT-Image-Apr-8-2025-10_58_44-AM.png","contentUrl":"https:\/\/www.mobilier-design-occasion.fr\/magazine\/wp-content\/uploads\/2025\/04\/ChatGPT-Image-Apr-8-2025-10_58_44-AM.png","width":1024,"height":1024},{"@type":"BreadcrumbList","@id":"https:\/\/www.mobilier-design-occasion.fr\/magazine\/%f0%9f%9b%8b%ef%b8%8f%f0%9f%92%aa-comment-une-table-basse-ma-appris-a-faire-des-pompes\/#breadcrumb","itemListElement":[{"@type":"ListItem","position":1,"name":"Accueil","item":"https:\/\/www.mobilier-design-occasion.fr\/magazine\/"},{"@type":"ListItem","position":2,"name":"\ud83d\udecb\ufe0f\ud83d\udcaa Comment une table basse m\u2019a appris \u00e0 faire des pompes"}]},{"@type":"WebSite","@id":"https:\/\/www.mobilier-design-occasion.fr\/magazine\/#website","url":"https:\/\/www.mobilier-design-occasion.fr\/magazine\/","name":"Mobilier Design Magazine","description":"","publisher":{"@id":"https:\/\/www.mobilier-design-occasion.fr\/magazine\/#organization"},"potentialAction":[{"@type":"SearchAction","target":{"@type":"EntryPoint","urlTemplate":"https:\/\/www.mobilier-design-occasion.fr\/magazine\/?s={search_term_string}"},"query-input":{"@type":"PropertyValueSpecification","valueRequired":true,"valueName":"search_term_string"}}],"inLanguage":"fr-FR"},{"@type":"Organization","@id":"https:\/\/www.mobilier-design-occasion.fr\/magazine\/#organization","name":"Mobilier Design Magazine","url":"https:\/\/www.mobilier-design-occasion.fr\/magazine\/","logo":{"@type":"ImageObject","inLanguage":"fr-FR","@id":"https:\/\/www.mobilier-design-occasion.fr\/magazine\/#\/schema\/logo\/image\/","url":"https:\/\/www.mobilier-design-occasion.fr\/magazine\/wp-content\/uploads\/2024\/02\/android-chrome-192x192-1.png","contentUrl":"https:\/\/www.mobilier-design-occasion.fr\/magazine\/wp-content\/uploads\/2024\/02\/android-chrome-192x192-1.png","width":192,"height":192,"caption":"Mobilier Design Magazine"},"image":{"@id":"https:\/\/www.mobilier-design-occasion.fr\/magazine\/#\/schema\/logo\/image\/"},"sameAs":["https:\/\/www.facebook.com\/mobilierdesignoccasion"]},{"@type":"Person","@id":"https:\/\/www.mobilier-design-occasion.fr\/magazine\/#\/schema\/person\/af895bedc80bfb6b17730a672fddac9e","name":"Vincent Vandegans","image":{"@type":"ImageObject","inLanguage":"fr-FR","@id":"https:\/\/secure.gravatar.com\/avatar\/b984800dabdf722d5e3f03f637c8932dea77d81118467d17ad2953e3b273ec66?s=96&d=mm&r=g","url":"https:\/\/secure.gravatar.com\/avatar\/b984800dabdf722d5e3f03f637c8932dea77d81118467d17ad2953e3b273ec66?s=96&d=mm&r=g","contentUrl":"https:\/\/secure.gravatar.com\/avatar\/b984800dabdf722d5e3f03f637c8932dea77d81118467d17ad2953e3b273ec66?s=96&d=mm&r=g","caption":"Vincent Vandegans"},"description":"Vincent est passionn\u00e9 par les produits d'occasion, il a ouvert le site MDO avec Cyrielle pour aider les gens \u00e0 trouver du mobilier d'occasion, vintage ou usag\u00e9. Depuis, ils ont \u00e9tendu leurs activit\u00e9s et conseillent tout le monde sur le mobilier d'int\u00e9rieur et d'ext\u00e9rieur au quotidien \u00e0 travers le magazine MDO.","url":"https:\/\/www.mobilier-design-occasion.fr\/magazine\/author\/vincent\/"}]}},"_links":{"self":[{"href":"https:\/\/www.mobilier-design-occasion.fr\/magazine\/wp-json\/wp\/v2\/posts\/8151","targetHints":{"allow":["GET"]}}],"collection":[{"href":"https:\/\/www.mobilier-design-occasion.fr\/magazine\/wp-json\/wp\/v2\/posts"}],"about":[{"href":"https:\/\/www.mobilier-design-occasion.fr\/magazine\/wp-json\/wp\/v2\/types\/post"}],"author":[{"embeddable":true,"href":"https:\/\/www.mobilier-design-occasion.fr\/magazine\/wp-json\/wp\/v2\/users\/2"}],"replies":[{"embeddable":true,"href":"https:\/\/www.mobilier-design-occasion.fr\/magazine\/wp-json\/wp\/v2\/comments?post=8151"}],"version-history":[{"count":1,"href":"https:\/\/www.mobilier-design-occasion.fr\/magazine\/wp-json\/wp\/v2\/posts\/8151\/revisions"}],"predecessor-version":[{"id":8153,"href":"https:\/\/www.mobilier-design-occasion.fr\/magazine\/wp-json\/wp\/v2\/posts\/8151\/revisions\/8153"}],"wp:featuredmedia":[{"embeddable":true,"href":"https:\/\/www.mobilier-design-occasion.fr\/magazine\/wp-json\/wp\/v2\/media\/8152"}],"wp:attachment":[{"href":"https:\/\/www.mobilier-design-occasion.fr\/magazine\/wp-json\/wp\/v2\/media?parent=8151"}],"wp:term":[{"taxonomy":"category","embeddable":true,"href":"https:\/\/www.mobilier-design-occasion.fr\/magazine\/wp-json\/wp\/v2\/categories?post=8151"},{"taxonomy":"post_tag","embeddable":true,"href":"https:\/\/www.mobilier-design-occasion.fr\/magazine\/wp-json\/wp\/v2\/tags?post=8151"}],"curies":[{"name":"wp","href":"https:\/\/api.w.org\/{rel}","templated":true}]}}