{"id":8107,"date":"2025-04-03T14:32:28","date_gmt":"2025-04-03T14:32:28","guid":{"rendered":"https:\/\/www.mobilier-design-occasion.fr\/magazine\/comment-bien-amenager-sa-chambre-a-coucher\/"},"modified":"2025-04-03T14:32:29","modified_gmt":"2025-04-03T14:32:29","slug":"comment-bien-amenager-sa-chambre-a-coucher","status":"publish","type":"post","link":"https:\/\/www.mobilier-design-occasion.fr\/magazine\/comment-bien-amenager-sa-chambre-a-coucher\/","title":{"rendered":"Comment bien am\u00e9nager sa chambre \u00e0 coucher ?"},"content":{"rendered":"<div>\n<div>\n<p>La chambre \u00e0 coucher doit \u00eatre un espace de <strong>repos<\/strong> et de ressourcement. C&#8217;est pour cela qu&#8217;il est important de bien l&#8217;am\u00e9nager. Avec des solutions de rangement et une d\u00e9coration bien pens\u00e9e, il est possible de cr\u00e9er un environnement \u00e0 la fois fonctionnel et harmonieux. Voici quelques indications !<\/p>\n<h2>Organiser l&#8217;espace intelligemment\u00a0<\/h2>\n<p>La disposition judicieuse des meubles favorise un meilleur am\u00e9nagement de l&#8217;int\u00e9rieur. Le lit doit par exemple \u00eatre plac\u00e9 de mani\u00e8re \u00e0 garantir une circulation fluide. Il est pr\u00e9f\u00e9rable de l\u2019adosser \u00e0 un mur de sorte \u00e0 ne pas bloquer l\u2019acc\u00e8s aux fen\u00eatres ni g\u00eaner l\u2019ouverture des portes. Placer la t\u00eate du lit perpendiculairement \u00e0 la fen\u00eatre pour profiter de la lumi\u00e8re naturelle sans \u00eatre \u00e9bloui au r\u00e9veil.<\/p>\n<p>Pensez aussi \u00e0 maximiser les solutions de rangement pour \u00e9viter l&#8217;encombrement. Le <a href=\"https:\/\/www.tediber.com\/lit-coffre\/lit-coffre-2-places\/lit-coffre-160x200\">lit coffre 160&#215;200<\/a> offre par exemple un espace discret pour stocker du linge ou des objets encombrants. Une armoire avec portes coulissantes et une table de chevet avec tiroirs \u00e9conomisent \u00e9galement l&#8217;espace.<\/p>\n<h2>Cr\u00e9er une ambiance propice au repos<\/h2>\n<p><img decoding=\"async\" class=\"aligncenter\" src=\"https:\/\/www.mobilier-design-occasion.fr\/magazine\/wp-content\/uploads\/2025\/04\/eee37f717ce757f5b316e5228eba6d5f.jpeg\" width=\"700\"><br \/>L\u2019atmosph\u00e8re d\u2019une chambre d\u00e9pend de nombreux param\u00e8tres. Il s\u2019agit entre autres de :<\/p>\n<ul>\n<li>L\u2019\u00e9clairage : optez pour un plafonnier \u00e0 intensit\u00e9 r\u00e9glable et une lampe de chevet pour adapter la luminosit\u00e9 \u00e0 vos besoins et selon le moment de la journ\u00e9e\u202f;<\/li>\n<li>La qualit\u00e9 des textiles : une <strong>literie<\/strong> de qualit\u00e9 et des coussins moelleux renforcent la sensation de bien-\u00eatre ;<\/li>\n<\/ul>\n<ul>\n<li>L\u2019<strong>isolation<\/strong> phonique : un tapis et des rideaux \u00e9pais absorbent les bruits ext\u00e9rieurs pour un environnement plus paisible.\u00a0<\/li>\n<\/ul>\n<p>Chaque d\u00e9tail contribue alors \u00e0 une sensation de confort et de s\u00e9r\u00e9nit\u00e9. En somme, bien am\u00e9nager sa chambre passe par l&#8217;occupation judicieuse de l&#8217;espace et des \u00e9l\u00e9ments de d\u00e9coration adapt\u00e9s. Avec les bons choix, la chambre peut devenir un v\u00e9ritable cocon.<\/p>\n<\/div>\n<\/div>\n","protected":false},"excerpt":{"rendered":"<p>La chambre \u00e0 coucher doit \u00eatre un espace de repos et de ressourcement. C&#8217;est pour cela qu&#8217;il est important de bien l&#8217;am\u00e9nager. Avec des solutions de rangement et une d\u00e9coration bien pens\u00e9e, il est possible de cr\u00e9er un environnement \u00e0 la fois fonctionnel et harmonieux. Voici quelques indications ! Organiser l&#8217;espace intelligemment\u00a0 La disposition judicieuse [&hellip;]<\/p>\n","protected":false},"author":2,"featured_media":8110,"comment_status":"open","ping_status":"open","sticky":false,"template":"","format":"standard","meta":{"footnotes":""},"categories":[120],"tags":[],"class_list":["post-8107","post","type-post","status-publish","format-standard","has-post-thumbnail","hentry","category-chambre"],"yoast_head":"<!-- This site is optimized with the Yoast SEO plugin v27.5 - https:\/\/yoast.com\/product\/yoast-seo-wordpress\/ -->\n<title>R\u00e9ussir l&#039;am\u00e9nagement de sa chambre : de quelle fa\u00e7on proc\u00e9der ?<\/title>\n<meta name=\"description\" content=\"Vous souhaitez faire de votre chambre \u00e0 coucher un lieu propice \u00e0 la d\u00e9tente o\u00f9 passer des nuits r\u00e9paratrices ? Voici les cl\u00e9s d&#039;un confort optimal !\" \/>\n<meta name=\"robots\" content=\"index, follow, max-snippet:-1, max-image-preview:large, max-video-preview:-1\" \/>\n<link rel=\"canonical\" href=\"https:\/\/www.mobilier-design-occasion.fr\/magazine\/comment-bien-amenager-sa-chambre-a-coucher\/\" \/>\n<meta property=\"og:locale\" content=\"fr_FR\" \/>\n<meta property=\"og:type\" content=\"article\" \/>\n<meta property=\"og:title\" content=\"R\u00e9ussir l&#039;am\u00e9nagement de sa chambre : de quelle fa\u00e7on proc\u00e9der ?\" \/>\n<meta property=\"og:description\" content=\"Vous souhaitez faire de votre chambre \u00e0 coucher un lieu propice \u00e0 la d\u00e9tente o\u00f9 passer des nuits r\u00e9paratrices ? Voici les cl\u00e9s d&#039;un confort optimal !\" \/>\n<meta property=\"og:url\" content=\"https:\/\/www.mobilier-design-occasion.fr\/magazine\/comment-bien-amenager-sa-chambre-a-coucher\/\" \/>\n<meta property=\"og:site_name\" content=\"Mobilier Design Magazine\" \/>\n<meta property=\"article:publisher\" content=\"https:\/\/www.facebook.com\/mobilierdesignoccasion\" \/>\n<meta property=\"article:published_time\" content=\"2025-04-03T14:32:28+00:00\" \/>\n<meta property=\"article:modified_time\" content=\"2025-04-03T14:32:29+00:00\" \/>\n<meta property=\"og:image\" content=\"https:\/\/www.mobilier-design-occasion.fr\/magazine\/wp-content\/uploads\/2025\/04\/1b3075fb23edc9347a19b00dcfa92822.jpeg\" \/>\n\t<meta property=\"og:image:width\" content=\"799\" \/>\n\t<meta property=\"og:image:height\" content=\"599\" \/>\n\t<meta property=\"og:image:type\" content=\"image\/jpeg\" \/>\n<meta name=\"author\" content=\"Vincent Vandegans\" \/>\n<meta name=\"twitter:card\" content=\"summary_large_image\" \/>\n<meta name=\"twitter:label1\" content=\"\u00c9crit par\" \/>\n\t<meta name=\"twitter:data1\" content=\"Vincent Vandegans\" \/>\n\t<meta name=\"twitter:label2\" content=\"Dur\u00e9e de lecture estim\u00e9e\" \/>\n\t<meta name=\"twitter:data2\" content=\"2 minutes\" \/>\n<script type=\"application\/ld+json\" class=\"yoast-schema-graph\">{\"@context\":\"https:\\\/\\\/schema.org\",\"@graph\":[{\"@type\":\"Article\",\"@id\":\"https:\\\/\\\/www.mobilier-design-occasion.fr\\\/magazine\\\/comment-bien-amenager-sa-chambre-a-coucher\\\/#article\",\"isPartOf\":{\"@id\":\"https:\\\/\\\/www.mobilier-design-occasion.fr\\\/magazine\\\/comment-bien-amenager-sa-chambre-a-coucher\\\/\"},\"author\":{\"name\":\"Vincent Vandegans\",\"@id\":\"https:\\\/\\\/www.mobilier-design-occasion.fr\\\/magazine\\\/#\\\/schema\\\/person\\\/af895bedc80bfb6b17730a672fddac9e\"},\"headline\":\"Comment bien am\u00e9nager sa chambre \u00e0 coucher ?\",\"datePublished\":\"2025-04-03T14:32:28+00:00\",\"dateModified\":\"2025-04-03T14:32:29+00:00\",\"mainEntityOfPage\":{\"@id\":\"https:\\\/\\\/www.mobilier-design-occasion.fr\\\/magazine\\\/comment-bien-amenager-sa-chambre-a-coucher\\\/\"},\"wordCount\":328,\"commentCount\":0,\"publisher\":{\"@id\":\"https:\\\/\\\/www.mobilier-design-occasion.fr\\\/magazine\\\/#organization\"},\"image\":{\"@id\":\"https:\\\/\\\/www.mobilier-design-occasion.fr\\\/magazine\\\/comment-bien-amenager-sa-chambre-a-coucher\\\/#primaryimage\"},\"thumbnailUrl\":\"https:\\\/\\\/www.mobilier-design-occasion.fr\\\/magazine\\\/wp-content\\\/uploads\\\/2025\\\/04\\\/1b3075fb23edc9347a19b00dcfa92822.jpeg\",\"articleSection\":[\"Chambre\"],\"inLanguage\":\"fr-FR\",\"potentialAction\":[{\"@type\":\"CommentAction\",\"name\":\"Comment\",\"target\":[\"https:\\\/\\\/www.mobilier-design-occasion.fr\\\/magazine\\\/comment-bien-amenager-sa-chambre-a-coucher\\\/#respond\"]}]},{\"@type\":\"WebPage\",\"@id\":\"https:\\\/\\\/www.mobilier-design-occasion.fr\\\/magazine\\\/comment-bien-amenager-sa-chambre-a-coucher\\\/\",\"url\":\"https:\\\/\\\/www.mobilier-design-occasion.fr\\\/magazine\\\/comment-bien-amenager-sa-chambre-a-coucher\\\/\",\"name\":\"R\u00e9ussir l'am\u00e9nagement de sa chambre : de quelle fa\u00e7on proc\u00e9der ?\",\"isPartOf\":{\"@id\":\"https:\\\/\\\/www.mobilier-design-occasion.fr\\\/magazine\\\/#website\"},\"primaryImageOfPage\":{\"@id\":\"https:\\\/\\\/www.mobilier-design-occasion.fr\\\/magazine\\\/comment-bien-amenager-sa-chambre-a-coucher\\\/#primaryimage\"},\"image\":{\"@id\":\"https:\\\/\\\/www.mobilier-design-occasion.fr\\\/magazine\\\/comment-bien-amenager-sa-chambre-a-coucher\\\/#primaryimage\"},\"thumbnailUrl\":\"https:\\\/\\\/www.mobilier-design-occasion.fr\\\/magazine\\\/wp-content\\\/uploads\\\/2025\\\/04\\\/1b3075fb23edc9347a19b00dcfa92822.jpeg\",\"datePublished\":\"2025-04-03T14:32:28+00:00\",\"dateModified\":\"2025-04-03T14:32:29+00:00\",\"description\":\"Vous souhaitez faire de votre chambre \u00e0 coucher un lieu propice \u00e0 la d\u00e9tente o\u00f9 passer des nuits r\u00e9paratrices ? Voici les cl\u00e9s d'un confort optimal !\",\"breadcrumb\":{\"@id\":\"https:\\\/\\\/www.mobilier-design-occasion.fr\\\/magazine\\\/comment-bien-amenager-sa-chambre-a-coucher\\\/#breadcrumb\"},\"inLanguage\":\"fr-FR\",\"potentialAction\":[{\"@type\":\"ReadAction\",\"target\":[\"https:\\\/\\\/www.mobilier-design-occasion.fr\\\/magazine\\\/comment-bien-amenager-sa-chambre-a-coucher\\\/\"]}]},{\"@type\":\"ImageObject\",\"inLanguage\":\"fr-FR\",\"@id\":\"https:\\\/\\\/www.mobilier-design-occasion.fr\\\/magazine\\\/comment-bien-amenager-sa-chambre-a-coucher\\\/#primaryimage\",\"url\":\"https:\\\/\\\/www.mobilier-design-occasion.fr\\\/magazine\\\/wp-content\\\/uploads\\\/2025\\\/04\\\/1b3075fb23edc9347a19b00dcfa92822.jpeg\",\"contentUrl\":\"https:\\\/\\\/www.mobilier-design-occasion.fr\\\/magazine\\\/wp-content\\\/uploads\\\/2025\\\/04\\\/1b3075fb23edc9347a19b00dcfa92822.jpeg\",\"width\":799,\"height\":599},{\"@type\":\"BreadcrumbList\",\"@id\":\"https:\\\/\\\/www.mobilier-design-occasion.fr\\\/magazine\\\/comment-bien-amenager-sa-chambre-a-coucher\\\/#breadcrumb\",\"itemListElement\":[{\"@type\":\"ListItem\",\"position\":1,\"name\":\"Accueil\",\"item\":\"https:\\\/\\\/www.mobilier-design-occasion.fr\\\/magazine\\\/\"},{\"@type\":\"ListItem\",\"position\":2,\"name\":\"Comment bien am\u00e9nager sa chambre \u00e0 coucher ?\"}]},{\"@type\":\"WebSite\",\"@id\":\"https:\\\/\\\/www.mobilier-design-occasion.fr\\\/magazine\\\/#website\",\"url\":\"https:\\\/\\\/www.mobilier-design-occasion.fr\\\/magazine\\\/\",\"name\":\"Mobilier Design Magazine\",\"description\":\"\",\"publisher\":{\"@id\":\"https:\\\/\\\/www.mobilier-design-occasion.fr\\\/magazine\\\/#organization\"},\"potentialAction\":[{\"@type\":\"SearchAction\",\"target\":{\"@type\":\"EntryPoint\",\"urlTemplate\":\"https:\\\/\\\/www.mobilier-design-occasion.fr\\\/magazine\\\/?s={search_term_string}\"},\"query-input\":{\"@type\":\"PropertyValueSpecification\",\"valueRequired\":true,\"valueName\":\"search_term_string\"}}],\"inLanguage\":\"fr-FR\"},{\"@type\":\"Organization\",\"@id\":\"https:\\\/\\\/www.mobilier-design-occasion.fr\\\/magazine\\\/#organization\",\"name\":\"Mobilier Design Magazine\",\"url\":\"https:\\\/\\\/www.mobilier-design-occasion.fr\\\/magazine\\\/\",\"logo\":{\"@type\":\"ImageObject\",\"inLanguage\":\"fr-FR\",\"@id\":\"https:\\\/\\\/www.mobilier-design-occasion.fr\\\/magazine\\\/#\\\/schema\\\/logo\\\/image\\\/\",\"url\":\"https:\\\/\\\/www.mobilier-design-occasion.fr\\\/magazine\\\/wp-content\\\/uploads\\\/2024\\\/02\\\/android-chrome-192x192-1.png\",\"contentUrl\":\"https:\\\/\\\/www.mobilier-design-occasion.fr\\\/magazine\\\/wp-content\\\/uploads\\\/2024\\\/02\\\/android-chrome-192x192-1.png\",\"width\":192,\"height\":192,\"caption\":\"Mobilier Design Magazine\"},\"image\":{\"@id\":\"https:\\\/\\\/www.mobilier-design-occasion.fr\\\/magazine\\\/#\\\/schema\\\/logo\\\/image\\\/\"},\"sameAs\":[\"https:\\\/\\\/www.facebook.com\\\/mobilierdesignoccasion\"]},{\"@type\":\"Person\",\"@id\":\"https:\\\/\\\/www.mobilier-design-occasion.fr\\\/magazine\\\/#\\\/schema\\\/person\\\/af895bedc80bfb6b17730a672fddac9e\",\"name\":\"Vincent Vandegans\",\"image\":{\"@type\":\"ImageObject\",\"inLanguage\":\"fr-FR\",\"@id\":\"https:\\\/\\\/secure.gravatar.com\\\/avatar\\\/b984800dabdf722d5e3f03f637c8932dea77d81118467d17ad2953e3b273ec66?s=96&d=mm&r=g\",\"url\":\"https:\\\/\\\/secure.gravatar.com\\\/avatar\\\/b984800dabdf722d5e3f03f637c8932dea77d81118467d17ad2953e3b273ec66?s=96&d=mm&r=g\",\"contentUrl\":\"https:\\\/\\\/secure.gravatar.com\\\/avatar\\\/b984800dabdf722d5e3f03f637c8932dea77d81118467d17ad2953e3b273ec66?s=96&d=mm&r=g\",\"caption\":\"Vincent Vandegans\"},\"description\":\"Vincent est passionn\u00e9 par les produits d'occasion, il a ouvert le site MDO avec Cyrielle pour aider les gens \u00e0 trouver du mobilier d'occasion, vintage ou usag\u00e9. Depuis, ils ont \u00e9tendu leurs activit\u00e9s et conseillent tout le monde sur le mobilier d'int\u00e9rieur et d'ext\u00e9rieur au quotidien \u00e0 travers le magazine MDO.\",\"url\":\"https:\\\/\\\/www.mobilier-design-occasion.fr\\\/magazine\\\/author\\\/vincent\\\/\"}]}<\/script>\n<!-- \/ Yoast SEO plugin. -->","yoast_head_json":{"title":"R\u00e9ussir l'am\u00e9nagement de sa chambre : de quelle fa\u00e7on proc\u00e9der ?","description":"Vous souhaitez faire de votre chambre \u00e0 coucher un lieu propice \u00e0 la d\u00e9tente o\u00f9 passer des nuits r\u00e9paratrices ? Voici les cl\u00e9s d'un confort optimal !","robots":{"index":"index","follow":"follow","max-snippet":"max-snippet:-1","max-image-preview":"max-image-preview:large","max-video-preview":"max-video-preview:-1"},"canonical":"https:\/\/www.mobilier-design-occasion.fr\/magazine\/comment-bien-amenager-sa-chambre-a-coucher\/","og_locale":"fr_FR","og_type":"article","og_title":"R\u00e9ussir l'am\u00e9nagement de sa chambre : de quelle fa\u00e7on proc\u00e9der ?","og_description":"Vous souhaitez faire de votre chambre \u00e0 coucher un lieu propice \u00e0 la d\u00e9tente o\u00f9 passer des nuits r\u00e9paratrices ? Voici les cl\u00e9s d'un confort optimal !","og_url":"https:\/\/www.mobilier-design-occasion.fr\/magazine\/comment-bien-amenager-sa-chambre-a-coucher\/","og_site_name":"Mobilier Design Magazine","article_publisher":"https:\/\/www.facebook.com\/mobilierdesignoccasion","article_published_time":"2025-04-03T14:32:28+00:00","article_modified_time":"2025-04-03T14:32:29+00:00","og_image":[{"width":799,"height":599,"url":"https:\/\/www.mobilier-design-occasion.fr\/magazine\/wp-content\/uploads\/2025\/04\/1b3075fb23edc9347a19b00dcfa92822.jpeg","type":"image\/jpeg"}],"author":"Vincent Vandegans","twitter_card":"summary_large_image","twitter_misc":{"\u00c9crit par":"Vincent Vandegans","Dur\u00e9e de lecture estim\u00e9e":"2 minutes"},"schema":{"@context":"https:\/\/schema.org","@graph":[{"@type":"Article","@id":"https:\/\/www.mobilier-design-occasion.fr\/magazine\/comment-bien-amenager-sa-chambre-a-coucher\/#article","isPartOf":{"@id":"https:\/\/www.mobilier-design-occasion.fr\/magazine\/comment-bien-amenager-sa-chambre-a-coucher\/"},"author":{"name":"Vincent Vandegans","@id":"https:\/\/www.mobilier-design-occasion.fr\/magazine\/#\/schema\/person\/af895bedc80bfb6b17730a672fddac9e"},"headline":"Comment bien am\u00e9nager sa chambre \u00e0 coucher ?","datePublished":"2025-04-03T14:32:28+00:00","dateModified":"2025-04-03T14:32:29+00:00","mainEntityOfPage":{"@id":"https:\/\/www.mobilier-design-occasion.fr\/magazine\/comment-bien-amenager-sa-chambre-a-coucher\/"},"wordCount":328,"commentCount":0,"publisher":{"@id":"https:\/\/www.mobilier-design-occasion.fr\/magazine\/#organization"},"image":{"@id":"https:\/\/www.mobilier-design-occasion.fr\/magazine\/comment-bien-amenager-sa-chambre-a-coucher\/#primaryimage"},"thumbnailUrl":"https:\/\/www.mobilier-design-occasion.fr\/magazine\/wp-content\/uploads\/2025\/04\/1b3075fb23edc9347a19b00dcfa92822.jpeg","articleSection":["Chambre"],"inLanguage":"fr-FR","potentialAction":[{"@type":"CommentAction","name":"Comment","target":["https:\/\/www.mobilier-design-occasion.fr\/magazine\/comment-bien-amenager-sa-chambre-a-coucher\/#respond"]}]},{"@type":"WebPage","@id":"https:\/\/www.mobilier-design-occasion.fr\/magazine\/comment-bien-amenager-sa-chambre-a-coucher\/","url":"https:\/\/www.mobilier-design-occasion.fr\/magazine\/comment-bien-amenager-sa-chambre-a-coucher\/","name":"R\u00e9ussir l'am\u00e9nagement de sa chambre : de quelle fa\u00e7on proc\u00e9der ?","isPartOf":{"@id":"https:\/\/www.mobilier-design-occasion.fr\/magazine\/#website"},"primaryImageOfPage":{"@id":"https:\/\/www.mobilier-design-occasion.fr\/magazine\/comment-bien-amenager-sa-chambre-a-coucher\/#primaryimage"},"image":{"@id":"https:\/\/www.mobilier-design-occasion.fr\/magazine\/comment-bien-amenager-sa-chambre-a-coucher\/#primaryimage"},"thumbnailUrl":"https:\/\/www.mobilier-design-occasion.fr\/magazine\/wp-content\/uploads\/2025\/04\/1b3075fb23edc9347a19b00dcfa92822.jpeg","datePublished":"2025-04-03T14:32:28+00:00","dateModified":"2025-04-03T14:32:29+00:00","description":"Vous souhaitez faire de votre chambre \u00e0 coucher un lieu propice \u00e0 la d\u00e9tente o\u00f9 passer des nuits r\u00e9paratrices ? Voici les cl\u00e9s d'un confort optimal !","breadcrumb":{"@id":"https:\/\/www.mobilier-design-occasion.fr\/magazine\/comment-bien-amenager-sa-chambre-a-coucher\/#breadcrumb"},"inLanguage":"fr-FR","potentialAction":[{"@type":"ReadAction","target":["https:\/\/www.mobilier-design-occasion.fr\/magazine\/comment-bien-amenager-sa-chambre-a-coucher\/"]}]},{"@type":"ImageObject","inLanguage":"fr-FR","@id":"https:\/\/www.mobilier-design-occasion.fr\/magazine\/comment-bien-amenager-sa-chambre-a-coucher\/#primaryimage","url":"https:\/\/www.mobilier-design-occasion.fr\/magazine\/wp-content\/uploads\/2025\/04\/1b3075fb23edc9347a19b00dcfa92822.jpeg","contentUrl":"https:\/\/www.mobilier-design-occasion.fr\/magazine\/wp-content\/uploads\/2025\/04\/1b3075fb23edc9347a19b00dcfa92822.jpeg","width":799,"height":599},{"@type":"BreadcrumbList","@id":"https:\/\/www.mobilier-design-occasion.fr\/magazine\/comment-bien-amenager-sa-chambre-a-coucher\/#breadcrumb","itemListElement":[{"@type":"ListItem","position":1,"name":"Accueil","item":"https:\/\/www.mobilier-design-occasion.fr\/magazine\/"},{"@type":"ListItem","position":2,"name":"Comment bien am\u00e9nager sa chambre \u00e0 coucher ?"}]},{"@type":"WebSite","@id":"https:\/\/www.mobilier-design-occasion.fr\/magazine\/#website","url":"https:\/\/www.mobilier-design-occasion.fr\/magazine\/","name":"Mobilier Design Magazine","description":"","publisher":{"@id":"https:\/\/www.mobilier-design-occasion.fr\/magazine\/#organization"},"potentialAction":[{"@type":"SearchAction","target":{"@type":"EntryPoint","urlTemplate":"https:\/\/www.mobilier-design-occasion.fr\/magazine\/?s={search_term_string}"},"query-input":{"@type":"PropertyValueSpecification","valueRequired":true,"valueName":"search_term_string"}}],"inLanguage":"fr-FR"},{"@type":"Organization","@id":"https:\/\/www.mobilier-design-occasion.fr\/magazine\/#organization","name":"Mobilier Design Magazine","url":"https:\/\/www.mobilier-design-occasion.fr\/magazine\/","logo":{"@type":"ImageObject","inLanguage":"fr-FR","@id":"https:\/\/www.mobilier-design-occasion.fr\/magazine\/#\/schema\/logo\/image\/","url":"https:\/\/www.mobilier-design-occasion.fr\/magazine\/wp-content\/uploads\/2024\/02\/android-chrome-192x192-1.png","contentUrl":"https:\/\/www.mobilier-design-occasion.fr\/magazine\/wp-content\/uploads\/2024\/02\/android-chrome-192x192-1.png","width":192,"height":192,"caption":"Mobilier Design Magazine"},"image":{"@id":"https:\/\/www.mobilier-design-occasion.fr\/magazine\/#\/schema\/logo\/image\/"},"sameAs":["https:\/\/www.facebook.com\/mobilierdesignoccasion"]},{"@type":"Person","@id":"https:\/\/www.mobilier-design-occasion.fr\/magazine\/#\/schema\/person\/af895bedc80bfb6b17730a672fddac9e","name":"Vincent Vandegans","image":{"@type":"ImageObject","inLanguage":"fr-FR","@id":"https:\/\/secure.gravatar.com\/avatar\/b984800dabdf722d5e3f03f637c8932dea77d81118467d17ad2953e3b273ec66?s=96&d=mm&r=g","url":"https:\/\/secure.gravatar.com\/avatar\/b984800dabdf722d5e3f03f637c8932dea77d81118467d17ad2953e3b273ec66?s=96&d=mm&r=g","contentUrl":"https:\/\/secure.gravatar.com\/avatar\/b984800dabdf722d5e3f03f637c8932dea77d81118467d17ad2953e3b273ec66?s=96&d=mm&r=g","caption":"Vincent Vandegans"},"description":"Vincent est passionn\u00e9 par les produits d'occasion, il a ouvert le site MDO avec Cyrielle pour aider les gens \u00e0 trouver du mobilier d'occasion, vintage ou usag\u00e9. Depuis, ils ont \u00e9tendu leurs activit\u00e9s et conseillent tout le monde sur le mobilier d'int\u00e9rieur et d'ext\u00e9rieur au quotidien \u00e0 travers le magazine MDO.","url":"https:\/\/www.mobilier-design-occasion.fr\/magazine\/author\/vincent\/"}]}},"_links":{"self":[{"href":"https:\/\/www.mobilier-design-occasion.fr\/magazine\/wp-json\/wp\/v2\/posts\/8107","targetHints":{"allow":["GET"]}}],"collection":[{"href":"https:\/\/www.mobilier-design-occasion.fr\/magazine\/wp-json\/wp\/v2\/posts"}],"about":[{"href":"https:\/\/www.mobilier-design-occasion.fr\/magazine\/wp-json\/wp\/v2\/types\/post"}],"author":[{"embeddable":true,"href":"https:\/\/www.mobilier-design-occasion.fr\/magazine\/wp-json\/wp\/v2\/users\/2"}],"replies":[{"embeddable":true,"href":"https:\/\/www.mobilier-design-occasion.fr\/magazine\/wp-json\/wp\/v2\/comments?post=8107"}],"version-history":[{"count":1,"href":"https:\/\/www.mobilier-design-occasion.fr\/magazine\/wp-json\/wp\/v2\/posts\/8107\/revisions"}],"predecessor-version":[{"id":8109,"href":"https:\/\/www.mobilier-design-occasion.fr\/magazine\/wp-json\/wp\/v2\/posts\/8107\/revisions\/8109"}],"wp:featuredmedia":[{"embeddable":true,"href":"https:\/\/www.mobilier-design-occasion.fr\/magazine\/wp-json\/wp\/v2\/media\/8110"}],"wp:attachment":[{"href":"https:\/\/www.mobilier-design-occasion.fr\/magazine\/wp-json\/wp\/v2\/media?parent=8107"}],"wp:term":[{"taxonomy":"category","embeddable":true,"href":"https:\/\/www.mobilier-design-occasion.fr\/magazine\/wp-json\/wp\/v2\/categories?post=8107"},{"taxonomy":"post_tag","embeddable":true,"href":"https:\/\/www.mobilier-design-occasion.fr\/magazine\/wp-json\/wp\/v2\/tags?post=8107"}],"curies":[{"name":"wp","href":"https:\/\/api.w.org\/{rel}","templated":true}]}}