{"id":8074,"date":"2025-03-14T07:02:51","date_gmt":"2025-03-14T07:02:51","guid":{"rendered":"https:\/\/www.mobilier-design-occasion.fr\/magazine\/?p=8074"},"modified":"2025-03-14T07:02:52","modified_gmt":"2025-03-14T07:02:52","slug":"petit-canape-convertible-la-piece-maitresse-dun-petit-espace-bien-pense","status":"publish","type":"post","link":"https:\/\/www.mobilier-design-occasion.fr\/magazine\/petit-canape-convertible-la-piece-maitresse-dun-petit-espace-bien-pense\/","title":{"rendered":"Petit canap\u00e9 convertible : la pi\u00e8ce ma\u00eetresse d\u2019un petit espace bien pens\u00e9"},"content":{"rendered":"\n<p>J\u2019ai une conviction : dans un petit espace, chaque centim\u00e8tre carr\u00e9 compte. Mais ce que peu de gens r\u00e9alisent, c\u2019est que le vrai d\u00e9fi n\u2019est pas seulement de \u00ab gagner de la place \u00bb. C\u2019est d\u2019\u00e9viter l\u2019effet \u00ab bo\u00eete \u00e0 chaussures mal rang\u00e9e \u00bb. J\u2019ai vu trop d\u2019int\u00e9rieurs o\u00f9 un mauvais choix de mobilier ruine tout l\u2019agencement. Et parmi les fautifs ? Les canap\u00e9s mal adapt\u00e9s. C\u2019est pourquoi je suis convaincu que le <a href=\"https:\/\/www.likoolis.fr\/votre-canape-convertible-2-et-3-places-140-ou-160-cm-concu-fabrique-en-france-64662\">petit canap\u00e9 convertible<\/a> est une arme secr\u00e8te. Il ne s\u2019agit pas juste d\u2019un meuble deux-en-un, mais d\u2019un v\u00e9ritable <strong>pivot de l\u2019am\u00e9nagement intelligent<\/strong>.<\/p>\n\n\n\n<figure class=\"wp-block-image size-large\"><img loading=\"lazy\" decoding=\"async\" width=\"1024\" height=\"235\" src=\"https:\/\/www.mobilier-design-occasion.fr\/magazine\/wp-content\/uploads\/2025\/03\/image-6-1024x235.png\" alt=\"\" class=\"wp-image-8075\" srcset=\"https:\/\/www.mobilier-design-occasion.fr\/magazine\/wp-content\/uploads\/2025\/03\/image-6-1024x235.png 1024w, https:\/\/www.mobilier-design-occasion.fr\/magazine\/wp-content\/uploads\/2025\/03\/image-6-300x69.png 300w, https:\/\/www.mobilier-design-occasion.fr\/magazine\/wp-content\/uploads\/2025\/03\/image-6-768x176.png 768w, https:\/\/www.mobilier-design-occasion.fr\/magazine\/wp-content\/uploads\/2025\/03\/image-6-810x186.png 810w, https:\/\/www.mobilier-design-occasion.fr\/magazine\/wp-content\/uploads\/2025\/03\/image-6-1140x261.png 1140w, https:\/\/www.mobilier-design-occasion.fr\/magazine\/wp-content\/uploads\/2025\/03\/image-6.png 1406w\" sizes=\"auto, (max-width: 1024px) 100vw, 1024px\" \/><\/figure>\n\n\n\n<hr class=\"wp-block-separator has-alpha-channel-opacity\"\/>\n\n\n\n<h3 class=\"wp-block-heading\"><span class=\"ez-toc-section\" id=\"Pourquoi_un_petit_canape_convertible_est_indispensable\"><\/span><strong>Pourquoi un petit canap\u00e9 convertible est indispensable ?<\/strong><span class=\"ez-toc-section-end\"><\/span><\/h3><div id=\"ez-toc-container\" class=\"ez-toc-v2_0_82_2 counter-hierarchy ez-toc-counter ez-toc-grey ez-toc-container-direction\">\n<div class=\"ez-toc-title-container\">\n<span class=\"ez-toc-title-toggle\"><a href=\"#\" class=\"ez-toc-pull-right ez-toc-btn ez-toc-btn-xs ez-toc-btn-default ez-toc-toggle\" aria-label=\"Toggle Table of Content\"><span class=\"ez-toc-js-icon-con\"><span class=\"\"><span class=\"eztoc-hide\" style=\"display:none;\">Toggle<\/span><span class=\"ez-toc-icon-toggle-span\"><svg style=\"fill: #999;color:#999\" xmlns=\"http:\/\/www.w3.org\/2000\/svg\" class=\"list-377408\" width=\"20px\" height=\"20px\" viewBox=\"0 0 24 24\" fill=\"none\"><path d=\"M6 6H4v2h2V6zm14 0H8v2h12V6zM4 11h2v2H4v-2zm16 0H8v2h12v-2zM4 16h2v2H4v-2zm16 0H8v2h12v-2z\" fill=\"currentColor\"><\/path><\/svg><svg style=\"fill: #999;color:#999\" class=\"arrow-unsorted-368013\" xmlns=\"http:\/\/www.w3.org\/2000\/svg\" width=\"10px\" height=\"10px\" viewBox=\"0 0 24 24\" version=\"1.2\" baseProfile=\"tiny\"><path d=\"M18.2 9.3l-6.2-6.3-6.2 6.3c-.2.2-.3.4-.3.7s.1.5.3.7c.2.2.4.3.7.3h11c.3 0 .5-.1.7-.3.2-.2.3-.5.3-.7s-.1-.5-.3-.7zM5.8 14.7l6.2 6.3 6.2-6.3c.2-.2.3-.5.3-.7s-.1-.5-.3-.7c-.2-.2-.4-.3-.7-.3h-11c-.3 0-.5.1-.7.3-.2.2-.3.5-.3.7s.1.5.3.7z\"\/><\/svg><\/span><\/span><\/span><\/a><\/span><\/div>\n<nav><ul class='ez-toc-list ez-toc-list-level-1 eztoc-toggle-hide-by-default' ><li class='ez-toc-page-1 ez-toc-heading-level-3'><a class=\"ez-toc-link ez-toc-heading-1\" href=\"https:\/\/www.mobilier-design-occasion.fr\/magazine\/petit-canape-convertible-la-piece-maitresse-dun-petit-espace-bien-pense\/#Pourquoi_un_petit_canape_convertible_est_indispensable\" >Pourquoi un petit canap\u00e9 convertible est indispensable ?<\/a><\/li><li class='ez-toc-page-1 ez-toc-heading-level-3'><a class=\"ez-toc-link ez-toc-heading-2\" href=\"https:\/\/www.mobilier-design-occasion.fr\/magazine\/petit-canape-convertible-la-piece-maitresse-dun-petit-espace-bien-pense\/#Les_criteres_essentiels_pour_bien_choisir_son_modele\" >Les crit\u00e8res essentiels pour bien choisir son mod\u00e8le<\/a><\/li><li class='ez-toc-page-1 ez-toc-heading-level-3'><a class=\"ez-toc-link ez-toc-heading-3\" href=\"https:\/\/www.mobilier-design-occasion.fr\/magazine\/petit-canape-convertible-la-piece-maitresse-dun-petit-espace-bien-pense\/#Les_erreurs_a_ne_surtout_pas_commettre\" >Les erreurs \u00e0 ne surtout pas commettre<\/a><\/li><li class='ez-toc-page-1 ez-toc-heading-level-3'><a class=\"ez-toc-link ez-toc-heading-4\" href=\"https:\/\/www.mobilier-design-occasion.fr\/magazine\/petit-canape-convertible-la-piece-maitresse-dun-petit-espace-bien-pense\/#Mon_avis_tranche_le_canape_convertible_un_incontournable_bien_pense\" >Mon avis tranch\u00e9 : le canap\u00e9 convertible, un incontournable bien pens\u00e9<\/a><\/li><\/ul><\/nav><\/div>\n\n\n\n\n<p>Un petit espace ne permet aucun compromis sur la fonctionnalit\u00e9. Et pourtant, beaucoup continuent \u00e0 entasser un lit, un canap\u00e9, une table, et \u00e0 se retrouver avec un espace \u00e9touffant. <strong>Le canap\u00e9 convertible est la seule r\u00e9ponse logique<\/strong> pour un int\u00e9rieur fluide et efficace. Voici pourquoi :<\/p>\n\n\n\n<ul class=\"wp-block-list\">\n<li><strong>Optimisation extr\u00eame<\/strong> : Il combine deux fonctions essentielles \u2013 assise et couchage \u2013 sans voler de l\u2019espace.<\/li>\n\n\n\n<li><strong>Modularit\u00e9 maximale<\/strong> : Besoin d\u2019un lit le soir, d\u2019un salon le jour ? Un seul meuble suffit.<\/li>\n\n\n\n<li><strong>Esth\u00e9tique pr\u00e9serv\u00e9e<\/strong> : Contrairement aux lits escamotables, il ne donne jamais l\u2019impression d\u2019un \u00ab meuble cach\u00e9 \u00bb.<\/li>\n\n\n\n<li><strong>Gain de rangement<\/strong> : Certains mod\u00e8les int\u00e8grent des coffres de rangement, un atout inestimable.<\/li>\n<\/ul>\n\n\n\n<p>En bref, <strong>un petit canap\u00e9 convertible, c\u2019est l\u2019assurance d\u2019un espace structur\u00e9, modulable et toujours accueillant<\/strong>.<\/p>\n\n\n\n<figure class=\"wp-block-image size-large\"><img loading=\"lazy\" decoding=\"async\" width=\"1024\" height=\"367\" src=\"https:\/\/www.mobilier-design-occasion.fr\/magazine\/wp-content\/uploads\/2025\/03\/image-7-1024x367.png\" alt=\"\" class=\"wp-image-8076\" srcset=\"https:\/\/www.mobilier-design-occasion.fr\/magazine\/wp-content\/uploads\/2025\/03\/image-7-1024x367.png 1024w, https:\/\/www.mobilier-design-occasion.fr\/magazine\/wp-content\/uploads\/2025\/03\/image-7-300x108.png 300w, https:\/\/www.mobilier-design-occasion.fr\/magazine\/wp-content\/uploads\/2025\/03\/image-7-768x275.png 768w, https:\/\/www.mobilier-design-occasion.fr\/magazine\/wp-content\/uploads\/2025\/03\/image-7-810x290.png 810w, https:\/\/www.mobilier-design-occasion.fr\/magazine\/wp-content\/uploads\/2025\/03\/image-7.png 1138w\" sizes=\"auto, (max-width: 1024px) 100vw, 1024px\" \/><\/figure>\n\n\n\n<hr class=\"wp-block-separator has-alpha-channel-opacity\"\/>\n\n\n\n<h3 class=\"wp-block-heading\"><span class=\"ez-toc-section\" id=\"Les_criteres_essentiels_pour_bien_choisir_son_modele\"><\/span><strong>Les crit\u00e8res essentiels pour bien choisir son mod\u00e8le<\/strong><span class=\"ez-toc-section-end\"><\/span><\/h3>\n\n\n\n<p>Mais attention, tous les convertibles ne se valent pas. Je vois trop souvent des mod\u00e8les qui sacrifient le confort pour le gain de place, ou qui sont une catastrophe \u00e0 ouvrir et refermer. Voici les \u00e9l\u00e9ments-cl\u00e9s \u00e0 scruter avant d\u2019acheter :<\/p>\n\n\n\n<figure class=\"wp-block-table\"><table class=\"has-fixed-layout\"><thead><tr><th>Crit\u00e8re<\/th><th>Pourquoi c\u2019est crucial ?<\/th><\/tr><\/thead><tbody><tr><td><strong>Dimensions<\/strong><\/td><td>V\u00e9rifiez la profondeur et la largeur en mode canap\u00e9 <strong>et<\/strong> en mode lit. Trop d\u2019erreurs viennent d\u2019un mauvais calcul de l\u2019espace.<\/td><\/tr><tr><td><strong>Syst\u00e8me d\u2019ouverture<\/strong><\/td><td>Clic-clac, BZ, tiroir, express\u2026 Choisissez en fonction de votre fr\u00e9quence d\u2019usage et de votre patience.<\/td><\/tr><tr><td><strong>Confort du matelas<\/strong><\/td><td>Si c\u2019est un couchage quotidien, optez pour <strong>au moins 12 cm d\u2019\u00e9paisseur et une densit\u00e9 sup\u00e9rieure \u00e0 30 kg\/m\u00b3<\/strong>.<\/td><\/tr><tr><td><strong>Rangement int\u00e9gr\u00e9<\/strong><\/td><td>Un coffre sous l\u2019assise est un <strong>plus indispensable<\/strong> dans un petit espace.<\/td><\/tr><tr><td><strong>Design et rev\u00eatement<\/strong><\/td><td>Privil\u00e9giez des couleurs claires et des textures adapt\u00e9es \u00e0 un usage intensif (tissu d\u00e9perlant, microfibre, cuir synth\u00e9tique).<\/td><\/tr><\/tbody><\/table><\/figure>\n\n\n\n<figure class=\"wp-block-image size-large\"><img loading=\"lazy\" decoding=\"async\" width=\"1024\" height=\"318\" src=\"https:\/\/www.mobilier-design-occasion.fr\/magazine\/wp-content\/uploads\/2025\/03\/image-8-1024x318.png\" alt=\"\" class=\"wp-image-8077\" srcset=\"https:\/\/www.mobilier-design-occasion.fr\/magazine\/wp-content\/uploads\/2025\/03\/image-8-1024x318.png 1024w, https:\/\/www.mobilier-design-occasion.fr\/magazine\/wp-content\/uploads\/2025\/03\/image-8-300x93.png 300w, https:\/\/www.mobilier-design-occasion.fr\/magazine\/wp-content\/uploads\/2025\/03\/image-8-768x238.png 768w, https:\/\/www.mobilier-design-occasion.fr\/magazine\/wp-content\/uploads\/2025\/03\/image-8-810x252.png 810w, https:\/\/www.mobilier-design-occasion.fr\/magazine\/wp-content\/uploads\/2025\/03\/image-8-1140x354.png 1140w, https:\/\/www.mobilier-design-occasion.fr\/magazine\/wp-content\/uploads\/2025\/03\/image-8.png 1256w\" sizes=\"auto, (max-width: 1024px) 100vw, 1024px\" \/><\/figure>\n\n\n\n<hr class=\"wp-block-separator has-alpha-channel-opacity\"\/>\n\n\n\n<h3 class=\"wp-block-heading\"><span class=\"ez-toc-section\" id=\"Les_erreurs_a_ne_surtout_pas_commettre\"><\/span><strong>Les erreurs \u00e0 ne surtout pas commettre<\/strong><span class=\"ez-toc-section-end\"><\/span><\/h3>\n\n\n\n<p>Je le dis franchement : un mauvais choix de canap\u00e9 convertible peut transformer un studio en cauchemar logistique. <strong>Voici les erreurs fatales \u00e0 \u00e9viter<\/strong> :<\/p>\n\n\n\n<ol class=\"wp-block-list\">\n<li><strong>Un mod\u00e8le trop grand<\/strong> : Si vous devez d\u00e9placer trois meubles pour l\u2019ouvrir, c\u2019est rat\u00e9.<\/li>\n\n\n\n<li><strong>Un couchage m\u00e9diocre<\/strong> : Si c\u2019est pour dormir dessus tous les jours, fuyez les matelas de moins de 10 cm.<\/li>\n\n\n\n<li><strong>Un syst\u00e8me compliqu\u00e9<\/strong> : Si vous mettez plus de 30 secondes \u00e0 le transformer, vous finirez par le d\u00e9tester.<\/li>\n\n\n\n<li><strong>Un manque de rangement<\/strong> : Chaque espace de stockage compte. Un convertible sans coffre, c\u2019est une occasion manqu\u00e9e.<\/li>\n\n\n\n<li><strong>Un design trop sombre ou massif<\/strong> : Dans un petit espace, un canap\u00e9 visuellement l\u00e9ger fait toute la diff\u00e9rence.<\/li>\n<\/ol>\n\n\n\n<figure class=\"wp-block-image size-full\"><img loading=\"lazy\" decoding=\"async\" width=\"982\" height=\"414\" src=\"https:\/\/www.mobilier-design-occasion.fr\/magazine\/wp-content\/uploads\/2025\/03\/image-9.png\" alt=\"\" class=\"wp-image-8078\" srcset=\"https:\/\/www.mobilier-design-occasion.fr\/magazine\/wp-content\/uploads\/2025\/03\/image-9.png 982w, https:\/\/www.mobilier-design-occasion.fr\/magazine\/wp-content\/uploads\/2025\/03\/image-9-300x126.png 300w, https:\/\/www.mobilier-design-occasion.fr\/magazine\/wp-content\/uploads\/2025\/03\/image-9-768x324.png 768w, https:\/\/www.mobilier-design-occasion.fr\/magazine\/wp-content\/uploads\/2025\/03\/image-9-810x341.png 810w\" sizes=\"auto, (max-width: 982px) 100vw, 982px\" \/><\/figure>\n\n\n\n<hr class=\"wp-block-separator has-alpha-channel-opacity\"\/>\n\n\n\n<h3 class=\"wp-block-heading\"><span class=\"ez-toc-section\" id=\"Mon_avis_tranche_le_canape_convertible_un_incontournable_bien_pense\"><\/span><strong>Mon avis tranch\u00e9 : le canap\u00e9 convertible, un incontournable bien pens\u00e9<\/strong><span class=\"ez-toc-section-end\"><\/span><\/h3>\n\n\n\n<p>Je suis convaincu que <strong>vivre dans un petit espace n\u2019est pas une contrainte, mais un d\u00e9fi \u00e0 relever intelligemment<\/strong>. Et le choix du mobilier fait toute la diff\u00e9rence. Un <strong>petit canap\u00e9 convertible bien choisi<\/strong>, c\u2019est la garantie d\u2019un int\u00e9rieur fonctionnel, \u00e9l\u00e9gant et fluide. Il ne suffit pas de \u00ab faire rentrer \u00bb un canap\u00e9 dans une pi\u00e8ce. Il faut <strong>qu\u2019il structure l\u2019espace, optimise le confort et simplifie le quotidien<\/strong>.<\/p>\n\n\n\n<p>Comme le disait Le Corbusier : <em>\u00ab L\u2019espace n\u2019est pas une question de m\u00e8tres carr\u00e9s, mais d\u2019organisation. \u00bb<\/em> Un bon canap\u00e9 convertible, c\u2019est exactement \u00e7a : <strong>un am\u00e9nagement pens\u00e9 au millim\u00e8tre pr\u00e8s, o\u00f9 chaque choix compte<\/strong>.<\/p>\n\n\n\n<figure class=\"wp-block-image size-full\"><img loading=\"lazy\" decoding=\"async\" width=\"604\" height=\"412\" src=\"https:\/\/www.mobilier-design-occasion.fr\/magazine\/wp-content\/uploads\/2025\/03\/image-10.png\" alt=\"\" class=\"wp-image-8079\" srcset=\"https:\/\/www.mobilier-design-occasion.fr\/magazine\/wp-content\/uploads\/2025\/03\/image-10.png 604w, https:\/\/www.mobilier-design-occasion.fr\/magazine\/wp-content\/uploads\/2025\/03\/image-10-300x205.png 300w, https:\/\/www.mobilier-design-occasion.fr\/magazine\/wp-content\/uploads\/2025\/03\/image-10-145x100.png 145w, https:\/\/www.mobilier-design-occasion.fr\/magazine\/wp-content\/uploads\/2025\/03\/image-10-380x260.png 380w\" sizes=\"auto, (max-width: 604px) 100vw, 604px\" \/><\/figure>\n","protected":false},"excerpt":{"rendered":"<p>J\u2019ai une conviction : dans un petit espace, chaque centim\u00e8tre carr\u00e9 compte. Mais ce que peu de gens r\u00e9alisent, c\u2019est que le vrai d\u00e9fi n\u2019est pas seulement de \u00ab gagner de la place \u00bb. C\u2019est d\u2019\u00e9viter l\u2019effet \u00ab bo\u00eete \u00e0 chaussures mal rang\u00e9e \u00bb. J\u2019ai vu trop d\u2019int\u00e9rieurs o\u00f9 un mauvais choix de mobilier ruine [&hellip;]<\/p>\n","protected":false},"author":2,"featured_media":8079,"comment_status":"open","ping_status":"open","sticky":false,"template":"","format":"standard","meta":{"footnotes":""},"categories":[122],"tags":[160,221],"class_list":["post-8074","post","type-post","status-publish","format-standard","has-post-thumbnail","hentry","category-salon","tag-canape","tag-convertible"],"yoast_head":"<!-- This site is optimized with the Yoast SEO plugin v27.5 - https:\/\/yoast.com\/product\/yoast-seo-wordpress\/ -->\n<title>Petit canap\u00e9 convertible : la pi\u00e8ce ma\u00eetresse d\u2019un petit espace bien pens\u00e9 - Mobilier Design Magazine<\/title>\n<meta name=\"robots\" content=\"index, follow, max-snippet:-1, max-image-preview:large, max-video-preview:-1\" \/>\n<link rel=\"canonical\" href=\"https:\/\/www.mobilier-design-occasion.fr\/magazine\/petit-canape-convertible-la-piece-maitresse-dun-petit-espace-bien-pense\/\" \/>\n<meta property=\"og:locale\" content=\"fr_FR\" \/>\n<meta property=\"og:type\" content=\"article\" \/>\n<meta property=\"og:title\" content=\"Petit canap\u00e9 convertible : la pi\u00e8ce ma\u00eetresse d\u2019un petit espace bien pens\u00e9 - Mobilier Design Magazine\" \/>\n<meta property=\"og:description\" content=\"J\u2019ai une conviction : dans un petit espace, chaque centim\u00e8tre carr\u00e9 compte. Mais ce que peu de gens r\u00e9alisent, c\u2019est que le vrai d\u00e9fi n\u2019est pas seulement de \u00ab gagner de la place \u00bb. C\u2019est d\u2019\u00e9viter l\u2019effet \u00ab bo\u00eete \u00e0 chaussures mal rang\u00e9e \u00bb. J\u2019ai vu trop d\u2019int\u00e9rieurs o\u00f9 un mauvais choix de mobilier ruine [&hellip;]\" \/>\n<meta property=\"og:url\" content=\"https:\/\/www.mobilier-design-occasion.fr\/magazine\/petit-canape-convertible-la-piece-maitresse-dun-petit-espace-bien-pense\/\" \/>\n<meta property=\"og:site_name\" content=\"Mobilier Design Magazine\" \/>\n<meta property=\"article:publisher\" content=\"https:\/\/www.facebook.com\/mobilierdesignoccasion\" \/>\n<meta property=\"article:published_time\" content=\"2025-03-14T07:02:51+00:00\" \/>\n<meta property=\"article:modified_time\" content=\"2025-03-14T07:02:52+00:00\" \/>\n<meta property=\"og:image\" content=\"https:\/\/www.mobilier-design-occasion.fr\/magazine\/wp-content\/uploads\/2025\/03\/image-10.png\" \/>\n\t<meta property=\"og:image:width\" content=\"604\" \/>\n\t<meta property=\"og:image:height\" content=\"412\" \/>\n\t<meta property=\"og:image:type\" content=\"image\/png\" \/>\n<meta name=\"author\" content=\"Vincent Vandegans\" \/>\n<meta name=\"twitter:card\" content=\"summary_large_image\" \/>\n<meta name=\"twitter:label1\" content=\"\u00c9crit par\" \/>\n\t<meta name=\"twitter:data1\" content=\"Vincent Vandegans\" \/>\n\t<meta name=\"twitter:label2\" content=\"Dur\u00e9e de lecture estim\u00e9e\" \/>\n\t<meta name=\"twitter:data2\" content=\"5 minutes\" \/>\n<script type=\"application\/ld+json\" class=\"yoast-schema-graph\">{\"@context\":\"https:\\\/\\\/schema.org\",\"@graph\":[{\"@type\":\"Article\",\"@id\":\"https:\\\/\\\/www.mobilier-design-occasion.fr\\\/magazine\\\/petit-canape-convertible-la-piece-maitresse-dun-petit-espace-bien-pense\\\/#article\",\"isPartOf\":{\"@id\":\"https:\\\/\\\/www.mobilier-design-occasion.fr\\\/magazine\\\/petit-canape-convertible-la-piece-maitresse-dun-petit-espace-bien-pense\\\/\"},\"author\":{\"name\":\"Vincent Vandegans\",\"@id\":\"https:\\\/\\\/www.mobilier-design-occasion.fr\\\/magazine\\\/#\\\/schema\\\/person\\\/af895bedc80bfb6b17730a672fddac9e\"},\"headline\":\"Petit canap\u00e9 convertible : la pi\u00e8ce ma\u00eetresse d\u2019un petit espace bien pens\u00e9\",\"datePublished\":\"2025-03-14T07:02:51+00:00\",\"dateModified\":\"2025-03-14T07:02:52+00:00\",\"mainEntityOfPage\":{\"@id\":\"https:\\\/\\\/www.mobilier-design-occasion.fr\\\/magazine\\\/petit-canape-convertible-la-piece-maitresse-dun-petit-espace-bien-pense\\\/\"},\"wordCount\":683,\"commentCount\":0,\"publisher\":{\"@id\":\"https:\\\/\\\/www.mobilier-design-occasion.fr\\\/magazine\\\/#organization\"},\"image\":{\"@id\":\"https:\\\/\\\/www.mobilier-design-occasion.fr\\\/magazine\\\/petit-canape-convertible-la-piece-maitresse-dun-petit-espace-bien-pense\\\/#primaryimage\"},\"thumbnailUrl\":\"https:\\\/\\\/www.mobilier-design-occasion.fr\\\/magazine\\\/wp-content\\\/uploads\\\/2025\\\/03\\\/image-10.png\",\"keywords\":[\"canap\u00e9\",\"convertible\"],\"articleSection\":[\"Salon\"],\"inLanguage\":\"fr-FR\",\"potentialAction\":[{\"@type\":\"CommentAction\",\"name\":\"Comment\",\"target\":[\"https:\\\/\\\/www.mobilier-design-occasion.fr\\\/magazine\\\/petit-canape-convertible-la-piece-maitresse-dun-petit-espace-bien-pense\\\/#respond\"]}]},{\"@type\":\"WebPage\",\"@id\":\"https:\\\/\\\/www.mobilier-design-occasion.fr\\\/magazine\\\/petit-canape-convertible-la-piece-maitresse-dun-petit-espace-bien-pense\\\/\",\"url\":\"https:\\\/\\\/www.mobilier-design-occasion.fr\\\/magazine\\\/petit-canape-convertible-la-piece-maitresse-dun-petit-espace-bien-pense\\\/\",\"name\":\"Petit canap\u00e9 convertible : la pi\u00e8ce ma\u00eetresse d\u2019un petit espace bien pens\u00e9 - Mobilier Design Magazine\",\"isPartOf\":{\"@id\":\"https:\\\/\\\/www.mobilier-design-occasion.fr\\\/magazine\\\/#website\"},\"primaryImageOfPage\":{\"@id\":\"https:\\\/\\\/www.mobilier-design-occasion.fr\\\/magazine\\\/petit-canape-convertible-la-piece-maitresse-dun-petit-espace-bien-pense\\\/#primaryimage\"},\"image\":{\"@id\":\"https:\\\/\\\/www.mobilier-design-occasion.fr\\\/magazine\\\/petit-canape-convertible-la-piece-maitresse-dun-petit-espace-bien-pense\\\/#primaryimage\"},\"thumbnailUrl\":\"https:\\\/\\\/www.mobilier-design-occasion.fr\\\/magazine\\\/wp-content\\\/uploads\\\/2025\\\/03\\\/image-10.png\",\"datePublished\":\"2025-03-14T07:02:51+00:00\",\"dateModified\":\"2025-03-14T07:02:52+00:00\",\"breadcrumb\":{\"@id\":\"https:\\\/\\\/www.mobilier-design-occasion.fr\\\/magazine\\\/petit-canape-convertible-la-piece-maitresse-dun-petit-espace-bien-pense\\\/#breadcrumb\"},\"inLanguage\":\"fr-FR\",\"potentialAction\":[{\"@type\":\"ReadAction\",\"target\":[\"https:\\\/\\\/www.mobilier-design-occasion.fr\\\/magazine\\\/petit-canape-convertible-la-piece-maitresse-dun-petit-espace-bien-pense\\\/\"]}]},{\"@type\":\"ImageObject\",\"inLanguage\":\"fr-FR\",\"@id\":\"https:\\\/\\\/www.mobilier-design-occasion.fr\\\/magazine\\\/petit-canape-convertible-la-piece-maitresse-dun-petit-espace-bien-pense\\\/#primaryimage\",\"url\":\"https:\\\/\\\/www.mobilier-design-occasion.fr\\\/magazine\\\/wp-content\\\/uploads\\\/2025\\\/03\\\/image-10.png\",\"contentUrl\":\"https:\\\/\\\/www.mobilier-design-occasion.fr\\\/magazine\\\/wp-content\\\/uploads\\\/2025\\\/03\\\/image-10.png\",\"width\":604,\"height\":412},{\"@type\":\"BreadcrumbList\",\"@id\":\"https:\\\/\\\/www.mobilier-design-occasion.fr\\\/magazine\\\/petit-canape-convertible-la-piece-maitresse-dun-petit-espace-bien-pense\\\/#breadcrumb\",\"itemListElement\":[{\"@type\":\"ListItem\",\"position\":1,\"name\":\"Accueil\",\"item\":\"https:\\\/\\\/www.mobilier-design-occasion.fr\\\/magazine\\\/\"},{\"@type\":\"ListItem\",\"position\":2,\"name\":\"Petit canap\u00e9 convertible : la pi\u00e8ce ma\u00eetresse d\u2019un petit espace bien pens\u00e9\"}]},{\"@type\":\"WebSite\",\"@id\":\"https:\\\/\\\/www.mobilier-design-occasion.fr\\\/magazine\\\/#website\",\"url\":\"https:\\\/\\\/www.mobilier-design-occasion.fr\\\/magazine\\\/\",\"name\":\"Mobilier Design Magazine\",\"description\":\"\",\"publisher\":{\"@id\":\"https:\\\/\\\/www.mobilier-design-occasion.fr\\\/magazine\\\/#organization\"},\"potentialAction\":[{\"@type\":\"SearchAction\",\"target\":{\"@type\":\"EntryPoint\",\"urlTemplate\":\"https:\\\/\\\/www.mobilier-design-occasion.fr\\\/magazine\\\/?s={search_term_string}\"},\"query-input\":{\"@type\":\"PropertyValueSpecification\",\"valueRequired\":true,\"valueName\":\"search_term_string\"}}],\"inLanguage\":\"fr-FR\"},{\"@type\":\"Organization\",\"@id\":\"https:\\\/\\\/www.mobilier-design-occasion.fr\\\/magazine\\\/#organization\",\"name\":\"Mobilier Design Magazine\",\"url\":\"https:\\\/\\\/www.mobilier-design-occasion.fr\\\/magazine\\\/\",\"logo\":{\"@type\":\"ImageObject\",\"inLanguage\":\"fr-FR\",\"@id\":\"https:\\\/\\\/www.mobilier-design-occasion.fr\\\/magazine\\\/#\\\/schema\\\/logo\\\/image\\\/\",\"url\":\"https:\\\/\\\/www.mobilier-design-occasion.fr\\\/magazine\\\/wp-content\\\/uploads\\\/2024\\\/02\\\/android-chrome-192x192-1.png\",\"contentUrl\":\"https:\\\/\\\/www.mobilier-design-occasion.fr\\\/magazine\\\/wp-content\\\/uploads\\\/2024\\\/02\\\/android-chrome-192x192-1.png\",\"width\":192,\"height\":192,\"caption\":\"Mobilier Design Magazine\"},\"image\":{\"@id\":\"https:\\\/\\\/www.mobilier-design-occasion.fr\\\/magazine\\\/#\\\/schema\\\/logo\\\/image\\\/\"},\"sameAs\":[\"https:\\\/\\\/www.facebook.com\\\/mobilierdesignoccasion\"]},{\"@type\":\"Person\",\"@id\":\"https:\\\/\\\/www.mobilier-design-occasion.fr\\\/magazine\\\/#\\\/schema\\\/person\\\/af895bedc80bfb6b17730a672fddac9e\",\"name\":\"Vincent Vandegans\",\"image\":{\"@type\":\"ImageObject\",\"inLanguage\":\"fr-FR\",\"@id\":\"https:\\\/\\\/secure.gravatar.com\\\/avatar\\\/b984800dabdf722d5e3f03f637c8932dea77d81118467d17ad2953e3b273ec66?s=96&d=mm&r=g\",\"url\":\"https:\\\/\\\/secure.gravatar.com\\\/avatar\\\/b984800dabdf722d5e3f03f637c8932dea77d81118467d17ad2953e3b273ec66?s=96&d=mm&r=g\",\"contentUrl\":\"https:\\\/\\\/secure.gravatar.com\\\/avatar\\\/b984800dabdf722d5e3f03f637c8932dea77d81118467d17ad2953e3b273ec66?s=96&d=mm&r=g\",\"caption\":\"Vincent Vandegans\"},\"description\":\"Vincent est passionn\u00e9 par les produits d'occasion, il a ouvert le site MDO avec Cyrielle pour aider les gens \u00e0 trouver du mobilier d'occasion, vintage ou usag\u00e9. Depuis, ils ont \u00e9tendu leurs activit\u00e9s et conseillent tout le monde sur le mobilier d'int\u00e9rieur et d'ext\u00e9rieur au quotidien \u00e0 travers le magazine MDO.\",\"url\":\"https:\\\/\\\/www.mobilier-design-occasion.fr\\\/magazine\\\/author\\\/vincent\\\/\"}]}<\/script>\n<!-- \/ Yoast SEO plugin. -->","yoast_head_json":{"title":"Petit canap\u00e9 convertible : la pi\u00e8ce ma\u00eetresse d\u2019un petit espace bien pens\u00e9 - Mobilier Design Magazine","robots":{"index":"index","follow":"follow","max-snippet":"max-snippet:-1","max-image-preview":"max-image-preview:large","max-video-preview":"max-video-preview:-1"},"canonical":"https:\/\/www.mobilier-design-occasion.fr\/magazine\/petit-canape-convertible-la-piece-maitresse-dun-petit-espace-bien-pense\/","og_locale":"fr_FR","og_type":"article","og_title":"Petit canap\u00e9 convertible : la pi\u00e8ce ma\u00eetresse d\u2019un petit espace bien pens\u00e9 - Mobilier Design Magazine","og_description":"J\u2019ai une conviction : dans un petit espace, chaque centim\u00e8tre carr\u00e9 compte. Mais ce que peu de gens r\u00e9alisent, c\u2019est que le vrai d\u00e9fi n\u2019est pas seulement de \u00ab gagner de la place \u00bb. C\u2019est d\u2019\u00e9viter l\u2019effet \u00ab bo\u00eete \u00e0 chaussures mal rang\u00e9e \u00bb. J\u2019ai vu trop d\u2019int\u00e9rieurs o\u00f9 un mauvais choix de mobilier ruine [&hellip;]","og_url":"https:\/\/www.mobilier-design-occasion.fr\/magazine\/petit-canape-convertible-la-piece-maitresse-dun-petit-espace-bien-pense\/","og_site_name":"Mobilier Design Magazine","article_publisher":"https:\/\/www.facebook.com\/mobilierdesignoccasion","article_published_time":"2025-03-14T07:02:51+00:00","article_modified_time":"2025-03-14T07:02:52+00:00","og_image":[{"width":604,"height":412,"url":"https:\/\/www.mobilier-design-occasion.fr\/magazine\/wp-content\/uploads\/2025\/03\/image-10.png","type":"image\/png"}],"author":"Vincent Vandegans","twitter_card":"summary_large_image","twitter_misc":{"\u00c9crit par":"Vincent Vandegans","Dur\u00e9e de lecture estim\u00e9e":"5 minutes"},"schema":{"@context":"https:\/\/schema.org","@graph":[{"@type":"Article","@id":"https:\/\/www.mobilier-design-occasion.fr\/magazine\/petit-canape-convertible-la-piece-maitresse-dun-petit-espace-bien-pense\/#article","isPartOf":{"@id":"https:\/\/www.mobilier-design-occasion.fr\/magazine\/petit-canape-convertible-la-piece-maitresse-dun-petit-espace-bien-pense\/"},"author":{"name":"Vincent Vandegans","@id":"https:\/\/www.mobilier-design-occasion.fr\/magazine\/#\/schema\/person\/af895bedc80bfb6b17730a672fddac9e"},"headline":"Petit canap\u00e9 convertible : la pi\u00e8ce ma\u00eetresse d\u2019un petit espace bien pens\u00e9","datePublished":"2025-03-14T07:02:51+00:00","dateModified":"2025-03-14T07:02:52+00:00","mainEntityOfPage":{"@id":"https:\/\/www.mobilier-design-occasion.fr\/magazine\/petit-canape-convertible-la-piece-maitresse-dun-petit-espace-bien-pense\/"},"wordCount":683,"commentCount":0,"publisher":{"@id":"https:\/\/www.mobilier-design-occasion.fr\/magazine\/#organization"},"image":{"@id":"https:\/\/www.mobilier-design-occasion.fr\/magazine\/petit-canape-convertible-la-piece-maitresse-dun-petit-espace-bien-pense\/#primaryimage"},"thumbnailUrl":"https:\/\/www.mobilier-design-occasion.fr\/magazine\/wp-content\/uploads\/2025\/03\/image-10.png","keywords":["canap\u00e9","convertible"],"articleSection":["Salon"],"inLanguage":"fr-FR","potentialAction":[{"@type":"CommentAction","name":"Comment","target":["https:\/\/www.mobilier-design-occasion.fr\/magazine\/petit-canape-convertible-la-piece-maitresse-dun-petit-espace-bien-pense\/#respond"]}]},{"@type":"WebPage","@id":"https:\/\/www.mobilier-design-occasion.fr\/magazine\/petit-canape-convertible-la-piece-maitresse-dun-petit-espace-bien-pense\/","url":"https:\/\/www.mobilier-design-occasion.fr\/magazine\/petit-canape-convertible-la-piece-maitresse-dun-petit-espace-bien-pense\/","name":"Petit canap\u00e9 convertible : la pi\u00e8ce ma\u00eetresse d\u2019un petit espace bien pens\u00e9 - Mobilier Design Magazine","isPartOf":{"@id":"https:\/\/www.mobilier-design-occasion.fr\/magazine\/#website"},"primaryImageOfPage":{"@id":"https:\/\/www.mobilier-design-occasion.fr\/magazine\/petit-canape-convertible-la-piece-maitresse-dun-petit-espace-bien-pense\/#primaryimage"},"image":{"@id":"https:\/\/www.mobilier-design-occasion.fr\/magazine\/petit-canape-convertible-la-piece-maitresse-dun-petit-espace-bien-pense\/#primaryimage"},"thumbnailUrl":"https:\/\/www.mobilier-design-occasion.fr\/magazine\/wp-content\/uploads\/2025\/03\/image-10.png","datePublished":"2025-03-14T07:02:51+00:00","dateModified":"2025-03-14T07:02:52+00:00","breadcrumb":{"@id":"https:\/\/www.mobilier-design-occasion.fr\/magazine\/petit-canape-convertible-la-piece-maitresse-dun-petit-espace-bien-pense\/#breadcrumb"},"inLanguage":"fr-FR","potentialAction":[{"@type":"ReadAction","target":["https:\/\/www.mobilier-design-occasion.fr\/magazine\/petit-canape-convertible-la-piece-maitresse-dun-petit-espace-bien-pense\/"]}]},{"@type":"ImageObject","inLanguage":"fr-FR","@id":"https:\/\/www.mobilier-design-occasion.fr\/magazine\/petit-canape-convertible-la-piece-maitresse-dun-petit-espace-bien-pense\/#primaryimage","url":"https:\/\/www.mobilier-design-occasion.fr\/magazine\/wp-content\/uploads\/2025\/03\/image-10.png","contentUrl":"https:\/\/www.mobilier-design-occasion.fr\/magazine\/wp-content\/uploads\/2025\/03\/image-10.png","width":604,"height":412},{"@type":"BreadcrumbList","@id":"https:\/\/www.mobilier-design-occasion.fr\/magazine\/petit-canape-convertible-la-piece-maitresse-dun-petit-espace-bien-pense\/#breadcrumb","itemListElement":[{"@type":"ListItem","position":1,"name":"Accueil","item":"https:\/\/www.mobilier-design-occasion.fr\/magazine\/"},{"@type":"ListItem","position":2,"name":"Petit canap\u00e9 convertible : la pi\u00e8ce ma\u00eetresse d\u2019un petit espace bien pens\u00e9"}]},{"@type":"WebSite","@id":"https:\/\/www.mobilier-design-occasion.fr\/magazine\/#website","url":"https:\/\/www.mobilier-design-occasion.fr\/magazine\/","name":"Mobilier Design Magazine","description":"","publisher":{"@id":"https:\/\/www.mobilier-design-occasion.fr\/magazine\/#organization"},"potentialAction":[{"@type":"SearchAction","target":{"@type":"EntryPoint","urlTemplate":"https:\/\/www.mobilier-design-occasion.fr\/magazine\/?s={search_term_string}"},"query-input":{"@type":"PropertyValueSpecification","valueRequired":true,"valueName":"search_term_string"}}],"inLanguage":"fr-FR"},{"@type":"Organization","@id":"https:\/\/www.mobilier-design-occasion.fr\/magazine\/#organization","name":"Mobilier Design Magazine","url":"https:\/\/www.mobilier-design-occasion.fr\/magazine\/","logo":{"@type":"ImageObject","inLanguage":"fr-FR","@id":"https:\/\/www.mobilier-design-occasion.fr\/magazine\/#\/schema\/logo\/image\/","url":"https:\/\/www.mobilier-design-occasion.fr\/magazine\/wp-content\/uploads\/2024\/02\/android-chrome-192x192-1.png","contentUrl":"https:\/\/www.mobilier-design-occasion.fr\/magazine\/wp-content\/uploads\/2024\/02\/android-chrome-192x192-1.png","width":192,"height":192,"caption":"Mobilier Design Magazine"},"image":{"@id":"https:\/\/www.mobilier-design-occasion.fr\/magazine\/#\/schema\/logo\/image\/"},"sameAs":["https:\/\/www.facebook.com\/mobilierdesignoccasion"]},{"@type":"Person","@id":"https:\/\/www.mobilier-design-occasion.fr\/magazine\/#\/schema\/person\/af895bedc80bfb6b17730a672fddac9e","name":"Vincent Vandegans","image":{"@type":"ImageObject","inLanguage":"fr-FR","@id":"https:\/\/secure.gravatar.com\/avatar\/b984800dabdf722d5e3f03f637c8932dea77d81118467d17ad2953e3b273ec66?s=96&d=mm&r=g","url":"https:\/\/secure.gravatar.com\/avatar\/b984800dabdf722d5e3f03f637c8932dea77d81118467d17ad2953e3b273ec66?s=96&d=mm&r=g","contentUrl":"https:\/\/secure.gravatar.com\/avatar\/b984800dabdf722d5e3f03f637c8932dea77d81118467d17ad2953e3b273ec66?s=96&d=mm&r=g","caption":"Vincent Vandegans"},"description":"Vincent est passionn\u00e9 par les produits d'occasion, il a ouvert le site MDO avec Cyrielle pour aider les gens \u00e0 trouver du mobilier d'occasion, vintage ou usag\u00e9. Depuis, ils ont \u00e9tendu leurs activit\u00e9s et conseillent tout le monde sur le mobilier d'int\u00e9rieur et d'ext\u00e9rieur au quotidien \u00e0 travers le magazine MDO.","url":"https:\/\/www.mobilier-design-occasion.fr\/magazine\/author\/vincent\/"}]}},"_links":{"self":[{"href":"https:\/\/www.mobilier-design-occasion.fr\/magazine\/wp-json\/wp\/v2\/posts\/8074","targetHints":{"allow":["GET"]}}],"collection":[{"href":"https:\/\/www.mobilier-design-occasion.fr\/magazine\/wp-json\/wp\/v2\/posts"}],"about":[{"href":"https:\/\/www.mobilier-design-occasion.fr\/magazine\/wp-json\/wp\/v2\/types\/post"}],"author":[{"embeddable":true,"href":"https:\/\/www.mobilier-design-occasion.fr\/magazine\/wp-json\/wp\/v2\/users\/2"}],"replies":[{"embeddable":true,"href":"https:\/\/www.mobilier-design-occasion.fr\/magazine\/wp-json\/wp\/v2\/comments?post=8074"}],"version-history":[{"count":1,"href":"https:\/\/www.mobilier-design-occasion.fr\/magazine\/wp-json\/wp\/v2\/posts\/8074\/revisions"}],"predecessor-version":[{"id":8080,"href":"https:\/\/www.mobilier-design-occasion.fr\/magazine\/wp-json\/wp\/v2\/posts\/8074\/revisions\/8080"}],"wp:featuredmedia":[{"embeddable":true,"href":"https:\/\/www.mobilier-design-occasion.fr\/magazine\/wp-json\/wp\/v2\/media\/8079"}],"wp:attachment":[{"href":"https:\/\/www.mobilier-design-occasion.fr\/magazine\/wp-json\/wp\/v2\/media?parent=8074"}],"wp:term":[{"taxonomy":"category","embeddable":true,"href":"https:\/\/www.mobilier-design-occasion.fr\/magazine\/wp-json\/wp\/v2\/categories?post=8074"},{"taxonomy":"post_tag","embeddable":true,"href":"https:\/\/www.mobilier-design-occasion.fr\/magazine\/wp-json\/wp\/v2\/tags?post=8074"}],"curies":[{"name":"wp","href":"https:\/\/api.w.org\/{rel}","templated":true}]}}