{"id":8060,"date":"2025-02-27T08:35:26","date_gmt":"2025-02-27T08:35:26","guid":{"rendered":"https:\/\/www.mobilier-design-occasion.fr\/magazine\/?p=8060"},"modified":"2025-02-27T08:35:28","modified_gmt":"2025-02-27T08:35:28","slug":"acheter-du-mobilier-de-seconde-main-sur-bonne-maniere-la-bonne-idee","status":"publish","type":"post","link":"https:\/\/www.mobilier-design-occasion.fr\/magazine\/acheter-du-mobilier-de-seconde-main-sur-bonne-maniere-la-bonne-idee\/","title":{"rendered":"Acheter du mobilier de seconde main sur Bonne mani\u00e8re : la bonne id\u00e9e!"},"content":{"rendered":"\n<p>En qu\u00eate de bons plans pour \u00e9quiper ma maison sans exploser mon budget, je suis tomb\u00e9 sur <strong>Bonne Mani\u00e8re<\/strong>, et franchement, c&#8217;est une belle d\u00e9couverte ! Ce site propose un large choix de <strong>produits reconditionn\u00e9s<\/strong>, allant des tapis aux meubles, en passant par les matelas et les chaises.<\/p>\n\n\n\n<h2 class=\"wp-block-heading\">Les meubles reconditionn\u00e9s, petit budget, grande qualit\u00e9<\/h2>\n\n\n\n<p>Vous le savez chez Mobilier-Design on est fan de reconditionn\u00e9 et d&#8217;occasion. Ici, c&#8217;est la qualit\u00e9 avant-tout, la recherche de go\u00fbt et de design, sans tuer son portefeuille. Avec l&#8217;inflation, on fait toutes attention \u00e0 nos d\u00e9penses et c&#8217;est l\u00e0 qu&#8217;il est temps de penser au reconditionn\u00e9. Et puis, c&#8217;est hyper \u00e9colo apr\u00e8s tout! Du coup, on cherche constamment des bons plans, cette fois-ci, c&#8217;est le tour de Bonne mani\u00e8re, un nouveau sp\u00e9cialiste du reconditionn\u00e9. <a href=\"https:\/\/www.bonnemaniere.fr\/\">D\u00e9couvrez le site de meubles de seconde main Bonne Mani\u00e8re<\/a><\/p>\n\n\n\n<p>L\u00e0 o\u00f9 Bonne Mani\u00e8re se distingue, c&#8217;est dans son engagement pour la <strong>qualit\u00e9<\/strong>. Chaque article passe par un processus rigoureux : inspection, nettoyage, r\u00e9paration si n\u00e9cessaire, et remise en \u00e9tat dans un atelier en France. R\u00e9sultat ? Des produits qui ont tout du neuf\u2026 sauf le prix !<\/p>\n\n\n\n<figure class=\"wp-block-image size-large\"><img loading=\"lazy\" decoding=\"async\" width=\"1024\" height=\"603\" src=\"https:\/\/www.mobilier-design-occasion.fr\/magazine\/wp-content\/uploads\/2025\/02\/image-7-1024x603.png\" alt=\"\" class=\"wp-image-8061\" srcset=\"https:\/\/www.mobilier-design-occasion.fr\/magazine\/wp-content\/uploads\/2025\/02\/image-7-1024x603.png 1024w, https:\/\/www.mobilier-design-occasion.fr\/magazine\/wp-content\/uploads\/2025\/02\/image-7-300x177.png 300w, https:\/\/www.mobilier-design-occasion.fr\/magazine\/wp-content\/uploads\/2025\/02\/image-7-768x452.png 768w, https:\/\/www.mobilier-design-occasion.fr\/magazine\/wp-content\/uploads\/2025\/02\/image-7-1536x904.png 1536w, https:\/\/www.mobilier-design-occasion.fr\/magazine\/wp-content\/uploads\/2025\/02\/image-7-810x477.png 810w, https:\/\/www.mobilier-design-occasion.fr\/magazine\/wp-content\/uploads\/2025\/02\/image-7-1140x671.png 1140w, https:\/\/www.mobilier-design-occasion.fr\/magazine\/wp-content\/uploads\/2025\/02\/image-7.png 1882w\" sizes=\"auto, (max-width: 1024px) 100vw, 1024px\" \/><\/figure>\n\n\n\n<p>Ce que j\u2019aime, c\u2019est leur <strong>transparence et leur approche \u00e9coresponsable<\/strong>. En choisissant le reconditionn\u00e9, on r\u00e9duit les d\u00e9chets et on \u00e9vite la surconsommation, tout en acc\u00e9dant \u00e0 du mobilier de qualit\u00e9 \u00e0 moindre co\u00fbt. <\/p>\n\n\n\n<p>Les avis sont franchement positifs avec une note de 4.9\/5, c&#8217;est pas mal hein \ud83d\ude42<\/p>\n\n\n\n<h2 class=\"wp-block-heading\">Mon p\u00e9ch\u00e9 mignon, les tapis<\/h2>\n\n\n\n<p>J&#8217;adore les tapis. C&#8217;est vrai, j&#8217;ai vite froid au pied, alors j&#8217;aime bien un tapis bien \u00e9pais, o\u00f9 d\u00e9poser mes pieds pendant l&#8217;ap\u00e9ro ou quand je regarde netflix. C&#8217;est toujours une fortune si je veux en acheter un neuf, mais ici ca passe cr\u00e8me.<\/p>\n\n\n\n<figure class=\"wp-block-image size-large\"><img loading=\"lazy\" decoding=\"async\" width=\"1024\" height=\"445\" src=\"https:\/\/www.mobilier-design-occasion.fr\/magazine\/wp-content\/uploads\/2025\/02\/image-8-1024x445.png\" alt=\"\" class=\"wp-image-8062\" srcset=\"https:\/\/www.mobilier-design-occasion.fr\/magazine\/wp-content\/uploads\/2025\/02\/image-8-1024x445.png 1024w, https:\/\/www.mobilier-design-occasion.fr\/magazine\/wp-content\/uploads\/2025\/02\/image-8-300x131.png 300w, https:\/\/www.mobilier-design-occasion.fr\/magazine\/wp-content\/uploads\/2025\/02\/image-8-768x334.png 768w, https:\/\/www.mobilier-design-occasion.fr\/magazine\/wp-content\/uploads\/2025\/02\/image-8-1536x668.png 1536w, https:\/\/www.mobilier-design-occasion.fr\/magazine\/wp-content\/uploads\/2025\/02\/image-8-810x352.png 810w, https:\/\/www.mobilier-design-occasion.fr\/magazine\/wp-content\/uploads\/2025\/02\/image-8-1140x496.png 1140w, https:\/\/www.mobilier-design-occasion.fr\/magazine\/wp-content\/uploads\/2025\/02\/image-8.png 1954w\" sizes=\"auto, (max-width: 1024px) 100vw, 1024px\" \/><\/figure>\n\n\n\n<p>D&#8217;ailleurs, mon chat l&#8217;a adopt\u00e9 <\/p>\n\n\n\n<figure class=\"wp-block-image size-large\"><img loading=\"lazy\" decoding=\"async\" width=\"1024\" height=\"850\" src=\"https:\/\/www.mobilier-design-occasion.fr\/magazine\/wp-content\/uploads\/2025\/02\/image-9-1024x850.png\" alt=\"\" class=\"wp-image-8063\" srcset=\"https:\/\/www.mobilier-design-occasion.fr\/magazine\/wp-content\/uploads\/2025\/02\/image-9-1024x850.png 1024w, https:\/\/www.mobilier-design-occasion.fr\/magazine\/wp-content\/uploads\/2025\/02\/image-9-300x249.png 300w, https:\/\/www.mobilier-design-occasion.fr\/magazine\/wp-content\/uploads\/2025\/02\/image-9-768x638.png 768w, https:\/\/www.mobilier-design-occasion.fr\/magazine\/wp-content\/uploads\/2025\/02\/image-9-810x672.png 810w, https:\/\/www.mobilier-design-occasion.fr\/magazine\/wp-content\/uploads\/2025\/02\/image-9-1140x946.png 1140w, https:\/\/www.mobilier-design-occasion.fr\/magazine\/wp-content\/uploads\/2025\/02\/image-9.png 1366w\" sizes=\"auto, (max-width: 1024px) 100vw, 1024px\" \/><\/figure>\n\n\n\n<p>Bref, si vous voulez meubler ou d\u00e9corer votre int\u00e9rieur avec du <strong>beau, du fiable et du responsable<\/strong>, Bonne Mani\u00e8re m\u00e9rite clairement le d\u00e9tour !<\/p>\n","protected":false},"excerpt":{"rendered":"<p>En qu\u00eate de bons plans pour \u00e9quiper ma maison sans exploser mon budget, je suis tomb\u00e9 sur Bonne Mani\u00e8re, et franchement, c&#8217;est une belle d\u00e9couverte ! Ce site propose un large choix de produits reconditionn\u00e9s, allant des tapis aux meubles, en passant par les matelas et les chaises. Les meubles reconditionn\u00e9s, petit budget, grande qualit\u00e9 [&hellip;]<\/p>\n","protected":false},"author":2,"featured_media":8061,"comment_status":"open","ping_status":"open","sticky":false,"template":"","format":"standard","meta":{"footnotes":""},"categories":[122],"tags":[220,143,133],"class_list":["post-8060","post","type-post","status-publish","format-standard","has-post-thumbnail","hentry","category-salon","tag-reconditionne","tag-tapis","tag-vintage"],"yoast_head":"<!-- This site is optimized with the Yoast SEO plugin v27.5 - https:\/\/yoast.com\/product\/yoast-seo-wordpress\/ -->\n<title>Acheter du mobilier de seconde main sur Bonne mani\u00e8re : la bonne id\u00e9e! - Mobilier Design Magazine<\/title>\n<meta name=\"robots\" content=\"index, follow, max-snippet:-1, max-image-preview:large, max-video-preview:-1\" \/>\n<link rel=\"canonical\" href=\"https:\/\/www.mobilier-design-occasion.fr\/magazine\/acheter-du-mobilier-de-seconde-main-sur-bonne-maniere-la-bonne-idee\/\" \/>\n<meta property=\"og:locale\" content=\"fr_FR\" \/>\n<meta property=\"og:type\" content=\"article\" \/>\n<meta property=\"og:title\" content=\"Acheter du mobilier de seconde main sur Bonne mani\u00e8re : la bonne id\u00e9e! - Mobilier Design Magazine\" \/>\n<meta property=\"og:description\" content=\"En qu\u00eate de bons plans pour \u00e9quiper ma maison sans exploser mon budget, je suis tomb\u00e9 sur Bonne Mani\u00e8re, et franchement, c&#8217;est une belle d\u00e9couverte ! Ce site propose un large choix de produits reconditionn\u00e9s, allant des tapis aux meubles, en passant par les matelas et les chaises. Les meubles reconditionn\u00e9s, petit budget, grande qualit\u00e9 [&hellip;]\" \/>\n<meta property=\"og:url\" content=\"https:\/\/www.mobilier-design-occasion.fr\/magazine\/acheter-du-mobilier-de-seconde-main-sur-bonne-maniere-la-bonne-idee\/\" \/>\n<meta property=\"og:site_name\" content=\"Mobilier Design Magazine\" \/>\n<meta property=\"article:publisher\" content=\"https:\/\/www.facebook.com\/mobilierdesignoccasion\" \/>\n<meta property=\"article:published_time\" content=\"2025-02-27T08:35:26+00:00\" \/>\n<meta property=\"article:modified_time\" content=\"2025-02-27T08:35:28+00:00\" \/>\n<meta property=\"og:image\" content=\"https:\/\/www.mobilier-design-occasion.fr\/magazine\/wp-content\/uploads\/2025\/02\/image-7.png\" \/>\n\t<meta property=\"og:image:width\" content=\"1882\" \/>\n\t<meta property=\"og:image:height\" content=\"1108\" \/>\n\t<meta property=\"og:image:type\" content=\"image\/png\" \/>\n<meta name=\"author\" content=\"Vincent Vandegans\" \/>\n<meta name=\"twitter:card\" content=\"summary_large_image\" \/>\n<meta name=\"twitter:label1\" content=\"\u00c9crit par\" \/>\n\t<meta name=\"twitter:data1\" content=\"Vincent Vandegans\" \/>\n\t<meta name=\"twitter:label2\" content=\"Dur\u00e9e de lecture estim\u00e9e\" \/>\n\t<meta name=\"twitter:data2\" content=\"3 minutes\" \/>\n<script type=\"application\/ld+json\" class=\"yoast-schema-graph\">{\"@context\":\"https:\\\/\\\/schema.org\",\"@graph\":[{\"@type\":\"Article\",\"@id\":\"https:\\\/\\\/www.mobilier-design-occasion.fr\\\/magazine\\\/acheter-du-mobilier-de-seconde-main-sur-bonne-maniere-la-bonne-idee\\\/#article\",\"isPartOf\":{\"@id\":\"https:\\\/\\\/www.mobilier-design-occasion.fr\\\/magazine\\\/acheter-du-mobilier-de-seconde-main-sur-bonne-maniere-la-bonne-idee\\\/\"},\"author\":{\"name\":\"Vincent Vandegans\",\"@id\":\"https:\\\/\\\/www.mobilier-design-occasion.fr\\\/magazine\\\/#\\\/schema\\\/person\\\/af895bedc80bfb6b17730a672fddac9e\"},\"headline\":\"Acheter du mobilier de seconde main sur Bonne mani\u00e8re : la bonne id\u00e9e!\",\"datePublished\":\"2025-02-27T08:35:26+00:00\",\"dateModified\":\"2025-02-27T08:35:28+00:00\",\"mainEntityOfPage\":{\"@id\":\"https:\\\/\\\/www.mobilier-design-occasion.fr\\\/magazine\\\/acheter-du-mobilier-de-seconde-main-sur-bonne-maniere-la-bonne-idee\\\/\"},\"wordCount\":368,\"commentCount\":0,\"publisher\":{\"@id\":\"https:\\\/\\\/www.mobilier-design-occasion.fr\\\/magazine\\\/#organization\"},\"image\":{\"@id\":\"https:\\\/\\\/www.mobilier-design-occasion.fr\\\/magazine\\\/acheter-du-mobilier-de-seconde-main-sur-bonne-maniere-la-bonne-idee\\\/#primaryimage\"},\"thumbnailUrl\":\"https:\\\/\\\/www.mobilier-design-occasion.fr\\\/magazine\\\/wp-content\\\/uploads\\\/2025\\\/02\\\/image-7.png\",\"keywords\":[\"reconditionn\u00e9\",\"tapis\",\"Vintage\"],\"articleSection\":[\"Salon\"],\"inLanguage\":\"fr-FR\",\"potentialAction\":[{\"@type\":\"CommentAction\",\"name\":\"Comment\",\"target\":[\"https:\\\/\\\/www.mobilier-design-occasion.fr\\\/magazine\\\/acheter-du-mobilier-de-seconde-main-sur-bonne-maniere-la-bonne-idee\\\/#respond\"]}]},{\"@type\":\"WebPage\",\"@id\":\"https:\\\/\\\/www.mobilier-design-occasion.fr\\\/magazine\\\/acheter-du-mobilier-de-seconde-main-sur-bonne-maniere-la-bonne-idee\\\/\",\"url\":\"https:\\\/\\\/www.mobilier-design-occasion.fr\\\/magazine\\\/acheter-du-mobilier-de-seconde-main-sur-bonne-maniere-la-bonne-idee\\\/\",\"name\":\"Acheter du mobilier de seconde main sur Bonne mani\u00e8re : la bonne id\u00e9e! - Mobilier Design Magazine\",\"isPartOf\":{\"@id\":\"https:\\\/\\\/www.mobilier-design-occasion.fr\\\/magazine\\\/#website\"},\"primaryImageOfPage\":{\"@id\":\"https:\\\/\\\/www.mobilier-design-occasion.fr\\\/magazine\\\/acheter-du-mobilier-de-seconde-main-sur-bonne-maniere-la-bonne-idee\\\/#primaryimage\"},\"image\":{\"@id\":\"https:\\\/\\\/www.mobilier-design-occasion.fr\\\/magazine\\\/acheter-du-mobilier-de-seconde-main-sur-bonne-maniere-la-bonne-idee\\\/#primaryimage\"},\"thumbnailUrl\":\"https:\\\/\\\/www.mobilier-design-occasion.fr\\\/magazine\\\/wp-content\\\/uploads\\\/2025\\\/02\\\/image-7.png\",\"datePublished\":\"2025-02-27T08:35:26+00:00\",\"dateModified\":\"2025-02-27T08:35:28+00:00\",\"breadcrumb\":{\"@id\":\"https:\\\/\\\/www.mobilier-design-occasion.fr\\\/magazine\\\/acheter-du-mobilier-de-seconde-main-sur-bonne-maniere-la-bonne-idee\\\/#breadcrumb\"},\"inLanguage\":\"fr-FR\",\"potentialAction\":[{\"@type\":\"ReadAction\",\"target\":[\"https:\\\/\\\/www.mobilier-design-occasion.fr\\\/magazine\\\/acheter-du-mobilier-de-seconde-main-sur-bonne-maniere-la-bonne-idee\\\/\"]}]},{\"@type\":\"ImageObject\",\"inLanguage\":\"fr-FR\",\"@id\":\"https:\\\/\\\/www.mobilier-design-occasion.fr\\\/magazine\\\/acheter-du-mobilier-de-seconde-main-sur-bonne-maniere-la-bonne-idee\\\/#primaryimage\",\"url\":\"https:\\\/\\\/www.mobilier-design-occasion.fr\\\/magazine\\\/wp-content\\\/uploads\\\/2025\\\/02\\\/image-7.png\",\"contentUrl\":\"https:\\\/\\\/www.mobilier-design-occasion.fr\\\/magazine\\\/wp-content\\\/uploads\\\/2025\\\/02\\\/image-7.png\",\"width\":1882,\"height\":1108},{\"@type\":\"BreadcrumbList\",\"@id\":\"https:\\\/\\\/www.mobilier-design-occasion.fr\\\/magazine\\\/acheter-du-mobilier-de-seconde-main-sur-bonne-maniere-la-bonne-idee\\\/#breadcrumb\",\"itemListElement\":[{\"@type\":\"ListItem\",\"position\":1,\"name\":\"Accueil\",\"item\":\"https:\\\/\\\/www.mobilier-design-occasion.fr\\\/magazine\\\/\"},{\"@type\":\"ListItem\",\"position\":2,\"name\":\"Acheter du mobilier de seconde main sur Bonne mani\u00e8re : la bonne id\u00e9e!\"}]},{\"@type\":\"WebSite\",\"@id\":\"https:\\\/\\\/www.mobilier-design-occasion.fr\\\/magazine\\\/#website\",\"url\":\"https:\\\/\\\/www.mobilier-design-occasion.fr\\\/magazine\\\/\",\"name\":\"Mobilier Design Magazine\",\"description\":\"\",\"publisher\":{\"@id\":\"https:\\\/\\\/www.mobilier-design-occasion.fr\\\/magazine\\\/#organization\"},\"potentialAction\":[{\"@type\":\"SearchAction\",\"target\":{\"@type\":\"EntryPoint\",\"urlTemplate\":\"https:\\\/\\\/www.mobilier-design-occasion.fr\\\/magazine\\\/?s={search_term_string}\"},\"query-input\":{\"@type\":\"PropertyValueSpecification\",\"valueRequired\":true,\"valueName\":\"search_term_string\"}}],\"inLanguage\":\"fr-FR\"},{\"@type\":\"Organization\",\"@id\":\"https:\\\/\\\/www.mobilier-design-occasion.fr\\\/magazine\\\/#organization\",\"name\":\"Mobilier Design Magazine\",\"url\":\"https:\\\/\\\/www.mobilier-design-occasion.fr\\\/magazine\\\/\",\"logo\":{\"@type\":\"ImageObject\",\"inLanguage\":\"fr-FR\",\"@id\":\"https:\\\/\\\/www.mobilier-design-occasion.fr\\\/magazine\\\/#\\\/schema\\\/logo\\\/image\\\/\",\"url\":\"https:\\\/\\\/www.mobilier-design-occasion.fr\\\/magazine\\\/wp-content\\\/uploads\\\/2024\\\/02\\\/android-chrome-192x192-1.png\",\"contentUrl\":\"https:\\\/\\\/www.mobilier-design-occasion.fr\\\/magazine\\\/wp-content\\\/uploads\\\/2024\\\/02\\\/android-chrome-192x192-1.png\",\"width\":192,\"height\":192,\"caption\":\"Mobilier Design Magazine\"},\"image\":{\"@id\":\"https:\\\/\\\/www.mobilier-design-occasion.fr\\\/magazine\\\/#\\\/schema\\\/logo\\\/image\\\/\"},\"sameAs\":[\"https:\\\/\\\/www.facebook.com\\\/mobilierdesignoccasion\"]},{\"@type\":\"Person\",\"@id\":\"https:\\\/\\\/www.mobilier-design-occasion.fr\\\/magazine\\\/#\\\/schema\\\/person\\\/af895bedc80bfb6b17730a672fddac9e\",\"name\":\"Vincent Vandegans\",\"image\":{\"@type\":\"ImageObject\",\"inLanguage\":\"fr-FR\",\"@id\":\"https:\\\/\\\/secure.gravatar.com\\\/avatar\\\/b984800dabdf722d5e3f03f637c8932dea77d81118467d17ad2953e3b273ec66?s=96&d=mm&r=g\",\"url\":\"https:\\\/\\\/secure.gravatar.com\\\/avatar\\\/b984800dabdf722d5e3f03f637c8932dea77d81118467d17ad2953e3b273ec66?s=96&d=mm&r=g\",\"contentUrl\":\"https:\\\/\\\/secure.gravatar.com\\\/avatar\\\/b984800dabdf722d5e3f03f637c8932dea77d81118467d17ad2953e3b273ec66?s=96&d=mm&r=g\",\"caption\":\"Vincent Vandegans\"},\"description\":\"Vincent est passionn\u00e9 par les produits d'occasion, il a ouvert le site MDO avec Cyrielle pour aider les gens \u00e0 trouver du mobilier d'occasion, vintage ou usag\u00e9. Depuis, ils ont \u00e9tendu leurs activit\u00e9s et conseillent tout le monde sur le mobilier d'int\u00e9rieur et d'ext\u00e9rieur au quotidien \u00e0 travers le magazine MDO.\",\"url\":\"https:\\\/\\\/www.mobilier-design-occasion.fr\\\/magazine\\\/author\\\/vincent\\\/\"}]}<\/script>\n<!-- \/ Yoast SEO plugin. -->","yoast_head_json":{"title":"Acheter du mobilier de seconde main sur Bonne mani\u00e8re : la bonne id\u00e9e! - Mobilier Design Magazine","robots":{"index":"index","follow":"follow","max-snippet":"max-snippet:-1","max-image-preview":"max-image-preview:large","max-video-preview":"max-video-preview:-1"},"canonical":"https:\/\/www.mobilier-design-occasion.fr\/magazine\/acheter-du-mobilier-de-seconde-main-sur-bonne-maniere-la-bonne-idee\/","og_locale":"fr_FR","og_type":"article","og_title":"Acheter du mobilier de seconde main sur Bonne mani\u00e8re : la bonne id\u00e9e! - Mobilier Design Magazine","og_description":"En qu\u00eate de bons plans pour \u00e9quiper ma maison sans exploser mon budget, je suis tomb\u00e9 sur Bonne Mani\u00e8re, et franchement, c&#8217;est une belle d\u00e9couverte ! Ce site propose un large choix de produits reconditionn\u00e9s, allant des tapis aux meubles, en passant par les matelas et les chaises. Les meubles reconditionn\u00e9s, petit budget, grande qualit\u00e9 [&hellip;]","og_url":"https:\/\/www.mobilier-design-occasion.fr\/magazine\/acheter-du-mobilier-de-seconde-main-sur-bonne-maniere-la-bonne-idee\/","og_site_name":"Mobilier Design Magazine","article_publisher":"https:\/\/www.facebook.com\/mobilierdesignoccasion","article_published_time":"2025-02-27T08:35:26+00:00","article_modified_time":"2025-02-27T08:35:28+00:00","og_image":[{"width":1882,"height":1108,"url":"https:\/\/www.mobilier-design-occasion.fr\/magazine\/wp-content\/uploads\/2025\/02\/image-7.png","type":"image\/png"}],"author":"Vincent Vandegans","twitter_card":"summary_large_image","twitter_misc":{"\u00c9crit par":"Vincent Vandegans","Dur\u00e9e de lecture estim\u00e9e":"3 minutes"},"schema":{"@context":"https:\/\/schema.org","@graph":[{"@type":"Article","@id":"https:\/\/www.mobilier-design-occasion.fr\/magazine\/acheter-du-mobilier-de-seconde-main-sur-bonne-maniere-la-bonne-idee\/#article","isPartOf":{"@id":"https:\/\/www.mobilier-design-occasion.fr\/magazine\/acheter-du-mobilier-de-seconde-main-sur-bonne-maniere-la-bonne-idee\/"},"author":{"name":"Vincent Vandegans","@id":"https:\/\/www.mobilier-design-occasion.fr\/magazine\/#\/schema\/person\/af895bedc80bfb6b17730a672fddac9e"},"headline":"Acheter du mobilier de seconde main sur Bonne mani\u00e8re : la bonne id\u00e9e!","datePublished":"2025-02-27T08:35:26+00:00","dateModified":"2025-02-27T08:35:28+00:00","mainEntityOfPage":{"@id":"https:\/\/www.mobilier-design-occasion.fr\/magazine\/acheter-du-mobilier-de-seconde-main-sur-bonne-maniere-la-bonne-idee\/"},"wordCount":368,"commentCount":0,"publisher":{"@id":"https:\/\/www.mobilier-design-occasion.fr\/magazine\/#organization"},"image":{"@id":"https:\/\/www.mobilier-design-occasion.fr\/magazine\/acheter-du-mobilier-de-seconde-main-sur-bonne-maniere-la-bonne-idee\/#primaryimage"},"thumbnailUrl":"https:\/\/www.mobilier-design-occasion.fr\/magazine\/wp-content\/uploads\/2025\/02\/image-7.png","keywords":["reconditionn\u00e9","tapis","Vintage"],"articleSection":["Salon"],"inLanguage":"fr-FR","potentialAction":[{"@type":"CommentAction","name":"Comment","target":["https:\/\/www.mobilier-design-occasion.fr\/magazine\/acheter-du-mobilier-de-seconde-main-sur-bonne-maniere-la-bonne-idee\/#respond"]}]},{"@type":"WebPage","@id":"https:\/\/www.mobilier-design-occasion.fr\/magazine\/acheter-du-mobilier-de-seconde-main-sur-bonne-maniere-la-bonne-idee\/","url":"https:\/\/www.mobilier-design-occasion.fr\/magazine\/acheter-du-mobilier-de-seconde-main-sur-bonne-maniere-la-bonne-idee\/","name":"Acheter du mobilier de seconde main sur Bonne mani\u00e8re : la bonne id\u00e9e! - Mobilier Design Magazine","isPartOf":{"@id":"https:\/\/www.mobilier-design-occasion.fr\/magazine\/#website"},"primaryImageOfPage":{"@id":"https:\/\/www.mobilier-design-occasion.fr\/magazine\/acheter-du-mobilier-de-seconde-main-sur-bonne-maniere-la-bonne-idee\/#primaryimage"},"image":{"@id":"https:\/\/www.mobilier-design-occasion.fr\/magazine\/acheter-du-mobilier-de-seconde-main-sur-bonne-maniere-la-bonne-idee\/#primaryimage"},"thumbnailUrl":"https:\/\/www.mobilier-design-occasion.fr\/magazine\/wp-content\/uploads\/2025\/02\/image-7.png","datePublished":"2025-02-27T08:35:26+00:00","dateModified":"2025-02-27T08:35:28+00:00","breadcrumb":{"@id":"https:\/\/www.mobilier-design-occasion.fr\/magazine\/acheter-du-mobilier-de-seconde-main-sur-bonne-maniere-la-bonne-idee\/#breadcrumb"},"inLanguage":"fr-FR","potentialAction":[{"@type":"ReadAction","target":["https:\/\/www.mobilier-design-occasion.fr\/magazine\/acheter-du-mobilier-de-seconde-main-sur-bonne-maniere-la-bonne-idee\/"]}]},{"@type":"ImageObject","inLanguage":"fr-FR","@id":"https:\/\/www.mobilier-design-occasion.fr\/magazine\/acheter-du-mobilier-de-seconde-main-sur-bonne-maniere-la-bonne-idee\/#primaryimage","url":"https:\/\/www.mobilier-design-occasion.fr\/magazine\/wp-content\/uploads\/2025\/02\/image-7.png","contentUrl":"https:\/\/www.mobilier-design-occasion.fr\/magazine\/wp-content\/uploads\/2025\/02\/image-7.png","width":1882,"height":1108},{"@type":"BreadcrumbList","@id":"https:\/\/www.mobilier-design-occasion.fr\/magazine\/acheter-du-mobilier-de-seconde-main-sur-bonne-maniere-la-bonne-idee\/#breadcrumb","itemListElement":[{"@type":"ListItem","position":1,"name":"Accueil","item":"https:\/\/www.mobilier-design-occasion.fr\/magazine\/"},{"@type":"ListItem","position":2,"name":"Acheter du mobilier de seconde main sur Bonne mani\u00e8re : la bonne id\u00e9e!"}]},{"@type":"WebSite","@id":"https:\/\/www.mobilier-design-occasion.fr\/magazine\/#website","url":"https:\/\/www.mobilier-design-occasion.fr\/magazine\/","name":"Mobilier Design Magazine","description":"","publisher":{"@id":"https:\/\/www.mobilier-design-occasion.fr\/magazine\/#organization"},"potentialAction":[{"@type":"SearchAction","target":{"@type":"EntryPoint","urlTemplate":"https:\/\/www.mobilier-design-occasion.fr\/magazine\/?s={search_term_string}"},"query-input":{"@type":"PropertyValueSpecification","valueRequired":true,"valueName":"search_term_string"}}],"inLanguage":"fr-FR"},{"@type":"Organization","@id":"https:\/\/www.mobilier-design-occasion.fr\/magazine\/#organization","name":"Mobilier Design Magazine","url":"https:\/\/www.mobilier-design-occasion.fr\/magazine\/","logo":{"@type":"ImageObject","inLanguage":"fr-FR","@id":"https:\/\/www.mobilier-design-occasion.fr\/magazine\/#\/schema\/logo\/image\/","url":"https:\/\/www.mobilier-design-occasion.fr\/magazine\/wp-content\/uploads\/2024\/02\/android-chrome-192x192-1.png","contentUrl":"https:\/\/www.mobilier-design-occasion.fr\/magazine\/wp-content\/uploads\/2024\/02\/android-chrome-192x192-1.png","width":192,"height":192,"caption":"Mobilier Design Magazine"},"image":{"@id":"https:\/\/www.mobilier-design-occasion.fr\/magazine\/#\/schema\/logo\/image\/"},"sameAs":["https:\/\/www.facebook.com\/mobilierdesignoccasion"]},{"@type":"Person","@id":"https:\/\/www.mobilier-design-occasion.fr\/magazine\/#\/schema\/person\/af895bedc80bfb6b17730a672fddac9e","name":"Vincent Vandegans","image":{"@type":"ImageObject","inLanguage":"fr-FR","@id":"https:\/\/secure.gravatar.com\/avatar\/b984800dabdf722d5e3f03f637c8932dea77d81118467d17ad2953e3b273ec66?s=96&d=mm&r=g","url":"https:\/\/secure.gravatar.com\/avatar\/b984800dabdf722d5e3f03f637c8932dea77d81118467d17ad2953e3b273ec66?s=96&d=mm&r=g","contentUrl":"https:\/\/secure.gravatar.com\/avatar\/b984800dabdf722d5e3f03f637c8932dea77d81118467d17ad2953e3b273ec66?s=96&d=mm&r=g","caption":"Vincent Vandegans"},"description":"Vincent est passionn\u00e9 par les produits d'occasion, il a ouvert le site MDO avec Cyrielle pour aider les gens \u00e0 trouver du mobilier d'occasion, vintage ou usag\u00e9. Depuis, ils ont \u00e9tendu leurs activit\u00e9s et conseillent tout le monde sur le mobilier d'int\u00e9rieur et d'ext\u00e9rieur au quotidien \u00e0 travers le magazine MDO.","url":"https:\/\/www.mobilier-design-occasion.fr\/magazine\/author\/vincent\/"}]}},"_links":{"self":[{"href":"https:\/\/www.mobilier-design-occasion.fr\/magazine\/wp-json\/wp\/v2\/posts\/8060","targetHints":{"allow":["GET"]}}],"collection":[{"href":"https:\/\/www.mobilier-design-occasion.fr\/magazine\/wp-json\/wp\/v2\/posts"}],"about":[{"href":"https:\/\/www.mobilier-design-occasion.fr\/magazine\/wp-json\/wp\/v2\/types\/post"}],"author":[{"embeddable":true,"href":"https:\/\/www.mobilier-design-occasion.fr\/magazine\/wp-json\/wp\/v2\/users\/2"}],"replies":[{"embeddable":true,"href":"https:\/\/www.mobilier-design-occasion.fr\/magazine\/wp-json\/wp\/v2\/comments?post=8060"}],"version-history":[{"count":1,"href":"https:\/\/www.mobilier-design-occasion.fr\/magazine\/wp-json\/wp\/v2\/posts\/8060\/revisions"}],"predecessor-version":[{"id":8064,"href":"https:\/\/www.mobilier-design-occasion.fr\/magazine\/wp-json\/wp\/v2\/posts\/8060\/revisions\/8064"}],"wp:featuredmedia":[{"embeddable":true,"href":"https:\/\/www.mobilier-design-occasion.fr\/magazine\/wp-json\/wp\/v2\/media\/8061"}],"wp:attachment":[{"href":"https:\/\/www.mobilier-design-occasion.fr\/magazine\/wp-json\/wp\/v2\/media?parent=8060"}],"wp:term":[{"taxonomy":"category","embeddable":true,"href":"https:\/\/www.mobilier-design-occasion.fr\/magazine\/wp-json\/wp\/v2\/categories?post=8060"},{"taxonomy":"post_tag","embeddable":true,"href":"https:\/\/www.mobilier-design-occasion.fr\/magazine\/wp-json\/wp\/v2\/tags?post=8060"}],"curies":[{"name":"wp","href":"https:\/\/api.w.org\/{rel}","templated":true}]}}