{"id":8050,"date":"2025-02-25T08:23:03","date_gmt":"2025-02-25T08:23:03","guid":{"rendered":"https:\/\/www.mobilier-design-occasion.fr\/magazine\/?p=8050"},"modified":"2025-02-25T08:23:47","modified_gmt":"2025-02-25T08:23:47","slug":"pourquoi-votre-canape-convertible-est-obsolete","status":"publish","type":"post","link":"https:\/\/www.mobilier-design-occasion.fr\/magazine\/pourquoi-votre-canape-convertible-est-obsolete\/","title":{"rendered":"Pourquoi votre canap\u00e9 convertible est obsol\u00e8te"},"content":{"rendered":"\n<h3 class=\"wp-block-heading\"><span class=\"ez-toc-section\" id=\"%F0%9F%93%8C_A_retenir_pourquoi_choisir_un_canape_convertible_moderne\"><\/span>\ud83d\udccc \u00c0 retenir : pourquoi choisir un canap\u00e9 convertible moderne ?<span class=\"ez-toc-section-end\"><\/span><\/h3><div id=\"ez-toc-container\" class=\"ez-toc-v2_0_82_2 counter-hierarchy ez-toc-counter ez-toc-grey ez-toc-container-direction\">\n<div class=\"ez-toc-title-container\">\n<span class=\"ez-toc-title-toggle\"><a href=\"#\" class=\"ez-toc-pull-right ez-toc-btn ez-toc-btn-xs ez-toc-btn-default ez-toc-toggle\" aria-label=\"Toggle Table of Content\"><span class=\"ez-toc-js-icon-con\"><span class=\"\"><span class=\"eztoc-hide\" style=\"display:none;\">Toggle<\/span><span class=\"ez-toc-icon-toggle-span\"><svg style=\"fill: #999;color:#999\" xmlns=\"http:\/\/www.w3.org\/2000\/svg\" class=\"list-377408\" width=\"20px\" height=\"20px\" viewBox=\"0 0 24 24\" fill=\"none\"><path d=\"M6 6H4v2h2V6zm14 0H8v2h12V6zM4 11h2v2H4v-2zm16 0H8v2h12v-2zM4 16h2v2H4v-2zm16 0H8v2h12v-2z\" fill=\"currentColor\"><\/path><\/svg><svg style=\"fill: #999;color:#999\" class=\"arrow-unsorted-368013\" xmlns=\"http:\/\/www.w3.org\/2000\/svg\" width=\"10px\" height=\"10px\" viewBox=\"0 0 24 24\" version=\"1.2\" baseProfile=\"tiny\"><path d=\"M18.2 9.3l-6.2-6.3-6.2 6.3c-.2.2-.3.4-.3.7s.1.5.3.7c.2.2.4.3.7.3h11c.3 0 .5-.1.7-.3.2-.2.3-.5.3-.7s-.1-.5-.3-.7zM5.8 14.7l6.2 6.3 6.2-6.3c.2-.2.3-.5.3-.7s-.1-.5-.3-.7c-.2-.2-.4-.3-.7-.3h-11c-.3 0-.5.1-.7.3-.2.2-.3.5-.3.7s.1.5.3.7z\"\/><\/svg><\/span><\/span><\/span><\/a><\/span><\/div>\n<nav><ul class='ez-toc-list ez-toc-list-level-1 eztoc-toggle-hide-by-default' ><li class='ez-toc-page-1 ez-toc-heading-level-3'><a class=\"ez-toc-link ez-toc-heading-1\" href=\"https:\/\/www.mobilier-design-occasion.fr\/magazine\/pourquoi-votre-canape-convertible-est-obsolete\/#%F0%9F%93%8C_A_retenir_pourquoi_choisir_un_canape_convertible_moderne\" >\ud83d\udccc \u00c0 retenir : pourquoi choisir un canap\u00e9 convertible moderne ?<\/a><\/li><li class='ez-toc-page-1 ez-toc-heading-level-3'><a class=\"ez-toc-link ez-toc-heading-2\" href=\"https:\/\/www.mobilier-design-occasion.fr\/magazine\/pourquoi-votre-canape-convertible-est-obsolete\/#1_Confort_lere_du_couchage_de_qualite\" >1. Confort : l\u2019\u00e8re du couchage de qualit\u00e9<\/a><\/li><li class='ez-toc-page-1 ez-toc-heading-level-3'><a class=\"ez-toc-link ez-toc-heading-3\" href=\"https:\/\/www.mobilier-design-occasion.fr\/magazine\/pourquoi-votre-canape-convertible-est-obsolete\/#2_Zoom_sur_les_technologies_de_confort\" >2. Zoom sur les technologies de confort<\/a><\/li><li class='ez-toc-page-1 ez-toc-heading-level-3'><a class=\"ez-toc-link ez-toc-heading-4\" href=\"https:\/\/www.mobilier-design-occasion.fr\/magazine\/pourquoi-votre-canape-convertible-est-obsolete\/#3_Esthetique_et_design_lallie_de_votre_interieur\" >3. Esth\u00e9tique et design : l\u2019alli\u00e9 de votre int\u00e9rieur<\/a><\/li><li class='ez-toc-page-1 ez-toc-heading-level-3'><a class=\"ez-toc-link ez-toc-heading-5\" href=\"https:\/\/www.mobilier-design-occasion.fr\/magazine\/pourquoi-votre-canape-convertible-est-obsolete\/#4_Les_meilleures_marques_et_modeles_du_marche\" >4. Les meilleures marques et mod\u00e8les du march\u00e9<\/a><\/li><li class='ez-toc-page-1 ez-toc-heading-level-3'><a class=\"ez-toc-link ez-toc-heading-6\" href=\"https:\/\/www.mobilier-design-occasion.fr\/magazine\/pourquoi-votre-canape-convertible-est-obsolete\/#5_Fonctionnalite_un_meuble_intelligent\" >5. Fonctionnalit\u00e9 : un meuble intelligent<\/a><\/li><li class='ez-toc-page-1 ez-toc-heading-level-3'><a class=\"ez-toc-link ez-toc-heading-7\" href=\"https:\/\/www.mobilier-design-occasion.fr\/magazine\/pourquoi-votre-canape-convertible-est-obsolete\/#6_Temoignages_le_verdict_des_utilisateurs\" >6. T\u00e9moignages : le verdict des utilisateurs<\/a><\/li><li class='ez-toc-page-1 ez-toc-heading-level-3'><a class=\"ez-toc-link ez-toc-heading-8\" href=\"https:\/\/www.mobilier-design-occasion.fr\/magazine\/pourquoi-votre-canape-convertible-est-obsolete\/#7_Comparaison_avec_dautres_alternatives_dameublement\" >7. Comparaison avec d\u2019autres alternatives d\u2019ameublement<\/a><\/li><li class='ez-toc-page-1 ez-toc-heading-level-3'><a class=\"ez-toc-link ez-toc-heading-9\" href=\"https:\/\/www.mobilier-design-occasion.fr\/magazine\/pourquoi-votre-canape-convertible-est-obsolete\/#Conclusion_vous_ne_pouvez_plus_ignorer_cette_evolution\" >Conclusion : vous ne pouvez plus ignorer cette \u00e9volution<\/a><\/li><\/ul><\/nav><\/div>\n\n\n\n\n<ul class=\"wp-block-list\">\n<li><strong>Un confort r\u00e9volutionnaire<\/strong> : matelas \u00e9pais, sommiers ergonomiques et syst\u00e8mes d\u2019ouverture fluides pour un vrai couchage de qualit\u00e9.<\/li>\n\n\n\n<li><strong>Un design \u00e9l\u00e9gant et adaptable<\/strong> : finies les grosses structures encombrantes, place aux lignes \u00e9pur\u00e9es et aux mat\u00e9riaux premium.<\/li>\n\n\n\n<li><strong>Une praticit\u00e9 in\u00e9gal\u00e9e<\/strong> : rangements int\u00e9gr\u00e9s, ouverture simplifi\u00e9e et formats gain de place pour optimiser chaque m\u00b2.<\/li>\n\n\n\n<li><strong>Un investissement rentable<\/strong> : plus durable, plus confortable et plus esth\u00e9tique qu\u2019un vieux convertible ou un lit d\u2019appoint.<\/li>\n<\/ul>\n\n\n\n<p>\ud83d\udc49 <strong>Ne laissez plus un meuble obsol\u00e8te g\u00e2cher votre espace et votre sommeil.<\/strong> Le canap\u00e9 convertible moderne est la solution id\u00e9ale pour allier confort, style et fonctionnalit\u00e9.<\/p>\n\n\n\n<hr class=\"wp-block-separator has-alpha-channel-opacity\"\/>\n\n\n\n<p>Si votre canap\u00e9 convertible date de plus de dix ans, il est probablement d\u00e9pass\u00e9. Je l\u2019ai constat\u00e9 encore et encore : des assises affaiss\u00e9es, des m\u00e9canismes bruyants, une esth\u00e9tique douteuse. Or, les mod\u00e8les modernes n\u2019ont plus rien \u00e0 voir avec ces versions archa\u00efques.<\/p>\n\n\n\n<p>Les nouvelles g\u00e9n\u00e9rations de canap\u00e9s convertibles ne sont plus un compromis, mais une vraie r\u00e9volution. Vous voulez un canap\u00e9 aussi confortable qu\u2019un vrai lit et aussi design qu\u2019un meuble de luxe ? C\u2019est d\u00e9sormais possible. Voici pourquoi vous devez oublier votre vieux convertible et investir dans un mod\u00e8le nouvelle g\u00e9n\u00e9ration.<\/p>\n\n\n\n<p><a href=\"https:\/\/bestmobilier.com\/canape-convertible-c71\">Les avantages d&#8217;un canap\u00e9 convertible moderne<\/a> sont nombreux et nous allons l&#8217;analyser.<\/p>\n\n\n\n<figure class=\"wp-block-image size-large\"><img loading=\"lazy\" decoding=\"async\" width=\"1024\" height=\"354\" src=\"https:\/\/www.mobilier-design-occasion.fr\/magazine\/wp-content\/uploads\/2025\/02\/image-1024x354.png\" alt=\"\" class=\"wp-image-8051\" srcset=\"https:\/\/www.mobilier-design-occasion.fr\/magazine\/wp-content\/uploads\/2025\/02\/image-1024x354.png 1024w, https:\/\/www.mobilier-design-occasion.fr\/magazine\/wp-content\/uploads\/2025\/02\/image-300x104.png 300w, https:\/\/www.mobilier-design-occasion.fr\/magazine\/wp-content\/uploads\/2025\/02\/image-768x265.png 768w, https:\/\/www.mobilier-design-occasion.fr\/magazine\/wp-content\/uploads\/2025\/02\/image-810x280.png 810w, https:\/\/www.mobilier-design-occasion.fr\/magazine\/wp-content\/uploads\/2025\/02\/image-1140x394.png 1140w, https:\/\/www.mobilier-design-occasion.fr\/magazine\/wp-content\/uploads\/2025\/02\/image.png 1176w\" sizes=\"auto, (max-width: 1024px) 100vw, 1024px\" \/><\/figure>\n\n\n\n<hr class=\"wp-block-separator has-alpha-channel-opacity\"\/>\n\n\n\n<h3 class=\"wp-block-heading\"><span class=\"ez-toc-section\" id=\"1_Confort_lere_du_couchage_de_qualite\"><\/span>1. Confort : l\u2019\u00e8re du couchage de qualit\u00e9<span class=\"ez-toc-section-end\"><\/span><\/h3>\n\n\n\n<p>Fini le matelas mince et les barres m\u00e9talliques qui vous cassent le dos. Les canap\u00e9s convertibles modernes int\u00e8grent :<\/p>\n\n\n\n<ul class=\"wp-block-list\">\n<li><strong>Des matelas \u00e9pais et ergonomiques<\/strong> : mousse haute r\u00e9silience, latex, ou m\u00eame \u00e0 m\u00e9moire de forme.<\/li>\n\n\n\n<li><strong>Des sommiers performants<\/strong> : lattes larges, grilles robustes, voire des syst\u00e8mes \u00e0 lattes actives pour un vrai soutien dorsal.<\/li>\n\n\n\n<li><strong>Une ouverture fluide<\/strong> : m\u00e9canismes ing\u00e9nieux (Rapido, Lampolet) qui permettent d\u2019ouvrir le lit en quelques secondes, sans effort et sans tout d\u00e9placer.<\/li>\n<\/ul>\n\n\n\n<p>\ud83d\udc49 J\u2019ai test\u00e9 des mod\u00e8les qui rivalisent avec de vrais lits en termes de confort nocturne. Croyez-moi, dormir sur un canap\u00e9 convertible n\u2019a jamais \u00e9t\u00e9 aussi agr\u00e9able.<\/p>\n\n\n\n<figure class=\"wp-block-image size-large\"><img loading=\"lazy\" decoding=\"async\" width=\"1024\" height=\"354\" src=\"https:\/\/www.mobilier-design-occasion.fr\/magazine\/wp-content\/uploads\/2025\/02\/image-1-1024x354.png\" alt=\"\" class=\"wp-image-8052\" srcset=\"https:\/\/www.mobilier-design-occasion.fr\/magazine\/wp-content\/uploads\/2025\/02\/image-1-1024x354.png 1024w, https:\/\/www.mobilier-design-occasion.fr\/magazine\/wp-content\/uploads\/2025\/02\/image-1-300x104.png 300w, https:\/\/www.mobilier-design-occasion.fr\/magazine\/wp-content\/uploads\/2025\/02\/image-1-768x266.png 768w, https:\/\/www.mobilier-design-occasion.fr\/magazine\/wp-content\/uploads\/2025\/02\/image-1-810x280.png 810w, https:\/\/www.mobilier-design-occasion.fr\/magazine\/wp-content\/uploads\/2025\/02\/image-1-1140x394.png 1140w, https:\/\/www.mobilier-design-occasion.fr\/magazine\/wp-content\/uploads\/2025\/02\/image-1.png 1174w\" sizes=\"auto, (max-width: 1024px) 100vw, 1024px\" \/><\/figure>\n\n\n\n<hr class=\"wp-block-separator has-alpha-channel-opacity\"\/>\n\n\n\n<h3 class=\"wp-block-heading\"><span class=\"ez-toc-section\" id=\"2_Zoom_sur_les_technologies_de_confort\"><\/span>2. Zoom sur les technologies de confort<span class=\"ez-toc-section-end\"><\/span><\/h3>\n\n\n\n<p>Les fabricants ne se contentent plus de proposer un simple lit d\u2019appoint. Les technologies de confort des canap\u00e9s convertibles ont connu des avanc\u00e9es majeures :<\/p>\n\n\n\n<ul class=\"wp-block-list\">\n<li><strong>Matelas derni\u00e8re g\u00e9n\u00e9ration<\/strong> : certains mod\u00e8les sont \u00e9quip\u00e9s de mousse \u00e0 m\u00e9moire de forme, qui \u00e9pouse parfaitement le corps pour r\u00e9duire les points de pression.<\/li>\n\n\n\n<li><strong>Syst\u00e8mes de suspension avanc\u00e9s<\/strong> : les sommiers \u00e0 lattes flexibles ou en grille m\u00e9tallique renforc\u00e9e am\u00e9liorent la r\u00e9partition du poids et prolongent la dur\u00e9e de vie du couchage.<\/li>\n\n\n\n<li><strong>Rev\u00eatements respirants<\/strong> : fini la transpiration excessive, les tissus techniques assurent une meilleure ventilation et \u00e9vitent l\u2019effet &#8220;\u00e9tuve&#8221; des anciens mod\u00e8les.<\/li>\n<\/ul>\n\n\n\n<p>Aujourd\u2019hui, il est possible de dormir chaque nuit sur un canap\u00e9 convertible sans souffrir du dos. Un v\u00e9ritable exploit si l\u2019on se souvient des mod\u00e8les des ann\u00e9es 2000 !<\/p>\n\n\n\n<figure class=\"wp-block-image size-large\"><img loading=\"lazy\" decoding=\"async\" width=\"1024\" height=\"379\" src=\"https:\/\/www.mobilier-design-occasion.fr\/magazine\/wp-content\/uploads\/2025\/02\/image-2-1024x379.png\" alt=\"\" class=\"wp-image-8053\" srcset=\"https:\/\/www.mobilier-design-occasion.fr\/magazine\/wp-content\/uploads\/2025\/02\/image-2-1024x379.png 1024w, https:\/\/www.mobilier-design-occasion.fr\/magazine\/wp-content\/uploads\/2025\/02\/image-2-300x111.png 300w, https:\/\/www.mobilier-design-occasion.fr\/magazine\/wp-content\/uploads\/2025\/02\/image-2-768x284.png 768w, https:\/\/www.mobilier-design-occasion.fr\/magazine\/wp-content\/uploads\/2025\/02\/image-2-810x300.png 810w, https:\/\/www.mobilier-design-occasion.fr\/magazine\/wp-content\/uploads\/2025\/02\/image-2.png 1026w\" sizes=\"auto, (max-width: 1024px) 100vw, 1024px\" \/><\/figure>\n\n\n\n<hr class=\"wp-block-separator has-alpha-channel-opacity\"\/>\n\n\n\n<h3 class=\"wp-block-heading\"><span class=\"ez-toc-section\" id=\"3_Esthetique_et_design_lallie_de_votre_interieur\"><\/span>3. Esth\u00e9tique et design : l\u2019alli\u00e9 de votre int\u00e9rieur<span class=\"ez-toc-section-end\"><\/span><\/h3>\n\n\n\n<p>Oubliez l\u2019image du gros canap\u00e9 massif et peu \u00e9l\u00e9gant. Les marques rivalisent aujourd\u2019hui d\u2019ing\u00e9niosit\u00e9 pour proposer des mod\u00e8les au design \u00e9pur\u00e9 et fonctionnel :<\/p>\n\n\n\n<ul class=\"wp-block-list\">\n<li><strong>Des lignes minimalistes<\/strong> : parfaites pour un salon contemporain.<\/li>\n\n\n\n<li><strong>Des rev\u00eatements de qualit\u00e9<\/strong> : cuir pleine fleur, velours c\u00f4tel\u00e9, lin naturel.<\/li>\n\n\n\n<li><strong>Des coloris tendance<\/strong> : terracotta, bleu nuit, beige gr\u00e8ge, des tons qui s\u2019harmonisent avec toutes les d\u00e9corations.<\/li>\n<\/ul>\n\n\n\n<p>Autre point essentiel : l\u2019aspect modulable. Certains mod\u00e8les proposent des accoudoirs amovibles, des dossiers inclinables, voire des m\u00e9ridiennes r\u00e9versibles. C\u2019est le confort qui s\u2019adapte \u00e0 votre espace, et non l\u2019inverse.<\/p>\n\n\n\n<figure class=\"wp-block-image size-full\"><img loading=\"lazy\" decoding=\"async\" width=\"914\" height=\"374\" src=\"https:\/\/www.mobilier-design-occasion.fr\/magazine\/wp-content\/uploads\/2025\/02\/image-3.png\" alt=\"\" class=\"wp-image-8054\" srcset=\"https:\/\/www.mobilier-design-occasion.fr\/magazine\/wp-content\/uploads\/2025\/02\/image-3.png 914w, https:\/\/www.mobilier-design-occasion.fr\/magazine\/wp-content\/uploads\/2025\/02\/image-3-300x123.png 300w, https:\/\/www.mobilier-design-occasion.fr\/magazine\/wp-content\/uploads\/2025\/02\/image-3-768x314.png 768w, https:\/\/www.mobilier-design-occasion.fr\/magazine\/wp-content\/uploads\/2025\/02\/image-3-810x331.png 810w\" sizes=\"auto, (max-width: 914px) 100vw, 914px\" \/><\/figure>\n\n\n\n<hr class=\"wp-block-separator has-alpha-channel-opacity\"\/>\n\n\n\n<h3 class=\"wp-block-heading\"><span class=\"ez-toc-section\" id=\"4_Les_meilleures_marques_et_modeles_du_marche\"><\/span>4. Les meilleures marques et mod\u00e8les du march\u00e9<span class=\"ez-toc-section-end\"><\/span><\/h3>\n\n\n\n<p>Certaines enseignes se d\u00e9marquent particuli\u00e8rement par la qualit\u00e9 et l\u2019innovation de leurs canap\u00e9s convertibles :<\/p>\n\n\n\n<ul class=\"wp-block-list\">\n<li><strong>Milano Bedding<\/strong> : sp\u00e9cialiste des canap\u00e9s convertibles haut de gamme, avec des matelas tr\u00e8s \u00e9pais et des m\u00e9canismes faciles \u00e0 manipuler.<\/li>\n\n\n\n<li><strong>Innovation Living<\/strong> : marque danoise proposant des designs minimalistes et des syst\u00e8mes de couchage tr\u00e8s confortables.<\/li>\n\n\n\n<li><strong>Poltronesof\u00e0<\/strong> : connue pour ses finitions impeccables et ses mat\u00e9riaux premium.<\/li>\n<\/ul>\n\n\n\n<p>Parmi les mod\u00e8les phares, on retrouve le <strong>canap\u00e9 convertible Rapido<\/strong>, pl\u00e9biscit\u00e9 pour son ouverture ultra fluide, et les mod\u00e8les \u00e9quip\u00e9s du syst\u00e8me <strong>Lampolet<\/strong>, un standard en mati\u00e8re de durabilit\u00e9 et de confort.<\/p>\n\n\n\n<p>\ud83d\udc49 <strong>Fourchette de prix :<\/strong> Comptez entre <strong>800 et 3 500 \u20ac<\/strong> selon la gamme et les options choisies. Un investissement rentable sur le long terme !<\/p>\n\n\n\n<figure class=\"wp-block-image size-full\"><img loading=\"lazy\" decoding=\"async\" width=\"928\" height=\"392\" src=\"https:\/\/www.mobilier-design-occasion.fr\/magazine\/wp-content\/uploads\/2025\/02\/image-4.png\" alt=\"\" class=\"wp-image-8055\" srcset=\"https:\/\/www.mobilier-design-occasion.fr\/magazine\/wp-content\/uploads\/2025\/02\/image-4.png 928w, https:\/\/www.mobilier-design-occasion.fr\/magazine\/wp-content\/uploads\/2025\/02\/image-4-300x127.png 300w, https:\/\/www.mobilier-design-occasion.fr\/magazine\/wp-content\/uploads\/2025\/02\/image-4-768x324.png 768w, https:\/\/www.mobilier-design-occasion.fr\/magazine\/wp-content\/uploads\/2025\/02\/image-4-810x342.png 810w\" sizes=\"auto, (max-width: 928px) 100vw, 928px\" \/><\/figure>\n\n\n\n<hr class=\"wp-block-separator has-alpha-channel-opacity\"\/>\n\n\n\n<h3 class=\"wp-block-heading\"><span class=\"ez-toc-section\" id=\"5_Fonctionnalite_un_meuble_intelligent\"><\/span>5. Fonctionnalit\u00e9 : un meuble intelligent<span class=\"ez-toc-section-end\"><\/span><\/h3>\n\n\n\n<p>Un bon canap\u00e9 convertible moderne, c\u2019est aussi un meuble ultra-pratique :<\/p>\n\n\n\n<ul class=\"wp-block-list\">\n<li><strong>Des rangements int\u00e9gr\u00e9s<\/strong> : tiroirs sous l\u2019assise, coffre dans la m\u00e9ridienne pour stocker couettes et oreillers.<\/li>\n\n\n\n<li><strong>Un syst\u00e8me d\u2019ouverture intuitif<\/strong> : exit les gal\u00e8res pour d\u00e9plier le lit, tout est pens\u00e9 pour \u00eatre rapide et fluide.<\/li>\n\n\n\n<li><strong>Une adaptabilit\u00e9 \u00e0 l\u2019espace<\/strong> : les mod\u00e8les gain de place sont parfaits pour les petits appartements, les studios ou les chambres d\u2019amis.<\/li>\n<\/ul>\n\n\n\n<p>\ud83d\udccc <strong>Comparatif rapide entre un vieux canap\u00e9 convertible et un mod\u00e8le moderne :<\/strong><\/p>\n\n\n\n<figure class=\"wp-block-table\"><table class=\"has-fixed-layout\"><thead><tr><th>Crit\u00e8res<\/th><th>Ancien canap\u00e9 convertible<\/th><th>Moderne canap\u00e9 convertible<\/th><\/tr><\/thead><tbody><tr><td>Confort<\/td><td>Matelas fin, barre g\u00eanante<\/td><td>Matelas \u00e9pais, sommier ergonomique<\/td><\/tr><tr><td>Esth\u00e9tique<\/td><td>Design massif, vieillot<\/td><td>Lignes \u00e9l\u00e9gantes, rev\u00eatements haut de gamme<\/td><\/tr><tr><td>Praticit\u00e9<\/td><td>Ouverture complexe<\/td><td>D\u00e9ploiement rapide et fluide<\/td><\/tr><tr><td>Rangements<\/td><td>Rarement pr\u00e9sents<\/td><td>Espaces int\u00e9gr\u00e9s pour le linge<\/td><\/tr><tr><td>Durabilit\u00e9<\/td><td>S&#8217;use vite, m\u00e9canismes bruyants<\/td><td>Mat\u00e9riaux r\u00e9sistants et p\u00e9rennes<\/td><\/tr><\/tbody><\/table><\/figure>\n\n\n\n<hr class=\"wp-block-separator has-alpha-channel-opacity\"\/>\n\n\n\n<figure class=\"wp-block-image size-large\"><img loading=\"lazy\" decoding=\"async\" width=\"1024\" height=\"387\" src=\"https:\/\/www.mobilier-design-occasion.fr\/magazine\/wp-content\/uploads\/2025\/02\/image-5-1024x387.png\" alt=\"\" class=\"wp-image-8056\" srcset=\"https:\/\/www.mobilier-design-occasion.fr\/magazine\/wp-content\/uploads\/2025\/02\/image-5-1024x387.png 1024w, https:\/\/www.mobilier-design-occasion.fr\/magazine\/wp-content\/uploads\/2025\/02\/image-5-300x114.png 300w, https:\/\/www.mobilier-design-occasion.fr\/magazine\/wp-content\/uploads\/2025\/02\/image-5-768x291.png 768w, https:\/\/www.mobilier-design-occasion.fr\/magazine\/wp-content\/uploads\/2025\/02\/image-5-810x306.png 810w, https:\/\/www.mobilier-design-occasion.fr\/magazine\/wp-content\/uploads\/2025\/02\/image-5.png 1036w\" sizes=\"auto, (max-width: 1024px) 100vw, 1024px\" \/><\/figure>\n\n\n\n<h3 class=\"wp-block-heading\"><span class=\"ez-toc-section\" id=\"6_Temoignages_le_verdict_des_utilisateurs\"><\/span>6. T\u00e9moignages : le verdict des utilisateurs<span class=\"ez-toc-section-end\"><\/span><\/h3>\n\n\n\n<p>\ud83d\udc64 <strong>C\u00e9line, 38 ans, Paris<\/strong> :<br><em>&#8220;J\u2019avais un vieux convertible qui me cassait le dos. Depuis que j\u2019ai investi dans un mod\u00e8le avec matelas \u00e0 m\u00e9moire de forme, je dors comme un b\u00e9b\u00e9, m\u00eame en couchage quotidien !&#8221;<\/em><\/p>\n\n\n\n<p>\ud83d\udc64 <strong>Maxime, 45 ans, Lyon<\/strong> :<br><em>&#8220;Le canap\u00e9 convertible Lampolet a chang\u00e9 mon quotidien. Facile \u00e0 ouvrir, hyper confortable et super \u00e9l\u00e9gant. Un vrai gain de place sans compromis.&#8221;<\/em><\/p>\n\n\n\n<p>Les avis sont unanimes : un canap\u00e9 convertible moderne n\u2019a plus rien \u00e0 voir avec les anciens mod\u00e8les.<\/p>\n\n\n\n<hr class=\"wp-block-separator has-alpha-channel-opacity\"\/>\n\n\n\n<h3 class=\"wp-block-heading\"><span class=\"ez-toc-section\" id=\"7_Comparaison_avec_dautres_alternatives_dameublement\"><\/span>7. Comparaison avec d\u2019autres alternatives d\u2019ameublement<span class=\"ez-toc-section-end\"><\/span><\/h3>\n\n\n\n<p>Si vous h\u00e9sitez entre plusieurs solutions pour optimiser votre espace, voici comment le canap\u00e9 convertible se positionne face aux autres options :<\/p>\n\n\n\n<figure class=\"wp-block-table\"><table class=\"has-fixed-layout\"><thead><tr><th>Solution<\/th><th>Avantages<\/th><th>Inconv\u00e9nients<\/th><\/tr><\/thead><tbody><tr><td><strong>Canap\u00e9 convertible moderne<\/strong><\/td><td>Confort optimal, gain de place, usage polyvalent<\/td><td>Prix parfois \u00e9lev\u00e9<\/td><\/tr><tr><td><strong>Lit escamotable<\/strong><\/td><td>Gain de place maximal, matelas de qualit\u00e9<\/td><td>Co\u00fbt tr\u00e8s \u00e9lev\u00e9, installation complexe<\/td><\/tr><tr><td><strong>Canap\u00e9-lit gigogne<\/strong><\/td><td>Id\u00e9al pour les petits espaces, budget r\u00e9duit<\/td><td>Moins confortable pour un usage quotidien<\/td><\/tr><tr><td><strong>Canap\u00e9 classique + lit s\u00e9par\u00e9<\/strong><\/td><td>Confort maximal pour le couchage<\/td><td>Prend trop de place dans un petit appartement<\/td><\/tr><\/tbody><\/table><\/figure>\n\n\n\n<p>Clairement, pour ceux qui recherchent un \u00e9quilibre parfait entre confort, design et praticit\u00e9, <strong>le canap\u00e9 convertible moderne reste la meilleure option<\/strong>.<\/p>\n\n\n\n<hr class=\"wp-block-separator has-alpha-channel-opacity\"\/>\n\n\n\n<figure class=\"wp-block-image size-large\"><img loading=\"lazy\" decoding=\"async\" width=\"1024\" height=\"346\" src=\"https:\/\/www.mobilier-design-occasion.fr\/magazine\/wp-content\/uploads\/2025\/02\/image-6-1024x346.png\" alt=\"\" class=\"wp-image-8057\" srcset=\"https:\/\/www.mobilier-design-occasion.fr\/magazine\/wp-content\/uploads\/2025\/02\/image-6-1024x346.png 1024w, https:\/\/www.mobilier-design-occasion.fr\/magazine\/wp-content\/uploads\/2025\/02\/image-6-300x101.png 300w, https:\/\/www.mobilier-design-occasion.fr\/magazine\/wp-content\/uploads\/2025\/02\/image-6-768x260.png 768w, https:\/\/www.mobilier-design-occasion.fr\/magazine\/wp-content\/uploads\/2025\/02\/image-6-810x274.png 810w, https:\/\/www.mobilier-design-occasion.fr\/magazine\/wp-content\/uploads\/2025\/02\/image-6.png 1112w\" sizes=\"auto, (max-width: 1024px) 100vw, 1024px\" \/><\/figure>\n\n\n\n<h3 class=\"wp-block-heading\"><span class=\"ez-toc-section\" id=\"Conclusion_vous_ne_pouvez_plus_ignorer_cette_evolution\"><\/span><strong>Conclusion : vous ne pouvez plus ignorer cette \u00e9volution<\/strong><span class=\"ez-toc-section-end\"><\/span><\/h3>\n\n\n\n<p>Si vous utilisez encore un vieux convertible, il est temps de passer \u00e0 autre chose. Le march\u00e9 regorge de mod\u00e8les performants, esth\u00e9tiques et ultra-confortables. Pourquoi se priver d\u2019un meuble qui allie design et bien-\u00eatre ?<\/p>\n\n\n\n<p>Comme le disait Le Corbusier : <strong>&#8220;L\u2019architecture d\u2019int\u00e9rieur doit \u00eatre un mariage entre beaut\u00e9 et fonctionnalit\u00e9.&#8221;<\/strong> Le canap\u00e9 convertible moderne incarne parfaitement cette philosophie.<\/p>\n\n\n\n<p>Vous m\u00e9ritez mieux qu\u2019un canap\u00e9-lit bancal. Faites le bon choix.<\/p>\n","protected":false},"excerpt":{"rendered":"<p>\ud83d\udccc \u00c0 retenir : pourquoi choisir un canap\u00e9 convertible moderne ? \ud83d\udc49 Ne laissez plus un meuble obsol\u00e8te g\u00e2cher votre espace et votre sommeil. Le canap\u00e9 convertible moderne est la solution id\u00e9ale pour allier confort, style et fonctionnalit\u00e9. Si votre canap\u00e9 convertible date de plus de dix ans, il est probablement d\u00e9pass\u00e9. Je l\u2019ai constat\u00e9 [&hellip;]<\/p>\n","protected":false},"author":2,"featured_media":8057,"comment_status":"open","ping_status":"open","sticky":false,"template":"","format":"standard","meta":{"footnotes":""},"categories":[122],"tags":[160],"class_list":["post-8050","post","type-post","status-publish","format-standard","has-post-thumbnail","hentry","category-salon","tag-canape"],"yoast_head":"<!-- This site is optimized with the Yoast SEO plugin v27.5 - https:\/\/yoast.com\/product\/yoast-seo-wordpress\/ -->\n<title>Pourquoi votre canap\u00e9 convertible est obsol\u00e8te - Mobilier Design Magazine<\/title>\n<meta name=\"robots\" content=\"index, follow, max-snippet:-1, max-image-preview:large, max-video-preview:-1\" \/>\n<link rel=\"canonical\" href=\"https:\/\/www.mobilier-design-occasion.fr\/magazine\/pourquoi-votre-canape-convertible-est-obsolete\/\" \/>\n<meta property=\"og:locale\" content=\"fr_FR\" \/>\n<meta property=\"og:type\" content=\"article\" \/>\n<meta property=\"og:title\" content=\"Pourquoi votre canap\u00e9 convertible est obsol\u00e8te - Mobilier Design Magazine\" \/>\n<meta property=\"og:description\" content=\"\ud83d\udccc \u00c0 retenir : pourquoi choisir un canap\u00e9 convertible moderne ? \ud83d\udc49 Ne laissez plus un meuble obsol\u00e8te g\u00e2cher votre espace et votre sommeil. Le canap\u00e9 convertible moderne est la solution id\u00e9ale pour allier confort, style et fonctionnalit\u00e9. Si votre canap\u00e9 convertible date de plus de dix ans, il est probablement d\u00e9pass\u00e9. Je l\u2019ai constat\u00e9 [&hellip;]\" \/>\n<meta property=\"og:url\" content=\"https:\/\/www.mobilier-design-occasion.fr\/magazine\/pourquoi-votre-canape-convertible-est-obsolete\/\" \/>\n<meta property=\"og:site_name\" content=\"Mobilier Design Magazine\" \/>\n<meta property=\"article:publisher\" content=\"https:\/\/www.facebook.com\/mobilierdesignoccasion\" \/>\n<meta property=\"article:published_time\" content=\"2025-02-25T08:23:03+00:00\" \/>\n<meta property=\"article:modified_time\" content=\"2025-02-25T08:23:47+00:00\" \/>\n<meta property=\"og:image\" content=\"https:\/\/www.mobilier-design-occasion.fr\/magazine\/wp-content\/uploads\/2025\/02\/image-6.png\" \/>\n\t<meta property=\"og:image:width\" content=\"1112\" \/>\n\t<meta property=\"og:image:height\" content=\"376\" \/>\n\t<meta property=\"og:image:type\" content=\"image\/png\" \/>\n<meta name=\"author\" content=\"Vincent Vandegans\" \/>\n<meta name=\"twitter:card\" content=\"summary_large_image\" \/>\n<meta name=\"twitter:label1\" content=\"\u00c9crit par\" \/>\n\t<meta name=\"twitter:data1\" content=\"Vincent Vandegans\" \/>\n\t<meta name=\"twitter:label2\" content=\"Dur\u00e9e de lecture estim\u00e9e\" \/>\n\t<meta name=\"twitter:data2\" content=\"8 minutes\" \/>\n<script type=\"application\/ld+json\" class=\"yoast-schema-graph\">{\"@context\":\"https:\\\/\\\/schema.org\",\"@graph\":[{\"@type\":\"Article\",\"@id\":\"https:\\\/\\\/www.mobilier-design-occasion.fr\\\/magazine\\\/pourquoi-votre-canape-convertible-est-obsolete\\\/#article\",\"isPartOf\":{\"@id\":\"https:\\\/\\\/www.mobilier-design-occasion.fr\\\/magazine\\\/pourquoi-votre-canape-convertible-est-obsolete\\\/\"},\"author\":{\"name\":\"Vincent Vandegans\",\"@id\":\"https:\\\/\\\/www.mobilier-design-occasion.fr\\\/magazine\\\/#\\\/schema\\\/person\\\/af895bedc80bfb6b17730a672fddac9e\"},\"headline\":\"Pourquoi votre canap\u00e9 convertible est obsol\u00e8te\",\"datePublished\":\"2025-02-25T08:23:03+00:00\",\"dateModified\":\"2025-02-25T08:23:47+00:00\",\"mainEntityOfPage\":{\"@id\":\"https:\\\/\\\/www.mobilier-design-occasion.fr\\\/magazine\\\/pourquoi-votre-canape-convertible-est-obsolete\\\/\"},\"wordCount\":1215,\"commentCount\":0,\"publisher\":{\"@id\":\"https:\\\/\\\/www.mobilier-design-occasion.fr\\\/magazine\\\/#organization\"},\"image\":{\"@id\":\"https:\\\/\\\/www.mobilier-design-occasion.fr\\\/magazine\\\/pourquoi-votre-canape-convertible-est-obsolete\\\/#primaryimage\"},\"thumbnailUrl\":\"https:\\\/\\\/www.mobilier-design-occasion.fr\\\/magazine\\\/wp-content\\\/uploads\\\/2025\\\/02\\\/image-6.png\",\"keywords\":[\"canap\u00e9\"],\"articleSection\":[\"Salon\"],\"inLanguage\":\"fr-FR\",\"potentialAction\":[{\"@type\":\"CommentAction\",\"name\":\"Comment\",\"target\":[\"https:\\\/\\\/www.mobilier-design-occasion.fr\\\/magazine\\\/pourquoi-votre-canape-convertible-est-obsolete\\\/#respond\"]}]},{\"@type\":\"WebPage\",\"@id\":\"https:\\\/\\\/www.mobilier-design-occasion.fr\\\/magazine\\\/pourquoi-votre-canape-convertible-est-obsolete\\\/\",\"url\":\"https:\\\/\\\/www.mobilier-design-occasion.fr\\\/magazine\\\/pourquoi-votre-canape-convertible-est-obsolete\\\/\",\"name\":\"Pourquoi votre canap\u00e9 convertible est obsol\u00e8te - Mobilier Design Magazine\",\"isPartOf\":{\"@id\":\"https:\\\/\\\/www.mobilier-design-occasion.fr\\\/magazine\\\/#website\"},\"primaryImageOfPage\":{\"@id\":\"https:\\\/\\\/www.mobilier-design-occasion.fr\\\/magazine\\\/pourquoi-votre-canape-convertible-est-obsolete\\\/#primaryimage\"},\"image\":{\"@id\":\"https:\\\/\\\/www.mobilier-design-occasion.fr\\\/magazine\\\/pourquoi-votre-canape-convertible-est-obsolete\\\/#primaryimage\"},\"thumbnailUrl\":\"https:\\\/\\\/www.mobilier-design-occasion.fr\\\/magazine\\\/wp-content\\\/uploads\\\/2025\\\/02\\\/image-6.png\",\"datePublished\":\"2025-02-25T08:23:03+00:00\",\"dateModified\":\"2025-02-25T08:23:47+00:00\",\"breadcrumb\":{\"@id\":\"https:\\\/\\\/www.mobilier-design-occasion.fr\\\/magazine\\\/pourquoi-votre-canape-convertible-est-obsolete\\\/#breadcrumb\"},\"inLanguage\":\"fr-FR\",\"potentialAction\":[{\"@type\":\"ReadAction\",\"target\":[\"https:\\\/\\\/www.mobilier-design-occasion.fr\\\/magazine\\\/pourquoi-votre-canape-convertible-est-obsolete\\\/\"]}]},{\"@type\":\"ImageObject\",\"inLanguage\":\"fr-FR\",\"@id\":\"https:\\\/\\\/www.mobilier-design-occasion.fr\\\/magazine\\\/pourquoi-votre-canape-convertible-est-obsolete\\\/#primaryimage\",\"url\":\"https:\\\/\\\/www.mobilier-design-occasion.fr\\\/magazine\\\/wp-content\\\/uploads\\\/2025\\\/02\\\/image-6.png\",\"contentUrl\":\"https:\\\/\\\/www.mobilier-design-occasion.fr\\\/magazine\\\/wp-content\\\/uploads\\\/2025\\\/02\\\/image-6.png\",\"width\":1112,\"height\":376},{\"@type\":\"BreadcrumbList\",\"@id\":\"https:\\\/\\\/www.mobilier-design-occasion.fr\\\/magazine\\\/pourquoi-votre-canape-convertible-est-obsolete\\\/#breadcrumb\",\"itemListElement\":[{\"@type\":\"ListItem\",\"position\":1,\"name\":\"Accueil\",\"item\":\"https:\\\/\\\/www.mobilier-design-occasion.fr\\\/magazine\\\/\"},{\"@type\":\"ListItem\",\"position\":2,\"name\":\"Pourquoi votre canap\u00e9 convertible est obsol\u00e8te\"}]},{\"@type\":\"WebSite\",\"@id\":\"https:\\\/\\\/www.mobilier-design-occasion.fr\\\/magazine\\\/#website\",\"url\":\"https:\\\/\\\/www.mobilier-design-occasion.fr\\\/magazine\\\/\",\"name\":\"Mobilier Design Magazine\",\"description\":\"\",\"publisher\":{\"@id\":\"https:\\\/\\\/www.mobilier-design-occasion.fr\\\/magazine\\\/#organization\"},\"potentialAction\":[{\"@type\":\"SearchAction\",\"target\":{\"@type\":\"EntryPoint\",\"urlTemplate\":\"https:\\\/\\\/www.mobilier-design-occasion.fr\\\/magazine\\\/?s={search_term_string}\"},\"query-input\":{\"@type\":\"PropertyValueSpecification\",\"valueRequired\":true,\"valueName\":\"search_term_string\"}}],\"inLanguage\":\"fr-FR\"},{\"@type\":\"Organization\",\"@id\":\"https:\\\/\\\/www.mobilier-design-occasion.fr\\\/magazine\\\/#organization\",\"name\":\"Mobilier Design Magazine\",\"url\":\"https:\\\/\\\/www.mobilier-design-occasion.fr\\\/magazine\\\/\",\"logo\":{\"@type\":\"ImageObject\",\"inLanguage\":\"fr-FR\",\"@id\":\"https:\\\/\\\/www.mobilier-design-occasion.fr\\\/magazine\\\/#\\\/schema\\\/logo\\\/image\\\/\",\"url\":\"https:\\\/\\\/www.mobilier-design-occasion.fr\\\/magazine\\\/wp-content\\\/uploads\\\/2024\\\/02\\\/android-chrome-192x192-1.png\",\"contentUrl\":\"https:\\\/\\\/www.mobilier-design-occasion.fr\\\/magazine\\\/wp-content\\\/uploads\\\/2024\\\/02\\\/android-chrome-192x192-1.png\",\"width\":192,\"height\":192,\"caption\":\"Mobilier Design Magazine\"},\"image\":{\"@id\":\"https:\\\/\\\/www.mobilier-design-occasion.fr\\\/magazine\\\/#\\\/schema\\\/logo\\\/image\\\/\"},\"sameAs\":[\"https:\\\/\\\/www.facebook.com\\\/mobilierdesignoccasion\"]},{\"@type\":\"Person\",\"@id\":\"https:\\\/\\\/www.mobilier-design-occasion.fr\\\/magazine\\\/#\\\/schema\\\/person\\\/af895bedc80bfb6b17730a672fddac9e\",\"name\":\"Vincent Vandegans\",\"image\":{\"@type\":\"ImageObject\",\"inLanguage\":\"fr-FR\",\"@id\":\"https:\\\/\\\/secure.gravatar.com\\\/avatar\\\/b984800dabdf722d5e3f03f637c8932dea77d81118467d17ad2953e3b273ec66?s=96&d=mm&r=g\",\"url\":\"https:\\\/\\\/secure.gravatar.com\\\/avatar\\\/b984800dabdf722d5e3f03f637c8932dea77d81118467d17ad2953e3b273ec66?s=96&d=mm&r=g\",\"contentUrl\":\"https:\\\/\\\/secure.gravatar.com\\\/avatar\\\/b984800dabdf722d5e3f03f637c8932dea77d81118467d17ad2953e3b273ec66?s=96&d=mm&r=g\",\"caption\":\"Vincent Vandegans\"},\"description\":\"Vincent est passionn\u00e9 par les produits d'occasion, il a ouvert le site MDO avec Cyrielle pour aider les gens \u00e0 trouver du mobilier d'occasion, vintage ou usag\u00e9. Depuis, ils ont \u00e9tendu leurs activit\u00e9s et conseillent tout le monde sur le mobilier d'int\u00e9rieur et d'ext\u00e9rieur au quotidien \u00e0 travers le magazine MDO.\",\"url\":\"https:\\\/\\\/www.mobilier-design-occasion.fr\\\/magazine\\\/author\\\/vincent\\\/\"}]}<\/script>\n<!-- \/ Yoast SEO plugin. -->","yoast_head_json":{"title":"Pourquoi votre canap\u00e9 convertible est obsol\u00e8te - Mobilier Design Magazine","robots":{"index":"index","follow":"follow","max-snippet":"max-snippet:-1","max-image-preview":"max-image-preview:large","max-video-preview":"max-video-preview:-1"},"canonical":"https:\/\/www.mobilier-design-occasion.fr\/magazine\/pourquoi-votre-canape-convertible-est-obsolete\/","og_locale":"fr_FR","og_type":"article","og_title":"Pourquoi votre canap\u00e9 convertible est obsol\u00e8te - Mobilier Design Magazine","og_description":"\ud83d\udccc \u00c0 retenir : pourquoi choisir un canap\u00e9 convertible moderne ? \ud83d\udc49 Ne laissez plus un meuble obsol\u00e8te g\u00e2cher votre espace et votre sommeil. Le canap\u00e9 convertible moderne est la solution id\u00e9ale pour allier confort, style et fonctionnalit\u00e9. Si votre canap\u00e9 convertible date de plus de dix ans, il est probablement d\u00e9pass\u00e9. Je l\u2019ai constat\u00e9 [&hellip;]","og_url":"https:\/\/www.mobilier-design-occasion.fr\/magazine\/pourquoi-votre-canape-convertible-est-obsolete\/","og_site_name":"Mobilier Design Magazine","article_publisher":"https:\/\/www.facebook.com\/mobilierdesignoccasion","article_published_time":"2025-02-25T08:23:03+00:00","article_modified_time":"2025-02-25T08:23:47+00:00","og_image":[{"width":1112,"height":376,"url":"https:\/\/www.mobilier-design-occasion.fr\/magazine\/wp-content\/uploads\/2025\/02\/image-6.png","type":"image\/png"}],"author":"Vincent Vandegans","twitter_card":"summary_large_image","twitter_misc":{"\u00c9crit par":"Vincent Vandegans","Dur\u00e9e de lecture estim\u00e9e":"8 minutes"},"schema":{"@context":"https:\/\/schema.org","@graph":[{"@type":"Article","@id":"https:\/\/www.mobilier-design-occasion.fr\/magazine\/pourquoi-votre-canape-convertible-est-obsolete\/#article","isPartOf":{"@id":"https:\/\/www.mobilier-design-occasion.fr\/magazine\/pourquoi-votre-canape-convertible-est-obsolete\/"},"author":{"name":"Vincent Vandegans","@id":"https:\/\/www.mobilier-design-occasion.fr\/magazine\/#\/schema\/person\/af895bedc80bfb6b17730a672fddac9e"},"headline":"Pourquoi votre canap\u00e9 convertible est obsol\u00e8te","datePublished":"2025-02-25T08:23:03+00:00","dateModified":"2025-02-25T08:23:47+00:00","mainEntityOfPage":{"@id":"https:\/\/www.mobilier-design-occasion.fr\/magazine\/pourquoi-votre-canape-convertible-est-obsolete\/"},"wordCount":1215,"commentCount":0,"publisher":{"@id":"https:\/\/www.mobilier-design-occasion.fr\/magazine\/#organization"},"image":{"@id":"https:\/\/www.mobilier-design-occasion.fr\/magazine\/pourquoi-votre-canape-convertible-est-obsolete\/#primaryimage"},"thumbnailUrl":"https:\/\/www.mobilier-design-occasion.fr\/magazine\/wp-content\/uploads\/2025\/02\/image-6.png","keywords":["canap\u00e9"],"articleSection":["Salon"],"inLanguage":"fr-FR","potentialAction":[{"@type":"CommentAction","name":"Comment","target":["https:\/\/www.mobilier-design-occasion.fr\/magazine\/pourquoi-votre-canape-convertible-est-obsolete\/#respond"]}]},{"@type":"WebPage","@id":"https:\/\/www.mobilier-design-occasion.fr\/magazine\/pourquoi-votre-canape-convertible-est-obsolete\/","url":"https:\/\/www.mobilier-design-occasion.fr\/magazine\/pourquoi-votre-canape-convertible-est-obsolete\/","name":"Pourquoi votre canap\u00e9 convertible est obsol\u00e8te - Mobilier Design Magazine","isPartOf":{"@id":"https:\/\/www.mobilier-design-occasion.fr\/magazine\/#website"},"primaryImageOfPage":{"@id":"https:\/\/www.mobilier-design-occasion.fr\/magazine\/pourquoi-votre-canape-convertible-est-obsolete\/#primaryimage"},"image":{"@id":"https:\/\/www.mobilier-design-occasion.fr\/magazine\/pourquoi-votre-canape-convertible-est-obsolete\/#primaryimage"},"thumbnailUrl":"https:\/\/www.mobilier-design-occasion.fr\/magazine\/wp-content\/uploads\/2025\/02\/image-6.png","datePublished":"2025-02-25T08:23:03+00:00","dateModified":"2025-02-25T08:23:47+00:00","breadcrumb":{"@id":"https:\/\/www.mobilier-design-occasion.fr\/magazine\/pourquoi-votre-canape-convertible-est-obsolete\/#breadcrumb"},"inLanguage":"fr-FR","potentialAction":[{"@type":"ReadAction","target":["https:\/\/www.mobilier-design-occasion.fr\/magazine\/pourquoi-votre-canape-convertible-est-obsolete\/"]}]},{"@type":"ImageObject","inLanguage":"fr-FR","@id":"https:\/\/www.mobilier-design-occasion.fr\/magazine\/pourquoi-votre-canape-convertible-est-obsolete\/#primaryimage","url":"https:\/\/www.mobilier-design-occasion.fr\/magazine\/wp-content\/uploads\/2025\/02\/image-6.png","contentUrl":"https:\/\/www.mobilier-design-occasion.fr\/magazine\/wp-content\/uploads\/2025\/02\/image-6.png","width":1112,"height":376},{"@type":"BreadcrumbList","@id":"https:\/\/www.mobilier-design-occasion.fr\/magazine\/pourquoi-votre-canape-convertible-est-obsolete\/#breadcrumb","itemListElement":[{"@type":"ListItem","position":1,"name":"Accueil","item":"https:\/\/www.mobilier-design-occasion.fr\/magazine\/"},{"@type":"ListItem","position":2,"name":"Pourquoi votre canap\u00e9 convertible est obsol\u00e8te"}]},{"@type":"WebSite","@id":"https:\/\/www.mobilier-design-occasion.fr\/magazine\/#website","url":"https:\/\/www.mobilier-design-occasion.fr\/magazine\/","name":"Mobilier Design Magazine","description":"","publisher":{"@id":"https:\/\/www.mobilier-design-occasion.fr\/magazine\/#organization"},"potentialAction":[{"@type":"SearchAction","target":{"@type":"EntryPoint","urlTemplate":"https:\/\/www.mobilier-design-occasion.fr\/magazine\/?s={search_term_string}"},"query-input":{"@type":"PropertyValueSpecification","valueRequired":true,"valueName":"search_term_string"}}],"inLanguage":"fr-FR"},{"@type":"Organization","@id":"https:\/\/www.mobilier-design-occasion.fr\/magazine\/#organization","name":"Mobilier Design Magazine","url":"https:\/\/www.mobilier-design-occasion.fr\/magazine\/","logo":{"@type":"ImageObject","inLanguage":"fr-FR","@id":"https:\/\/www.mobilier-design-occasion.fr\/magazine\/#\/schema\/logo\/image\/","url":"https:\/\/www.mobilier-design-occasion.fr\/magazine\/wp-content\/uploads\/2024\/02\/android-chrome-192x192-1.png","contentUrl":"https:\/\/www.mobilier-design-occasion.fr\/magazine\/wp-content\/uploads\/2024\/02\/android-chrome-192x192-1.png","width":192,"height":192,"caption":"Mobilier Design Magazine"},"image":{"@id":"https:\/\/www.mobilier-design-occasion.fr\/magazine\/#\/schema\/logo\/image\/"},"sameAs":["https:\/\/www.facebook.com\/mobilierdesignoccasion"]},{"@type":"Person","@id":"https:\/\/www.mobilier-design-occasion.fr\/magazine\/#\/schema\/person\/af895bedc80bfb6b17730a672fddac9e","name":"Vincent Vandegans","image":{"@type":"ImageObject","inLanguage":"fr-FR","@id":"https:\/\/secure.gravatar.com\/avatar\/b984800dabdf722d5e3f03f637c8932dea77d81118467d17ad2953e3b273ec66?s=96&d=mm&r=g","url":"https:\/\/secure.gravatar.com\/avatar\/b984800dabdf722d5e3f03f637c8932dea77d81118467d17ad2953e3b273ec66?s=96&d=mm&r=g","contentUrl":"https:\/\/secure.gravatar.com\/avatar\/b984800dabdf722d5e3f03f637c8932dea77d81118467d17ad2953e3b273ec66?s=96&d=mm&r=g","caption":"Vincent Vandegans"},"description":"Vincent est passionn\u00e9 par les produits d'occasion, il a ouvert le site MDO avec Cyrielle pour aider les gens \u00e0 trouver du mobilier d'occasion, vintage ou usag\u00e9. Depuis, ils ont \u00e9tendu leurs activit\u00e9s et conseillent tout le monde sur le mobilier d'int\u00e9rieur et d'ext\u00e9rieur au quotidien \u00e0 travers le magazine MDO.","url":"https:\/\/www.mobilier-design-occasion.fr\/magazine\/author\/vincent\/"}]}},"_links":{"self":[{"href":"https:\/\/www.mobilier-design-occasion.fr\/magazine\/wp-json\/wp\/v2\/posts\/8050","targetHints":{"allow":["GET"]}}],"collection":[{"href":"https:\/\/www.mobilier-design-occasion.fr\/magazine\/wp-json\/wp\/v2\/posts"}],"about":[{"href":"https:\/\/www.mobilier-design-occasion.fr\/magazine\/wp-json\/wp\/v2\/types\/post"}],"author":[{"embeddable":true,"href":"https:\/\/www.mobilier-design-occasion.fr\/magazine\/wp-json\/wp\/v2\/users\/2"}],"replies":[{"embeddable":true,"href":"https:\/\/www.mobilier-design-occasion.fr\/magazine\/wp-json\/wp\/v2\/comments?post=8050"}],"version-history":[{"count":2,"href":"https:\/\/www.mobilier-design-occasion.fr\/magazine\/wp-json\/wp\/v2\/posts\/8050\/revisions"}],"predecessor-version":[{"id":8059,"href":"https:\/\/www.mobilier-design-occasion.fr\/magazine\/wp-json\/wp\/v2\/posts\/8050\/revisions\/8059"}],"wp:featuredmedia":[{"embeddable":true,"href":"https:\/\/www.mobilier-design-occasion.fr\/magazine\/wp-json\/wp\/v2\/media\/8057"}],"wp:attachment":[{"href":"https:\/\/www.mobilier-design-occasion.fr\/magazine\/wp-json\/wp\/v2\/media?parent=8050"}],"wp:term":[{"taxonomy":"category","embeddable":true,"href":"https:\/\/www.mobilier-design-occasion.fr\/magazine\/wp-json\/wp\/v2\/categories?post=8050"},{"taxonomy":"post_tag","embeddable":true,"href":"https:\/\/www.mobilier-design-occasion.fr\/magazine\/wp-json\/wp\/v2\/tags?post=8050"}],"curies":[{"name":"wp","href":"https:\/\/api.w.org\/{rel}","templated":true}]}}