{"id":8033,"date":"2025-01-23T15:22:18","date_gmt":"2025-01-23T15:22:18","guid":{"rendered":"https:\/\/www.mobilier-design-occasion.fr\/magazine\/?p=8033"},"modified":"2025-01-23T15:22:19","modified_gmt":"2025-01-23T15:22:19","slug":"le-lit-mezzanine-en-bois-un-choix-ecoresponsable-pour-optimiser-son-espace","status":"publish","type":"post","link":"https:\/\/www.mobilier-design-occasion.fr\/magazine\/le-lit-mezzanine-en-bois-un-choix-ecoresponsable-pour-optimiser-son-espace\/","title":{"rendered":"Le lit mezzanine en bois : un choix \u00e9coresponsable pour optimiser son espace"},"content":{"rendered":"\n<h4 class=\"wp-block-heading\"><span class=\"ez-toc-section\" id=\"Introduction_Quand_ecologie_rime_avec_praticite\"><\/span><strong>Introduction : Quand \u00e9cologie rime avec praticit\u00e9<\/strong><span class=\"ez-toc-section-end\"><\/span><\/h4><div id=\"ez-toc-container\" class=\"ez-toc-v2_0_82_2 counter-hierarchy ez-toc-counter ez-toc-grey ez-toc-container-direction\">\n<div class=\"ez-toc-title-container\">\n<span class=\"ez-toc-title-toggle\"><a href=\"#\" class=\"ez-toc-pull-right ez-toc-btn ez-toc-btn-xs ez-toc-btn-default ez-toc-toggle\" aria-label=\"Toggle Table of Content\"><span class=\"ez-toc-js-icon-con\"><span class=\"\"><span class=\"eztoc-hide\" style=\"display:none;\">Toggle<\/span><span class=\"ez-toc-icon-toggle-span\"><svg style=\"fill: #999;color:#999\" xmlns=\"http:\/\/www.w3.org\/2000\/svg\" class=\"list-377408\" width=\"20px\" height=\"20px\" viewBox=\"0 0 24 24\" fill=\"none\"><path d=\"M6 6H4v2h2V6zm14 0H8v2h12V6zM4 11h2v2H4v-2zm16 0H8v2h12v-2zM4 16h2v2H4v-2zm16 0H8v2h12v-2z\" fill=\"currentColor\"><\/path><\/svg><svg style=\"fill: #999;color:#999\" class=\"arrow-unsorted-368013\" xmlns=\"http:\/\/www.w3.org\/2000\/svg\" width=\"10px\" height=\"10px\" viewBox=\"0 0 24 24\" version=\"1.2\" baseProfile=\"tiny\"><path d=\"M18.2 9.3l-6.2-6.3-6.2 6.3c-.2.2-.3.4-.3.7s.1.5.3.7c.2.2.4.3.7.3h11c.3 0 .5-.1.7-.3.2-.2.3-.5.3-.7s-.1-.5-.3-.7zM5.8 14.7l6.2 6.3 6.2-6.3c.2-.2.3-.5.3-.7s-.1-.5-.3-.7c-.2-.2-.4-.3-.7-.3h-11c-.3 0-.5.1-.7.3-.2.2-.3.5-.3.7s.1.5.3.7z\"\/><\/svg><\/span><\/span><\/span><\/a><\/span><\/div>\n<nav><ul class='ez-toc-list ez-toc-list-level-1 eztoc-toggle-hide-by-default' ><li class='ez-toc-page-1 ez-toc-heading-level-4'><a class=\"ez-toc-link ez-toc-heading-1\" href=\"https:\/\/www.mobilier-design-occasion.fr\/magazine\/le-lit-mezzanine-en-bois-un-choix-ecoresponsable-pour-optimiser-son-espace\/#Introduction_Quand_ecologie_rime_avec_praticite\" >Introduction : Quand \u00e9cologie rime avec praticit\u00e9<\/a><\/li><li class='ez-toc-page-1 ez-toc-heading-level-4'><a class=\"ez-toc-link ez-toc-heading-2\" href=\"https:\/\/www.mobilier-design-occasion.fr\/magazine\/le-lit-mezzanine-en-bois-un-choix-ecoresponsable-pour-optimiser-son-espace\/#Pourquoi_le_bois_est_le_roi_des_materiaux\" >Pourquoi le bois est le roi des mat\u00e9riaux<\/a><\/li><li class='ez-toc-page-1 ez-toc-heading-level-4'><a class=\"ez-toc-link ez-toc-heading-3\" href=\"https:\/\/www.mobilier-design-occasion.fr\/magazine\/le-lit-mezzanine-en-bois-un-choix-ecoresponsable-pour-optimiser-son-espace\/#Optimiser_son_espace_grace_au_lit_mezzanine_en_bois\" >Optimiser son espace gr\u00e2ce au lit mezzanine en bois<\/a><\/li><li class='ez-toc-page-1 ez-toc-heading-level-4'><a class=\"ez-toc-link ez-toc-heading-4\" href=\"https:\/\/www.mobilier-design-occasion.fr\/magazine\/le-lit-mezzanine-en-bois-un-choix-ecoresponsable-pour-optimiser-son-espace\/#Quand_ecologie_et_design_se_rencontrent\" >Quand \u00e9cologie et design se rencontrent<\/a><\/li><li class='ez-toc-page-1 ez-toc-heading-level-4'><a class=\"ez-toc-link ez-toc-heading-5\" href=\"https:\/\/www.mobilier-design-occasion.fr\/magazine\/le-lit-mezzanine-en-bois-un-choix-ecoresponsable-pour-optimiser-son-espace\/#Tableau_comparatif_Lit_mezzanine_en_bois_vs_Lit_en_metal\" >Tableau comparatif : Lit mezzanine en bois vs. Lit en m\u00e9tal<\/a><\/li><li class='ez-toc-page-1 ez-toc-heading-level-4'><a class=\"ez-toc-link ez-toc-heading-6\" href=\"https:\/\/www.mobilier-design-occasion.fr\/magazine\/le-lit-mezzanine-en-bois-un-choix-ecoresponsable-pour-optimiser-son-espace\/#Le_choix_de_la_raison_et_de_lesthetisme\" >Le choix de la raison et de l\u2019esth\u00e9tisme<\/a><\/li><\/ul><\/nav><\/div>\n\n\n\n\n<p>Je suis convaincu que, dans un monde o\u00f9 chaque geste compte pour la plan\u00e8te, nos choix d\u2019ameublement ne sont pas anodins. Si vous croyez que choisir un lit mezzanine en bois n\u2019est qu\u2019une question de design, d\u00e9trompez-vous\u202f! Ce meuble est une solution astucieuse qui r\u00e9pond \u00e0 deux enjeux majeurs : l\u2019optimisation de l\u2019espace et la pr\u00e9servation de l\u2019environnement. Savez-vous qu&#8217;un <a href=\"https:\/\/abc-meubles.com\/fr\/26-lit-mezzanine-bois\">lit mezzanine en bois<\/a> est fabriqu\u00e9 \u00e0 partir de bois issu de for\u00eats g\u00e9r\u00e9es durablement\u202f? Oui, un meuble peut \u00eatre beau, fonctionnel <strong>et<\/strong> \u00e9coresponsable.<\/p>\n\n\n\n<figure class=\"wp-block-image size-large\"><img loading=\"lazy\" decoding=\"async\" width=\"1024\" height=\"332\" src=\"https:\/\/www.mobilier-design-occasion.fr\/magazine\/wp-content\/uploads\/2025\/01\/image-15-1024x332.png\" alt=\"\" class=\"wp-image-8034\" srcset=\"https:\/\/www.mobilier-design-occasion.fr\/magazine\/wp-content\/uploads\/2025\/01\/image-15-1024x332.png 1024w, https:\/\/www.mobilier-design-occasion.fr\/magazine\/wp-content\/uploads\/2025\/01\/image-15-300x97.png 300w, https:\/\/www.mobilier-design-occasion.fr\/magazine\/wp-content\/uploads\/2025\/01\/image-15-768x249.png 768w, https:\/\/www.mobilier-design-occasion.fr\/magazine\/wp-content\/uploads\/2025\/01\/image-15-810x262.png 810w, https:\/\/www.mobilier-design-occasion.fr\/magazine\/wp-content\/uploads\/2025\/01\/image-15-1140x369.png 1140w, https:\/\/www.mobilier-design-occasion.fr\/magazine\/wp-content\/uploads\/2025\/01\/image-15.png 1222w\" sizes=\"auto, (max-width: 1024px) 100vw, 1024px\" \/><\/figure>\n\n\n\n<hr class=\"wp-block-separator has-alpha-channel-opacity\"\/>\n\n\n\n<h4 class=\"wp-block-heading\"><span class=\"ez-toc-section\" id=\"Pourquoi_le_bois_est_le_roi_des_materiaux\"><\/span><strong>Pourquoi le bois est le roi des mat\u00e9riaux<\/strong><span class=\"ez-toc-section-end\"><\/span><\/h4>\n\n\n\n<p>Quand on parle de mobilier durable, le bois est un incontournable. Voici pourquoi\u202f:<\/p>\n\n\n\n<ul class=\"wp-block-list\">\n<li><strong>Mat\u00e9riau naturel et renouvelable<\/strong> : Contrairement au plastique ou au m\u00e9tal, le bois a une empreinte \u00e9cologique nettement plus faible.<\/li>\n\n\n\n<li><strong>Certification FSC ou PEFC<\/strong> : Les lits mezzanine en bois de qualit\u00e9 sont souvent issus de for\u00eats g\u00e9r\u00e9es durablement, ce qui garantit un impact environnemental minimal.<\/li>\n\n\n\n<li><strong>Recyclabilit\u00e9<\/strong> : M\u00eame en fin de vie, un meuble en bois peut \u00eatre recycl\u00e9 ou revaloris\u00e9, ce qui n\u2019est pas toujours le cas des mat\u00e9riaux composites ou synth\u00e9tiques.<\/li>\n<\/ul>\n\n\n\n<p>Dans le cas des lits mezzanine d\u2019ABC Meubles, il ne s\u2019agit pas seulement de choisir du bois\u202f: c\u2019est un engagement pour un meuble <strong>\u00e9coresponsable, fabriqu\u00e9 en France<\/strong>, avec des finitions qui respectent l\u2019environnement.<\/p>\n\n\n\n<figure class=\"wp-block-image size-large\"><img loading=\"lazy\" decoding=\"async\" width=\"1024\" height=\"311\" src=\"https:\/\/www.mobilier-design-occasion.fr\/magazine\/wp-content\/uploads\/2025\/01\/image-16-1024x311.png\" alt=\"\" class=\"wp-image-8035\" srcset=\"https:\/\/www.mobilier-design-occasion.fr\/magazine\/wp-content\/uploads\/2025\/01\/image-16-1024x311.png 1024w, https:\/\/www.mobilier-design-occasion.fr\/magazine\/wp-content\/uploads\/2025\/01\/image-16-300x91.png 300w, https:\/\/www.mobilier-design-occasion.fr\/magazine\/wp-content\/uploads\/2025\/01\/image-16-768x233.png 768w, https:\/\/www.mobilier-design-occasion.fr\/magazine\/wp-content\/uploads\/2025\/01\/image-16-810x246.png 810w, https:\/\/www.mobilier-design-occasion.fr\/magazine\/wp-content\/uploads\/2025\/01\/image-16-1140x346.png 1140w, https:\/\/www.mobilier-design-occasion.fr\/magazine\/wp-content\/uploads\/2025\/01\/image-16.png 1278w\" sizes=\"auto, (max-width: 1024px) 100vw, 1024px\" \/><\/figure>\n\n\n\n<hr class=\"wp-block-separator has-alpha-channel-opacity\"\/>\n\n\n\n<h4 class=\"wp-block-heading\"><span class=\"ez-toc-section\" id=\"Optimiser_son_espace_grace_au_lit_mezzanine_en_bois\"><\/span><strong>Optimiser son espace gr\u00e2ce au lit mezzanine en bois<\/strong><span class=\"ez-toc-section-end\"><\/span><\/h4>\n\n\n\n<p>Le lit mezzanine n\u2019est pas qu\u2019un simple meuble\u202f: c\u2019est une <strong>v\u00e9ritable solution d\u2019am\u00e9nagement intelligent<\/strong>. J\u2019ai observ\u00e9 que dans des petits appartements ou des chambres d\u2019enfants, ce type de lit transforme l\u2019espace. Avec un lit mezzanine en bois, voici ce que vous pouvez faire\u202f:<\/p>\n\n\n\n<ul class=\"wp-block-list\">\n<li>Cr\u00e9er un bureau fonctionnel sous le lit, parfait pour le t\u00e9l\u00e9travail ou les devoirs.<\/li>\n\n\n\n<li>Am\u00e9nager un coin d\u00e9tente ou salon en y glissant un canap\u00e9 ou une petite biblioth\u00e8que.<\/li>\n\n\n\n<li>Maximiser les espaces de rangement en int\u00e9grant des \u00e9tag\u00e8res ou des coffres.<\/li>\n<\/ul>\n\n\n\n<p>Le bois, gr\u00e2ce \u00e0 sa robustesse et sa chaleur naturelle, est l\u2019alli\u00e9 parfait pour un meuble multifonction. En plus, il s\u2019adapte \u00e0 <strong>tous les styles d\u2019int\u00e9rieur<\/strong>, du scandinave minimaliste au rustique chaleureux.<\/p>\n\n\n\n<figure class=\"wp-block-image size-large\"><img loading=\"lazy\" decoding=\"async\" width=\"1024\" height=\"288\" src=\"https:\/\/www.mobilier-design-occasion.fr\/magazine\/wp-content\/uploads\/2025\/01\/image-17-1024x288.png\" alt=\"\" class=\"wp-image-8036\" srcset=\"https:\/\/www.mobilier-design-occasion.fr\/magazine\/wp-content\/uploads\/2025\/01\/image-17-1024x288.png 1024w, https:\/\/www.mobilier-design-occasion.fr\/magazine\/wp-content\/uploads\/2025\/01\/image-17-300x84.png 300w, https:\/\/www.mobilier-design-occasion.fr\/magazine\/wp-content\/uploads\/2025\/01\/image-17-768x216.png 768w, https:\/\/www.mobilier-design-occasion.fr\/magazine\/wp-content\/uploads\/2025\/01\/image-17-810x227.png 810w, https:\/\/www.mobilier-design-occasion.fr\/magazine\/wp-content\/uploads\/2025\/01\/image-17-1140x320.png 1140w, https:\/\/www.mobilier-design-occasion.fr\/magazine\/wp-content\/uploads\/2025\/01\/image-17.png 1332w\" sizes=\"auto, (max-width: 1024px) 100vw, 1024px\" \/><\/figure>\n\n\n\n<hr class=\"wp-block-separator has-alpha-channel-opacity\"\/>\n\n\n\n<h4 class=\"wp-block-heading\"><span class=\"ez-toc-section\" id=\"Quand_ecologie_et_design_se_rencontrent\"><\/span><strong>Quand \u00e9cologie et design se rencontrent<\/strong><span class=\"ez-toc-section-end\"><\/span><\/h4>\n\n\n\n<p>Vous pensez que le mobilier \u00e9cologique est synonyme de design limit\u00e9\u202f? D\u00e9trompez-vous. Les lits mezzanine en bois combinent un <strong>style moderne et intemporel<\/strong> avec une fonctionnalit\u00e9 exceptionnelle. On dit souvent : <em>\u00ab\u202fLe design doit \u00eatre au service de l\u2019usage\u202f\u00bb<\/em>. Ici, cette citation prend tout son sens. Ces meubles sont con\u00e7us pour durer, tant par leur solidit\u00e9 que par leur capacit\u00e9 \u00e0 traverser les tendances d\u00e9co.<\/p>\n\n\n\n<figure class=\"wp-block-image size-large\"><img loading=\"lazy\" decoding=\"async\" width=\"1024\" height=\"308\" src=\"https:\/\/www.mobilier-design-occasion.fr\/magazine\/wp-content\/uploads\/2025\/01\/image-18-1024x308.png\" alt=\"\" class=\"wp-image-8037\" srcset=\"https:\/\/www.mobilier-design-occasion.fr\/magazine\/wp-content\/uploads\/2025\/01\/image-18-1024x308.png 1024w, https:\/\/www.mobilier-design-occasion.fr\/magazine\/wp-content\/uploads\/2025\/01\/image-18-300x90.png 300w, https:\/\/www.mobilier-design-occasion.fr\/magazine\/wp-content\/uploads\/2025\/01\/image-18-768x231.png 768w, https:\/\/www.mobilier-design-occasion.fr\/magazine\/wp-content\/uploads\/2025\/01\/image-18-810x244.png 810w, https:\/\/www.mobilier-design-occasion.fr\/magazine\/wp-content\/uploads\/2025\/01\/image-18-1140x343.png 1140w, https:\/\/www.mobilier-design-occasion.fr\/magazine\/wp-content\/uploads\/2025\/01\/image-18.png 1276w\" sizes=\"auto, (max-width: 1024px) 100vw, 1024px\" \/><\/figure>\n\n\n\n<hr class=\"wp-block-separator has-alpha-channel-opacity\"\/>\n\n\n\n<h4 class=\"wp-block-heading\"><span class=\"ez-toc-section\" id=\"Tableau_comparatif_Lit_mezzanine_en_bois_vs_Lit_en_metal\"><\/span><strong>Tableau comparatif : Lit mezzanine en bois vs. Lit en m\u00e9tal<\/strong><span class=\"ez-toc-section-end\"><\/span><\/h4>\n\n\n\n<figure class=\"wp-block-table\"><table class=\"has-fixed-layout\"><thead><tr><th><strong>Crit\u00e8re<\/strong><\/th><th><strong>Lit en bois<\/strong><\/th><th><strong>Lit en m\u00e9tal<\/strong><\/th><\/tr><\/thead><tbody><tr><td><strong>Esth\u00e9tisme<\/strong><\/td><td>Naturel, chaleureux, intemporel<\/td><td>Froid, industriel<\/td><\/tr><tr><td><strong>Solidit\u00e9<\/strong><\/td><td>R\u00e9sistant, supporte de lourdes charges<\/td><td>Solide mais souvent bruyant<\/td><\/tr><tr><td><strong>Durabilit\u00e9<\/strong><\/td><td>Longue dur\u00e9e de vie, recyclable<\/td><td>Susceptible de rouille<\/td><\/tr><tr><td><strong>\u00c9cologie<\/strong><\/td><td>Faible empreinte carbone, renouvelable<\/td><td>Production \u00e9nergivore<\/td><\/tr><tr><td><strong>Adaptabilit\u00e9<\/strong><\/td><td>S\u2019int\u00e8gre \u00e0 tous les styles<\/td><td>Limit\u00e9 au style contemporain<\/td><\/tr><\/tbody><\/table><\/figure>\n\n\n\n<hr class=\"wp-block-separator has-alpha-channel-opacity\"\/>\n\n\n\n<h4 class=\"wp-block-heading\"><span class=\"ez-toc-section\" id=\"Le_choix_de_la_raison_et_de_lesthetisme\"><\/span><strong>Le choix de la raison et de l\u2019esth\u00e9tisme<\/strong><span class=\"ez-toc-section-end\"><\/span><\/h4>\n\n\n\n<p>En choisissant un lit mezzanine en bois, vous faites plus qu\u2019acheter un meuble\u202f: vous investissez dans une solution d\u2019am\u00e9nagement durable et esth\u00e9tique. Que vous viviez dans un studio exigu ou que vous cherchiez \u00e0 optimiser une chambre d\u2019enfant, ce type de mobilier coche toutes les cases.<\/p>\n\n\n\n<figure class=\"wp-block-image size-large\"><img loading=\"lazy\" decoding=\"async\" width=\"1024\" height=\"313\" src=\"https:\/\/www.mobilier-design-occasion.fr\/magazine\/wp-content\/uploads\/2025\/01\/image-19-1024x313.png\" alt=\"\" class=\"wp-image-8038\" srcset=\"https:\/\/www.mobilier-design-occasion.fr\/magazine\/wp-content\/uploads\/2025\/01\/image-19-1024x313.png 1024w, https:\/\/www.mobilier-design-occasion.fr\/magazine\/wp-content\/uploads\/2025\/01\/image-19-300x92.png 300w, https:\/\/www.mobilier-design-occasion.fr\/magazine\/wp-content\/uploads\/2025\/01\/image-19-768x234.png 768w, https:\/\/www.mobilier-design-occasion.fr\/magazine\/wp-content\/uploads\/2025\/01\/image-19-810x247.png 810w, https:\/\/www.mobilier-design-occasion.fr\/magazine\/wp-content\/uploads\/2025\/01\/image-19-1140x348.png 1140w, https:\/\/www.mobilier-design-occasion.fr\/magazine\/wp-content\/uploads\/2025\/01\/image-19.png 1304w\" sizes=\"auto, (max-width: 1024px) 100vw, 1024px\" \/><\/figure>\n\n\n\n<p>Je suis convaincu qu\u2019il est temps de privil\u00e9gier des meubles bien pens\u00e9s, capables de transformer nos espaces tout en respectant notre plan\u00e8te. Alors, \u00eates-vous pr\u00eat \u00e0 allier style, praticit\u00e9 et \u00e9coresponsabilit\u00e9\u202f? D\u00e9couvrez le <strong>lit mezzanine en bois<\/strong> et laissez-vous s\u00e9duire par un choix durable.<\/p>\n","protected":false},"excerpt":{"rendered":"<p>Introduction : Quand \u00e9cologie rime avec praticit\u00e9 Je suis convaincu que, dans un monde o\u00f9 chaque geste compte pour la plan\u00e8te, nos choix d\u2019ameublement ne sont pas anodins. Si vous croyez que choisir un lit mezzanine en bois n\u2019est qu\u2019une question de design, d\u00e9trompez-vous\u202f! Ce meuble est une solution astucieuse qui r\u00e9pond \u00e0 deux enjeux [&hellip;]<\/p>\n","protected":false},"author":2,"featured_media":8039,"comment_status":"open","ping_status":"open","sticky":false,"template":"","format":"standard","meta":{"footnotes":""},"categories":[8],"tags":[],"class_list":["post-8033","post","type-post","status-publish","format-standard","has-post-thumbnail","hentry","category-avis"],"yoast_head":"<!-- This site is optimized with the Yoast SEO plugin v27.4 - https:\/\/yoast.com\/product\/yoast-seo-wordpress\/ -->\n<title>Le lit mezzanine en bois : un choix \u00e9coresponsable pour optimiser son espace - Mobilier Design Magazine<\/title>\n<meta name=\"robots\" content=\"index, follow, max-snippet:-1, max-image-preview:large, max-video-preview:-1\" \/>\n<link rel=\"canonical\" href=\"https:\/\/www.mobilier-design-occasion.fr\/magazine\/le-lit-mezzanine-en-bois-un-choix-ecoresponsable-pour-optimiser-son-espace\/\" \/>\n<meta property=\"og:locale\" content=\"fr_FR\" \/>\n<meta property=\"og:type\" content=\"article\" \/>\n<meta property=\"og:title\" content=\"Le lit mezzanine en bois : un choix \u00e9coresponsable pour optimiser son espace - Mobilier Design Magazine\" \/>\n<meta property=\"og:description\" content=\"Introduction : Quand \u00e9cologie rime avec praticit\u00e9 Je suis convaincu que, dans un monde o\u00f9 chaque geste compte pour la plan\u00e8te, nos choix d\u2019ameublement ne sont pas anodins. Si vous croyez que choisir un lit mezzanine en bois n\u2019est qu\u2019une question de design, d\u00e9trompez-vous\u202f! Ce meuble est une solution astucieuse qui r\u00e9pond \u00e0 deux enjeux [&hellip;]\" \/>\n<meta property=\"og:url\" content=\"https:\/\/www.mobilier-design-occasion.fr\/magazine\/le-lit-mezzanine-en-bois-un-choix-ecoresponsable-pour-optimiser-son-espace\/\" \/>\n<meta property=\"og:site_name\" content=\"Mobilier Design Magazine\" \/>\n<meta property=\"article:publisher\" content=\"https:\/\/www.facebook.com\/mobilierdesignoccasion\" \/>\n<meta property=\"article:published_time\" content=\"2025-01-23T15:22:18+00:00\" \/>\n<meta property=\"article:modified_time\" content=\"2025-01-23T15:22:19+00:00\" \/>\n<meta property=\"og:image\" content=\"https:\/\/www.mobilier-design-occasion.fr\/magazine\/wp-content\/uploads\/2025\/01\/25810-product_large.jpg\" \/>\n\t<meta property=\"og:image:width\" content=\"1019\" \/>\n\t<meta property=\"og:image:height\" content=\"680\" \/>\n\t<meta property=\"og:image:type\" content=\"image\/jpeg\" \/>\n<meta name=\"author\" content=\"Vincent Vandegans\" \/>\n<meta name=\"twitter:card\" content=\"summary_large_image\" \/>\n<meta name=\"twitter:label1\" content=\"\u00c9crit par\" \/>\n\t<meta name=\"twitter:data1\" content=\"Vincent Vandegans\" \/>\n\t<meta name=\"twitter:label2\" content=\"Dur\u00e9e de lecture estim\u00e9e\" \/>\n\t<meta name=\"twitter:data2\" content=\"4 minutes\" \/>\n<script type=\"application\/ld+json\" class=\"yoast-schema-graph\">{\"@context\":\"https:\\\/\\\/schema.org\",\"@graph\":[{\"@type\":\"Article\",\"@id\":\"https:\\\/\\\/www.mobilier-design-occasion.fr\\\/magazine\\\/le-lit-mezzanine-en-bois-un-choix-ecoresponsable-pour-optimiser-son-espace\\\/#article\",\"isPartOf\":{\"@id\":\"https:\\\/\\\/www.mobilier-design-occasion.fr\\\/magazine\\\/le-lit-mezzanine-en-bois-un-choix-ecoresponsable-pour-optimiser-son-espace\\\/\"},\"author\":{\"name\":\"Vincent Vandegans\",\"@id\":\"https:\\\/\\\/www.mobilier-design-occasion.fr\\\/magazine\\\/#\\\/schema\\\/person\\\/af895bedc80bfb6b17730a672fddac9e\"},\"headline\":\"Le lit mezzanine en bois : un choix \u00e9coresponsable pour optimiser son espace\",\"datePublished\":\"2025-01-23T15:22:18+00:00\",\"dateModified\":\"2025-01-23T15:22:19+00:00\",\"mainEntityOfPage\":{\"@id\":\"https:\\\/\\\/www.mobilier-design-occasion.fr\\\/magazine\\\/le-lit-mezzanine-en-bois-un-choix-ecoresponsable-pour-optimiser-son-espace\\\/\"},\"wordCount\":647,\"commentCount\":0,\"publisher\":{\"@id\":\"https:\\\/\\\/www.mobilier-design-occasion.fr\\\/magazine\\\/#organization\"},\"image\":{\"@id\":\"https:\\\/\\\/www.mobilier-design-occasion.fr\\\/magazine\\\/le-lit-mezzanine-en-bois-un-choix-ecoresponsable-pour-optimiser-son-espace\\\/#primaryimage\"},\"thumbnailUrl\":\"https:\\\/\\\/www.mobilier-design-occasion.fr\\\/magazine\\\/wp-content\\\/uploads\\\/2025\\\/01\\\/25810-product_large.jpg\",\"articleSection\":[\"Avis marques d\u00e9co\"],\"inLanguage\":\"fr-FR\",\"potentialAction\":[{\"@type\":\"CommentAction\",\"name\":\"Comment\",\"target\":[\"https:\\\/\\\/www.mobilier-design-occasion.fr\\\/magazine\\\/le-lit-mezzanine-en-bois-un-choix-ecoresponsable-pour-optimiser-son-espace\\\/#respond\"]}]},{\"@type\":\"WebPage\",\"@id\":\"https:\\\/\\\/www.mobilier-design-occasion.fr\\\/magazine\\\/le-lit-mezzanine-en-bois-un-choix-ecoresponsable-pour-optimiser-son-espace\\\/\",\"url\":\"https:\\\/\\\/www.mobilier-design-occasion.fr\\\/magazine\\\/le-lit-mezzanine-en-bois-un-choix-ecoresponsable-pour-optimiser-son-espace\\\/\",\"name\":\"Le lit mezzanine en bois : un choix \u00e9coresponsable pour optimiser son espace - Mobilier Design Magazine\",\"isPartOf\":{\"@id\":\"https:\\\/\\\/www.mobilier-design-occasion.fr\\\/magazine\\\/#website\"},\"primaryImageOfPage\":{\"@id\":\"https:\\\/\\\/www.mobilier-design-occasion.fr\\\/magazine\\\/le-lit-mezzanine-en-bois-un-choix-ecoresponsable-pour-optimiser-son-espace\\\/#primaryimage\"},\"image\":{\"@id\":\"https:\\\/\\\/www.mobilier-design-occasion.fr\\\/magazine\\\/le-lit-mezzanine-en-bois-un-choix-ecoresponsable-pour-optimiser-son-espace\\\/#primaryimage\"},\"thumbnailUrl\":\"https:\\\/\\\/www.mobilier-design-occasion.fr\\\/magazine\\\/wp-content\\\/uploads\\\/2025\\\/01\\\/25810-product_large.jpg\",\"datePublished\":\"2025-01-23T15:22:18+00:00\",\"dateModified\":\"2025-01-23T15:22:19+00:00\",\"breadcrumb\":{\"@id\":\"https:\\\/\\\/www.mobilier-design-occasion.fr\\\/magazine\\\/le-lit-mezzanine-en-bois-un-choix-ecoresponsable-pour-optimiser-son-espace\\\/#breadcrumb\"},\"inLanguage\":\"fr-FR\",\"potentialAction\":[{\"@type\":\"ReadAction\",\"target\":[\"https:\\\/\\\/www.mobilier-design-occasion.fr\\\/magazine\\\/le-lit-mezzanine-en-bois-un-choix-ecoresponsable-pour-optimiser-son-espace\\\/\"]}]},{\"@type\":\"ImageObject\",\"inLanguage\":\"fr-FR\",\"@id\":\"https:\\\/\\\/www.mobilier-design-occasion.fr\\\/magazine\\\/le-lit-mezzanine-en-bois-un-choix-ecoresponsable-pour-optimiser-son-espace\\\/#primaryimage\",\"url\":\"https:\\\/\\\/www.mobilier-design-occasion.fr\\\/magazine\\\/wp-content\\\/uploads\\\/2025\\\/01\\\/25810-product_large.jpg\",\"contentUrl\":\"https:\\\/\\\/www.mobilier-design-occasion.fr\\\/magazine\\\/wp-content\\\/uploads\\\/2025\\\/01\\\/25810-product_large.jpg\",\"width\":1019,\"height\":680},{\"@type\":\"BreadcrumbList\",\"@id\":\"https:\\\/\\\/www.mobilier-design-occasion.fr\\\/magazine\\\/le-lit-mezzanine-en-bois-un-choix-ecoresponsable-pour-optimiser-son-espace\\\/#breadcrumb\",\"itemListElement\":[{\"@type\":\"ListItem\",\"position\":1,\"name\":\"Accueil\",\"item\":\"https:\\\/\\\/www.mobilier-design-occasion.fr\\\/magazine\\\/\"},{\"@type\":\"ListItem\",\"position\":2,\"name\":\"Le lit mezzanine en bois : un choix \u00e9coresponsable pour optimiser son espace\"}]},{\"@type\":\"WebSite\",\"@id\":\"https:\\\/\\\/www.mobilier-design-occasion.fr\\\/magazine\\\/#website\",\"url\":\"https:\\\/\\\/www.mobilier-design-occasion.fr\\\/magazine\\\/\",\"name\":\"Mobilier Design Magazine\",\"description\":\"\",\"publisher\":{\"@id\":\"https:\\\/\\\/www.mobilier-design-occasion.fr\\\/magazine\\\/#organization\"},\"potentialAction\":[{\"@type\":\"SearchAction\",\"target\":{\"@type\":\"EntryPoint\",\"urlTemplate\":\"https:\\\/\\\/www.mobilier-design-occasion.fr\\\/magazine\\\/?s={search_term_string}\"},\"query-input\":{\"@type\":\"PropertyValueSpecification\",\"valueRequired\":true,\"valueName\":\"search_term_string\"}}],\"inLanguage\":\"fr-FR\"},{\"@type\":\"Organization\",\"@id\":\"https:\\\/\\\/www.mobilier-design-occasion.fr\\\/magazine\\\/#organization\",\"name\":\"Mobilier Design Magazine\",\"url\":\"https:\\\/\\\/www.mobilier-design-occasion.fr\\\/magazine\\\/\",\"logo\":{\"@type\":\"ImageObject\",\"inLanguage\":\"fr-FR\",\"@id\":\"https:\\\/\\\/www.mobilier-design-occasion.fr\\\/magazine\\\/#\\\/schema\\\/logo\\\/image\\\/\",\"url\":\"https:\\\/\\\/www.mobilier-design-occasion.fr\\\/magazine\\\/wp-content\\\/uploads\\\/2024\\\/02\\\/android-chrome-192x192-1.png\",\"contentUrl\":\"https:\\\/\\\/www.mobilier-design-occasion.fr\\\/magazine\\\/wp-content\\\/uploads\\\/2024\\\/02\\\/android-chrome-192x192-1.png\",\"width\":192,\"height\":192,\"caption\":\"Mobilier Design Magazine\"},\"image\":{\"@id\":\"https:\\\/\\\/www.mobilier-design-occasion.fr\\\/magazine\\\/#\\\/schema\\\/logo\\\/image\\\/\"},\"sameAs\":[\"https:\\\/\\\/www.facebook.com\\\/mobilierdesignoccasion\"]},{\"@type\":\"Person\",\"@id\":\"https:\\\/\\\/www.mobilier-design-occasion.fr\\\/magazine\\\/#\\\/schema\\\/person\\\/af895bedc80bfb6b17730a672fddac9e\",\"name\":\"Vincent Vandegans\",\"image\":{\"@type\":\"ImageObject\",\"inLanguage\":\"fr-FR\",\"@id\":\"https:\\\/\\\/secure.gravatar.com\\\/avatar\\\/b984800dabdf722d5e3f03f637c8932dea77d81118467d17ad2953e3b273ec66?s=96&d=mm&r=g\",\"url\":\"https:\\\/\\\/secure.gravatar.com\\\/avatar\\\/b984800dabdf722d5e3f03f637c8932dea77d81118467d17ad2953e3b273ec66?s=96&d=mm&r=g\",\"contentUrl\":\"https:\\\/\\\/secure.gravatar.com\\\/avatar\\\/b984800dabdf722d5e3f03f637c8932dea77d81118467d17ad2953e3b273ec66?s=96&d=mm&r=g\",\"caption\":\"Vincent Vandegans\"},\"description\":\"Vincent est passionn\u00e9 par les produits d'occasion, il a ouvert le site MDO avec Cyrielle pour aider les gens \u00e0 trouver du mobilier d'occasion, vintage ou usag\u00e9. Depuis, ils ont \u00e9tendu leurs activit\u00e9s et conseillent tout le monde sur le mobilier d'int\u00e9rieur et d'ext\u00e9rieur au quotidien \u00e0 travers le magazine MDO.\",\"url\":\"https:\\\/\\\/www.mobilier-design-occasion.fr\\\/magazine\\\/author\\\/vincent\\\/\"}]}<\/script>\n<!-- \/ Yoast SEO plugin. -->","yoast_head_json":{"title":"Le lit mezzanine en bois : un choix \u00e9coresponsable pour optimiser son espace - Mobilier Design Magazine","robots":{"index":"index","follow":"follow","max-snippet":"max-snippet:-1","max-image-preview":"max-image-preview:large","max-video-preview":"max-video-preview:-1"},"canonical":"https:\/\/www.mobilier-design-occasion.fr\/magazine\/le-lit-mezzanine-en-bois-un-choix-ecoresponsable-pour-optimiser-son-espace\/","og_locale":"fr_FR","og_type":"article","og_title":"Le lit mezzanine en bois : un choix \u00e9coresponsable pour optimiser son espace - Mobilier Design Magazine","og_description":"Introduction : Quand \u00e9cologie rime avec praticit\u00e9 Je suis convaincu que, dans un monde o\u00f9 chaque geste compte pour la plan\u00e8te, nos choix d\u2019ameublement ne sont pas anodins. Si vous croyez que choisir un lit mezzanine en bois n\u2019est qu\u2019une question de design, d\u00e9trompez-vous\u202f! Ce meuble est une solution astucieuse qui r\u00e9pond \u00e0 deux enjeux [&hellip;]","og_url":"https:\/\/www.mobilier-design-occasion.fr\/magazine\/le-lit-mezzanine-en-bois-un-choix-ecoresponsable-pour-optimiser-son-espace\/","og_site_name":"Mobilier Design Magazine","article_publisher":"https:\/\/www.facebook.com\/mobilierdesignoccasion","article_published_time":"2025-01-23T15:22:18+00:00","article_modified_time":"2025-01-23T15:22:19+00:00","og_image":[{"width":1019,"height":680,"url":"https:\/\/www.mobilier-design-occasion.fr\/magazine\/wp-content\/uploads\/2025\/01\/25810-product_large.jpg","type":"image\/jpeg"}],"author":"Vincent Vandegans","twitter_card":"summary_large_image","twitter_misc":{"\u00c9crit par":"Vincent Vandegans","Dur\u00e9e de lecture estim\u00e9e":"4 minutes"},"schema":{"@context":"https:\/\/schema.org","@graph":[{"@type":"Article","@id":"https:\/\/www.mobilier-design-occasion.fr\/magazine\/le-lit-mezzanine-en-bois-un-choix-ecoresponsable-pour-optimiser-son-espace\/#article","isPartOf":{"@id":"https:\/\/www.mobilier-design-occasion.fr\/magazine\/le-lit-mezzanine-en-bois-un-choix-ecoresponsable-pour-optimiser-son-espace\/"},"author":{"name":"Vincent Vandegans","@id":"https:\/\/www.mobilier-design-occasion.fr\/magazine\/#\/schema\/person\/af895bedc80bfb6b17730a672fddac9e"},"headline":"Le lit mezzanine en bois : un choix \u00e9coresponsable pour optimiser son espace","datePublished":"2025-01-23T15:22:18+00:00","dateModified":"2025-01-23T15:22:19+00:00","mainEntityOfPage":{"@id":"https:\/\/www.mobilier-design-occasion.fr\/magazine\/le-lit-mezzanine-en-bois-un-choix-ecoresponsable-pour-optimiser-son-espace\/"},"wordCount":647,"commentCount":0,"publisher":{"@id":"https:\/\/www.mobilier-design-occasion.fr\/magazine\/#organization"},"image":{"@id":"https:\/\/www.mobilier-design-occasion.fr\/magazine\/le-lit-mezzanine-en-bois-un-choix-ecoresponsable-pour-optimiser-son-espace\/#primaryimage"},"thumbnailUrl":"https:\/\/www.mobilier-design-occasion.fr\/magazine\/wp-content\/uploads\/2025\/01\/25810-product_large.jpg","articleSection":["Avis marques d\u00e9co"],"inLanguage":"fr-FR","potentialAction":[{"@type":"CommentAction","name":"Comment","target":["https:\/\/www.mobilier-design-occasion.fr\/magazine\/le-lit-mezzanine-en-bois-un-choix-ecoresponsable-pour-optimiser-son-espace\/#respond"]}]},{"@type":"WebPage","@id":"https:\/\/www.mobilier-design-occasion.fr\/magazine\/le-lit-mezzanine-en-bois-un-choix-ecoresponsable-pour-optimiser-son-espace\/","url":"https:\/\/www.mobilier-design-occasion.fr\/magazine\/le-lit-mezzanine-en-bois-un-choix-ecoresponsable-pour-optimiser-son-espace\/","name":"Le lit mezzanine en bois : un choix \u00e9coresponsable pour optimiser son espace - Mobilier Design Magazine","isPartOf":{"@id":"https:\/\/www.mobilier-design-occasion.fr\/magazine\/#website"},"primaryImageOfPage":{"@id":"https:\/\/www.mobilier-design-occasion.fr\/magazine\/le-lit-mezzanine-en-bois-un-choix-ecoresponsable-pour-optimiser-son-espace\/#primaryimage"},"image":{"@id":"https:\/\/www.mobilier-design-occasion.fr\/magazine\/le-lit-mezzanine-en-bois-un-choix-ecoresponsable-pour-optimiser-son-espace\/#primaryimage"},"thumbnailUrl":"https:\/\/www.mobilier-design-occasion.fr\/magazine\/wp-content\/uploads\/2025\/01\/25810-product_large.jpg","datePublished":"2025-01-23T15:22:18+00:00","dateModified":"2025-01-23T15:22:19+00:00","breadcrumb":{"@id":"https:\/\/www.mobilier-design-occasion.fr\/magazine\/le-lit-mezzanine-en-bois-un-choix-ecoresponsable-pour-optimiser-son-espace\/#breadcrumb"},"inLanguage":"fr-FR","potentialAction":[{"@type":"ReadAction","target":["https:\/\/www.mobilier-design-occasion.fr\/magazine\/le-lit-mezzanine-en-bois-un-choix-ecoresponsable-pour-optimiser-son-espace\/"]}]},{"@type":"ImageObject","inLanguage":"fr-FR","@id":"https:\/\/www.mobilier-design-occasion.fr\/magazine\/le-lit-mezzanine-en-bois-un-choix-ecoresponsable-pour-optimiser-son-espace\/#primaryimage","url":"https:\/\/www.mobilier-design-occasion.fr\/magazine\/wp-content\/uploads\/2025\/01\/25810-product_large.jpg","contentUrl":"https:\/\/www.mobilier-design-occasion.fr\/magazine\/wp-content\/uploads\/2025\/01\/25810-product_large.jpg","width":1019,"height":680},{"@type":"BreadcrumbList","@id":"https:\/\/www.mobilier-design-occasion.fr\/magazine\/le-lit-mezzanine-en-bois-un-choix-ecoresponsable-pour-optimiser-son-espace\/#breadcrumb","itemListElement":[{"@type":"ListItem","position":1,"name":"Accueil","item":"https:\/\/www.mobilier-design-occasion.fr\/magazine\/"},{"@type":"ListItem","position":2,"name":"Le lit mezzanine en bois : un choix \u00e9coresponsable pour optimiser son espace"}]},{"@type":"WebSite","@id":"https:\/\/www.mobilier-design-occasion.fr\/magazine\/#website","url":"https:\/\/www.mobilier-design-occasion.fr\/magazine\/","name":"Mobilier Design Magazine","description":"","publisher":{"@id":"https:\/\/www.mobilier-design-occasion.fr\/magazine\/#organization"},"potentialAction":[{"@type":"SearchAction","target":{"@type":"EntryPoint","urlTemplate":"https:\/\/www.mobilier-design-occasion.fr\/magazine\/?s={search_term_string}"},"query-input":{"@type":"PropertyValueSpecification","valueRequired":true,"valueName":"search_term_string"}}],"inLanguage":"fr-FR"},{"@type":"Organization","@id":"https:\/\/www.mobilier-design-occasion.fr\/magazine\/#organization","name":"Mobilier Design Magazine","url":"https:\/\/www.mobilier-design-occasion.fr\/magazine\/","logo":{"@type":"ImageObject","inLanguage":"fr-FR","@id":"https:\/\/www.mobilier-design-occasion.fr\/magazine\/#\/schema\/logo\/image\/","url":"https:\/\/www.mobilier-design-occasion.fr\/magazine\/wp-content\/uploads\/2024\/02\/android-chrome-192x192-1.png","contentUrl":"https:\/\/www.mobilier-design-occasion.fr\/magazine\/wp-content\/uploads\/2024\/02\/android-chrome-192x192-1.png","width":192,"height":192,"caption":"Mobilier Design Magazine"},"image":{"@id":"https:\/\/www.mobilier-design-occasion.fr\/magazine\/#\/schema\/logo\/image\/"},"sameAs":["https:\/\/www.facebook.com\/mobilierdesignoccasion"]},{"@type":"Person","@id":"https:\/\/www.mobilier-design-occasion.fr\/magazine\/#\/schema\/person\/af895bedc80bfb6b17730a672fddac9e","name":"Vincent Vandegans","image":{"@type":"ImageObject","inLanguage":"fr-FR","@id":"https:\/\/secure.gravatar.com\/avatar\/b984800dabdf722d5e3f03f637c8932dea77d81118467d17ad2953e3b273ec66?s=96&d=mm&r=g","url":"https:\/\/secure.gravatar.com\/avatar\/b984800dabdf722d5e3f03f637c8932dea77d81118467d17ad2953e3b273ec66?s=96&d=mm&r=g","contentUrl":"https:\/\/secure.gravatar.com\/avatar\/b984800dabdf722d5e3f03f637c8932dea77d81118467d17ad2953e3b273ec66?s=96&d=mm&r=g","caption":"Vincent Vandegans"},"description":"Vincent est passionn\u00e9 par les produits d'occasion, il a ouvert le site MDO avec Cyrielle pour aider les gens \u00e0 trouver du mobilier d'occasion, vintage ou usag\u00e9. Depuis, ils ont \u00e9tendu leurs activit\u00e9s et conseillent tout le monde sur le mobilier d'int\u00e9rieur et d'ext\u00e9rieur au quotidien \u00e0 travers le magazine MDO.","url":"https:\/\/www.mobilier-design-occasion.fr\/magazine\/author\/vincent\/"}]}},"_links":{"self":[{"href":"https:\/\/www.mobilier-design-occasion.fr\/magazine\/wp-json\/wp\/v2\/posts\/8033","targetHints":{"allow":["GET"]}}],"collection":[{"href":"https:\/\/www.mobilier-design-occasion.fr\/magazine\/wp-json\/wp\/v2\/posts"}],"about":[{"href":"https:\/\/www.mobilier-design-occasion.fr\/magazine\/wp-json\/wp\/v2\/types\/post"}],"author":[{"embeddable":true,"href":"https:\/\/www.mobilier-design-occasion.fr\/magazine\/wp-json\/wp\/v2\/users\/2"}],"replies":[{"embeddable":true,"href":"https:\/\/www.mobilier-design-occasion.fr\/magazine\/wp-json\/wp\/v2\/comments?post=8033"}],"version-history":[{"count":1,"href":"https:\/\/www.mobilier-design-occasion.fr\/magazine\/wp-json\/wp\/v2\/posts\/8033\/revisions"}],"predecessor-version":[{"id":8040,"href":"https:\/\/www.mobilier-design-occasion.fr\/magazine\/wp-json\/wp\/v2\/posts\/8033\/revisions\/8040"}],"wp:featuredmedia":[{"embeddable":true,"href":"https:\/\/www.mobilier-design-occasion.fr\/magazine\/wp-json\/wp\/v2\/media\/8039"}],"wp:attachment":[{"href":"https:\/\/www.mobilier-design-occasion.fr\/magazine\/wp-json\/wp\/v2\/media?parent=8033"}],"wp:term":[{"taxonomy":"category","embeddable":true,"href":"https:\/\/www.mobilier-design-occasion.fr\/magazine\/wp-json\/wp\/v2\/categories?post=8033"},{"taxonomy":"post_tag","embeddable":true,"href":"https:\/\/www.mobilier-design-occasion.fr\/magazine\/wp-json\/wp\/v2\/tags?post=8033"}],"curies":[{"name":"wp","href":"https:\/\/api.w.org\/{rel}","templated":true}]}}