{"id":8008,"date":"2025-01-02T09:41:57","date_gmt":"2025-01-02T09:41:57","guid":{"rendered":"https:\/\/www.mobilier-design-occasion.fr\/magazine\/?p=8008"},"modified":"2025-01-02T09:41:58","modified_gmt":"2025-01-02T09:41:58","slug":"les-tendances-mobilier-et-decoration-pour-2025-quel-style-adopter-pour-votre-maison","status":"publish","type":"post","link":"https:\/\/www.mobilier-design-occasion.fr\/magazine\/les-tendances-mobilier-et-decoration-pour-2025-quel-style-adopter-pour-votre-maison\/","title":{"rendered":"Les tendances mobilier et d\u00e9coration pour 2025 : quel style adopter pour votre maison ?"},"content":{"rendered":"\n<p>L&#8217;ann\u00e9e 2025 approche \u00e0 grands pas, et avec elle, un vent de fra\u00eecheur souffle sur l&#8217;univers du design d&#8217;int\u00e9rieur. Si vous avez envie de redonner vie \u00e0 votre espace de mani\u00e8re moderne et \u00e9l\u00e9gante, il est grand temps de d\u00e9couvrir les grandes tendances mobilier et d\u00e9coration de 2025. Plus que jamais, les pi\u00e8ces de mobilier allient esth\u00e9tisme, fonctionnalit\u00e9 et confort. Mais une question se pose : comment choisir les bonnes couleurs et le mobilier adapt\u00e9 pour donner du caract\u00e8re \u00e0 votre maison, tout en respectant votre budget et vos besoins ?<\/p>\n\n\n\n<figure class=\"wp-block-image size-full\"><img loading=\"lazy\" decoding=\"async\" width=\"912\" height=\"640\" src=\"https:\/\/www.mobilier-design-occasion.fr\/magazine\/wp-content\/uploads\/2025\/01\/image-7.png\" alt=\"\" class=\"wp-image-8016\" srcset=\"https:\/\/www.mobilier-design-occasion.fr\/magazine\/wp-content\/uploads\/2025\/01\/image-7.png 912w, https:\/\/www.mobilier-design-occasion.fr\/magazine\/wp-content\/uploads\/2025\/01\/image-7-300x211.png 300w, https:\/\/www.mobilier-design-occasion.fr\/magazine\/wp-content\/uploads\/2025\/01\/image-7-768x539.png 768w, https:\/\/www.mobilier-design-occasion.fr\/magazine\/wp-content\/uploads\/2025\/01\/image-7-810x568.png 810w\" sizes=\"auto, (max-width: 912px) 100vw, 912px\" \/><\/figure>\n\n\n\n<h3 class=\"wp-block-heading\"><span class=\"ez-toc-section\" id=\"Mobilier_2025_une_nouvelle_ere_du_design_fonctionnel_et_esthetique\"><\/span><strong>Mobilier 2025 : une nouvelle \u00e8re du design fonctionnel et esth\u00e9tique<\/strong><span class=\"ez-toc-section-end\"><\/span><\/h3><div id=\"ez-toc-container\" class=\"ez-toc-v2_0_82_2 counter-hierarchy ez-toc-counter ez-toc-grey ez-toc-container-direction\">\n<div class=\"ez-toc-title-container\">\n<span class=\"ez-toc-title-toggle\"><a href=\"#\" class=\"ez-toc-pull-right ez-toc-btn ez-toc-btn-xs ez-toc-btn-default ez-toc-toggle\" aria-label=\"Toggle Table of Content\"><span class=\"ez-toc-js-icon-con\"><span class=\"\"><span class=\"eztoc-hide\" style=\"display:none;\">Toggle<\/span><span class=\"ez-toc-icon-toggle-span\"><svg style=\"fill: #999;color:#999\" xmlns=\"http:\/\/www.w3.org\/2000\/svg\" class=\"list-377408\" width=\"20px\" height=\"20px\" viewBox=\"0 0 24 24\" fill=\"none\"><path d=\"M6 6H4v2h2V6zm14 0H8v2h12V6zM4 11h2v2H4v-2zm16 0H8v2h12v-2zM4 16h2v2H4v-2zm16 0H8v2h12v-2z\" fill=\"currentColor\"><\/path><\/svg><svg style=\"fill: #999;color:#999\" class=\"arrow-unsorted-368013\" xmlns=\"http:\/\/www.w3.org\/2000\/svg\" width=\"10px\" height=\"10px\" viewBox=\"0 0 24 24\" version=\"1.2\" baseProfile=\"tiny\"><path d=\"M18.2 9.3l-6.2-6.3-6.2 6.3c-.2.2-.3.4-.3.7s.1.5.3.7c.2.2.4.3.7.3h11c.3 0 .5-.1.7-.3.2-.2.3-.5.3-.7s-.1-.5-.3-.7zM5.8 14.7l6.2 6.3 6.2-6.3c.2-.2.3-.5.3-.7s-.1-.5-.3-.7c-.2-.2-.4-.3-.7-.3h-11c-.3 0-.5.1-.7.3-.2.2-.3.5-.3.7s.1.5.3.7z\"\/><\/svg><\/span><\/span><\/span><\/a><\/span><\/div>\n<nav><ul class='ez-toc-list ez-toc-list-level-1 eztoc-toggle-hide-by-default' ><li class='ez-toc-page-1 ez-toc-heading-level-3'><a class=\"ez-toc-link ez-toc-heading-1\" href=\"https:\/\/www.mobilier-design-occasion.fr\/magazine\/les-tendances-mobilier-et-decoration-pour-2025-quel-style-adopter-pour-votre-maison\/#Mobilier_2025_une_nouvelle_ere_du_design_fonctionnel_et_esthetique\" >Mobilier 2025 : une nouvelle \u00e8re du design fonctionnel et esth\u00e9tique<\/a><ul class='ez-toc-list-level-4' ><li class='ez-toc-heading-level-4'><a class=\"ez-toc-link ez-toc-heading-2\" href=\"https:\/\/www.mobilier-design-occasion.fr\/magazine\/les-tendances-mobilier-et-decoration-pour-2025-quel-style-adopter-pour-votre-maison\/#1_Canapes_et_fauteuils_tout_pour_le_confort_et_le_cocooning\" >1. Canap\u00e9s et fauteuils : tout pour le confort et le cocooning<\/a><\/li><li class='ez-toc-page-1 ez-toc-heading-level-4'><a class=\"ez-toc-link ez-toc-heading-3\" href=\"https:\/\/www.mobilier-design-occasion.fr\/magazine\/les-tendances-mobilier-et-decoration-pour-2025-quel-style-adopter-pour-votre-maison\/#2_Tables_et_chaises_la_fonctionnalite_avant_tout\" >2. Tables et chaises : la fonctionnalit\u00e9 avant tout<\/a><\/li><li class='ez-toc-page-1 ez-toc-heading-level-4'><a class=\"ez-toc-link ez-toc-heading-4\" href=\"https:\/\/www.mobilier-design-occasion.fr\/magazine\/les-tendances-mobilier-et-decoration-pour-2025-quel-style-adopter-pour-votre-maison\/#3_Meubles_de_rangement_modularite_et_praticite\" >3. Meubles de rangement : modularit\u00e9 et praticit\u00e9<\/a><\/li><\/ul><\/li><li class='ez-toc-page-1 ez-toc-heading-level-3'><a class=\"ez-toc-link ez-toc-heading-5\" href=\"https:\/\/www.mobilier-design-occasion.fr\/magazine\/les-tendances-mobilier-et-decoration-pour-2025-quel-style-adopter-pour-votre-maison\/#Les_couleurs_phares_de_2025_la_douceur_et_lelegance_avant_tout\" >Les couleurs phares de 2025 : la douceur et l\u2019\u00e9l\u00e9gance avant tout<\/a><ul class='ez-toc-list-level-4' ><li class='ez-toc-heading-level-4'><a class=\"ez-toc-link ez-toc-heading-6\" href=\"https:\/\/www.mobilier-design-occasion.fr\/magazine\/les-tendances-mobilier-et-decoration-pour-2025-quel-style-adopter-pour-votre-maison\/#Pourquoi_la_couleur_ivoire_revient-elle_en_force\" >Pourquoi la couleur ivoire revient-elle en force ?<\/a><\/li><li class='ez-toc-page-1 ez-toc-heading-level-4'><a class=\"ez-toc-link ez-toc-heading-7\" href=\"https:\/\/www.mobilier-design-occasion.fr\/magazine\/les-tendances-mobilier-et-decoration-pour-2025-quel-style-adopter-pour-votre-maison\/#Autres_couleurs_tendances\" >Autres couleurs tendances<\/a><\/li><\/ul><\/li><li class='ez-toc-page-1 ez-toc-heading-level-3'><a class=\"ez-toc-link ez-toc-heading-8\" href=\"https:\/\/www.mobilier-design-occasion.fr\/magazine\/les-tendances-mobilier-et-decoration-pour-2025-quel-style-adopter-pour-votre-maison\/#Quel_type_de_maison_pour_ces_tendances\" >Quel type de maison pour ces tendances ?<\/a><\/li><li class='ez-toc-page-1 ez-toc-heading-level-3'><a class=\"ez-toc-link ez-toc-heading-9\" href=\"https:\/\/www.mobilier-design-occasion.fr\/magazine\/les-tendances-mobilier-et-decoration-pour-2025-quel-style-adopter-pour-votre-maison\/#Les_prix_un_eventail_pour_tous_les_budgets\" >Les prix : un \u00e9ventail pour tous les budgets<\/a><\/li><li class='ez-toc-page-1 ez-toc-heading-level-3'><a class=\"ez-toc-link ez-toc-heading-10\" href=\"https:\/\/www.mobilier-design-occasion.fr\/magazine\/les-tendances-mobilier-et-decoration-pour-2025-quel-style-adopter-pour-votre-maison\/#Reduire_la_taille_des_images_pour_une_gestion_efficace\" >R\u00e9duire la taille des images pour une gestion efficace<\/a><\/li><li class='ez-toc-page-1 ez-toc-heading-level-3'><a class=\"ez-toc-link ez-toc-heading-11\" href=\"https:\/\/www.mobilier-design-occasion.fr\/magazine\/les-tendances-mobilier-et-decoration-pour-2025-quel-style-adopter-pour-votre-maison\/#Conclusion\" >Conclusion<\/a><\/li><\/ul><\/nav><\/div>\n\n\n\n\n<p>Le mobilier de 2025 refl\u00e8te un d\u00e9sir de retour \u00e0 l\u2019essentiel, tout en mariant harmonieusement confort et modernit\u00e9. Alors que certaines tendances restent fid\u00e8les aux lignes \u00e9pur\u00e9es du minimalisme, d\u2019autres vont plus loin, en introduisant des formes organiques et des mat\u00e9riaux inattendus. Les designers misent sur des cr\u00e9ations modulaires et flexibles, qui s\u2019adaptent aux besoins sp\u00e9cifiques de chaque int\u00e9rieur. Mais alors, quels meubles choisir pour \u00eatre \u00e0 la pointe de la tendance ?<\/p>\n\n\n\n<figure class=\"wp-block-image size-large\"><img loading=\"lazy\" decoding=\"async\" width=\"1024\" height=\"556\" src=\"https:\/\/www.mobilier-design-occasion.fr\/magazine\/wp-content\/uploads\/2025\/01\/image-1024x556.png\" alt=\"\" class=\"wp-image-8009\" srcset=\"https:\/\/www.mobilier-design-occasion.fr\/magazine\/wp-content\/uploads\/2025\/01\/image-1024x556.png 1024w, https:\/\/www.mobilier-design-occasion.fr\/magazine\/wp-content\/uploads\/2025\/01\/image-300x163.png 300w, https:\/\/www.mobilier-design-occasion.fr\/magazine\/wp-content\/uploads\/2025\/01\/image-768x417.png 768w, https:\/\/www.mobilier-design-occasion.fr\/magazine\/wp-content\/uploads\/2025\/01\/image-810x440.png 810w, https:\/\/www.mobilier-design-occasion.fr\/magazine\/wp-content\/uploads\/2025\/01\/image-1140x619.png 1140w, https:\/\/www.mobilier-design-occasion.fr\/magazine\/wp-content\/uploads\/2025\/01\/image.png 1190w\" sizes=\"auto, (max-width: 1024px) 100vw, 1024px\" \/><\/figure>\n\n\n\n<h4 class=\"wp-block-heading\"><span class=\"ez-toc-section\" id=\"1_Canapes_et_fauteuils_tout_pour_le_confort_et_le_cocooning\"><\/span><strong>1. Canap\u00e9s et fauteuils : tout pour le confort et le cocooning<\/strong><span class=\"ez-toc-section-end\"><\/span><\/h4>\n\n\n\n<p>En 2025, la tendance est au canap\u00e9 g\u00e9n\u00e9reux et aux fauteuils enveloppants. L\u2019id\u00e9e ? Cr\u00e9er un v\u00e9ritable cocon o\u00f9 l\u2019on peut se d\u00e9tendre et se ressourcer. Les formes douces et arrondies, loin des angles rigides des ann\u00e9es pass\u00e9es, font un retour en force. Les mod\u00e8les modulables, permettant de personnaliser l\u2019agencement du salon selon l\u2019humeur ou les besoins du moment, sont \u00e9galement incontournables. Vous trouverez des canap\u00e9s modulables de qualit\u00e9 chez des marques comme <strong>Made.com<\/strong> ou <strong>Ikea<\/strong>, \u00e0 partir de <strong>500 euros<\/strong>, avec des possibilit\u00e9s de personnalisation de tissus et de couleurs. Ces pi\u00e8ces apportent une sensation de confort sans sacrifier le style.<\/p>\n\n\n\n<figure class=\"wp-block-image size-full\"><img loading=\"lazy\" decoding=\"async\" width=\"934\" height=\"584\" src=\"https:\/\/www.mobilier-design-occasion.fr\/magazine\/wp-content\/uploads\/2025\/01\/image-1.png\" alt=\"\" class=\"wp-image-8010\" srcset=\"https:\/\/www.mobilier-design-occasion.fr\/magazine\/wp-content\/uploads\/2025\/01\/image-1.png 934w, https:\/\/www.mobilier-design-occasion.fr\/magazine\/wp-content\/uploads\/2025\/01\/image-1-300x188.png 300w, https:\/\/www.mobilier-design-occasion.fr\/magazine\/wp-content\/uploads\/2025\/01\/image-1-768x480.png 768w, https:\/\/www.mobilier-design-occasion.fr\/magazine\/wp-content\/uploads\/2025\/01\/image-1-810x506.png 810w\" sizes=\"auto, (max-width: 934px) 100vw, 934px\" \/><\/figure>\n\n\n\n<h4 class=\"wp-block-heading\"><span class=\"ez-toc-section\" id=\"2_Tables_et_chaises_la_fonctionnalite_avant_tout\"><\/span><strong>2. Tables et chaises : la fonctionnalit\u00e9 avant tout<\/strong><span class=\"ez-toc-section-end\"><\/span><\/h4>\n\n\n\n<p>Les tables, qu\u2019elles soient de salle \u00e0 manger ou de bureau, doivent aujourd\u2019hui r\u00e9pondre \u00e0 des exigences multiples : praticit\u00e9, esth\u00e9tisme et durabilit\u00e9. En 2025, les mat\u00e9riaux bruts comme le bois massif, le m\u00e9tal et le b\u00e9ton continuent de s\u00e9duire, mais les tendances pointent \u00e9galement vers des mat\u00e9riaux plus innovants. Les tables en <strong>pierre reconstitu\u00e9e<\/strong> ou en <strong>verre recycl\u00e9<\/strong> sont de plus en plus populaires pour leur c\u00f4t\u00e9 durable et moderne. Pour une salle \u00e0 manger tendance, optez pour des mod\u00e8les comme la <strong>table en bois sculpt\u00e9<\/strong> de chez <strong>La Redoute<\/strong> ou une table en b\u00e9ton de <strong>Leroy Merlin<\/strong>, avec des prix allant de <strong>200 \u00e0 1500 euros<\/strong> selon la taille et le design.<\/p>\n\n\n\n<figure class=\"wp-block-image size-large\"><img loading=\"lazy\" decoding=\"async\" width=\"1024\" height=\"455\" src=\"https:\/\/www.mobilier-design-occasion.fr\/magazine\/wp-content\/uploads\/2025\/01\/image-3-1024x455.png\" alt=\"\" class=\"wp-image-8012\" srcset=\"https:\/\/www.mobilier-design-occasion.fr\/magazine\/wp-content\/uploads\/2025\/01\/image-3-1024x455.png 1024w, https:\/\/www.mobilier-design-occasion.fr\/magazine\/wp-content\/uploads\/2025\/01\/image-3-300x133.png 300w, https:\/\/www.mobilier-design-occasion.fr\/magazine\/wp-content\/uploads\/2025\/01\/image-3-768x341.png 768w, https:\/\/www.mobilier-design-occasion.fr\/magazine\/wp-content\/uploads\/2025\/01\/image-3-810x360.png 810w, https:\/\/www.mobilier-design-occasion.fr\/magazine\/wp-content\/uploads\/2025\/01\/image-3.png 1116w\" sizes=\"auto, (max-width: 1024px) 100vw, 1024px\" \/><\/figure>\n\n\n\n<h4 class=\"wp-block-heading\"><span class=\"ez-toc-section\" id=\"3_Meubles_de_rangement_modularite_et_praticite\"><\/span><strong>3. Meubles de rangement : modularit\u00e9 et praticit\u00e9<\/strong><span class=\"ez-toc-section-end\"><\/span><\/h4>\n\n\n\n<p>Le rangement reste un d\u00e9fi majeur dans les int\u00e9rieurs contemporains. L\u2019accent est mis sur la modularit\u00e9, avec des solutions de rangement qui s\u2019adaptent \u00e0 la fois \u00e0 la petite et \u00e0 la grande maison. Des \u00e9tag\u00e8res murales aux biblioth\u00e8ques en passant par les placards int\u00e9gr\u00e9s, tout est pens\u00e9 pour maximiser l\u2019espace tout en pr\u00e9servant l\u2019esth\u00e9tique. Les prix varient selon la taille et la qualit\u00e9 des mat\u00e9riaux, avec des options abordables autour de <strong>100 \u00e0 400 euros<\/strong>, ou des cr\u00e9ations plus luxueuses \u00e0 partir de <strong>700 euros<\/strong>.<\/p>\n\n\n\n<figure class=\"wp-block-image size-large\"><img loading=\"lazy\" decoding=\"async\" width=\"1024\" height=\"447\" src=\"https:\/\/www.mobilier-design-occasion.fr\/magazine\/wp-content\/uploads\/2025\/01\/image-4-1024x447.png\" alt=\"\" class=\"wp-image-8013\" srcset=\"https:\/\/www.mobilier-design-occasion.fr\/magazine\/wp-content\/uploads\/2025\/01\/image-4-1024x447.png 1024w, https:\/\/www.mobilier-design-occasion.fr\/magazine\/wp-content\/uploads\/2025\/01\/image-4-300x131.png 300w, https:\/\/www.mobilier-design-occasion.fr\/magazine\/wp-content\/uploads\/2025\/01\/image-4-768x335.png 768w, https:\/\/www.mobilier-design-occasion.fr\/magazine\/wp-content\/uploads\/2025\/01\/image-4-810x354.png 810w, https:\/\/www.mobilier-design-occasion.fr\/magazine\/wp-content\/uploads\/2025\/01\/image-4.png 1104w\" sizes=\"auto, (max-width: 1024px) 100vw, 1024px\" \/><\/figure>\n\n\n\n<h3 class=\"wp-block-heading\"><span class=\"ez-toc-section\" id=\"Les_couleurs_phares_de_2025_la_douceur_et_lelegance_avant_tout\"><\/span><strong>Les couleurs phares de 2025 : la douceur et l\u2019\u00e9l\u00e9gance avant tout<\/strong><span class=\"ez-toc-section-end\"><\/span><\/h3>\n\n\n\n<p>En 2025, les couleurs de l\u2019int\u00e9rieur se veulent apaisantes, naturelles et intemporelles. L\u2019une des grandes tendances de l\u2019ann\u00e9e : la <a href=\"https:\/\/www.adobe.com\/fr\/express\/colors\/ivory\">couleur ivoire<\/a>, qui revient en force dans les int\u00e9rieurs modernes.<\/p>\n\n\n\n<figure class=\"wp-block-image size-full\"><img loading=\"lazy\" decoding=\"async\" width=\"796\" height=\"524\" src=\"https:\/\/www.mobilier-design-occasion.fr\/magazine\/wp-content\/uploads\/2025\/01\/image-2.png\" alt=\"\" class=\"wp-image-8011\" srcset=\"https:\/\/www.mobilier-design-occasion.fr\/magazine\/wp-content\/uploads\/2025\/01\/image-2.png 796w, https:\/\/www.mobilier-design-occasion.fr\/magazine\/wp-content\/uploads\/2025\/01\/image-2-300x197.png 300w, https:\/\/www.mobilier-design-occasion.fr\/magazine\/wp-content\/uploads\/2025\/01\/image-2-768x506.png 768w\" sizes=\"auto, (max-width: 796px) 100vw, 796px\" \/><\/figure>\n\n\n\n<h4 class=\"wp-block-heading\"><span class=\"ez-toc-section\" id=\"Pourquoi_la_couleur_ivoire_revient-elle_en_force\"><\/span><strong>Pourquoi la couleur ivoire revient-elle en force ?<\/strong><span class=\"ez-toc-section-end\"><\/span><\/h4>\n\n\n\n<p>Apr\u00e8s des ann\u00e9es d&#8217;engouement pour des tons plus vifs ou des couleurs pastel, l\u2019<strong>ivoire<\/strong> fait son grand retour en 2025. Pourquoi ? Tout simplement parce que cette teinte incarne la simplicit\u00e9, la puret\u00e9 et l\u2019\u00e9l\u00e9gance. L&#8217;ivoire est une couleur qui apporte de la lumi\u00e8re tout en \u00e9tant subtile, id\u00e9ale pour les espaces modernes, o\u00f9 l\u2019on cherche \u00e0 \u00e9quilibrer douceur et sophistication. Contrairement au blanc pur, l\u2019ivoire est plus chaleureux, ce qui en fait une couleur parfaite pour les salons, chambres ou cuisines, notamment dans les petites maisons ou appartements, o\u00f9 il peut agrandir visuellement l\u2019espace.<\/p>\n\n\n\n<p>La couleur ivoire s\u2019int\u00e8gre parfaitement avec une gamme de mat\u00e9riaux naturels, tels que le bois clair, le lin ou le coton, cr\u00e9ant ainsi une atmosph\u00e8re apaisante et \u00e9l\u00e9gante. Elle peut \u00eatre utilis\u00e9e sur les murs, les meubles, ou m\u00eame en accents d\u00e9coratifs, comme des coussins ou des rideaux. C\u2019est une couleur qui s\u2019adapte \u00e0 tous les styles, du minimalisme scandinave \u00e0 un d\u00e9cor plus boh\u00e8me-chic.<\/p>\n\n\n\n<h4 class=\"wp-block-heading\"><span class=\"ez-toc-section\" id=\"Autres_couleurs_tendances\"><\/span><strong>Autres couleurs tendances<\/strong><span class=\"ez-toc-section-end\"><\/span><\/h4>\n\n\n\n<p>\u00c0 c\u00f4t\u00e9 de l&#8217;ivoire, 2025 verra \u00e9galement le retour de tons plus terreux, comme le <strong>marron doux<\/strong>, le <strong>beige clair<\/strong> et les nuances de <strong>vert olive<\/strong>. Ces couleurs, proches de la nature, inspirent la s\u00e9r\u00e9nit\u00e9 et l\u2019\u00e9quilibre. Le <strong>bleu nuit<\/strong>, un classique des teintes profondes, continue \u00e9galement d\u2019\u00eatre populaire, surtout pour les chambres \u00e0 coucher ou les salons o\u00f9 l\u2019intimit\u00e9 est de mise.<\/p>\n\n\n\n<h3 class=\"wp-block-heading\"><span class=\"ez-toc-section\" id=\"Quel_type_de_maison_pour_ces_tendances\"><\/span><strong>Quel type de maison pour ces tendances ?<\/strong><span class=\"ez-toc-section-end\"><\/span><\/h3>\n\n\n\n<p>Les tendances de 2025 conviennent \u00e0 divers types d&#8217;habitation, mais elles se marient particuli\u00e8rement bien avec des espaces modernes ou r\u00e9nov\u00e9s. Les grandes maisons contemporaines, mais aussi les appartements urbains, peuvent parfaitement int\u00e9grer ces \u00e9l\u00e9ments de mobilier et ces couleurs. La cl\u00e9 est de cr\u00e9er une ambiance chaleureuse tout en restant fonctionnel. Pour une maison de ville, un <strong>canap\u00e9 modulable en tissu doux<\/strong>, accompagn\u00e9 de quelques \u00e9tag\u00e8res ouvertes et d&#8217;une <a href=\"https:\/\/www.mobilier-design-occasion.fr\/magazine\/comment-acheter-une-table-basse-pas-chere-sans-compromettre-la-qualite-7-etapes\/\">table basse<\/a> design en bois naturel, cr\u00e9era une ambiance accueillante. <\/p>\n\n\n\n<figure class=\"wp-block-image size-full\"><img loading=\"lazy\" decoding=\"async\" width=\"594\" height=\"390\" src=\"https:\/\/www.mobilier-design-occasion.fr\/magazine\/wp-content\/uploads\/2025\/01\/image-5.png\" alt=\"\" class=\"wp-image-8014\" srcset=\"https:\/\/www.mobilier-design-occasion.fr\/magazine\/wp-content\/uploads\/2025\/01\/image-5.png 594w, https:\/\/www.mobilier-design-occasion.fr\/magazine\/wp-content\/uploads\/2025\/01\/image-5-300x197.png 300w\" sizes=\"auto, (max-width: 594px) 100vw, 594px\" \/><\/figure>\n\n\n\n<p>Dans une maison plus grande, les mat\u00e9riaux bruts comme le b\u00e9ton, le m\u00e9tal et les grandes fen\u00eatres seront accentu\u00e9s par des tons ivoire et des touches de bois pour apporter de la chaleur.<\/p>\n\n\n\n<h3 class=\"wp-block-heading\"><span class=\"ez-toc-section\" id=\"Les_prix_un_eventail_pour_tous_les_budgets\"><\/span><strong>Les prix : un \u00e9ventail pour tous les budgets<\/strong><span class=\"ez-toc-section-end\"><\/span><\/h3>\n\n\n\n<p>Bien s\u00fbr, le prix de votre mobilier et de votre d\u00e9coration variera en fonction du style et des mat\u00e9riaux choisis. Pour un budget plus serr\u00e9, il est tout \u00e0 fait possible de trouver des canap\u00e9s et des \u00e9tag\u00e8res modulables dans des gammes abordables, avec des prix allant de <strong>100 \u00e0 700 euros<\/strong>. Les options plus haut de gamme, telles que les tables en marbre ou les canap\u00e9s en cuir, peuvent facilement d\u00e9passer les <strong>1000 euros<\/strong>. N\u2019oubliez pas non plus que l\u2019achat de mobilier de seconde main, souvent dans un excellent \u00e9tat, peut vous permettre de r\u00e9aliser de belles \u00e9conomies tout en contribuant \u00e0 une consommation plus responsable.<\/p>\n\n\n\n<h3 class=\"wp-block-heading\"><span class=\"ez-toc-section\" id=\"Reduire_la_taille_des_images_pour_une_gestion_efficace\"><\/span><strong>R\u00e9duire la taille des images pour une gestion efficace<\/strong><span class=\"ez-toc-section-end\"><\/span><\/h3>\n\n\n\n<p>Si vous \u00eates adepte de l&#8217;achat en ligne pour meubler votre maison, il est souvent utile de <strong>r\u00e9duire la taille des images<\/strong> des produits pour mieux comparer et garder une trace de vos options. Cela vous permettra de prendre des d\u00e9cisions plus \u00e9clair\u00e9es et de vous assurer que chaque meuble ou d\u00e9coration s\u2019harmonise parfaitement avec le reste de votre int\u00e9rieur.<\/p>\n\n\n\n<figure class=\"wp-block-image size-full\"><img loading=\"lazy\" decoding=\"async\" width=\"818\" height=\"598\" src=\"https:\/\/www.mobilier-design-occasion.fr\/magazine\/wp-content\/uploads\/2025\/01\/image-6.png\" alt=\"\" class=\"wp-image-8015\" srcset=\"https:\/\/www.mobilier-design-occasion.fr\/magazine\/wp-content\/uploads\/2025\/01\/image-6.png 818w, https:\/\/www.mobilier-design-occasion.fr\/magazine\/wp-content\/uploads\/2025\/01\/image-6-300x219.png 300w, https:\/\/www.mobilier-design-occasion.fr\/magazine\/wp-content\/uploads\/2025\/01\/image-6-768x561.png 768w, https:\/\/www.mobilier-design-occasion.fr\/magazine\/wp-content\/uploads\/2025\/01\/image-6-810x592.png 810w\" sizes=\"auto, (max-width: 818px) 100vw, 818px\" \/><\/figure>\n\n\n\n<h3 class=\"wp-block-heading\"><span class=\"ez-toc-section\" id=\"Conclusion\"><\/span><strong>Conclusion<\/strong><span class=\"ez-toc-section-end\"><\/span><\/h3>\n\n\n\n<p>Les tendances mobilier et d\u00e9coration de 2025 nous offrent un retour \u00e0 la simplicit\u00e9 et \u00e0 l&#8217;\u00e9l\u00e9gance, avec une forte pr\u00e9sence de couleurs naturelles comme la couleur ivoire. Les meubles modulables, les mat\u00e9riaux bruts et les couleurs douces seront les cl\u00e9s d\u2019un int\u00e9rieur harmonieux et moderne. Qu\u2019il s\u2019agisse de donner un nouveau souffle \u00e0 une maison urbaine ou de d\u00e9corer un espace plus spacieux, 2025 invite \u00e0 l\u2019\u00e9quilibre entre confort, style et fonctionnalit\u00e9. Alors, pr\u00eat \u00e0 relooker votre int\u00e9rieur ?<\/p>\n","protected":false},"excerpt":{"rendered":"<p>L&#8217;ann\u00e9e 2025 approche \u00e0 grands pas, et avec elle, un vent de fra\u00eecheur souffle sur l&#8217;univers du design d&#8217;int\u00e9rieur. Si vous avez envie de redonner vie \u00e0 votre espace de mani\u00e8re moderne et \u00e9l\u00e9gante, il est grand temps de d\u00e9couvrir les grandes tendances mobilier et d\u00e9coration de 2025. Plus que jamais, les pi\u00e8ces de mobilier [&hellip;]<\/p>\n","protected":false},"author":2,"featured_media":8015,"comment_status":"open","ping_status":"open","sticky":false,"template":"","format":"standard","meta":{"footnotes":""},"categories":[2],"tags":[140,216,217],"class_list":["post-8008","post","type-post","status-publish","format-standard","has-post-thumbnail","hentry","category-tendances","tag-chaise","tag-couleur","tag-ivoire"],"yoast_head":"<!-- This site is optimized with the Yoast SEO plugin v27.5 - https:\/\/yoast.com\/product\/yoast-seo-wordpress\/ -->\n<title>Les tendances mobilier et d\u00e9coration pour 2025 : quel style adopter pour votre maison ? - Mobilier Design Magazine<\/title>\n<meta name=\"robots\" content=\"index, follow, max-snippet:-1, max-image-preview:large, max-video-preview:-1\" \/>\n<link rel=\"canonical\" href=\"https:\/\/www.mobilier-design-occasion.fr\/magazine\/les-tendances-mobilier-et-decoration-pour-2025-quel-style-adopter-pour-votre-maison\/\" \/>\n<meta property=\"og:locale\" content=\"fr_FR\" \/>\n<meta property=\"og:type\" content=\"article\" \/>\n<meta property=\"og:title\" content=\"Les tendances mobilier et d\u00e9coration pour 2025 : quel style adopter pour votre maison ? - Mobilier Design Magazine\" \/>\n<meta property=\"og:description\" content=\"L&#8217;ann\u00e9e 2025 approche \u00e0 grands pas, et avec elle, un vent de fra\u00eecheur souffle sur l&#8217;univers du design d&#8217;int\u00e9rieur. Si vous avez envie de redonner vie \u00e0 votre espace de mani\u00e8re moderne et \u00e9l\u00e9gante, il est grand temps de d\u00e9couvrir les grandes tendances mobilier et d\u00e9coration de 2025. Plus que jamais, les pi\u00e8ces de mobilier [&hellip;]\" \/>\n<meta property=\"og:url\" content=\"https:\/\/www.mobilier-design-occasion.fr\/magazine\/les-tendances-mobilier-et-decoration-pour-2025-quel-style-adopter-pour-votre-maison\/\" \/>\n<meta property=\"og:site_name\" content=\"Mobilier Design Magazine\" \/>\n<meta property=\"article:publisher\" content=\"https:\/\/www.facebook.com\/mobilierdesignoccasion\" \/>\n<meta property=\"article:published_time\" content=\"2025-01-02T09:41:57+00:00\" \/>\n<meta property=\"article:modified_time\" content=\"2025-01-02T09:41:58+00:00\" \/>\n<meta property=\"og:image\" content=\"https:\/\/www.mobilier-design-occasion.fr\/magazine\/wp-content\/uploads\/2025\/01\/image-6.png\" \/>\n\t<meta property=\"og:image:width\" content=\"818\" \/>\n\t<meta property=\"og:image:height\" content=\"598\" \/>\n\t<meta property=\"og:image:type\" content=\"image\/png\" \/>\n<meta name=\"author\" content=\"Vincent Vandegans\" \/>\n<meta name=\"twitter:card\" content=\"summary_large_image\" \/>\n<meta name=\"twitter:label1\" content=\"\u00c9crit par\" \/>\n\t<meta name=\"twitter:data1\" content=\"Vincent Vandegans\" \/>\n\t<meta name=\"twitter:label2\" content=\"Dur\u00e9e de lecture estim\u00e9e\" \/>\n\t<meta name=\"twitter:data2\" content=\"8 minutes\" \/>\n<script type=\"application\/ld+json\" class=\"yoast-schema-graph\">{\"@context\":\"https:\\\/\\\/schema.org\",\"@graph\":[{\"@type\":\"Article\",\"@id\":\"https:\\\/\\\/www.mobilier-design-occasion.fr\\\/magazine\\\/les-tendances-mobilier-et-decoration-pour-2025-quel-style-adopter-pour-votre-maison\\\/#article\",\"isPartOf\":{\"@id\":\"https:\\\/\\\/www.mobilier-design-occasion.fr\\\/magazine\\\/les-tendances-mobilier-et-decoration-pour-2025-quel-style-adopter-pour-votre-maison\\\/\"},\"author\":{\"name\":\"Vincent Vandegans\",\"@id\":\"https:\\\/\\\/www.mobilier-design-occasion.fr\\\/magazine\\\/#\\\/schema\\\/person\\\/af895bedc80bfb6b17730a672fddac9e\"},\"headline\":\"Les tendances mobilier et d\u00e9coration pour 2025 : quel style adopter pour votre maison ?\",\"datePublished\":\"2025-01-02T09:41:57+00:00\",\"dateModified\":\"2025-01-02T09:41:58+00:00\",\"mainEntityOfPage\":{\"@id\":\"https:\\\/\\\/www.mobilier-design-occasion.fr\\\/magazine\\\/les-tendances-mobilier-et-decoration-pour-2025-quel-style-adopter-pour-votre-maison\\\/\"},\"wordCount\":1269,\"commentCount\":0,\"publisher\":{\"@id\":\"https:\\\/\\\/www.mobilier-design-occasion.fr\\\/magazine\\\/#organization\"},\"image\":{\"@id\":\"https:\\\/\\\/www.mobilier-design-occasion.fr\\\/magazine\\\/les-tendances-mobilier-et-decoration-pour-2025-quel-style-adopter-pour-votre-maison\\\/#primaryimage\"},\"thumbnailUrl\":\"https:\\\/\\\/www.mobilier-design-occasion.fr\\\/magazine\\\/wp-content\\\/uploads\\\/2025\\\/01\\\/image-6.png\",\"keywords\":[\"chaise\",\"couleur\",\"ivoire\"],\"articleSection\":[\"Tendances\"],\"inLanguage\":\"fr-FR\",\"potentialAction\":[{\"@type\":\"CommentAction\",\"name\":\"Comment\",\"target\":[\"https:\\\/\\\/www.mobilier-design-occasion.fr\\\/magazine\\\/les-tendances-mobilier-et-decoration-pour-2025-quel-style-adopter-pour-votre-maison\\\/#respond\"]}]},{\"@type\":\"WebPage\",\"@id\":\"https:\\\/\\\/www.mobilier-design-occasion.fr\\\/magazine\\\/les-tendances-mobilier-et-decoration-pour-2025-quel-style-adopter-pour-votre-maison\\\/\",\"url\":\"https:\\\/\\\/www.mobilier-design-occasion.fr\\\/magazine\\\/les-tendances-mobilier-et-decoration-pour-2025-quel-style-adopter-pour-votre-maison\\\/\",\"name\":\"Les tendances mobilier et d\u00e9coration pour 2025 : quel style adopter pour votre maison ? - Mobilier Design Magazine\",\"isPartOf\":{\"@id\":\"https:\\\/\\\/www.mobilier-design-occasion.fr\\\/magazine\\\/#website\"},\"primaryImageOfPage\":{\"@id\":\"https:\\\/\\\/www.mobilier-design-occasion.fr\\\/magazine\\\/les-tendances-mobilier-et-decoration-pour-2025-quel-style-adopter-pour-votre-maison\\\/#primaryimage\"},\"image\":{\"@id\":\"https:\\\/\\\/www.mobilier-design-occasion.fr\\\/magazine\\\/les-tendances-mobilier-et-decoration-pour-2025-quel-style-adopter-pour-votre-maison\\\/#primaryimage\"},\"thumbnailUrl\":\"https:\\\/\\\/www.mobilier-design-occasion.fr\\\/magazine\\\/wp-content\\\/uploads\\\/2025\\\/01\\\/image-6.png\",\"datePublished\":\"2025-01-02T09:41:57+00:00\",\"dateModified\":\"2025-01-02T09:41:58+00:00\",\"breadcrumb\":{\"@id\":\"https:\\\/\\\/www.mobilier-design-occasion.fr\\\/magazine\\\/les-tendances-mobilier-et-decoration-pour-2025-quel-style-adopter-pour-votre-maison\\\/#breadcrumb\"},\"inLanguage\":\"fr-FR\",\"potentialAction\":[{\"@type\":\"ReadAction\",\"target\":[\"https:\\\/\\\/www.mobilier-design-occasion.fr\\\/magazine\\\/les-tendances-mobilier-et-decoration-pour-2025-quel-style-adopter-pour-votre-maison\\\/\"]}]},{\"@type\":\"ImageObject\",\"inLanguage\":\"fr-FR\",\"@id\":\"https:\\\/\\\/www.mobilier-design-occasion.fr\\\/magazine\\\/les-tendances-mobilier-et-decoration-pour-2025-quel-style-adopter-pour-votre-maison\\\/#primaryimage\",\"url\":\"https:\\\/\\\/www.mobilier-design-occasion.fr\\\/magazine\\\/wp-content\\\/uploads\\\/2025\\\/01\\\/image-6.png\",\"contentUrl\":\"https:\\\/\\\/www.mobilier-design-occasion.fr\\\/magazine\\\/wp-content\\\/uploads\\\/2025\\\/01\\\/image-6.png\",\"width\":818,\"height\":598},{\"@type\":\"BreadcrumbList\",\"@id\":\"https:\\\/\\\/www.mobilier-design-occasion.fr\\\/magazine\\\/les-tendances-mobilier-et-decoration-pour-2025-quel-style-adopter-pour-votre-maison\\\/#breadcrumb\",\"itemListElement\":[{\"@type\":\"ListItem\",\"position\":1,\"name\":\"Accueil\",\"item\":\"https:\\\/\\\/www.mobilier-design-occasion.fr\\\/magazine\\\/\"},{\"@type\":\"ListItem\",\"position\":2,\"name\":\"Les tendances mobilier et d\u00e9coration pour 2025 : quel style adopter pour votre maison ?\"}]},{\"@type\":\"WebSite\",\"@id\":\"https:\\\/\\\/www.mobilier-design-occasion.fr\\\/magazine\\\/#website\",\"url\":\"https:\\\/\\\/www.mobilier-design-occasion.fr\\\/magazine\\\/\",\"name\":\"Mobilier Design Magazine\",\"description\":\"\",\"publisher\":{\"@id\":\"https:\\\/\\\/www.mobilier-design-occasion.fr\\\/magazine\\\/#organization\"},\"potentialAction\":[{\"@type\":\"SearchAction\",\"target\":{\"@type\":\"EntryPoint\",\"urlTemplate\":\"https:\\\/\\\/www.mobilier-design-occasion.fr\\\/magazine\\\/?s={search_term_string}\"},\"query-input\":{\"@type\":\"PropertyValueSpecification\",\"valueRequired\":true,\"valueName\":\"search_term_string\"}}],\"inLanguage\":\"fr-FR\"},{\"@type\":\"Organization\",\"@id\":\"https:\\\/\\\/www.mobilier-design-occasion.fr\\\/magazine\\\/#organization\",\"name\":\"Mobilier Design Magazine\",\"url\":\"https:\\\/\\\/www.mobilier-design-occasion.fr\\\/magazine\\\/\",\"logo\":{\"@type\":\"ImageObject\",\"inLanguage\":\"fr-FR\",\"@id\":\"https:\\\/\\\/www.mobilier-design-occasion.fr\\\/magazine\\\/#\\\/schema\\\/logo\\\/image\\\/\",\"url\":\"https:\\\/\\\/www.mobilier-design-occasion.fr\\\/magazine\\\/wp-content\\\/uploads\\\/2024\\\/02\\\/android-chrome-192x192-1.png\",\"contentUrl\":\"https:\\\/\\\/www.mobilier-design-occasion.fr\\\/magazine\\\/wp-content\\\/uploads\\\/2024\\\/02\\\/android-chrome-192x192-1.png\",\"width\":192,\"height\":192,\"caption\":\"Mobilier Design Magazine\"},\"image\":{\"@id\":\"https:\\\/\\\/www.mobilier-design-occasion.fr\\\/magazine\\\/#\\\/schema\\\/logo\\\/image\\\/\"},\"sameAs\":[\"https:\\\/\\\/www.facebook.com\\\/mobilierdesignoccasion\"]},{\"@type\":\"Person\",\"@id\":\"https:\\\/\\\/www.mobilier-design-occasion.fr\\\/magazine\\\/#\\\/schema\\\/person\\\/af895bedc80bfb6b17730a672fddac9e\",\"name\":\"Vincent Vandegans\",\"image\":{\"@type\":\"ImageObject\",\"inLanguage\":\"fr-FR\",\"@id\":\"https:\\\/\\\/secure.gravatar.com\\\/avatar\\\/b984800dabdf722d5e3f03f637c8932dea77d81118467d17ad2953e3b273ec66?s=96&d=mm&r=g\",\"url\":\"https:\\\/\\\/secure.gravatar.com\\\/avatar\\\/b984800dabdf722d5e3f03f637c8932dea77d81118467d17ad2953e3b273ec66?s=96&d=mm&r=g\",\"contentUrl\":\"https:\\\/\\\/secure.gravatar.com\\\/avatar\\\/b984800dabdf722d5e3f03f637c8932dea77d81118467d17ad2953e3b273ec66?s=96&d=mm&r=g\",\"caption\":\"Vincent Vandegans\"},\"description\":\"Vincent est passionn\u00e9 par les produits d'occasion, il a ouvert le site MDO avec Cyrielle pour aider les gens \u00e0 trouver du mobilier d'occasion, vintage ou usag\u00e9. Depuis, ils ont \u00e9tendu leurs activit\u00e9s et conseillent tout le monde sur le mobilier d'int\u00e9rieur et d'ext\u00e9rieur au quotidien \u00e0 travers le magazine MDO.\",\"url\":\"https:\\\/\\\/www.mobilier-design-occasion.fr\\\/magazine\\\/author\\\/vincent\\\/\"}]}<\/script>\n<!-- \/ Yoast SEO plugin. -->","yoast_head_json":{"title":"Les tendances mobilier et d\u00e9coration pour 2025 : quel style adopter pour votre maison ? - Mobilier Design Magazine","robots":{"index":"index","follow":"follow","max-snippet":"max-snippet:-1","max-image-preview":"max-image-preview:large","max-video-preview":"max-video-preview:-1"},"canonical":"https:\/\/www.mobilier-design-occasion.fr\/magazine\/les-tendances-mobilier-et-decoration-pour-2025-quel-style-adopter-pour-votre-maison\/","og_locale":"fr_FR","og_type":"article","og_title":"Les tendances mobilier et d\u00e9coration pour 2025 : quel style adopter pour votre maison ? - Mobilier Design Magazine","og_description":"L&#8217;ann\u00e9e 2025 approche \u00e0 grands pas, et avec elle, un vent de fra\u00eecheur souffle sur l&#8217;univers du design d&#8217;int\u00e9rieur. Si vous avez envie de redonner vie \u00e0 votre espace de mani\u00e8re moderne et \u00e9l\u00e9gante, il est grand temps de d\u00e9couvrir les grandes tendances mobilier et d\u00e9coration de 2025. Plus que jamais, les pi\u00e8ces de mobilier [&hellip;]","og_url":"https:\/\/www.mobilier-design-occasion.fr\/magazine\/les-tendances-mobilier-et-decoration-pour-2025-quel-style-adopter-pour-votre-maison\/","og_site_name":"Mobilier Design Magazine","article_publisher":"https:\/\/www.facebook.com\/mobilierdesignoccasion","article_published_time":"2025-01-02T09:41:57+00:00","article_modified_time":"2025-01-02T09:41:58+00:00","og_image":[{"width":818,"height":598,"url":"https:\/\/www.mobilier-design-occasion.fr\/magazine\/wp-content\/uploads\/2025\/01\/image-6.png","type":"image\/png"}],"author":"Vincent Vandegans","twitter_card":"summary_large_image","twitter_misc":{"\u00c9crit par":"Vincent Vandegans","Dur\u00e9e de lecture estim\u00e9e":"8 minutes"},"schema":{"@context":"https:\/\/schema.org","@graph":[{"@type":"Article","@id":"https:\/\/www.mobilier-design-occasion.fr\/magazine\/les-tendances-mobilier-et-decoration-pour-2025-quel-style-adopter-pour-votre-maison\/#article","isPartOf":{"@id":"https:\/\/www.mobilier-design-occasion.fr\/magazine\/les-tendances-mobilier-et-decoration-pour-2025-quel-style-adopter-pour-votre-maison\/"},"author":{"name":"Vincent Vandegans","@id":"https:\/\/www.mobilier-design-occasion.fr\/magazine\/#\/schema\/person\/af895bedc80bfb6b17730a672fddac9e"},"headline":"Les tendances mobilier et d\u00e9coration pour 2025 : quel style adopter pour votre maison ?","datePublished":"2025-01-02T09:41:57+00:00","dateModified":"2025-01-02T09:41:58+00:00","mainEntityOfPage":{"@id":"https:\/\/www.mobilier-design-occasion.fr\/magazine\/les-tendances-mobilier-et-decoration-pour-2025-quel-style-adopter-pour-votre-maison\/"},"wordCount":1269,"commentCount":0,"publisher":{"@id":"https:\/\/www.mobilier-design-occasion.fr\/magazine\/#organization"},"image":{"@id":"https:\/\/www.mobilier-design-occasion.fr\/magazine\/les-tendances-mobilier-et-decoration-pour-2025-quel-style-adopter-pour-votre-maison\/#primaryimage"},"thumbnailUrl":"https:\/\/www.mobilier-design-occasion.fr\/magazine\/wp-content\/uploads\/2025\/01\/image-6.png","keywords":["chaise","couleur","ivoire"],"articleSection":["Tendances"],"inLanguage":"fr-FR","potentialAction":[{"@type":"CommentAction","name":"Comment","target":["https:\/\/www.mobilier-design-occasion.fr\/magazine\/les-tendances-mobilier-et-decoration-pour-2025-quel-style-adopter-pour-votre-maison\/#respond"]}]},{"@type":"WebPage","@id":"https:\/\/www.mobilier-design-occasion.fr\/magazine\/les-tendances-mobilier-et-decoration-pour-2025-quel-style-adopter-pour-votre-maison\/","url":"https:\/\/www.mobilier-design-occasion.fr\/magazine\/les-tendances-mobilier-et-decoration-pour-2025-quel-style-adopter-pour-votre-maison\/","name":"Les tendances mobilier et d\u00e9coration pour 2025 : quel style adopter pour votre maison ? - Mobilier Design Magazine","isPartOf":{"@id":"https:\/\/www.mobilier-design-occasion.fr\/magazine\/#website"},"primaryImageOfPage":{"@id":"https:\/\/www.mobilier-design-occasion.fr\/magazine\/les-tendances-mobilier-et-decoration-pour-2025-quel-style-adopter-pour-votre-maison\/#primaryimage"},"image":{"@id":"https:\/\/www.mobilier-design-occasion.fr\/magazine\/les-tendances-mobilier-et-decoration-pour-2025-quel-style-adopter-pour-votre-maison\/#primaryimage"},"thumbnailUrl":"https:\/\/www.mobilier-design-occasion.fr\/magazine\/wp-content\/uploads\/2025\/01\/image-6.png","datePublished":"2025-01-02T09:41:57+00:00","dateModified":"2025-01-02T09:41:58+00:00","breadcrumb":{"@id":"https:\/\/www.mobilier-design-occasion.fr\/magazine\/les-tendances-mobilier-et-decoration-pour-2025-quel-style-adopter-pour-votre-maison\/#breadcrumb"},"inLanguage":"fr-FR","potentialAction":[{"@type":"ReadAction","target":["https:\/\/www.mobilier-design-occasion.fr\/magazine\/les-tendances-mobilier-et-decoration-pour-2025-quel-style-adopter-pour-votre-maison\/"]}]},{"@type":"ImageObject","inLanguage":"fr-FR","@id":"https:\/\/www.mobilier-design-occasion.fr\/magazine\/les-tendances-mobilier-et-decoration-pour-2025-quel-style-adopter-pour-votre-maison\/#primaryimage","url":"https:\/\/www.mobilier-design-occasion.fr\/magazine\/wp-content\/uploads\/2025\/01\/image-6.png","contentUrl":"https:\/\/www.mobilier-design-occasion.fr\/magazine\/wp-content\/uploads\/2025\/01\/image-6.png","width":818,"height":598},{"@type":"BreadcrumbList","@id":"https:\/\/www.mobilier-design-occasion.fr\/magazine\/les-tendances-mobilier-et-decoration-pour-2025-quel-style-adopter-pour-votre-maison\/#breadcrumb","itemListElement":[{"@type":"ListItem","position":1,"name":"Accueil","item":"https:\/\/www.mobilier-design-occasion.fr\/magazine\/"},{"@type":"ListItem","position":2,"name":"Les tendances mobilier et d\u00e9coration pour 2025 : quel style adopter pour votre maison ?"}]},{"@type":"WebSite","@id":"https:\/\/www.mobilier-design-occasion.fr\/magazine\/#website","url":"https:\/\/www.mobilier-design-occasion.fr\/magazine\/","name":"Mobilier Design Magazine","description":"","publisher":{"@id":"https:\/\/www.mobilier-design-occasion.fr\/magazine\/#organization"},"potentialAction":[{"@type":"SearchAction","target":{"@type":"EntryPoint","urlTemplate":"https:\/\/www.mobilier-design-occasion.fr\/magazine\/?s={search_term_string}"},"query-input":{"@type":"PropertyValueSpecification","valueRequired":true,"valueName":"search_term_string"}}],"inLanguage":"fr-FR"},{"@type":"Organization","@id":"https:\/\/www.mobilier-design-occasion.fr\/magazine\/#organization","name":"Mobilier Design Magazine","url":"https:\/\/www.mobilier-design-occasion.fr\/magazine\/","logo":{"@type":"ImageObject","inLanguage":"fr-FR","@id":"https:\/\/www.mobilier-design-occasion.fr\/magazine\/#\/schema\/logo\/image\/","url":"https:\/\/www.mobilier-design-occasion.fr\/magazine\/wp-content\/uploads\/2024\/02\/android-chrome-192x192-1.png","contentUrl":"https:\/\/www.mobilier-design-occasion.fr\/magazine\/wp-content\/uploads\/2024\/02\/android-chrome-192x192-1.png","width":192,"height":192,"caption":"Mobilier Design Magazine"},"image":{"@id":"https:\/\/www.mobilier-design-occasion.fr\/magazine\/#\/schema\/logo\/image\/"},"sameAs":["https:\/\/www.facebook.com\/mobilierdesignoccasion"]},{"@type":"Person","@id":"https:\/\/www.mobilier-design-occasion.fr\/magazine\/#\/schema\/person\/af895bedc80bfb6b17730a672fddac9e","name":"Vincent Vandegans","image":{"@type":"ImageObject","inLanguage":"fr-FR","@id":"https:\/\/secure.gravatar.com\/avatar\/b984800dabdf722d5e3f03f637c8932dea77d81118467d17ad2953e3b273ec66?s=96&d=mm&r=g","url":"https:\/\/secure.gravatar.com\/avatar\/b984800dabdf722d5e3f03f637c8932dea77d81118467d17ad2953e3b273ec66?s=96&d=mm&r=g","contentUrl":"https:\/\/secure.gravatar.com\/avatar\/b984800dabdf722d5e3f03f637c8932dea77d81118467d17ad2953e3b273ec66?s=96&d=mm&r=g","caption":"Vincent Vandegans"},"description":"Vincent est passionn\u00e9 par les produits d'occasion, il a ouvert le site MDO avec Cyrielle pour aider les gens \u00e0 trouver du mobilier d'occasion, vintage ou usag\u00e9. Depuis, ils ont \u00e9tendu leurs activit\u00e9s et conseillent tout le monde sur le mobilier d'int\u00e9rieur et d'ext\u00e9rieur au quotidien \u00e0 travers le magazine MDO.","url":"https:\/\/www.mobilier-design-occasion.fr\/magazine\/author\/vincent\/"}]}},"_links":{"self":[{"href":"https:\/\/www.mobilier-design-occasion.fr\/magazine\/wp-json\/wp\/v2\/posts\/8008","targetHints":{"allow":["GET"]}}],"collection":[{"href":"https:\/\/www.mobilier-design-occasion.fr\/magazine\/wp-json\/wp\/v2\/posts"}],"about":[{"href":"https:\/\/www.mobilier-design-occasion.fr\/magazine\/wp-json\/wp\/v2\/types\/post"}],"author":[{"embeddable":true,"href":"https:\/\/www.mobilier-design-occasion.fr\/magazine\/wp-json\/wp\/v2\/users\/2"}],"replies":[{"embeddable":true,"href":"https:\/\/www.mobilier-design-occasion.fr\/magazine\/wp-json\/wp\/v2\/comments?post=8008"}],"version-history":[{"count":1,"href":"https:\/\/www.mobilier-design-occasion.fr\/magazine\/wp-json\/wp\/v2\/posts\/8008\/revisions"}],"predecessor-version":[{"id":8017,"href":"https:\/\/www.mobilier-design-occasion.fr\/magazine\/wp-json\/wp\/v2\/posts\/8008\/revisions\/8017"}],"wp:featuredmedia":[{"embeddable":true,"href":"https:\/\/www.mobilier-design-occasion.fr\/magazine\/wp-json\/wp\/v2\/media\/8015"}],"wp:attachment":[{"href":"https:\/\/www.mobilier-design-occasion.fr\/magazine\/wp-json\/wp\/v2\/media?parent=8008"}],"wp:term":[{"taxonomy":"category","embeddable":true,"href":"https:\/\/www.mobilier-design-occasion.fr\/magazine\/wp-json\/wp\/v2\/categories?post=8008"},{"taxonomy":"post_tag","embeddable":true,"href":"https:\/\/www.mobilier-design-occasion.fr\/magazine\/wp-json\/wp\/v2\/tags?post=8008"}],"curies":[{"name":"wp","href":"https:\/\/api.w.org\/{rel}","templated":true}]}}