{"id":7995,"date":"2024-12-28T10:26:14","date_gmt":"2024-12-28T10:26:14","guid":{"rendered":"https:\/\/www.mobilier-design-occasion.fr\/magazine\/?p=7995"},"modified":"2024-12-28T10:26:32","modified_gmt":"2024-12-28T10:26:32","slug":"console-maison-du-monde-doccasion","status":"publish","type":"post","link":"https:\/\/www.mobilier-design-occasion.fr\/magazine\/console-maison-du-monde-doccasion\/","title":{"rendered":"Console maison du monde d&#8217;occasion"},"content":{"rendered":"\n<h3 class=\"wp-block-heading\"><span class=\"ez-toc-section\" id=\"Mon_avis_jai_teste_les_consoles_Maisons_du_Monde_%E2%80%93_voici_ce_que_jen_pense\"><\/span>Mon avis : j\u2019ai test\u00e9 les consoles Maisons du Monde \u2013 voici ce que j\u2019en pense<span class=\"ez-toc-section-end\"><\/span><\/h3><div id=\"ez-toc-container\" class=\"ez-toc-v2_0_82_2 counter-hierarchy ez-toc-counter ez-toc-grey ez-toc-container-direction\">\n<div class=\"ez-toc-title-container\">\n<span class=\"ez-toc-title-toggle\"><a href=\"#\" class=\"ez-toc-pull-right ez-toc-btn ez-toc-btn-xs ez-toc-btn-default ez-toc-toggle\" aria-label=\"Toggle Table of Content\"><span class=\"ez-toc-js-icon-con\"><span class=\"\"><span class=\"eztoc-hide\" style=\"display:none;\">Toggle<\/span><span class=\"ez-toc-icon-toggle-span\"><svg style=\"fill: #999;color:#999\" xmlns=\"http:\/\/www.w3.org\/2000\/svg\" class=\"list-377408\" width=\"20px\" height=\"20px\" viewBox=\"0 0 24 24\" fill=\"none\"><path d=\"M6 6H4v2h2V6zm14 0H8v2h12V6zM4 11h2v2H4v-2zm16 0H8v2h12v-2zM4 16h2v2H4v-2zm16 0H8v2h12v-2z\" fill=\"currentColor\"><\/path><\/svg><svg style=\"fill: #999;color:#999\" class=\"arrow-unsorted-368013\" xmlns=\"http:\/\/www.w3.org\/2000\/svg\" width=\"10px\" height=\"10px\" viewBox=\"0 0 24 24\" version=\"1.2\" baseProfile=\"tiny\"><path d=\"M18.2 9.3l-6.2-6.3-6.2 6.3c-.2.2-.3.4-.3.7s.1.5.3.7c.2.2.4.3.7.3h11c.3 0 .5-.1.7-.3.2-.2.3-.5.3-.7s-.1-.5-.3-.7zM5.8 14.7l6.2 6.3 6.2-6.3c.2-.2.3-.5.3-.7s-.1-.5-.3-.7c-.2-.2-.4-.3-.7-.3h-11c-.3 0-.5.1-.7.3-.2.2-.3.5-.3.7s.1.5.3.7z\"\/><\/svg><\/span><\/span><\/span><\/a><\/span><\/div>\n<nav><ul class='ez-toc-list ez-toc-list-level-1 eztoc-toggle-hide-by-default' ><li class='ez-toc-page-1 ez-toc-heading-level-3'><a class=\"ez-toc-link ez-toc-heading-1\" href=\"https:\/\/www.mobilier-design-occasion.fr\/magazine\/console-maison-du-monde-doccasion\/#Mon_avis_jai_teste_les_consoles_Maisons_du_Monde_%E2%80%93_voici_ce_que_jen_pense\" >Mon avis : j\u2019ai test\u00e9 les consoles Maisons du Monde \u2013 voici ce que j\u2019en pense<\/a><\/li><li class='ez-toc-page-1 ez-toc-heading-level-3'><a class=\"ez-toc-link ez-toc-heading-2\" href=\"https:\/\/www.mobilier-design-occasion.fr\/magazine\/console-maison-du-monde-doccasion\/#Console_Wayampi_glamour_a_double_tranchant\" >Console Wayampi : glamour \u00e0 double tranchant<\/a><\/li><li class='ez-toc-page-1 ez-toc-heading-level-3'><a class=\"ez-toc-link ez-toc-heading-3\" href=\"https:\/\/www.mobilier-design-occasion.fr\/magazine\/console-maison-du-monde-doccasion\/#Console_Mineral_minimalisme_glacial\" >Console Min\u00e9ral : minimalisme glacial<\/a><\/li><li class='ez-toc-page-1 ez-toc-heading-level-3'><a class=\"ez-toc-link ez-toc-heading-4\" href=\"https:\/\/www.mobilier-design-occasion.fr\/magazine\/console-maison-du-monde-doccasion\/#Console_Magnus_trop_dindustrie_tue_lindustrie\" >Console Magnus : trop d\u2019industrie, tue l\u2019industrie<\/a><\/li><li class='ez-toc-page-1 ez-toc-heading-level-3'><a class=\"ez-toc-link ez-toc-heading-5\" href=\"https:\/\/www.mobilier-design-occasion.fr\/magazine\/console-maison-du-monde-doccasion\/#Console_Raven_minimalisme_mal_dose\" >Console Raven : minimalisme mal dos\u00e9<\/a><\/li><li class='ez-toc-page-1 ez-toc-heading-level-3'><a class=\"ez-toc-link ez-toc-heading-6\" href=\"https:\/\/www.mobilier-design-occasion.fr\/magazine\/console-maison-du-monde-doccasion\/#Console_Boldin_vintage_en_demi-teinte\" >Console Boldin : vintage en demi-teinte<\/a><\/li><li class='ez-toc-page-1 ez-toc-heading-level-3'><a class=\"ez-toc-link ez-toc-heading-7\" href=\"https:\/\/www.mobilier-design-occasion.fr\/magazine\/console-maison-du-monde-doccasion\/#Console_Mahault_genereuse_mais_encombrante\" >Console Mahault : g\u00e9n\u00e9reuse, mais encombrante<\/a><\/li><li class='ez-toc-page-1 ez-toc-heading-level-3'><a class=\"ez-toc-link ez-toc-heading-8\" href=\"https:\/\/www.mobilier-design-occasion.fr\/magazine\/console-maison-du-monde-doccasion\/#Console_Neuilly_le_faux_vintage_decoit\" >Console Neuilly : le faux vintage d\u00e9\u00e7oit<\/a><\/li><li class='ez-toc-page-1 ez-toc-heading-level-3'><a class=\"ez-toc-link ez-toc-heading-9\" href=\"https:\/\/www.mobilier-design-occasion.fr\/magazine\/console-maison-du-monde-doccasion\/#Console_Loreto_le_chic_en_cannage_rotin\" >Console Loreto : le chic en cannage rotin<\/a><\/li><li class='ez-toc-page-1 ez-toc-heading-level-3'><a class=\"ez-toc-link ez-toc-heading-10\" href=\"https:\/\/www.mobilier-design-occasion.fr\/magazine\/console-maison-du-monde-doccasion\/#Conclusion_Entre_charme_et_deceptions\" >Conclusion : Entre charme et d\u00e9ceptions<\/a><\/li><\/ul><\/nav><\/div>\n\n\n\n\n<p>Bonjour \u00e0 tous, je suis Cyrielle, d\u00e9coratrice d\u2019int\u00e9rieur passionn\u00e9e et critique. Aujourd\u2019hui, je vous propose un tour d\u2019horizon clivant des consoles propos\u00e9es par Maisons du Monde. J\u2019ai visit\u00e9 leurs magasins, test\u00e9 les produits en conditions r\u00e9elles, et j\u2019en ai m\u00eame int\u00e9gr\u00e9 une chez moi. Pr\u00eats pour un avis sans filtre ?<\/p>\n\n\n\n<figure class=\"wp-block-image size-full\"><img loading=\"lazy\" decoding=\"async\" width=\"642\" height=\"614\" src=\"https:\/\/www.mobilier-design-occasion.fr\/magazine\/wp-content\/uploads\/2024\/12\/image-26.png\" alt=\"\" class=\"wp-image-8004\" srcset=\"https:\/\/www.mobilier-design-occasion.fr\/magazine\/wp-content\/uploads\/2024\/12\/image-26.png 642w, https:\/\/www.mobilier-design-occasion.fr\/magazine\/wp-content\/uploads\/2024\/12\/image-26-300x287.png 300w\" sizes=\"auto, (max-width: 642px) 100vw, 642px\" \/><\/figure>\n\n\n\n<hr class=\"wp-block-separator has-alpha-channel-opacity\"\/>\n\n\n\n<h3 class=\"wp-block-heading\"><span class=\"ez-toc-section\" id=\"Console_Wayampi_glamour_a_double_tranchant\"><\/span>Console Wayampi : glamour \u00e0 double tranchant<span class=\"ez-toc-section-end\"><\/span><\/h3>\n\n\n\n<p>Avec sa finition galvanis\u00e9 bross\u00e9 et son coloris noir, la console Rockfeller attire le regard. \u00c0 premi\u00e8re vue, elle incarne le luxe et la modernit\u00e9. Pourtant, son allure tape-\u00e0-l\u2019\u0153il peut rapidement lasser. De plus, avec ses dimensions compactes de 120 cm, elle peine \u00e0 trouver sa place dans une grande entr\u00e9e.<\/p>\n\n\n\n<figure class=\"wp-block-image size-full\"><img loading=\"lazy\" decoding=\"async\" width=\"842\" height=\"1000\" src=\"https:\/\/www.mobilier-design-occasion.fr\/magazine\/wp-content\/uploads\/2024\/12\/image-18.png\" alt=\"\" class=\"wp-image-7996\" srcset=\"https:\/\/www.mobilier-design-occasion.fr\/magazine\/wp-content\/uploads\/2024\/12\/image-18.png 842w, https:\/\/www.mobilier-design-occasion.fr\/magazine\/wp-content\/uploads\/2024\/12\/image-18-253x300.png 253w, https:\/\/www.mobilier-design-occasion.fr\/magazine\/wp-content\/uploads\/2024\/12\/image-18-768x912.png 768w, https:\/\/www.mobilier-design-occasion.fr\/magazine\/wp-content\/uploads\/2024\/12\/image-18-810x962.png 810w\" sizes=\"auto, (max-width: 842px) 100vw, 842px\" \/><\/figure>\n\n\n\n<p><strong>Mon verdict :<\/strong> Id\u00e9ale pour les espaces r\u00e9duits, mais gare \u00e0 l\u2019ennui visuel.<\/p>\n\n\n\n<hr class=\"wp-block-separator has-alpha-channel-opacity\"\/>\n\n\n\n<h3 class=\"wp-block-heading\"><span class=\"ez-toc-section\" id=\"Console_Mineral_minimalisme_glacial\"><\/span>Console Min\u00e9ral : minimalisme glacial<span class=\"ez-toc-section-end\"><\/span><\/h3>\n\n\n\n<p>Ce mod\u00e8le joue la carte de l\u2019\u00e9l\u00e9gance brute avec son effet beton. Parfait pour les amateurs de d\u00e9coration min\u00e9rale\u2026 en th\u00e9orie. En pratique, son aspect froid et impersonnel peut rendre un espace aust\u00e8re.<\/p>\n\n\n\n<figure class=\"wp-block-image size-large\"><img loading=\"lazy\" decoding=\"async\" width=\"1024\" height=\"577\" src=\"https:\/\/www.mobilier-design-occasion.fr\/magazine\/wp-content\/uploads\/2024\/12\/image-20-1024x577.png\" alt=\"\" class=\"wp-image-7998\" srcset=\"https:\/\/www.mobilier-design-occasion.fr\/magazine\/wp-content\/uploads\/2024\/12\/image-20-1024x577.png 1024w, https:\/\/www.mobilier-design-occasion.fr\/magazine\/wp-content\/uploads\/2024\/12\/image-20-300x169.png 300w, https:\/\/www.mobilier-design-occasion.fr\/magazine\/wp-content\/uploads\/2024\/12\/image-20-768x433.png 768w, https:\/\/www.mobilier-design-occasion.fr\/magazine\/wp-content\/uploads\/2024\/12\/image-20-810x456.png 810w, https:\/\/www.mobilier-design-occasion.fr\/magazine\/wp-content\/uploads\/2024\/12\/image-20-1140x642.png 1140w, https:\/\/www.mobilier-design-occasion.fr\/magazine\/wp-content\/uploads\/2024\/12\/image-20.png 1388w\" sizes=\"auto, (max-width: 1024px) 100vw, 1024px\" \/><\/figure>\n\n\n\n<p><strong>Mon verdict :<\/strong> Une belle pi\u00e8ce, mais r\u00e9serv\u00e9e aux int\u00e9rieurs ultra-design.<\/p>\n\n\n\n<hr class=\"wp-block-separator has-alpha-channel-opacity\"\/>\n\n\n\n<h3 class=\"wp-block-heading\"><span class=\"ez-toc-section\" id=\"Console_Magnus_trop_dindustrie_tue_lindustrie\"><\/span>Console Magnus : trop d\u2019industrie, tue l\u2019industrie<span class=\"ez-toc-section-end\"><\/span><\/h3>\n\n\n\n<p>Magnus combine un plateau en bois massif brut et une structure en m\u00e9tal noir. Une recette classique du style industriel, mais qui manque d\u2019originalit\u00e9. Ce mod\u00e8le donne une impression de d\u00e9j\u00e0-vu et peine \u00e0 imposer son caract\u00e8re.<\/p>\n\n\n\n<figure class=\"wp-block-image size-full\"><img loading=\"lazy\" decoding=\"async\" width=\"976\" height=\"916\" src=\"https:\/\/www.mobilier-design-occasion.fr\/magazine\/wp-content\/uploads\/2024\/12\/image-19.png\" alt=\"\" class=\"wp-image-7997\" srcset=\"https:\/\/www.mobilier-design-occasion.fr\/magazine\/wp-content\/uploads\/2024\/12\/image-19.png 976w, https:\/\/www.mobilier-design-occasion.fr\/magazine\/wp-content\/uploads\/2024\/12\/image-19-300x282.png 300w, https:\/\/www.mobilier-design-occasion.fr\/magazine\/wp-content\/uploads\/2024\/12\/image-19-768x721.png 768w, https:\/\/www.mobilier-design-occasion.fr\/magazine\/wp-content\/uploads\/2024\/12\/image-19-810x760.png 810w\" sizes=\"auto, (max-width: 976px) 100vw, 976px\" \/><\/figure>\n\n\n\n<p><strong>Mon verdict :<\/strong> Un choix s\u00fbr, mais sans \u00e9tincelle.<\/p>\n\n\n\n<hr class=\"wp-block-separator has-alpha-channel-opacity\"\/>\n\n\n\n<h3 class=\"wp-block-heading\"><span class=\"ez-toc-section\" id=\"Console_Raven_minimalisme_mal_dose\"><\/span>Console Raven : minimalisme mal dos\u00e9<span class=\"ez-toc-section-end\"><\/span><\/h3>\n\n\n\n<p>Avec sa structure en m\u00e9tal et son plateau en verre tremp\u00e9, la console Raven veut jouer la carte de la polyvalence. Malheureusement, la version avec une touche de bois semble h\u00e9siter entre modernit\u00e9 et tradition, sans vraiment convaincre.<\/p>\n\n\n\n<figure class=\"wp-block-image size-full\"><img loading=\"lazy\" decoding=\"async\" width=\"998\" height=\"654\" src=\"https:\/\/www.mobilier-design-occasion.fr\/magazine\/wp-content\/uploads\/2024\/12\/image-21.png\" alt=\"\" class=\"wp-image-7999\" srcset=\"https:\/\/www.mobilier-design-occasion.fr\/magazine\/wp-content\/uploads\/2024\/12\/image-21.png 998w, https:\/\/www.mobilier-design-occasion.fr\/magazine\/wp-content\/uploads\/2024\/12\/image-21-300x197.png 300w, https:\/\/www.mobilier-design-occasion.fr\/magazine\/wp-content\/uploads\/2024\/12\/image-21-768x503.png 768w, https:\/\/www.mobilier-design-occasion.fr\/magazine\/wp-content\/uploads\/2024\/12\/image-21-810x531.png 810w\" sizes=\"auto, (max-width: 998px) 100vw, 998px\" \/><\/figure>\n\n\n\n<p><strong>Mon verdict :<\/strong> Trop ti\u00e8de pour faire une vraie diff\u00e9rence.<\/p>\n\n\n\n<hr class=\"wp-block-separator has-alpha-channel-opacity\"\/>\n\n\n\n<h3 class=\"wp-block-heading\"><span class=\"ez-toc-section\" id=\"Console_Boldin_vintage_en_demi-teinte\"><\/span>Console Boldin : vintage en demi-teinte<span class=\"ez-toc-section-end\"><\/span><\/h3>\n\n\n\n<p>Inspir\u00e9e du style Mid Century, la console Boldin revendique un c\u00f4t\u00e9 r\u00e9tro. Malheureusement, ce design peut para\u00eetre d\u00e9cal\u00e9 dans un int\u00e9rieur contemporain, cr\u00e9ant une dissonance d\u00e9corative plut\u00f4t qu\u2019une harmonie.<\/p>\n\n\n\n<figure class=\"wp-block-image size-large\"><img loading=\"lazy\" decoding=\"async\" width=\"1024\" height=\"595\" src=\"https:\/\/www.mobilier-design-occasion.fr\/magazine\/wp-content\/uploads\/2024\/12\/image-22-1024x595.png\" alt=\"\" class=\"wp-image-8000\" srcset=\"https:\/\/www.mobilier-design-occasion.fr\/magazine\/wp-content\/uploads\/2024\/12\/image-22-1024x595.png 1024w, https:\/\/www.mobilier-design-occasion.fr\/magazine\/wp-content\/uploads\/2024\/12\/image-22-300x174.png 300w, https:\/\/www.mobilier-design-occasion.fr\/magazine\/wp-content\/uploads\/2024\/12\/image-22-768x446.png 768w, https:\/\/www.mobilier-design-occasion.fr\/magazine\/wp-content\/uploads\/2024\/12\/image-22-810x470.png 810w, https:\/\/www.mobilier-design-occasion.fr\/magazine\/wp-content\/uploads\/2024\/12\/image-22-1140x662.png 1140w, https:\/\/www.mobilier-design-occasion.fr\/magazine\/wp-content\/uploads\/2024\/12\/image-22.png 1154w\" sizes=\"auto, (max-width: 1024px) 100vw, 1024px\" \/><\/figure>\n\n\n\n<p><strong>Mon verdict :<\/strong> Pour les fans de vintage assum\u00e9, mais pas pour tout le monde.<\/p>\n\n\n\n<hr class=\"wp-block-separator has-alpha-channel-opacity\"\/>\n\n\n\n<h3 class=\"wp-block-heading\"><span class=\"ez-toc-section\" id=\"Console_Mahault_genereuse_mais_encombrante\"><\/span>Console Mahault : g\u00e9n\u00e9reuse, mais encombrante<span class=\"ez-toc-section-end\"><\/span><\/h3>\n\n\n\n<p>Avec ses dimensions impressionnantes de 200 cm de long, Mahault est imposante. Si son aspect massif peut convenir \u00e0 un grand espace, elle risque fort d\u2019alourdir visuellement une pi\u00e8ce moyenne.<\/p>\n\n\n\n<figure class=\"wp-block-image size-full\"><img loading=\"lazy\" decoding=\"async\" width=\"880\" height=\"716\" src=\"https:\/\/www.mobilier-design-occasion.fr\/magazine\/wp-content\/uploads\/2024\/12\/image-23.png\" alt=\"\" class=\"wp-image-8001\" srcset=\"https:\/\/www.mobilier-design-occasion.fr\/magazine\/wp-content\/uploads\/2024\/12\/image-23.png 880w, https:\/\/www.mobilier-design-occasion.fr\/magazine\/wp-content\/uploads\/2024\/12\/image-23-300x244.png 300w, https:\/\/www.mobilier-design-occasion.fr\/magazine\/wp-content\/uploads\/2024\/12\/image-23-768x625.png 768w, https:\/\/www.mobilier-design-occasion.fr\/magazine\/wp-content\/uploads\/2024\/12\/image-23-810x659.png 810w\" sizes=\"auto, (max-width: 880px) 100vw, 880px\" \/><\/figure>\n\n\n\n<p><strong>Mon verdict :<\/strong> Une belle pi\u00e8ce\u2026 si vous avez la place.<\/p>\n\n\n\n<hr class=\"wp-block-separator has-alpha-channel-opacity\"\/>\n\n\n\n<h3 class=\"wp-block-heading\"><span class=\"ez-toc-section\" id=\"Console_Neuilly_le_faux_vintage_decoit\"><\/span>Console Neuilly : le faux vintage d\u00e9\u00e7oit<span class=\"ez-toc-section-end\"><\/span><\/h3>\n\n\n\n<p>Compacte et d\u00e9licate avec son coloris blanc vieilli, la console Neuilly joue sur l\u2019\u00e9l\u00e9gance discr\u00e8te. Cependant, son style vieilli semble artificiel, donnant une impression de faux vintage peu authentique.<\/p>\n\n\n\n<figure class=\"wp-block-image size-large\"><img loading=\"lazy\" decoding=\"async\" width=\"1024\" height=\"673\" src=\"https:\/\/www.mobilier-design-occasion.fr\/magazine\/wp-content\/uploads\/2024\/12\/image-24-1024x673.png\" alt=\"\" class=\"wp-image-8002\" srcset=\"https:\/\/www.mobilier-design-occasion.fr\/magazine\/wp-content\/uploads\/2024\/12\/image-24-1024x673.png 1024w, https:\/\/www.mobilier-design-occasion.fr\/magazine\/wp-content\/uploads\/2024\/12\/image-24-300x197.png 300w, https:\/\/www.mobilier-design-occasion.fr\/magazine\/wp-content\/uploads\/2024\/12\/image-24-768x505.png 768w, https:\/\/www.mobilier-design-occasion.fr\/magazine\/wp-content\/uploads\/2024\/12\/image-24-810x532.png 810w, https:\/\/www.mobilier-design-occasion.fr\/magazine\/wp-content\/uploads\/2024\/12\/image-24.png 1032w\" sizes=\"auto, (max-width: 1024px) 100vw, 1024px\" \/><\/figure>\n\n\n\n<p><strong>Mon verdict :<\/strong> Jolie de loin, mais d\u00e9\u00e7oit de pr\u00e8s.<\/p>\n\n\n\n<hr class=\"wp-block-separator has-alpha-channel-opacity\"\/>\n\n\n\n<h3 class=\"wp-block-heading\"><span class=\"ez-toc-section\" id=\"Console_Loreto_le_chic_en_cannage_rotin\"><\/span><strong>Console Loreto : le chic en cannage rotin<\/strong><span class=\"ez-toc-section-end\"><\/span><\/h3>\n\n\n\n<p>Une meuble haut en \u00e9l\u00e9gance et modernit\u00e9, c&#8217;est la console cannage en rotin et m\u00e9tal noir LORETO ! Ses plateaux amovibles vous offriront un espace de rangement pour y dissimuler vos affaires. Pour exposer vos plantes ou autres \u00e9l\u00e9ments de d\u00e9co, optez pour son plateau inf\u00e9rieur ! L&#8217;association de son pi\u00e8tement en laiton et du m\u00e9tal noir apportera une touche de chic et modernit\u00e9 \u00e0 votre pi\u00e8ce. On craque pour le charme et l&#8217;exotisme du cannage en rotin de cette console en m\u00e9tal noir. Cette console en cannage rotin enti\u00e8rement pens\u00e9e par nos stylistes a tout pour plaire !<\/p>\n\n\n\n<p><strong>Mon verdict :<\/strong> Une v\u00e9ritable perle pour un int\u00e9rieur chic et tendance.<\/p>\n\n\n\n<figure class=\"wp-block-image size-full\"><img loading=\"lazy\" decoding=\"async\" width=\"778\" height=\"870\" src=\"https:\/\/www.mobilier-design-occasion.fr\/magazine\/wp-content\/uploads\/2024\/12\/image-25.png\" alt=\"\" class=\"wp-image-8003\" srcset=\"https:\/\/www.mobilier-design-occasion.fr\/magazine\/wp-content\/uploads\/2024\/12\/image-25.png 778w, https:\/\/www.mobilier-design-occasion.fr\/magazine\/wp-content\/uploads\/2024\/12\/image-25-268x300.png 268w, https:\/\/www.mobilier-design-occasion.fr\/magazine\/wp-content\/uploads\/2024\/12\/image-25-768x859.png 768w\" sizes=\"auto, (max-width: 778px) 100vw, 778px\" \/><\/figure>\n\n\n\n<hr class=\"wp-block-separator has-alpha-channel-opacity\"\/>\n\n\n\n<h3 class=\"wp-block-heading\"><span class=\"ez-toc-section\" id=\"Conclusion_Entre_charme_et_deceptions\"><\/span>Conclusion : Entre charme et d\u00e9ceptions<span class=\"ez-toc-section-end\"><\/span><\/h3>\n\n\n\n<p>Si Maisons du Monde offre une belle vari\u00e9t\u00e9 de consoles, beaucoup d\u2019entre elles peinent \u00e0 se distinguer ou \u00e0 apporter une vraie valeur ajout\u00e9e \u00e0 votre d\u00e9coration. Apr\u00e8s avoir test\u00e9 ces mod\u00e8les, je reste partag\u00e9e : certains mod\u00e8les se d\u00e9marquent, mais d\u2019autres manquent d\u2019audace ou d\u2019authenticit\u00e9.<\/p>\n\n\n\n<p>Et vous, laquelle de ces consoles avez-vous adopt\u00e9e ? Partagez votre avis dans les commentaires !<\/p>\n\n\n\n<p><\/p>\n","protected":false},"excerpt":{"rendered":"<p>Mon avis : j\u2019ai test\u00e9 les consoles Maisons du Monde \u2013 voici ce que j\u2019en pense Bonjour \u00e0 tous, je suis Cyrielle, d\u00e9coratrice d\u2019int\u00e9rieur passionn\u00e9e et critique. Aujourd\u2019hui, je vous propose un tour d\u2019horizon clivant des consoles propos\u00e9es par Maisons du Monde. J\u2019ai visit\u00e9 leurs magasins, test\u00e9 les produits en conditions r\u00e9elles, et j\u2019en ai [&hellip;]<\/p>\n","protected":false},"author":2,"featured_media":7996,"comment_status":"open","ping_status":"open","sticky":false,"template":"","format":"standard","meta":{"footnotes":""},"categories":[8],"tags":[152,215,175,186,133],"class_list":["post-7995","post","type-post","status-publish","format-standard","has-post-thumbnail","hentry","category-avis","tag-bois","tag-console","tag-maison-du-monde","tag-table","tag-vintage"],"yoast_head":"<!-- This site is optimized with the Yoast SEO plugin v27.5 - https:\/\/yoast.com\/product\/yoast-seo-wordpress\/ -->\n<title>Console maison du monde d&#039;occasion - Mobilier Design Magazine<\/title>\n<meta name=\"robots\" content=\"index, follow, max-snippet:-1, max-image-preview:large, max-video-preview:-1\" \/>\n<link rel=\"canonical\" href=\"https:\/\/www.mobilier-design-occasion.fr\/magazine\/console-maison-du-monde-doccasion\/\" \/>\n<meta property=\"og:locale\" content=\"fr_FR\" \/>\n<meta property=\"og:type\" content=\"article\" \/>\n<meta property=\"og:title\" content=\"Console maison du monde d&#039;occasion - Mobilier Design Magazine\" \/>\n<meta property=\"og:description\" content=\"Mon avis : j\u2019ai test\u00e9 les consoles Maisons du Monde \u2013 voici ce que j\u2019en pense Bonjour \u00e0 tous, je suis Cyrielle, d\u00e9coratrice d\u2019int\u00e9rieur passionn\u00e9e et critique. Aujourd\u2019hui, je vous propose un tour d\u2019horizon clivant des consoles propos\u00e9es par Maisons du Monde. J\u2019ai visit\u00e9 leurs magasins, test\u00e9 les produits en conditions r\u00e9elles, et j\u2019en ai [&hellip;]\" \/>\n<meta property=\"og:url\" content=\"https:\/\/www.mobilier-design-occasion.fr\/magazine\/console-maison-du-monde-doccasion\/\" \/>\n<meta property=\"og:site_name\" content=\"Mobilier Design Magazine\" \/>\n<meta property=\"article:publisher\" content=\"https:\/\/www.facebook.com\/mobilierdesignoccasion\" \/>\n<meta property=\"article:published_time\" content=\"2024-12-28T10:26:14+00:00\" \/>\n<meta property=\"article:modified_time\" content=\"2024-12-28T10:26:32+00:00\" \/>\n<meta property=\"og:image\" content=\"https:\/\/www.mobilier-design-occasion.fr\/magazine\/wp-content\/uploads\/2024\/12\/image-18.png\" \/>\n\t<meta property=\"og:image:width\" content=\"810\" \/>\n\t<meta property=\"og:image:height\" content=\"962\" \/>\n\t<meta property=\"og:image:type\" content=\"image\/png\" \/>\n<meta name=\"author\" content=\"Vincent Vandegans\" \/>\n<meta name=\"twitter:card\" content=\"summary_large_image\" \/>\n<meta name=\"twitter:label1\" content=\"\u00c9crit par\" \/>\n\t<meta name=\"twitter:data1\" content=\"Vincent Vandegans\" \/>\n\t<meta name=\"twitter:label2\" content=\"Dur\u00e9e de lecture estim\u00e9e\" \/>\n\t<meta name=\"twitter:data2\" content=\"6 minutes\" \/>\n<script type=\"application\/ld+json\" class=\"yoast-schema-graph\">{\"@context\":\"https:\\\/\\\/schema.org\",\"@graph\":[{\"@type\":\"Article\",\"@id\":\"https:\\\/\\\/www.mobilier-design-occasion.fr\\\/magazine\\\/console-maison-du-monde-doccasion\\\/#article\",\"isPartOf\":{\"@id\":\"https:\\\/\\\/www.mobilier-design-occasion.fr\\\/magazine\\\/console-maison-du-monde-doccasion\\\/\"},\"author\":{\"name\":\"Vincent Vandegans\",\"@id\":\"https:\\\/\\\/www.mobilier-design-occasion.fr\\\/magazine\\\/#\\\/schema\\\/person\\\/af895bedc80bfb6b17730a672fddac9e\"},\"headline\":\"Console maison du monde d&#8217;occasion\",\"datePublished\":\"2024-12-28T10:26:14+00:00\",\"dateModified\":\"2024-12-28T10:26:32+00:00\",\"mainEntityOfPage\":{\"@id\":\"https:\\\/\\\/www.mobilier-design-occasion.fr\\\/magazine\\\/console-maison-du-monde-doccasion\\\/\"},\"wordCount\":690,\"commentCount\":0,\"publisher\":{\"@id\":\"https:\\\/\\\/www.mobilier-design-occasion.fr\\\/magazine\\\/#organization\"},\"image\":{\"@id\":\"https:\\\/\\\/www.mobilier-design-occasion.fr\\\/magazine\\\/console-maison-du-monde-doccasion\\\/#primaryimage\"},\"thumbnailUrl\":\"https:\\\/\\\/www.mobilier-design-occasion.fr\\\/magazine\\\/wp-content\\\/uploads\\\/2024\\\/12\\\/image-18.png\",\"keywords\":[\"bois\",\"console\",\"maison du monde\",\"table\",\"Vintage\"],\"articleSection\":[\"Avis marques d\u00e9co\"],\"inLanguage\":\"fr-FR\",\"potentialAction\":[{\"@type\":\"CommentAction\",\"name\":\"Comment\",\"target\":[\"https:\\\/\\\/www.mobilier-design-occasion.fr\\\/magazine\\\/console-maison-du-monde-doccasion\\\/#respond\"]}]},{\"@type\":\"WebPage\",\"@id\":\"https:\\\/\\\/www.mobilier-design-occasion.fr\\\/magazine\\\/console-maison-du-monde-doccasion\\\/\",\"url\":\"https:\\\/\\\/www.mobilier-design-occasion.fr\\\/magazine\\\/console-maison-du-monde-doccasion\\\/\",\"name\":\"Console maison du monde d'occasion - Mobilier Design Magazine\",\"isPartOf\":{\"@id\":\"https:\\\/\\\/www.mobilier-design-occasion.fr\\\/magazine\\\/#website\"},\"primaryImageOfPage\":{\"@id\":\"https:\\\/\\\/www.mobilier-design-occasion.fr\\\/magazine\\\/console-maison-du-monde-doccasion\\\/#primaryimage\"},\"image\":{\"@id\":\"https:\\\/\\\/www.mobilier-design-occasion.fr\\\/magazine\\\/console-maison-du-monde-doccasion\\\/#primaryimage\"},\"thumbnailUrl\":\"https:\\\/\\\/www.mobilier-design-occasion.fr\\\/magazine\\\/wp-content\\\/uploads\\\/2024\\\/12\\\/image-18.png\",\"datePublished\":\"2024-12-28T10:26:14+00:00\",\"dateModified\":\"2024-12-28T10:26:32+00:00\",\"breadcrumb\":{\"@id\":\"https:\\\/\\\/www.mobilier-design-occasion.fr\\\/magazine\\\/console-maison-du-monde-doccasion\\\/#breadcrumb\"},\"inLanguage\":\"fr-FR\",\"potentialAction\":[{\"@type\":\"ReadAction\",\"target\":[\"https:\\\/\\\/www.mobilier-design-occasion.fr\\\/magazine\\\/console-maison-du-monde-doccasion\\\/\"]}]},{\"@type\":\"ImageObject\",\"inLanguage\":\"fr-FR\",\"@id\":\"https:\\\/\\\/www.mobilier-design-occasion.fr\\\/magazine\\\/console-maison-du-monde-doccasion\\\/#primaryimage\",\"url\":\"https:\\\/\\\/www.mobilier-design-occasion.fr\\\/magazine\\\/wp-content\\\/uploads\\\/2024\\\/12\\\/image-18.png\",\"contentUrl\":\"https:\\\/\\\/www.mobilier-design-occasion.fr\\\/magazine\\\/wp-content\\\/uploads\\\/2024\\\/12\\\/image-18.png\",\"width\":842,\"height\":1000},{\"@type\":\"BreadcrumbList\",\"@id\":\"https:\\\/\\\/www.mobilier-design-occasion.fr\\\/magazine\\\/console-maison-du-monde-doccasion\\\/#breadcrumb\",\"itemListElement\":[{\"@type\":\"ListItem\",\"position\":1,\"name\":\"Accueil\",\"item\":\"https:\\\/\\\/www.mobilier-design-occasion.fr\\\/magazine\\\/\"},{\"@type\":\"ListItem\",\"position\":2,\"name\":\"Console maison du monde d&rsquo;occasion\"}]},{\"@type\":\"WebSite\",\"@id\":\"https:\\\/\\\/www.mobilier-design-occasion.fr\\\/magazine\\\/#website\",\"url\":\"https:\\\/\\\/www.mobilier-design-occasion.fr\\\/magazine\\\/\",\"name\":\"Mobilier Design Magazine\",\"description\":\"\",\"publisher\":{\"@id\":\"https:\\\/\\\/www.mobilier-design-occasion.fr\\\/magazine\\\/#organization\"},\"potentialAction\":[{\"@type\":\"SearchAction\",\"target\":{\"@type\":\"EntryPoint\",\"urlTemplate\":\"https:\\\/\\\/www.mobilier-design-occasion.fr\\\/magazine\\\/?s={search_term_string}\"},\"query-input\":{\"@type\":\"PropertyValueSpecification\",\"valueRequired\":true,\"valueName\":\"search_term_string\"}}],\"inLanguage\":\"fr-FR\"},{\"@type\":\"Organization\",\"@id\":\"https:\\\/\\\/www.mobilier-design-occasion.fr\\\/magazine\\\/#organization\",\"name\":\"Mobilier Design Magazine\",\"url\":\"https:\\\/\\\/www.mobilier-design-occasion.fr\\\/magazine\\\/\",\"logo\":{\"@type\":\"ImageObject\",\"inLanguage\":\"fr-FR\",\"@id\":\"https:\\\/\\\/www.mobilier-design-occasion.fr\\\/magazine\\\/#\\\/schema\\\/logo\\\/image\\\/\",\"url\":\"https:\\\/\\\/www.mobilier-design-occasion.fr\\\/magazine\\\/wp-content\\\/uploads\\\/2024\\\/02\\\/android-chrome-192x192-1.png\",\"contentUrl\":\"https:\\\/\\\/www.mobilier-design-occasion.fr\\\/magazine\\\/wp-content\\\/uploads\\\/2024\\\/02\\\/android-chrome-192x192-1.png\",\"width\":192,\"height\":192,\"caption\":\"Mobilier Design Magazine\"},\"image\":{\"@id\":\"https:\\\/\\\/www.mobilier-design-occasion.fr\\\/magazine\\\/#\\\/schema\\\/logo\\\/image\\\/\"},\"sameAs\":[\"https:\\\/\\\/www.facebook.com\\\/mobilierdesignoccasion\"]},{\"@type\":\"Person\",\"@id\":\"https:\\\/\\\/www.mobilier-design-occasion.fr\\\/magazine\\\/#\\\/schema\\\/person\\\/af895bedc80bfb6b17730a672fddac9e\",\"name\":\"Vincent Vandegans\",\"image\":{\"@type\":\"ImageObject\",\"inLanguage\":\"fr-FR\",\"@id\":\"https:\\\/\\\/secure.gravatar.com\\\/avatar\\\/b984800dabdf722d5e3f03f637c8932dea77d81118467d17ad2953e3b273ec66?s=96&d=mm&r=g\",\"url\":\"https:\\\/\\\/secure.gravatar.com\\\/avatar\\\/b984800dabdf722d5e3f03f637c8932dea77d81118467d17ad2953e3b273ec66?s=96&d=mm&r=g\",\"contentUrl\":\"https:\\\/\\\/secure.gravatar.com\\\/avatar\\\/b984800dabdf722d5e3f03f637c8932dea77d81118467d17ad2953e3b273ec66?s=96&d=mm&r=g\",\"caption\":\"Vincent Vandegans\"},\"description\":\"Vincent est passionn\u00e9 par les produits d'occasion, il a ouvert le site MDO avec Cyrielle pour aider les gens \u00e0 trouver du mobilier d'occasion, vintage ou usag\u00e9. Depuis, ils ont \u00e9tendu leurs activit\u00e9s et conseillent tout le monde sur le mobilier d'int\u00e9rieur et d'ext\u00e9rieur au quotidien \u00e0 travers le magazine MDO.\",\"url\":\"https:\\\/\\\/www.mobilier-design-occasion.fr\\\/magazine\\\/author\\\/vincent\\\/\"}]}<\/script>\n<!-- \/ Yoast SEO plugin. -->","yoast_head_json":{"title":"Console maison du monde d'occasion - Mobilier Design Magazine","robots":{"index":"index","follow":"follow","max-snippet":"max-snippet:-1","max-image-preview":"max-image-preview:large","max-video-preview":"max-video-preview:-1"},"canonical":"https:\/\/www.mobilier-design-occasion.fr\/magazine\/console-maison-du-monde-doccasion\/","og_locale":"fr_FR","og_type":"article","og_title":"Console maison du monde d'occasion - Mobilier Design Magazine","og_description":"Mon avis : j\u2019ai test\u00e9 les consoles Maisons du Monde \u2013 voici ce que j\u2019en pense Bonjour \u00e0 tous, je suis Cyrielle, d\u00e9coratrice d\u2019int\u00e9rieur passionn\u00e9e et critique. Aujourd\u2019hui, je vous propose un tour d\u2019horizon clivant des consoles propos\u00e9es par Maisons du Monde. J\u2019ai visit\u00e9 leurs magasins, test\u00e9 les produits en conditions r\u00e9elles, et j\u2019en ai [&hellip;]","og_url":"https:\/\/www.mobilier-design-occasion.fr\/magazine\/console-maison-du-monde-doccasion\/","og_site_name":"Mobilier Design Magazine","article_publisher":"https:\/\/www.facebook.com\/mobilierdesignoccasion","article_published_time":"2024-12-28T10:26:14+00:00","article_modified_time":"2024-12-28T10:26:32+00:00","og_image":[{"url":"https:\/\/www.mobilier-design-occasion.fr\/magazine\/wp-content\/uploads\/2024\/12\/image-18.png","width":810,"height":962,"type":"image\/png"}],"author":"Vincent Vandegans","twitter_card":"summary_large_image","twitter_misc":{"\u00c9crit par":"Vincent Vandegans","Dur\u00e9e de lecture estim\u00e9e":"6 minutes"},"schema":{"@context":"https:\/\/schema.org","@graph":[{"@type":"Article","@id":"https:\/\/www.mobilier-design-occasion.fr\/magazine\/console-maison-du-monde-doccasion\/#article","isPartOf":{"@id":"https:\/\/www.mobilier-design-occasion.fr\/magazine\/console-maison-du-monde-doccasion\/"},"author":{"name":"Vincent Vandegans","@id":"https:\/\/www.mobilier-design-occasion.fr\/magazine\/#\/schema\/person\/af895bedc80bfb6b17730a672fddac9e"},"headline":"Console maison du monde d&#8217;occasion","datePublished":"2024-12-28T10:26:14+00:00","dateModified":"2024-12-28T10:26:32+00:00","mainEntityOfPage":{"@id":"https:\/\/www.mobilier-design-occasion.fr\/magazine\/console-maison-du-monde-doccasion\/"},"wordCount":690,"commentCount":0,"publisher":{"@id":"https:\/\/www.mobilier-design-occasion.fr\/magazine\/#organization"},"image":{"@id":"https:\/\/www.mobilier-design-occasion.fr\/magazine\/console-maison-du-monde-doccasion\/#primaryimage"},"thumbnailUrl":"https:\/\/www.mobilier-design-occasion.fr\/magazine\/wp-content\/uploads\/2024\/12\/image-18.png","keywords":["bois","console","maison du monde","table","Vintage"],"articleSection":["Avis marques d\u00e9co"],"inLanguage":"fr-FR","potentialAction":[{"@type":"CommentAction","name":"Comment","target":["https:\/\/www.mobilier-design-occasion.fr\/magazine\/console-maison-du-monde-doccasion\/#respond"]}]},{"@type":"WebPage","@id":"https:\/\/www.mobilier-design-occasion.fr\/magazine\/console-maison-du-monde-doccasion\/","url":"https:\/\/www.mobilier-design-occasion.fr\/magazine\/console-maison-du-monde-doccasion\/","name":"Console maison du monde d'occasion - Mobilier Design Magazine","isPartOf":{"@id":"https:\/\/www.mobilier-design-occasion.fr\/magazine\/#website"},"primaryImageOfPage":{"@id":"https:\/\/www.mobilier-design-occasion.fr\/magazine\/console-maison-du-monde-doccasion\/#primaryimage"},"image":{"@id":"https:\/\/www.mobilier-design-occasion.fr\/magazine\/console-maison-du-monde-doccasion\/#primaryimage"},"thumbnailUrl":"https:\/\/www.mobilier-design-occasion.fr\/magazine\/wp-content\/uploads\/2024\/12\/image-18.png","datePublished":"2024-12-28T10:26:14+00:00","dateModified":"2024-12-28T10:26:32+00:00","breadcrumb":{"@id":"https:\/\/www.mobilier-design-occasion.fr\/magazine\/console-maison-du-monde-doccasion\/#breadcrumb"},"inLanguage":"fr-FR","potentialAction":[{"@type":"ReadAction","target":["https:\/\/www.mobilier-design-occasion.fr\/magazine\/console-maison-du-monde-doccasion\/"]}]},{"@type":"ImageObject","inLanguage":"fr-FR","@id":"https:\/\/www.mobilier-design-occasion.fr\/magazine\/console-maison-du-monde-doccasion\/#primaryimage","url":"https:\/\/www.mobilier-design-occasion.fr\/magazine\/wp-content\/uploads\/2024\/12\/image-18.png","contentUrl":"https:\/\/www.mobilier-design-occasion.fr\/magazine\/wp-content\/uploads\/2024\/12\/image-18.png","width":842,"height":1000},{"@type":"BreadcrumbList","@id":"https:\/\/www.mobilier-design-occasion.fr\/magazine\/console-maison-du-monde-doccasion\/#breadcrumb","itemListElement":[{"@type":"ListItem","position":1,"name":"Accueil","item":"https:\/\/www.mobilier-design-occasion.fr\/magazine\/"},{"@type":"ListItem","position":2,"name":"Console maison du monde d&rsquo;occasion"}]},{"@type":"WebSite","@id":"https:\/\/www.mobilier-design-occasion.fr\/magazine\/#website","url":"https:\/\/www.mobilier-design-occasion.fr\/magazine\/","name":"Mobilier Design Magazine","description":"","publisher":{"@id":"https:\/\/www.mobilier-design-occasion.fr\/magazine\/#organization"},"potentialAction":[{"@type":"SearchAction","target":{"@type":"EntryPoint","urlTemplate":"https:\/\/www.mobilier-design-occasion.fr\/magazine\/?s={search_term_string}"},"query-input":{"@type":"PropertyValueSpecification","valueRequired":true,"valueName":"search_term_string"}}],"inLanguage":"fr-FR"},{"@type":"Organization","@id":"https:\/\/www.mobilier-design-occasion.fr\/magazine\/#organization","name":"Mobilier Design Magazine","url":"https:\/\/www.mobilier-design-occasion.fr\/magazine\/","logo":{"@type":"ImageObject","inLanguage":"fr-FR","@id":"https:\/\/www.mobilier-design-occasion.fr\/magazine\/#\/schema\/logo\/image\/","url":"https:\/\/www.mobilier-design-occasion.fr\/magazine\/wp-content\/uploads\/2024\/02\/android-chrome-192x192-1.png","contentUrl":"https:\/\/www.mobilier-design-occasion.fr\/magazine\/wp-content\/uploads\/2024\/02\/android-chrome-192x192-1.png","width":192,"height":192,"caption":"Mobilier Design Magazine"},"image":{"@id":"https:\/\/www.mobilier-design-occasion.fr\/magazine\/#\/schema\/logo\/image\/"},"sameAs":["https:\/\/www.facebook.com\/mobilierdesignoccasion"]},{"@type":"Person","@id":"https:\/\/www.mobilier-design-occasion.fr\/magazine\/#\/schema\/person\/af895bedc80bfb6b17730a672fddac9e","name":"Vincent Vandegans","image":{"@type":"ImageObject","inLanguage":"fr-FR","@id":"https:\/\/secure.gravatar.com\/avatar\/b984800dabdf722d5e3f03f637c8932dea77d81118467d17ad2953e3b273ec66?s=96&d=mm&r=g","url":"https:\/\/secure.gravatar.com\/avatar\/b984800dabdf722d5e3f03f637c8932dea77d81118467d17ad2953e3b273ec66?s=96&d=mm&r=g","contentUrl":"https:\/\/secure.gravatar.com\/avatar\/b984800dabdf722d5e3f03f637c8932dea77d81118467d17ad2953e3b273ec66?s=96&d=mm&r=g","caption":"Vincent Vandegans"},"description":"Vincent est passionn\u00e9 par les produits d'occasion, il a ouvert le site MDO avec Cyrielle pour aider les gens \u00e0 trouver du mobilier d'occasion, vintage ou usag\u00e9. Depuis, ils ont \u00e9tendu leurs activit\u00e9s et conseillent tout le monde sur le mobilier d'int\u00e9rieur et d'ext\u00e9rieur au quotidien \u00e0 travers le magazine MDO.","url":"https:\/\/www.mobilier-design-occasion.fr\/magazine\/author\/vincent\/"}]}},"_links":{"self":[{"href":"https:\/\/www.mobilier-design-occasion.fr\/magazine\/wp-json\/wp\/v2\/posts\/7995","targetHints":{"allow":["GET"]}}],"collection":[{"href":"https:\/\/www.mobilier-design-occasion.fr\/magazine\/wp-json\/wp\/v2\/posts"}],"about":[{"href":"https:\/\/www.mobilier-design-occasion.fr\/magazine\/wp-json\/wp\/v2\/types\/post"}],"author":[{"embeddable":true,"href":"https:\/\/www.mobilier-design-occasion.fr\/magazine\/wp-json\/wp\/v2\/users\/2"}],"replies":[{"embeddable":true,"href":"https:\/\/www.mobilier-design-occasion.fr\/magazine\/wp-json\/wp\/v2\/comments?post=7995"}],"version-history":[{"count":2,"href":"https:\/\/www.mobilier-design-occasion.fr\/magazine\/wp-json\/wp\/v2\/posts\/7995\/revisions"}],"predecessor-version":[{"id":8007,"href":"https:\/\/www.mobilier-design-occasion.fr\/magazine\/wp-json\/wp\/v2\/posts\/7995\/revisions\/8007"}],"wp:featuredmedia":[{"embeddable":true,"href":"https:\/\/www.mobilier-design-occasion.fr\/magazine\/wp-json\/wp\/v2\/media\/7996"}],"wp:attachment":[{"href":"https:\/\/www.mobilier-design-occasion.fr\/magazine\/wp-json\/wp\/v2\/media?parent=7995"}],"wp:term":[{"taxonomy":"category","embeddable":true,"href":"https:\/\/www.mobilier-design-occasion.fr\/magazine\/wp-json\/wp\/v2\/categories?post=7995"},{"taxonomy":"post_tag","embeddable":true,"href":"https:\/\/www.mobilier-design-occasion.fr\/magazine\/wp-json\/wp\/v2\/tags?post=7995"}],"curies":[{"name":"wp","href":"https:\/\/api.w.org\/{rel}","templated":true}]}}