{"id":7966,"date":"2024-12-04T10:35:36","date_gmt":"2024-12-04T10:35:36","guid":{"rendered":"https:\/\/www.mobilier-design-occasion.fr\/magazine\/?p=7966"},"modified":"2024-12-04T10:35:37","modified_gmt":"2024-12-04T10:35:37","slug":"journal-de-bord-une-journee-avec-la-lasure-bois","status":"publish","type":"post","link":"https:\/\/www.mobilier-design-occasion.fr\/magazine\/journal-de-bord-une-journee-avec-la-lasure-bois\/","title":{"rendered":"Journal de bord : Une journ\u00e9e avec la lasure bois"},"content":{"rendered":"\n<p><br>Aujourd&#8217;hui, c&#8217;\u00e9tait une de ces journ\u00e9es o\u00f9 l&#8217;on d\u00e9cide de se retrousser les manches et de donner un coup de jeune \u00e0 ce qui nous entoure. J&#8217;ai d\u00e9cid\u00e9 de repeindre avec une lasure bois. L&#8217;objectif ? Redonner vie \u00e0 une surface qui avait un peu perdu de son \u00e9clat tout en la prot\u00e9geant durablement. Voici comment \u00e7a s&#8217;est pass\u00e9.<\/p>\n\n\n\n<p>Bon, d&#8217;abord j&#8217;ai d\u00e9truit mon ancien abris de jardin !<\/p>\n\n\n\n<figure class=\"wp-block-image size-large\"><img loading=\"lazy\" decoding=\"async\" width=\"1024\" height=\"964\" src=\"https:\/\/www.mobilier-design-occasion.fr\/magazine\/wp-content\/uploads\/2024\/12\/image-5-1024x964.png\" alt=\"\" class=\"wp-image-7967\" srcset=\"https:\/\/www.mobilier-design-occasion.fr\/magazine\/wp-content\/uploads\/2024\/12\/image-5-1024x964.png 1024w, https:\/\/www.mobilier-design-occasion.fr\/magazine\/wp-content\/uploads\/2024\/12\/image-5-300x282.png 300w, https:\/\/www.mobilier-design-occasion.fr\/magazine\/wp-content\/uploads\/2024\/12\/image-5-768x723.png 768w, https:\/\/www.mobilier-design-occasion.fr\/magazine\/wp-content\/uploads\/2024\/12\/image-5-810x763.png 810w, https:\/\/www.mobilier-design-occasion.fr\/magazine\/wp-content\/uploads\/2024\/12\/image-5-1140x1073.png 1140w, https:\/\/www.mobilier-design-occasion.fr\/magazine\/wp-content\/uploads\/2024\/12\/image-5.png 1194w\" sizes=\"auto, (max-width: 1024px) 100vw, 1024px\" \/><\/figure>\n\n\n\n<hr class=\"wp-block-separator has-alpha-channel-opacity\"\/>\n\n\n\n<p><strong>1. Le choix de la lasure<\/strong><br>Pour commencer, j&#8217;ai pris le temps de choisir une lasure adapt\u00e9e. Apr\u00e8s avoir compar\u00e9 diff\u00e9rentes options, je me suis orient\u00e9 vers une lasure teint\u00e9e qui permet de conserver l&#8217;aspect naturel du bois tout en ajoutant une l\u00e9g\u00e8re touche de couleur. J&#8217;ai opt\u00e9 pour un produit avec des propri\u00e9t\u00e9s hydrofuges et r\u00e9sistantes aux UV, histoire d&#8217;assurer une bonne long\u00e9vit\u00e9.<\/p>\n\n\n\n<p><strong>Mon avis :<\/strong> Le choix de la <a href=\"https:\/\/peinture-destock.com\/102-lasures-bois-de-protection\">lasure bois<\/a> est essentiel. Si je devais donner un conseil, ce serait de privil\u00e9gier la qualit\u00e9. Une bonne lasure fait toute la diff\u00e9rence, surtout si le bois est expos\u00e9 aux intemp\u00e9ries.<\/p>\n\n\n\n<hr class=\"wp-block-separator has-alpha-channel-opacity\"\/>\n\n\n\n<p><strong>2. La pr\u00e9paration du bois<\/strong><br>Ensuite, je me suis attaqu\u00e9 \u00e0 la pr\u00e9paration. Un bon pon\u00e7age \u00e9tait indispensable pour enlever les anciennes couches de produit et lisser la surface. J&#8217;ai \u00e9galement nettoy\u00e9 le bois pour \u00e9liminer la poussi\u00e8re et les \u00e9ventuelles salet\u00e9s.<\/p>\n\n\n\n<p><strong>Mon avis :<\/strong> Cette \u00e9tape peut sembler fastidieuse, mais elle est cruciale. Un bois bien pr\u00e9par\u00e9 garantit une meilleure adh\u00e9rence de la lasure et un r\u00e9sultat final impeccable.<\/p>\n\n\n\n<hr class=\"wp-block-separator has-alpha-channel-opacity\"\/>\n\n\n\n<p>Voil\u00e0 le nouvel abri en cours de construction. j&#8217;ai commenc\u00e9 \u00e0 appliquer la lasure pendant la construction, pour changer un peu d&#8217;activit\u00e9. <\/p>\n\n\n\n<figure class=\"wp-block-image size-full\"><img loading=\"lazy\" decoding=\"async\" width=\"622\" height=\"352\" src=\"https:\/\/www.mobilier-design-occasion.fr\/magazine\/wp-content\/uploads\/2024\/12\/image-6.png\" alt=\"\" class=\"wp-image-7968\" srcset=\"https:\/\/www.mobilier-design-occasion.fr\/magazine\/wp-content\/uploads\/2024\/12\/image-6.png 622w, https:\/\/www.mobilier-design-occasion.fr\/magazine\/wp-content\/uploads\/2024\/12\/image-6-300x170.png 300w\" sizes=\"auto, (max-width: 622px) 100vw, 622px\" \/><\/figure>\n\n\n\n<p><strong>3. L&#8217;application de la lasure<\/strong><br>J&#8217;ai utilis\u00e9 un pinceau large pour appliquer la lasure de mani\u00e8re uniforme, en suivant le sens des fibres du bois. J&#8217;ai fait deux couches, en respectant le temps de s\u00e9chage recommand\u00e9 entre chaque passage. Le bois a litt\u00e9ralement absorb\u00e9 la lasure, r\u00e9v\u00e9lant ses veines naturelles.<\/p>\n\n\n\n<p><strong>Mon avis :<\/strong> C&#8217;est probablement la partie la plus satisfaisante. Voir le bois &#8220;reprendre vie&#8221; sous le pinceau, c&#8217;est gratifiant. Le secret ici, c&#8217;est de ne pas se pr\u00e9cipiter. Mieux vaut appliquer des couches fines que de surcharger.<\/p>\n\n\n\n<hr class=\"wp-block-separator has-alpha-channel-opacity\"\/>\n\n\n\n<p><strong>4. Le r\u00e9sultat final<\/strong><br>Une fois le travail termin\u00e9, je me suis recul\u00e9 pour admirer le r\u00e9sultat. Le bois a retrouv\u00e9 une profondeur et une richesse qui m&#8217;avaient manqu\u00e9. La lasure a non seulement raviv\u00e9 la teinte, mais elle a aussi apport\u00e9 une protection visible. Mission accomplie !<\/p>\n\n\n\n<p><strong>Mon avis :<\/strong> Si j&#8217;avais su que c&#8217;\u00e9tait aussi simple et efficace, je l&#8217;aurais fait bien plus t\u00f4t. Le bois a maintenant une allure soign\u00e9e et moderne tout en gardant son charme naturel.<\/p>\n\n\n\n<h2 class=\"wp-block-heading\">Tableau r\u00e9cap des pour et contre<\/h2>\n\n\n\n<figure class=\"wp-block-table\"><table class=\"has-fixed-layout\"><thead><tr><th><strong>Aspect<\/strong><\/th><th><strong>Pour<\/strong><\/th><th><strong>Contre<\/strong><\/th><\/tr><\/thead><\/table><\/figure>\n\n\n\n<figure class=\"wp-block-table\"><table class=\"has-fixed-layout\"><tbody><tr><td><strong>Esth\u00e9tique<\/strong><\/td><td>&#8211; Met en valeur les veines naturelles du bois<br>&#8211; Disponible en plusieurs teintes modernes<\/td><td>&#8211; Effet parfois trop l\u00e9ger selon les go\u00fbts<\/td><\/tr><\/tbody><\/table><\/figure>\n\n\n\n<figure class=\"wp-block-table\"><table class=\"has-fixed-layout\"><tbody><tr><td><strong>Protection<\/strong><\/td><td>&#8211; Prot\u00e8ge contre les UV et l&#8217;humidit\u00e9<br>&#8211; Durabilit\u00e9 accrue avec des produits de qualit\u00e9<\/td><td>&#8211; N\u00e9cessite un entretien r\u00e9gulier (tous les 2-3 ans pour les surfaces expos\u00e9es)<\/td><\/tr><\/tbody><\/table><\/figure>\n\n\n\n<figure class=\"wp-block-table\"><table class=\"has-fixed-layout\"><tbody><tr><td><strong>Application<\/strong><\/td><td>&#8211; Facile \u00e0 appliquer (pinceau, rouleau ou pulv\u00e9risateur)<br>&#8211; S\u00e9chage relativement rapide<\/td><td>&#8211; Demande une pr\u00e9paration minutieuse (pon\u00e7age et nettoyage)<\/td><\/tr><\/tbody><\/table><\/figure>\n\n\n\n<figure class=\"wp-block-table\"><table class=\"has-fixed-layout\"><tbody><tr><td><strong>Entretien<\/strong><\/td><td>&#8211; Facile \u00e0 r\u00e9appliquer sans d\u00e9capage complet<\/td><td>&#8211; Pas aussi durable qu&#8217;une peinture (n\u00e9cessite des retouches plus fr\u00e9quentes)<\/td><\/tr><\/tbody><\/table><\/figure>\n\n\n\n<figure class=\"wp-block-table\"><table class=\"has-fixed-layout\"><tbody><tr><td><strong>R\u00e9sultat final<\/strong><\/td><td>&#8211; Aspect naturel et chaleureux<\/td><td>&#8211; Moins couvrant qu&#8217;une peinture pour masquer les imperfections<\/td><\/tr><\/tbody><\/table><\/figure>\n\n\n\n<figure class=\"wp-block-table\"><table class=\"has-fixed-layout\"><tbody><tr><td><strong>Co\u00fbt<\/strong><\/td><td>&#8211; Accessible pour une bonne qualit\u00e9<\/td><td>&#8211; Les produits haut de gamme peuvent \u00eatre co\u00fbteux<\/td><\/tr><\/tbody><\/table><\/figure>\n","protected":false},"excerpt":{"rendered":"<p>Aujourd&#8217;hui, c&#8217;\u00e9tait une de ces journ\u00e9es o\u00f9 l&#8217;on d\u00e9cide de se retrousser les manches et de donner un coup de jeune \u00e0 ce qui nous entoure. J&#8217;ai d\u00e9cid\u00e9 de repeindre avec une lasure bois. L&#8217;objectif ? Redonner vie \u00e0 une surface qui avait un peu perdu de son \u00e9clat tout en la prot\u00e9geant durablement. Voici [&hellip;]<\/p>\n","protected":false},"author":2,"featured_media":7968,"comment_status":"open","ping_status":"open","sticky":false,"template":"","format":"standard","meta":{"footnotes":""},"categories":[8],"tags":[152,213,212],"class_list":["post-7966","post","type-post","status-publish","format-standard","has-post-thumbnail","hentry","category-avis","tag-bois","tag-jardin","tag-lasure"],"yoast_head":"<!-- This site is optimized with the Yoast SEO plugin v27.5 - https:\/\/yoast.com\/product\/yoast-seo-wordpress\/ -->\n<title>Journal de bord : Une journ\u00e9e avec la lasure bois - Mobilier Design Magazine<\/title>\n<meta name=\"robots\" content=\"index, follow, max-snippet:-1, max-image-preview:large, max-video-preview:-1\" \/>\n<link rel=\"canonical\" href=\"https:\/\/www.mobilier-design-occasion.fr\/magazine\/journal-de-bord-une-journee-avec-la-lasure-bois\/\" \/>\n<meta property=\"og:locale\" content=\"fr_FR\" \/>\n<meta property=\"og:type\" content=\"article\" \/>\n<meta property=\"og:title\" content=\"Journal de bord : Une journ\u00e9e avec la lasure bois - Mobilier Design Magazine\" \/>\n<meta property=\"og:description\" content=\"Aujourd&#8217;hui, c&#8217;\u00e9tait une de ces journ\u00e9es o\u00f9 l&#8217;on d\u00e9cide de se retrousser les manches et de donner un coup de jeune \u00e0 ce qui nous entoure. J&#8217;ai d\u00e9cid\u00e9 de repeindre avec une lasure bois. L&#8217;objectif ? Redonner vie \u00e0 une surface qui avait un peu perdu de son \u00e9clat tout en la prot\u00e9geant durablement. Voici [&hellip;]\" \/>\n<meta property=\"og:url\" content=\"https:\/\/www.mobilier-design-occasion.fr\/magazine\/journal-de-bord-une-journee-avec-la-lasure-bois\/\" \/>\n<meta property=\"og:site_name\" content=\"Mobilier Design Magazine\" \/>\n<meta property=\"article:publisher\" content=\"https:\/\/www.facebook.com\/mobilierdesignoccasion\" \/>\n<meta property=\"article:published_time\" content=\"2024-12-04T10:35:36+00:00\" \/>\n<meta property=\"article:modified_time\" content=\"2024-12-04T10:35:37+00:00\" \/>\n<meta property=\"og:image\" content=\"https:\/\/www.mobilier-design-occasion.fr\/magazine\/wp-content\/uploads\/2024\/12\/image-6.png\" \/>\n\t<meta property=\"og:image:width\" content=\"622\" \/>\n\t<meta property=\"og:image:height\" content=\"352\" \/>\n\t<meta property=\"og:image:type\" content=\"image\/png\" \/>\n<meta name=\"author\" content=\"Vincent Vandegans\" \/>\n<meta name=\"twitter:card\" content=\"summary_large_image\" \/>\n<meta name=\"twitter:label1\" content=\"\u00c9crit par\" \/>\n\t<meta name=\"twitter:data1\" content=\"Vincent Vandegans\" \/>\n\t<meta name=\"twitter:label2\" content=\"Dur\u00e9e de lecture estim\u00e9e\" \/>\n\t<meta name=\"twitter:data2\" content=\"4 minutes\" \/>\n<script type=\"application\/ld+json\" class=\"yoast-schema-graph\">{\"@context\":\"https:\\\/\\\/schema.org\",\"@graph\":[{\"@type\":\"Article\",\"@id\":\"https:\\\/\\\/www.mobilier-design-occasion.fr\\\/magazine\\\/journal-de-bord-une-journee-avec-la-lasure-bois\\\/#article\",\"isPartOf\":{\"@id\":\"https:\\\/\\\/www.mobilier-design-occasion.fr\\\/magazine\\\/journal-de-bord-une-journee-avec-la-lasure-bois\\\/\"},\"author\":{\"name\":\"Vincent Vandegans\",\"@id\":\"https:\\\/\\\/www.mobilier-design-occasion.fr\\\/magazine\\\/#\\\/schema\\\/person\\\/af895bedc80bfb6b17730a672fddac9e\"},\"headline\":\"Journal de bord : Une journ\u00e9e avec la lasure bois\",\"datePublished\":\"2024-12-04T10:35:36+00:00\",\"dateModified\":\"2024-12-04T10:35:37+00:00\",\"mainEntityOfPage\":{\"@id\":\"https:\\\/\\\/www.mobilier-design-occasion.fr\\\/magazine\\\/journal-de-bord-une-journee-avec-la-lasure-bois\\\/\"},\"wordCount\":641,\"commentCount\":0,\"publisher\":{\"@id\":\"https:\\\/\\\/www.mobilier-design-occasion.fr\\\/magazine\\\/#organization\"},\"image\":{\"@id\":\"https:\\\/\\\/www.mobilier-design-occasion.fr\\\/magazine\\\/journal-de-bord-une-journee-avec-la-lasure-bois\\\/#primaryimage\"},\"thumbnailUrl\":\"https:\\\/\\\/www.mobilier-design-occasion.fr\\\/magazine\\\/wp-content\\\/uploads\\\/2024\\\/12\\\/image-6.png\",\"keywords\":[\"bois\",\"jardin\",\"lasure\"],\"articleSection\":[\"Avis marques d\u00e9co\"],\"inLanguage\":\"fr-FR\",\"potentialAction\":[{\"@type\":\"CommentAction\",\"name\":\"Comment\",\"target\":[\"https:\\\/\\\/www.mobilier-design-occasion.fr\\\/magazine\\\/journal-de-bord-une-journee-avec-la-lasure-bois\\\/#respond\"]}]},{\"@type\":\"WebPage\",\"@id\":\"https:\\\/\\\/www.mobilier-design-occasion.fr\\\/magazine\\\/journal-de-bord-une-journee-avec-la-lasure-bois\\\/\",\"url\":\"https:\\\/\\\/www.mobilier-design-occasion.fr\\\/magazine\\\/journal-de-bord-une-journee-avec-la-lasure-bois\\\/\",\"name\":\"Journal de bord : Une journ\u00e9e avec la lasure bois - Mobilier Design Magazine\",\"isPartOf\":{\"@id\":\"https:\\\/\\\/www.mobilier-design-occasion.fr\\\/magazine\\\/#website\"},\"primaryImageOfPage\":{\"@id\":\"https:\\\/\\\/www.mobilier-design-occasion.fr\\\/magazine\\\/journal-de-bord-une-journee-avec-la-lasure-bois\\\/#primaryimage\"},\"image\":{\"@id\":\"https:\\\/\\\/www.mobilier-design-occasion.fr\\\/magazine\\\/journal-de-bord-une-journee-avec-la-lasure-bois\\\/#primaryimage\"},\"thumbnailUrl\":\"https:\\\/\\\/www.mobilier-design-occasion.fr\\\/magazine\\\/wp-content\\\/uploads\\\/2024\\\/12\\\/image-6.png\",\"datePublished\":\"2024-12-04T10:35:36+00:00\",\"dateModified\":\"2024-12-04T10:35:37+00:00\",\"breadcrumb\":{\"@id\":\"https:\\\/\\\/www.mobilier-design-occasion.fr\\\/magazine\\\/journal-de-bord-une-journee-avec-la-lasure-bois\\\/#breadcrumb\"},\"inLanguage\":\"fr-FR\",\"potentialAction\":[{\"@type\":\"ReadAction\",\"target\":[\"https:\\\/\\\/www.mobilier-design-occasion.fr\\\/magazine\\\/journal-de-bord-une-journee-avec-la-lasure-bois\\\/\"]}]},{\"@type\":\"ImageObject\",\"inLanguage\":\"fr-FR\",\"@id\":\"https:\\\/\\\/www.mobilier-design-occasion.fr\\\/magazine\\\/journal-de-bord-une-journee-avec-la-lasure-bois\\\/#primaryimage\",\"url\":\"https:\\\/\\\/www.mobilier-design-occasion.fr\\\/magazine\\\/wp-content\\\/uploads\\\/2024\\\/12\\\/image-6.png\",\"contentUrl\":\"https:\\\/\\\/www.mobilier-design-occasion.fr\\\/magazine\\\/wp-content\\\/uploads\\\/2024\\\/12\\\/image-6.png\",\"width\":622,\"height\":352},{\"@type\":\"BreadcrumbList\",\"@id\":\"https:\\\/\\\/www.mobilier-design-occasion.fr\\\/magazine\\\/journal-de-bord-une-journee-avec-la-lasure-bois\\\/#breadcrumb\",\"itemListElement\":[{\"@type\":\"ListItem\",\"position\":1,\"name\":\"Accueil\",\"item\":\"https:\\\/\\\/www.mobilier-design-occasion.fr\\\/magazine\\\/\"},{\"@type\":\"ListItem\",\"position\":2,\"name\":\"Journal de bord : Une journ\u00e9e avec la lasure bois\"}]},{\"@type\":\"WebSite\",\"@id\":\"https:\\\/\\\/www.mobilier-design-occasion.fr\\\/magazine\\\/#website\",\"url\":\"https:\\\/\\\/www.mobilier-design-occasion.fr\\\/magazine\\\/\",\"name\":\"Mobilier Design Magazine\",\"description\":\"\",\"publisher\":{\"@id\":\"https:\\\/\\\/www.mobilier-design-occasion.fr\\\/magazine\\\/#organization\"},\"potentialAction\":[{\"@type\":\"SearchAction\",\"target\":{\"@type\":\"EntryPoint\",\"urlTemplate\":\"https:\\\/\\\/www.mobilier-design-occasion.fr\\\/magazine\\\/?s={search_term_string}\"},\"query-input\":{\"@type\":\"PropertyValueSpecification\",\"valueRequired\":true,\"valueName\":\"search_term_string\"}}],\"inLanguage\":\"fr-FR\"},{\"@type\":\"Organization\",\"@id\":\"https:\\\/\\\/www.mobilier-design-occasion.fr\\\/magazine\\\/#organization\",\"name\":\"Mobilier Design Magazine\",\"url\":\"https:\\\/\\\/www.mobilier-design-occasion.fr\\\/magazine\\\/\",\"logo\":{\"@type\":\"ImageObject\",\"inLanguage\":\"fr-FR\",\"@id\":\"https:\\\/\\\/www.mobilier-design-occasion.fr\\\/magazine\\\/#\\\/schema\\\/logo\\\/image\\\/\",\"url\":\"https:\\\/\\\/www.mobilier-design-occasion.fr\\\/magazine\\\/wp-content\\\/uploads\\\/2024\\\/02\\\/android-chrome-192x192-1.png\",\"contentUrl\":\"https:\\\/\\\/www.mobilier-design-occasion.fr\\\/magazine\\\/wp-content\\\/uploads\\\/2024\\\/02\\\/android-chrome-192x192-1.png\",\"width\":192,\"height\":192,\"caption\":\"Mobilier Design Magazine\"},\"image\":{\"@id\":\"https:\\\/\\\/www.mobilier-design-occasion.fr\\\/magazine\\\/#\\\/schema\\\/logo\\\/image\\\/\"},\"sameAs\":[\"https:\\\/\\\/www.facebook.com\\\/mobilierdesignoccasion\"]},{\"@type\":\"Person\",\"@id\":\"https:\\\/\\\/www.mobilier-design-occasion.fr\\\/magazine\\\/#\\\/schema\\\/person\\\/af895bedc80bfb6b17730a672fddac9e\",\"name\":\"Vincent Vandegans\",\"image\":{\"@type\":\"ImageObject\",\"inLanguage\":\"fr-FR\",\"@id\":\"https:\\\/\\\/secure.gravatar.com\\\/avatar\\\/b984800dabdf722d5e3f03f637c8932dea77d81118467d17ad2953e3b273ec66?s=96&d=mm&r=g\",\"url\":\"https:\\\/\\\/secure.gravatar.com\\\/avatar\\\/b984800dabdf722d5e3f03f637c8932dea77d81118467d17ad2953e3b273ec66?s=96&d=mm&r=g\",\"contentUrl\":\"https:\\\/\\\/secure.gravatar.com\\\/avatar\\\/b984800dabdf722d5e3f03f637c8932dea77d81118467d17ad2953e3b273ec66?s=96&d=mm&r=g\",\"caption\":\"Vincent Vandegans\"},\"description\":\"Vincent est passionn\u00e9 par les produits d'occasion, il a ouvert le site MDO avec Cyrielle pour aider les gens \u00e0 trouver du mobilier d'occasion, vintage ou usag\u00e9. Depuis, ils ont \u00e9tendu leurs activit\u00e9s et conseillent tout le monde sur le mobilier d'int\u00e9rieur et d'ext\u00e9rieur au quotidien \u00e0 travers le magazine MDO.\",\"url\":\"https:\\\/\\\/www.mobilier-design-occasion.fr\\\/magazine\\\/author\\\/vincent\\\/\"}]}<\/script>\n<!-- \/ Yoast SEO plugin. -->","yoast_head_json":{"title":"Journal de bord : Une journ\u00e9e avec la lasure bois - Mobilier Design Magazine","robots":{"index":"index","follow":"follow","max-snippet":"max-snippet:-1","max-image-preview":"max-image-preview:large","max-video-preview":"max-video-preview:-1"},"canonical":"https:\/\/www.mobilier-design-occasion.fr\/magazine\/journal-de-bord-une-journee-avec-la-lasure-bois\/","og_locale":"fr_FR","og_type":"article","og_title":"Journal de bord : Une journ\u00e9e avec la lasure bois - Mobilier Design Magazine","og_description":"Aujourd&#8217;hui, c&#8217;\u00e9tait une de ces journ\u00e9es o\u00f9 l&#8217;on d\u00e9cide de se retrousser les manches et de donner un coup de jeune \u00e0 ce qui nous entoure. J&#8217;ai d\u00e9cid\u00e9 de repeindre avec une lasure bois. L&#8217;objectif ? Redonner vie \u00e0 une surface qui avait un peu perdu de son \u00e9clat tout en la prot\u00e9geant durablement. Voici [&hellip;]","og_url":"https:\/\/www.mobilier-design-occasion.fr\/magazine\/journal-de-bord-une-journee-avec-la-lasure-bois\/","og_site_name":"Mobilier Design Magazine","article_publisher":"https:\/\/www.facebook.com\/mobilierdesignoccasion","article_published_time":"2024-12-04T10:35:36+00:00","article_modified_time":"2024-12-04T10:35:37+00:00","og_image":[{"width":622,"height":352,"url":"https:\/\/www.mobilier-design-occasion.fr\/magazine\/wp-content\/uploads\/2024\/12\/image-6.png","type":"image\/png"}],"author":"Vincent Vandegans","twitter_card":"summary_large_image","twitter_misc":{"\u00c9crit par":"Vincent Vandegans","Dur\u00e9e de lecture estim\u00e9e":"4 minutes"},"schema":{"@context":"https:\/\/schema.org","@graph":[{"@type":"Article","@id":"https:\/\/www.mobilier-design-occasion.fr\/magazine\/journal-de-bord-une-journee-avec-la-lasure-bois\/#article","isPartOf":{"@id":"https:\/\/www.mobilier-design-occasion.fr\/magazine\/journal-de-bord-une-journee-avec-la-lasure-bois\/"},"author":{"name":"Vincent Vandegans","@id":"https:\/\/www.mobilier-design-occasion.fr\/magazine\/#\/schema\/person\/af895bedc80bfb6b17730a672fddac9e"},"headline":"Journal de bord : Une journ\u00e9e avec la lasure bois","datePublished":"2024-12-04T10:35:36+00:00","dateModified":"2024-12-04T10:35:37+00:00","mainEntityOfPage":{"@id":"https:\/\/www.mobilier-design-occasion.fr\/magazine\/journal-de-bord-une-journee-avec-la-lasure-bois\/"},"wordCount":641,"commentCount":0,"publisher":{"@id":"https:\/\/www.mobilier-design-occasion.fr\/magazine\/#organization"},"image":{"@id":"https:\/\/www.mobilier-design-occasion.fr\/magazine\/journal-de-bord-une-journee-avec-la-lasure-bois\/#primaryimage"},"thumbnailUrl":"https:\/\/www.mobilier-design-occasion.fr\/magazine\/wp-content\/uploads\/2024\/12\/image-6.png","keywords":["bois","jardin","lasure"],"articleSection":["Avis marques d\u00e9co"],"inLanguage":"fr-FR","potentialAction":[{"@type":"CommentAction","name":"Comment","target":["https:\/\/www.mobilier-design-occasion.fr\/magazine\/journal-de-bord-une-journee-avec-la-lasure-bois\/#respond"]}]},{"@type":"WebPage","@id":"https:\/\/www.mobilier-design-occasion.fr\/magazine\/journal-de-bord-une-journee-avec-la-lasure-bois\/","url":"https:\/\/www.mobilier-design-occasion.fr\/magazine\/journal-de-bord-une-journee-avec-la-lasure-bois\/","name":"Journal de bord : Une journ\u00e9e avec la lasure bois - Mobilier Design Magazine","isPartOf":{"@id":"https:\/\/www.mobilier-design-occasion.fr\/magazine\/#website"},"primaryImageOfPage":{"@id":"https:\/\/www.mobilier-design-occasion.fr\/magazine\/journal-de-bord-une-journee-avec-la-lasure-bois\/#primaryimage"},"image":{"@id":"https:\/\/www.mobilier-design-occasion.fr\/magazine\/journal-de-bord-une-journee-avec-la-lasure-bois\/#primaryimage"},"thumbnailUrl":"https:\/\/www.mobilier-design-occasion.fr\/magazine\/wp-content\/uploads\/2024\/12\/image-6.png","datePublished":"2024-12-04T10:35:36+00:00","dateModified":"2024-12-04T10:35:37+00:00","breadcrumb":{"@id":"https:\/\/www.mobilier-design-occasion.fr\/magazine\/journal-de-bord-une-journee-avec-la-lasure-bois\/#breadcrumb"},"inLanguage":"fr-FR","potentialAction":[{"@type":"ReadAction","target":["https:\/\/www.mobilier-design-occasion.fr\/magazine\/journal-de-bord-une-journee-avec-la-lasure-bois\/"]}]},{"@type":"ImageObject","inLanguage":"fr-FR","@id":"https:\/\/www.mobilier-design-occasion.fr\/magazine\/journal-de-bord-une-journee-avec-la-lasure-bois\/#primaryimage","url":"https:\/\/www.mobilier-design-occasion.fr\/magazine\/wp-content\/uploads\/2024\/12\/image-6.png","contentUrl":"https:\/\/www.mobilier-design-occasion.fr\/magazine\/wp-content\/uploads\/2024\/12\/image-6.png","width":622,"height":352},{"@type":"BreadcrumbList","@id":"https:\/\/www.mobilier-design-occasion.fr\/magazine\/journal-de-bord-une-journee-avec-la-lasure-bois\/#breadcrumb","itemListElement":[{"@type":"ListItem","position":1,"name":"Accueil","item":"https:\/\/www.mobilier-design-occasion.fr\/magazine\/"},{"@type":"ListItem","position":2,"name":"Journal de bord : Une journ\u00e9e avec la lasure bois"}]},{"@type":"WebSite","@id":"https:\/\/www.mobilier-design-occasion.fr\/magazine\/#website","url":"https:\/\/www.mobilier-design-occasion.fr\/magazine\/","name":"Mobilier Design Magazine","description":"","publisher":{"@id":"https:\/\/www.mobilier-design-occasion.fr\/magazine\/#organization"},"potentialAction":[{"@type":"SearchAction","target":{"@type":"EntryPoint","urlTemplate":"https:\/\/www.mobilier-design-occasion.fr\/magazine\/?s={search_term_string}"},"query-input":{"@type":"PropertyValueSpecification","valueRequired":true,"valueName":"search_term_string"}}],"inLanguage":"fr-FR"},{"@type":"Organization","@id":"https:\/\/www.mobilier-design-occasion.fr\/magazine\/#organization","name":"Mobilier Design Magazine","url":"https:\/\/www.mobilier-design-occasion.fr\/magazine\/","logo":{"@type":"ImageObject","inLanguage":"fr-FR","@id":"https:\/\/www.mobilier-design-occasion.fr\/magazine\/#\/schema\/logo\/image\/","url":"https:\/\/www.mobilier-design-occasion.fr\/magazine\/wp-content\/uploads\/2024\/02\/android-chrome-192x192-1.png","contentUrl":"https:\/\/www.mobilier-design-occasion.fr\/magazine\/wp-content\/uploads\/2024\/02\/android-chrome-192x192-1.png","width":192,"height":192,"caption":"Mobilier Design Magazine"},"image":{"@id":"https:\/\/www.mobilier-design-occasion.fr\/magazine\/#\/schema\/logo\/image\/"},"sameAs":["https:\/\/www.facebook.com\/mobilierdesignoccasion"]},{"@type":"Person","@id":"https:\/\/www.mobilier-design-occasion.fr\/magazine\/#\/schema\/person\/af895bedc80bfb6b17730a672fddac9e","name":"Vincent Vandegans","image":{"@type":"ImageObject","inLanguage":"fr-FR","@id":"https:\/\/secure.gravatar.com\/avatar\/b984800dabdf722d5e3f03f637c8932dea77d81118467d17ad2953e3b273ec66?s=96&d=mm&r=g","url":"https:\/\/secure.gravatar.com\/avatar\/b984800dabdf722d5e3f03f637c8932dea77d81118467d17ad2953e3b273ec66?s=96&d=mm&r=g","contentUrl":"https:\/\/secure.gravatar.com\/avatar\/b984800dabdf722d5e3f03f637c8932dea77d81118467d17ad2953e3b273ec66?s=96&d=mm&r=g","caption":"Vincent Vandegans"},"description":"Vincent est passionn\u00e9 par les produits d'occasion, il a ouvert le site MDO avec Cyrielle pour aider les gens \u00e0 trouver du mobilier d'occasion, vintage ou usag\u00e9. Depuis, ils ont \u00e9tendu leurs activit\u00e9s et conseillent tout le monde sur le mobilier d'int\u00e9rieur et d'ext\u00e9rieur au quotidien \u00e0 travers le magazine MDO.","url":"https:\/\/www.mobilier-design-occasion.fr\/magazine\/author\/vincent\/"}]}},"_links":{"self":[{"href":"https:\/\/www.mobilier-design-occasion.fr\/magazine\/wp-json\/wp\/v2\/posts\/7966","targetHints":{"allow":["GET"]}}],"collection":[{"href":"https:\/\/www.mobilier-design-occasion.fr\/magazine\/wp-json\/wp\/v2\/posts"}],"about":[{"href":"https:\/\/www.mobilier-design-occasion.fr\/magazine\/wp-json\/wp\/v2\/types\/post"}],"author":[{"embeddable":true,"href":"https:\/\/www.mobilier-design-occasion.fr\/magazine\/wp-json\/wp\/v2\/users\/2"}],"replies":[{"embeddable":true,"href":"https:\/\/www.mobilier-design-occasion.fr\/magazine\/wp-json\/wp\/v2\/comments?post=7966"}],"version-history":[{"count":1,"href":"https:\/\/www.mobilier-design-occasion.fr\/magazine\/wp-json\/wp\/v2\/posts\/7966\/revisions"}],"predecessor-version":[{"id":7969,"href":"https:\/\/www.mobilier-design-occasion.fr\/magazine\/wp-json\/wp\/v2\/posts\/7966\/revisions\/7969"}],"wp:featuredmedia":[{"embeddable":true,"href":"https:\/\/www.mobilier-design-occasion.fr\/magazine\/wp-json\/wp\/v2\/media\/7968"}],"wp:attachment":[{"href":"https:\/\/www.mobilier-design-occasion.fr\/magazine\/wp-json\/wp\/v2\/media?parent=7966"}],"wp:term":[{"taxonomy":"category","embeddable":true,"href":"https:\/\/www.mobilier-design-occasion.fr\/magazine\/wp-json\/wp\/v2\/categories?post=7966"},{"taxonomy":"post_tag","embeddable":true,"href":"https:\/\/www.mobilier-design-occasion.fr\/magazine\/wp-json\/wp\/v2\/tags?post=7966"}],"curies":[{"name":"wp","href":"https:\/\/api.w.org\/{rel}","templated":true}]}}