{"id":7959,"date":"2024-12-03T08:52:50","date_gmt":"2024-12-03T08:52:50","guid":{"rendered":"https:\/\/www.mobilier-design-occasion.fr\/magazine\/?p=7959"},"modified":"2024-12-03T08:52:50","modified_gmt":"2024-12-03T08:52:50","slug":"ce-que-je-penses-des-fenetres-en-aluminium","status":"publish","type":"post","link":"https:\/\/www.mobilier-design-occasion.fr\/magazine\/ce-que-je-penses-des-fenetres-en-aluminium\/","title":{"rendered":"Ce que je penses des fen\u00eatres en aluminium"},"content":{"rendered":"\n<p>Lorsqu&#8217;il s&#8217;agit de choisir des fen\u00eatres pour votre maison ou votre entreprise, le mat\u00e9riau joue un r\u00f4le crucial. Parmi les options disponibles sur le march\u00e9, l&#8217;aluminium se distingue de plus en plus. Pourquoi choisir l&#8217;aluminium plut\u00f4t que d&#8217;autres mat\u00e9riaux comme le PVC ou le bois ? Voici une analyse d\u00e9taill\u00e9e pour vous aider \u00e0 comprendre pourquoi une <a href=\"https:\/\/www.artetfenetres.com\/nos-produits\/fenetres\/fenetres-alu.html\">fen\u00eatre en aluminium<\/a> sont un choix judicieux.<\/p>\n\n\n\n<hr class=\"wp-block-separator has-alpha-channel-opacity\"\/>\n\n\n\n<h2 class=\"wp-block-heading\"><span class=\"ez-toc-section\" id=\"Esthetique_et_design\"><\/span><strong>Esth\u00e9tique et design <\/strong><span class=\"ez-toc-section-end\"><\/span><\/h2><div id=\"ez-toc-container\" class=\"ez-toc-v2_0_82_2 counter-hierarchy ez-toc-counter ez-toc-grey ez-toc-container-direction\">\n<div class=\"ez-toc-title-container\">\n<span class=\"ez-toc-title-toggle\"><a href=\"#\" class=\"ez-toc-pull-right ez-toc-btn ez-toc-btn-xs ez-toc-btn-default ez-toc-toggle\" aria-label=\"Toggle Table of Content\"><span class=\"ez-toc-js-icon-con\"><span class=\"\"><span class=\"eztoc-hide\" style=\"display:none;\">Toggle<\/span><span class=\"ez-toc-icon-toggle-span\"><svg style=\"fill: #999;color:#999\" xmlns=\"http:\/\/www.w3.org\/2000\/svg\" class=\"list-377408\" width=\"20px\" height=\"20px\" viewBox=\"0 0 24 24\" fill=\"none\"><path d=\"M6 6H4v2h2V6zm14 0H8v2h12V6zM4 11h2v2H4v-2zm16 0H8v2h12v-2zM4 16h2v2H4v-2zm16 0H8v2h12v-2z\" fill=\"currentColor\"><\/path><\/svg><svg style=\"fill: #999;color:#999\" class=\"arrow-unsorted-368013\" xmlns=\"http:\/\/www.w3.org\/2000\/svg\" width=\"10px\" height=\"10px\" viewBox=\"0 0 24 24\" version=\"1.2\" baseProfile=\"tiny\"><path d=\"M18.2 9.3l-6.2-6.3-6.2 6.3c-.2.2-.3.4-.3.7s.1.5.3.7c.2.2.4.3.7.3h11c.3 0 .5-.1.7-.3.2-.2.3-.5.3-.7s-.1-.5-.3-.7zM5.8 14.7l6.2 6.3 6.2-6.3c.2-.2.3-.5.3-.7s-.1-.5-.3-.7c-.2-.2-.4-.3-.7-.3h-11c-.3 0-.5.1-.7.3-.2.2-.3.5-.3.7s.1.5.3.7z\"\/><\/svg><\/span><\/span><\/span><\/a><\/span><\/div>\n<nav><ul class='ez-toc-list ez-toc-list-level-1 eztoc-toggle-hide-by-default' ><li class='ez-toc-page-1 ez-toc-heading-level-2'><a class=\"ez-toc-link ez-toc-heading-1\" href=\"https:\/\/www.mobilier-design-occasion.fr\/magazine\/ce-que-je-penses-des-fenetres-en-aluminium\/#Esthetique_et_design\" >Esth\u00e9tique et design<\/a><\/li><li class='ez-toc-page-1 ez-toc-heading-level-2'><a class=\"ez-toc-link ez-toc-heading-2\" href=\"https:\/\/www.mobilier-design-occasion.fr\/magazine\/ce-que-je-penses-des-fenetres-en-aluminium\/#Robustesse_et_durabilite\" >Robustesse et durabilit\u00e9<\/a><\/li><li class='ez-toc-page-1 ez-toc-heading-level-2'><a class=\"ez-toc-link ez-toc-heading-3\" href=\"https:\/\/www.mobilier-design-occasion.fr\/magazine\/ce-que-je-penses-des-fenetres-en-aluminium\/#Performance_thermique_et_acoustique\" >Performance thermique et acoustique<\/a><\/li><li class='ez-toc-page-1 ez-toc-heading-level-2'><a class=\"ez-toc-link ez-toc-heading-4\" href=\"https:\/\/www.mobilier-design-occasion.fr\/magazine\/ce-que-je-penses-des-fenetres-en-aluminium\/#Ecologie\" >\u00c9cologie<\/a><\/li><li class='ez-toc-page-1 ez-toc-heading-level-2'><a class=\"ez-toc-link ez-toc-heading-5\" href=\"https:\/\/www.mobilier-design-occasion.fr\/magazine\/ce-que-je-penses-des-fenetres-en-aluminium\/#Comparaison\" >Comparaison<\/a><\/li><li class='ez-toc-page-1 ez-toc-heading-level-2'><a class=\"ez-toc-link ez-toc-heading-6\" href=\"https:\/\/www.mobilier-design-occasion.fr\/magazine\/ce-que-je-penses-des-fenetres-en-aluminium\/#Pourquoi_Choisir_lAluminium\" >Pourquoi Choisir l&#8217;Aluminium ?<\/a><\/li><li class='ez-toc-page-1 ez-toc-heading-level-2'><a class=\"ez-toc-link ez-toc-heading-7\" href=\"https:\/\/www.mobilier-design-occasion.fr\/magazine\/ce-que-je-penses-des-fenetres-en-aluminium\/#Mon_Avis\" >Mon Avis<\/a><ul class='ez-toc-list-level-3' ><li class='ez-toc-heading-level-3'><a class=\"ez-toc-link ez-toc-heading-8\" href=\"https:\/\/www.mobilier-design-occasion.fr\/magazine\/ce-que-je-penses-des-fenetres-en-aluminium\/#Pensez_a_lentretien_des_joints\" >Pensez \u00e0 l\u2019entretien des joints !<\/a><\/li><\/ul><\/li><\/ul><\/nav><\/div>\n\n\n\n\n<p>L&#8217;aluminium est pris\u00e9 pour son aspect contemporain et \u00e9l\u00e9gant. Ses profils fins permettent d&#8217;obtenir des fen\u00eatres au design minimaliste qui laissent entrer un maximum de lumi\u00e8re naturelle.<\/p>\n\n\n\n<ul class=\"wp-block-list\">\n<li><strong>Large choix de couleurs<\/strong> : Gr\u00e2ce aux traitements thermolaqu\u00e9s, les fen\u00eatres en alu sont disponibles dans une gamme infinie de coloris. Vous pouvez m\u00eame opter pour des finitions bicolores, avec une couleur ext\u00e9rieure diff\u00e9rente de l&#8217;int\u00e9rieur.<\/li>\n\n\n\n<li><strong>Adaptabilit\u00e9<\/strong> : Que votre maison soit moderne ou traditionnelle, l&#8217;aluminium s&#8217;adapte \u00e0 tous les styles architecturaux.<\/li>\n<\/ul>\n\n\n\n<figure class=\"wp-block-image size-full\"><img loading=\"lazy\" decoding=\"async\" width=\"201\" height=\"251\" src=\"https:\/\/www.mobilier-design-occasion.fr\/magazine\/wp-content\/uploads\/2024\/12\/image.png\" alt=\"\" class=\"wp-image-7960\"\/><\/figure>\n\n\n\n<hr class=\"wp-block-separator has-alpha-channel-opacity\"\/>\n\n\n\n<h2 class=\"wp-block-heading\"><span class=\"ez-toc-section\" id=\"Robustesse_et_durabilite\"><\/span><strong>Robustesse et durabilit\u00e9<\/strong><span class=\"ez-toc-section-end\"><\/span><\/h2>\n\n\n\n<p>L&#8217;aluminium est un mat\u00e9riau r\u00e9put\u00e9 pour sa solidit\u00e9 et sa r\u00e9sistance. Contrairement au PVC ou au bois :<\/p>\n\n\n\n<ul class=\"wp-block-list\">\n<li>Il ne se d\u00e9forme pas avec le temps, m\u00eame sous l&#8217;effet de variations de temp\u00e9rature.<\/li>\n\n\n\n<li>Il est <strong>imputrescible<\/strong>, ce qui signifie qu&#8217;il ne rouille pas et r\u00e9siste \u00e0 l&#8217;humidit\u00e9.<\/li>\n\n\n\n<li>Il n\u00e9cessite tr\u00e8s peu d\u2019entretien : un simple nettoyage \u00e0 l\u2019eau savonneuse suffit pour conserver son \u00e9clat.<\/li>\n<\/ul>\n\n\n\n<p>En optant pour l\u2019aluminium, vous faites un choix durable. Ses performances restent intactes pendant des d\u00e9cennies, ce qui en fait un investissement rentable \u00e0 long terme.<\/p>\n\n\n\n<p><\/p>\n\n\n\n<figure class=\"wp-block-image size-full\"><img loading=\"lazy\" decoding=\"async\" width=\"259\" height=\"194\" src=\"https:\/\/www.mobilier-design-occasion.fr\/magazine\/wp-content\/uploads\/2024\/12\/image-1.png\" alt=\"\" class=\"wp-image-7961\"\/><\/figure>\n\n\n\n<hr class=\"wp-block-separator has-alpha-channel-opacity\"\/>\n\n\n\n<h2 class=\"wp-block-heading\"><span class=\"ez-toc-section\" id=\"Performance_thermique_et_acoustique\"><\/span><strong>Performance thermique et acoustique <\/strong><span class=\"ez-toc-section-end\"><\/span><\/h2>\n\n\n\n<p>Il est vrai que l&#8217;aluminium avait la r\u00e9putation d&#8217;\u00eatre un mauvais isolant. Cependant, les nouvelles technologies ont chang\u00e9 la donne.<\/p>\n\n\n\n<ul class=\"wp-block-list\">\n<li><strong>Rupture de pont thermique<\/strong> : Les fen\u00eatres en aluminium modernes int\u00e8grent des isolants qui \u00e9liminent les ponts thermiques, garantissant une excellente isolation thermique.<\/li>\n\n\n\n<li><strong>Isolation acoustique<\/strong> : Avec un bon vitrage, les fen\u00eatres en alu offrent une protection sonore optimale, id\u00e9ale pour les zones bruyantes.<\/li>\n<\/ul>\n\n\n\n<p>De plus, ces performances \u00e9nerg\u00e9tiques contribuent \u00e0 r\u00e9duire votre facture de chauffage en hiver et de climatisation en \u00e9t\u00e9.<\/p>\n\n\n\n<p><\/p>\n\n\n\n<figure class=\"wp-block-image size-full\"><img loading=\"lazy\" decoding=\"async\" width=\"686\" height=\"386\" src=\"https:\/\/www.mobilier-design-occasion.fr\/magazine\/wp-content\/uploads\/2024\/12\/image-2.png\" alt=\"\" class=\"wp-image-7962\" srcset=\"https:\/\/www.mobilier-design-occasion.fr\/magazine\/wp-content\/uploads\/2024\/12\/image-2.png 686w, https:\/\/www.mobilier-design-occasion.fr\/magazine\/wp-content\/uploads\/2024\/12\/image-2-300x169.png 300w\" sizes=\"auto, (max-width: 686px) 100vw, 686px\" \/><\/figure>\n\n\n\n<hr class=\"wp-block-separator has-alpha-channel-opacity\"\/>\n\n\n\n<h2 class=\"wp-block-heading\"><span class=\"ez-toc-section\" id=\"Ecologie\"><\/span><strong>\u00c9cologie <\/strong><span class=\"ez-toc-section-end\"><\/span><\/h2>\n\n\n\n<p>L&#8217;aluminium est un mat\u00e9riau recyclable \u00e0 100 %. Une fois en fin de vie, il peut \u00eatre r\u00e9utilis\u00e9 sans perdre ses propri\u00e9t\u00e9s.<br>En choisissant des fen\u00eatres en aluminium, vous adoptez une d\u00e9marche \u00e9coresponsable, contribuant \u00e0 la pr\u00e9servation des ressources naturelles.<\/p>\n\n\n\n<hr class=\"wp-block-separator has-alpha-channel-opacity\"\/>\n\n\n\n<figure class=\"wp-block-image size-full\"><img loading=\"lazy\" decoding=\"async\" width=\"800\" height=\"600\" src=\"https:\/\/www.mobilier-design-occasion.fr\/magazine\/wp-content\/uploads\/2024\/12\/image-4.png\" alt=\"\" class=\"wp-image-7964\" srcset=\"https:\/\/www.mobilier-design-occasion.fr\/magazine\/wp-content\/uploads\/2024\/12\/image-4.png 800w, https:\/\/www.mobilier-design-occasion.fr\/magazine\/wp-content\/uploads\/2024\/12\/image-4-300x225.png 300w, https:\/\/www.mobilier-design-occasion.fr\/magazine\/wp-content\/uploads\/2024\/12\/image-4-768x576.png 768w\" sizes=\"auto, (max-width: 800px) 100vw, 800px\" \/><\/figure>\n\n\n\n<h2 class=\"wp-block-heading\"><span class=\"ez-toc-section\" id=\"Comparaison\"><\/span><strong>Comparaison <\/strong><span class=\"ez-toc-section-end\"><\/span><\/h2>\n\n\n\n<figure class=\"wp-block-table\"><table class=\"has-fixed-layout\"><thead><tr><th><strong>Crit\u00e8re<\/strong>s<\/th><th><strong>Aluminium<\/strong><\/th><th><strong>PVC<\/strong><\/th><th><strong>Bois<\/strong><\/th><\/tr><\/thead><tbody><tr><td><strong>Esth\u00e9tique<\/strong><\/td><td>Contemporain, coloris vari\u00e9s<\/td><td>Moins de choix de finitions<\/td><td>Aspect chaleureux<\/td><\/tr><tr><td><strong>Durabilit\u00e9<\/strong><\/td><td>Tr\u00e8s longue dur\u00e9e de vie<\/td><td>Moins durable \u00e0 long terme<\/td><td>Sensible \u00e0 l&#8217;humidit\u00e9<\/td><\/tr><tr><td><strong>Isolation thermique<\/strong><\/td><td>Tr\u00e8s performante avec les nouveaux mod\u00e8les<\/td><td>Bonne, mais moins adapt\u00e9 aux grandes fen\u00eatres<\/td><td>Excellente mais n\u00e9cessite un entretien<\/td><\/tr><tr><td><strong>Entretien<\/strong><\/td><td>Faible (simple nettoyage)<\/td><td>Faible<\/td><td>Entretien r\u00e9gulier indispensable<\/td><\/tr><tr><td><strong>Prix<\/strong><\/td><td>Moyen \u00e0 \u00e9lev\u00e9<\/td><td>Le plus \u00e9conomique<\/td><td>\u00c9lev\u00e9<\/td><\/tr><\/tbody><\/table><\/figure>\n\n\n\n<hr class=\"wp-block-separator has-alpha-channel-opacity\"\/>\n\n\n\n<h2 class=\"wp-block-heading\"><span class=\"ez-toc-section\" id=\"Pourquoi_Choisir_lAluminium\"><\/span><strong>Pourquoi Choisir l&#8217;Aluminium ?<\/strong><span class=\"ez-toc-section-end\"><\/span><\/h2>\n\n\n\n<ul class=\"wp-block-list\">\n<li><strong>Pour les grandes ouvertures<\/strong> : L&#8217;aluminium est id\u00e9al pour les baies vitr\u00e9es ou les fen\u00eatres de grande dimension gr\u00e2ce \u00e0 sa rigidit\u00e9.<\/li>\n\n\n\n<li><strong>Pour un style moderne et \u00e9pur\u00e9<\/strong> : Il permet de r\u00e9aliser des cadres fins qui maximisent la luminosit\u00e9.<\/li>\n\n\n\n<li><strong>Pour un investissement rentable<\/strong> : M\u00eame si son co\u00fbt initial est plus \u00e9lev\u00e9 que le PVC, sa durabilit\u00e9 et son faible besoin d\u2019entretien compensent largement cet \u00e9cart.<\/li>\n<\/ul>\n\n\n\n<hr class=\"wp-block-separator has-alpha-channel-opacity\"\/>\n\n\n\n<h2 class=\"wp-block-heading\"><span class=\"ez-toc-section\" id=\"Mon_Avis\"><\/span>Mon Avis<span class=\"ez-toc-section-end\"><\/span><\/h2>\n\n\n\n<figure class=\"wp-block-image size-full\"><img loading=\"lazy\" decoding=\"async\" width=\"786\" height=\"560\" src=\"https:\/\/www.mobilier-design-occasion.fr\/magazine\/wp-content\/uploads\/2024\/12\/image-3.png\" alt=\"\" class=\"wp-image-7963\" srcset=\"https:\/\/www.mobilier-design-occasion.fr\/magazine\/wp-content\/uploads\/2024\/12\/image-3.png 786w, https:\/\/www.mobilier-design-occasion.fr\/magazine\/wp-content\/uploads\/2024\/12\/image-3-300x214.png 300w, https:\/\/www.mobilier-design-occasion.fr\/magazine\/wp-content\/uploads\/2024\/12\/image-3-768x547.png 768w\" sizes=\"auto, (max-width: 786px) 100vw, 786px\" \/><\/figure>\n\n\n\n<p>Si vous recherchez des fen\u00eatres esth\u00e9tiques, solides et durables, l\u2019aluminium est un choix \u00e9vident. C&#8217;est un mat\u00e9riau qui combine modernit\u00e9, performance et respect de l&#8217;environnement. Certes, son prix est un peu plus \u00e9lev\u00e9 que celui du PVC, mais c\u2019est un investissement judicieux pour ceux qui souhaitent allier confort, style et efficacit\u00e9 \u00e9nerg\u00e9tique.<\/p>\n\n\n\n<p>Alors, pr\u00eat \u00e0 faire le choix de l\u2019aluminium pour vos prochaines fen\u00eatres ? N\u2019h\u00e9sitez pas \u00e0 demander un devis aupr\u00e8s de professionnels pour comparer les options et trouver la solution la mieux adapt\u00e9e \u00e0 votre projet !<\/p>\n\n\n\n<p><\/p>\n\n\n\n<h3 class=\"wp-block-heading\"><span class=\"ez-toc-section\" id=\"Pensez_a_lentretien_des_joints\"><\/span>Pensez \u00e0 l\u2019entretien des joints !<span class=\"ez-toc-section-end\"><\/span><\/h3>\n\n\n\n<p>M\u00eame si les cadres en aluminium sont quasiment sans entretien, ne n\u00e9gligez pas les joints de vos fen\u00eatres. Nettoyez-les r\u00e9guli\u00e8rement avec un chiffon humide et appliquez un peu de silicone pour les maintenir souples. Cela prolongera leur dur\u00e9e de vie et garantira une isolation optimale sur le long terme. Un petit geste simple, mais efficace !<\/p>\n","protected":false},"excerpt":{"rendered":"<p>Lorsqu&#8217;il s&#8217;agit de choisir des fen\u00eatres pour votre maison ou votre entreprise, le mat\u00e9riau joue un r\u00f4le crucial. Parmi les options disponibles sur le march\u00e9, l&#8217;aluminium se distingue de plus en plus. Pourquoi choisir l&#8217;aluminium plut\u00f4t que d&#8217;autres mat\u00e9riaux comme le PVC ou le bois ? Voici une analyse d\u00e9taill\u00e9e pour vous aider \u00e0 comprendre [&hellip;]<\/p>\n","protected":false},"author":2,"featured_media":7964,"comment_status":"open","ping_status":"open","sticky":false,"template":"","format":"standard","meta":{"footnotes":""},"categories":[8],"tags":[],"class_list":["post-7959","post","type-post","status-publish","format-standard","has-post-thumbnail","hentry","category-avis"],"yoast_head":"<!-- This site is optimized with the Yoast SEO plugin v27.5 - https:\/\/yoast.com\/product\/yoast-seo-wordpress\/ -->\n<title>Ce que je penses des fen\u00eatres en aluminium - Mobilier Design Magazine<\/title>\n<meta name=\"robots\" content=\"index, follow, max-snippet:-1, max-image-preview:large, max-video-preview:-1\" \/>\n<link rel=\"canonical\" href=\"https:\/\/www.mobilier-design-occasion.fr\/magazine\/ce-que-je-penses-des-fenetres-en-aluminium\/\" \/>\n<meta property=\"og:locale\" content=\"fr_FR\" \/>\n<meta property=\"og:type\" content=\"article\" \/>\n<meta property=\"og:title\" content=\"Ce que je penses des fen\u00eatres en aluminium - Mobilier Design Magazine\" \/>\n<meta property=\"og:description\" content=\"Lorsqu&#8217;il s&#8217;agit de choisir des fen\u00eatres pour votre maison ou votre entreprise, le mat\u00e9riau joue un r\u00f4le crucial. Parmi les options disponibles sur le march\u00e9, l&#8217;aluminium se distingue de plus en plus. Pourquoi choisir l&#8217;aluminium plut\u00f4t que d&#8217;autres mat\u00e9riaux comme le PVC ou le bois ? Voici une analyse d\u00e9taill\u00e9e pour vous aider \u00e0 comprendre [&hellip;]\" \/>\n<meta property=\"og:url\" content=\"https:\/\/www.mobilier-design-occasion.fr\/magazine\/ce-que-je-penses-des-fenetres-en-aluminium\/\" \/>\n<meta property=\"og:site_name\" content=\"Mobilier Design Magazine\" \/>\n<meta property=\"article:publisher\" content=\"https:\/\/www.facebook.com\/mobilierdesignoccasion\" \/>\n<meta property=\"article:published_time\" content=\"2024-12-03T08:52:50+00:00\" \/>\n<meta property=\"og:image\" content=\"https:\/\/www.mobilier-design-occasion.fr\/magazine\/wp-content\/uploads\/2024\/12\/image-4.png\" \/>\n\t<meta property=\"og:image:width\" content=\"800\" \/>\n\t<meta property=\"og:image:height\" content=\"600\" \/>\n\t<meta property=\"og:image:type\" content=\"image\/png\" \/>\n<meta name=\"author\" content=\"Vincent Vandegans\" \/>\n<meta name=\"twitter:card\" content=\"summary_large_image\" \/>\n<meta name=\"twitter:label1\" content=\"\u00c9crit par\" \/>\n\t<meta name=\"twitter:data1\" content=\"Vincent Vandegans\" \/>\n\t<meta name=\"twitter:label2\" content=\"Dur\u00e9e de lecture estim\u00e9e\" \/>\n\t<meta name=\"twitter:data2\" content=\"5 minutes\" \/>\n<script type=\"application\/ld+json\" class=\"yoast-schema-graph\">{\"@context\":\"https:\\\/\\\/schema.org\",\"@graph\":[{\"@type\":\"Article\",\"@id\":\"https:\\\/\\\/www.mobilier-design-occasion.fr\\\/magazine\\\/ce-que-je-penses-des-fenetres-en-aluminium\\\/#article\",\"isPartOf\":{\"@id\":\"https:\\\/\\\/www.mobilier-design-occasion.fr\\\/magazine\\\/ce-que-je-penses-des-fenetres-en-aluminium\\\/\"},\"author\":{\"name\":\"Vincent Vandegans\",\"@id\":\"https:\\\/\\\/www.mobilier-design-occasion.fr\\\/magazine\\\/#\\\/schema\\\/person\\\/af895bedc80bfb6b17730a672fddac9e\"},\"headline\":\"Ce que je penses des fen\u00eatres en aluminium\",\"datePublished\":\"2024-12-03T08:52:50+00:00\",\"mainEntityOfPage\":{\"@id\":\"https:\\\/\\\/www.mobilier-design-occasion.fr\\\/magazine\\\/ce-que-je-penses-des-fenetres-en-aluminium\\\/\"},\"wordCount\":739,\"commentCount\":0,\"publisher\":{\"@id\":\"https:\\\/\\\/www.mobilier-design-occasion.fr\\\/magazine\\\/#organization\"},\"image\":{\"@id\":\"https:\\\/\\\/www.mobilier-design-occasion.fr\\\/magazine\\\/ce-que-je-penses-des-fenetres-en-aluminium\\\/#primaryimage\"},\"thumbnailUrl\":\"https:\\\/\\\/www.mobilier-design-occasion.fr\\\/magazine\\\/wp-content\\\/uploads\\\/2024\\\/12\\\/image-4.png\",\"articleSection\":[\"Avis marques d\u00e9co\"],\"inLanguage\":\"fr-FR\",\"potentialAction\":[{\"@type\":\"CommentAction\",\"name\":\"Comment\",\"target\":[\"https:\\\/\\\/www.mobilier-design-occasion.fr\\\/magazine\\\/ce-que-je-penses-des-fenetres-en-aluminium\\\/#respond\"]}]},{\"@type\":\"WebPage\",\"@id\":\"https:\\\/\\\/www.mobilier-design-occasion.fr\\\/magazine\\\/ce-que-je-penses-des-fenetres-en-aluminium\\\/\",\"url\":\"https:\\\/\\\/www.mobilier-design-occasion.fr\\\/magazine\\\/ce-que-je-penses-des-fenetres-en-aluminium\\\/\",\"name\":\"Ce que je penses des fen\u00eatres en aluminium - Mobilier Design Magazine\",\"isPartOf\":{\"@id\":\"https:\\\/\\\/www.mobilier-design-occasion.fr\\\/magazine\\\/#website\"},\"primaryImageOfPage\":{\"@id\":\"https:\\\/\\\/www.mobilier-design-occasion.fr\\\/magazine\\\/ce-que-je-penses-des-fenetres-en-aluminium\\\/#primaryimage\"},\"image\":{\"@id\":\"https:\\\/\\\/www.mobilier-design-occasion.fr\\\/magazine\\\/ce-que-je-penses-des-fenetres-en-aluminium\\\/#primaryimage\"},\"thumbnailUrl\":\"https:\\\/\\\/www.mobilier-design-occasion.fr\\\/magazine\\\/wp-content\\\/uploads\\\/2024\\\/12\\\/image-4.png\",\"datePublished\":\"2024-12-03T08:52:50+00:00\",\"breadcrumb\":{\"@id\":\"https:\\\/\\\/www.mobilier-design-occasion.fr\\\/magazine\\\/ce-que-je-penses-des-fenetres-en-aluminium\\\/#breadcrumb\"},\"inLanguage\":\"fr-FR\",\"potentialAction\":[{\"@type\":\"ReadAction\",\"target\":[\"https:\\\/\\\/www.mobilier-design-occasion.fr\\\/magazine\\\/ce-que-je-penses-des-fenetres-en-aluminium\\\/\"]}]},{\"@type\":\"ImageObject\",\"inLanguage\":\"fr-FR\",\"@id\":\"https:\\\/\\\/www.mobilier-design-occasion.fr\\\/magazine\\\/ce-que-je-penses-des-fenetres-en-aluminium\\\/#primaryimage\",\"url\":\"https:\\\/\\\/www.mobilier-design-occasion.fr\\\/magazine\\\/wp-content\\\/uploads\\\/2024\\\/12\\\/image-4.png\",\"contentUrl\":\"https:\\\/\\\/www.mobilier-design-occasion.fr\\\/magazine\\\/wp-content\\\/uploads\\\/2024\\\/12\\\/image-4.png\",\"width\":800,\"height\":600},{\"@type\":\"BreadcrumbList\",\"@id\":\"https:\\\/\\\/www.mobilier-design-occasion.fr\\\/magazine\\\/ce-que-je-penses-des-fenetres-en-aluminium\\\/#breadcrumb\",\"itemListElement\":[{\"@type\":\"ListItem\",\"position\":1,\"name\":\"Accueil\",\"item\":\"https:\\\/\\\/www.mobilier-design-occasion.fr\\\/magazine\\\/\"},{\"@type\":\"ListItem\",\"position\":2,\"name\":\"Ce que je penses des fen\u00eatres en aluminium\"}]},{\"@type\":\"WebSite\",\"@id\":\"https:\\\/\\\/www.mobilier-design-occasion.fr\\\/magazine\\\/#website\",\"url\":\"https:\\\/\\\/www.mobilier-design-occasion.fr\\\/magazine\\\/\",\"name\":\"Mobilier Design Magazine\",\"description\":\"\",\"publisher\":{\"@id\":\"https:\\\/\\\/www.mobilier-design-occasion.fr\\\/magazine\\\/#organization\"},\"potentialAction\":[{\"@type\":\"SearchAction\",\"target\":{\"@type\":\"EntryPoint\",\"urlTemplate\":\"https:\\\/\\\/www.mobilier-design-occasion.fr\\\/magazine\\\/?s={search_term_string}\"},\"query-input\":{\"@type\":\"PropertyValueSpecification\",\"valueRequired\":true,\"valueName\":\"search_term_string\"}}],\"inLanguage\":\"fr-FR\"},{\"@type\":\"Organization\",\"@id\":\"https:\\\/\\\/www.mobilier-design-occasion.fr\\\/magazine\\\/#organization\",\"name\":\"Mobilier Design Magazine\",\"url\":\"https:\\\/\\\/www.mobilier-design-occasion.fr\\\/magazine\\\/\",\"logo\":{\"@type\":\"ImageObject\",\"inLanguage\":\"fr-FR\",\"@id\":\"https:\\\/\\\/www.mobilier-design-occasion.fr\\\/magazine\\\/#\\\/schema\\\/logo\\\/image\\\/\",\"url\":\"https:\\\/\\\/www.mobilier-design-occasion.fr\\\/magazine\\\/wp-content\\\/uploads\\\/2024\\\/02\\\/android-chrome-192x192-1.png\",\"contentUrl\":\"https:\\\/\\\/www.mobilier-design-occasion.fr\\\/magazine\\\/wp-content\\\/uploads\\\/2024\\\/02\\\/android-chrome-192x192-1.png\",\"width\":192,\"height\":192,\"caption\":\"Mobilier Design Magazine\"},\"image\":{\"@id\":\"https:\\\/\\\/www.mobilier-design-occasion.fr\\\/magazine\\\/#\\\/schema\\\/logo\\\/image\\\/\"},\"sameAs\":[\"https:\\\/\\\/www.facebook.com\\\/mobilierdesignoccasion\"]},{\"@type\":\"Person\",\"@id\":\"https:\\\/\\\/www.mobilier-design-occasion.fr\\\/magazine\\\/#\\\/schema\\\/person\\\/af895bedc80bfb6b17730a672fddac9e\",\"name\":\"Vincent Vandegans\",\"image\":{\"@type\":\"ImageObject\",\"inLanguage\":\"fr-FR\",\"@id\":\"https:\\\/\\\/secure.gravatar.com\\\/avatar\\\/b984800dabdf722d5e3f03f637c8932dea77d81118467d17ad2953e3b273ec66?s=96&d=mm&r=g\",\"url\":\"https:\\\/\\\/secure.gravatar.com\\\/avatar\\\/b984800dabdf722d5e3f03f637c8932dea77d81118467d17ad2953e3b273ec66?s=96&d=mm&r=g\",\"contentUrl\":\"https:\\\/\\\/secure.gravatar.com\\\/avatar\\\/b984800dabdf722d5e3f03f637c8932dea77d81118467d17ad2953e3b273ec66?s=96&d=mm&r=g\",\"caption\":\"Vincent Vandegans\"},\"description\":\"Vincent est passionn\u00e9 par les produits d'occasion, il a ouvert le site MDO avec Cyrielle pour aider les gens \u00e0 trouver du mobilier d'occasion, vintage ou usag\u00e9. Depuis, ils ont \u00e9tendu leurs activit\u00e9s et conseillent tout le monde sur le mobilier d'int\u00e9rieur et d'ext\u00e9rieur au quotidien \u00e0 travers le magazine MDO.\",\"url\":\"https:\\\/\\\/www.mobilier-design-occasion.fr\\\/magazine\\\/author\\\/vincent\\\/\"}]}<\/script>\n<!-- \/ Yoast SEO plugin. -->","yoast_head_json":{"title":"Ce que je penses des fen\u00eatres en aluminium - Mobilier Design Magazine","robots":{"index":"index","follow":"follow","max-snippet":"max-snippet:-1","max-image-preview":"max-image-preview:large","max-video-preview":"max-video-preview:-1"},"canonical":"https:\/\/www.mobilier-design-occasion.fr\/magazine\/ce-que-je-penses-des-fenetres-en-aluminium\/","og_locale":"fr_FR","og_type":"article","og_title":"Ce que je penses des fen\u00eatres en aluminium - Mobilier Design Magazine","og_description":"Lorsqu&#8217;il s&#8217;agit de choisir des fen\u00eatres pour votre maison ou votre entreprise, le mat\u00e9riau joue un r\u00f4le crucial. Parmi les options disponibles sur le march\u00e9, l&#8217;aluminium se distingue de plus en plus. Pourquoi choisir l&#8217;aluminium plut\u00f4t que d&#8217;autres mat\u00e9riaux comme le PVC ou le bois ? Voici une analyse d\u00e9taill\u00e9e pour vous aider \u00e0 comprendre [&hellip;]","og_url":"https:\/\/www.mobilier-design-occasion.fr\/magazine\/ce-que-je-penses-des-fenetres-en-aluminium\/","og_site_name":"Mobilier Design Magazine","article_publisher":"https:\/\/www.facebook.com\/mobilierdesignoccasion","article_published_time":"2024-12-03T08:52:50+00:00","og_image":[{"width":800,"height":600,"url":"https:\/\/www.mobilier-design-occasion.fr\/magazine\/wp-content\/uploads\/2024\/12\/image-4.png","type":"image\/png"}],"author":"Vincent Vandegans","twitter_card":"summary_large_image","twitter_misc":{"\u00c9crit par":"Vincent Vandegans","Dur\u00e9e de lecture estim\u00e9e":"5 minutes"},"schema":{"@context":"https:\/\/schema.org","@graph":[{"@type":"Article","@id":"https:\/\/www.mobilier-design-occasion.fr\/magazine\/ce-que-je-penses-des-fenetres-en-aluminium\/#article","isPartOf":{"@id":"https:\/\/www.mobilier-design-occasion.fr\/magazine\/ce-que-je-penses-des-fenetres-en-aluminium\/"},"author":{"name":"Vincent Vandegans","@id":"https:\/\/www.mobilier-design-occasion.fr\/magazine\/#\/schema\/person\/af895bedc80bfb6b17730a672fddac9e"},"headline":"Ce que je penses des fen\u00eatres en aluminium","datePublished":"2024-12-03T08:52:50+00:00","mainEntityOfPage":{"@id":"https:\/\/www.mobilier-design-occasion.fr\/magazine\/ce-que-je-penses-des-fenetres-en-aluminium\/"},"wordCount":739,"commentCount":0,"publisher":{"@id":"https:\/\/www.mobilier-design-occasion.fr\/magazine\/#organization"},"image":{"@id":"https:\/\/www.mobilier-design-occasion.fr\/magazine\/ce-que-je-penses-des-fenetres-en-aluminium\/#primaryimage"},"thumbnailUrl":"https:\/\/www.mobilier-design-occasion.fr\/magazine\/wp-content\/uploads\/2024\/12\/image-4.png","articleSection":["Avis marques d\u00e9co"],"inLanguage":"fr-FR","potentialAction":[{"@type":"CommentAction","name":"Comment","target":["https:\/\/www.mobilier-design-occasion.fr\/magazine\/ce-que-je-penses-des-fenetres-en-aluminium\/#respond"]}]},{"@type":"WebPage","@id":"https:\/\/www.mobilier-design-occasion.fr\/magazine\/ce-que-je-penses-des-fenetres-en-aluminium\/","url":"https:\/\/www.mobilier-design-occasion.fr\/magazine\/ce-que-je-penses-des-fenetres-en-aluminium\/","name":"Ce que je penses des fen\u00eatres en aluminium - Mobilier Design Magazine","isPartOf":{"@id":"https:\/\/www.mobilier-design-occasion.fr\/magazine\/#website"},"primaryImageOfPage":{"@id":"https:\/\/www.mobilier-design-occasion.fr\/magazine\/ce-que-je-penses-des-fenetres-en-aluminium\/#primaryimage"},"image":{"@id":"https:\/\/www.mobilier-design-occasion.fr\/magazine\/ce-que-je-penses-des-fenetres-en-aluminium\/#primaryimage"},"thumbnailUrl":"https:\/\/www.mobilier-design-occasion.fr\/magazine\/wp-content\/uploads\/2024\/12\/image-4.png","datePublished":"2024-12-03T08:52:50+00:00","breadcrumb":{"@id":"https:\/\/www.mobilier-design-occasion.fr\/magazine\/ce-que-je-penses-des-fenetres-en-aluminium\/#breadcrumb"},"inLanguage":"fr-FR","potentialAction":[{"@type":"ReadAction","target":["https:\/\/www.mobilier-design-occasion.fr\/magazine\/ce-que-je-penses-des-fenetres-en-aluminium\/"]}]},{"@type":"ImageObject","inLanguage":"fr-FR","@id":"https:\/\/www.mobilier-design-occasion.fr\/magazine\/ce-que-je-penses-des-fenetres-en-aluminium\/#primaryimage","url":"https:\/\/www.mobilier-design-occasion.fr\/magazine\/wp-content\/uploads\/2024\/12\/image-4.png","contentUrl":"https:\/\/www.mobilier-design-occasion.fr\/magazine\/wp-content\/uploads\/2024\/12\/image-4.png","width":800,"height":600},{"@type":"BreadcrumbList","@id":"https:\/\/www.mobilier-design-occasion.fr\/magazine\/ce-que-je-penses-des-fenetres-en-aluminium\/#breadcrumb","itemListElement":[{"@type":"ListItem","position":1,"name":"Accueil","item":"https:\/\/www.mobilier-design-occasion.fr\/magazine\/"},{"@type":"ListItem","position":2,"name":"Ce que je penses des fen\u00eatres en aluminium"}]},{"@type":"WebSite","@id":"https:\/\/www.mobilier-design-occasion.fr\/magazine\/#website","url":"https:\/\/www.mobilier-design-occasion.fr\/magazine\/","name":"Mobilier Design Magazine","description":"","publisher":{"@id":"https:\/\/www.mobilier-design-occasion.fr\/magazine\/#organization"},"potentialAction":[{"@type":"SearchAction","target":{"@type":"EntryPoint","urlTemplate":"https:\/\/www.mobilier-design-occasion.fr\/magazine\/?s={search_term_string}"},"query-input":{"@type":"PropertyValueSpecification","valueRequired":true,"valueName":"search_term_string"}}],"inLanguage":"fr-FR"},{"@type":"Organization","@id":"https:\/\/www.mobilier-design-occasion.fr\/magazine\/#organization","name":"Mobilier Design Magazine","url":"https:\/\/www.mobilier-design-occasion.fr\/magazine\/","logo":{"@type":"ImageObject","inLanguage":"fr-FR","@id":"https:\/\/www.mobilier-design-occasion.fr\/magazine\/#\/schema\/logo\/image\/","url":"https:\/\/www.mobilier-design-occasion.fr\/magazine\/wp-content\/uploads\/2024\/02\/android-chrome-192x192-1.png","contentUrl":"https:\/\/www.mobilier-design-occasion.fr\/magazine\/wp-content\/uploads\/2024\/02\/android-chrome-192x192-1.png","width":192,"height":192,"caption":"Mobilier Design Magazine"},"image":{"@id":"https:\/\/www.mobilier-design-occasion.fr\/magazine\/#\/schema\/logo\/image\/"},"sameAs":["https:\/\/www.facebook.com\/mobilierdesignoccasion"]},{"@type":"Person","@id":"https:\/\/www.mobilier-design-occasion.fr\/magazine\/#\/schema\/person\/af895bedc80bfb6b17730a672fddac9e","name":"Vincent Vandegans","image":{"@type":"ImageObject","inLanguage":"fr-FR","@id":"https:\/\/secure.gravatar.com\/avatar\/b984800dabdf722d5e3f03f637c8932dea77d81118467d17ad2953e3b273ec66?s=96&d=mm&r=g","url":"https:\/\/secure.gravatar.com\/avatar\/b984800dabdf722d5e3f03f637c8932dea77d81118467d17ad2953e3b273ec66?s=96&d=mm&r=g","contentUrl":"https:\/\/secure.gravatar.com\/avatar\/b984800dabdf722d5e3f03f637c8932dea77d81118467d17ad2953e3b273ec66?s=96&d=mm&r=g","caption":"Vincent Vandegans"},"description":"Vincent est passionn\u00e9 par les produits d'occasion, il a ouvert le site MDO avec Cyrielle pour aider les gens \u00e0 trouver du mobilier d'occasion, vintage ou usag\u00e9. Depuis, ils ont \u00e9tendu leurs activit\u00e9s et conseillent tout le monde sur le mobilier d'int\u00e9rieur et d'ext\u00e9rieur au quotidien \u00e0 travers le magazine MDO.","url":"https:\/\/www.mobilier-design-occasion.fr\/magazine\/author\/vincent\/"}]}},"_links":{"self":[{"href":"https:\/\/www.mobilier-design-occasion.fr\/magazine\/wp-json\/wp\/v2\/posts\/7959","targetHints":{"allow":["GET"]}}],"collection":[{"href":"https:\/\/www.mobilier-design-occasion.fr\/magazine\/wp-json\/wp\/v2\/posts"}],"about":[{"href":"https:\/\/www.mobilier-design-occasion.fr\/magazine\/wp-json\/wp\/v2\/types\/post"}],"author":[{"embeddable":true,"href":"https:\/\/www.mobilier-design-occasion.fr\/magazine\/wp-json\/wp\/v2\/users\/2"}],"replies":[{"embeddable":true,"href":"https:\/\/www.mobilier-design-occasion.fr\/magazine\/wp-json\/wp\/v2\/comments?post=7959"}],"version-history":[{"count":1,"href":"https:\/\/www.mobilier-design-occasion.fr\/magazine\/wp-json\/wp\/v2\/posts\/7959\/revisions"}],"predecessor-version":[{"id":7965,"href":"https:\/\/www.mobilier-design-occasion.fr\/magazine\/wp-json\/wp\/v2\/posts\/7959\/revisions\/7965"}],"wp:featuredmedia":[{"embeddable":true,"href":"https:\/\/www.mobilier-design-occasion.fr\/magazine\/wp-json\/wp\/v2\/media\/7964"}],"wp:attachment":[{"href":"https:\/\/www.mobilier-design-occasion.fr\/magazine\/wp-json\/wp\/v2\/media?parent=7959"}],"wp:term":[{"taxonomy":"category","embeddable":true,"href":"https:\/\/www.mobilier-design-occasion.fr\/magazine\/wp-json\/wp\/v2\/categories?post=7959"},{"taxonomy":"post_tag","embeddable":true,"href":"https:\/\/www.mobilier-design-occasion.fr\/magazine\/wp-json\/wp\/v2\/tags?post=7959"}],"curies":[{"name":"wp","href":"https:\/\/api.w.org\/{rel}","templated":true}]}}