{"id":7936,"date":"2024-11-14T10:28:31","date_gmt":"2024-11-14T10:28:31","guid":{"rendered":"https:\/\/www.mobilier-design-occasion.fr\/magazine\/?p=7936"},"modified":"2024-11-14T10:28:32","modified_gmt":"2024-11-14T10:28:32","slug":"acheter-un-lit-de-qualite-decouvrez-les-materiaux-a-privilegier","status":"publish","type":"post","link":"https:\/\/www.mobilier-design-occasion.fr\/magazine\/acheter-un-lit-de-qualite-decouvrez-les-materiaux-a-privilegier\/","title":{"rendered":"Acheter un lit de qualit\u00e9\u00a0: d\u00e9couvrez les mat\u00e9riaux \u00e0 privil\u00e9gier"},"content":{"rendered":"\n<p>Dans notre monde o\u00f9 les nuits sont souvent \u00e9court\u00e9es par les pr\u00e9occupations modernes, il devient imp\u00e9ratif de consacrer une attention particuli\u00e8re au choix de son lit. Le mat\u00e9riau, souvent rel\u00e9gu\u00e9 au second plan, joue pourtant un r\u00f4le primordial dans le confort et la durabilit\u00e9 de ce compagnon nocturne. Il ne s\u2019agit pas simplement d\u2019une affaire de go\u00fbt, mais bien d\u2019une qu\u00eate d\u2019excellence pour assurer des nuits paisibles et reposantes. En examinant les diverses options de mat\u00e9riaux, une r\u00e9flexion s\u2019installe&nbsp;: quel choix est le plus judicieux pour allier confort, durabilit\u00e9 et esth\u00e9tisme\u2009?<\/p>\n\n\n\n<h2 class=\"wp-block-heading\">Le bois massif&nbsp;: une noblesse intemporelle<\/h2>\n\n\n\n<p>Parmi les&nbsp;<strong>mat\u00e9riaux<\/strong>&nbsp;qui s\u00e9duisent depuis des si\u00e8cles, le&nbsp;<strong>bois massif<\/strong>&nbsp;occupe une place de choix. Son charme naturel et sa robustesse en font un alli\u00e9 de premier plan pour ceux en qu\u00eate d\u2019un lit \u00e0 la fois \u00e9l\u00e9gant et durable. Loin des tendances \u00e9ph\u00e9m\u00e8res, le bois massif offre une authenticit\u00e9 qui transcende les \u00e9poques. On ne se contente pas ici d\u2019un simple meuble, mais d\u2019une v\u00e9ritable pi\u00e8ce d\u2019artisanat, o\u00f9 chaque veinure raconte une histoire.Cependant, au-del\u00e0 de son&nbsp;<strong>esth\u00e9tique,<\/strong>&nbsp;le bois massif s\u00e9duit par sa capacit\u00e9 \u00e0 r\u00e9sister \u00e0 l\u2019\u00e9preuve du temps. Investir dans des&nbsp;<a href=\"https:\/\/www.decoinparis.com\/chambre\/lits-par-taille\/lits-140x190-cm\" target=\"_blank\" rel=\"noreferrer noopener\">lits 140x190cm confortables<\/a>&nbsp;en ch\u00eane, en noyer ou encore en h\u00eatre, c\u2019est faire le choix d\u2019un sommeil sain. En effet, ce mat\u00e9riau respire, ce qui \u00e9vite ainsi la formation d\u2019humidit\u00e9, si redout\u00e9e pour&nbsp;:<\/p>\n\n\n\n<ul class=\"wp-block-list\">\n<li>la sant\u00e9\u2009;<\/li>\n\n\n\n<li>la\u00a0<strong>long\u00e9vit\u00e9<\/strong>\u00a0du mobilier.<\/li>\n<\/ul>\n\n\n\n<p>Mais alors, n\u2019est-ce pas un paradoxe que ce qui semble immuable au premier regard soit en r\u00e9alit\u00e9 si vivant\u2009? C\u2019est l\u00e0 toute la magie du bois massif&nbsp;: sa&nbsp;<strong>robustesse<\/strong>&nbsp;dissimule une douceur et une chaleur incomparables. Cela transforme chaque nuit en une exp\u00e9rience unique.<\/p>\n\n\n\n<h2 class=\"wp-block-heading\">Le m\u00e9tal&nbsp;: modernit\u00e9 et minimalisme au service de la solidit\u00e9<\/h2>\n\n\n\n<p>Dans un tout autre registre, le&nbsp;<strong>m\u00e9tal<\/strong>&nbsp;s\u2019impose comme le mat\u00e9riau de pr\u00e9dilection pour les amateurs de designs modernes et \u00e9pur\u00e9s. Loin d\u2019\u00eatre froid et impersonnel, le m\u00e9tal rev\u00eat un charme subtil, presque myst\u00e9rieux. Sa robustesse n\u2019est plus \u00e0 d\u00e9montrer, et les amateurs de minimalisme y trouvent un support solide pour des nuits sans failles. Ce mat\u00e9riau, qui peut para\u00eetre aust\u00e8re, se r\u00e9v\u00e8le en r\u00e9alit\u00e9 capable de s\u2019int\u00e9grer harmonieusement dans des chambres \u00e0 la fois contemporaines et intemporelles.<\/p>\n\n\n\n<p>Toutefois, le m\u00e9tal ne s\u00e9duit pas uniquement pour son esth\u00e9tique. Ce&nbsp;<strong>mat\u00e9riau<\/strong>&nbsp;excelle en mati\u00e8re de durabilit\u00e9. Les lits en fer forg\u00e9, par exemple, peuvent traverser les g\u00e9n\u00e9rations sans jamais perdre leur \u00e9clat d\u2019origine. Et n\u2019est-ce pas l\u00e0 un gage de qualit\u00e9\u2009? Cette long\u00e9vit\u00e9, presque insolente, renvoie \u00e0 une certaine id\u00e9e de p\u00e9rennit\u00e9.<br><br>De plus, le m\u00e9tal ne se contente pas de r\u00e9sister au temps\u2009; il est \u00e9galement&nbsp;<strong>facile d\u2019entretien<\/strong>, un atout non n\u00e9gligeable pour ceux qui aspirent \u00e0 une vie sans tracas superflus. Finalement, derri\u00e8re sa rigidit\u00e9 apparente, le m\u00e9tal cache une r\u00e9silience exemplaire, symbole d\u2019un repos solide et durable.<\/p>\n","protected":false},"excerpt":{"rendered":"<p>Dans notre monde o\u00f9 les nuits sont souvent \u00e9court\u00e9es par les pr\u00e9occupations modernes, il devient imp\u00e9ratif de consacrer une attention particuli\u00e8re au choix de son lit. Le mat\u00e9riau, souvent rel\u00e9gu\u00e9 au second plan, joue pourtant un r\u00f4le primordial dans le confort et la durabilit\u00e9 de ce compagnon nocturne. Il ne s\u2019agit pas simplement d\u2019une affaire [&hellip;]<\/p>\n","protected":false},"author":1,"featured_media":7937,"comment_status":"open","ping_status":"open","sticky":false,"template":"","format":"standard","meta":{"footnotes":""},"categories":[120],"tags":[],"class_list":["post-7936","post","type-post","status-publish","format-standard","has-post-thumbnail","hentry","category-chambre"],"yoast_head":"<!-- This site is optimized with the Yoast SEO plugin v27.5 - https:\/\/yoast.com\/product\/yoast-seo-wordpress\/ -->\n<title>Acheter un lit de qualit\u00e9\u00a0: d\u00e9couvrez les mat\u00e9riaux \u00e0 privil\u00e9gier - Mobilier Design Magazine<\/title>\n<meta name=\"robots\" content=\"index, follow, max-snippet:-1, max-image-preview:large, max-video-preview:-1\" \/>\n<link rel=\"canonical\" href=\"https:\/\/www.mobilier-design-occasion.fr\/magazine\/acheter-un-lit-de-qualite-decouvrez-les-materiaux-a-privilegier\/\" \/>\n<meta property=\"og:locale\" content=\"fr_FR\" \/>\n<meta property=\"og:type\" content=\"article\" \/>\n<meta property=\"og:title\" content=\"Acheter un lit de qualit\u00e9\u00a0: d\u00e9couvrez les mat\u00e9riaux \u00e0 privil\u00e9gier - Mobilier Design Magazine\" \/>\n<meta property=\"og:description\" content=\"Dans notre monde o\u00f9 les nuits sont souvent \u00e9court\u00e9es par les pr\u00e9occupations modernes, il devient imp\u00e9ratif de consacrer une attention particuli\u00e8re au choix de son lit. Le mat\u00e9riau, souvent rel\u00e9gu\u00e9 au second plan, joue pourtant un r\u00f4le primordial dans le confort et la durabilit\u00e9 de ce compagnon nocturne. Il ne s\u2019agit pas simplement d\u2019une affaire [&hellip;]\" \/>\n<meta property=\"og:url\" content=\"https:\/\/www.mobilier-design-occasion.fr\/magazine\/acheter-un-lit-de-qualite-decouvrez-les-materiaux-a-privilegier\/\" \/>\n<meta property=\"og:site_name\" content=\"Mobilier Design Magazine\" \/>\n<meta property=\"article:publisher\" content=\"https:\/\/www.facebook.com\/mobilierdesignoccasion\" \/>\n<meta property=\"article:published_time\" content=\"2024-11-14T10:28:31+00:00\" \/>\n<meta property=\"article:modified_time\" content=\"2024-11-14T10:28:32+00:00\" \/>\n<meta property=\"og:image\" content=\"https:\/\/www.mobilier-design-occasion.fr\/magazine\/wp-content\/uploads\/2024\/11\/e5cae76c2e3f32926a04fd8d8ad0ccfa.jpeg\" \/>\n\t<meta property=\"og:image:width\" content=\"854\" \/>\n\t<meta property=\"og:image:height\" content=\"561\" \/>\n\t<meta property=\"og:image:type\" content=\"image\/jpeg\" \/>\n<meta name=\"author\" content=\"Cyrielle Poirot\" \/>\n<meta name=\"twitter:card\" content=\"summary_large_image\" \/>\n<meta name=\"twitter:label1\" content=\"\u00c9crit par\" \/>\n\t<meta name=\"twitter:data1\" content=\"Cyrielle Poirot\" \/>\n\t<meta name=\"twitter:label2\" content=\"Dur\u00e9e de lecture estim\u00e9e\" \/>\n\t<meta name=\"twitter:data2\" content=\"3 minutes\" \/>\n<script type=\"application\/ld+json\" class=\"yoast-schema-graph\">{\"@context\":\"https:\\\/\\\/schema.org\",\"@graph\":[{\"@type\":\"Article\",\"@id\":\"https:\\\/\\\/www.mobilier-design-occasion.fr\\\/magazine\\\/acheter-un-lit-de-qualite-decouvrez-les-materiaux-a-privilegier\\\/#article\",\"isPartOf\":{\"@id\":\"https:\\\/\\\/www.mobilier-design-occasion.fr\\\/magazine\\\/acheter-un-lit-de-qualite-decouvrez-les-materiaux-a-privilegier\\\/\"},\"author\":{\"name\":\"Cyrielle Poirot\",\"@id\":\"https:\\\/\\\/www.mobilier-design-occasion.fr\\\/magazine\\\/#\\\/schema\\\/person\\\/5b2e5627a714ddadaaf8c9b886c55eff\"},\"headline\":\"Acheter un lit de qualit\u00e9\u00a0: d\u00e9couvrez les mat\u00e9riaux \u00e0 privil\u00e9gier\",\"datePublished\":\"2024-11-14T10:28:31+00:00\",\"dateModified\":\"2024-11-14T10:28:32+00:00\",\"mainEntityOfPage\":{\"@id\":\"https:\\\/\\\/www.mobilier-design-occasion.fr\\\/magazine\\\/acheter-un-lit-de-qualite-decouvrez-les-materiaux-a-privilegier\\\/\"},\"wordCount\":577,\"commentCount\":0,\"publisher\":{\"@id\":\"https:\\\/\\\/www.mobilier-design-occasion.fr\\\/magazine\\\/#organization\"},\"image\":{\"@id\":\"https:\\\/\\\/www.mobilier-design-occasion.fr\\\/magazine\\\/acheter-un-lit-de-qualite-decouvrez-les-materiaux-a-privilegier\\\/#primaryimage\"},\"thumbnailUrl\":\"https:\\\/\\\/www.mobilier-design-occasion.fr\\\/magazine\\\/wp-content\\\/uploads\\\/2024\\\/11\\\/e5cae76c2e3f32926a04fd8d8ad0ccfa.jpeg\",\"articleSection\":[\"Chambre\"],\"inLanguage\":\"fr-FR\",\"potentialAction\":[{\"@type\":\"CommentAction\",\"name\":\"Comment\",\"target\":[\"https:\\\/\\\/www.mobilier-design-occasion.fr\\\/magazine\\\/acheter-un-lit-de-qualite-decouvrez-les-materiaux-a-privilegier\\\/#respond\"]}]},{\"@type\":\"WebPage\",\"@id\":\"https:\\\/\\\/www.mobilier-design-occasion.fr\\\/magazine\\\/acheter-un-lit-de-qualite-decouvrez-les-materiaux-a-privilegier\\\/\",\"url\":\"https:\\\/\\\/www.mobilier-design-occasion.fr\\\/magazine\\\/acheter-un-lit-de-qualite-decouvrez-les-materiaux-a-privilegier\\\/\",\"name\":\"Acheter un lit de qualit\u00e9\u00a0: d\u00e9couvrez les mat\u00e9riaux \u00e0 privil\u00e9gier - Mobilier Design Magazine\",\"isPartOf\":{\"@id\":\"https:\\\/\\\/www.mobilier-design-occasion.fr\\\/magazine\\\/#website\"},\"primaryImageOfPage\":{\"@id\":\"https:\\\/\\\/www.mobilier-design-occasion.fr\\\/magazine\\\/acheter-un-lit-de-qualite-decouvrez-les-materiaux-a-privilegier\\\/#primaryimage\"},\"image\":{\"@id\":\"https:\\\/\\\/www.mobilier-design-occasion.fr\\\/magazine\\\/acheter-un-lit-de-qualite-decouvrez-les-materiaux-a-privilegier\\\/#primaryimage\"},\"thumbnailUrl\":\"https:\\\/\\\/www.mobilier-design-occasion.fr\\\/magazine\\\/wp-content\\\/uploads\\\/2024\\\/11\\\/e5cae76c2e3f32926a04fd8d8ad0ccfa.jpeg\",\"datePublished\":\"2024-11-14T10:28:31+00:00\",\"dateModified\":\"2024-11-14T10:28:32+00:00\",\"breadcrumb\":{\"@id\":\"https:\\\/\\\/www.mobilier-design-occasion.fr\\\/magazine\\\/acheter-un-lit-de-qualite-decouvrez-les-materiaux-a-privilegier\\\/#breadcrumb\"},\"inLanguage\":\"fr-FR\",\"potentialAction\":[{\"@type\":\"ReadAction\",\"target\":[\"https:\\\/\\\/www.mobilier-design-occasion.fr\\\/magazine\\\/acheter-un-lit-de-qualite-decouvrez-les-materiaux-a-privilegier\\\/\"]}]},{\"@type\":\"ImageObject\",\"inLanguage\":\"fr-FR\",\"@id\":\"https:\\\/\\\/www.mobilier-design-occasion.fr\\\/magazine\\\/acheter-un-lit-de-qualite-decouvrez-les-materiaux-a-privilegier\\\/#primaryimage\",\"url\":\"https:\\\/\\\/www.mobilier-design-occasion.fr\\\/magazine\\\/wp-content\\\/uploads\\\/2024\\\/11\\\/e5cae76c2e3f32926a04fd8d8ad0ccfa.jpeg\",\"contentUrl\":\"https:\\\/\\\/www.mobilier-design-occasion.fr\\\/magazine\\\/wp-content\\\/uploads\\\/2024\\\/11\\\/e5cae76c2e3f32926a04fd8d8ad0ccfa.jpeg\",\"width\":854,\"height\":561,\"caption\":\"Red Classic Bedroom with elegant bed and nightstand - 3D Rendering\"},{\"@type\":\"BreadcrumbList\",\"@id\":\"https:\\\/\\\/www.mobilier-design-occasion.fr\\\/magazine\\\/acheter-un-lit-de-qualite-decouvrez-les-materiaux-a-privilegier\\\/#breadcrumb\",\"itemListElement\":[{\"@type\":\"ListItem\",\"position\":1,\"name\":\"Accueil\",\"item\":\"https:\\\/\\\/www.mobilier-design-occasion.fr\\\/magazine\\\/\"},{\"@type\":\"ListItem\",\"position\":2,\"name\":\"Acheter un lit de qualit\u00e9\u00a0: d\u00e9couvrez les mat\u00e9riaux \u00e0 privil\u00e9gier\"}]},{\"@type\":\"WebSite\",\"@id\":\"https:\\\/\\\/www.mobilier-design-occasion.fr\\\/magazine\\\/#website\",\"url\":\"https:\\\/\\\/www.mobilier-design-occasion.fr\\\/magazine\\\/\",\"name\":\"Mobilier Design Magazine\",\"description\":\"\",\"publisher\":{\"@id\":\"https:\\\/\\\/www.mobilier-design-occasion.fr\\\/magazine\\\/#organization\"},\"potentialAction\":[{\"@type\":\"SearchAction\",\"target\":{\"@type\":\"EntryPoint\",\"urlTemplate\":\"https:\\\/\\\/www.mobilier-design-occasion.fr\\\/magazine\\\/?s={search_term_string}\"},\"query-input\":{\"@type\":\"PropertyValueSpecification\",\"valueRequired\":true,\"valueName\":\"search_term_string\"}}],\"inLanguage\":\"fr-FR\"},{\"@type\":\"Organization\",\"@id\":\"https:\\\/\\\/www.mobilier-design-occasion.fr\\\/magazine\\\/#organization\",\"name\":\"Mobilier Design Magazine\",\"url\":\"https:\\\/\\\/www.mobilier-design-occasion.fr\\\/magazine\\\/\",\"logo\":{\"@type\":\"ImageObject\",\"inLanguage\":\"fr-FR\",\"@id\":\"https:\\\/\\\/www.mobilier-design-occasion.fr\\\/magazine\\\/#\\\/schema\\\/logo\\\/image\\\/\",\"url\":\"https:\\\/\\\/www.mobilier-design-occasion.fr\\\/magazine\\\/wp-content\\\/uploads\\\/2024\\\/02\\\/android-chrome-192x192-1.png\",\"contentUrl\":\"https:\\\/\\\/www.mobilier-design-occasion.fr\\\/magazine\\\/wp-content\\\/uploads\\\/2024\\\/02\\\/android-chrome-192x192-1.png\",\"width\":192,\"height\":192,\"caption\":\"Mobilier Design Magazine\"},\"image\":{\"@id\":\"https:\\\/\\\/www.mobilier-design-occasion.fr\\\/magazine\\\/#\\\/schema\\\/logo\\\/image\\\/\"},\"sameAs\":[\"https:\\\/\\\/www.facebook.com\\\/mobilierdesignoccasion\"]},{\"@type\":\"Person\",\"@id\":\"https:\\\/\\\/www.mobilier-design-occasion.fr\\\/magazine\\\/#\\\/schema\\\/person\\\/5b2e5627a714ddadaaf8c9b886c55eff\",\"name\":\"Cyrielle Poirot\",\"image\":{\"@type\":\"ImageObject\",\"inLanguage\":\"fr-FR\",\"@id\":\"https:\\\/\\\/secure.gravatar.com\\\/avatar\\\/c8d2674e093b06894d8d1dc468b626bd752523471f3ac6e75f7c7a1400d40b4d?s=96&d=mm&r=g\",\"url\":\"https:\\\/\\\/secure.gravatar.com\\\/avatar\\\/c8d2674e093b06894d8d1dc468b626bd752523471f3ac6e75f7c7a1400d40b4d?s=96&d=mm&r=g\",\"contentUrl\":\"https:\\\/\\\/secure.gravatar.com\\\/avatar\\\/c8d2674e093b06894d8d1dc468b626bd752523471f3ac6e75f7c7a1400d40b4d?s=96&d=mm&r=g\",\"caption\":\"Cyrielle Poirot\"},\"description\":\"Cyrielle est passionn\u00e9e par la d\u00e9coration d'int\u00e9rieur et s'est sp\u00e9cialis\u00e9e depuis quelques ann\u00e9es dans l'\u00e9dition du site Mobilier-Design, avec une touche sp\u00e9cifique pour les produits d'occasion.\",\"sameAs\":[\"https:\\\/\\\/www.mobilier-design-occasion.fr\\\/magazine\"],\"url\":\"https:\\\/\\\/www.mobilier-design-occasion.fr\\\/magazine\\\/author\\\/cyrielle\\\/\"}]}<\/script>\n<!-- \/ Yoast SEO plugin. -->","yoast_head_json":{"title":"Acheter un lit de qualit\u00e9\u00a0: d\u00e9couvrez les mat\u00e9riaux \u00e0 privil\u00e9gier - Mobilier Design Magazine","robots":{"index":"index","follow":"follow","max-snippet":"max-snippet:-1","max-image-preview":"max-image-preview:large","max-video-preview":"max-video-preview:-1"},"canonical":"https:\/\/www.mobilier-design-occasion.fr\/magazine\/acheter-un-lit-de-qualite-decouvrez-les-materiaux-a-privilegier\/","og_locale":"fr_FR","og_type":"article","og_title":"Acheter un lit de qualit\u00e9\u00a0: d\u00e9couvrez les mat\u00e9riaux \u00e0 privil\u00e9gier - Mobilier Design Magazine","og_description":"Dans notre monde o\u00f9 les nuits sont souvent \u00e9court\u00e9es par les pr\u00e9occupations modernes, il devient imp\u00e9ratif de consacrer une attention particuli\u00e8re au choix de son lit. Le mat\u00e9riau, souvent rel\u00e9gu\u00e9 au second plan, joue pourtant un r\u00f4le primordial dans le confort et la durabilit\u00e9 de ce compagnon nocturne. Il ne s\u2019agit pas simplement d\u2019une affaire [&hellip;]","og_url":"https:\/\/www.mobilier-design-occasion.fr\/magazine\/acheter-un-lit-de-qualite-decouvrez-les-materiaux-a-privilegier\/","og_site_name":"Mobilier Design Magazine","article_publisher":"https:\/\/www.facebook.com\/mobilierdesignoccasion","article_published_time":"2024-11-14T10:28:31+00:00","article_modified_time":"2024-11-14T10:28:32+00:00","og_image":[{"width":854,"height":561,"url":"https:\/\/www.mobilier-design-occasion.fr\/magazine\/wp-content\/uploads\/2024\/11\/e5cae76c2e3f32926a04fd8d8ad0ccfa.jpeg","type":"image\/jpeg"}],"author":"Cyrielle Poirot","twitter_card":"summary_large_image","twitter_misc":{"\u00c9crit par":"Cyrielle Poirot","Dur\u00e9e de lecture estim\u00e9e":"3 minutes"},"schema":{"@context":"https:\/\/schema.org","@graph":[{"@type":"Article","@id":"https:\/\/www.mobilier-design-occasion.fr\/magazine\/acheter-un-lit-de-qualite-decouvrez-les-materiaux-a-privilegier\/#article","isPartOf":{"@id":"https:\/\/www.mobilier-design-occasion.fr\/magazine\/acheter-un-lit-de-qualite-decouvrez-les-materiaux-a-privilegier\/"},"author":{"name":"Cyrielle Poirot","@id":"https:\/\/www.mobilier-design-occasion.fr\/magazine\/#\/schema\/person\/5b2e5627a714ddadaaf8c9b886c55eff"},"headline":"Acheter un lit de qualit\u00e9\u00a0: d\u00e9couvrez les mat\u00e9riaux \u00e0 privil\u00e9gier","datePublished":"2024-11-14T10:28:31+00:00","dateModified":"2024-11-14T10:28:32+00:00","mainEntityOfPage":{"@id":"https:\/\/www.mobilier-design-occasion.fr\/magazine\/acheter-un-lit-de-qualite-decouvrez-les-materiaux-a-privilegier\/"},"wordCount":577,"commentCount":0,"publisher":{"@id":"https:\/\/www.mobilier-design-occasion.fr\/magazine\/#organization"},"image":{"@id":"https:\/\/www.mobilier-design-occasion.fr\/magazine\/acheter-un-lit-de-qualite-decouvrez-les-materiaux-a-privilegier\/#primaryimage"},"thumbnailUrl":"https:\/\/www.mobilier-design-occasion.fr\/magazine\/wp-content\/uploads\/2024\/11\/e5cae76c2e3f32926a04fd8d8ad0ccfa.jpeg","articleSection":["Chambre"],"inLanguage":"fr-FR","potentialAction":[{"@type":"CommentAction","name":"Comment","target":["https:\/\/www.mobilier-design-occasion.fr\/magazine\/acheter-un-lit-de-qualite-decouvrez-les-materiaux-a-privilegier\/#respond"]}]},{"@type":"WebPage","@id":"https:\/\/www.mobilier-design-occasion.fr\/magazine\/acheter-un-lit-de-qualite-decouvrez-les-materiaux-a-privilegier\/","url":"https:\/\/www.mobilier-design-occasion.fr\/magazine\/acheter-un-lit-de-qualite-decouvrez-les-materiaux-a-privilegier\/","name":"Acheter un lit de qualit\u00e9\u00a0: d\u00e9couvrez les mat\u00e9riaux \u00e0 privil\u00e9gier - Mobilier Design Magazine","isPartOf":{"@id":"https:\/\/www.mobilier-design-occasion.fr\/magazine\/#website"},"primaryImageOfPage":{"@id":"https:\/\/www.mobilier-design-occasion.fr\/magazine\/acheter-un-lit-de-qualite-decouvrez-les-materiaux-a-privilegier\/#primaryimage"},"image":{"@id":"https:\/\/www.mobilier-design-occasion.fr\/magazine\/acheter-un-lit-de-qualite-decouvrez-les-materiaux-a-privilegier\/#primaryimage"},"thumbnailUrl":"https:\/\/www.mobilier-design-occasion.fr\/magazine\/wp-content\/uploads\/2024\/11\/e5cae76c2e3f32926a04fd8d8ad0ccfa.jpeg","datePublished":"2024-11-14T10:28:31+00:00","dateModified":"2024-11-14T10:28:32+00:00","breadcrumb":{"@id":"https:\/\/www.mobilier-design-occasion.fr\/magazine\/acheter-un-lit-de-qualite-decouvrez-les-materiaux-a-privilegier\/#breadcrumb"},"inLanguage":"fr-FR","potentialAction":[{"@type":"ReadAction","target":["https:\/\/www.mobilier-design-occasion.fr\/magazine\/acheter-un-lit-de-qualite-decouvrez-les-materiaux-a-privilegier\/"]}]},{"@type":"ImageObject","inLanguage":"fr-FR","@id":"https:\/\/www.mobilier-design-occasion.fr\/magazine\/acheter-un-lit-de-qualite-decouvrez-les-materiaux-a-privilegier\/#primaryimage","url":"https:\/\/www.mobilier-design-occasion.fr\/magazine\/wp-content\/uploads\/2024\/11\/e5cae76c2e3f32926a04fd8d8ad0ccfa.jpeg","contentUrl":"https:\/\/www.mobilier-design-occasion.fr\/magazine\/wp-content\/uploads\/2024\/11\/e5cae76c2e3f32926a04fd8d8ad0ccfa.jpeg","width":854,"height":561,"caption":"Red Classic Bedroom with elegant bed and nightstand - 3D Rendering"},{"@type":"BreadcrumbList","@id":"https:\/\/www.mobilier-design-occasion.fr\/magazine\/acheter-un-lit-de-qualite-decouvrez-les-materiaux-a-privilegier\/#breadcrumb","itemListElement":[{"@type":"ListItem","position":1,"name":"Accueil","item":"https:\/\/www.mobilier-design-occasion.fr\/magazine\/"},{"@type":"ListItem","position":2,"name":"Acheter un lit de qualit\u00e9\u00a0: d\u00e9couvrez les mat\u00e9riaux \u00e0 privil\u00e9gier"}]},{"@type":"WebSite","@id":"https:\/\/www.mobilier-design-occasion.fr\/magazine\/#website","url":"https:\/\/www.mobilier-design-occasion.fr\/magazine\/","name":"Mobilier Design Magazine","description":"","publisher":{"@id":"https:\/\/www.mobilier-design-occasion.fr\/magazine\/#organization"},"potentialAction":[{"@type":"SearchAction","target":{"@type":"EntryPoint","urlTemplate":"https:\/\/www.mobilier-design-occasion.fr\/magazine\/?s={search_term_string}"},"query-input":{"@type":"PropertyValueSpecification","valueRequired":true,"valueName":"search_term_string"}}],"inLanguage":"fr-FR"},{"@type":"Organization","@id":"https:\/\/www.mobilier-design-occasion.fr\/magazine\/#organization","name":"Mobilier Design Magazine","url":"https:\/\/www.mobilier-design-occasion.fr\/magazine\/","logo":{"@type":"ImageObject","inLanguage":"fr-FR","@id":"https:\/\/www.mobilier-design-occasion.fr\/magazine\/#\/schema\/logo\/image\/","url":"https:\/\/www.mobilier-design-occasion.fr\/magazine\/wp-content\/uploads\/2024\/02\/android-chrome-192x192-1.png","contentUrl":"https:\/\/www.mobilier-design-occasion.fr\/magazine\/wp-content\/uploads\/2024\/02\/android-chrome-192x192-1.png","width":192,"height":192,"caption":"Mobilier Design Magazine"},"image":{"@id":"https:\/\/www.mobilier-design-occasion.fr\/magazine\/#\/schema\/logo\/image\/"},"sameAs":["https:\/\/www.facebook.com\/mobilierdesignoccasion"]},{"@type":"Person","@id":"https:\/\/www.mobilier-design-occasion.fr\/magazine\/#\/schema\/person\/5b2e5627a714ddadaaf8c9b886c55eff","name":"Cyrielle Poirot","image":{"@type":"ImageObject","inLanguage":"fr-FR","@id":"https:\/\/secure.gravatar.com\/avatar\/c8d2674e093b06894d8d1dc468b626bd752523471f3ac6e75f7c7a1400d40b4d?s=96&d=mm&r=g","url":"https:\/\/secure.gravatar.com\/avatar\/c8d2674e093b06894d8d1dc468b626bd752523471f3ac6e75f7c7a1400d40b4d?s=96&d=mm&r=g","contentUrl":"https:\/\/secure.gravatar.com\/avatar\/c8d2674e093b06894d8d1dc468b626bd752523471f3ac6e75f7c7a1400d40b4d?s=96&d=mm&r=g","caption":"Cyrielle Poirot"},"description":"Cyrielle est passionn\u00e9e par la d\u00e9coration d'int\u00e9rieur et s'est sp\u00e9cialis\u00e9e depuis quelques ann\u00e9es dans l'\u00e9dition du site Mobilier-Design, avec une touche sp\u00e9cifique pour les produits d'occasion.","sameAs":["https:\/\/www.mobilier-design-occasion.fr\/magazine"],"url":"https:\/\/www.mobilier-design-occasion.fr\/magazine\/author\/cyrielle\/"}]}},"_links":{"self":[{"href":"https:\/\/www.mobilier-design-occasion.fr\/magazine\/wp-json\/wp\/v2\/posts\/7936","targetHints":{"allow":["GET"]}}],"collection":[{"href":"https:\/\/www.mobilier-design-occasion.fr\/magazine\/wp-json\/wp\/v2\/posts"}],"about":[{"href":"https:\/\/www.mobilier-design-occasion.fr\/magazine\/wp-json\/wp\/v2\/types\/post"}],"author":[{"embeddable":true,"href":"https:\/\/www.mobilier-design-occasion.fr\/magazine\/wp-json\/wp\/v2\/users\/1"}],"replies":[{"embeddable":true,"href":"https:\/\/www.mobilier-design-occasion.fr\/magazine\/wp-json\/wp\/v2\/comments?post=7936"}],"version-history":[{"count":1,"href":"https:\/\/www.mobilier-design-occasion.fr\/magazine\/wp-json\/wp\/v2\/posts\/7936\/revisions"}],"predecessor-version":[{"id":7938,"href":"https:\/\/www.mobilier-design-occasion.fr\/magazine\/wp-json\/wp\/v2\/posts\/7936\/revisions\/7938"}],"wp:featuredmedia":[{"embeddable":true,"href":"https:\/\/www.mobilier-design-occasion.fr\/magazine\/wp-json\/wp\/v2\/media\/7937"}],"wp:attachment":[{"href":"https:\/\/www.mobilier-design-occasion.fr\/magazine\/wp-json\/wp\/v2\/media?parent=7936"}],"wp:term":[{"taxonomy":"category","embeddable":true,"href":"https:\/\/www.mobilier-design-occasion.fr\/magazine\/wp-json\/wp\/v2\/categories?post=7936"},{"taxonomy":"post_tag","embeddable":true,"href":"https:\/\/www.mobilier-design-occasion.fr\/magazine\/wp-json\/wp\/v2\/tags?post=7936"}],"curies":[{"name":"wp","href":"https:\/\/api.w.org\/{rel}","templated":true}]}}