{"id":7930,"date":"2024-10-14T07:04:54","date_gmt":"2024-10-14T07:04:54","guid":{"rendered":"https:\/\/www.mobilier-design-occasion.fr\/magazine\/?p=7930"},"modified":"2024-10-14T07:04:55","modified_gmt":"2024-10-14T07:04:55","slug":"les-materiaux-naturels-dans-la-fabrication-de-meubles-tendances-et-bienfaits","status":"publish","type":"post","link":"https:\/\/www.mobilier-design-occasion.fr\/magazine\/les-materiaux-naturels-dans-la-fabrication-de-meubles-tendances-et-bienfaits\/","title":{"rendered":"Les mat\u00e9riaux naturels dans la fabrication de meubles : tendances et bienfaits"},"content":{"rendered":"\n<p>Dans le domaine de la d\u00e9coration d\u2019int\u00e9rieur, le choix des mat\u00e9riaux est essentiel pour cr\u00e9er un environnement \u00e0 la fois esth\u00e9tique et durable. Ces derni\u00e8res ann\u00e9es, les mat\u00e9riaux naturels ont conquis le monde du mobilier design, alliant esth\u00e9tique, bien-\u00eatre, et respect de l&#8217;environnement. Chez les experts en mobilier artisanal, l\u2019accent est mis sur la beaut\u00e9 de l\u2019artisanat, avec des pi\u00e8ces qui s\u2019inspirent de la nature et de l\u2019\u00e9l\u00e9gance intemporelle des mat\u00e9riaux bruts. Notamment Amadeco qui r\u00e9alise de <a href=\"https:\/\/www.amadeco.fr\">magnifiques meubles artisanaux<\/a>. D\u00e9couvrons ensemble les tendances actuelles des mat\u00e9riaux naturels dans la fabrication de meubles et les nombreux bienfaits qu&#8217;ils apportent \u00e0 nos int\u00e9rieurs.<\/p>\n\n\n\n<h3 class=\"wp-block-heading\"><span class=\"ez-toc-section\" id=\"Les_materiaux_naturels_un_retour_aux_sources\"><\/span>Les mat\u00e9riaux naturels, un retour aux sources<span class=\"ez-toc-section-end\"><\/span><\/h3><div id=\"ez-toc-container\" class=\"ez-toc-v2_0_82_2 counter-hierarchy ez-toc-counter ez-toc-grey ez-toc-container-direction\">\n<div class=\"ez-toc-title-container\">\n<span class=\"ez-toc-title-toggle\"><a href=\"#\" class=\"ez-toc-pull-right ez-toc-btn ez-toc-btn-xs ez-toc-btn-default ez-toc-toggle\" aria-label=\"Toggle Table of Content\"><span class=\"ez-toc-js-icon-con\"><span class=\"\"><span class=\"eztoc-hide\" style=\"display:none;\">Toggle<\/span><span class=\"ez-toc-icon-toggle-span\"><svg style=\"fill: #999;color:#999\" xmlns=\"http:\/\/www.w3.org\/2000\/svg\" class=\"list-377408\" width=\"20px\" height=\"20px\" viewBox=\"0 0 24 24\" fill=\"none\"><path d=\"M6 6H4v2h2V6zm14 0H8v2h12V6zM4 11h2v2H4v-2zm16 0H8v2h12v-2zM4 16h2v2H4v-2zm16 0H8v2h12v-2z\" fill=\"currentColor\"><\/path><\/svg><svg style=\"fill: #999;color:#999\" class=\"arrow-unsorted-368013\" xmlns=\"http:\/\/www.w3.org\/2000\/svg\" width=\"10px\" height=\"10px\" viewBox=\"0 0 24 24\" version=\"1.2\" baseProfile=\"tiny\"><path d=\"M18.2 9.3l-6.2-6.3-6.2 6.3c-.2.2-.3.4-.3.7s.1.5.3.7c.2.2.4.3.7.3h11c.3 0 .5-.1.7-.3.2-.2.3-.5.3-.7s-.1-.5-.3-.7zM5.8 14.7l6.2 6.3 6.2-6.3c.2-.2.3-.5.3-.7s-.1-.5-.3-.7c-.2-.2-.4-.3-.7-.3h-11c-.3 0-.5.1-.7.3-.2.2-.3.5-.3.7s.1.5.3.7z\"\/><\/svg><\/span><\/span><\/span><\/a><\/span><\/div>\n<nav><ul class='ez-toc-list ez-toc-list-level-1 eztoc-toggle-hide-by-default' ><li class='ez-toc-page-1 ez-toc-heading-level-3'><a class=\"ez-toc-link ez-toc-heading-1\" href=\"https:\/\/www.mobilier-design-occasion.fr\/magazine\/les-materiaux-naturels-dans-la-fabrication-de-meubles-tendances-et-bienfaits\/#Les_materiaux_naturels_un_retour_aux_sources\" >Les mat\u00e9riaux naturels, un retour aux sources<\/a><\/li><li class='ez-toc-page-1 ez-toc-heading-level-3'><a class=\"ez-toc-link ez-toc-heading-2\" href=\"https:\/\/www.mobilier-design-occasion.fr\/magazine\/les-materiaux-naturels-dans-la-fabrication-de-meubles-tendances-et-bienfaits\/#Les_bienfaits_des_materiaux_naturels_dans_nos_interieurs\" >Les bienfaits des mat\u00e9riaux naturels dans nos int\u00e9rieurs<\/a><\/li><li class='ez-toc-page-1 ez-toc-heading-level-3'><a class=\"ez-toc-link ez-toc-heading-3\" href=\"https:\/\/www.mobilier-design-occasion.fr\/magazine\/les-materiaux-naturels-dans-la-fabrication-de-meubles-tendances-et-bienfaits\/#Amadeco_lartisanat_au_service_du_design\" >Amadeco : l\u2019artisanat au service du design<\/a><\/li><\/ul><\/nav><\/div>\n\n\n\n\n<p>L\u2019engouement pour les mat\u00e9riaux naturels est une r\u00e9ponse \u00e0 une recherche croissante d\u2019authenticit\u00e9 et de durabilit\u00e9. \u00c0 une \u00e9poque o\u00f9 l\u2019industrialisation domine, les meubles fabriqu\u00e9s \u00e0 la main \u00e0 partir de bois massif, de pierre, de lin ou de rotin, apportent une touche de chaleur et d\u2019unicit\u00e9 aux espaces de vie.<\/p>\n\n\n\n<p>Parmi les tendances phares, le <strong>live edge<\/strong> se distingue. Ce style, qui conserve les courbes naturelles du bois, c\u00e9l\u00e8bre l&#8217;imperfection et l\u2019authenticit\u00e9. Chaque pi\u00e8ce devient ainsi unique, avec ses propres veines et asp\u00e9rit\u00e9s qui racontent une histoire. Ce design organique, typique des cr\u00e9ations d&#8217;Amadeco, s\u2019int\u00e8gre parfaitement dans les int\u00e9rieurs contemporains \u00e0 la recherche de personnalit\u00e9 et de caract\u00e8re.<\/p>\n\n\n\n<p>Autre tendance majeure : le <strong>style japandi<\/strong>, qui marie l\u2019esth\u00e9tique minimaliste japonaise et le confort scandinave. Ce style favorise l\u2019utilisation de mat\u00e9riaux comme le bois clair, le bambou ou le lin, cr\u00e9ant une atmosph\u00e8re \u00e0 la fois apaisante et fonctionnelle. Chez Amadeco, cette tendance inspire de nombreuses cr\u00e9ations, avec une approche ax\u00e9e sur l\u2019\u00e9pure et le bien-\u00eatre.<\/p>\n\n\n\n<figure class=\"wp-block-image size-large\"><img loading=\"lazy\" decoding=\"async\" width=\"1024\" height=\"315\" src=\"https:\/\/www.mobilier-design-occasion.fr\/magazine\/wp-content\/uploads\/2024\/10\/image-7-1024x315.png\" alt=\"\" class=\"wp-image-7932\" srcset=\"https:\/\/www.mobilier-design-occasion.fr\/magazine\/wp-content\/uploads\/2024\/10\/image-7-1024x315.png 1024w, https:\/\/www.mobilier-design-occasion.fr\/magazine\/wp-content\/uploads\/2024\/10\/image-7-300x92.png 300w, https:\/\/www.mobilier-design-occasion.fr\/magazine\/wp-content\/uploads\/2024\/10\/image-7-768x236.png 768w, https:\/\/www.mobilier-design-occasion.fr\/magazine\/wp-content\/uploads\/2024\/10\/image-7-1536x473.png 1536w, https:\/\/www.mobilier-design-occasion.fr\/magazine\/wp-content\/uploads\/2024\/10\/image-7.png 2048w, https:\/\/www.mobilier-design-occasion.fr\/magazine\/wp-content\/uploads\/2024\/10\/image-7-810x249.png 810w, https:\/\/www.mobilier-design-occasion.fr\/magazine\/wp-content\/uploads\/2024\/10\/image-7-1140x351.png 1140w\" sizes=\"auto, (max-width: 1024px) 100vw, 1024px\" \/><\/figure>\n\n\n\n<h3 class=\"wp-block-heading\"><span class=\"ez-toc-section\" id=\"Les_bienfaits_des_materiaux_naturels_dans_nos_interieurs\"><\/span>Les bienfaits des mat\u00e9riaux naturels dans nos int\u00e9rieurs<span class=\"ez-toc-section-end\"><\/span><\/h3>\n\n\n\n<p>Au-del\u00e0 de leur beaut\u00e9 ind\u00e9niable, les mat\u00e9riaux naturels offrent de nombreux avantages pour le bien-\u00eatre et l\u2019environnement. Voici quelques-uns des principaux atouts .<\/p>\n\n\n\n<ol class=\"wp-block-list\">\n<li><strong>Respect de l\u2019environnement<\/strong> : Les mat\u00e9riaux naturels, comme le bois massif, sont souvent issus de ressources renouvelables et ont un faible impact sur l\u2019environnement lorsqu&#8217;ils sont r\u00e9colt\u00e9s de mani\u00e8re responsable. En optant pour des meubles fabriqu\u00e9s artisanalement, on privil\u00e9gie \u00e9galement des processus de production plus respectueux, avec moins de d\u00e9chets et d\u2019\u00e9missions polluantes.<\/li>\n\n\n\n<li><strong>Durabilit\u00e9 et long\u00e9vit\u00e9<\/strong> : Les meubles en bois massif, par exemple, sont r\u00e9put\u00e9s pour leur robustesse. Ils r\u00e9sistent au temps et peuvent \u00eatre transmis de g\u00e9n\u00e9ration en g\u00e9n\u00e9ration. Contrairement aux mat\u00e9riaux synth\u00e9tiques, les meubles en mat\u00e9riaux naturels se patinent avec le temps, ajoutant \u00e0 leur charme et \u00e0 leur histoire.<\/li>\n\n\n\n<li><strong>Impact positif sur le bien-\u00eatre<\/strong> : Les mat\u00e9riaux naturels, comme le bois, apportent une sensation de chaleur et de r\u00e9confort \u00e0 l\u2019int\u00e9rieur. Ils sont aussi souvent associ\u00e9s \u00e0 des propri\u00e9t\u00e9s hypoallerg\u00e9niques et antistatiques, contribuant ainsi \u00e0 am\u00e9liorer la qualit\u00e9 de l\u2019air int\u00e9rieur. De plus, leur texture et leurs couleurs naturelles cr\u00e9ent une atmosph\u00e8re sereine et apaisante, propice \u00e0 la relaxation.<\/li>\n\n\n\n<li><strong>Polyvalence esth\u00e9tique<\/strong> : Que ce soit dans un int\u00e9rieur moderne, rustique ou minimaliste, les mat\u00e9riaux naturels s\u2019adaptent \u00e0 tous les styles. Leur caract\u00e8re intemporel permet de cr\u00e9er des ambiances \u00e0 la fois contemporaines et chaleureuses.<\/li>\n<\/ol>\n\n\n\n<figure class=\"wp-block-image size-large\"><img loading=\"lazy\" decoding=\"async\" width=\"1024\" height=\"385\" src=\"https:\/\/www.mobilier-design-occasion.fr\/magazine\/wp-content\/uploads\/2024\/10\/image-8-1024x385.png\" alt=\"\" class=\"wp-image-7933\" srcset=\"https:\/\/www.mobilier-design-occasion.fr\/magazine\/wp-content\/uploads\/2024\/10\/image-8-1024x385.png 1024w, https:\/\/www.mobilier-design-occasion.fr\/magazine\/wp-content\/uploads\/2024\/10\/image-8-300x113.png 300w, https:\/\/www.mobilier-design-occasion.fr\/magazine\/wp-content\/uploads\/2024\/10\/image-8-768x289.png 768w, https:\/\/www.mobilier-design-occasion.fr\/magazine\/wp-content\/uploads\/2024\/10\/image-8-1536x578.png 1536w, https:\/\/www.mobilier-design-occasion.fr\/magazine\/wp-content\/uploads\/2024\/10\/image-8.png 2048w, https:\/\/www.mobilier-design-occasion.fr\/magazine\/wp-content\/uploads\/2024\/10\/image-8-810x305.png 810w, https:\/\/www.mobilier-design-occasion.fr\/magazine\/wp-content\/uploads\/2024\/10\/image-8-1140x429.png 1140w\" sizes=\"auto, (max-width: 1024px) 100vw, 1024px\" \/><\/figure>\n\n\n\n<h3 class=\"wp-block-heading\"><span class=\"ez-toc-section\" id=\"Amadeco_lartisanat_au_service_du_design\"><\/span>Amadeco : l\u2019artisanat au service du design<span class=\"ez-toc-section-end\"><\/span><\/h3>\n\n\n\n<p>Chez Amadeco, l\u2019artisanat est au c\u0153ur de chaque cr\u00e9ation. L\u2019expertise de ses artisans permet de sublimer les mat\u00e9riaux naturels et d\u2019en r\u00e9v\u00e9ler toute la beaut\u00e9. Chaque meuble est le fruit d\u2019un savoir-faire unique, avec une attention particuli\u00e8re port\u00e9e aux d\u00e9tails. Que ce soit \u00e0 travers des tables en bois live edge, des meubles aux lignes organiques ou des cr\u00e9ations s\u2019inspirant du style japandi, Amadeco transforme des mat\u00e9riaux bruts en \u0153uvres d\u2019art fonctionnelles, qui trouvent leur place dans les int\u00e9rieurs les plus exigeants.<\/p>\n\n\n\n<p><br>Les mat\u00e9riaux naturels, en plus d\u2019\u00eatre \u00e9cologiques, apportent une dimension unique et chaleureuse \u00e0 nos int\u00e9rieurs. En optant pour du mobilier artisanal comme celui propos\u00e9 par Amadeco, non seulement vous investissez dans des pi\u00e8ces durables et respectueuses de l\u2019environnement, mais vous faites \u00e9galement entrer la nature dans votre foyer, pour un cadre de vie harmonieux et ressour\u00e7ant.<\/p>\n","protected":false},"excerpt":{"rendered":"<p>Dans le domaine de la d\u00e9coration d\u2019int\u00e9rieur, le choix des mat\u00e9riaux est essentiel pour cr\u00e9er un environnement \u00e0 la fois esth\u00e9tique et durable. Ces derni\u00e8res ann\u00e9es, les mat\u00e9riaux naturels ont conquis le monde du mobilier design, alliant esth\u00e9tique, bien-\u00eatre, et respect de l&#8217;environnement. Chez les experts en mobilier artisanal, l\u2019accent est mis sur la beaut\u00e9 [&hellip;]<\/p>\n","protected":false},"author":2,"featured_media":7931,"comment_status":"open","ping_status":"open","sticky":false,"template":"","format":"standard","meta":{"footnotes":""},"categories":[8],"tags":[],"class_list":["post-7930","post","type-post","status-publish","format-standard","has-post-thumbnail","hentry","category-avis"],"yoast_head":"<!-- This site is optimized with the Yoast SEO plugin v27.5 - https:\/\/yoast.com\/product\/yoast-seo-wordpress\/ -->\n<title>Les mat\u00e9riaux naturels dans la fabrication de meubles : tendances et bienfaits - Mobilier Design Magazine<\/title>\n<meta name=\"robots\" content=\"index, follow, max-snippet:-1, max-image-preview:large, max-video-preview:-1\" \/>\n<link rel=\"canonical\" href=\"https:\/\/www.mobilier-design-occasion.fr\/magazine\/les-materiaux-naturels-dans-la-fabrication-de-meubles-tendances-et-bienfaits\/\" \/>\n<meta property=\"og:locale\" content=\"fr_FR\" \/>\n<meta property=\"og:type\" content=\"article\" \/>\n<meta property=\"og:title\" content=\"Les mat\u00e9riaux naturels dans la fabrication de meubles : tendances et bienfaits - Mobilier Design Magazine\" \/>\n<meta property=\"og:description\" content=\"Dans le domaine de la d\u00e9coration d\u2019int\u00e9rieur, le choix des mat\u00e9riaux est essentiel pour cr\u00e9er un environnement \u00e0 la fois esth\u00e9tique et durable. Ces derni\u00e8res ann\u00e9es, les mat\u00e9riaux naturels ont conquis le monde du mobilier design, alliant esth\u00e9tique, bien-\u00eatre, et respect de l&#8217;environnement. Chez les experts en mobilier artisanal, l\u2019accent est mis sur la beaut\u00e9 [&hellip;]\" \/>\n<meta property=\"og:url\" content=\"https:\/\/www.mobilier-design-occasion.fr\/magazine\/les-materiaux-naturels-dans-la-fabrication-de-meubles-tendances-et-bienfaits\/\" \/>\n<meta property=\"og:site_name\" content=\"Mobilier Design Magazine\" \/>\n<meta property=\"article:publisher\" content=\"https:\/\/www.facebook.com\/mobilierdesignoccasion\" \/>\n<meta property=\"article:published_time\" content=\"2024-10-14T07:04:54+00:00\" \/>\n<meta property=\"article:modified_time\" content=\"2024-10-14T07:04:55+00:00\" \/>\n<meta property=\"og:image\" content=\"https:\/\/www.mobilier-design-occasion.fr\/magazine\/wp-content\/uploads\/2024\/10\/image-6.png\" \/>\n\t<meta property=\"og:image:width\" content=\"1886\" \/>\n\t<meta property=\"og:image:height\" content=\"1132\" \/>\n\t<meta property=\"og:image:type\" content=\"image\/png\" \/>\n<meta name=\"author\" content=\"Vincent Vandegans\" \/>\n<meta name=\"twitter:card\" content=\"summary_large_image\" \/>\n<meta name=\"twitter:label1\" content=\"\u00c9crit par\" \/>\n\t<meta name=\"twitter:data1\" content=\"Vincent Vandegans\" \/>\n\t<meta name=\"twitter:label2\" content=\"Dur\u00e9e de lecture estim\u00e9e\" \/>\n\t<meta name=\"twitter:data2\" content=\"5 minutes\" \/>\n<script type=\"application\/ld+json\" class=\"yoast-schema-graph\">{\"@context\":\"https:\\\/\\\/schema.org\",\"@graph\":[{\"@type\":\"Article\",\"@id\":\"https:\\\/\\\/www.mobilier-design-occasion.fr\\\/magazine\\\/les-materiaux-naturels-dans-la-fabrication-de-meubles-tendances-et-bienfaits\\\/#article\",\"isPartOf\":{\"@id\":\"https:\\\/\\\/www.mobilier-design-occasion.fr\\\/magazine\\\/les-materiaux-naturels-dans-la-fabrication-de-meubles-tendances-et-bienfaits\\\/\"},\"author\":{\"name\":\"Vincent Vandegans\",\"@id\":\"https:\\\/\\\/www.mobilier-design-occasion.fr\\\/magazine\\\/#\\\/schema\\\/person\\\/af895bedc80bfb6b17730a672fddac9e\"},\"headline\":\"Les mat\u00e9riaux naturels dans la fabrication de meubles : tendances et bienfaits\",\"datePublished\":\"2024-10-14T07:04:54+00:00\",\"dateModified\":\"2024-10-14T07:04:55+00:00\",\"mainEntityOfPage\":{\"@id\":\"https:\\\/\\\/www.mobilier-design-occasion.fr\\\/magazine\\\/les-materiaux-naturels-dans-la-fabrication-de-meubles-tendances-et-bienfaits\\\/\"},\"wordCount\":764,\"commentCount\":0,\"publisher\":{\"@id\":\"https:\\\/\\\/www.mobilier-design-occasion.fr\\\/magazine\\\/#organization\"},\"image\":{\"@id\":\"https:\\\/\\\/www.mobilier-design-occasion.fr\\\/magazine\\\/les-materiaux-naturels-dans-la-fabrication-de-meubles-tendances-et-bienfaits\\\/#primaryimage\"},\"thumbnailUrl\":\"https:\\\/\\\/www.mobilier-design-occasion.fr\\\/magazine\\\/wp-content\\\/uploads\\\/2024\\\/10\\\/image-6.png\",\"articleSection\":[\"Avis marques d\u00e9co\"],\"inLanguage\":\"fr-FR\",\"potentialAction\":[{\"@type\":\"CommentAction\",\"name\":\"Comment\",\"target\":[\"https:\\\/\\\/www.mobilier-design-occasion.fr\\\/magazine\\\/les-materiaux-naturels-dans-la-fabrication-de-meubles-tendances-et-bienfaits\\\/#respond\"]}]},{\"@type\":\"WebPage\",\"@id\":\"https:\\\/\\\/www.mobilier-design-occasion.fr\\\/magazine\\\/les-materiaux-naturels-dans-la-fabrication-de-meubles-tendances-et-bienfaits\\\/\",\"url\":\"https:\\\/\\\/www.mobilier-design-occasion.fr\\\/magazine\\\/les-materiaux-naturels-dans-la-fabrication-de-meubles-tendances-et-bienfaits\\\/\",\"name\":\"Les mat\u00e9riaux naturels dans la fabrication de meubles : tendances et bienfaits - Mobilier Design Magazine\",\"isPartOf\":{\"@id\":\"https:\\\/\\\/www.mobilier-design-occasion.fr\\\/magazine\\\/#website\"},\"primaryImageOfPage\":{\"@id\":\"https:\\\/\\\/www.mobilier-design-occasion.fr\\\/magazine\\\/les-materiaux-naturels-dans-la-fabrication-de-meubles-tendances-et-bienfaits\\\/#primaryimage\"},\"image\":{\"@id\":\"https:\\\/\\\/www.mobilier-design-occasion.fr\\\/magazine\\\/les-materiaux-naturels-dans-la-fabrication-de-meubles-tendances-et-bienfaits\\\/#primaryimage\"},\"thumbnailUrl\":\"https:\\\/\\\/www.mobilier-design-occasion.fr\\\/magazine\\\/wp-content\\\/uploads\\\/2024\\\/10\\\/image-6.png\",\"datePublished\":\"2024-10-14T07:04:54+00:00\",\"dateModified\":\"2024-10-14T07:04:55+00:00\",\"breadcrumb\":{\"@id\":\"https:\\\/\\\/www.mobilier-design-occasion.fr\\\/magazine\\\/les-materiaux-naturels-dans-la-fabrication-de-meubles-tendances-et-bienfaits\\\/#breadcrumb\"},\"inLanguage\":\"fr-FR\",\"potentialAction\":[{\"@type\":\"ReadAction\",\"target\":[\"https:\\\/\\\/www.mobilier-design-occasion.fr\\\/magazine\\\/les-materiaux-naturels-dans-la-fabrication-de-meubles-tendances-et-bienfaits\\\/\"]}]},{\"@type\":\"ImageObject\",\"inLanguage\":\"fr-FR\",\"@id\":\"https:\\\/\\\/www.mobilier-design-occasion.fr\\\/magazine\\\/les-materiaux-naturels-dans-la-fabrication-de-meubles-tendances-et-bienfaits\\\/#primaryimage\",\"url\":\"https:\\\/\\\/www.mobilier-design-occasion.fr\\\/magazine\\\/wp-content\\\/uploads\\\/2024\\\/10\\\/image-6.png\",\"contentUrl\":\"https:\\\/\\\/www.mobilier-design-occasion.fr\\\/magazine\\\/wp-content\\\/uploads\\\/2024\\\/10\\\/image-6.png\",\"width\":1886,\"height\":1132},{\"@type\":\"BreadcrumbList\",\"@id\":\"https:\\\/\\\/www.mobilier-design-occasion.fr\\\/magazine\\\/les-materiaux-naturels-dans-la-fabrication-de-meubles-tendances-et-bienfaits\\\/#breadcrumb\",\"itemListElement\":[{\"@type\":\"ListItem\",\"position\":1,\"name\":\"Accueil\",\"item\":\"https:\\\/\\\/www.mobilier-design-occasion.fr\\\/magazine\\\/\"},{\"@type\":\"ListItem\",\"position\":2,\"name\":\"Les mat\u00e9riaux naturels dans la fabrication de meubles : tendances et bienfaits\"}]},{\"@type\":\"WebSite\",\"@id\":\"https:\\\/\\\/www.mobilier-design-occasion.fr\\\/magazine\\\/#website\",\"url\":\"https:\\\/\\\/www.mobilier-design-occasion.fr\\\/magazine\\\/\",\"name\":\"Mobilier Design Magazine\",\"description\":\"\",\"publisher\":{\"@id\":\"https:\\\/\\\/www.mobilier-design-occasion.fr\\\/magazine\\\/#organization\"},\"potentialAction\":[{\"@type\":\"SearchAction\",\"target\":{\"@type\":\"EntryPoint\",\"urlTemplate\":\"https:\\\/\\\/www.mobilier-design-occasion.fr\\\/magazine\\\/?s={search_term_string}\"},\"query-input\":{\"@type\":\"PropertyValueSpecification\",\"valueRequired\":true,\"valueName\":\"search_term_string\"}}],\"inLanguage\":\"fr-FR\"},{\"@type\":\"Organization\",\"@id\":\"https:\\\/\\\/www.mobilier-design-occasion.fr\\\/magazine\\\/#organization\",\"name\":\"Mobilier Design Magazine\",\"url\":\"https:\\\/\\\/www.mobilier-design-occasion.fr\\\/magazine\\\/\",\"logo\":{\"@type\":\"ImageObject\",\"inLanguage\":\"fr-FR\",\"@id\":\"https:\\\/\\\/www.mobilier-design-occasion.fr\\\/magazine\\\/#\\\/schema\\\/logo\\\/image\\\/\",\"url\":\"https:\\\/\\\/www.mobilier-design-occasion.fr\\\/magazine\\\/wp-content\\\/uploads\\\/2024\\\/02\\\/android-chrome-192x192-1.png\",\"contentUrl\":\"https:\\\/\\\/www.mobilier-design-occasion.fr\\\/magazine\\\/wp-content\\\/uploads\\\/2024\\\/02\\\/android-chrome-192x192-1.png\",\"width\":192,\"height\":192,\"caption\":\"Mobilier Design Magazine\"},\"image\":{\"@id\":\"https:\\\/\\\/www.mobilier-design-occasion.fr\\\/magazine\\\/#\\\/schema\\\/logo\\\/image\\\/\"},\"sameAs\":[\"https:\\\/\\\/www.facebook.com\\\/mobilierdesignoccasion\"]},{\"@type\":\"Person\",\"@id\":\"https:\\\/\\\/www.mobilier-design-occasion.fr\\\/magazine\\\/#\\\/schema\\\/person\\\/af895bedc80bfb6b17730a672fddac9e\",\"name\":\"Vincent Vandegans\",\"image\":{\"@type\":\"ImageObject\",\"inLanguage\":\"fr-FR\",\"@id\":\"https:\\\/\\\/secure.gravatar.com\\\/avatar\\\/b984800dabdf722d5e3f03f637c8932dea77d81118467d17ad2953e3b273ec66?s=96&d=mm&r=g\",\"url\":\"https:\\\/\\\/secure.gravatar.com\\\/avatar\\\/b984800dabdf722d5e3f03f637c8932dea77d81118467d17ad2953e3b273ec66?s=96&d=mm&r=g\",\"contentUrl\":\"https:\\\/\\\/secure.gravatar.com\\\/avatar\\\/b984800dabdf722d5e3f03f637c8932dea77d81118467d17ad2953e3b273ec66?s=96&d=mm&r=g\",\"caption\":\"Vincent Vandegans\"},\"description\":\"Vincent est passionn\u00e9 par les produits d'occasion, il a ouvert le site MDO avec Cyrielle pour aider les gens \u00e0 trouver du mobilier d'occasion, vintage ou usag\u00e9. Depuis, ils ont \u00e9tendu leurs activit\u00e9s et conseillent tout le monde sur le mobilier d'int\u00e9rieur et d'ext\u00e9rieur au quotidien \u00e0 travers le magazine MDO.\",\"url\":\"https:\\\/\\\/www.mobilier-design-occasion.fr\\\/magazine\\\/author\\\/vincent\\\/\"}]}<\/script>\n<!-- \/ Yoast SEO plugin. -->","yoast_head_json":{"title":"Les mat\u00e9riaux naturels dans la fabrication de meubles : tendances et bienfaits - Mobilier Design Magazine","robots":{"index":"index","follow":"follow","max-snippet":"max-snippet:-1","max-image-preview":"max-image-preview:large","max-video-preview":"max-video-preview:-1"},"canonical":"https:\/\/www.mobilier-design-occasion.fr\/magazine\/les-materiaux-naturels-dans-la-fabrication-de-meubles-tendances-et-bienfaits\/","og_locale":"fr_FR","og_type":"article","og_title":"Les mat\u00e9riaux naturels dans la fabrication de meubles : tendances et bienfaits - Mobilier Design Magazine","og_description":"Dans le domaine de la d\u00e9coration d\u2019int\u00e9rieur, le choix des mat\u00e9riaux est essentiel pour cr\u00e9er un environnement \u00e0 la fois esth\u00e9tique et durable. Ces derni\u00e8res ann\u00e9es, les mat\u00e9riaux naturels ont conquis le monde du mobilier design, alliant esth\u00e9tique, bien-\u00eatre, et respect de l&#8217;environnement. Chez les experts en mobilier artisanal, l\u2019accent est mis sur la beaut\u00e9 [&hellip;]","og_url":"https:\/\/www.mobilier-design-occasion.fr\/magazine\/les-materiaux-naturels-dans-la-fabrication-de-meubles-tendances-et-bienfaits\/","og_site_name":"Mobilier Design Magazine","article_publisher":"https:\/\/www.facebook.com\/mobilierdesignoccasion","article_published_time":"2024-10-14T07:04:54+00:00","article_modified_time":"2024-10-14T07:04:55+00:00","og_image":[{"width":1886,"height":1132,"url":"https:\/\/www.mobilier-design-occasion.fr\/magazine\/wp-content\/uploads\/2024\/10\/image-6.png","type":"image\/png"}],"author":"Vincent Vandegans","twitter_card":"summary_large_image","twitter_misc":{"\u00c9crit par":"Vincent Vandegans","Dur\u00e9e de lecture estim\u00e9e":"5 minutes"},"schema":{"@context":"https:\/\/schema.org","@graph":[{"@type":"Article","@id":"https:\/\/www.mobilier-design-occasion.fr\/magazine\/les-materiaux-naturels-dans-la-fabrication-de-meubles-tendances-et-bienfaits\/#article","isPartOf":{"@id":"https:\/\/www.mobilier-design-occasion.fr\/magazine\/les-materiaux-naturels-dans-la-fabrication-de-meubles-tendances-et-bienfaits\/"},"author":{"name":"Vincent Vandegans","@id":"https:\/\/www.mobilier-design-occasion.fr\/magazine\/#\/schema\/person\/af895bedc80bfb6b17730a672fddac9e"},"headline":"Les mat\u00e9riaux naturels dans la fabrication de meubles : tendances et bienfaits","datePublished":"2024-10-14T07:04:54+00:00","dateModified":"2024-10-14T07:04:55+00:00","mainEntityOfPage":{"@id":"https:\/\/www.mobilier-design-occasion.fr\/magazine\/les-materiaux-naturels-dans-la-fabrication-de-meubles-tendances-et-bienfaits\/"},"wordCount":764,"commentCount":0,"publisher":{"@id":"https:\/\/www.mobilier-design-occasion.fr\/magazine\/#organization"},"image":{"@id":"https:\/\/www.mobilier-design-occasion.fr\/magazine\/les-materiaux-naturels-dans-la-fabrication-de-meubles-tendances-et-bienfaits\/#primaryimage"},"thumbnailUrl":"https:\/\/www.mobilier-design-occasion.fr\/magazine\/wp-content\/uploads\/2024\/10\/image-6.png","articleSection":["Avis marques d\u00e9co"],"inLanguage":"fr-FR","potentialAction":[{"@type":"CommentAction","name":"Comment","target":["https:\/\/www.mobilier-design-occasion.fr\/magazine\/les-materiaux-naturels-dans-la-fabrication-de-meubles-tendances-et-bienfaits\/#respond"]}]},{"@type":"WebPage","@id":"https:\/\/www.mobilier-design-occasion.fr\/magazine\/les-materiaux-naturels-dans-la-fabrication-de-meubles-tendances-et-bienfaits\/","url":"https:\/\/www.mobilier-design-occasion.fr\/magazine\/les-materiaux-naturels-dans-la-fabrication-de-meubles-tendances-et-bienfaits\/","name":"Les mat\u00e9riaux naturels dans la fabrication de meubles : tendances et bienfaits - Mobilier Design Magazine","isPartOf":{"@id":"https:\/\/www.mobilier-design-occasion.fr\/magazine\/#website"},"primaryImageOfPage":{"@id":"https:\/\/www.mobilier-design-occasion.fr\/magazine\/les-materiaux-naturels-dans-la-fabrication-de-meubles-tendances-et-bienfaits\/#primaryimage"},"image":{"@id":"https:\/\/www.mobilier-design-occasion.fr\/magazine\/les-materiaux-naturels-dans-la-fabrication-de-meubles-tendances-et-bienfaits\/#primaryimage"},"thumbnailUrl":"https:\/\/www.mobilier-design-occasion.fr\/magazine\/wp-content\/uploads\/2024\/10\/image-6.png","datePublished":"2024-10-14T07:04:54+00:00","dateModified":"2024-10-14T07:04:55+00:00","breadcrumb":{"@id":"https:\/\/www.mobilier-design-occasion.fr\/magazine\/les-materiaux-naturels-dans-la-fabrication-de-meubles-tendances-et-bienfaits\/#breadcrumb"},"inLanguage":"fr-FR","potentialAction":[{"@type":"ReadAction","target":["https:\/\/www.mobilier-design-occasion.fr\/magazine\/les-materiaux-naturels-dans-la-fabrication-de-meubles-tendances-et-bienfaits\/"]}]},{"@type":"ImageObject","inLanguage":"fr-FR","@id":"https:\/\/www.mobilier-design-occasion.fr\/magazine\/les-materiaux-naturels-dans-la-fabrication-de-meubles-tendances-et-bienfaits\/#primaryimage","url":"https:\/\/www.mobilier-design-occasion.fr\/magazine\/wp-content\/uploads\/2024\/10\/image-6.png","contentUrl":"https:\/\/www.mobilier-design-occasion.fr\/magazine\/wp-content\/uploads\/2024\/10\/image-6.png","width":1886,"height":1132},{"@type":"BreadcrumbList","@id":"https:\/\/www.mobilier-design-occasion.fr\/magazine\/les-materiaux-naturels-dans-la-fabrication-de-meubles-tendances-et-bienfaits\/#breadcrumb","itemListElement":[{"@type":"ListItem","position":1,"name":"Accueil","item":"https:\/\/www.mobilier-design-occasion.fr\/magazine\/"},{"@type":"ListItem","position":2,"name":"Les mat\u00e9riaux naturels dans la fabrication de meubles : tendances et bienfaits"}]},{"@type":"WebSite","@id":"https:\/\/www.mobilier-design-occasion.fr\/magazine\/#website","url":"https:\/\/www.mobilier-design-occasion.fr\/magazine\/","name":"Mobilier Design Magazine","description":"","publisher":{"@id":"https:\/\/www.mobilier-design-occasion.fr\/magazine\/#organization"},"potentialAction":[{"@type":"SearchAction","target":{"@type":"EntryPoint","urlTemplate":"https:\/\/www.mobilier-design-occasion.fr\/magazine\/?s={search_term_string}"},"query-input":{"@type":"PropertyValueSpecification","valueRequired":true,"valueName":"search_term_string"}}],"inLanguage":"fr-FR"},{"@type":"Organization","@id":"https:\/\/www.mobilier-design-occasion.fr\/magazine\/#organization","name":"Mobilier Design Magazine","url":"https:\/\/www.mobilier-design-occasion.fr\/magazine\/","logo":{"@type":"ImageObject","inLanguage":"fr-FR","@id":"https:\/\/www.mobilier-design-occasion.fr\/magazine\/#\/schema\/logo\/image\/","url":"https:\/\/www.mobilier-design-occasion.fr\/magazine\/wp-content\/uploads\/2024\/02\/android-chrome-192x192-1.png","contentUrl":"https:\/\/www.mobilier-design-occasion.fr\/magazine\/wp-content\/uploads\/2024\/02\/android-chrome-192x192-1.png","width":192,"height":192,"caption":"Mobilier Design Magazine"},"image":{"@id":"https:\/\/www.mobilier-design-occasion.fr\/magazine\/#\/schema\/logo\/image\/"},"sameAs":["https:\/\/www.facebook.com\/mobilierdesignoccasion"]},{"@type":"Person","@id":"https:\/\/www.mobilier-design-occasion.fr\/magazine\/#\/schema\/person\/af895bedc80bfb6b17730a672fddac9e","name":"Vincent Vandegans","image":{"@type":"ImageObject","inLanguage":"fr-FR","@id":"https:\/\/secure.gravatar.com\/avatar\/b984800dabdf722d5e3f03f637c8932dea77d81118467d17ad2953e3b273ec66?s=96&d=mm&r=g","url":"https:\/\/secure.gravatar.com\/avatar\/b984800dabdf722d5e3f03f637c8932dea77d81118467d17ad2953e3b273ec66?s=96&d=mm&r=g","contentUrl":"https:\/\/secure.gravatar.com\/avatar\/b984800dabdf722d5e3f03f637c8932dea77d81118467d17ad2953e3b273ec66?s=96&d=mm&r=g","caption":"Vincent Vandegans"},"description":"Vincent est passionn\u00e9 par les produits d'occasion, il a ouvert le site MDO avec Cyrielle pour aider les gens \u00e0 trouver du mobilier d'occasion, vintage ou usag\u00e9. Depuis, ils ont \u00e9tendu leurs activit\u00e9s et conseillent tout le monde sur le mobilier d'int\u00e9rieur et d'ext\u00e9rieur au quotidien \u00e0 travers le magazine MDO.","url":"https:\/\/www.mobilier-design-occasion.fr\/magazine\/author\/vincent\/"}]}},"_links":{"self":[{"href":"https:\/\/www.mobilier-design-occasion.fr\/magazine\/wp-json\/wp\/v2\/posts\/7930","targetHints":{"allow":["GET"]}}],"collection":[{"href":"https:\/\/www.mobilier-design-occasion.fr\/magazine\/wp-json\/wp\/v2\/posts"}],"about":[{"href":"https:\/\/www.mobilier-design-occasion.fr\/magazine\/wp-json\/wp\/v2\/types\/post"}],"author":[{"embeddable":true,"href":"https:\/\/www.mobilier-design-occasion.fr\/magazine\/wp-json\/wp\/v2\/users\/2"}],"replies":[{"embeddable":true,"href":"https:\/\/www.mobilier-design-occasion.fr\/magazine\/wp-json\/wp\/v2\/comments?post=7930"}],"version-history":[{"count":1,"href":"https:\/\/www.mobilier-design-occasion.fr\/magazine\/wp-json\/wp\/v2\/posts\/7930\/revisions"}],"predecessor-version":[{"id":7934,"href":"https:\/\/www.mobilier-design-occasion.fr\/magazine\/wp-json\/wp\/v2\/posts\/7930\/revisions\/7934"}],"wp:featuredmedia":[{"embeddable":true,"href":"https:\/\/www.mobilier-design-occasion.fr\/magazine\/wp-json\/wp\/v2\/media\/7931"}],"wp:attachment":[{"href":"https:\/\/www.mobilier-design-occasion.fr\/magazine\/wp-json\/wp\/v2\/media?parent=7930"}],"wp:term":[{"taxonomy":"category","embeddable":true,"href":"https:\/\/www.mobilier-design-occasion.fr\/magazine\/wp-json\/wp\/v2\/categories?post=7930"},{"taxonomy":"post_tag","embeddable":true,"href":"https:\/\/www.mobilier-design-occasion.fr\/magazine\/wp-json\/wp\/v2\/tags?post=7930"}],"curies":[{"name":"wp","href":"https:\/\/api.w.org\/{rel}","templated":true}]}}