{"id":7877,"date":"2023-07-12T08:39:00","date_gmt":"2023-07-12T08:39:00","guid":{"rendered":"https:\/\/www.mobilier-design-occasion.fr\/magazine\/?p=7877"},"modified":"2024-07-12T08:42:00","modified_gmt":"2024-07-12T08:42:00","slug":"assurance-habitation-la-protection-indispensable-pour-votre-mobilier","status":"publish","type":"post","link":"https:\/\/www.mobilier-design-occasion.fr\/magazine\/assurance-habitation-la-protection-indispensable-pour-votre-mobilier\/","title":{"rendered":"Assurance Habitation : La protection indispensable pour votre mobilier"},"content":{"rendered":"\n<p>L&#8217;assurance habitation est un \u00e9l\u00e9ment crucial pour tout propri\u00e9taire ou locataire. Elle offre une protection financi\u00e8re contre divers risques tels que les incendies, les vols, les d\u00e9g\u00e2ts des eaux et autres sinistres. Lorsque l&#8217;on poss\u00e8de du mobilier de valeur, il devient encore plus essentiel de souscrire une assurance habitation ad\u00e9quate pour garantir la s\u00e9curit\u00e9 de ses biens.<\/p>\n\n\n\n<figure class=\"wp-block-image size-large\"><img loading=\"lazy\" decoding=\"async\" width=\"862\" height=\"1024\" src=\"https:\/\/www.mobilier-design-occasion.fr\/magazine\/wp-content\/uploads\/2024\/07\/image-862x1024.png\" alt=\"\" class=\"wp-image-7878\" srcset=\"https:\/\/www.mobilier-design-occasion.fr\/magazine\/wp-content\/uploads\/2024\/07\/image-862x1024.png 862w, https:\/\/www.mobilier-design-occasion.fr\/magazine\/wp-content\/uploads\/2024\/07\/image-253x300.png 253w, https:\/\/www.mobilier-design-occasion.fr\/magazine\/wp-content\/uploads\/2024\/07\/image-768x912.png 768w, https:\/\/www.mobilier-design-occasion.fr\/magazine\/wp-content\/uploads\/2024\/07\/image-810x962.png 810w, https:\/\/www.mobilier-design-occasion.fr\/magazine\/wp-content\/uploads\/2024\/07\/image.png 1080w\" sizes=\"auto, (max-width: 862px) 100vw, 862px\" \/><\/figure>\n\n\n\n<h2 class=\"wp-block-heading\"><span class=\"ez-toc-section\" id=\"Pourquoi_lassurance_habitation_est-elle_importante_pour_votre_mobilier\"><\/span>Pourquoi l&#8217;assurance habitation est-elle importante pour votre mobilier ?<span class=\"ez-toc-section-end\"><\/span><\/h2><div id=\"ez-toc-container\" class=\"ez-toc-v2_0_82_2 counter-hierarchy ez-toc-counter ez-toc-grey ez-toc-container-direction\">\n<div class=\"ez-toc-title-container\">\n<span class=\"ez-toc-title-toggle\"><a href=\"#\" class=\"ez-toc-pull-right ez-toc-btn ez-toc-btn-xs ez-toc-btn-default ez-toc-toggle\" aria-label=\"Toggle Table of Content\"><span class=\"ez-toc-js-icon-con\"><span class=\"\"><span class=\"eztoc-hide\" style=\"display:none;\">Toggle<\/span><span class=\"ez-toc-icon-toggle-span\"><svg style=\"fill: #999;color:#999\" xmlns=\"http:\/\/www.w3.org\/2000\/svg\" class=\"list-377408\" width=\"20px\" height=\"20px\" viewBox=\"0 0 24 24\" fill=\"none\"><path d=\"M6 6H4v2h2V6zm14 0H8v2h12V6zM4 11h2v2H4v-2zm16 0H8v2h12v-2zM4 16h2v2H4v-2zm16 0H8v2h12v-2z\" fill=\"currentColor\"><\/path><\/svg><svg style=\"fill: #999;color:#999\" class=\"arrow-unsorted-368013\" xmlns=\"http:\/\/www.w3.org\/2000\/svg\" width=\"10px\" height=\"10px\" viewBox=\"0 0 24 24\" version=\"1.2\" baseProfile=\"tiny\"><path d=\"M18.2 9.3l-6.2-6.3-6.2 6.3c-.2.2-.3.4-.3.7s.1.5.3.7c.2.2.4.3.7.3h11c.3 0 .5-.1.7-.3.2-.2.3-.5.3-.7s-.1-.5-.3-.7zM5.8 14.7l6.2 6.3 6.2-6.3c.2-.2.3-.5.3-.7s-.1-.5-.3-.7c-.2-.2-.4-.3-.7-.3h-11c-.3 0-.5.1-.7.3-.2.2-.3.5-.3.7s.1.5.3.7z\"\/><\/svg><\/span><\/span><\/span><\/a><\/span><\/div>\n<nav><ul class='ez-toc-list ez-toc-list-level-1 eztoc-toggle-hide-by-default' ><li class='ez-toc-page-1 ez-toc-heading-level-2'><a class=\"ez-toc-link ez-toc-heading-1\" href=\"https:\/\/www.mobilier-design-occasion.fr\/magazine\/assurance-habitation-la-protection-indispensable-pour-votre-mobilier\/#Pourquoi_lassurance_habitation_est-elle_importante_pour_votre_mobilier\" >Pourquoi l&#8217;assurance habitation est-elle importante pour votre mobilier ?<\/a><ul class='ez-toc-list-level-3' ><li class='ez-toc-heading-level-3'><a class=\"ez-toc-link ez-toc-heading-2\" href=\"https:\/\/www.mobilier-design-occasion.fr\/magazine\/assurance-habitation-la-protection-indispensable-pour-votre-mobilier\/#Protection_contre_les_sinistres\" >Protection contre les sinistres<\/a><\/li><li class='ez-toc-page-1 ez-toc-heading-level-3'><a class=\"ez-toc-link ez-toc-heading-3\" href=\"https:\/\/www.mobilier-design-occasion.fr\/magazine\/assurance-habitation-la-protection-indispensable-pour-votre-mobilier\/#Couverture_contre_le_vol\" >Couverture contre le vol<\/a><\/li><li class='ez-toc-page-1 ez-toc-heading-level-3'><a class=\"ez-toc-link ez-toc-heading-4\" href=\"https:\/\/www.mobilier-design-occasion.fr\/magazine\/assurance-habitation-la-protection-indispensable-pour-votre-mobilier\/#Tranquillite_desprit\" >Tranquillit\u00e9 d&#8217;esprit<\/a><\/li><\/ul><\/li><li class='ez-toc-page-1 ez-toc-heading-level-2'><a class=\"ez-toc-link ez-toc-heading-5\" href=\"https:\/\/www.mobilier-design-occasion.fr\/magazine\/assurance-habitation-la-protection-indispensable-pour-votre-mobilier\/#Que_couvre_lassurance_habitation_pour_le_mobilier\" >Que couvre l&#8217;assurance habitation pour le mobilier ?<\/a><ul class='ez-toc-list-level-3' ><li class='ez-toc-heading-level-3'><a class=\"ez-toc-link ez-toc-heading-6\" href=\"https:\/\/www.mobilier-design-occasion.fr\/magazine\/assurance-habitation-la-protection-indispensable-pour-votre-mobilier\/#Dommages_materiels\" >Dommages mat\u00e9riels<\/a><\/li><li class='ez-toc-page-1 ez-toc-heading-level-3'><a class=\"ez-toc-link ez-toc-heading-7\" href=\"https:\/\/www.mobilier-design-occasion.fr\/magazine\/assurance-habitation-la-protection-indispensable-pour-votre-mobilier\/#Vol_et_vandalisme\" >Vol et vandalisme<\/a><\/li><li class='ez-toc-page-1 ez-toc-heading-level-3'><a class=\"ez-toc-link ez-toc-heading-8\" href=\"https:\/\/www.mobilier-design-occasion.fr\/magazine\/assurance-habitation-la-protection-indispensable-pour-votre-mobilier\/#Degats_des_eaux\" >D\u00e9g\u00e2ts des eaux<\/a><\/li><li class='ez-toc-page-1 ez-toc-heading-level-3'><a class=\"ez-toc-link ez-toc-heading-9\" href=\"https:\/\/www.mobilier-design-occasion.fr\/magazine\/assurance-habitation-la-protection-indispensable-pour-votre-mobilier\/#Incendie\" >Incendie<\/a><\/li><\/ul><\/li><li class='ez-toc-page-1 ez-toc-heading-level-2'><a class=\"ez-toc-link ez-toc-heading-10\" href=\"https:\/\/www.mobilier-design-occasion.fr\/magazine\/assurance-habitation-la-protection-indispensable-pour-votre-mobilier\/#Comment_choisir_la_bonne_assurance_habitation_pour_votre_mobilier\" >Comment choisir la bonne assurance habitation pour votre mobilier ?<\/a><ul class='ez-toc-list-level-3' ><li class='ez-toc-heading-level-3'><a class=\"ez-toc-link ez-toc-heading-11\" href=\"https:\/\/www.mobilier-design-occasion.fr\/magazine\/assurance-habitation-la-protection-indispensable-pour-votre-mobilier\/#Evaluation_de_la_valeur_de_votre_mobilier\" >\u00c9valuation de la valeur de votre mobilier<\/a><\/li><li class='ez-toc-page-1 ez-toc-heading-level-3'><a class=\"ez-toc-link ez-toc-heading-12\" href=\"https:\/\/www.mobilier-design-occasion.fr\/magazine\/assurance-habitation-la-protection-indispensable-pour-votre-mobilier\/#Comparaison_des_offres\" >Comparaison des offres<\/a><\/li><li class='ez-toc-page-1 ez-toc-heading-level-3'><a class=\"ez-toc-link ez-toc-heading-13\" href=\"https:\/\/www.mobilier-design-occasion.fr\/magazine\/assurance-habitation-la-protection-indispensable-pour-votre-mobilier\/#Considerer_les_options_supplementaires\" >Consid\u00e9rer les options suppl\u00e9mentaires<\/a><\/li><li class='ez-toc-page-1 ez-toc-heading-level-3'><a class=\"ez-toc-link ez-toc-heading-14\" href=\"https:\/\/www.mobilier-design-occasion.fr\/magazine\/assurance-habitation-la-protection-indispensable-pour-votre-mobilier\/#Lire_les_avis_et_demander_des_recommandations\" >Lire les avis et demander des recommandations<\/a><\/li><\/ul><\/li><li class='ez-toc-page-1 ez-toc-heading-level-2'><a class=\"ez-toc-link ez-toc-heading-15\" href=\"https:\/\/www.mobilier-design-occasion.fr\/magazine\/assurance-habitation-la-protection-indispensable-pour-votre-mobilier\/#Quest-ce_que_jen_pense\" >Qu&#8217;est-ce que j&#8217;en pense?<\/a><ul class='ez-toc-list-level-3' ><li class='ez-toc-heading-level-3'><a class=\"ez-toc-link ez-toc-heading-16\" href=\"https:\/\/www.mobilier-design-occasion.fr\/magazine\/assurance-habitation-la-protection-indispensable-pour-votre-mobilier\/#Questions_dutilisateurs\" >Questions d&#8217;utilisateurs<\/a><\/li><\/ul><\/li><li class='ez-toc-page-1 ez-toc-heading-level-2'><a class=\"ez-toc-link ez-toc-heading-17\" href=\"https:\/\/www.mobilier-design-occasion.fr\/magazine\/assurance-habitation-la-protection-indispensable-pour-votre-mobilier\/#Quid\" >Quid?<\/a><\/li><\/ul><\/nav><\/div>\n\n\n\n\n<h3 class=\"wp-block-heading\"><span class=\"ez-toc-section\" id=\"Protection_contre_les_sinistres\"><\/span>Protection contre les sinistres<span class=\"ez-toc-section-end\"><\/span><\/h3>\n\n\n\n<p>Les sinistres peuvent survenir \u00e0 tout moment, qu&#8217;il s&#8217;agisse d&#8217;un incendie accidentel, d&#8217;une inondation ou d&#8217;un acte de vandalisme. L&#8217;<a href=\"https:\/\/www.axa.fr\/assurance-habitation.html\">assurance maison<\/a> couvre les dommages subis par votre mobilier, vous permettant ainsi de remplacer ou de r\u00e9parer vos biens sans supporter des co\u00fbts exorbitants.<\/p>\n\n\n\n<h3 class=\"wp-block-heading\"><span class=\"ez-toc-section\" id=\"Couverture_contre_le_vol\"><\/span>Couverture contre le vol<span class=\"ez-toc-section-end\"><\/span><\/h3>\n\n\n\n<p>Le vol est une autre menace majeure pour votre mobilier. Que ce soit des meubles de salon, des objets d&#8217;art ou des \u00e9quipements \u00e9lectroniques, les voleurs peuvent cibler n&#8217;importe quel \u00e9l\u00e9ment de valeur dans votre maison. Une bonne assurance habitation inclut une couverture contre le vol, vous offrant une compensation financi\u00e8re pour les biens vol\u00e9s.<\/p>\n\n\n\n<h3 class=\"wp-block-heading\"><span class=\"ez-toc-section\" id=\"Tranquillite_desprit\"><\/span>Tranquillit\u00e9 d&#8217;esprit<span class=\"ez-toc-section-end\"><\/span><\/h3>\n\n\n\n<p>Souscrire une assurance habitation offre une tranquillit\u00e9 d&#8217;esprit inestimable. Vous savez que, en cas de probl\u00e8me, votre mobilier est prot\u00e9g\u00e9 et que vous ne devrez pas faire face \u00e0 des d\u00e9penses impr\u00e9vues importantes. Cela vous permet de vous concentrer sur d&#8217;autres aspects de votre vie sans le souci constant des risques potentiels.<\/p>\n\n\n\n<figure class=\"wp-block-image size-large\"><img loading=\"lazy\" decoding=\"async\" width=\"1024\" height=\"768\" src=\"https:\/\/www.mobilier-design-occasion.fr\/magazine\/wp-content\/uploads\/2024\/07\/image-1-1024x768.png\" alt=\"\" class=\"wp-image-7879\" srcset=\"https:\/\/www.mobilier-design-occasion.fr\/magazine\/wp-content\/uploads\/2024\/07\/image-1-1024x768.png 1024w, https:\/\/www.mobilier-design-occasion.fr\/magazine\/wp-content\/uploads\/2024\/07\/image-1-300x225.png 300w, https:\/\/www.mobilier-design-occasion.fr\/magazine\/wp-content\/uploads\/2024\/07\/image-1-768x576.png 768w, https:\/\/www.mobilier-design-occasion.fr\/magazine\/wp-content\/uploads\/2024\/07\/image-1-1536x1152.png 1536w, https:\/\/www.mobilier-design-occasion.fr\/magazine\/wp-content\/uploads\/2024\/07\/image-1-810x608.png 810w, https:\/\/www.mobilier-design-occasion.fr\/magazine\/wp-content\/uploads\/2024\/07\/image-1-1140x855.png 1140w, https:\/\/www.mobilier-design-occasion.fr\/magazine\/wp-content\/uploads\/2024\/07\/image-1.png 2048w\" sizes=\"auto, (max-width: 1024px) 100vw, 1024px\" \/><\/figure>\n\n\n\n<h2 class=\"wp-block-heading\"><span class=\"ez-toc-section\" id=\"Que_couvre_lassurance_habitation_pour_le_mobilier\"><\/span>Que couvre l&#8217;assurance habitation pour le mobilier ?<span class=\"ez-toc-section-end\"><\/span><\/h2>\n\n\n\n<h3 class=\"wp-block-heading\"><span class=\"ez-toc-section\" id=\"Dommages_materiels\"><\/span>Dommages mat\u00e9riels<span class=\"ez-toc-section-end\"><\/span><\/h3>\n\n\n\n<p>L&#8217;assurance habitation couvre g\u00e9n\u00e9ralement les dommages mat\u00e9riels caus\u00e9s \u00e0 votre mobilier par divers incidents. Cela inclut les d\u00e9g\u00e2ts caus\u00e9s par les incendies, les explosions, les inondations, les temp\u00eates et autres \u00e9v\u00e9nements climatiques.<\/p>\n\n\n\n<h3 class=\"wp-block-heading\"><span class=\"ez-toc-section\" id=\"Vol_et_vandalisme\"><\/span>Vol et vandalisme<span class=\"ez-toc-section-end\"><\/span><\/h3>\n\n\n\n<p>En cas de vol ou de vandalisme, l&#8217;assurance habitation vous indemnise pour les biens d\u00e9rob\u00e9s ou endommag\u00e9s. Il est important de v\u00e9rifier les limites de cette couverture et de s&#8217;assurer qu&#8217;elle est suffisante pour remplacer tous vos biens de valeur.<\/p>\n\n\n\n<h3 class=\"wp-block-heading\"><span class=\"ez-toc-section\" id=\"Degats_des_eaux\"><\/span>D\u00e9g\u00e2ts des eaux<span class=\"ez-toc-section-end\"><\/span><\/h3>\n\n\n\n<p>Les fuites d&#8217;eau et les inondations peuvent causer des dommages consid\u00e9rables \u00e0 votre mobilier. L&#8217;assurance habitation prend en charge les r\u00e9parations n\u00e9cessaires et le remplacement des meubles endommag\u00e9s par l&#8217;eau.<\/p>\n\n\n\n<h3 class=\"wp-block-heading\"><span class=\"ez-toc-section\" id=\"Incendie\"><\/span>Incendie<span class=\"ez-toc-section-end\"><\/span><\/h3>\n\n\n\n<p>Un incendie peut d\u00e9truire une grande partie, voire la totalit\u00e9 de votre mobilier. L&#8217;assurance habitation vous aide \u00e0 reconstruire et \u00e0 remplacer vos biens perdus, minimisant ainsi l&#8217;impact financier d&#8217;un tel sinistre.<\/p>\n\n\n\n<figure class=\"wp-block-image size-large\"><img loading=\"lazy\" decoding=\"async\" width=\"576\" height=\"1024\" src=\"https:\/\/www.mobilier-design-occasion.fr\/magazine\/wp-content\/uploads\/2024\/07\/image-2-576x1024.png\" alt=\"\" class=\"wp-image-7880\" srcset=\"https:\/\/www.mobilier-design-occasion.fr\/magazine\/wp-content\/uploads\/2024\/07\/image-2-576x1024.png 576w, https:\/\/www.mobilier-design-occasion.fr\/magazine\/wp-content\/uploads\/2024\/07\/image-2-169x300.png 169w, https:\/\/www.mobilier-design-occasion.fr\/magazine\/wp-content\/uploads\/2024\/07\/image-2.png 720w\" sizes=\"auto, (max-width: 576px) 100vw, 576px\" \/><\/figure>\n\n\n\n<h2 class=\"wp-block-heading\"><span class=\"ez-toc-section\" id=\"Comment_choisir_la_bonne_assurance_habitation_pour_votre_mobilier\"><\/span>Comment choisir la bonne assurance habitation pour votre mobilier ?<span class=\"ez-toc-section-end\"><\/span><\/h2>\n\n\n\n<h3 class=\"wp-block-heading\"><span class=\"ez-toc-section\" id=\"Evaluation_de_la_valeur_de_votre_mobilier\"><\/span>\u00c9valuation de la valeur de votre mobilier<span class=\"ez-toc-section-end\"><\/span><\/h3>\n\n\n\n<p>Il est crucial d&#8217;\u00e9valuer correctement la valeur de votre mobilier pour choisir une assurance habitation ad\u00e9quate. Faites une liste d\u00e9taill\u00e9e de vos biens, y compris leur valeur approximative. Cela vous aidera \u00e0 d\u00e9terminer le niveau de couverture dont vous avez besoin.<\/p>\n\n\n\n<h3 class=\"wp-block-heading\"><span class=\"ez-toc-section\" id=\"Comparaison_des_offres\"><\/span>Comparaison des offres<span class=\"ez-toc-section-end\"><\/span><\/h3>\n\n\n\n<p>Comparez les offres d&#8217;assurance habitation disponibles sur le march\u00e9. Prenez en compte les primes, les franchises, les exclusions et les limites de couverture. Choisissez une police qui offre une protection compl\u00e8te \u00e0 un prix raisonnable.<\/p>\n\n\n\n<h3 class=\"wp-block-heading\"><span class=\"ez-toc-section\" id=\"Considerer_les_options_supplementaires\"><\/span>Consid\u00e9rer les options suppl\u00e9mentaires<span class=\"ez-toc-section-end\"><\/span><\/h3>\n\n\n\n<p>Certaines compagnies d&#8217;assurance proposent des options suppl\u00e9mentaires, comme une couverture \u00e9tendue pour les objets de valeur, une protection contre les risques sp\u00e9cifiques ou une assurance contre les catastrophes naturelles. \u00c9valuez si ces options sont n\u00e9cessaires pour votre situation.<\/p>\n\n\n\n<h3 class=\"wp-block-heading\"><span class=\"ez-toc-section\" id=\"Lire_les_avis_et_demander_des_recommandations\"><\/span>Lire les avis et demander des recommandations<span class=\"ez-toc-section-end\"><\/span><\/h3>\n\n\n\n<p>Lire les avis des clients et demander des recommandations peut vous aider \u00e0 choisir une compagnie d&#8217;assurance fiable et r\u00e9put\u00e9e. Assurez-vous que l&#8217;assureur a une bonne r\u00e9putation en mati\u00e8re de traitement des sinistres et de service \u00e0 la client\u00e8le.<\/p>\n\n\n\n<h2 class=\"wp-block-heading\"><span class=\"ez-toc-section\" id=\"Quest-ce_que_jen_pense\"><\/span>Qu&#8217;est-ce que j&#8217;en pense?<span class=\"ez-toc-section-end\"><\/span><\/h2>\n\n\n\n<p>\u00c0 mon avis, l&#8217;assurance habitation est une protection essentielle pour quiconque poss\u00e8de du mobilier de valeur. La s\u00e9curit\u00e9 et la tranquillit\u00e9 d&#8217;esprit qu&#8217;elle offre sont inestimables, surtout lorsqu&#8217;on sait que nos biens sont \u00e0 l&#8217;abri des impr\u00e9vus tels que les incendies, les inondations ou les vols. En investissant dans une bonne police d&#8217;assurance, on s&#8217;assure non seulement de pouvoir remplacer ou r\u00e9parer son mobilier en cas de sinistre, mais aussi de ne pas subir un stress financier d\u00e9vastateur. Pour moi, il est primordial de bien \u00e9valuer ses besoins et de choisir une couverture ad\u00e9quate, car la protection de notre espace de vie et de nos possessions est un aspect fondamental du bien-\u00eatre quotidien.<\/p>\n\n\n\n<p><\/p>\n\n\n\n<h3 class=\"wp-block-heading\"><span class=\"ez-toc-section\" id=\"Questions_dutilisateurs\"><\/span>Questions d&#8217;utilisateurs<span class=\"ez-toc-section-end\"><\/span><\/h3>\n\n\n\n<ol class=\"wp-block-list\">\n<li><strong>Marie L. &#8211; 14 mars 2023<\/strong>\n<ul class=\"wp-block-list\">\n<li>Quels types de sinistres sont couverts par l&#8217;assurance habitation pour mon mobilier ?<\/li>\n<\/ul>\n<\/li>\n\n\n\n<li><strong>Jean-Marc D. &#8211; 21 avril 2023<\/strong>\n<ul class=\"wp-block-list\">\n<li>Quelle est la diff\u00e9rence entre la couverture de base et les options suppl\u00e9mentaires pour prot\u00e9ger mes meubles ?<\/li>\n<\/ul>\n<\/li>\n\n\n\n<li><strong>Clara B. &#8211; 7 juin 2023<\/strong>\n<ul class=\"wp-block-list\">\n<li>Comment puis-je \u00e9valuer la valeur de mon mobilier pour choisir la bonne assurance habitation ?<\/li>\n<\/ul>\n<\/li>\n\n\n\n<li><strong>Nicolas P. &#8211; 19 juillet 2023<\/strong>\n<ul class=\"wp-block-list\">\n<li>Mon assurance habitation actuelle couvre-t-elle les objets de valeur comme les \u0153uvres d&#8217;art et les antiquit\u00e9s ?<\/li>\n<\/ul>\n<\/li>\n\n\n\n<li><strong>Isabelle M. &#8211; 23 ao\u00fbt 2023<\/strong>\n<ul class=\"wp-block-list\">\n<li>Que dois-je faire en cas de sinistre pour faire jouer mon assurance habitation et obtenir une indemnisation pour mon mobilier endommag\u00e9 ?<\/li>\n<\/ul>\n<\/li>\n\n\n\n<li><strong>Antoine R. &#8211; 5 octobre 2023<\/strong>\n<ul class=\"wp-block-list\">\n<li>Les d\u00e9g\u00e2ts caus\u00e9s par les catastrophes naturelles sont-ils inclus dans la couverture de mon assurance habitation pour le mobilier ?<\/li>\n<\/ul>\n<\/li>\n\n\n\n<li><strong>Sophie T. &#8211; 15 novembre 2023<\/strong>\n<ul class=\"wp-block-list\">\n<li>Quels crit\u00e8res dois-je prendre en compte pour choisir la meilleure compagnie d&#8217;assurance habitation pour mon mobilier ?<\/li>\n<\/ul>\n<\/li>\n<\/ol>\n\n\n\n<h2 class=\"wp-block-heading\"><span class=\"ez-toc-section\" id=\"Quid\"><\/span>Quid?<span class=\"ez-toc-section-end\"><\/span><\/h2>\n\n\n\n<p>L&#8217;assurance habitation est indispensable pour prot\u00e9ger votre mobilier contre divers risques. En choisissant la bonne couverture, vous pouvez \u00eatre assur\u00e9 que vos biens sont prot\u00e9g\u00e9s en cas de sinistre, de vol ou de dommage. Prenez le temps d&#8217;\u00e9valuer vos besoins, de comparer les offres et de choisir une police d&#8217;assurance qui vous offre la tranquillit\u00e9 d&#8217;esprit et la protection n\u00e9cessaire pour votre mobilier de valeur.<\/p>\n","protected":false},"excerpt":{"rendered":"<p>L&#8217;assurance habitation est un \u00e9l\u00e9ment crucial pour tout propri\u00e9taire ou locataire. Elle offre une protection financi\u00e8re contre divers risques tels que les incendies, les vols, les d\u00e9g\u00e2ts des eaux et autres sinistres. Lorsque l&#8217;on poss\u00e8de du mobilier de valeur, il devient encore plus essentiel de souscrire une assurance habitation ad\u00e9quate pour garantir la s\u00e9curit\u00e9 de [&hellip;]<\/p>\n","protected":false},"author":2,"featured_media":7881,"comment_status":"open","ping_status":"open","sticky":false,"template":"","format":"standard","meta":{"footnotes":""},"categories":[2],"tags":[],"class_list":["post-7877","post","type-post","status-publish","format-standard","has-post-thumbnail","hentry","category-tendances"],"yoast_head":"<!-- This site is optimized with the Yoast SEO plugin v27.5 - https:\/\/yoast.com\/product\/yoast-seo-wordpress\/ -->\n<title>Assurance Habitation : La protection indispensable pour votre mobilier - Mobilier Design Magazine<\/title>\n<meta name=\"robots\" content=\"index, follow, max-snippet:-1, max-image-preview:large, max-video-preview:-1\" \/>\n<link rel=\"canonical\" href=\"https:\/\/www.mobilier-design-occasion.fr\/magazine\/assurance-habitation-la-protection-indispensable-pour-votre-mobilier\/\" \/>\n<meta property=\"og:locale\" content=\"fr_FR\" \/>\n<meta property=\"og:type\" content=\"article\" \/>\n<meta property=\"og:title\" content=\"Assurance Habitation : La protection indispensable pour votre mobilier - Mobilier Design Magazine\" \/>\n<meta property=\"og:description\" content=\"L&#8217;assurance habitation est un \u00e9l\u00e9ment crucial pour tout propri\u00e9taire ou locataire. Elle offre une protection financi\u00e8re contre divers risques tels que les incendies, les vols, les d\u00e9g\u00e2ts des eaux et autres sinistres. Lorsque l&#8217;on poss\u00e8de du mobilier de valeur, il devient encore plus essentiel de souscrire une assurance habitation ad\u00e9quate pour garantir la s\u00e9curit\u00e9 de [&hellip;]\" \/>\n<meta property=\"og:url\" content=\"https:\/\/www.mobilier-design-occasion.fr\/magazine\/assurance-habitation-la-protection-indispensable-pour-votre-mobilier\/\" \/>\n<meta property=\"og:site_name\" content=\"Mobilier Design Magazine\" \/>\n<meta property=\"article:publisher\" content=\"https:\/\/www.facebook.com\/mobilierdesignoccasion\" \/>\n<meta property=\"article:published_time\" content=\"2023-07-12T08:39:00+00:00\" \/>\n<meta property=\"article:modified_time\" content=\"2024-07-12T08:42:00+00:00\" \/>\n<meta property=\"og:image\" content=\"https:\/\/www.mobilier-design-occasion.fr\/magazine\/wp-content\/uploads\/2024\/07\/create-your-home-with-person-which-you-love-scaled.jpg\" \/>\n\t<meta property=\"og:image:width\" content=\"2048\" \/>\n\t<meta property=\"og:image:height\" content=\"1366\" \/>\n\t<meta property=\"og:image:type\" content=\"image\/jpeg\" \/>\n<meta name=\"author\" content=\"Vincent Vandegans\" \/>\n<meta name=\"twitter:card\" content=\"summary_large_image\" \/>\n<meta name=\"twitter:label1\" content=\"\u00c9crit par\" \/>\n\t<meta name=\"twitter:data1\" content=\"Vincent Vandegans\" \/>\n\t<meta name=\"twitter:label2\" content=\"Dur\u00e9e de lecture estim\u00e9e\" \/>\n\t<meta name=\"twitter:data2\" content=\"6 minutes\" \/>\n<script type=\"application\/ld+json\" class=\"yoast-schema-graph\">{\"@context\":\"https:\\\/\\\/schema.org\",\"@graph\":[{\"@type\":\"Article\",\"@id\":\"https:\\\/\\\/www.mobilier-design-occasion.fr\\\/magazine\\\/assurance-habitation-la-protection-indispensable-pour-votre-mobilier\\\/#article\",\"isPartOf\":{\"@id\":\"https:\\\/\\\/www.mobilier-design-occasion.fr\\\/magazine\\\/assurance-habitation-la-protection-indispensable-pour-votre-mobilier\\\/\"},\"author\":{\"name\":\"Vincent Vandegans\",\"@id\":\"https:\\\/\\\/www.mobilier-design-occasion.fr\\\/magazine\\\/#\\\/schema\\\/person\\\/af895bedc80bfb6b17730a672fddac9e\"},\"headline\":\"Assurance Habitation : La protection indispensable pour votre mobilier\",\"datePublished\":\"2023-07-12T08:39:00+00:00\",\"dateModified\":\"2024-07-12T08:42:00+00:00\",\"mainEntityOfPage\":{\"@id\":\"https:\\\/\\\/www.mobilier-design-occasion.fr\\\/magazine\\\/assurance-habitation-la-protection-indispensable-pour-votre-mobilier\\\/\"},\"wordCount\":1002,\"commentCount\":0,\"publisher\":{\"@id\":\"https:\\\/\\\/www.mobilier-design-occasion.fr\\\/magazine\\\/#organization\"},\"image\":{\"@id\":\"https:\\\/\\\/www.mobilier-design-occasion.fr\\\/magazine\\\/assurance-habitation-la-protection-indispensable-pour-votre-mobilier\\\/#primaryimage\"},\"thumbnailUrl\":\"https:\\\/\\\/www.mobilier-design-occasion.fr\\\/magazine\\\/wp-content\\\/uploads\\\/2024\\\/07\\\/create-your-home-with-person-which-you-love-scaled.jpg\",\"articleSection\":[\"Tendances\"],\"inLanguage\":\"fr-FR\",\"potentialAction\":[{\"@type\":\"CommentAction\",\"name\":\"Comment\",\"target\":[\"https:\\\/\\\/www.mobilier-design-occasion.fr\\\/magazine\\\/assurance-habitation-la-protection-indispensable-pour-votre-mobilier\\\/#respond\"]}]},{\"@type\":\"WebPage\",\"@id\":\"https:\\\/\\\/www.mobilier-design-occasion.fr\\\/magazine\\\/assurance-habitation-la-protection-indispensable-pour-votre-mobilier\\\/\",\"url\":\"https:\\\/\\\/www.mobilier-design-occasion.fr\\\/magazine\\\/assurance-habitation-la-protection-indispensable-pour-votre-mobilier\\\/\",\"name\":\"Assurance Habitation : La protection indispensable pour votre mobilier - Mobilier Design Magazine\",\"isPartOf\":{\"@id\":\"https:\\\/\\\/www.mobilier-design-occasion.fr\\\/magazine\\\/#website\"},\"primaryImageOfPage\":{\"@id\":\"https:\\\/\\\/www.mobilier-design-occasion.fr\\\/magazine\\\/assurance-habitation-la-protection-indispensable-pour-votre-mobilier\\\/#primaryimage\"},\"image\":{\"@id\":\"https:\\\/\\\/www.mobilier-design-occasion.fr\\\/magazine\\\/assurance-habitation-la-protection-indispensable-pour-votre-mobilier\\\/#primaryimage\"},\"thumbnailUrl\":\"https:\\\/\\\/www.mobilier-design-occasion.fr\\\/magazine\\\/wp-content\\\/uploads\\\/2024\\\/07\\\/create-your-home-with-person-which-you-love-scaled.jpg\",\"datePublished\":\"2023-07-12T08:39:00+00:00\",\"dateModified\":\"2024-07-12T08:42:00+00:00\",\"breadcrumb\":{\"@id\":\"https:\\\/\\\/www.mobilier-design-occasion.fr\\\/magazine\\\/assurance-habitation-la-protection-indispensable-pour-votre-mobilier\\\/#breadcrumb\"},\"inLanguage\":\"fr-FR\",\"potentialAction\":[{\"@type\":\"ReadAction\",\"target\":[\"https:\\\/\\\/www.mobilier-design-occasion.fr\\\/magazine\\\/assurance-habitation-la-protection-indispensable-pour-votre-mobilier\\\/\"]}]},{\"@type\":\"ImageObject\",\"inLanguage\":\"fr-FR\",\"@id\":\"https:\\\/\\\/www.mobilier-design-occasion.fr\\\/magazine\\\/assurance-habitation-la-protection-indispensable-pour-votre-mobilier\\\/#primaryimage\",\"url\":\"https:\\\/\\\/www.mobilier-design-occasion.fr\\\/magazine\\\/wp-content\\\/uploads\\\/2024\\\/07\\\/create-your-home-with-person-which-you-love-scaled.jpg\",\"contentUrl\":\"https:\\\/\\\/www.mobilier-design-occasion.fr\\\/magazine\\\/wp-content\\\/uploads\\\/2024\\\/07\\\/create-your-home-with-person-which-you-love-scaled.jpg\",\"width\":2048,\"height\":1366,\"caption\":\"Create your home with person which you love\"},{\"@type\":\"BreadcrumbList\",\"@id\":\"https:\\\/\\\/www.mobilier-design-occasion.fr\\\/magazine\\\/assurance-habitation-la-protection-indispensable-pour-votre-mobilier\\\/#breadcrumb\",\"itemListElement\":[{\"@type\":\"ListItem\",\"position\":1,\"name\":\"Accueil\",\"item\":\"https:\\\/\\\/www.mobilier-design-occasion.fr\\\/magazine\\\/\"},{\"@type\":\"ListItem\",\"position\":2,\"name\":\"Assurance Habitation : La protection indispensable pour votre mobilier\"}]},{\"@type\":\"WebSite\",\"@id\":\"https:\\\/\\\/www.mobilier-design-occasion.fr\\\/magazine\\\/#website\",\"url\":\"https:\\\/\\\/www.mobilier-design-occasion.fr\\\/magazine\\\/\",\"name\":\"Mobilier Design Magazine\",\"description\":\"\",\"publisher\":{\"@id\":\"https:\\\/\\\/www.mobilier-design-occasion.fr\\\/magazine\\\/#organization\"},\"potentialAction\":[{\"@type\":\"SearchAction\",\"target\":{\"@type\":\"EntryPoint\",\"urlTemplate\":\"https:\\\/\\\/www.mobilier-design-occasion.fr\\\/magazine\\\/?s={search_term_string}\"},\"query-input\":{\"@type\":\"PropertyValueSpecification\",\"valueRequired\":true,\"valueName\":\"search_term_string\"}}],\"inLanguage\":\"fr-FR\"},{\"@type\":\"Organization\",\"@id\":\"https:\\\/\\\/www.mobilier-design-occasion.fr\\\/magazine\\\/#organization\",\"name\":\"Mobilier Design Magazine\",\"url\":\"https:\\\/\\\/www.mobilier-design-occasion.fr\\\/magazine\\\/\",\"logo\":{\"@type\":\"ImageObject\",\"inLanguage\":\"fr-FR\",\"@id\":\"https:\\\/\\\/www.mobilier-design-occasion.fr\\\/magazine\\\/#\\\/schema\\\/logo\\\/image\\\/\",\"url\":\"https:\\\/\\\/www.mobilier-design-occasion.fr\\\/magazine\\\/wp-content\\\/uploads\\\/2024\\\/02\\\/android-chrome-192x192-1.png\",\"contentUrl\":\"https:\\\/\\\/www.mobilier-design-occasion.fr\\\/magazine\\\/wp-content\\\/uploads\\\/2024\\\/02\\\/android-chrome-192x192-1.png\",\"width\":192,\"height\":192,\"caption\":\"Mobilier Design Magazine\"},\"image\":{\"@id\":\"https:\\\/\\\/www.mobilier-design-occasion.fr\\\/magazine\\\/#\\\/schema\\\/logo\\\/image\\\/\"},\"sameAs\":[\"https:\\\/\\\/www.facebook.com\\\/mobilierdesignoccasion\"]},{\"@type\":\"Person\",\"@id\":\"https:\\\/\\\/www.mobilier-design-occasion.fr\\\/magazine\\\/#\\\/schema\\\/person\\\/af895bedc80bfb6b17730a672fddac9e\",\"name\":\"Vincent Vandegans\",\"image\":{\"@type\":\"ImageObject\",\"inLanguage\":\"fr-FR\",\"@id\":\"https:\\\/\\\/secure.gravatar.com\\\/avatar\\\/b984800dabdf722d5e3f03f637c8932dea77d81118467d17ad2953e3b273ec66?s=96&d=mm&r=g\",\"url\":\"https:\\\/\\\/secure.gravatar.com\\\/avatar\\\/b984800dabdf722d5e3f03f637c8932dea77d81118467d17ad2953e3b273ec66?s=96&d=mm&r=g\",\"contentUrl\":\"https:\\\/\\\/secure.gravatar.com\\\/avatar\\\/b984800dabdf722d5e3f03f637c8932dea77d81118467d17ad2953e3b273ec66?s=96&d=mm&r=g\",\"caption\":\"Vincent Vandegans\"},\"description\":\"Vincent est passionn\u00e9 par les produits d'occasion, il a ouvert le site MDO avec Cyrielle pour aider les gens \u00e0 trouver du mobilier d'occasion, vintage ou usag\u00e9. Depuis, ils ont \u00e9tendu leurs activit\u00e9s et conseillent tout le monde sur le mobilier d'int\u00e9rieur et d'ext\u00e9rieur au quotidien \u00e0 travers le magazine MDO.\",\"url\":\"https:\\\/\\\/www.mobilier-design-occasion.fr\\\/magazine\\\/author\\\/vincent\\\/\"}]}<\/script>\n<!-- \/ Yoast SEO plugin. -->","yoast_head_json":{"title":"Assurance Habitation : La protection indispensable pour votre mobilier - Mobilier Design Magazine","robots":{"index":"index","follow":"follow","max-snippet":"max-snippet:-1","max-image-preview":"max-image-preview:large","max-video-preview":"max-video-preview:-1"},"canonical":"https:\/\/www.mobilier-design-occasion.fr\/magazine\/assurance-habitation-la-protection-indispensable-pour-votre-mobilier\/","og_locale":"fr_FR","og_type":"article","og_title":"Assurance Habitation : La protection indispensable pour votre mobilier - Mobilier Design Magazine","og_description":"L&#8217;assurance habitation est un \u00e9l\u00e9ment crucial pour tout propri\u00e9taire ou locataire. Elle offre une protection financi\u00e8re contre divers risques tels que les incendies, les vols, les d\u00e9g\u00e2ts des eaux et autres sinistres. Lorsque l&#8217;on poss\u00e8de du mobilier de valeur, il devient encore plus essentiel de souscrire une assurance habitation ad\u00e9quate pour garantir la s\u00e9curit\u00e9 de [&hellip;]","og_url":"https:\/\/www.mobilier-design-occasion.fr\/magazine\/assurance-habitation-la-protection-indispensable-pour-votre-mobilier\/","og_site_name":"Mobilier Design Magazine","article_publisher":"https:\/\/www.facebook.com\/mobilierdesignoccasion","article_published_time":"2023-07-12T08:39:00+00:00","article_modified_time":"2024-07-12T08:42:00+00:00","og_image":[{"width":2048,"height":1366,"url":"https:\/\/www.mobilier-design-occasion.fr\/magazine\/wp-content\/uploads\/2024\/07\/create-your-home-with-person-which-you-love-scaled.jpg","type":"image\/jpeg"}],"author":"Vincent Vandegans","twitter_card":"summary_large_image","twitter_misc":{"\u00c9crit par":"Vincent Vandegans","Dur\u00e9e de lecture estim\u00e9e":"6 minutes"},"schema":{"@context":"https:\/\/schema.org","@graph":[{"@type":"Article","@id":"https:\/\/www.mobilier-design-occasion.fr\/magazine\/assurance-habitation-la-protection-indispensable-pour-votre-mobilier\/#article","isPartOf":{"@id":"https:\/\/www.mobilier-design-occasion.fr\/magazine\/assurance-habitation-la-protection-indispensable-pour-votre-mobilier\/"},"author":{"name":"Vincent Vandegans","@id":"https:\/\/www.mobilier-design-occasion.fr\/magazine\/#\/schema\/person\/af895bedc80bfb6b17730a672fddac9e"},"headline":"Assurance Habitation : La protection indispensable pour votre mobilier","datePublished":"2023-07-12T08:39:00+00:00","dateModified":"2024-07-12T08:42:00+00:00","mainEntityOfPage":{"@id":"https:\/\/www.mobilier-design-occasion.fr\/magazine\/assurance-habitation-la-protection-indispensable-pour-votre-mobilier\/"},"wordCount":1002,"commentCount":0,"publisher":{"@id":"https:\/\/www.mobilier-design-occasion.fr\/magazine\/#organization"},"image":{"@id":"https:\/\/www.mobilier-design-occasion.fr\/magazine\/assurance-habitation-la-protection-indispensable-pour-votre-mobilier\/#primaryimage"},"thumbnailUrl":"https:\/\/www.mobilier-design-occasion.fr\/magazine\/wp-content\/uploads\/2024\/07\/create-your-home-with-person-which-you-love-scaled.jpg","articleSection":["Tendances"],"inLanguage":"fr-FR","potentialAction":[{"@type":"CommentAction","name":"Comment","target":["https:\/\/www.mobilier-design-occasion.fr\/magazine\/assurance-habitation-la-protection-indispensable-pour-votre-mobilier\/#respond"]}]},{"@type":"WebPage","@id":"https:\/\/www.mobilier-design-occasion.fr\/magazine\/assurance-habitation-la-protection-indispensable-pour-votre-mobilier\/","url":"https:\/\/www.mobilier-design-occasion.fr\/magazine\/assurance-habitation-la-protection-indispensable-pour-votre-mobilier\/","name":"Assurance Habitation : La protection indispensable pour votre mobilier - Mobilier Design Magazine","isPartOf":{"@id":"https:\/\/www.mobilier-design-occasion.fr\/magazine\/#website"},"primaryImageOfPage":{"@id":"https:\/\/www.mobilier-design-occasion.fr\/magazine\/assurance-habitation-la-protection-indispensable-pour-votre-mobilier\/#primaryimage"},"image":{"@id":"https:\/\/www.mobilier-design-occasion.fr\/magazine\/assurance-habitation-la-protection-indispensable-pour-votre-mobilier\/#primaryimage"},"thumbnailUrl":"https:\/\/www.mobilier-design-occasion.fr\/magazine\/wp-content\/uploads\/2024\/07\/create-your-home-with-person-which-you-love-scaled.jpg","datePublished":"2023-07-12T08:39:00+00:00","dateModified":"2024-07-12T08:42:00+00:00","breadcrumb":{"@id":"https:\/\/www.mobilier-design-occasion.fr\/magazine\/assurance-habitation-la-protection-indispensable-pour-votre-mobilier\/#breadcrumb"},"inLanguage":"fr-FR","potentialAction":[{"@type":"ReadAction","target":["https:\/\/www.mobilier-design-occasion.fr\/magazine\/assurance-habitation-la-protection-indispensable-pour-votre-mobilier\/"]}]},{"@type":"ImageObject","inLanguage":"fr-FR","@id":"https:\/\/www.mobilier-design-occasion.fr\/magazine\/assurance-habitation-la-protection-indispensable-pour-votre-mobilier\/#primaryimage","url":"https:\/\/www.mobilier-design-occasion.fr\/magazine\/wp-content\/uploads\/2024\/07\/create-your-home-with-person-which-you-love-scaled.jpg","contentUrl":"https:\/\/www.mobilier-design-occasion.fr\/magazine\/wp-content\/uploads\/2024\/07\/create-your-home-with-person-which-you-love-scaled.jpg","width":2048,"height":1366,"caption":"Create your home with person which you love"},{"@type":"BreadcrumbList","@id":"https:\/\/www.mobilier-design-occasion.fr\/magazine\/assurance-habitation-la-protection-indispensable-pour-votre-mobilier\/#breadcrumb","itemListElement":[{"@type":"ListItem","position":1,"name":"Accueil","item":"https:\/\/www.mobilier-design-occasion.fr\/magazine\/"},{"@type":"ListItem","position":2,"name":"Assurance Habitation : La protection indispensable pour votre mobilier"}]},{"@type":"WebSite","@id":"https:\/\/www.mobilier-design-occasion.fr\/magazine\/#website","url":"https:\/\/www.mobilier-design-occasion.fr\/magazine\/","name":"Mobilier Design Magazine","description":"","publisher":{"@id":"https:\/\/www.mobilier-design-occasion.fr\/magazine\/#organization"},"potentialAction":[{"@type":"SearchAction","target":{"@type":"EntryPoint","urlTemplate":"https:\/\/www.mobilier-design-occasion.fr\/magazine\/?s={search_term_string}"},"query-input":{"@type":"PropertyValueSpecification","valueRequired":true,"valueName":"search_term_string"}}],"inLanguage":"fr-FR"},{"@type":"Organization","@id":"https:\/\/www.mobilier-design-occasion.fr\/magazine\/#organization","name":"Mobilier Design Magazine","url":"https:\/\/www.mobilier-design-occasion.fr\/magazine\/","logo":{"@type":"ImageObject","inLanguage":"fr-FR","@id":"https:\/\/www.mobilier-design-occasion.fr\/magazine\/#\/schema\/logo\/image\/","url":"https:\/\/www.mobilier-design-occasion.fr\/magazine\/wp-content\/uploads\/2024\/02\/android-chrome-192x192-1.png","contentUrl":"https:\/\/www.mobilier-design-occasion.fr\/magazine\/wp-content\/uploads\/2024\/02\/android-chrome-192x192-1.png","width":192,"height":192,"caption":"Mobilier Design Magazine"},"image":{"@id":"https:\/\/www.mobilier-design-occasion.fr\/magazine\/#\/schema\/logo\/image\/"},"sameAs":["https:\/\/www.facebook.com\/mobilierdesignoccasion"]},{"@type":"Person","@id":"https:\/\/www.mobilier-design-occasion.fr\/magazine\/#\/schema\/person\/af895bedc80bfb6b17730a672fddac9e","name":"Vincent Vandegans","image":{"@type":"ImageObject","inLanguage":"fr-FR","@id":"https:\/\/secure.gravatar.com\/avatar\/b984800dabdf722d5e3f03f637c8932dea77d81118467d17ad2953e3b273ec66?s=96&d=mm&r=g","url":"https:\/\/secure.gravatar.com\/avatar\/b984800dabdf722d5e3f03f637c8932dea77d81118467d17ad2953e3b273ec66?s=96&d=mm&r=g","contentUrl":"https:\/\/secure.gravatar.com\/avatar\/b984800dabdf722d5e3f03f637c8932dea77d81118467d17ad2953e3b273ec66?s=96&d=mm&r=g","caption":"Vincent Vandegans"},"description":"Vincent est passionn\u00e9 par les produits d'occasion, il a ouvert le site MDO avec Cyrielle pour aider les gens \u00e0 trouver du mobilier d'occasion, vintage ou usag\u00e9. Depuis, ils ont \u00e9tendu leurs activit\u00e9s et conseillent tout le monde sur le mobilier d'int\u00e9rieur et d'ext\u00e9rieur au quotidien \u00e0 travers le magazine MDO.","url":"https:\/\/www.mobilier-design-occasion.fr\/magazine\/author\/vincent\/"}]}},"_links":{"self":[{"href":"https:\/\/www.mobilier-design-occasion.fr\/magazine\/wp-json\/wp\/v2\/posts\/7877","targetHints":{"allow":["GET"]}}],"collection":[{"href":"https:\/\/www.mobilier-design-occasion.fr\/magazine\/wp-json\/wp\/v2\/posts"}],"about":[{"href":"https:\/\/www.mobilier-design-occasion.fr\/magazine\/wp-json\/wp\/v2\/types\/post"}],"author":[{"embeddable":true,"href":"https:\/\/www.mobilier-design-occasion.fr\/magazine\/wp-json\/wp\/v2\/users\/2"}],"replies":[{"embeddable":true,"href":"https:\/\/www.mobilier-design-occasion.fr\/magazine\/wp-json\/wp\/v2\/comments?post=7877"}],"version-history":[{"count":3,"href":"https:\/\/www.mobilier-design-occasion.fr\/magazine\/wp-json\/wp\/v2\/posts\/7877\/revisions"}],"predecessor-version":[{"id":7886,"href":"https:\/\/www.mobilier-design-occasion.fr\/magazine\/wp-json\/wp\/v2\/posts\/7877\/revisions\/7886"}],"wp:featuredmedia":[{"embeddable":true,"href":"https:\/\/www.mobilier-design-occasion.fr\/magazine\/wp-json\/wp\/v2\/media\/7881"}],"wp:attachment":[{"href":"https:\/\/www.mobilier-design-occasion.fr\/magazine\/wp-json\/wp\/v2\/media?parent=7877"}],"wp:term":[{"taxonomy":"category","embeddable":true,"href":"https:\/\/www.mobilier-design-occasion.fr\/magazine\/wp-json\/wp\/v2\/categories?post=7877"},{"taxonomy":"post_tag","embeddable":true,"href":"https:\/\/www.mobilier-design-occasion.fr\/magazine\/wp-json\/wp\/v2\/tags?post=7877"}],"curies":[{"name":"wp","href":"https:\/\/api.w.org\/{rel}","templated":true}]}}