{"id":7835,"date":"2024-04-18T07:13:18","date_gmt":"2024-04-18T07:13:18","guid":{"rendered":"https:\/\/www.mobilier-design-occasion.fr\/magazine\/?p=7835"},"modified":"2024-04-18T07:13:21","modified_gmt":"2024-04-18T07:13:21","slug":"comment-amenager-votre-atelier-ou-votre-garage-en-2-conseils-imparables","status":"publish","type":"post","link":"https:\/\/www.mobilier-design-occasion.fr\/magazine\/comment-amenager-votre-atelier-ou-votre-garage-en-2-conseils-imparables\/","title":{"rendered":"Comment am\u00e9nager votre atelier ou votre garage en 2 conseils imparables\u2009?"},"content":{"rendered":"\n<p><strong>La configuration de votre atelier ou de votre garage n\u2019est plus adapt\u00e9e \u00e0 vos activit\u00e9s de bricolage ? Souhaitez-vous am\u00e9nager cet espace ext\u00e9rieur<\/strong><strong>\u2009? Si vous ne savez pas comment proc\u00e9der, retrouvez ici les deux conseils imparables pour y parvenir.<\/strong><\/p>\n\n\n\n<h2 class=\"wp-block-heading\">Pr\u00e9voir beaucoup de rangements<\/h2>\n\n\n\n<p>Votre atelier ou votre garage sont des lieux o\u00f9 sont entrepos\u00e9s de nombreux outils de bricolage et de petites pi\u00e8ces utiles pour vos diff\u00e9rents travaux. Il s\u2019agit essentiellement&nbsp;:<\/p>\n\n\n\n<ul class=\"wp-block-list\">\n<li>D\u2019appareils de bricolage (perceuses-visseuses, scie circulaire, ponceuse, etc.)\u2009;<\/li>\n\n\n\n<li>De tournevis\u2009;<\/li>\n\n\n\n<li>De cl\u00e9s\u2009;<\/li>\n\n\n\n<li>De limes \u00e0 m\u00e9taux.<\/li>\n<\/ul>\n\n\n\n<p>Pour une bonne optimisation de l\u2019espace, il est important de pr\u00e9voir un certain nombre de rangements. Qu\u2019il s\u2019agisse\u00a0<strong>d\u2019\u00e9tag\u00e8res<\/strong>\u00a0ou\u00a0<strong>d\u2019autres formes de rangement<\/strong>, ces derniers doivent \u00eatre adapt\u00e9s \u00e0 la quantit\u00e9 d\u2019outils et de mat\u00e9riels \u00e0 ranger. Dans cette optique, cette marque vous propose des\u00a0<a href=\"https:\/\/shop.bito.com\/fr-fr\/t\/categories\/bacs-en-plastique\/bacs-de-rangement\">bacs de rangement<\/a>\u00a0de qualit\u00e9 pour le stockage ou l\u2019entreposage de toutes les pi\u00e8ces et fournitures pr\u00e9sentes dans votre espace ext\u00e9rieur.<\/p>\n\n\n\n<figure class=\"wp-block-image size-large\"><img loading=\"lazy\" decoding=\"async\" width=\"1024\" height=\"768\" src=\"https:\/\/www.mobilier-design-occasion.fr\/magazine\/wp-content\/uploads\/2024\/04\/cc5799642a1a657fabe3dad34f4a44db-1024x768.jpeg\" alt=\"\" class=\"wp-image-7836\" srcset=\"https:\/\/www.mobilier-design-occasion.fr\/magazine\/wp-content\/uploads\/2024\/04\/cc5799642a1a657fabe3dad34f4a44db-1024x768.jpeg 1024w, https:\/\/www.mobilier-design-occasion.fr\/magazine\/wp-content\/uploads\/2024\/04\/cc5799642a1a657fabe3dad34f4a44db-300x225.jpeg 300w, https:\/\/www.mobilier-design-occasion.fr\/magazine\/wp-content\/uploads\/2024\/04\/cc5799642a1a657fabe3dad34f4a44db-768x576.jpeg 768w, https:\/\/www.mobilier-design-occasion.fr\/magazine\/wp-content\/uploads\/2024\/04\/cc5799642a1a657fabe3dad34f4a44db-810x608.jpeg 810w, https:\/\/www.mobilier-design-occasion.fr\/magazine\/wp-content\/uploads\/2024\/04\/cc5799642a1a657fabe3dad34f4a44db-1140x855.jpeg 1140w, https:\/\/www.mobilier-design-occasion.fr\/magazine\/wp-content\/uploads\/2024\/04\/cc5799642a1a657fabe3dad34f4a44db.jpeg 1200w\" sizes=\"auto, (max-width: 1024px) 100vw, 1024px\" \/><\/figure>\n\n\n\n<h2 class=\"wp-block-heading\">Installer un \u00e9tabli solide et stable<\/h2>\n\n\n\n<p>L\u2019\u00e9tabli est un&nbsp;<strong>mobilier indispensable<\/strong>&nbsp;dans votre atelier ou votre garage. Elle vous permet de r\u00e9aliser vos travaux dans les&nbsp;<strong>meilleures conditions<\/strong>. Pour ce faire, il faut qu\u2019il soit solide, robuste et stable. Il ne doit pas \u00eatre \u00e9loign\u00e9 de vos rangements.<\/p>\n\n\n\n<p>Ce qui vous permet d\u2019avoir l\u2019essentiel de ce dont vous avez besoin \u00e0 port\u00e9e de main. Vous pouvez aussi \u00e9quiper l\u2019\u00e9tabli&nbsp;<strong>d\u2019une lampe d\u2019\u00e9tabli<\/strong>. Ce qui vous permet de r\u00e9aliser les travaux de pr\u00e9cision \u00e0 n\u2019importe quel moment de la journ\u00e9e. &nbsp;<\/p>\n\n\n\n<p>Ces conseils constituent&nbsp;<strong>la cl\u00e9<\/strong>&nbsp;pour am\u00e9nager votre atelier ou votre garage en fonction de vos besoins.<\/p>\n","protected":false},"excerpt":{"rendered":"<p>La configuration de votre atelier ou de votre garage n\u2019est plus adapt\u00e9e \u00e0 vos activit\u00e9s de bricolage ? Souhaitez-vous am\u00e9nager cet espace ext\u00e9rieur\u2009? Si vous ne savez pas comment proc\u00e9der, retrouvez ici les deux conseils imparables pour y parvenir. Pr\u00e9voir beaucoup de rangements Votre atelier ou votre garage sont des lieux o\u00f9 sont entrepos\u00e9s de [&hellip;]<\/p>\n","protected":false},"author":1,"featured_media":0,"comment_status":"open","ping_status":"open","sticky":false,"template":"","format":"standard","meta":{"footnotes":""},"categories":[124],"tags":[],"class_list":["post-7835","post","type-post","status-publish","format-standard","hentry","category-exterieur"],"yoast_head":"<!-- This site is optimized with the Yoast SEO plugin v27.5 - https:\/\/yoast.com\/product\/yoast-seo-wordpress\/ -->\n<title>Comment am\u00e9nager votre atelier ou votre garage en 2 conseils imparables\u2009? - Mobilier Design Magazine<\/title>\n<meta name=\"robots\" content=\"index, follow, max-snippet:-1, max-image-preview:large, max-video-preview:-1\" \/>\n<link rel=\"canonical\" href=\"https:\/\/www.mobilier-design-occasion.fr\/magazine\/comment-amenager-votre-atelier-ou-votre-garage-en-2-conseils-imparables\/\" \/>\n<meta property=\"og:locale\" content=\"fr_FR\" \/>\n<meta property=\"og:type\" content=\"article\" \/>\n<meta property=\"og:title\" content=\"Comment am\u00e9nager votre atelier ou votre garage en 2 conseils imparables\u2009? - Mobilier Design Magazine\" \/>\n<meta property=\"og:description\" content=\"La configuration de votre atelier ou de votre garage n\u2019est plus adapt\u00e9e \u00e0 vos activit\u00e9s de bricolage ? Souhaitez-vous am\u00e9nager cet espace ext\u00e9rieur\u2009? Si vous ne savez pas comment proc\u00e9der, retrouvez ici les deux conseils imparables pour y parvenir. Pr\u00e9voir beaucoup de rangements Votre atelier ou votre garage sont des lieux o\u00f9 sont entrepos\u00e9s de [&hellip;]\" \/>\n<meta property=\"og:url\" content=\"https:\/\/www.mobilier-design-occasion.fr\/magazine\/comment-amenager-votre-atelier-ou-votre-garage-en-2-conseils-imparables\/\" \/>\n<meta property=\"og:site_name\" content=\"Mobilier Design Magazine\" \/>\n<meta property=\"article:publisher\" content=\"https:\/\/www.facebook.com\/mobilierdesignoccasion\" \/>\n<meta property=\"article:published_time\" content=\"2024-04-18T07:13:18+00:00\" \/>\n<meta property=\"article:modified_time\" content=\"2024-04-18T07:13:21+00:00\" \/>\n<meta property=\"og:image\" content=\"https:\/\/www.mobilier-design-occasion.fr\/magazine\/wp-content\/uploads\/2024\/04\/cc5799642a1a657fabe3dad34f4a44db-1024x768.jpeg\" \/>\n<meta name=\"author\" content=\"Cyrielle Poirot\" \/>\n<meta name=\"twitter:card\" content=\"summary_large_image\" \/>\n<meta name=\"twitter:label1\" content=\"\u00c9crit par\" \/>\n\t<meta name=\"twitter:data1\" content=\"Cyrielle Poirot\" \/>\n\t<meta name=\"twitter:label2\" content=\"Dur\u00e9e de lecture estim\u00e9e\" \/>\n\t<meta name=\"twitter:data2\" content=\"2 minutes\" \/>\n<script type=\"application\/ld+json\" class=\"yoast-schema-graph\">{\"@context\":\"https:\\\/\\\/schema.org\",\"@graph\":[{\"@type\":\"Article\",\"@id\":\"https:\\\/\\\/www.mobilier-design-occasion.fr\\\/magazine\\\/comment-amenager-votre-atelier-ou-votre-garage-en-2-conseils-imparables\\\/#article\",\"isPartOf\":{\"@id\":\"https:\\\/\\\/www.mobilier-design-occasion.fr\\\/magazine\\\/comment-amenager-votre-atelier-ou-votre-garage-en-2-conseils-imparables\\\/\"},\"author\":{\"name\":\"Cyrielle Poirot\",\"@id\":\"https:\\\/\\\/www.mobilier-design-occasion.fr\\\/magazine\\\/#\\\/schema\\\/person\\\/5b2e5627a714ddadaaf8c9b886c55eff\"},\"headline\":\"Comment am\u00e9nager votre atelier ou votre garage en 2 conseils imparables\u2009?\",\"datePublished\":\"2024-04-18T07:13:18+00:00\",\"dateModified\":\"2024-04-18T07:13:21+00:00\",\"mainEntityOfPage\":{\"@id\":\"https:\\\/\\\/www.mobilier-design-occasion.fr\\\/magazine\\\/comment-amenager-votre-atelier-ou-votre-garage-en-2-conseils-imparables\\\/\"},\"wordCount\":314,\"commentCount\":0,\"publisher\":{\"@id\":\"https:\\\/\\\/www.mobilier-design-occasion.fr\\\/magazine\\\/#organization\"},\"image\":{\"@id\":\"https:\\\/\\\/www.mobilier-design-occasion.fr\\\/magazine\\\/comment-amenager-votre-atelier-ou-votre-garage-en-2-conseils-imparables\\\/#primaryimage\"},\"thumbnailUrl\":\"https:\\\/\\\/www.mobilier-design-occasion.fr\\\/magazine\\\/wp-content\\\/uploads\\\/2024\\\/04\\\/cc5799642a1a657fabe3dad34f4a44db-1024x768.jpeg\",\"articleSection\":[\"Ext\u00e9rieur\"],\"inLanguage\":\"fr-FR\",\"potentialAction\":[{\"@type\":\"CommentAction\",\"name\":\"Comment\",\"target\":[\"https:\\\/\\\/www.mobilier-design-occasion.fr\\\/magazine\\\/comment-amenager-votre-atelier-ou-votre-garage-en-2-conseils-imparables\\\/#respond\"]}]},{\"@type\":\"WebPage\",\"@id\":\"https:\\\/\\\/www.mobilier-design-occasion.fr\\\/magazine\\\/comment-amenager-votre-atelier-ou-votre-garage-en-2-conseils-imparables\\\/\",\"url\":\"https:\\\/\\\/www.mobilier-design-occasion.fr\\\/magazine\\\/comment-amenager-votre-atelier-ou-votre-garage-en-2-conseils-imparables\\\/\",\"name\":\"Comment am\u00e9nager votre atelier ou votre garage en 2 conseils imparables\u2009? - Mobilier Design Magazine\",\"isPartOf\":{\"@id\":\"https:\\\/\\\/www.mobilier-design-occasion.fr\\\/magazine\\\/#website\"},\"primaryImageOfPage\":{\"@id\":\"https:\\\/\\\/www.mobilier-design-occasion.fr\\\/magazine\\\/comment-amenager-votre-atelier-ou-votre-garage-en-2-conseils-imparables\\\/#primaryimage\"},\"image\":{\"@id\":\"https:\\\/\\\/www.mobilier-design-occasion.fr\\\/magazine\\\/comment-amenager-votre-atelier-ou-votre-garage-en-2-conseils-imparables\\\/#primaryimage\"},\"thumbnailUrl\":\"https:\\\/\\\/www.mobilier-design-occasion.fr\\\/magazine\\\/wp-content\\\/uploads\\\/2024\\\/04\\\/cc5799642a1a657fabe3dad34f4a44db-1024x768.jpeg\",\"datePublished\":\"2024-04-18T07:13:18+00:00\",\"dateModified\":\"2024-04-18T07:13:21+00:00\",\"breadcrumb\":{\"@id\":\"https:\\\/\\\/www.mobilier-design-occasion.fr\\\/magazine\\\/comment-amenager-votre-atelier-ou-votre-garage-en-2-conseils-imparables\\\/#breadcrumb\"},\"inLanguage\":\"fr-FR\",\"potentialAction\":[{\"@type\":\"ReadAction\",\"target\":[\"https:\\\/\\\/www.mobilier-design-occasion.fr\\\/magazine\\\/comment-amenager-votre-atelier-ou-votre-garage-en-2-conseils-imparables\\\/\"]}]},{\"@type\":\"ImageObject\",\"inLanguage\":\"fr-FR\",\"@id\":\"https:\\\/\\\/www.mobilier-design-occasion.fr\\\/magazine\\\/comment-amenager-votre-atelier-ou-votre-garage-en-2-conseils-imparables\\\/#primaryimage\",\"url\":\"https:\\\/\\\/www.mobilier-design-occasion.fr\\\/magazine\\\/wp-content\\\/uploads\\\/2024\\\/04\\\/cc5799642a1a657fabe3dad34f4a44db.jpeg\",\"contentUrl\":\"https:\\\/\\\/www.mobilier-design-occasion.fr\\\/magazine\\\/wp-content\\\/uploads\\\/2024\\\/04\\\/cc5799642a1a657fabe3dad34f4a44db.jpeg\",\"width\":1200,\"height\":900},{\"@type\":\"BreadcrumbList\",\"@id\":\"https:\\\/\\\/www.mobilier-design-occasion.fr\\\/magazine\\\/comment-amenager-votre-atelier-ou-votre-garage-en-2-conseils-imparables\\\/#breadcrumb\",\"itemListElement\":[{\"@type\":\"ListItem\",\"position\":1,\"name\":\"Accueil\",\"item\":\"https:\\\/\\\/www.mobilier-design-occasion.fr\\\/magazine\\\/\"},{\"@type\":\"ListItem\",\"position\":2,\"name\":\"Comment am\u00e9nager votre atelier ou votre garage en 2 conseils imparables\u2009?\"}]},{\"@type\":\"WebSite\",\"@id\":\"https:\\\/\\\/www.mobilier-design-occasion.fr\\\/magazine\\\/#website\",\"url\":\"https:\\\/\\\/www.mobilier-design-occasion.fr\\\/magazine\\\/\",\"name\":\"Mobilier Design Magazine\",\"description\":\"\",\"publisher\":{\"@id\":\"https:\\\/\\\/www.mobilier-design-occasion.fr\\\/magazine\\\/#organization\"},\"potentialAction\":[{\"@type\":\"SearchAction\",\"target\":{\"@type\":\"EntryPoint\",\"urlTemplate\":\"https:\\\/\\\/www.mobilier-design-occasion.fr\\\/magazine\\\/?s={search_term_string}\"},\"query-input\":{\"@type\":\"PropertyValueSpecification\",\"valueRequired\":true,\"valueName\":\"search_term_string\"}}],\"inLanguage\":\"fr-FR\"},{\"@type\":\"Organization\",\"@id\":\"https:\\\/\\\/www.mobilier-design-occasion.fr\\\/magazine\\\/#organization\",\"name\":\"Mobilier Design Magazine\",\"url\":\"https:\\\/\\\/www.mobilier-design-occasion.fr\\\/magazine\\\/\",\"logo\":{\"@type\":\"ImageObject\",\"inLanguage\":\"fr-FR\",\"@id\":\"https:\\\/\\\/www.mobilier-design-occasion.fr\\\/magazine\\\/#\\\/schema\\\/logo\\\/image\\\/\",\"url\":\"https:\\\/\\\/www.mobilier-design-occasion.fr\\\/magazine\\\/wp-content\\\/uploads\\\/2024\\\/02\\\/android-chrome-192x192-1.png\",\"contentUrl\":\"https:\\\/\\\/www.mobilier-design-occasion.fr\\\/magazine\\\/wp-content\\\/uploads\\\/2024\\\/02\\\/android-chrome-192x192-1.png\",\"width\":192,\"height\":192,\"caption\":\"Mobilier Design Magazine\"},\"image\":{\"@id\":\"https:\\\/\\\/www.mobilier-design-occasion.fr\\\/magazine\\\/#\\\/schema\\\/logo\\\/image\\\/\"},\"sameAs\":[\"https:\\\/\\\/www.facebook.com\\\/mobilierdesignoccasion\"]},{\"@type\":\"Person\",\"@id\":\"https:\\\/\\\/www.mobilier-design-occasion.fr\\\/magazine\\\/#\\\/schema\\\/person\\\/5b2e5627a714ddadaaf8c9b886c55eff\",\"name\":\"Cyrielle Poirot\",\"image\":{\"@type\":\"ImageObject\",\"inLanguage\":\"fr-FR\",\"@id\":\"https:\\\/\\\/secure.gravatar.com\\\/avatar\\\/c8d2674e093b06894d8d1dc468b626bd752523471f3ac6e75f7c7a1400d40b4d?s=96&d=mm&r=g\",\"url\":\"https:\\\/\\\/secure.gravatar.com\\\/avatar\\\/c8d2674e093b06894d8d1dc468b626bd752523471f3ac6e75f7c7a1400d40b4d?s=96&d=mm&r=g\",\"contentUrl\":\"https:\\\/\\\/secure.gravatar.com\\\/avatar\\\/c8d2674e093b06894d8d1dc468b626bd752523471f3ac6e75f7c7a1400d40b4d?s=96&d=mm&r=g\",\"caption\":\"Cyrielle Poirot\"},\"description\":\"Cyrielle est passionn\u00e9e par la d\u00e9coration d'int\u00e9rieur et s'est sp\u00e9cialis\u00e9e depuis quelques ann\u00e9es dans l'\u00e9dition du site Mobilier-Design, avec une touche sp\u00e9cifique pour les produits d'occasion.\",\"sameAs\":[\"https:\\\/\\\/www.mobilier-design-occasion.fr\\\/magazine\"],\"url\":\"https:\\\/\\\/www.mobilier-design-occasion.fr\\\/magazine\\\/author\\\/cyrielle\\\/\"}]}<\/script>\n<!-- \/ Yoast SEO plugin. -->","yoast_head_json":{"title":"Comment am\u00e9nager votre atelier ou votre garage en 2 conseils imparables\u2009? - Mobilier Design Magazine","robots":{"index":"index","follow":"follow","max-snippet":"max-snippet:-1","max-image-preview":"max-image-preview:large","max-video-preview":"max-video-preview:-1"},"canonical":"https:\/\/www.mobilier-design-occasion.fr\/magazine\/comment-amenager-votre-atelier-ou-votre-garage-en-2-conseils-imparables\/","og_locale":"fr_FR","og_type":"article","og_title":"Comment am\u00e9nager votre atelier ou votre garage en 2 conseils imparables\u2009? - Mobilier Design Magazine","og_description":"La configuration de votre atelier ou de votre garage n\u2019est plus adapt\u00e9e \u00e0 vos activit\u00e9s de bricolage ? Souhaitez-vous am\u00e9nager cet espace ext\u00e9rieur\u2009? Si vous ne savez pas comment proc\u00e9der, retrouvez ici les deux conseils imparables pour y parvenir. Pr\u00e9voir beaucoup de rangements Votre atelier ou votre garage sont des lieux o\u00f9 sont entrepos\u00e9s de [&hellip;]","og_url":"https:\/\/www.mobilier-design-occasion.fr\/magazine\/comment-amenager-votre-atelier-ou-votre-garage-en-2-conseils-imparables\/","og_site_name":"Mobilier Design Magazine","article_publisher":"https:\/\/www.facebook.com\/mobilierdesignoccasion","article_published_time":"2024-04-18T07:13:18+00:00","article_modified_time":"2024-04-18T07:13:21+00:00","og_image":[{"url":"https:\/\/www.mobilier-design-occasion.fr\/magazine\/wp-content\/uploads\/2024\/04\/cc5799642a1a657fabe3dad34f4a44db-1024x768.jpeg","type":"","width":"","height":""}],"author":"Cyrielle Poirot","twitter_card":"summary_large_image","twitter_misc":{"\u00c9crit par":"Cyrielle Poirot","Dur\u00e9e de lecture estim\u00e9e":"2 minutes"},"schema":{"@context":"https:\/\/schema.org","@graph":[{"@type":"Article","@id":"https:\/\/www.mobilier-design-occasion.fr\/magazine\/comment-amenager-votre-atelier-ou-votre-garage-en-2-conseils-imparables\/#article","isPartOf":{"@id":"https:\/\/www.mobilier-design-occasion.fr\/magazine\/comment-amenager-votre-atelier-ou-votre-garage-en-2-conseils-imparables\/"},"author":{"name":"Cyrielle Poirot","@id":"https:\/\/www.mobilier-design-occasion.fr\/magazine\/#\/schema\/person\/5b2e5627a714ddadaaf8c9b886c55eff"},"headline":"Comment am\u00e9nager votre atelier ou votre garage en 2 conseils imparables\u2009?","datePublished":"2024-04-18T07:13:18+00:00","dateModified":"2024-04-18T07:13:21+00:00","mainEntityOfPage":{"@id":"https:\/\/www.mobilier-design-occasion.fr\/magazine\/comment-amenager-votre-atelier-ou-votre-garage-en-2-conseils-imparables\/"},"wordCount":314,"commentCount":0,"publisher":{"@id":"https:\/\/www.mobilier-design-occasion.fr\/magazine\/#organization"},"image":{"@id":"https:\/\/www.mobilier-design-occasion.fr\/magazine\/comment-amenager-votre-atelier-ou-votre-garage-en-2-conseils-imparables\/#primaryimage"},"thumbnailUrl":"https:\/\/www.mobilier-design-occasion.fr\/magazine\/wp-content\/uploads\/2024\/04\/cc5799642a1a657fabe3dad34f4a44db-1024x768.jpeg","articleSection":["Ext\u00e9rieur"],"inLanguage":"fr-FR","potentialAction":[{"@type":"CommentAction","name":"Comment","target":["https:\/\/www.mobilier-design-occasion.fr\/magazine\/comment-amenager-votre-atelier-ou-votre-garage-en-2-conseils-imparables\/#respond"]}]},{"@type":"WebPage","@id":"https:\/\/www.mobilier-design-occasion.fr\/magazine\/comment-amenager-votre-atelier-ou-votre-garage-en-2-conseils-imparables\/","url":"https:\/\/www.mobilier-design-occasion.fr\/magazine\/comment-amenager-votre-atelier-ou-votre-garage-en-2-conseils-imparables\/","name":"Comment am\u00e9nager votre atelier ou votre garage en 2 conseils imparables\u2009? - Mobilier Design Magazine","isPartOf":{"@id":"https:\/\/www.mobilier-design-occasion.fr\/magazine\/#website"},"primaryImageOfPage":{"@id":"https:\/\/www.mobilier-design-occasion.fr\/magazine\/comment-amenager-votre-atelier-ou-votre-garage-en-2-conseils-imparables\/#primaryimage"},"image":{"@id":"https:\/\/www.mobilier-design-occasion.fr\/magazine\/comment-amenager-votre-atelier-ou-votre-garage-en-2-conseils-imparables\/#primaryimage"},"thumbnailUrl":"https:\/\/www.mobilier-design-occasion.fr\/magazine\/wp-content\/uploads\/2024\/04\/cc5799642a1a657fabe3dad34f4a44db-1024x768.jpeg","datePublished":"2024-04-18T07:13:18+00:00","dateModified":"2024-04-18T07:13:21+00:00","breadcrumb":{"@id":"https:\/\/www.mobilier-design-occasion.fr\/magazine\/comment-amenager-votre-atelier-ou-votre-garage-en-2-conseils-imparables\/#breadcrumb"},"inLanguage":"fr-FR","potentialAction":[{"@type":"ReadAction","target":["https:\/\/www.mobilier-design-occasion.fr\/magazine\/comment-amenager-votre-atelier-ou-votre-garage-en-2-conseils-imparables\/"]}]},{"@type":"ImageObject","inLanguage":"fr-FR","@id":"https:\/\/www.mobilier-design-occasion.fr\/magazine\/comment-amenager-votre-atelier-ou-votre-garage-en-2-conseils-imparables\/#primaryimage","url":"https:\/\/www.mobilier-design-occasion.fr\/magazine\/wp-content\/uploads\/2024\/04\/cc5799642a1a657fabe3dad34f4a44db.jpeg","contentUrl":"https:\/\/www.mobilier-design-occasion.fr\/magazine\/wp-content\/uploads\/2024\/04\/cc5799642a1a657fabe3dad34f4a44db.jpeg","width":1200,"height":900},{"@type":"BreadcrumbList","@id":"https:\/\/www.mobilier-design-occasion.fr\/magazine\/comment-amenager-votre-atelier-ou-votre-garage-en-2-conseils-imparables\/#breadcrumb","itemListElement":[{"@type":"ListItem","position":1,"name":"Accueil","item":"https:\/\/www.mobilier-design-occasion.fr\/magazine\/"},{"@type":"ListItem","position":2,"name":"Comment am\u00e9nager votre atelier ou votre garage en 2 conseils imparables\u2009?"}]},{"@type":"WebSite","@id":"https:\/\/www.mobilier-design-occasion.fr\/magazine\/#website","url":"https:\/\/www.mobilier-design-occasion.fr\/magazine\/","name":"Mobilier Design Magazine","description":"","publisher":{"@id":"https:\/\/www.mobilier-design-occasion.fr\/magazine\/#organization"},"potentialAction":[{"@type":"SearchAction","target":{"@type":"EntryPoint","urlTemplate":"https:\/\/www.mobilier-design-occasion.fr\/magazine\/?s={search_term_string}"},"query-input":{"@type":"PropertyValueSpecification","valueRequired":true,"valueName":"search_term_string"}}],"inLanguage":"fr-FR"},{"@type":"Organization","@id":"https:\/\/www.mobilier-design-occasion.fr\/magazine\/#organization","name":"Mobilier Design Magazine","url":"https:\/\/www.mobilier-design-occasion.fr\/magazine\/","logo":{"@type":"ImageObject","inLanguage":"fr-FR","@id":"https:\/\/www.mobilier-design-occasion.fr\/magazine\/#\/schema\/logo\/image\/","url":"https:\/\/www.mobilier-design-occasion.fr\/magazine\/wp-content\/uploads\/2024\/02\/android-chrome-192x192-1.png","contentUrl":"https:\/\/www.mobilier-design-occasion.fr\/magazine\/wp-content\/uploads\/2024\/02\/android-chrome-192x192-1.png","width":192,"height":192,"caption":"Mobilier Design Magazine"},"image":{"@id":"https:\/\/www.mobilier-design-occasion.fr\/magazine\/#\/schema\/logo\/image\/"},"sameAs":["https:\/\/www.facebook.com\/mobilierdesignoccasion"]},{"@type":"Person","@id":"https:\/\/www.mobilier-design-occasion.fr\/magazine\/#\/schema\/person\/5b2e5627a714ddadaaf8c9b886c55eff","name":"Cyrielle Poirot","image":{"@type":"ImageObject","inLanguage":"fr-FR","@id":"https:\/\/secure.gravatar.com\/avatar\/c8d2674e093b06894d8d1dc468b626bd752523471f3ac6e75f7c7a1400d40b4d?s=96&d=mm&r=g","url":"https:\/\/secure.gravatar.com\/avatar\/c8d2674e093b06894d8d1dc468b626bd752523471f3ac6e75f7c7a1400d40b4d?s=96&d=mm&r=g","contentUrl":"https:\/\/secure.gravatar.com\/avatar\/c8d2674e093b06894d8d1dc468b626bd752523471f3ac6e75f7c7a1400d40b4d?s=96&d=mm&r=g","caption":"Cyrielle Poirot"},"description":"Cyrielle est passionn\u00e9e par la d\u00e9coration d'int\u00e9rieur et s'est sp\u00e9cialis\u00e9e depuis quelques ann\u00e9es dans l'\u00e9dition du site Mobilier-Design, avec une touche sp\u00e9cifique pour les produits d'occasion.","sameAs":["https:\/\/www.mobilier-design-occasion.fr\/magazine"],"url":"https:\/\/www.mobilier-design-occasion.fr\/magazine\/author\/cyrielle\/"}]}},"_links":{"self":[{"href":"https:\/\/www.mobilier-design-occasion.fr\/magazine\/wp-json\/wp\/v2\/posts\/7835","targetHints":{"allow":["GET"]}}],"collection":[{"href":"https:\/\/www.mobilier-design-occasion.fr\/magazine\/wp-json\/wp\/v2\/posts"}],"about":[{"href":"https:\/\/www.mobilier-design-occasion.fr\/magazine\/wp-json\/wp\/v2\/types\/post"}],"author":[{"embeddable":true,"href":"https:\/\/www.mobilier-design-occasion.fr\/magazine\/wp-json\/wp\/v2\/users\/1"}],"replies":[{"embeddable":true,"href":"https:\/\/www.mobilier-design-occasion.fr\/magazine\/wp-json\/wp\/v2\/comments?post=7835"}],"version-history":[{"count":1,"href":"https:\/\/www.mobilier-design-occasion.fr\/magazine\/wp-json\/wp\/v2\/posts\/7835\/revisions"}],"predecessor-version":[{"id":7837,"href":"https:\/\/www.mobilier-design-occasion.fr\/magazine\/wp-json\/wp\/v2\/posts\/7835\/revisions\/7837"}],"wp:attachment":[{"href":"https:\/\/www.mobilier-design-occasion.fr\/magazine\/wp-json\/wp\/v2\/media?parent=7835"}],"wp:term":[{"taxonomy":"category","embeddable":true,"href":"https:\/\/www.mobilier-design-occasion.fr\/magazine\/wp-json\/wp\/v2\/categories?post=7835"},{"taxonomy":"post_tag","embeddable":true,"href":"https:\/\/www.mobilier-design-occasion.fr\/magazine\/wp-json\/wp\/v2\/tags?post=7835"}],"curies":[{"name":"wp","href":"https:\/\/api.w.org\/{rel}","templated":true}]}}