{"id":7825,"date":"2024-04-01T09:09:27","date_gmt":"2024-04-01T09:09:27","guid":{"rendered":"https:\/\/www.mobilier-design-occasion.fr\/magazine\/?p=7825"},"modified":"2024-04-01T09:09:28","modified_gmt":"2024-04-01T09:09:28","slug":"cest-le-printemps-le-guide-pour-choisir-votre-fauteuil-de-jardin","status":"publish","type":"post","link":"https:\/\/www.mobilier-design-occasion.fr\/magazine\/cest-le-printemps-le-guide-pour-choisir-votre-fauteuil-de-jardin\/","title":{"rendered":"C&#8217;est le printemps! Le Guide pour choisir votre fauteuil de jardin"},"content":{"rendered":"\n<p>Le printemps arrive, les temp\u00e9ratures remontent et les oiseaux chantent. Il est venu le temps des rires et des chants&#8230; mais aussi de profiter de sa terrasse avec un mobilier de jardin de qualit\u00e9, esth\u00e9tique et confortable. On fait le point.<\/p>\n\n\n\n<p>Voici comment choisir celui qui promet d&#8217;embellir vos journ\u00e9es ensoleill\u00e9es.<\/p>\n\n\n\n<p>Choisir le bon fauteuil de jardin, c&#8217;est avant tout trouver le parfait \u00e9quilibre entre confort et style. Imaginez-vous en train de vous pr\u00e9lasser dans un fauteuil qui non seulement rehausse l&#8217;esth\u00e9tique de votre jardin mais vous enveloppe aussi dans un confort in\u00e9gal\u00e9 d\u00e8s l&#8217;instant o\u00f9 vous vous y asseyez. Retrouvez les mod\u00e8les ci-dessous sur le site <a href=\"https:\/\/www.jardiland.com\/c\/fauteuil-de-jardin\">Jardiland.com<\/a>.<\/p>\n\n\n\n<figure class=\"wp-block-image size-large\"><img loading=\"lazy\" decoding=\"async\" width=\"1024\" height=\"307\" src=\"https:\/\/www.mobilier-design-occasion.fr\/magazine\/wp-content\/uploads\/2024\/04\/image-1024x307.png\" alt=\"\" class=\"wp-image-7826\" srcset=\"https:\/\/www.mobilier-design-occasion.fr\/magazine\/wp-content\/uploads\/2024\/04\/image-1024x307.png 1024w, https:\/\/www.mobilier-design-occasion.fr\/magazine\/wp-content\/uploads\/2024\/04\/image-300x90.png 300w, https:\/\/www.mobilier-design-occasion.fr\/magazine\/wp-content\/uploads\/2024\/04\/image-768x230.png 768w, https:\/\/www.mobilier-design-occasion.fr\/magazine\/wp-content\/uploads\/2024\/04\/image-810x243.png 810w, https:\/\/www.mobilier-design-occasion.fr\/magazine\/wp-content\/uploads\/2024\/04\/image.png 1128w\" sizes=\"auto, (max-width: 1024px) 100vw, 1024px\" \/><figcaption class=\"wp-element-caption\">Jardiland.com : les fauteuils de jardin<\/figcaption><\/figure>\n\n\n\n<h3 class=\"wp-block-heading\"><span class=\"ez-toc-section\" id=\"Choix_des_materiaux_et_esthetique\"><\/span>Choix des mat\u00e9riaux et esth\u00e9tique<span class=\"ez-toc-section-end\"><\/span><\/h3><div id=\"ez-toc-container\" class=\"ez-toc-v2_0_82_2 counter-hierarchy ez-toc-counter ez-toc-grey ez-toc-container-direction\">\n<div class=\"ez-toc-title-container\">\n<span class=\"ez-toc-title-toggle\"><a href=\"#\" class=\"ez-toc-pull-right ez-toc-btn ez-toc-btn-xs ez-toc-btn-default ez-toc-toggle\" aria-label=\"Toggle Table of Content\"><span class=\"ez-toc-js-icon-con\"><span class=\"\"><span class=\"eztoc-hide\" style=\"display:none;\">Toggle<\/span><span class=\"ez-toc-icon-toggle-span\"><svg style=\"fill: #999;color:#999\" xmlns=\"http:\/\/www.w3.org\/2000\/svg\" class=\"list-377408\" width=\"20px\" height=\"20px\" viewBox=\"0 0 24 24\" fill=\"none\"><path d=\"M6 6H4v2h2V6zm14 0H8v2h12V6zM4 11h2v2H4v-2zm16 0H8v2h12v-2zM4 16h2v2H4v-2zm16 0H8v2h12v-2z\" fill=\"currentColor\"><\/path><\/svg><svg style=\"fill: #999;color:#999\" class=\"arrow-unsorted-368013\" xmlns=\"http:\/\/www.w3.org\/2000\/svg\" width=\"10px\" height=\"10px\" viewBox=\"0 0 24 24\" version=\"1.2\" baseProfile=\"tiny\"><path d=\"M18.2 9.3l-6.2-6.3-6.2 6.3c-.2.2-.3.4-.3.7s.1.5.3.7c.2.2.4.3.7.3h11c.3 0 .5-.1.7-.3.2-.2.3-.5.3-.7s-.1-.5-.3-.7zM5.8 14.7l6.2 6.3 6.2-6.3c.2-.2.3-.5.3-.7s-.1-.5-.3-.7c-.2-.2-.4-.3-.7-.3h-11c-.3 0-.5.1-.7.3-.2.2-.3.5-.3.7s.1.5.3.7z\"\/><\/svg><\/span><\/span><\/span><\/a><\/span><\/div>\n<nav><ul class='ez-toc-list ez-toc-list-level-1 eztoc-toggle-hide-by-default' ><ul class='ez-toc-list-level-3' ><li class='ez-toc-heading-level-3'><a class=\"ez-toc-link ez-toc-heading-1\" href=\"https:\/\/www.mobilier-design-occasion.fr\/magazine\/cest-le-printemps-le-guide-pour-choisir-votre-fauteuil-de-jardin\/#Choix_des_materiaux_et_esthetique\" >Choix des mat\u00e9riaux et esth\u00e9tique<\/a><\/li><\/ul><\/li><li class='ez-toc-page-1 ez-toc-heading-level-2'><a class=\"ez-toc-link ez-toc-heading-2\" href=\"https:\/\/www.mobilier-design-occasion.fr\/magazine\/cest-le-printemps-le-guide-pour-choisir-votre-fauteuil-de-jardin\/#Comment_choisir\" >Comment choisir?<\/a><\/li><li class='ez-toc-page-1 ez-toc-heading-level-2'><a class=\"ez-toc-link ez-toc-heading-3\" href=\"https:\/\/www.mobilier-design-occasion.fr\/magazine\/cest-le-printemps-le-guide-pour-choisir-votre-fauteuil-de-jardin\/#Les_petits_details\" >Les petits d\u00e9tails<\/a><ul class='ez-toc-list-level-3' ><li class='ez-toc-heading-level-3'><a class=\"ez-toc-link ez-toc-heading-4\" href=\"https:\/\/www.mobilier-design-occasion.fr\/magazine\/cest-le-printemps-le-guide-pour-choisir-votre-fauteuil-de-jardin\/#Choisir_des_materiaux_adaptes_a_votre_climat\" >Choisir des mat\u00e9riaux adapt\u00e9s \u00e0 votre climat<\/a><\/li><li class='ez-toc-page-1 ez-toc-heading-level-3'><a class=\"ez-toc-link ez-toc-heading-5\" href=\"https:\/\/www.mobilier-design-occasion.fr\/magazine\/cest-le-printemps-le-guide-pour-choisir-votre-fauteuil-de-jardin\/#Utiliser_des_housses_de_protection\" >Utiliser des housses de protection<\/a><\/li><li class='ez-toc-page-1 ez-toc-heading-level-3'><a class=\"ez-toc-link ez-toc-heading-6\" href=\"https:\/\/www.mobilier-design-occasion.fr\/magazine\/cest-le-printemps-le-guide-pour-choisir-votre-fauteuil-de-jardin\/#Nettoyage_et_entretien_reguliers\" >Nettoyage et entretien r\u00e9guliers<\/a><\/li><\/ul><\/li><\/ul><\/nav><\/div>\n\n\n\n\n<p>L&#8217;esth\u00e9tique d&#8217;un fauteuil de jardin est influenc\u00e9e par plusieurs \u00e9l\u00e9ments cl\u00e9s, qui doivent \u00e0 la fois r\u00e9pondre aux crit\u00e8res de design et s&#8217;adapter \u00e0 l&#8217;environnement ext\u00e9rieur. Voici quelques-uns de ces \u00e9l\u00e9ments importants :<\/p>\n\n\n\n<ol class=\"wp-block-list\">\n<li><strong>Mat\u00e9riaux<\/strong> : Les mat\u00e9riaux influencent grandement l&#8217;aspect esth\u00e9tique d&#8217;un fauteuil de jardin. Les mat\u00e9riaux populaires incluent le bois (comme le teck, l&#8217;acacia, ou le c\u00e8dre) pour un look naturel et classique, le m\u00e9tal (aluminium, fer forg\u00e9) pour un style plus moderne et durable, et le rotin synth\u00e9tique ou naturel pour une touche boh\u00e8me ou tropicale. Les mat\u00e9riaux doivent \u00eatre choisis non seulement pour leur beaut\u00e9 mais aussi pour leur capacit\u00e9 \u00e0 r\u00e9sister aux intemp\u00e9ries et \u00e0 l&#8217;usure du temps.<\/li>\n\n\n\n<li><strong>Couleur et finition<\/strong> : La couleur peut transformer totalement l&#8217;apparence d&#8217;un fauteuil de jardin. Des couleurs vives peuvent cr\u00e9er un point focal int\u00e9ressant, tandis que des teintes plus neutres se fondent harmonieusement dans l&#8217;environnement naturel. La finition du mat\u00e9riau joue \u00e9galement un r\u00f4le important, qu&#8217;elle soit mate, brillante, ou naturelle, elle peut accentuer le design du fauteuil et sa r\u00e9sistance aux \u00e9l\u00e9ments ext\u00e9rieurs.<\/li>\n\n\n\n<li><strong>Conception et forme<\/strong> : La silhouette du fauteuil contribue \u00e0 son esth\u00e9tique globale. Les lignes \u00e9pur\u00e9es et les formes minimalistes tendent vers un style moderne, tandis que les courbes et les d\u00e9tails ornementaux \u00e9voquent une sensation plus traditionnelle ou classique. La fonctionnalit\u00e9 ne doit pas \u00eatre n\u00e9glig\u00e9e ; un design ergonomique assure confort et soutien.<\/li>\n\n\n\n<li><strong>Tissus et coussins<\/strong> : Les coussins et les tissus ajoutent non seulement du confort mais aussi de la couleur et de la texture \u00e0 un fauteuil de jardin. Les motifs floraux, les rayures, ou les couleurs unies peuvent compl\u00e9ter ou contrastant avec le cadre naturel. Les tissus doivent \u00eatre r\u00e9sistants \u00e0 la d\u00e9coloration du soleil et \u00e0 l&#8217;eau pour une durabilit\u00e9 et une esth\u00e9tique prolong\u00e9es.<\/li>\n\n\n\n<li><strong>Accessoires et d\u00e9tails<\/strong> : Les petits d\u00e9tails comme les accoudoirs sculpt\u00e9s, les coussinets d\u00e9coratifs, ou les finitions m\u00e9talliques peuvent ajouter une touche d&#8217;\u00e9l\u00e9gance ou de personnalit\u00e9 \u00e0 un fauteuil de jardin. Les accessoires, tels que des couvertures l\u00e9g\u00e8res ou des lanternes \u00e0 proximit\u00e9, peuvent \u00e9galement am\u00e9liorer l&#8217;ambiance et le confort.<\/li>\n\n\n\n<li><strong>Adaptabilit\u00e9 au contexte ext\u00e9rieur<\/strong> : l&#8217;esth\u00e9tique d&#8217;un fauteuil de jardin doit compl\u00e9menter son environnement. Cela inclut la compatibilit\u00e9 avec le style architectural de la maison, le paysage environnant, et d&#8217;autres meubles de jardin. Une conception harmonieuse cr\u00e9e une exp\u00e9rience ext\u00e9rieure coh\u00e9rente et invitante.<\/li>\n<\/ol>\n\n\n\n<p><\/p>\n\n\n\n<h2 class=\"wp-block-heading\"><span class=\"ez-toc-section\" id=\"Comment_choisir\"><\/span>Comment choisir?<span class=\"ez-toc-section-end\"><\/span><\/h2>\n\n\n\n<p>Voici quelques astuces pour vous guider dans votre s\u00e9lection :<\/p>\n\n\n\n<ul class=\"wp-block-list\">\n<li><strong>L&#8217;espace disponible<\/strong> : Assurez-vous de choisir un fauteil adapt\u00e9 \u00e0 la taille de votre jardin ou terrasse.<\/li>\n\n\n\n<li><strong>Votre utilisation<\/strong> : Que ce soit pour la lecture, le farniente ou recevoir des amis, chaque activit\u00e9 a son fauteuil id\u00e9al.<\/li>\n\n\n\n<li><strong>La facilit\u00e9 de rangement<\/strong> : Pour les espaces restreints, consid\u00e9rez des options empilables ou pliantes.<\/li>\n<\/ul>\n\n\n\n<figure class=\"wp-block-image size-full\"><img loading=\"lazy\" decoding=\"async\" width=\"294\" height=\"254\" src=\"https:\/\/www.mobilier-design-occasion.fr\/magazine\/wp-content\/uploads\/2024\/04\/image-1.png\" alt=\"\" class=\"wp-image-7827\"\/><\/figure>\n\n\n\n<h2 class=\"wp-block-heading\"><span class=\"ez-toc-section\" id=\"Les_petits_details\"><\/span>Les petits d\u00e9tails<span class=\"ez-toc-section-end\"><\/span><\/h2>\n\n\n\n<p>Un fauteuil de jardin ne vit pas seul. Pensez aux coussins pour un confort accru, aux parasols pour les journ\u00e9es ensoleill\u00e9es, et \u00e0 un bon entretien pour assurer la long\u00e9vit\u00e9 de votre mobilier.<\/p>\n\n\n\n<figure class=\"wp-block-image size-full\"><img loading=\"lazy\" decoding=\"async\" width=\"334\" height=\"283\" src=\"https:\/\/www.mobilier-design-occasion.fr\/magazine\/wp-content\/uploads\/2024\/04\/image-3.png\" alt=\"\" class=\"wp-image-7829\" srcset=\"https:\/\/www.mobilier-design-occasion.fr\/magazine\/wp-content\/uploads\/2024\/04\/image-3.png 334w, https:\/\/www.mobilier-design-occasion.fr\/magazine\/wp-content\/uploads\/2024\/04\/image-3-300x254.png 300w\" sizes=\"auto, (max-width: 334px) 100vw, 334px\" \/><\/figure>\n\n\n\n<h3 class=\"wp-block-heading\"><span class=\"ez-toc-section\" id=\"Choisir_des_materiaux_adaptes_a_votre_climat\"><\/span>Choisir des mat\u00e9riaux adapt\u00e9s \u00e0 votre climat<span class=\"ez-toc-section-end\"><\/span><\/h3>\n\n\n\n<p>La durabilit\u00e9 et l&#8217;apparence de vos fauteuils de jardin d\u00e9pendent grandement du climat de votre r\u00e9gion. Par exemple :<\/p>\n\n\n\n<ul class=\"wp-block-list\">\n<li><strong>Pour les climats humides ou pluvieux<\/strong>, privil\u00e9giez des mat\u00e9riaux r\u00e9sistants \u00e0 l&#8217;eau et \u00e0 la moisissure, comme le teck, l&#8217;aluminium, ou le rotin synth\u00e9tique. Ces mat\u00e9riaux emp\u00eacheront l&#8217;accumulation d&#8217;humidit\u00e9 et r\u00e9sisteront mieux \u00e0 la d\u00e9gradation.<\/li>\n\n\n\n<li><strong>Dans les zones c\u00f4ti\u00e8res<\/strong>, o\u00f9 le sel et l&#8217;humidit\u00e9 sont pr\u00e9dominants, optez pour des mat\u00e9riaux r\u00e9sistant \u00e0 la corrosion, comme l&#8217;aluminium rev\u00eatu par poudre ou l&#8217;acier inoxydable.<\/li>\n\n\n\n<li><strong>Pour les environnements ensoleill\u00e9s<\/strong>, choisissez des mat\u00e9riaux et des tissus r\u00e9sistants aux UV pour \u00e9viter la d\u00e9coloration. Les tissus con\u00e7us pour l&#8217;ext\u00e9rieur, tels que ceux trait\u00e9s pour \u00eatre r\u00e9sistants aux UV, conserveront mieux leurs couleurs vives.<\/li>\n<\/ul>\n\n\n\n<figure class=\"wp-block-image size-full\"><img loading=\"lazy\" decoding=\"async\" width=\"440\" height=\"379\" src=\"https:\/\/www.mobilier-design-occasion.fr\/magazine\/wp-content\/uploads\/2024\/04\/image-2.png\" alt=\"\" class=\"wp-image-7828\" srcset=\"https:\/\/www.mobilier-design-occasion.fr\/magazine\/wp-content\/uploads\/2024\/04\/image-2.png 440w, https:\/\/www.mobilier-design-occasion.fr\/magazine\/wp-content\/uploads\/2024\/04\/image-2-300x258.png 300w\" sizes=\"auto, (max-width: 440px) 100vw, 440px\" \/><\/figure>\n\n\n\n<h3 class=\"wp-block-heading\"><span class=\"ez-toc-section\" id=\"Utiliser_des_housses_de_protection\"><\/span>Utiliser des housses de protection<span class=\"ez-toc-section-end\"><\/span><\/h3>\n\n\n\n<p>Pour prolonger la vie de vos fauteuils de jardin et minimiser l&#8217;entretien, investissez dans des housses de protection de qualit\u00e9. Utilisez-les en cas de mauvais temps ou durant les p\u00e9riodes o\u00f9 vous n&#8217;utilisez pas vos meubles. Les housses :<\/p>\n\n\n\n<ul class=\"wp-block-list\">\n<li>Prot\u00e8gent contre la pluie, les feuilles, et la poussi\u00e8re.<\/li>\n\n\n\n<li>Aident \u00e0 pr\u00e9venir la d\u00e9coloration due au soleil.<\/li>\n\n\n\n<li>Sont particuli\u00e8rement utiles pour les mat\u00e9riaux qui n\u00e9cessitent plus d&#8217;entretien, comme le bois qui peut avoir besoin d&#8217;\u00eatre huil\u00e9 ou verni r\u00e9guli\u00e8rement.<\/li>\n<\/ul>\n\n\n\n<h3 class=\"wp-block-heading\"><span class=\"ez-toc-section\" id=\"Nettoyage_et_entretien_reguliers\"><\/span>Nettoyage et entretien r\u00e9guliers<span class=\"ez-toc-section-end\"><\/span><\/h3>\n\n\n\n<p>Un entretien r\u00e9gulier peut grandement augmenter la long\u00e9vit\u00e9 de vos fauteuils de jardin. Voici quelques conseils :<\/p>\n\n\n\n<ul class=\"wp-block-list\">\n<li><strong>Nettoyez r\u00e9guli\u00e8rement<\/strong> vos fauteuils avec de l&#8217;eau savonneuse douce pour enlever la salet\u00e9 et les d\u00e9bris, et rincez-les bien. \u00c9vitez les nettoyants abrasifs qui pourraient endommager les finitions ou les mat\u00e9riaux.<\/li>\n\n\n\n<li><strong>Inspectez et traitez le bois<\/strong> annuellement si vos fauteuils sont en bois. L&#8217;application d&#8217;une huile ou d&#8217;un vernis sp\u00e9cifique pour l&#8217;ext\u00e9rieur peut aider \u00e0 conserver leur couleur et \u00e0 les prot\u00e9ger des \u00e9l\u00e9ments.<\/li>\n\n\n\n<li><strong>V\u00e9rifiez les structures m\u00e9talliques<\/strong> pour la rouille ou les dommages, et appliquez une peinture de retouche si n\u00e9cessaire pour \u00e9viter la corrosion.<\/li>\n<\/ul>\n\n\n\n<p>En suivant ces conseils, vos fauteuils de jardin resteront non seulement esth\u00e9tiquement agr\u00e9ables mais aussi confortables et accueillants pour tout moment de d\u00e9tente en plein air.<\/p>\n","protected":false},"excerpt":{"rendered":"<p>Le printemps arrive, les temp\u00e9ratures remontent et les oiseaux chantent. Il est venu le temps des rires et des chants&#8230; mais aussi de profiter de sa terrasse avec un mobilier de jardin de qualit\u00e9, esth\u00e9tique et confortable. On fait le point. Voici comment choisir celui qui promet d&#8217;embellir vos journ\u00e9es ensoleill\u00e9es. Choisir le bon fauteuil [&hellip;]<\/p>\n","protected":false},"author":2,"featured_media":7830,"comment_status":"open","ping_status":"open","sticky":false,"template":"","format":"standard","meta":{"footnotes":""},"categories":[124],"tags":[],"class_list":["post-7825","post","type-post","status-publish","format-standard","has-post-thumbnail","hentry","category-exterieur"],"yoast_head":"<!-- This site is optimized with the Yoast SEO plugin v27.5 - https:\/\/yoast.com\/product\/yoast-seo-wordpress\/ -->\n<title>C&#039;est le printemps! Le Guide pour choisir votre fauteuil de jardin - Mobilier Design Magazine<\/title>\n<meta name=\"robots\" content=\"index, follow, max-snippet:-1, max-image-preview:large, max-video-preview:-1\" \/>\n<link rel=\"canonical\" href=\"https:\/\/www.mobilier-design-occasion.fr\/magazine\/cest-le-printemps-le-guide-pour-choisir-votre-fauteuil-de-jardin\/\" \/>\n<meta property=\"og:locale\" content=\"fr_FR\" \/>\n<meta property=\"og:type\" content=\"article\" \/>\n<meta property=\"og:title\" content=\"C&#039;est le printemps! Le Guide pour choisir votre fauteuil de jardin - Mobilier Design Magazine\" \/>\n<meta property=\"og:description\" content=\"Le printemps arrive, les temp\u00e9ratures remontent et les oiseaux chantent. Il est venu le temps des rires et des chants&#8230; mais aussi de profiter de sa terrasse avec un mobilier de jardin de qualit\u00e9, esth\u00e9tique et confortable. On fait le point. Voici comment choisir celui qui promet d&#8217;embellir vos journ\u00e9es ensoleill\u00e9es. Choisir le bon fauteuil [&hellip;]\" \/>\n<meta property=\"og:url\" content=\"https:\/\/www.mobilier-design-occasion.fr\/magazine\/cest-le-printemps-le-guide-pour-choisir-votre-fauteuil-de-jardin\/\" \/>\n<meta property=\"og:site_name\" content=\"Mobilier Design Magazine\" \/>\n<meta property=\"article:publisher\" content=\"https:\/\/www.facebook.com\/mobilierdesignoccasion\" \/>\n<meta property=\"article:published_time\" content=\"2024-04-01T09:09:27+00:00\" \/>\n<meta property=\"article:modified_time\" content=\"2024-04-01T09:09:28+00:00\" \/>\n<meta property=\"og:image\" content=\"https:\/\/www.mobilier-design-occasion.fr\/magazine\/wp-content\/uploads\/2024\/04\/Fermob-1.png\" \/>\n\t<meta property=\"og:image:width\" content=\"843\" \/>\n\t<meta property=\"og:image:height\" content=\"958\" \/>\n\t<meta property=\"og:image:type\" content=\"image\/png\" \/>\n<meta name=\"author\" content=\"Vincent Vandegans\" \/>\n<meta name=\"twitter:card\" content=\"summary_large_image\" \/>\n<meta name=\"twitter:label1\" content=\"\u00c9crit par\" \/>\n\t<meta name=\"twitter:data1\" content=\"Vincent Vandegans\" \/>\n\t<meta name=\"twitter:label2\" content=\"Dur\u00e9e de lecture estim\u00e9e\" \/>\n\t<meta name=\"twitter:data2\" content=\"6 minutes\" \/>\n<script type=\"application\/ld+json\" class=\"yoast-schema-graph\">{\"@context\":\"https:\\\/\\\/schema.org\",\"@graph\":[{\"@type\":\"Article\",\"@id\":\"https:\\\/\\\/www.mobilier-design-occasion.fr\\\/magazine\\\/cest-le-printemps-le-guide-pour-choisir-votre-fauteuil-de-jardin\\\/#article\",\"isPartOf\":{\"@id\":\"https:\\\/\\\/www.mobilier-design-occasion.fr\\\/magazine\\\/cest-le-printemps-le-guide-pour-choisir-votre-fauteuil-de-jardin\\\/\"},\"author\":{\"name\":\"Vincent Vandegans\",\"@id\":\"https:\\\/\\\/www.mobilier-design-occasion.fr\\\/magazine\\\/#\\\/schema\\\/person\\\/af895bedc80bfb6b17730a672fddac9e\"},\"headline\":\"C&#8217;est le printemps! Le Guide pour choisir votre fauteuil de jardin\",\"datePublished\":\"2024-04-01T09:09:27+00:00\",\"dateModified\":\"2024-04-01T09:09:28+00:00\",\"mainEntityOfPage\":{\"@id\":\"https:\\\/\\\/www.mobilier-design-occasion.fr\\\/magazine\\\/cest-le-printemps-le-guide-pour-choisir-votre-fauteuil-de-jardin\\\/\"},\"wordCount\":1090,\"commentCount\":0,\"publisher\":{\"@id\":\"https:\\\/\\\/www.mobilier-design-occasion.fr\\\/magazine\\\/#organization\"},\"image\":{\"@id\":\"https:\\\/\\\/www.mobilier-design-occasion.fr\\\/magazine\\\/cest-le-printemps-le-guide-pour-choisir-votre-fauteuil-de-jardin\\\/#primaryimage\"},\"thumbnailUrl\":\"https:\\\/\\\/www.mobilier-design-occasion.fr\\\/magazine\\\/wp-content\\\/uploads\\\/2024\\\/04\\\/Fermob-1.png\",\"articleSection\":[\"Ext\u00e9rieur\"],\"inLanguage\":\"fr-FR\",\"potentialAction\":[{\"@type\":\"CommentAction\",\"name\":\"Comment\",\"target\":[\"https:\\\/\\\/www.mobilier-design-occasion.fr\\\/magazine\\\/cest-le-printemps-le-guide-pour-choisir-votre-fauteuil-de-jardin\\\/#respond\"]}]},{\"@type\":\"WebPage\",\"@id\":\"https:\\\/\\\/www.mobilier-design-occasion.fr\\\/magazine\\\/cest-le-printemps-le-guide-pour-choisir-votre-fauteuil-de-jardin\\\/\",\"url\":\"https:\\\/\\\/www.mobilier-design-occasion.fr\\\/magazine\\\/cest-le-printemps-le-guide-pour-choisir-votre-fauteuil-de-jardin\\\/\",\"name\":\"C'est le printemps! Le Guide pour choisir votre fauteuil de jardin - Mobilier Design Magazine\",\"isPartOf\":{\"@id\":\"https:\\\/\\\/www.mobilier-design-occasion.fr\\\/magazine\\\/#website\"},\"primaryImageOfPage\":{\"@id\":\"https:\\\/\\\/www.mobilier-design-occasion.fr\\\/magazine\\\/cest-le-printemps-le-guide-pour-choisir-votre-fauteuil-de-jardin\\\/#primaryimage\"},\"image\":{\"@id\":\"https:\\\/\\\/www.mobilier-design-occasion.fr\\\/magazine\\\/cest-le-printemps-le-guide-pour-choisir-votre-fauteuil-de-jardin\\\/#primaryimage\"},\"thumbnailUrl\":\"https:\\\/\\\/www.mobilier-design-occasion.fr\\\/magazine\\\/wp-content\\\/uploads\\\/2024\\\/04\\\/Fermob-1.png\",\"datePublished\":\"2024-04-01T09:09:27+00:00\",\"dateModified\":\"2024-04-01T09:09:28+00:00\",\"breadcrumb\":{\"@id\":\"https:\\\/\\\/www.mobilier-design-occasion.fr\\\/magazine\\\/cest-le-printemps-le-guide-pour-choisir-votre-fauteuil-de-jardin\\\/#breadcrumb\"},\"inLanguage\":\"fr-FR\",\"potentialAction\":[{\"@type\":\"ReadAction\",\"target\":[\"https:\\\/\\\/www.mobilier-design-occasion.fr\\\/magazine\\\/cest-le-printemps-le-guide-pour-choisir-votre-fauteuil-de-jardin\\\/\"]}]},{\"@type\":\"ImageObject\",\"inLanguage\":\"fr-FR\",\"@id\":\"https:\\\/\\\/www.mobilier-design-occasion.fr\\\/magazine\\\/cest-le-printemps-le-guide-pour-choisir-votre-fauteuil-de-jardin\\\/#primaryimage\",\"url\":\"https:\\\/\\\/www.mobilier-design-occasion.fr\\\/magazine\\\/wp-content\\\/uploads\\\/2024\\\/04\\\/Fermob-1.png\",\"contentUrl\":\"https:\\\/\\\/www.mobilier-design-occasion.fr\\\/magazine\\\/wp-content\\\/uploads\\\/2024\\\/04\\\/Fermob-1.png\",\"width\":843,\"height\":958},{\"@type\":\"BreadcrumbList\",\"@id\":\"https:\\\/\\\/www.mobilier-design-occasion.fr\\\/magazine\\\/cest-le-printemps-le-guide-pour-choisir-votre-fauteuil-de-jardin\\\/#breadcrumb\",\"itemListElement\":[{\"@type\":\"ListItem\",\"position\":1,\"name\":\"Accueil\",\"item\":\"https:\\\/\\\/www.mobilier-design-occasion.fr\\\/magazine\\\/\"},{\"@type\":\"ListItem\",\"position\":2,\"name\":\"C&rsquo;est le printemps! Le Guide pour choisir votre fauteuil de jardin\"}]},{\"@type\":\"WebSite\",\"@id\":\"https:\\\/\\\/www.mobilier-design-occasion.fr\\\/magazine\\\/#website\",\"url\":\"https:\\\/\\\/www.mobilier-design-occasion.fr\\\/magazine\\\/\",\"name\":\"Mobilier Design Magazine\",\"description\":\"\",\"publisher\":{\"@id\":\"https:\\\/\\\/www.mobilier-design-occasion.fr\\\/magazine\\\/#organization\"},\"potentialAction\":[{\"@type\":\"SearchAction\",\"target\":{\"@type\":\"EntryPoint\",\"urlTemplate\":\"https:\\\/\\\/www.mobilier-design-occasion.fr\\\/magazine\\\/?s={search_term_string}\"},\"query-input\":{\"@type\":\"PropertyValueSpecification\",\"valueRequired\":true,\"valueName\":\"search_term_string\"}}],\"inLanguage\":\"fr-FR\"},{\"@type\":\"Organization\",\"@id\":\"https:\\\/\\\/www.mobilier-design-occasion.fr\\\/magazine\\\/#organization\",\"name\":\"Mobilier Design Magazine\",\"url\":\"https:\\\/\\\/www.mobilier-design-occasion.fr\\\/magazine\\\/\",\"logo\":{\"@type\":\"ImageObject\",\"inLanguage\":\"fr-FR\",\"@id\":\"https:\\\/\\\/www.mobilier-design-occasion.fr\\\/magazine\\\/#\\\/schema\\\/logo\\\/image\\\/\",\"url\":\"https:\\\/\\\/www.mobilier-design-occasion.fr\\\/magazine\\\/wp-content\\\/uploads\\\/2024\\\/02\\\/android-chrome-192x192-1.png\",\"contentUrl\":\"https:\\\/\\\/www.mobilier-design-occasion.fr\\\/magazine\\\/wp-content\\\/uploads\\\/2024\\\/02\\\/android-chrome-192x192-1.png\",\"width\":192,\"height\":192,\"caption\":\"Mobilier Design Magazine\"},\"image\":{\"@id\":\"https:\\\/\\\/www.mobilier-design-occasion.fr\\\/magazine\\\/#\\\/schema\\\/logo\\\/image\\\/\"},\"sameAs\":[\"https:\\\/\\\/www.facebook.com\\\/mobilierdesignoccasion\"]},{\"@type\":\"Person\",\"@id\":\"https:\\\/\\\/www.mobilier-design-occasion.fr\\\/magazine\\\/#\\\/schema\\\/person\\\/af895bedc80bfb6b17730a672fddac9e\",\"name\":\"Vincent Vandegans\",\"image\":{\"@type\":\"ImageObject\",\"inLanguage\":\"fr-FR\",\"@id\":\"https:\\\/\\\/secure.gravatar.com\\\/avatar\\\/b984800dabdf722d5e3f03f637c8932dea77d81118467d17ad2953e3b273ec66?s=96&d=mm&r=g\",\"url\":\"https:\\\/\\\/secure.gravatar.com\\\/avatar\\\/b984800dabdf722d5e3f03f637c8932dea77d81118467d17ad2953e3b273ec66?s=96&d=mm&r=g\",\"contentUrl\":\"https:\\\/\\\/secure.gravatar.com\\\/avatar\\\/b984800dabdf722d5e3f03f637c8932dea77d81118467d17ad2953e3b273ec66?s=96&d=mm&r=g\",\"caption\":\"Vincent Vandegans\"},\"description\":\"Vincent est passionn\u00e9 par les produits d'occasion, il a ouvert le site MDO avec Cyrielle pour aider les gens \u00e0 trouver du mobilier d'occasion, vintage ou usag\u00e9. Depuis, ils ont \u00e9tendu leurs activit\u00e9s et conseillent tout le monde sur le mobilier d'int\u00e9rieur et d'ext\u00e9rieur au quotidien \u00e0 travers le magazine MDO.\",\"url\":\"https:\\\/\\\/www.mobilier-design-occasion.fr\\\/magazine\\\/author\\\/vincent\\\/\"}]}<\/script>\n<!-- \/ Yoast SEO plugin. -->","yoast_head_json":{"title":"C'est le printemps! Le Guide pour choisir votre fauteuil de jardin - Mobilier Design Magazine","robots":{"index":"index","follow":"follow","max-snippet":"max-snippet:-1","max-image-preview":"max-image-preview:large","max-video-preview":"max-video-preview:-1"},"canonical":"https:\/\/www.mobilier-design-occasion.fr\/magazine\/cest-le-printemps-le-guide-pour-choisir-votre-fauteuil-de-jardin\/","og_locale":"fr_FR","og_type":"article","og_title":"C'est le printemps! Le Guide pour choisir votre fauteuil de jardin - Mobilier Design Magazine","og_description":"Le printemps arrive, les temp\u00e9ratures remontent et les oiseaux chantent. Il est venu le temps des rires et des chants&#8230; mais aussi de profiter de sa terrasse avec un mobilier de jardin de qualit\u00e9, esth\u00e9tique et confortable. On fait le point. Voici comment choisir celui qui promet d&#8217;embellir vos journ\u00e9es ensoleill\u00e9es. Choisir le bon fauteuil [&hellip;]","og_url":"https:\/\/www.mobilier-design-occasion.fr\/magazine\/cest-le-printemps-le-guide-pour-choisir-votre-fauteuil-de-jardin\/","og_site_name":"Mobilier Design Magazine","article_publisher":"https:\/\/www.facebook.com\/mobilierdesignoccasion","article_published_time":"2024-04-01T09:09:27+00:00","article_modified_time":"2024-04-01T09:09:28+00:00","og_image":[{"width":843,"height":958,"url":"https:\/\/www.mobilier-design-occasion.fr\/magazine\/wp-content\/uploads\/2024\/04\/Fermob-1.png","type":"image\/png"}],"author":"Vincent Vandegans","twitter_card":"summary_large_image","twitter_misc":{"\u00c9crit par":"Vincent Vandegans","Dur\u00e9e de lecture estim\u00e9e":"6 minutes"},"schema":{"@context":"https:\/\/schema.org","@graph":[{"@type":"Article","@id":"https:\/\/www.mobilier-design-occasion.fr\/magazine\/cest-le-printemps-le-guide-pour-choisir-votre-fauteuil-de-jardin\/#article","isPartOf":{"@id":"https:\/\/www.mobilier-design-occasion.fr\/magazine\/cest-le-printemps-le-guide-pour-choisir-votre-fauteuil-de-jardin\/"},"author":{"name":"Vincent Vandegans","@id":"https:\/\/www.mobilier-design-occasion.fr\/magazine\/#\/schema\/person\/af895bedc80bfb6b17730a672fddac9e"},"headline":"C&#8217;est le printemps! Le Guide pour choisir votre fauteuil de jardin","datePublished":"2024-04-01T09:09:27+00:00","dateModified":"2024-04-01T09:09:28+00:00","mainEntityOfPage":{"@id":"https:\/\/www.mobilier-design-occasion.fr\/magazine\/cest-le-printemps-le-guide-pour-choisir-votre-fauteuil-de-jardin\/"},"wordCount":1090,"commentCount":0,"publisher":{"@id":"https:\/\/www.mobilier-design-occasion.fr\/magazine\/#organization"},"image":{"@id":"https:\/\/www.mobilier-design-occasion.fr\/magazine\/cest-le-printemps-le-guide-pour-choisir-votre-fauteuil-de-jardin\/#primaryimage"},"thumbnailUrl":"https:\/\/www.mobilier-design-occasion.fr\/magazine\/wp-content\/uploads\/2024\/04\/Fermob-1.png","articleSection":["Ext\u00e9rieur"],"inLanguage":"fr-FR","potentialAction":[{"@type":"CommentAction","name":"Comment","target":["https:\/\/www.mobilier-design-occasion.fr\/magazine\/cest-le-printemps-le-guide-pour-choisir-votre-fauteuil-de-jardin\/#respond"]}]},{"@type":"WebPage","@id":"https:\/\/www.mobilier-design-occasion.fr\/magazine\/cest-le-printemps-le-guide-pour-choisir-votre-fauteuil-de-jardin\/","url":"https:\/\/www.mobilier-design-occasion.fr\/magazine\/cest-le-printemps-le-guide-pour-choisir-votre-fauteuil-de-jardin\/","name":"C'est le printemps! Le Guide pour choisir votre fauteuil de jardin - Mobilier Design Magazine","isPartOf":{"@id":"https:\/\/www.mobilier-design-occasion.fr\/magazine\/#website"},"primaryImageOfPage":{"@id":"https:\/\/www.mobilier-design-occasion.fr\/magazine\/cest-le-printemps-le-guide-pour-choisir-votre-fauteuil-de-jardin\/#primaryimage"},"image":{"@id":"https:\/\/www.mobilier-design-occasion.fr\/magazine\/cest-le-printemps-le-guide-pour-choisir-votre-fauteuil-de-jardin\/#primaryimage"},"thumbnailUrl":"https:\/\/www.mobilier-design-occasion.fr\/magazine\/wp-content\/uploads\/2024\/04\/Fermob-1.png","datePublished":"2024-04-01T09:09:27+00:00","dateModified":"2024-04-01T09:09:28+00:00","breadcrumb":{"@id":"https:\/\/www.mobilier-design-occasion.fr\/magazine\/cest-le-printemps-le-guide-pour-choisir-votre-fauteuil-de-jardin\/#breadcrumb"},"inLanguage":"fr-FR","potentialAction":[{"@type":"ReadAction","target":["https:\/\/www.mobilier-design-occasion.fr\/magazine\/cest-le-printemps-le-guide-pour-choisir-votre-fauteuil-de-jardin\/"]}]},{"@type":"ImageObject","inLanguage":"fr-FR","@id":"https:\/\/www.mobilier-design-occasion.fr\/magazine\/cest-le-printemps-le-guide-pour-choisir-votre-fauteuil-de-jardin\/#primaryimage","url":"https:\/\/www.mobilier-design-occasion.fr\/magazine\/wp-content\/uploads\/2024\/04\/Fermob-1.png","contentUrl":"https:\/\/www.mobilier-design-occasion.fr\/magazine\/wp-content\/uploads\/2024\/04\/Fermob-1.png","width":843,"height":958},{"@type":"BreadcrumbList","@id":"https:\/\/www.mobilier-design-occasion.fr\/magazine\/cest-le-printemps-le-guide-pour-choisir-votre-fauteuil-de-jardin\/#breadcrumb","itemListElement":[{"@type":"ListItem","position":1,"name":"Accueil","item":"https:\/\/www.mobilier-design-occasion.fr\/magazine\/"},{"@type":"ListItem","position":2,"name":"C&rsquo;est le printemps! Le Guide pour choisir votre fauteuil de jardin"}]},{"@type":"WebSite","@id":"https:\/\/www.mobilier-design-occasion.fr\/magazine\/#website","url":"https:\/\/www.mobilier-design-occasion.fr\/magazine\/","name":"Mobilier Design Magazine","description":"","publisher":{"@id":"https:\/\/www.mobilier-design-occasion.fr\/magazine\/#organization"},"potentialAction":[{"@type":"SearchAction","target":{"@type":"EntryPoint","urlTemplate":"https:\/\/www.mobilier-design-occasion.fr\/magazine\/?s={search_term_string}"},"query-input":{"@type":"PropertyValueSpecification","valueRequired":true,"valueName":"search_term_string"}}],"inLanguage":"fr-FR"},{"@type":"Organization","@id":"https:\/\/www.mobilier-design-occasion.fr\/magazine\/#organization","name":"Mobilier Design Magazine","url":"https:\/\/www.mobilier-design-occasion.fr\/magazine\/","logo":{"@type":"ImageObject","inLanguage":"fr-FR","@id":"https:\/\/www.mobilier-design-occasion.fr\/magazine\/#\/schema\/logo\/image\/","url":"https:\/\/www.mobilier-design-occasion.fr\/magazine\/wp-content\/uploads\/2024\/02\/android-chrome-192x192-1.png","contentUrl":"https:\/\/www.mobilier-design-occasion.fr\/magazine\/wp-content\/uploads\/2024\/02\/android-chrome-192x192-1.png","width":192,"height":192,"caption":"Mobilier Design Magazine"},"image":{"@id":"https:\/\/www.mobilier-design-occasion.fr\/magazine\/#\/schema\/logo\/image\/"},"sameAs":["https:\/\/www.facebook.com\/mobilierdesignoccasion"]},{"@type":"Person","@id":"https:\/\/www.mobilier-design-occasion.fr\/magazine\/#\/schema\/person\/af895bedc80bfb6b17730a672fddac9e","name":"Vincent Vandegans","image":{"@type":"ImageObject","inLanguage":"fr-FR","@id":"https:\/\/secure.gravatar.com\/avatar\/b984800dabdf722d5e3f03f637c8932dea77d81118467d17ad2953e3b273ec66?s=96&d=mm&r=g","url":"https:\/\/secure.gravatar.com\/avatar\/b984800dabdf722d5e3f03f637c8932dea77d81118467d17ad2953e3b273ec66?s=96&d=mm&r=g","contentUrl":"https:\/\/secure.gravatar.com\/avatar\/b984800dabdf722d5e3f03f637c8932dea77d81118467d17ad2953e3b273ec66?s=96&d=mm&r=g","caption":"Vincent Vandegans"},"description":"Vincent est passionn\u00e9 par les produits d'occasion, il a ouvert le site MDO avec Cyrielle pour aider les gens \u00e0 trouver du mobilier d'occasion, vintage ou usag\u00e9. Depuis, ils ont \u00e9tendu leurs activit\u00e9s et conseillent tout le monde sur le mobilier d'int\u00e9rieur et d'ext\u00e9rieur au quotidien \u00e0 travers le magazine MDO.","url":"https:\/\/www.mobilier-design-occasion.fr\/magazine\/author\/vincent\/"}]}},"_links":{"self":[{"href":"https:\/\/www.mobilier-design-occasion.fr\/magazine\/wp-json\/wp\/v2\/posts\/7825","targetHints":{"allow":["GET"]}}],"collection":[{"href":"https:\/\/www.mobilier-design-occasion.fr\/magazine\/wp-json\/wp\/v2\/posts"}],"about":[{"href":"https:\/\/www.mobilier-design-occasion.fr\/magazine\/wp-json\/wp\/v2\/types\/post"}],"author":[{"embeddable":true,"href":"https:\/\/www.mobilier-design-occasion.fr\/magazine\/wp-json\/wp\/v2\/users\/2"}],"replies":[{"embeddable":true,"href":"https:\/\/www.mobilier-design-occasion.fr\/magazine\/wp-json\/wp\/v2\/comments?post=7825"}],"version-history":[{"count":1,"href":"https:\/\/www.mobilier-design-occasion.fr\/magazine\/wp-json\/wp\/v2\/posts\/7825\/revisions"}],"predecessor-version":[{"id":7831,"href":"https:\/\/www.mobilier-design-occasion.fr\/magazine\/wp-json\/wp\/v2\/posts\/7825\/revisions\/7831"}],"wp:featuredmedia":[{"embeddable":true,"href":"https:\/\/www.mobilier-design-occasion.fr\/magazine\/wp-json\/wp\/v2\/media\/7830"}],"wp:attachment":[{"href":"https:\/\/www.mobilier-design-occasion.fr\/magazine\/wp-json\/wp\/v2\/media?parent=7825"}],"wp:term":[{"taxonomy":"category","embeddable":true,"href":"https:\/\/www.mobilier-design-occasion.fr\/magazine\/wp-json\/wp\/v2\/categories?post=7825"},{"taxonomy":"post_tag","embeddable":true,"href":"https:\/\/www.mobilier-design-occasion.fr\/magazine\/wp-json\/wp\/v2\/tags?post=7825"}],"curies":[{"name":"wp","href":"https:\/\/api.w.org\/{rel}","templated":true}]}}