{"id":7817,"date":"2024-03-27T13:44:04","date_gmt":"2024-03-27T13:44:04","guid":{"rendered":"https:\/\/www.mobilier-design-occasion.fr\/magazine\/10-buffets-vintage-qui-redefinissent-le-style-retro\/"},"modified":"2024-03-27T13:44:04","modified_gmt":"2024-03-27T13:44:04","slug":"10-buffets-vintage-qui-redefinissent-le-style-retro","status":"publish","type":"post","link":"https:\/\/www.mobilier-design-occasion.fr\/magazine\/10-buffets-vintage-qui-redefinissent-le-style-retro\/","title":{"rendered":"10 buffets vintage qui red\u00e9finissent le style r\u00e9tro"},"content":{"rendered":"<p>Dans un monde o\u00f9 le style r\u00e9tro fait un retour en force, certains lieux se d\u00e9marquent par leur capacit\u00e9 \u00e0 r\u00e9inventer le vintage avec une touche de modernit\u00e9. Cet article met en lumi\u00e8re 10 buffets vintage qui red\u00e9finissent le style r\u00e9tro, en offrant une exp\u00e9rience unique qui m\u00eale pass\u00e9 et pr\u00e9sent. Voici un aper\u00e7u des adresses qui font revivre le charme d&#8217;antan avec \u00e9l\u00e9gance et sophistication.<\/p>\n<h3><span class=\"ez-toc-section\" id=\"Points_Cles\"><\/span>Points Cl\u00e9s<span class=\"ez-toc-section-end\"><\/span><\/h3><div id=\"ez-toc-container\" class=\"ez-toc-v2_0_82_2 counter-hierarchy ez-toc-counter ez-toc-grey ez-toc-container-direction\">\n<div class=\"ez-toc-title-container\">\n<span class=\"ez-toc-title-toggle\"><a href=\"#\" class=\"ez-toc-pull-right ez-toc-btn ez-toc-btn-xs ez-toc-btn-default ez-toc-toggle\" aria-label=\"Toggle Table of Content\"><span class=\"ez-toc-js-icon-con\"><span class=\"\"><span class=\"eztoc-hide\" style=\"display:none;\">Toggle<\/span><span class=\"ez-toc-icon-toggle-span\"><svg style=\"fill: #999;color:#999\" xmlns=\"http:\/\/www.w3.org\/2000\/svg\" class=\"list-377408\" width=\"20px\" height=\"20px\" viewBox=\"0 0 24 24\" fill=\"none\"><path d=\"M6 6H4v2h2V6zm14 0H8v2h12V6zM4 11h2v2H4v-2zm16 0H8v2h12v-2zM4 16h2v2H4v-2zm16 0H8v2h12v-2z\" fill=\"currentColor\"><\/path><\/svg><svg style=\"fill: #999;color:#999\" class=\"arrow-unsorted-368013\" xmlns=\"http:\/\/www.w3.org\/2000\/svg\" width=\"10px\" height=\"10px\" viewBox=\"0 0 24 24\" version=\"1.2\" baseProfile=\"tiny\"><path d=\"M18.2 9.3l-6.2-6.3-6.2 6.3c-.2.2-.3.4-.3.7s.1.5.3.7c.2.2.4.3.7.3h11c.3 0 .5-.1.7-.3.2-.2.3-.5.3-.7s-.1-.5-.3-.7zM5.8 14.7l6.2 6.3 6.2-6.3c.2-.2.3-.5.3-.7s-.1-.5-.3-.7c-.2-.2-.4-.3-.7-.3h-11c-.3 0-.5.1-.7.3-.2.2-.3.5-.3.7s.1.5.3.7z\"\/><\/svg><\/span><\/span><\/span><\/a><\/span><\/div>\n<nav><ul class='ez-toc-list ez-toc-list-level-1 eztoc-toggle-hide-by-default' ><ul class='ez-toc-list-level-3' ><li class='ez-toc-heading-level-3'><a class=\"ez-toc-link ez-toc-heading-1\" href=\"https:\/\/www.mobilier-design-occasion.fr\/magazine\/10-buffets-vintage-qui-redefinissent-le-style-retro\/#Points_Cles\" >Points Cl\u00e9s<\/a><\/li><\/ul><\/li><li class='ez-toc-page-1 ez-toc-heading-level-2'><a class=\"ez-toc-link ez-toc-heading-2\" href=\"https:\/\/www.mobilier-design-occasion.fr\/magazine\/10-buffets-vintage-qui-redefinissent-le-style-retro\/#1_Dior_du_30_Avenue_Montaigne\" >1. Dior du 30 Avenue Montaigne<\/a><\/li><li class='ez-toc-page-1 ez-toc-heading-level-2'><a class=\"ez-toc-link ez-toc-heading-3\" href=\"https:\/\/www.mobilier-design-occasion.fr\/magazine\/10-buffets-vintage-qui-redefinissent-le-style-retro\/#2_Galeries_Lafayette_Champs-Elysees\" >2. Galeries Lafayette Champs-Elys\u00e9es<\/a><\/li><li class='ez-toc-page-1 ez-toc-heading-level-2'><a class=\"ez-toc-link ez-toc-heading-4\" href=\"https:\/\/www.mobilier-design-occasion.fr\/magazine\/10-buffets-vintage-qui-redefinissent-le-style-retro\/#3_Encre\" >3. Encr\u00e9<\/a><\/li><li class='ez-toc-page-1 ez-toc-heading-level-2'><a class=\"ez-toc-link ez-toc-heading-5\" href=\"https:\/\/www.mobilier-design-occasion.fr\/magazine\/10-buffets-vintage-qui-redefinissent-le-style-retro\/#4_Fiorucci\" >4. Fiorucci<\/a><\/li><li class='ez-toc-page-1 ez-toc-heading-level-2'><a class=\"ez-toc-link ez-toc-heading-6\" href=\"https:\/\/www.mobilier-design-occasion.fr\/magazine\/10-buffets-vintage-qui-redefinissent-le-style-retro\/#5_Kurt_Geiger\" >5. Kurt Geiger<\/a><\/li><li class='ez-toc-page-1 ez-toc-heading-level-2'><a class=\"ez-toc-link ez-toc-heading-7\" href=\"https:\/\/www.mobilier-design-occasion.fr\/magazine\/10-buffets-vintage-qui-redefinissent-le-style-retro\/#Conclusion\" >Conclusion<\/a><\/li><li class='ez-toc-page-1 ez-toc-heading-level-2'><a class=\"ez-toc-link ez-toc-heading-8\" href=\"https:\/\/www.mobilier-design-occasion.fr\/magazine\/10-buffets-vintage-qui-redefinissent-le-style-retro\/#Foire_aux_questions\" >Foire aux questions<\/a><ul class='ez-toc-list-level-3' ><li class='ez-toc-heading-level-3'><a class=\"ez-toc-link ez-toc-heading-9\" href=\"https:\/\/www.mobilier-design-occasion.fr\/magazine\/10-buffets-vintage-qui-redefinissent-le-style-retro\/#Quels_sont_les_nouveaux_lieux_de_mode_a_visiter_a_Paris\" >Quels sont les nouveaux lieux de mode \u00e0 visiter \u00e0 Paris ?<\/a><\/li><li class='ez-toc-page-1 ez-toc-heading-level-3'><a class=\"ez-toc-link ez-toc-heading-10\" href=\"https:\/\/www.mobilier-design-occasion.fr\/magazine\/10-buffets-vintage-qui-redefinissent-le-style-retro\/#Quoffre_la_nouvelle_adresse_Dior_du_30_Avenue_Montaigne\" >Qu&#8217;offre la nouvelle adresse Dior du 30 Avenue Montaigne ?<\/a><\/li><li class='ez-toc-page-1 ez-toc-heading-level-3'><a class=\"ez-toc-link ez-toc-heading-11\" href=\"https:\/\/www.mobilier-design-occasion.fr\/magazine\/10-buffets-vintage-qui-redefinissent-le-style-retro\/#Que_celebrent_les_Galeries_Lafayette_Champs-Elysees_ce_printemps\" >Que c\u00e9l\u00e8brent les Galeries Lafayette Champs-Elys\u00e9es ce printemps ?<\/a><\/li><li class='ez-toc-page-1 ez-toc-heading-level-3'><a class=\"ez-toc-link ez-toc-heading-12\" href=\"https:\/\/www.mobilier-design-occasion.fr\/magazine\/10-buffets-vintage-qui-redefinissent-le-style-retro\/#Quapporte_de_nouveau_la_marque_francaise_Encre\" >Qu&#8217;apporte de nouveau la marque fran\u00e7aise Encr\u00e9 ?<\/a><\/li><li class='ez-toc-page-1 ez-toc-heading-level-3'><a class=\"ez-toc-link ez-toc-heading-13\" href=\"https:\/\/www.mobilier-design-occasion.fr\/magazine\/10-buffets-vintage-qui-redefinissent-le-style-retro\/#Quelle_est_la_particularite_de_la_maison_italienne_Fiorucci\" >Quelle est la particularit\u00e9 de la maison italienne Fiorucci ?<\/a><\/li><li class='ez-toc-page-1 ez-toc-heading-level-3'><a class=\"ez-toc-link ez-toc-heading-14\" href=\"https:\/\/www.mobilier-design-occasion.fr\/magazine\/10-buffets-vintage-qui-redefinissent-le-style-retro\/#Que_propose_Kurt_Geiger_pour_se_distinguer\" >Que propose Kurt Geiger pour se distinguer ?<\/a><\/li><\/ul><\/li><\/ul><\/nav><\/div>\n\n<ul>\n<li>L&#8217;adresse mythique Dior du 30 Avenue Montaigne rouvre ses portes, r\u00e9nov\u00e9e et repens\u00e9e, pour s\u00e9duire les accros de la mode et les fins gourmets.<\/li>\n<li>Les Galeries Lafayette Champs-Elys\u00e9es c\u00e9l\u00e8brent le printemps avec de nouveaux pop-up, invitant \u00e0 la d\u00e9couverte de nouvelles tendances.<\/li>\n<li>Encr\u00e9, la marque fran\u00e7aise, r\u00e9invente la broderie, offrant une touche moderne \u00e0 l&#8217;artisanat traditionnel.<\/li>\n<li>Fiorucci, la c\u00e9l\u00e8bre maison italienne, continue de marquer les esprits avec son style unique, m\u00e9langeant vintage et tendances actuelles.<\/li>\n<li>Kurt Geiger, la marque britannique, apporte une touche de fra\u00eecheur au monde de la mode avec ses designs audacieux et ses collaborations innovantes.<\/li>\n<\/ul>\n<h2><span class=\"ez-toc-section\" id=\"1_Dior_du_30_Avenue_Montaigne\"><\/span>1. Dior du 30 Avenue Montaigne<span class=\"ez-toc-section-end\"><\/span><\/h2>\n<p><img decoding=\"async\" style=\"max-width: 100%; max-height: 200px;\" src=\"https:\/\/contenu.nyc3.digitaloceanspaces.com\/journalist\/d21d291b-1c67-4b0a-8f26-3154ab9d629e\/thumbnail.jpeg\" alt=\"1. Dior du 30 Avenue Montaigne\" ><\/p>\n<p>Au c\u0153ur de Paris, la <a href=\"https:\/\/www.sortiraparis.com\/loisirs\/shopping-mode\/articles\/306530-dior-histoire-de-la-maison-de-couture-et-actualites-a-paris\">mythique adresse Dior du 30 Avenue Montaigne<\/a> rouvre ses portes, r\u00e9v\u00e9lant un nouveau visage, fruit d&#8217;une r\u00e9novation minutieuse. Imagin\u00e9e par Cordelia de Castellane, cette boutique-mus\u00e9e, caf\u00e9 et restaurant infuse un univers boh\u00e8me-chic unique.<\/p>\n<blockquote><p>\nAu sein de cet espace, l&#8217;art de vivre se m\u00eale \u00e0 l&#8217;histoire de la mode, offrant une exp\u00e9rience immersive dans le monde de Dior.\n<\/p><\/blockquote>\n<p>Ce lieu embl\u00e9matique se distingue par son m\u00e9lange de fleurs fra\u00eeches, de d\u00e9cor authentique et de gourmandises de chef, cr\u00e9ant une atmosph\u00e8re \u00e0 la fois \u00e9l\u00e9gante et accueillante. Laissez-vous happer par la magie de ce lieu, o\u00f9 chaque d\u00e9tail a \u00e9t\u00e9 pens\u00e9 pour c\u00e9l\u00e9brer l&#8217;h\u00e9ritage de la maison.<\/p>\n<h2><span class=\"ez-toc-section\" id=\"2_Galeries_Lafayette_Champs-Elysees\"><\/span>2. Galeries Lafayette Champs-Elys\u00e9es<span class=\"ez-toc-section-end\"><\/span><\/h2>\n<p><img decoding=\"async\" style=\"max-width: 100%; max-height: 200px;\" src=\"https:\/\/contenu.nyc3.digitaloceanspaces.com\/journalist\/a457a7a6-0b10-4a17-907b-ce26e44549c5\/thumbnail.jpeg\" alt=\"2. Galeries Lafayette Champs-Elys\u00e9es\" ><\/p>\n<p>Au c\u0153ur de Paris, les <strong>Galeries Lafayette Champs-Elys\u00e9es<\/strong> ne sont pas seulement un lieu de shopping, mais une v\u00e9ritable exp\u00e9rience de style r\u00e9tro. Avec leur architecture embl\u00e9matique et leurs vitrines qui changent au fil des saisons, elles offrent un spectacle visuel in\u00e9gal\u00e9.<\/p>\n<blockquote><p>\nLes Galeries Lafayette c\u00e9l\u00e8brent le printemps avec des pop-up color\u00e9s, marquant le retour des beaux jours.\n<\/p><\/blockquote>\n<p>Ce n&#8217;est pas tout; les vendredis, le grand magasin se transforme en une sc\u00e8ne de mode o\u00f9 vous pouvez assister \u00e0 des d\u00e9fil\u00e9s, restant ainsi au courant des derni\u00e8res tendances. C&#8217;est une occasion unique de voir de pr\u00e8s les cr\u00e9ations des marques de luxe les plus convoit\u00e9es.<\/p>\n<h2><span class=\"ez-toc-section\" id=\"3_Encre\"><\/span>3. Encr\u00e9<span class=\"ez-toc-section-end\"><\/span><\/h2>\n<p><a href=\"https:\/\/www.amazon.fr\/VASAGLE-Rangement-Voulissantes-iIdustriel-LSC092B02\/dp\/B08ZJ36Y92\">Encr\u00e9<\/a> se distingue par son approche unique du style r\u00e9tro, m\u00e9langeant habilement l&#8217;ancien et le nouveau pour cr\u00e9er des espaces qui respirent l&#8217;authenticit\u00e9. Ce buffet vintage n&#8217;est pas seulement un meuble, mais une v\u00e9ritable pi\u00e8ce d&#8217;art qui attire le regard et suscite la conversation.<\/p>\n<blockquote><p>\nEncr\u00e9, c&#8217;est l&#8217;expression d&#8217;un style qui refuse de passer inaper\u00e7u, alliant design audacieux et mat\u00e9riaux de qualit\u00e9.\n<\/p><\/blockquote>\n<p>Voici quelques caract\u00e9ristiques qui font d&#8217;Encr\u00e9 un choix incontournable pour les amateurs de d\u00e9co r\u00e9tro :<\/p>\n<ul>\n<li>Design unique et audacieux<\/li>\n<li>Mat\u00e9riaux de qualit\u00e9 et finitions soign\u00e9es<\/li>\n<li>Capacit\u00e9 \u00e0 transformer n&#8217;importe quel espace<\/li>\n<li>Une pi\u00e8ce qui devient rapidement le centre d&#8217;attention<\/li>\n<\/ul>\n<div data-youtube-video><iframe loading=\"lazy\" width=\"480\" height=\"270\" src=\"https:\/\/www.youtube.com\/embed\/kPrPskncNEs\"><\/iframe><\/div>\n<h2><span class=\"ez-toc-section\" id=\"4_Fiorucci\"><\/span>4. Fiorucci<span class=\"ez-toc-section-end\"><\/span><\/h2>\n<p><img decoding=\"async\" style=\"max-width: 100%; max-height: 200px;\" src=\"https:\/\/contenu.nyc3.digitaloceanspaces.com\/journalist\/ae34ebec-4b86-4e01-9205-2c44fab5a4d5\/thumbnail.jpeg\" alt=\"4. Fiorucci\" ><\/p>\n<p>Fiorucci, c&#8217;est un peu le symbole de la <a href=\"https:\/\/www.sortiraparis.com\/loisirs\/shopping-mode\/articles\/291383-undesignable-market-la-brocante-design-ou-trouver-des-pepites-deco-nouvelle-date-a-paris\">renaissance du style r\u00e9tro<\/a>. Avec ses collections qui m\u00e9langent audacieusement le pass\u00e9 et le pr\u00e9sent, cette marque italienne ne cesse de surprendre.<\/p>\n<blockquote><p>\nFiorucci sait comment faire revivre l&#8217;esprit des ann\u00e9es 70 avec une touche moderne.\n<\/p><\/blockquote>\n<p>Si vous \u00eates \u00e0 la recherche de pi\u00e8ces uniques, voici quelques incontournables:<\/p>\n<ul>\n<li>Les jeans \u00e0 patchs color\u00e9s<\/li>\n<li>Les t-shirts imprim\u00e9s vintage<\/li>\n<li>Les vestes en denim personnalis\u00e9es<\/li>\n<\/ul>\n<p>Chaque pi\u00e8ce raconte une histoire, une invitation \u00e0 explorer le pass\u00e9 tout en restant ancr\u00e9 dans le pr\u00e9sent. N&#8217;oubliez pas de visiter leur boutique pour une exp\u00e9rience shopping inoubliable.<\/p>\n<h2><span class=\"ez-toc-section\" id=\"5_Kurt_Geiger\"><\/span>5. Kurt Geiger<span class=\"ez-toc-section-end\"><\/span><\/h2>\n<p><img decoding=\"async\" style=\"max-width: 100%; max-height: 200px;\" src=\"https:\/\/contenu.nyc3.digitaloceanspaces.com\/journalist\/3cd522da-506a-4f32-8a1f-2dff7fd19985\/thumbnail.jpeg\" alt=\"5. Kurt Geiger\" ><\/p>\n<p>Kurt Geiger, c&#8217;est la quintessence du style londonien, avec une touche de cr\u00e9ativit\u00e9 qui ne laisse personne indiff\u00e9rent. <strong>L&#8217;<a href=\"https:\/\/www.sortiraparis.com\/loisirs\/shopping-mode\/guides\/290474-bons-plans-mode-shopping-de-mars-2024-a-paris-et-en-ile-de-france\">\u00e9nergie cr\u00e9ative londonienne<\/a><\/strong> est palpable dans chaque pi\u00e8ce, faisant de cette marque un incontournable pour les amateurs de mode avec une pr\u00e9dilection pour le vintage revisit\u00e9.<\/p>\n<blockquote><p>\nKurt Geiger se distingue par une gamme d&#8217;accessoires qui allie parfaitement le r\u00e9tro et le moderne.\n<\/p><\/blockquote>\n<p>Si vous \u00eates \u00e0 la recherche de pi\u00e8ces uniques qui sauront ajouter une touche d&#8217;originalit\u00e9 \u00e0 votre garde-robe, voici quelques points \u00e0 ne pas manquer :<\/p>\n<ul>\n<li>La diversit\u00e9 des designs, allant du classique revisit\u00e9 au totalement excentrique.<\/li>\n<li>L&#8217;attention port\u00e9e aux d\u00e9tails, qui fait toute la diff\u00e9rence.<\/li>\n<li>Une qualit\u00e9 irr\u00e9prochable, garantie par le savoir-faire de la marque.<\/li>\n<\/ul>\n<p>Kurt Geiger est plus qu&#8217;une marque, c&#8217;est une exp\u00e9rience de mode \u00e0 part enti\u00e8re, o\u00f9 chaque visite vous r\u00e9serve de nouvelles surprises.<\/p>\n<h2><span class=\"ez-toc-section\" id=\"Conclusion\"><\/span>Conclusion<span class=\"ez-toc-section-end\"><\/span><\/h2>\n<p>En somme, ces 10 buffets vintage ne sont pas seulement des meubles, mais de v\u00e9ritables pi\u00e8ces d&#8217;art qui red\u00e9finissent le style r\u00e9tro avec \u00e9l\u00e9gance et modernit\u00e9. Chacun d&#8217;eux raconte une histoire, apporte une touche unique \u00e0 votre int\u00e9rieur et prouve que le vintage peut \u00eatre synonyme de fra\u00eecheur et d&#8217;innovation. Alors, laissez-vous tenter par ces tr\u00e9sors du pass\u00e9 qui ont su se r\u00e9inventer pour s&#8217;adapter \u00e0 nos int\u00e9rieurs contemporains. Apr\u00e8s tout, qui a dit que le pass\u00e9 ne pouvait pas \u00eatre \u00e0 la mode ?<\/p>\n<h2><span class=\"ez-toc-section\" id=\"Foire_aux_questions\"><\/span>Foire aux questions<span class=\"ez-toc-section-end\"><\/span><\/h2>\n<h3><span class=\"ez-toc-section\" id=\"Quels_sont_les_nouveaux_lieux_de_mode_a_visiter_a_Paris\"><\/span>Quels sont les nouveaux lieux de mode \u00e0 visiter \u00e0 Paris ?<span class=\"ez-toc-section-end\"><\/span><\/h3>\n<p>Les adresses incontournables incluent Dior du 30 Avenue Montaigne, Galeries Lafayette Champs-Elys\u00e9es, Encr\u00e9, Fiorucci et Kurt Geiger.<\/p>\n<h3><span class=\"ez-toc-section\" id=\"Quoffre_la_nouvelle_adresse_Dior_du_30_Avenue_Montaigne\"><\/span>Qu&#8217;offre la nouvelle adresse Dior du 30 Avenue Montaigne ?<span class=\"ez-toc-section-end\"><\/span><\/h3>\n<p>R\u00e9nov\u00e9e et repens\u00e9e, elle propose une exp\u00e9rience de mode unique ainsi que des options de caf\u00e9 gourmand et de restaurant raffin\u00e9.<\/p>\n<h3><span class=\"ez-toc-section\" id=\"Que_celebrent_les_Galeries_Lafayette_Champs-Elysees_ce_printemps\"><\/span>Que c\u00e9l\u00e8brent les Galeries Lafayette Champs-Elys\u00e9es ce printemps ?<span class=\"ez-toc-section-end\"><\/span><\/h3>\n<p>Elles f\u00eatent le printemps avec de nouveaux pop-up stores.<\/p>\n<h3><span class=\"ez-toc-section\" id=\"Quapporte_de_nouveau_la_marque_francaise_Encre\"><\/span>Qu&#8217;apporte de nouveau la marque fran\u00e7aise Encr\u00e9 ?<span class=\"ez-toc-section-end\"><\/span><\/h3>\n<p>Encr\u00e9 r\u00e9invente la broderie, offrant une touche moderne \u00e0 un art traditionnel.<\/p>\n<h3><span class=\"ez-toc-section\" id=\"Quelle_est_la_particularite_de_la_maison_italienne_Fiorucci\"><\/span>Quelle est la particularit\u00e9 de la maison italienne Fiorucci ?<span class=\"ez-toc-section-end\"><\/span><\/h3>\n<p>Fiorucci est c\u00e9l\u00e8bre pour son approche audacieuse et innovante de la mode.<\/p>\n<h3><span class=\"ez-toc-section\" id=\"Que_propose_Kurt_Geiger_pour_se_distinguer\"><\/span>Que propose Kurt Geiger pour se distinguer ?<span class=\"ez-toc-section-end\"><\/span><\/h3>\n<p>Kurt Geiger est reconnu pour ses cr\u00e9ations de chaussures et d&#8217;accessoires \u00e0 la fois tendance et de haute qualit\u00e9.<\/p>\n","protected":false},"excerpt":{"rendered":"<p>Dans un monde o\u00f9 le style r\u00e9tro fait un retour en force, certains lieux se d\u00e9marquent par leur capacit\u00e9 \u00e0 r\u00e9inventer le vintage avec une touche de modernit\u00e9. Cet article met en lumi\u00e8re 10 buffets vintage qui red\u00e9finissent le style r\u00e9tro, en offrant une exp\u00e9rience unique qui m\u00eale pass\u00e9 et pr\u00e9sent. Voici un aper\u00e7u des [&hellip;]<\/p>\n","protected":false},"author":2,"featured_media":7816,"comment_status":"open","ping_status":"open","sticky":false,"template":"","format":"standard","meta":{"footnotes":""},"categories":[8,127,2],"tags":[],"class_list":["post-7817","post","type-post","status-publish","format-standard","has-post-thumbnail","hentry","category-avis","category-salle-a-manger","category-tendances"],"yoast_head":"<!-- This site is optimized with the Yoast SEO plugin v27.5 - https:\/\/yoast.com\/product\/yoast-seo-wordpress\/ -->\n<title>10 buffets vintage qui red\u00e9finissent le style r\u00e9tro - Mobilier Design Magazine<\/title>\n<meta name=\"robots\" content=\"index, follow, max-snippet:-1, max-image-preview:large, max-video-preview:-1\" \/>\n<link rel=\"canonical\" href=\"https:\/\/www.mobilier-design-occasion.fr\/magazine\/10-buffets-vintage-qui-redefinissent-le-style-retro\/\" \/>\n<meta property=\"og:locale\" content=\"fr_FR\" \/>\n<meta property=\"og:type\" content=\"article\" \/>\n<meta property=\"og:title\" content=\"10 buffets vintage qui red\u00e9finissent le style r\u00e9tro - Mobilier Design Magazine\" \/>\n<meta property=\"og:description\" content=\"Dans un monde o\u00f9 le style r\u00e9tro fait un retour en force, certains lieux se d\u00e9marquent par leur capacit\u00e9 \u00e0 r\u00e9inventer le vintage avec une touche de modernit\u00e9. Cet article met en lumi\u00e8re 10 buffets vintage qui red\u00e9finissent le style r\u00e9tro, en offrant une exp\u00e9rience unique qui m\u00eale pass\u00e9 et pr\u00e9sent. Voici un aper\u00e7u des [&hellip;]\" \/>\n<meta property=\"og:url\" content=\"https:\/\/www.mobilier-design-occasion.fr\/magazine\/10-buffets-vintage-qui-redefinissent-le-style-retro\/\" \/>\n<meta property=\"og:site_name\" content=\"Mobilier Design Magazine\" \/>\n<meta property=\"article:publisher\" content=\"https:\/\/www.facebook.com\/mobilierdesignoccasion\" \/>\n<meta property=\"article:published_time\" content=\"2024-03-27T13:44:04+00:00\" \/>\n<meta property=\"og:image\" content=\"https:\/\/contenu.nyc3.digitaloceanspaces.com\/journalist\/d21d291b-1c67-4b0a-8f26-3154ab9d629e\/thumbnail.jpeg\" \/>\n<meta name=\"author\" content=\"Vincent Vandegans\" \/>\n<meta name=\"twitter:card\" content=\"summary_large_image\" \/>\n<meta name=\"twitter:label1\" content=\"\u00c9crit par\" \/>\n\t<meta name=\"twitter:data1\" content=\"Vincent Vandegans\" \/>\n\t<meta name=\"twitter:label2\" content=\"Dur\u00e9e de lecture estim\u00e9e\" \/>\n\t<meta name=\"twitter:data2\" content=\"5 minutes\" \/>\n<script type=\"application\/ld+json\" class=\"yoast-schema-graph\">{\"@context\":\"https:\\\/\\\/schema.org\",\"@graph\":[{\"@type\":\"Article\",\"@id\":\"https:\\\/\\\/www.mobilier-design-occasion.fr\\\/magazine\\\/10-buffets-vintage-qui-redefinissent-le-style-retro\\\/#article\",\"isPartOf\":{\"@id\":\"https:\\\/\\\/www.mobilier-design-occasion.fr\\\/magazine\\\/10-buffets-vintage-qui-redefinissent-le-style-retro\\\/\"},\"author\":{\"name\":\"Vincent Vandegans\",\"@id\":\"https:\\\/\\\/www.mobilier-design-occasion.fr\\\/magazine\\\/#\\\/schema\\\/person\\\/af895bedc80bfb6b17730a672fddac9e\"},\"headline\":\"10 buffets vintage qui red\u00e9finissent le style r\u00e9tro\",\"datePublished\":\"2024-03-27T13:44:04+00:00\",\"mainEntityOfPage\":{\"@id\":\"https:\\\/\\\/www.mobilier-design-occasion.fr\\\/magazine\\\/10-buffets-vintage-qui-redefinissent-le-style-retro\\\/\"},\"wordCount\":1100,\"commentCount\":0,\"publisher\":{\"@id\":\"https:\\\/\\\/www.mobilier-design-occasion.fr\\\/magazine\\\/#organization\"},\"image\":{\"@id\":\"https:\\\/\\\/www.mobilier-design-occasion.fr\\\/magazine\\\/10-buffets-vintage-qui-redefinissent-le-style-retro\\\/#primaryimage\"},\"thumbnailUrl\":\"https:\\\/\\\/www.mobilier-design-occasion.fr\\\/magazine\\\/wp-content\\\/uploads\\\/2024\\\/03\\\/52ea0fe4thumbnail.jpeg\",\"articleSection\":[\"Avis marques d\u00e9co\",\"Salle \u00e0 manger\",\"Tendances\"],\"inLanguage\":\"fr-FR\",\"potentialAction\":[{\"@type\":\"CommentAction\",\"name\":\"Comment\",\"target\":[\"https:\\\/\\\/www.mobilier-design-occasion.fr\\\/magazine\\\/10-buffets-vintage-qui-redefinissent-le-style-retro\\\/#respond\"]}]},{\"@type\":\"WebPage\",\"@id\":\"https:\\\/\\\/www.mobilier-design-occasion.fr\\\/magazine\\\/10-buffets-vintage-qui-redefinissent-le-style-retro\\\/\",\"url\":\"https:\\\/\\\/www.mobilier-design-occasion.fr\\\/magazine\\\/10-buffets-vintage-qui-redefinissent-le-style-retro\\\/\",\"name\":\"10 buffets vintage qui red\u00e9finissent le style r\u00e9tro - Mobilier Design Magazine\",\"isPartOf\":{\"@id\":\"https:\\\/\\\/www.mobilier-design-occasion.fr\\\/magazine\\\/#website\"},\"primaryImageOfPage\":{\"@id\":\"https:\\\/\\\/www.mobilier-design-occasion.fr\\\/magazine\\\/10-buffets-vintage-qui-redefinissent-le-style-retro\\\/#primaryimage\"},\"image\":{\"@id\":\"https:\\\/\\\/www.mobilier-design-occasion.fr\\\/magazine\\\/10-buffets-vintage-qui-redefinissent-le-style-retro\\\/#primaryimage\"},\"thumbnailUrl\":\"https:\\\/\\\/www.mobilier-design-occasion.fr\\\/magazine\\\/wp-content\\\/uploads\\\/2024\\\/03\\\/52ea0fe4thumbnail.jpeg\",\"datePublished\":\"2024-03-27T13:44:04+00:00\",\"breadcrumb\":{\"@id\":\"https:\\\/\\\/www.mobilier-design-occasion.fr\\\/magazine\\\/10-buffets-vintage-qui-redefinissent-le-style-retro\\\/#breadcrumb\"},\"inLanguage\":\"fr-FR\",\"potentialAction\":[{\"@type\":\"ReadAction\",\"target\":[\"https:\\\/\\\/www.mobilier-design-occasion.fr\\\/magazine\\\/10-buffets-vintage-qui-redefinissent-le-style-retro\\\/\"]}]},{\"@type\":\"ImageObject\",\"inLanguage\":\"fr-FR\",\"@id\":\"https:\\\/\\\/www.mobilier-design-occasion.fr\\\/magazine\\\/10-buffets-vintage-qui-redefinissent-le-style-retro\\\/#primaryimage\",\"url\":\"https:\\\/\\\/www.mobilier-design-occasion.fr\\\/magazine\\\/wp-content\\\/uploads\\\/2024\\\/03\\\/52ea0fe4thumbnail.jpeg\",\"contentUrl\":\"https:\\\/\\\/www.mobilier-design-occasion.fr\\\/magazine\\\/wp-content\\\/uploads\\\/2024\\\/03\\\/52ea0fe4thumbnail.jpeg\",\"width\":1200,\"height\":798},{\"@type\":\"BreadcrumbList\",\"@id\":\"https:\\\/\\\/www.mobilier-design-occasion.fr\\\/magazine\\\/10-buffets-vintage-qui-redefinissent-le-style-retro\\\/#breadcrumb\",\"itemListElement\":[{\"@type\":\"ListItem\",\"position\":1,\"name\":\"Accueil\",\"item\":\"https:\\\/\\\/www.mobilier-design-occasion.fr\\\/magazine\\\/\"},{\"@type\":\"ListItem\",\"position\":2,\"name\":\"10 buffets vintage qui red\u00e9finissent le style r\u00e9tro\"}]},{\"@type\":\"WebSite\",\"@id\":\"https:\\\/\\\/www.mobilier-design-occasion.fr\\\/magazine\\\/#website\",\"url\":\"https:\\\/\\\/www.mobilier-design-occasion.fr\\\/magazine\\\/\",\"name\":\"Mobilier Design Magazine\",\"description\":\"\",\"publisher\":{\"@id\":\"https:\\\/\\\/www.mobilier-design-occasion.fr\\\/magazine\\\/#organization\"},\"potentialAction\":[{\"@type\":\"SearchAction\",\"target\":{\"@type\":\"EntryPoint\",\"urlTemplate\":\"https:\\\/\\\/www.mobilier-design-occasion.fr\\\/magazine\\\/?s={search_term_string}\"},\"query-input\":{\"@type\":\"PropertyValueSpecification\",\"valueRequired\":true,\"valueName\":\"search_term_string\"}}],\"inLanguage\":\"fr-FR\"},{\"@type\":\"Organization\",\"@id\":\"https:\\\/\\\/www.mobilier-design-occasion.fr\\\/magazine\\\/#organization\",\"name\":\"Mobilier Design Magazine\",\"url\":\"https:\\\/\\\/www.mobilier-design-occasion.fr\\\/magazine\\\/\",\"logo\":{\"@type\":\"ImageObject\",\"inLanguage\":\"fr-FR\",\"@id\":\"https:\\\/\\\/www.mobilier-design-occasion.fr\\\/magazine\\\/#\\\/schema\\\/logo\\\/image\\\/\",\"url\":\"https:\\\/\\\/www.mobilier-design-occasion.fr\\\/magazine\\\/wp-content\\\/uploads\\\/2024\\\/02\\\/android-chrome-192x192-1.png\",\"contentUrl\":\"https:\\\/\\\/www.mobilier-design-occasion.fr\\\/magazine\\\/wp-content\\\/uploads\\\/2024\\\/02\\\/android-chrome-192x192-1.png\",\"width\":192,\"height\":192,\"caption\":\"Mobilier Design Magazine\"},\"image\":{\"@id\":\"https:\\\/\\\/www.mobilier-design-occasion.fr\\\/magazine\\\/#\\\/schema\\\/logo\\\/image\\\/\"},\"sameAs\":[\"https:\\\/\\\/www.facebook.com\\\/mobilierdesignoccasion\"]},{\"@type\":\"Person\",\"@id\":\"https:\\\/\\\/www.mobilier-design-occasion.fr\\\/magazine\\\/#\\\/schema\\\/person\\\/af895bedc80bfb6b17730a672fddac9e\",\"name\":\"Vincent Vandegans\",\"image\":{\"@type\":\"ImageObject\",\"inLanguage\":\"fr-FR\",\"@id\":\"https:\\\/\\\/secure.gravatar.com\\\/avatar\\\/b984800dabdf722d5e3f03f637c8932dea77d81118467d17ad2953e3b273ec66?s=96&d=mm&r=g\",\"url\":\"https:\\\/\\\/secure.gravatar.com\\\/avatar\\\/b984800dabdf722d5e3f03f637c8932dea77d81118467d17ad2953e3b273ec66?s=96&d=mm&r=g\",\"contentUrl\":\"https:\\\/\\\/secure.gravatar.com\\\/avatar\\\/b984800dabdf722d5e3f03f637c8932dea77d81118467d17ad2953e3b273ec66?s=96&d=mm&r=g\",\"caption\":\"Vincent Vandegans\"},\"description\":\"Vincent est passionn\u00e9 par les produits d'occasion, il a ouvert le site MDO avec Cyrielle pour aider les gens \u00e0 trouver du mobilier d'occasion, vintage ou usag\u00e9. Depuis, ils ont \u00e9tendu leurs activit\u00e9s et conseillent tout le monde sur le mobilier d'int\u00e9rieur et d'ext\u00e9rieur au quotidien \u00e0 travers le magazine MDO.\",\"url\":\"https:\\\/\\\/www.mobilier-design-occasion.fr\\\/magazine\\\/author\\\/vincent\\\/\"}]}<\/script>\n<!-- \/ Yoast SEO plugin. -->","yoast_head_json":{"title":"10 buffets vintage qui red\u00e9finissent le style r\u00e9tro - Mobilier Design Magazine","robots":{"index":"index","follow":"follow","max-snippet":"max-snippet:-1","max-image-preview":"max-image-preview:large","max-video-preview":"max-video-preview:-1"},"canonical":"https:\/\/www.mobilier-design-occasion.fr\/magazine\/10-buffets-vintage-qui-redefinissent-le-style-retro\/","og_locale":"fr_FR","og_type":"article","og_title":"10 buffets vintage qui red\u00e9finissent le style r\u00e9tro - Mobilier Design Magazine","og_description":"Dans un monde o\u00f9 le style r\u00e9tro fait un retour en force, certains lieux se d\u00e9marquent par leur capacit\u00e9 \u00e0 r\u00e9inventer le vintage avec une touche de modernit\u00e9. Cet article met en lumi\u00e8re 10 buffets vintage qui red\u00e9finissent le style r\u00e9tro, en offrant une exp\u00e9rience unique qui m\u00eale pass\u00e9 et pr\u00e9sent. Voici un aper\u00e7u des [&hellip;]","og_url":"https:\/\/www.mobilier-design-occasion.fr\/magazine\/10-buffets-vintage-qui-redefinissent-le-style-retro\/","og_site_name":"Mobilier Design Magazine","article_publisher":"https:\/\/www.facebook.com\/mobilierdesignoccasion","article_published_time":"2024-03-27T13:44:04+00:00","og_image":[{"url":"https:\/\/contenu.nyc3.digitaloceanspaces.com\/journalist\/d21d291b-1c67-4b0a-8f26-3154ab9d629e\/thumbnail.jpeg","type":"","width":"","height":""}],"author":"Vincent Vandegans","twitter_card":"summary_large_image","twitter_misc":{"\u00c9crit par":"Vincent Vandegans","Dur\u00e9e de lecture estim\u00e9e":"5 minutes"},"schema":{"@context":"https:\/\/schema.org","@graph":[{"@type":"Article","@id":"https:\/\/www.mobilier-design-occasion.fr\/magazine\/10-buffets-vintage-qui-redefinissent-le-style-retro\/#article","isPartOf":{"@id":"https:\/\/www.mobilier-design-occasion.fr\/magazine\/10-buffets-vintage-qui-redefinissent-le-style-retro\/"},"author":{"name":"Vincent Vandegans","@id":"https:\/\/www.mobilier-design-occasion.fr\/magazine\/#\/schema\/person\/af895bedc80bfb6b17730a672fddac9e"},"headline":"10 buffets vintage qui red\u00e9finissent le style r\u00e9tro","datePublished":"2024-03-27T13:44:04+00:00","mainEntityOfPage":{"@id":"https:\/\/www.mobilier-design-occasion.fr\/magazine\/10-buffets-vintage-qui-redefinissent-le-style-retro\/"},"wordCount":1100,"commentCount":0,"publisher":{"@id":"https:\/\/www.mobilier-design-occasion.fr\/magazine\/#organization"},"image":{"@id":"https:\/\/www.mobilier-design-occasion.fr\/magazine\/10-buffets-vintage-qui-redefinissent-le-style-retro\/#primaryimage"},"thumbnailUrl":"https:\/\/www.mobilier-design-occasion.fr\/magazine\/wp-content\/uploads\/2024\/03\/52ea0fe4thumbnail.jpeg","articleSection":["Avis marques d\u00e9co","Salle \u00e0 manger","Tendances"],"inLanguage":"fr-FR","potentialAction":[{"@type":"CommentAction","name":"Comment","target":["https:\/\/www.mobilier-design-occasion.fr\/magazine\/10-buffets-vintage-qui-redefinissent-le-style-retro\/#respond"]}]},{"@type":"WebPage","@id":"https:\/\/www.mobilier-design-occasion.fr\/magazine\/10-buffets-vintage-qui-redefinissent-le-style-retro\/","url":"https:\/\/www.mobilier-design-occasion.fr\/magazine\/10-buffets-vintage-qui-redefinissent-le-style-retro\/","name":"10 buffets vintage qui red\u00e9finissent le style r\u00e9tro - Mobilier Design Magazine","isPartOf":{"@id":"https:\/\/www.mobilier-design-occasion.fr\/magazine\/#website"},"primaryImageOfPage":{"@id":"https:\/\/www.mobilier-design-occasion.fr\/magazine\/10-buffets-vintage-qui-redefinissent-le-style-retro\/#primaryimage"},"image":{"@id":"https:\/\/www.mobilier-design-occasion.fr\/magazine\/10-buffets-vintage-qui-redefinissent-le-style-retro\/#primaryimage"},"thumbnailUrl":"https:\/\/www.mobilier-design-occasion.fr\/magazine\/wp-content\/uploads\/2024\/03\/52ea0fe4thumbnail.jpeg","datePublished":"2024-03-27T13:44:04+00:00","breadcrumb":{"@id":"https:\/\/www.mobilier-design-occasion.fr\/magazine\/10-buffets-vintage-qui-redefinissent-le-style-retro\/#breadcrumb"},"inLanguage":"fr-FR","potentialAction":[{"@type":"ReadAction","target":["https:\/\/www.mobilier-design-occasion.fr\/magazine\/10-buffets-vintage-qui-redefinissent-le-style-retro\/"]}]},{"@type":"ImageObject","inLanguage":"fr-FR","@id":"https:\/\/www.mobilier-design-occasion.fr\/magazine\/10-buffets-vintage-qui-redefinissent-le-style-retro\/#primaryimage","url":"https:\/\/www.mobilier-design-occasion.fr\/magazine\/wp-content\/uploads\/2024\/03\/52ea0fe4thumbnail.jpeg","contentUrl":"https:\/\/www.mobilier-design-occasion.fr\/magazine\/wp-content\/uploads\/2024\/03\/52ea0fe4thumbnail.jpeg","width":1200,"height":798},{"@type":"BreadcrumbList","@id":"https:\/\/www.mobilier-design-occasion.fr\/magazine\/10-buffets-vintage-qui-redefinissent-le-style-retro\/#breadcrumb","itemListElement":[{"@type":"ListItem","position":1,"name":"Accueil","item":"https:\/\/www.mobilier-design-occasion.fr\/magazine\/"},{"@type":"ListItem","position":2,"name":"10 buffets vintage qui red\u00e9finissent le style r\u00e9tro"}]},{"@type":"WebSite","@id":"https:\/\/www.mobilier-design-occasion.fr\/magazine\/#website","url":"https:\/\/www.mobilier-design-occasion.fr\/magazine\/","name":"Mobilier Design Magazine","description":"","publisher":{"@id":"https:\/\/www.mobilier-design-occasion.fr\/magazine\/#organization"},"potentialAction":[{"@type":"SearchAction","target":{"@type":"EntryPoint","urlTemplate":"https:\/\/www.mobilier-design-occasion.fr\/magazine\/?s={search_term_string}"},"query-input":{"@type":"PropertyValueSpecification","valueRequired":true,"valueName":"search_term_string"}}],"inLanguage":"fr-FR"},{"@type":"Organization","@id":"https:\/\/www.mobilier-design-occasion.fr\/magazine\/#organization","name":"Mobilier Design Magazine","url":"https:\/\/www.mobilier-design-occasion.fr\/magazine\/","logo":{"@type":"ImageObject","inLanguage":"fr-FR","@id":"https:\/\/www.mobilier-design-occasion.fr\/magazine\/#\/schema\/logo\/image\/","url":"https:\/\/www.mobilier-design-occasion.fr\/magazine\/wp-content\/uploads\/2024\/02\/android-chrome-192x192-1.png","contentUrl":"https:\/\/www.mobilier-design-occasion.fr\/magazine\/wp-content\/uploads\/2024\/02\/android-chrome-192x192-1.png","width":192,"height":192,"caption":"Mobilier Design Magazine"},"image":{"@id":"https:\/\/www.mobilier-design-occasion.fr\/magazine\/#\/schema\/logo\/image\/"},"sameAs":["https:\/\/www.facebook.com\/mobilierdesignoccasion"]},{"@type":"Person","@id":"https:\/\/www.mobilier-design-occasion.fr\/magazine\/#\/schema\/person\/af895bedc80bfb6b17730a672fddac9e","name":"Vincent Vandegans","image":{"@type":"ImageObject","inLanguage":"fr-FR","@id":"https:\/\/secure.gravatar.com\/avatar\/b984800dabdf722d5e3f03f637c8932dea77d81118467d17ad2953e3b273ec66?s=96&d=mm&r=g","url":"https:\/\/secure.gravatar.com\/avatar\/b984800dabdf722d5e3f03f637c8932dea77d81118467d17ad2953e3b273ec66?s=96&d=mm&r=g","contentUrl":"https:\/\/secure.gravatar.com\/avatar\/b984800dabdf722d5e3f03f637c8932dea77d81118467d17ad2953e3b273ec66?s=96&d=mm&r=g","caption":"Vincent Vandegans"},"description":"Vincent est passionn\u00e9 par les produits d'occasion, il a ouvert le site MDO avec Cyrielle pour aider les gens \u00e0 trouver du mobilier d'occasion, vintage ou usag\u00e9. Depuis, ils ont \u00e9tendu leurs activit\u00e9s et conseillent tout le monde sur le mobilier d'int\u00e9rieur et d'ext\u00e9rieur au quotidien \u00e0 travers le magazine MDO.","url":"https:\/\/www.mobilier-design-occasion.fr\/magazine\/author\/vincent\/"}]}},"_links":{"self":[{"href":"https:\/\/www.mobilier-design-occasion.fr\/magazine\/wp-json\/wp\/v2\/posts\/7817","targetHints":{"allow":["GET"]}}],"collection":[{"href":"https:\/\/www.mobilier-design-occasion.fr\/magazine\/wp-json\/wp\/v2\/posts"}],"about":[{"href":"https:\/\/www.mobilier-design-occasion.fr\/magazine\/wp-json\/wp\/v2\/types\/post"}],"author":[{"embeddable":true,"href":"https:\/\/www.mobilier-design-occasion.fr\/magazine\/wp-json\/wp\/v2\/users\/2"}],"replies":[{"embeddable":true,"href":"https:\/\/www.mobilier-design-occasion.fr\/magazine\/wp-json\/wp\/v2\/comments?post=7817"}],"version-history":[{"count":0,"href":"https:\/\/www.mobilier-design-occasion.fr\/magazine\/wp-json\/wp\/v2\/posts\/7817\/revisions"}],"wp:featuredmedia":[{"embeddable":true,"href":"https:\/\/www.mobilier-design-occasion.fr\/magazine\/wp-json\/wp\/v2\/media\/7816"}],"wp:attachment":[{"href":"https:\/\/www.mobilier-design-occasion.fr\/magazine\/wp-json\/wp\/v2\/media?parent=7817"}],"wp:term":[{"taxonomy":"category","embeddable":true,"href":"https:\/\/www.mobilier-design-occasion.fr\/magazine\/wp-json\/wp\/v2\/categories?post=7817"},{"taxonomy":"post_tag","embeddable":true,"href":"https:\/\/www.mobilier-design-occasion.fr\/magazine\/wp-json\/wp\/v2\/tags?post=7817"}],"curies":[{"name":"wp","href":"https:\/\/api.w.org\/{rel}","templated":true}]}}