{"id":7769,"date":"2024-03-21T11:43:11","date_gmt":"2024-03-21T11:43:11","guid":{"rendered":"https:\/\/www.mobilier-design-occasion.fr\/magazine\/la-beaute-et-la-fonctionnalite-explorez-lenfilade-scandinave\/"},"modified":"2024-03-21T11:43:11","modified_gmt":"2024-03-21T11:43:11","slug":"la-beaute-et-la-fonctionnalite-explorez-lenfilade-scandinave","status":"publish","type":"post","link":"https:\/\/www.mobilier-design-occasion.fr\/magazine\/la-beaute-et-la-fonctionnalite-explorez-lenfilade-scandinave\/","title":{"rendered":"La beaut\u00e9 et la fonctionnalit\u00e9 : explorez l\u2019enfilade scandinave"},"content":{"rendered":"<p>L&#8217;enfilade scandinave, avec son design \u00e9pur\u00e9 et sa fonctionnalit\u00e9 remarquable, a conquis le c\u0153ur de nombreux amateurs de d\u00e9coration int\u00e9rieure \u00e0 travers le monde. Cet article explore les caract\u00e9ristiques uniques de l&#8217;enfilade scandinave, comment l&#8217;int\u00e9grer harmonieusement dans votre d\u00e9co, son impact sur l&#8217;ambiance de votre maison, et des astuces pour la personnaliser. Plongez dans l&#8217;univers du design scandinave et d\u00e9couvrez comment cette pi\u00e8ce embl\u00e9matique peut transformer votre int\u00e9rieur.<\/p>\n<h3><span class=\"ez-toc-section\" id=\"Points_Cles\"><\/span>Points Cl\u00e9s<span class=\"ez-toc-section-end\"><\/span><\/h3><div id=\"ez-toc-container\" class=\"ez-toc-v2_0_82_2 counter-hierarchy ez-toc-counter ez-toc-grey ez-toc-container-direction\">\n<div class=\"ez-toc-title-container\">\n<span class=\"ez-toc-title-toggle\"><a href=\"#\" class=\"ez-toc-pull-right ez-toc-btn ez-toc-btn-xs ez-toc-btn-default ez-toc-toggle\" aria-label=\"Toggle Table of Content\"><span class=\"ez-toc-js-icon-con\"><span class=\"\"><span class=\"eztoc-hide\" style=\"display:none;\">Toggle<\/span><span class=\"ez-toc-icon-toggle-span\"><svg style=\"fill: #999;color:#999\" xmlns=\"http:\/\/www.w3.org\/2000\/svg\" class=\"list-377408\" width=\"20px\" height=\"20px\" viewBox=\"0 0 24 24\" fill=\"none\"><path d=\"M6 6H4v2h2V6zm14 0H8v2h12V6zM4 11h2v2H4v-2zm16 0H8v2h12v-2zM4 16h2v2H4v-2zm16 0H8v2h12v-2z\" fill=\"currentColor\"><\/path><\/svg><svg style=\"fill: #999;color:#999\" class=\"arrow-unsorted-368013\" xmlns=\"http:\/\/www.w3.org\/2000\/svg\" width=\"10px\" height=\"10px\" viewBox=\"0 0 24 24\" version=\"1.2\" baseProfile=\"tiny\"><path d=\"M18.2 9.3l-6.2-6.3-6.2 6.3c-.2.2-.3.4-.3.7s.1.5.3.7c.2.2.4.3.7.3h11c.3 0 .5-.1.7-.3.2-.2.3-.5.3-.7s-.1-.5-.3-.7zM5.8 14.7l6.2 6.3 6.2-6.3c.2-.2.3-.5.3-.7s-.1-.5-.3-.7c-.2-.2-.4-.3-.7-.3h-11c-.3 0-.5.1-.7.3-.2.2-.3.5-.3.7s.1.5.3.7z\"\/><\/svg><\/span><\/span><\/span><\/a><\/span><\/div>\n<nav><ul class='ez-toc-list ez-toc-list-level-1 eztoc-toggle-hide-by-default' ><ul class='ez-toc-list-level-3' ><li class='ez-toc-heading-level-3'><a class=\"ez-toc-link ez-toc-heading-1\" href=\"https:\/\/www.mobilier-design-occasion.fr\/magazine\/la-beaute-et-la-fonctionnalite-explorez-lenfilade-scandinave\/#Points_Cles\" >Points Cl\u00e9s<\/a><\/li><\/ul><\/li><li class='ez-toc-page-1 ez-toc-heading-level-2'><a class=\"ez-toc-link ez-toc-heading-2\" href=\"https:\/\/www.mobilier-design-occasion.fr\/magazine\/la-beaute-et-la-fonctionnalite-explorez-lenfilade-scandinave\/#Quest-ce_quune_enfilade_scandinave\" >Qu&#8217;est-ce qu&#8217;une enfilade scandinave ?<\/a><ul class='ez-toc-list-level-3' ><li class='ez-toc-heading-level-3'><a class=\"ez-toc-link ez-toc-heading-3\" href=\"https:\/\/www.mobilier-design-occasion.fr\/magazine\/la-beaute-et-la-fonctionnalite-explorez-lenfilade-scandinave\/#Les_origines_du_design_scandinave\" >Les origines du design scandinave<\/a><\/li><li class='ez-toc-page-1 ez-toc-heading-level-3'><a class=\"ez-toc-link ez-toc-heading-4\" href=\"https:\/\/www.mobilier-design-occasion.fr\/magazine\/la-beaute-et-la-fonctionnalite-explorez-lenfilade-scandinave\/#Caracteristiques_uniques_de_lenfilade\" >Caract\u00e9ristiques uniques de l&#8217;enfilade<\/a><\/li><li class='ez-toc-page-1 ez-toc-heading-level-3'><a class=\"ez-toc-link ez-toc-heading-5\" href=\"https:\/\/www.mobilier-design-occasion.fr\/magazine\/la-beaute-et-la-fonctionnalite-explorez-lenfilade-scandinave\/#Pourquoi_on_ladore\" >Pourquoi on l&#8217;adore ?<\/a><\/li><\/ul><\/li><li class='ez-toc-page-1 ez-toc-heading-level-2'><a class=\"ez-toc-link ez-toc-heading-6\" href=\"https:\/\/www.mobilier-design-occasion.fr\/magazine\/la-beaute-et-la-fonctionnalite-explorez-lenfilade-scandinave\/#Comment_integrer_une_enfilade_dans_votre_deco\" >Comment int\u00e9grer une enfilade dans votre d\u00e9co ?<\/a><ul class='ez-toc-list-level-3' ><li class='ez-toc-heading-level-3'><a class=\"ez-toc-link ez-toc-heading-7\" href=\"https:\/\/www.mobilier-design-occasion.fr\/magazine\/la-beaute-et-la-fonctionnalite-explorez-lenfilade-scandinave\/#Choisir_lemplacement_ideal\" >Choisir l&#8217;emplacement id\u00e9al<\/a><\/li><li class='ez-toc-page-1 ez-toc-heading-level-3'><a class=\"ez-toc-link ez-toc-heading-8\" href=\"https:\/\/www.mobilier-design-occasion.fr\/magazine\/la-beaute-et-la-fonctionnalite-explorez-lenfilade-scandinave\/#Associer_avec_dautres_meubles\" >Associer avec d&#8217;autres meubles<\/a><\/li><li class='ez-toc-page-1 ez-toc-heading-level-3'><a class=\"ez-toc-link ez-toc-heading-9\" href=\"https:\/\/www.mobilier-design-occasion.fr\/magazine\/la-beaute-et-la-fonctionnalite-explorez-lenfilade-scandinave\/#Conseils_de_decoration\" >Conseils de d\u00e9coration<\/a><\/li><\/ul><\/li><li class='ez-toc-page-1 ez-toc-heading-level-2'><a class=\"ez-toc-link ez-toc-heading-10\" href=\"https:\/\/www.mobilier-design-occasion.fr\/magazine\/la-beaute-et-la-fonctionnalite-explorez-lenfilade-scandinave\/#Limpact_de_lenfilade_sur_lambiance_de_votre_maison\" >L&#8217;impact de l&#8217;enfilade sur l&#8217;ambiance de votre maison<\/a><ul class='ez-toc-list-level-3' ><li class='ez-toc-heading-level-3'><a class=\"ez-toc-link ez-toc-heading-11\" href=\"https:\/\/www.mobilier-design-occasion.fr\/magazine\/la-beaute-et-la-fonctionnalite-explorez-lenfilade-scandinave\/#Creer_une_atmosphere_chaleureuse\" >Cr\u00e9er une atmosph\u00e8re chaleureuse<\/a><\/li><li class='ez-toc-page-1 ez-toc-heading-level-3'><a class=\"ez-toc-link ez-toc-heading-12\" href=\"https:\/\/www.mobilier-design-occasion.fr\/magazine\/la-beaute-et-la-fonctionnalite-explorez-lenfilade-scandinave\/#Limportance_de_la_fonctionnalite\" >L&#8217;importance de la fonctionnalit\u00e9<\/a><\/li><li class='ez-toc-page-1 ez-toc-heading-level-3'><a class=\"ez-toc-link ez-toc-heading-13\" href=\"https:\/\/www.mobilier-design-occasion.fr\/magazine\/la-beaute-et-la-fonctionnalite-explorez-lenfilade-scandinave\/#Jouer_avec_les_couleurs_et_les_materiaux\" >Jouer avec les couleurs et les mat\u00e9riaux<\/a><\/li><\/ul><\/li><li class='ez-toc-page-1 ez-toc-heading-level-2'><a class=\"ez-toc-link ez-toc-heading-14\" href=\"https:\/\/www.mobilier-design-occasion.fr\/magazine\/la-beaute-et-la-fonctionnalite-explorez-lenfilade-scandinave\/#Des_idees_pour_personnaliser_votre_enfilade\" >Des id\u00e9es pour personnaliser votre enfilade<\/a><ul class='ez-toc-list-level-3' ><li class='ez-toc-heading-level-3'><a class=\"ez-toc-link ez-toc-heading-15\" href=\"https:\/\/www.mobilier-design-occasion.fr\/magazine\/la-beaute-et-la-fonctionnalite-explorez-lenfilade-scandinave\/#DIY_Des_touches_personnelles\" >DIY : Des touches personnelles<\/a><\/li><li class='ez-toc-page-1 ez-toc-heading-level-3'><a class=\"ez-toc-link ez-toc-heading-16\" href=\"https:\/\/www.mobilier-design-occasion.fr\/magazine\/la-beaute-et-la-fonctionnalite-explorez-lenfilade-scandinave\/#Choisir_les_bons_accessoires\" >Choisir les bons accessoires<\/a><\/li><li class='ez-toc-page-1 ez-toc-heading-level-3'><a class=\"ez-toc-link ez-toc-heading-17\" href=\"https:\/\/www.mobilier-design-occasion.fr\/magazine\/la-beaute-et-la-fonctionnalite-explorez-lenfilade-scandinave\/#Inspirations_nordiques_pour_votre_interieur\" >Inspirations nordiques pour votre int\u00e9rieur<\/a><\/li><\/ul><\/li><li class='ez-toc-page-1 ez-toc-heading-level-2'><a class=\"ez-toc-link ez-toc-heading-18\" href=\"https:\/\/www.mobilier-design-occasion.fr\/magazine\/la-beaute-et-la-fonctionnalite-explorez-lenfilade-scandinave\/#Conclusion\" >Conclusion<\/a><\/li><li class='ez-toc-page-1 ez-toc-heading-level-2'><a class=\"ez-toc-link ez-toc-heading-19\" href=\"https:\/\/www.mobilier-design-occasion.fr\/magazine\/la-beaute-et-la-fonctionnalite-explorez-lenfilade-scandinave\/#Foire_aux_questions\" >Foire aux questions<\/a><ul class='ez-toc-list-level-3' ><li class='ez-toc-heading-level-3'><a class=\"ez-toc-link ez-toc-heading-20\" href=\"https:\/\/www.mobilier-design-occasion.fr\/magazine\/la-beaute-et-la-fonctionnalite-explorez-lenfilade-scandinave\/#Quest-ce_qui_definit_une_enfilade_scandinave\" >Qu&#8217;est-ce qui d\u00e9finit une enfilade scandinave ?<\/a><\/li><li class='ez-toc-page-1 ez-toc-heading-level-3'><a class=\"ez-toc-link ez-toc-heading-21\" href=\"https:\/\/www.mobilier-design-occasion.fr\/magazine\/la-beaute-et-la-fonctionnalite-explorez-lenfilade-scandinave\/#Comment_choisir_lemplacement_ideal_pour_une_enfilade_dans_mon_interieur\" >Comment choisir l&#8217;emplacement id\u00e9al pour une enfilade dans mon int\u00e9rieur ?<\/a><\/li><li class='ez-toc-page-1 ez-toc-heading-level-3'><a class=\"ez-toc-link ez-toc-heading-22\" href=\"https:\/\/www.mobilier-design-occasion.fr\/magazine\/la-beaute-et-la-fonctionnalite-explorez-lenfilade-scandinave\/#Comment_puis-je_associer_une_enfilade_avec_dautres_meubles\" >Comment puis-je associer une enfilade avec d&#8217;autres meubles ?<\/a><\/li><li class='ez-toc-page-1 ez-toc-heading-level-3'><a class=\"ez-toc-link ez-toc-heading-23\" href=\"https:\/\/www.mobilier-design-occasion.fr\/magazine\/la-beaute-et-la-fonctionnalite-explorez-lenfilade-scandinave\/#Quels_sont_les_conseils_pour_decorer_une_enfilade\" >Quels sont les conseils pour d\u00e9corer une enfilade ?<\/a><\/li><li class='ez-toc-page-1 ez-toc-heading-level-3'><a class=\"ez-toc-link ez-toc-heading-24\" href=\"https:\/\/www.mobilier-design-occasion.fr\/magazine\/la-beaute-et-la-fonctionnalite-explorez-lenfilade-scandinave\/#En_quoi_lenfilade_peut-elle_changer_lambiance_de_ma_maison\" >En quoi l&#8217;enfilade peut-elle changer l&#8217;ambiance de ma maison ?<\/a><\/li><li class='ez-toc-page-1 ez-toc-heading-level-3'><a class=\"ez-toc-link ez-toc-heading-25\" href=\"https:\/\/www.mobilier-design-occasion.fr\/magazine\/la-beaute-et-la-fonctionnalite-explorez-lenfilade-scandinave\/#Comment_personnaliser_mon_enfilade_pour_quelle_se_demarque\" >Comment personnaliser mon enfilade pour qu&#8217;elle se d\u00e9marque ?<\/a><\/li><\/ul><\/li><\/ul><\/nav><\/div>\n\n<ul>\n<li>L&#8217;enfilade scandinave combine beaut\u00e9 et fonctionnalit\u00e9, s&#8217;inscrivant parfaitement dans la philosophie du design scandinave.<\/li>\n<li>Son origine et ses caract\u00e9ristiques uniques refl\u00e8tent une approche minimaliste et pratique de l&#8217;am\u00e9nagement int\u00e9rieur.<\/li>\n<li>Int\u00e9grer une enfilade dans votre d\u00e9coration demande de consid\u00e9rer l&#8217;emplacement, l&#8217;harmonie avec le mobilier existant et des touches d\u00e9coratives personnelles.<\/li>\n<li>L&#8217;enfilade peut significativement influencer l&#8217;ambiance de votre maison, en cr\u00e9ant un espace accueillant tout en restant fonctionnel.<\/li>\n<li>Personnaliser votre enfilade avec des DIY, des accessoires choisis et des inspirations nordiques peut la rendre encore plus sp\u00e9ciale et adapt\u00e9e \u00e0 votre style.<\/li>\n<\/ul>\n<h2><span class=\"ez-toc-section\" id=\"Quest-ce_quune_enfilade_scandinave\"><\/span>Qu&#8217;est-ce qu&#8217;une enfilade scandinave ?<span class=\"ez-toc-section-end\"><\/span><\/h2>\n<h3><span class=\"ez-toc-section\" id=\"Les_origines_du_design_scandinave\"><\/span>Les origines du design scandinave<span class=\"ez-toc-section-end\"><\/span><\/h3>\n<p>Le design scandinave, avec son esth\u00e9tique \u00e9pur\u00e9e et fonctionnelle, trouve ses racines au d\u00e9but du 20\u00e8me si\u00e8cle. Il \u00e9merge comme une r\u00e9ponse aux conditions climatiques rigoureuses du nord, cherchant \u00e0 apporter lumi\u00e8re et chaleur dans les int\u00e9rieurs. <strong>L&#8217;accent est mis sur la simplicit\u00e9, la fonctionnalit\u00e9 et la beaut\u00e9 des mat\u00e9riaux naturels.<\/strong><\/p>\n<blockquote><p>\nLe mouvement s&#8217;inspire largement de la nature et de la n\u00e9cessit\u00e9 d&#8217;une vie harmonieuse avec l&#8217;environnement.\n<\/p><\/blockquote>\n<p>Voici quelques pionniers du design scandinave :<\/p>\n<ul>\n<li>Alvar Aalto<\/li>\n<li>Arne Jacobsen<\/li>\n<li>Eero Saarinen<\/li>\n<li>Ingvar Kamprad (fondateur d&#8217;IKEA)<\/li>\n<\/ul>\n<p>Ces designers ont pos\u00e9 les bases d&#8217;un style qui continue d&#8217;influencer l&#8217;ameublement et la d\u00e9coration int\u00e9rieure dans le monde entier. Leur approche r\u00e9volutionnaire a rendu le design scandinave synonyme de qualit\u00e9, d&#8217;innovation et de durabilit\u00e9.<\/p>\n<h3><span class=\"ez-toc-section\" id=\"Caracteristiques_uniques_de_lenfilade\"><\/span>Caract\u00e9ristiques uniques de l&#8217;enfilade<span class=\"ez-toc-section-end\"><\/span><\/h3>\n<p>L&#8217;enfilade scandinave se distingue par son design minimaliste et sa fonctionnalit\u00e9 exceptionnelle. <strong>Elle allie esth\u00e9tique et praticit\u00e9<\/strong>, rendant chaque pi\u00e8ce \u00e0 la fois belle et utile. Voici quelques-unes de ses <a href=\"https:\/\/www.galeriesdestendancesavignon.fr\/quelle-est-la-difference-entre-un-buffet-et-une-enfilade\/\">caract\u00e9ristiques uniques<\/a> :<\/p>\n<ul>\n<li><strong>Simplicit\u00e9 des lignes<\/strong> : L&#8217;enfilade scandinave privil\u00e9gie les formes \u00e9pur\u00e9es et les lignes droites.<\/li>\n<li><strong>Mat\u00e9riaux naturels<\/strong> : Bois clair, souvent du ch\u00eane ou du bouleau, est privil\u00e9gi\u00e9 pour apporter une touche de chaleur et de naturel.<\/li>\n<li><strong>Espace de rangement optimis\u00e9<\/strong> : Con\u00e7ue pour maximiser l&#8217;espace de rangement sans encombrer la pi\u00e8ce.<\/li>\n<\/ul>\n<blockquote><p>\nL&#8217;enfilade scandinave n&#8217;est pas seulement un meuble, c&#8217;est une pi\u00e8ce ma\u00eetresse qui apporte de la personnalit\u00e9 \u00e0 votre int\u00e9rieur.\n<\/p><\/blockquote>\n<p>Ces \u00e9l\u00e9ments font de l&#8217;enfilade plus qu&#8217;un simple meuble de rangement. Elle devient un v\u00e9ritable objet de d\u00e9coration, capable de transformer l&#8217;ambiance d&#8217;une pi\u00e8ce.<\/p>\n<h3><span class=\"ez-toc-section\" id=\"Pourquoi_on_ladore\"><\/span>Pourquoi on l&#8217;adore ?<span class=\"ez-toc-section-end\"><\/span><\/h3>\n<p>L&#8217;enfilade scandinave, c&#8217;est bien plus qu&#8217;un simple meuble. <strong>C&#8217;est une pi\u00e8ce ma\u00eetresse qui allie esth\u00e9tique et fonctionnalit\u00e9<\/strong>, rendant chaque espace plus accueillant et organis\u00e9. Son design \u00e9pur\u00e9 et intemporel s&#8217;adapte \u00e0 tous les int\u00e9rieurs, du plus classique au plus moderne.<\/p>\n<blockquote><p>\nL&#8217;enfilade, c&#8217;est bien s\u00fbr ce meuble ultra-\u00e9l\u00e9gant, tout en longueur, qui ressemble beaucoup \u00e0 un buffet et peut servir de meuble TV design ou de console d\u00e9co.\n<\/p><\/blockquote>\n<p>Voici quelques raisons pour lesquelles on l&#8217;adore :<\/p>\n<ul>\n<li><strong>Son aspect pratique<\/strong> : offre un espace de rangement g\u00e9n\u00e9reux sans compromettre le style.<\/li>\n<li>Sa capacit\u00e9 \u00e0 <strong>s&#8217;int\u00e9grer harmonieusement<\/strong> dans n&#8217;importe quel d\u00e9cor.<\/li>\n<li>La touche de <strong>chaleur et de convivialit\u00e9<\/strong> qu&#8217;elle apporte \u00e0 la maison.<\/li>\n<\/ul>\n<h2><span class=\"ez-toc-section\" id=\"Comment_integrer_une_enfilade_dans_votre_deco\"><\/span>Comment int\u00e9grer une enfilade dans votre d\u00e9co ?<span class=\"ez-toc-section-end\"><\/span><\/h2>\n<p><img decoding=\"async\" style=\"max-width: 100%; max-height: 200px;\" src=\"https:\/\/contenu.nyc3.digitaloceanspaces.com\/journalist\/90d60da1-4388-468c-9845-3e5cc2aeca9e\/thumbnail.jpeg\" alt=\"Comment int\u00e9grer une enfilade dans votre d\u00e9co ?\" ><\/p>\n<h3><span class=\"ez-toc-section\" id=\"Choisir_lemplacement_ideal\"><\/span>Choisir l&#8217;emplacement id\u00e9al<span class=\"ez-toc-section-end\"><\/span><\/h3>\n<p>Trouver le bon spot pour votre enfilade scandinave peut transformer une pi\u00e8ce de banale \u00e0 sensationnelle. <strong>L&#8217;emplacement est crucial<\/strong>, car il influence non seulement l&#8217;esth\u00e9tique de la pi\u00e8ce mais aussi sa fonctionnalit\u00e9.<\/p>\n<ul>\n<li><strong>Pr\u00e8s de l&#8217;entr\u00e9e :<\/strong> Id\u00e9al pour accueillir cl\u00e9s, courriers et autres petits objets du quotidien.<\/li>\n<li><strong>Dans le salon :<\/strong> Parfait comme support de t\u00e9l\u00e9vision ou pour exposer vos objets d\u00e9co pr\u00e9f\u00e9r\u00e9s.<\/li>\n<li><strong>Dans la salle \u00e0 manger :<\/strong> Utilisez-la pour ranger votre vaisselle ou comme buffet lors de r\u00e9ceptions.<\/li>\n<\/ul>\n<blockquote><p>\nN&#8217;oubliez pas de prendre en compte la lumi\u00e8re naturelle et les flux de circulation dans la pi\u00e8ce. Un bon emplacement permet \u00e0 l&#8217;enfilade de briller sans entraver le passage.\n<\/p><\/blockquote>\n<h3><span class=\"ez-toc-section\" id=\"Associer_avec_dautres_meubles\"><\/span>Associer avec d&#8217;autres meubles<span class=\"ez-toc-section-end\"><\/span><\/h3>\n<p>L&#8217;art d&#8217;associer une enfilade scandinave avec d&#8217;autres meubles repose sur la <a href=\"https:\/\/www.mobilier-design-occasion.fr\/magazine\/category\/salon\/salle-a-manger\/\">simplicit\u00e9 et l&#8217;harmonie<\/a>. <strong>Choisir des pi\u00e8ces compl\u00e9mentaires<\/strong> est essentiel pour cr\u00e9er un espace coh\u00e9rent et esth\u00e9tiquement agr\u00e9able. Voici quelques conseils pour y parvenir :<\/p>\n<ul>\n<li><strong>Optez pour des meubles aux lignes \u00e9pur\u00e9es<\/strong> et aux couleurs neutres pour ne pas surcharger l&#8217;espace.<\/li>\n<li>Associez votre enfilade \u00e0 des chaises au design minimaliste ou \u00e0 une <a href=\"https:\/\/www.mobilier-design-occasion.fr\/magazine\/comment-acheter-une-table-basse-pas-chere-sans-compromettre-la-qualite-7-etapes\/\">table basse<\/a> en bois naturel pour renforcer le caract\u00e8re scandinave de votre d\u00e9co.<\/li>\n<li>N&#8217;h\u00e9sitez pas \u00e0 jouer avec les textures et les mat\u00e9riaux pour ajouter de la profondeur \u00e0 votre int\u00e9rieur.<\/li>\n<\/ul>\n<blockquote><p>\nL&#8217;association r\u00e9ussie d&#8217;une enfilade avec d&#8217;autres \u00e9l\u00e9ments de mobilier peut transformer votre espace de vie en un lieu \u00e0 la fois fonctionnel et esth\u00e9tiquement plaisant.\n<\/p><\/blockquote>\n<h3><span class=\"ez-toc-section\" id=\"Conseils_de_decoration\"><\/span>Conseils de d\u00e9coration<span class=\"ez-toc-section-end\"><\/span><\/h3>\n<p>L&#8217;int\u00e9gration d&#8217;une enfilade scandinave dans votre d\u00e9coration int\u00e9rieure ne se limite pas \u00e0 la choisir et \u00e0 la placer. Il s&#8217;agit de cr\u00e9er une harmonie avec l&#8217;espace environnant. <strong>Voici quelques conseils pour y parvenir avec style.<\/strong><\/p>\n<ul>\n<li><strong>Misez sur la simplicit\u00e9<\/strong> : L&#8217;enfilade scandinave brille par sa simplicit\u00e9. \u00c9vitez de la surcharger d&#8217;objets. Quelques pi\u00e8ces choisies avec soin suffisent.<\/li>\n<li><strong>Jouez avec les textures<\/strong> : Associez des mat\u00e9riaux naturels comme le bois, le lin ou la laine pour ajouter de la chaleur.<\/li>\n<li><strong>\u00c9clairage<\/strong> : Privil\u00e9giez les sources de lumi\u00e8re douce et naturelle pour mettre en valeur l&#8217;enfilade et les objets qu&#8217;elle porte.<\/li>\n<\/ul>\n<blockquote><p>\nL&#8217;harmonie entre votre enfilade et l&#8217;espace qui l&#8217;entoure est essentielle pour cr\u00e9er une ambiance accueillante et chaleureuse.\n<\/p><\/blockquote>\n<p>N&#8217;oubliez pas que l&#8217;enfilade doit \u00eatre \u00e0 la fois un \u00e9l\u00e9ment d\u00e9coratif et fonctionnel. Elle doit s&#8217;int\u00e9grer naturellement \u00e0 votre espace de vie, en compl\u00e9mentant le style et l&#8217;atmosph\u00e8re g\u00e9n\u00e9rale de votre maison.<\/p>\n<div data-youtube-video><iframe loading=\"lazy\" width=\"480\" height=\"270\" src=\"https:\/\/www.youtube.com\/embed\/WcbLgKMtKjk\"><\/iframe><\/div>\n<h2><span class=\"ez-toc-section\" id=\"Limpact_de_lenfilade_sur_lambiance_de_votre_maison\"><\/span>L&#8217;impact de l&#8217;enfilade sur l&#8217;ambiance de votre maison<span class=\"ez-toc-section-end\"><\/span><\/h2>\n<p><img decoding=\"async\" style=\"max-width: 100%; max-height: 200px;\" src=\"https:\/\/contenu.nyc3.digitaloceanspaces.com\/journalist\/cfcb9e8c-b965-493d-aa46-ea841f2b3c8c\/thumbnail.jpeg\" alt=\"L'impact de l'enfilade sur l'ambiance de votre maison\" ><\/p>\n<h3><span class=\"ez-toc-section\" id=\"Creer_une_atmosphere_chaleureuse\"><\/span>Cr\u00e9er une atmosph\u00e8re chaleureuse<span class=\"ez-toc-section-end\"><\/span><\/h3>\n<p>L&#8217;enfilade scandinave, avec ses lignes \u00e9pur\u00e9es et son bois chaleureux, invite \u00e0 la d\u00e9tente et \u00e0 la convivialit\u00e9 dans n&#8217;importe quel espace. <strong>Elle transforme instantan\u00e9ment l&#8217;ambiance d&#8217;une pi\u00e8ce<\/strong>, la rendant plus accueillante et chaleureuse.<\/p>\n<blockquote><p>\nL&#8217;astuce est de jouer avec l&#8217;\u00e9clairage et les textiles pour accentuer cette chaleur. Une lampe pos\u00e9e sur l&#8217;enfilade ou des coussins doux \u00e0 proximit\u00e9 peuvent faire toute la diff\u00e9rence.\n<\/p><\/blockquote>\n<p>Voici quelques \u00e9l\u00e9ments \u00e0 consid\u00e9rer pour maximiser l&#8217;effet chaleureux :<\/p>\n<ul>\n<li><strong>L&#8217;\u00e9clairage :<\/strong> Choisissez des sources de lumi\u00e8re douce et chaleureuse.<\/li>\n<li><strong>Les textiles :<\/strong> Ajoutez des coussins, des tapis, et des plaids pour une touche de confort.<\/li>\n<li><strong>Les accessoires :<\/strong> Des cadres photos, des bougies, et des plantes peuvent ajouter une note personnelle.<\/li>\n<\/ul>\n<p>En combinant ces \u00e9l\u00e9ments, vous cr\u00e9ez un espace non seulement esth\u00e9tique mais aussi extr\u00eamement confortable et accueillant. L&#8217;enfilade scandinave devient ainsi plus qu&#8217;un simple meuble : elle participe \u00e0 l&#8217;histoire de votre maison.<\/p>\n<h3><span class=\"ez-toc-section\" id=\"Limportance_de_la_fonctionnalite\"><\/span>L&#8217;importance de la fonctionnalit\u00e9<span class=\"ez-toc-section-end\"><\/span><\/h3>\n<p>Au-del\u00e0 de son esth\u00e9tique \u00e9pur\u00e9e, l&#8217;enfilade scandinave brille par sa <strong>fonctionnalit\u00e9<\/strong>. Ce meuble n&#8217;est pas seulement un objet de d\u00e9coration; il sert \u00e9galement de rangement pratique qui peut transformer l&#8217;organisation de votre espace de vie.<\/p>\n<blockquote><p>\nL&#8217;enfilade permet de garder votre int\u00e9rieur ordonn\u00e9 tout en ajoutant une touche de style.\n<\/p><\/blockquote>\n<p>Voici quelques fa\u00e7ons d&#8217;exploiter au mieux la fonctionnalit\u00e9 de votre enfilade :<\/p>\n<ul>\n<li>Utilisez-la pour dissimuler les objets du quotidien qui n&#8217;ont pas leur place \u00e0 vue.<\/li>\n<li>Organisez les compartiments internes pour maximiser l&#8217;espace de rangement.<\/li>\n<li>Placez-la dans des zones strat\u00e9giques de la maison pour faciliter l&#8217;acc\u00e8s aux objets fr\u00e9quemment utilis\u00e9s.<\/li>\n<\/ul>\n<p><a href=\"https:\/\/esoftskills.com\/fr\/limpact-de-la-decoration-interieure-sur-le-bien-etre\/\">L&#8217;impact de la d\u00e9coration int\u00e9rieure sur le bien-\u00eatre<\/a> est significatif. La d\u00e9coration int\u00e9rieure va bien au-del\u00e0 de l&#8217;esth\u00e9tique, car elle peut influencer notre niveau de stress, notre humeur et m\u00eame notre productivit\u00e9 au quotidien.<\/p>\n<h3><span class=\"ez-toc-section\" id=\"Jouer_avec_les_couleurs_et_les_materiaux\"><\/span>Jouer avec les couleurs et les mat\u00e9riaux<span class=\"ez-toc-section-end\"><\/span><\/h3>\n<p>L&#8217;impact des couleurs et des mat\u00e9riaux sur l&#8217;ambiance de votre maison ne peut \u00eatre sous-estim\u00e9. <strong>Choisir le bon m\u00e9lange peut transformer compl\u00e8tement une pi\u00e8ce.<\/strong><\/p>\n<p>Voici quelques id\u00e9es pour jouer avec les couleurs et les mat\u00e9riaux de votre enfilade :<\/p>\n<ul>\n<li><strong>Optez pour des couleurs chaudes<\/strong> pour <a href=\"https:\/\/be.green\/fr\/blog\/creez-une-ambiance-chaleureuse-avec-les-inspirations-olivier-interieur\">cr\u00e9er une atmosph\u00e8re accueillante<\/a>.<\/li>\n<li>Utilisez des mat\u00e9riaux naturels comme le bois ou le rotin pour ajouter une touche d&#8217;authenticit\u00e9.<\/li>\n<li>Int\u00e9grez des \u00e9l\u00e9ments m\u00e9talliques pour un contraste moderne.<\/li>\n<\/ul>\n<blockquote><p>\nN&#8217;oubliez pas que l&#8217;harmonie entre les couleurs et les mat\u00e9riaux est essentielle pour cr\u00e9er une ambiance coh\u00e9rente.\n<\/p><\/blockquote>\n<p>Enfin, exp\u00e9rimentez avec des accessoires color\u00e9s ou des objets d&#8217;art pour personnaliser votre espace. Laissez votre cr\u00e9ativit\u00e9 s&#8217;exprimer !<\/p>\n<h2><span class=\"ez-toc-section\" id=\"Des_idees_pour_personnaliser_votre_enfilade\"><\/span>Des id\u00e9es pour personnaliser votre enfilade<span class=\"ez-toc-section-end\"><\/span><\/h2>\n<p><img decoding=\"async\" style=\"max-width: 100%; max-height: 200px;\" src=\"https:\/\/contenu.nyc3.digitaloceanspaces.com\/journalist\/c49811a8-8085-412e-83e6-c6fa3177923c\/thumbnail.jpeg\" alt=\"Des id\u00e9es pour personnaliser votre enfilade\" ><\/p>\n<h3><span class=\"ez-toc-section\" id=\"DIY_Des_touches_personnelles\"><\/span>DIY : Des touches personnelles<span class=\"ez-toc-section-end\"><\/span><\/h3>\n<p>Ajouter des touches personnelles \u00e0 votre enfilade scandinave n&#8217;est pas seulement un moyen de la rendre unique, mais aussi de refl\u00e9ter votre style et votre personnalit\u00e9. <strong>Commencez par choisir des poign\u00e9es de tiroir ou de porte qui parlent de vous<\/strong>. Que ce soit des <a href=\"https:\/\/www.etsy.com\/fr\/listing\/1558145289\/petite-enfilade-basse-de-style-vintage\">poign\u00e9es vintage en cuivre<\/a> pour une touche r\u00e9tro ou des poign\u00e9es minimalistes en acier pour un look plus moderne, les options sont infinies.<\/p>\n<blockquote><p>\nPour un projet DIY facile, envisagez de repeindre votre enfilade dans une couleur qui s&#8217;harmonise ou contraste avec votre d\u00e9co actuelle. Cela peut radicalement transformer son apparence et l&#8217;int\u00e9grer parfaitement dans votre espace.\n<\/p><\/blockquote>\n<p>Voici quelques id\u00e9es pour personnaliser votre enfilade :<\/p>\n<ul>\n<li><strong>Changer les poign\u00e9es<\/strong> pour des mod\u00e8les qui vous ressemblent<\/li>\n<li>Appliquer un <strong>nouveau rev\u00eatement<\/strong> de peinture ou de papier peint<\/li>\n<li>Ajouter des <strong>\u00e9l\u00e9ments d\u00e9coratifs<\/strong> comme des vases, des livres, ou des cadres photos<\/li>\n<li>Utiliser des <strong>plateaux<\/strong> pour organiser et mettre en valeur vos objets pr\u00e9f\u00e9r\u00e9s<\/li>\n<\/ul>\n<h3><span class=\"ez-toc-section\" id=\"Choisir_les_bons_accessoires\"><\/span>Choisir les bons accessoires<span class=\"ez-toc-section-end\"><\/span><\/h3>\n<p>L&#8217;accessoirisation de votre enfilade scandinave est une \u00e9tape cruciale pour en maximiser l&#8217;esth\u00e9tique et la fonctionnalit\u00e9. <strong>Choisir les bons accessoires<\/strong> peut transformer compl\u00e8tement l&#8217;apparence de votre meuble et, par extension, de votre espace de vie.<\/p>\n<p>Voici quelques id\u00e9es d&#8217;accessoires qui s&#8217;harmonisent parfaitement avec le style scandinave :<\/p>\n<ul>\n<li><strong>Vases minimalistes<\/strong> en c\u00e9ramique ou en verre<\/li>\n<li>Bougies parfum\u00e9es pour une ambiance chaleureuse<\/li>\n<li>Cadres photos en bois naturel<\/li>\n<li>Plantes vertes pour ajouter une touche de nature<\/li>\n<\/ul>\n<blockquote><p>\nN&#8217;oubliez pas que l&#8217;objectif est de maintenir une esth\u00e9tique \u00e9pur\u00e9e et fonctionnelle, en accord avec les principes du design scandinave.\n<\/p><\/blockquote>\n<p>En choisissant des accessoires qui refl\u00e8tent la <a href=\"https:\/\/www.mobilier-design-occasion.fr\/magazine\/pourquoi-et-comment-adopter-le-style-scandinave-dans-sa-decoration\/\">lumi\u00e8re, la convivialit\u00e9 et la fonctionnalit\u00e9<\/a>, vous contribuez \u00e0 cr\u00e9er un int\u00e9rieur \u00e0 la fois raffin\u00e9 et respectueux de l&#8217;environnement, avec des couleurs pastel et des mat\u00e9riaux naturels comme le bois et les textiles.<\/p>\n<h3><span class=\"ez-toc-section\" id=\"Inspirations_nordiques_pour_votre_interieur\"><\/span>Inspirations nordiques pour votre int\u00e9rieur<span class=\"ez-toc-section-end\"><\/span><\/h3>\n<p>Pour vraiment capturer l&#8217;essence du design scandinave dans votre int\u00e9rieur, pensez \u00e0 <a href=\"https:\/\/www.mobilier-design-occasion.fr\/magazine\/les-tendances-en-matiere-de-mobilier-scandinave-pour-2023\/\">m\u00e9langer des \u00e9l\u00e9ments modernes et rustiques<\/a>. Cette approche vous permet de cr\u00e9er un espace unique et personnel, tout en restant fid\u00e8le aux tendances scandinaves de 2023 qui privil\u00e9gient les couleurs neutres, les mat\u00e9riaux naturels comme le bois, et les styles polyvalents.<\/p>\n<blockquote><p>\nLes tendances scandinaves de 2023 mettent l&#8217;accent sur les couleurs neutres, les mat\u00e9riaux naturels comme le bois, et les styles polyvalents.\n<\/p><\/blockquote>\n<p>Voici quelques id\u00e9es pour vous inspirer :<\/p>\n<ul>\n<li>Utilisez des textiles doux et confortables pour ajouter de la chaleur.<\/li>\n<li>Int\u00e9grez des plantes vertes pour apporter une touche de nature.<\/li>\n<li>Choisissez des \u0153uvres d&#8217;art qui refl\u00e8tent la simplicit\u00e9 et l&#8217;\u00e9l\u00e9gance nordique.<\/li>\n<li>N&#8217;oubliez pas l&#8217;\u00e9clairage : des lampes au design \u00e9pur\u00e9 peuvent transformer l&#8217;atmosph\u00e8re de votre pi\u00e8ce.<\/li>\n<\/ul>\n<h2><span class=\"ez-toc-section\" id=\"Conclusion\"><\/span>Conclusion<span class=\"ez-toc-section-end\"><\/span><\/h2>\n<p>En somme, l&#8217;enfilade scandinave n&#8217;est pas seulement un meuble, mais une v\u00e9ritable d\u00e9claration de style qui allie beaut\u00e9 et fonctionnalit\u00e9. Son design \u00e9pur\u00e9 et intemporel s&#8217;int\u00e8gre parfaitement dans n&#8217;importe quel espace, apportant une touche de minimalisme \u00e9l\u00e9gant. Que vous soyez un fervent admirateur du design scandinave ou simplement \u00e0 la recherche d&#8217;un meuble pratique et esth\u00e9tique, l&#8217;enfilade scandinave est une option \u00e0 consid\u00e9rer. Elle promet non seulement d&#8217;embellir votre espace de vie, mais aussi de le rendre plus fonctionnel. Alors, pourquoi ne pas laisser une place \u00e0 l&#8217;enfilade scandinave dans votre int\u00e9rieur et embrasser son charme discret ?<\/p>\n<h2><span class=\"ez-toc-section\" id=\"Foire_aux_questions\"><\/span>Foire aux questions<span class=\"ez-toc-section-end\"><\/span><\/h2>\n<h3><span class=\"ez-toc-section\" id=\"Quest-ce_qui_definit_une_enfilade_scandinave\"><\/span>Qu&#8217;est-ce qui d\u00e9finit une enfilade scandinave ?<span class=\"ez-toc-section-end\"><\/span><\/h3>\n<p>Une enfilade scandinave se caract\u00e9rise par son design minimaliste, ses lignes \u00e9pur\u00e9es et son utilisation fonctionnelle de l&#8217;espace. Elle est souvent fabriqu\u00e9e en bois clair, refl\u00e9tant l&#8217;amour de la nature et la simplicit\u00e9 inh\u00e9rente au design scandinave.<\/p>\n<h3><span class=\"ez-toc-section\" id=\"Comment_choisir_lemplacement_ideal_pour_une_enfilade_dans_mon_interieur\"><\/span>Comment choisir l&#8217;emplacement id\u00e9al pour une enfilade dans mon int\u00e9rieur ?<span class=\"ez-toc-section-end\"><\/span><\/h3>\n<p>L&#8217;emplacement id\u00e9al pour une enfilade d\u00e9pend de votre espace et de vos besoins. G\u00e9n\u00e9ralement, elle trouve sa place dans le salon, la salle \u00e0 manger ou le couloir, servant \u00e0 la fois de rangement et de pi\u00e8ce d\u00e9corative. Choisissez un endroit o\u00f9 elle sera \u00e0 la fois fonctionnelle et esth\u00e9tique.<\/p>\n<h3><span class=\"ez-toc-section\" id=\"Comment_puis-je_associer_une_enfilade_avec_dautres_meubles\"><\/span>Comment puis-je associer une enfilade avec d&#8217;autres meubles ?<span class=\"ez-toc-section-end\"><\/span><\/h3>\n<p>Pour associer une enfilade avec d&#8217;autres meubles, recherchez l&#8217;\u00e9quilibre et l&#8217;harmonie. Optez pour des pi\u00e8ces dans les m\u00eames tons de bois ou des couleurs compl\u00e9mentaires. Gardez \u00e0 l&#8217;esprit la simplicit\u00e9 et l&#8217;\u00e9l\u00e9gance du design scandinave pour un ensemble coh\u00e9rent.<\/p>\n<h3><span class=\"ez-toc-section\" id=\"Quels_sont_les_conseils_pour_decorer_une_enfilade\"><\/span>Quels sont les conseils pour d\u00e9corer une enfilade ?<span class=\"ez-toc-section-end\"><\/span><\/h3>\n<p>Pour d\u00e9corer une enfilade, commencez par des objets simples et fonctionnels. Utilisez des vases, des livres, des cadres photos ou des bougies pour cr\u00e9er une composition \u00e9quilibr\u00e9e. N&#8217;oubliez pas de laisser de l&#8217;espace entre les objets pour ne pas surcharger la surface.<\/p>\n<h3><span class=\"ez-toc-section\" id=\"En_quoi_lenfilade_peut-elle_changer_lambiance_de_ma_maison\"><\/span>En quoi l&#8217;enfilade peut-elle changer l&#8217;ambiance de ma maison ?<span class=\"ez-toc-section-end\"><\/span><\/h3>\n<p>L&#8217;enfilade peut transformer l&#8217;ambiance de votre maison en apportant une touche de chaleur et de fonctionnalit\u00e9. Elle aide \u00e0 cr\u00e9er un espace organis\u00e9 et accueillant, tout en ajoutant une dimension esth\u00e9tique avec son design scandinave \u00e9pur\u00e9.<\/p>\n<h3><span class=\"ez-toc-section\" id=\"Comment_personnaliser_mon_enfilade_pour_quelle_se_demarque\"><\/span>Comment personnaliser mon enfilade pour qu&#8217;elle se d\u00e9marque ?<span class=\"ez-toc-section-end\"><\/span><\/h3>\n<p>Pour personnaliser votre enfilade, envisagez des DIY ou choisissez des accessoires uniques qui refl\u00e8tent votre style personnel. Des poign\u00e9es de tiroir personnalis\u00e9es, des objets d&#8217;art ou des plantes peuvent ajouter une touche personnelle \u00e0 votre enfilade et la rendre vraiment unique.<\/p>\n","protected":false},"excerpt":{"rendered":"<p>L&#8217;enfilade scandinave, avec son design \u00e9pur\u00e9 et sa fonctionnalit\u00e9 remarquable, a conquis le c\u0153ur de nombreux amateurs de d\u00e9coration int\u00e9rieure \u00e0 travers le monde. Cet article explore les caract\u00e9ristiques uniques de l&#8217;enfilade scandinave, comment l&#8217;int\u00e9grer harmonieusement dans votre d\u00e9co, son impact sur l&#8217;ambiance de votre maison, et des astuces pour la personnaliser. Plongez dans l&#8217;univers [&hellip;]<\/p>\n","protected":false},"author":2,"featured_media":7768,"comment_status":"open","ping_status":"open","sticky":false,"template":"","format":"standard","meta":{"footnotes":""},"categories":[8,127,122,2],"tags":[],"class_list":["post-7769","post","type-post","status-publish","format-standard","has-post-thumbnail","hentry","category-avis","category-salle-a-manger","category-salon","category-tendances"],"yoast_head":"<!-- This site is optimized with the Yoast SEO plugin v27.5 - https:\/\/yoast.com\/product\/yoast-seo-wordpress\/ -->\n<title>La beaut\u00e9 et la fonctionnalit\u00e9 : explorez l\u2019enfilade scandinave - Mobilier Design Magazine<\/title>\n<meta name=\"robots\" content=\"index, follow, max-snippet:-1, max-image-preview:large, max-video-preview:-1\" \/>\n<link rel=\"canonical\" href=\"https:\/\/www.mobilier-design-occasion.fr\/magazine\/la-beaute-et-la-fonctionnalite-explorez-lenfilade-scandinave\/\" \/>\n<meta property=\"og:locale\" content=\"fr_FR\" \/>\n<meta property=\"og:type\" content=\"article\" \/>\n<meta property=\"og:title\" content=\"La beaut\u00e9 et la fonctionnalit\u00e9 : explorez l\u2019enfilade scandinave - Mobilier Design Magazine\" \/>\n<meta property=\"og:description\" content=\"L&#8217;enfilade scandinave, avec son design \u00e9pur\u00e9 et sa fonctionnalit\u00e9 remarquable, a conquis le c\u0153ur de nombreux amateurs de d\u00e9coration int\u00e9rieure \u00e0 travers le monde. Cet article explore les caract\u00e9ristiques uniques de l&#8217;enfilade scandinave, comment l&#8217;int\u00e9grer harmonieusement dans votre d\u00e9co, son impact sur l&#8217;ambiance de votre maison, et des astuces pour la personnaliser. Plongez dans l&#8217;univers [&hellip;]\" \/>\n<meta property=\"og:url\" content=\"https:\/\/www.mobilier-design-occasion.fr\/magazine\/la-beaute-et-la-fonctionnalite-explorez-lenfilade-scandinave\/\" \/>\n<meta property=\"og:site_name\" content=\"Mobilier Design Magazine\" \/>\n<meta property=\"article:publisher\" content=\"https:\/\/www.facebook.com\/mobilierdesignoccasion\" \/>\n<meta property=\"article:published_time\" content=\"2024-03-21T11:43:11+00:00\" \/>\n<meta property=\"og:image\" content=\"https:\/\/contenu.nyc3.digitaloceanspaces.com\/journalist\/90d60da1-4388-468c-9845-3e5cc2aeca9e\/thumbnail.jpeg\" \/>\n<meta name=\"author\" content=\"Vincent Vandegans\" \/>\n<meta name=\"twitter:card\" content=\"summary_large_image\" \/>\n<meta name=\"twitter:label1\" content=\"\u00c9crit par\" \/>\n\t<meta name=\"twitter:data1\" content=\"Vincent Vandegans\" \/>\n\t<meta name=\"twitter:label2\" content=\"Dur\u00e9e de lecture estim\u00e9e\" \/>\n\t<meta name=\"twitter:data2\" content=\"12 minutes\" \/>\n<script type=\"application\/ld+json\" class=\"yoast-schema-graph\">{\"@context\":\"https:\\\/\\\/schema.org\",\"@graph\":[{\"@type\":\"Article\",\"@id\":\"https:\\\/\\\/www.mobilier-design-occasion.fr\\\/magazine\\\/la-beaute-et-la-fonctionnalite-explorez-lenfilade-scandinave\\\/#article\",\"isPartOf\":{\"@id\":\"https:\\\/\\\/www.mobilier-design-occasion.fr\\\/magazine\\\/la-beaute-et-la-fonctionnalite-explorez-lenfilade-scandinave\\\/\"},\"author\":{\"name\":\"Vincent Vandegans\",\"@id\":\"https:\\\/\\\/www.mobilier-design-occasion.fr\\\/magazine\\\/#\\\/schema\\\/person\\\/af895bedc80bfb6b17730a672fddac9e\"},\"headline\":\"La beaut\u00e9 et la fonctionnalit\u00e9 : explorez l\u2019enfilade scandinave\",\"datePublished\":\"2024-03-21T11:43:11+00:00\",\"mainEntityOfPage\":{\"@id\":\"https:\\\/\\\/www.mobilier-design-occasion.fr\\\/magazine\\\/la-beaute-et-la-fonctionnalite-explorez-lenfilade-scandinave\\\/\"},\"wordCount\":2509,\"commentCount\":0,\"publisher\":{\"@id\":\"https:\\\/\\\/www.mobilier-design-occasion.fr\\\/magazine\\\/#organization\"},\"image\":{\"@id\":\"https:\\\/\\\/www.mobilier-design-occasion.fr\\\/magazine\\\/la-beaute-et-la-fonctionnalite-explorez-lenfilade-scandinave\\\/#primaryimage\"},\"thumbnailUrl\":\"https:\\\/\\\/www.mobilier-design-occasion.fr\\\/magazine\\\/wp-content\\\/uploads\\\/2024\\\/03\\\/1343a730thumbnail.jpeg\",\"articleSection\":[\"Avis marques d\u00e9co\",\"Salle \u00e0 manger\",\"Salon\",\"Tendances\"],\"inLanguage\":\"fr-FR\",\"potentialAction\":[{\"@type\":\"CommentAction\",\"name\":\"Comment\",\"target\":[\"https:\\\/\\\/www.mobilier-design-occasion.fr\\\/magazine\\\/la-beaute-et-la-fonctionnalite-explorez-lenfilade-scandinave\\\/#respond\"]}]},{\"@type\":\"WebPage\",\"@id\":\"https:\\\/\\\/www.mobilier-design-occasion.fr\\\/magazine\\\/la-beaute-et-la-fonctionnalite-explorez-lenfilade-scandinave\\\/\",\"url\":\"https:\\\/\\\/www.mobilier-design-occasion.fr\\\/magazine\\\/la-beaute-et-la-fonctionnalite-explorez-lenfilade-scandinave\\\/\",\"name\":\"La beaut\u00e9 et la fonctionnalit\u00e9 : explorez l\u2019enfilade scandinave - Mobilier Design Magazine\",\"isPartOf\":{\"@id\":\"https:\\\/\\\/www.mobilier-design-occasion.fr\\\/magazine\\\/#website\"},\"primaryImageOfPage\":{\"@id\":\"https:\\\/\\\/www.mobilier-design-occasion.fr\\\/magazine\\\/la-beaute-et-la-fonctionnalite-explorez-lenfilade-scandinave\\\/#primaryimage\"},\"image\":{\"@id\":\"https:\\\/\\\/www.mobilier-design-occasion.fr\\\/magazine\\\/la-beaute-et-la-fonctionnalite-explorez-lenfilade-scandinave\\\/#primaryimage\"},\"thumbnailUrl\":\"https:\\\/\\\/www.mobilier-design-occasion.fr\\\/magazine\\\/wp-content\\\/uploads\\\/2024\\\/03\\\/1343a730thumbnail.jpeg\",\"datePublished\":\"2024-03-21T11:43:11+00:00\",\"breadcrumb\":{\"@id\":\"https:\\\/\\\/www.mobilier-design-occasion.fr\\\/magazine\\\/la-beaute-et-la-fonctionnalite-explorez-lenfilade-scandinave\\\/#breadcrumb\"},\"inLanguage\":\"fr-FR\",\"potentialAction\":[{\"@type\":\"ReadAction\",\"target\":[\"https:\\\/\\\/www.mobilier-design-occasion.fr\\\/magazine\\\/la-beaute-et-la-fonctionnalite-explorez-lenfilade-scandinave\\\/\"]}]},{\"@type\":\"ImageObject\",\"inLanguage\":\"fr-FR\",\"@id\":\"https:\\\/\\\/www.mobilier-design-occasion.fr\\\/magazine\\\/la-beaute-et-la-fonctionnalite-explorez-lenfilade-scandinave\\\/#primaryimage\",\"url\":\"https:\\\/\\\/www.mobilier-design-occasion.fr\\\/magazine\\\/wp-content\\\/uploads\\\/2024\\\/03\\\/1343a730thumbnail.jpeg\",\"contentUrl\":\"https:\\\/\\\/www.mobilier-design-occasion.fr\\\/magazine\\\/wp-content\\\/uploads\\\/2024\\\/03\\\/1343a730thumbnail.jpeg\",\"width\":1200,\"height\":956},{\"@type\":\"BreadcrumbList\",\"@id\":\"https:\\\/\\\/www.mobilier-design-occasion.fr\\\/magazine\\\/la-beaute-et-la-fonctionnalite-explorez-lenfilade-scandinave\\\/#breadcrumb\",\"itemListElement\":[{\"@type\":\"ListItem\",\"position\":1,\"name\":\"Accueil\",\"item\":\"https:\\\/\\\/www.mobilier-design-occasion.fr\\\/magazine\\\/\"},{\"@type\":\"ListItem\",\"position\":2,\"name\":\"La beaut\u00e9 et la fonctionnalit\u00e9 : explorez l\u2019enfilade scandinave\"}]},{\"@type\":\"WebSite\",\"@id\":\"https:\\\/\\\/www.mobilier-design-occasion.fr\\\/magazine\\\/#website\",\"url\":\"https:\\\/\\\/www.mobilier-design-occasion.fr\\\/magazine\\\/\",\"name\":\"Mobilier Design Magazine\",\"description\":\"\",\"publisher\":{\"@id\":\"https:\\\/\\\/www.mobilier-design-occasion.fr\\\/magazine\\\/#organization\"},\"potentialAction\":[{\"@type\":\"SearchAction\",\"target\":{\"@type\":\"EntryPoint\",\"urlTemplate\":\"https:\\\/\\\/www.mobilier-design-occasion.fr\\\/magazine\\\/?s={search_term_string}\"},\"query-input\":{\"@type\":\"PropertyValueSpecification\",\"valueRequired\":true,\"valueName\":\"search_term_string\"}}],\"inLanguage\":\"fr-FR\"},{\"@type\":\"Organization\",\"@id\":\"https:\\\/\\\/www.mobilier-design-occasion.fr\\\/magazine\\\/#organization\",\"name\":\"Mobilier Design Magazine\",\"url\":\"https:\\\/\\\/www.mobilier-design-occasion.fr\\\/magazine\\\/\",\"logo\":{\"@type\":\"ImageObject\",\"inLanguage\":\"fr-FR\",\"@id\":\"https:\\\/\\\/www.mobilier-design-occasion.fr\\\/magazine\\\/#\\\/schema\\\/logo\\\/image\\\/\",\"url\":\"https:\\\/\\\/www.mobilier-design-occasion.fr\\\/magazine\\\/wp-content\\\/uploads\\\/2024\\\/02\\\/android-chrome-192x192-1.png\",\"contentUrl\":\"https:\\\/\\\/www.mobilier-design-occasion.fr\\\/magazine\\\/wp-content\\\/uploads\\\/2024\\\/02\\\/android-chrome-192x192-1.png\",\"width\":192,\"height\":192,\"caption\":\"Mobilier Design Magazine\"},\"image\":{\"@id\":\"https:\\\/\\\/www.mobilier-design-occasion.fr\\\/magazine\\\/#\\\/schema\\\/logo\\\/image\\\/\"},\"sameAs\":[\"https:\\\/\\\/www.facebook.com\\\/mobilierdesignoccasion\"]},{\"@type\":\"Person\",\"@id\":\"https:\\\/\\\/www.mobilier-design-occasion.fr\\\/magazine\\\/#\\\/schema\\\/person\\\/af895bedc80bfb6b17730a672fddac9e\",\"name\":\"Vincent Vandegans\",\"image\":{\"@type\":\"ImageObject\",\"inLanguage\":\"fr-FR\",\"@id\":\"https:\\\/\\\/secure.gravatar.com\\\/avatar\\\/b984800dabdf722d5e3f03f637c8932dea77d81118467d17ad2953e3b273ec66?s=96&d=mm&r=g\",\"url\":\"https:\\\/\\\/secure.gravatar.com\\\/avatar\\\/b984800dabdf722d5e3f03f637c8932dea77d81118467d17ad2953e3b273ec66?s=96&d=mm&r=g\",\"contentUrl\":\"https:\\\/\\\/secure.gravatar.com\\\/avatar\\\/b984800dabdf722d5e3f03f637c8932dea77d81118467d17ad2953e3b273ec66?s=96&d=mm&r=g\",\"caption\":\"Vincent Vandegans\"},\"description\":\"Vincent est passionn\u00e9 par les produits d'occasion, il a ouvert le site MDO avec Cyrielle pour aider les gens \u00e0 trouver du mobilier d'occasion, vintage ou usag\u00e9. Depuis, ils ont \u00e9tendu leurs activit\u00e9s et conseillent tout le monde sur le mobilier d'int\u00e9rieur et d'ext\u00e9rieur au quotidien \u00e0 travers le magazine MDO.\",\"url\":\"https:\\\/\\\/www.mobilier-design-occasion.fr\\\/magazine\\\/author\\\/vincent\\\/\"}]}<\/script>\n<!-- \/ Yoast SEO plugin. -->","yoast_head_json":{"title":"La beaut\u00e9 et la fonctionnalit\u00e9 : explorez l\u2019enfilade scandinave - Mobilier Design Magazine","robots":{"index":"index","follow":"follow","max-snippet":"max-snippet:-1","max-image-preview":"max-image-preview:large","max-video-preview":"max-video-preview:-1"},"canonical":"https:\/\/www.mobilier-design-occasion.fr\/magazine\/la-beaute-et-la-fonctionnalite-explorez-lenfilade-scandinave\/","og_locale":"fr_FR","og_type":"article","og_title":"La beaut\u00e9 et la fonctionnalit\u00e9 : explorez l\u2019enfilade scandinave - Mobilier Design Magazine","og_description":"L&#8217;enfilade scandinave, avec son design \u00e9pur\u00e9 et sa fonctionnalit\u00e9 remarquable, a conquis le c\u0153ur de nombreux amateurs de d\u00e9coration int\u00e9rieure \u00e0 travers le monde. Cet article explore les caract\u00e9ristiques uniques de l&#8217;enfilade scandinave, comment l&#8217;int\u00e9grer harmonieusement dans votre d\u00e9co, son impact sur l&#8217;ambiance de votre maison, et des astuces pour la personnaliser. Plongez dans l&#8217;univers [&hellip;]","og_url":"https:\/\/www.mobilier-design-occasion.fr\/magazine\/la-beaute-et-la-fonctionnalite-explorez-lenfilade-scandinave\/","og_site_name":"Mobilier Design Magazine","article_publisher":"https:\/\/www.facebook.com\/mobilierdesignoccasion","article_published_time":"2024-03-21T11:43:11+00:00","og_image":[{"url":"https:\/\/contenu.nyc3.digitaloceanspaces.com\/journalist\/90d60da1-4388-468c-9845-3e5cc2aeca9e\/thumbnail.jpeg","type":"","width":"","height":""}],"author":"Vincent Vandegans","twitter_card":"summary_large_image","twitter_misc":{"\u00c9crit par":"Vincent Vandegans","Dur\u00e9e de lecture estim\u00e9e":"12 minutes"},"schema":{"@context":"https:\/\/schema.org","@graph":[{"@type":"Article","@id":"https:\/\/www.mobilier-design-occasion.fr\/magazine\/la-beaute-et-la-fonctionnalite-explorez-lenfilade-scandinave\/#article","isPartOf":{"@id":"https:\/\/www.mobilier-design-occasion.fr\/magazine\/la-beaute-et-la-fonctionnalite-explorez-lenfilade-scandinave\/"},"author":{"name":"Vincent Vandegans","@id":"https:\/\/www.mobilier-design-occasion.fr\/magazine\/#\/schema\/person\/af895bedc80bfb6b17730a672fddac9e"},"headline":"La beaut\u00e9 et la fonctionnalit\u00e9 : explorez l\u2019enfilade scandinave","datePublished":"2024-03-21T11:43:11+00:00","mainEntityOfPage":{"@id":"https:\/\/www.mobilier-design-occasion.fr\/magazine\/la-beaute-et-la-fonctionnalite-explorez-lenfilade-scandinave\/"},"wordCount":2509,"commentCount":0,"publisher":{"@id":"https:\/\/www.mobilier-design-occasion.fr\/magazine\/#organization"},"image":{"@id":"https:\/\/www.mobilier-design-occasion.fr\/magazine\/la-beaute-et-la-fonctionnalite-explorez-lenfilade-scandinave\/#primaryimage"},"thumbnailUrl":"https:\/\/www.mobilier-design-occasion.fr\/magazine\/wp-content\/uploads\/2024\/03\/1343a730thumbnail.jpeg","articleSection":["Avis marques d\u00e9co","Salle \u00e0 manger","Salon","Tendances"],"inLanguage":"fr-FR","potentialAction":[{"@type":"CommentAction","name":"Comment","target":["https:\/\/www.mobilier-design-occasion.fr\/magazine\/la-beaute-et-la-fonctionnalite-explorez-lenfilade-scandinave\/#respond"]}]},{"@type":"WebPage","@id":"https:\/\/www.mobilier-design-occasion.fr\/magazine\/la-beaute-et-la-fonctionnalite-explorez-lenfilade-scandinave\/","url":"https:\/\/www.mobilier-design-occasion.fr\/magazine\/la-beaute-et-la-fonctionnalite-explorez-lenfilade-scandinave\/","name":"La beaut\u00e9 et la fonctionnalit\u00e9 : explorez l\u2019enfilade scandinave - Mobilier Design Magazine","isPartOf":{"@id":"https:\/\/www.mobilier-design-occasion.fr\/magazine\/#website"},"primaryImageOfPage":{"@id":"https:\/\/www.mobilier-design-occasion.fr\/magazine\/la-beaute-et-la-fonctionnalite-explorez-lenfilade-scandinave\/#primaryimage"},"image":{"@id":"https:\/\/www.mobilier-design-occasion.fr\/magazine\/la-beaute-et-la-fonctionnalite-explorez-lenfilade-scandinave\/#primaryimage"},"thumbnailUrl":"https:\/\/www.mobilier-design-occasion.fr\/magazine\/wp-content\/uploads\/2024\/03\/1343a730thumbnail.jpeg","datePublished":"2024-03-21T11:43:11+00:00","breadcrumb":{"@id":"https:\/\/www.mobilier-design-occasion.fr\/magazine\/la-beaute-et-la-fonctionnalite-explorez-lenfilade-scandinave\/#breadcrumb"},"inLanguage":"fr-FR","potentialAction":[{"@type":"ReadAction","target":["https:\/\/www.mobilier-design-occasion.fr\/magazine\/la-beaute-et-la-fonctionnalite-explorez-lenfilade-scandinave\/"]}]},{"@type":"ImageObject","inLanguage":"fr-FR","@id":"https:\/\/www.mobilier-design-occasion.fr\/magazine\/la-beaute-et-la-fonctionnalite-explorez-lenfilade-scandinave\/#primaryimage","url":"https:\/\/www.mobilier-design-occasion.fr\/magazine\/wp-content\/uploads\/2024\/03\/1343a730thumbnail.jpeg","contentUrl":"https:\/\/www.mobilier-design-occasion.fr\/magazine\/wp-content\/uploads\/2024\/03\/1343a730thumbnail.jpeg","width":1200,"height":956},{"@type":"BreadcrumbList","@id":"https:\/\/www.mobilier-design-occasion.fr\/magazine\/la-beaute-et-la-fonctionnalite-explorez-lenfilade-scandinave\/#breadcrumb","itemListElement":[{"@type":"ListItem","position":1,"name":"Accueil","item":"https:\/\/www.mobilier-design-occasion.fr\/magazine\/"},{"@type":"ListItem","position":2,"name":"La beaut\u00e9 et la fonctionnalit\u00e9 : explorez l\u2019enfilade scandinave"}]},{"@type":"WebSite","@id":"https:\/\/www.mobilier-design-occasion.fr\/magazine\/#website","url":"https:\/\/www.mobilier-design-occasion.fr\/magazine\/","name":"Mobilier Design Magazine","description":"","publisher":{"@id":"https:\/\/www.mobilier-design-occasion.fr\/magazine\/#organization"},"potentialAction":[{"@type":"SearchAction","target":{"@type":"EntryPoint","urlTemplate":"https:\/\/www.mobilier-design-occasion.fr\/magazine\/?s={search_term_string}"},"query-input":{"@type":"PropertyValueSpecification","valueRequired":true,"valueName":"search_term_string"}}],"inLanguage":"fr-FR"},{"@type":"Organization","@id":"https:\/\/www.mobilier-design-occasion.fr\/magazine\/#organization","name":"Mobilier Design Magazine","url":"https:\/\/www.mobilier-design-occasion.fr\/magazine\/","logo":{"@type":"ImageObject","inLanguage":"fr-FR","@id":"https:\/\/www.mobilier-design-occasion.fr\/magazine\/#\/schema\/logo\/image\/","url":"https:\/\/www.mobilier-design-occasion.fr\/magazine\/wp-content\/uploads\/2024\/02\/android-chrome-192x192-1.png","contentUrl":"https:\/\/www.mobilier-design-occasion.fr\/magazine\/wp-content\/uploads\/2024\/02\/android-chrome-192x192-1.png","width":192,"height":192,"caption":"Mobilier Design Magazine"},"image":{"@id":"https:\/\/www.mobilier-design-occasion.fr\/magazine\/#\/schema\/logo\/image\/"},"sameAs":["https:\/\/www.facebook.com\/mobilierdesignoccasion"]},{"@type":"Person","@id":"https:\/\/www.mobilier-design-occasion.fr\/magazine\/#\/schema\/person\/af895bedc80bfb6b17730a672fddac9e","name":"Vincent Vandegans","image":{"@type":"ImageObject","inLanguage":"fr-FR","@id":"https:\/\/secure.gravatar.com\/avatar\/b984800dabdf722d5e3f03f637c8932dea77d81118467d17ad2953e3b273ec66?s=96&d=mm&r=g","url":"https:\/\/secure.gravatar.com\/avatar\/b984800dabdf722d5e3f03f637c8932dea77d81118467d17ad2953e3b273ec66?s=96&d=mm&r=g","contentUrl":"https:\/\/secure.gravatar.com\/avatar\/b984800dabdf722d5e3f03f637c8932dea77d81118467d17ad2953e3b273ec66?s=96&d=mm&r=g","caption":"Vincent Vandegans"},"description":"Vincent est passionn\u00e9 par les produits d'occasion, il a ouvert le site MDO avec Cyrielle pour aider les gens \u00e0 trouver du mobilier d'occasion, vintage ou usag\u00e9. Depuis, ils ont \u00e9tendu leurs activit\u00e9s et conseillent tout le monde sur le mobilier d'int\u00e9rieur et d'ext\u00e9rieur au quotidien \u00e0 travers le magazine MDO.","url":"https:\/\/www.mobilier-design-occasion.fr\/magazine\/author\/vincent\/"}]}},"_links":{"self":[{"href":"https:\/\/www.mobilier-design-occasion.fr\/magazine\/wp-json\/wp\/v2\/posts\/7769","targetHints":{"allow":["GET"]}}],"collection":[{"href":"https:\/\/www.mobilier-design-occasion.fr\/magazine\/wp-json\/wp\/v2\/posts"}],"about":[{"href":"https:\/\/www.mobilier-design-occasion.fr\/magazine\/wp-json\/wp\/v2\/types\/post"}],"author":[{"embeddable":true,"href":"https:\/\/www.mobilier-design-occasion.fr\/magazine\/wp-json\/wp\/v2\/users\/2"}],"replies":[{"embeddable":true,"href":"https:\/\/www.mobilier-design-occasion.fr\/magazine\/wp-json\/wp\/v2\/comments?post=7769"}],"version-history":[{"count":0,"href":"https:\/\/www.mobilier-design-occasion.fr\/magazine\/wp-json\/wp\/v2\/posts\/7769\/revisions"}],"wp:featuredmedia":[{"embeddable":true,"href":"https:\/\/www.mobilier-design-occasion.fr\/magazine\/wp-json\/wp\/v2\/media\/7768"}],"wp:attachment":[{"href":"https:\/\/www.mobilier-design-occasion.fr\/magazine\/wp-json\/wp\/v2\/media?parent=7769"}],"wp:term":[{"taxonomy":"category","embeddable":true,"href":"https:\/\/www.mobilier-design-occasion.fr\/magazine\/wp-json\/wp\/v2\/categories?post=7769"},{"taxonomy":"post_tag","embeddable":true,"href":"https:\/\/www.mobilier-design-occasion.fr\/magazine\/wp-json\/wp\/v2\/tags?post=7769"}],"curies":[{"name":"wp","href":"https:\/\/api.w.org\/{rel}","templated":true}]}}