{"id":7755,"date":"2024-03-19T17:08:05","date_gmt":"2024-03-19T17:08:05","guid":{"rendered":"https:\/\/www.mobilier-design-occasion.fr\/magazine\/5-facons-de-styliser-votre-maison-avec-une-enfilade-scandinave\/"},"modified":"2024-03-19T17:08:05","modified_gmt":"2024-03-19T17:08:05","slug":"5-facons-de-styliser-votre-maison-avec-une-enfilade-scandinave","status":"publish","type":"post","link":"https:\/\/www.mobilier-design-occasion.fr\/magazine\/5-facons-de-styliser-votre-maison-avec-une-enfilade-scandinave\/","title":{"rendered":"5 fa\u00e7ons de styliser votre maison avec une enfilade scandinave"},"content":{"rendered":"<p>L&#8217;enfilade scandinave, avec son design \u00e9pur\u00e9 et sa fonctionnalit\u00e9 maximale, est une pi\u00e8ce ma\u00eetresse dans l&#8217;am\u00e9nagement d&#8217;int\u00e9rieurs modernes. Ce meuble polyvalent ne se contente pas de fournir un espace de rangement suppl\u00e9mentaire, il offre \u00e9galement une toile de fond parfaite pour exprimer votre style personnel. D\u00e9couvrez cinq fa\u00e7ons cr\u00e9atives de styliser votre maison avec une enfilade scandinave.<\/p>\n<h3><span class=\"ez-toc-section\" id=\"Principales_conclusions\"><\/span>Principales conclusions<span class=\"ez-toc-section-end\"><\/span><\/h3><div id=\"ez-toc-container\" class=\"ez-toc-v2_0_82_2 counter-hierarchy ez-toc-counter ez-toc-grey ez-toc-container-direction\">\n<div class=\"ez-toc-title-container\">\n<span class=\"ez-toc-title-toggle\"><a href=\"#\" class=\"ez-toc-pull-right ez-toc-btn ez-toc-btn-xs ez-toc-btn-default ez-toc-toggle\" aria-label=\"Toggle Table of Content\"><span class=\"ez-toc-js-icon-con\"><span class=\"\"><span class=\"eztoc-hide\" style=\"display:none;\">Toggle<\/span><span class=\"ez-toc-icon-toggle-span\"><svg style=\"fill: #999;color:#999\" xmlns=\"http:\/\/www.w3.org\/2000\/svg\" class=\"list-377408\" width=\"20px\" height=\"20px\" viewBox=\"0 0 24 24\" fill=\"none\"><path d=\"M6 6H4v2h2V6zm14 0H8v2h12V6zM4 11h2v2H4v-2zm16 0H8v2h12v-2zM4 16h2v2H4v-2zm16 0H8v2h12v-2z\" fill=\"currentColor\"><\/path><\/svg><svg style=\"fill: #999;color:#999\" class=\"arrow-unsorted-368013\" xmlns=\"http:\/\/www.w3.org\/2000\/svg\" width=\"10px\" height=\"10px\" viewBox=\"0 0 24 24\" version=\"1.2\" baseProfile=\"tiny\"><path d=\"M18.2 9.3l-6.2-6.3-6.2 6.3c-.2.2-.3.4-.3.7s.1.5.3.7c.2.2.4.3.7.3h11c.3 0 .5-.1.7-.3.2-.2.3-.5.3-.7s-.1-.5-.3-.7zM5.8 14.7l6.2 6.3 6.2-6.3c.2-.2.3-.5.3-.7s-.1-.5-.3-.7c-.2-.2-.4-.3-.7-.3h-11c-.3 0-.5.1-.7.3-.2.2-.3.5-.3.7s.1.5.3.7z\"\/><\/svg><\/span><\/span><\/span><\/a><\/span><\/div>\n<nav><ul class='ez-toc-list ez-toc-list-level-1 eztoc-toggle-hide-by-default' ><ul class='ez-toc-list-level-3' ><li class='ez-toc-heading-level-3'><a class=\"ez-toc-link ez-toc-heading-1\" href=\"https:\/\/www.mobilier-design-occasion.fr\/magazine\/5-facons-de-styliser-votre-maison-avec-une-enfilade-scandinave\/#Principales_conclusions\" >Principales conclusions<\/a><\/li><\/ul><\/li><li class='ez-toc-page-1 ez-toc-heading-level-2'><a class=\"ez-toc-link ez-toc-heading-2\" href=\"https:\/\/www.mobilier-design-occasion.fr\/magazine\/5-facons-de-styliser-votre-maison-avec-une-enfilade-scandinave\/#1_Plantes_vertes\" >1. Plantes vertes<\/a><\/li><li class='ez-toc-page-1 ez-toc-heading-level-2'><a class=\"ez-toc-link ez-toc-heading-3\" href=\"https:\/\/www.mobilier-design-occasion.fr\/magazine\/5-facons-de-styliser-votre-maison-avec-une-enfilade-scandinave\/#2_Lampes_suspendues\" >2. Lampes suspendues<\/a><\/li><li class='ez-toc-page-1 ez-toc-heading-level-2'><a class=\"ez-toc-link ez-toc-heading-4\" href=\"https:\/\/www.mobilier-design-occasion.fr\/magazine\/5-facons-de-styliser-votre-maison-avec-une-enfilade-scandinave\/#3_Tapis_geometriques\" >3. Tapis g\u00e9om\u00e9triques<\/a><\/li><li class='ez-toc-page-1 ez-toc-heading-level-2'><a class=\"ez-toc-link ez-toc-heading-5\" href=\"https:\/\/www.mobilier-design-occasion.fr\/magazine\/5-facons-de-styliser-votre-maison-avec-une-enfilade-scandinave\/#4_Miroirs_ronds\" >4. Miroirs ronds<\/a><\/li><li class='ez-toc-page-1 ez-toc-heading-level-2'><a class=\"ez-toc-link ez-toc-heading-6\" href=\"https:\/\/www.mobilier-design-occasion.fr\/magazine\/5-facons-de-styliser-votre-maison-avec-une-enfilade-scandinave\/#5_OEuvres_dart_minimaliste\" >5. \u0152uvres d&#8217;art minimaliste<\/a><\/li><li class='ez-toc-page-1 ez-toc-heading-level-2'><a class=\"ez-toc-link ez-toc-heading-7\" href=\"https:\/\/www.mobilier-design-occasion.fr\/magazine\/5-facons-de-styliser-votre-maison-avec-une-enfilade-scandinave\/#Conclusion\" >Conclusion<\/a><\/li><li class='ez-toc-page-1 ez-toc-heading-level-2'><a class=\"ez-toc-link ez-toc-heading-8\" href=\"https:\/\/www.mobilier-design-occasion.fr\/magazine\/5-facons-de-styliser-votre-maison-avec-une-enfilade-scandinave\/#Questions_Frequemment_Posees\" >Questions Fr\u00e9quemment Pos\u00e9es<\/a><ul class='ez-toc-list-level-3' ><li class='ez-toc-heading-level-3'><a class=\"ez-toc-link ez-toc-heading-9\" href=\"https:\/\/www.mobilier-design-occasion.fr\/magazine\/5-facons-de-styliser-votre-maison-avec-une-enfilade-scandinave\/#Quest-ce_quune_enfilade_scandinave\" >Qu&#8217;est-ce qu&#8217;une enfilade scandinave ?<\/a><\/li><li class='ez-toc-page-1 ez-toc-heading-level-3'><a class=\"ez-toc-link ez-toc-heading-10\" href=\"https:\/\/www.mobilier-design-occasion.fr\/magazine\/5-facons-de-styliser-votre-maison-avec-une-enfilade-scandinave\/#Comment_les_plantes_vertes_peuvent-elles_completer_une_enfilade_scandinave\" >Comment les plantes vertes peuvent-elles compl\u00e9ter une enfilade scandinave ?<\/a><\/li><li class='ez-toc-page-1 ez-toc-heading-level-3'><a class=\"ez-toc-link ez-toc-heading-11\" href=\"https:\/\/www.mobilier-design-occasion.fr\/magazine\/5-facons-de-styliser-votre-maison-avec-une-enfilade-scandinave\/#Quel_type_de_lampes_suspendues_convient_le_mieux_au-dessus_dune_enfilade_scandinave\" >Quel type de lampes suspendues convient le mieux au-dessus d&#8217;une enfilade scandinave ?<\/a><\/li><li class='ez-toc-page-1 ez-toc-heading-level-3'><a class=\"ez-toc-link ez-toc-heading-12\" href=\"https:\/\/www.mobilier-design-occasion.fr\/magazine\/5-facons-de-styliser-votre-maison-avec-une-enfilade-scandinave\/#Pourquoi_choisir_un_tapis_geometrique_dans_un_interieur_avec_une_enfilade_scandinave\" >Pourquoi choisir un tapis g\u00e9om\u00e9trique dans un int\u00e9rieur avec une enfilade scandinave ?<\/a><\/li><li class='ez-toc-page-1 ez-toc-heading-level-3'><a class=\"ez-toc-link ez-toc-heading-13\" href=\"https:\/\/www.mobilier-design-occasion.fr\/magazine\/5-facons-de-styliser-votre-maison-avec-une-enfilade-scandinave\/#Comment_les_miroirs_ronds_peuvent-ils_ameliorer_la_decoration_dune_piece_avec_une_enfilade_scandinave\" >Comment les miroirs ronds peuvent-ils am\u00e9liorer la d\u00e9coration d&#8217;une pi\u00e8ce avec une enfilade scandinave ?<\/a><\/li><li class='ez-toc-page-1 ez-toc-heading-level-3'><a class=\"ez-toc-link ez-toc-heading-14\" href=\"https:\/\/www.mobilier-design-occasion.fr\/magazine\/5-facons-de-styliser-votre-maison-avec-une-enfilade-scandinave\/#Quels_sont_les_avantages_dintegrer_des_oeuvres_dart_minimalistes_dans_une_decoration_avec_une_enfilade_scandinave\" >Quels sont les avantages d&#8217;int\u00e9grer des \u0153uvres d&#8217;art minimalistes dans une d\u00e9coration avec une enfilade scandinave ?<\/a><\/li><\/ul><\/li><\/ul><\/nav><\/div>\n\n<ul>\n<li>Int\u00e9grez des plantes vertes pour ajouter une touche de fra\u00eecheur et de vitalit\u00e9 \u00e0 votre espace.<\/li>\n<li>Utilisez des lampes suspendues pour cr\u00e9er une ambiance chaleureuse et accueillante au-dessus de votre enfilade.<\/li>\n<li>Placez des tapis g\u00e9om\u00e9triques pour ajouter de la texture et de l&#8217;int\u00e9r\u00eat visuel \u00e0 votre pi\u00e8ce.<\/li>\n<li>Incorporez des miroirs ronds pour augmenter la luminosit\u00e9 et donner une impression d&#8217;espace.<\/li>\n<li>Optez pour des \u0153uvres d&#8217;art minimalistes pour compl\u00e9ter le look \u00e9pur\u00e9 de l&#8217;enfilade scandinave.<\/li>\n<\/ul>\n<h2><span class=\"ez-toc-section\" id=\"1_Plantes_vertes\"><\/span>1. Plantes vertes<span class=\"ez-toc-section-end\"><\/span><\/h2>\n<p><img decoding=\"async\" style=\"max-width: 100%; max-height: 200px;\" src=\"https:\/\/contenu.nyc3.digitaloceanspaces.com\/journalist\/a9554a42-aac4-49c9-8e5a-dde141b6ce03\/thumbnail.jpeg\" alt=\"1. Plantes vertes\" ><\/p>\n<p>Rien ne dit mieux <strong>&#8216;Scandinave&#8217;<\/strong> que l&#8217;int\u00e9gration de plantes vertes dans votre d\u00e9coration. Elles apportent une touche de fra\u00eecheur et de naturel indispensable \u00e0 l&#8217;ambiance zen et \u00e9pur\u00e9e caract\u00e9ristique de ce style.<\/p>\n<ul>\n<li><strong>Ficus<\/strong>: Parfait pour un coin lumineux, il apporte de la hauteur et de la structure.<\/li>\n<li><strong>Monstera<\/strong>: Ses grandes feuilles d\u00e9coup\u00e9es sont iconiques et ajoutent une touche d&#8217;exotisme.<\/li>\n<li><strong>Pothos<\/strong>: Id\u00e9al pour les \u00e9tag\u00e8res ou en haut de l&#8217;enfilade, il cr\u00e9e un joli tomb\u00e9 vert.<\/li>\n<\/ul>\n<blockquote><p>\nAssurez-vous que chaque plante re\u00e7oit la lumi\u00e8re et les soins appropri\u00e9s pour prosp\u00e9rer et embellir votre espace.\n<\/p><\/blockquote>\n<p>En choisissant judicieusement vos plantes, vous pouvez transformer une simple enfilade en un point focal vivant et respirant de votre maison. N&#8217;oubliez pas, l&#8217;important est de cr\u00e9er un espace qui vous ressemble et dans lequel vous vous sentez bien.<\/p>\n<h2><span class=\"ez-toc-section\" id=\"2_Lampes_suspendues\"><\/span>2. Lampes suspendues<span class=\"ez-toc-section-end\"><\/span><\/h2>\n<p><img decoding=\"async\" style=\"max-width: 100%; max-height: 200px;\" src=\"https:\/\/contenu.nyc3.digitaloceanspaces.com\/journalist\/89ce1a95-fa59-453d-ac99-553ba8584b24\/thumbnail.jpeg\" alt=\"2. Lampes suspendues\" ><\/p>\n<p>Les lampes suspendues ne sont pas seulement une source de lumi\u00e8re, elles sont un \u00e9l\u00e9ment cl\u00e9 dans la cr\u00e9ation d&#8217;une ambiance chaleureuse et accueillante dans votre maison. <strong>Choisir le bon \u00e9clairage<\/strong> peut transformer compl\u00e8tement l&#8217;espace, en mettant en valeur les belles lignes de votre enfilade scandinave.<\/p>\n<ul>\n<li>Optez pour des designs minimalistes qui compl\u00e8tent le style \u00e9pur\u00e9 de l&#8217;enfilade.<\/li>\n<li>Variez les hauteurs des lampes pour cr\u00e9er un int\u00e9r\u00eat visuel et dynamiser l&#8217;espace.<\/li>\n<li>Consid\u00e9rez l&#8217;utilisation de lampes de couleurs douces pour ajouter une touche de chaleur.<\/li>\n<\/ul>\n<blockquote><p>\nN&#8217;oubliez pas de jeter un \u0153il \u00e0 notre [Pinterest page](https:\/\/pinterest.com) featuring minimalist lighting tips and interior design trends for 2022 by Cyrielle Poirot. Cela pourrait vous donner de l&#8217;inspiration pour choisir vos lampes suspendues.\n<\/p><\/blockquote>\n<div data-youtube-video><iframe loading=\"lazy\" width=\"480\" height=\"270\" src=\"https:\/\/www.youtube.com\/embed\/qijMU2eFogk\"><\/iframe><\/div>\n<h2><span class=\"ez-toc-section\" id=\"3_Tapis_geometriques\"><\/span>3. Tapis g\u00e9om\u00e9triques<span class=\"ez-toc-section-end\"><\/span><\/h2>\n<p><img decoding=\"async\" style=\"max-width: 100%; max-height: 200px;\" src=\"https:\/\/contenu.nyc3.digitaloceanspaces.com\/journalist\/caa20c87-07f3-4aba-a2d6-5eb16cfe248a\/thumbnail.jpeg\" alt=\"3. Tapis g\u00e9om\u00e9triques\" ><\/p>\n<p>Rien ne d\u00e9finit mieux l&#8217;espace dans une pi\u00e8ce que <strong>un tapis g\u00e9om\u00e9trique bien choisi<\/strong>. Ces tapis, avec leurs motifs audacieux et leurs couleurs vives, apportent une touche de modernit\u00e9 et de chaleur \u00e0 votre enfilade scandinave.<\/p>\n<ul>\n<li>Choisissez un tapis qui compl\u00e8te les couleurs de votre pi\u00e8ce.<\/li>\n<li>Pensez \u00e0 la taille : un grand tapis peut ancrer l&#8217;espace, tandis qu&#8217;un plus petit peut d\u00e9finir une zone sp\u00e9cifique.<\/li>\n<li>Variez les motifs pour ajouter de l&#8217;int\u00e9r\u00eat visuel sans surcharger l&#8217;espace.<\/li>\n<\/ul>\n<blockquote><p>\nAdoptez la d\u00e9coration scandinave avec du bois, des couleurs pastel, des textiles, et un \u00e9clairage vari\u00e9 pour cr\u00e9er un int\u00e9rieur \u00e9l\u00e9gant, zen, et fonctionnel. Utilisez des meubles pratiques et favorisez la lumi\u00e8re naturelle.\n<\/p><\/blockquote>\n<h2><span class=\"ez-toc-section\" id=\"4_Miroirs_ronds\"><\/span>4. Miroirs ronds<span class=\"ez-toc-section-end\"><\/span><\/h2>\n<p>Les <strong>miroirs ronds<\/strong> apportent une touche de douceur et de fluidit\u00e9 \u00e0 votre int\u00e9rieur, en brisant les lignes droites et les angles vifs souvent pr\u00e9sents dans le mobilier scandinave. Ils se marient parfaitement avec l&#8217;esth\u00e9tique \u00e9pur\u00e9e et naturelle de l&#8217;enfilade scandinave, cr\u00e9ant un espace harmonieux et accueillant.<\/p>\n<blockquote><p>\nPour un effet maximal, placez votre miroir rond au-dessus de l&#8217;enfilade, de mani\u00e8re \u00e0 refl\u00e9ter la lumi\u00e8re naturelle et \u00e0 agrandir visuellement l&#8217;espace.\n<\/p><\/blockquote>\n<p>Voici quelques id\u00e9es pour int\u00e9grer les miroirs ronds dans votre d\u00e9coration :<\/p>\n<ul>\n<li><strong>Accrochez un grand miroir<\/strong> pour un point focal audacieux.<\/li>\n<li>Utilisez des <a href=\"https:\/\/maison.20minutes.fr\/mm53150-miroirs-raphia\/\">miroirs de diff\u00e9rentes tailles<\/a> pour cr\u00e9er un mur de miroirs dynamique.<\/li>\n<li>Associez un miroir rond avec des \u00e9l\u00e9ments en bois ou en raphia pour une touche naturelle.<\/li>\n<\/ul>\n<p>Les miroirs ne sont pas seulement pratiques; ils sont aussi un \u00e9l\u00e9ment d\u00e9coratif puissant. En choisissant le bon design, vous pouvez transformer compl\u00e8tement l&#8217;atmosph\u00e8re de votre maison.<\/p>\n<h2><span class=\"ez-toc-section\" id=\"5_OEuvres_dart_minimaliste\"><\/span>5. \u0152uvres d&#8217;art minimaliste<span class=\"ez-toc-section-end\"><\/span><\/h2>\n<p><img decoding=\"async\" style=\"max-width: 100%; max-height: 200px;\" src=\"https:\/\/contenu.nyc3.digitaloceanspaces.com\/journalist\/d9dcabb5-0a03-4a49-8b07-e2f0bdbdd8ae\/thumbnail.jpeg\" alt=\"5. \u0152uvres d'art minimaliste\" ><\/p>\n<p>Int\u00e9grer des \u0153uvres d&#8217;art minimaliste \u00e0 c\u00f4t\u00e9 de votre enfilade scandinave peut transformer l&#8217;ambiance de votre pi\u00e8ce. <strong>Choisissez des pi\u00e8ces qui \u00e9voquent la s\u00e9r\u00e9nit\u00e9 et la simplicit\u00e9<\/strong>, refl\u00e9tant ainsi l&#8217;essence du <a href=\"https:\/\/www.mobilier-design-occasion.fr\/magazine\/pourquoi-et-comment-adopter-le-style-scandinave-dans-sa-decoration\/\">style scandinave<\/a>.<\/p>\n<ul>\n<li>Optez pour des cadres simples et \u00e9pur\u00e9s.<\/li>\n<li>Privil\u00e9giez les couleurs neutres ou pastel.<\/li>\n<li>Jouez avec les espaces vides pour cr\u00e9er un effet de profondeur.<\/li>\n<\/ul>\n<blockquote><p>\nL&#8217;art minimaliste n&#8217;est pas seulement une question de style, c&#8217;est une invitation \u00e0 la r\u00e9flexion et \u00e0 l&#8217;apaisement.\n<\/p><\/blockquote>\n<p>En associant judicieusement ces \u0153uvres \u00e0 votre enfilade, vous cr\u00e9ez un espace harmonieux et fonctionnel, fid\u00e8le aux principes du style scandinave. C&#8217;est une mani\u00e8re \u00e9l\u00e9gante de personnaliser votre int\u00e9rieur tout en conservant une atmosph\u00e8re l\u00e9g\u00e8re et accueillante.<\/p>\n<h2><span class=\"ez-toc-section\" id=\"Conclusion\"><\/span>Conclusion<span class=\"ez-toc-section-end\"><\/span><\/h2>\n<p>En somme, l&#8217;enfilade scandinave est bien plus qu&#8217;un simple meuble de rangement. C&#8217;est une pi\u00e8ce ma\u00eetresse qui apporte \u00e9l\u00e9gance et fonctionnalit\u00e9 \u00e0 votre int\u00e9rieur. Que vous optiez pour un look minimaliste, un espace de travail organis\u00e9, un coin cosy pour vos soir\u00e9es cin\u00e9, ou m\u00eame un espace d&#8217;exposition artistique, l&#8217;enfilade scandinave s&#8217;adapte \u00e0 toutes vos envies. Alors, n&#8217;h\u00e9sitez pas \u00e0 exp\u00e9rimenter avec ces id\u00e9es pour styliser votre maison. Apr\u00e8s tout, le plus important est de cr\u00e9er un espace qui vous ressemble et dans lequel vous vous sentez bien. Bonne d\u00e9co !<\/p>\n<h2><span class=\"ez-toc-section\" id=\"Questions_Frequemment_Posees\"><\/span>Questions Fr\u00e9quemment Pos\u00e9es<span class=\"ez-toc-section-end\"><\/span><\/h2>\n<h3><span class=\"ez-toc-section\" id=\"Quest-ce_quune_enfilade_scandinave\"><\/span>Qu&#8217;est-ce qu&#8217;une enfilade scandinave ?<span class=\"ez-toc-section-end\"><\/span><\/h3>\n<p>Une enfilade scandinave est un type de meuble bas, souvent utilis\u00e9 pour le rangement, qui se caract\u00e9rise par son design minimaliste et ses lignes \u00e9pur\u00e9es. Inspir\u00e9e par le mouvement du design scandinave, elle apporte une touche d&#8217;\u00e9l\u00e9gance et de fonctionnalit\u00e9 \u00e0 tout espace de vie.<\/p>\n<h3><span class=\"ez-toc-section\" id=\"Comment_les_plantes_vertes_peuvent-elles_completer_une_enfilade_scandinave\"><\/span>Comment les plantes vertes peuvent-elles compl\u00e9ter une enfilade scandinave ?<span class=\"ez-toc-section-end\"><\/span><\/h3>\n<p>Les plantes vertes ajoutent une touche de fra\u00eecheur et de vie \u00e0 l&#8217;espace autour d&#8217;une enfilade scandinave. Elles cr\u00e9ent un contraste naturel avec le design \u00e9pur\u00e9 du meuble, tout en purifiant l&#8217;air et en ajoutant une dimension visuelle int\u00e9ressante \u00e0 la d\u00e9coration.<\/p>\n<h3><span class=\"ez-toc-section\" id=\"Quel_type_de_lampes_suspendues_convient_le_mieux_au-dessus_dune_enfilade_scandinave\"><\/span>Quel type de lampes suspendues convient le mieux au-dessus d&#8217;une enfilade scandinave ?<span class=\"ez-toc-section-end\"><\/span><\/h3>\n<p>Des lampes suspendues avec un design minimaliste et des mat\u00e9riaux naturels comme le bois ou le m\u00e9tal s&#8217;int\u00e8grent parfaitement au-dessus d&#8217;une enfilade scandinave. Elles doivent \u00eatre choisies en fonction de l&#8217;\u00e9clairage souhait\u00e9 et du style de la pi\u00e8ce, en privil\u00e9giant des formes simples et \u00e9pur\u00e9es.<\/p>\n<h3><span class=\"ez-toc-section\" id=\"Pourquoi_choisir_un_tapis_geometrique_dans_un_interieur_avec_une_enfilade_scandinave\"><\/span>Pourquoi choisir un tapis g\u00e9om\u00e9trique dans un int\u00e9rieur avec une enfilade scandinave ?<span class=\"ez-toc-section-end\"><\/span><\/h3>\n<p>Un tapis g\u00e9om\u00e9trique ajoute une touche de dynamisme et de modernit\u00e9 \u00e0 l&#8217;espace, contrastant avec le design minimaliste de l&#8217;enfilade scandinave. Les motifs g\u00e9om\u00e9triques peuvent \u00e9galement aider \u00e0 d\u00e9limiter les espaces et \u00e0 ajouter de la texture et de la couleur \u00e0 la pi\u00e8ce.<\/p>\n<h3><span class=\"ez-toc-section\" id=\"Comment_les_miroirs_ronds_peuvent-ils_ameliorer_la_decoration_dune_piece_avec_une_enfilade_scandinave\"><\/span>Comment les miroirs ronds peuvent-ils am\u00e9liorer la d\u00e9coration d&#8217;une pi\u00e8ce avec une enfilade scandinave ?<span class=\"ez-toc-section-end\"><\/span><\/h3>\n<p>Les miroirs ronds apportent une touche de douceur et d&#8217;\u00e9l\u00e9gance \u00e0 la d\u00e9coration, en brisant les lignes droites du meuble scandinave. Ils refl\u00e8tent la lumi\u00e8re, agrandissant visuellement l&#8217;espace et ajoutant une dimension suppl\u00e9mentaire \u00e0 la pi\u00e8ce.<\/p>\n<h3><span class=\"ez-toc-section\" id=\"Quels_sont_les_avantages_dintegrer_des_oeuvres_dart_minimalistes_dans_une_decoration_avec_une_enfilade_scandinave\"><\/span>Quels sont les avantages d&#8217;int\u00e9grer des \u0153uvres d&#8217;art minimalistes dans une d\u00e9coration avec une enfilade scandinave ?<span class=\"ez-toc-section-end\"><\/span><\/h3>\n<p>Les \u0153uvres d&#8217;art minimalistes compl\u00e8tent le design \u00e9pur\u00e9 de l&#8217;enfilade scandinave, tout en ajoutant un point focal visuel sans surcharger l&#8217;espace. Elles permettent de personnaliser la d\u00e9coration et d&#8217;ajouter une touche d&#8217;\u00e9l\u00e9gance et de sophistication \u00e0 l&#8217;ensemble.<\/p>\n","protected":false},"excerpt":{"rendered":"<p>L&#8217;enfilade scandinave, avec son design \u00e9pur\u00e9 et sa fonctionnalit\u00e9 maximale, est une pi\u00e8ce ma\u00eetresse dans l&#8217;am\u00e9nagement d&#8217;int\u00e9rieurs modernes. Ce meuble polyvalent ne se contente pas de fournir un espace de rangement suppl\u00e9mentaire, il offre \u00e9galement une toile de fond parfaite pour exprimer votre style personnel. D\u00e9couvrez cinq fa\u00e7ons cr\u00e9atives de styliser votre maison avec une [&hellip;]<\/p>\n","protected":false},"author":2,"featured_media":7754,"comment_status":"open","ping_status":"open","sticky":false,"template":"","format":"standard","meta":{"footnotes":""},"categories":[8,122,2],"tags":[],"class_list":["post-7755","post","type-post","status-publish","format-standard","has-post-thumbnail","hentry","category-avis","category-salon","category-tendances"],"yoast_head":"<!-- This site is optimized with the Yoast SEO plugin v27.5 - https:\/\/yoast.com\/product\/yoast-seo-wordpress\/ -->\n<title>5 fa\u00e7ons de styliser votre maison avec une enfilade scandinave - Mobilier Design Magazine<\/title>\n<meta name=\"robots\" content=\"index, follow, max-snippet:-1, max-image-preview:large, max-video-preview:-1\" \/>\n<link rel=\"canonical\" href=\"https:\/\/www.mobilier-design-occasion.fr\/magazine\/5-facons-de-styliser-votre-maison-avec-une-enfilade-scandinave\/\" \/>\n<meta property=\"og:locale\" content=\"fr_FR\" \/>\n<meta property=\"og:type\" content=\"article\" \/>\n<meta property=\"og:title\" content=\"5 fa\u00e7ons de styliser votre maison avec une enfilade scandinave - Mobilier Design Magazine\" \/>\n<meta property=\"og:description\" content=\"L&#8217;enfilade scandinave, avec son design \u00e9pur\u00e9 et sa fonctionnalit\u00e9 maximale, est une pi\u00e8ce ma\u00eetresse dans l&#8217;am\u00e9nagement d&#8217;int\u00e9rieurs modernes. Ce meuble polyvalent ne se contente pas de fournir un espace de rangement suppl\u00e9mentaire, il offre \u00e9galement une toile de fond parfaite pour exprimer votre style personnel. D\u00e9couvrez cinq fa\u00e7ons cr\u00e9atives de styliser votre maison avec une [&hellip;]\" \/>\n<meta property=\"og:url\" content=\"https:\/\/www.mobilier-design-occasion.fr\/magazine\/5-facons-de-styliser-votre-maison-avec-une-enfilade-scandinave\/\" \/>\n<meta property=\"og:site_name\" content=\"Mobilier Design Magazine\" \/>\n<meta property=\"article:publisher\" content=\"https:\/\/www.facebook.com\/mobilierdesignoccasion\" \/>\n<meta property=\"article:published_time\" content=\"2024-03-19T17:08:05+00:00\" \/>\n<meta property=\"og:image\" content=\"https:\/\/contenu.nyc3.digitaloceanspaces.com\/journalist\/a9554a42-aac4-49c9-8e5a-dde141b6ce03\/thumbnail.jpeg\" \/>\n<meta name=\"author\" content=\"Vincent Vandegans\" \/>\n<meta name=\"twitter:card\" content=\"summary_large_image\" \/>\n<meta name=\"twitter:label1\" content=\"\u00c9crit par\" \/>\n\t<meta name=\"twitter:data1\" content=\"Vincent Vandegans\" \/>\n\t<meta name=\"twitter:label2\" content=\"Dur\u00e9e de lecture estim\u00e9e\" \/>\n\t<meta name=\"twitter:data2\" content=\"6 minutes\" \/>\n<script type=\"application\/ld+json\" class=\"yoast-schema-graph\">{\"@context\":\"https:\\\/\\\/schema.org\",\"@graph\":[{\"@type\":\"Article\",\"@id\":\"https:\\\/\\\/www.mobilier-design-occasion.fr\\\/magazine\\\/5-facons-de-styliser-votre-maison-avec-une-enfilade-scandinave\\\/#article\",\"isPartOf\":{\"@id\":\"https:\\\/\\\/www.mobilier-design-occasion.fr\\\/magazine\\\/5-facons-de-styliser-votre-maison-avec-une-enfilade-scandinave\\\/\"},\"author\":{\"name\":\"Vincent Vandegans\",\"@id\":\"https:\\\/\\\/www.mobilier-design-occasion.fr\\\/magazine\\\/#\\\/schema\\\/person\\\/af895bedc80bfb6b17730a672fddac9e\"},\"headline\":\"5 fa\u00e7ons de styliser votre maison avec une enfilade scandinave\",\"datePublished\":\"2024-03-19T17:08:05+00:00\",\"mainEntityOfPage\":{\"@id\":\"https:\\\/\\\/www.mobilier-design-occasion.fr\\\/magazine\\\/5-facons-de-styliser-votre-maison-avec-une-enfilade-scandinave\\\/\"},\"wordCount\":1372,\"commentCount\":0,\"publisher\":{\"@id\":\"https:\\\/\\\/www.mobilier-design-occasion.fr\\\/magazine\\\/#organization\"},\"image\":{\"@id\":\"https:\\\/\\\/www.mobilier-design-occasion.fr\\\/magazine\\\/5-facons-de-styliser-votre-maison-avec-une-enfilade-scandinave\\\/#primaryimage\"},\"thumbnailUrl\":\"https:\\\/\\\/www.mobilier-design-occasion.fr\\\/magazine\\\/wp-content\\\/uploads\\\/2024\\\/03\\\/8bb1a769thumbnail.jpeg\",\"articleSection\":[\"Avis marques d\u00e9co\",\"Salon\",\"Tendances\"],\"inLanguage\":\"fr-FR\",\"potentialAction\":[{\"@type\":\"CommentAction\",\"name\":\"Comment\",\"target\":[\"https:\\\/\\\/www.mobilier-design-occasion.fr\\\/magazine\\\/5-facons-de-styliser-votre-maison-avec-une-enfilade-scandinave\\\/#respond\"]}]},{\"@type\":\"WebPage\",\"@id\":\"https:\\\/\\\/www.mobilier-design-occasion.fr\\\/magazine\\\/5-facons-de-styliser-votre-maison-avec-une-enfilade-scandinave\\\/\",\"url\":\"https:\\\/\\\/www.mobilier-design-occasion.fr\\\/magazine\\\/5-facons-de-styliser-votre-maison-avec-une-enfilade-scandinave\\\/\",\"name\":\"5 fa\u00e7ons de styliser votre maison avec une enfilade scandinave - Mobilier Design Magazine\",\"isPartOf\":{\"@id\":\"https:\\\/\\\/www.mobilier-design-occasion.fr\\\/magazine\\\/#website\"},\"primaryImageOfPage\":{\"@id\":\"https:\\\/\\\/www.mobilier-design-occasion.fr\\\/magazine\\\/5-facons-de-styliser-votre-maison-avec-une-enfilade-scandinave\\\/#primaryimage\"},\"image\":{\"@id\":\"https:\\\/\\\/www.mobilier-design-occasion.fr\\\/magazine\\\/5-facons-de-styliser-votre-maison-avec-une-enfilade-scandinave\\\/#primaryimage\"},\"thumbnailUrl\":\"https:\\\/\\\/www.mobilier-design-occasion.fr\\\/magazine\\\/wp-content\\\/uploads\\\/2024\\\/03\\\/8bb1a769thumbnail.jpeg\",\"datePublished\":\"2024-03-19T17:08:05+00:00\",\"breadcrumb\":{\"@id\":\"https:\\\/\\\/www.mobilier-design-occasion.fr\\\/magazine\\\/5-facons-de-styliser-votre-maison-avec-une-enfilade-scandinave\\\/#breadcrumb\"},\"inLanguage\":\"fr-FR\",\"potentialAction\":[{\"@type\":\"ReadAction\",\"target\":[\"https:\\\/\\\/www.mobilier-design-occasion.fr\\\/magazine\\\/5-facons-de-styliser-votre-maison-avec-une-enfilade-scandinave\\\/\"]}]},{\"@type\":\"ImageObject\",\"inLanguage\":\"fr-FR\",\"@id\":\"https:\\\/\\\/www.mobilier-design-occasion.fr\\\/magazine\\\/5-facons-de-styliser-votre-maison-avec-une-enfilade-scandinave\\\/#primaryimage\",\"url\":\"https:\\\/\\\/www.mobilier-design-occasion.fr\\\/magazine\\\/wp-content\\\/uploads\\\/2024\\\/03\\\/8bb1a769thumbnail.jpeg\",\"contentUrl\":\"https:\\\/\\\/www.mobilier-design-occasion.fr\\\/magazine\\\/wp-content\\\/uploads\\\/2024\\\/03\\\/8bb1a769thumbnail.jpeg\",\"width\":1200,\"height\":1500},{\"@type\":\"BreadcrumbList\",\"@id\":\"https:\\\/\\\/www.mobilier-design-occasion.fr\\\/magazine\\\/5-facons-de-styliser-votre-maison-avec-une-enfilade-scandinave\\\/#breadcrumb\",\"itemListElement\":[{\"@type\":\"ListItem\",\"position\":1,\"name\":\"Accueil\",\"item\":\"https:\\\/\\\/www.mobilier-design-occasion.fr\\\/magazine\\\/\"},{\"@type\":\"ListItem\",\"position\":2,\"name\":\"5 fa\u00e7ons de styliser votre maison avec une enfilade scandinave\"}]},{\"@type\":\"WebSite\",\"@id\":\"https:\\\/\\\/www.mobilier-design-occasion.fr\\\/magazine\\\/#website\",\"url\":\"https:\\\/\\\/www.mobilier-design-occasion.fr\\\/magazine\\\/\",\"name\":\"Mobilier Design Magazine\",\"description\":\"\",\"publisher\":{\"@id\":\"https:\\\/\\\/www.mobilier-design-occasion.fr\\\/magazine\\\/#organization\"},\"potentialAction\":[{\"@type\":\"SearchAction\",\"target\":{\"@type\":\"EntryPoint\",\"urlTemplate\":\"https:\\\/\\\/www.mobilier-design-occasion.fr\\\/magazine\\\/?s={search_term_string}\"},\"query-input\":{\"@type\":\"PropertyValueSpecification\",\"valueRequired\":true,\"valueName\":\"search_term_string\"}}],\"inLanguage\":\"fr-FR\"},{\"@type\":\"Organization\",\"@id\":\"https:\\\/\\\/www.mobilier-design-occasion.fr\\\/magazine\\\/#organization\",\"name\":\"Mobilier Design Magazine\",\"url\":\"https:\\\/\\\/www.mobilier-design-occasion.fr\\\/magazine\\\/\",\"logo\":{\"@type\":\"ImageObject\",\"inLanguage\":\"fr-FR\",\"@id\":\"https:\\\/\\\/www.mobilier-design-occasion.fr\\\/magazine\\\/#\\\/schema\\\/logo\\\/image\\\/\",\"url\":\"https:\\\/\\\/www.mobilier-design-occasion.fr\\\/magazine\\\/wp-content\\\/uploads\\\/2024\\\/02\\\/android-chrome-192x192-1.png\",\"contentUrl\":\"https:\\\/\\\/www.mobilier-design-occasion.fr\\\/magazine\\\/wp-content\\\/uploads\\\/2024\\\/02\\\/android-chrome-192x192-1.png\",\"width\":192,\"height\":192,\"caption\":\"Mobilier Design Magazine\"},\"image\":{\"@id\":\"https:\\\/\\\/www.mobilier-design-occasion.fr\\\/magazine\\\/#\\\/schema\\\/logo\\\/image\\\/\"},\"sameAs\":[\"https:\\\/\\\/www.facebook.com\\\/mobilierdesignoccasion\"]},{\"@type\":\"Person\",\"@id\":\"https:\\\/\\\/www.mobilier-design-occasion.fr\\\/magazine\\\/#\\\/schema\\\/person\\\/af895bedc80bfb6b17730a672fddac9e\",\"name\":\"Vincent Vandegans\",\"image\":{\"@type\":\"ImageObject\",\"inLanguage\":\"fr-FR\",\"@id\":\"https:\\\/\\\/secure.gravatar.com\\\/avatar\\\/b984800dabdf722d5e3f03f637c8932dea77d81118467d17ad2953e3b273ec66?s=96&d=mm&r=g\",\"url\":\"https:\\\/\\\/secure.gravatar.com\\\/avatar\\\/b984800dabdf722d5e3f03f637c8932dea77d81118467d17ad2953e3b273ec66?s=96&d=mm&r=g\",\"contentUrl\":\"https:\\\/\\\/secure.gravatar.com\\\/avatar\\\/b984800dabdf722d5e3f03f637c8932dea77d81118467d17ad2953e3b273ec66?s=96&d=mm&r=g\",\"caption\":\"Vincent Vandegans\"},\"description\":\"Vincent est passionn\u00e9 par les produits d'occasion, il a ouvert le site MDO avec Cyrielle pour aider les gens \u00e0 trouver du mobilier d'occasion, vintage ou usag\u00e9. Depuis, ils ont \u00e9tendu leurs activit\u00e9s et conseillent tout le monde sur le mobilier d'int\u00e9rieur et d'ext\u00e9rieur au quotidien \u00e0 travers le magazine MDO.\",\"url\":\"https:\\\/\\\/www.mobilier-design-occasion.fr\\\/magazine\\\/author\\\/vincent\\\/\"}]}<\/script>\n<!-- \/ Yoast SEO plugin. -->","yoast_head_json":{"title":"5 fa\u00e7ons de styliser votre maison avec une enfilade scandinave - Mobilier Design Magazine","robots":{"index":"index","follow":"follow","max-snippet":"max-snippet:-1","max-image-preview":"max-image-preview:large","max-video-preview":"max-video-preview:-1"},"canonical":"https:\/\/www.mobilier-design-occasion.fr\/magazine\/5-facons-de-styliser-votre-maison-avec-une-enfilade-scandinave\/","og_locale":"fr_FR","og_type":"article","og_title":"5 fa\u00e7ons de styliser votre maison avec une enfilade scandinave - Mobilier Design Magazine","og_description":"L&#8217;enfilade scandinave, avec son design \u00e9pur\u00e9 et sa fonctionnalit\u00e9 maximale, est une pi\u00e8ce ma\u00eetresse dans l&#8217;am\u00e9nagement d&#8217;int\u00e9rieurs modernes. Ce meuble polyvalent ne se contente pas de fournir un espace de rangement suppl\u00e9mentaire, il offre \u00e9galement une toile de fond parfaite pour exprimer votre style personnel. D\u00e9couvrez cinq fa\u00e7ons cr\u00e9atives de styliser votre maison avec une [&hellip;]","og_url":"https:\/\/www.mobilier-design-occasion.fr\/magazine\/5-facons-de-styliser-votre-maison-avec-une-enfilade-scandinave\/","og_site_name":"Mobilier Design Magazine","article_publisher":"https:\/\/www.facebook.com\/mobilierdesignoccasion","article_published_time":"2024-03-19T17:08:05+00:00","og_image":[{"url":"https:\/\/contenu.nyc3.digitaloceanspaces.com\/journalist\/a9554a42-aac4-49c9-8e5a-dde141b6ce03\/thumbnail.jpeg","type":"","width":"","height":""}],"author":"Vincent Vandegans","twitter_card":"summary_large_image","twitter_misc":{"\u00c9crit par":"Vincent Vandegans","Dur\u00e9e de lecture estim\u00e9e":"6 minutes"},"schema":{"@context":"https:\/\/schema.org","@graph":[{"@type":"Article","@id":"https:\/\/www.mobilier-design-occasion.fr\/magazine\/5-facons-de-styliser-votre-maison-avec-une-enfilade-scandinave\/#article","isPartOf":{"@id":"https:\/\/www.mobilier-design-occasion.fr\/magazine\/5-facons-de-styliser-votre-maison-avec-une-enfilade-scandinave\/"},"author":{"name":"Vincent Vandegans","@id":"https:\/\/www.mobilier-design-occasion.fr\/magazine\/#\/schema\/person\/af895bedc80bfb6b17730a672fddac9e"},"headline":"5 fa\u00e7ons de styliser votre maison avec une enfilade scandinave","datePublished":"2024-03-19T17:08:05+00:00","mainEntityOfPage":{"@id":"https:\/\/www.mobilier-design-occasion.fr\/magazine\/5-facons-de-styliser-votre-maison-avec-une-enfilade-scandinave\/"},"wordCount":1372,"commentCount":0,"publisher":{"@id":"https:\/\/www.mobilier-design-occasion.fr\/magazine\/#organization"},"image":{"@id":"https:\/\/www.mobilier-design-occasion.fr\/magazine\/5-facons-de-styliser-votre-maison-avec-une-enfilade-scandinave\/#primaryimage"},"thumbnailUrl":"https:\/\/www.mobilier-design-occasion.fr\/magazine\/wp-content\/uploads\/2024\/03\/8bb1a769thumbnail.jpeg","articleSection":["Avis marques d\u00e9co","Salon","Tendances"],"inLanguage":"fr-FR","potentialAction":[{"@type":"CommentAction","name":"Comment","target":["https:\/\/www.mobilier-design-occasion.fr\/magazine\/5-facons-de-styliser-votre-maison-avec-une-enfilade-scandinave\/#respond"]}]},{"@type":"WebPage","@id":"https:\/\/www.mobilier-design-occasion.fr\/magazine\/5-facons-de-styliser-votre-maison-avec-une-enfilade-scandinave\/","url":"https:\/\/www.mobilier-design-occasion.fr\/magazine\/5-facons-de-styliser-votre-maison-avec-une-enfilade-scandinave\/","name":"5 fa\u00e7ons de styliser votre maison avec une enfilade scandinave - Mobilier Design Magazine","isPartOf":{"@id":"https:\/\/www.mobilier-design-occasion.fr\/magazine\/#website"},"primaryImageOfPage":{"@id":"https:\/\/www.mobilier-design-occasion.fr\/magazine\/5-facons-de-styliser-votre-maison-avec-une-enfilade-scandinave\/#primaryimage"},"image":{"@id":"https:\/\/www.mobilier-design-occasion.fr\/magazine\/5-facons-de-styliser-votre-maison-avec-une-enfilade-scandinave\/#primaryimage"},"thumbnailUrl":"https:\/\/www.mobilier-design-occasion.fr\/magazine\/wp-content\/uploads\/2024\/03\/8bb1a769thumbnail.jpeg","datePublished":"2024-03-19T17:08:05+00:00","breadcrumb":{"@id":"https:\/\/www.mobilier-design-occasion.fr\/magazine\/5-facons-de-styliser-votre-maison-avec-une-enfilade-scandinave\/#breadcrumb"},"inLanguage":"fr-FR","potentialAction":[{"@type":"ReadAction","target":["https:\/\/www.mobilier-design-occasion.fr\/magazine\/5-facons-de-styliser-votre-maison-avec-une-enfilade-scandinave\/"]}]},{"@type":"ImageObject","inLanguage":"fr-FR","@id":"https:\/\/www.mobilier-design-occasion.fr\/magazine\/5-facons-de-styliser-votre-maison-avec-une-enfilade-scandinave\/#primaryimage","url":"https:\/\/www.mobilier-design-occasion.fr\/magazine\/wp-content\/uploads\/2024\/03\/8bb1a769thumbnail.jpeg","contentUrl":"https:\/\/www.mobilier-design-occasion.fr\/magazine\/wp-content\/uploads\/2024\/03\/8bb1a769thumbnail.jpeg","width":1200,"height":1500},{"@type":"BreadcrumbList","@id":"https:\/\/www.mobilier-design-occasion.fr\/magazine\/5-facons-de-styliser-votre-maison-avec-une-enfilade-scandinave\/#breadcrumb","itemListElement":[{"@type":"ListItem","position":1,"name":"Accueil","item":"https:\/\/www.mobilier-design-occasion.fr\/magazine\/"},{"@type":"ListItem","position":2,"name":"5 fa\u00e7ons de styliser votre maison avec une enfilade scandinave"}]},{"@type":"WebSite","@id":"https:\/\/www.mobilier-design-occasion.fr\/magazine\/#website","url":"https:\/\/www.mobilier-design-occasion.fr\/magazine\/","name":"Mobilier Design Magazine","description":"","publisher":{"@id":"https:\/\/www.mobilier-design-occasion.fr\/magazine\/#organization"},"potentialAction":[{"@type":"SearchAction","target":{"@type":"EntryPoint","urlTemplate":"https:\/\/www.mobilier-design-occasion.fr\/magazine\/?s={search_term_string}"},"query-input":{"@type":"PropertyValueSpecification","valueRequired":true,"valueName":"search_term_string"}}],"inLanguage":"fr-FR"},{"@type":"Organization","@id":"https:\/\/www.mobilier-design-occasion.fr\/magazine\/#organization","name":"Mobilier Design Magazine","url":"https:\/\/www.mobilier-design-occasion.fr\/magazine\/","logo":{"@type":"ImageObject","inLanguage":"fr-FR","@id":"https:\/\/www.mobilier-design-occasion.fr\/magazine\/#\/schema\/logo\/image\/","url":"https:\/\/www.mobilier-design-occasion.fr\/magazine\/wp-content\/uploads\/2024\/02\/android-chrome-192x192-1.png","contentUrl":"https:\/\/www.mobilier-design-occasion.fr\/magazine\/wp-content\/uploads\/2024\/02\/android-chrome-192x192-1.png","width":192,"height":192,"caption":"Mobilier Design Magazine"},"image":{"@id":"https:\/\/www.mobilier-design-occasion.fr\/magazine\/#\/schema\/logo\/image\/"},"sameAs":["https:\/\/www.facebook.com\/mobilierdesignoccasion"]},{"@type":"Person","@id":"https:\/\/www.mobilier-design-occasion.fr\/magazine\/#\/schema\/person\/af895bedc80bfb6b17730a672fddac9e","name":"Vincent Vandegans","image":{"@type":"ImageObject","inLanguage":"fr-FR","@id":"https:\/\/secure.gravatar.com\/avatar\/b984800dabdf722d5e3f03f637c8932dea77d81118467d17ad2953e3b273ec66?s=96&d=mm&r=g","url":"https:\/\/secure.gravatar.com\/avatar\/b984800dabdf722d5e3f03f637c8932dea77d81118467d17ad2953e3b273ec66?s=96&d=mm&r=g","contentUrl":"https:\/\/secure.gravatar.com\/avatar\/b984800dabdf722d5e3f03f637c8932dea77d81118467d17ad2953e3b273ec66?s=96&d=mm&r=g","caption":"Vincent Vandegans"},"description":"Vincent est passionn\u00e9 par les produits d'occasion, il a ouvert le site MDO avec Cyrielle pour aider les gens \u00e0 trouver du mobilier d'occasion, vintage ou usag\u00e9. Depuis, ils ont \u00e9tendu leurs activit\u00e9s et conseillent tout le monde sur le mobilier d'int\u00e9rieur et d'ext\u00e9rieur au quotidien \u00e0 travers le magazine MDO.","url":"https:\/\/www.mobilier-design-occasion.fr\/magazine\/author\/vincent\/"}]}},"_links":{"self":[{"href":"https:\/\/www.mobilier-design-occasion.fr\/magazine\/wp-json\/wp\/v2\/posts\/7755","targetHints":{"allow":["GET"]}}],"collection":[{"href":"https:\/\/www.mobilier-design-occasion.fr\/magazine\/wp-json\/wp\/v2\/posts"}],"about":[{"href":"https:\/\/www.mobilier-design-occasion.fr\/magazine\/wp-json\/wp\/v2\/types\/post"}],"author":[{"embeddable":true,"href":"https:\/\/www.mobilier-design-occasion.fr\/magazine\/wp-json\/wp\/v2\/users\/2"}],"replies":[{"embeddable":true,"href":"https:\/\/www.mobilier-design-occasion.fr\/magazine\/wp-json\/wp\/v2\/comments?post=7755"}],"version-history":[{"count":0,"href":"https:\/\/www.mobilier-design-occasion.fr\/magazine\/wp-json\/wp\/v2\/posts\/7755\/revisions"}],"wp:featuredmedia":[{"embeddable":true,"href":"https:\/\/www.mobilier-design-occasion.fr\/magazine\/wp-json\/wp\/v2\/media\/7754"}],"wp:attachment":[{"href":"https:\/\/www.mobilier-design-occasion.fr\/magazine\/wp-json\/wp\/v2\/media?parent=7755"}],"wp:term":[{"taxonomy":"category","embeddable":true,"href":"https:\/\/www.mobilier-design-occasion.fr\/magazine\/wp-json\/wp\/v2\/categories?post=7755"},{"taxonomy":"post_tag","embeddable":true,"href":"https:\/\/www.mobilier-design-occasion.fr\/magazine\/wp-json\/wp\/v2\/tags?post=7755"}],"curies":[{"name":"wp","href":"https:\/\/api.w.org\/{rel}","templated":true}]}}