{"id":7685,"date":"2024-03-16T22:12:03","date_gmt":"2024-03-16T22:12:03","guid":{"rendered":"https:\/\/www.mobilier-design-occasion.fr\/magazine\/conseils-pour-choisir-un-canape-bubble-pour-votre-salon\/"},"modified":"2024-03-16T22:12:03","modified_gmt":"2024-03-16T22:12:03","slug":"conseils-pour-choisir-un-canape-bubble-pour-votre-salon","status":"publish","type":"post","link":"https:\/\/www.mobilier-design-occasion.fr\/magazine\/conseils-pour-choisir-un-canape-bubble-pour-votre-salon\/","title":{"rendered":"Conseils pour choisir un canap\u00e9 Bubble pour votre salon"},"content":{"rendered":"<p>Le canap\u00e9 Bubble, avec son design unique et son confort exceptionnel, est devenu un \u00e9l\u00e9ment incontournable des salons modernes. Ce guide vous fournira des conseils essentiels pour choisir le canap\u00e9 Bubble parfait pour votre salon, en mettant en lumi\u00e8re ses origines, son esth\u00e9tique, ses caract\u00e9ristiques techniques et comment bien l&#8217;int\u00e9grer dans votre espace.<\/p>\n<h3><span class=\"ez-toc-section\" id=\"Points_Cles\"><\/span>Points Cl\u00e9s<span class=\"ez-toc-section-end\"><\/span><\/h3><div id=\"ez-toc-container\" class=\"ez-toc-v2_0_82_2 counter-hierarchy ez-toc-counter ez-toc-grey ez-toc-container-direction\">\n<div class=\"ez-toc-title-container\">\n<span class=\"ez-toc-title-toggle\"><a href=\"#\" class=\"ez-toc-pull-right ez-toc-btn ez-toc-btn-xs ez-toc-btn-default ez-toc-toggle\" aria-label=\"Toggle Table of Content\"><span class=\"ez-toc-js-icon-con\"><span class=\"\"><span class=\"eztoc-hide\" style=\"display:none;\">Toggle<\/span><span class=\"ez-toc-icon-toggle-span\"><svg style=\"fill: #999;color:#999\" xmlns=\"http:\/\/www.w3.org\/2000\/svg\" class=\"list-377408\" width=\"20px\" height=\"20px\" viewBox=\"0 0 24 24\" fill=\"none\"><path d=\"M6 6H4v2h2V6zm14 0H8v2h12V6zM4 11h2v2H4v-2zm16 0H8v2h12v-2zM4 16h2v2H4v-2zm16 0H8v2h12v-2z\" fill=\"currentColor\"><\/path><\/svg><svg style=\"fill: #999;color:#999\" class=\"arrow-unsorted-368013\" xmlns=\"http:\/\/www.w3.org\/2000\/svg\" width=\"10px\" height=\"10px\" viewBox=\"0 0 24 24\" version=\"1.2\" baseProfile=\"tiny\"><path d=\"M18.2 9.3l-6.2-6.3-6.2 6.3c-.2.2-.3.4-.3.7s.1.5.3.7c.2.2.4.3.7.3h11c.3 0 .5-.1.7-.3.2-.2.3-.5.3-.7s-.1-.5-.3-.7zM5.8 14.7l6.2 6.3 6.2-6.3c.2-.2.3-.5.3-.7s-.1-.5-.3-.7c-.2-.2-.4-.3-.7-.3h-11c-.3 0-.5.1-.7.3-.2.2-.3.5-.3.7s.1.5.3.7z\"\/><\/svg><\/span><\/span><\/span><\/a><\/span><\/div>\n<nav><ul class='ez-toc-list ez-toc-list-level-1 eztoc-toggle-hide-by-default' ><ul class='ez-toc-list-level-3' ><li class='ez-toc-heading-level-3'><a class=\"ez-toc-link ez-toc-heading-1\" href=\"https:\/\/www.mobilier-design-occasion.fr\/magazine\/conseils-pour-choisir-un-canape-bubble-pour-votre-salon\/#Points_Cles\" >Points Cl\u00e9s<\/a><\/li><\/ul><\/li><li class='ez-toc-page-1 ez-toc-heading-level-2'><a class=\"ez-toc-link ez-toc-heading-2\" href=\"https:\/\/www.mobilier-design-occasion.fr\/magazine\/conseils-pour-choisir-un-canape-bubble-pour-votre-salon\/#Pourquoi_craquer_pour_un_canape_Bubble\" >Pourquoi craquer pour un canap\u00e9 Bubble?<\/a><ul class='ez-toc-list-level-3' ><li class='ez-toc-heading-level-3'><a class=\"ez-toc-link ez-toc-heading-3\" href=\"https:\/\/www.mobilier-design-occasion.fr\/magazine\/conseils-pour-choisir-un-canape-bubble-pour-votre-salon\/#Origines_et_design_du_canape_Bubble\" >Origines et design du canap\u00e9 Bubble<\/a><\/li><li class='ez-toc-page-1 ez-toc-heading-level-3'><a class=\"ez-toc-link ez-toc-heading-4\" href=\"https:\/\/www.mobilier-design-occasion.fr\/magazine\/conseils-pour-choisir-un-canape-bubble-pour-votre-salon\/#Lesthetique_attirante_et_originale\" >L\u2019esth\u00e9tique attirante et originale<\/a><\/li><li class='ez-toc-page-1 ez-toc-heading-level-3'><a class=\"ez-toc-link ez-toc-heading-5\" href=\"https:\/\/www.mobilier-design-occasion.fr\/magazine\/conseils-pour-choisir-un-canape-bubble-pour-votre-salon\/#Les_caracteristiques_techniques\" >Les caract\u00e9ristiques techniques<\/a><\/li><li class='ez-toc-page-1 ez-toc-heading-level-3'><a class=\"ez-toc-link ez-toc-heading-6\" href=\"https:\/\/www.mobilier-design-occasion.fr\/magazine\/conseils-pour-choisir-un-canape-bubble-pour-votre-salon\/#Avantages_du_canape_Bubble\" >Avantages du canap\u00e9 Bubble<\/a><\/li><\/ul><\/li><li class='ez-toc-page-1 ez-toc-heading-level-2'><a class=\"ez-toc-link ez-toc-heading-7\" href=\"https:\/\/www.mobilier-design-occasion.fr\/magazine\/conseils-pour-choisir-un-canape-bubble-pour-votre-salon\/#Comment_bien_choisir_son_emplacement\" >Comment bien choisir son emplacement?<\/a><ul class='ez-toc-list-level-3' ><li class='ez-toc-heading-level-3'><a class=\"ez-toc-link ez-toc-heading-8\" href=\"https:\/\/www.mobilier-design-occasion.fr\/magazine\/conseils-pour-choisir-un-canape-bubble-pour-votre-salon\/#Ou_placer_votre_canape_Bubble\" >O\u00f9 placer votre canap\u00e9 Bubble?<\/a><\/li><li class='ez-toc-page-1 ez-toc-heading-level-3'><a class=\"ez-toc-link ez-toc-heading-9\" href=\"https:\/\/www.mobilier-design-occasion.fr\/magazine\/conseils-pour-choisir-un-canape-bubble-pour-votre-salon\/#Integration_dans_differents_decors\" >Int\u00e9gration dans diff\u00e9rents d\u00e9cors<\/a><\/li><li class='ez-toc-page-1 ez-toc-heading-level-3'><a class=\"ez-toc-link ez-toc-heading-10\" href=\"https:\/\/www.mobilier-design-occasion.fr\/magazine\/conseils-pour-choisir-un-canape-bubble-pour-votre-salon\/#Conseils_pratiques_pour_la_longevite_du_sofa\" >Conseils pratiques pour la long\u00e9vit\u00e9 du sofa<\/a><\/li><\/ul><\/li><li class='ez-toc-page-1 ez-toc-heading-level-2'><a class=\"ez-toc-link ez-toc-heading-11\" href=\"https:\/\/www.mobilier-design-occasion.fr\/magazine\/conseils-pour-choisir-un-canape-bubble-pour-votre-salon\/#Lentretien_un_jeu_denfant\" >L\u2019entretien, un jeu d\u2019enfant<\/a><ul class='ez-toc-list-level-3' ><li class='ez-toc-heading-level-3'><a class=\"ez-toc-link ez-toc-heading-12\" href=\"https:\/\/www.mobilier-design-occasion.fr\/magazine\/conseils-pour-choisir-un-canape-bubble-pour-votre-salon\/#Entretenir_le_canape_Bubble\" >Entretenir le canap\u00e9 Bubble<\/a><\/li><li class='ez-toc-page-1 ez-toc-heading-level-3'><a class=\"ez-toc-link ez-toc-heading-13\" href=\"https:\/\/www.mobilier-design-occasion.fr\/magazine\/conseils-pour-choisir-un-canape-bubble-pour-votre-salon\/#Aerer_regulierement_le_tissu\" >A\u00e9rer r\u00e9guli\u00e8rement le tissu<\/a><\/li><li class='ez-toc-page-1 ez-toc-heading-level-3'><a class=\"ez-toc-link ez-toc-heading-14\" href=\"https:\/\/www.mobilier-design-occasion.fr\/magazine\/conseils-pour-choisir-un-canape-bubble-pour-votre-salon\/#Agissez_rapidement_en_cas_de_tache\" >Agissez rapidement en cas de tache<\/a><\/li><\/ul><\/li><li class='ez-toc-page-1 ez-toc-heading-level-2'><a class=\"ez-toc-link ez-toc-heading-15\" href=\"https:\/\/www.mobilier-design-occasion.fr\/magazine\/conseils-pour-choisir-un-canape-bubble-pour-votre-salon\/#Un_investissement_durable\" >Un investissement durable<\/a><ul class='ez-toc-list-level-3' ><li class='ez-toc-heading-level-3'><a class=\"ez-toc-link ez-toc-heading-16\" href=\"https:\/\/www.mobilier-design-occasion.fr\/magazine\/conseils-pour-choisir-un-canape-bubble-pour-votre-salon\/#Le_rapport_qualite-prix\" >Le rapport qualit\u00e9-prix<\/a><\/li><li class='ez-toc-page-1 ez-toc-heading-level-3'><a class=\"ez-toc-link ez-toc-heading-17\" href=\"https:\/\/www.mobilier-design-occasion.fr\/magazine\/conseils-pour-choisir-un-canape-bubble-pour-votre-salon\/#Pourquoi_le_canape_Bubble_est-il_le_choix_eco-responsable_pour_votre_salon\" >Pourquoi le canap\u00e9 Bubble est-il le choix \u00e9co-responsable pour votre salon?<\/a><\/li><\/ul><\/li><li class='ez-toc-page-1 ez-toc-heading-level-2'><a class=\"ez-toc-link ez-toc-heading-18\" href=\"https:\/\/www.mobilier-design-occasion.fr\/magazine\/conseils-pour-choisir-un-canape-bubble-pour-votre-salon\/#Faire_le_bon_choix_de_personnalisation\" >Faire le bon choix de personnalisation<\/a><ul class='ez-toc-list-level-3' ><li class='ez-toc-heading-level-3'><a class=\"ez-toc-link ez-toc-heading-19\" href=\"https:\/\/www.mobilier-design-occasion.fr\/magazine\/conseils-pour-choisir-un-canape-bubble-pour-votre-salon\/#Confort_hors_pair\" >Confort hors pair<\/a><\/li><li class='ez-toc-page-1 ez-toc-heading-level-3'><a class=\"ez-toc-link ez-toc-heading-20\" href=\"https:\/\/www.mobilier-design-occasion.fr\/magazine\/conseils-pour-choisir-un-canape-bubble-pour-votre-salon\/#Fonctionnalite\" >Fonctionnalit\u00e9<\/a><\/li><li class='ez-toc-page-1 ez-toc-heading-level-3'><a class=\"ez-toc-link ez-toc-heading-21\" href=\"https:\/\/www.mobilier-design-occasion.fr\/magazine\/conseils-pour-choisir-un-canape-bubble-pour-votre-salon\/#Personalisation\" >Personalisation<\/a><\/li><li class='ez-toc-page-1 ez-toc-heading-level-3'><a class=\"ez-toc-link ez-toc-heading-22\" href=\"https:\/\/www.mobilier-design-occasion.fr\/magazine\/conseils-pour-choisir-un-canape-bubble-pour-votre-salon\/#Materiaux_de_qualite\" >Mat\u00e9riaux de qualit\u00e9<\/a><\/li><\/ul><\/li><li class='ez-toc-page-1 ez-toc-heading-level-2'><a class=\"ez-toc-link ez-toc-heading-23\" href=\"https:\/\/www.mobilier-design-occasion.fr\/magazine\/conseils-pour-choisir-un-canape-bubble-pour-votre-salon\/#Conclusion\" >Conclusion<\/a><\/li><li class='ez-toc-page-1 ez-toc-heading-level-2'><a class=\"ez-toc-link ez-toc-heading-24\" href=\"https:\/\/www.mobilier-design-occasion.fr\/magazine\/conseils-pour-choisir-un-canape-bubble-pour-votre-salon\/#Questions_Frequemment_Posees\" >Questions Fr\u00e9quemment Pos\u00e9es<\/a><ul class='ez-toc-list-level-3' ><li class='ez-toc-heading-level-3'><a class=\"ez-toc-link ez-toc-heading-25\" href=\"https:\/\/www.mobilier-design-occasion.fr\/magazine\/conseils-pour-choisir-un-canape-bubble-pour-votre-salon\/#Quest-ce_qui_distingue_le_canape_Bubble_des_autres_canapes\" >Qu&#8217;est-ce qui distingue le canap\u00e9 Bubble des autres canap\u00e9s?<\/a><\/li><li class='ez-toc-page-1 ez-toc-heading-level-3'><a class=\"ez-toc-link ez-toc-heading-26\" href=\"https:\/\/www.mobilier-design-occasion.fr\/magazine\/conseils-pour-choisir-un-canape-bubble-pour-votre-salon\/#Ou_est-il_recommande_de_placer_le_canape_Bubble_dans_la_maison\" >O\u00f9 est-il recommand\u00e9 de placer le canap\u00e9 Bubble dans la maison?<\/a><\/li><li class='ez-toc-page-1 ez-toc-heading-level-3'><a class=\"ez-toc-link ez-toc-heading-27\" href=\"https:\/\/www.mobilier-design-occasion.fr\/magazine\/conseils-pour-choisir-un-canape-bubble-pour-votre-salon\/#Le_canape_Bubble_sintegre-t-il_bien_dans_differents_styles_de_decoration\" >Le canap\u00e9 Bubble s&#8217;int\u00e8gre-t-il bien dans diff\u00e9rents styles de d\u00e9coration?<\/a><\/li><li class='ez-toc-page-1 ez-toc-heading-level-3'><a class=\"ez-toc-link ez-toc-heading-28\" href=\"https:\/\/www.mobilier-design-occasion.fr\/magazine\/conseils-pour-choisir-un-canape-bubble-pour-votre-salon\/#Comment_entretenir_le_canape_Bubble\" >Comment entretenir le canap\u00e9 Bubble?<\/a><\/li><li class='ez-toc-page-1 ez-toc-heading-level-3'><a class=\"ez-toc-link ez-toc-heading-29\" href=\"https:\/\/www.mobilier-design-occasion.fr\/magazine\/conseils-pour-choisir-un-canape-bubble-pour-votre-salon\/#Quels_sont_les_avantages_dinvestir_dans_un_canape_Bubble\" >Quels sont les avantages d&#8217;investir dans un canap\u00e9 Bubble?<\/a><\/li><li class='ez-toc-page-1 ez-toc-heading-level-3'><a class=\"ez-toc-link ez-toc-heading-30\" href=\"https:\/\/www.mobilier-design-occasion.fr\/magazine\/conseils-pour-choisir-un-canape-bubble-pour-votre-salon\/#Pourquoi_le_canape_Bubble_est-il_considere_comme_un_choix_eco-responsable\" >Pourquoi le canap\u00e9 Bubble est-il consid\u00e9r\u00e9 comme un choix \u00e9co-responsable?<\/a><\/li><\/ul><\/li><\/ul><\/nav><\/div>\n\n<ul>\n<li>Le canap\u00e9 Bubble combine esth\u00e9tique versatile et confort hors pair, convenant \u00e0 la fois aux int\u00e9rieurs classiques et modernes.<\/li>\n<li>Son design, con\u00e7u par Sacha Lakic pour Roche Bobois, \u00e9voque la l\u00e9g\u00e8ret\u00e9 et l&#8217;originalit\u00e9, tout en offrant une exp\u00e9rience de d\u00e9tente in\u00e9gal\u00e9e.<\/li>\n<li>Int\u00e9grer le canap\u00e9 Bubble dans votre salon demande de consid\u00e9rer l&#8217;harmonie avec le reste du mobilier, pr\u00e9f\u00e9rant des lignes \u00e9pur\u00e9es et des teintes compl\u00e9mentaires ou contrastantes.<\/li>\n<li>L&#8217;entretien du canap\u00e9 Bubble est simple, n\u00e9cessitant une a\u00e9ration r\u00e9guli\u00e8re du tissu et une action rapide en cas de tache pour maintenir sa beaut\u00e9 et son confort.<\/li>\n<li>Choisir un canap\u00e9 Bubble est un investissement durable, justifi\u00e9 par son rapport qualit\u00e9-prix, sa fonctionnalit\u00e9 modulaire, ses options de personnalisation et l&#8217;utilisation de mat\u00e9riaux de qualit\u00e9.<\/li>\n<\/ul>\n<h2><span class=\"ez-toc-section\" id=\"Pourquoi_craquer_pour_un_canape_Bubble\"><\/span>Pourquoi craquer pour un canap\u00e9 Bubble?<span class=\"ez-toc-section-end\"><\/span><\/h2>\n<p><img decoding=\"async\" style=\"max-width: 100%; max-height: 200px;\" src=\"https:\/\/contenu.nyc3.digitaloceanspaces.com\/journalist\/123aacb9-91c7-4a0b-8c15-32ce9672d422\/thumbnail.jpeg\" alt=\"Pourquoi craquer pour un canap\u00e9 Bubble?\" ><\/p>\n<h3><span class=\"ez-toc-section\" id=\"Origines_et_design_du_canape_Bubble\"><\/span>Origines et design du canap\u00e9 Bubble<span class=\"ez-toc-section-end\"><\/span><\/h3>\n<p>Le canap\u00e9 Bubble, c&#8217;est avant tout une histoire de <a href=\"https:\/\/bede-asso.org\/canape-bubble\/\">cr\u00e9ativit\u00e9 et d&#8217;innovation<\/a>. Imagin\u00e9 par Sacha Lakic pour Roche Bobois, ce meuble se distingue par son allure qui semble d\u00e9fier la gravit\u00e9, \u00e9voquant une bulle d&#8217;air pr\u00eate \u00e0 s&#8217;envoler. Sa conception unique en fait non seulement un objet de d\u00e9coration remarquable mais aussi une invitation \u00e0 la d\u00e9tente gr\u00e2ce \u00e0 ses formes g\u00e9n\u00e9reuses et accueillantes.<\/p>\n<blockquote><p>\nCe sofa est le fruit d&#8217;une r\u00e9flexion profonde sur le confort et l&#8217;esth\u00e9tique, alliant avec brio fonctionnalit\u00e9 et design.\n<\/p><\/blockquote>\n<p>Son design organique et fluide s&#8217;int\u00e8gre parfaitement dans tout type d&#8217;int\u00e9rieur, des plus classiques aux plus contemporains, faisant de lui un choix versatile pour tout amateur de mobilier design. La palette de couleurs vari\u00e9e offre une multitude d&#8217;options pour personnaliser votre espace selon vos go\u00fbts.<\/p>\n<h3><span class=\"ez-toc-section\" id=\"Lesthetique_attirante_et_originale\"><\/span>L\u2019esth\u00e9tique attirante et originale<span class=\"ez-toc-section-end\"><\/span><\/h3>\n<p>Ce qui rend le Bubble unique, c\u2019est cette sensation qu\u2019il <a href=\"https:\/\/www.mobilier-design-occasion.fr\/magazine\/tag\/canape\/\">flotte, tel un nuage<\/a> dans votre salon. Son rev\u00eatement en technofibre exclusive donne \u00e0 la fois une impression de robustesse et une texture singuli\u00e8rement douce au toucher.<\/p>\n<blockquote><p>\nLe Bubble n&#8217;est pas juste un canap\u00e9, c&#8217;est une pi\u00e8ce ma\u00eetresse qui transforme l&#8217;ambiance de votre salon.\n<\/p><\/blockquote>\n<p>L&#8217;esth\u00e9tique du Bubble se distingue par son design innovant et sa capacit\u00e9 \u00e0 s&#8217;int\u00e9grer harmonieusement dans divers d\u00e9cors. Que vous soyez adepte du minimalisme ou que vous pr\u00e9f\u00e9riez un style plus \u00e9clectique, le Bubble saura s&#8217;adapter et devenir le point focal de votre espace de vie.<\/p>\n<h3><span class=\"ez-toc-section\" id=\"Les_caracteristiques_techniques\"><\/span>Les caract\u00e9ristiques techniques<span class=\"ez-toc-section-end\"><\/span><\/h3>\n<p>Le Bubble ne se contente pas d&#8217;\u00eatre un objet de design magnifique; il est aussi <strong>con\u00e7u pour \u00eatre extr\u00eamement confortable<\/strong>. Sa structure est pens\u00e9e pour \u00e9pouser les formes du corps, offrant ainsi une exp\u00e9rience de d\u00e9tente in\u00e9gal\u00e9e. Ce canap\u00e9 n&#8217;est pas seulement un plaisir pour les yeux, mais aussi un v\u00e9ritable cocon de bien-\u00eatre.<\/p>\n<blockquote><p>\nLe Bubble, c&#8217;est la promesse d&#8217;un confort absolu, alli\u00e9 \u00e0 une esth\u00e9tique moderne et originale.\n<\/p><\/blockquote>\n<p>Voici quelques caract\u00e9ristiques cl\u00e9s qui font du Bubble un choix exceptionnel :<\/p>\n<ul>\n<li><strong>Conception ergonomique<\/strong> : Adapt\u00e9e \u00e0 toutes les morphologies.<\/li>\n<li><strong>Rev\u00eatement en technofibre exclusive<\/strong> : Douceur et robustesse garanties.<\/li>\n<li><strong>Palette de couleurs vari\u00e9e<\/strong> : S&#8217;adapte \u00e0 tous les styles d&#8217;int\u00e9rieur.<\/li>\n<li><strong>Durabilit\u00e9<\/strong> : Mat\u00e9riaux de qualit\u00e9 pour une long\u00e9vit\u00e9 accrue.<\/li>\n<\/ul>\n<p>Ces \u00e9l\u00e9ments, combin\u00e9s \u00e0 son design unique, font du Bubble bien plus qu&#8217;un simple canap\u00e9. C&#8217;est un investissement dans votre bien-\u00eatre et dans l&#8217;esth\u00e9tique de votre int\u00e9rieur.<\/p>\n<h3><span class=\"ez-toc-section\" id=\"Avantages_du_canape_Bubble\"><\/span>Avantages du canap\u00e9 Bubble<span class=\"ez-toc-section-end\"><\/span><\/h3>\n<p>Le canap\u00e9 Bubble, avec sa forme organique et sa palette de couleurs vari\u00e9e, s&#8217;int\u00e8gre parfaitement dans tout type d&#8217;int\u00e9rieur, ajoutant une touche de modernit\u00e9 et de confort in\u00e9gal\u00e9. <strong>Son esth\u00e9tique versatile convient aussi bien aux d\u00e9cors classiques que modernes<\/strong>, le rendant id\u00e9al pour ceux qui cherchent \u00e0 personnaliser leur espace de vie.<\/p>\n<blockquote><p>\nLe Bubble n&#8217;est pas juste un canap\u00e9, c&#8217;est une exp\u00e9rience de confort sans compromis, con\u00e7ue pour \u00e9pouser les formes du corps et offrir une d\u00e9tente absolue.\n<\/p><\/blockquote>\n<p>Voici quelques avantages cl\u00e9s du canap\u00e9 Bubble :<\/p>\n<ul>\n<li>Confort hors pair gr\u00e2ce \u00e0 sa mousse haute r\u00e9silience.<\/li>\n<li>Fonctionnalit\u00e9 avec des mod\u00e8les modulaires pour divers agencements.<\/li>\n<li>Large choix de personnalisation en termes de couleurs et de finitions.<\/li>\n<li>Utilisation de mat\u00e9riaux de qualit\u00e9 pour une long\u00e9vit\u00e9 accrue.<\/li>\n<\/ul>\n<h2><span class=\"ez-toc-section\" id=\"Comment_bien_choisir_son_emplacement\"><\/span>Comment bien choisir son emplacement?<span class=\"ez-toc-section-end\"><\/span><\/h2>\n<p><img decoding=\"async\" style=\"max-width: 100%; max-height: 200px;\" src=\"https:\/\/contenu.nyc3.digitaloceanspaces.com\/journalist\/aa34b301-8293-4269-bc87-66a92d35bfa9\/thumbnail.jpeg\" alt=\"Comment bien choisir son emplacement?\" ><\/p>\n<h3><span class=\"ez-toc-section\" id=\"Ou_placer_votre_canape_Bubble\"><\/span>O\u00f9 placer votre canap\u00e9 Bubble?<span class=\"ez-toc-section-end\"><\/span><\/h3>\n<p>Trouver l&#8217;emplacement id\u00e9al pour votre canap\u00e9 Bubble peut transformer l&#8217;ambiance de votre salon. <a href=\"https:\/\/www.mobilier-design-occasion.fr\/magazine\/5-raisons-pour-lesquelles-le-canape-bubble-transformera-votre-salon\/\">Pensez \u00e0 l&#8217;orientation de la lumi\u00e8re<\/a> et \u00e0 la circulation dans la pi\u00e8ce pour maximiser le confort et l&#8217;esth\u00e9tique. Voici quelques points \u00e0 consid\u00e9rer :<\/p>\n<ul>\n<li><strong>L&#8217;orientation vers la source de lumi\u00e8re naturelle<\/strong> : pour profiter au maximum de la lumi\u00e8re du jour.<\/li>\n<li>La proximit\u00e9 avec d&#8217;autres meubles : assurez-vous qu&#8217;il y a suffisamment d&#8217;espace pour circuler ais\u00e9ment autour du canap\u00e9.<\/li>\n<li>L&#8217;angle de vue vers la t\u00e9l\u00e9vision ou la chemin\u00e9e : pour des moments de d\u00e9tente optimaux.<\/li>\n<\/ul>\n<blockquote><p>\nAssurez-vous que le canap\u00e9 ne bloque pas les passages et qu&#8217;il s&#8217;int\u00e8gre harmonieusement dans l&#8217;espace disponible.\n<\/p><\/blockquote>\n<p>Choisir l&#8217;emplacement de votre canap\u00e9 Bubble n&#8217;est pas seulement une question d&#8217;esth\u00e9tique, mais aussi de fonctionnalit\u00e9. Prenez le temps de r\u00e9fl\u00e9chir \u00e0 l&#8217;agencement de votre salon pour cr\u00e9er un espace accueillant et confortable.<\/p>\n<h3><span class=\"ez-toc-section\" id=\"Integration_dans_differents_decors\"><\/span>Int\u00e9gration dans diff\u00e9rents d\u00e9cors<span class=\"ez-toc-section-end\"><\/span><\/h3>\n<p>L&#8217;int\u00e9gration du canap\u00e9 Bubble dans votre salon ne se limite pas \u00e0 le poser au centre de la pi\u00e8ce. <strong><a href=\"https:\/\/www.mobilier-design-occasion.fr\/magazine\/2-choses-a-savoir-pour-bien-choisir-sa-maisonnette-en-bois\/\">Pensez \u00e0 l&#8217;harmoniser<\/a> avec le reste de votre mobilier<\/strong> pour cr\u00e9er une ambiance coh\u00e9rente. Son design unique s&#8217;accorde parfaitement avec des styles vari\u00e9s, des lignes \u00e9pur\u00e9es aux teintes compl\u00e9mentaires ou contrastantes.<\/p>\n<blockquote><p>\nLe choix des couleurs et des mat\u00e9riaux autour de votre canap\u00e9 Bubble est crucial pour en faire le point focal de votre salon.\n<\/p><\/blockquote>\n<p>Voici quelques id\u00e9es pour int\u00e9grer votre canap\u00e9 Bubble dans diff\u00e9rents d\u00e9cors :<\/p>\n<ul>\n<li><strong>Moderne et minimaliste<\/strong> : Optez pour des meubles aux lignes simples et des couleurs neutres.<\/li>\n<li><strong>Boh\u00e8me et color\u00e9<\/strong> : Associez-le \u00e0 des textiles riches et des \u00e9l\u00e9ments d\u00e9coratifs ethniques.<\/li>\n<li><strong>Industriel<\/strong> : M\u00e9langez des surfaces en m\u00e9tal brut avec des touches de bois pour un look audacieux.<\/li>\n<li><strong>Scandinave<\/strong> : Privil\u00e9giez la lumi\u00e8re naturelle, les bois clairs et les textiles doux.<\/li>\n<\/ul>\n<h3><span class=\"ez-toc-section\" id=\"Conseils_pratiques_pour_la_longevite_du_sofa\"><\/span>Conseils pratiques pour la long\u00e9vit\u00e9 du sofa<span class=\"ez-toc-section-end\"><\/span><\/h3>\n<p>Pour assurer une longue vie \u00e0 votre canap\u00e9 Bubble, quelques gestes simples peuvent faire toute la diff\u00e9rence. <a href=\"https:\/\/www.teleshopping.fr\/article\/des-conseils-pratiques-pour-nettoyer-un-canape-en-tissu\">A\u00e9rer r\u00e9guli\u00e8rement le tissu<\/a> est crucial pour \u00e9viter l\u2019accumulation d\u2019humidit\u00e9 qui peut endommager le sofa \u00e0 long terme. De plus, il est essentiel d&#8217;\u00e9viter l\u2019exposition directe \u00e0 une source de lumi\u00e8re intense, car cela pourrait alt\u00e9rer la couleur du rev\u00eatement.<\/p>\n<blockquote><p>\nAgissez rapidement en cas de tache pour emp\u00eacher qu\u2019elle ne s\u2019incruste. Cela peut sembler \u00e9vident, mais c&#8217;est un conseil qui vaut la peine d&#8217;\u00eatre r\u00e9p\u00e9t\u00e9.\n<\/p><\/blockquote>\n<p>Voici quelques conseils suppl\u00e9mentaires pour maintenir votre canap\u00e9 en parfait \u00e9tat :<\/p>\n<ul>\n<li>Utilisez des produits de nettoyage sp\u00e9cifiques pour le type de tissu de votre canap\u00e9.<\/li>\n<li>En cas de tache, appliquez imm\u00e9diatement un traitement adapt\u00e9.<\/li>\n<li>\u00c9vitez de placer des objets lourds sur le canap\u00e9 pour ne pas d\u00e9former les coussins.<\/li>\n<\/ul>\n<h2><span class=\"ez-toc-section\" id=\"Lentretien_un_jeu_denfant\"><\/span>L\u2019entretien, un jeu d\u2019enfant<span class=\"ez-toc-section-end\"><\/span><\/h2>\n<p><img decoding=\"async\" style=\"max-width: 100%; max-height: 200px;\" src=\"https:\/\/contenu.nyc3.digitaloceanspaces.com\/journalist\/5b8b92df-5b28-4846-90e6-97d10e2e52a6\/thumbnail.jpeg\" alt=\"L\u2019entretien, un jeu d\u2019enfant\" ><\/p>\n<h3><span class=\"ez-toc-section\" id=\"Entretenir_le_canape_Bubble\"><\/span>Entretenir le canap\u00e9 Bubble<span class=\"ez-toc-section-end\"><\/span><\/h3>\n<p>L&#8217;entretien r\u00e9gulier de votre canap\u00e9 Bubble est crucial pour pr\u00e9server son allure et son confort. <a href=\"https:\/\/www.mrnathan.fr\/nettoyage-bubble\/nettoyage-bubble-lyon\/\">Utilisez un chiffon doux et des produits sp\u00e9cifiques<\/a> pour les tissus high-tech, afin de maintenir sa couverture unique en parfait \u00e9tat. Voici quelques conseils simples mais efficaces pour garder votre canap\u00e9 comme neuf :<\/p>\n<ul>\n<li><strong>Nettoyez r\u00e9guli\u00e8rement<\/strong> la surface avec un chiffon doux pour enlever la poussi\u00e8re.<\/li>\n<li>En cas de tache, agissez rapidement avec des produits adapt\u00e9s pour \u00e9viter qu&#8217;elle ne s&#8217;incruste.<\/li>\n<li>\u00c9vitez l&#8217;exposition directe au soleil pour pr\u00e9venir la d\u00e9coloration du tissu.<\/li>\n<\/ul>\n<blockquote><p>\nL&#8217;entretien de votre canap\u00e9 Bubble ne se limite pas \u00e0 un simple nettoyage. Il s&#8217;agit d&#8217;une d\u00e9marche proactive pour assurer sa long\u00e9vit\u00e9 et son esth\u00e9tisme.\n<\/p><\/blockquote>\n<p>En suivant ces conseils, vous garantissez non seulement la propret\u00e9 de votre canap\u00e9 mais aussi sa durabilit\u00e9. Un petit effort r\u00e9gulier peut faire toute la diff\u00e9rence pour votre espace de vie.<\/p>\n<h3><span class=\"ez-toc-section\" id=\"Aerer_regulierement_le_tissu\"><\/span>A\u00e9rer r\u00e9guli\u00e8rement le tissu<span class=\"ez-toc-section-end\"><\/span><\/h3>\n<p><a href=\"https:\/\/blog.lafourche.fr\/nettoyer-canape-tissu-guide\">A\u00e9rer le tissu<\/a> de votre canap\u00e9 Bubble est crucial pour maintenir sa fra\u00eecheur et \u00e9viter l&#8217;accumulation d&#8217;humidit\u00e9. <strong>C&#8217;est une \u00e9tape simple mais essentielle<\/strong> pour prolonger la vie de votre sofa. Voici quelques conseils pratiques :<\/p>\n<ul>\n<li>Ouvrez les fen\u00eatres quotidiennement pour permettre \u00e0 l&#8217;air de circuler.<\/li>\n<li>\u00c9vitez de placer votre canap\u00e9 trop pr\u00e8s des radiateurs ou d&#8217;autres sources de chaleur.<\/li>\n<li>Utilisez un ventilateur pour am\u00e9liorer la circulation de l&#8217;air dans les pi\u00e8ces moins a\u00e9r\u00e9es.<\/li>\n<\/ul>\n<blockquote><p>\nAssurez-vous que l&#8217;air circule bien autour du canap\u00e9, surtout apr\u00e8s un nettoyage en profondeur.\n<\/p><\/blockquote>\n<p>En suivant ces \u00e9tapes simples, vous contribuerez non seulement \u00e0 la long\u00e9vit\u00e9 de votre canap\u00e9 Bubble, mais aussi \u00e0 la qualit\u00e9 de l&#8217;air dans votre salon.<\/p>\n<div data-youtube-video><iframe loading=\"lazy\" width=\"480\" height=\"270\" src=\"https:\/\/www.youtube.com\/embed\/F6mJd3XkVCE\"><\/iframe><\/div>\n<h3><span class=\"ez-toc-section\" id=\"Agissez_rapidement_en_cas_de_tache\"><\/span>Agissez rapidement en cas de tache<span class=\"ez-toc-section-end\"><\/span><\/h3>\n<p>Lorsqu&#8217;une tache fait son apparition sur votre canap\u00e9 Bubble, <strong>l&#8217;action rapide est votre meilleure alli\u00e9e<\/strong>. Ne laissez pas la tache s&#8217;installer, car plus elle reste longtemps, plus elle sera difficile \u00e0 enlever. Voici une m\u00e9thode simple pour agir efficacement :<\/p>\n<ul>\n<li><strong>Identifiez<\/strong> le type de tache.<\/li>\n<li><strong>Pr\u00e9parez<\/strong> une solution de nettoyage adapt\u00e9e (par exemple, un <a href=\"https:\/\/www.mobilier-design-occasion.fr\/magazine\/canape-velours-cotele-la-tendance-de-cet-automne-2022\/\">m\u00e9lange d&#8217;eau savonneuse et de vinaigre blanc<\/a> pour un canap\u00e9 en velours c\u00f4tel\u00e9).<\/li>\n<li><strong>Testez<\/strong> la solution sur une zone cach\u00e9e du canap\u00e9 pour vous assurer qu&#8217;elle ne d\u00e9colore pas le tissu.<\/li>\n<li><strong>Appliquez<\/strong> la solution sur la tache et nettoyez doucement avec un chiffon propre.<\/li>\n<li><strong>Rincez<\/strong> \u00e0 l&#8217;eau claire et s\u00e9chez avec une serviette propre.<\/li>\n<\/ul>\n<blockquote><p>\nAstuce : Agir rapidement ne signifie pas agir pr\u00e9cipitamment. Prenez le temps de choisir la bonne m\u00e9thode de nettoyage pour \u00e9viter d&#8217;endommager votre canap\u00e9.\n<\/p><\/blockquote>\n<h2><span class=\"ez-toc-section\" id=\"Un_investissement_durable\"><\/span>Un investissement durable<span class=\"ez-toc-section-end\"><\/span><\/h2>\n<p><img decoding=\"async\" style=\"max-width: 100%; max-height: 200px;\" src=\"https:\/\/contenu.nyc3.digitaloceanspaces.com\/journalist\/2ef58d59-fcf0-4644-99de-6c9e76cc1ac6\/thumbnail.jpeg\" alt=\"Un investissement durable\" ><\/p>\n<h3><span class=\"ez-toc-section\" id=\"Le_rapport_qualite-prix\"><\/span>Le rapport qualit\u00e9-prix<span class=\"ez-toc-section-end\"><\/span><\/h3>\n<p>Investir dans un <strong>canap\u00e9 Bubble<\/strong> est une d\u00e9cision qui m\u00e9rite r\u00e9flexion, surtout quand on consid\u00e8re son prix. Cependant, les avantages qu&#8217;il offre en termes de confort, durabilit\u00e9 et esth\u00e9tique justifient pleinement cet investissement.<\/p>\n<blockquote><p>\nNos produits sont test\u00e9s conform\u00e9ment aux normes et aux listes de contr\u00f4le standard, et sont certifi\u00e9s par des testeurs externes. Les avis clients nous permettent de proposer des produits de tr\u00e8s bonne qualit\u00e9 et au meilleur prix.\n<\/p><\/blockquote>\n<p>Il est important de noter que, malgr\u00e9 un co\u00fbt initial peut-\u00eatre plus \u00e9lev\u00e9, le canap\u00e9 Bubble repr\u00e9sente un excellent rapport qualit\u00e9-prix sur le long terme. Voici quelques points \u00e0 consid\u00e9rer :<\/p>\n<ul>\n<li><strong>Confort<\/strong> : une assise et un dossier con\u00e7us pour le bien-\u00eatre.<\/li>\n<li><strong>Durabilit\u00e9<\/strong> : une structure solide et des mat\u00e9riaux r\u00e9sistants.<\/li>\n<li><strong>Esth\u00e9tique<\/strong> : un design unique qui ne passe pas inaper\u00e7u.<\/li>\n<li><strong>Entretien facile<\/strong> : des conseils pratiques pour maintenir la beaut\u00e9 du canap\u00e9.<\/li>\n<\/ul>\n<h3><span class=\"ez-toc-section\" id=\"Pourquoi_le_canape_Bubble_est-il_le_choix_eco-responsable_pour_votre_salon\"><\/span>Pourquoi le canap\u00e9 Bubble est-il le choix \u00e9co-responsable pour votre salon?<span class=\"ez-toc-section-end\"><\/span><\/h3>\n<p>Choisir un canap\u00e9 Bubble pour votre salon, c&#8217;est faire un pas vers un mode de vie plus respectueux de l&#8217;environnement. <strong>Ce choix est non seulement bon pour la plan\u00e8te, mais aussi pour l&#8217;esth\u00e9tique et le confort de votre espace de vie.<\/strong><\/p>\n<blockquote><p>\nLe canap\u00e9 Bubble est fabriqu\u00e9 avec des mat\u00e9riaux de qualit\u00e9, durables et souvent recycl\u00e9s, ce qui r\u00e9duit son empreinte \u00e9cologique.\n<\/p><\/blockquote>\n<p>Voici quelques raisons qui font du canap\u00e9 Bubble un choix \u00e9co-responsable :<\/p>\n<ul>\n<li><strong>Mat\u00e9riaux durables<\/strong> : Utilisation de mat\u00e9riaux de qualit\u00e9 et souvent recycl\u00e9s.<\/li>\n<li><strong>Conception r\u00e9fl\u00e9chie<\/strong> : Pens\u00e9 pour durer, le design du canap\u00e9 Bubble minimise les d\u00e9chets et favorise la long\u00e9vit\u00e9.<\/li>\n<li><strong>Impact esth\u00e9tique<\/strong> : Un design unique qui ne sacrifie pas l&#8217;environnement pour l&#8217;esth\u00e9tique.<\/li>\n<\/ul>\n<p>En optant pour un canap\u00e9 Bubble, vous investissez dans un meuble qui allie design, confort et responsabilit\u00e9 environnementale. C&#8217;est un choix qui t\u00e9moigne de votre engagement envers un avenir plus durable.<\/p>\n<h2><span class=\"ez-toc-section\" id=\"Faire_le_bon_choix_de_personnalisation\"><\/span>Faire le bon choix de personnalisation<span class=\"ez-toc-section-end\"><\/span><\/h2>\n<p><img decoding=\"async\" style=\"max-width: 100%; max-height: 200px;\" src=\"https:\/\/contenu.nyc3.digitaloceanspaces.com\/journalist\/45d92532-e04e-4876-bb32-d5550208e292\/thumbnail.jpeg\" alt=\"Faire le bon choix de personnalisation\" ><\/p>\n<h3><span class=\"ez-toc-section\" id=\"Confort_hors_pair\"><\/span>Confort hors pair<span class=\"ez-toc-section-end\"><\/span><\/h3>\n<p>Le canap\u00e9 Bubble se distingue par un <strong>confort hors pair<\/strong>, gr\u00e2ce \u00e0 sa mousse haute r\u00e9silience qui assure une assise moelleuse et durable. Ce n&#8217;est pas juste un canap\u00e9, c&#8217;est une invitation \u00e0 la d\u00e9tente et au bien-\u00eatre au quotidien.<\/p>\n<p>Voici quelques points cl\u00e9s qui font la diff\u00e9rence :<\/p>\n<ul>\n<li>Sa structure solide con\u00e7ue pour r\u00e9sister \u00e0 l\u2019usure.<\/li>\n<li>Une assise spacieuse, promesse d&#8217;un confort in\u00e9gal\u00e9.<\/li>\n<li>Un rembourrage \u00e9pais et souple, offrant un soutien optimal du dos.<\/li>\n<\/ul>\n<blockquote><p>\nCe canap\u00e9 n&#8217;est pas seulement un choix esth\u00e9tique pour votre salon, mais aussi un investissement dans votre confort personnel.\n<\/p><\/blockquote>\n<p>Avec le Bubble, chaque moment de repos se transforme en une exp\u00e9rience de relaxation profonde. Son design pens\u00e9 pour le bien-\u00eatre vous invite \u00e0 vous y plonger sans r\u00e9serve. Faites de votre salon un havre de paix o\u00f9 confort et style se rencontrent.<\/p>\n<h3><span class=\"ez-toc-section\" id=\"Fonctionnalite\"><\/span>Fonctionnalit\u00e9<span class=\"ez-toc-section-end\"><\/span><\/h3>\n<p>Au-del\u00e0 de son design unique, le canap\u00e9 Bubble offre une fonctionnalit\u00e9 in\u00e9gal\u00e9e. <strong>Chaque d\u00e9tail est pens\u00e9 pour maximiser votre confort et r\u00e9pondre \u00e0 vos besoins quotidiens.<\/strong> Par exemple, certains mod\u00e8les sont \u00e9quip\u00e9s de ports USB pour recharger vos appareils, tandis que d&#8217;autres proposent des espaces de rangement discrets pour vos t\u00e9l\u00e9commandes ou magazines.<\/p>\n<blockquote><p>\nLe choix des fonctionnalit\u00e9s doit \u00eatre guid\u00e9 par votre mode de vie et vos habitudes de salon.\n<\/p><\/blockquote>\n<p>Voici quelques fonctionnalit\u00e9s populaires :<\/p>\n<ul>\n<li>Ports USB int\u00e9gr\u00e9s<\/li>\n<li>Espaces de rangement cach\u00e9s<\/li>\n<li>Assises modulables pour s&#8217;adapter \u00e0 diff\u00e9rentes configurations<\/li>\n<li>Rev\u00eatements faciles \u00e0 nettoyer et r\u00e9sistants aux taches<\/li>\n<\/ul>\n<p>En choisissant un canap\u00e9 Bubble, vous ne faites pas que choisir un meuble, mais un v\u00e9ritable compagnon de vie qui s&#8217;adapte \u00e0 vous et \u00e0 votre famille.<\/p>\n<h3><span class=\"ez-toc-section\" id=\"Personalisation\"><\/span>Personalisation<span class=\"ez-toc-section-end\"><\/span><\/h3>\n<p>La personnalisation de votre canap\u00e9 Bubble est un aspect crucial qui vous permet de cr\u00e9er un meuble unique, parfaitement adapt\u00e9 \u00e0 votre espace et \u00e0 vos go\u00fbts. <strong>Choisir les mat\u00e9riaux, les dimensions, et m\u00eame la densit\u00e9 du matelas<\/strong> vous offre une libert\u00e9 totale pour concevoir le canap\u00e9 de vos r\u00eaves.<\/p>\n<blockquote><p>\nAvec le DIY (Do It Yourself), l&#8217;exp\u00e9rience de personnalisation devient encore plus gratifiante. Vous avez la main sur chaque d\u00e9tail, transformant votre canap\u00e9 en une pi\u00e8ce ma\u00eetresse de votre d\u00e9coration.\n<\/p><\/blockquote>\n<p>Voici quelques options de personnalisation offertes par <a href=\"https:\/\/www.mobilier-design-occasion.fr\/magazine\/10-questions-sur-le-canape-poltronesofa-pour-bien-choisir-son-modele\/\">Poltronesofa<\/a> :<\/p>\n<ul>\n<li>D\u00e9clinaisons de mod\u00e8les<\/li>\n<li>Choix parmi une centaine de rev\u00eatements<\/li>\n<li>Combinaisons de couleurs quasi-infinies<\/li>\n<\/ul>\n<p>La personnalisation ne se limite pas \u00e0 l&#8217;esth\u00e9tique; elle englobe \u00e9galement le confort et la fonctionnalit\u00e9, assurant que votre canap\u00e9 ne soit pas seulement beau, mais aussi parfaitement adapt\u00e9 \u00e0 votre mode de vie.<\/p>\n<h3><span class=\"ez-toc-section\" id=\"Materiaux_de_qualite\"><\/span>Mat\u00e9riaux de qualit\u00e9<span class=\"ez-toc-section-end\"><\/span><\/h3>\n<p>Choisir un canap\u00e9 Bubble, c&#8217;est aussi opter pour des mat\u00e9riaux de premi\u00e8re qualit\u00e9 qui garantissent \u00e0 la fois confort et durabilit\u00e9. <strong>Les mat\u00e9riaux utilis\u00e9s pour la fabrication du canap\u00e9 Bubble sont rigoureusement s\u00e9lectionn\u00e9s<\/strong> pour leur r\u00e9sistance et leur impact esth\u00e9tique.<\/p>\n<blockquote><p>\nEn choisissant des mat\u00e9riaux \u00e9co-responsables, vous faites un geste pour l&#8217;environnement tout en b\u00e9n\u00e9ficiant d&#8217;un meuble de haute qualit\u00e9.\n<\/p><\/blockquote>\n<p>Voici quelques-uns des mat\u00e9riaux fr\u00e9quemment utilis\u00e9s :<\/p>\n<ul>\n<li><a href=\"https:\/\/www.les-matelas.fr\/canape-bubble\/\">Tissu Techno\u00ae innovant<\/a><\/li>\n<li>Structure en sapin massif<\/li>\n<li>Multiplis de pin<\/li>\n<li>Panneaux de particules<\/li>\n<\/ul>\n<p>Ces mat\u00e9riaux ne se contentent pas d&#8217;offrir une esth\u00e9tique attirante; ils contribuent \u00e9galement \u00e0 la long\u00e9vit\u00e9 du canap\u00e9. En effet, un canap\u00e9 durable est un investissement pour l&#8217;avenir, r\u00e9duisant le besoin de remplacement fr\u00e9quent et favorisant une consommation plus responsable.<\/p>\n<h2><span class=\"ez-toc-section\" id=\"Conclusion\"><\/span>Conclusion<span class=\"ez-toc-section-end\"><\/span><\/h2>\n<p>En somme, le canap\u00e9 Bubble se distingue comme un choix in\u00e9gal\u00e9 pour ceux qui cherchent \u00e0 allier design unique et confort absolu dans leur salon. Sa capacit\u00e9 \u00e0 s&#8217;int\u00e9grer dans divers d\u00e9cors, son confort exceptionnel et son esth\u00e9tique versatile en font un \u00e9l\u00e9ment central de tout espace de vie. Que vous soyez adepte du style moderne ou classique, le Bubble saura r\u00e9pondre \u00e0 vos attentes et m\u00eame les surpasser. N&#8217;attendez plus pour donner \u00e0 votre salon cette touche de modernit\u00e9 et de douceur que seul un canap\u00e9 Bubble peut offrir. Embrassez l&#8217;innovation, le confort et le style avec ce choix audacieux et transformez votre salon en un havre de paix et de style.<\/p>\n<h2><span class=\"ez-toc-section\" id=\"Questions_Frequemment_Posees\"><\/span>Questions Fr\u00e9quemment Pos\u00e9es<span class=\"ez-toc-section-end\"><\/span><\/h2>\n<h3><span class=\"ez-toc-section\" id=\"Quest-ce_qui_distingue_le_canape_Bubble_des_autres_canapes\"><\/span>Qu&#8217;est-ce qui distingue le canap\u00e9 Bubble des autres canap\u00e9s?<span class=\"ez-toc-section-end\"><\/span><\/h3>\n<p>Le canap\u00e9 Bubble se distingue par son design unique inspir\u00e9 par Sacha Lakic pour Roche Bobois, \u00e9voquant la l\u00e9g\u00e8ret\u00e9 et la douceur avec son aspect souffl\u00e9. Il combine confort exceptionnel, esth\u00e9tique attirante et originalit\u00e9, avec une structure con\u00e7ue pour \u00e9pouser les formes du corps.<\/p>\n<h3><span class=\"ez-toc-section\" id=\"Ou_est-il_recommande_de_placer_le_canape_Bubble_dans_la_maison\"><\/span>O\u00f9 est-il recommand\u00e9 de placer le canap\u00e9 Bubble dans la maison?<span class=\"ez-toc-section-end\"><\/span><\/h3>\n<p>Le canap\u00e9 Bubble m\u00e9rite une place de choix o\u00f9 il peut \u00eatre admir\u00e9 sous toutes ses coutures, comme dans le salon principal ou une salle d\u00e9di\u00e9e \u00e0 la d\u00e9tente et au divertissement.<\/p>\n<h3><span class=\"ez-toc-section\" id=\"Le_canape_Bubble_sintegre-t-il_bien_dans_differents_styles_de_decoration\"><\/span>Le canap\u00e9 Bubble s&#8217;int\u00e8gre-t-il bien dans diff\u00e9rents styles de d\u00e9coration?<span class=\"ez-toc-section-end\"><\/span><\/h3>\n<p>Oui, gr\u00e2ce \u00e0 son design organique et sa palette de couleurs vari\u00e9e, le canap\u00e9 Bubble s\u2019int\u00e8gre ais\u00e9ment dans diff\u00e9rents styles d\u2019int\u00e9rieur, qu&#8217;ils soient classiques ou modernes.<\/p>\n<h3><span class=\"ez-toc-section\" id=\"Comment_entretenir_le_canape_Bubble\"><\/span>Comment entretenir le canap\u00e9 Bubble?<span class=\"ez-toc-section-end\"><\/span><\/h3>\n<p>Pour maintenir la beaut\u00e9 et le confort du Bubble, il est recommand\u00e9 d&#8217;utiliser un chiffon doux et des produits sp\u00e9cifiques pour les tissus high-tech. Il faut \u00e9galement a\u00e9rer r\u00e9guli\u00e8rement le tissu et agir rapidement en cas de tache.<\/p>\n<h3><span class=\"ez-toc-section\" id=\"Quels_sont_les_avantages_dinvestir_dans_un_canape_Bubble\"><\/span>Quels sont les avantages d&#8217;investir dans un canap\u00e9 Bubble?<span class=\"ez-toc-section-end\"><\/span><\/h3>\n<p>Investir dans un canap\u00e9 Bubble offre plusieurs avantages, dont le confort in\u00e9gal\u00e9, la durabilit\u00e9, l&#8217;esth\u00e9tique versatile et la possibilit\u00e9 de personnalisation. Son rapport qualit\u00e9-prix est justifi\u00e9 par ces multiples atouts.<\/p>\n<h3><span class=\"ez-toc-section\" id=\"Pourquoi_le_canape_Bubble_est-il_considere_comme_un_choix_eco-responsable\"><\/span>Pourquoi le canap\u00e9 Bubble est-il consid\u00e9r\u00e9 comme un choix \u00e9co-responsable?<span class=\"ez-toc-section-end\"><\/span><\/h3>\n<p>Le canap\u00e9 Bubble est consid\u00e9r\u00e9 \u00e9co-responsable gr\u00e2ce \u00e0 l&#8217;utilisation de mat\u00e9riaux de qualit\u00e9 et de technofibres innovantes qui garantissent une long\u00e9vit\u00e9 accrue, r\u00e9duisant ainsi son empreinte \u00e9cologique.<\/p>\n","protected":false},"excerpt":{"rendered":"<p>Le canap\u00e9 Bubble, avec son design unique et son confort exceptionnel, est devenu un \u00e9l\u00e9ment incontournable des salons modernes. Ce guide vous fournira des conseils essentiels pour choisir le canap\u00e9 Bubble parfait pour votre salon, en mettant en lumi\u00e8re ses origines, son esth\u00e9tique, ses caract\u00e9ristiques techniques et comment bien l&#8217;int\u00e9grer dans votre espace. Points Cl\u00e9s [&hellip;]<\/p>\n","protected":false},"author":2,"featured_media":7684,"comment_status":"open","ping_status":"open","sticky":false,"template":"","format":"standard","meta":{"footnotes":""},"categories":[8,122],"tags":[],"class_list":["post-7685","post","type-post","status-publish","format-standard","has-post-thumbnail","hentry","category-avis","category-salon"],"yoast_head":"<!-- This site is optimized with the Yoast SEO plugin v27.5 - https:\/\/yoast.com\/product\/yoast-seo-wordpress\/ -->\n<title>Conseils pour choisir un canap\u00e9 Bubble pour votre salon - Mobilier Design Magazine<\/title>\n<meta name=\"robots\" content=\"index, follow, max-snippet:-1, max-image-preview:large, max-video-preview:-1\" \/>\n<link rel=\"canonical\" href=\"https:\/\/www.mobilier-design-occasion.fr\/magazine\/conseils-pour-choisir-un-canape-bubble-pour-votre-salon\/\" \/>\n<meta property=\"og:locale\" content=\"fr_FR\" \/>\n<meta property=\"og:type\" content=\"article\" \/>\n<meta property=\"og:title\" content=\"Conseils pour choisir un canap\u00e9 Bubble pour votre salon - Mobilier Design Magazine\" \/>\n<meta property=\"og:description\" content=\"Le canap\u00e9 Bubble, avec son design unique et son confort exceptionnel, est devenu un \u00e9l\u00e9ment incontournable des salons modernes. Ce guide vous fournira des conseils essentiels pour choisir le canap\u00e9 Bubble parfait pour votre salon, en mettant en lumi\u00e8re ses origines, son esth\u00e9tique, ses caract\u00e9ristiques techniques et comment bien l&#8217;int\u00e9grer dans votre espace. Points Cl\u00e9s [&hellip;]\" \/>\n<meta property=\"og:url\" content=\"https:\/\/www.mobilier-design-occasion.fr\/magazine\/conseils-pour-choisir-un-canape-bubble-pour-votre-salon\/\" \/>\n<meta property=\"og:site_name\" content=\"Mobilier Design Magazine\" \/>\n<meta property=\"article:publisher\" content=\"https:\/\/www.facebook.com\/mobilierdesignoccasion\" \/>\n<meta property=\"article:published_time\" content=\"2024-03-16T22:12:03+00:00\" \/>\n<meta property=\"og:image\" content=\"https:\/\/contenu.nyc3.digitaloceanspaces.com\/journalist\/123aacb9-91c7-4a0b-8c15-32ce9672d422\/thumbnail.jpeg\" \/>\n<meta name=\"author\" content=\"Vincent Vandegans\" \/>\n<meta name=\"twitter:card\" content=\"summary_large_image\" \/>\n<meta name=\"twitter:label1\" content=\"\u00c9crit par\" \/>\n\t<meta name=\"twitter:data1\" content=\"Vincent Vandegans\" \/>\n\t<meta name=\"twitter:label2\" content=\"Dur\u00e9e de lecture estim\u00e9e\" \/>\n\t<meta name=\"twitter:data2\" content=\"15 minutes\" \/>\n<script type=\"application\/ld+json\" class=\"yoast-schema-graph\">{\"@context\":\"https:\\\/\\\/schema.org\",\"@graph\":[{\"@type\":\"Article\",\"@id\":\"https:\\\/\\\/www.mobilier-design-occasion.fr\\\/magazine\\\/conseils-pour-choisir-un-canape-bubble-pour-votre-salon\\\/#article\",\"isPartOf\":{\"@id\":\"https:\\\/\\\/www.mobilier-design-occasion.fr\\\/magazine\\\/conseils-pour-choisir-un-canape-bubble-pour-votre-salon\\\/\"},\"author\":{\"name\":\"Vincent Vandegans\",\"@id\":\"https:\\\/\\\/www.mobilier-design-occasion.fr\\\/magazine\\\/#\\\/schema\\\/person\\\/af895bedc80bfb6b17730a672fddac9e\"},\"headline\":\"Conseils pour choisir un canap\u00e9 Bubble pour votre salon\",\"datePublished\":\"2024-03-16T22:12:03+00:00\",\"mainEntityOfPage\":{\"@id\":\"https:\\\/\\\/www.mobilier-design-occasion.fr\\\/magazine\\\/conseils-pour-choisir-un-canape-bubble-pour-votre-salon\\\/\"},\"wordCount\":3109,\"commentCount\":0,\"publisher\":{\"@id\":\"https:\\\/\\\/www.mobilier-design-occasion.fr\\\/magazine\\\/#organization\"},\"image\":{\"@id\":\"https:\\\/\\\/www.mobilier-design-occasion.fr\\\/magazine\\\/conseils-pour-choisir-un-canape-bubble-pour-votre-salon\\\/#primaryimage\"},\"thumbnailUrl\":\"https:\\\/\\\/www.mobilier-design-occasion.fr\\\/magazine\\\/wp-content\\\/uploads\\\/2024\\\/03\\\/a2e91e50thumbnail.jpeg\",\"articleSection\":[\"Avis marques d\u00e9co\",\"Salon\"],\"inLanguage\":\"fr-FR\",\"potentialAction\":[{\"@type\":\"CommentAction\",\"name\":\"Comment\",\"target\":[\"https:\\\/\\\/www.mobilier-design-occasion.fr\\\/magazine\\\/conseils-pour-choisir-un-canape-bubble-pour-votre-salon\\\/#respond\"]}]},{\"@type\":\"WebPage\",\"@id\":\"https:\\\/\\\/www.mobilier-design-occasion.fr\\\/magazine\\\/conseils-pour-choisir-un-canape-bubble-pour-votre-salon\\\/\",\"url\":\"https:\\\/\\\/www.mobilier-design-occasion.fr\\\/magazine\\\/conseils-pour-choisir-un-canape-bubble-pour-votre-salon\\\/\",\"name\":\"Conseils pour choisir un canap\u00e9 Bubble pour votre salon - Mobilier Design Magazine\",\"isPartOf\":{\"@id\":\"https:\\\/\\\/www.mobilier-design-occasion.fr\\\/magazine\\\/#website\"},\"primaryImageOfPage\":{\"@id\":\"https:\\\/\\\/www.mobilier-design-occasion.fr\\\/magazine\\\/conseils-pour-choisir-un-canape-bubble-pour-votre-salon\\\/#primaryimage\"},\"image\":{\"@id\":\"https:\\\/\\\/www.mobilier-design-occasion.fr\\\/magazine\\\/conseils-pour-choisir-un-canape-bubble-pour-votre-salon\\\/#primaryimage\"},\"thumbnailUrl\":\"https:\\\/\\\/www.mobilier-design-occasion.fr\\\/magazine\\\/wp-content\\\/uploads\\\/2024\\\/03\\\/a2e91e50thumbnail.jpeg\",\"datePublished\":\"2024-03-16T22:12:03+00:00\",\"breadcrumb\":{\"@id\":\"https:\\\/\\\/www.mobilier-design-occasion.fr\\\/magazine\\\/conseils-pour-choisir-un-canape-bubble-pour-votre-salon\\\/#breadcrumb\"},\"inLanguage\":\"fr-FR\",\"potentialAction\":[{\"@type\":\"ReadAction\",\"target\":[\"https:\\\/\\\/www.mobilier-design-occasion.fr\\\/magazine\\\/conseils-pour-choisir-un-canape-bubble-pour-votre-salon\\\/\"]}]},{\"@type\":\"ImageObject\",\"inLanguage\":\"fr-FR\",\"@id\":\"https:\\\/\\\/www.mobilier-design-occasion.fr\\\/magazine\\\/conseils-pour-choisir-un-canape-bubble-pour-votre-salon\\\/#primaryimage\",\"url\":\"https:\\\/\\\/www.mobilier-design-occasion.fr\\\/magazine\\\/wp-content\\\/uploads\\\/2024\\\/03\\\/a2e91e50thumbnail.jpeg\",\"contentUrl\":\"https:\\\/\\\/www.mobilier-design-occasion.fr\\\/magazine\\\/wp-content\\\/uploads\\\/2024\\\/03\\\/a2e91e50thumbnail.jpeg\",\"width\":1200,\"height\":1018},{\"@type\":\"BreadcrumbList\",\"@id\":\"https:\\\/\\\/www.mobilier-design-occasion.fr\\\/magazine\\\/conseils-pour-choisir-un-canape-bubble-pour-votre-salon\\\/#breadcrumb\",\"itemListElement\":[{\"@type\":\"ListItem\",\"position\":1,\"name\":\"Accueil\",\"item\":\"https:\\\/\\\/www.mobilier-design-occasion.fr\\\/magazine\\\/\"},{\"@type\":\"ListItem\",\"position\":2,\"name\":\"Conseils pour choisir un canap\u00e9 Bubble pour votre salon\"}]},{\"@type\":\"WebSite\",\"@id\":\"https:\\\/\\\/www.mobilier-design-occasion.fr\\\/magazine\\\/#website\",\"url\":\"https:\\\/\\\/www.mobilier-design-occasion.fr\\\/magazine\\\/\",\"name\":\"Mobilier Design Magazine\",\"description\":\"\",\"publisher\":{\"@id\":\"https:\\\/\\\/www.mobilier-design-occasion.fr\\\/magazine\\\/#organization\"},\"potentialAction\":[{\"@type\":\"SearchAction\",\"target\":{\"@type\":\"EntryPoint\",\"urlTemplate\":\"https:\\\/\\\/www.mobilier-design-occasion.fr\\\/magazine\\\/?s={search_term_string}\"},\"query-input\":{\"@type\":\"PropertyValueSpecification\",\"valueRequired\":true,\"valueName\":\"search_term_string\"}}],\"inLanguage\":\"fr-FR\"},{\"@type\":\"Organization\",\"@id\":\"https:\\\/\\\/www.mobilier-design-occasion.fr\\\/magazine\\\/#organization\",\"name\":\"Mobilier Design Magazine\",\"url\":\"https:\\\/\\\/www.mobilier-design-occasion.fr\\\/magazine\\\/\",\"logo\":{\"@type\":\"ImageObject\",\"inLanguage\":\"fr-FR\",\"@id\":\"https:\\\/\\\/www.mobilier-design-occasion.fr\\\/magazine\\\/#\\\/schema\\\/logo\\\/image\\\/\",\"url\":\"https:\\\/\\\/www.mobilier-design-occasion.fr\\\/magazine\\\/wp-content\\\/uploads\\\/2024\\\/02\\\/android-chrome-192x192-1.png\",\"contentUrl\":\"https:\\\/\\\/www.mobilier-design-occasion.fr\\\/magazine\\\/wp-content\\\/uploads\\\/2024\\\/02\\\/android-chrome-192x192-1.png\",\"width\":192,\"height\":192,\"caption\":\"Mobilier Design Magazine\"},\"image\":{\"@id\":\"https:\\\/\\\/www.mobilier-design-occasion.fr\\\/magazine\\\/#\\\/schema\\\/logo\\\/image\\\/\"},\"sameAs\":[\"https:\\\/\\\/www.facebook.com\\\/mobilierdesignoccasion\"]},{\"@type\":\"Person\",\"@id\":\"https:\\\/\\\/www.mobilier-design-occasion.fr\\\/magazine\\\/#\\\/schema\\\/person\\\/af895bedc80bfb6b17730a672fddac9e\",\"name\":\"Vincent Vandegans\",\"image\":{\"@type\":\"ImageObject\",\"inLanguage\":\"fr-FR\",\"@id\":\"https:\\\/\\\/secure.gravatar.com\\\/avatar\\\/b984800dabdf722d5e3f03f637c8932dea77d81118467d17ad2953e3b273ec66?s=96&d=mm&r=g\",\"url\":\"https:\\\/\\\/secure.gravatar.com\\\/avatar\\\/b984800dabdf722d5e3f03f637c8932dea77d81118467d17ad2953e3b273ec66?s=96&d=mm&r=g\",\"contentUrl\":\"https:\\\/\\\/secure.gravatar.com\\\/avatar\\\/b984800dabdf722d5e3f03f637c8932dea77d81118467d17ad2953e3b273ec66?s=96&d=mm&r=g\",\"caption\":\"Vincent Vandegans\"},\"description\":\"Vincent est passionn\u00e9 par les produits d'occasion, il a ouvert le site MDO avec Cyrielle pour aider les gens \u00e0 trouver du mobilier d'occasion, vintage ou usag\u00e9. Depuis, ils ont \u00e9tendu leurs activit\u00e9s et conseillent tout le monde sur le mobilier d'int\u00e9rieur et d'ext\u00e9rieur au quotidien \u00e0 travers le magazine MDO.\",\"url\":\"https:\\\/\\\/www.mobilier-design-occasion.fr\\\/magazine\\\/author\\\/vincent\\\/\"}]}<\/script>\n<!-- \/ Yoast SEO plugin. -->","yoast_head_json":{"title":"Conseils pour choisir un canap\u00e9 Bubble pour votre salon - Mobilier Design Magazine","robots":{"index":"index","follow":"follow","max-snippet":"max-snippet:-1","max-image-preview":"max-image-preview:large","max-video-preview":"max-video-preview:-1"},"canonical":"https:\/\/www.mobilier-design-occasion.fr\/magazine\/conseils-pour-choisir-un-canape-bubble-pour-votre-salon\/","og_locale":"fr_FR","og_type":"article","og_title":"Conseils pour choisir un canap\u00e9 Bubble pour votre salon - Mobilier Design Magazine","og_description":"Le canap\u00e9 Bubble, avec son design unique et son confort exceptionnel, est devenu un \u00e9l\u00e9ment incontournable des salons modernes. Ce guide vous fournira des conseils essentiels pour choisir le canap\u00e9 Bubble parfait pour votre salon, en mettant en lumi\u00e8re ses origines, son esth\u00e9tique, ses caract\u00e9ristiques techniques et comment bien l&#8217;int\u00e9grer dans votre espace. Points Cl\u00e9s [&hellip;]","og_url":"https:\/\/www.mobilier-design-occasion.fr\/magazine\/conseils-pour-choisir-un-canape-bubble-pour-votre-salon\/","og_site_name":"Mobilier Design Magazine","article_publisher":"https:\/\/www.facebook.com\/mobilierdesignoccasion","article_published_time":"2024-03-16T22:12:03+00:00","og_image":[{"url":"https:\/\/contenu.nyc3.digitaloceanspaces.com\/journalist\/123aacb9-91c7-4a0b-8c15-32ce9672d422\/thumbnail.jpeg","type":"","width":"","height":""}],"author":"Vincent Vandegans","twitter_card":"summary_large_image","twitter_misc":{"\u00c9crit par":"Vincent Vandegans","Dur\u00e9e de lecture estim\u00e9e":"15 minutes"},"schema":{"@context":"https:\/\/schema.org","@graph":[{"@type":"Article","@id":"https:\/\/www.mobilier-design-occasion.fr\/magazine\/conseils-pour-choisir-un-canape-bubble-pour-votre-salon\/#article","isPartOf":{"@id":"https:\/\/www.mobilier-design-occasion.fr\/magazine\/conseils-pour-choisir-un-canape-bubble-pour-votre-salon\/"},"author":{"name":"Vincent Vandegans","@id":"https:\/\/www.mobilier-design-occasion.fr\/magazine\/#\/schema\/person\/af895bedc80bfb6b17730a672fddac9e"},"headline":"Conseils pour choisir un canap\u00e9 Bubble pour votre salon","datePublished":"2024-03-16T22:12:03+00:00","mainEntityOfPage":{"@id":"https:\/\/www.mobilier-design-occasion.fr\/magazine\/conseils-pour-choisir-un-canape-bubble-pour-votre-salon\/"},"wordCount":3109,"commentCount":0,"publisher":{"@id":"https:\/\/www.mobilier-design-occasion.fr\/magazine\/#organization"},"image":{"@id":"https:\/\/www.mobilier-design-occasion.fr\/magazine\/conseils-pour-choisir-un-canape-bubble-pour-votre-salon\/#primaryimage"},"thumbnailUrl":"https:\/\/www.mobilier-design-occasion.fr\/magazine\/wp-content\/uploads\/2024\/03\/a2e91e50thumbnail.jpeg","articleSection":["Avis marques d\u00e9co","Salon"],"inLanguage":"fr-FR","potentialAction":[{"@type":"CommentAction","name":"Comment","target":["https:\/\/www.mobilier-design-occasion.fr\/magazine\/conseils-pour-choisir-un-canape-bubble-pour-votre-salon\/#respond"]}]},{"@type":"WebPage","@id":"https:\/\/www.mobilier-design-occasion.fr\/magazine\/conseils-pour-choisir-un-canape-bubble-pour-votre-salon\/","url":"https:\/\/www.mobilier-design-occasion.fr\/magazine\/conseils-pour-choisir-un-canape-bubble-pour-votre-salon\/","name":"Conseils pour choisir un canap\u00e9 Bubble pour votre salon - Mobilier Design Magazine","isPartOf":{"@id":"https:\/\/www.mobilier-design-occasion.fr\/magazine\/#website"},"primaryImageOfPage":{"@id":"https:\/\/www.mobilier-design-occasion.fr\/magazine\/conseils-pour-choisir-un-canape-bubble-pour-votre-salon\/#primaryimage"},"image":{"@id":"https:\/\/www.mobilier-design-occasion.fr\/magazine\/conseils-pour-choisir-un-canape-bubble-pour-votre-salon\/#primaryimage"},"thumbnailUrl":"https:\/\/www.mobilier-design-occasion.fr\/magazine\/wp-content\/uploads\/2024\/03\/a2e91e50thumbnail.jpeg","datePublished":"2024-03-16T22:12:03+00:00","breadcrumb":{"@id":"https:\/\/www.mobilier-design-occasion.fr\/magazine\/conseils-pour-choisir-un-canape-bubble-pour-votre-salon\/#breadcrumb"},"inLanguage":"fr-FR","potentialAction":[{"@type":"ReadAction","target":["https:\/\/www.mobilier-design-occasion.fr\/magazine\/conseils-pour-choisir-un-canape-bubble-pour-votre-salon\/"]}]},{"@type":"ImageObject","inLanguage":"fr-FR","@id":"https:\/\/www.mobilier-design-occasion.fr\/magazine\/conseils-pour-choisir-un-canape-bubble-pour-votre-salon\/#primaryimage","url":"https:\/\/www.mobilier-design-occasion.fr\/magazine\/wp-content\/uploads\/2024\/03\/a2e91e50thumbnail.jpeg","contentUrl":"https:\/\/www.mobilier-design-occasion.fr\/magazine\/wp-content\/uploads\/2024\/03\/a2e91e50thumbnail.jpeg","width":1200,"height":1018},{"@type":"BreadcrumbList","@id":"https:\/\/www.mobilier-design-occasion.fr\/magazine\/conseils-pour-choisir-un-canape-bubble-pour-votre-salon\/#breadcrumb","itemListElement":[{"@type":"ListItem","position":1,"name":"Accueil","item":"https:\/\/www.mobilier-design-occasion.fr\/magazine\/"},{"@type":"ListItem","position":2,"name":"Conseils pour choisir un canap\u00e9 Bubble pour votre salon"}]},{"@type":"WebSite","@id":"https:\/\/www.mobilier-design-occasion.fr\/magazine\/#website","url":"https:\/\/www.mobilier-design-occasion.fr\/magazine\/","name":"Mobilier Design Magazine","description":"","publisher":{"@id":"https:\/\/www.mobilier-design-occasion.fr\/magazine\/#organization"},"potentialAction":[{"@type":"SearchAction","target":{"@type":"EntryPoint","urlTemplate":"https:\/\/www.mobilier-design-occasion.fr\/magazine\/?s={search_term_string}"},"query-input":{"@type":"PropertyValueSpecification","valueRequired":true,"valueName":"search_term_string"}}],"inLanguage":"fr-FR"},{"@type":"Organization","@id":"https:\/\/www.mobilier-design-occasion.fr\/magazine\/#organization","name":"Mobilier Design Magazine","url":"https:\/\/www.mobilier-design-occasion.fr\/magazine\/","logo":{"@type":"ImageObject","inLanguage":"fr-FR","@id":"https:\/\/www.mobilier-design-occasion.fr\/magazine\/#\/schema\/logo\/image\/","url":"https:\/\/www.mobilier-design-occasion.fr\/magazine\/wp-content\/uploads\/2024\/02\/android-chrome-192x192-1.png","contentUrl":"https:\/\/www.mobilier-design-occasion.fr\/magazine\/wp-content\/uploads\/2024\/02\/android-chrome-192x192-1.png","width":192,"height":192,"caption":"Mobilier Design Magazine"},"image":{"@id":"https:\/\/www.mobilier-design-occasion.fr\/magazine\/#\/schema\/logo\/image\/"},"sameAs":["https:\/\/www.facebook.com\/mobilierdesignoccasion"]},{"@type":"Person","@id":"https:\/\/www.mobilier-design-occasion.fr\/magazine\/#\/schema\/person\/af895bedc80bfb6b17730a672fddac9e","name":"Vincent Vandegans","image":{"@type":"ImageObject","inLanguage":"fr-FR","@id":"https:\/\/secure.gravatar.com\/avatar\/b984800dabdf722d5e3f03f637c8932dea77d81118467d17ad2953e3b273ec66?s=96&d=mm&r=g","url":"https:\/\/secure.gravatar.com\/avatar\/b984800dabdf722d5e3f03f637c8932dea77d81118467d17ad2953e3b273ec66?s=96&d=mm&r=g","contentUrl":"https:\/\/secure.gravatar.com\/avatar\/b984800dabdf722d5e3f03f637c8932dea77d81118467d17ad2953e3b273ec66?s=96&d=mm&r=g","caption":"Vincent Vandegans"},"description":"Vincent est passionn\u00e9 par les produits d'occasion, il a ouvert le site MDO avec Cyrielle pour aider les gens \u00e0 trouver du mobilier d'occasion, vintage ou usag\u00e9. Depuis, ils ont \u00e9tendu leurs activit\u00e9s et conseillent tout le monde sur le mobilier d'int\u00e9rieur et d'ext\u00e9rieur au quotidien \u00e0 travers le magazine MDO.","url":"https:\/\/www.mobilier-design-occasion.fr\/magazine\/author\/vincent\/"}]}},"_links":{"self":[{"href":"https:\/\/www.mobilier-design-occasion.fr\/magazine\/wp-json\/wp\/v2\/posts\/7685","targetHints":{"allow":["GET"]}}],"collection":[{"href":"https:\/\/www.mobilier-design-occasion.fr\/magazine\/wp-json\/wp\/v2\/posts"}],"about":[{"href":"https:\/\/www.mobilier-design-occasion.fr\/magazine\/wp-json\/wp\/v2\/types\/post"}],"author":[{"embeddable":true,"href":"https:\/\/www.mobilier-design-occasion.fr\/magazine\/wp-json\/wp\/v2\/users\/2"}],"replies":[{"embeddable":true,"href":"https:\/\/www.mobilier-design-occasion.fr\/magazine\/wp-json\/wp\/v2\/comments?post=7685"}],"version-history":[{"count":0,"href":"https:\/\/www.mobilier-design-occasion.fr\/magazine\/wp-json\/wp\/v2\/posts\/7685\/revisions"}],"wp:featuredmedia":[{"embeddable":true,"href":"https:\/\/www.mobilier-design-occasion.fr\/magazine\/wp-json\/wp\/v2\/media\/7684"}],"wp:attachment":[{"href":"https:\/\/www.mobilier-design-occasion.fr\/magazine\/wp-json\/wp\/v2\/media?parent=7685"}],"wp:term":[{"taxonomy":"category","embeddable":true,"href":"https:\/\/www.mobilier-design-occasion.fr\/magazine\/wp-json\/wp\/v2\/categories?post=7685"},{"taxonomy":"post_tag","embeddable":true,"href":"https:\/\/www.mobilier-design-occasion.fr\/magazine\/wp-json\/wp\/v2\/tags?post=7685"}],"curies":[{"name":"wp","href":"https:\/\/api.w.org\/{rel}","templated":true}]}}