{"id":7663,"date":"2024-03-14T03:18:04","date_gmt":"2024-03-14T03:18:04","guid":{"rendered":"https:\/\/www.mobilier-design-occasion.fr\/magazine\/5-raisons-pour-lesquelles-le-canape-bubble-transformera-votre-salon\/"},"modified":"2024-03-14T03:18:04","modified_gmt":"2024-03-14T03:18:04","slug":"5-raisons-pour-lesquelles-le-canape-bubble-transformera-votre-salon","status":"publish","type":"post","link":"https:\/\/www.mobilier-design-occasion.fr\/magazine\/5-raisons-pour-lesquelles-le-canape-bubble-transformera-votre-salon\/","title":{"rendered":"5 Raisons pour lesquelles le canap\u00e9 Bubble transformera votre salon"},"content":{"rendered":"<p>Un salon ne peut plus assurer pleinement sa fonction s\u2019il n\u2019est pas \u00e9quip\u00e9 d\u2019un canap\u00e9. Ce meuble est indispensable dans le s\u00e9jour, car non seulement il permet aux propri\u00e9taires ou aux invit\u00e9s de se pr\u00e9lasser, mais il est \u00e9galement un atout d\u00e9coratif majeur. Choisir ce mobilier n\u2019est pas une t\u00e2che facile du fait de ses milliers de d\u00e9clinaisons sur le march\u00e9. Pour vous aider \u00e0 trouver le mod\u00e8le qui vous correspond parmi les meilleurs mod\u00e8les de l&#8217;ann\u00e9e, nous avons pris soin de compiler dans ce comparatif les 5 raisons pour lesquelles le canap\u00e9 Bubble transformera votre salon.<\/p>\n<h3><span class=\"ez-toc-section\" id=\"Principaux_enseignements\"><\/span>Principaux enseignements<span class=\"ez-toc-section-end\"><\/span><\/h3><div id=\"ez-toc-container\" class=\"ez-toc-v2_0_82_2 counter-hierarchy ez-toc-counter ez-toc-grey ez-toc-container-direction\">\n<div class=\"ez-toc-title-container\">\n<span class=\"ez-toc-title-toggle\"><a href=\"#\" class=\"ez-toc-pull-right ez-toc-btn ez-toc-btn-xs ez-toc-btn-default ez-toc-toggle\" aria-label=\"Toggle Table of Content\"><span class=\"ez-toc-js-icon-con\"><span class=\"\"><span class=\"eztoc-hide\" style=\"display:none;\">Toggle<\/span><span class=\"ez-toc-icon-toggle-span\"><svg style=\"fill: #999;color:#999\" xmlns=\"http:\/\/www.w3.org\/2000\/svg\" class=\"list-377408\" width=\"20px\" height=\"20px\" viewBox=\"0 0 24 24\" fill=\"none\"><path d=\"M6 6H4v2h2V6zm14 0H8v2h12V6zM4 11h2v2H4v-2zm16 0H8v2h12v-2zM4 16h2v2H4v-2zm16 0H8v2h12v-2z\" fill=\"currentColor\"><\/path><\/svg><svg style=\"fill: #999;color:#999\" class=\"arrow-unsorted-368013\" xmlns=\"http:\/\/www.w3.org\/2000\/svg\" width=\"10px\" height=\"10px\" viewBox=\"0 0 24 24\" version=\"1.2\" baseProfile=\"tiny\"><path d=\"M18.2 9.3l-6.2-6.3-6.2 6.3c-.2.2-.3.4-.3.7s.1.5.3.7c.2.2.4.3.7.3h11c.3 0 .5-.1.7-.3.2-.2.3-.5.3-.7s-.1-.5-.3-.7zM5.8 14.7l6.2 6.3 6.2-6.3c.2-.2.3-.5.3-.7s-.1-.5-.3-.7c-.2-.2-.4-.3-.7-.3h-11c-.3 0-.5.1-.7.3-.2.2-.3.5-.3.7s.1.5.3.7z\"\/><\/svg><\/span><\/span><\/span><\/a><\/span><\/div>\n<nav><ul class='ez-toc-list ez-toc-list-level-1 eztoc-toggle-hide-by-default' ><ul class='ez-toc-list-level-3' ><li class='ez-toc-heading-level-3'><a class=\"ez-toc-link ez-toc-heading-1\" href=\"https:\/\/www.mobilier-design-occasion.fr\/magazine\/5-raisons-pour-lesquelles-le-canape-bubble-transformera-votre-salon\/#Principaux_enseignements\" >Principaux enseignements<\/a><\/li><\/ul><\/li><li class='ez-toc-page-1 ez-toc-heading-level-2'><a class=\"ez-toc-link ez-toc-heading-2\" href=\"https:\/\/www.mobilier-design-occasion.fr\/magazine\/5-raisons-pour-lesquelles-le-canape-bubble-transformera-votre-salon\/#1_Une_structure_tres_solide\" >1. Une structure tr\u00e8s solide<\/a><\/li><li class='ez-toc-page-1 ez-toc-heading-level-2'><a class=\"ez-toc-link ez-toc-heading-3\" href=\"https:\/\/www.mobilier-design-occasion.fr\/magazine\/5-raisons-pour-lesquelles-le-canape-bubble-transformera-votre-salon\/#2_Une_assise_tres_spacieuse\" >2. Une assise tr\u00e8s spacieuse<\/a><\/li><li class='ez-toc-page-1 ez-toc-heading-level-2'><a class=\"ez-toc-link ez-toc-heading-4\" href=\"https:\/\/www.mobilier-design-occasion.fr\/magazine\/5-raisons-pour-lesquelles-le-canape-bubble-transformera-votre-salon\/#3_Un_couchage_confortable_et_spacieux\" >3. Un couchage confortable et spacieux<\/a><\/li><li class='ez-toc-page-1 ez-toc-heading-level-2'><a class=\"ez-toc-link ez-toc-heading-5\" href=\"https:\/\/www.mobilier-design-occasion.fr\/magazine\/5-raisons-pour-lesquelles-le-canape-bubble-transformera-votre-salon\/#4_Un_excellent_rapport_qualite-prix\" >4. Un excellent rapport qualit\u00e9-prix<\/a><\/li><li class='ez-toc-page-1 ez-toc-heading-level-2'><a class=\"ez-toc-link ez-toc-heading-6\" href=\"https:\/\/www.mobilier-design-occasion.fr\/magazine\/5-raisons-pour-lesquelles-le-canape-bubble-transformera-votre-salon\/#5_Un_rembourrage_epais_et_souple\" >5. Un rembourrage \u00e9pais et souple<\/a><\/li><li class='ez-toc-page-1 ez-toc-heading-level-2'><a class=\"ez-toc-link ez-toc-heading-7\" href=\"https:\/\/www.mobilier-design-occasion.fr\/magazine\/5-raisons-pour-lesquelles-le-canape-bubble-transformera-votre-salon\/#Conclusion\" >Conclusion<\/a><\/li><li class='ez-toc-page-1 ez-toc-heading-level-2'><a class=\"ez-toc-link ez-toc-heading-8\" href=\"https:\/\/www.mobilier-design-occasion.fr\/magazine\/5-raisons-pour-lesquelles-le-canape-bubble-transformera-votre-salon\/#Foire_aux_questions\" >Foire aux questions<\/a><ul class='ez-toc-list-level-3' ><li class='ez-toc-heading-level-3'><a class=\"ez-toc-link ez-toc-heading-9\" href=\"https:\/\/www.mobilier-design-occasion.fr\/magazine\/5-raisons-pour-lesquelles-le-canape-bubble-transformera-votre-salon\/#Le_canape_Bubble_est-il_resistant_a_lusure\" >Le canap\u00e9 Bubble est-il r\u00e9sistant \u00e0 l&#8217;usure ?<\/a><\/li><li class='ez-toc-page-1 ez-toc-heading-level-3'><a class=\"ez-toc-link ez-toc-heading-10\" href=\"https:\/\/www.mobilier-design-occasion.fr\/magazine\/5-raisons-pour-lesquelles-le-canape-bubble-transformera-votre-salon\/#Le_canape_Bubble_offre-t-il_un_espace_de_rangement_supplementaire\" >Le canap\u00e9 Bubble offre-t-il un espace de rangement suppl\u00e9mentaire ?<\/a><\/li><li class='ez-toc-page-1 ez-toc-heading-level-3'><a class=\"ez-toc-link ez-toc-heading-11\" href=\"https:\/\/www.mobilier-design-occasion.fr\/magazine\/5-raisons-pour-lesquelles-le-canape-bubble-transformera-votre-salon\/#Le_canape_Bubble_est-il_adapte_pour_le_couchage\" >Le canap\u00e9 Bubble est-il adapt\u00e9 pour le couchage ?<\/a><\/li><li class='ez-toc-page-1 ez-toc-heading-level-3'><a class=\"ez-toc-link ez-toc-heading-12\" href=\"https:\/\/www.mobilier-design-occasion.fr\/magazine\/5-raisons-pour-lesquelles-le-canape-bubble-transformera-votre-salon\/#Comment_choisir_la_taille_du_canape_Bubble_par_rapport_a_mon_salon\" >Comment choisir la taille du canap\u00e9 Bubble par rapport \u00e0 mon salon ?<\/a><\/li><li class='ez-toc-page-1 ez-toc-heading-level-3'><a class=\"ez-toc-link ez-toc-heading-13\" href=\"https:\/\/www.mobilier-design-occasion.fr\/magazine\/5-raisons-pour-lesquelles-le-canape-bubble-transformera-votre-salon\/#Le_canape_Bubble_est-il_modulable\" >Le canap\u00e9 Bubble est-il modulable ?<\/a><\/li><li class='ez-toc-page-1 ez-toc-heading-level-3'><a class=\"ez-toc-link ez-toc-heading-14\" href=\"https:\/\/www.mobilier-design-occasion.fr\/magazine\/5-raisons-pour-lesquelles-le-canape-bubble-transformera-votre-salon\/#Le_canape_Bubble_est-il_un_bon_choix_pour_les_petits_espaces\" >Le canap\u00e9 Bubble est-il un bon choix pour les petits espaces ?<\/a><\/li><\/ul><\/li><\/ul><\/nav><\/div>\n\n<ul>\n<li>Une structure tr\u00e8s solide con\u00e7ue pour r\u00e9sister \u00e0 l\u2019usure.<\/li>\n<li>Une assise tr\u00e8s spacieuse.<\/li>\n<li>Un couchage confortable et spacieux pour les canap\u00e9s convertibles.<\/li>\n<li>Un excellent rapport qualit\u00e9-prix.<\/li>\n<li>Un rembourrage \u00e9pais et souple qui procure un bon soutien du dos.<\/li>\n<\/ul>\n<h2><span class=\"ez-toc-section\" id=\"1_Une_structure_tres_solide\"><\/span>1. Une structure tr\u00e8s solide<span class=\"ez-toc-section-end\"><\/span><\/h2>\n<p><img decoding=\"async\" style=\"max-width: 100%; max-height: 200px;\" src=\"https:\/\/contenu.nyc3.digitaloceanspaces.com\/journalist\/fe1f4c20-de8d-4c56-b055-16d549024404\/thumbnail.jpeg\" alt=\"1. Une structure tr\u00e8s solide\" ><\/p>\n<p>Le canap\u00e9 Bubble, avec sa <a href=\"https:\/\/www.fatboy.com\/fr-fr\/sumo\/105490-limestone?gtm_position=1\/105574-hocker-outfit\/105572-hocker-outfit\/105570-seat-outfit\/105568-seat-outfit\/105565-corner-seat-outfit\/105566-corner-seat-outfit\/105565-corner-seat-outfit\/105568-seat-outfit\/105573-hocker-outfit\/105569-seat-outfit\/105572-hocker-outfit\/105566-corner-seat-outfit\/105574-hocker-outfit\/105574-hocker-outfit\/105566-corner-seat-outfit\/105569-seat-outfit\/105570-seat-outfit\/105578-armrest-outfit\/105579-armrest-outfit\/105573-hocker-outfit\/105564-corner-seat-outfit\/105565-corner-seat-outfit\/105574-hocker-outfit\/105579-armrest-outfit\/105572-hocker-outfit\/105566-corner-seat-outfit\/105570-seat-outfit\/105571-seat-outfit\/105572-hocker-outfit\/105577-armrest-outfit\/105572-hocker-outfit\/105579-armrest-outfit\/105578-armrest-outfit\/105577-armrest-outfit\/105572-hocker-outfit\/105571-seat-outfit\/105572-hocker-outfit\/105567-corner-seat-outfit\/105574-hocker-outfit\/105572-hocker-outfit\/105577-armrest-outfit\/105574-hocker-outfit\/105575-hocker-outfit\/105575-hocker-outfit\/105573-hocker-outfit\/105579-armrest-outfit\/105568-seat-outfit\">structure tr\u00e8s solide<\/a>, est con\u00e7u pour r\u00e9sister \u00e0 l&#8217;usure quotidienne. Que vous ayez des enfants turbulents ou des animaux de compagnie, ce canap\u00e9 est pr\u00eat \u00e0 relever le d\u00e9fi. Sa robustesse est assur\u00e9e par des mat\u00e9riaux de qualit\u00e9 sup\u00e9rieure, comme le bois massif et le m\u00e9tal, garantissant ainsi sa long\u00e9vit\u00e9.<\/p>\n<blockquote><p>\nLa structure du canap\u00e9 Bubble est pens\u00e9e pour offrir \u00e0 la fois r\u00e9sistance et \u00e9l\u00e9gance, un \u00e9quilibre parfait pour votre salon.\n<\/p><\/blockquote>\n<p>Les mat\u00e9riaux utilis\u00e9s pour la structure du canap\u00e9 Bubble incluent:<\/p>\n<ul>\n<li>Bois massif<\/li>\n<li>M\u00e9tal<\/li>\n<li>Panneaux de particules<\/li>\n<\/ul>\n<p>Ces composants assurent non seulement une solidit\u00e9 \u00e0 toute \u00e9preuve mais aussi une esth\u00e9tique soign\u00e9e, adapt\u00e9e \u00e0 tout type de d\u00e9coration int\u00e9rieure.<\/p>\n<h2><span class=\"ez-toc-section\" id=\"2_Une_assise_tres_spacieuse\"><\/span>2. Une assise tr\u00e8s spacieuse<span class=\"ez-toc-section-end\"><\/span><\/h2>\n<p><img decoding=\"async\" style=\"max-width: 100%; max-height: 200px;\" src=\"https:\/\/contenu.nyc3.digitaloceanspaces.com\/journalist\/53d4144f-3929-4772-90b4-97ad2b934435\/thumbnail.jpeg\" alt=\"2. Une assise tr\u00e8s spacieuse\" ><\/p>\n<p>Avoir un canap\u00e9 avec une assise spacieuse, c&#8217;est le r\u00eave, non ? Le canap\u00e9 Bubble, avec ses dimensions g\u00e9n\u00e9reuses, vous offre exactement cela. Imaginez-vous vous \u00e9taler de tout votre long sans jamais manquer de place. <strong>C&#8217;est le confort ultime pour toute la famille ou pour recevoir vos amis.<\/strong><\/p>\n<blockquote><p>\nCe canap\u00e9 n&#8217;est pas seulement spacieux, il est aussi modulable selon vos besoins. Vous pouvez facilement l&#8217;adapter \u00e0 la configuration de votre salon, ce qui en fait un choix id\u00e9al pour tous les espaces.\n<\/p><\/blockquote>\n<p>Voici quelques avantages d&#8217;une assise spacieuse :<\/p>\n<ul>\n<li>Plus de confort pour s&#8217;asseoir ou s&#8217;allonger.<\/li>\n<li>Id\u00e9al pour les soir\u00e9es film ou les r\u00e9unions entre amis.<\/li>\n<li>Permet d&#8217;accueillir plus de personnes confortablement.<\/li>\n<li>Offre la possibilit\u00e9 de personnaliser l&#8217;espace selon les occasions.<\/li>\n<\/ul>\n<div data-youtube-video><iframe loading=\"lazy\" width=\"480\" height=\"270\" src=\"https:\/\/www.youtube.com\/embed\/SW45RRQPwx0\"><\/iframe><\/div>\n<h2><span class=\"ez-toc-section\" id=\"3_Un_couchage_confortable_et_spacieux\"><\/span>3. Un couchage confortable et spacieux<span class=\"ez-toc-section-end\"><\/span><\/h2>\n<p><img decoding=\"async\" style=\"max-width: 100%; max-height: 200px;\" src=\"https:\/\/contenu.nyc3.digitaloceanspaces.com\/journalist\/06cff686-0f7c-40d2-a242-cfe2b52f4279\/thumbnail.jpeg\" alt=\"3. Un couchage confortable et spacieux\" ><\/p>\n<p>Le canap\u00e9 Bubble ne se contente pas d&#8217;\u00eatre un simple meuble de salon, il se transforme <strong>en <a href=\"https:\/\/www.mobilier-design-occasion.fr\/magazine\/pourquoi-installer-un-canape-convertible-dans-son-salon\/\">un v\u00e9ritable lit douillet<\/a><\/strong> pour vos invit\u00e9s ou pour vous-m\u00eame lors de ces longues soir\u00e9es cin\u00e9ma. Gr\u00e2ce \u00e0 son syst\u00e8me de pliage tr\u00e8s pratique, passer du mode canap\u00e9 au mode lit se fait en un clin d&#8217;\u0153il, sans effort.<\/p>\n<blockquote><p>\nCe mod\u00e8le est tr\u00e8s pratique pour les studios de petites ou moyennes dimensions, permettant ainsi un gain de place consid\u00e9rable dans votre salon.\n<\/p><\/blockquote>\n<p>Voici quelques avantages de ce canap\u00e9 convertible :<\/p>\n<ul>\n<li>Confort in\u00e9gal\u00e9 gr\u00e2ce \u00e0 un vrai matelas et un vrai sommier.<\/li>\n<li>Id\u00e9al pour recevoir des invit\u00e9s, transformant le salon en chambre d&#8217;amis en quelques secondes.<\/li>\n<li>Parfait pour les petits espaces, offrant \u00e0 la fois une solution d&#8217;assise et de couchage.<\/li>\n<\/ul>\n<h2><span class=\"ez-toc-section\" id=\"4_Un_excellent_rapport_qualite-prix\"><\/span>4. Un excellent rapport qualit\u00e9-prix<span class=\"ez-toc-section-end\"><\/span><\/h2>\n<p><img decoding=\"async\" style=\"max-width: 100%; max-height: 200px;\" src=\"https:\/\/contenu.nyc3.digitaloceanspaces.com\/journalist\/72a19051-110d-46ef-b7a6-d057a4e10cff\/thumbnail.jpeg\" alt=\"4. Un excellent rapport qualit\u00e9-prix\" ><\/p>\n<p>Quand on parle du canap\u00e9 Bubble, on ne peut pas passer \u00e0 c\u00f4t\u00e9 de son <strong>excellent rapport qualit\u00e9-prix<\/strong>. Ce n&#8217;est pas tous les jours qu&#8217;on trouve un meuble qui combine \u00e0 la fois design, confort et durabilit\u00e9 \u00e0 un prix aussi attractif. Les avis clients le confirment : avec une note moyenne de 4,5 \u00e9toiles, c&#8217;est clairement un choix appr\u00e9ci\u00e9 par ceux qui l&#8217;ont adopt\u00e9.<\/p>\n<blockquote><p>\nCe canap\u00e9 n&#8217;est pas seulement un achat, c&#8217;est un investissement dans votre bien-\u00eatre et celui de votre salon.\n<\/p><\/blockquote>\n<p>Pour vous donner une id\u00e9e plus pr\u00e9cise, voici un petit tableau r\u00e9capitulatif des \u00e9conomies que vous pouvez r\u00e9aliser :<\/p>\n<table>\n<thead>\n<tr>\n<th>Prix catalogue<\/th>\n<th>Prix avec r\u00e9duction<\/th>\n<\/tr>\n<\/thead>\n<tbody>\n<tr>\n<td>169,99 \u20ac<\/td>\n<td>99,99 \u20ac<\/td>\n<\/tr>\n<\/tbody>\n<\/table>\n<p>En choisissant le canap\u00e9 Bubble, vous faites un <a href=\"https:\/\/bede-asso.org\/canape-bubble\/\">choix \u00e9co-responsable<\/a>, soutenant ainsi une production plus respectueuse de l&#8217;environnement. C&#8217;est un meuble qui, au-del\u00e0 de son prix, apporte une r\u00e9elle valeur ajout\u00e9e \u00e0 votre int\u00e9rieur.<\/p>\n<h2><span class=\"ez-toc-section\" id=\"5_Un_rembourrage_epais_et_souple\"><\/span>5. Un rembourrage \u00e9pais et souple<span class=\"ez-toc-section-end\"><\/span><\/h2>\n<p><img decoding=\"async\" style=\"max-width: 100%; max-height: 200px;\" src=\"https:\/\/contenu.nyc3.digitaloceanspaces.com\/journalist\/e44b757f-156f-4781-92d4-fe7da6809063\/thumbnail.jpeg\" alt=\"5. Un rembourrage \u00e9pais et souple\" ><\/p>\n<p>Le canap\u00e9 Bubble, avec son <strong>rembourrage \u00e9pais et souple<\/strong>, offre un confort in\u00e9gal\u00e9. Ce type de rembourrage est crucial pour un soutien optimal du dos et une exp\u00e9rience d&#8217;assise am\u00e9lior\u00e9e.<\/p>\n<blockquote><p>\nLe choix du rembourrage est un excellent indice sur la qualit\u00e9 et le confort d&#8217;un canap\u00e9.\n<\/p><\/blockquote>\n<p>Voici quelques avantages cl\u00e9s de ce rembourrage :<\/p>\n<ul>\n<li>Procure un bon soutien du dos.<\/li>\n<li>Am\u00e9liore l&#8217;exp\u00e9rience d&#8217;assise.<\/li>\n<li>Contribue \u00e0 la long\u00e9vit\u00e9 du canap\u00e9.<\/li>\n<\/ul>\n<p>Il est important de noter que les canap\u00e9s avec un rembourrage de qualit\u00e9, comme le Bubble, peuvent durer entre 7 et 15 ans. Cela d\u00e9pend bien s\u00fbr de l&#8217;<a href=\"https:\/\/www.mobilier-design-occasion.fr\/magazine\/4-signes-indiquant-quil-est-temps-de-remplacer-ou-de-retapisser-votre-canape\/\">entretien et de l&#8217;utilisation<\/a>. Pour maintenir votre canap\u00e9 en bon \u00e9tat, pensez \u00e0 :<\/p>\n<ol>\n<li>Gonfler r\u00e9guli\u00e8rement les coussins.<\/li>\n<li>V\u00e9rifier les dimensions pour s&#8217;assurer qu&#8217;il s&#8217;adapte bien \u00e0 votre espace.<\/li>\n<li>S&#8217;occuper des grincements d\u00e8s qu&#8217;ils apparaissent.<\/li>\n<li>Remplacer le canap\u00e9 si n\u00e9cessaire, en raison d&#8217;odeurs ou d&#8217;usure.<\/li>\n<\/ol>\n<h2><span class=\"ez-toc-section\" id=\"Conclusion\"><\/span>Conclusion<span class=\"ez-toc-section-end\"><\/span><\/h2>\n<p>En somme, le canap\u00e9 Bubble est bien plus qu&#8217;un simple meuble pour votre salon. Avec ses caract\u00e9ristiques uniques telles qu&#8217;une structure solide, une assise spacieuse, un couchage confortable pour les mod\u00e8les convertibles, et un design personnalisable, il promet de transformer votre espace de vie. Que vous cherchiez \u00e0 optimiser l&#8217;espace, \u00e0 ajouter un \u00e9l\u00e9ment d\u00e9coratif de choix ou \u00e0 am\u00e9liorer le confort de votre salon, le canap\u00e9 Bubble r\u00e9pond \u00e0 toutes ces attentes. Alors, n&#8217;attendez plus pour donner \u00e0 votre salon la touche de modernit\u00e9 et de confort qu&#8217;il m\u00e9rite avec le canap\u00e9 Bubble. Votre salon ne sera plus jamais le m\u00eame, et vos invit\u00e9s en seront les premiers ravis. Vivez l&#8217;exp\u00e9rience Bubble et laissez-vous s\u00e9duire par son charme incontestable !<\/p>\n<h2><span class=\"ez-toc-section\" id=\"Foire_aux_questions\"><\/span>Foire aux questions<span class=\"ez-toc-section-end\"><\/span><\/h2>\n<h3><span class=\"ez-toc-section\" id=\"Le_canape_Bubble_est-il_resistant_a_lusure\"><\/span>Le canap\u00e9 Bubble est-il r\u00e9sistant \u00e0 l&#8217;usure ?<span class=\"ez-toc-section-end\"><\/span><\/h3>\n<p>Oui, le canap\u00e9 Bubble a une structure tr\u00e8s solide con\u00e7ue pour r\u00e9sister \u00e0 l\u2019usure, ce qui en fait un choix durable pour votre salon.<\/p>\n<h3><span class=\"ez-toc-section\" id=\"Le_canape_Bubble_offre-t-il_un_espace_de_rangement_supplementaire\"><\/span>Le canap\u00e9 Bubble offre-t-il un espace de rangement suppl\u00e9mentaire ?<span class=\"ez-toc-section-end\"><\/span><\/h3>\n<p>Oui, certains mod\u00e8les de canap\u00e9 Bubble sont \u00e9quip\u00e9s d&#8217;un coffre int\u00e9gr\u00e9 qui procure un espace de rangement suppl\u00e9mentaire, id\u00e9al pour optimiser l&#8217;espace dans votre salon.<\/p>\n<h3><span class=\"ez-toc-section\" id=\"Le_canape_Bubble_est-il_adapte_pour_le_couchage\"><\/span>Le canap\u00e9 Bubble est-il adapt\u00e9 pour le couchage ?<span class=\"ez-toc-section-end\"><\/span><\/h3>\n<p>Absolument, le canap\u00e9 Bubble peut servir de couchage confortable et spacieux, notamment pour les mod\u00e8les convertibles, augmentant ainsi la capacit\u00e9 d&#8217;accueil de votre domicile.<\/p>\n<h3><span class=\"ez-toc-section\" id=\"Comment_choisir_la_taille_du_canape_Bubble_par_rapport_a_mon_salon\"><\/span>Comment choisir la taille du canap\u00e9 Bubble par rapport \u00e0 mon salon ?<span class=\"ez-toc-section-end\"><\/span><\/h3>\n<p>Pour faire le meilleur choix, mesurez m\u00e9ticuleusement les dimensions de votre salon et comparez-les avec celles du canap\u00e9 Bubble. Prenez en compte le nombre de places et la forme du sofa pour assurer un agencement optimal.<\/p>\n<h3><span class=\"ez-toc-section\" id=\"Le_canape_Bubble_est-il_modulable\"><\/span>Le canap\u00e9 Bubble est-il modulable ?<span class=\"ez-toc-section-end\"><\/span><\/h3>\n<p>Oui, le canap\u00e9 Bubble est modulable en fonction des besoins, gr\u00e2ce \u00e0 son design qui permet de personnaliser votre salon et de l&#8217;adapter \u00e0 diff\u00e9rentes configurations d&#8217;espace.<\/p>\n<h3><span class=\"ez-toc-section\" id=\"Le_canape_Bubble_est-il_un_bon_choix_pour_les_petits_espaces\"><\/span>Le canap\u00e9 Bubble est-il un bon choix pour les petits espaces ?<span class=\"ez-toc-section-end\"><\/span><\/h3>\n<p>Oui, le canap\u00e9 Bubble offre assez de place sans \u00eatre trop encombrant, ce qui le rend id\u00e9al pour les petites pi\u00e8ces. Sa taille et son esth\u00e9tique permettent une installation flexible dans diverses pi\u00e8ces de la maison.<\/p>\n","protected":false},"excerpt":{"rendered":"<p>Un salon ne peut plus assurer pleinement sa fonction s\u2019il n\u2019est pas \u00e9quip\u00e9 d\u2019un canap\u00e9. Ce meuble est indispensable dans le s\u00e9jour, car non seulement il permet aux propri\u00e9taires ou aux invit\u00e9s de se pr\u00e9lasser, mais il est \u00e9galement un atout d\u00e9coratif majeur. Choisir ce mobilier n\u2019est pas une t\u00e2che facile du fait de ses [&hellip;]<\/p>\n","protected":false},"author":2,"featured_media":7662,"comment_status":"open","ping_status":"open","sticky":false,"template":"","format":"standard","meta":{"footnotes":""},"categories":[122],"tags":[],"class_list":["post-7663","post","type-post","status-publish","format-standard","has-post-thumbnail","hentry","category-salon"],"yoast_head":"<!-- This site is optimized with the Yoast SEO plugin v27.5 - https:\/\/yoast.com\/product\/yoast-seo-wordpress\/ -->\n<title>5 Raisons pour lesquelles le canap\u00e9 Bubble transformera votre salon - Mobilier Design Magazine<\/title>\n<meta name=\"robots\" content=\"index, follow, max-snippet:-1, max-image-preview:large, max-video-preview:-1\" \/>\n<link rel=\"canonical\" href=\"https:\/\/www.mobilier-design-occasion.fr\/magazine\/5-raisons-pour-lesquelles-le-canape-bubble-transformera-votre-salon\/\" \/>\n<meta property=\"og:locale\" content=\"fr_FR\" \/>\n<meta property=\"og:type\" content=\"article\" \/>\n<meta property=\"og:title\" content=\"5 Raisons pour lesquelles le canap\u00e9 Bubble transformera votre salon - Mobilier Design Magazine\" \/>\n<meta property=\"og:description\" content=\"Un salon ne peut plus assurer pleinement sa fonction s\u2019il n\u2019est pas \u00e9quip\u00e9 d\u2019un canap\u00e9. Ce meuble est indispensable dans le s\u00e9jour, car non seulement il permet aux propri\u00e9taires ou aux invit\u00e9s de se pr\u00e9lasser, mais il est \u00e9galement un atout d\u00e9coratif majeur. Choisir ce mobilier n\u2019est pas une t\u00e2che facile du fait de ses [&hellip;]\" \/>\n<meta property=\"og:url\" content=\"https:\/\/www.mobilier-design-occasion.fr\/magazine\/5-raisons-pour-lesquelles-le-canape-bubble-transformera-votre-salon\/\" \/>\n<meta property=\"og:site_name\" content=\"Mobilier Design Magazine\" \/>\n<meta property=\"article:publisher\" content=\"https:\/\/www.facebook.com\/mobilierdesignoccasion\" \/>\n<meta property=\"article:published_time\" content=\"2024-03-14T03:18:04+00:00\" \/>\n<meta property=\"og:image\" content=\"https:\/\/contenu.nyc3.digitaloceanspaces.com\/journalist\/fe1f4c20-de8d-4c56-b055-16d549024404\/thumbnail.jpeg\" \/>\n<meta name=\"author\" content=\"Vincent Vandegans\" \/>\n<meta name=\"twitter:card\" content=\"summary_large_image\" \/>\n<meta name=\"twitter:label1\" content=\"\u00c9crit par\" \/>\n\t<meta name=\"twitter:data1\" content=\"Vincent Vandegans\" \/>\n\t<meta name=\"twitter:label2\" content=\"Dur\u00e9e de lecture estim\u00e9e\" \/>\n\t<meta name=\"twitter:data2\" content=\"6 minutes\" \/>\n<script type=\"application\/ld+json\" class=\"yoast-schema-graph\">{\"@context\":\"https:\\\/\\\/schema.org\",\"@graph\":[{\"@type\":\"Article\",\"@id\":\"https:\\\/\\\/www.mobilier-design-occasion.fr\\\/magazine\\\/5-raisons-pour-lesquelles-le-canape-bubble-transformera-votre-salon\\\/#article\",\"isPartOf\":{\"@id\":\"https:\\\/\\\/www.mobilier-design-occasion.fr\\\/magazine\\\/5-raisons-pour-lesquelles-le-canape-bubble-transformera-votre-salon\\\/\"},\"author\":{\"name\":\"Vincent Vandegans\",\"@id\":\"https:\\\/\\\/www.mobilier-design-occasion.fr\\\/magazine\\\/#\\\/schema\\\/person\\\/af895bedc80bfb6b17730a672fddac9e\"},\"headline\":\"5 Raisons pour lesquelles le canap\u00e9 Bubble transformera votre salon\",\"datePublished\":\"2024-03-14T03:18:04+00:00\",\"mainEntityOfPage\":{\"@id\":\"https:\\\/\\\/www.mobilier-design-occasion.fr\\\/magazine\\\/5-raisons-pour-lesquelles-le-canape-bubble-transformera-votre-salon\\\/\"},\"wordCount\":1295,\"commentCount\":0,\"publisher\":{\"@id\":\"https:\\\/\\\/www.mobilier-design-occasion.fr\\\/magazine\\\/#organization\"},\"image\":{\"@id\":\"https:\\\/\\\/www.mobilier-design-occasion.fr\\\/magazine\\\/5-raisons-pour-lesquelles-le-canape-bubble-transformera-votre-salon\\\/#primaryimage\"},\"thumbnailUrl\":\"https:\\\/\\\/www.mobilier-design-occasion.fr\\\/magazine\\\/wp-content\\\/uploads\\\/2024\\\/03\\\/e78972b3thumbnail.jpeg\",\"articleSection\":[\"Salon\"],\"inLanguage\":\"fr-FR\",\"potentialAction\":[{\"@type\":\"CommentAction\",\"name\":\"Comment\",\"target\":[\"https:\\\/\\\/www.mobilier-design-occasion.fr\\\/magazine\\\/5-raisons-pour-lesquelles-le-canape-bubble-transformera-votre-salon\\\/#respond\"]}]},{\"@type\":\"WebPage\",\"@id\":\"https:\\\/\\\/www.mobilier-design-occasion.fr\\\/magazine\\\/5-raisons-pour-lesquelles-le-canape-bubble-transformera-votre-salon\\\/\",\"url\":\"https:\\\/\\\/www.mobilier-design-occasion.fr\\\/magazine\\\/5-raisons-pour-lesquelles-le-canape-bubble-transformera-votre-salon\\\/\",\"name\":\"5 Raisons pour lesquelles le canap\u00e9 Bubble transformera votre salon - Mobilier Design Magazine\",\"isPartOf\":{\"@id\":\"https:\\\/\\\/www.mobilier-design-occasion.fr\\\/magazine\\\/#website\"},\"primaryImageOfPage\":{\"@id\":\"https:\\\/\\\/www.mobilier-design-occasion.fr\\\/magazine\\\/5-raisons-pour-lesquelles-le-canape-bubble-transformera-votre-salon\\\/#primaryimage\"},\"image\":{\"@id\":\"https:\\\/\\\/www.mobilier-design-occasion.fr\\\/magazine\\\/5-raisons-pour-lesquelles-le-canape-bubble-transformera-votre-salon\\\/#primaryimage\"},\"thumbnailUrl\":\"https:\\\/\\\/www.mobilier-design-occasion.fr\\\/magazine\\\/wp-content\\\/uploads\\\/2024\\\/03\\\/e78972b3thumbnail.jpeg\",\"datePublished\":\"2024-03-14T03:18:04+00:00\",\"breadcrumb\":{\"@id\":\"https:\\\/\\\/www.mobilier-design-occasion.fr\\\/magazine\\\/5-raisons-pour-lesquelles-le-canape-bubble-transformera-votre-salon\\\/#breadcrumb\"},\"inLanguage\":\"fr-FR\",\"potentialAction\":[{\"@type\":\"ReadAction\",\"target\":[\"https:\\\/\\\/www.mobilier-design-occasion.fr\\\/magazine\\\/5-raisons-pour-lesquelles-le-canape-bubble-transformera-votre-salon\\\/\"]}]},{\"@type\":\"ImageObject\",\"inLanguage\":\"fr-FR\",\"@id\":\"https:\\\/\\\/www.mobilier-design-occasion.fr\\\/magazine\\\/5-raisons-pour-lesquelles-le-canape-bubble-transformera-votre-salon\\\/#primaryimage\",\"url\":\"https:\\\/\\\/www.mobilier-design-occasion.fr\\\/magazine\\\/wp-content\\\/uploads\\\/2024\\\/03\\\/e78972b3thumbnail.jpeg\",\"contentUrl\":\"https:\\\/\\\/www.mobilier-design-occasion.fr\\\/magazine\\\/wp-content\\\/uploads\\\/2024\\\/03\\\/e78972b3thumbnail.jpeg\",\"width\":1200,\"height\":685},{\"@type\":\"BreadcrumbList\",\"@id\":\"https:\\\/\\\/www.mobilier-design-occasion.fr\\\/magazine\\\/5-raisons-pour-lesquelles-le-canape-bubble-transformera-votre-salon\\\/#breadcrumb\",\"itemListElement\":[{\"@type\":\"ListItem\",\"position\":1,\"name\":\"Accueil\",\"item\":\"https:\\\/\\\/www.mobilier-design-occasion.fr\\\/magazine\\\/\"},{\"@type\":\"ListItem\",\"position\":2,\"name\":\"5 Raisons pour lesquelles le canap\u00e9 Bubble transformera votre salon\"}]},{\"@type\":\"WebSite\",\"@id\":\"https:\\\/\\\/www.mobilier-design-occasion.fr\\\/magazine\\\/#website\",\"url\":\"https:\\\/\\\/www.mobilier-design-occasion.fr\\\/magazine\\\/\",\"name\":\"Mobilier Design Magazine\",\"description\":\"\",\"publisher\":{\"@id\":\"https:\\\/\\\/www.mobilier-design-occasion.fr\\\/magazine\\\/#organization\"},\"potentialAction\":[{\"@type\":\"SearchAction\",\"target\":{\"@type\":\"EntryPoint\",\"urlTemplate\":\"https:\\\/\\\/www.mobilier-design-occasion.fr\\\/magazine\\\/?s={search_term_string}\"},\"query-input\":{\"@type\":\"PropertyValueSpecification\",\"valueRequired\":true,\"valueName\":\"search_term_string\"}}],\"inLanguage\":\"fr-FR\"},{\"@type\":\"Organization\",\"@id\":\"https:\\\/\\\/www.mobilier-design-occasion.fr\\\/magazine\\\/#organization\",\"name\":\"Mobilier Design Magazine\",\"url\":\"https:\\\/\\\/www.mobilier-design-occasion.fr\\\/magazine\\\/\",\"logo\":{\"@type\":\"ImageObject\",\"inLanguage\":\"fr-FR\",\"@id\":\"https:\\\/\\\/www.mobilier-design-occasion.fr\\\/magazine\\\/#\\\/schema\\\/logo\\\/image\\\/\",\"url\":\"https:\\\/\\\/www.mobilier-design-occasion.fr\\\/magazine\\\/wp-content\\\/uploads\\\/2024\\\/02\\\/android-chrome-192x192-1.png\",\"contentUrl\":\"https:\\\/\\\/www.mobilier-design-occasion.fr\\\/magazine\\\/wp-content\\\/uploads\\\/2024\\\/02\\\/android-chrome-192x192-1.png\",\"width\":192,\"height\":192,\"caption\":\"Mobilier Design Magazine\"},\"image\":{\"@id\":\"https:\\\/\\\/www.mobilier-design-occasion.fr\\\/magazine\\\/#\\\/schema\\\/logo\\\/image\\\/\"},\"sameAs\":[\"https:\\\/\\\/www.facebook.com\\\/mobilierdesignoccasion\"]},{\"@type\":\"Person\",\"@id\":\"https:\\\/\\\/www.mobilier-design-occasion.fr\\\/magazine\\\/#\\\/schema\\\/person\\\/af895bedc80bfb6b17730a672fddac9e\",\"name\":\"Vincent Vandegans\",\"image\":{\"@type\":\"ImageObject\",\"inLanguage\":\"fr-FR\",\"@id\":\"https:\\\/\\\/secure.gravatar.com\\\/avatar\\\/b984800dabdf722d5e3f03f637c8932dea77d81118467d17ad2953e3b273ec66?s=96&d=mm&r=g\",\"url\":\"https:\\\/\\\/secure.gravatar.com\\\/avatar\\\/b984800dabdf722d5e3f03f637c8932dea77d81118467d17ad2953e3b273ec66?s=96&d=mm&r=g\",\"contentUrl\":\"https:\\\/\\\/secure.gravatar.com\\\/avatar\\\/b984800dabdf722d5e3f03f637c8932dea77d81118467d17ad2953e3b273ec66?s=96&d=mm&r=g\",\"caption\":\"Vincent Vandegans\"},\"description\":\"Vincent est passionn\u00e9 par les produits d'occasion, il a ouvert le site MDO avec Cyrielle pour aider les gens \u00e0 trouver du mobilier d'occasion, vintage ou usag\u00e9. Depuis, ils ont \u00e9tendu leurs activit\u00e9s et conseillent tout le monde sur le mobilier d'int\u00e9rieur et d'ext\u00e9rieur au quotidien \u00e0 travers le magazine MDO.\",\"url\":\"https:\\\/\\\/www.mobilier-design-occasion.fr\\\/magazine\\\/author\\\/vincent\\\/\"}]}<\/script>\n<!-- \/ Yoast SEO plugin. -->","yoast_head_json":{"title":"5 Raisons pour lesquelles le canap\u00e9 Bubble transformera votre salon - Mobilier Design Magazine","robots":{"index":"index","follow":"follow","max-snippet":"max-snippet:-1","max-image-preview":"max-image-preview:large","max-video-preview":"max-video-preview:-1"},"canonical":"https:\/\/www.mobilier-design-occasion.fr\/magazine\/5-raisons-pour-lesquelles-le-canape-bubble-transformera-votre-salon\/","og_locale":"fr_FR","og_type":"article","og_title":"5 Raisons pour lesquelles le canap\u00e9 Bubble transformera votre salon - Mobilier Design Magazine","og_description":"Un salon ne peut plus assurer pleinement sa fonction s\u2019il n\u2019est pas \u00e9quip\u00e9 d\u2019un canap\u00e9. Ce meuble est indispensable dans le s\u00e9jour, car non seulement il permet aux propri\u00e9taires ou aux invit\u00e9s de se pr\u00e9lasser, mais il est \u00e9galement un atout d\u00e9coratif majeur. Choisir ce mobilier n\u2019est pas une t\u00e2che facile du fait de ses [&hellip;]","og_url":"https:\/\/www.mobilier-design-occasion.fr\/magazine\/5-raisons-pour-lesquelles-le-canape-bubble-transformera-votre-salon\/","og_site_name":"Mobilier Design Magazine","article_publisher":"https:\/\/www.facebook.com\/mobilierdesignoccasion","article_published_time":"2024-03-14T03:18:04+00:00","og_image":[{"url":"https:\/\/contenu.nyc3.digitaloceanspaces.com\/journalist\/fe1f4c20-de8d-4c56-b055-16d549024404\/thumbnail.jpeg","type":"","width":"","height":""}],"author":"Vincent Vandegans","twitter_card":"summary_large_image","twitter_misc":{"\u00c9crit par":"Vincent Vandegans","Dur\u00e9e de lecture estim\u00e9e":"6 minutes"},"schema":{"@context":"https:\/\/schema.org","@graph":[{"@type":"Article","@id":"https:\/\/www.mobilier-design-occasion.fr\/magazine\/5-raisons-pour-lesquelles-le-canape-bubble-transformera-votre-salon\/#article","isPartOf":{"@id":"https:\/\/www.mobilier-design-occasion.fr\/magazine\/5-raisons-pour-lesquelles-le-canape-bubble-transformera-votre-salon\/"},"author":{"name":"Vincent Vandegans","@id":"https:\/\/www.mobilier-design-occasion.fr\/magazine\/#\/schema\/person\/af895bedc80bfb6b17730a672fddac9e"},"headline":"5 Raisons pour lesquelles le canap\u00e9 Bubble transformera votre salon","datePublished":"2024-03-14T03:18:04+00:00","mainEntityOfPage":{"@id":"https:\/\/www.mobilier-design-occasion.fr\/magazine\/5-raisons-pour-lesquelles-le-canape-bubble-transformera-votre-salon\/"},"wordCount":1295,"commentCount":0,"publisher":{"@id":"https:\/\/www.mobilier-design-occasion.fr\/magazine\/#organization"},"image":{"@id":"https:\/\/www.mobilier-design-occasion.fr\/magazine\/5-raisons-pour-lesquelles-le-canape-bubble-transformera-votre-salon\/#primaryimage"},"thumbnailUrl":"https:\/\/www.mobilier-design-occasion.fr\/magazine\/wp-content\/uploads\/2024\/03\/e78972b3thumbnail.jpeg","articleSection":["Salon"],"inLanguage":"fr-FR","potentialAction":[{"@type":"CommentAction","name":"Comment","target":["https:\/\/www.mobilier-design-occasion.fr\/magazine\/5-raisons-pour-lesquelles-le-canape-bubble-transformera-votre-salon\/#respond"]}]},{"@type":"WebPage","@id":"https:\/\/www.mobilier-design-occasion.fr\/magazine\/5-raisons-pour-lesquelles-le-canape-bubble-transformera-votre-salon\/","url":"https:\/\/www.mobilier-design-occasion.fr\/magazine\/5-raisons-pour-lesquelles-le-canape-bubble-transformera-votre-salon\/","name":"5 Raisons pour lesquelles le canap\u00e9 Bubble transformera votre salon - Mobilier Design Magazine","isPartOf":{"@id":"https:\/\/www.mobilier-design-occasion.fr\/magazine\/#website"},"primaryImageOfPage":{"@id":"https:\/\/www.mobilier-design-occasion.fr\/magazine\/5-raisons-pour-lesquelles-le-canape-bubble-transformera-votre-salon\/#primaryimage"},"image":{"@id":"https:\/\/www.mobilier-design-occasion.fr\/magazine\/5-raisons-pour-lesquelles-le-canape-bubble-transformera-votre-salon\/#primaryimage"},"thumbnailUrl":"https:\/\/www.mobilier-design-occasion.fr\/magazine\/wp-content\/uploads\/2024\/03\/e78972b3thumbnail.jpeg","datePublished":"2024-03-14T03:18:04+00:00","breadcrumb":{"@id":"https:\/\/www.mobilier-design-occasion.fr\/magazine\/5-raisons-pour-lesquelles-le-canape-bubble-transformera-votre-salon\/#breadcrumb"},"inLanguage":"fr-FR","potentialAction":[{"@type":"ReadAction","target":["https:\/\/www.mobilier-design-occasion.fr\/magazine\/5-raisons-pour-lesquelles-le-canape-bubble-transformera-votre-salon\/"]}]},{"@type":"ImageObject","inLanguage":"fr-FR","@id":"https:\/\/www.mobilier-design-occasion.fr\/magazine\/5-raisons-pour-lesquelles-le-canape-bubble-transformera-votre-salon\/#primaryimage","url":"https:\/\/www.mobilier-design-occasion.fr\/magazine\/wp-content\/uploads\/2024\/03\/e78972b3thumbnail.jpeg","contentUrl":"https:\/\/www.mobilier-design-occasion.fr\/magazine\/wp-content\/uploads\/2024\/03\/e78972b3thumbnail.jpeg","width":1200,"height":685},{"@type":"BreadcrumbList","@id":"https:\/\/www.mobilier-design-occasion.fr\/magazine\/5-raisons-pour-lesquelles-le-canape-bubble-transformera-votre-salon\/#breadcrumb","itemListElement":[{"@type":"ListItem","position":1,"name":"Accueil","item":"https:\/\/www.mobilier-design-occasion.fr\/magazine\/"},{"@type":"ListItem","position":2,"name":"5 Raisons pour lesquelles le canap\u00e9 Bubble transformera votre salon"}]},{"@type":"WebSite","@id":"https:\/\/www.mobilier-design-occasion.fr\/magazine\/#website","url":"https:\/\/www.mobilier-design-occasion.fr\/magazine\/","name":"Mobilier Design Magazine","description":"","publisher":{"@id":"https:\/\/www.mobilier-design-occasion.fr\/magazine\/#organization"},"potentialAction":[{"@type":"SearchAction","target":{"@type":"EntryPoint","urlTemplate":"https:\/\/www.mobilier-design-occasion.fr\/magazine\/?s={search_term_string}"},"query-input":{"@type":"PropertyValueSpecification","valueRequired":true,"valueName":"search_term_string"}}],"inLanguage":"fr-FR"},{"@type":"Organization","@id":"https:\/\/www.mobilier-design-occasion.fr\/magazine\/#organization","name":"Mobilier Design Magazine","url":"https:\/\/www.mobilier-design-occasion.fr\/magazine\/","logo":{"@type":"ImageObject","inLanguage":"fr-FR","@id":"https:\/\/www.mobilier-design-occasion.fr\/magazine\/#\/schema\/logo\/image\/","url":"https:\/\/www.mobilier-design-occasion.fr\/magazine\/wp-content\/uploads\/2024\/02\/android-chrome-192x192-1.png","contentUrl":"https:\/\/www.mobilier-design-occasion.fr\/magazine\/wp-content\/uploads\/2024\/02\/android-chrome-192x192-1.png","width":192,"height":192,"caption":"Mobilier Design Magazine"},"image":{"@id":"https:\/\/www.mobilier-design-occasion.fr\/magazine\/#\/schema\/logo\/image\/"},"sameAs":["https:\/\/www.facebook.com\/mobilierdesignoccasion"]},{"@type":"Person","@id":"https:\/\/www.mobilier-design-occasion.fr\/magazine\/#\/schema\/person\/af895bedc80bfb6b17730a672fddac9e","name":"Vincent Vandegans","image":{"@type":"ImageObject","inLanguage":"fr-FR","@id":"https:\/\/secure.gravatar.com\/avatar\/b984800dabdf722d5e3f03f637c8932dea77d81118467d17ad2953e3b273ec66?s=96&d=mm&r=g","url":"https:\/\/secure.gravatar.com\/avatar\/b984800dabdf722d5e3f03f637c8932dea77d81118467d17ad2953e3b273ec66?s=96&d=mm&r=g","contentUrl":"https:\/\/secure.gravatar.com\/avatar\/b984800dabdf722d5e3f03f637c8932dea77d81118467d17ad2953e3b273ec66?s=96&d=mm&r=g","caption":"Vincent Vandegans"},"description":"Vincent est passionn\u00e9 par les produits d'occasion, il a ouvert le site MDO avec Cyrielle pour aider les gens \u00e0 trouver du mobilier d'occasion, vintage ou usag\u00e9. Depuis, ils ont \u00e9tendu leurs activit\u00e9s et conseillent tout le monde sur le mobilier d'int\u00e9rieur et d'ext\u00e9rieur au quotidien \u00e0 travers le magazine MDO.","url":"https:\/\/www.mobilier-design-occasion.fr\/magazine\/author\/vincent\/"}]}},"_links":{"self":[{"href":"https:\/\/www.mobilier-design-occasion.fr\/magazine\/wp-json\/wp\/v2\/posts\/7663","targetHints":{"allow":["GET"]}}],"collection":[{"href":"https:\/\/www.mobilier-design-occasion.fr\/magazine\/wp-json\/wp\/v2\/posts"}],"about":[{"href":"https:\/\/www.mobilier-design-occasion.fr\/magazine\/wp-json\/wp\/v2\/types\/post"}],"author":[{"embeddable":true,"href":"https:\/\/www.mobilier-design-occasion.fr\/magazine\/wp-json\/wp\/v2\/users\/2"}],"replies":[{"embeddable":true,"href":"https:\/\/www.mobilier-design-occasion.fr\/magazine\/wp-json\/wp\/v2\/comments?post=7663"}],"version-history":[{"count":0,"href":"https:\/\/www.mobilier-design-occasion.fr\/magazine\/wp-json\/wp\/v2\/posts\/7663\/revisions"}],"wp:featuredmedia":[{"embeddable":true,"href":"https:\/\/www.mobilier-design-occasion.fr\/magazine\/wp-json\/wp\/v2\/media\/7662"}],"wp:attachment":[{"href":"https:\/\/www.mobilier-design-occasion.fr\/magazine\/wp-json\/wp\/v2\/media?parent=7663"}],"wp:term":[{"taxonomy":"category","embeddable":true,"href":"https:\/\/www.mobilier-design-occasion.fr\/magazine\/wp-json\/wp\/v2\/categories?post=7663"},{"taxonomy":"post_tag","embeddable":true,"href":"https:\/\/www.mobilier-design-occasion.fr\/magazine\/wp-json\/wp\/v2\/tags?post=7663"}],"curies":[{"name":"wp","href":"https:\/\/api.w.org\/{rel}","templated":true}]}}