{"id":7632,"date":"2024-03-11T08:29:08","date_gmt":"2024-03-11T08:29:08","guid":{"rendered":"https:\/\/www.mobilier-design-occasion.fr\/magazine\/5-raisons-pour-lesquelles-vous-devriez-adopter-une-enfilade-scandinave-dans-votre-decoration\/"},"modified":"2024-03-11T08:29:08","modified_gmt":"2024-03-11T08:29:08","slug":"5-raisons-pour-lesquelles-vous-devriez-adopter-une-enfilade-scandinave-dans-votre-decoration","status":"publish","type":"post","link":"https:\/\/www.mobilier-design-occasion.fr\/magazine\/5-raisons-pour-lesquelles-vous-devriez-adopter-une-enfilade-scandinave-dans-votre-decoration\/","title":{"rendered":"5 Raisons Pour Lesquelles Vous Devriez Adopter Une Enfilade Scandinave Dans Votre D\u00e9coration"},"content":{"rendered":"<p>L&#8217;adoption d&#8217;une enfilade scandinave dans votre d\u00e9coration int\u00e9rieure peut transformer radicalement l&#8217;ambiance de votre espace de vie. Ce meuble, caract\u00e9ris\u00e9 par son design minimaliste et sa fonctionnalit\u00e9, apporte une touche d&#8217;\u00e9l\u00e9gance et de praticit\u00e9 \u00e0 tout int\u00e9rieur. Voici cinq raisons convaincantes pour lesquelles vous devriez envisager d&#8217;int\u00e9grer une enfilade scandinave dans votre d\u00e9coration.<\/p>\n<h3><span class=\"ez-toc-section\" id=\"Points_Cles\"><\/span>Points Cl\u00e9s<span class=\"ez-toc-section-end\"><\/span><\/h3><div id=\"ez-toc-container\" class=\"ez-toc-v2_0_82_2 counter-hierarchy ez-toc-counter ez-toc-grey ez-toc-container-direction\">\n<div class=\"ez-toc-title-container\">\n<span class=\"ez-toc-title-toggle\"><a href=\"#\" class=\"ez-toc-pull-right ez-toc-btn ez-toc-btn-xs ez-toc-btn-default ez-toc-toggle\" aria-label=\"Toggle Table of Content\"><span class=\"ez-toc-js-icon-con\"><span class=\"\"><span class=\"eztoc-hide\" style=\"display:none;\">Toggle<\/span><span class=\"ez-toc-icon-toggle-span\"><svg style=\"fill: #999;color:#999\" xmlns=\"http:\/\/www.w3.org\/2000\/svg\" class=\"list-377408\" width=\"20px\" height=\"20px\" viewBox=\"0 0 24 24\" fill=\"none\"><path d=\"M6 6H4v2h2V6zm14 0H8v2h12V6zM4 11h2v2H4v-2zm16 0H8v2h12v-2zM4 16h2v2H4v-2zm16 0H8v2h12v-2z\" fill=\"currentColor\"><\/path><\/svg><svg style=\"fill: #999;color:#999\" class=\"arrow-unsorted-368013\" xmlns=\"http:\/\/www.w3.org\/2000\/svg\" width=\"10px\" height=\"10px\" viewBox=\"0 0 24 24\" version=\"1.2\" baseProfile=\"tiny\"><path d=\"M18.2 9.3l-6.2-6.3-6.2 6.3c-.2.2-.3.4-.3.7s.1.5.3.7c.2.2.4.3.7.3h11c.3 0 .5-.1.7-.3.2-.2.3-.5.3-.7s-.1-.5-.3-.7zM5.8 14.7l6.2 6.3 6.2-6.3c.2-.2.3-.5.3-.7s-.1-.5-.3-.7c-.2-.2-.4-.3-.7-.3h-11c-.3 0-.5.1-.7.3-.2.2-.3.5-.3.7s.1.5.3.7z\"\/><\/svg><\/span><\/span><\/span><\/a><\/span><\/div>\n<nav><ul class='ez-toc-list ez-toc-list-level-1 eztoc-toggle-hide-by-default' ><ul class='ez-toc-list-level-3' ><li class='ez-toc-heading-level-3'><a class=\"ez-toc-link ez-toc-heading-1\" href=\"https:\/\/www.mobilier-design-occasion.fr\/magazine\/5-raisons-pour-lesquelles-vous-devriez-adopter-une-enfilade-scandinave-dans-votre-decoration\/#Points_Cles\" >Points Cl\u00e9s<\/a><\/li><\/ul><\/li><li class='ez-toc-page-1 ez-toc-heading-level-2'><a class=\"ez-toc-link ez-toc-heading-2\" href=\"https:\/\/www.mobilier-design-occasion.fr\/magazine\/5-raisons-pour-lesquelles-vous-devriez-adopter-une-enfilade-scandinave-dans-votre-decoration\/#1_Elegance_intemporelle\" >1. \u00c9l\u00e9gance intemporelle<\/a><\/li><li class='ez-toc-page-1 ez-toc-heading-level-2'><a class=\"ez-toc-link ez-toc-heading-3\" href=\"https:\/\/www.mobilier-design-occasion.fr\/magazine\/5-raisons-pour-lesquelles-vous-devriez-adopter-une-enfilade-scandinave-dans-votre-decoration\/#2_Fonctionnalite_maximale\" >2. Fonctionnalit\u00e9 maximale<\/a><\/li><li class='ez-toc-page-1 ez-toc-heading-level-2'><a class=\"ez-toc-link ez-toc-heading-4\" href=\"https:\/\/www.mobilier-design-occasion.fr\/magazine\/5-raisons-pour-lesquelles-vous-devriez-adopter-une-enfilade-scandinave-dans-votre-decoration\/#3_Harmonie_avec_divers_styles_de_decoration\" >3. Harmonie avec divers styles de d\u00e9coration<\/a><\/li><li class='ez-toc-page-1 ez-toc-heading-level-2'><a class=\"ez-toc-link ez-toc-heading-5\" href=\"https:\/\/www.mobilier-design-occasion.fr\/magazine\/5-raisons-pour-lesquelles-vous-devriez-adopter-une-enfilade-scandinave-dans-votre-decoration\/#4_Durabilite_et_qualite\" >4. Durabilit\u00e9 et qualit\u00e9<\/a><\/li><li class='ez-toc-page-1 ez-toc-heading-level-2'><a class=\"ez-toc-link ez-toc-heading-6\" href=\"https:\/\/www.mobilier-design-occasion.fr\/magazine\/5-raisons-pour-lesquelles-vous-devriez-adopter-une-enfilade-scandinave-dans-votre-decoration\/#5_Investissement_a_long_terme\" >5. Investissement \u00e0 long terme<\/a><\/li><li class='ez-toc-page-1 ez-toc-heading-level-2'><a class=\"ez-toc-link ez-toc-heading-7\" href=\"https:\/\/www.mobilier-design-occasion.fr\/magazine\/5-raisons-pour-lesquelles-vous-devriez-adopter-une-enfilade-scandinave-dans-votre-decoration\/#Conclusion\" >Conclusion<\/a><\/li><li class='ez-toc-page-1 ez-toc-heading-level-2'><a class=\"ez-toc-link ez-toc-heading-8\" href=\"https:\/\/www.mobilier-design-occasion.fr\/magazine\/5-raisons-pour-lesquelles-vous-devriez-adopter-une-enfilade-scandinave-dans-votre-decoration\/#Foire_aux_questions\" >Foire aux questions<\/a><ul class='ez-toc-list-level-3' ><li class='ez-toc-heading-level-3'><a class=\"ez-toc-link ez-toc-heading-9\" href=\"https:\/\/www.mobilier-design-occasion.fr\/magazine\/5-raisons-pour-lesquelles-vous-devriez-adopter-une-enfilade-scandinave-dans-votre-decoration\/#Quest-ce_quune_enfilade_scandinave\" >Qu&#8217;est-ce qu&#8217;une enfilade scandinave ?<\/a><\/li><li class='ez-toc-page-1 ez-toc-heading-level-3'><a class=\"ez-toc-link ez-toc-heading-10\" href=\"https:\/\/www.mobilier-design-occasion.fr\/magazine\/5-raisons-pour-lesquelles-vous-devriez-adopter-une-enfilade-scandinave-dans-votre-decoration\/#Pourquoi_lelegance_intemporelle_est-elle_importante_dans_la_decoration\" >Pourquoi l&#8217;\u00e9l\u00e9gance intemporelle est-elle importante dans la d\u00e9coration ?<\/a><\/li><li class='ez-toc-page-1 ez-toc-heading-level-3'><a class=\"ez-toc-link ez-toc-heading-11\" href=\"https:\/\/www.mobilier-design-occasion.fr\/magazine\/5-raisons-pour-lesquelles-vous-devriez-adopter-une-enfilade-scandinave-dans-votre-decoration\/#Comment_une_enfilade_scandinave_peut-elle_offrir_une_fonctionnalite_maximale\" >Comment une enfilade scandinave peut-elle offrir une fonctionnalit\u00e9 maximale ?<\/a><\/li><li class='ez-toc-page-1 ez-toc-heading-level-3'><a class=\"ez-toc-link ez-toc-heading-12\" href=\"https:\/\/www.mobilier-design-occasion.fr\/magazine\/5-raisons-pour-lesquelles-vous-devriez-adopter-une-enfilade-scandinave-dans-votre-decoration\/#En_quoi_une_enfilade_scandinave_peut-elle_sharmoniser_avec_divers_styles_de_decoration\" >En quoi une enfilade scandinave peut-elle s&#8217;harmoniser avec divers styles de d\u00e9coration ?<\/a><\/li><li class='ez-toc-page-1 ez-toc-heading-level-3'><a class=\"ez-toc-link ez-toc-heading-13\" href=\"https:\/\/www.mobilier-design-occasion.fr\/magazine\/5-raisons-pour-lesquelles-vous-devriez-adopter-une-enfilade-scandinave-dans-votre-decoration\/#Pourquoi_la_durabilite_et_la_qualite_sont-elles_cruciales_pour_les_meubles\" >Pourquoi la durabilit\u00e9 et la qualit\u00e9 sont-elles cruciales pour les meubles ?<\/a><\/li><li class='ez-toc-page-1 ez-toc-heading-level-3'><a class=\"ez-toc-link ez-toc-heading-14\" href=\"https:\/\/www.mobilier-design-occasion.fr\/magazine\/5-raisons-pour-lesquelles-vous-devriez-adopter-une-enfilade-scandinave-dans-votre-decoration\/#En_quoi_consiste_linvestissement_a_long_terme_avec_une_enfilade_scandinave\" >En quoi consiste l&#8217;investissement \u00e0 long terme avec une enfilade scandinave ?<\/a><\/li><\/ul><\/li><\/ul><\/nav><\/div>\n\n<ul>\n<li>L&#8217;\u00e9l\u00e9gance intemporelle de l&#8217;enfilade scandinave compl\u00e9mente toute d\u00e9coration.<\/li>\n<li>Sa conception vise une fonctionnalit\u00e9 maximale, offrant un espace de rangement optimal.<\/li>\n<li>Elle s&#8217;harmonise parfaitement avec divers styles de d\u00e9coration, du moderne au traditionnel.<\/li>\n<li>Sa durabilit\u00e9 et sa qualit\u00e9 garantissent une longue dur\u00e9e de vie du meuble.<\/li>\n<li>C&#8217;est un investissement \u00e0 long terme qui valorise votre int\u00e9rieur.<\/li>\n<\/ul>\n<h2><span class=\"ez-toc-section\" id=\"1_Elegance_intemporelle\"><\/span>1. \u00c9l\u00e9gance intemporelle<span class=\"ez-toc-section-end\"><\/span><\/h2>\n<p><img decoding=\"async\" style=\"max-width: 100%; max-height: 200px;\" src=\"https:\/\/contenu.nyc3.digitaloceanspaces.com\/journalist\/f040dfac-b334-43fe-8e97-aeb645614ffb\/thumbnail.jpeg\" alt=\"1. \u00c9l\u00e9gance intemporelle\" ><\/p>\n<p>L&#8217;enfilade scandinave, avec ses lignes \u00e9pur\u00e9es et son esth\u00e9tique minimaliste, apporte une <strong>\u00e9l\u00e9gance intemporelle<\/strong> \u00e0 tout espace de vie. Ce meuble, caract\u00e9ris\u00e9 par son design simple mais sophistiqu\u00e9, s&#8217;int\u00e8gre parfaitement dans divers environnements, qu&#8217;ils soient modernes ou plus traditionnels.<\/p>\n<blockquote><p>\nAdoptez la d\u00e9coration scandinave avec simplicit\u00e9 en privil\u00e9giant le bois, les couleurs pastel, et un \u00e9clairage vari\u00e9. Cr\u00e9ez une ambiance \u00e9l\u00e9gante et fonctionnelle dans toutes les pi\u00e8ces de votre int\u00e9rieur.\n<\/p><\/blockquote>\n<p>Voici quelques \u00e9l\u00e9ments cl\u00e9s qui d\u00e9finissent l&#8217;\u00e9l\u00e9gance de l&#8217;enfilade scandinave :<\/p>\n<ul>\n<li><strong>Simplicit\u00e9 des formes<\/strong> : Des lignes claires et sans fioritures.<\/li>\n<li>Mat\u00e9riaux naturels : Principalement le bois, apportant chaleur et naturel \u00e0 l&#8217;espace.<\/li>\n<li>Palette de couleurs douces : Des teintes pastel et neutres qui apaisent l&#8217;esprit.<\/li>\n<\/ul>\n<h2><span class=\"ez-toc-section\" id=\"2_Fonctionnalite_maximale\"><\/span>2. Fonctionnalit\u00e9 maximale<span class=\"ez-toc-section-end\"><\/span><\/h2>\n<p><img decoding=\"async\" style=\"max-width: 100%; max-height: 200px;\" src=\"https:\/\/contenu.nyc3.digitaloceanspaces.com\/journalist\/00b8bb53-7352-4452-91ac-e42069abdc2c\/thumbnail.jpeg\" alt=\"2. Fonctionnalit\u00e9 maximale\" ><\/p>\n<p>L&#8217;enfilade scandinave n&#8217;est pas seulement un meuble esth\u00e9tique, elle est <strong><a href=\"https:\/\/www.galeriesdestendancesavignon.fr\/quelles-sont-les-tendances-actuelles-en-matiere-de-tables-basses\/\">con\u00e7ue pour maximiser<\/a> l&#8217;espace de rangement<\/strong> tout en conservant une allure \u00e9l\u00e9gante. Avec ses multiples compartiments et tiroirs, elle permet de garder votre espace de vie organis\u00e9 et sans encombrement.<\/p>\n<ul>\n<li><strong>Polyvalence<\/strong>: S&#8217;adapte \u00e0 diff\u00e9rents usages, de la vaisselle aux documents.<\/li>\n<li><strong>Accessibilit\u00e9<\/strong>: Les compartiments sont con\u00e7us pour un acc\u00e8s facile.<\/li>\n<li><strong>Esth\u00e9tique<\/strong>: Conserve une allure \u00e9l\u00e9gante tout en \u00e9tant fonctionnelle.<\/li>\n<\/ul>\n<blockquote><p>\nL&#8217;enfilade scandinave est l&#8217;exemple parfait de la mani\u00e8re dont le design peut rencontrer la fonctionnalit\u00e9 sans compromis. Elle offre une solution de rangement qui ne sacrifie pas l&#8217;esth\u00e9tique pour la praticit\u00e9.\n<\/p><\/blockquote>\n<h2><span class=\"ez-toc-section\" id=\"3_Harmonie_avec_divers_styles_de_decoration\"><\/span>3. Harmonie avec divers styles de d\u00e9coration<span class=\"ez-toc-section-end\"><\/span><\/h2>\n<p>L&#8217;une des plus grandes forces de l&#8217;enfilade scandinave r\u00e9side dans sa capacit\u00e9 \u00e0 s&#8217;int\u00e9grer harmonieusement \u00e0 une multitude de styles de d\u00e9coration. Que vous soyez fan du minimalisme moderne, du charme rustique ou m\u00eame de l&#8217;exub\u00e9rance du style boh\u00e8me, une enfilade scandinave saura trouver sa place et apporter une touche de <a href=\"https:\/\/www.mobilier-design-occasion.fr\/magazine\/pourquoi-et-comment-adopter-le-style-scandinave-dans-sa-decoration\/\">fra\u00eecheur et d&#8217;\u00e9l\u00e9gance<\/a>.<\/p>\n<blockquote><p>\nL&#8217;enfilade scandinave, avec ses lignes \u00e9pur\u00e9es et ses couleurs neutres, est le cam\u00e9l\u00e9on de votre int\u00e9rieur.\n<\/p><\/blockquote>\n<p>Voici quelques styles avec lesquels l&#8217;enfilade scandinave s&#8217;harmonise parfaitement :<\/p>\n<ul>\n<li>Minimalisme moderne<\/li>\n<li>Charme rustique<\/li>\n<li>Exub\u00e9rance boh\u00e8me<\/li>\n<li>\u00c9l\u00e9gance classique<\/li>\n<li>Tendance industrielle<\/li>\n<\/ul>\n<h2><span class=\"ez-toc-section\" id=\"4_Durabilite_et_qualite\"><\/span>4. Durabilit\u00e9 et qualit\u00e9<span class=\"ez-toc-section-end\"><\/span><\/h2>\n<p><img decoding=\"async\" style=\"max-width: 100%; max-height: 200px;\" src=\"https:\/\/contenu.nyc3.digitaloceanspaces.com\/journalist\/2396809c-a49f-4340-be10-09868aa7aab2\/thumbnail.jpeg\" alt=\"4. Durabilit\u00e9 et qualit\u00e9\" ><\/p>\n<p>L&#8217;un des principaux atouts d&#8217;une enfilade scandinave r\u00e9side dans sa <strong>durabilit\u00e9 et sa qualit\u00e9<\/strong>. Con\u00e7ues pour r\u00e9sister \u00e0 l&#8217;\u00e9preuve du temps, ces pi\u00e8ces de mobilier sont fabriqu\u00e9es \u00e0 partir de mat\u00e9riaux de haute qualit\u00e9, garantissant ainsi leur long\u00e9vit\u00e9.<\/p>\n<blockquote><p>\nLes enfilades scandinaves sont souvent fabriqu\u00e9es en bois massif, un mat\u00e9riau reconnu pour sa robustesse et sa capacit\u00e9 \u00e0 bien vieillir.\n<\/p><\/blockquote>\n<p>Voici quelques mat\u00e9riaux couramment utilis\u00e9s dans la fabrication des enfilades scandinaves :<\/p>\n<ul>\n<li>Bois massif (ch\u00eane, h\u00eatre, pin&#8230;)<\/li>\n<li>M\u00e9tal (pour les poign\u00e9es et les pieds)<\/li>\n<li>Verre (pour les portes vitr\u00e9es)<\/li>\n<\/ul>\n<p>Ces mat\u00e9riaux, combin\u00e9s \u00e0 une conception soign\u00e9e, conf\u00e8rent aux enfilades scandinaves une esth\u00e9tique \u00e0 la fois moderne et intemporelle. En choisissant une enfilade de ce style, vous investissez dans un meuble qui non seulement embellira votre int\u00e9rieur mais sera \u00e9galement un compagnon fiable pour de nombreuses ann\u00e9es.<\/p>\n<div data-youtube-video><iframe loading=\"lazy\" width=\"480\" height=\"270\" src=\"https:\/\/www.youtube.com\/embed\/GbsO-ASM_TI\"><\/iframe><\/div>\n<h2><span class=\"ez-toc-section\" id=\"5_Investissement_a_long_terme\"><\/span>5. Investissement \u00e0 long terme<span class=\"ez-toc-section-end\"><\/span><\/h2>\n<p><img decoding=\"async\" style=\"max-width: 100%; max-height: 200px;\" src=\"https:\/\/contenu.nyc3.digitaloceanspaces.com\/journalist\/205356bb-f38e-434b-8553-819a52053cab\/thumbnail.jpeg\" alt=\"5. Investissement \u00e0 long terme\" ><\/p>\n<p>Opter pour une enfilade scandinave, c&#8217;est faire le choix d&#8217;un <a href=\"https:\/\/www.meuble-house.fr\/blog\/meuble-bois-massif-elegance-qualite\/\">investissement \u00e0 long terme<\/a>. Ces pi\u00e8ces de mobilier ne se d\u00e9modent pas et s&#8217;appr\u00e9cient avec le temps, tant sur le plan esth\u00e9tique que financier.<\/p>\n<blockquote><p>\nL&#8217;avantage majeur d&#8217;une enfilade scandinave r\u00e9side dans sa capacit\u00e9 \u00e0 traverser les ann\u00e9es sans perdre de sa valeur.\n<\/p><\/blockquote>\n<p>Voici quelques raisons pour lesquelles une enfilade scandinave repr\u00e9sente un excellent investissement :<\/p>\n<ul>\n<li><strong>Durabilit\u00e9<\/strong> : Fabriqu\u00e9es avec des mat\u00e9riaux de haute qualit\u00e9, elles r\u00e9sistent au temps.<\/li>\n<li><strong>Style intemporel<\/strong> : Leur design \u00e9pur\u00e9 s&#8217;harmonise avec de nombreux styles de d\u00e9coration.<\/li>\n<li><strong>Polyvalence<\/strong> : Elles peuvent servir de rangement, de buffet ou m\u00eame de support TV.<\/li>\n<\/ul>\n<p>En somme, l&#8217;achat d&#8217;une enfilade scandinave est une d\u00e9cision judicieuse qui s&#8217;inscrit dans une perspective de long\u00e9vit\u00e9 et de valorisation de votre int\u00e9rieur.<\/p>\n<h2><span class=\"ez-toc-section\" id=\"Conclusion\"><\/span>Conclusion<span class=\"ez-toc-section-end\"><\/span><\/h2>\n<p>En somme, adopter une enfilade scandinave dans votre d\u00e9coration n&#8217;est pas seulement une question de style. C&#8217;est aussi un choix pratique, durable et polyvalent qui peut transformer n&#8217;importe quel espace en un lieu accueillant et chaleureux. Que vous soyez un adepte du minimalisme ou que vous cherchiez simplement \u00e0 ajouter une touche d&#8217;\u00e9l\u00e9gance intemporelle \u00e0 votre int\u00e9rieur, une enfilade scandinave est une option \u00e0 consid\u00e9rer. Alors, pourquoi ne pas laisser entrer un peu de la magie nordique chez vous ? Apr\u00e8s tout, il s&#8217;agit d&#8217;une mani\u00e8re simple mais efficace de rafra\u00eechir votre espace de vie tout en restant fid\u00e8le \u00e0 une esth\u00e9tique \u00e0 la fois moderne et accueillante.<\/p>\n<h2><span class=\"ez-toc-section\" id=\"Foire_aux_questions\"><\/span>Foire aux questions<span class=\"ez-toc-section-end\"><\/span><\/h2>\n<h3><span class=\"ez-toc-section\" id=\"Quest-ce_quune_enfilade_scandinave\"><\/span>Qu&#8217;est-ce qu&#8217;une enfilade scandinave ?<span class=\"ez-toc-section-end\"><\/span><\/h3>\n<p>Une enfilade scandinave est un type de meuble bas et allong\u00e9, souvent utilis\u00e9 dans les salons ou les salles \u00e0 manger. Inspir\u00e9 par le design scandinave, il se caract\u00e9rise par sa simplicit\u00e9, son \u00e9l\u00e9gance et sa fonctionnalit\u00e9.<\/p>\n<h3><span class=\"ez-toc-section\" id=\"Pourquoi_lelegance_intemporelle_est-elle_importante_dans_la_decoration\"><\/span>Pourquoi l&#8217;\u00e9l\u00e9gance intemporelle est-elle importante dans la d\u00e9coration ?<span class=\"ez-toc-section-end\"><\/span><\/h3>\n<p>L&#8217;\u00e9l\u00e9gance intemporelle assure que votre d\u00e9coration reste \u00e0 la mode et attrayante au fil des ann\u00e9es. Elle vous permet d&#8217;\u00e9viter les tendances \u00e9ph\u00e9m\u00e8res et contribue \u00e0 cr\u00e9er un espace qui semble toujours frais et accueillant.<\/p>\n<h3><span class=\"ez-toc-section\" id=\"Comment_une_enfilade_scandinave_peut-elle_offrir_une_fonctionnalite_maximale\"><\/span>Comment une enfilade scandinave peut-elle offrir une fonctionnalit\u00e9 maximale ?<span class=\"ez-toc-section-end\"><\/span><\/h3>\n<p>Gr\u00e2ce \u00e0 son design \u00e9pur\u00e9 et ses multiples compartiments de rangement, une enfilade scandinave optimise l&#8217;espace disponible tout en offrant une solution de rangement \u00e9l\u00e9gante et pratique pour divers objets.<\/p>\n<h3><span class=\"ez-toc-section\" id=\"En_quoi_une_enfilade_scandinave_peut-elle_sharmoniser_avec_divers_styles_de_decoration\"><\/span>En quoi une enfilade scandinave peut-elle s&#8217;harmoniser avec divers styles de d\u00e9coration ?<span class=\"ez-toc-section-end\"><\/span><\/h3>\n<p>Le design minimaliste et les lignes \u00e9pur\u00e9es d&#8217;une enfilade scandinave lui permettent de s&#8217;int\u00e9grer facilement dans diff\u00e9rents environnements, qu&#8217;ils soient modernes, traditionnels ou \u00e9clectiques, enrichissant l&#8217;esth\u00e9tique globale de la pi\u00e8ce.<\/p>\n<h3><span class=\"ez-toc-section\" id=\"Pourquoi_la_durabilite_et_la_qualite_sont-elles_cruciales_pour_les_meubles\"><\/span>Pourquoi la durabilit\u00e9 et la qualit\u00e9 sont-elles cruciales pour les meubles ?<span class=\"ez-toc-section-end\"><\/span><\/h3>\n<p>Des meubles durables et de haute qualit\u00e9 r\u00e9sistent mieux au temps et \u00e0 l&#8217;usure, ce qui signifie moins de remplacements et de r\u00e9parations. Cela garantit \u00e9galement que vous profitez d&#8217;un produit beau et fonctionnel pendant de nombreuses ann\u00e9es.<\/p>\n<h3><span class=\"ez-toc-section\" id=\"En_quoi_consiste_linvestissement_a_long_terme_avec_une_enfilade_scandinave\"><\/span>En quoi consiste l&#8217;investissement \u00e0 long terme avec une enfilade scandinave ?<span class=\"ez-toc-section-end\"><\/span><\/h3>\n<p>Investir dans une enfilade scandinave de qualit\u00e9 signifie choisir un meuble qui non seulement conserve sa valeur esth\u00e9tique et fonctionnelle au fil du temps, mais peut aussi devenir un \u00e9l\u00e9ment h\u00e9rit\u00e9 pr\u00e9cieux pour les g\u00e9n\u00e9rations futures.<\/p>\n","protected":false},"excerpt":{"rendered":"<p>L&#8217;adoption d&#8217;une enfilade scandinave dans votre d\u00e9coration int\u00e9rieure peut transformer radicalement l&#8217;ambiance de votre espace de vie. Ce meuble, caract\u00e9ris\u00e9 par son design minimaliste et sa fonctionnalit\u00e9, apporte une touche d&#8217;\u00e9l\u00e9gance et de praticit\u00e9 \u00e0 tout int\u00e9rieur. Voici cinq raisons convaincantes pour lesquelles vous devriez envisager d&#8217;int\u00e9grer une enfilade scandinave dans votre d\u00e9coration. Points Cl\u00e9s [&hellip;]<\/p>\n","protected":false},"author":2,"featured_media":7631,"comment_status":"open","ping_status":"open","sticky":false,"template":"","format":"standard","meta":{"footnotes":""},"categories":[8,127,122,2],"tags":[],"class_list":["post-7632","post","type-post","status-publish","format-standard","has-post-thumbnail","hentry","category-avis","category-salle-a-manger","category-salon","category-tendances"],"yoast_head":"<!-- This site is optimized with the Yoast SEO plugin v27.5 - https:\/\/yoast.com\/product\/yoast-seo-wordpress\/ -->\n<title>5 Raisons Pour Lesquelles Vous Devriez Adopter Une Enfilade Scandinave Dans Votre D\u00e9coration - Mobilier Design Magazine<\/title>\n<meta name=\"robots\" content=\"index, follow, max-snippet:-1, max-image-preview:large, max-video-preview:-1\" \/>\n<link rel=\"canonical\" href=\"https:\/\/www.mobilier-design-occasion.fr\/magazine\/5-raisons-pour-lesquelles-vous-devriez-adopter-une-enfilade-scandinave-dans-votre-decoration\/\" \/>\n<meta property=\"og:locale\" content=\"fr_FR\" \/>\n<meta property=\"og:type\" content=\"article\" \/>\n<meta property=\"og:title\" content=\"5 Raisons Pour Lesquelles Vous Devriez Adopter Une Enfilade Scandinave Dans Votre D\u00e9coration - Mobilier Design Magazine\" \/>\n<meta property=\"og:description\" content=\"L&#8217;adoption d&#8217;une enfilade scandinave dans votre d\u00e9coration int\u00e9rieure peut transformer radicalement l&#8217;ambiance de votre espace de vie. Ce meuble, caract\u00e9ris\u00e9 par son design minimaliste et sa fonctionnalit\u00e9, apporte une touche d&#8217;\u00e9l\u00e9gance et de praticit\u00e9 \u00e0 tout int\u00e9rieur. Voici cinq raisons convaincantes pour lesquelles vous devriez envisager d&#8217;int\u00e9grer une enfilade scandinave dans votre d\u00e9coration. Points Cl\u00e9s [&hellip;]\" \/>\n<meta property=\"og:url\" content=\"https:\/\/www.mobilier-design-occasion.fr\/magazine\/5-raisons-pour-lesquelles-vous-devriez-adopter-une-enfilade-scandinave-dans-votre-decoration\/\" \/>\n<meta property=\"og:site_name\" content=\"Mobilier Design Magazine\" \/>\n<meta property=\"article:publisher\" content=\"https:\/\/www.facebook.com\/mobilierdesignoccasion\" \/>\n<meta property=\"article:published_time\" content=\"2024-03-11T08:29:08+00:00\" \/>\n<meta property=\"og:image\" content=\"https:\/\/contenu.nyc3.digitaloceanspaces.com\/journalist\/f040dfac-b334-43fe-8e97-aeb645614ffb\/thumbnail.jpeg\" \/>\n<meta name=\"author\" content=\"Vincent Vandegans\" \/>\n<meta name=\"twitter:card\" content=\"summary_large_image\" \/>\n<meta name=\"twitter:label1\" content=\"\u00c9crit par\" \/>\n\t<meta name=\"twitter:data1\" content=\"Vincent Vandegans\" \/>\n\t<meta name=\"twitter:label2\" content=\"Dur\u00e9e de lecture estim\u00e9e\" \/>\n\t<meta name=\"twitter:data2\" content=\"6 minutes\" \/>\n<script type=\"application\/ld+json\" class=\"yoast-schema-graph\">{\"@context\":\"https:\\\/\\\/schema.org\",\"@graph\":[{\"@type\":\"Article\",\"@id\":\"https:\\\/\\\/www.mobilier-design-occasion.fr\\\/magazine\\\/5-raisons-pour-lesquelles-vous-devriez-adopter-une-enfilade-scandinave-dans-votre-decoration\\\/#article\",\"isPartOf\":{\"@id\":\"https:\\\/\\\/www.mobilier-design-occasion.fr\\\/magazine\\\/5-raisons-pour-lesquelles-vous-devriez-adopter-une-enfilade-scandinave-dans-votre-decoration\\\/\"},\"author\":{\"name\":\"Vincent Vandegans\",\"@id\":\"https:\\\/\\\/www.mobilier-design-occasion.fr\\\/magazine\\\/#\\\/schema\\\/person\\\/af895bedc80bfb6b17730a672fddac9e\"},\"headline\":\"5 Raisons Pour Lesquelles Vous Devriez Adopter Une Enfilade Scandinave Dans Votre D\u00e9coration\",\"datePublished\":\"2024-03-11T08:29:08+00:00\",\"mainEntityOfPage\":{\"@id\":\"https:\\\/\\\/www.mobilier-design-occasion.fr\\\/magazine\\\/5-raisons-pour-lesquelles-vous-devriez-adopter-une-enfilade-scandinave-dans-votre-decoration\\\/\"},\"wordCount\":1237,\"commentCount\":0,\"publisher\":{\"@id\":\"https:\\\/\\\/www.mobilier-design-occasion.fr\\\/magazine\\\/#organization\"},\"image\":{\"@id\":\"https:\\\/\\\/www.mobilier-design-occasion.fr\\\/magazine\\\/5-raisons-pour-lesquelles-vous-devriez-adopter-une-enfilade-scandinave-dans-votre-decoration\\\/#primaryimage\"},\"thumbnailUrl\":\"https:\\\/\\\/www.mobilier-design-occasion.fr\\\/magazine\\\/wp-content\\\/uploads\\\/2024\\\/03\\\/e45f8ef9thumbnail.jpeg\",\"articleSection\":[\"Avis marques d\u00e9co\",\"Salle \u00e0 manger\",\"Salon\",\"Tendances\"],\"inLanguage\":\"fr-FR\",\"potentialAction\":[{\"@type\":\"CommentAction\",\"name\":\"Comment\",\"target\":[\"https:\\\/\\\/www.mobilier-design-occasion.fr\\\/magazine\\\/5-raisons-pour-lesquelles-vous-devriez-adopter-une-enfilade-scandinave-dans-votre-decoration\\\/#respond\"]}]},{\"@type\":\"WebPage\",\"@id\":\"https:\\\/\\\/www.mobilier-design-occasion.fr\\\/magazine\\\/5-raisons-pour-lesquelles-vous-devriez-adopter-une-enfilade-scandinave-dans-votre-decoration\\\/\",\"url\":\"https:\\\/\\\/www.mobilier-design-occasion.fr\\\/magazine\\\/5-raisons-pour-lesquelles-vous-devriez-adopter-une-enfilade-scandinave-dans-votre-decoration\\\/\",\"name\":\"5 Raisons Pour Lesquelles Vous Devriez Adopter Une Enfilade Scandinave Dans Votre D\u00e9coration - Mobilier Design Magazine\",\"isPartOf\":{\"@id\":\"https:\\\/\\\/www.mobilier-design-occasion.fr\\\/magazine\\\/#website\"},\"primaryImageOfPage\":{\"@id\":\"https:\\\/\\\/www.mobilier-design-occasion.fr\\\/magazine\\\/5-raisons-pour-lesquelles-vous-devriez-adopter-une-enfilade-scandinave-dans-votre-decoration\\\/#primaryimage\"},\"image\":{\"@id\":\"https:\\\/\\\/www.mobilier-design-occasion.fr\\\/magazine\\\/5-raisons-pour-lesquelles-vous-devriez-adopter-une-enfilade-scandinave-dans-votre-decoration\\\/#primaryimage\"},\"thumbnailUrl\":\"https:\\\/\\\/www.mobilier-design-occasion.fr\\\/magazine\\\/wp-content\\\/uploads\\\/2024\\\/03\\\/e45f8ef9thumbnail.jpeg\",\"datePublished\":\"2024-03-11T08:29:08+00:00\",\"breadcrumb\":{\"@id\":\"https:\\\/\\\/www.mobilier-design-occasion.fr\\\/magazine\\\/5-raisons-pour-lesquelles-vous-devriez-adopter-une-enfilade-scandinave-dans-votre-decoration\\\/#breadcrumb\"},\"inLanguage\":\"fr-FR\",\"potentialAction\":[{\"@type\":\"ReadAction\",\"target\":[\"https:\\\/\\\/www.mobilier-design-occasion.fr\\\/magazine\\\/5-raisons-pour-lesquelles-vous-devriez-adopter-une-enfilade-scandinave-dans-votre-decoration\\\/\"]}]},{\"@type\":\"ImageObject\",\"inLanguage\":\"fr-FR\",\"@id\":\"https:\\\/\\\/www.mobilier-design-occasion.fr\\\/magazine\\\/5-raisons-pour-lesquelles-vous-devriez-adopter-une-enfilade-scandinave-dans-votre-decoration\\\/#primaryimage\",\"url\":\"https:\\\/\\\/www.mobilier-design-occasion.fr\\\/magazine\\\/wp-content\\\/uploads\\\/2024\\\/03\\\/e45f8ef9thumbnail.jpeg\",\"contentUrl\":\"https:\\\/\\\/www.mobilier-design-occasion.fr\\\/magazine\\\/wp-content\\\/uploads\\\/2024\\\/03\\\/e45f8ef9thumbnail.jpeg\",\"width\":1200,\"height\":1200},{\"@type\":\"BreadcrumbList\",\"@id\":\"https:\\\/\\\/www.mobilier-design-occasion.fr\\\/magazine\\\/5-raisons-pour-lesquelles-vous-devriez-adopter-une-enfilade-scandinave-dans-votre-decoration\\\/#breadcrumb\",\"itemListElement\":[{\"@type\":\"ListItem\",\"position\":1,\"name\":\"Accueil\",\"item\":\"https:\\\/\\\/www.mobilier-design-occasion.fr\\\/magazine\\\/\"},{\"@type\":\"ListItem\",\"position\":2,\"name\":\"5 Raisons Pour Lesquelles Vous Devriez Adopter Une Enfilade Scandinave Dans Votre D\u00e9coration\"}]},{\"@type\":\"WebSite\",\"@id\":\"https:\\\/\\\/www.mobilier-design-occasion.fr\\\/magazine\\\/#website\",\"url\":\"https:\\\/\\\/www.mobilier-design-occasion.fr\\\/magazine\\\/\",\"name\":\"Mobilier Design Magazine\",\"description\":\"\",\"publisher\":{\"@id\":\"https:\\\/\\\/www.mobilier-design-occasion.fr\\\/magazine\\\/#organization\"},\"potentialAction\":[{\"@type\":\"SearchAction\",\"target\":{\"@type\":\"EntryPoint\",\"urlTemplate\":\"https:\\\/\\\/www.mobilier-design-occasion.fr\\\/magazine\\\/?s={search_term_string}\"},\"query-input\":{\"@type\":\"PropertyValueSpecification\",\"valueRequired\":true,\"valueName\":\"search_term_string\"}}],\"inLanguage\":\"fr-FR\"},{\"@type\":\"Organization\",\"@id\":\"https:\\\/\\\/www.mobilier-design-occasion.fr\\\/magazine\\\/#organization\",\"name\":\"Mobilier Design Magazine\",\"url\":\"https:\\\/\\\/www.mobilier-design-occasion.fr\\\/magazine\\\/\",\"logo\":{\"@type\":\"ImageObject\",\"inLanguage\":\"fr-FR\",\"@id\":\"https:\\\/\\\/www.mobilier-design-occasion.fr\\\/magazine\\\/#\\\/schema\\\/logo\\\/image\\\/\",\"url\":\"https:\\\/\\\/www.mobilier-design-occasion.fr\\\/magazine\\\/wp-content\\\/uploads\\\/2024\\\/02\\\/android-chrome-192x192-1.png\",\"contentUrl\":\"https:\\\/\\\/www.mobilier-design-occasion.fr\\\/magazine\\\/wp-content\\\/uploads\\\/2024\\\/02\\\/android-chrome-192x192-1.png\",\"width\":192,\"height\":192,\"caption\":\"Mobilier Design Magazine\"},\"image\":{\"@id\":\"https:\\\/\\\/www.mobilier-design-occasion.fr\\\/magazine\\\/#\\\/schema\\\/logo\\\/image\\\/\"},\"sameAs\":[\"https:\\\/\\\/www.facebook.com\\\/mobilierdesignoccasion\"]},{\"@type\":\"Person\",\"@id\":\"https:\\\/\\\/www.mobilier-design-occasion.fr\\\/magazine\\\/#\\\/schema\\\/person\\\/af895bedc80bfb6b17730a672fddac9e\",\"name\":\"Vincent Vandegans\",\"image\":{\"@type\":\"ImageObject\",\"inLanguage\":\"fr-FR\",\"@id\":\"https:\\\/\\\/secure.gravatar.com\\\/avatar\\\/b984800dabdf722d5e3f03f637c8932dea77d81118467d17ad2953e3b273ec66?s=96&d=mm&r=g\",\"url\":\"https:\\\/\\\/secure.gravatar.com\\\/avatar\\\/b984800dabdf722d5e3f03f637c8932dea77d81118467d17ad2953e3b273ec66?s=96&d=mm&r=g\",\"contentUrl\":\"https:\\\/\\\/secure.gravatar.com\\\/avatar\\\/b984800dabdf722d5e3f03f637c8932dea77d81118467d17ad2953e3b273ec66?s=96&d=mm&r=g\",\"caption\":\"Vincent Vandegans\"},\"description\":\"Vincent est passionn\u00e9 par les produits d'occasion, il a ouvert le site MDO avec Cyrielle pour aider les gens \u00e0 trouver du mobilier d'occasion, vintage ou usag\u00e9. Depuis, ils ont \u00e9tendu leurs activit\u00e9s et conseillent tout le monde sur le mobilier d'int\u00e9rieur et d'ext\u00e9rieur au quotidien \u00e0 travers le magazine MDO.\",\"url\":\"https:\\\/\\\/www.mobilier-design-occasion.fr\\\/magazine\\\/author\\\/vincent\\\/\"}]}<\/script>\n<!-- \/ Yoast SEO plugin. -->","yoast_head_json":{"title":"5 Raisons Pour Lesquelles Vous Devriez Adopter Une Enfilade Scandinave Dans Votre D\u00e9coration - Mobilier Design Magazine","robots":{"index":"index","follow":"follow","max-snippet":"max-snippet:-1","max-image-preview":"max-image-preview:large","max-video-preview":"max-video-preview:-1"},"canonical":"https:\/\/www.mobilier-design-occasion.fr\/magazine\/5-raisons-pour-lesquelles-vous-devriez-adopter-une-enfilade-scandinave-dans-votre-decoration\/","og_locale":"fr_FR","og_type":"article","og_title":"5 Raisons Pour Lesquelles Vous Devriez Adopter Une Enfilade Scandinave Dans Votre D\u00e9coration - Mobilier Design Magazine","og_description":"L&#8217;adoption d&#8217;une enfilade scandinave dans votre d\u00e9coration int\u00e9rieure peut transformer radicalement l&#8217;ambiance de votre espace de vie. Ce meuble, caract\u00e9ris\u00e9 par son design minimaliste et sa fonctionnalit\u00e9, apporte une touche d&#8217;\u00e9l\u00e9gance et de praticit\u00e9 \u00e0 tout int\u00e9rieur. Voici cinq raisons convaincantes pour lesquelles vous devriez envisager d&#8217;int\u00e9grer une enfilade scandinave dans votre d\u00e9coration. Points Cl\u00e9s [&hellip;]","og_url":"https:\/\/www.mobilier-design-occasion.fr\/magazine\/5-raisons-pour-lesquelles-vous-devriez-adopter-une-enfilade-scandinave-dans-votre-decoration\/","og_site_name":"Mobilier Design Magazine","article_publisher":"https:\/\/www.facebook.com\/mobilierdesignoccasion","article_published_time":"2024-03-11T08:29:08+00:00","og_image":[{"url":"https:\/\/contenu.nyc3.digitaloceanspaces.com\/journalist\/f040dfac-b334-43fe-8e97-aeb645614ffb\/thumbnail.jpeg","type":"","width":"","height":""}],"author":"Vincent Vandegans","twitter_card":"summary_large_image","twitter_misc":{"\u00c9crit par":"Vincent Vandegans","Dur\u00e9e de lecture estim\u00e9e":"6 minutes"},"schema":{"@context":"https:\/\/schema.org","@graph":[{"@type":"Article","@id":"https:\/\/www.mobilier-design-occasion.fr\/magazine\/5-raisons-pour-lesquelles-vous-devriez-adopter-une-enfilade-scandinave-dans-votre-decoration\/#article","isPartOf":{"@id":"https:\/\/www.mobilier-design-occasion.fr\/magazine\/5-raisons-pour-lesquelles-vous-devriez-adopter-une-enfilade-scandinave-dans-votre-decoration\/"},"author":{"name":"Vincent Vandegans","@id":"https:\/\/www.mobilier-design-occasion.fr\/magazine\/#\/schema\/person\/af895bedc80bfb6b17730a672fddac9e"},"headline":"5 Raisons Pour Lesquelles Vous Devriez Adopter Une Enfilade Scandinave Dans Votre D\u00e9coration","datePublished":"2024-03-11T08:29:08+00:00","mainEntityOfPage":{"@id":"https:\/\/www.mobilier-design-occasion.fr\/magazine\/5-raisons-pour-lesquelles-vous-devriez-adopter-une-enfilade-scandinave-dans-votre-decoration\/"},"wordCount":1237,"commentCount":0,"publisher":{"@id":"https:\/\/www.mobilier-design-occasion.fr\/magazine\/#organization"},"image":{"@id":"https:\/\/www.mobilier-design-occasion.fr\/magazine\/5-raisons-pour-lesquelles-vous-devriez-adopter-une-enfilade-scandinave-dans-votre-decoration\/#primaryimage"},"thumbnailUrl":"https:\/\/www.mobilier-design-occasion.fr\/magazine\/wp-content\/uploads\/2024\/03\/e45f8ef9thumbnail.jpeg","articleSection":["Avis marques d\u00e9co","Salle \u00e0 manger","Salon","Tendances"],"inLanguage":"fr-FR","potentialAction":[{"@type":"CommentAction","name":"Comment","target":["https:\/\/www.mobilier-design-occasion.fr\/magazine\/5-raisons-pour-lesquelles-vous-devriez-adopter-une-enfilade-scandinave-dans-votre-decoration\/#respond"]}]},{"@type":"WebPage","@id":"https:\/\/www.mobilier-design-occasion.fr\/magazine\/5-raisons-pour-lesquelles-vous-devriez-adopter-une-enfilade-scandinave-dans-votre-decoration\/","url":"https:\/\/www.mobilier-design-occasion.fr\/magazine\/5-raisons-pour-lesquelles-vous-devriez-adopter-une-enfilade-scandinave-dans-votre-decoration\/","name":"5 Raisons Pour Lesquelles Vous Devriez Adopter Une Enfilade Scandinave Dans Votre D\u00e9coration - Mobilier Design Magazine","isPartOf":{"@id":"https:\/\/www.mobilier-design-occasion.fr\/magazine\/#website"},"primaryImageOfPage":{"@id":"https:\/\/www.mobilier-design-occasion.fr\/magazine\/5-raisons-pour-lesquelles-vous-devriez-adopter-une-enfilade-scandinave-dans-votre-decoration\/#primaryimage"},"image":{"@id":"https:\/\/www.mobilier-design-occasion.fr\/magazine\/5-raisons-pour-lesquelles-vous-devriez-adopter-une-enfilade-scandinave-dans-votre-decoration\/#primaryimage"},"thumbnailUrl":"https:\/\/www.mobilier-design-occasion.fr\/magazine\/wp-content\/uploads\/2024\/03\/e45f8ef9thumbnail.jpeg","datePublished":"2024-03-11T08:29:08+00:00","breadcrumb":{"@id":"https:\/\/www.mobilier-design-occasion.fr\/magazine\/5-raisons-pour-lesquelles-vous-devriez-adopter-une-enfilade-scandinave-dans-votre-decoration\/#breadcrumb"},"inLanguage":"fr-FR","potentialAction":[{"@type":"ReadAction","target":["https:\/\/www.mobilier-design-occasion.fr\/magazine\/5-raisons-pour-lesquelles-vous-devriez-adopter-une-enfilade-scandinave-dans-votre-decoration\/"]}]},{"@type":"ImageObject","inLanguage":"fr-FR","@id":"https:\/\/www.mobilier-design-occasion.fr\/magazine\/5-raisons-pour-lesquelles-vous-devriez-adopter-une-enfilade-scandinave-dans-votre-decoration\/#primaryimage","url":"https:\/\/www.mobilier-design-occasion.fr\/magazine\/wp-content\/uploads\/2024\/03\/e45f8ef9thumbnail.jpeg","contentUrl":"https:\/\/www.mobilier-design-occasion.fr\/magazine\/wp-content\/uploads\/2024\/03\/e45f8ef9thumbnail.jpeg","width":1200,"height":1200},{"@type":"BreadcrumbList","@id":"https:\/\/www.mobilier-design-occasion.fr\/magazine\/5-raisons-pour-lesquelles-vous-devriez-adopter-une-enfilade-scandinave-dans-votre-decoration\/#breadcrumb","itemListElement":[{"@type":"ListItem","position":1,"name":"Accueil","item":"https:\/\/www.mobilier-design-occasion.fr\/magazine\/"},{"@type":"ListItem","position":2,"name":"5 Raisons Pour Lesquelles Vous Devriez Adopter Une Enfilade Scandinave Dans Votre D\u00e9coration"}]},{"@type":"WebSite","@id":"https:\/\/www.mobilier-design-occasion.fr\/magazine\/#website","url":"https:\/\/www.mobilier-design-occasion.fr\/magazine\/","name":"Mobilier Design Magazine","description":"","publisher":{"@id":"https:\/\/www.mobilier-design-occasion.fr\/magazine\/#organization"},"potentialAction":[{"@type":"SearchAction","target":{"@type":"EntryPoint","urlTemplate":"https:\/\/www.mobilier-design-occasion.fr\/magazine\/?s={search_term_string}"},"query-input":{"@type":"PropertyValueSpecification","valueRequired":true,"valueName":"search_term_string"}}],"inLanguage":"fr-FR"},{"@type":"Organization","@id":"https:\/\/www.mobilier-design-occasion.fr\/magazine\/#organization","name":"Mobilier Design Magazine","url":"https:\/\/www.mobilier-design-occasion.fr\/magazine\/","logo":{"@type":"ImageObject","inLanguage":"fr-FR","@id":"https:\/\/www.mobilier-design-occasion.fr\/magazine\/#\/schema\/logo\/image\/","url":"https:\/\/www.mobilier-design-occasion.fr\/magazine\/wp-content\/uploads\/2024\/02\/android-chrome-192x192-1.png","contentUrl":"https:\/\/www.mobilier-design-occasion.fr\/magazine\/wp-content\/uploads\/2024\/02\/android-chrome-192x192-1.png","width":192,"height":192,"caption":"Mobilier Design Magazine"},"image":{"@id":"https:\/\/www.mobilier-design-occasion.fr\/magazine\/#\/schema\/logo\/image\/"},"sameAs":["https:\/\/www.facebook.com\/mobilierdesignoccasion"]},{"@type":"Person","@id":"https:\/\/www.mobilier-design-occasion.fr\/magazine\/#\/schema\/person\/af895bedc80bfb6b17730a672fddac9e","name":"Vincent Vandegans","image":{"@type":"ImageObject","inLanguage":"fr-FR","@id":"https:\/\/secure.gravatar.com\/avatar\/b984800dabdf722d5e3f03f637c8932dea77d81118467d17ad2953e3b273ec66?s=96&d=mm&r=g","url":"https:\/\/secure.gravatar.com\/avatar\/b984800dabdf722d5e3f03f637c8932dea77d81118467d17ad2953e3b273ec66?s=96&d=mm&r=g","contentUrl":"https:\/\/secure.gravatar.com\/avatar\/b984800dabdf722d5e3f03f637c8932dea77d81118467d17ad2953e3b273ec66?s=96&d=mm&r=g","caption":"Vincent Vandegans"},"description":"Vincent est passionn\u00e9 par les produits d'occasion, il a ouvert le site MDO avec Cyrielle pour aider les gens \u00e0 trouver du mobilier d'occasion, vintage ou usag\u00e9. Depuis, ils ont \u00e9tendu leurs activit\u00e9s et conseillent tout le monde sur le mobilier d'int\u00e9rieur et d'ext\u00e9rieur au quotidien \u00e0 travers le magazine MDO.","url":"https:\/\/www.mobilier-design-occasion.fr\/magazine\/author\/vincent\/"}]}},"_links":{"self":[{"href":"https:\/\/www.mobilier-design-occasion.fr\/magazine\/wp-json\/wp\/v2\/posts\/7632","targetHints":{"allow":["GET"]}}],"collection":[{"href":"https:\/\/www.mobilier-design-occasion.fr\/magazine\/wp-json\/wp\/v2\/posts"}],"about":[{"href":"https:\/\/www.mobilier-design-occasion.fr\/magazine\/wp-json\/wp\/v2\/types\/post"}],"author":[{"embeddable":true,"href":"https:\/\/www.mobilier-design-occasion.fr\/magazine\/wp-json\/wp\/v2\/users\/2"}],"replies":[{"embeddable":true,"href":"https:\/\/www.mobilier-design-occasion.fr\/magazine\/wp-json\/wp\/v2\/comments?post=7632"}],"version-history":[{"count":0,"href":"https:\/\/www.mobilier-design-occasion.fr\/magazine\/wp-json\/wp\/v2\/posts\/7632\/revisions"}],"wp:featuredmedia":[{"embeddable":true,"href":"https:\/\/www.mobilier-design-occasion.fr\/magazine\/wp-json\/wp\/v2\/media\/7631"}],"wp:attachment":[{"href":"https:\/\/www.mobilier-design-occasion.fr\/magazine\/wp-json\/wp\/v2\/media?parent=7632"}],"wp:term":[{"taxonomy":"category","embeddable":true,"href":"https:\/\/www.mobilier-design-occasion.fr\/magazine\/wp-json\/wp\/v2\/categories?post=7632"},{"taxonomy":"post_tag","embeddable":true,"href":"https:\/\/www.mobilier-design-occasion.fr\/magazine\/wp-json\/wp\/v2\/tags?post=7632"}],"curies":[{"name":"wp","href":"https:\/\/api.w.org\/{rel}","templated":true}]}}