{"id":7620,"date":"2024-03-09T20:00:07","date_gmt":"2024-03-09T20:00:07","guid":{"rendered":"https:\/\/www.mobilier-design-occasion.fr\/magazine\/la-renaissance-de-larmoire-parisienne-dans-le-design-moderne\/"},"modified":"2024-03-09T20:00:07","modified_gmt":"2024-03-09T20:00:07","slug":"la-renaissance-de-larmoire-parisienne-dans-le-design-moderne","status":"publish","type":"post","link":"https:\/\/www.mobilier-design-occasion.fr\/magazine\/la-renaissance-de-larmoire-parisienne-dans-le-design-moderne\/","title":{"rendered":"La Renaissance de l&#8217;Armoire Parisienne dans le Design Moderne"},"content":{"rendered":"<p>L&#8217;engouement pour le design d&#8217;int\u00e9rieur a conduit \u00e0 la red\u00e9couverte et \u00e0 la r\u00e9\u00e9valuation des armoires parisiennes, des pi\u00e8ces de mobilier qui allient fonctionnalit\u00e9 et esth\u00e9tique raffin\u00e9e. Du style Art D\u00e9co aux tr\u00e9sors du XVII\u00e8me et XVIII\u00e8me si\u00e8cle, en passant par le charme du XIX\u00e8me si\u00e8cle jusqu&#8217;aux pi\u00e8ces uniques du XX\u00e8me si\u00e8cle, cet article explore la renaissance de l&#8217;armoire parisienne dans le design moderne.<\/p>\n<h3><span class=\"ez-toc-section\" id=\"Points_Cles\"><\/span>Points Cl\u00e9s<span class=\"ez-toc-section-end\"><\/span><\/h3><div id=\"ez-toc-container\" class=\"ez-toc-v2_0_82_2 counter-hierarchy ez-toc-counter ez-toc-grey ez-toc-container-direction\">\n<div class=\"ez-toc-title-container\">\n<span class=\"ez-toc-title-toggle\"><a href=\"#\" class=\"ez-toc-pull-right ez-toc-btn ez-toc-btn-xs ez-toc-btn-default ez-toc-toggle\" aria-label=\"Toggle Table of Content\"><span class=\"ez-toc-js-icon-con\"><span class=\"\"><span class=\"eztoc-hide\" style=\"display:none;\">Toggle<\/span><span class=\"ez-toc-icon-toggle-span\"><svg style=\"fill: #999;color:#999\" xmlns=\"http:\/\/www.w3.org\/2000\/svg\" class=\"list-377408\" width=\"20px\" height=\"20px\" viewBox=\"0 0 24 24\" fill=\"none\"><path d=\"M6 6H4v2h2V6zm14 0H8v2h12V6zM4 11h2v2H4v-2zm16 0H8v2h12v-2zM4 16h2v2H4v-2zm16 0H8v2h12v-2z\" fill=\"currentColor\"><\/path><\/svg><svg style=\"fill: #999;color:#999\" class=\"arrow-unsorted-368013\" xmlns=\"http:\/\/www.w3.org\/2000\/svg\" width=\"10px\" height=\"10px\" viewBox=\"0 0 24 24\" version=\"1.2\" baseProfile=\"tiny\"><path d=\"M18.2 9.3l-6.2-6.3-6.2 6.3c-.2.2-.3.4-.3.7s.1.5.3.7c.2.2.4.3.7.3h11c.3 0 .5-.1.7-.3.2-.2.3-.5.3-.7s-.1-.5-.3-.7zM5.8 14.7l6.2 6.3 6.2-6.3c.2-.2.3-.5.3-.7s-.1-.5-.3-.7c-.2-.2-.4-.3-.7-.3h-11c-.3 0-.5.1-.7.3-.2.2-.3.5-.3.7s.1.5.3.7z\"\/><\/svg><\/span><\/span><\/span><\/a><\/span><\/div>\n<nav><ul class='ez-toc-list ez-toc-list-level-1 eztoc-toggle-hide-by-default' ><ul class='ez-toc-list-level-3' ><li class='ez-toc-heading-level-3'><a class=\"ez-toc-link ez-toc-heading-1\" href=\"https:\/\/www.mobilier-design-occasion.fr\/magazine\/la-renaissance-de-larmoire-parisienne-dans-le-design-moderne\/#Points_Cles\" >Points Cl\u00e9s<\/a><\/li><\/ul><\/li><li class='ez-toc-page-1 ez-toc-heading-level-2'><a class=\"ez-toc-link ez-toc-heading-2\" href=\"https:\/\/www.mobilier-design-occasion.fr\/magazine\/la-renaissance-de-larmoire-parisienne-dans-le-design-moderne\/#LArt_Deco_et_le_renouveau_du_design_darmoire\" >L&#8217;Art D\u00e9co et le renouveau du design d&#8217;armoire<\/a><ul class='ez-toc-list-level-3' ><li class='ez-toc-heading-level-3'><a class=\"ez-toc-link ez-toc-heading-3\" href=\"https:\/\/www.mobilier-design-occasion.fr\/magazine\/la-renaissance-de-larmoire-parisienne-dans-le-design-moderne\/#ARMOIRE_ART_DECO_EN_CHENE_NATUREL\" >ARMOIRE ART DECO EN CH\u00caNE NATUREL<\/a><\/li><li class='ez-toc-page-1 ez-toc-heading-level-3'><a class=\"ez-toc-link ez-toc-heading-4\" href=\"https:\/\/www.mobilier-design-occasion.fr\/magazine\/la-renaissance-de-larmoire-parisienne-dans-le-design-moderne\/#ARMOIRE_DE_BUREAU_ART_DECO_EN_EBENE_DE_MACASSAR\" >ARMOIRE DE BUREAU ART D\u00c9CO EN \u00c9B\u00c8NE DE MACASSAR<\/a><\/li><\/ul><\/li><li class='ez-toc-page-1 ez-toc-heading-level-2'><a class=\"ez-toc-link ez-toc-heading-5\" href=\"https:\/\/www.mobilier-design-occasion.fr\/magazine\/la-renaissance-de-larmoire-parisienne-dans-le-design-moderne\/#Les_tresors_caches_du_XVIIeme_et_XVIIIeme_siecle\" >Les tr\u00e9sors cach\u00e9s du XVII\u00e8me et XVIII\u00e8me si\u00e8cle<\/a><ul class='ez-toc-list-level-3' ><li class='ez-toc-heading-level-3'><a class=\"ez-toc-link ez-toc-heading-6\" href=\"https:\/\/www.mobilier-design-occasion.fr\/magazine\/la-renaissance-de-larmoire-parisienne-dans-le-design-moderne\/#ARMOIRE_DE_PARIS_EN_NOYER_%E2%80%93_LOUIS_XIV_%E2%80%93_FIN_XVIIEME_DEBUT_XVIIIEME_%E2%80%93_FRANCE\" >ARMOIRE DE PARIS EN NOYER &#8211; LOUIS XIV &#8211; FIN XVII\u00c8ME D\u00c9BUT XVIII\u00c8ME &#8211; FRANCE<\/a><\/li><li class='ez-toc-page-1 ez-toc-heading-level-3'><a class=\"ez-toc-link ez-toc-heading-7\" href=\"https:\/\/www.mobilier-design-occasion.fr\/magazine\/la-renaissance-de-larmoire-parisienne-dans-le-design-moderne\/#EXCEPTIONNEL_ARMOIRE_LYONNAISE_REGENCE_EN_NOYER_EPOQUE_18EME\" >EXCEPTIONNEL, ARMOIRE, LYONNAISE R\u00c9GENCE EN NOYER \u00c9POQUE 18EME<\/a><\/li><li class='ez-toc-page-1 ez-toc-heading-level-3'><a class=\"ez-toc-link ez-toc-heading-8\" href=\"https:\/\/www.mobilier-design-occasion.fr\/magazine\/la-renaissance-de-larmoire-parisienne-dans-le-design-moderne\/#ARMOIRE_BRETONNE_FRANCAISE_DE_LA_FIN_DES_ANNEES_1700_EN_BOIS_DE_CHENE\" >ARMOIRE BRETONNE FRAN\u00c7AISE DE LA FIN DES ANN\u00c9ES 1700 EN BOIS DE CH\u00caNE<\/a><\/li><\/ul><\/li><li class='ez-toc-page-1 ez-toc-heading-level-2'><a class=\"ez-toc-link ez-toc-heading-9\" href=\"https:\/\/www.mobilier-design-occasion.fr\/magazine\/la-renaissance-de-larmoire-parisienne-dans-le-design-moderne\/#Le_charme_intemporel_des_armoires_du_XIXeme_siecle\" >Le charme intemporel des armoires du XIX\u00e8me si\u00e8cle<\/a><ul class='ez-toc-list-level-3' ><li class='ez-toc-heading-level-3'><a class=\"ez-toc-link ez-toc-heading-10\" href=\"https:\/\/www.mobilier-design-occasion.fr\/magazine\/la-renaissance-de-larmoire-parisienne-dans-le-design-moderne\/#GRANDE_ARMOIRE_DEPOQUE_LOUIS_XV_PROVENCALE_RICHEMENT_SCULPTEE_%E2%80%93_18EME_SIECLE_FRANCE\" >GRANDE ARMOIRE D&#8217;\u00c9POQUE LOUIS XV PROVEN\u00c7ALE RICHEMENT SCULPT\u00c9E &#8211; 18\u00c8ME SI\u00c8CLE FRANCE<\/a><\/li><li class='ez-toc-page-1 ez-toc-heading-level-3'><a class=\"ez-toc-link ez-toc-heading-11\" href=\"https:\/\/www.mobilier-design-occasion.fr\/magazine\/la-renaissance-de-larmoire-parisienne-dans-le-design-moderne\/#ARMOIRE_LXV_EPOQUE_19EME\" >ARMOIRE LXV \u00c9POQUE 19\u00c9ME<\/a><\/li><li class='ez-toc-page-1 ez-toc-heading-level-3'><a class=\"ez-toc-link ez-toc-heading-12\" href=\"https:\/\/www.mobilier-design-occasion.fr\/magazine\/la-renaissance-de-larmoire-parisienne-dans-le-design-moderne\/#ARMOIRE_LOUIS_PHILIPPE_EN_NOYER_%E2%80%93_EPOQUE_XIXEME\" >ARMOIRE LOUIS PHILIPPE EN NOYER &#8211; EPOQUE XIX\u00c8ME<\/a><\/li><li class='ez-toc-page-1 ez-toc-heading-level-3'><a class=\"ez-toc-link ez-toc-heading-13\" href=\"https:\/\/www.mobilier-design-occasion.fr\/magazine\/la-renaissance-de-larmoire-parisienne-dans-le-design-moderne\/#BONNETIERE_VENDEENNE_EN_CERISIER_ET_ORMEAU_GALLEUX_%E2%80%93_EPOQUE_XIX\" >BONNETI\u00c8RE VEND\u00c9ENNE EN CERISIER ET ORMEAU GALLEUX &#8211; EPOQUE XIX<\/a><\/li><li class='ez-toc-page-1 ez-toc-heading-level-3'><a class=\"ez-toc-link ez-toc-heading-14\" href=\"https:\/\/www.mobilier-design-occasion.fr\/magazine\/la-renaissance-de-larmoire-parisienne-dans-le-design-moderne\/#GRANDE_ARMOIRE_EN_CHENE_STYLE_CAMPAGNARDE_19EME\" >GRANDE ARMOIRE EN CH\u00caNE STYLE CAMPAGNARDE 19\u00c8ME<\/a><\/li><\/ul><\/li><li class='ez-toc-page-1 ez-toc-heading-level-2'><a class=\"ez-toc-link ez-toc-heading-15\" href=\"https:\/\/www.mobilier-design-occasion.fr\/magazine\/la-renaissance-de-larmoire-parisienne-dans-le-design-moderne\/#Les_pieces_uniques_du_XXeme_siecle\" >Les pi\u00e8ces uniques du XX\u00e8me si\u00e8cle<\/a><ul class='ez-toc-list-level-3' ><li class='ez-toc-heading-level-3'><a class=\"ez-toc-link ez-toc-heading-16\" href=\"https:\/\/www.mobilier-design-occasion.fr\/magazine\/la-renaissance-de-larmoire-parisienne-dans-le-design-moderne\/#TRES_GRANDE_ARMOIRE_6_PORTES_DAL_VERA_ANNEE_70\" >TR\u00c8S GRANDE ARMOIRE 6 PORTES DAL VERA ANN\u00c9E 70<\/a><\/li><li class='ez-toc-page-1 ez-toc-heading-level-3'><a class=\"ez-toc-link ez-toc-heading-17\" href=\"https:\/\/www.mobilier-design-occasion.fr\/magazine\/la-renaissance-de-larmoire-parisienne-dans-le-design-moderne\/#ARMOIRE_NAPOLEON_III\" >ARMOIRE NAPOL\u00c9ON III<\/a><\/li><\/ul><\/li><li class='ez-toc-page-1 ez-toc-heading-level-2'><a class=\"ez-toc-link ez-toc-heading-18\" href=\"https:\/\/www.mobilier-design-occasion.fr\/magazine\/la-renaissance-de-larmoire-parisienne-dans-le-design-moderne\/#Conclusion\" >Conclusion<\/a><\/li><li class='ez-toc-page-1 ez-toc-heading-level-2'><a class=\"ez-toc-link ez-toc-heading-19\" href=\"https:\/\/www.mobilier-design-occasion.fr\/magazine\/la-renaissance-de-larmoire-parisienne-dans-le-design-moderne\/#Foire_aux_Questions\" >Foire aux Questions<\/a><ul class='ez-toc-list-level-3' ><li class='ez-toc-heading-level-3'><a class=\"ez-toc-link ez-toc-heading-20\" href=\"https:\/\/www.mobilier-design-occasion.fr\/magazine\/la-renaissance-de-larmoire-parisienne-dans-le-design-moderne\/#Quest-ce_qui_caracterise_une_armoire_Art_Deco\" >Qu&#8217;est-ce qui caract\u00e9rise une armoire Art D\u00e9co ?<\/a><\/li><li class='ez-toc-page-1 ez-toc-heading-level-3'><a class=\"ez-toc-link ez-toc-heading-21\" href=\"https:\/\/www.mobilier-design-occasion.fr\/magazine\/la-renaissance-de-larmoire-parisienne-dans-le-design-moderne\/#Pourquoi_les_armoires_du_XVIIeme_et_XVIIIeme_siecle_sont-elles_si_prisees\" >Pourquoi les armoires du XVII\u00e8me et XVIII\u00e8me si\u00e8cle sont-elles si pris\u00e9es ?<\/a><\/li><li class='ez-toc-page-1 ez-toc-heading-level-3'><a class=\"ez-toc-link ez-toc-heading-22\" href=\"https:\/\/www.mobilier-design-occasion.fr\/magazine\/la-renaissance-de-larmoire-parisienne-dans-le-design-moderne\/#Quels_sont_les_styles_darmoires_les_plus_populaires_du_XIXeme_siecle\" >Quels sont les styles d&#8217;armoires les plus populaires du XIX\u00e8me si\u00e8cle ?<\/a><\/li><li class='ez-toc-page-1 ez-toc-heading-level-3'><a class=\"ez-toc-link ez-toc-heading-23\" href=\"https:\/\/www.mobilier-design-occasion.fr\/magazine\/la-renaissance-de-larmoire-parisienne-dans-le-design-moderne\/#Comment_identifier_une_armoire_Louis_XIV\" >Comment identifier une armoire Louis XIV ?<\/a><\/li><li class='ez-toc-page-1 ez-toc-heading-level-3'><a class=\"ez-toc-link ez-toc-heading-24\" href=\"https:\/\/www.mobilier-design-occasion.fr\/magazine\/la-renaissance-de-larmoire-parisienne-dans-le-design-moderne\/#Quelle_est_la_particularite_des_armoires_Napoleon_III\" >Quelle est la particularit\u00e9 des armoires Napol\u00e9on III ?<\/a><\/li><li class='ez-toc-page-1 ez-toc-heading-level-3'><a class=\"ez-toc-link ez-toc-heading-25\" href=\"https:\/\/www.mobilier-design-occasion.fr\/magazine\/la-renaissance-de-larmoire-parisienne-dans-le-design-moderne\/#Comment_entretenir_une_armoire_ancienne\" >Comment entretenir une armoire ancienne ?<\/a><\/li><\/ul><\/li><\/ul><\/nav><\/div>\n\n<ul>\n<li>Le renouveau du design d&#8217;armoire est marqu\u00e9 par un int\u00e9r\u00eat croissant pour l&#8217;Art D\u00e9co, avec des pi\u00e8ces comme l&#8217;armoire en ch\u00eane naturel et l&#8217;armoire de bureau en \u00e9b\u00e8ne de Macassar.<\/li>\n<li>Les XVII\u00e8me et XVIII\u00e8me si\u00e8cles sont c\u00e9l\u00e9br\u00e9s pour leurs armoires en noyer et en ch\u00eane, t\u00e9moignant de l&#8217;\u00e9l\u00e9gance et de la sophistication de l&#8217;\u00e9poque.<\/li>\n<li>Le XIX\u00e8me si\u00e8cle est remarquable pour ses armoires richement sculpt\u00e9es et ses styles vari\u00e9s, allant du Louis XV au Louis Philippe.<\/li>\n<li>Les pi\u00e8ces uniques du XX\u00e8me si\u00e8cle, comme la tr\u00e8s grande armoire 6 portes Dal Vera et l&#8217;armoire Napol\u00e9on III, montrent l&#8217;\u00e9volution du design et l&#8217;adaptabilit\u00e9 des armoires.<\/li>\n<li>Cette renaissance de l&#8217;armoire parisienne dans le design moderne souligne l&#8217;importance de pr\u00e9server et de valoriser les pi\u00e8ces d&#8217;antiquit\u00e9 pour leur beaut\u00e9 et leur histoire.<\/li>\n<\/ul>\n<h2><span class=\"ez-toc-section\" id=\"LArt_Deco_et_le_renouveau_du_design_darmoire\"><\/span>L&#8217;Art D\u00e9co et le renouveau du design d&#8217;armoire<span class=\"ez-toc-section-end\"><\/span><\/h2>\n<p><img decoding=\"async\" style=\"max-width: 100%; max-height: 200px;\" src=\"https:\/\/contenu.nyc3.digitaloceanspaces.com\/journalist\/808a0a26-c8e3-4124-93a0-8f1403c665e5\/thumbnail.jpeg\" alt=\"L'Art D\u00e9co et le renouveau du design d'armoire\" ><\/p>\n<h3><span class=\"ez-toc-section\" id=\"ARMOIRE_ART_DECO_EN_CHENE_NATUREL\"><\/span>ARMOIRE ART DECO EN CH\u00caNE NATUREL<span class=\"ez-toc-section-end\"><\/span><\/h3>\n<p>L&#8217;<a href=\"https:\/\/www.proantic.com\/armoire.php?obj_epoque=all&amp;obj_style=all&amp;nbobjpage=60\">armoire Art D\u00e9co en ch\u00eane naturel<\/a> se distingue par son \u00e9l\u00e9gance et la finesse de son travail du bois, parfaitement en phase avec l&#8217;esth\u00e9tique Art D\u00e9co. Ses moulures sobres et sa structure en ch\u00eane blond lui conf\u00e8rent un charme intemporel, faisant d&#8217;elle un choix privil\u00e9gi\u00e9 pour les amateurs de design.<\/p>\n<blockquote><p>\nCette armoire ouvre sur deux portes et r\u00e9v\u00e8le \u00e0 l&#8217;int\u00e9rieur quatre \u00e9tag\u00e8res, offrant ainsi un espace de rangement \u00e0 la fois pratique et esth\u00e9tique.\n<\/p><\/blockquote>\n<p>Pour ceux qui cherchent \u00e0 int\u00e9grer un \u00e9l\u00e9ment de design historique dans leur int\u00e9rieur moderne, cette armoire est un choix judicieux. Elle allie beaut\u00e9 naturelle et fonctionnalit\u00e9, ce qui en fait une pi\u00e8ce ma\u00eetresse dans tout espace de vie.<\/p>\n<h3><span class=\"ez-toc-section\" id=\"ARMOIRE_DE_BUREAU_ART_DECO_EN_EBENE_DE_MACASSAR\"><\/span>ARMOIRE DE BUREAU ART D\u00c9CO EN \u00c9B\u00c8NE DE MACASSAR<span class=\"ez-toc-section-end\"><\/span><\/h3>\n<p>L&#8217;armoire Art D\u00e9co en \u00e9b\u00e8ne de Macassar, datant des ann\u00e9es 1930, est un v\u00e9ritable bijou du design. Avec ses lignes \u00e9pur\u00e9es et sa finition en laque piano noire, elle incarne l&#8217;\u00e9l\u00e9gance et le raffinement. <strong>Les poign\u00e9es en m\u00e9tal, formant un cercle parfait, ajoutent une touche de sophistication unique<\/strong>.<\/p>\n<blockquote><p>\nCette pi\u00e8ce est non seulement un objet de d\u00e9coration mais aussi un meuble fonctionnel, offrant un espace de rangement optimal gr\u00e2ce \u00e0 ses \u00e9tag\u00e8res internes.\n<\/p><\/blockquote>\n<p>Les amateurs de la <a href=\"https:\/\/www.mobilier-design-occasion.fr\/magazine\/la-tendance-art-deco\/\">tendance Art Deco<\/a> appr\u00e9cieront particuli\u00e8rement cette armoire pour ses caract\u00e9ristiques distinctives, rappelant les \u00e9l\u00e9ments populaires de la d\u00e9coration int\u00e9rieure tels que le terrazzo, le laiton, le velours et les accents dor\u00e9s. Les formes g\u00e9om\u00e9triques, les couleurs riches et les mat\u00e9riaux luxueux sont au c\u0153ur de ce style.<\/p>\n<h2><span class=\"ez-toc-section\" id=\"Les_tresors_caches_du_XVIIeme_et_XVIIIeme_siecle\"><\/span>Les tr\u00e9sors cach\u00e9s du XVII\u00e8me et XVIII\u00e8me si\u00e8cle<span class=\"ez-toc-section-end\"><\/span><\/h2>\n<p><img decoding=\"async\" style=\"max-width: 100%; max-height: 200px;\" src=\"https:\/\/contenu.nyc3.digitaloceanspaces.com\/journalist\/c469ef58-ad59-4471-8aa3-e4dd37f628b7\/thumbnail.jpeg\" alt=\"Les tr\u00e9sors cach\u00e9s du XVII\u00e8me et XVIII\u00e8me si\u00e8cle\" ><\/p>\n<h3><span class=\"ez-toc-section\" id=\"ARMOIRE_DE_PARIS_EN_NOYER_%E2%80%93_LOUIS_XIV_%E2%80%93_FIN_XVIIEME_DEBUT_XVIIIEME_%E2%80%93_FRANCE\"><\/span>ARMOIRE DE PARIS EN NOYER &#8211; LOUIS XIV &#8211; FIN XVII\u00c8ME D\u00c9BUT XVIII\u00c8ME &#8211; FRANCE<span class=\"ez-toc-section-end\"><\/span><\/h3>\n<p>Plongeons dans l&#8217;univers de cette <strong>armoire parisienne dite &quot;ling\u00e8re&quot;<\/strong>, un tr\u00e9sor du design qui nous vient tout droit de la fin du XVII\u00e8me ou d\u00e9but du XVIII\u00e8me si\u00e8cle. En noyer, de style Louis XIV, elle repr\u00e9sente parfaitement l&#8217;\u00e9l\u00e9gance et la finesse de l&#8217;\u00e9poque.<\/p>\n<blockquote><p>\nCette pi\u00e8ce, id\u00e9alement proportionn\u00e9e, est en parfait \u00e9tat, t\u00e9moignant de l&#8217;art et de l&#8217;habilet\u00e9 des artisans de l&#8217;\u00e9poque.\n<\/p><\/blockquote>\n<p>Voici quelques caract\u00e9ristiques cl\u00e9s :<\/p>\n<ul>\n<li>Mat\u00e9riau : Noyer<\/li>\n<li>Style : Louis XIV<\/li>\n<li>\u00c9poque : Fin XVII\u00e8me &#8211; D\u00e9but XVIII\u00e8me si\u00e8cle<\/li>\n<li>Origine : France<\/li>\n<\/ul>\n<p>La beaut\u00e9 et la qualit\u00e9 de cette armoire ne sont pas seulement un h\u00e9ritage du pass\u00e9, mais aussi une source d&#8217;inspiration pour le design moderne. Elle incarne une \u00e9poque o\u00f9 chaque d\u00e9tail comptait, et o\u00f9 la fonctionnalit\u00e9 se mariait \u00e0 la perfection avec l&#8217;esth\u00e9tique.<\/p>\n<h3><span class=\"ez-toc-section\" id=\"EXCEPTIONNEL_ARMOIRE_LYONNAISE_REGENCE_EN_NOYER_EPOQUE_18EME\"><\/span>EXCEPTIONNEL, ARMOIRE, LYONNAISE R\u00c9GENCE EN NOYER \u00c9POQUE 18EME<span class=\"ez-toc-section-end\"><\/span><\/h3>\n<p>L&#8217;armoire Lyonnaise R\u00e9gence en noyer, datant du d\u00e9but du 18\u00e8me si\u00e8cle, est une pi\u00e8ce qui incarne \u00e0 la perfection l&#8217;\u00e9l\u00e9gance et le raffinement de l&#8217;\u00e9poque. <strong>Cette armoire d&#8217;apparat exceptionnelle<\/strong> se distingue par sa majest\u00e9 et son histoire riche, ayant travers\u00e9 les si\u00e8cles avec gr\u00e2ce.<\/p>\n<blockquote><p>\nCette pi\u00e8ce unique, avec son bois de noyer finement travaill\u00e9, repr\u00e9sente un v\u00e9ritable tr\u00e9sor pour les amateurs de mobilier d&#8217;exception.\n<\/p><\/blockquote>\n<p>Voici quelques caract\u00e9ristiques remarquables :<\/p>\n<ul>\n<li>\u00c9poque : 18\u00e8me si\u00e8cle<\/li>\n<li>Prix : 1\u202f680 \u20ac<\/li>\n<li>Provenance : Galerie Christophe Elisabeth<\/li>\n<\/ul>\n<p>L&#8217;<a href=\"https:\/\/www.mobilier-design-occasion.fr\/magazine\/category\/tendances\/\">int\u00e9gration de meubles vintage<\/a> dans la d\u00e9coration moderne est une tendance en vogue. L&#8217;armoire Lyonnaise R\u00e9gence, avec son charme intemporel, s&#8217;inscrit parfaitement dans cette mouvance, apportant une touche d&#8217;histoire et d&#8217;\u00e9l\u00e9gance \u00e0 tout int\u00e9rieur.<\/p>\n<h3><span class=\"ez-toc-section\" id=\"ARMOIRE_BRETONNE_FRANCAISE_DE_LA_FIN_DES_ANNEES_1700_EN_BOIS_DE_CHENE\"><\/span>ARMOIRE BRETONNE FRAN\u00c7AISE DE LA FIN DES ANN\u00c9ES 1700 EN BOIS DE CH\u00caNE<span class=\"ez-toc-section-end\"><\/span><\/h3>\n<p>L&#8217;armoire bretonne de la fin des ann\u00e9es 1700 en bois de ch\u00eane est un v\u00e9ritable tr\u00e9sor d&#8217;artisanat. <strong>Son corps est orn\u00e9 de riches motifs sculpt\u00e9s<\/strong>, ce qui lui conf\u00e8re une allure majestueuse et intemporelle. Avec ses 2 portes ferm\u00e9es et ses 2 tiroirs, elle allie beaut\u00e9 et fonctionnalit\u00e9.<\/p>\n<blockquote><p>\nCette pi\u00e8ce est un exemple parfait de l&#8217;habilet\u00e9 et de la cr\u00e9ativit\u00e9 des artisans de l&#8217;\u00e9poque.\n<\/p><\/blockquote>\n<p>Voici quelques d\u00e9tails cl\u00e9s :<\/p>\n<ul>\n<li><strong>\u00c9poque<\/strong> : 18\u00e8me si\u00e8cle<\/li>\n<li><strong>Prix<\/strong> : 1\u202f200 \u20ac<\/li>\n<li><strong>Origine<\/strong> : Bretonne<\/li>\n<\/ul>\n<p>Cette armoire n&#8217;est pas seulement un meuble, mais une pi\u00e8ce d&#8217;histoire qui continue de fasciner et d&#8217;inspirer. Son design riche et d\u00e9taill\u00e9 en fait un ajout pr\u00e9cieux \u00e0 tout int\u00e9rieur moderne cherchant \u00e0 incorporer un \u00e9l\u00e9ment de charme historique.<\/p>\n<h2><span class=\"ez-toc-section\" id=\"Le_charme_intemporel_des_armoires_du_XIXeme_siecle\"><\/span>Le charme intemporel des armoires du XIX\u00e8me si\u00e8cle<span class=\"ez-toc-section-end\"><\/span><\/h2>\n<p><img decoding=\"async\" style=\"max-width: 100%; max-height: 200px;\" src=\"https:\/\/contenu.nyc3.digitaloceanspaces.com\/journalist\/7ecbc186-b806-4f8f-acca-81d699bd3a3c\/thumbnail.jpeg\" alt=\"Le charme intemporel des armoires du XIX\u00e8me si\u00e8cle\" ><\/p>\n<h3><span class=\"ez-toc-section\" id=\"GRANDE_ARMOIRE_DEPOQUE_LOUIS_XV_PROVENCALE_RICHEMENT_SCULPTEE_%E2%80%93_18EME_SIECLE_FRANCE\"><\/span>GRANDE ARMOIRE D&#8217;\u00c9POQUE LOUIS XV PROVEN\u00c7ALE RICHEMENT SCULPT\u00c9E &#8211; 18\u00c8ME SI\u00c8CLE FRANCE<span class=\"ez-toc-section-end\"><\/span><\/h3>\n<p>Imaginez un meuble qui capture l&#8217;essence m\u00eame de la Provence du XVIIIe si\u00e8cle, avec ses motifs feuillag\u00e9s et v\u00e9g\u00e9taux, ses bouquets et ses grappes de raisin. <strong>C&#8217;est exactement ce que repr\u00e9sente cette grande armoire d&#8217;\u00e9poque Louis XV<\/strong>. Ses pieds galb\u00e9s finissant en volute ajoutent une touche d&#8217;\u00e9l\u00e9gance ind\u00e9niable.<\/p>\n<blockquote><p>\nCette pi\u00e8ce est un v\u00e9ritable tr\u00e9sor pour les amateurs d&#8217;antiquit\u00e9s, alliant beaut\u00e9 et histoire.\n<\/p><\/blockquote>\n<p>Voici quelques d\u00e9tails cl\u00e9s:<\/p>\n<ul>\n<li><strong>Epoque<\/strong>: 18\u00e8me si\u00e8cle<\/li>\n<li><strong>Prix<\/strong>: 4\u202f500 \u20ac \u00e0 5\u202f400 \u20ac<\/li>\n<li><strong>Vendeur<\/strong>: JAD Antiquit\u00e9s D\u00e9coration<\/li>\n<\/ul>\n<p>Chaque d\u00e9tail de cette armoire raconte une histoire, une \u00e9poque o\u00f9 l&#8217;artisanat et le souci du d\u00e9tail \u00e9taient primordiaux. C&#8217;est une pi\u00e8ce qui ne manquera pas d&#8217;ajouter du caract\u00e8re \u00e0 n&#8217;importe quel int\u00e9rieur.<\/p>\n<h3><span class=\"ez-toc-section\" id=\"ARMOIRE_LXV_EPOQUE_19EME\"><\/span>ARMOIRE LXV \u00c9POQUE 19\u00c9ME<span class=\"ez-toc-section-end\"><\/span><\/h3>\n<p>L&#8217;armoire LXV du 19\u00e8me si\u00e8cle, avec son bois fruitier et notamment le cerisier blond, nous rappelle la finesse et l&#8217;\u00e9l\u00e9gance de l&#8217;\u00e9poque. Elle se distingue par ses deux portes \u00e0 double panneaux moulur\u00e9s, pos\u00e9es sur un socle solide, offrant un rangement \u00e0 la fois pratique et esth\u00e9tiquement plaisant.<\/p>\n<p><strong>Cette pi\u00e8ce est un v\u00e9ritable tr\u00e9sor pour les amateurs de <a href=\"https:\/\/www.mobilier-design-occasion.fr\/magazine\/category\/salon\/\">mobilier d&#8217;\u00e9poque<\/a>.<\/strong><\/p>\n<blockquote><p>\nSon prix varie consid\u00e9rablement, refl\u00e9tant sa raret\u00e9 et sa qualit\u00e9 exceptionnelle.\n<\/p><\/blockquote>\n<p>Voici quelques points cl\u00e9s \u00e0 retenir :<\/p>\n<ul>\n<li>Bois fruitier, principalement cerisier blond<\/li>\n<li>Deux portes \u00e0 double panneaux moulur\u00e9s<\/li>\n<li>Repose sur un socle<\/li>\n<li>Rangement int\u00e9ressant aux proportions raffin\u00e9es<\/li>\n<\/ul>\n<p>Ces caract\u00e9ristiques font de l&#8217;armoire LXV une pi\u00e8ce incontournable pour ceux qui cherchent \u00e0 ajouter une touche d&#8217;\u00e9l\u00e9gance historique \u00e0 leur int\u00e9rieur.<\/p>\n<h3><span class=\"ez-toc-section\" id=\"ARMOIRE_LOUIS_PHILIPPE_EN_NOYER_%E2%80%93_EPOQUE_XIXEME\"><\/span>ARMOIRE LOUIS PHILIPPE EN NOYER &#8211; EPOQUE XIX\u00c8ME<span class=\"ez-toc-section-end\"><\/span><\/h3>\n<p>L&#8217;armoire Louis Philippe en noyer, typique du 19\u00e8me si\u00e8cle, est un v\u00e9ritable bijou pour les amateurs de mobilier ancien. Avec son allure \u00e9l\u00e9gante et ses finitions soign\u00e9es, elle trouve facilement sa place dans les int\u00e9rieurs modernes, apportant une touche d&#8217;authenticit\u00e9 et de charme.<\/p>\n<p><strong>Son aspect actualis\u00e9, gr\u00e2ce aux panneaux remplac\u00e9s par un l\u00e9ger grillage, lui conf\u00e8re une l\u00e9g\u00e8ret\u00e9 visuelle inattendue.<\/strong> Cela permet non seulement d&#8217;ajouter un \u00e9l\u00e9ment d\u00e9coratif unique mais aussi de faciliter la ventilation \u00e0 l&#8217;int\u00e9rieur de l&#8217;armoire, un d\u00e9tail non n\u00e9gligeable pour la conservation des textiles.<\/p>\n<blockquote><p>\nL&#8217;int\u00e9rieur de l&#8217;armoire est tout aussi pratique qu&#8217;esth\u00e9tique, offrant trois \u00e9tag\u00e8res pour un rangement optimal.\n<\/p><\/blockquote>\n<p>Voici quelques informations cl\u00e9s sur cette pi\u00e8ce :<\/p>\n<ul>\n<li><strong>\u00c9poque<\/strong> : 19\u00e8me si\u00e8cle<\/li>\n<li><strong>Prix<\/strong> : \u00c0 partir de 1\u202f200 \u20ac<\/li>\n<li><strong>Vendeur<\/strong> : Le Comptoir des Antiquit\u00e9s<\/li>\n<\/ul>\n<p>Cette armoire est un exemple parfait de la mani\u00e8re dont le mobilier ancien peut s&#8217;int\u00e9grer harmonieusement dans les espaces contemporains, en apportant une histoire et une \u00e2me qui manquent souvent aux pi\u00e8ces plus modernes.<\/p>\n<h3><span class=\"ez-toc-section\" id=\"BONNETIERE_VENDEENNE_EN_CERISIER_ET_ORMEAU_GALLEUX_%E2%80%93_EPOQUE_XIX\"><\/span>BONNETI\u00c8RE VEND\u00c9ENNE EN CERISIER ET ORMEAU GALLEUX &#8211; EPOQUE XIX<span class=\"ez-toc-section-end\"><\/span><\/h3>\n<p>La <strong><a href=\"https:\/\/www.proantic.com\/mobilier.php?obj_epoque=all&amp;obj_style=6&amp;nbobjpage=60\">bonneti\u00e8re Vend\u00e9enne<\/a> en cerisier et ormeau galleux<\/strong> de l&#8217;\u00e9poque XIX\u00e8me si\u00e8cle se distingue par sa qualit\u00e9 exceptionnelle et son design raffin\u00e9. Elle incarne parfaitement l&#8217;\u00e9l\u00e9gance et le charme du mobilier fran\u00e7ais de cette p\u00e9riode.<\/p>\n<blockquote><p>\nLa finesse de ses d\u00e9cors et sa couleur chatoyante en font un meuble remarquable.\n<\/p><\/blockquote>\n<p>Voici quelques caract\u00e9ristiques cl\u00e9s :<\/p>\n<ul>\n<li>Essence : Cerisier et ormeau galleux<\/li>\n<li>Ouverture : Porte moulur\u00e9e<\/li>\n<li>D\u00e9cor : Finesse et charme<\/li>\n<li>\u00c9poque : 19\u00e8me si\u00e8cle<\/li>\n<\/ul>\n<p>Ce meuble est non seulement un objet de d\u00e9coration sublime mais aussi un t\u00e9moignage vivant de l&#8217;histoire du design fran\u00e7ais. Son prix varie entre 1\u202f200 \u20ac et 2\u202f400 \u20ac, refl\u00e9tant sa raret\u00e9 et sa valeur.<\/p>\n<h3><span class=\"ez-toc-section\" id=\"GRANDE_ARMOIRE_EN_CHENE_STYLE_CAMPAGNARDE_19EME\"><\/span>GRANDE ARMOIRE EN CH\u00caNE STYLE CAMPAGNARDE 19\u00c8ME<span class=\"ez-toc-section-end\"><\/span><\/h3>\n<p>La <strong>Grande Armoire en Ch\u00eane Style Campagnarde du 19\u00e8me si\u00e8cle<\/strong> repr\u00e9sente un v\u00e9ritable tr\u00e9sor pour les amateurs de mobilier rustique. Avec son allure robuste et son bois de ch\u00eane massif, elle \u00e9voque les maisons de campagne d&#8217;antan, o\u00f9 chaque meuble racontait une histoire.<\/p>\n<blockquote><p>\nCette armoire n\u00e9cessite un l\u00e9ger pon\u00e7age sur la face avant et une bonne couche de cire pour r\u00e9v\u00e9ler toute sa beaut\u00e9.\n<\/p><\/blockquote>\n<p>Voici quelques caract\u00e9ristiques cl\u00e9s :<\/p>\n<ul>\n<li><strong>\u00c9poque<\/strong> : 19\u00e8me si\u00e8cle<\/li>\n<li><strong>Prix<\/strong> : 490 \u20ac<\/li>\n<li><strong>Condition<\/strong> : Demande un l\u00e9ger pon\u00e7age et cir\u00e9<\/li>\n<\/ul>\n<p>L&#8217;achat d&#8217;une telle pi\u00e8ce est une invitation \u00e0 voyager dans le temps, \u00e0 red\u00e9couvrir le charme des int\u00e9rieurs d&#8217;antan. Elle est parfaite pour ceux qui cherchent \u00e0 ajouter une touche d&#8217;authenticit\u00e9 \u00e0 leur d\u00e9coration.<\/p>\n<h2><span class=\"ez-toc-section\" id=\"Les_pieces_uniques_du_XXeme_siecle\"><\/span>Les pi\u00e8ces uniques du XX\u00e8me si\u00e8cle<span class=\"ez-toc-section-end\"><\/span><\/h2>\n<p><img decoding=\"async\" style=\"max-width: 100%; max-height: 200px;\" src=\"https:\/\/contenu.nyc3.digitaloceanspaces.com\/journalist\/da83cf46-1f02-4420-bda2-f4bd8276bfea\/thumbnail.jpeg\" alt=\"Les pi\u00e8ces uniques du XX\u00e8me si\u00e8cle\" ><\/p>\n<h3><span class=\"ez-toc-section\" id=\"TRES_GRANDE_ARMOIRE_6_PORTES_DAL_VERA_ANNEE_70\"><\/span>TR\u00c8S GRANDE ARMOIRE 6 PORTES DAL VERA ANN\u00c9E 70<span class=\"ez-toc-section-end\"><\/span><\/h3>\n<p>Imaginez un meuble qui capture l&#8217;essence m\u00eame des ann\u00e9es 70, avec son allure imposante et son design unique. La tr\u00e8s grande armoire 6 portes Dal Vera est exactement cela. <strong>Fabriqu\u00e9e avec soin en bambou et rotin<\/strong>, elle se distingue par sa qualit\u00e9 et son style in\u00e9gal\u00e9s. Les poign\u00e9es en laiton ajoutent une touche d&#8217;\u00e9l\u00e9gance et de raffinement, faisant de cette pi\u00e8ce un v\u00e9ritable tr\u00e9sor du design moderne.<\/p>\n<blockquote><p>\nCette armoire n&#8217;est pas seulement un objet de d\u00e9coration; elle est aussi un t\u00e9moignage vivant de l&#8217;art de vivre des ann\u00e9es 70.\n<\/p><\/blockquote>\n<p>Pour ceux qui cherchent \u00e0 int\u00e9grer un \u00e9l\u00e9ment de design vintage dans leur int\u00e9rieur, voici quelques caract\u00e9ristiques cl\u00e9s :<\/p>\n<ul>\n<li>Mat\u00e9riaux : Bambou et rotin<\/li>\n<li>Poign\u00e9es : Laiton<\/li>\n<li>\u00c9poque : 20\u00e8me si\u00e8cle<\/li>\n<li>Prix : 3\u202f500 \u20ac<\/li>\n<\/ul>\n<p>Cette armoire repr\u00e9sente une fusion parfaite entre fonctionnalit\u00e9 et esth\u00e9tique, offrant \u00e0 la fois un espace de rangement g\u00e9n\u00e9reux et un style qui ne passera jamais de mode.<\/p>\n<h3><span class=\"ez-toc-section\" id=\"ARMOIRE_NAPOLEON_III\"><\/span>ARMOIRE NAPOL\u00c9ON III<span class=\"ez-toc-section-end\"><\/span><\/h3>\n<p>Apr\u00e8s avoir explor\u00e9 les merveilles des si\u00e8cles pass\u00e9s, l&#8217;<a href=\"https:\/\/www.mobilier-design-occasion.fr\/magazine\/connaissez-vous-les-reeditions-des-icones-de-le-corbusier-par-cassina\/\">armoire Napol\u00e9on III<\/a> nous plonge dans une \u00e9poque de raffinement extr\u00eame. Cette pi\u00e8ce, avec son d\u00e9cor de marqueterie v\u00e9g\u00e9tale et ses garnitures en bronze dor\u00e9 cisel\u00e9, est un v\u00e9ritable tr\u00e9sor d&#8217;artisanat. Elle ouvre non seulement par une porte vitr\u00e9e mais cache \u00e9galement un tiroir en fa\u00e7ade, r\u00e9v\u00e9lant la fonctionnalit\u00e9 derri\u00e8re son esth\u00e9tique somptueuse.<\/p>\n<blockquote><p>\nL&#8217;attention aux d\u00e9tails et la qualit\u00e9 de fabrication sont ce qui distingue cette armoire des autres.\n<\/p><\/blockquote>\n<p>Pour ceux qui appr\u00e9cient l&#8217;histoire et le design, voici quelques points cl\u00e9s \u00e0 retenir :<\/p>\n<ul>\n<li><strong>D\u00e9cor de marqueterie<\/strong> : Un art d\u00e9licat qui embellit l&#8217;ext\u00e9rieur.<\/li>\n<li><strong>Garnitures en bronze dor\u00e9<\/strong> : Des d\u00e9tails qui ajoutent une touche d&#8217;\u00e9l\u00e9gance.<\/li>\n<li><strong>Fonctionnalit\u00e9<\/strong> : Plus qu&#8217;un objet de d\u00e9coration, une pi\u00e8ce utile au quotidien.<\/li>\n<\/ul>\n<p>Cette armoire est un exemple parfait de comment les pi\u00e8ces historiques peuvent s&#8217;int\u00e9grer dans des int\u00e9rieurs modernes, apportant une touche d&#8217;histoire et de caract\u00e8re.<\/p>\n<h2><span class=\"ez-toc-section\" id=\"Conclusion\"><\/span>Conclusion<span class=\"ez-toc-section-end\"><\/span><\/h2>\n<p>En somme, l&#8217;armoire parisienne, avec son histoire riche et sa diversit\u00e9 de styles allant du Louis XIV au Art D\u00e9co, continue de fasciner et d&#8217;inspirer les amateurs de design moderne. Ces pi\u00e8ces, t\u00e9moins de l&#8217;\u00e9l\u00e9gance et du savoir-faire des si\u00e8cles pass\u00e9s, trouvent une nouvelle vie dans nos int\u00e9rieurs contemporains, prouvant que le charme de l&#8217;ancien peut parfaitement s&#8217;harmoniser avec le moderne. La renaissance de l&#8217;armoire parisienne dans le design moderne n&#8217;est pas seulement une tendance, mais un v\u00e9ritable hommage \u00e0 l&#8217;histoire de l&#8217;art et du design fran\u00e7ais, une source d&#8217;inspiration in\u00e9puisable pour ceux qui cherchent \u00e0 ajouter une touche d&#8217;authenticit\u00e9 et de caract\u00e8re \u00e0 leur espace de vie. Alors, pourquoi ne pas laisser une armoire parisienne raconter son histoire chez vous ?<\/p>\n<h2><span class=\"ez-toc-section\" id=\"Foire_aux_Questions\"><\/span>Foire aux Questions<span class=\"ez-toc-section-end\"><\/span><\/h2>\n<h3><span class=\"ez-toc-section\" id=\"Quest-ce_qui_caracterise_une_armoire_Art_Deco\"><\/span>Qu&#8217;est-ce qui caract\u00e9rise une armoire Art D\u00e9co ?<span class=\"ez-toc-section-end\"><\/span><\/h3>\n<p>Une armoire Art D\u00e9co se distingue par ses lignes \u00e9pur\u00e9es, l&#8217;utilisation de bois pr\u00e9cieux comme l&#8217;\u00e9b\u00e8ne de Macassar et des finitions soign\u00e9es, souvent avec des \u00e9l\u00e9ments en m\u00e9tal. Les motifs g\u00e9om\u00e9triques et la simplicit\u00e9 \u00e9l\u00e9gante sont \u00e9galement des caract\u00e9ristiques cl\u00e9s.<\/p>\n<h3><span class=\"ez-toc-section\" id=\"Pourquoi_les_armoires_du_XVIIeme_et_XVIIIeme_siecle_sont-elles_si_prisees\"><\/span>Pourquoi les armoires du XVII\u00e8me et XVIII\u00e8me si\u00e8cle sont-elles si pris\u00e9es ?<span class=\"ez-toc-section-end\"><\/span><\/h3>\n<p>Les armoires du XVII\u00e8me et XVIII\u00e8me si\u00e8cle sont appr\u00e9ci\u00e9es pour leur qualit\u00e9 de fabrication artisanale, les bois nobles utilis\u00e9s et leurs d\u00e9tails sculpturaux riches. Elles repr\u00e9sentent \u00e9galement un t\u00e9moignage historique de l&#8217;\u00e9poque et du style de vie des \u00e9lites de leur temps.<\/p>\n<h3><span class=\"ez-toc-section\" id=\"Quels_sont_les_styles_darmoires_les_plus_populaires_du_XIXeme_siecle\"><\/span>Quels sont les styles d&#8217;armoires les plus populaires du XIX\u00e8me si\u00e8cle ?<span class=\"ez-toc-section-end\"><\/span><\/h3>\n<p>Les styles d&#8217;armoires les plus populaires du XIX\u00e8me si\u00e8cle incluent le Louis XV, le Louis Philippe et le style campagnard. Ces pi\u00e8ces se distinguent par leur travail du bois, leurs sculptures et leurs finitions, qui refl\u00e8tent les go\u00fbts et les influences de l&#8217;\u00e9poque.<\/p>\n<h3><span class=\"ez-toc-section\" id=\"Comment_identifier_une_armoire_Louis_XIV\"><\/span>Comment identifier une armoire Louis XIV ?<span class=\"ez-toc-section-end\"><\/span><\/h3>\n<p>Une armoire Louis XIV peut \u00eatre identifi\u00e9e par ses lignes architecturales strictes, l&#8217;utilisation de bois de noyer et ses ornements en bronze. Les armoires de cette p\u00e9riode pr\u00e9sentent souvent des motifs de marqueterie sophistiqu\u00e9s et des sculptures d\u00e9taill\u00e9es.<\/p>\n<h3><span class=\"ez-toc-section\" id=\"Quelle_est_la_particularite_des_armoires_Napoleon_III\"><\/span>Quelle est la particularit\u00e9 des armoires Napol\u00e9on III ?<span class=\"ez-toc-section-end\"><\/span><\/h3>\n<p>Les armoires Napol\u00e9on III se caract\u00e9risent par leur opulence d\u00e9corative, avec un usage intensif de la marqueterie, des incrustations en bronze dor\u00e9 et souvent des panneaux vitr\u00e9s. Elles refl\u00e8tent le go\u00fbt pour le luxe et l&#8217;exub\u00e9rance de l&#8217;\u00e9poque du Second Empire.<\/p>\n<h3><span class=\"ez-toc-section\" id=\"Comment_entretenir_une_armoire_ancienne\"><\/span>Comment entretenir une armoire ancienne ?<span class=\"ez-toc-section-end\"><\/span><\/h3>\n<p>Pour entretenir une armoire ancienne, il est recommand\u00e9 de la d\u00e9poussi\u00e9rer r\u00e9guli\u00e8rement avec un chiffon doux, d&#8217;\u00e9viter l&#8217;exposition directe au soleil et de maintenir un niveau d&#8217;humidit\u00e9 stable. Pour les finitions en bois, l&#8217;utilisation de cire d&#8217;abeille naturelle peut aider \u00e0 pr\u00e9server leur \u00e9clat.<\/p>\n","protected":false},"excerpt":{"rendered":"<p>L&#8217;engouement pour le design d&#8217;int\u00e9rieur a conduit \u00e0 la red\u00e9couverte et \u00e0 la r\u00e9\u00e9valuation des armoires parisiennes, des pi\u00e8ces de mobilier qui allient fonctionnalit\u00e9 et esth\u00e9tique raffin\u00e9e. Du style Art D\u00e9co aux tr\u00e9sors du XVII\u00e8me et XVIII\u00e8me si\u00e8cle, en passant par le charme du XIX\u00e8me si\u00e8cle jusqu&#8217;aux pi\u00e8ces uniques du XX\u00e8me si\u00e8cle, cet article explore [&hellip;]<\/p>\n","protected":false},"author":2,"featured_media":7619,"comment_status":"open","ping_status":"open","sticky":false,"template":"","format":"standard","meta":{"footnotes":""},"categories":[8,128,120,125,126,121,124,129,127,123,122,2],"tags":[],"class_list":["post-7620","post","type-post","status-publish","format-standard","has-post-thumbnail","hentry","category-avis","category-bureau","category-chambre","category-chambre-enfant","category-chambre-parent","category-cuisine","category-exterieur","category-lit-cabane","category-salle-a-manger","category-salle-de-bain","category-salon","category-tendances"],"yoast_head":"<!-- This site is optimized with the Yoast SEO plugin v27.5 - https:\/\/yoast.com\/product\/yoast-seo-wordpress\/ -->\n<title>La Renaissance de l&#039;Armoire Parisienne dans le Design Moderne - Mobilier Design Magazine<\/title>\n<meta name=\"robots\" content=\"index, follow, max-snippet:-1, max-image-preview:large, max-video-preview:-1\" \/>\n<link rel=\"canonical\" href=\"https:\/\/www.mobilier-design-occasion.fr\/magazine\/la-renaissance-de-larmoire-parisienne-dans-le-design-moderne\/\" \/>\n<meta property=\"og:locale\" content=\"fr_FR\" \/>\n<meta property=\"og:type\" content=\"article\" \/>\n<meta property=\"og:title\" content=\"La Renaissance de l&#039;Armoire Parisienne dans le Design Moderne - Mobilier Design Magazine\" \/>\n<meta property=\"og:description\" content=\"L&#8217;engouement pour le design d&#8217;int\u00e9rieur a conduit \u00e0 la red\u00e9couverte et \u00e0 la r\u00e9\u00e9valuation des armoires parisiennes, des pi\u00e8ces de mobilier qui allient fonctionnalit\u00e9 et esth\u00e9tique raffin\u00e9e. Du style Art D\u00e9co aux tr\u00e9sors du XVII\u00e8me et XVIII\u00e8me si\u00e8cle, en passant par le charme du XIX\u00e8me si\u00e8cle jusqu&#8217;aux pi\u00e8ces uniques du XX\u00e8me si\u00e8cle, cet article explore [&hellip;]\" \/>\n<meta property=\"og:url\" content=\"https:\/\/www.mobilier-design-occasion.fr\/magazine\/la-renaissance-de-larmoire-parisienne-dans-le-design-moderne\/\" \/>\n<meta property=\"og:site_name\" content=\"Mobilier Design Magazine\" \/>\n<meta property=\"article:publisher\" content=\"https:\/\/www.facebook.com\/mobilierdesignoccasion\" \/>\n<meta property=\"article:published_time\" content=\"2024-03-09T20:00:07+00:00\" \/>\n<meta property=\"og:image\" content=\"https:\/\/contenu.nyc3.digitaloceanspaces.com\/journalist\/808a0a26-c8e3-4124-93a0-8f1403c665e5\/thumbnail.jpeg\" \/>\n<meta name=\"author\" content=\"Vincent Vandegans\" \/>\n<meta name=\"twitter:card\" content=\"summary_large_image\" \/>\n<meta name=\"twitter:label1\" content=\"\u00c9crit par\" \/>\n\t<meta name=\"twitter:data1\" content=\"Vincent Vandegans\" \/>\n\t<meta name=\"twitter:label2\" content=\"Dur\u00e9e de lecture estim\u00e9e\" \/>\n\t<meta name=\"twitter:data2\" content=\"13 minutes\" \/>\n<script type=\"application\/ld+json\" class=\"yoast-schema-graph\">{\"@context\":\"https:\\\/\\\/schema.org\",\"@graph\":[{\"@type\":\"Article\",\"@id\":\"https:\\\/\\\/www.mobilier-design-occasion.fr\\\/magazine\\\/la-renaissance-de-larmoire-parisienne-dans-le-design-moderne\\\/#article\",\"isPartOf\":{\"@id\":\"https:\\\/\\\/www.mobilier-design-occasion.fr\\\/magazine\\\/la-renaissance-de-larmoire-parisienne-dans-le-design-moderne\\\/\"},\"author\":{\"name\":\"Vincent Vandegans\",\"@id\":\"https:\\\/\\\/www.mobilier-design-occasion.fr\\\/magazine\\\/#\\\/schema\\\/person\\\/af895bedc80bfb6b17730a672fddac9e\"},\"headline\":\"La Renaissance de l&#8217;Armoire Parisienne dans le Design Moderne\",\"datePublished\":\"2024-03-09T20:00:07+00:00\",\"mainEntityOfPage\":{\"@id\":\"https:\\\/\\\/www.mobilier-design-occasion.fr\\\/magazine\\\/la-renaissance-de-larmoire-parisienne-dans-le-design-moderne\\\/\"},\"wordCount\":2704,\"commentCount\":0,\"publisher\":{\"@id\":\"https:\\\/\\\/www.mobilier-design-occasion.fr\\\/magazine\\\/#organization\"},\"image\":{\"@id\":\"https:\\\/\\\/www.mobilier-design-occasion.fr\\\/magazine\\\/la-renaissance-de-larmoire-parisienne-dans-le-design-moderne\\\/#primaryimage\"},\"thumbnailUrl\":\"https:\\\/\\\/www.mobilier-design-occasion.fr\\\/magazine\\\/wp-content\\\/uploads\\\/2024\\\/03\\\/c3dc9722thumbnail.jpeg\",\"articleSection\":[\"Avis marques d\u00e9co\",\"Bureau\",\"Chambre\",\"Chambre enfant\",\"Chambre parent\",\"Cuisine\",\"Ext\u00e9rieur\",\"Lit cabane\",\"Salle \u00e0 manger\",\"Salle de bain\",\"Salon\",\"Tendances\"],\"inLanguage\":\"fr-FR\",\"potentialAction\":[{\"@type\":\"CommentAction\",\"name\":\"Comment\",\"target\":[\"https:\\\/\\\/www.mobilier-design-occasion.fr\\\/magazine\\\/la-renaissance-de-larmoire-parisienne-dans-le-design-moderne\\\/#respond\"]}]},{\"@type\":\"WebPage\",\"@id\":\"https:\\\/\\\/www.mobilier-design-occasion.fr\\\/magazine\\\/la-renaissance-de-larmoire-parisienne-dans-le-design-moderne\\\/\",\"url\":\"https:\\\/\\\/www.mobilier-design-occasion.fr\\\/magazine\\\/la-renaissance-de-larmoire-parisienne-dans-le-design-moderne\\\/\",\"name\":\"La Renaissance de l'Armoire Parisienne dans le Design Moderne - Mobilier Design Magazine\",\"isPartOf\":{\"@id\":\"https:\\\/\\\/www.mobilier-design-occasion.fr\\\/magazine\\\/#website\"},\"primaryImageOfPage\":{\"@id\":\"https:\\\/\\\/www.mobilier-design-occasion.fr\\\/magazine\\\/la-renaissance-de-larmoire-parisienne-dans-le-design-moderne\\\/#primaryimage\"},\"image\":{\"@id\":\"https:\\\/\\\/www.mobilier-design-occasion.fr\\\/magazine\\\/la-renaissance-de-larmoire-parisienne-dans-le-design-moderne\\\/#primaryimage\"},\"thumbnailUrl\":\"https:\\\/\\\/www.mobilier-design-occasion.fr\\\/magazine\\\/wp-content\\\/uploads\\\/2024\\\/03\\\/c3dc9722thumbnail.jpeg\",\"datePublished\":\"2024-03-09T20:00:07+00:00\",\"breadcrumb\":{\"@id\":\"https:\\\/\\\/www.mobilier-design-occasion.fr\\\/magazine\\\/la-renaissance-de-larmoire-parisienne-dans-le-design-moderne\\\/#breadcrumb\"},\"inLanguage\":\"fr-FR\",\"potentialAction\":[{\"@type\":\"ReadAction\",\"target\":[\"https:\\\/\\\/www.mobilier-design-occasion.fr\\\/magazine\\\/la-renaissance-de-larmoire-parisienne-dans-le-design-moderne\\\/\"]}]},{\"@type\":\"ImageObject\",\"inLanguage\":\"fr-FR\",\"@id\":\"https:\\\/\\\/www.mobilier-design-occasion.fr\\\/magazine\\\/la-renaissance-de-larmoire-parisienne-dans-le-design-moderne\\\/#primaryimage\",\"url\":\"https:\\\/\\\/www.mobilier-design-occasion.fr\\\/magazine\\\/wp-content\\\/uploads\\\/2024\\\/03\\\/c3dc9722thumbnail.jpeg\",\"contentUrl\":\"https:\\\/\\\/www.mobilier-design-occasion.fr\\\/magazine\\\/wp-content\\\/uploads\\\/2024\\\/03\\\/c3dc9722thumbnail.jpeg\",\"width\":1200,\"height\":1200},{\"@type\":\"BreadcrumbList\",\"@id\":\"https:\\\/\\\/www.mobilier-design-occasion.fr\\\/magazine\\\/la-renaissance-de-larmoire-parisienne-dans-le-design-moderne\\\/#breadcrumb\",\"itemListElement\":[{\"@type\":\"ListItem\",\"position\":1,\"name\":\"Accueil\",\"item\":\"https:\\\/\\\/www.mobilier-design-occasion.fr\\\/magazine\\\/\"},{\"@type\":\"ListItem\",\"position\":2,\"name\":\"La Renaissance de l&rsquo;Armoire Parisienne dans le Design Moderne\"}]},{\"@type\":\"WebSite\",\"@id\":\"https:\\\/\\\/www.mobilier-design-occasion.fr\\\/magazine\\\/#website\",\"url\":\"https:\\\/\\\/www.mobilier-design-occasion.fr\\\/magazine\\\/\",\"name\":\"Mobilier Design Magazine\",\"description\":\"\",\"publisher\":{\"@id\":\"https:\\\/\\\/www.mobilier-design-occasion.fr\\\/magazine\\\/#organization\"},\"potentialAction\":[{\"@type\":\"SearchAction\",\"target\":{\"@type\":\"EntryPoint\",\"urlTemplate\":\"https:\\\/\\\/www.mobilier-design-occasion.fr\\\/magazine\\\/?s={search_term_string}\"},\"query-input\":{\"@type\":\"PropertyValueSpecification\",\"valueRequired\":true,\"valueName\":\"search_term_string\"}}],\"inLanguage\":\"fr-FR\"},{\"@type\":\"Organization\",\"@id\":\"https:\\\/\\\/www.mobilier-design-occasion.fr\\\/magazine\\\/#organization\",\"name\":\"Mobilier Design Magazine\",\"url\":\"https:\\\/\\\/www.mobilier-design-occasion.fr\\\/magazine\\\/\",\"logo\":{\"@type\":\"ImageObject\",\"inLanguage\":\"fr-FR\",\"@id\":\"https:\\\/\\\/www.mobilier-design-occasion.fr\\\/magazine\\\/#\\\/schema\\\/logo\\\/image\\\/\",\"url\":\"https:\\\/\\\/www.mobilier-design-occasion.fr\\\/magazine\\\/wp-content\\\/uploads\\\/2024\\\/02\\\/android-chrome-192x192-1.png\",\"contentUrl\":\"https:\\\/\\\/www.mobilier-design-occasion.fr\\\/magazine\\\/wp-content\\\/uploads\\\/2024\\\/02\\\/android-chrome-192x192-1.png\",\"width\":192,\"height\":192,\"caption\":\"Mobilier Design Magazine\"},\"image\":{\"@id\":\"https:\\\/\\\/www.mobilier-design-occasion.fr\\\/magazine\\\/#\\\/schema\\\/logo\\\/image\\\/\"},\"sameAs\":[\"https:\\\/\\\/www.facebook.com\\\/mobilierdesignoccasion\"]},{\"@type\":\"Person\",\"@id\":\"https:\\\/\\\/www.mobilier-design-occasion.fr\\\/magazine\\\/#\\\/schema\\\/person\\\/af895bedc80bfb6b17730a672fddac9e\",\"name\":\"Vincent Vandegans\",\"image\":{\"@type\":\"ImageObject\",\"inLanguage\":\"fr-FR\",\"@id\":\"https:\\\/\\\/secure.gravatar.com\\\/avatar\\\/b984800dabdf722d5e3f03f637c8932dea77d81118467d17ad2953e3b273ec66?s=96&d=mm&r=g\",\"url\":\"https:\\\/\\\/secure.gravatar.com\\\/avatar\\\/b984800dabdf722d5e3f03f637c8932dea77d81118467d17ad2953e3b273ec66?s=96&d=mm&r=g\",\"contentUrl\":\"https:\\\/\\\/secure.gravatar.com\\\/avatar\\\/b984800dabdf722d5e3f03f637c8932dea77d81118467d17ad2953e3b273ec66?s=96&d=mm&r=g\",\"caption\":\"Vincent Vandegans\"},\"description\":\"Vincent est passionn\u00e9 par les produits d'occasion, il a ouvert le site MDO avec Cyrielle pour aider les gens \u00e0 trouver du mobilier d'occasion, vintage ou usag\u00e9. Depuis, ils ont \u00e9tendu leurs activit\u00e9s et conseillent tout le monde sur le mobilier d'int\u00e9rieur et d'ext\u00e9rieur au quotidien \u00e0 travers le magazine MDO.\",\"url\":\"https:\\\/\\\/www.mobilier-design-occasion.fr\\\/magazine\\\/author\\\/vincent\\\/\"}]}<\/script>\n<!-- \/ Yoast SEO plugin. -->","yoast_head_json":{"title":"La Renaissance de l'Armoire Parisienne dans le Design Moderne - Mobilier Design Magazine","robots":{"index":"index","follow":"follow","max-snippet":"max-snippet:-1","max-image-preview":"max-image-preview:large","max-video-preview":"max-video-preview:-1"},"canonical":"https:\/\/www.mobilier-design-occasion.fr\/magazine\/la-renaissance-de-larmoire-parisienne-dans-le-design-moderne\/","og_locale":"fr_FR","og_type":"article","og_title":"La Renaissance de l'Armoire Parisienne dans le Design Moderne - Mobilier Design Magazine","og_description":"L&#8217;engouement pour le design d&#8217;int\u00e9rieur a conduit \u00e0 la red\u00e9couverte et \u00e0 la r\u00e9\u00e9valuation des armoires parisiennes, des pi\u00e8ces de mobilier qui allient fonctionnalit\u00e9 et esth\u00e9tique raffin\u00e9e. Du style Art D\u00e9co aux tr\u00e9sors du XVII\u00e8me et XVIII\u00e8me si\u00e8cle, en passant par le charme du XIX\u00e8me si\u00e8cle jusqu&#8217;aux pi\u00e8ces uniques du XX\u00e8me si\u00e8cle, cet article explore [&hellip;]","og_url":"https:\/\/www.mobilier-design-occasion.fr\/magazine\/la-renaissance-de-larmoire-parisienne-dans-le-design-moderne\/","og_site_name":"Mobilier Design Magazine","article_publisher":"https:\/\/www.facebook.com\/mobilierdesignoccasion","article_published_time":"2024-03-09T20:00:07+00:00","og_image":[{"url":"https:\/\/contenu.nyc3.digitaloceanspaces.com\/journalist\/808a0a26-c8e3-4124-93a0-8f1403c665e5\/thumbnail.jpeg","type":"","width":"","height":""}],"author":"Vincent Vandegans","twitter_card":"summary_large_image","twitter_misc":{"\u00c9crit par":"Vincent Vandegans","Dur\u00e9e de lecture estim\u00e9e":"13 minutes"},"schema":{"@context":"https:\/\/schema.org","@graph":[{"@type":"Article","@id":"https:\/\/www.mobilier-design-occasion.fr\/magazine\/la-renaissance-de-larmoire-parisienne-dans-le-design-moderne\/#article","isPartOf":{"@id":"https:\/\/www.mobilier-design-occasion.fr\/magazine\/la-renaissance-de-larmoire-parisienne-dans-le-design-moderne\/"},"author":{"name":"Vincent Vandegans","@id":"https:\/\/www.mobilier-design-occasion.fr\/magazine\/#\/schema\/person\/af895bedc80bfb6b17730a672fddac9e"},"headline":"La Renaissance de l&#8217;Armoire Parisienne dans le Design Moderne","datePublished":"2024-03-09T20:00:07+00:00","mainEntityOfPage":{"@id":"https:\/\/www.mobilier-design-occasion.fr\/magazine\/la-renaissance-de-larmoire-parisienne-dans-le-design-moderne\/"},"wordCount":2704,"commentCount":0,"publisher":{"@id":"https:\/\/www.mobilier-design-occasion.fr\/magazine\/#organization"},"image":{"@id":"https:\/\/www.mobilier-design-occasion.fr\/magazine\/la-renaissance-de-larmoire-parisienne-dans-le-design-moderne\/#primaryimage"},"thumbnailUrl":"https:\/\/www.mobilier-design-occasion.fr\/magazine\/wp-content\/uploads\/2024\/03\/c3dc9722thumbnail.jpeg","articleSection":["Avis marques d\u00e9co","Bureau","Chambre","Chambre enfant","Chambre parent","Cuisine","Ext\u00e9rieur","Lit cabane","Salle \u00e0 manger","Salle de bain","Salon","Tendances"],"inLanguage":"fr-FR","potentialAction":[{"@type":"CommentAction","name":"Comment","target":["https:\/\/www.mobilier-design-occasion.fr\/magazine\/la-renaissance-de-larmoire-parisienne-dans-le-design-moderne\/#respond"]}]},{"@type":"WebPage","@id":"https:\/\/www.mobilier-design-occasion.fr\/magazine\/la-renaissance-de-larmoire-parisienne-dans-le-design-moderne\/","url":"https:\/\/www.mobilier-design-occasion.fr\/magazine\/la-renaissance-de-larmoire-parisienne-dans-le-design-moderne\/","name":"La Renaissance de l'Armoire Parisienne dans le Design Moderne - Mobilier Design Magazine","isPartOf":{"@id":"https:\/\/www.mobilier-design-occasion.fr\/magazine\/#website"},"primaryImageOfPage":{"@id":"https:\/\/www.mobilier-design-occasion.fr\/magazine\/la-renaissance-de-larmoire-parisienne-dans-le-design-moderne\/#primaryimage"},"image":{"@id":"https:\/\/www.mobilier-design-occasion.fr\/magazine\/la-renaissance-de-larmoire-parisienne-dans-le-design-moderne\/#primaryimage"},"thumbnailUrl":"https:\/\/www.mobilier-design-occasion.fr\/magazine\/wp-content\/uploads\/2024\/03\/c3dc9722thumbnail.jpeg","datePublished":"2024-03-09T20:00:07+00:00","breadcrumb":{"@id":"https:\/\/www.mobilier-design-occasion.fr\/magazine\/la-renaissance-de-larmoire-parisienne-dans-le-design-moderne\/#breadcrumb"},"inLanguage":"fr-FR","potentialAction":[{"@type":"ReadAction","target":["https:\/\/www.mobilier-design-occasion.fr\/magazine\/la-renaissance-de-larmoire-parisienne-dans-le-design-moderne\/"]}]},{"@type":"ImageObject","inLanguage":"fr-FR","@id":"https:\/\/www.mobilier-design-occasion.fr\/magazine\/la-renaissance-de-larmoire-parisienne-dans-le-design-moderne\/#primaryimage","url":"https:\/\/www.mobilier-design-occasion.fr\/magazine\/wp-content\/uploads\/2024\/03\/c3dc9722thumbnail.jpeg","contentUrl":"https:\/\/www.mobilier-design-occasion.fr\/magazine\/wp-content\/uploads\/2024\/03\/c3dc9722thumbnail.jpeg","width":1200,"height":1200},{"@type":"BreadcrumbList","@id":"https:\/\/www.mobilier-design-occasion.fr\/magazine\/la-renaissance-de-larmoire-parisienne-dans-le-design-moderne\/#breadcrumb","itemListElement":[{"@type":"ListItem","position":1,"name":"Accueil","item":"https:\/\/www.mobilier-design-occasion.fr\/magazine\/"},{"@type":"ListItem","position":2,"name":"La Renaissance de l&rsquo;Armoire Parisienne dans le Design Moderne"}]},{"@type":"WebSite","@id":"https:\/\/www.mobilier-design-occasion.fr\/magazine\/#website","url":"https:\/\/www.mobilier-design-occasion.fr\/magazine\/","name":"Mobilier Design Magazine","description":"","publisher":{"@id":"https:\/\/www.mobilier-design-occasion.fr\/magazine\/#organization"},"potentialAction":[{"@type":"SearchAction","target":{"@type":"EntryPoint","urlTemplate":"https:\/\/www.mobilier-design-occasion.fr\/magazine\/?s={search_term_string}"},"query-input":{"@type":"PropertyValueSpecification","valueRequired":true,"valueName":"search_term_string"}}],"inLanguage":"fr-FR"},{"@type":"Organization","@id":"https:\/\/www.mobilier-design-occasion.fr\/magazine\/#organization","name":"Mobilier Design Magazine","url":"https:\/\/www.mobilier-design-occasion.fr\/magazine\/","logo":{"@type":"ImageObject","inLanguage":"fr-FR","@id":"https:\/\/www.mobilier-design-occasion.fr\/magazine\/#\/schema\/logo\/image\/","url":"https:\/\/www.mobilier-design-occasion.fr\/magazine\/wp-content\/uploads\/2024\/02\/android-chrome-192x192-1.png","contentUrl":"https:\/\/www.mobilier-design-occasion.fr\/magazine\/wp-content\/uploads\/2024\/02\/android-chrome-192x192-1.png","width":192,"height":192,"caption":"Mobilier Design Magazine"},"image":{"@id":"https:\/\/www.mobilier-design-occasion.fr\/magazine\/#\/schema\/logo\/image\/"},"sameAs":["https:\/\/www.facebook.com\/mobilierdesignoccasion"]},{"@type":"Person","@id":"https:\/\/www.mobilier-design-occasion.fr\/magazine\/#\/schema\/person\/af895bedc80bfb6b17730a672fddac9e","name":"Vincent Vandegans","image":{"@type":"ImageObject","inLanguage":"fr-FR","@id":"https:\/\/secure.gravatar.com\/avatar\/b984800dabdf722d5e3f03f637c8932dea77d81118467d17ad2953e3b273ec66?s=96&d=mm&r=g","url":"https:\/\/secure.gravatar.com\/avatar\/b984800dabdf722d5e3f03f637c8932dea77d81118467d17ad2953e3b273ec66?s=96&d=mm&r=g","contentUrl":"https:\/\/secure.gravatar.com\/avatar\/b984800dabdf722d5e3f03f637c8932dea77d81118467d17ad2953e3b273ec66?s=96&d=mm&r=g","caption":"Vincent Vandegans"},"description":"Vincent est passionn\u00e9 par les produits d'occasion, il a ouvert le site MDO avec Cyrielle pour aider les gens \u00e0 trouver du mobilier d'occasion, vintage ou usag\u00e9. Depuis, ils ont \u00e9tendu leurs activit\u00e9s et conseillent tout le monde sur le mobilier d'int\u00e9rieur et d'ext\u00e9rieur au quotidien \u00e0 travers le magazine MDO.","url":"https:\/\/www.mobilier-design-occasion.fr\/magazine\/author\/vincent\/"}]}},"_links":{"self":[{"href":"https:\/\/www.mobilier-design-occasion.fr\/magazine\/wp-json\/wp\/v2\/posts\/7620","targetHints":{"allow":["GET"]}}],"collection":[{"href":"https:\/\/www.mobilier-design-occasion.fr\/magazine\/wp-json\/wp\/v2\/posts"}],"about":[{"href":"https:\/\/www.mobilier-design-occasion.fr\/magazine\/wp-json\/wp\/v2\/types\/post"}],"author":[{"embeddable":true,"href":"https:\/\/www.mobilier-design-occasion.fr\/magazine\/wp-json\/wp\/v2\/users\/2"}],"replies":[{"embeddable":true,"href":"https:\/\/www.mobilier-design-occasion.fr\/magazine\/wp-json\/wp\/v2\/comments?post=7620"}],"version-history":[{"count":0,"href":"https:\/\/www.mobilier-design-occasion.fr\/magazine\/wp-json\/wp\/v2\/posts\/7620\/revisions"}],"wp:featuredmedia":[{"embeddable":true,"href":"https:\/\/www.mobilier-design-occasion.fr\/magazine\/wp-json\/wp\/v2\/media\/7619"}],"wp:attachment":[{"href":"https:\/\/www.mobilier-design-occasion.fr\/magazine\/wp-json\/wp\/v2\/media?parent=7620"}],"wp:term":[{"taxonomy":"category","embeddable":true,"href":"https:\/\/www.mobilier-design-occasion.fr\/magazine\/wp-json\/wp\/v2\/categories?post=7620"},{"taxonomy":"post_tag","embeddable":true,"href":"https:\/\/www.mobilier-design-occasion.fr\/magazine\/wp-json\/wp\/v2\/tags?post=7620"}],"curies":[{"name":"wp","href":"https:\/\/api.w.org\/{rel}","templated":true}]}}