{"id":7573,"date":"2024-03-04T00:16:04","date_gmt":"2024-03-04T00:16:04","guid":{"rendered":"https:\/\/www.mobilier-design-occasion.fr\/magazine\/le-charme-unique-du-canape-bubble-confort-et-design-revolutionnaire\/"},"modified":"2024-03-04T00:16:04","modified_gmt":"2024-03-04T00:16:04","slug":"le-charme-unique-du-canape-bubble-confort-et-design-revolutionnaire","status":"publish","type":"post","link":"https:\/\/www.mobilier-design-occasion.fr\/magazine\/le-charme-unique-du-canape-bubble-confort-et-design-revolutionnaire\/","title":{"rendered":"Le charme unique du canap\u00e9 bubble : Confort et design r\u00e9volutionnaire"},"content":{"rendered":"<p>Le canap\u00e9 bubble, avec son design unique et confort exceptionnel, est plus qu&#8217;un simple meuble ; c&#8217;est une ic\u00f4ne de la mode et du design r\u00e9volutionnaire. Ce canap\u00e9, qui doit une grande partie de son charme et de son \u00e9l\u00e9gance \u00e0 Pierre Cardin, un visionnaire dans le monde de la mode et du design d&#8217;int\u00e9rieur, repr\u00e9sente une fusion parfaite entre l&#8217;art, la culture et le confort. Cet article explore l&#8217;ascension du canap\u00e9 bubble, son influence sur la d\u00e9coration d&#8217;int\u00e9rieur, et son h\u00e9ritage durable dans le monde du design.<\/p>\n<h3><span class=\"ez-toc-section\" id=\"Points_Cles\"><\/span>Points Cl\u00e9s<span class=\"ez-toc-section-end\"><\/span><\/h3><div id=\"ez-toc-container\" class=\"ez-toc-v2_0_82_2 counter-hierarchy ez-toc-counter ez-toc-grey ez-toc-container-direction\">\n<div class=\"ez-toc-title-container\">\n<span class=\"ez-toc-title-toggle\"><a href=\"#\" class=\"ez-toc-pull-right ez-toc-btn ez-toc-btn-xs ez-toc-btn-default ez-toc-toggle\" aria-label=\"Toggle Table of Content\"><span class=\"ez-toc-js-icon-con\"><span class=\"\"><span class=\"eztoc-hide\" style=\"display:none;\">Toggle<\/span><span class=\"ez-toc-icon-toggle-span\"><svg style=\"fill: #999;color:#999\" xmlns=\"http:\/\/www.w3.org\/2000\/svg\" class=\"list-377408\" width=\"20px\" height=\"20px\" viewBox=\"0 0 24 24\" fill=\"none\"><path d=\"M6 6H4v2h2V6zm14 0H8v2h12V6zM4 11h2v2H4v-2zm16 0H8v2h12v-2zM4 16h2v2H4v-2zm16 0H8v2h12v-2z\" fill=\"currentColor\"><\/path><\/svg><svg style=\"fill: #999;color:#999\" class=\"arrow-unsorted-368013\" xmlns=\"http:\/\/www.w3.org\/2000\/svg\" width=\"10px\" height=\"10px\" viewBox=\"0 0 24 24\" version=\"1.2\" baseProfile=\"tiny\"><path d=\"M18.2 9.3l-6.2-6.3-6.2 6.3c-.2.2-.3.4-.3.7s.1.5.3.7c.2.2.4.3.7.3h11c.3 0 .5-.1.7-.3.2-.2.3-.5.3-.7s-.1-.5-.3-.7zM5.8 14.7l6.2 6.3 6.2-6.3c.2-.2.3-.5.3-.7s-.1-.5-.3-.7c-.2-.2-.4-.3-.7-.3h-11c-.3 0-.5.1-.7.3-.2.2-.3.5-.3.7s.1.5.3.7z\"\/><\/svg><\/span><\/span><\/span><\/a><\/span><\/div>\n<nav><ul class='ez-toc-list ez-toc-list-level-1 eztoc-toggle-hide-by-default' ><ul class='ez-toc-list-level-3' ><li class='ez-toc-heading-level-3'><a class=\"ez-toc-link ez-toc-heading-1\" href=\"https:\/\/www.mobilier-design-occasion.fr\/magazine\/le-charme-unique-du-canape-bubble-confort-et-design-revolutionnaire\/#Points_Cles\" >Points Cl\u00e9s<\/a><\/li><\/ul><\/li><li class='ez-toc-page-1 ez-toc-heading-level-2'><a class=\"ez-toc-link ez-toc-heading-2\" href=\"https:\/\/www.mobilier-design-occasion.fr\/magazine\/le-charme-unique-du-canape-bubble-confort-et-design-revolutionnaire\/#Lascension_dun_icone_Pierre_Cardin_et_le_canape_bubble\" >L&#8217;ascension d&#8217;un ic\u00f4ne : Pierre Cardin et le canap\u00e9 bubble<\/a><ul class='ez-toc-list-level-3' ><li class='ez-toc-heading-level-3'><a class=\"ez-toc-link ez-toc-heading-3\" href=\"https:\/\/www.mobilier-design-occasion.fr\/magazine\/le-charme-unique-du-canape-bubble-confort-et-design-revolutionnaire\/#Des_debuts_prometteurs_dans_la_haute_couture\" >Des d\u00e9buts prometteurs dans la haute couture<\/a><\/li><li class='ez-toc-page-1 ez-toc-heading-level-3'><a class=\"ez-toc-link ez-toc-heading-4\" href=\"https:\/\/www.mobilier-design-occasion.fr\/magazine\/le-charme-unique-du-canape-bubble-confort-et-design-revolutionnaire\/#La_diversification_reussie_du_pret-a-porter_au_design_dinterieur\" >La diversification r\u00e9ussie : du pr\u00eat-\u00e0-porter au design d&#8217;int\u00e9rieur<\/a><\/li><li class='ez-toc-page-1 ez-toc-heading-level-3'><a class=\"ez-toc-link ez-toc-heading-5\" href=\"https:\/\/www.mobilier-design-occasion.fr\/magazine\/le-charme-unique-du-canape-bubble-confort-et-design-revolutionnaire\/#LEspace_Pierre_Cardin_et_le_Palais_Bulles_des_lieux_emblematiques\" >L&#8217;Espace Pierre Cardin et le Palais Bulles : des lieux embl\u00e9matiques<\/a><\/li><\/ul><\/li><li class='ez-toc-page-1 ez-toc-heading-level-2'><a class=\"ez-toc-link ez-toc-heading-6\" href=\"https:\/\/www.mobilier-design-occasion.fr\/magazine\/le-charme-unique-du-canape-bubble-confort-et-design-revolutionnaire\/#Le_canape_bubble_Plus_quun_simple_meuble\" >Le canap\u00e9 bubble : Plus qu&#8217;un simple meuble<\/a><ul class='ez-toc-list-level-3' ><li class='ez-toc-heading-level-3'><a class=\"ez-toc-link ez-toc-heading-7\" href=\"https:\/\/www.mobilier-design-occasion.fr\/magazine\/le-charme-unique-du-canape-bubble-confort-et-design-revolutionnaire\/#Un_design_revolutionnaire\" >Un design r\u00e9volutionnaire<\/a><\/li><li class='ez-toc-page-1 ez-toc-heading-level-3'><a class=\"ez-toc-link ez-toc-heading-8\" href=\"https:\/\/www.mobilier-design-occasion.fr\/magazine\/le-charme-unique-du-canape-bubble-confort-et-design-revolutionnaire\/#Confort_et_esthetique_une_combinaison_gagnante\" >Confort et esth\u00e9tique : une combinaison gagnante<\/a><\/li><li class='ez-toc-page-1 ez-toc-heading-level-3'><a class=\"ez-toc-link ez-toc-heading-9\" href=\"https:\/\/www.mobilier-design-occasion.fr\/magazine\/le-charme-unique-du-canape-bubble-confort-et-design-revolutionnaire\/#Linfluence_de_Pierre_Cardin_sur_le_design_moderne\" >L&#8217;influence de Pierre Cardin sur le design moderne<\/a><\/li><\/ul><\/li><li class='ez-toc-page-1 ez-toc-heading-level-2'><a class=\"ez-toc-link ez-toc-heading-10\" href=\"https:\/\/www.mobilier-design-occasion.fr\/magazine\/le-charme-unique-du-canape-bubble-confort-et-design-revolutionnaire\/#Au-dela_de_la_mode_Lempreinte_de_Cardin_dans_lart_et_la_culture\" >Au-del\u00e0 de la mode : L&#8217;empreinte de Cardin dans l&#8217;art et la culture<\/a><ul class='ez-toc-list-level-3' ><li class='ez-toc-heading-level-3'><a class=\"ez-toc-link ez-toc-heading-11\" href=\"https:\/\/www.mobilier-design-occasion.fr\/magazine\/le-charme-unique-du-canape-bubble-confort-et-design-revolutionnaire\/#Mecenat_et_recompenses_soutien_aux_arts_et_a_la_creation\" >M\u00e9c\u00e9nat et r\u00e9compenses : soutien aux arts et \u00e0 la cr\u00e9ation<\/a><\/li><li class='ez-toc-page-1 ez-toc-heading-level-3'><a class=\"ez-toc-link ez-toc-heading-12\" href=\"https:\/\/www.mobilier-design-occasion.fr\/magazine\/le-charme-unique-du-canape-bubble-confort-et-design-revolutionnaire\/#Les_collaborations_artistiques_de_Cocteau_a_Plissetskaia\" >Les collaborations artistiques : de Cocteau \u00e0 Plissetska\u00efa<\/a><\/li><li class='ez-toc-page-1 ez-toc-heading-level-3'><a class=\"ez-toc-link ez-toc-heading-13\" href=\"https:\/\/www.mobilier-design-occasion.fr\/magazine\/le-charme-unique-du-canape-bubble-confort-et-design-revolutionnaire\/#Un_empire_culturel_etendu_de_la_parfumerie_aux_restaurants\" >Un empire culturel \u00e9tendu : de la parfumerie aux restaurants<\/a><\/li><\/ul><\/li><li class='ez-toc-page-1 ez-toc-heading-level-2'><a class=\"ez-toc-link ez-toc-heading-14\" href=\"https:\/\/www.mobilier-design-occasion.fr\/magazine\/le-charme-unique-du-canape-bubble-confort-et-design-revolutionnaire\/#Le_canape_bubble_dans_lunivers_de_la_decoration_dinterieur\" >Le canap\u00e9 bubble dans l&#8217;univers de la d\u00e9coration d&#8217;int\u00e9rieur<\/a><ul class='ez-toc-list-level-3' ><li class='ez-toc-heading-level-3'><a class=\"ez-toc-link ez-toc-heading-15\" href=\"https:\/\/www.mobilier-design-occasion.fr\/magazine\/le-charme-unique-du-canape-bubble-confort-et-design-revolutionnaire\/#Comment_integrer_le_canape_bubble_dans_son_interieur\" >Comment int\u00e9grer le canap\u00e9 bubble dans son int\u00e9rieur ?<\/a><\/li><li class='ez-toc-page-1 ez-toc-heading-level-3'><a class=\"ez-toc-link ez-toc-heading-16\" href=\"https:\/\/www.mobilier-design-occasion.fr\/magazine\/le-charme-unique-du-canape-bubble-confort-et-design-revolutionnaire\/#Limpact_du_canape_bubble_sur_les_tendances_actuelles\" >L&#8217;impact du canap\u00e9 bubble sur les tendances actuelles<\/a><\/li><li class='ez-toc-page-1 ez-toc-heading-level-3'><a class=\"ez-toc-link ez-toc-heading-17\" href=\"https:\/\/www.mobilier-design-occasion.fr\/magazine\/le-charme-unique-du-canape-bubble-confort-et-design-revolutionnaire\/#Des_conseils_pour_choisir_son_canape_bubble\" >Des conseils pour choisir son canap\u00e9 bubble<\/a><\/li><\/ul><\/li><li class='ez-toc-page-1 ez-toc-heading-level-2'><a class=\"ez-toc-link ez-toc-heading-18\" href=\"https:\/\/www.mobilier-design-occasion.fr\/magazine\/le-charme-unique-du-canape-bubble-confort-et-design-revolutionnaire\/#Lheritage_et_lavenir_du_canape_bubble\" >L&#8217;h\u00e9ritage et l&#8217;avenir du canap\u00e9 bubble<\/a><ul class='ez-toc-list-level-3' ><li class='ez-toc-heading-level-3'><a class=\"ez-toc-link ez-toc-heading-19\" href=\"https:\/\/www.mobilier-design-occasion.fr\/magazine\/le-charme-unique-du-canape-bubble-confort-et-design-revolutionnaire\/#Le_canape_bubble_un_classique_intemporel\" >Le canap\u00e9 bubble : un classique intemporel<\/a><\/li><li class='ez-toc-page-1 ez-toc-heading-level-3'><a class=\"ez-toc-link ez-toc-heading-20\" href=\"https:\/\/www.mobilier-design-occasion.fr\/magazine\/le-charme-unique-du-canape-bubble-confort-et-design-revolutionnaire\/#Les_innovations_contemporaines_inspirees_par_le_canape_bubble\" >Les innovations contemporaines inspir\u00e9es par le canap\u00e9 bubble<\/a><\/li><li class='ez-toc-page-1 ez-toc-heading-level-3'><a class=\"ez-toc-link ez-toc-heading-21\" href=\"https:\/\/www.mobilier-design-occasion.fr\/magazine\/le-charme-unique-du-canape-bubble-confort-et-design-revolutionnaire\/#Quel_futur_pour_le_design_du_canape_bubble\" >Quel futur pour le design du canap\u00e9 bubble ?<\/a><\/li><\/ul><\/li><li class='ez-toc-page-1 ez-toc-heading-level-2'><a class=\"ez-toc-link ez-toc-heading-22\" href=\"https:\/\/www.mobilier-design-occasion.fr\/magazine\/le-charme-unique-du-canape-bubble-confort-et-design-revolutionnaire\/#Conclusion\" >Conclusion<\/a><\/li><li class='ez-toc-page-1 ez-toc-heading-level-2'><a class=\"ez-toc-link ez-toc-heading-23\" href=\"https:\/\/www.mobilier-design-occasion.fr\/magazine\/le-charme-unique-du-canape-bubble-confort-et-design-revolutionnaire\/#Foire_aux_questions\" >Foire aux questions<\/a><ul class='ez-toc-list-level-3' ><li class='ez-toc-heading-level-3'><a class=\"ez-toc-link ez-toc-heading-24\" href=\"https:\/\/www.mobilier-design-occasion.fr\/magazine\/le-charme-unique-du-canape-bubble-confort-et-design-revolutionnaire\/#Quest-ce_qui_a_inspire_le_design_du_canape_bubble\" >Qu&#8217;est-ce qui a inspir\u00e9 le design du canap\u00e9 bubble ?<\/a><\/li><li class='ez-toc-page-1 ez-toc-heading-level-3'><a class=\"ez-toc-link ez-toc-heading-25\" href=\"https:\/\/www.mobilier-design-occasion.fr\/magazine\/le-charme-unique-du-canape-bubble-confort-et-design-revolutionnaire\/#Comment_Pierre_Cardin_a-t-il_diversifie_ses_activites_dans_le_design_dinterieur\" >Comment Pierre Cardin a-t-il diversifi\u00e9 ses activit\u00e9s dans le design d&#8217;int\u00e9rieur ?<\/a><\/li><li class='ez-toc-page-1 ez-toc-heading-level-3'><a class=\"ez-toc-link ez-toc-heading-26\" href=\"https:\/\/www.mobilier-design-occasion.fr\/magazine\/le-charme-unique-du-canape-bubble-confort-et-design-revolutionnaire\/#Quel_est_le_lien_entre_Pierre_Cardin_et_lEspace_Pierre_Cardin\" >Quel est le lien entre Pierre Cardin et l&#8217;Espace Pierre Cardin ?<\/a><\/li><li class='ez-toc-page-1 ez-toc-heading-level-3'><a class=\"ez-toc-link ez-toc-heading-27\" href=\"https:\/\/www.mobilier-design-occasion.fr\/magazine\/le-charme-unique-du-canape-bubble-confort-et-design-revolutionnaire\/#En_quoi_le_canape_bubble_est-il_considere_comme_revolutionnaire\" >En quoi le canap\u00e9 bubble est-il consid\u00e9r\u00e9 comme r\u00e9volutionnaire ?<\/a><\/li><li class='ez-toc-page-1 ez-toc-heading-level-3'><a class=\"ez-toc-link ez-toc-heading-28\" href=\"https:\/\/www.mobilier-design-occasion.fr\/magazine\/le-charme-unique-du-canape-bubble-confort-et-design-revolutionnaire\/#Quelles_ont_ete_les_contributions_de_Pierre_Cardin_au-dela_de_la_mode\" >Quelles ont \u00e9t\u00e9 les contributions de Pierre Cardin au-del\u00e0 de la mode ?<\/a><\/li><li class='ez-toc-page-1 ez-toc-heading-level-3'><a class=\"ez-toc-link ez-toc-heading-29\" href=\"https:\/\/www.mobilier-design-occasion.fr\/magazine\/le-charme-unique-du-canape-bubble-confort-et-design-revolutionnaire\/#Comment_integrer_le_canape_bubble_dans_son_interieur-2\" >Comment int\u00e9grer le canap\u00e9 bubble dans son int\u00e9rieur ?<\/a><\/li><\/ul><\/li><\/ul><\/nav><\/div>\n\n<ul>\n<li>Pierre Cardin, un pionnier de la haute couture, a jou\u00e9 un r\u00f4le crucial dans l&#8217;introduction du canap\u00e9 bubble, marquant l&#8217;industrie du design d&#8217;int\u00e9rieur.<\/li>\n<li>Le canap\u00e9 bubble est reconnu pour son design r\u00e9volutionnaire qui combine confort et esth\u00e9tique, d\u00e9fiant les conventions du mobilier traditionnel.<\/li>\n<li>L&#8217;impact de Pierre Cardin s&#8217;\u00e9tend au-del\u00e0 de la mode, influen\u00e7ant l&#8217;art et la culture \u00e0 travers le m\u00e9c\u00e9nat, les r\u00e9compenses et les collaborations artistiques.<\/li>\n<li>Dans l&#8217;univers de la d\u00e9coration d&#8217;int\u00e9rieur, le canap\u00e9 bubble reste une pi\u00e8ce ma\u00eetresse, influen\u00e7ant les tendances actuelles et offrant des conseils pour son int\u00e9gration.<\/li>\n<li>L&#8217;h\u00e9ritage du canap\u00e9 bubble se perp\u00e9tue avec des innovations contemporaines inspir\u00e9es par son design, promettant un avenir brillant pour cette ic\u00f4ne intemporelle.<\/li>\n<\/ul>\n<h2><span class=\"ez-toc-section\" id=\"Lascension_dun_icone_Pierre_Cardin_et_le_canape_bubble\"><\/span>L&#8217;ascension d&#8217;un ic\u00f4ne : Pierre Cardin et le canap\u00e9 bubble<span class=\"ez-toc-section-end\"><\/span><\/h2>\n<p><img decoding=\"async\" style=\"max-width: 100%; max-height: 200px;\" src=\"https:\/\/contenu.nyc3.digitaloceanspaces.com\/journalist\/c9f3593a-f1be-44d6-a5ea-67011354b5af\/thumbnail.jpeg\" alt=\"L'ascension d'un ic\u00f4ne : Pierre Cardin et le canap\u00e9 bubble\" ><\/p>\n<h3><span class=\"ez-toc-section\" id=\"Des_debuts_prometteurs_dans_la_haute_couture\"><\/span>Des d\u00e9buts prometteurs dans la haute couture<span class=\"ez-toc-section-end\"><\/span><\/h3>\n<p>Pierre Cardin, un nom qui r\u00e9sonne avec prestige dans le monde de la mode, a commenc\u00e9 son parcours de mani\u00e8re humble. <a href=\"https:\/\/www.mobilier-design-occasion.fr\/magazine\/category\/avis\/\">Arriv\u00e9 \u00e0 Paris en 1945<\/a>, il fait ses premiers pas chez Paquin puis chez Schiaparelli, marquant le d\u00e9but d&#8217;une carri\u00e8re exceptionnelle. C&#8217;est cette m\u00eame ann\u00e9e qu&#8217;il rencontre des figures embl\u00e9matiques comme Cocteau et B\u00e9rard, collaborant sur les costumes et masques pour <em>La Belle et la B\u00eate<\/em>. Une exp\u00e9rience qui forge son identit\u00e9 cr\u00e9ative.<\/p>\n<blockquote><p>\nEn 1950, il fonde sa propre maison, se consacrant pleinement \u00e0 sa passion pour la mode.\n<\/p><\/blockquote>\n<p>Cette d\u00e9cision marque un tournant dans sa carri\u00e8re, le propulsant vers de nouveaux horizons. D\u00e8s lors, Cardin ne cesse d&#8217;innover, explorant de nouveaux mat\u00e9riaux et concepts, loin des sentiers battus de la haute couture. Son audace et sa vision r\u00e9volutionnaire lui valent rapidement une reconnaissance mondiale.<\/p>\n<h3><span class=\"ez-toc-section\" id=\"La_diversification_reussie_du_pret-a-porter_au_design_dinterieur\"><\/span>La diversification r\u00e9ussie : du pr\u00eat-\u00e0-porter au design d&#8217;int\u00e9rieur<span class=\"ez-toc-section-end\"><\/span><\/h3>\n<p>Apr\u00e8s avoir conquis le monde de la haute couture, Pierre Cardin a embrass\u00e9 avec succ\u00e8s la diversification de ses activit\u00e9s. <strong>L&#8217;ouverture de l&#8217;<a href=\"https:\/\/www.mobilier-design-occasion.fr\/magazine\/category\/salon\/\">Espace Pierre Cardin<\/a><\/strong> et la construction du Palais Bulles sont des t\u00e9moins de cette expansion audacieuse. Ces lieux ne sont pas seulement des espaces physiques mais des symboles de l&#8217;innovation et de la cr\u00e9ativit\u00e9 de Cardin.<\/p>\n<blockquote><p>\nL&#8217;audace de Cardin ne s&#8217;est pas arr\u00eat\u00e9e \u00e0 la mode. Il a explor\u00e9 avec succ\u00e8s le design d&#8217;int\u00e9rieur, la porcelaine, et m\u00eame la cr\u00e9ation de restaurants et de boutiques, marquant ainsi le d\u00e9but d&#8217;un empire diversifi\u00e9.\n<\/p><\/blockquote>\n<p>La diversification de Cardin s&#8217;\u00e9tend bien au-del\u00e0 de la mode, touchant des domaines aussi vari\u00e9s que le mobilier, la parfumerie et la restauration. Cette expansion a permis \u00e0 Cardin de toucher un public plus large, tout en restant fid\u00e8le \u00e0 son esprit d&#8217;innovation.<\/p>\n<h3><span class=\"ez-toc-section\" id=\"LEspace_Pierre_Cardin_et_le_Palais_Bulles_des_lieux_emblematiques\"><\/span>L&#8217;Espace Pierre Cardin et le Palais Bulles : des lieux embl\u00e9matiques<span class=\"ez-toc-section-end\"><\/span><\/h3>\n<p>L&#8217;Espace <a href=\"https:\/\/www.mobilier-design-occasion.fr\/magazine\/category\/salon\/salle-a-manger\/\">Pierre Cardin<\/a>, inaugur\u00e9 au pied des Champs-Elys\u00e9es, et le Palais Bulles, situ\u00e9 sur la C\u00f4te d&#8217;Azur, sont plus que de simples lieux; ils incarnent la vision avant-gardiste de Pierre Cardin. Ces espaces, con\u00e7us pour accueillir des cr\u00e9ateurs et des \u00e9v\u00e9nements culturels, refl\u00e8tent l&#8217;engagement de Cardin envers l&#8217;art et le design.<\/p>\n<p><strong>L&#8217;ouverture de l&#8217;Espace Pierre Cardin et la construction du Palais Bulles marquent un tournant dans la carri\u00e8re de Cardin<\/strong>, illustrant son d\u00e9sir de fusionner la mode, l&#8217;art et l&#8217;architecture. Ces lieux sont devenus des points de rencontre pour les passionn\u00e9s de design et de culture, offrant une source d&#8217;inspiration in\u00e9puisable.<\/p>\n<blockquote><p>\nCes espaces ne sont pas seulement des lieux d&#8217;exposition; ils sont le reflet de l&#8217;ambition et de la cr\u00e9ativit\u00e9 de Pierre Cardin.\n<\/p><\/blockquote>\n<ul>\n<li><strong>L&#8217;Espace Pierre Cardin<\/strong> : un centre culturel et commercial au c\u0153ur de Paris.<\/li>\n<li><strong>Le Palais Bulles<\/strong> : une architecture unique sur la C\u00f4te d&#8217;Azur, accueillant des cr\u00e9ateurs du monde entier.<\/li>\n<\/ul>\n<p>Ces lieux embl\u00e9matiques continuent d&#8217;attirer des visiteurs du monde entier, d\u00e9sireux de plonger dans l&#8217;univers de Pierre Cardin.<\/p>\n<h2><span class=\"ez-toc-section\" id=\"Le_canape_bubble_Plus_quun_simple_meuble\"><\/span>Le canap\u00e9 bubble : Plus qu&#8217;un simple meuble<span class=\"ez-toc-section-end\"><\/span><\/h2>\n<p><img decoding=\"async\" style=\"max-width: 100%; max-height: 200px;\" src=\"https:\/\/contenu.nyc3.digitaloceanspaces.com\/journalist\/36f6483f-1a1e-4688-bc70-ca176544d09e\/thumbnail.jpeg\" alt=\"Le canap\u00e9 bubble : Plus qu'un simple meuble\" ><\/p>\n<h3><span class=\"ez-toc-section\" id=\"Un_design_revolutionnaire\"><\/span>Un design r\u00e9volutionnaire<span class=\"ez-toc-section-end\"><\/span><\/h3>\n<p>Le canap\u00e9 bubble, avec sa forme organique et ses courbes enveloppantes, incarne parfaitement l&#8217;esprit d&#8217;innovation et de cr\u00e9ativit\u00e9 qui animait Pierre Cardin. <strong>Ce meuble n&#8217;est pas seulement un objet de d\u00e9coration, mais une v\u00e9ritable \u0153uvre d&#8217;art<\/strong>, capable de transformer l&#8217;ambiance de n&#8217;importe quel espace. Sa conception unique repose sur une approche avant-gardiste du design d&#8217;int\u00e9rieur, brisant les conventions et introduisant une nouvelle fa\u00e7on de penser l&#8217;am\u00e9nagement des espaces de vie.<\/p>\n<blockquote><p>\nLe canap\u00e9 bubble est plus qu&#8217;un simple meuble; il est le symbole d&#8217;une \u00e9poque r\u00e9volue et d&#8217;un futur prometteur.\n<\/p><\/blockquote>\n<p>Les caract\u00e9ristiques principales du canap\u00e9 bubble incluent:<\/p>\n<ul>\n<li>Sa forme sph\u00e9rique et fluide<\/li>\n<li>L&#8217;utilisation de mat\u00e9riaux innovants<\/li>\n<li>Une <a href=\"https:\/\/www.mobilier-design-occasion.fr\/magazine\/poltronesofa-comment-choisir-son-nouveau-canape-lit\/\">exp\u00e9rience de confort in\u00e9gal\u00e9e<\/a><\/li>\n<li>Une esth\u00e9tique futuriste et intemporelle<\/li>\n<\/ul>\n<h3><span class=\"ez-toc-section\" id=\"Confort_et_esthetique_une_combinaison_gagnante\"><\/span>Confort et esth\u00e9tique : une combinaison gagnante<span class=\"ez-toc-section-end\"><\/span><\/h3>\n<p>Le canap\u00e9 bubble, avec son allure futuriste et ses courbes g\u00e9n\u00e9reuses, incarne parfaitement l&#8217;\u00e9quilibre entre confort et esth\u00e9tique. <strong>Ce n&#8217;est pas seulement un objet de d\u00e9coration<\/strong>, mais aussi un v\u00e9ritable havre de paix pour ceux qui cherchent \u00e0 se d\u00e9tendre apr\u00e8s une longue journ\u00e9e.<\/p>\n<blockquote><p>\nLe design r\u00e9volutionnaire du canap\u00e9 bubble ne sacrifie en rien le confort. Au contraire, il le met en avant, faisant de ce meuble un choix privil\u00e9gi\u00e9 pour tout int\u00e9rieur moderne.\n<\/p><\/blockquote>\n<p>Voici quelques raisons pour lesquelles le canap\u00e9 bubble est tant appr\u00e9ci\u00e9 :<\/p>\n<ul>\n<li>Son assise profonde et moelleuse invite \u00e0 la d\u00e9tente.<\/li>\n<li>Les mat\u00e9riaux de haute qualit\u00e9 assurent une <a href=\"https:\/\/www.mobilier-design-occasion.fr\/magazine\/tag\/canape\/\">long\u00e9vit\u00e9 exceptionnelle<\/a>.<\/li>\n<li>Son design unique fait de lui un point focal dans n&#8217;importe quelle pi\u00e8ce.<\/li>\n<li>La vari\u00e9t\u00e9 de couleurs disponibles permet de l&#8217;adapter \u00e0 tous les go\u00fbts et int\u00e9rieurs.<\/li>\n<\/ul>\n<h3><span class=\"ez-toc-section\" id=\"Linfluence_de_Pierre_Cardin_sur_le_design_moderne\"><\/span>L&#8217;influence de Pierre Cardin sur le design moderne<span class=\"ez-toc-section-end\"><\/span><\/h3>\n<p>Pierre Cardin n&#8217;est pas seulement un nom c\u00e9l\u00e8bre dans le monde de la haute couture, mais aussi un pionnier dans le domaine du design d&#8217;int\u00e9rieur, notamment avec son embl\u00e9matique canap\u00e9 bubble. <strong>Son approche visionnaire a r\u00e9volutionn\u00e9 la mani\u00e8re dont nous percevons le mobilier<\/strong>, transformant des objets du quotidien en v\u00e9ritables \u0153uvres d&#8217;art.<\/p>\n<blockquote><p>\nCardin a toujours \u00e9t\u00e9 en avance sur son temps, m\u00e9langeant l&#8217;art et la fonctionnalit\u00e9 de mani\u00e8re unique.\n<\/p><\/blockquote>\n<p>Son influence ne se limite pas \u00e0 ses cr\u00e9ations, mais s&#8217;\u00e9tend \u00e0 sa capacit\u00e9 \u00e0 inspirer les designers modernes. Voici quelques aspects cl\u00e9s de son h\u00e9ritage dans le design moderne :<\/p>\n<ul>\n<li><strong>L&#8217;innovation<\/strong> : Cardin a introduit des concepts novateurs dans le design de mobilier.<\/li>\n<li><strong>L&#8217;esth\u00e9tique<\/strong> : Il a repens\u00e9 l&#8217;esth\u00e9tique du mobilier, le rendant \u00e0 la fois fonctionnel et artistique.<\/li>\n<li><strong>L&#8217;inspiration<\/strong> : De nombreux designers actuels citent Cardin comme une source majeure d&#8217;inspiration.<\/li>\n<\/ul>\n<p>L&#8217;empreinte de Cardin dans le design moderne est ind\u00e9niable, marquant \u00e0 jamais l&#8217;industrie avec son style unique et avant-gardiste.<\/p>\n<h2><span class=\"ez-toc-section\" id=\"Au-dela_de_la_mode_Lempreinte_de_Cardin_dans_lart_et_la_culture\"><\/span>Au-del\u00e0 de la mode : L&#8217;empreinte de Cardin dans l&#8217;art et la culture<span class=\"ez-toc-section-end\"><\/span><\/h2>\n<p><img decoding=\"async\" style=\"max-width: 100%; max-height: 200px;\" src=\"https:\/\/contenu.nyc3.digitaloceanspaces.com\/journalist\/dbc48a6b-7969-4c1b-84af-b10c47aaf038\/thumbnail.jpeg\" alt=\"Au-del\u00e0 de la mode : L'empreinte de Cardin dans l'art et la culture\" ><\/p>\n<h3><span class=\"ez-toc-section\" id=\"Mecenat_et_recompenses_soutien_aux_arts_et_a_la_creation\"><\/span>M\u00e9c\u00e9nat et r\u00e9compenses : soutien aux arts et \u00e0 la cr\u00e9ation<span class=\"ez-toc-section-end\"><\/span><\/h3>\n<p>Pierre Cardin n&#8217;\u00e9tait pas seulement un visionnaire de la mode, mais aussi un fervent d\u00e9fenseur des arts. <strong>Son engagement dans le m\u00e9c\u00e9nat artistique<\/strong> a marqu\u00e9 de mani\u00e8re ind\u00e9l\u00e9bile le paysage culturel, soutenant des artistes et des projets vari\u00e9s.<\/p>\n<blockquote><p>\nCardin a toujours cru en l&#8217;importance de nourrir la cr\u00e9ativit\u00e9 et l&#8217;innovation \u00e0 travers le soutien aux arts.\n<\/p><\/blockquote>\n<p>Il n&#8217;est pas surprenant de trouver son nom associ\u00e9 \u00e0 de nombreuses initiatives culturelles, des expositions d&#8217;art contemporain aux performances th\u00e9\u00e2trales. Voici quelques exemples marquants de son soutien :<\/p>\n<ul>\n<li>Expositions d&#8217;art contemporain<\/li>\n<li>Performances th\u00e9\u00e2trales<\/li>\n<li>Restauration de monuments historiques<\/li>\n<li>Soutien \u00e0 de jeunes cr\u00e9ateurs<\/li>\n<\/ul>\n<p>Ces actions refl\u00e8tent non seulement son amour pour l&#8217;art mais aussi sa conviction que la culture est un vecteur essentiel de communication et d&#8217;expression humaine.<\/p>\n<h3><span class=\"ez-toc-section\" id=\"Les_collaborations_artistiques_de_Cocteau_a_Plissetskaia\"><\/span>Les collaborations artistiques : de Cocteau \u00e0 Plissetska\u00efa<span class=\"ez-toc-section-end\"><\/span><\/h3>\n<p>Pierre Cardin n&#8217;\u00e9tait pas seulement un visionnaire de la mode et du design, mais aussi un fervent d\u00e9fenseur des arts. Sa capacit\u00e9 \u00e0 tisser des liens entre diff\u00e9rents domaines cr\u00e9atifs a donn\u00e9 lieu \u00e0 des collaborations m\u00e9morables. <strong>L&#8217;impact de ces collaborations va bien au-del\u00e0 de l&#8217;esth\u00e9tique<\/strong>, enrichissant la culture et l&#8217;art de mani\u00e8re significative.<\/p>\n<ul>\n<li><strong>Jean Cocteau<\/strong> : Un pionnier du surr\u00e9alisme, dont l&#8217;\u0153uvre a influenc\u00e9 Cardin dans sa vision du design.<\/li>\n<li><strong>Ma\u00efa Plissetska\u00efa<\/strong> : Une \u00e9toile du ballet russe, avec qui Cardin a partag\u00e9 une passion pour l&#8217;expression artistique \u00e0 travers le mouvement.<\/li>\n<\/ul>\n<blockquote><p>\nCes collaborations ne se limitent pas \u00e0 des noms c\u00e9l\u00e8bres; elles repr\u00e9sentent un dialogue continu entre la mode, le design et les arts. Ce dialogue a permis de cr\u00e9er des \u0153uvres qui restent intemporelles et influentes.\n<\/p><\/blockquote>\n<h3><span class=\"ez-toc-section\" id=\"Un_empire_culturel_etendu_de_la_parfumerie_aux_restaurants\"><\/span>Un empire culturel \u00e9tendu : de la parfumerie aux restaurants<span class=\"ez-toc-section-end\"><\/span><\/h3>\n<p>L&#8217;empire de Pierre Cardin ne se limite pas \u00e0 la mode et au design d&#8217;int\u00e9rieur. Il s&#8217;\u00e9tend \u00e0 des domaines aussi vari\u00e9s que la <a href=\"https:\/\/www.mobilier-design-occasion.fr\/magazine\/tag\/designer\/\">parfumerie<\/a>, la cr\u00e9ation de restaurants et m\u00eame la culture. C&#8217;est cette diversification qui a permis \u00e0 Cardin de marquer de son empreinte le monde entier, touchant ainsi un public bien plus large.<\/p>\n<blockquote><p>\nL&#8217;impact de Cardin sur la culture et l&#8217;art est ind\u00e9niable. Il a non seulement cr\u00e9\u00e9 des espaces embl\u00e9matiques comme l&#8217;Espace Pierre Cardin et le Palais Bulles, mais il a aussi soutenu les arts \u00e0 travers son m\u00e9c\u00e9nat.\n<\/p><\/blockquote>\n<p>Voici quelques-unes des entreprises et initiatives lanc\u00e9es par Pierre Cardin :<\/p>\n<ul>\n<li><strong>Parfumerie<\/strong> : une extension naturelle de son empire de la mode.<\/li>\n<li><strong>Restaurants<\/strong> : avec la cr\u00e9ation de boutiques et restaurants \u00ab Maxim\u2019s \u00bb, un nom devenu synonyme de luxe et de raffinement.<\/li>\n<li><strong>Culture<\/strong> : en tant qu&#8217;amateur et m\u00e9c\u00e8ne des beaux-arts, il a contribu\u00e9 \u00e0 enrichir le paysage culturel.<\/li>\n<\/ul>\n<p>L&#8217;audace et la vision de Pierre Cardin ont r\u00e9volutionn\u00e9 non seulement le monde de la mode, mais aussi celui de la culture et de l&#8217;art.<\/p>\n<h2><span class=\"ez-toc-section\" id=\"Le_canape_bubble_dans_lunivers_de_la_decoration_dinterieur\"><\/span>Le canap\u00e9 bubble dans l&#8217;univers de la d\u00e9coration d&#8217;int\u00e9rieur<span class=\"ez-toc-section-end\"><\/span><\/h2>\n<p><img decoding=\"async\" style=\"max-width: 100%; max-height: 200px;\" src=\"https:\/\/contenu.nyc3.digitaloceanspaces.com\/journalist\/7775871d-bf91-4b2e-b4ae-0d62295f84ec\/thumbnail.jpeg\" alt=\"Le canap\u00e9 bubble dans l'univers de la d\u00e9coration d'int\u00e9rieur\" ><\/p>\n<h3><span class=\"ez-toc-section\" id=\"Comment_integrer_le_canape_bubble_dans_son_interieur\"><\/span>Comment int\u00e9grer le canap\u00e9 bubble dans son int\u00e9rieur ?<span class=\"ez-toc-section-end\"><\/span><\/h3>\n<p>Int\u00e9grer un <a href=\"https:\/\/www.les-matelas.fr\/canape-bubble\/\">canap\u00e9 bubble<\/a> dans son int\u00e9rieur n&#8217;est pas seulement une question de style, c&#8217;est aussi une affirmation de personnalit\u00e9. <strong>Ce meuble embl\u00e9matique apporte une touche de modernit\u00e9 et d&#8217;originalit\u00e9<\/strong> \u00e0 n&#8217;importe quel espace de vie. Voici quelques conseils pour l&#8217;adopter chez soi :<\/p>\n<ul>\n<li><strong>Choisissez l&#8217;emplacement id\u00e9al :<\/strong> Le canap\u00e9 bubble attire l&#8217;attention. Placez-le donc dans un endroit o\u00f9 il peut briller, comme le salon ou une grande pi\u00e8ce \u00e0 vivre.<\/li>\n<li><strong>Jouez avec les couleurs :<\/strong> Le canap\u00e9 bubble est disponible en plusieurs couleurs. S\u00e9lectionnez celle qui compl\u00e8te le mieux votre d\u00e9coration int\u00e9rieure.<\/li>\n<li><strong>Associez-le \u00e0 des \u00e9l\u00e9ments minimalistes :<\/strong> Pour ne pas surcharger votre espace, combinez le canap\u00e9 bubble avec des meubles et des d\u00e9corations minimalistes.<\/li>\n<\/ul>\n<blockquote><p>\nLe canap\u00e9 bubble n&#8217;est pas juste un meuble, c&#8217;est une pi\u00e8ce ma\u00eetresse qui d\u00e9finit l&#8217;ambiance de votre int\u00e9rieur.\n<\/p><\/blockquote>\n<p>En suivant ces conseils, vous pourrez cr\u00e9er un espace unique qui refl\u00e8te votre go\u00fbt pour le design et l&#8217;innovation.<\/p>\n<h3><span class=\"ez-toc-section\" id=\"Limpact_du_canape_bubble_sur_les_tendances_actuelles\"><\/span>L&#8217;impact du canap\u00e9 bubble sur les tendances actuelles<span class=\"ez-toc-section-end\"><\/span><\/h3>\n<p>Le canap\u00e9 bubble, avec son allure futuriste et ses courbes g\u00e9n\u00e9reuses, a su s&#8217;imposer comme une pi\u00e8ce ma\u00eetresse dans l&#8217;univers de la d\u00e9coration d&#8217;int\u00e9rieur. <strong>Son influence sur les tendances actuelles est ind\u00e9niable<\/strong>, marquant un retour au design audacieux et \u00e0 la valorisation du confort.<\/p>\n<blockquote><p>\nCe meuble iconique inspire non seulement les designers mais aussi les amateurs de d\u00e9coration, qui cherchent \u00e0 apporter une touche d&#8217;originalit\u00e9 \u00e0 leur int\u00e9rieur.\n<\/p><\/blockquote>\n<p>Voici quelques tendances influenc\u00e9es par le canap\u00e9 bubble :<\/p>\n<ul>\n<li>L&#8217;engouement pour les formes organiques et fluides<\/li>\n<li>La pr\u00e9f\u00e9rence pour les mat\u00e9riaux doux et accueillants<\/li>\n<li>L&#8217;adoption de couleurs vives pour dynamiser l&#8217;espace<\/li>\n<li>La recherche de pi\u00e8ces uniques qui racontent une histoire<\/li>\n<\/ul>\n<p>Le canap\u00e9 bubble encourage \u00e0 repenser l&#8217;am\u00e9nagement de nos espaces de vie, en privil\u00e9giant le bien-\u00eatre et l&#8217;esth\u00e9tique. Il est plus qu&#8217;un simple meuble; c&#8217;est une source d&#8217;inspiration pour un habitat plus chaleureux et personnalis\u00e9.<\/p>\n<h3><span class=\"ez-toc-section\" id=\"Des_conseils_pour_choisir_son_canape_bubble\"><\/span>Des conseils pour choisir son canap\u00e9 bubble<span class=\"ez-toc-section-end\"><\/span><\/h3>\n<p>Choisir le bon canap\u00e9 bubble pour votre int\u00e9rieur n&#8217;est pas une t\u00e2che \u00e0 prendre \u00e0 la l\u00e9g\u00e8re. Voici quelques conseils pour vous aider dans cette qu\u00eate du canap\u00e9 parfait :<\/p>\n<ul>\n<li><strong>Prenez en compte l&#8217;espace disponible<\/strong> dans votre salon. Un canap\u00e9 trop grand peut encombrer la pi\u00e8ce, tandis qu&#8217;un mod\u00e8le trop petit se perdrait dans l&#8217;espace.<\/li>\n<li>Consid\u00e9rez le <strong>style de votre d\u00e9coration int\u00e9rieure<\/strong>. Le canap\u00e9 bubble, avec son design unique, doit s&#8217;int\u00e9grer harmonieusement sans pour autant dominer l&#8217;ensemble.<\/li>\n<li>Pensez \u00e0 la <strong>fonctionnalit\u00e9<\/strong>. Au-del\u00e0 de son aspect esth\u00e9tique, le canap\u00e9 doit r\u00e9pondre \u00e0 vos besoins en termes de confort et d&#8217;usage quotidien.<\/li>\n<li>N&#8217;oubliez pas la <strong>qualit\u00e9 du mat\u00e9riau<\/strong>. Un bon canap\u00e9 doit r\u00e9sister au temps et \u00e0 l&#8217;usage, tout en restant confortable et esth\u00e9tique.<\/li>\n<\/ul>\n<blockquote><p>\nPour un choix \u00e9clair\u00e9, n&#8217;h\u00e9sitez pas \u00e0 consulter des experts en design d&#8217;int\u00e9rieur, comme Cyrielle Poirot sur le site Mobilier-Design.\n<\/p><\/blockquote>\n<h2><span class=\"ez-toc-section\" id=\"Lheritage_et_lavenir_du_canape_bubble\"><\/span>L&#8217;h\u00e9ritage et l&#8217;avenir du canap\u00e9 bubble<span class=\"ez-toc-section-end\"><\/span><\/h2>\n<p><img decoding=\"async\" style=\"max-width: 100%; max-height: 200px;\" src=\"https:\/\/contenu.nyc3.digitaloceanspaces.com\/journalist\/92b4f0fc-1c8e-4ae9-a209-ca46c85434d4\/thumbnail.jpeg\" alt=\"L'h\u00e9ritage et l'avenir du canap\u00e9 bubble\" ><\/p>\n<h3><span class=\"ez-toc-section\" id=\"Le_canape_bubble_un_classique_intemporel\"><\/span>Le canap\u00e9 bubble : un classique intemporel<span class=\"ez-toc-section-end\"><\/span><\/h3>\n<p>Le <a href=\"https:\/\/www.notreloft.com\/canape-nuage\/\">canap\u00e9 bubble<\/a>, avec son allure unique et son confort in\u00e9gal\u00e9, s&#8217;est impos\u00e9 comme un <strong>classique intemporel<\/strong> dans le monde du design d&#8217;int\u00e9rieur. Sa forme enveloppante et ses courbes douces invitent \u00e0 la d\u00e9tente et \u00e0 la convivialit\u00e9, faisant de lui plus qu&#8217;un simple meuble, mais une v\u00e9ritable \u0153uvre d&#8217;art.<\/p>\n<blockquote><p>\nLe canap\u00e9 bubble transcende les tendances \u00e9ph\u00e9m\u00e8res pour devenir un \u00e9l\u00e9ment central de tout espace de vie moderne.\n<\/p><\/blockquote>\n<p>Voici quelques raisons pour lesquelles le canap\u00e9 bubble reste ind\u00e9modable :<\/p>\n<ul>\n<li>Son design innovant et futuriste.<\/li>\n<li>La qualit\u00e9 exceptionnelle des mat\u00e9riaux utilis\u00e9s.<\/li>\n<li>Sa capacit\u00e9 \u00e0 s&#8217;adapter \u00e0 diff\u00e9rents styles d&#8217;int\u00e9rieur.<\/li>\n<li>L&#8217;empreinte de Pierre Cardin, qui lui conf\u00e8re une aura de prestige.<\/li>\n<\/ul>\n<p>Le canap\u00e9 bubble continue de s\u00e9duire les amateurs de design gr\u00e2ce \u00e0 sa polyvalence et son esth\u00e9tique unique. Il repr\u00e9sente non seulement un investissement dans le confort et le style, mais aussi dans une pi\u00e8ce de collection qui traverse les \u00e2ges sans prendre une ride.<\/p>\n<h3><span class=\"ez-toc-section\" id=\"Les_innovations_contemporaines_inspirees_par_le_canape_bubble\"><\/span>Les innovations contemporaines inspir\u00e9es par le canap\u00e9 bubble<span class=\"ez-toc-section-end\"><\/span><\/h3>\n<p>L&#8217;engouement pour le canap\u00e9 bubble ne s&#8217;est pas estomp\u00e9 avec le temps. Au contraire, il a inspir\u00e9 une multitude de <a href=\"https:\/\/www.mobilier-design-occasion.fr\/magazine\/tag\/housse\/\">designs innovants<\/a> dans le monde du mobilier. Les cr\u00e9ateurs d&#8217;aujourd&#8217;hui reprennent l&#8217;esprit avant-gardiste de Pierre Cardin, en int\u00e9grant des mat\u00e9riaux modernes et des technologies de pointe pour offrir encore plus de confort et de fonctionnalit\u00e9.<\/p>\n<blockquote><p>\nLes nouvelles g\u00e9n\u00e9rations de designers voient dans le canap\u00e9 bubble une source d&#8217;inspiration in\u00e9puisable pour repousser les limites du design d&#8217;int\u00e9rieur.\n<\/p><\/blockquote>\n<p>Voici quelques tendances actuelles inspir\u00e9es par le canap\u00e9 bubble :<\/p>\n<ul>\n<li>Utilisation de mat\u00e9riaux \u00e9cologiques et durables<\/li>\n<li>Int\u00e9gration de la technologie, comme des ports USB int\u00e9gr\u00e9s<\/li>\n<li>Designs modulables pour s&#8217;adapter \u00e0 diff\u00e9rents espaces de vie<\/li>\n<li>Accent sur le confort maximal, avec des rembourrages innovants<\/li>\n<\/ul>\n<p>Ces innovations montrent que le canap\u00e9 bubble reste une r\u00e9f\u00e9rence majeure dans le domaine du design d&#8217;int\u00e9rieur, influen\u00e7ant les tendances et les choix des consommateurs.<\/p>\n<h3><span class=\"ez-toc-section\" id=\"Quel_futur_pour_le_design_du_canape_bubble\"><\/span>Quel futur pour le design du canap\u00e9 bubble ?<span class=\"ez-toc-section-end\"><\/span><\/h3>\n<p>L&#8217;avenir du canap\u00e9 bubble semble prometteur, avec des designers du monde entier qui continuent d&#8217;explorer de nouvelles fa\u00e7ons de r\u00e9inventer ce classique. <strong>L&#8217;innovation et la cr\u00e9ativit\u00e9<\/strong> restent au c\u0153ur de cette qu\u00eate, promettant de nouvelles interpr\u00e9tations qui respectent l&#8217;esprit original tout en l&#8217;adaptant aux besoins contemporains.<\/p>\n<blockquote><p>\nLe canap\u00e9 bubble, avec son design unique et son confort in\u00e9gal\u00e9, reste une source d&#8217;inspiration constante pour les cr\u00e9ateurs.\n<\/p><\/blockquote>\n<p>Voici quelques pistes qui pourraient dessiner le futur du canap\u00e9 bubble :<\/p>\n<ul>\n<li>Utilisation de mat\u00e9riaux \u00e9cologiques et durables<\/li>\n<li>Int\u00e9gration de technologies intelligentes pour plus de confort et de fonctionnalit\u00e9<\/li>\n<li>Designs modulables et personnalisables pour s&#8217;adapter \u00e0 diff\u00e9rents espaces de vie<\/li>\n<li>Collaboration avec des artistes et des designers de renom pour cr\u00e9er des \u00e9ditions limit\u00e9es<\/li>\n<\/ul>\n<p>L&#8217;engouement pour le canap\u00e9 bubble ne se d\u00e9ment pas, et son \u00e9volution continue de captiver l&#8217;imagination des <a href=\"https:\/\/www.mobilier-design-occasion.fr\/magazine\/tag\/chaise\/\">amateurs de design<\/a>.<\/p>\n<div data-youtube-video><iframe loading=\"lazy\" width=\"480\" height=\"270\" src=\"https:\/\/www.youtube.com\/embed\/nKpLTCjZfuE\"><\/iframe><\/div>\n<h2><span class=\"ez-toc-section\" id=\"Conclusion\"><\/span>Conclusion<span class=\"ez-toc-section-end\"><\/span><\/h2>\n<p>En somme, le canap\u00e9 bubble ne se contente pas d&#8217;\u00eatre un simple meuble ; il est une v\u00e9ritable \u0153uvre d&#8217;art qui incarne le confort et l&#8217;innovation. \u00c0 travers les \u00e9poques, des figures embl\u00e9matiques comme Pierre Cardin et Paco Rabanne ont su r\u00e9volutionner le design et la mode, en apportant leur touche unique \u00e0 l&#8217;univers du mobilier. Le canap\u00e9 bubble, avec son allure futuriste et son confort in\u00e9gal\u00e9, continue de s\u00e9duire et d&#8217;inspirer. Il est le symbole d&#8217;une \u00e9poque o\u00f9 l&#8217;audace et la cr\u00e9ativit\u00e9 \u00e9taient reines, nous rappelant que le design est un langage universel qui traverse le temps. Alors, pourquoi ne pas laisser une place \u00e0 ce chef-d&#8217;\u0153uvre dans votre int\u00e9rieur pour apporter une touche d&#8217;originalit\u00e9 et de charme \u00e0 votre quotidien ?<\/p>\n<h2><span class=\"ez-toc-section\" id=\"Foire_aux_questions\"><\/span>Foire aux questions<span class=\"ez-toc-section-end\"><\/span><\/h2>\n<h3><span class=\"ez-toc-section\" id=\"Quest-ce_qui_a_inspire_le_design_du_canape_bubble\"><\/span>Qu&#8217;est-ce qui a inspir\u00e9 le design du canap\u00e9 bubble ?<span class=\"ez-toc-section-end\"><\/span><\/h3>\n<p>Le design du canap\u00e9 bubble a \u00e9t\u00e9 inspir\u00e9 par les innovations et la vision avant-gardiste de Pierre Cardin dans le domaine de la mode et du design d&#8217;int\u00e9rieur. Son int\u00e9r\u00eat pour les formes futuristes et les mat\u00e9riaux innovants a jou\u00e9 un r\u00f4le cl\u00e9 dans la cr\u00e9ation de ce meuble unique.<\/p>\n<h3><span class=\"ez-toc-section\" id=\"Comment_Pierre_Cardin_a-t-il_diversifie_ses_activites_dans_le_design_dinterieur\"><\/span>Comment Pierre Cardin a-t-il diversifi\u00e9 ses activit\u00e9s dans le design d&#8217;int\u00e9rieur ?<span class=\"ez-toc-section-end\"><\/span><\/h3>\n<p>Pierre Cardin a diversifi\u00e9 ses activit\u00e9s dans le design d&#8217;int\u00e9rieur en s&#8217;engageant dans la cr\u00e9ation de mobilier, de porcelaines et en ouvrant des espaces tels que l&#8217;Espace Pierre Cardin et le Palais Bulles. Ces initiatives ont marqu\u00e9 son passage de la haute couture au design d&#8217;int\u00e9rieur.<\/p>\n<h3><span class=\"ez-toc-section\" id=\"Quel_est_le_lien_entre_Pierre_Cardin_et_lEspace_Pierre_Cardin\"><\/span>Quel est le lien entre Pierre Cardin et l&#8217;Espace Pierre Cardin ?<span class=\"ez-toc-section-end\"><\/span><\/h3>\n<p>L&#8217;Espace Pierre Cardin, ouvert en 1970, est un lieu embl\u00e9matique fond\u00e9 par Pierre Cardin. Situ\u00e9 au pied des Champs-Elys\u00e9es, cet espace a servi de plateforme pour la pr\u00e9sentation de ses cr\u00e9ations de mode, de design d&#8217;int\u00e9rieur et a accueilli de nombreux \u00e9v\u00e9nements culturels.<\/p>\n<h3><span class=\"ez-toc-section\" id=\"En_quoi_le_canape_bubble_est-il_considere_comme_revolutionnaire\"><\/span>En quoi le canap\u00e9 bubble est-il consid\u00e9r\u00e9 comme r\u00e9volutionnaire ?<span class=\"ez-toc-section-end\"><\/span><\/h3>\n<p>Le canap\u00e9 bubble est consid\u00e9r\u00e9 comme r\u00e9volutionnaire en raison de son design unique en forme de bulle, qui rompt avec les conventions traditionnelles du mobilier. Il combine confort et esth\u00e9tique d&#8217;une mani\u00e8re innovante, refl\u00e9tant l&#8217;esprit avant-gardiste de Pierre Cardin.<\/p>\n<h3><span class=\"ez-toc-section\" id=\"Quelles_ont_ete_les_contributions_de_Pierre_Cardin_au-dela_de_la_mode\"><\/span>Quelles ont \u00e9t\u00e9 les contributions de Pierre Cardin au-del\u00e0 de la mode ?<span class=\"ez-toc-section-end\"><\/span><\/h3>\n<p>Au-del\u00e0 de la mode, Pierre Cardin a apport\u00e9 des contributions significatives dans les domaines de l&#8217;art et de la culture par le m\u00e9c\u00e9nat, la cr\u00e9ation de prix r\u00e9compensant les talents artistiques, et ses collaborations avec des artistes tels que Cocteau et Plissetska\u00efa. Il a \u00e9galement \u00e9tendu son empire dans la parfumerie et la restauration.<\/p>\n<h3><span class=\"ez-toc-section\" id=\"Comment_integrer_le_canape_bubble_dans_son_interieur-2\"><\/span>Comment int\u00e9grer le canap\u00e9 bubble dans son int\u00e9rieur ?<span class=\"ez-toc-section-end\"><\/span><\/h3>\n<p>Pour int\u00e9grer le canap\u00e9 bubble dans son int\u00e9rieur, il est recommand\u00e9 de choisir un espace qui met en valeur son design unique et futuriste. L&#8217;association avec des \u00e9l\u00e9ments de d\u00e9coration modernes et minimalistes peut accentuer son caract\u00e8re avant-gardiste tout en cr\u00e9ant une harmonie esth\u00e9tique dans la pi\u00e8ce.<\/p>\n","protected":false},"excerpt":{"rendered":"<p>Le canap\u00e9 bubble, avec son design unique et confort exceptionnel, est plus qu&#8217;un simple meuble ; c&#8217;est une ic\u00f4ne de la mode et du design r\u00e9volutionnaire. Ce canap\u00e9, qui doit une grande partie de son charme et de son \u00e9l\u00e9gance \u00e0 Pierre Cardin, un visionnaire dans le monde de la mode et du design d&#8217;int\u00e9rieur, [&hellip;]<\/p>\n","protected":false},"author":2,"featured_media":7572,"comment_status":"open","ping_status":"open","sticky":false,"template":"","format":"standard","meta":{"footnotes":""},"categories":[8,122],"tags":[],"class_list":["post-7573","post","type-post","status-publish","format-standard","has-post-thumbnail","hentry","category-avis","category-salon"],"yoast_head":"<!-- This site is optimized with the Yoast SEO plugin v27.5 - https:\/\/yoast.com\/product\/yoast-seo-wordpress\/ -->\n<title>Le charme unique du canap\u00e9 bubble : Confort et design r\u00e9volutionnaire - Mobilier Design Magazine<\/title>\n<meta name=\"robots\" content=\"index, follow, max-snippet:-1, max-image-preview:large, max-video-preview:-1\" \/>\n<link rel=\"canonical\" href=\"https:\/\/www.mobilier-design-occasion.fr\/magazine\/le-charme-unique-du-canape-bubble-confort-et-design-revolutionnaire\/\" \/>\n<meta property=\"og:locale\" content=\"fr_FR\" \/>\n<meta property=\"og:type\" content=\"article\" \/>\n<meta property=\"og:title\" content=\"Le charme unique du canap\u00e9 bubble : Confort et design r\u00e9volutionnaire - Mobilier Design Magazine\" \/>\n<meta property=\"og:description\" content=\"Le canap\u00e9 bubble, avec son design unique et confort exceptionnel, est plus qu&#8217;un simple meuble ; c&#8217;est une ic\u00f4ne de la mode et du design r\u00e9volutionnaire. Ce canap\u00e9, qui doit une grande partie de son charme et de son \u00e9l\u00e9gance \u00e0 Pierre Cardin, un visionnaire dans le monde de la mode et du design d&#8217;int\u00e9rieur, [&hellip;]\" \/>\n<meta property=\"og:url\" content=\"https:\/\/www.mobilier-design-occasion.fr\/magazine\/le-charme-unique-du-canape-bubble-confort-et-design-revolutionnaire\/\" \/>\n<meta property=\"og:site_name\" content=\"Mobilier Design Magazine\" \/>\n<meta property=\"article:publisher\" content=\"https:\/\/www.facebook.com\/mobilierdesignoccasion\" \/>\n<meta property=\"article:published_time\" content=\"2024-03-04T00:16:04+00:00\" \/>\n<meta property=\"og:image\" content=\"https:\/\/contenu.nyc3.digitaloceanspaces.com\/journalist\/c9f3593a-f1be-44d6-a5ea-67011354b5af\/thumbnail.jpeg\" \/>\n<meta name=\"author\" content=\"Vincent Vandegans\" \/>\n<meta name=\"twitter:card\" content=\"summary_large_image\" \/>\n<meta name=\"twitter:label1\" content=\"\u00c9crit par\" \/>\n\t<meta name=\"twitter:data1\" content=\"Vincent Vandegans\" \/>\n\t<meta name=\"twitter:label2\" content=\"Dur\u00e9e de lecture estim\u00e9e\" \/>\n\t<meta name=\"twitter:data2\" content=\"16 minutes\" \/>\n<script type=\"application\/ld+json\" class=\"yoast-schema-graph\">{\"@context\":\"https:\\\/\\\/schema.org\",\"@graph\":[{\"@type\":\"Article\",\"@id\":\"https:\\\/\\\/www.mobilier-design-occasion.fr\\\/magazine\\\/le-charme-unique-du-canape-bubble-confort-et-design-revolutionnaire\\\/#article\",\"isPartOf\":{\"@id\":\"https:\\\/\\\/www.mobilier-design-occasion.fr\\\/magazine\\\/le-charme-unique-du-canape-bubble-confort-et-design-revolutionnaire\\\/\"},\"author\":{\"name\":\"Vincent Vandegans\",\"@id\":\"https:\\\/\\\/www.mobilier-design-occasion.fr\\\/magazine\\\/#\\\/schema\\\/person\\\/af895bedc80bfb6b17730a672fddac9e\"},\"headline\":\"Le charme unique du canap\u00e9 bubble : Confort et design r\u00e9volutionnaire\",\"datePublished\":\"2024-03-04T00:16:04+00:00\",\"mainEntityOfPage\":{\"@id\":\"https:\\\/\\\/www.mobilier-design-occasion.fr\\\/magazine\\\/le-charme-unique-du-canape-bubble-confort-et-design-revolutionnaire\\\/\"},\"wordCount\":3430,\"commentCount\":0,\"publisher\":{\"@id\":\"https:\\\/\\\/www.mobilier-design-occasion.fr\\\/magazine\\\/#organization\"},\"image\":{\"@id\":\"https:\\\/\\\/www.mobilier-design-occasion.fr\\\/magazine\\\/le-charme-unique-du-canape-bubble-confort-et-design-revolutionnaire\\\/#primaryimage\"},\"thumbnailUrl\":\"https:\\\/\\\/www.mobilier-design-occasion.fr\\\/magazine\\\/wp-content\\\/uploads\\\/2024\\\/03\\\/e68de2b0thumbnail.jpeg\",\"articleSection\":[\"Avis marques d\u00e9co\",\"Salon\"],\"inLanguage\":\"fr-FR\",\"potentialAction\":[{\"@type\":\"CommentAction\",\"name\":\"Comment\",\"target\":[\"https:\\\/\\\/www.mobilier-design-occasion.fr\\\/magazine\\\/le-charme-unique-du-canape-bubble-confort-et-design-revolutionnaire\\\/#respond\"]}]},{\"@type\":\"WebPage\",\"@id\":\"https:\\\/\\\/www.mobilier-design-occasion.fr\\\/magazine\\\/le-charme-unique-du-canape-bubble-confort-et-design-revolutionnaire\\\/\",\"url\":\"https:\\\/\\\/www.mobilier-design-occasion.fr\\\/magazine\\\/le-charme-unique-du-canape-bubble-confort-et-design-revolutionnaire\\\/\",\"name\":\"Le charme unique du canap\u00e9 bubble : Confort et design r\u00e9volutionnaire - Mobilier Design Magazine\",\"isPartOf\":{\"@id\":\"https:\\\/\\\/www.mobilier-design-occasion.fr\\\/magazine\\\/#website\"},\"primaryImageOfPage\":{\"@id\":\"https:\\\/\\\/www.mobilier-design-occasion.fr\\\/magazine\\\/le-charme-unique-du-canape-bubble-confort-et-design-revolutionnaire\\\/#primaryimage\"},\"image\":{\"@id\":\"https:\\\/\\\/www.mobilier-design-occasion.fr\\\/magazine\\\/le-charme-unique-du-canape-bubble-confort-et-design-revolutionnaire\\\/#primaryimage\"},\"thumbnailUrl\":\"https:\\\/\\\/www.mobilier-design-occasion.fr\\\/magazine\\\/wp-content\\\/uploads\\\/2024\\\/03\\\/e68de2b0thumbnail.jpeg\",\"datePublished\":\"2024-03-04T00:16:04+00:00\",\"breadcrumb\":{\"@id\":\"https:\\\/\\\/www.mobilier-design-occasion.fr\\\/magazine\\\/le-charme-unique-du-canape-bubble-confort-et-design-revolutionnaire\\\/#breadcrumb\"},\"inLanguage\":\"fr-FR\",\"potentialAction\":[{\"@type\":\"ReadAction\",\"target\":[\"https:\\\/\\\/www.mobilier-design-occasion.fr\\\/magazine\\\/le-charme-unique-du-canape-bubble-confort-et-design-revolutionnaire\\\/\"]}]},{\"@type\":\"ImageObject\",\"inLanguage\":\"fr-FR\",\"@id\":\"https:\\\/\\\/www.mobilier-design-occasion.fr\\\/magazine\\\/le-charme-unique-du-canape-bubble-confort-et-design-revolutionnaire\\\/#primaryimage\",\"url\":\"https:\\\/\\\/www.mobilier-design-occasion.fr\\\/magazine\\\/wp-content\\\/uploads\\\/2024\\\/03\\\/e68de2b0thumbnail.jpeg\",\"contentUrl\":\"https:\\\/\\\/www.mobilier-design-occasion.fr\\\/magazine\\\/wp-content\\\/uploads\\\/2024\\\/03\\\/e68de2b0thumbnail.jpeg\",\"width\":1200,\"height\":801},{\"@type\":\"BreadcrumbList\",\"@id\":\"https:\\\/\\\/www.mobilier-design-occasion.fr\\\/magazine\\\/le-charme-unique-du-canape-bubble-confort-et-design-revolutionnaire\\\/#breadcrumb\",\"itemListElement\":[{\"@type\":\"ListItem\",\"position\":1,\"name\":\"Accueil\",\"item\":\"https:\\\/\\\/www.mobilier-design-occasion.fr\\\/magazine\\\/\"},{\"@type\":\"ListItem\",\"position\":2,\"name\":\"Le charme unique du canap\u00e9 bubble : Confort et design r\u00e9volutionnaire\"}]},{\"@type\":\"WebSite\",\"@id\":\"https:\\\/\\\/www.mobilier-design-occasion.fr\\\/magazine\\\/#website\",\"url\":\"https:\\\/\\\/www.mobilier-design-occasion.fr\\\/magazine\\\/\",\"name\":\"Mobilier Design Magazine\",\"description\":\"\",\"publisher\":{\"@id\":\"https:\\\/\\\/www.mobilier-design-occasion.fr\\\/magazine\\\/#organization\"},\"potentialAction\":[{\"@type\":\"SearchAction\",\"target\":{\"@type\":\"EntryPoint\",\"urlTemplate\":\"https:\\\/\\\/www.mobilier-design-occasion.fr\\\/magazine\\\/?s={search_term_string}\"},\"query-input\":{\"@type\":\"PropertyValueSpecification\",\"valueRequired\":true,\"valueName\":\"search_term_string\"}}],\"inLanguage\":\"fr-FR\"},{\"@type\":\"Organization\",\"@id\":\"https:\\\/\\\/www.mobilier-design-occasion.fr\\\/magazine\\\/#organization\",\"name\":\"Mobilier Design Magazine\",\"url\":\"https:\\\/\\\/www.mobilier-design-occasion.fr\\\/magazine\\\/\",\"logo\":{\"@type\":\"ImageObject\",\"inLanguage\":\"fr-FR\",\"@id\":\"https:\\\/\\\/www.mobilier-design-occasion.fr\\\/magazine\\\/#\\\/schema\\\/logo\\\/image\\\/\",\"url\":\"https:\\\/\\\/www.mobilier-design-occasion.fr\\\/magazine\\\/wp-content\\\/uploads\\\/2024\\\/02\\\/android-chrome-192x192-1.png\",\"contentUrl\":\"https:\\\/\\\/www.mobilier-design-occasion.fr\\\/magazine\\\/wp-content\\\/uploads\\\/2024\\\/02\\\/android-chrome-192x192-1.png\",\"width\":192,\"height\":192,\"caption\":\"Mobilier Design Magazine\"},\"image\":{\"@id\":\"https:\\\/\\\/www.mobilier-design-occasion.fr\\\/magazine\\\/#\\\/schema\\\/logo\\\/image\\\/\"},\"sameAs\":[\"https:\\\/\\\/www.facebook.com\\\/mobilierdesignoccasion\"]},{\"@type\":\"Person\",\"@id\":\"https:\\\/\\\/www.mobilier-design-occasion.fr\\\/magazine\\\/#\\\/schema\\\/person\\\/af895bedc80bfb6b17730a672fddac9e\",\"name\":\"Vincent Vandegans\",\"image\":{\"@type\":\"ImageObject\",\"inLanguage\":\"fr-FR\",\"@id\":\"https:\\\/\\\/secure.gravatar.com\\\/avatar\\\/b984800dabdf722d5e3f03f637c8932dea77d81118467d17ad2953e3b273ec66?s=96&d=mm&r=g\",\"url\":\"https:\\\/\\\/secure.gravatar.com\\\/avatar\\\/b984800dabdf722d5e3f03f637c8932dea77d81118467d17ad2953e3b273ec66?s=96&d=mm&r=g\",\"contentUrl\":\"https:\\\/\\\/secure.gravatar.com\\\/avatar\\\/b984800dabdf722d5e3f03f637c8932dea77d81118467d17ad2953e3b273ec66?s=96&d=mm&r=g\",\"caption\":\"Vincent Vandegans\"},\"description\":\"Vincent est passionn\u00e9 par les produits d'occasion, il a ouvert le site MDO avec Cyrielle pour aider les gens \u00e0 trouver du mobilier d'occasion, vintage ou usag\u00e9. Depuis, ils ont \u00e9tendu leurs activit\u00e9s et conseillent tout le monde sur le mobilier d'int\u00e9rieur et d'ext\u00e9rieur au quotidien \u00e0 travers le magazine MDO.\",\"url\":\"https:\\\/\\\/www.mobilier-design-occasion.fr\\\/magazine\\\/author\\\/vincent\\\/\"}]}<\/script>\n<!-- \/ Yoast SEO plugin. -->","yoast_head_json":{"title":"Le charme unique du canap\u00e9 bubble : Confort et design r\u00e9volutionnaire - Mobilier Design Magazine","robots":{"index":"index","follow":"follow","max-snippet":"max-snippet:-1","max-image-preview":"max-image-preview:large","max-video-preview":"max-video-preview:-1"},"canonical":"https:\/\/www.mobilier-design-occasion.fr\/magazine\/le-charme-unique-du-canape-bubble-confort-et-design-revolutionnaire\/","og_locale":"fr_FR","og_type":"article","og_title":"Le charme unique du canap\u00e9 bubble : Confort et design r\u00e9volutionnaire - Mobilier Design Magazine","og_description":"Le canap\u00e9 bubble, avec son design unique et confort exceptionnel, est plus qu&#8217;un simple meuble ; c&#8217;est une ic\u00f4ne de la mode et du design r\u00e9volutionnaire. Ce canap\u00e9, qui doit une grande partie de son charme et de son \u00e9l\u00e9gance \u00e0 Pierre Cardin, un visionnaire dans le monde de la mode et du design d&#8217;int\u00e9rieur, [&hellip;]","og_url":"https:\/\/www.mobilier-design-occasion.fr\/magazine\/le-charme-unique-du-canape-bubble-confort-et-design-revolutionnaire\/","og_site_name":"Mobilier Design Magazine","article_publisher":"https:\/\/www.facebook.com\/mobilierdesignoccasion","article_published_time":"2024-03-04T00:16:04+00:00","og_image":[{"url":"https:\/\/contenu.nyc3.digitaloceanspaces.com\/journalist\/c9f3593a-f1be-44d6-a5ea-67011354b5af\/thumbnail.jpeg","type":"","width":"","height":""}],"author":"Vincent Vandegans","twitter_card":"summary_large_image","twitter_misc":{"\u00c9crit par":"Vincent Vandegans","Dur\u00e9e de lecture estim\u00e9e":"16 minutes"},"schema":{"@context":"https:\/\/schema.org","@graph":[{"@type":"Article","@id":"https:\/\/www.mobilier-design-occasion.fr\/magazine\/le-charme-unique-du-canape-bubble-confort-et-design-revolutionnaire\/#article","isPartOf":{"@id":"https:\/\/www.mobilier-design-occasion.fr\/magazine\/le-charme-unique-du-canape-bubble-confort-et-design-revolutionnaire\/"},"author":{"name":"Vincent Vandegans","@id":"https:\/\/www.mobilier-design-occasion.fr\/magazine\/#\/schema\/person\/af895bedc80bfb6b17730a672fddac9e"},"headline":"Le charme unique du canap\u00e9 bubble : Confort et design r\u00e9volutionnaire","datePublished":"2024-03-04T00:16:04+00:00","mainEntityOfPage":{"@id":"https:\/\/www.mobilier-design-occasion.fr\/magazine\/le-charme-unique-du-canape-bubble-confort-et-design-revolutionnaire\/"},"wordCount":3430,"commentCount":0,"publisher":{"@id":"https:\/\/www.mobilier-design-occasion.fr\/magazine\/#organization"},"image":{"@id":"https:\/\/www.mobilier-design-occasion.fr\/magazine\/le-charme-unique-du-canape-bubble-confort-et-design-revolutionnaire\/#primaryimage"},"thumbnailUrl":"https:\/\/www.mobilier-design-occasion.fr\/magazine\/wp-content\/uploads\/2024\/03\/e68de2b0thumbnail.jpeg","articleSection":["Avis marques d\u00e9co","Salon"],"inLanguage":"fr-FR","potentialAction":[{"@type":"CommentAction","name":"Comment","target":["https:\/\/www.mobilier-design-occasion.fr\/magazine\/le-charme-unique-du-canape-bubble-confort-et-design-revolutionnaire\/#respond"]}]},{"@type":"WebPage","@id":"https:\/\/www.mobilier-design-occasion.fr\/magazine\/le-charme-unique-du-canape-bubble-confort-et-design-revolutionnaire\/","url":"https:\/\/www.mobilier-design-occasion.fr\/magazine\/le-charme-unique-du-canape-bubble-confort-et-design-revolutionnaire\/","name":"Le charme unique du canap\u00e9 bubble : Confort et design r\u00e9volutionnaire - Mobilier Design Magazine","isPartOf":{"@id":"https:\/\/www.mobilier-design-occasion.fr\/magazine\/#website"},"primaryImageOfPage":{"@id":"https:\/\/www.mobilier-design-occasion.fr\/magazine\/le-charme-unique-du-canape-bubble-confort-et-design-revolutionnaire\/#primaryimage"},"image":{"@id":"https:\/\/www.mobilier-design-occasion.fr\/magazine\/le-charme-unique-du-canape-bubble-confort-et-design-revolutionnaire\/#primaryimage"},"thumbnailUrl":"https:\/\/www.mobilier-design-occasion.fr\/magazine\/wp-content\/uploads\/2024\/03\/e68de2b0thumbnail.jpeg","datePublished":"2024-03-04T00:16:04+00:00","breadcrumb":{"@id":"https:\/\/www.mobilier-design-occasion.fr\/magazine\/le-charme-unique-du-canape-bubble-confort-et-design-revolutionnaire\/#breadcrumb"},"inLanguage":"fr-FR","potentialAction":[{"@type":"ReadAction","target":["https:\/\/www.mobilier-design-occasion.fr\/magazine\/le-charme-unique-du-canape-bubble-confort-et-design-revolutionnaire\/"]}]},{"@type":"ImageObject","inLanguage":"fr-FR","@id":"https:\/\/www.mobilier-design-occasion.fr\/magazine\/le-charme-unique-du-canape-bubble-confort-et-design-revolutionnaire\/#primaryimage","url":"https:\/\/www.mobilier-design-occasion.fr\/magazine\/wp-content\/uploads\/2024\/03\/e68de2b0thumbnail.jpeg","contentUrl":"https:\/\/www.mobilier-design-occasion.fr\/magazine\/wp-content\/uploads\/2024\/03\/e68de2b0thumbnail.jpeg","width":1200,"height":801},{"@type":"BreadcrumbList","@id":"https:\/\/www.mobilier-design-occasion.fr\/magazine\/le-charme-unique-du-canape-bubble-confort-et-design-revolutionnaire\/#breadcrumb","itemListElement":[{"@type":"ListItem","position":1,"name":"Accueil","item":"https:\/\/www.mobilier-design-occasion.fr\/magazine\/"},{"@type":"ListItem","position":2,"name":"Le charme unique du canap\u00e9 bubble : Confort et design r\u00e9volutionnaire"}]},{"@type":"WebSite","@id":"https:\/\/www.mobilier-design-occasion.fr\/magazine\/#website","url":"https:\/\/www.mobilier-design-occasion.fr\/magazine\/","name":"Mobilier Design Magazine","description":"","publisher":{"@id":"https:\/\/www.mobilier-design-occasion.fr\/magazine\/#organization"},"potentialAction":[{"@type":"SearchAction","target":{"@type":"EntryPoint","urlTemplate":"https:\/\/www.mobilier-design-occasion.fr\/magazine\/?s={search_term_string}"},"query-input":{"@type":"PropertyValueSpecification","valueRequired":true,"valueName":"search_term_string"}}],"inLanguage":"fr-FR"},{"@type":"Organization","@id":"https:\/\/www.mobilier-design-occasion.fr\/magazine\/#organization","name":"Mobilier Design Magazine","url":"https:\/\/www.mobilier-design-occasion.fr\/magazine\/","logo":{"@type":"ImageObject","inLanguage":"fr-FR","@id":"https:\/\/www.mobilier-design-occasion.fr\/magazine\/#\/schema\/logo\/image\/","url":"https:\/\/www.mobilier-design-occasion.fr\/magazine\/wp-content\/uploads\/2024\/02\/android-chrome-192x192-1.png","contentUrl":"https:\/\/www.mobilier-design-occasion.fr\/magazine\/wp-content\/uploads\/2024\/02\/android-chrome-192x192-1.png","width":192,"height":192,"caption":"Mobilier Design Magazine"},"image":{"@id":"https:\/\/www.mobilier-design-occasion.fr\/magazine\/#\/schema\/logo\/image\/"},"sameAs":["https:\/\/www.facebook.com\/mobilierdesignoccasion"]},{"@type":"Person","@id":"https:\/\/www.mobilier-design-occasion.fr\/magazine\/#\/schema\/person\/af895bedc80bfb6b17730a672fddac9e","name":"Vincent Vandegans","image":{"@type":"ImageObject","inLanguage":"fr-FR","@id":"https:\/\/secure.gravatar.com\/avatar\/b984800dabdf722d5e3f03f637c8932dea77d81118467d17ad2953e3b273ec66?s=96&d=mm&r=g","url":"https:\/\/secure.gravatar.com\/avatar\/b984800dabdf722d5e3f03f637c8932dea77d81118467d17ad2953e3b273ec66?s=96&d=mm&r=g","contentUrl":"https:\/\/secure.gravatar.com\/avatar\/b984800dabdf722d5e3f03f637c8932dea77d81118467d17ad2953e3b273ec66?s=96&d=mm&r=g","caption":"Vincent Vandegans"},"description":"Vincent est passionn\u00e9 par les produits d'occasion, il a ouvert le site MDO avec Cyrielle pour aider les gens \u00e0 trouver du mobilier d'occasion, vintage ou usag\u00e9. Depuis, ils ont \u00e9tendu leurs activit\u00e9s et conseillent tout le monde sur le mobilier d'int\u00e9rieur et d'ext\u00e9rieur au quotidien \u00e0 travers le magazine MDO.","url":"https:\/\/www.mobilier-design-occasion.fr\/magazine\/author\/vincent\/"}]}},"_links":{"self":[{"href":"https:\/\/www.mobilier-design-occasion.fr\/magazine\/wp-json\/wp\/v2\/posts\/7573","targetHints":{"allow":["GET"]}}],"collection":[{"href":"https:\/\/www.mobilier-design-occasion.fr\/magazine\/wp-json\/wp\/v2\/posts"}],"about":[{"href":"https:\/\/www.mobilier-design-occasion.fr\/magazine\/wp-json\/wp\/v2\/types\/post"}],"author":[{"embeddable":true,"href":"https:\/\/www.mobilier-design-occasion.fr\/magazine\/wp-json\/wp\/v2\/users\/2"}],"replies":[{"embeddable":true,"href":"https:\/\/www.mobilier-design-occasion.fr\/magazine\/wp-json\/wp\/v2\/comments?post=7573"}],"version-history":[{"count":0,"href":"https:\/\/www.mobilier-design-occasion.fr\/magazine\/wp-json\/wp\/v2\/posts\/7573\/revisions"}],"wp:featuredmedia":[{"embeddable":true,"href":"https:\/\/www.mobilier-design-occasion.fr\/magazine\/wp-json\/wp\/v2\/media\/7572"}],"wp:attachment":[{"href":"https:\/\/www.mobilier-design-occasion.fr\/magazine\/wp-json\/wp\/v2\/media?parent=7573"}],"wp:term":[{"taxonomy":"category","embeddable":true,"href":"https:\/\/www.mobilier-design-occasion.fr\/magazine\/wp-json\/wp\/v2\/categories?post=7573"},{"taxonomy":"post_tag","embeddable":true,"href":"https:\/\/www.mobilier-design-occasion.fr\/magazine\/wp-json\/wp\/v2\/tags?post=7573"}],"curies":[{"name":"wp","href":"https:\/\/api.w.org\/{rel}","templated":true}]}}