{"id":7528,"date":"2024-02-27T11:52:38","date_gmt":"2024-02-27T11:52:38","guid":{"rendered":"https:\/\/www.mobilier-design-occasion.fr\/magazine\/?p=7528"},"modified":"2024-02-27T15:53:33","modified_gmt":"2024-02-27T15:53:33","slug":"conseils-pour-lamenagement-et-la-personnalisation-dun-appartement-meuble","status":"publish","type":"post","link":"https:\/\/www.mobilier-design-occasion.fr\/magazine\/conseils-pour-lamenagement-et-la-personnalisation-dun-appartement-meuble\/","title":{"rendered":"Conseils pour l&#8217;am\u00e9nagement et la personnalisation d&#8217;un appartement meubl\u00e9"},"content":{"rendered":"\n<p>L&#8217;am\u00e9nagement et la personnalisation d&#8217;un appartement meubl\u00e9 sont des \u00e9tapes essentielles pour transformer un espace en un lieu qui refl\u00e8te votre style. Que vous veniez d&#8217;emm\u00e9nager dans une nouvelle maison ou que vous cherchiez \u00e0 rafra\u00eechir votre int\u00e9rieur actuel, prendre le temps de r\u00e9fl\u00e9chir \u00e0 la disposition et \u00e0 la d\u00e9coration de votre logement peut faire toute la diff\u00e9rence. D\u00e9couvrez ici quelques astuces pour transformer votre cadre de vie en un espace chaleureux et agr\u00e9able.<\/p>\n\n\n\n<h2 class=\"wp-block-heading\"><span class=\"ez-toc-section\" id=\"Les_avantages_demmenager_dans_un_appartement_meuble\"><\/span>Les avantages d&#8217;emm\u00e9nager dans un appartement meubl\u00e9<span class=\"ez-toc-section-end\"><\/span><\/h2><div id=\"ez-toc-container\" class=\"ez-toc-v2_0_82_2 counter-hierarchy ez-toc-counter ez-toc-grey ez-toc-container-direction\">\n<div class=\"ez-toc-title-container\">\n<span class=\"ez-toc-title-toggle\"><a href=\"#\" class=\"ez-toc-pull-right ez-toc-btn ez-toc-btn-xs ez-toc-btn-default ez-toc-toggle\" aria-label=\"Toggle Table of Content\"><span class=\"ez-toc-js-icon-con\"><span class=\"\"><span class=\"eztoc-hide\" style=\"display:none;\">Toggle<\/span><span class=\"ez-toc-icon-toggle-span\"><svg style=\"fill: #999;color:#999\" xmlns=\"http:\/\/www.w3.org\/2000\/svg\" class=\"list-377408\" width=\"20px\" height=\"20px\" viewBox=\"0 0 24 24\" fill=\"none\"><path d=\"M6 6H4v2h2V6zm14 0H8v2h12V6zM4 11h2v2H4v-2zm16 0H8v2h12v-2zM4 16h2v2H4v-2zm16 0H8v2h12v-2z\" fill=\"currentColor\"><\/path><\/svg><svg style=\"fill: #999;color:#999\" class=\"arrow-unsorted-368013\" xmlns=\"http:\/\/www.w3.org\/2000\/svg\" width=\"10px\" height=\"10px\" viewBox=\"0 0 24 24\" version=\"1.2\" baseProfile=\"tiny\"><path d=\"M18.2 9.3l-6.2-6.3-6.2 6.3c-.2.2-.3.4-.3.7s.1.5.3.7c.2.2.4.3.7.3h11c.3 0 .5-.1.7-.3.2-.2.3-.5.3-.7s-.1-.5-.3-.7zM5.8 14.7l6.2 6.3 6.2-6.3c.2-.2.3-.5.3-.7s-.1-.5-.3-.7c-.2-.2-.4-.3-.7-.3h-11c-.3 0-.5.1-.7.3-.2.2-.3.5-.3.7s.1.5.3.7z\"\/><\/svg><\/span><\/span><\/span><\/a><\/span><\/div>\n<nav><ul class='ez-toc-list ez-toc-list-level-1 eztoc-toggle-hide-by-default' ><li class='ez-toc-page-1 ez-toc-heading-level-2'><a class=\"ez-toc-link ez-toc-heading-1\" href=\"https:\/\/www.mobilier-design-occasion.fr\/magazine\/conseils-pour-lamenagement-et-la-personnalisation-dun-appartement-meuble\/#Les_avantages_demmenager_dans_un_appartement_meuble\" >Les avantages d&#8217;emm\u00e9nager dans un appartement meubl\u00e9<\/a><ul class='ez-toc-list-level-3' ><li class='ez-toc-heading-level-3'><a class=\"ez-toc-link ez-toc-heading-2\" href=\"https:\/\/www.mobilier-design-occasion.fr\/magazine\/conseils-pour-lamenagement-et-la-personnalisation-dun-appartement-meuble\/#Gain_de_temps_et_economie_financiere\" >Gain de temps et \u00e9conomie financi\u00e8re<\/a><\/li><li class='ez-toc-page-1 ez-toc-heading-level-3'><a class=\"ez-toc-link ez-toc-heading-3\" href=\"https:\/\/www.mobilier-design-occasion.fr\/magazine\/conseils-pour-lamenagement-et-la-personnalisation-dun-appartement-meuble\/#Flexibilite_dans_la_duree_du_sejour_et_esthetique\" >Flexibilit\u00e9 dans la dur\u00e9e du s\u00e9jour et esth\u00e9tique<\/a><\/li><\/ul><\/li><li class='ez-toc-page-1 ez-toc-heading-level-2'><a class=\"ez-toc-link ez-toc-heading-4\" href=\"https:\/\/www.mobilier-design-occasion.fr\/magazine\/conseils-pour-lamenagement-et-la-personnalisation-dun-appartement-meuble\/#Personnalisez_votre_appartement_sans_enfreindre_le_contrat_de_location\" >Personnalisez votre appartement sans enfreindre le contrat de location<\/a><ul class='ez-toc-list-level-3' ><li class='ez-toc-heading-level-3'><a class=\"ez-toc-link ez-toc-heading-5\" href=\"https:\/\/www.mobilier-design-occasion.fr\/magazine\/conseils-pour-lamenagement-et-la-personnalisation-dun-appartement-meuble\/#Optez_pour_des_meubles_amovibles_et_utilisez_des_etageres_flottantes\" >Optez pour des meubles amovibles et utilisez des \u00e9tag\u00e8res flottantes<\/a><\/li><li class='ez-toc-page-1 ez-toc-heading-level-3'><a class=\"ez-toc-link ez-toc-heading-6\" href=\"https:\/\/www.mobilier-design-occasion.fr\/magazine\/conseils-pour-lamenagement-et-la-personnalisation-dun-appartement-meuble\/#Accrochez_des_oeuvres_dart_avec_precaution_et_utilisez_des_stickers_muraux\" >Accrochez des \u0153uvres d&#8217;art avec pr\u00e9caution et utilisez des stickers muraux<\/a><\/li><li class='ez-toc-page-1 ez-toc-heading-level-3'><a class=\"ez-toc-link ez-toc-heading-7\" href=\"https:\/\/www.mobilier-design-occasion.fr\/magazine\/conseils-pour-lamenagement-et-la-personnalisation-dun-appartement-meuble\/#Experimentez_avec_leclairage_et_investissez_dans_des_meubles_polyvalents\" >Exp\u00e9rimentez avec l&#8217;\u00e9clairage et investissez dans des meubles polyvalents<\/a><\/li><\/ul><\/li><li class='ez-toc-page-1 ez-toc-heading-level-2'><a class=\"ez-toc-link ez-toc-heading-8\" href=\"https:\/\/www.mobilier-design-occasion.fr\/magazine\/conseils-pour-lamenagement-et-la-personnalisation-dun-appartement-meuble\/#Le_choix_daccessoires_et_de_textiles_pour_ajouter_une_touche_personnelle\" >Le choix d&#8217;accessoires et de textiles pour ajouter une touche personnelle<\/a><ul class='ez-toc-list-level-3' ><li class='ez-toc-heading-level-3'><a class=\"ez-toc-link ez-toc-heading-9\" href=\"https:\/\/www.mobilier-design-occasion.fr\/magazine\/conseils-pour-lamenagement-et-la-personnalisation-dun-appartement-meuble\/#Coussins_et_tapis\" >Coussins et tapis<\/a><\/li><li class='ez-toc-page-1 ez-toc-heading-level-3'><a class=\"ez-toc-link ez-toc-heading-10\" href=\"https:\/\/www.mobilier-design-occasion.fr\/magazine\/conseils-pour-lamenagement-et-la-personnalisation-dun-appartement-meuble\/#Objets_decoratifs_et_plantes_dinterieur\" >Objets d\u00e9coratifs et plantes d&#8217;int\u00e9rieur<\/a><\/li><\/ul><\/li><\/ul><\/nav><\/div>\n\n\n\n\n<p>Que vous soyez \u00e9tudiant, professionnel en d\u00e9placement ou simplement \u00e0 la recherche de commodit\u00e9s, les avantages des appartements meubl\u00e9s sont nombreux. Voici quelques raisons d&#8217;opter pour cette solution.<\/p>\n\n\n\n<h3 class=\"wp-block-heading\"><span class=\"ez-toc-section\" id=\"Gain_de_temps_et_economie_financiere\"><\/span>Gain de temps et \u00e9conomie financi\u00e8re<span class=\"ez-toc-section-end\"><\/span><\/h3>\n\n\n\n<p>L&#8217;un des principaux avantages d&#8217;emm\u00e9nager dans un appartement meubl\u00e9 est le gain de temps et d&#8217;efforts consid\u00e9rables. L&#8217;ensemble du processus d&#8217;achat, de transport et d&#8217;assemblage de meubles peut \u00eatre \u00e9puisant. Ces logements vous permettent d&#8217;\u00e9viter ce processus. Ils <strong>vous aident ainsi \u00e0 vous installer rapidement<\/strong> et \u00e0 vous concentrer sur d&#8217;autres aspects de votre vie.<\/p>\n\n\n\n<p>De plus, le co\u00fbt des meubles peut rapidement s&#8217;accumuler, surtout si vous optez pour des pi\u00e8ces de bonne qualit\u00e9. Emm\u00e9nager dans un appartement d\u00e9j\u00e0 meubl\u00e9 peut repr\u00e9senter une \u00e9conomie financi\u00e8re significative, car <strong>vous n&#8217;avez pas \u00e0 investir une somme importante dans l&#8217;achat de meubles<\/strong>. C&#8217;est une option qui peut \u00eatre particuli\u00e8rement avantageuse pour les personnes qui pr\u00e9voient de rester dans un endroit pendant une courte p\u00e9riode.<\/p>\n\n\n\n<h3 class=\"wp-block-heading\"><span class=\"ez-toc-section\" id=\"Flexibilite_dans_la_duree_du_sejour_et_esthetique\"><\/span>Flexibilit\u00e9 dans la dur\u00e9e du s\u00e9jour et esth\u00e9tique<span class=\"ez-toc-section-end\"><\/span><\/h3>\n\n\n\n<p>Les appartements meubl\u00e9s offrent une bonne flexibilit\u00e9. Que vous soyez en d\u00e9placement professionnel ou en stage, la possibilit\u00e9 de louer ce logement vous aide \u00e0 vous installer sans vous soucier de la revente.<\/p>\n\n\n\n<p>Ces maisons sont en g\u00e9n\u00e9ral con\u00e7ues avec <strong>une esth\u00e9tique coh\u00e9rente<\/strong>. Le mobilier est soigneusement s\u00e9lectionn\u00e9 pour compl\u00e9ter l&#8217;espace, cr\u00e9ant une atmosph\u00e8re harmonieuse. Cela donne \u00e0 l&#8217;appartement une apparence bien entretenue, \u00e9liminant le besoin de coordonner et de styliser les meubles par vous-m\u00eame.<\/p>\n\n\n\n<figure class=\"wp-block-image size-full\"><img loading=\"lazy\" decoding=\"async\" width=\"640\" height=\"384\" src=\"https:\/\/www.mobilier-design-occasion.fr\/magazine\/wp-content\/uploads\/2024\/02\/personnalisation-appartement-amenagement-conseils.jpg\" alt=\"Am\u00e9nagement appartement meubl\u00e9 agent immobilier\" class=\"wp-image-7529\" srcset=\"https:\/\/www.mobilier-design-occasion.fr\/magazine\/wp-content\/uploads\/2024\/02\/personnalisation-appartement-amenagement-conseils.jpg 640w, https:\/\/www.mobilier-design-occasion.fr\/magazine\/wp-content\/uploads\/2024\/02\/personnalisation-appartement-amenagement-conseils-300x180.jpg 300w\" sizes=\"auto, (max-width: 640px) 100vw, 640px\" \/><\/figure>\n\n\n\n<p class=\"has-text-align-center\">Pour la <a href=\"https:\/\/www.oqoro.com\/locations\/lyon-69000\">location d&#8217;appartements meubl\u00e9s avec charme \u00e0 Lyon<\/a>, vous pouvez<strong> faire appel \u00e0 une agence immobili\u00e8re <\/strong>sp\u00e9cialis\u00e9e dans le domaine.<\/p>\n\n\n\n<h2 class=\"wp-block-heading\"><span class=\"ez-toc-section\" id=\"Personnalisez_votre_appartement_sans_enfreindre_le_contrat_de_location\"><\/span>Personnalisez votre appartement sans enfreindre le contrat de location<span class=\"ez-toc-section-end\"><\/span><\/h2>\n\n\n\n<p>Avec un peu de cr\u00e9ativit\u00e9 et d&#8217;astuces, vous pouvez ajouter une touche personnelle \u00e0 votre espace sans compromettre les r\u00e8gles du bail. Voici quelques conseils pour vous accompagner.<\/p>\n\n\n\n<h3 class=\"wp-block-heading\"><span class=\"ez-toc-section\" id=\"Optez_pour_des_meubles_amovibles_et_utilisez_des_etageres_flottantes\"><\/span>Optez pour des meubles amovibles et utilisez des \u00e9tag\u00e8res flottantes<span class=\"ez-toc-section-end\"><\/span><\/h3>\n\n\n\n<p>Investissez dans des meubles amovibles tels que des \u00e9tag\u00e8res, des commodes et des tables qui n&#8217;impliquent pas de fixation permanente. Ces pi\u00e8ces peuvent \u00eatre<strong> d\u00e9plac\u00e9es et r\u00e9organis\u00e9es \u00e0 volont\u00e9<\/strong>, offrant une flexibilit\u00e9 maximale sans endommager les murs ou les sols.<\/p>\n\n\n\n<p>Les \u00e9tag\u00e8res flottantes sont \u00e9galement un excellent moyen d&#8217;ajouter du rangement et de l&#8217;espace d&#8217;exposition sans percer de trous dans les murs. Elles peuvent \u00eatre install\u00e9es facilement avec des fixations adh\u00e9sives sp\u00e9ciales, fournissant une solution \u00e9l\u00e9gante et r\u00e9versible pour afficher des objets d\u00e9coratifs, des livres ou des plantes.<\/p>\n\n\n\n<h3 class=\"wp-block-heading\"><span class=\"ez-toc-section\" id=\"Accrochez_des_oeuvres_dart_avec_precaution_et_utilisez_des_stickers_muraux\"><\/span>Accrochez des \u0153uvres d&#8217;art avec pr\u00e9caution et utilisez des stickers muraux<span class=\"ez-toc-section-end\"><\/span><\/h3>\n\n\n\n<p>Accrocher des \u0153uvres d&#8217;art peut \u00eatre d\u00e9licat, mais il existe des solutions temporaires et non invasives. Vous pouvez vous servir <strong>de crochets adh\u00e9sifs<\/strong> sp\u00e9cialement con\u00e7us pour les murs sans endommager la peinture ou le pl\u00e2tre. V\u00e9rifiez les instructions du produit pour vous assurer qu&#8217;ils sont adapt\u00e9s aux murs de votre appartement.<\/p>\n\n\n\n<p><strong>Les stickers muraux<\/strong> sont aussi une option amusante et temporaire pour ajouter une touche d\u00e9corative \u00e0 vos murs sans utiliser de clous ni de vis. Ils sont disponibles dans une large gamme de styles et de motifs, offrant une personnalisation sans risque.<\/p>\n\n\n\n<h3 class=\"wp-block-heading\"><span class=\"ez-toc-section\" id=\"Experimentez_avec_leclairage_et_investissez_dans_des_meubles_polyvalents\"><\/span>Exp\u00e9rimentez avec l&#8217;\u00e9clairage et investissez dans des meubles polyvalents<span class=\"ez-toc-section-end\"><\/span><\/h3>\n\n\n\n<p>Modifiez l&#8217;ambiance de votre appartement en jouant avec l&#8217;\u00e9clairage. Choisissez <strong>des lampes sur pied ou des guirlandes lumineuses<\/strong> pour cr\u00e9er une atmosph\u00e8re chaleureuse. Pr\u00e9f\u00e9rez des abat-jour originaux qui peuvent \u00eatre chang\u00e9s facilement pour donner une nouvelle vie \u00e0 votre \u00e9clairage.<\/p>\n\n\n\n<p>Vous pouvez \u00e9galement opter pour des meubles polyvalents qui peuvent \u00eatre utilis\u00e9s de diff\u00e9rentes mani\u00e8res. Par exemple, un pouf peut servir de <a href=\"https:\/\/www.mobilier-design-occasion.fr\/magazine\/comment-acheter-une-table-basse-pas-chere-sans-compromettre-la-qualite-7-etapes\/\">table basse<\/a> ou de si\u00e8ge d&#8217;appoint, offrant une flexibilit\u00e9 dans l&#8217;am\u00e9nagement de l&#8217;espace sans n\u00e9cessiter de modifications permanentes.<\/p>\n\n\n\n<figure class=\"wp-block-image size-large\"><img loading=\"lazy\" decoding=\"async\" width=\"1024\" height=\"683\" src=\"https:\/\/www.mobilier-design-occasion.fr\/magazine\/wp-content\/uploads\/2024\/02\/personnalisation-appartement-amenagement-conseils-1-1024x683.jpg\" alt=\"\" class=\"wp-image-7530\" srcset=\"https:\/\/www.mobilier-design-occasion.fr\/magazine\/wp-content\/uploads\/2024\/02\/personnalisation-appartement-amenagement-conseils-1-1024x683.jpg 1024w, https:\/\/www.mobilier-design-occasion.fr\/magazine\/wp-content\/uploads\/2024\/02\/personnalisation-appartement-amenagement-conseils-1-300x200.jpg 300w, https:\/\/www.mobilier-design-occasion.fr\/magazine\/wp-content\/uploads\/2024\/02\/personnalisation-appartement-amenagement-conseils-1-768x512.jpg 768w, https:\/\/www.mobilier-design-occasion.fr\/magazine\/wp-content\/uploads\/2024\/02\/personnalisation-appartement-amenagement-conseils-1-1536x1024.jpg 1536w, https:\/\/www.mobilier-design-occasion.fr\/magazine\/wp-content\/uploads\/2024\/02\/personnalisation-appartement-amenagement-conseils-1-scaled.jpg 2048w, https:\/\/www.mobilier-design-occasion.fr\/magazine\/wp-content\/uploads\/2024\/02\/personnalisation-appartement-amenagement-conseils-1-810x540.jpg 810w, https:\/\/www.mobilier-design-occasion.fr\/magazine\/wp-content\/uploads\/2024\/02\/personnalisation-appartement-amenagement-conseils-1-1140x760.jpg 1140w\" sizes=\"auto, (max-width: 1024px) 100vw, 1024px\" \/><\/figure>\n\n\n\n<h2 class=\"wp-block-heading\"><span class=\"ez-toc-section\" id=\"Le_choix_daccessoires_et_de_textiles_pour_ajouter_une_touche_personnelle\"><\/span>Le choix d&#8217;accessoires et de textiles pour ajouter une touche personnelle<span class=\"ez-toc-section-end\"><\/span><\/h2>\n\n\n\n<p>En optant pour des \u00e9l\u00e9ments qui refl\u00e8tent votre style et en utilisant des solutions temporaires, vous pouvez cr\u00e9er un espace qui vous ressemble sans enfreindre les r\u00e8gles de votre contrat de location.<\/p>\n\n\n\n<h3 class=\"wp-block-heading\"><span class=\"ez-toc-section\" id=\"Coussins_et_tapis\"><\/span>Coussins et tapis<span class=\"ez-toc-section-end\"><\/span><\/h3>\n\n\n\n<p>Les coussins et les jet\u00e9s sont des moyens simples et efficaces d&#8217;ajouter de la couleur et de la texture \u00e0 votre espace. Optez pour des mod\u00e8les aux motifs et aux teintes qui vous plaisent, et n&#8217;h\u00e9sitez pas \u00e0 m\u00e9langer diff\u00e9rentes textures comme <strong>le velours, le coton et le lin<\/strong>. Un tapis bien choisi peut aussi d\u00e9finir visuellement une pi\u00e8ce et apporter une touche de confort. Optez pour des tapis aux couleurs et aux motifs qui correspondent \u00e0 votre style.<\/p>\n\n\n\n<h3 class=\"wp-block-heading\"><span class=\"ez-toc-section\" id=\"Objets_decoratifs_et_plantes_dinterieur\"><\/span>Objets d\u00e9coratifs et plantes d&#8217;int\u00e9rieur<span class=\"ez-toc-section-end\"><\/span><\/h3>\n\n\n\n<p>Ajoutez des objets d\u00e9coratifs tels que <strong>des vases, des bougeoirs, des sculptures <\/strong>ou des bibelots qui refl\u00e8tent votre personnalit\u00e9. Pr\u00e9f\u00e9rez des pi\u00e8ces qui ont une signification particuli\u00e8re pour vous, cr\u00e9ant ainsi un environnement qui raconte votre histoire.<\/p>\n\n\n\n<p>Vous pouvez aussi compl\u00e9ter avec des plantes d&#8217;int\u00e9rieur. Elles sont non seulement esth\u00e9tiquement agr\u00e9ables, mais elles apportent \u00e9galement une touche de fra\u00eecheur \u00e0 votre appartement. Choisissez des v\u00e9g\u00e9taux adapt\u00e9s \u00e0 la luminosit\u00e9 de votre espace.<\/p>\n","protected":false},"excerpt":{"rendered":"<p>L&#8217;am\u00e9nagement et la personnalisation d&#8217;un appartement meubl\u00e9 sont des \u00e9tapes essentielles pour transformer un espace en un lieu qui refl\u00e8te votre style. Que vous veniez d&#8217;emm\u00e9nager dans une nouvelle maison ou que vous cherchiez \u00e0 rafra\u00eechir votre int\u00e9rieur actuel, prendre le temps de r\u00e9fl\u00e9chir \u00e0 la disposition et \u00e0 la d\u00e9coration de votre logement peut [&hellip;]<\/p>\n","protected":false},"author":2,"featured_media":7529,"comment_status":"open","ping_status":"open","sticky":false,"template":"","format":"standard","meta":{"footnotes":""},"categories":[2],"tags":[],"class_list":["post-7528","post","type-post","status-publish","format-standard","has-post-thumbnail","hentry","category-tendances"],"yoast_head":"<!-- This site is optimized with the Yoast SEO plugin v27.5 - https:\/\/yoast.com\/product\/yoast-seo-wordpress\/ -->\n<title>Conseils pour l&#039;am\u00e9nagement et la personnalisation d&#039;un appartement meubl\u00e9 - Mobilier Design Magazine<\/title>\n<meta name=\"robots\" content=\"index, follow, max-snippet:-1, max-image-preview:large, max-video-preview:-1\" \/>\n<link rel=\"canonical\" href=\"https:\/\/www.mobilier-design-occasion.fr\/magazine\/conseils-pour-lamenagement-et-la-personnalisation-dun-appartement-meuble\/\" \/>\n<meta property=\"og:locale\" content=\"fr_FR\" \/>\n<meta property=\"og:type\" content=\"article\" \/>\n<meta property=\"og:title\" content=\"Conseils pour l&#039;am\u00e9nagement et la personnalisation d&#039;un appartement meubl\u00e9 - Mobilier Design Magazine\" \/>\n<meta property=\"og:description\" content=\"L&#8217;am\u00e9nagement et la personnalisation d&#8217;un appartement meubl\u00e9 sont des \u00e9tapes essentielles pour transformer un espace en un lieu qui refl\u00e8te votre style. Que vous veniez d&#8217;emm\u00e9nager dans une nouvelle maison ou que vous cherchiez \u00e0 rafra\u00eechir votre int\u00e9rieur actuel, prendre le temps de r\u00e9fl\u00e9chir \u00e0 la disposition et \u00e0 la d\u00e9coration de votre logement peut [&hellip;]\" \/>\n<meta property=\"og:url\" content=\"https:\/\/www.mobilier-design-occasion.fr\/magazine\/conseils-pour-lamenagement-et-la-personnalisation-dun-appartement-meuble\/\" \/>\n<meta property=\"og:site_name\" content=\"Mobilier Design Magazine\" \/>\n<meta property=\"article:publisher\" content=\"https:\/\/www.facebook.com\/mobilierdesignoccasion\" \/>\n<meta property=\"article:published_time\" content=\"2024-02-27T11:52:38+00:00\" \/>\n<meta property=\"article:modified_time\" content=\"2024-02-27T15:53:33+00:00\" \/>\n<meta property=\"og:image\" content=\"https:\/\/www.mobilier-design-occasion.fr\/magazine\/wp-content\/uploads\/2024\/02\/personnalisation-appartement-amenagement-conseils.jpg\" \/>\n\t<meta property=\"og:image:width\" content=\"640\" \/>\n\t<meta property=\"og:image:height\" content=\"384\" \/>\n\t<meta property=\"og:image:type\" content=\"image\/jpeg\" \/>\n<meta name=\"author\" content=\"Vincent Vandegans\" \/>\n<meta name=\"twitter:card\" content=\"summary_large_image\" \/>\n<meta name=\"twitter:label1\" content=\"\u00c9crit par\" \/>\n\t<meta name=\"twitter:data1\" content=\"Vincent Vandegans\" \/>\n\t<meta name=\"twitter:label2\" content=\"Dur\u00e9e de lecture estim\u00e9e\" \/>\n\t<meta name=\"twitter:data2\" content=\"6 minutes\" \/>\n<script type=\"application\/ld+json\" class=\"yoast-schema-graph\">{\"@context\":\"https:\\\/\\\/schema.org\",\"@graph\":[{\"@type\":\"Article\",\"@id\":\"https:\\\/\\\/www.mobilier-design-occasion.fr\\\/magazine\\\/conseils-pour-lamenagement-et-la-personnalisation-dun-appartement-meuble\\\/#article\",\"isPartOf\":{\"@id\":\"https:\\\/\\\/www.mobilier-design-occasion.fr\\\/magazine\\\/conseils-pour-lamenagement-et-la-personnalisation-dun-appartement-meuble\\\/\"},\"author\":{\"name\":\"Vincent Vandegans\",\"@id\":\"https:\\\/\\\/www.mobilier-design-occasion.fr\\\/magazine\\\/#\\\/schema\\\/person\\\/af895bedc80bfb6b17730a672fddac9e\"},\"headline\":\"Conseils pour l&#8217;am\u00e9nagement et la personnalisation d&#8217;un appartement meubl\u00e9\",\"datePublished\":\"2024-02-27T11:52:38+00:00\",\"dateModified\":\"2024-02-27T15:53:33+00:00\",\"mainEntityOfPage\":{\"@id\":\"https:\\\/\\\/www.mobilier-design-occasion.fr\\\/magazine\\\/conseils-pour-lamenagement-et-la-personnalisation-dun-appartement-meuble\\\/\"},\"wordCount\":1013,\"commentCount\":0,\"publisher\":{\"@id\":\"https:\\\/\\\/www.mobilier-design-occasion.fr\\\/magazine\\\/#organization\"},\"image\":{\"@id\":\"https:\\\/\\\/www.mobilier-design-occasion.fr\\\/magazine\\\/conseils-pour-lamenagement-et-la-personnalisation-dun-appartement-meuble\\\/#primaryimage\"},\"thumbnailUrl\":\"https:\\\/\\\/www.mobilier-design-occasion.fr\\\/magazine\\\/wp-content\\\/uploads\\\/2024\\\/02\\\/personnalisation-appartement-amenagement-conseils.jpg\",\"articleSection\":[\"Tendances\"],\"inLanguage\":\"fr-FR\",\"potentialAction\":[{\"@type\":\"CommentAction\",\"name\":\"Comment\",\"target\":[\"https:\\\/\\\/www.mobilier-design-occasion.fr\\\/magazine\\\/conseils-pour-lamenagement-et-la-personnalisation-dun-appartement-meuble\\\/#respond\"]}]},{\"@type\":\"WebPage\",\"@id\":\"https:\\\/\\\/www.mobilier-design-occasion.fr\\\/magazine\\\/conseils-pour-lamenagement-et-la-personnalisation-dun-appartement-meuble\\\/\",\"url\":\"https:\\\/\\\/www.mobilier-design-occasion.fr\\\/magazine\\\/conseils-pour-lamenagement-et-la-personnalisation-dun-appartement-meuble\\\/\",\"name\":\"Conseils pour l'am\u00e9nagement et la personnalisation d'un appartement meubl\u00e9 - Mobilier Design Magazine\",\"isPartOf\":{\"@id\":\"https:\\\/\\\/www.mobilier-design-occasion.fr\\\/magazine\\\/#website\"},\"primaryImageOfPage\":{\"@id\":\"https:\\\/\\\/www.mobilier-design-occasion.fr\\\/magazine\\\/conseils-pour-lamenagement-et-la-personnalisation-dun-appartement-meuble\\\/#primaryimage\"},\"image\":{\"@id\":\"https:\\\/\\\/www.mobilier-design-occasion.fr\\\/magazine\\\/conseils-pour-lamenagement-et-la-personnalisation-dun-appartement-meuble\\\/#primaryimage\"},\"thumbnailUrl\":\"https:\\\/\\\/www.mobilier-design-occasion.fr\\\/magazine\\\/wp-content\\\/uploads\\\/2024\\\/02\\\/personnalisation-appartement-amenagement-conseils.jpg\",\"datePublished\":\"2024-02-27T11:52:38+00:00\",\"dateModified\":\"2024-02-27T15:53:33+00:00\",\"breadcrumb\":{\"@id\":\"https:\\\/\\\/www.mobilier-design-occasion.fr\\\/magazine\\\/conseils-pour-lamenagement-et-la-personnalisation-dun-appartement-meuble\\\/#breadcrumb\"},\"inLanguage\":\"fr-FR\",\"potentialAction\":[{\"@type\":\"ReadAction\",\"target\":[\"https:\\\/\\\/www.mobilier-design-occasion.fr\\\/magazine\\\/conseils-pour-lamenagement-et-la-personnalisation-dun-appartement-meuble\\\/\"]}]},{\"@type\":\"ImageObject\",\"inLanguage\":\"fr-FR\",\"@id\":\"https:\\\/\\\/www.mobilier-design-occasion.fr\\\/magazine\\\/conseils-pour-lamenagement-et-la-personnalisation-dun-appartement-meuble\\\/#primaryimage\",\"url\":\"https:\\\/\\\/www.mobilier-design-occasion.fr\\\/magazine\\\/wp-content\\\/uploads\\\/2024\\\/02\\\/personnalisation-appartement-amenagement-conseils.jpg\",\"contentUrl\":\"https:\\\/\\\/www.mobilier-design-occasion.fr\\\/magazine\\\/wp-content\\\/uploads\\\/2024\\\/02\\\/personnalisation-appartement-amenagement-conseils.jpg\",\"width\":640,\"height\":384},{\"@type\":\"BreadcrumbList\",\"@id\":\"https:\\\/\\\/www.mobilier-design-occasion.fr\\\/magazine\\\/conseils-pour-lamenagement-et-la-personnalisation-dun-appartement-meuble\\\/#breadcrumb\",\"itemListElement\":[{\"@type\":\"ListItem\",\"position\":1,\"name\":\"Accueil\",\"item\":\"https:\\\/\\\/www.mobilier-design-occasion.fr\\\/magazine\\\/\"},{\"@type\":\"ListItem\",\"position\":2,\"name\":\"Conseils pour l&rsquo;am\u00e9nagement et la personnalisation d&rsquo;un appartement meubl\u00e9\"}]},{\"@type\":\"WebSite\",\"@id\":\"https:\\\/\\\/www.mobilier-design-occasion.fr\\\/magazine\\\/#website\",\"url\":\"https:\\\/\\\/www.mobilier-design-occasion.fr\\\/magazine\\\/\",\"name\":\"Mobilier Design Magazine\",\"description\":\"\",\"publisher\":{\"@id\":\"https:\\\/\\\/www.mobilier-design-occasion.fr\\\/magazine\\\/#organization\"},\"potentialAction\":[{\"@type\":\"SearchAction\",\"target\":{\"@type\":\"EntryPoint\",\"urlTemplate\":\"https:\\\/\\\/www.mobilier-design-occasion.fr\\\/magazine\\\/?s={search_term_string}\"},\"query-input\":{\"@type\":\"PropertyValueSpecification\",\"valueRequired\":true,\"valueName\":\"search_term_string\"}}],\"inLanguage\":\"fr-FR\"},{\"@type\":\"Organization\",\"@id\":\"https:\\\/\\\/www.mobilier-design-occasion.fr\\\/magazine\\\/#organization\",\"name\":\"Mobilier Design Magazine\",\"url\":\"https:\\\/\\\/www.mobilier-design-occasion.fr\\\/magazine\\\/\",\"logo\":{\"@type\":\"ImageObject\",\"inLanguage\":\"fr-FR\",\"@id\":\"https:\\\/\\\/www.mobilier-design-occasion.fr\\\/magazine\\\/#\\\/schema\\\/logo\\\/image\\\/\",\"url\":\"https:\\\/\\\/www.mobilier-design-occasion.fr\\\/magazine\\\/wp-content\\\/uploads\\\/2024\\\/02\\\/android-chrome-192x192-1.png\",\"contentUrl\":\"https:\\\/\\\/www.mobilier-design-occasion.fr\\\/magazine\\\/wp-content\\\/uploads\\\/2024\\\/02\\\/android-chrome-192x192-1.png\",\"width\":192,\"height\":192,\"caption\":\"Mobilier Design Magazine\"},\"image\":{\"@id\":\"https:\\\/\\\/www.mobilier-design-occasion.fr\\\/magazine\\\/#\\\/schema\\\/logo\\\/image\\\/\"},\"sameAs\":[\"https:\\\/\\\/www.facebook.com\\\/mobilierdesignoccasion\"]},{\"@type\":\"Person\",\"@id\":\"https:\\\/\\\/www.mobilier-design-occasion.fr\\\/magazine\\\/#\\\/schema\\\/person\\\/af895bedc80bfb6b17730a672fddac9e\",\"name\":\"Vincent Vandegans\",\"image\":{\"@type\":\"ImageObject\",\"inLanguage\":\"fr-FR\",\"@id\":\"https:\\\/\\\/secure.gravatar.com\\\/avatar\\\/b984800dabdf722d5e3f03f637c8932dea77d81118467d17ad2953e3b273ec66?s=96&d=mm&r=g\",\"url\":\"https:\\\/\\\/secure.gravatar.com\\\/avatar\\\/b984800dabdf722d5e3f03f637c8932dea77d81118467d17ad2953e3b273ec66?s=96&d=mm&r=g\",\"contentUrl\":\"https:\\\/\\\/secure.gravatar.com\\\/avatar\\\/b984800dabdf722d5e3f03f637c8932dea77d81118467d17ad2953e3b273ec66?s=96&d=mm&r=g\",\"caption\":\"Vincent Vandegans\"},\"description\":\"Vincent est passionn\u00e9 par les produits d'occasion, il a ouvert le site MDO avec Cyrielle pour aider les gens \u00e0 trouver du mobilier d'occasion, vintage ou usag\u00e9. Depuis, ils ont \u00e9tendu leurs activit\u00e9s et conseillent tout le monde sur le mobilier d'int\u00e9rieur et d'ext\u00e9rieur au quotidien \u00e0 travers le magazine MDO.\",\"url\":\"https:\\\/\\\/www.mobilier-design-occasion.fr\\\/magazine\\\/author\\\/vincent\\\/\"}]}<\/script>\n<!-- \/ Yoast SEO plugin. -->","yoast_head_json":{"title":"Conseils pour l'am\u00e9nagement et la personnalisation d'un appartement meubl\u00e9 - Mobilier Design Magazine","robots":{"index":"index","follow":"follow","max-snippet":"max-snippet:-1","max-image-preview":"max-image-preview:large","max-video-preview":"max-video-preview:-1"},"canonical":"https:\/\/www.mobilier-design-occasion.fr\/magazine\/conseils-pour-lamenagement-et-la-personnalisation-dun-appartement-meuble\/","og_locale":"fr_FR","og_type":"article","og_title":"Conseils pour l'am\u00e9nagement et la personnalisation d'un appartement meubl\u00e9 - Mobilier Design Magazine","og_description":"L&#8217;am\u00e9nagement et la personnalisation d&#8217;un appartement meubl\u00e9 sont des \u00e9tapes essentielles pour transformer un espace en un lieu qui refl\u00e8te votre style. Que vous veniez d&#8217;emm\u00e9nager dans une nouvelle maison ou que vous cherchiez \u00e0 rafra\u00eechir votre int\u00e9rieur actuel, prendre le temps de r\u00e9fl\u00e9chir \u00e0 la disposition et \u00e0 la d\u00e9coration de votre logement peut [&hellip;]","og_url":"https:\/\/www.mobilier-design-occasion.fr\/magazine\/conseils-pour-lamenagement-et-la-personnalisation-dun-appartement-meuble\/","og_site_name":"Mobilier Design Magazine","article_publisher":"https:\/\/www.facebook.com\/mobilierdesignoccasion","article_published_time":"2024-02-27T11:52:38+00:00","article_modified_time":"2024-02-27T15:53:33+00:00","og_image":[{"width":640,"height":384,"url":"https:\/\/www.mobilier-design-occasion.fr\/magazine\/wp-content\/uploads\/2024\/02\/personnalisation-appartement-amenagement-conseils.jpg","type":"image\/jpeg"}],"author":"Vincent Vandegans","twitter_card":"summary_large_image","twitter_misc":{"\u00c9crit par":"Vincent Vandegans","Dur\u00e9e de lecture estim\u00e9e":"6 minutes"},"schema":{"@context":"https:\/\/schema.org","@graph":[{"@type":"Article","@id":"https:\/\/www.mobilier-design-occasion.fr\/magazine\/conseils-pour-lamenagement-et-la-personnalisation-dun-appartement-meuble\/#article","isPartOf":{"@id":"https:\/\/www.mobilier-design-occasion.fr\/magazine\/conseils-pour-lamenagement-et-la-personnalisation-dun-appartement-meuble\/"},"author":{"name":"Vincent Vandegans","@id":"https:\/\/www.mobilier-design-occasion.fr\/magazine\/#\/schema\/person\/af895bedc80bfb6b17730a672fddac9e"},"headline":"Conseils pour l&#8217;am\u00e9nagement et la personnalisation d&#8217;un appartement meubl\u00e9","datePublished":"2024-02-27T11:52:38+00:00","dateModified":"2024-02-27T15:53:33+00:00","mainEntityOfPage":{"@id":"https:\/\/www.mobilier-design-occasion.fr\/magazine\/conseils-pour-lamenagement-et-la-personnalisation-dun-appartement-meuble\/"},"wordCount":1013,"commentCount":0,"publisher":{"@id":"https:\/\/www.mobilier-design-occasion.fr\/magazine\/#organization"},"image":{"@id":"https:\/\/www.mobilier-design-occasion.fr\/magazine\/conseils-pour-lamenagement-et-la-personnalisation-dun-appartement-meuble\/#primaryimage"},"thumbnailUrl":"https:\/\/www.mobilier-design-occasion.fr\/magazine\/wp-content\/uploads\/2024\/02\/personnalisation-appartement-amenagement-conseils.jpg","articleSection":["Tendances"],"inLanguage":"fr-FR","potentialAction":[{"@type":"CommentAction","name":"Comment","target":["https:\/\/www.mobilier-design-occasion.fr\/magazine\/conseils-pour-lamenagement-et-la-personnalisation-dun-appartement-meuble\/#respond"]}]},{"@type":"WebPage","@id":"https:\/\/www.mobilier-design-occasion.fr\/magazine\/conseils-pour-lamenagement-et-la-personnalisation-dun-appartement-meuble\/","url":"https:\/\/www.mobilier-design-occasion.fr\/magazine\/conseils-pour-lamenagement-et-la-personnalisation-dun-appartement-meuble\/","name":"Conseils pour l'am\u00e9nagement et la personnalisation d'un appartement meubl\u00e9 - Mobilier Design Magazine","isPartOf":{"@id":"https:\/\/www.mobilier-design-occasion.fr\/magazine\/#website"},"primaryImageOfPage":{"@id":"https:\/\/www.mobilier-design-occasion.fr\/magazine\/conseils-pour-lamenagement-et-la-personnalisation-dun-appartement-meuble\/#primaryimage"},"image":{"@id":"https:\/\/www.mobilier-design-occasion.fr\/magazine\/conseils-pour-lamenagement-et-la-personnalisation-dun-appartement-meuble\/#primaryimage"},"thumbnailUrl":"https:\/\/www.mobilier-design-occasion.fr\/magazine\/wp-content\/uploads\/2024\/02\/personnalisation-appartement-amenagement-conseils.jpg","datePublished":"2024-02-27T11:52:38+00:00","dateModified":"2024-02-27T15:53:33+00:00","breadcrumb":{"@id":"https:\/\/www.mobilier-design-occasion.fr\/magazine\/conseils-pour-lamenagement-et-la-personnalisation-dun-appartement-meuble\/#breadcrumb"},"inLanguage":"fr-FR","potentialAction":[{"@type":"ReadAction","target":["https:\/\/www.mobilier-design-occasion.fr\/magazine\/conseils-pour-lamenagement-et-la-personnalisation-dun-appartement-meuble\/"]}]},{"@type":"ImageObject","inLanguage":"fr-FR","@id":"https:\/\/www.mobilier-design-occasion.fr\/magazine\/conseils-pour-lamenagement-et-la-personnalisation-dun-appartement-meuble\/#primaryimage","url":"https:\/\/www.mobilier-design-occasion.fr\/magazine\/wp-content\/uploads\/2024\/02\/personnalisation-appartement-amenagement-conseils.jpg","contentUrl":"https:\/\/www.mobilier-design-occasion.fr\/magazine\/wp-content\/uploads\/2024\/02\/personnalisation-appartement-amenagement-conseils.jpg","width":640,"height":384},{"@type":"BreadcrumbList","@id":"https:\/\/www.mobilier-design-occasion.fr\/magazine\/conseils-pour-lamenagement-et-la-personnalisation-dun-appartement-meuble\/#breadcrumb","itemListElement":[{"@type":"ListItem","position":1,"name":"Accueil","item":"https:\/\/www.mobilier-design-occasion.fr\/magazine\/"},{"@type":"ListItem","position":2,"name":"Conseils pour l&rsquo;am\u00e9nagement et la personnalisation d&rsquo;un appartement meubl\u00e9"}]},{"@type":"WebSite","@id":"https:\/\/www.mobilier-design-occasion.fr\/magazine\/#website","url":"https:\/\/www.mobilier-design-occasion.fr\/magazine\/","name":"Mobilier Design Magazine","description":"","publisher":{"@id":"https:\/\/www.mobilier-design-occasion.fr\/magazine\/#organization"},"potentialAction":[{"@type":"SearchAction","target":{"@type":"EntryPoint","urlTemplate":"https:\/\/www.mobilier-design-occasion.fr\/magazine\/?s={search_term_string}"},"query-input":{"@type":"PropertyValueSpecification","valueRequired":true,"valueName":"search_term_string"}}],"inLanguage":"fr-FR"},{"@type":"Organization","@id":"https:\/\/www.mobilier-design-occasion.fr\/magazine\/#organization","name":"Mobilier Design Magazine","url":"https:\/\/www.mobilier-design-occasion.fr\/magazine\/","logo":{"@type":"ImageObject","inLanguage":"fr-FR","@id":"https:\/\/www.mobilier-design-occasion.fr\/magazine\/#\/schema\/logo\/image\/","url":"https:\/\/www.mobilier-design-occasion.fr\/magazine\/wp-content\/uploads\/2024\/02\/android-chrome-192x192-1.png","contentUrl":"https:\/\/www.mobilier-design-occasion.fr\/magazine\/wp-content\/uploads\/2024\/02\/android-chrome-192x192-1.png","width":192,"height":192,"caption":"Mobilier Design Magazine"},"image":{"@id":"https:\/\/www.mobilier-design-occasion.fr\/magazine\/#\/schema\/logo\/image\/"},"sameAs":["https:\/\/www.facebook.com\/mobilierdesignoccasion"]},{"@type":"Person","@id":"https:\/\/www.mobilier-design-occasion.fr\/magazine\/#\/schema\/person\/af895bedc80bfb6b17730a672fddac9e","name":"Vincent Vandegans","image":{"@type":"ImageObject","inLanguage":"fr-FR","@id":"https:\/\/secure.gravatar.com\/avatar\/b984800dabdf722d5e3f03f637c8932dea77d81118467d17ad2953e3b273ec66?s=96&d=mm&r=g","url":"https:\/\/secure.gravatar.com\/avatar\/b984800dabdf722d5e3f03f637c8932dea77d81118467d17ad2953e3b273ec66?s=96&d=mm&r=g","contentUrl":"https:\/\/secure.gravatar.com\/avatar\/b984800dabdf722d5e3f03f637c8932dea77d81118467d17ad2953e3b273ec66?s=96&d=mm&r=g","caption":"Vincent Vandegans"},"description":"Vincent est passionn\u00e9 par les produits d'occasion, il a ouvert le site MDO avec Cyrielle pour aider les gens \u00e0 trouver du mobilier d'occasion, vintage ou usag\u00e9. Depuis, ils ont \u00e9tendu leurs activit\u00e9s et conseillent tout le monde sur le mobilier d'int\u00e9rieur et d'ext\u00e9rieur au quotidien \u00e0 travers le magazine MDO.","url":"https:\/\/www.mobilier-design-occasion.fr\/magazine\/author\/vincent\/"}]}},"_links":{"self":[{"href":"https:\/\/www.mobilier-design-occasion.fr\/magazine\/wp-json\/wp\/v2\/posts\/7528","targetHints":{"allow":["GET"]}}],"collection":[{"href":"https:\/\/www.mobilier-design-occasion.fr\/magazine\/wp-json\/wp\/v2\/posts"}],"about":[{"href":"https:\/\/www.mobilier-design-occasion.fr\/magazine\/wp-json\/wp\/v2\/types\/post"}],"author":[{"embeddable":true,"href":"https:\/\/www.mobilier-design-occasion.fr\/magazine\/wp-json\/wp\/v2\/users\/2"}],"replies":[{"embeddable":true,"href":"https:\/\/www.mobilier-design-occasion.fr\/magazine\/wp-json\/wp\/v2\/comments?post=7528"}],"version-history":[{"count":2,"href":"https:\/\/www.mobilier-design-occasion.fr\/magazine\/wp-json\/wp\/v2\/posts\/7528\/revisions"}],"predecessor-version":[{"id":7532,"href":"https:\/\/www.mobilier-design-occasion.fr\/magazine\/wp-json\/wp\/v2\/posts\/7528\/revisions\/7532"}],"wp:featuredmedia":[{"embeddable":true,"href":"https:\/\/www.mobilier-design-occasion.fr\/magazine\/wp-json\/wp\/v2\/media\/7529"}],"wp:attachment":[{"href":"https:\/\/www.mobilier-design-occasion.fr\/magazine\/wp-json\/wp\/v2\/media?parent=7528"}],"wp:term":[{"taxonomy":"category","embeddable":true,"href":"https:\/\/www.mobilier-design-occasion.fr\/magazine\/wp-json\/wp\/v2\/categories?post=7528"},{"taxonomy":"post_tag","embeddable":true,"href":"https:\/\/www.mobilier-design-occasion.fr\/magazine\/wp-json\/wp\/v2\/tags?post=7528"}],"curies":[{"name":"wp","href":"https:\/\/api.w.org\/{rel}","templated":true}]}}