{"id":7509,"date":"2024-02-16T14:05:40","date_gmt":"2024-02-16T14:05:40","guid":{"rendered":"https:\/\/www.mobilier-design-occasion.fr\/magazine\/?p=7509"},"modified":"2024-02-16T14:15:00","modified_gmt":"2024-02-16T14:15:00","slug":"decouvrez-les-canapes-togo-les-moins-chers-de-2024","status":"publish","type":"post","link":"https:\/\/www.mobilier-design-occasion.fr\/magazine\/decouvrez-les-canapes-togo-les-moins-chers-de-2024\/","title":{"rendered":"D\u00e9couvrez les canap\u00e9s Togo les moins chers de 2024."},"content":{"rendered":"\n<p>Le canap\u00e9 Togo, con\u00e7u par Michel Ducaroy pour Ligne Roset en 1973, est un symbole embl\u00e9matique du design confortable et d\u00e9contract\u00e9. Sa silhouette distinctive, avec ses lignes arrondies et sa structure enti\u00e8rement en mousse, en fait un choix privil\u00e9gi\u00e9 pour ceux qui cherchent \u00e0 ajouter une touche de style et de confort \u00e0 leur int\u00e9rieur. <\/p>\n\n\n\n<iframe loading=\"lazy\" style=\"border: 0px;\" src=\"https:\/\/www.mobilier-design-occasion.fr\/magazine\/embed\/products.php?keyword=canap%C3%A9%20togo&#038;sorting=bestprices\" height=\"450\" width=\"100%\" border=\"0\" data-sanitized-scrolling=\"no\" data-sanitized-frameborder=\"0\"><\/iframe>\n\n\n\n<h3 class=\"wp-block-heading\"><span class=\"ez-toc-section\" id=\"Ou_trouver_des_canapes_Togo_doccasion_ou_en_destockage\"><\/span><strong>O\u00f9 trouver des canap\u00e9s Togo d&#8217;occasion ou en destockage ?<\/strong><span class=\"ez-toc-section-end\"><\/span><\/h3><div id=\"ez-toc-container\" class=\"ez-toc-v2_0_82_2 counter-hierarchy ez-toc-counter ez-toc-grey ez-toc-container-direction\">\n<div class=\"ez-toc-title-container\">\n<span class=\"ez-toc-title-toggle\"><a href=\"#\" class=\"ez-toc-pull-right ez-toc-btn ez-toc-btn-xs ez-toc-btn-default ez-toc-toggle\" aria-label=\"Toggle Table of Content\"><span class=\"ez-toc-js-icon-con\"><span class=\"\"><span class=\"eztoc-hide\" style=\"display:none;\">Toggle<\/span><span class=\"ez-toc-icon-toggle-span\"><svg style=\"fill: #999;color:#999\" xmlns=\"http:\/\/www.w3.org\/2000\/svg\" class=\"list-377408\" width=\"20px\" height=\"20px\" viewBox=\"0 0 24 24\" fill=\"none\"><path d=\"M6 6H4v2h2V6zm14 0H8v2h12V6zM4 11h2v2H4v-2zm16 0H8v2h12v-2zM4 16h2v2H4v-2zm16 0H8v2h12v-2z\" fill=\"currentColor\"><\/path><\/svg><svg style=\"fill: #999;color:#999\" class=\"arrow-unsorted-368013\" xmlns=\"http:\/\/www.w3.org\/2000\/svg\" width=\"10px\" height=\"10px\" viewBox=\"0 0 24 24\" version=\"1.2\" baseProfile=\"tiny\"><path d=\"M18.2 9.3l-6.2-6.3-6.2 6.3c-.2.2-.3.4-.3.7s.1.5.3.7c.2.2.4.3.7.3h11c.3 0 .5-.1.7-.3.2-.2.3-.5.3-.7s-.1-.5-.3-.7zM5.8 14.7l6.2 6.3 6.2-6.3c.2-.2.3-.5.3-.7s-.1-.5-.3-.7c-.2-.2-.4-.3-.7-.3h-11c-.3 0-.5.1-.7.3-.2.2-.3.5-.3.7s.1.5.3.7z\"\/><\/svg><\/span><\/span><\/span><\/a><\/span><\/div>\n<nav><ul class='ez-toc-list ez-toc-list-level-1 eztoc-toggle-hide-by-default' ><li class='ez-toc-page-1 ez-toc-heading-level-3'><a class=\"ez-toc-link ez-toc-heading-1\" href=\"https:\/\/www.mobilier-design-occasion.fr\/magazine\/decouvrez-les-canapes-togo-les-moins-chers-de-2024\/#Ou_trouver_des_canapes_Togo_doccasion_ou_en_destockage\" >O\u00f9 trouver des canap\u00e9s Togo d&#8217;occasion ou en destockage ?<\/a><\/li><li class='ez-toc-page-1 ez-toc-heading-level-3'><a class=\"ez-toc-link ez-toc-heading-2\" href=\"https:\/\/www.mobilier-design-occasion.fr\/magazine\/decouvrez-les-canapes-togo-les-moins-chers-de-2024\/#Comment_sassurer_de_la_qualite_dun_canape_Togo_doccasion\" >Comment s&#8217;assurer de la qualit\u00e9 d&#8217;un canap\u00e9 Togo d&#8217;occasion ?<\/a><\/li><li class='ez-toc-page-1 ez-toc-heading-level-3'><a class=\"ez-toc-link ez-toc-heading-3\" href=\"https:\/\/www.mobilier-design-occasion.fr\/magazine\/decouvrez-les-canapes-togo-les-moins-chers-de-2024\/#Quelles_sont_les_caracteristiques_a_rechercher_pour_un_canape_Togo\" >Quelles sont les caract\u00e9ristiques \u00e0 rechercher pour un canap\u00e9 Togo ?<\/a><\/li><li class='ez-toc-page-1 ez-toc-heading-level-3'><a class=\"ez-toc-link ez-toc-heading-4\" href=\"https:\/\/www.mobilier-design-occasion.fr\/magazine\/decouvrez-les-canapes-togo-les-moins-chers-de-2024\/#Comment_obtenir_le_meilleur_prix_pour_un_canape_Togo\" >Comment obtenir le meilleur prix pour un canap\u00e9 Togo ?<\/a><\/li><li class='ez-toc-page-1 ez-toc-heading-level-3'><a class=\"ez-toc-link ez-toc-heading-5\" href=\"https:\/\/www.mobilier-design-occasion.fr\/magazine\/decouvrez-les-canapes-togo-les-moins-chers-de-2024\/#5_Peut-on_personnaliser_un_canape_Togo_doccasion\" >5. Peut-on personnaliser un canap\u00e9 Togo d&#8217;occasion ?<\/a><\/li><\/ul><\/nav><\/div>\n\n\n\n\n<p>Les canap\u00e9s Togo d&#8217;occasion peuvent se trouver sur des sites de vente de mobilier d&#8217;occasion sp\u00e9cialis\u00e9s dans le design, des plateformes d&#8217;annonces entre particuliers, ou dans des boutiques de destockage de mobilier design. Ces lieux offrent souvent des pi\u00e8ces \u00e0 des prix inf\u00e9rieurs \u00e0 ceux du neuf, tout en permettant de d\u00e9nicher des \u00e9ditions rares ou des couleurs uniques.<\/p>\n\n\n\n<h3 class=\"wp-block-heading\"><span class=\"ez-toc-section\" id=\"Comment_sassurer_de_la_qualite_dun_canape_Togo_doccasion\"><\/span><strong>Comment s&#8217;assurer de la qualit\u00e9 d&#8217;un canap\u00e9 Togo d&#8217;occasion ?<\/strong><span class=\"ez-toc-section-end\"><\/span><\/h3>\n\n\n\n<p>Lors de l&#8217;achat d&#8217;un canap\u00e9 Togo d&#8217;occasion, il est crucial d&#8217;examiner attentivement l&#8217;\u00e9tat du tissu, la fermet\u00e9 de la mousse, et l&#8217;int\u00e9grit\u00e9 g\u00e9n\u00e9rale de la structure. Demander des photos d\u00e9taill\u00e9es au vendeur, poser des questions sur l&#8217;historique du canap\u00e9 (premi\u00e8re main, r\u00e9novations, etc.), et si possible, le voir en personne avant de finaliser l&#8217;achat.<\/p>\n\n\n\n<h3 class=\"wp-block-heading\"><span class=\"ez-toc-section\" id=\"Quelles_sont_les_caracteristiques_a_rechercher_pour_un_canape_Togo\"><\/span><strong>Quelles sont les caract\u00e9ristiques \u00e0 rechercher pour un canap\u00e9 Togo ?<\/strong><span class=\"ez-toc-section-end\"><\/span><\/h3>\n\n\n\n<p>Les caract\u00e9ristiques \u00e0 privil\u00e9gier incluent la raret\u00e9 du tissu (\u00e9ditions limit\u00e9es, collaborations sp\u00e9ciales), la couleur (des teintes vives ou des neutres classiques), et l&#8217;\u00e9tat g\u00e9n\u00e9ral (peu d&#8217;usure, pas de taches ou de d\u00e9chirures). Les mod\u00e8les avec des tissus de haute qualit\u00e9 ou des \u00e9ditions sp\u00e9ciales sont particuli\u00e8rement recherch\u00e9s.<\/p>\n\n\n\n<h3 class=\"wp-block-heading\"><span class=\"ez-toc-section\" id=\"Comment_obtenir_le_meilleur_prix_pour_un_canape_Togo\"><\/span><strong>Comment obtenir le meilleur prix pour un canap\u00e9 Togo ?<\/strong><span class=\"ez-toc-section-end\"><\/span><\/h3>\n\n\n\n<p>Pour obtenir le meilleur prix, il est conseill\u00e9 de comparer les offres sur plusieurs plateformes, de n\u00e9gocier avec les vendeurs, et de rester \u00e0 l&#8217;aff\u00fbt des ventes de destockage ou des promotions sp\u00e9ciales. S&#8217;abonner aux newsletters de sites de mobilier d&#8217;occasion et de boutiques de design peut \u00e9galement aider \u00e0 saisir les bonnes affaires d\u00e8s leur apparition.<\/p>\n\n\n\n<h3 class=\"wp-block-heading\"><span class=\"ez-toc-section\" id=\"5_Peut-on_personnaliser_un_canape_Togo_doccasion\"><\/span>5. <strong>Peut-on personnaliser un canap\u00e9 Togo d&#8217;occasion ?<\/strong><span class=\"ez-toc-section-end\"><\/span><\/h3>\n\n\n\n<p>Bien que le canap\u00e9 Togo soit livr\u00e9 dans une vari\u00e9t\u00e9 de tissus et de couleurs, personnaliser un mod\u00e8le d&#8217;occasion est possible en faisant appel \u00e0 des services de retapisserie professionnels. Cela permet non seulement de rafra\u00eechir un canap\u00e9 qui montre des signes d&#8217;usure, mais aussi d&#8217;adapter la pi\u00e8ce \u00e0 votre d\u00e9cor int\u00e9rieur sp\u00e9cifique.<\/p>\n\n\n\n<iframe loading=\"lazy\" style=\"border: 0px;\" src=\"https:\/\/www.mobilier-design-occasion.fr\/magazine\/embed\/products.php?keyword=canap%C3%A9%20togo&#038;sorting=bestmatches\" height=\"450\" width=\"100%\" border=\"0\" data-sanitized-scrolling=\"no\" data-sanitized-frameborder=\"0\"><\/iframe>\n","protected":false},"excerpt":{"rendered":"<p>Le canap\u00e9 Togo, con\u00e7u par Michel Ducaroy pour Ligne Roset en 1973, est un symbole embl\u00e9matique du design confortable et d\u00e9contract\u00e9. Sa silhouette distinctive, avec ses lignes arrondies et sa structure enti\u00e8rement en mousse, en fait un choix privil\u00e9gi\u00e9 pour ceux qui cherchent \u00e0 ajouter une touche de style et de confort \u00e0 leur int\u00e9rieur. [&hellip;]<\/p>\n","protected":false},"author":2,"featured_media":7516,"comment_status":"open","ping_status":"open","sticky":false,"template":"","format":"standard","meta":{"footnotes":""},"categories":[122],"tags":[],"class_list":["post-7509","post","type-post","status-publish","format-standard","has-post-thumbnail","hentry","category-salon"],"yoast_head":"<!-- This site is optimized with the Yoast SEO plugin v27.5 - https:\/\/yoast.com\/product\/yoast-seo-wordpress\/ -->\n<title>D\u00e9couvrez les canap\u00e9s Togo les moins chers de 2024. - Mobilier Design Magazine<\/title>\n<meta name=\"robots\" content=\"index, follow, max-snippet:-1, max-image-preview:large, max-video-preview:-1\" \/>\n<link rel=\"canonical\" href=\"https:\/\/www.mobilier-design-occasion.fr\/magazine\/decouvrez-les-canapes-togo-les-moins-chers-de-2024\/\" \/>\n<meta property=\"og:locale\" content=\"fr_FR\" \/>\n<meta property=\"og:type\" content=\"article\" \/>\n<meta property=\"og:title\" content=\"D\u00e9couvrez les canap\u00e9s Togo les moins chers de 2024. - Mobilier Design Magazine\" \/>\n<meta property=\"og:description\" content=\"Le canap\u00e9 Togo, con\u00e7u par Michel Ducaroy pour Ligne Roset en 1973, est un symbole embl\u00e9matique du design confortable et d\u00e9contract\u00e9. Sa silhouette distinctive, avec ses lignes arrondies et sa structure enti\u00e8rement en mousse, en fait un choix privil\u00e9gi\u00e9 pour ceux qui cherchent \u00e0 ajouter une touche de style et de confort \u00e0 leur int\u00e9rieur. [&hellip;]\" \/>\n<meta property=\"og:url\" content=\"https:\/\/www.mobilier-design-occasion.fr\/magazine\/decouvrez-les-canapes-togo-les-moins-chers-de-2024\/\" \/>\n<meta property=\"og:site_name\" content=\"Mobilier Design Magazine\" \/>\n<meta property=\"article:publisher\" content=\"https:\/\/www.facebook.com\/mobilierdesignoccasion\" \/>\n<meta property=\"article:published_time\" content=\"2024-02-16T14:05:40+00:00\" \/>\n<meta property=\"article:modified_time\" content=\"2024-02-16T14:15:00+00:00\" \/>\n<meta property=\"og:image\" content=\"https:\/\/www.mobilier-design-occasion.fr\/magazine\/wp-content\/uploads\/2024\/02\/togo.png\" \/>\n\t<meta property=\"og:image:width\" content=\"926\" \/>\n\t<meta property=\"og:image:height\" content=\"1236\" \/>\n\t<meta property=\"og:image:type\" content=\"image\/png\" \/>\n<meta name=\"author\" content=\"Vincent Vandegans\" \/>\n<meta name=\"twitter:card\" content=\"summary_large_image\" \/>\n<meta name=\"twitter:label1\" content=\"\u00c9crit par\" \/>\n\t<meta name=\"twitter:data1\" content=\"Vincent Vandegans\" \/>\n\t<meta name=\"twitter:label2\" content=\"Dur\u00e9e de lecture estim\u00e9e\" \/>\n\t<meta name=\"twitter:data2\" content=\"2 minutes\" \/>\n<script type=\"application\/ld+json\" class=\"yoast-schema-graph\">{\"@context\":\"https:\\\/\\\/schema.org\",\"@graph\":[{\"@type\":\"Article\",\"@id\":\"https:\\\/\\\/www.mobilier-design-occasion.fr\\\/magazine\\\/decouvrez-les-canapes-togo-les-moins-chers-de-2024\\\/#article\",\"isPartOf\":{\"@id\":\"https:\\\/\\\/www.mobilier-design-occasion.fr\\\/magazine\\\/decouvrez-les-canapes-togo-les-moins-chers-de-2024\\\/\"},\"author\":{\"name\":\"Vincent Vandegans\",\"@id\":\"https:\\\/\\\/www.mobilier-design-occasion.fr\\\/magazine\\\/#\\\/schema\\\/person\\\/af895bedc80bfb6b17730a672fddac9e\"},\"headline\":\"D\u00e9couvrez les canap\u00e9s Togo les moins chers de 2024.\",\"datePublished\":\"2024-02-16T14:05:40+00:00\",\"dateModified\":\"2024-02-16T14:15:00+00:00\",\"mainEntityOfPage\":{\"@id\":\"https:\\\/\\\/www.mobilier-design-occasion.fr\\\/magazine\\\/decouvrez-les-canapes-togo-les-moins-chers-de-2024\\\/\"},\"wordCount\":435,\"commentCount\":0,\"publisher\":{\"@id\":\"https:\\\/\\\/www.mobilier-design-occasion.fr\\\/magazine\\\/#organization\"},\"image\":{\"@id\":\"https:\\\/\\\/www.mobilier-design-occasion.fr\\\/magazine\\\/decouvrez-les-canapes-togo-les-moins-chers-de-2024\\\/#primaryimage\"},\"thumbnailUrl\":\"https:\\\/\\\/www.mobilier-design-occasion.fr\\\/magazine\\\/wp-content\\\/uploads\\\/2024\\\/02\\\/togo.png\",\"articleSection\":[\"Salon\"],\"inLanguage\":\"fr-FR\",\"potentialAction\":[{\"@type\":\"CommentAction\",\"name\":\"Comment\",\"target\":[\"https:\\\/\\\/www.mobilier-design-occasion.fr\\\/magazine\\\/decouvrez-les-canapes-togo-les-moins-chers-de-2024\\\/#respond\"]}]},{\"@type\":\"WebPage\",\"@id\":\"https:\\\/\\\/www.mobilier-design-occasion.fr\\\/magazine\\\/decouvrez-les-canapes-togo-les-moins-chers-de-2024\\\/\",\"url\":\"https:\\\/\\\/www.mobilier-design-occasion.fr\\\/magazine\\\/decouvrez-les-canapes-togo-les-moins-chers-de-2024\\\/\",\"name\":\"D\u00e9couvrez les canap\u00e9s Togo les moins chers de 2024. - Mobilier Design Magazine\",\"isPartOf\":{\"@id\":\"https:\\\/\\\/www.mobilier-design-occasion.fr\\\/magazine\\\/#website\"},\"primaryImageOfPage\":{\"@id\":\"https:\\\/\\\/www.mobilier-design-occasion.fr\\\/magazine\\\/decouvrez-les-canapes-togo-les-moins-chers-de-2024\\\/#primaryimage\"},\"image\":{\"@id\":\"https:\\\/\\\/www.mobilier-design-occasion.fr\\\/magazine\\\/decouvrez-les-canapes-togo-les-moins-chers-de-2024\\\/#primaryimage\"},\"thumbnailUrl\":\"https:\\\/\\\/www.mobilier-design-occasion.fr\\\/magazine\\\/wp-content\\\/uploads\\\/2024\\\/02\\\/togo.png\",\"datePublished\":\"2024-02-16T14:05:40+00:00\",\"dateModified\":\"2024-02-16T14:15:00+00:00\",\"breadcrumb\":{\"@id\":\"https:\\\/\\\/www.mobilier-design-occasion.fr\\\/magazine\\\/decouvrez-les-canapes-togo-les-moins-chers-de-2024\\\/#breadcrumb\"},\"inLanguage\":\"fr-FR\",\"potentialAction\":[{\"@type\":\"ReadAction\",\"target\":[\"https:\\\/\\\/www.mobilier-design-occasion.fr\\\/magazine\\\/decouvrez-les-canapes-togo-les-moins-chers-de-2024\\\/\"]}]},{\"@type\":\"ImageObject\",\"inLanguage\":\"fr-FR\",\"@id\":\"https:\\\/\\\/www.mobilier-design-occasion.fr\\\/magazine\\\/decouvrez-les-canapes-togo-les-moins-chers-de-2024\\\/#primaryimage\",\"url\":\"https:\\\/\\\/www.mobilier-design-occasion.fr\\\/magazine\\\/wp-content\\\/uploads\\\/2024\\\/02\\\/togo.png\",\"contentUrl\":\"https:\\\/\\\/www.mobilier-design-occasion.fr\\\/magazine\\\/wp-content\\\/uploads\\\/2024\\\/02\\\/togo.png\",\"width\":926,\"height\":1236},{\"@type\":\"BreadcrumbList\",\"@id\":\"https:\\\/\\\/www.mobilier-design-occasion.fr\\\/magazine\\\/decouvrez-les-canapes-togo-les-moins-chers-de-2024\\\/#breadcrumb\",\"itemListElement\":[{\"@type\":\"ListItem\",\"position\":1,\"name\":\"Accueil\",\"item\":\"https:\\\/\\\/www.mobilier-design-occasion.fr\\\/magazine\\\/\"},{\"@type\":\"ListItem\",\"position\":2,\"name\":\"D\u00e9couvrez les canap\u00e9s Togo les moins chers de 2024.\"}]},{\"@type\":\"WebSite\",\"@id\":\"https:\\\/\\\/www.mobilier-design-occasion.fr\\\/magazine\\\/#website\",\"url\":\"https:\\\/\\\/www.mobilier-design-occasion.fr\\\/magazine\\\/\",\"name\":\"Mobilier Design Magazine\",\"description\":\"\",\"publisher\":{\"@id\":\"https:\\\/\\\/www.mobilier-design-occasion.fr\\\/magazine\\\/#organization\"},\"potentialAction\":[{\"@type\":\"SearchAction\",\"target\":{\"@type\":\"EntryPoint\",\"urlTemplate\":\"https:\\\/\\\/www.mobilier-design-occasion.fr\\\/magazine\\\/?s={search_term_string}\"},\"query-input\":{\"@type\":\"PropertyValueSpecification\",\"valueRequired\":true,\"valueName\":\"search_term_string\"}}],\"inLanguage\":\"fr-FR\"},{\"@type\":\"Organization\",\"@id\":\"https:\\\/\\\/www.mobilier-design-occasion.fr\\\/magazine\\\/#organization\",\"name\":\"Mobilier Design Magazine\",\"url\":\"https:\\\/\\\/www.mobilier-design-occasion.fr\\\/magazine\\\/\",\"logo\":{\"@type\":\"ImageObject\",\"inLanguage\":\"fr-FR\",\"@id\":\"https:\\\/\\\/www.mobilier-design-occasion.fr\\\/magazine\\\/#\\\/schema\\\/logo\\\/image\\\/\",\"url\":\"https:\\\/\\\/www.mobilier-design-occasion.fr\\\/magazine\\\/wp-content\\\/uploads\\\/2024\\\/02\\\/android-chrome-192x192-1.png\",\"contentUrl\":\"https:\\\/\\\/www.mobilier-design-occasion.fr\\\/magazine\\\/wp-content\\\/uploads\\\/2024\\\/02\\\/android-chrome-192x192-1.png\",\"width\":192,\"height\":192,\"caption\":\"Mobilier Design Magazine\"},\"image\":{\"@id\":\"https:\\\/\\\/www.mobilier-design-occasion.fr\\\/magazine\\\/#\\\/schema\\\/logo\\\/image\\\/\"},\"sameAs\":[\"https:\\\/\\\/www.facebook.com\\\/mobilierdesignoccasion\"]},{\"@type\":\"Person\",\"@id\":\"https:\\\/\\\/www.mobilier-design-occasion.fr\\\/magazine\\\/#\\\/schema\\\/person\\\/af895bedc80bfb6b17730a672fddac9e\",\"name\":\"Vincent Vandegans\",\"image\":{\"@type\":\"ImageObject\",\"inLanguage\":\"fr-FR\",\"@id\":\"https:\\\/\\\/secure.gravatar.com\\\/avatar\\\/b984800dabdf722d5e3f03f637c8932dea77d81118467d17ad2953e3b273ec66?s=96&d=mm&r=g\",\"url\":\"https:\\\/\\\/secure.gravatar.com\\\/avatar\\\/b984800dabdf722d5e3f03f637c8932dea77d81118467d17ad2953e3b273ec66?s=96&d=mm&r=g\",\"contentUrl\":\"https:\\\/\\\/secure.gravatar.com\\\/avatar\\\/b984800dabdf722d5e3f03f637c8932dea77d81118467d17ad2953e3b273ec66?s=96&d=mm&r=g\",\"caption\":\"Vincent Vandegans\"},\"description\":\"Vincent est passionn\u00e9 par les produits d'occasion, il a ouvert le site MDO avec Cyrielle pour aider les gens \u00e0 trouver du mobilier d'occasion, vintage ou usag\u00e9. Depuis, ils ont \u00e9tendu leurs activit\u00e9s et conseillent tout le monde sur le mobilier d'int\u00e9rieur et d'ext\u00e9rieur au quotidien \u00e0 travers le magazine MDO.\",\"url\":\"https:\\\/\\\/www.mobilier-design-occasion.fr\\\/magazine\\\/author\\\/vincent\\\/\"}]}<\/script>\n<!-- \/ Yoast SEO plugin. -->","yoast_head_json":{"title":"D\u00e9couvrez les canap\u00e9s Togo les moins chers de 2024. - Mobilier Design Magazine","robots":{"index":"index","follow":"follow","max-snippet":"max-snippet:-1","max-image-preview":"max-image-preview:large","max-video-preview":"max-video-preview:-1"},"canonical":"https:\/\/www.mobilier-design-occasion.fr\/magazine\/decouvrez-les-canapes-togo-les-moins-chers-de-2024\/","og_locale":"fr_FR","og_type":"article","og_title":"D\u00e9couvrez les canap\u00e9s Togo les moins chers de 2024. - Mobilier Design Magazine","og_description":"Le canap\u00e9 Togo, con\u00e7u par Michel Ducaroy pour Ligne Roset en 1973, est un symbole embl\u00e9matique du design confortable et d\u00e9contract\u00e9. Sa silhouette distinctive, avec ses lignes arrondies et sa structure enti\u00e8rement en mousse, en fait un choix privil\u00e9gi\u00e9 pour ceux qui cherchent \u00e0 ajouter une touche de style et de confort \u00e0 leur int\u00e9rieur. [&hellip;]","og_url":"https:\/\/www.mobilier-design-occasion.fr\/magazine\/decouvrez-les-canapes-togo-les-moins-chers-de-2024\/","og_site_name":"Mobilier Design Magazine","article_publisher":"https:\/\/www.facebook.com\/mobilierdesignoccasion","article_published_time":"2024-02-16T14:05:40+00:00","article_modified_time":"2024-02-16T14:15:00+00:00","og_image":[{"width":926,"height":1236,"url":"https:\/\/www.mobilier-design-occasion.fr\/magazine\/wp-content\/uploads\/2024\/02\/togo.png","type":"image\/png"}],"author":"Vincent Vandegans","twitter_card":"summary_large_image","twitter_misc":{"\u00c9crit par":"Vincent Vandegans","Dur\u00e9e de lecture estim\u00e9e":"2 minutes"},"schema":{"@context":"https:\/\/schema.org","@graph":[{"@type":"Article","@id":"https:\/\/www.mobilier-design-occasion.fr\/magazine\/decouvrez-les-canapes-togo-les-moins-chers-de-2024\/#article","isPartOf":{"@id":"https:\/\/www.mobilier-design-occasion.fr\/magazine\/decouvrez-les-canapes-togo-les-moins-chers-de-2024\/"},"author":{"name":"Vincent Vandegans","@id":"https:\/\/www.mobilier-design-occasion.fr\/magazine\/#\/schema\/person\/af895bedc80bfb6b17730a672fddac9e"},"headline":"D\u00e9couvrez les canap\u00e9s Togo les moins chers de 2024.","datePublished":"2024-02-16T14:05:40+00:00","dateModified":"2024-02-16T14:15:00+00:00","mainEntityOfPage":{"@id":"https:\/\/www.mobilier-design-occasion.fr\/magazine\/decouvrez-les-canapes-togo-les-moins-chers-de-2024\/"},"wordCount":435,"commentCount":0,"publisher":{"@id":"https:\/\/www.mobilier-design-occasion.fr\/magazine\/#organization"},"image":{"@id":"https:\/\/www.mobilier-design-occasion.fr\/magazine\/decouvrez-les-canapes-togo-les-moins-chers-de-2024\/#primaryimage"},"thumbnailUrl":"https:\/\/www.mobilier-design-occasion.fr\/magazine\/wp-content\/uploads\/2024\/02\/togo.png","articleSection":["Salon"],"inLanguage":"fr-FR","potentialAction":[{"@type":"CommentAction","name":"Comment","target":["https:\/\/www.mobilier-design-occasion.fr\/magazine\/decouvrez-les-canapes-togo-les-moins-chers-de-2024\/#respond"]}]},{"@type":"WebPage","@id":"https:\/\/www.mobilier-design-occasion.fr\/magazine\/decouvrez-les-canapes-togo-les-moins-chers-de-2024\/","url":"https:\/\/www.mobilier-design-occasion.fr\/magazine\/decouvrez-les-canapes-togo-les-moins-chers-de-2024\/","name":"D\u00e9couvrez les canap\u00e9s Togo les moins chers de 2024. - Mobilier Design Magazine","isPartOf":{"@id":"https:\/\/www.mobilier-design-occasion.fr\/magazine\/#website"},"primaryImageOfPage":{"@id":"https:\/\/www.mobilier-design-occasion.fr\/magazine\/decouvrez-les-canapes-togo-les-moins-chers-de-2024\/#primaryimage"},"image":{"@id":"https:\/\/www.mobilier-design-occasion.fr\/magazine\/decouvrez-les-canapes-togo-les-moins-chers-de-2024\/#primaryimage"},"thumbnailUrl":"https:\/\/www.mobilier-design-occasion.fr\/magazine\/wp-content\/uploads\/2024\/02\/togo.png","datePublished":"2024-02-16T14:05:40+00:00","dateModified":"2024-02-16T14:15:00+00:00","breadcrumb":{"@id":"https:\/\/www.mobilier-design-occasion.fr\/magazine\/decouvrez-les-canapes-togo-les-moins-chers-de-2024\/#breadcrumb"},"inLanguage":"fr-FR","potentialAction":[{"@type":"ReadAction","target":["https:\/\/www.mobilier-design-occasion.fr\/magazine\/decouvrez-les-canapes-togo-les-moins-chers-de-2024\/"]}]},{"@type":"ImageObject","inLanguage":"fr-FR","@id":"https:\/\/www.mobilier-design-occasion.fr\/magazine\/decouvrez-les-canapes-togo-les-moins-chers-de-2024\/#primaryimage","url":"https:\/\/www.mobilier-design-occasion.fr\/magazine\/wp-content\/uploads\/2024\/02\/togo.png","contentUrl":"https:\/\/www.mobilier-design-occasion.fr\/magazine\/wp-content\/uploads\/2024\/02\/togo.png","width":926,"height":1236},{"@type":"BreadcrumbList","@id":"https:\/\/www.mobilier-design-occasion.fr\/magazine\/decouvrez-les-canapes-togo-les-moins-chers-de-2024\/#breadcrumb","itemListElement":[{"@type":"ListItem","position":1,"name":"Accueil","item":"https:\/\/www.mobilier-design-occasion.fr\/magazine\/"},{"@type":"ListItem","position":2,"name":"D\u00e9couvrez les canap\u00e9s Togo les moins chers de 2024."}]},{"@type":"WebSite","@id":"https:\/\/www.mobilier-design-occasion.fr\/magazine\/#website","url":"https:\/\/www.mobilier-design-occasion.fr\/magazine\/","name":"Mobilier Design Magazine","description":"","publisher":{"@id":"https:\/\/www.mobilier-design-occasion.fr\/magazine\/#organization"},"potentialAction":[{"@type":"SearchAction","target":{"@type":"EntryPoint","urlTemplate":"https:\/\/www.mobilier-design-occasion.fr\/magazine\/?s={search_term_string}"},"query-input":{"@type":"PropertyValueSpecification","valueRequired":true,"valueName":"search_term_string"}}],"inLanguage":"fr-FR"},{"@type":"Organization","@id":"https:\/\/www.mobilier-design-occasion.fr\/magazine\/#organization","name":"Mobilier Design Magazine","url":"https:\/\/www.mobilier-design-occasion.fr\/magazine\/","logo":{"@type":"ImageObject","inLanguage":"fr-FR","@id":"https:\/\/www.mobilier-design-occasion.fr\/magazine\/#\/schema\/logo\/image\/","url":"https:\/\/www.mobilier-design-occasion.fr\/magazine\/wp-content\/uploads\/2024\/02\/android-chrome-192x192-1.png","contentUrl":"https:\/\/www.mobilier-design-occasion.fr\/magazine\/wp-content\/uploads\/2024\/02\/android-chrome-192x192-1.png","width":192,"height":192,"caption":"Mobilier Design Magazine"},"image":{"@id":"https:\/\/www.mobilier-design-occasion.fr\/magazine\/#\/schema\/logo\/image\/"},"sameAs":["https:\/\/www.facebook.com\/mobilierdesignoccasion"]},{"@type":"Person","@id":"https:\/\/www.mobilier-design-occasion.fr\/magazine\/#\/schema\/person\/af895bedc80bfb6b17730a672fddac9e","name":"Vincent Vandegans","image":{"@type":"ImageObject","inLanguage":"fr-FR","@id":"https:\/\/secure.gravatar.com\/avatar\/b984800dabdf722d5e3f03f637c8932dea77d81118467d17ad2953e3b273ec66?s=96&d=mm&r=g","url":"https:\/\/secure.gravatar.com\/avatar\/b984800dabdf722d5e3f03f637c8932dea77d81118467d17ad2953e3b273ec66?s=96&d=mm&r=g","contentUrl":"https:\/\/secure.gravatar.com\/avatar\/b984800dabdf722d5e3f03f637c8932dea77d81118467d17ad2953e3b273ec66?s=96&d=mm&r=g","caption":"Vincent Vandegans"},"description":"Vincent est passionn\u00e9 par les produits d'occasion, il a ouvert le site MDO avec Cyrielle pour aider les gens \u00e0 trouver du mobilier d'occasion, vintage ou usag\u00e9. Depuis, ils ont \u00e9tendu leurs activit\u00e9s et conseillent tout le monde sur le mobilier d'int\u00e9rieur et d'ext\u00e9rieur au quotidien \u00e0 travers le magazine MDO.","url":"https:\/\/www.mobilier-design-occasion.fr\/magazine\/author\/vincent\/"}]}},"_links":{"self":[{"href":"https:\/\/www.mobilier-design-occasion.fr\/magazine\/wp-json\/wp\/v2\/posts\/7509","targetHints":{"allow":["GET"]}}],"collection":[{"href":"https:\/\/www.mobilier-design-occasion.fr\/magazine\/wp-json\/wp\/v2\/posts"}],"about":[{"href":"https:\/\/www.mobilier-design-occasion.fr\/magazine\/wp-json\/wp\/v2\/types\/post"}],"author":[{"embeddable":true,"href":"https:\/\/www.mobilier-design-occasion.fr\/magazine\/wp-json\/wp\/v2\/users\/2"}],"replies":[{"embeddable":true,"href":"https:\/\/www.mobilier-design-occasion.fr\/magazine\/wp-json\/wp\/v2\/comments?post=7509"}],"version-history":[{"count":6,"href":"https:\/\/www.mobilier-design-occasion.fr\/magazine\/wp-json\/wp\/v2\/posts\/7509\/revisions"}],"predecessor-version":[{"id":7515,"href":"https:\/\/www.mobilier-design-occasion.fr\/magazine\/wp-json\/wp\/v2\/posts\/7509\/revisions\/7515"}],"wp:featuredmedia":[{"embeddable":true,"href":"https:\/\/www.mobilier-design-occasion.fr\/magazine\/wp-json\/wp\/v2\/media\/7516"}],"wp:attachment":[{"href":"https:\/\/www.mobilier-design-occasion.fr\/magazine\/wp-json\/wp\/v2\/media?parent=7509"}],"wp:term":[{"taxonomy":"category","embeddable":true,"href":"https:\/\/www.mobilier-design-occasion.fr\/magazine\/wp-json\/wp\/v2\/categories?post=7509"},{"taxonomy":"post_tag","embeddable":true,"href":"https:\/\/www.mobilier-design-occasion.fr\/magazine\/wp-json\/wp\/v2\/tags?post=7509"}],"curies":[{"name":"wp","href":"https:\/\/api.w.org\/{rel}","templated":true}]}}