{"id":7475,"date":"2024-01-29T08:37:03","date_gmt":"2024-01-29T08:37:03","guid":{"rendered":"https:\/\/www.mobilier-design-occasion.fr\/magazine\/?p=7475"},"modified":"2024-01-29T08:37:34","modified_gmt":"2024-01-29T08:37:34","slug":"jai-decouvert-les-lampes-champignon-vintage","status":"publish","type":"post","link":"https:\/\/www.mobilier-design-occasion.fr\/magazine\/jai-decouvert-les-lampes-champignon-vintage\/","title":{"rendered":"J&#8217;ai d\u00e9couvert les lampes champignon vintage"},"content":{"rendered":"\n<p>Lorsque j&#8217;ai d\u00e9couvert pour la premi\u00e8re fois les lampes champignon vintage, j&#8217;ai \u00e9t\u00e9 instantan\u00e9ment captiv\u00e9 par leur design unique et intemporel. Ce fut lors d&#8217;une visite dans un march\u00e9 aux puces local, o\u00f9 j&#8217;ai aper\u00e7u une lampe aux courbes douces et \u00e0 la silhouette \u00e9l\u00e9gante qui se d\u00e9tachait nettement des autres objets. Sa forme, rappelant un champignon, avec un abat-jour large et arrondi pos\u00e9 sur un pied fin et \u00e9lanc\u00e9, m&#8217;a tout de suite interpell\u00e9.<\/p>\n\n\n\n<p>J&#8217;\u00e9tais d\u00e9j\u00e0 familier avec de nombreux styles de lampes anciennes, mais il y avait quelque chose de sp\u00e9cial dans cette lampe champignon. J&#8217;ai appris qu&#8217;elle datait des ann\u00e9es 1950 et qu&#8217;elle \u00e9tait repr\u00e9sentative d&#8217;une \u00e9poque o\u00f9 le design d&#8217;int\u00e9rieur mettait l&#8217;accent sur des formes organiques et naturelles, s&#8217;inspirant directement de la nature. Les mat\u00e9riaux utilis\u00e9s pour ces lampes variaient, allant du verre opalin au m\u00e9tal, en passant par le plastique moul\u00e9, ce qui refl\u00e9tait les innovations technologiques et les tendances esth\u00e9tiques de l&#8217;\u00e9poque.<\/p>\n\n\n\n<h2 class=\"wp-block-heading\"><span class=\"ez-toc-section\" id=\"Une_histoire_de_couleur_et_de_lumiere\"><\/span>Une histoire de couleur et de lumi\u00e8re<span class=\"ez-toc-section-end\"><\/span><\/h2><div id=\"ez-toc-container\" class=\"ez-toc-v2_0_82_2 counter-hierarchy ez-toc-counter ez-toc-grey ez-toc-container-direction\">\n<div class=\"ez-toc-title-container\">\n<span class=\"ez-toc-title-toggle\"><a href=\"#\" class=\"ez-toc-pull-right ez-toc-btn ez-toc-btn-xs ez-toc-btn-default ez-toc-toggle\" aria-label=\"Toggle Table of Content\"><span class=\"ez-toc-js-icon-con\"><span class=\"\"><span class=\"eztoc-hide\" style=\"display:none;\">Toggle<\/span><span class=\"ez-toc-icon-toggle-span\"><svg style=\"fill: #999;color:#999\" xmlns=\"http:\/\/www.w3.org\/2000\/svg\" class=\"list-377408\" width=\"20px\" height=\"20px\" viewBox=\"0 0 24 24\" fill=\"none\"><path d=\"M6 6H4v2h2V6zm14 0H8v2h12V6zM4 11h2v2H4v-2zm16 0H8v2h12v-2zM4 16h2v2H4v-2zm16 0H8v2h12v-2z\" fill=\"currentColor\"><\/path><\/svg><svg style=\"fill: #999;color:#999\" class=\"arrow-unsorted-368013\" xmlns=\"http:\/\/www.w3.org\/2000\/svg\" width=\"10px\" height=\"10px\" viewBox=\"0 0 24 24\" version=\"1.2\" baseProfile=\"tiny\"><path d=\"M18.2 9.3l-6.2-6.3-6.2 6.3c-.2.2-.3.4-.3.7s.1.5.3.7c.2.2.4.3.7.3h11c.3 0 .5-.1.7-.3.2-.2.3-.5.3-.7s-.1-.5-.3-.7zM5.8 14.7l6.2 6.3 6.2-6.3c.2-.2.3-.5.3-.7s-.1-.5-.3-.7c-.2-.2-.4-.3-.7-.3h-11c-.3 0-.5.1-.7.3-.2.2-.3.5-.3.7s.1.5.3.7z\"\/><\/svg><\/span><\/span><\/span><\/a><\/span><\/div>\n<nav><ul class='ez-toc-list ez-toc-list-level-1 eztoc-toggle-hide-by-default' ><li class='ez-toc-page-1 ez-toc-heading-level-2'><a class=\"ez-toc-link ez-toc-heading-1\" href=\"https:\/\/www.mobilier-design-occasion.fr\/magazine\/jai-decouvert-les-lampes-champignon-vintage\/#Une_histoire_de_couleur_et_de_lumiere\" >Une histoire de couleur et de lumi\u00e8re<\/a><\/li><li class='ez-toc-page-1 ez-toc-heading-level-2'><a class=\"ez-toc-link ez-toc-heading-2\" href=\"https:\/\/www.mobilier-design-occasion.fr\/magazine\/jai-decouvert-les-lampes-champignon-vintage\/#Les_Createurs_et_Marques_Celebres\" >Les Cr\u00e9ateurs et Marques C\u00e9l\u00e8bres<\/a><\/li><li class='ez-toc-page-1 ez-toc-heading-level-2'><a class=\"ez-toc-link ez-toc-heading-3\" href=\"https:\/\/www.mobilier-design-occasion.fr\/magazine\/jai-decouvert-les-lampes-champignon-vintage\/#Lampes_Champignon_Vintage_dans_la_Culture_Populaire\" >Lampes Champignon Vintage dans la Culture Populaire<\/a><\/li><li class='ez-toc-page-1 ez-toc-heading-level-2'><a class=\"ez-toc-link ez-toc-heading-4\" href=\"https:\/\/www.mobilier-design-occasion.fr\/magazine\/jai-decouvert-les-lampes-champignon-vintage\/#Influence_sur_les_Tendances_de_Design_dInterieur\" >Influence sur les Tendances de Design d&#8217;Int\u00e9rieur<\/a><\/li><\/ul><\/nav><\/div>\n\n\n\n\n<p>Chaque lampe champignon racontait sa propre histoire \u00e0 travers ses d\u00e9tails : la texture de son abat-jour, les nuances de ses couleurs, et m\u00eame les marques du temps qui passait. Ces lampes n&#8217;\u00e9taient pas seulement des sources de lumi\u00e8re ; elles \u00e9taient des \u0153uvres d&#8217;art, des t\u00e9moins d&#8217;une \u00e9poque r\u00e9volue et pourtant toujours pr\u00e9sente dans ces objets.<\/p>\n\n\n\n<p>Cette d\u00e9couverte a marqu\u00e9 le d\u00e9but de ma fascination pour la <a href=\"https:\/\/www.malampechampignon.fr\/lampe-champignon-vintage\">lampe champignon vintage<\/a>. J&#8217;ai commenc\u00e9 \u00e0 rechercher activement ces pi\u00e8ces lors de mes visites dans les brocantes, les ventes aux ench\u00e8res et les boutiques sp\u00e9cialis\u00e9es. Chaque lampe d\u00e9nich\u00e9e ajoutait une page \u00e0 mon livre d&#8217;histoires sur le design du XXe si\u00e8cle et renfor\u00e7ait ma passion pour la pr\u00e9servation de ces t\u00e9moins \u00e9l\u00e9gants du pass\u00e9.<\/p>\n\n\n\n<figure class=\"wp-block-image size-large\"><img loading=\"lazy\" decoding=\"async\" width=\"1024\" height=\"607\" src=\"https:\/\/www.mobilier-design-occasion.fr\/magazine\/wp-content\/uploads\/2024\/01\/image-1024x607.png\" alt=\"\" class=\"wp-image-7476\" srcset=\"https:\/\/www.mobilier-design-occasion.fr\/magazine\/wp-content\/uploads\/2024\/01\/image-1024x607.png 1024w, https:\/\/www.mobilier-design-occasion.fr\/magazine\/wp-content\/uploads\/2024\/01\/image-300x178.png 300w, https:\/\/www.mobilier-design-occasion.fr\/magazine\/wp-content\/uploads\/2024\/01\/image-768x455.png 768w, https:\/\/www.mobilier-design-occasion.fr\/magazine\/wp-content\/uploads\/2024\/01\/image-810x480.png 810w, https:\/\/www.mobilier-design-occasion.fr\/magazine\/wp-content\/uploads\/2024\/01\/image-1140x675.png 1140w, https:\/\/www.mobilier-design-occasion.fr\/magazine\/wp-content\/uploads\/2024\/01\/image.png 1200w\" sizes=\"auto, (max-width: 1024px) 100vw, 1024px\" \/><\/figure>\n\n\n\n<h2 class=\"wp-block-heading\"><span class=\"ez-toc-section\" id=\"Les_Createurs_et_Marques_Celebres\"><\/span><strong>Les Cr\u00e9ateurs et Marques C\u00e9l\u00e8bres<\/strong><span class=\"ez-toc-section-end\"><\/span><\/h2>\n\n\n\n<p>En tant qu&#8217;expert du vintage, je suis fascin\u00e9 par les histoires derri\u00e8re les objets, et les lampes champignon ne font pas exception. Cette section se concentre sur les designers et marques qui ont marqu\u00e9 l&#8217;histoire de ces lampes embl\u00e9matiques.<\/p>\n\n\n\n<p><strong>Designers Iconiques<\/strong> Au c\u0153ur de l&#8217;\u00e9l\u00e9gance des lampes champignon, se trouvent les designers qui les ont imagin\u00e9es. Parmi eux, Verner Panton, un cr\u00e9ateur danois, se distingue par ses designs audacieux et futuristes, notamment sa c\u00e9l\u00e8bre lampe Panthella. L&#8217;Italien Achille Castiglioni, avec son approche minimaliste, a influenc\u00e9 le design des lampes champignon bien que sa lampe Arco ne soit pas typique de ce style. Et n&#8217;oublions pas Gae Aulenti, dont la lampe Pipistrello combine modernit\u00e9 et \u00e9l\u00e9gance, rappelant la silhouette d&#8217;un champignon avec son abat-jour t\u00e9lescopique.<\/p>\n\n\n\n<p><strong>Marques Pionni\u00e8res<\/strong> Les marques ont \u00e9galement jou\u00e9 un r\u00f4le crucial dans l&#8217;\u00e9volution des lampes champignon. Flos, une entreprise italienne, a \u00e9t\u00e9 pionni\u00e8re dans le design moderne de lampes, souvent en collaboration avec des designers comme Castiglioni. La marque danoise Louis Poulsen, reconnue pour son design fonctionnel et esth\u00e9tique, a indirectement influenc\u00e9 le style champignon, bien que ses cr\u00e9ations comme la lampe PH s&#8217;\u00e9cartent de ce design. Et Murano, avec ses fabrications en verre v\u00e9nitien, a apport\u00e9 une touche unique d&#8217;\u00e9l\u00e9gance et de couleur, prouvant que le mat\u00e9riau peut transformer radicalement l&#8217;aspect d&#8217;une lampe.<\/p>\n\n\n\n<h2 class=\"wp-block-heading\"><span class=\"ez-toc-section\" id=\"Lampes_Champignon_Vintage_dans_la_Culture_Populaire\"><\/span><strong>Lampes Champignon Vintage dans la Culture Populaire<\/strong><span class=\"ez-toc-section-end\"><\/span><\/h2>\n\n\n\n<p>La lampe champignon vintage ne se limite pas \u00e0 \u00eatre un simple objet de collection ; elle occupe une place de choix dans la culture populaire et continue d&#8217;influencer les tendances actuelles. Dans cette section, je vais explorer comment ces lampes iconiques se sont int\u00e9gr\u00e9es dans les m\u00e9dias et la culture populaire, et leur impact sur les tendances de design d&#8217;int\u00e9rieur.<\/p>\n\n\n\n<p><strong>Apparitions dans les M\u00e9dias et la Culture Populaire<\/strong><\/p>\n\n\n\n<ul class=\"wp-block-list\">\n<li><strong>Cin\u00e9ma et T\u00e9l\u00e9vision<\/strong>\n<ul class=\"wp-block-list\">\n<li>J&#8217;ai observ\u00e9 ces lampes dans divers d\u00e9cors de films et s\u00e9ries t\u00e9l\u00e9vis\u00e9es, particuli\u00e8rement ceux qui cherchent \u00e0 capturer l&#8217;essence des ann\u00e9es 60. La <a href=\"https:\/\/www.malampechampignon.fr\/lampe-champignon-vintage\/annee-70\">lampe champignon vintage des ann\u00e9es 70<\/a> est particuli\u00e8rement recherch\u00e9e. Leur pr\u00e9sence conf\u00e8re une authenticit\u00e9 et un charme r\u00e9tro aux sc\u00e8nes.<\/li>\n<\/ul>\n<\/li>\n\n\n\n<li><strong>Magazines et Publicit\u00e9s<\/strong>\n<ul class=\"wp-block-list\">\n<li>Les lampes champignon apparaissent souvent dans les magazines de mode et de design d&#8217;int\u00e9rieur, utilis\u00e9es pour cr\u00e9er une atmosph\u00e8re vintage ou pour ajouter une touche de nostalgie dans les d\u00e9cors modernes.<\/li>\n<\/ul>\n<\/li>\n<\/ul>\n\n\n\n<h2 class=\"wp-block-heading\"><span class=\"ez-toc-section\" id=\"Influence_sur_les_Tendances_de_Design_dInterieur\"><\/span><strong>Influence sur les Tendances de Design d&#8217;Int\u00e9rieur<\/strong><span class=\"ez-toc-section-end\"><\/span><\/h2>\n\n\n\n<ul class=\"wp-block-list\">\n<li><strong>Renaissance du Vintage<\/strong>\n<ul class=\"wp-block-list\">\n<li>La popularit\u00e9 croissante des styles vintage dans la d\u00e9coration d&#8217;int\u00e9rieur a remis ces lampes au go\u00fbt du jour. Elles sont recherch\u00e9es pour leur capacit\u00e9 \u00e0 ajouter une note d&#8217;\u00e9l\u00e9gance et de caract\u00e8re dans les espaces contemporains.<\/li>\n<\/ul>\n<\/li>\n\n\n\n<li><strong>Inspiration pour les Cr\u00e9ateurs Modernes<\/strong>\n<ul class=\"wp-block-list\">\n<li>De nombreux designers contemporains s&#8217;inspirent des lampes champignon pour cr\u00e9er des luminaires qui fusionnent le charme du r\u00e9tro avec des \u00e9l\u00e9ments modernes, prouvant que le style champignon est intemporel et adaptable.<\/li>\n<\/ul>\n<\/li>\n<\/ul>\n\n\n\n<figure class=\"wp-block-image size-full\"><img loading=\"lazy\" decoding=\"async\" width=\"271\" height=\"477\" src=\"https:\/\/www.mobilier-design-occasion.fr\/magazine\/wp-content\/uploads\/2024\/01\/image-1.png\" alt=\"\" class=\"wp-image-7478\" srcset=\"https:\/\/www.mobilier-design-occasion.fr\/magazine\/wp-content\/uploads\/2024\/01\/image-1.png 271w, https:\/\/www.mobilier-design-occasion.fr\/magazine\/wp-content\/uploads\/2024\/01\/image-1-170x300.png 170w\" sizes=\"auto, (max-width: 271px) 100vw, 271px\" \/><figcaption class=\"wp-element-caption\">Bloomis https:\/\/www.instagram.com\/bloomis_\/reel\/CxfOLLdsPnU\/<\/figcaption><\/figure>\n\n\n\n<p>Je suis ravi de voir comment les lampes champignon vintage continuent d&#8217;influencer et de s&#8217;immiscer dans la culture populaire et les tendances de design d&#8217;int\u00e9rieur. Leur pr\u00e9sence dans les m\u00e9dias renforce leur statut d&#8217;ic\u00f4nes du design, tandis que leur influence sur les tendances actuelles t\u00e9moigne de leur intemporalit\u00e9 et de leur capacit\u00e9 \u00e0 transcender les \u00e9poques.<\/p>\n","protected":false},"excerpt":{"rendered":"<p>Lorsque j&#8217;ai d\u00e9couvert pour la premi\u00e8re fois les lampes champignon vintage, j&#8217;ai \u00e9t\u00e9 instantan\u00e9ment captiv\u00e9 par leur design unique et intemporel. Ce fut lors d&#8217;une visite dans un march\u00e9 aux puces local, o\u00f9 j&#8217;ai aper\u00e7u une lampe aux courbes douces et \u00e0 la silhouette \u00e9l\u00e9gante qui se d\u00e9tachait nettement des autres objets. Sa forme, rappelant [&hellip;]<\/p>\n","protected":false},"author":2,"featured_media":7477,"comment_status":"open","ping_status":"open","sticky":false,"template":"","format":"standard","meta":{"footnotes":""},"categories":[128],"tags":[206,205,133],"class_list":["post-7475","post","type-post","status-publish","format-standard","has-post-thumbnail","hentry","category-bureau","tag-champignon","tag-lampe","tag-vintage"],"yoast_head":"<!-- This site is optimized with the Yoast SEO plugin v27.5 - https:\/\/yoast.com\/product\/yoast-seo-wordpress\/ -->\n<title>J&#039;ai d\u00e9couvert les lampes champignon vintage - Mobilier Design Magazine<\/title>\n<meta name=\"robots\" content=\"index, follow, max-snippet:-1, max-image-preview:large, max-video-preview:-1\" \/>\n<link rel=\"canonical\" href=\"https:\/\/www.mobilier-design-occasion.fr\/magazine\/jai-decouvert-les-lampes-champignon-vintage\/\" \/>\n<meta property=\"og:locale\" content=\"fr_FR\" \/>\n<meta property=\"og:type\" content=\"article\" \/>\n<meta property=\"og:title\" content=\"J&#039;ai d\u00e9couvert les lampes champignon vintage - Mobilier Design Magazine\" \/>\n<meta property=\"og:description\" content=\"Lorsque j&#8217;ai d\u00e9couvert pour la premi\u00e8re fois les lampes champignon vintage, j&#8217;ai \u00e9t\u00e9 instantan\u00e9ment captiv\u00e9 par leur design unique et intemporel. Ce fut lors d&#8217;une visite dans un march\u00e9 aux puces local, o\u00f9 j&#8217;ai aper\u00e7u une lampe aux courbes douces et \u00e0 la silhouette \u00e9l\u00e9gante qui se d\u00e9tachait nettement des autres objets. Sa forme, rappelant [&hellip;]\" \/>\n<meta property=\"og:url\" content=\"https:\/\/www.mobilier-design-occasion.fr\/magazine\/jai-decouvert-les-lampes-champignon-vintage\/\" \/>\n<meta property=\"og:site_name\" content=\"Mobilier Design Magazine\" \/>\n<meta property=\"article:publisher\" content=\"https:\/\/www.facebook.com\/mobilierdesignoccasion\" \/>\n<meta property=\"article:published_time\" content=\"2024-01-29T08:37:03+00:00\" \/>\n<meta property=\"article:modified_time\" content=\"2024-01-29T08:37:34+00:00\" \/>\n<meta property=\"og:image\" content=\"https:\/\/www.mobilier-design-occasion.fr\/magazine\/wp-content\/uploads\/2024\/01\/IMG_01_2024_suspension_champignon_doree_vintage_01.jpg\" \/>\n\t<meta property=\"og:image:width\" content=\"800\" \/>\n\t<meta property=\"og:image:height\" content=\"800\" \/>\n\t<meta property=\"og:image:type\" content=\"image\/jpeg\" \/>\n<meta name=\"author\" content=\"Vincent Vandegans\" \/>\n<meta name=\"twitter:card\" content=\"summary_large_image\" \/>\n<meta name=\"twitter:label1\" content=\"\u00c9crit par\" \/>\n\t<meta name=\"twitter:data1\" content=\"Vincent Vandegans\" \/>\n\t<meta name=\"twitter:label2\" content=\"Dur\u00e9e de lecture estim\u00e9e\" \/>\n\t<meta name=\"twitter:data2\" content=\"5 minutes\" \/>\n<script type=\"application\/ld+json\" class=\"yoast-schema-graph\">{\"@context\":\"https:\\\/\\\/schema.org\",\"@graph\":[{\"@type\":\"Article\",\"@id\":\"https:\\\/\\\/www.mobilier-design-occasion.fr\\\/magazine\\\/jai-decouvert-les-lampes-champignon-vintage\\\/#article\",\"isPartOf\":{\"@id\":\"https:\\\/\\\/www.mobilier-design-occasion.fr\\\/magazine\\\/jai-decouvert-les-lampes-champignon-vintage\\\/\"},\"author\":{\"name\":\"Vincent Vandegans\",\"@id\":\"https:\\\/\\\/www.mobilier-design-occasion.fr\\\/magazine\\\/#\\\/schema\\\/person\\\/af895bedc80bfb6b17730a672fddac9e\"},\"headline\":\"J&#8217;ai d\u00e9couvert les lampes champignon vintage\",\"datePublished\":\"2024-01-29T08:37:03+00:00\",\"dateModified\":\"2024-01-29T08:37:34+00:00\",\"mainEntityOfPage\":{\"@id\":\"https:\\\/\\\/www.mobilier-design-occasion.fr\\\/magazine\\\/jai-decouvert-les-lampes-champignon-vintage\\\/\"},\"wordCount\":949,\"commentCount\":0,\"publisher\":{\"@id\":\"https:\\\/\\\/www.mobilier-design-occasion.fr\\\/magazine\\\/#organization\"},\"image\":{\"@id\":\"https:\\\/\\\/www.mobilier-design-occasion.fr\\\/magazine\\\/jai-decouvert-les-lampes-champignon-vintage\\\/#primaryimage\"},\"thumbnailUrl\":\"https:\\\/\\\/www.mobilier-design-occasion.fr\\\/magazine\\\/wp-content\\\/uploads\\\/2024\\\/01\\\/IMG_01_2024_suspension_champignon_doree_vintage_01.jpg\",\"keywords\":[\"champignon\",\"lampe\",\"Vintage\"],\"articleSection\":[\"Bureau\"],\"inLanguage\":\"fr-FR\",\"potentialAction\":[{\"@type\":\"CommentAction\",\"name\":\"Comment\",\"target\":[\"https:\\\/\\\/www.mobilier-design-occasion.fr\\\/magazine\\\/jai-decouvert-les-lampes-champignon-vintage\\\/#respond\"]}]},{\"@type\":\"WebPage\",\"@id\":\"https:\\\/\\\/www.mobilier-design-occasion.fr\\\/magazine\\\/jai-decouvert-les-lampes-champignon-vintage\\\/\",\"url\":\"https:\\\/\\\/www.mobilier-design-occasion.fr\\\/magazine\\\/jai-decouvert-les-lampes-champignon-vintage\\\/\",\"name\":\"J'ai d\u00e9couvert les lampes champignon vintage - Mobilier Design Magazine\",\"isPartOf\":{\"@id\":\"https:\\\/\\\/www.mobilier-design-occasion.fr\\\/magazine\\\/#website\"},\"primaryImageOfPage\":{\"@id\":\"https:\\\/\\\/www.mobilier-design-occasion.fr\\\/magazine\\\/jai-decouvert-les-lampes-champignon-vintage\\\/#primaryimage\"},\"image\":{\"@id\":\"https:\\\/\\\/www.mobilier-design-occasion.fr\\\/magazine\\\/jai-decouvert-les-lampes-champignon-vintage\\\/#primaryimage\"},\"thumbnailUrl\":\"https:\\\/\\\/www.mobilier-design-occasion.fr\\\/magazine\\\/wp-content\\\/uploads\\\/2024\\\/01\\\/IMG_01_2024_suspension_champignon_doree_vintage_01.jpg\",\"datePublished\":\"2024-01-29T08:37:03+00:00\",\"dateModified\":\"2024-01-29T08:37:34+00:00\",\"breadcrumb\":{\"@id\":\"https:\\\/\\\/www.mobilier-design-occasion.fr\\\/magazine\\\/jai-decouvert-les-lampes-champignon-vintage\\\/#breadcrumb\"},\"inLanguage\":\"fr-FR\",\"potentialAction\":[{\"@type\":\"ReadAction\",\"target\":[\"https:\\\/\\\/www.mobilier-design-occasion.fr\\\/magazine\\\/jai-decouvert-les-lampes-champignon-vintage\\\/\"]}]},{\"@type\":\"ImageObject\",\"inLanguage\":\"fr-FR\",\"@id\":\"https:\\\/\\\/www.mobilier-design-occasion.fr\\\/magazine\\\/jai-decouvert-les-lampes-champignon-vintage\\\/#primaryimage\",\"url\":\"https:\\\/\\\/www.mobilier-design-occasion.fr\\\/magazine\\\/wp-content\\\/uploads\\\/2024\\\/01\\\/IMG_01_2024_suspension_champignon_doree_vintage_01.jpg\",\"contentUrl\":\"https:\\\/\\\/www.mobilier-design-occasion.fr\\\/magazine\\\/wp-content\\\/uploads\\\/2024\\\/01\\\/IMG_01_2024_suspension_champignon_doree_vintage_01.jpg\",\"width\":800,\"height\":800},{\"@type\":\"BreadcrumbList\",\"@id\":\"https:\\\/\\\/www.mobilier-design-occasion.fr\\\/magazine\\\/jai-decouvert-les-lampes-champignon-vintage\\\/#breadcrumb\",\"itemListElement\":[{\"@type\":\"ListItem\",\"position\":1,\"name\":\"Accueil\",\"item\":\"https:\\\/\\\/www.mobilier-design-occasion.fr\\\/magazine\\\/\"},{\"@type\":\"ListItem\",\"position\":2,\"name\":\"J&rsquo;ai d\u00e9couvert les lampes champignon vintage\"}]},{\"@type\":\"WebSite\",\"@id\":\"https:\\\/\\\/www.mobilier-design-occasion.fr\\\/magazine\\\/#website\",\"url\":\"https:\\\/\\\/www.mobilier-design-occasion.fr\\\/magazine\\\/\",\"name\":\"Mobilier Design Magazine\",\"description\":\"\",\"publisher\":{\"@id\":\"https:\\\/\\\/www.mobilier-design-occasion.fr\\\/magazine\\\/#organization\"},\"potentialAction\":[{\"@type\":\"SearchAction\",\"target\":{\"@type\":\"EntryPoint\",\"urlTemplate\":\"https:\\\/\\\/www.mobilier-design-occasion.fr\\\/magazine\\\/?s={search_term_string}\"},\"query-input\":{\"@type\":\"PropertyValueSpecification\",\"valueRequired\":true,\"valueName\":\"search_term_string\"}}],\"inLanguage\":\"fr-FR\"},{\"@type\":\"Organization\",\"@id\":\"https:\\\/\\\/www.mobilier-design-occasion.fr\\\/magazine\\\/#organization\",\"name\":\"Mobilier Design Magazine\",\"url\":\"https:\\\/\\\/www.mobilier-design-occasion.fr\\\/magazine\\\/\",\"logo\":{\"@type\":\"ImageObject\",\"inLanguage\":\"fr-FR\",\"@id\":\"https:\\\/\\\/www.mobilier-design-occasion.fr\\\/magazine\\\/#\\\/schema\\\/logo\\\/image\\\/\",\"url\":\"https:\\\/\\\/www.mobilier-design-occasion.fr\\\/magazine\\\/wp-content\\\/uploads\\\/2024\\\/02\\\/android-chrome-192x192-1.png\",\"contentUrl\":\"https:\\\/\\\/www.mobilier-design-occasion.fr\\\/magazine\\\/wp-content\\\/uploads\\\/2024\\\/02\\\/android-chrome-192x192-1.png\",\"width\":192,\"height\":192,\"caption\":\"Mobilier Design Magazine\"},\"image\":{\"@id\":\"https:\\\/\\\/www.mobilier-design-occasion.fr\\\/magazine\\\/#\\\/schema\\\/logo\\\/image\\\/\"},\"sameAs\":[\"https:\\\/\\\/www.facebook.com\\\/mobilierdesignoccasion\"]},{\"@type\":\"Person\",\"@id\":\"https:\\\/\\\/www.mobilier-design-occasion.fr\\\/magazine\\\/#\\\/schema\\\/person\\\/af895bedc80bfb6b17730a672fddac9e\",\"name\":\"Vincent Vandegans\",\"image\":{\"@type\":\"ImageObject\",\"inLanguage\":\"fr-FR\",\"@id\":\"https:\\\/\\\/secure.gravatar.com\\\/avatar\\\/b984800dabdf722d5e3f03f637c8932dea77d81118467d17ad2953e3b273ec66?s=96&d=mm&r=g\",\"url\":\"https:\\\/\\\/secure.gravatar.com\\\/avatar\\\/b984800dabdf722d5e3f03f637c8932dea77d81118467d17ad2953e3b273ec66?s=96&d=mm&r=g\",\"contentUrl\":\"https:\\\/\\\/secure.gravatar.com\\\/avatar\\\/b984800dabdf722d5e3f03f637c8932dea77d81118467d17ad2953e3b273ec66?s=96&d=mm&r=g\",\"caption\":\"Vincent Vandegans\"},\"description\":\"Vincent est passionn\u00e9 par les produits d'occasion, il a ouvert le site MDO avec Cyrielle pour aider les gens \u00e0 trouver du mobilier d'occasion, vintage ou usag\u00e9. Depuis, ils ont \u00e9tendu leurs activit\u00e9s et conseillent tout le monde sur le mobilier d'int\u00e9rieur et d'ext\u00e9rieur au quotidien \u00e0 travers le magazine MDO.\",\"url\":\"https:\\\/\\\/www.mobilier-design-occasion.fr\\\/magazine\\\/author\\\/vincent\\\/\"}]}<\/script>\n<!-- \/ Yoast SEO plugin. -->","yoast_head_json":{"title":"J'ai d\u00e9couvert les lampes champignon vintage - Mobilier Design Magazine","robots":{"index":"index","follow":"follow","max-snippet":"max-snippet:-1","max-image-preview":"max-image-preview:large","max-video-preview":"max-video-preview:-1"},"canonical":"https:\/\/www.mobilier-design-occasion.fr\/magazine\/jai-decouvert-les-lampes-champignon-vintage\/","og_locale":"fr_FR","og_type":"article","og_title":"J'ai d\u00e9couvert les lampes champignon vintage - Mobilier Design Magazine","og_description":"Lorsque j&#8217;ai d\u00e9couvert pour la premi\u00e8re fois les lampes champignon vintage, j&#8217;ai \u00e9t\u00e9 instantan\u00e9ment captiv\u00e9 par leur design unique et intemporel. Ce fut lors d&#8217;une visite dans un march\u00e9 aux puces local, o\u00f9 j&#8217;ai aper\u00e7u une lampe aux courbes douces et \u00e0 la silhouette \u00e9l\u00e9gante qui se d\u00e9tachait nettement des autres objets. Sa forme, rappelant [&hellip;]","og_url":"https:\/\/www.mobilier-design-occasion.fr\/magazine\/jai-decouvert-les-lampes-champignon-vintage\/","og_site_name":"Mobilier Design Magazine","article_publisher":"https:\/\/www.facebook.com\/mobilierdesignoccasion","article_published_time":"2024-01-29T08:37:03+00:00","article_modified_time":"2024-01-29T08:37:34+00:00","og_image":[{"width":800,"height":800,"url":"https:\/\/www.mobilier-design-occasion.fr\/magazine\/wp-content\/uploads\/2024\/01\/IMG_01_2024_suspension_champignon_doree_vintage_01.jpg","type":"image\/jpeg"}],"author":"Vincent Vandegans","twitter_card":"summary_large_image","twitter_misc":{"\u00c9crit par":"Vincent Vandegans","Dur\u00e9e de lecture estim\u00e9e":"5 minutes"},"schema":{"@context":"https:\/\/schema.org","@graph":[{"@type":"Article","@id":"https:\/\/www.mobilier-design-occasion.fr\/magazine\/jai-decouvert-les-lampes-champignon-vintage\/#article","isPartOf":{"@id":"https:\/\/www.mobilier-design-occasion.fr\/magazine\/jai-decouvert-les-lampes-champignon-vintage\/"},"author":{"name":"Vincent Vandegans","@id":"https:\/\/www.mobilier-design-occasion.fr\/magazine\/#\/schema\/person\/af895bedc80bfb6b17730a672fddac9e"},"headline":"J&#8217;ai d\u00e9couvert les lampes champignon vintage","datePublished":"2024-01-29T08:37:03+00:00","dateModified":"2024-01-29T08:37:34+00:00","mainEntityOfPage":{"@id":"https:\/\/www.mobilier-design-occasion.fr\/magazine\/jai-decouvert-les-lampes-champignon-vintage\/"},"wordCount":949,"commentCount":0,"publisher":{"@id":"https:\/\/www.mobilier-design-occasion.fr\/magazine\/#organization"},"image":{"@id":"https:\/\/www.mobilier-design-occasion.fr\/magazine\/jai-decouvert-les-lampes-champignon-vintage\/#primaryimage"},"thumbnailUrl":"https:\/\/www.mobilier-design-occasion.fr\/magazine\/wp-content\/uploads\/2024\/01\/IMG_01_2024_suspension_champignon_doree_vintage_01.jpg","keywords":["champignon","lampe","Vintage"],"articleSection":["Bureau"],"inLanguage":"fr-FR","potentialAction":[{"@type":"CommentAction","name":"Comment","target":["https:\/\/www.mobilier-design-occasion.fr\/magazine\/jai-decouvert-les-lampes-champignon-vintage\/#respond"]}]},{"@type":"WebPage","@id":"https:\/\/www.mobilier-design-occasion.fr\/magazine\/jai-decouvert-les-lampes-champignon-vintage\/","url":"https:\/\/www.mobilier-design-occasion.fr\/magazine\/jai-decouvert-les-lampes-champignon-vintage\/","name":"J'ai d\u00e9couvert les lampes champignon vintage - Mobilier Design Magazine","isPartOf":{"@id":"https:\/\/www.mobilier-design-occasion.fr\/magazine\/#website"},"primaryImageOfPage":{"@id":"https:\/\/www.mobilier-design-occasion.fr\/magazine\/jai-decouvert-les-lampes-champignon-vintage\/#primaryimage"},"image":{"@id":"https:\/\/www.mobilier-design-occasion.fr\/magazine\/jai-decouvert-les-lampes-champignon-vintage\/#primaryimage"},"thumbnailUrl":"https:\/\/www.mobilier-design-occasion.fr\/magazine\/wp-content\/uploads\/2024\/01\/IMG_01_2024_suspension_champignon_doree_vintage_01.jpg","datePublished":"2024-01-29T08:37:03+00:00","dateModified":"2024-01-29T08:37:34+00:00","breadcrumb":{"@id":"https:\/\/www.mobilier-design-occasion.fr\/magazine\/jai-decouvert-les-lampes-champignon-vintage\/#breadcrumb"},"inLanguage":"fr-FR","potentialAction":[{"@type":"ReadAction","target":["https:\/\/www.mobilier-design-occasion.fr\/magazine\/jai-decouvert-les-lampes-champignon-vintage\/"]}]},{"@type":"ImageObject","inLanguage":"fr-FR","@id":"https:\/\/www.mobilier-design-occasion.fr\/magazine\/jai-decouvert-les-lampes-champignon-vintage\/#primaryimage","url":"https:\/\/www.mobilier-design-occasion.fr\/magazine\/wp-content\/uploads\/2024\/01\/IMG_01_2024_suspension_champignon_doree_vintage_01.jpg","contentUrl":"https:\/\/www.mobilier-design-occasion.fr\/magazine\/wp-content\/uploads\/2024\/01\/IMG_01_2024_suspension_champignon_doree_vintage_01.jpg","width":800,"height":800},{"@type":"BreadcrumbList","@id":"https:\/\/www.mobilier-design-occasion.fr\/magazine\/jai-decouvert-les-lampes-champignon-vintage\/#breadcrumb","itemListElement":[{"@type":"ListItem","position":1,"name":"Accueil","item":"https:\/\/www.mobilier-design-occasion.fr\/magazine\/"},{"@type":"ListItem","position":2,"name":"J&rsquo;ai d\u00e9couvert les lampes champignon vintage"}]},{"@type":"WebSite","@id":"https:\/\/www.mobilier-design-occasion.fr\/magazine\/#website","url":"https:\/\/www.mobilier-design-occasion.fr\/magazine\/","name":"Mobilier Design Magazine","description":"","publisher":{"@id":"https:\/\/www.mobilier-design-occasion.fr\/magazine\/#organization"},"potentialAction":[{"@type":"SearchAction","target":{"@type":"EntryPoint","urlTemplate":"https:\/\/www.mobilier-design-occasion.fr\/magazine\/?s={search_term_string}"},"query-input":{"@type":"PropertyValueSpecification","valueRequired":true,"valueName":"search_term_string"}}],"inLanguage":"fr-FR"},{"@type":"Organization","@id":"https:\/\/www.mobilier-design-occasion.fr\/magazine\/#organization","name":"Mobilier Design Magazine","url":"https:\/\/www.mobilier-design-occasion.fr\/magazine\/","logo":{"@type":"ImageObject","inLanguage":"fr-FR","@id":"https:\/\/www.mobilier-design-occasion.fr\/magazine\/#\/schema\/logo\/image\/","url":"https:\/\/www.mobilier-design-occasion.fr\/magazine\/wp-content\/uploads\/2024\/02\/android-chrome-192x192-1.png","contentUrl":"https:\/\/www.mobilier-design-occasion.fr\/magazine\/wp-content\/uploads\/2024\/02\/android-chrome-192x192-1.png","width":192,"height":192,"caption":"Mobilier Design Magazine"},"image":{"@id":"https:\/\/www.mobilier-design-occasion.fr\/magazine\/#\/schema\/logo\/image\/"},"sameAs":["https:\/\/www.facebook.com\/mobilierdesignoccasion"]},{"@type":"Person","@id":"https:\/\/www.mobilier-design-occasion.fr\/magazine\/#\/schema\/person\/af895bedc80bfb6b17730a672fddac9e","name":"Vincent Vandegans","image":{"@type":"ImageObject","inLanguage":"fr-FR","@id":"https:\/\/secure.gravatar.com\/avatar\/b984800dabdf722d5e3f03f637c8932dea77d81118467d17ad2953e3b273ec66?s=96&d=mm&r=g","url":"https:\/\/secure.gravatar.com\/avatar\/b984800dabdf722d5e3f03f637c8932dea77d81118467d17ad2953e3b273ec66?s=96&d=mm&r=g","contentUrl":"https:\/\/secure.gravatar.com\/avatar\/b984800dabdf722d5e3f03f637c8932dea77d81118467d17ad2953e3b273ec66?s=96&d=mm&r=g","caption":"Vincent Vandegans"},"description":"Vincent est passionn\u00e9 par les produits d'occasion, il a ouvert le site MDO avec Cyrielle pour aider les gens \u00e0 trouver du mobilier d'occasion, vintage ou usag\u00e9. Depuis, ils ont \u00e9tendu leurs activit\u00e9s et conseillent tout le monde sur le mobilier d'int\u00e9rieur et d'ext\u00e9rieur au quotidien \u00e0 travers le magazine MDO.","url":"https:\/\/www.mobilier-design-occasion.fr\/magazine\/author\/vincent\/"}]}},"_links":{"self":[{"href":"https:\/\/www.mobilier-design-occasion.fr\/magazine\/wp-json\/wp\/v2\/posts\/7475","targetHints":{"allow":["GET"]}}],"collection":[{"href":"https:\/\/www.mobilier-design-occasion.fr\/magazine\/wp-json\/wp\/v2\/posts"}],"about":[{"href":"https:\/\/www.mobilier-design-occasion.fr\/magazine\/wp-json\/wp\/v2\/types\/post"}],"author":[{"embeddable":true,"href":"https:\/\/www.mobilier-design-occasion.fr\/magazine\/wp-json\/wp\/v2\/users\/2"}],"replies":[{"embeddable":true,"href":"https:\/\/www.mobilier-design-occasion.fr\/magazine\/wp-json\/wp\/v2\/comments?post=7475"}],"version-history":[{"count":2,"href":"https:\/\/www.mobilier-design-occasion.fr\/magazine\/wp-json\/wp\/v2\/posts\/7475\/revisions"}],"predecessor-version":[{"id":7481,"href":"https:\/\/www.mobilier-design-occasion.fr\/magazine\/wp-json\/wp\/v2\/posts\/7475\/revisions\/7481"}],"wp:featuredmedia":[{"embeddable":true,"href":"https:\/\/www.mobilier-design-occasion.fr\/magazine\/wp-json\/wp\/v2\/media\/7477"}],"wp:attachment":[{"href":"https:\/\/www.mobilier-design-occasion.fr\/magazine\/wp-json\/wp\/v2\/media?parent=7475"}],"wp:term":[{"taxonomy":"category","embeddable":true,"href":"https:\/\/www.mobilier-design-occasion.fr\/magazine\/wp-json\/wp\/v2\/categories?post=7475"},{"taxonomy":"post_tag","embeddable":true,"href":"https:\/\/www.mobilier-design-occasion.fr\/magazine\/wp-json\/wp\/v2\/tags?post=7475"}],"curies":[{"name":"wp","href":"https:\/\/api.w.org\/{rel}","templated":true}]}}