{"id":7474,"date":"2024-01-28T17:16:00","date_gmt":"2024-01-28T17:16:00","guid":{"rendered":"https:\/\/www.mobilier-design-occasion.fr\/magazine\/?p=7474"},"modified":"2024-02-02T13:09:05","modified_gmt":"2024-02-02T13:09:05","slug":"fermob-revele-son-secret-pour-un-jardin-style-et-ecolo","status":"publish","type":"post","link":"https:\/\/www.mobilier-design-occasion.fr\/magazine\/fermob-revele-son-secret-pour-un-jardin-style-et-ecolo\/","title":{"rendered":"Fermob r\u00e9v\u00e8le son secret pour un jardin styl\u00e9 et \u00e9colo !"},"content":{"rendered":"\n<p>Lorsque l&#8217;on \u00e9voque le <strong>mobilier de jardin<\/strong>, certaines marques se distinguent par leur qualit\u00e9 et leur cr\u00e9ativit\u00e9. Parmi elles, <strong><a href=\"https:\/\/www.fermob.com\/fr\">Fermob<\/a><\/strong>, reconnue pour ses collections de mobilier ext\u00e9rieur en m\u00e9tal, allie design moderne et respect de l&#8217;environnement. Dans le pr\u00e9sent texte, nous explorerons les caract\u00e9ristiques qui font de Fermob un choix privil\u00e9gi\u00e9 pour ceux qui d\u00e9sirent am\u00e9nager leurs espaces ext\u00e9rieurs avec \u00e9l\u00e9gance et <em>durabilit\u00e9<\/em>.<\/p>\n\n\n\n<h2 class=\"wp-block-heading\"><span class=\"ez-toc-section\" id=\"Origines_et_philosophie_de_la_marque_fermob\"><\/span>Origines et philosophie de la marque fermob<span class=\"ez-toc-section-end\"><\/span><\/h2><div id=\"ez-toc-container\" class=\"ez-toc-v2_0_82_2 counter-hierarchy ez-toc-counter ez-toc-grey ez-toc-container-direction\">\n<div class=\"ez-toc-title-container\">\n<span class=\"ez-toc-title-toggle\"><a href=\"#\" class=\"ez-toc-pull-right ez-toc-btn ez-toc-btn-xs ez-toc-btn-default ez-toc-toggle\" aria-label=\"Toggle Table of Content\"><span class=\"ez-toc-js-icon-con\"><span class=\"\"><span class=\"eztoc-hide\" style=\"display:none;\">Toggle<\/span><span class=\"ez-toc-icon-toggle-span\"><svg style=\"fill: #999;color:#999\" xmlns=\"http:\/\/www.w3.org\/2000\/svg\" class=\"list-377408\" width=\"20px\" height=\"20px\" viewBox=\"0 0 24 24\" fill=\"none\"><path d=\"M6 6H4v2h2V6zm14 0H8v2h12V6zM4 11h2v2H4v-2zm16 0H8v2h12v-2zM4 16h2v2H4v-2zm16 0H8v2h12v-2z\" fill=\"currentColor\"><\/path><\/svg><svg style=\"fill: #999;color:#999\" class=\"arrow-unsorted-368013\" xmlns=\"http:\/\/www.w3.org\/2000\/svg\" width=\"10px\" height=\"10px\" viewBox=\"0 0 24 24\" version=\"1.2\" baseProfile=\"tiny\"><path d=\"M18.2 9.3l-6.2-6.3-6.2 6.3c-.2.2-.3.4-.3.7s.1.5.3.7c.2.2.4.3.7.3h11c.3 0 .5-.1.7-.3.2-.2.3-.5.3-.7s-.1-.5-.3-.7zM5.8 14.7l6.2 6.3 6.2-6.3c.2-.2.3-.5.3-.7s-.1-.5-.3-.7c-.2-.2-.4-.3-.7-.3h-11c-.3 0-.5.1-.7.3-.2.2-.3.5-.3.7s.1.5.3.7z\"\/><\/svg><\/span><\/span><\/span><\/a><\/span><\/div>\n<nav><ul class='ez-toc-list ez-toc-list-level-1 eztoc-toggle-hide-by-default' ><li class='ez-toc-page-1 ez-toc-heading-level-2'><a class=\"ez-toc-link ez-toc-heading-1\" href=\"https:\/\/www.mobilier-design-occasion.fr\/magazine\/fermob-revele-son-secret-pour-un-jardin-style-et-ecolo\/#Origines_et_philosophie_de_la_marque_fermob\" >Origines et philosophie de la marque fermob<\/a><\/li><li class='ez-toc-page-1 ez-toc-heading-level-2'><a class=\"ez-toc-link ez-toc-heading-2\" href=\"https:\/\/www.mobilier-design-occasion.fr\/magazine\/fermob-revele-son-secret-pour-un-jardin-style-et-ecolo\/#Les_collections_emblematiques_en_metal_de_fermob\" >Les collections embl\u00e9matiques en m\u00e9tal de fermob<\/a><\/li><li class='ez-toc-page-1 ez-toc-heading-level-2'><a class=\"ez-toc-link ez-toc-heading-3\" href=\"https:\/\/www.mobilier-design-occasion.fr\/magazine\/fermob-revele-son-secret-pour-un-jardin-style-et-ecolo\/#Personnalisation_et_adaptation_a_lespace_exterieur\" >Personnalisation et adaptation \u00e0 l&#8217;espace ext\u00e9rieur<\/a><\/li><li class='ez-toc-page-1 ez-toc-heading-level-2'><a class=\"ez-toc-link ez-toc-heading-4\" href=\"https:\/\/www.mobilier-design-occasion.fr\/magazine\/fermob-revele-son-secret-pour-un-jardin-style-et-ecolo\/#Lengagement_ecologique_de_fermob\" >L&#8217;engagement \u00e9cologique de fermob<\/a><\/li><\/ul><\/nav><\/div>\n\n\n\n\n<p>La <strong>m\u00e9tamorphose du m\u00e9tal<\/strong> en objets de d\u00e9coration et utilitaires est un art dans lequel excelle la marque fran\u00e7aise <strong>Fermob<\/strong>. Fond\u00e9e dans les ann\u00e9es 1980, la soci\u00e9t\u00e9 a su imposer son style unique dans le <em>monde du mobilier d&#8217;ext\u00e9rieur<\/em>. L&#8217;audace des couleurs utilis\u00e9es, l&#8217;attention port\u00e9e \u00e0 l&#8217;innovation et la durabilit\u00e9 des mat\u00e9riaux s\u00e9lectionn\u00e9s sont les piliers de la strat\u00e9gie de Fermob pour se distinguer sur le march\u00e9.<\/p>\n\n\n\n<figure class=\"wp-block-image size-full\"><img loading=\"lazy\" decoding=\"async\" width=\"855\" height=\"557\" src=\"https:\/\/www.mobilier-design-occasion.fr\/magazine\/wp-content\/uploads\/2024\/02\/image.png\" alt=\"\" class=\"wp-image-7490\" srcset=\"https:\/\/www.mobilier-design-occasion.fr\/magazine\/wp-content\/uploads\/2024\/02\/image.png 855w, https:\/\/www.mobilier-design-occasion.fr\/magazine\/wp-content\/uploads\/2024\/02\/image-300x195.png 300w, https:\/\/www.mobilier-design-occasion.fr\/magazine\/wp-content\/uploads\/2024\/02\/image-768x500.png 768w, https:\/\/www.mobilier-design-occasion.fr\/magazine\/wp-content\/uploads\/2024\/02\/image-810x528.png 810w\" sizes=\"auto, (max-width: 855px) 100vw, 855px\" \/><figcaption class=\"wp-element-caption\">Selency.fr<\/figcaption><\/figure>\n\n\n\n<p>La <em>philosophie de Fermob<\/em> s&#8217;articule autour du bien-\u00eatre en plein air, transformant jardins, terrasses et autres espaces verts en lieux de vie \u00e0 part enti\u00e8re. <strong>L&#8217;esprit cr\u00e9atif<\/strong> et l&#8217;engagement <em>\u00e9cologique<\/em> font aussi partie int\u00e9grante de sa vision : la marque s&#8217;efforce de r\u00e9duire son impact environnemental en optant pour des mat\u00e9riaux recyclables et des processus de production respectueux de l&#8217;environnement.<\/p>\n\n\n\n<h2 class=\"wp-block-heading\"><span class=\"ez-toc-section\" id=\"Les_collections_emblematiques_en_metal_de_fermob\"><\/span>Les collections embl\u00e9matiques en m\u00e9tal de fermob<span class=\"ez-toc-section-end\"><\/span><\/h2>\n\n\n\n<p>Les collections de <strong>Fermob<\/strong> arborent un design contemporain caract\u00e9ris\u00e9 par des lignes \u00e9pur\u00e9es et des couleurs vives. La s\u00e9rie Luxembourg, par exemple, s&#8217;inspire des chaises traditionnelles des jardins du m\u00eame nom situ\u00e9s \u00e0 Paris et conf\u00e8re une touche de chic parisien \u00e0 toute terrasse ou jardin. Une autre collection phare est la gamme Bistro, directement issue des c\u00e9l\u00e8bres chaises de caf\u00e9 fran\u00e7aises, con\u00e7ues pour allier fonctionnalit\u00e9 et esth\u00e9tique.<\/p>\n\n\n\n<p>Cependant, la cr\u00e9ativit\u00e9 de Fermob ne se limite pas \u00e0 ces classiques ind\u00e9modables. Elle se manifeste aussi \u00e0 travers des cr\u00e9ations audacieuses comme la ligne Croisette, o\u00f9 le m\u00e9tal se m\u00eale au tissage pour un rendu plus chaleureux et original. Chacune de ces collections illustre l&#8217;engagement de Fermob \u00e0 renouveler le genre du <em>mobilier de jardin en m\u00e9tal<\/em> tout en restant fid\u00e8le \u00e0 ses valeurs fondamentales de durabilit\u00e9 et de style.<\/p>\n\n\n\n<figure class=\"wp-block-image size-full\"><img loading=\"lazy\" decoding=\"async\" width=\"584\" height=\"700\" src=\"https:\/\/www.mobilier-design-occasion.fr\/magazine\/wp-content\/uploads\/2024\/02\/image-1.png\" alt=\"\" class=\"wp-image-7492\" srcset=\"https:\/\/www.mobilier-design-occasion.fr\/magazine\/wp-content\/uploads\/2024\/02\/image-1.png 584w, https:\/\/www.mobilier-design-occasion.fr\/magazine\/wp-content\/uploads\/2024\/02\/image-1-250x300.png 250w\" sizes=\"auto, (max-width: 584px) 100vw, 584px\" \/><figcaption class=\"wp-element-caption\">Fermob instagram<\/figcaption><\/figure>\n\n\n\n<h2 class=\"wp-block-heading\"><span class=\"ez-toc-section\" id=\"Personnalisation_et_adaptation_a_lespace_exterieur\"><\/span>Personnalisation et adaptation \u00e0 l&#8217;espace ext\u00e9rieur<span class=\"ez-toc-section-end\"><\/span><\/h2>\n\n\n\n<p><strong>Fermob<\/strong> va au-del\u00e0 de la fourniture de <strong>mobilier ext\u00e9rieur standardis\u00e9<\/strong>. La marque se distingue par sa capacit\u00e9 \u00e0 offrir des options de personnalisation avanc\u00e9es, permettant \u00e0 chacun d&#8217;adapter ses choix en fonction de son espace ext\u00e9rieur et de ses pr\u00e9f\u00e9rences personnelles. Ainsi, les couleurs et finitions sont personnalisables, ce qui offre une libert\u00e9 consid\u00e9rable et encourage la cr\u00e9ativit\u00e9 dans l&#8217;am\u00e9nagement des espaces ouverts.<\/p>\n\n\n\n<p>La flexibilit\u00e9 du m\u00e9tal, mat\u00e9riau de pr\u00e9dilection de Fermob, rend possible tout un \u00e9ventail de formes et de silhouettes, des plus classiques aux plus originales. Les structures en acier ou en aluminium sont trait\u00e9es pour r\u00e9sister aux intemp\u00e9ries, \u00e0 la corrosion et aux rayons UV, garantissant une long\u00e9vit\u00e9 exceptionnelle. Les clients de Fermob peuvent ainsi \u00eatre assur\u00e9s que leur <em>mobilier de jardin design<\/em> restera aussi beau qu&#8217;au premier jour, ann\u00e9e apr\u00e8s ann\u00e9e.<\/p>\n\n\n\n<figure class=\"wp-block-image size-full\"><img loading=\"lazy\" decoding=\"async\" width=\"609\" height=\"662\" src=\"https:\/\/www.mobilier-design-occasion.fr\/magazine\/wp-content\/uploads\/2024\/02\/image-2.png\" alt=\"\" class=\"wp-image-7493\" srcset=\"https:\/\/www.mobilier-design-occasion.fr\/magazine\/wp-content\/uploads\/2024\/02\/image-2.png 609w, https:\/\/www.mobilier-design-occasion.fr\/magazine\/wp-content\/uploads\/2024\/02\/image-2-276x300.png 276w\" sizes=\"auto, (max-width: 609px) 100vw, 609px\" \/><figcaption class=\"wp-element-caption\">Fermob instagram<\/figcaption><\/figure>\n\n\n\n<h2 class=\"wp-block-heading\"><span class=\"ez-toc-section\" id=\"Lengagement_ecologique_de_fermob\"><\/span>L&#8217;engagement \u00e9cologique de fermob<span class=\"ez-toc-section-end\"><\/span><\/h2>\n\n\n\n<p>La durabilit\u00e9 est une <strong>pr\u00e9occupation majeure<\/strong> pour Fermob, tant dans le choix des mat\u00e9riaux que dans les proc\u00e9d\u00e9s de fabrication. L&#8217;acier et l&#8217;aluminium, piliers des cr\u00e9ations Fermob, sont \u00e0 la fois <em>r\u00e9cup\u00e9rables et recyclables<\/em>. L&#8217;entreprise adopte une approche \u00e9co-responsable \u00e0 chaque \u00e9tape de la production, de la peinture sans solvant jusqu&#8217;au recyclage des eaux us\u00e9es et des chutes de m\u00e9tal.<\/p>\n\n\n\n<p>Cette politique environnementale rigoureuse conf\u00e8re \u00e0 Fermob une place de choix parmi les entreprises de mobilier respectueuses de l&#8217;environnement. Les adeptes du <em>design durable<\/em> et ceux qui souhaitent minimiser leur empreinte \u00e9cologique sans sacrifier le style trouvent dans Fermob un alli\u00e9 de choix pour l&#8217;\u00e9quipement de leurs espaces ext\u00e9rieurs.<\/p>\n\n\n\n<figure class=\"wp-block-table\"><table><tbody><tr><th>Collection<\/th><th>Mat\u00e9riaux<\/th><th>Style<\/th><th>Options de personnalisation<\/th><\/tr><tr><td>Luxembourg<\/td><td>Aluminium<\/td><td>Chic Parisien<\/td><td>Couleurs multiples<\/td><\/tr><tr><td>Bistro<\/td><td>Acier<\/td><td>Classique Intemporel<\/td><td>Couleurs et finitions diverses<\/td><\/tr><tr><td>Croisette<\/td><td>M\u00e9tal et Tissage<\/td><td>Contemporain Chaleureux<\/td><td>Combinaisons de mat\u00e9riaux<\/td><\/tr><\/tbody><\/table><\/figure>\n","protected":false},"excerpt":{"rendered":"<p>Lorsque l&#8217;on \u00e9voque le mobilier de jardin, certaines marques se distinguent par leur qualit\u00e9 et leur cr\u00e9ativit\u00e9. Parmi elles, Fermob, reconnue pour ses collections de mobilier ext\u00e9rieur en m\u00e9tal, allie design moderne et respect de l&#8217;environnement. Dans le pr\u00e9sent texte, nous explorerons les caract\u00e9ristiques qui font de Fermob un choix privil\u00e9gi\u00e9 pour ceux qui d\u00e9sirent [&hellip;]<\/p>\n","protected":false},"author":1,"featured_media":7493,"comment_status":"open","ping_status":"open","sticky":false,"template":"","format":"standard","meta":{"footnotes":""},"categories":[2],"tags":[140,142,209,133],"class_list":["post-7474","post","type-post","status-publish","format-standard","has-post-thumbnail","hentry","category-tendances","tag-chaise","tag-fauteuil","tag-fermob","tag-vintage"],"yoast_head":"<!-- This site is optimized with the Yoast SEO plugin v27.5 - https:\/\/yoast.com\/product\/yoast-seo-wordpress\/ -->\n<title>Fermob r\u00e9v\u00e8le son secret pour un jardin styl\u00e9 et \u00e9colo ! - Mobilier Design Magazine<\/title>\n<meta name=\"robots\" content=\"index, follow, max-snippet:-1, max-image-preview:large, max-video-preview:-1\" \/>\n<link rel=\"canonical\" href=\"https:\/\/www.mobilier-design-occasion.fr\/magazine\/fermob-revele-son-secret-pour-un-jardin-style-et-ecolo\/\" \/>\n<meta property=\"og:locale\" content=\"fr_FR\" \/>\n<meta property=\"og:type\" content=\"article\" \/>\n<meta property=\"og:title\" content=\"Fermob r\u00e9v\u00e8le son secret pour un jardin styl\u00e9 et \u00e9colo ! - Mobilier Design Magazine\" \/>\n<meta property=\"og:description\" content=\"Lorsque l&#8217;on \u00e9voque le mobilier de jardin, certaines marques se distinguent par leur qualit\u00e9 et leur cr\u00e9ativit\u00e9. Parmi elles, Fermob, reconnue pour ses collections de mobilier ext\u00e9rieur en m\u00e9tal, allie design moderne et respect de l&#8217;environnement. Dans le pr\u00e9sent texte, nous explorerons les caract\u00e9ristiques qui font de Fermob un choix privil\u00e9gi\u00e9 pour ceux qui d\u00e9sirent [&hellip;]\" \/>\n<meta property=\"og:url\" content=\"https:\/\/www.mobilier-design-occasion.fr\/magazine\/fermob-revele-son-secret-pour-un-jardin-style-et-ecolo\/\" \/>\n<meta property=\"og:site_name\" content=\"Mobilier Design Magazine\" \/>\n<meta property=\"article:publisher\" content=\"https:\/\/www.facebook.com\/mobilierdesignoccasion\" \/>\n<meta property=\"article:published_time\" content=\"2024-01-28T17:16:00+00:00\" \/>\n<meta property=\"article:modified_time\" content=\"2024-02-02T13:09:05+00:00\" \/>\n<meta property=\"og:image\" content=\"https:\/\/www.mobilier-design-occasion.fr\/magazine\/wp-content\/uploads\/2024\/02\/image-2.png\" \/>\n\t<meta property=\"og:image:width\" content=\"609\" \/>\n\t<meta property=\"og:image:height\" content=\"662\" \/>\n\t<meta property=\"og:image:type\" content=\"image\/png\" \/>\n<meta name=\"author\" content=\"Cyrielle Poirot\" \/>\n<meta name=\"twitter:card\" content=\"summary_large_image\" \/>\n<meta name=\"twitter:label1\" content=\"\u00c9crit par\" \/>\n\t<meta name=\"twitter:data1\" content=\"Cyrielle Poirot\" \/>\n\t<meta name=\"twitter:label2\" content=\"Dur\u00e9e de lecture estim\u00e9e\" \/>\n\t<meta name=\"twitter:data2\" content=\"3 minutes\" \/>\n<script type=\"application\/ld+json\" class=\"yoast-schema-graph\">{\"@context\":\"https:\\\/\\\/schema.org\",\"@graph\":[{\"@type\":\"Article\",\"@id\":\"https:\\\/\\\/www.mobilier-design-occasion.fr\\\/magazine\\\/fermob-revele-son-secret-pour-un-jardin-style-et-ecolo\\\/#article\",\"isPartOf\":{\"@id\":\"https:\\\/\\\/www.mobilier-design-occasion.fr\\\/magazine\\\/fermob-revele-son-secret-pour-un-jardin-style-et-ecolo\\\/\"},\"author\":{\"name\":\"Cyrielle Poirot\",\"@id\":\"https:\\\/\\\/www.mobilier-design-occasion.fr\\\/magazine\\\/#\\\/schema\\\/person\\\/5b2e5627a714ddadaaf8c9b886c55eff\"},\"headline\":\"Fermob r\u00e9v\u00e8le son secret pour un jardin styl\u00e9 et \u00e9colo !\",\"datePublished\":\"2024-01-28T17:16:00+00:00\",\"dateModified\":\"2024-02-02T13:09:05+00:00\",\"mainEntityOfPage\":{\"@id\":\"https:\\\/\\\/www.mobilier-design-occasion.fr\\\/magazine\\\/fermob-revele-son-secret-pour-un-jardin-style-et-ecolo\\\/\"},\"wordCount\":735,\"commentCount\":0,\"publisher\":{\"@id\":\"https:\\\/\\\/www.mobilier-design-occasion.fr\\\/magazine\\\/#organization\"},\"image\":{\"@id\":\"https:\\\/\\\/www.mobilier-design-occasion.fr\\\/magazine\\\/fermob-revele-son-secret-pour-un-jardin-style-et-ecolo\\\/#primaryimage\"},\"thumbnailUrl\":\"https:\\\/\\\/www.mobilier-design-occasion.fr\\\/magazine\\\/wp-content\\\/uploads\\\/2024\\\/02\\\/image-2.png\",\"keywords\":[\"chaise\",\"fauteuil\",\"fermob\",\"Vintage\"],\"articleSection\":[\"Tendances\"],\"inLanguage\":\"fr-FR\",\"potentialAction\":[{\"@type\":\"CommentAction\",\"name\":\"Comment\",\"target\":[\"https:\\\/\\\/www.mobilier-design-occasion.fr\\\/magazine\\\/fermob-revele-son-secret-pour-un-jardin-style-et-ecolo\\\/#respond\"]}]},{\"@type\":\"WebPage\",\"@id\":\"https:\\\/\\\/www.mobilier-design-occasion.fr\\\/magazine\\\/fermob-revele-son-secret-pour-un-jardin-style-et-ecolo\\\/\",\"url\":\"https:\\\/\\\/www.mobilier-design-occasion.fr\\\/magazine\\\/fermob-revele-son-secret-pour-un-jardin-style-et-ecolo\\\/\",\"name\":\"Fermob r\u00e9v\u00e8le son secret pour un jardin styl\u00e9 et \u00e9colo ! - Mobilier Design Magazine\",\"isPartOf\":{\"@id\":\"https:\\\/\\\/www.mobilier-design-occasion.fr\\\/magazine\\\/#website\"},\"primaryImageOfPage\":{\"@id\":\"https:\\\/\\\/www.mobilier-design-occasion.fr\\\/magazine\\\/fermob-revele-son-secret-pour-un-jardin-style-et-ecolo\\\/#primaryimage\"},\"image\":{\"@id\":\"https:\\\/\\\/www.mobilier-design-occasion.fr\\\/magazine\\\/fermob-revele-son-secret-pour-un-jardin-style-et-ecolo\\\/#primaryimage\"},\"thumbnailUrl\":\"https:\\\/\\\/www.mobilier-design-occasion.fr\\\/magazine\\\/wp-content\\\/uploads\\\/2024\\\/02\\\/image-2.png\",\"datePublished\":\"2024-01-28T17:16:00+00:00\",\"dateModified\":\"2024-02-02T13:09:05+00:00\",\"breadcrumb\":{\"@id\":\"https:\\\/\\\/www.mobilier-design-occasion.fr\\\/magazine\\\/fermob-revele-son-secret-pour-un-jardin-style-et-ecolo\\\/#breadcrumb\"},\"inLanguage\":\"fr-FR\",\"potentialAction\":[{\"@type\":\"ReadAction\",\"target\":[\"https:\\\/\\\/www.mobilier-design-occasion.fr\\\/magazine\\\/fermob-revele-son-secret-pour-un-jardin-style-et-ecolo\\\/\"]}]},{\"@type\":\"ImageObject\",\"inLanguage\":\"fr-FR\",\"@id\":\"https:\\\/\\\/www.mobilier-design-occasion.fr\\\/magazine\\\/fermob-revele-son-secret-pour-un-jardin-style-et-ecolo\\\/#primaryimage\",\"url\":\"https:\\\/\\\/www.mobilier-design-occasion.fr\\\/magazine\\\/wp-content\\\/uploads\\\/2024\\\/02\\\/image-2.png\",\"contentUrl\":\"https:\\\/\\\/www.mobilier-design-occasion.fr\\\/magazine\\\/wp-content\\\/uploads\\\/2024\\\/02\\\/image-2.png\",\"width\":609,\"height\":662},{\"@type\":\"BreadcrumbList\",\"@id\":\"https:\\\/\\\/www.mobilier-design-occasion.fr\\\/magazine\\\/fermob-revele-son-secret-pour-un-jardin-style-et-ecolo\\\/#breadcrumb\",\"itemListElement\":[{\"@type\":\"ListItem\",\"position\":1,\"name\":\"Accueil\",\"item\":\"https:\\\/\\\/www.mobilier-design-occasion.fr\\\/magazine\\\/\"},{\"@type\":\"ListItem\",\"position\":2,\"name\":\"Fermob r\u00e9v\u00e8le son secret pour un jardin styl\u00e9 et \u00e9colo !\"}]},{\"@type\":\"WebSite\",\"@id\":\"https:\\\/\\\/www.mobilier-design-occasion.fr\\\/magazine\\\/#website\",\"url\":\"https:\\\/\\\/www.mobilier-design-occasion.fr\\\/magazine\\\/\",\"name\":\"Mobilier Design Magazine\",\"description\":\"\",\"publisher\":{\"@id\":\"https:\\\/\\\/www.mobilier-design-occasion.fr\\\/magazine\\\/#organization\"},\"potentialAction\":[{\"@type\":\"SearchAction\",\"target\":{\"@type\":\"EntryPoint\",\"urlTemplate\":\"https:\\\/\\\/www.mobilier-design-occasion.fr\\\/magazine\\\/?s={search_term_string}\"},\"query-input\":{\"@type\":\"PropertyValueSpecification\",\"valueRequired\":true,\"valueName\":\"search_term_string\"}}],\"inLanguage\":\"fr-FR\"},{\"@type\":\"Organization\",\"@id\":\"https:\\\/\\\/www.mobilier-design-occasion.fr\\\/magazine\\\/#organization\",\"name\":\"Mobilier Design Magazine\",\"url\":\"https:\\\/\\\/www.mobilier-design-occasion.fr\\\/magazine\\\/\",\"logo\":{\"@type\":\"ImageObject\",\"inLanguage\":\"fr-FR\",\"@id\":\"https:\\\/\\\/www.mobilier-design-occasion.fr\\\/magazine\\\/#\\\/schema\\\/logo\\\/image\\\/\",\"url\":\"https:\\\/\\\/www.mobilier-design-occasion.fr\\\/magazine\\\/wp-content\\\/uploads\\\/2024\\\/02\\\/android-chrome-192x192-1.png\",\"contentUrl\":\"https:\\\/\\\/www.mobilier-design-occasion.fr\\\/magazine\\\/wp-content\\\/uploads\\\/2024\\\/02\\\/android-chrome-192x192-1.png\",\"width\":192,\"height\":192,\"caption\":\"Mobilier Design Magazine\"},\"image\":{\"@id\":\"https:\\\/\\\/www.mobilier-design-occasion.fr\\\/magazine\\\/#\\\/schema\\\/logo\\\/image\\\/\"},\"sameAs\":[\"https:\\\/\\\/www.facebook.com\\\/mobilierdesignoccasion\"]},{\"@type\":\"Person\",\"@id\":\"https:\\\/\\\/www.mobilier-design-occasion.fr\\\/magazine\\\/#\\\/schema\\\/person\\\/5b2e5627a714ddadaaf8c9b886c55eff\",\"name\":\"Cyrielle Poirot\",\"image\":{\"@type\":\"ImageObject\",\"inLanguage\":\"fr-FR\",\"@id\":\"https:\\\/\\\/secure.gravatar.com\\\/avatar\\\/c8d2674e093b06894d8d1dc468b626bd752523471f3ac6e75f7c7a1400d40b4d?s=96&d=mm&r=g\",\"url\":\"https:\\\/\\\/secure.gravatar.com\\\/avatar\\\/c8d2674e093b06894d8d1dc468b626bd752523471f3ac6e75f7c7a1400d40b4d?s=96&d=mm&r=g\",\"contentUrl\":\"https:\\\/\\\/secure.gravatar.com\\\/avatar\\\/c8d2674e093b06894d8d1dc468b626bd752523471f3ac6e75f7c7a1400d40b4d?s=96&d=mm&r=g\",\"caption\":\"Cyrielle Poirot\"},\"description\":\"Cyrielle est passionn\u00e9e par la d\u00e9coration d'int\u00e9rieur et s'est sp\u00e9cialis\u00e9e depuis quelques ann\u00e9es dans l'\u00e9dition du site Mobilier-Design, avec une touche sp\u00e9cifique pour les produits d'occasion.\",\"sameAs\":[\"https:\\\/\\\/www.mobilier-design-occasion.fr\\\/magazine\"],\"url\":\"https:\\\/\\\/www.mobilier-design-occasion.fr\\\/magazine\\\/author\\\/cyrielle\\\/\"}]}<\/script>\n<!-- \/ Yoast SEO plugin. -->","yoast_head_json":{"title":"Fermob r\u00e9v\u00e8le son secret pour un jardin styl\u00e9 et \u00e9colo ! - Mobilier Design Magazine","robots":{"index":"index","follow":"follow","max-snippet":"max-snippet:-1","max-image-preview":"max-image-preview:large","max-video-preview":"max-video-preview:-1"},"canonical":"https:\/\/www.mobilier-design-occasion.fr\/magazine\/fermob-revele-son-secret-pour-un-jardin-style-et-ecolo\/","og_locale":"fr_FR","og_type":"article","og_title":"Fermob r\u00e9v\u00e8le son secret pour un jardin styl\u00e9 et \u00e9colo ! - Mobilier Design Magazine","og_description":"Lorsque l&#8217;on \u00e9voque le mobilier de jardin, certaines marques se distinguent par leur qualit\u00e9 et leur cr\u00e9ativit\u00e9. Parmi elles, Fermob, reconnue pour ses collections de mobilier ext\u00e9rieur en m\u00e9tal, allie design moderne et respect de l&#8217;environnement. Dans le pr\u00e9sent texte, nous explorerons les caract\u00e9ristiques qui font de Fermob un choix privil\u00e9gi\u00e9 pour ceux qui d\u00e9sirent [&hellip;]","og_url":"https:\/\/www.mobilier-design-occasion.fr\/magazine\/fermob-revele-son-secret-pour-un-jardin-style-et-ecolo\/","og_site_name":"Mobilier Design Magazine","article_publisher":"https:\/\/www.facebook.com\/mobilierdesignoccasion","article_published_time":"2024-01-28T17:16:00+00:00","article_modified_time":"2024-02-02T13:09:05+00:00","og_image":[{"width":609,"height":662,"url":"https:\/\/www.mobilier-design-occasion.fr\/magazine\/wp-content\/uploads\/2024\/02\/image-2.png","type":"image\/png"}],"author":"Cyrielle Poirot","twitter_card":"summary_large_image","twitter_misc":{"\u00c9crit par":"Cyrielle Poirot","Dur\u00e9e de lecture estim\u00e9e":"3 minutes"},"schema":{"@context":"https:\/\/schema.org","@graph":[{"@type":"Article","@id":"https:\/\/www.mobilier-design-occasion.fr\/magazine\/fermob-revele-son-secret-pour-un-jardin-style-et-ecolo\/#article","isPartOf":{"@id":"https:\/\/www.mobilier-design-occasion.fr\/magazine\/fermob-revele-son-secret-pour-un-jardin-style-et-ecolo\/"},"author":{"name":"Cyrielle Poirot","@id":"https:\/\/www.mobilier-design-occasion.fr\/magazine\/#\/schema\/person\/5b2e5627a714ddadaaf8c9b886c55eff"},"headline":"Fermob r\u00e9v\u00e8le son secret pour un jardin styl\u00e9 et \u00e9colo !","datePublished":"2024-01-28T17:16:00+00:00","dateModified":"2024-02-02T13:09:05+00:00","mainEntityOfPage":{"@id":"https:\/\/www.mobilier-design-occasion.fr\/magazine\/fermob-revele-son-secret-pour-un-jardin-style-et-ecolo\/"},"wordCount":735,"commentCount":0,"publisher":{"@id":"https:\/\/www.mobilier-design-occasion.fr\/magazine\/#organization"},"image":{"@id":"https:\/\/www.mobilier-design-occasion.fr\/magazine\/fermob-revele-son-secret-pour-un-jardin-style-et-ecolo\/#primaryimage"},"thumbnailUrl":"https:\/\/www.mobilier-design-occasion.fr\/magazine\/wp-content\/uploads\/2024\/02\/image-2.png","keywords":["chaise","fauteuil","fermob","Vintage"],"articleSection":["Tendances"],"inLanguage":"fr-FR","potentialAction":[{"@type":"CommentAction","name":"Comment","target":["https:\/\/www.mobilier-design-occasion.fr\/magazine\/fermob-revele-son-secret-pour-un-jardin-style-et-ecolo\/#respond"]}]},{"@type":"WebPage","@id":"https:\/\/www.mobilier-design-occasion.fr\/magazine\/fermob-revele-son-secret-pour-un-jardin-style-et-ecolo\/","url":"https:\/\/www.mobilier-design-occasion.fr\/magazine\/fermob-revele-son-secret-pour-un-jardin-style-et-ecolo\/","name":"Fermob r\u00e9v\u00e8le son secret pour un jardin styl\u00e9 et \u00e9colo ! - Mobilier Design Magazine","isPartOf":{"@id":"https:\/\/www.mobilier-design-occasion.fr\/magazine\/#website"},"primaryImageOfPage":{"@id":"https:\/\/www.mobilier-design-occasion.fr\/magazine\/fermob-revele-son-secret-pour-un-jardin-style-et-ecolo\/#primaryimage"},"image":{"@id":"https:\/\/www.mobilier-design-occasion.fr\/magazine\/fermob-revele-son-secret-pour-un-jardin-style-et-ecolo\/#primaryimage"},"thumbnailUrl":"https:\/\/www.mobilier-design-occasion.fr\/magazine\/wp-content\/uploads\/2024\/02\/image-2.png","datePublished":"2024-01-28T17:16:00+00:00","dateModified":"2024-02-02T13:09:05+00:00","breadcrumb":{"@id":"https:\/\/www.mobilier-design-occasion.fr\/magazine\/fermob-revele-son-secret-pour-un-jardin-style-et-ecolo\/#breadcrumb"},"inLanguage":"fr-FR","potentialAction":[{"@type":"ReadAction","target":["https:\/\/www.mobilier-design-occasion.fr\/magazine\/fermob-revele-son-secret-pour-un-jardin-style-et-ecolo\/"]}]},{"@type":"ImageObject","inLanguage":"fr-FR","@id":"https:\/\/www.mobilier-design-occasion.fr\/magazine\/fermob-revele-son-secret-pour-un-jardin-style-et-ecolo\/#primaryimage","url":"https:\/\/www.mobilier-design-occasion.fr\/magazine\/wp-content\/uploads\/2024\/02\/image-2.png","contentUrl":"https:\/\/www.mobilier-design-occasion.fr\/magazine\/wp-content\/uploads\/2024\/02\/image-2.png","width":609,"height":662},{"@type":"BreadcrumbList","@id":"https:\/\/www.mobilier-design-occasion.fr\/magazine\/fermob-revele-son-secret-pour-un-jardin-style-et-ecolo\/#breadcrumb","itemListElement":[{"@type":"ListItem","position":1,"name":"Accueil","item":"https:\/\/www.mobilier-design-occasion.fr\/magazine\/"},{"@type":"ListItem","position":2,"name":"Fermob r\u00e9v\u00e8le son secret pour un jardin styl\u00e9 et \u00e9colo !"}]},{"@type":"WebSite","@id":"https:\/\/www.mobilier-design-occasion.fr\/magazine\/#website","url":"https:\/\/www.mobilier-design-occasion.fr\/magazine\/","name":"Mobilier Design Magazine","description":"","publisher":{"@id":"https:\/\/www.mobilier-design-occasion.fr\/magazine\/#organization"},"potentialAction":[{"@type":"SearchAction","target":{"@type":"EntryPoint","urlTemplate":"https:\/\/www.mobilier-design-occasion.fr\/magazine\/?s={search_term_string}"},"query-input":{"@type":"PropertyValueSpecification","valueRequired":true,"valueName":"search_term_string"}}],"inLanguage":"fr-FR"},{"@type":"Organization","@id":"https:\/\/www.mobilier-design-occasion.fr\/magazine\/#organization","name":"Mobilier Design Magazine","url":"https:\/\/www.mobilier-design-occasion.fr\/magazine\/","logo":{"@type":"ImageObject","inLanguage":"fr-FR","@id":"https:\/\/www.mobilier-design-occasion.fr\/magazine\/#\/schema\/logo\/image\/","url":"https:\/\/www.mobilier-design-occasion.fr\/magazine\/wp-content\/uploads\/2024\/02\/android-chrome-192x192-1.png","contentUrl":"https:\/\/www.mobilier-design-occasion.fr\/magazine\/wp-content\/uploads\/2024\/02\/android-chrome-192x192-1.png","width":192,"height":192,"caption":"Mobilier Design Magazine"},"image":{"@id":"https:\/\/www.mobilier-design-occasion.fr\/magazine\/#\/schema\/logo\/image\/"},"sameAs":["https:\/\/www.facebook.com\/mobilierdesignoccasion"]},{"@type":"Person","@id":"https:\/\/www.mobilier-design-occasion.fr\/magazine\/#\/schema\/person\/5b2e5627a714ddadaaf8c9b886c55eff","name":"Cyrielle Poirot","image":{"@type":"ImageObject","inLanguage":"fr-FR","@id":"https:\/\/secure.gravatar.com\/avatar\/c8d2674e093b06894d8d1dc468b626bd752523471f3ac6e75f7c7a1400d40b4d?s=96&d=mm&r=g","url":"https:\/\/secure.gravatar.com\/avatar\/c8d2674e093b06894d8d1dc468b626bd752523471f3ac6e75f7c7a1400d40b4d?s=96&d=mm&r=g","contentUrl":"https:\/\/secure.gravatar.com\/avatar\/c8d2674e093b06894d8d1dc468b626bd752523471f3ac6e75f7c7a1400d40b4d?s=96&d=mm&r=g","caption":"Cyrielle Poirot"},"description":"Cyrielle est passionn\u00e9e par la d\u00e9coration d'int\u00e9rieur et s'est sp\u00e9cialis\u00e9e depuis quelques ann\u00e9es dans l'\u00e9dition du site Mobilier-Design, avec une touche sp\u00e9cifique pour les produits d'occasion.","sameAs":["https:\/\/www.mobilier-design-occasion.fr\/magazine"],"url":"https:\/\/www.mobilier-design-occasion.fr\/magazine\/author\/cyrielle\/"}]}},"_links":{"self":[{"href":"https:\/\/www.mobilier-design-occasion.fr\/magazine\/wp-json\/wp\/v2\/posts\/7474","targetHints":{"allow":["GET"]}}],"collection":[{"href":"https:\/\/www.mobilier-design-occasion.fr\/magazine\/wp-json\/wp\/v2\/posts"}],"about":[{"href":"https:\/\/www.mobilier-design-occasion.fr\/magazine\/wp-json\/wp\/v2\/types\/post"}],"author":[{"embeddable":true,"href":"https:\/\/www.mobilier-design-occasion.fr\/magazine\/wp-json\/wp\/v2\/users\/1"}],"replies":[{"embeddable":true,"href":"https:\/\/www.mobilier-design-occasion.fr\/magazine\/wp-json\/wp\/v2\/comments?post=7474"}],"version-history":[{"count":2,"href":"https:\/\/www.mobilier-design-occasion.fr\/magazine\/wp-json\/wp\/v2\/posts\/7474\/revisions"}],"predecessor-version":[{"id":7495,"href":"https:\/\/www.mobilier-design-occasion.fr\/magazine\/wp-json\/wp\/v2\/posts\/7474\/revisions\/7495"}],"wp:featuredmedia":[{"embeddable":true,"href":"https:\/\/www.mobilier-design-occasion.fr\/magazine\/wp-json\/wp\/v2\/media\/7493"}],"wp:attachment":[{"href":"https:\/\/www.mobilier-design-occasion.fr\/magazine\/wp-json\/wp\/v2\/media?parent=7474"}],"wp:term":[{"taxonomy":"category","embeddable":true,"href":"https:\/\/www.mobilier-design-occasion.fr\/magazine\/wp-json\/wp\/v2\/categories?post=7474"},{"taxonomy":"post_tag","embeddable":true,"href":"https:\/\/www.mobilier-design-occasion.fr\/magazine\/wp-json\/wp\/v2\/tags?post=7474"}],"curies":[{"name":"wp","href":"https:\/\/api.w.org\/{rel}","templated":true}]}}