{"id":7472,"date":"2024-01-28T17:16:00","date_gmt":"2024-01-28T17:16:00","guid":{"rendered":"https:\/\/www.mobilier-design-occasion.fr\/magazine\/?p=7472"},"modified":"2024-02-02T13:11:51","modified_gmt":"2024-02-02T13:11:51","slug":"mettez-vous-en-danger-avec-ce-mobilier-non-choisissez-lelegance-sure","status":"publish","type":"post","link":"https:\/\/www.mobilier-design-occasion.fr\/magazine\/mettez-vous-en-danger-avec-ce-mobilier-non-choisissez-lelegance-sure\/","title":{"rendered":"Mettez-vous en danger avec ce mobilier ? non, choisissez l&#8217;\u00e9l\u00e9gance s\u00fbre !"},"content":{"rendered":"\n<p>Quand il s&#8217;agit de meubler son int\u00e9rieur, l&#8217;\u00e9l\u00e9gance et la qualit\u00e9 sont des crit\u00e8res essentiels pour de nombreux foyers. Le <strong>mobilier fran\u00e7ais<\/strong> se distingue justement par ces attributs, alliant savoir-faire traditionnel et design contemporain. Parmi les marques embl\u00e9matiques, Mobilier de France se fait une place de choix dans les habitations \u00e0 la recherche d&#8217;une ambiance \u00e0 la fois moderne et intemporelle.<\/p>\n\n\n\n<h2 class=\"wp-block-heading\"><span class=\"ez-toc-section\" id=\"Limportance_du_choix_du_mobilier_dans_la_decoration_interieure\"><\/span>L&#8217;importance du choix du mobilier dans la d\u00e9coration int\u00e9rieure<span class=\"ez-toc-section-end\"><\/span><\/h2><div id=\"ez-toc-container\" class=\"ez-toc-v2_0_82_2 counter-hierarchy ez-toc-counter ez-toc-grey ez-toc-container-direction\">\n<div class=\"ez-toc-title-container\">\n<span class=\"ez-toc-title-toggle\"><a href=\"#\" class=\"ez-toc-pull-right ez-toc-btn ez-toc-btn-xs ez-toc-btn-default ez-toc-toggle\" aria-label=\"Toggle Table of Content\"><span class=\"ez-toc-js-icon-con\"><span class=\"\"><span class=\"eztoc-hide\" style=\"display:none;\">Toggle<\/span><span class=\"ez-toc-icon-toggle-span\"><svg style=\"fill: #999;color:#999\" xmlns=\"http:\/\/www.w3.org\/2000\/svg\" class=\"list-377408\" width=\"20px\" height=\"20px\" viewBox=\"0 0 24 24\" fill=\"none\"><path d=\"M6 6H4v2h2V6zm14 0H8v2h12V6zM4 11h2v2H4v-2zm16 0H8v2h12v-2zM4 16h2v2H4v-2zm16 0H8v2h12v-2z\" fill=\"currentColor\"><\/path><\/svg><svg style=\"fill: #999;color:#999\" class=\"arrow-unsorted-368013\" xmlns=\"http:\/\/www.w3.org\/2000\/svg\" width=\"10px\" height=\"10px\" viewBox=\"0 0 24 24\" version=\"1.2\" baseProfile=\"tiny\"><path d=\"M18.2 9.3l-6.2-6.3-6.2 6.3c-.2.2-.3.4-.3.7s.1.5.3.7c.2.2.4.3.7.3h11c.3 0 .5-.1.7-.3.2-.2.3-.5.3-.7s-.1-.5-.3-.7zM5.8 14.7l6.2 6.3 6.2-6.3c.2-.2.3-.5.3-.7s-.1-.5-.3-.7c-.2-.2-.4-.3-.7-.3h-11c-.3 0-.5.1-.7.3-.2.2-.3.5-.3.7s.1.5.3.7z\"\/><\/svg><\/span><\/span><\/span><\/a><\/span><\/div>\n<nav><ul class='ez-toc-list ez-toc-list-level-1 eztoc-toggle-hide-by-default' ><li class='ez-toc-page-1 ez-toc-heading-level-2'><a class=\"ez-toc-link ez-toc-heading-1\" href=\"https:\/\/www.mobilier-design-occasion.fr\/magazine\/mettez-vous-en-danger-avec-ce-mobilier-non-choisissez-lelegance-sure\/#Limportance_du_choix_du_mobilier_dans_la_decoration_interieure\" >L&#8217;importance du choix du mobilier dans la d\u00e9coration int\u00e9rieure<\/a><\/li><li class='ez-toc-page-1 ez-toc-heading-level-2'><a class=\"ez-toc-link ez-toc-heading-2\" href=\"https:\/\/www.mobilier-design-occasion.fr\/magazine\/mettez-vous-en-danger-avec-ce-mobilier-non-choisissez-lelegance-sure\/#Le_savoir-faire_francais_au_service_de_la_qualite\" >Le savoir-faire fran\u00e7ais au service de la qualit\u00e9<\/a><\/li><li class='ez-toc-page-1 ez-toc-heading-level-2'><a class=\"ez-toc-link ez-toc-heading-3\" href=\"https:\/\/www.mobilier-design-occasion.fr\/magazine\/mettez-vous-en-danger-avec-ce-mobilier-non-choisissez-lelegance-sure\/#Un_style_qui_traverse_les_tendances\" >Un style qui traverse les tendances<\/a><\/li><li class='ez-toc-page-1 ez-toc-heading-level-2'><a class=\"ez-toc-link ez-toc-heading-4\" href=\"https:\/\/www.mobilier-design-occasion.fr\/magazine\/mettez-vous-en-danger-avec-ce-mobilier-non-choisissez-lelegance-sure\/#Linvestissement_dans_des_meubles_durables\" >L&#8217;investissement dans des meubles durables<\/a><\/li><\/ul><\/nav><\/div>\n\n\n\n\n<p>La s\u00e9lection de pi\u00e8ces d&#8217;ameublement est une \u00e9tape cruciale dans l&#8217;agencement de votre espace de vie. Les meubles ne servent pas uniquement \u00e0 remplir les pi\u00e8ces, ils cr\u00e9ent l&#8217;\u00e2me de votre foyer. Choisir des <strong>meubles de qualit\u00e9<\/strong> issus de l&#8217;excellence de la <em>menuiserie fran\u00e7aise<\/em> garantit non seulement une long\u00e9vit\u00e9 sup\u00e9rieure mais aussi une esth\u00e9tique qui traversera les \u00e9poques sans perdre de son charme. Chaque \u00e9l\u00e9ment, qu&#8217;il s&#8217;agisse d&#8217;un canap\u00e9, d&#8217;une table ou d&#8217;une armoire, doit \u00eatre s\u00e9lectionn\u00e9 avec soin, r\u00e9pondant aux besoins pratiques tout en participant \u00e0 la cr\u00e9ation d&#8217;une atmosph\u00e8re accueillante et personnalis\u00e9e.<\/p>\n\n\n\n<p>Avec des options vari\u00e9es tant dans les styles que dans les mat\u00e9riaux, Mobilier de France propose une gamme qui s&#8217;adapte \u00e0 chaque personnalit\u00e9 et chaque espace. De la salle \u00e0 manger au salon, en passant par la chambre \u00e0 coucher, leurs collections offrent une harmonie parfaite entre fonctionnalit\u00e9 et esth\u00e9tique. De plus, les mati\u00e8res utilis\u00e9es sont choisies selon des crit\u00e8res rigoureux de durabilit\u00e9 et d&#8217;\u00e9co-responsabilit\u00e9, contribuant ainsi au respect de l&#8217;environnement.<\/p>\n\n\n\n<figure class=\"wp-block-image size-full\"><img loading=\"lazy\" decoding=\"async\" width=\"416\" height=\"431\" src=\"https:\/\/www.mobilier-design-occasion.fr\/magazine\/wp-content\/uploads\/2024\/02\/image-3.png\" alt=\"\" class=\"wp-image-7496\" srcset=\"https:\/\/www.mobilier-design-occasion.fr\/magazine\/wp-content\/uploads\/2024\/02\/image-3.png 416w, https:\/\/www.mobilier-design-occasion.fr\/magazine\/wp-content\/uploads\/2024\/02\/image-3-290x300.png 290w\" sizes=\"auto, (max-width: 416px) 100vw, 416px\" \/><figcaption class=\"wp-element-caption\">Mobilier de France instagram<\/figcaption><\/figure>\n\n\n\n<h2 class=\"wp-block-heading\"><span class=\"ez-toc-section\" id=\"Le_savoir-faire_francais_au_service_de_la_qualite\"><\/span>Le savoir-faire fran\u00e7ais au service de la qualit\u00e9<span class=\"ez-toc-section-end\"><\/span><\/h2>\n\n\n\n<p>L&#8217;h\u00e9ritage artisanal du <strong>mobilier fran\u00e7ais<\/strong> n&#8217;est plus \u00e0 prouver. Depuis des si\u00e8cles, les \u00e9b\u00e9nistes du pays sont reconnus pour leur ma\u00eetrise exceptionnelle et leur attention port\u00e9e aux d\u00e9tails. Dans les collections de Mobilier de France, cet h\u00e9ritage se traduit par des pi\u00e8ces soign\u00e9es, aux finitions irr\u00e9prochables. Le choix des mati\u00e8res premi\u00e8res joue \u00e9galement un r\u00f4le majeur dans la qualit\u00e9 per\u00e7ue et la durabilit\u00e9 des meubles.<\/p>\n\n\n\n<p>Que cela concerne les canap\u00e9s, confectionn\u00e9s avec des tissus haut de gamme et des cuirs s\u00e9lectionn\u00e9s, ou les meubles en bois, \u00e9labor\u00e9s \u00e0 partir d&#8217;essences nobles et durables, chaque produit sorti des ateliers de la marque est le fruit d&#8217;une connaissance approfondie du mat\u00e9riau et d&#8217;une passion du m\u00e9tier. Les proc\u00e9dures de contr\u00f4le de qualit\u00e9 sont strictes pour assurer que chaque meuble livr\u00e9 puisse devenir un h\u00e9ritage familial, traversant les g\u00e9n\u00e9rations.<\/p>\n\n\n\n<figure class=\"wp-block-image size-full\"><img loading=\"lazy\" decoding=\"async\" width=\"949\" height=\"638\" src=\"https:\/\/www.mobilier-design-occasion.fr\/magazine\/wp-content\/uploads\/2024\/02\/image-4.png\" alt=\"\" class=\"wp-image-7498\" srcset=\"https:\/\/www.mobilier-design-occasion.fr\/magazine\/wp-content\/uploads\/2024\/02\/image-4.png 949w, https:\/\/www.mobilier-design-occasion.fr\/magazine\/wp-content\/uploads\/2024\/02\/image-4-300x202.png 300w, https:\/\/www.mobilier-design-occasion.fr\/magazine\/wp-content\/uploads\/2024\/02\/image-4-768x516.png 768w, https:\/\/www.mobilier-design-occasion.fr\/magazine\/wp-content\/uploads\/2024\/02\/image-4-810x545.png 810w\" sizes=\"auto, (max-width: 949px) 100vw, 949px\" \/><\/figure>\n\n\n\n<h2 class=\"wp-block-heading\"><span class=\"ez-toc-section\" id=\"Un_style_qui_traverse_les_tendances\"><\/span>Un style qui traverse les tendances<span class=\"ez-toc-section-end\"><\/span><\/h2>\n\n\n\n<p>L&#8217;aspect intemporel des cr\u00e9ations de Mobilier de France est l&#8217;un de leurs principaux atouts. Les collections de la marque, sans cesse renouvel\u00e9es, s&#8217;inspir\u00e8rent des derni\u00e8res tendances en mati\u00e8re de design tout en conservant une base classique qui leur permet de s&#8217;int\u00e9grer dans toute sorte d&#8217;int\u00e9rieur, qu&#8217;il soit moderne, rustique ou encore minimaliste. La diversit\u00e9 de leurs lignes de produits t\u00e9moigne d&#8217;une r\u00e9elle capacit\u00e9 \u00e0 s&#8217;adapter aux go\u00fbts et besoins variables des consommateurs.<\/p>\n\n\n\n<p>Les designs \u00e9pur\u00e9s, les lignes \u00e9legantes et les coloris soigneusement s\u00e9lectionn\u00e9s sont au c\u0153ur des collections de Mobilier de France, contribuant \u00e0 cr\u00e9er des espaces de vie \u00e9l\u00e9gants et contemporains. Ajoutons \u00e0 cela les <strong>possibilit\u00e9s de personnalisation<\/strong>, avec des meubles qui peuvent souvent \u00eatre ajust\u00e9s en termes de dimensions, de mat\u00e9riaux ou de coloris, afin de s&#8217;adapter parfaitement \u00e0 votre int\u00e9rieur et \u00e0 votre style de vie.<\/p>\n\n\n\n<figure class=\"wp-block-image size-full\"><img loading=\"lazy\" decoding=\"async\" width=\"853\" height=\"557\" src=\"https:\/\/www.mobilier-design-occasion.fr\/magazine\/wp-content\/uploads\/2024\/02\/image-5.png\" alt=\"\" class=\"wp-image-7499\" srcset=\"https:\/\/www.mobilier-design-occasion.fr\/magazine\/wp-content\/uploads\/2024\/02\/image-5.png 853w, https:\/\/www.mobilier-design-occasion.fr\/magazine\/wp-content\/uploads\/2024\/02\/image-5-300x196.png 300w, https:\/\/www.mobilier-design-occasion.fr\/magazine\/wp-content\/uploads\/2024\/02\/image-5-768x501.png 768w, https:\/\/www.mobilier-design-occasion.fr\/magazine\/wp-content\/uploads\/2024\/02\/image-5-810x529.png 810w\" sizes=\"auto, (max-width: 853px) 100vw, 853px\" \/><figcaption class=\"wp-element-caption\">Selency.fr<\/figcaption><\/figure>\n\n\n\n<h2 class=\"wp-block-heading\"><span class=\"ez-toc-section\" id=\"Linvestissement_dans_des_meubles_durables\"><\/span>L&#8217;investissement dans des meubles durables<span class=\"ez-toc-section-end\"><\/span><\/h2>\n\n\n\n<p>En d\u00e9pit des tendances de consommation rapide, opter pour des meubles de haute facture repr\u00e9sente un investissement dans la durabilit\u00e9. Au vu de leur long\u00e9vit\u00e9, l&#8217;achat de pi\u00e8ces de Mobilier de France s&#8217;av\u00e8re \u00eatre une d\u00e9cision \u00e9conomique judicieuse sur le long terme. La r\u00e9sistance des mat\u00e9riaux et la qualit\u00e9 de la confection conf\u00e8rent \u00e0 ces meubles la capacit\u00e9 de r\u00e9sister \u00e0 l&#8217;\u00e9preuve du temps et de l&#8217;usage quotidien.<\/p>\n\n\n\n<p>Outre l&#8217;aspect financier, choisir des meubles durables est \u00e9galement une d\u00e9marche \u00e9thique et \u00e9cologique. En pr\u00e9f\u00e9rant des produits qui ne n\u00e9cessitent pas de remplacement fr\u00e9quent, on contribue \u00e0 r\u00e9duire son empreinte environnementale. Mobilier de France s&#8217;engage dans cette voie en privil\u00e9giant des pratiques responsables et en mettant en \u0153uvre des initiatives \u00e9cologiques au sein de ses processus de production et de distribution.<\/p>\n\n\n\n<p>Le tableau suivant pr\u00e9sente les avantages cl\u00e9s du mobilier de qualit\u00e9 fran\u00e7aise :<\/p>\n\n\n\n<figure class=\"wp-block-table\"><table><tbody><tr><th>Avantage<\/th><th>Description<\/th><\/tr><tr><td>Long\u00e9vit\u00e9<\/td><td>Une dur\u00e9e de vie prolong\u00e9e gr\u00e2ce \u00e0 la qualit\u00e9 des mat\u00e9riaux et \u00e0 l&#8217;excellence de la fabrication.<\/td><\/tr><tr><td>Esth\u00e9tique<\/td><td>Des designs \u00e9l\u00e9gants qui remod\u00e8lent constamment les tendances pour rester contemporains.<\/td><\/tr><tr><td>Fonctionnalit\u00e9<\/td><td>Des pi\u00e8ces con\u00e7ues pour \u00eatre \u00e0 la fois belles et fonctionnelles, r\u00e9pondant aux besoins du quotidien.<\/td><\/tr><tr><td>\u00c9co-responsabilit\u00e9<\/td><td>Un engagement envers des pratiques durables pour r\u00e9duire l&#8217;impact sur l&#8217;environnement.<\/td><\/tr><tr><td>Personnalisation<\/td><td>La possibilit\u00e9 de personnaliser les produits pour qu&#8217;ils s&#8217;harmonisent parfaitement \u00e0 chaque int\u00e9rieur.<\/td><\/tr><\/tbody><\/table><\/figure>\n","protected":false},"excerpt":{"rendered":"<p>Quand il s&#8217;agit de meubler son int\u00e9rieur, l&#8217;\u00e9l\u00e9gance et la qualit\u00e9 sont des crit\u00e8res essentiels pour de nombreux foyers. Le mobilier fran\u00e7ais se distingue justement par ces attributs, alliant savoir-faire traditionnel et design contemporain. Parmi les marques embl\u00e9matiques, Mobilier de France se fait une place de choix dans les habitations \u00e0 la recherche d&#8217;une ambiance [&hellip;]<\/p>\n","protected":false},"author":1,"featured_media":7498,"comment_status":"open","ping_status":"open","sticky":false,"template":"","format":"standard","meta":{"footnotes":""},"categories":[2],"tags":[152,142,210,211],"class_list":["post-7472","post","type-post","status-publish","format-standard","has-post-thumbnail","hentry","category-tendances","tag-bois","tag-fauteuil","tag-mobilier-de-france","tag-occasion"],"yoast_head":"<!-- This site is optimized with the Yoast SEO plugin v27.5 - https:\/\/yoast.com\/product\/yoast-seo-wordpress\/ -->\n<title>Mettez-vous en danger avec ce mobilier ? non, choisissez l&#039;\u00e9l\u00e9gance s\u00fbre ! - Mobilier Design Magazine<\/title>\n<meta name=\"robots\" content=\"index, follow, max-snippet:-1, max-image-preview:large, max-video-preview:-1\" \/>\n<link rel=\"canonical\" href=\"https:\/\/www.mobilier-design-occasion.fr\/magazine\/mettez-vous-en-danger-avec-ce-mobilier-non-choisissez-lelegance-sure\/\" \/>\n<meta property=\"og:locale\" content=\"fr_FR\" \/>\n<meta property=\"og:type\" content=\"article\" \/>\n<meta property=\"og:title\" content=\"Mettez-vous en danger avec ce mobilier ? non, choisissez l&#039;\u00e9l\u00e9gance s\u00fbre ! - Mobilier Design Magazine\" \/>\n<meta property=\"og:description\" content=\"Quand il s&#8217;agit de meubler son int\u00e9rieur, l&#8217;\u00e9l\u00e9gance et la qualit\u00e9 sont des crit\u00e8res essentiels pour de nombreux foyers. Le mobilier fran\u00e7ais se distingue justement par ces attributs, alliant savoir-faire traditionnel et design contemporain. Parmi les marques embl\u00e9matiques, Mobilier de France se fait une place de choix dans les habitations \u00e0 la recherche d&#8217;une ambiance [&hellip;]\" \/>\n<meta property=\"og:url\" content=\"https:\/\/www.mobilier-design-occasion.fr\/magazine\/mettez-vous-en-danger-avec-ce-mobilier-non-choisissez-lelegance-sure\/\" \/>\n<meta property=\"og:site_name\" content=\"Mobilier Design Magazine\" \/>\n<meta property=\"article:publisher\" content=\"https:\/\/www.facebook.com\/mobilierdesignoccasion\" \/>\n<meta property=\"article:published_time\" content=\"2024-01-28T17:16:00+00:00\" \/>\n<meta property=\"article:modified_time\" content=\"2024-02-02T13:11:51+00:00\" \/>\n<meta property=\"og:image\" content=\"https:\/\/www.mobilier-design-occasion.fr\/magazine\/wp-content\/uploads\/2024\/02\/image-4.png\" \/>\n\t<meta property=\"og:image:width\" content=\"949\" \/>\n\t<meta property=\"og:image:height\" content=\"638\" \/>\n\t<meta property=\"og:image:type\" content=\"image\/png\" \/>\n<meta name=\"author\" content=\"Cyrielle Poirot\" \/>\n<meta name=\"twitter:card\" content=\"summary_large_image\" \/>\n<meta name=\"twitter:label1\" content=\"\u00c9crit par\" \/>\n\t<meta name=\"twitter:data1\" content=\"Cyrielle Poirot\" \/>\n\t<meta name=\"twitter:label2\" content=\"Dur\u00e9e de lecture estim\u00e9e\" \/>\n\t<meta name=\"twitter:data2\" content=\"4 minutes\" \/>\n<script type=\"application\/ld+json\" class=\"yoast-schema-graph\">{\"@context\":\"https:\\\/\\\/schema.org\",\"@graph\":[{\"@type\":\"Article\",\"@id\":\"https:\\\/\\\/www.mobilier-design-occasion.fr\\\/magazine\\\/mettez-vous-en-danger-avec-ce-mobilier-non-choisissez-lelegance-sure\\\/#article\",\"isPartOf\":{\"@id\":\"https:\\\/\\\/www.mobilier-design-occasion.fr\\\/magazine\\\/mettez-vous-en-danger-avec-ce-mobilier-non-choisissez-lelegance-sure\\\/\"},\"author\":{\"name\":\"Cyrielle Poirot\",\"@id\":\"https:\\\/\\\/www.mobilier-design-occasion.fr\\\/magazine\\\/#\\\/schema\\\/person\\\/5b2e5627a714ddadaaf8c9b886c55eff\"},\"headline\":\"Mettez-vous en danger avec ce mobilier ? non, choisissez l&#8217;\u00e9l\u00e9gance s\u00fbre !\",\"datePublished\":\"2024-01-28T17:16:00+00:00\",\"dateModified\":\"2024-02-02T13:11:51+00:00\",\"mainEntityOfPage\":{\"@id\":\"https:\\\/\\\/www.mobilier-design-occasion.fr\\\/magazine\\\/mettez-vous-en-danger-avec-ce-mobilier-non-choisissez-lelegance-sure\\\/\"},\"wordCount\":895,\"commentCount\":0,\"publisher\":{\"@id\":\"https:\\\/\\\/www.mobilier-design-occasion.fr\\\/magazine\\\/#organization\"},\"image\":{\"@id\":\"https:\\\/\\\/www.mobilier-design-occasion.fr\\\/magazine\\\/mettez-vous-en-danger-avec-ce-mobilier-non-choisissez-lelegance-sure\\\/#primaryimage\"},\"thumbnailUrl\":\"https:\\\/\\\/www.mobilier-design-occasion.fr\\\/magazine\\\/wp-content\\\/uploads\\\/2024\\\/02\\\/image-4.png\",\"keywords\":[\"bois\",\"fauteuil\",\"mobilier de france\",\"occasion\"],\"articleSection\":[\"Tendances\"],\"inLanguage\":\"fr-FR\",\"potentialAction\":[{\"@type\":\"CommentAction\",\"name\":\"Comment\",\"target\":[\"https:\\\/\\\/www.mobilier-design-occasion.fr\\\/magazine\\\/mettez-vous-en-danger-avec-ce-mobilier-non-choisissez-lelegance-sure\\\/#respond\"]}]},{\"@type\":\"WebPage\",\"@id\":\"https:\\\/\\\/www.mobilier-design-occasion.fr\\\/magazine\\\/mettez-vous-en-danger-avec-ce-mobilier-non-choisissez-lelegance-sure\\\/\",\"url\":\"https:\\\/\\\/www.mobilier-design-occasion.fr\\\/magazine\\\/mettez-vous-en-danger-avec-ce-mobilier-non-choisissez-lelegance-sure\\\/\",\"name\":\"Mettez-vous en danger avec ce mobilier ? non, choisissez l'\u00e9l\u00e9gance s\u00fbre ! - Mobilier Design Magazine\",\"isPartOf\":{\"@id\":\"https:\\\/\\\/www.mobilier-design-occasion.fr\\\/magazine\\\/#website\"},\"primaryImageOfPage\":{\"@id\":\"https:\\\/\\\/www.mobilier-design-occasion.fr\\\/magazine\\\/mettez-vous-en-danger-avec-ce-mobilier-non-choisissez-lelegance-sure\\\/#primaryimage\"},\"image\":{\"@id\":\"https:\\\/\\\/www.mobilier-design-occasion.fr\\\/magazine\\\/mettez-vous-en-danger-avec-ce-mobilier-non-choisissez-lelegance-sure\\\/#primaryimage\"},\"thumbnailUrl\":\"https:\\\/\\\/www.mobilier-design-occasion.fr\\\/magazine\\\/wp-content\\\/uploads\\\/2024\\\/02\\\/image-4.png\",\"datePublished\":\"2024-01-28T17:16:00+00:00\",\"dateModified\":\"2024-02-02T13:11:51+00:00\",\"breadcrumb\":{\"@id\":\"https:\\\/\\\/www.mobilier-design-occasion.fr\\\/magazine\\\/mettez-vous-en-danger-avec-ce-mobilier-non-choisissez-lelegance-sure\\\/#breadcrumb\"},\"inLanguage\":\"fr-FR\",\"potentialAction\":[{\"@type\":\"ReadAction\",\"target\":[\"https:\\\/\\\/www.mobilier-design-occasion.fr\\\/magazine\\\/mettez-vous-en-danger-avec-ce-mobilier-non-choisissez-lelegance-sure\\\/\"]}]},{\"@type\":\"ImageObject\",\"inLanguage\":\"fr-FR\",\"@id\":\"https:\\\/\\\/www.mobilier-design-occasion.fr\\\/magazine\\\/mettez-vous-en-danger-avec-ce-mobilier-non-choisissez-lelegance-sure\\\/#primaryimage\",\"url\":\"https:\\\/\\\/www.mobilier-design-occasion.fr\\\/magazine\\\/wp-content\\\/uploads\\\/2024\\\/02\\\/image-4.png\",\"contentUrl\":\"https:\\\/\\\/www.mobilier-design-occasion.fr\\\/magazine\\\/wp-content\\\/uploads\\\/2024\\\/02\\\/image-4.png\",\"width\":949,\"height\":638},{\"@type\":\"BreadcrumbList\",\"@id\":\"https:\\\/\\\/www.mobilier-design-occasion.fr\\\/magazine\\\/mettez-vous-en-danger-avec-ce-mobilier-non-choisissez-lelegance-sure\\\/#breadcrumb\",\"itemListElement\":[{\"@type\":\"ListItem\",\"position\":1,\"name\":\"Accueil\",\"item\":\"https:\\\/\\\/www.mobilier-design-occasion.fr\\\/magazine\\\/\"},{\"@type\":\"ListItem\",\"position\":2,\"name\":\"Mettez-vous en danger avec ce mobilier ? non, choisissez l&rsquo;\u00e9l\u00e9gance s\u00fbre !\"}]},{\"@type\":\"WebSite\",\"@id\":\"https:\\\/\\\/www.mobilier-design-occasion.fr\\\/magazine\\\/#website\",\"url\":\"https:\\\/\\\/www.mobilier-design-occasion.fr\\\/magazine\\\/\",\"name\":\"Mobilier Design Magazine\",\"description\":\"\",\"publisher\":{\"@id\":\"https:\\\/\\\/www.mobilier-design-occasion.fr\\\/magazine\\\/#organization\"},\"potentialAction\":[{\"@type\":\"SearchAction\",\"target\":{\"@type\":\"EntryPoint\",\"urlTemplate\":\"https:\\\/\\\/www.mobilier-design-occasion.fr\\\/magazine\\\/?s={search_term_string}\"},\"query-input\":{\"@type\":\"PropertyValueSpecification\",\"valueRequired\":true,\"valueName\":\"search_term_string\"}}],\"inLanguage\":\"fr-FR\"},{\"@type\":\"Organization\",\"@id\":\"https:\\\/\\\/www.mobilier-design-occasion.fr\\\/magazine\\\/#organization\",\"name\":\"Mobilier Design Magazine\",\"url\":\"https:\\\/\\\/www.mobilier-design-occasion.fr\\\/magazine\\\/\",\"logo\":{\"@type\":\"ImageObject\",\"inLanguage\":\"fr-FR\",\"@id\":\"https:\\\/\\\/www.mobilier-design-occasion.fr\\\/magazine\\\/#\\\/schema\\\/logo\\\/image\\\/\",\"url\":\"https:\\\/\\\/www.mobilier-design-occasion.fr\\\/magazine\\\/wp-content\\\/uploads\\\/2024\\\/02\\\/android-chrome-192x192-1.png\",\"contentUrl\":\"https:\\\/\\\/www.mobilier-design-occasion.fr\\\/magazine\\\/wp-content\\\/uploads\\\/2024\\\/02\\\/android-chrome-192x192-1.png\",\"width\":192,\"height\":192,\"caption\":\"Mobilier Design Magazine\"},\"image\":{\"@id\":\"https:\\\/\\\/www.mobilier-design-occasion.fr\\\/magazine\\\/#\\\/schema\\\/logo\\\/image\\\/\"},\"sameAs\":[\"https:\\\/\\\/www.facebook.com\\\/mobilierdesignoccasion\"]},{\"@type\":\"Person\",\"@id\":\"https:\\\/\\\/www.mobilier-design-occasion.fr\\\/magazine\\\/#\\\/schema\\\/person\\\/5b2e5627a714ddadaaf8c9b886c55eff\",\"name\":\"Cyrielle Poirot\",\"image\":{\"@type\":\"ImageObject\",\"inLanguage\":\"fr-FR\",\"@id\":\"https:\\\/\\\/secure.gravatar.com\\\/avatar\\\/c8d2674e093b06894d8d1dc468b626bd752523471f3ac6e75f7c7a1400d40b4d?s=96&d=mm&r=g\",\"url\":\"https:\\\/\\\/secure.gravatar.com\\\/avatar\\\/c8d2674e093b06894d8d1dc468b626bd752523471f3ac6e75f7c7a1400d40b4d?s=96&d=mm&r=g\",\"contentUrl\":\"https:\\\/\\\/secure.gravatar.com\\\/avatar\\\/c8d2674e093b06894d8d1dc468b626bd752523471f3ac6e75f7c7a1400d40b4d?s=96&d=mm&r=g\",\"caption\":\"Cyrielle Poirot\"},\"description\":\"Cyrielle est passionn\u00e9e par la d\u00e9coration d'int\u00e9rieur et s'est sp\u00e9cialis\u00e9e depuis quelques ann\u00e9es dans l'\u00e9dition du site Mobilier-Design, avec une touche sp\u00e9cifique pour les produits d'occasion.\",\"sameAs\":[\"https:\\\/\\\/www.mobilier-design-occasion.fr\\\/magazine\"],\"url\":\"https:\\\/\\\/www.mobilier-design-occasion.fr\\\/magazine\\\/author\\\/cyrielle\\\/\"}]}<\/script>\n<!-- \/ Yoast SEO plugin. -->","yoast_head_json":{"title":"Mettez-vous en danger avec ce mobilier ? non, choisissez l'\u00e9l\u00e9gance s\u00fbre ! - Mobilier Design Magazine","robots":{"index":"index","follow":"follow","max-snippet":"max-snippet:-1","max-image-preview":"max-image-preview:large","max-video-preview":"max-video-preview:-1"},"canonical":"https:\/\/www.mobilier-design-occasion.fr\/magazine\/mettez-vous-en-danger-avec-ce-mobilier-non-choisissez-lelegance-sure\/","og_locale":"fr_FR","og_type":"article","og_title":"Mettez-vous en danger avec ce mobilier ? non, choisissez l'\u00e9l\u00e9gance s\u00fbre ! - Mobilier Design Magazine","og_description":"Quand il s&#8217;agit de meubler son int\u00e9rieur, l&#8217;\u00e9l\u00e9gance et la qualit\u00e9 sont des crit\u00e8res essentiels pour de nombreux foyers. Le mobilier fran\u00e7ais se distingue justement par ces attributs, alliant savoir-faire traditionnel et design contemporain. Parmi les marques embl\u00e9matiques, Mobilier de France se fait une place de choix dans les habitations \u00e0 la recherche d&#8217;une ambiance [&hellip;]","og_url":"https:\/\/www.mobilier-design-occasion.fr\/magazine\/mettez-vous-en-danger-avec-ce-mobilier-non-choisissez-lelegance-sure\/","og_site_name":"Mobilier Design Magazine","article_publisher":"https:\/\/www.facebook.com\/mobilierdesignoccasion","article_published_time":"2024-01-28T17:16:00+00:00","article_modified_time":"2024-02-02T13:11:51+00:00","og_image":[{"width":949,"height":638,"url":"https:\/\/www.mobilier-design-occasion.fr\/magazine\/wp-content\/uploads\/2024\/02\/image-4.png","type":"image\/png"}],"author":"Cyrielle Poirot","twitter_card":"summary_large_image","twitter_misc":{"\u00c9crit par":"Cyrielle Poirot","Dur\u00e9e de lecture estim\u00e9e":"4 minutes"},"schema":{"@context":"https:\/\/schema.org","@graph":[{"@type":"Article","@id":"https:\/\/www.mobilier-design-occasion.fr\/magazine\/mettez-vous-en-danger-avec-ce-mobilier-non-choisissez-lelegance-sure\/#article","isPartOf":{"@id":"https:\/\/www.mobilier-design-occasion.fr\/magazine\/mettez-vous-en-danger-avec-ce-mobilier-non-choisissez-lelegance-sure\/"},"author":{"name":"Cyrielle Poirot","@id":"https:\/\/www.mobilier-design-occasion.fr\/magazine\/#\/schema\/person\/5b2e5627a714ddadaaf8c9b886c55eff"},"headline":"Mettez-vous en danger avec ce mobilier ? non, choisissez l&#8217;\u00e9l\u00e9gance s\u00fbre !","datePublished":"2024-01-28T17:16:00+00:00","dateModified":"2024-02-02T13:11:51+00:00","mainEntityOfPage":{"@id":"https:\/\/www.mobilier-design-occasion.fr\/magazine\/mettez-vous-en-danger-avec-ce-mobilier-non-choisissez-lelegance-sure\/"},"wordCount":895,"commentCount":0,"publisher":{"@id":"https:\/\/www.mobilier-design-occasion.fr\/magazine\/#organization"},"image":{"@id":"https:\/\/www.mobilier-design-occasion.fr\/magazine\/mettez-vous-en-danger-avec-ce-mobilier-non-choisissez-lelegance-sure\/#primaryimage"},"thumbnailUrl":"https:\/\/www.mobilier-design-occasion.fr\/magazine\/wp-content\/uploads\/2024\/02\/image-4.png","keywords":["bois","fauteuil","mobilier de france","occasion"],"articleSection":["Tendances"],"inLanguage":"fr-FR","potentialAction":[{"@type":"CommentAction","name":"Comment","target":["https:\/\/www.mobilier-design-occasion.fr\/magazine\/mettez-vous-en-danger-avec-ce-mobilier-non-choisissez-lelegance-sure\/#respond"]}]},{"@type":"WebPage","@id":"https:\/\/www.mobilier-design-occasion.fr\/magazine\/mettez-vous-en-danger-avec-ce-mobilier-non-choisissez-lelegance-sure\/","url":"https:\/\/www.mobilier-design-occasion.fr\/magazine\/mettez-vous-en-danger-avec-ce-mobilier-non-choisissez-lelegance-sure\/","name":"Mettez-vous en danger avec ce mobilier ? non, choisissez l'\u00e9l\u00e9gance s\u00fbre ! - Mobilier Design Magazine","isPartOf":{"@id":"https:\/\/www.mobilier-design-occasion.fr\/magazine\/#website"},"primaryImageOfPage":{"@id":"https:\/\/www.mobilier-design-occasion.fr\/magazine\/mettez-vous-en-danger-avec-ce-mobilier-non-choisissez-lelegance-sure\/#primaryimage"},"image":{"@id":"https:\/\/www.mobilier-design-occasion.fr\/magazine\/mettez-vous-en-danger-avec-ce-mobilier-non-choisissez-lelegance-sure\/#primaryimage"},"thumbnailUrl":"https:\/\/www.mobilier-design-occasion.fr\/magazine\/wp-content\/uploads\/2024\/02\/image-4.png","datePublished":"2024-01-28T17:16:00+00:00","dateModified":"2024-02-02T13:11:51+00:00","breadcrumb":{"@id":"https:\/\/www.mobilier-design-occasion.fr\/magazine\/mettez-vous-en-danger-avec-ce-mobilier-non-choisissez-lelegance-sure\/#breadcrumb"},"inLanguage":"fr-FR","potentialAction":[{"@type":"ReadAction","target":["https:\/\/www.mobilier-design-occasion.fr\/magazine\/mettez-vous-en-danger-avec-ce-mobilier-non-choisissez-lelegance-sure\/"]}]},{"@type":"ImageObject","inLanguage":"fr-FR","@id":"https:\/\/www.mobilier-design-occasion.fr\/magazine\/mettez-vous-en-danger-avec-ce-mobilier-non-choisissez-lelegance-sure\/#primaryimage","url":"https:\/\/www.mobilier-design-occasion.fr\/magazine\/wp-content\/uploads\/2024\/02\/image-4.png","contentUrl":"https:\/\/www.mobilier-design-occasion.fr\/magazine\/wp-content\/uploads\/2024\/02\/image-4.png","width":949,"height":638},{"@type":"BreadcrumbList","@id":"https:\/\/www.mobilier-design-occasion.fr\/magazine\/mettez-vous-en-danger-avec-ce-mobilier-non-choisissez-lelegance-sure\/#breadcrumb","itemListElement":[{"@type":"ListItem","position":1,"name":"Accueil","item":"https:\/\/www.mobilier-design-occasion.fr\/magazine\/"},{"@type":"ListItem","position":2,"name":"Mettez-vous en danger avec ce mobilier ? non, choisissez l&rsquo;\u00e9l\u00e9gance s\u00fbre !"}]},{"@type":"WebSite","@id":"https:\/\/www.mobilier-design-occasion.fr\/magazine\/#website","url":"https:\/\/www.mobilier-design-occasion.fr\/magazine\/","name":"Mobilier Design Magazine","description":"","publisher":{"@id":"https:\/\/www.mobilier-design-occasion.fr\/magazine\/#organization"},"potentialAction":[{"@type":"SearchAction","target":{"@type":"EntryPoint","urlTemplate":"https:\/\/www.mobilier-design-occasion.fr\/magazine\/?s={search_term_string}"},"query-input":{"@type":"PropertyValueSpecification","valueRequired":true,"valueName":"search_term_string"}}],"inLanguage":"fr-FR"},{"@type":"Organization","@id":"https:\/\/www.mobilier-design-occasion.fr\/magazine\/#organization","name":"Mobilier Design Magazine","url":"https:\/\/www.mobilier-design-occasion.fr\/magazine\/","logo":{"@type":"ImageObject","inLanguage":"fr-FR","@id":"https:\/\/www.mobilier-design-occasion.fr\/magazine\/#\/schema\/logo\/image\/","url":"https:\/\/www.mobilier-design-occasion.fr\/magazine\/wp-content\/uploads\/2024\/02\/android-chrome-192x192-1.png","contentUrl":"https:\/\/www.mobilier-design-occasion.fr\/magazine\/wp-content\/uploads\/2024\/02\/android-chrome-192x192-1.png","width":192,"height":192,"caption":"Mobilier Design Magazine"},"image":{"@id":"https:\/\/www.mobilier-design-occasion.fr\/magazine\/#\/schema\/logo\/image\/"},"sameAs":["https:\/\/www.facebook.com\/mobilierdesignoccasion"]},{"@type":"Person","@id":"https:\/\/www.mobilier-design-occasion.fr\/magazine\/#\/schema\/person\/5b2e5627a714ddadaaf8c9b886c55eff","name":"Cyrielle Poirot","image":{"@type":"ImageObject","inLanguage":"fr-FR","@id":"https:\/\/secure.gravatar.com\/avatar\/c8d2674e093b06894d8d1dc468b626bd752523471f3ac6e75f7c7a1400d40b4d?s=96&d=mm&r=g","url":"https:\/\/secure.gravatar.com\/avatar\/c8d2674e093b06894d8d1dc468b626bd752523471f3ac6e75f7c7a1400d40b4d?s=96&d=mm&r=g","contentUrl":"https:\/\/secure.gravatar.com\/avatar\/c8d2674e093b06894d8d1dc468b626bd752523471f3ac6e75f7c7a1400d40b4d?s=96&d=mm&r=g","caption":"Cyrielle Poirot"},"description":"Cyrielle est passionn\u00e9e par la d\u00e9coration d'int\u00e9rieur et s'est sp\u00e9cialis\u00e9e depuis quelques ann\u00e9es dans l'\u00e9dition du site Mobilier-Design, avec une touche sp\u00e9cifique pour les produits d'occasion.","sameAs":["https:\/\/www.mobilier-design-occasion.fr\/magazine"],"url":"https:\/\/www.mobilier-design-occasion.fr\/magazine\/author\/cyrielle\/"}]}},"_links":{"self":[{"href":"https:\/\/www.mobilier-design-occasion.fr\/magazine\/wp-json\/wp\/v2\/posts\/7472","targetHints":{"allow":["GET"]}}],"collection":[{"href":"https:\/\/www.mobilier-design-occasion.fr\/magazine\/wp-json\/wp\/v2\/posts"}],"about":[{"href":"https:\/\/www.mobilier-design-occasion.fr\/magazine\/wp-json\/wp\/v2\/types\/post"}],"author":[{"embeddable":true,"href":"https:\/\/www.mobilier-design-occasion.fr\/magazine\/wp-json\/wp\/v2\/users\/1"}],"replies":[{"embeddable":true,"href":"https:\/\/www.mobilier-design-occasion.fr\/magazine\/wp-json\/wp\/v2\/comments?post=7472"}],"version-history":[{"count":1,"href":"https:\/\/www.mobilier-design-occasion.fr\/magazine\/wp-json\/wp\/v2\/posts\/7472\/revisions"}],"predecessor-version":[{"id":7500,"href":"https:\/\/www.mobilier-design-occasion.fr\/magazine\/wp-json\/wp\/v2\/posts\/7472\/revisions\/7500"}],"wp:featuredmedia":[{"embeddable":true,"href":"https:\/\/www.mobilier-design-occasion.fr\/magazine\/wp-json\/wp\/v2\/media\/7498"}],"wp:attachment":[{"href":"https:\/\/www.mobilier-design-occasion.fr\/magazine\/wp-json\/wp\/v2\/media?parent=7472"}],"wp:term":[{"taxonomy":"category","embeddable":true,"href":"https:\/\/www.mobilier-design-occasion.fr\/magazine\/wp-json\/wp\/v2\/categories?post=7472"},{"taxonomy":"post_tag","embeddable":true,"href":"https:\/\/www.mobilier-design-occasion.fr\/magazine\/wp-json\/wp\/v2\/tags?post=7472"}],"curies":[{"name":"wp","href":"https:\/\/api.w.org\/{rel}","templated":true}]}}