{"id":744,"date":"2021-04-15T14:58:51","date_gmt":"2021-04-15T14:58:51","guid":{"rendered":"https:\/\/www.mobilier-design-occasion.fr\/magazine\/?p=744"},"modified":"2021-04-15T14:58:52","modified_gmt":"2021-04-15T14:58:52","slug":"test-avis-sur-maison-du-monde","status":"publish","type":"post","link":"https:\/\/www.mobilier-design-occasion.fr\/magazine\/test-avis-sur-maison-du-monde\/","title":{"rendered":"Test &#038; avis sur Maison du monde"},"content":{"rendered":"\n<h2 class=\"wp-block-heading\"><span class=\"ez-toc-section\" id=\"Qui_est_Maison_du_monde\"><\/span>Qui est Maison du monde?<span class=\"ez-toc-section-end\"><\/span><\/h2><div id=\"ez-toc-container\" class=\"ez-toc-v2_0_82_2 counter-hierarchy ez-toc-counter ez-toc-grey ez-toc-container-direction\">\n<div class=\"ez-toc-title-container\">\n<span class=\"ez-toc-title-toggle\"><a href=\"#\" class=\"ez-toc-pull-right ez-toc-btn ez-toc-btn-xs ez-toc-btn-default ez-toc-toggle\" aria-label=\"Toggle Table of Content\"><span class=\"ez-toc-js-icon-con\"><span class=\"\"><span class=\"eztoc-hide\" style=\"display:none;\">Toggle<\/span><span class=\"ez-toc-icon-toggle-span\"><svg style=\"fill: #999;color:#999\" xmlns=\"http:\/\/www.w3.org\/2000\/svg\" class=\"list-377408\" width=\"20px\" height=\"20px\" viewBox=\"0 0 24 24\" fill=\"none\"><path d=\"M6 6H4v2h2V6zm14 0H8v2h12V6zM4 11h2v2H4v-2zm16 0H8v2h12v-2zM4 16h2v2H4v-2zm16 0H8v2h12v-2z\" fill=\"currentColor\"><\/path><\/svg><svg style=\"fill: #999;color:#999\" class=\"arrow-unsorted-368013\" xmlns=\"http:\/\/www.w3.org\/2000\/svg\" width=\"10px\" height=\"10px\" viewBox=\"0 0 24 24\" version=\"1.2\" baseProfile=\"tiny\"><path d=\"M18.2 9.3l-6.2-6.3-6.2 6.3c-.2.2-.3.4-.3.7s.1.5.3.7c.2.2.4.3.7.3h11c.3 0 .5-.1.7-.3.2-.2.3-.5.3-.7s-.1-.5-.3-.7zM5.8 14.7l6.2 6.3 6.2-6.3c.2-.2.3-.5.3-.7s-.1-.5-.3-.7c-.2-.2-.4-.3-.7-.3h-11c-.3 0-.5.1-.7.3-.2.2-.3.5-.3.7s.1.5.3.7z\"\/><\/svg><\/span><\/span><\/span><\/a><\/span><\/div>\n<nav><ul class='ez-toc-list ez-toc-list-level-1 eztoc-toggle-hide-by-default' ><li class='ez-toc-page-1 ez-toc-heading-level-2'><a class=\"ez-toc-link ez-toc-heading-1\" href=\"https:\/\/www.mobilier-design-occasion.fr\/magazine\/test-avis-sur-maison-du-monde\/#Qui_est_Maison_du_monde\" >Qui est Maison du monde?<\/a><\/li><li class='ez-toc-page-1 ez-toc-heading-level-2'><a class=\"ez-toc-link ez-toc-heading-2\" href=\"https:\/\/www.mobilier-design-occasion.fr\/magazine\/test-avis-sur-maison-du-monde\/#Les_coordonnees_de_Maison_du_monde\" >Les coordonn\u00e9es de Maison du monde<\/a><\/li><li class='ez-toc-page-1 ez-toc-heading-level-2'><a class=\"ez-toc-link ez-toc-heading-3\" href=\"https:\/\/www.mobilier-design-occasion.fr\/magazine\/test-avis-sur-maison-du-monde\/#La_promesse\" >La promesse<\/a><\/li><li class='ez-toc-page-1 ez-toc-heading-level-2'><a class=\"ez-toc-link ez-toc-heading-4\" href=\"https:\/\/www.mobilier-design-occasion.fr\/magazine\/test-avis-sur-maison-du-monde\/#Les_magasins_Maison_du_monde\" >Les magasins Maison du monde<\/a><\/li><li class='ez-toc-page-1 ez-toc-heading-level-2'><a class=\"ez-toc-link ez-toc-heading-5\" href=\"https:\/\/www.mobilier-design-occasion.fr\/magazine\/test-avis-sur-maison-du-monde\/#Les_avis_clients_sur_Maison_du_monde\" >Les avis clients sur Maison du monde<\/a><ul class='ez-toc-list-level-3' ><li class='ez-toc-heading-level-3'><a class=\"ez-toc-link ez-toc-heading-6\" href=\"https:\/\/www.mobilier-design-occasion.fr\/magazine\/test-avis-sur-maison-du-monde\/#Plutot_negatif\" >Plut\u00f4t n\u00e9gatif:<\/a><\/li><li class='ez-toc-page-1 ez-toc-heading-level-3'><a class=\"ez-toc-link ez-toc-heading-7\" href=\"https:\/\/www.mobilier-design-occasion.fr\/magazine\/test-avis-sur-maison-du-monde\/#Plutot_positif\" >Plut\u00f4t positif:<\/a><\/li><\/ul><\/li><li class='ez-toc-page-1 ez-toc-heading-level-2'><a class=\"ez-toc-link ez-toc-heading-8\" href=\"https:\/\/www.mobilier-design-occasion.fr\/magazine\/test-avis-sur-maison-du-monde\/#Lavis_de_la_redaction_sur_Maison_du_monde\" >L&#8217;avis de la r\u00e9daction sur Maison du monde<\/a><ul class='ez-toc-list-level-3' ><li class='ez-toc-heading-level-3'><a class=\"ez-toc-link ez-toc-heading-9\" href=\"https:\/\/www.mobilier-design-occasion.fr\/magazine\/test-avis-sur-maison-du-monde\/#Prix_du_produit\" >Prix du produit<\/a><\/li><li class='ez-toc-page-1 ez-toc-heading-level-3'><a class=\"ez-toc-link ez-toc-heading-10\" href=\"https:\/\/www.mobilier-design-occasion.fr\/magazine\/test-avis-sur-maison-du-monde\/#Les_frais_de_livraison\" >Les frais de livraison<\/a><\/li><li class='ez-toc-page-1 ez-toc-heading-level-3'><a class=\"ez-toc-link ez-toc-heading-11\" href=\"https:\/\/www.mobilier-design-occasion.fr\/magazine\/test-avis-sur-maison-du-monde\/#Les_moyens_de_paiement\" >Les moyens de paiement<\/a><\/li><li class='ez-toc-page-1 ez-toc-heading-level-3'><a class=\"ez-toc-link ez-toc-heading-12\" href=\"https:\/\/www.mobilier-design-occasion.fr\/magazine\/test-avis-sur-maison-du-monde\/#Service_apres_vente\" >Service apr\u00e8s vente<\/a><\/li><li class='ez-toc-page-1 ez-toc-heading-level-3'><a class=\"ez-toc-link ez-toc-heading-13\" href=\"https:\/\/www.mobilier-design-occasion.fr\/magazine\/test-avis-sur-maison-du-monde\/#Les_garanties\" >Les garanties<\/a><\/li><li class='ez-toc-page-1 ez-toc-heading-level-3'><a class=\"ez-toc-link ez-toc-heading-14\" href=\"https:\/\/www.mobilier-design-occasion.fr\/magazine\/test-avis-sur-maison-du-monde\/#Quest-ce_qui_nous_manque\" >Qu&#8217;est-ce qui nous manque?<\/a><\/li><\/ul><\/li><\/ul><\/nav><\/div>\n\n\n\n\n<div class=\"wp-block-image\"><figure class=\"alignleft size-large\"><img loading=\"lazy\" decoding=\"async\" width=\"153\" height=\"70\" src=\"https:\/\/www.mobilier-design-occasion.fr\/magazine\/wp-content\/uploads\/2021\/04\/2-14.jpg\" alt=\"\" class=\"wp-image-824\" srcset=\"https:\/\/www.mobilier-design-occasion.fr\/magazine\/wp-content\/uploads\/2021\/04\/2-14.jpg 153w, https:\/\/www.mobilier-design-occasion.fr\/magazine\/wp-content\/uploads\/2021\/04\/2-14-150x70.jpg 150w\" sizes=\"auto, (max-width: 153px) 100vw, 153px\" \/><\/figure><\/div>\n\n\n\n<p>Depuis sa cr\u00e9ation en 1996, Maison du monde ne cesse de s&#8217;\u00e9panouir, ils cr\u00e9ent et vendent diff\u00e9rents styles de mobiliers et d&#8217;accessoires de d\u00e9corations pour l&#8217;int\u00e9rieur et l&#8217;<a href=\"https:\/\/www.mobilier-design-occasion.fr\/magazine\/fermob-occasion\/\">ext\u00e9rieur<\/a> de votre maison.  Ils produisent \u00e9galement des textiles. Maison du monde est aussi une fondation<\/p>\n\n\n\n<h2 class=\"wp-block-heading\"><span class=\"ez-toc-section\" id=\"Les_coordonnees_de_Maison_du_monde\"><\/span>Les coordonn\u00e9es de Maison du monde<span class=\"ez-toc-section-end\"><\/span><\/h2>\n\n\n\n<div class=\"wp-block-image\"><figure class=\"aligncenter size-large\"><img loading=\"lazy\" decoding=\"async\" width=\"428\" height=\"302\" src=\"https:\/\/www.mobilier-design-occasion.fr\/magazine\/wp-content\/uploads\/2021\/04\/7-12.jpg\" alt=\"\" class=\"wp-image-827\" srcset=\"https:\/\/www.mobilier-design-occasion.fr\/magazine\/wp-content\/uploads\/2021\/04\/7-12.jpg 428w, https:\/\/www.mobilier-design-occasion.fr\/magazine\/wp-content\/uploads\/2021\/04\/7-12-300x212.jpg 300w\" sizes=\"auto, (max-width: 428px) 100vw, 428px\" \/><figcaption>Illustration maisonsdumonde.com<\/figcaption><\/figure><\/div>\n\n\n\n<p>Depuis sa cr\u00e9ation, Maison du monde s&#8217;est implant\u00e9 dans plusieurs pays et dispose de nombreux magasins et franchises. En plus de leurs magasins, leur site internet https:\/\/www.maisonsdumonde.com\/ joue \u00e9galement un r\u00f4le important dans sa force de vente. <\/p>\n\n\n\n<p><strong>La marketplace<\/strong><\/p>\n\n\n\n<p>Oui, Maison du monde est aussi une marketplace. Des vendeurs professionnels s\u00e9lectionn\u00e9s proposent leurs articles sur le site. Vous aurez donc, en plus, des articles Maison du monde, d&#8217;autres produits de vendeurs professionnels.<\/p>\n\n\n\n<h2 class=\"wp-block-heading\"><span class=\"ez-toc-section\" id=\"La_promesse\"><\/span>La promesse<span class=\"ez-toc-section-end\"><\/span><\/h2>\n\n\n\n<div class=\"wp-block-image\"><figure class=\"alignleft size-large is-resized\"><img loading=\"lazy\" decoding=\"async\" src=\"https:\/\/www.mobilier-design-occasion.fr\/magazine\/wp-content\/uploads\/2021\/04\/5-14.jpg\" alt=\"\" class=\"wp-image-829\" width=\"199\" height=\"268\"\/><figcaption>Illustration maisonsdumonde.com<\/figcaption><\/figure><\/div>\n\n\n\n<p><strong>Du <a href=\"https:\/\/www.mobilier-design-occasion.fr\/magazine\/table-tulipe-knoll-indemodable-du-design\/\">design<\/a> haut de gamme<\/strong><br>Les stylistes de Maison du monde cr\u00e9ent des mobiliers de qualit\u00e9 r\u00e9pondant aux exigences des clients.<\/p>\n\n\n\n<p><strong>Une collection mis \u00e0 jour<\/strong><br>Maison du monde met constamment \u00e0 jour ses collections, que ce soit sur les mobiliers, les accessoires ou les textiles.<\/p>\n\n\n\n<p><strong>Une production \u00e9cologique<\/strong><br>Maison du monde s&#8217;engage \u00e0 r\u00e9aliser des meubles qui respectent l&#8217;environnement.<\/p>\n\n\n\n<h2 class=\"wp-block-heading\"><span class=\"ez-toc-section\" id=\"Les_magasins_Maison_du_monde\"><\/span>Les magasins Maison du monde<span class=\"ez-toc-section-end\"><\/span><\/h2>\n\n\n\n<div class=\"wp-block-image\"><figure class=\"alignleft size-large\"><img loading=\"lazy\" decoding=\"async\" width=\"396\" height=\"260\" src=\"https:\/\/www.mobilier-design-occasion.fr\/magazine\/wp-content\/uploads\/2021\/04\/9-8.jpg\" alt=\"\" class=\"wp-image-831\" srcset=\"https:\/\/www.mobilier-design-occasion.fr\/magazine\/wp-content\/uploads\/2021\/04\/9-8.jpg 396w, https:\/\/www.mobilier-design-occasion.fr\/magazine\/wp-content\/uploads\/2021\/04\/9-8-300x197.jpg 300w\" sizes=\"auto, (max-width: 396px) 100vw, 396px\" \/><\/figure><\/div>\n\n\n\n<p>Depuis plus de 20 ans, Magasin du monde s&#8217;est beaucoup d\u00e9velopp\u00e9. A part ses 14 sites e-commerces, Maison du monde est pr\u00e9sent dans 12 pays du monde dont 9 pays o\u00f9 ils poss\u00e8dent \u00e0 la fois un r\u00e9seau de magasins et des sites de e-commerce : <a href=\"https:\/\/www.mobilier-design-occasion.fr\/magazine\/test-avis-sur-ripaton\/\">France<\/a>, <a href=\"https:\/\/www.mobilier-design-occasion.fr\/magazine\/test-avis-sur-poltronesofa\/\">Italie<\/a>, Espagne, Belgique, Luxembourg, Allemagne, Suisse, Portugal et \u00c9tats-Unis et 3 pays o\u00f9 ils sont pr\u00e9sents en \u00ab pure player \u00bb e-commerce :\u00a0Pays-Bas, Royaume-Uni, Autriche. Ils ont \u00e9galement la Franchise \u00e0 l\u2019international : 2 \u00e0 La R\u00e9union, 1 au Maroc, 2 \u00e0 Duba\u00ef, 1 au Quatar et 1 en Martinique.<\/p>\n\n\n\n<p><\/p>\n\n\n\n<h2 class=\"wp-block-heading\"><span class=\"ez-toc-section\" id=\"Les_avis_clients_sur_Maison_du_monde\"><\/span>Les avis clients sur Maison du monde<span class=\"ez-toc-section-end\"><\/span><\/h2>\n\n\n\n<div class=\"wp-block-image\"><figure class=\"alignleft size-large\"><img loading=\"lazy\" decoding=\"async\" width=\"280\" height=\"107\" src=\"https:\/\/www.mobilier-design-occasion.fr\/magazine\/wp-content\/uploads\/2021\/04\/11-7.jpg\" alt=\"\" class=\"wp-image-844\"\/><figcaption>Google <\/figcaption><\/figure><\/div>\n\n\n\n<p>Que pensent les clients du site Maison du monde?<br>Pour le magasin de Perpignan, leur note est de 4\/5 sur Google, ce qui est une bonne note. Mais analysons cela en d\u00e9tail:<\/p>\n\n\n\n<p><\/p>\n\n\n\n<h3 class=\"wp-block-heading\"><span class=\"ez-toc-section\" id=\"Plutot_negatif\"><\/span><strong>Plut\u00f4t n\u00e9gatif:<\/strong><span class=\"ez-toc-section-end\"><\/span><\/h3>\n\n\n\n<ul class=\"wp-block-list\"><li><strong>Le prix : <\/strong>prix assez \u00e9lev\u00e9 selon certains clients<\/li><\/ul>\n\n\n\n<blockquote class=\"wp-block-quote is-layout-flow wp-block-quote-is-layout-flow\"><p>Trop cher pour beaucoup d&#8217;articles \u00b0<\/p><cite><a href=\"https:\/\/www.google.com\/maps\/contrib\/109730366118619549200?hl=fr-MG&amp;sa=X&amp;ved=2ahUKEwjZ0-jFtIDwAhUBxhoKHSceBYEQvvQBegQIARA7\">Christiane Vizuete<\/a><\/cite><\/blockquote>\n\n\n\n<ul class=\"wp-block-list\"><li><strong>La livraison<\/strong> : des clients se plaignent de la mani\u00e8re dont les transporteurs fonctionnent.<\/li><li><strong>Logistique<\/strong> : des soucis de logistique au niveau des stocks<\/li><\/ul>\n\n\n\n<blockquote class=\"wp-block-quote is-layout-flow wp-block-quote-is-layout-flow\"><p> Du choix et des tendances actuelles. Personnel tr\u00e8s sympathique, d\u00e9vou\u00e9. Attention \u00e0 la livraison suivant les transporteurs. Le premier a pris soin de laisser v\u00e9rifier les colis et a d\u00e9barrass\u00e9 les cartons, le second d\u00e9pose sur le pas de porte et c&#8217;est tout. Dans ces deux livraisons distinctes, un petit b\u00e9mol: deux tables livr\u00e9es avec de l\u00e9gers chocs toutefois, rien de bien grave mais bon&#8230;le petit d\u00e9tail qui f\u00e2che li\u00e9 \u00e0 une logistique approximative.<\/p><cite><a href=\"https:\/\/www.google.com\/maps\/contrib\/105638318066500291056?hl=fr-MG&amp;sa=X&amp;ved=2ahUKEwjnh4PqtYDwAhUOKBoKHVesDukQvvQBegQIARAk\">jillow jillow<\/a><\/cite><\/blockquote>\n\n\n\n<blockquote class=\"wp-block-quote is-layout-flow wp-block-quote-is-layout-flow\"><p> Ce magasin a de tr\u00e8s belle d\u00e9corations et meubles &#8230;&#8230; le gros gros soucis c est au niveau logistique lorsque vous \u00eates oblig\u00e9 de command\u00e9s car ils ne l ont pas en stock&#8230; manque total d organisation entre le si\u00e8ge le magasin et le transporteur&#8230;&#8230;. r\u00e9fl\u00e9chissez avant de passez commande<\/p><cite><a href=\"https:\/\/www.google.com\/maps\/contrib\/107211418170591218341?hl=fr-MG&amp;sa=X&amp;ved=2ahUKEwjZ0-jFtIDwAhUBxhoKHSceBYEQvvQBegQIARBE\">Marie Guichaux<\/a><\/cite><\/blockquote>\n\n\n\n<h3 class=\"wp-block-heading\"><span class=\"ez-toc-section\" id=\"Plutot_positif\"><\/span>Plut\u00f4t positif:<span class=\"ez-toc-section-end\"><\/span><\/h3>\n\n\n\n<ul class=\"wp-block-list\"><li><strong>Le magasin<\/strong> : beaucoup de clients admirent la d\u00e9co et l&#8217;ambiance du magasin <\/li><\/ul>\n\n\n\n<blockquote class=\"wp-block-quote is-layout-flow wp-block-quote-is-layout-flow\"><p>Tr\u00e8s beau magasin, bien agenc\u00e9 avec pour la d\u00e9co des objets que l&#8217;on ne s&#8217;attend pas \u00e0 voir plus inventif les uns que les autre.1\u00e8re fois que j&#8217;allais dans cette enseigne<\/p><cite><a href=\"https:\/\/www.google.com\/maps\/contrib\/109247164256014337459?hl=fr-MG&amp;sa=X&amp;ved=2ahUKEwj7zISuvoDwAhUMtRoKHdR3C6cQvvQBegQIARAg\">Philippe Bernard<\/a><\/cite><\/blockquote>\n\n\n\n<blockquote class=\"wp-block-quote is-layout-flow wp-block-quote-is-layout-flow\"><p>Super magasin ont trouve de tout et magasin tr\u00e8s chic et bien d\u00e9cor\u00e9 selon les th\u00e8mes<\/p><cite><a href=\"https:\/\/www.google.com\/maps\/contrib\/116543285419776121029?hl=fr-MG&amp;sa=X&amp;ved=2ahUKEwj7zISuvoDwAhUMtRoKHdR3C6cQvvQBegQIARAp\">mohamed ouargli<\/a><\/cite><\/blockquote>\n\n\n\n<ul class=\"wp-block-list\"><li><strong>Exp\u00e9dition<\/strong> : dans la plupart des cas, l&#8217;exp\u00e9dition est rapide, et l&#8217;emballage est correcte. Le produit arrive intact. <\/li><li><strong>Produits<\/strong> : la majorit\u00e9 des clients sont tr\u00e8s satisfaits de leurs achats chez Maison du monde<\/li><\/ul>\n\n\n\n<blockquote class=\"wp-block-quote is-layout-flow wp-block-quote-is-layout-flow\"><p>Il y a 10 jours j\u2019ai pass\u00e9 une commande de nombreux meubles et d\u00e9co : vendeuse tr\u00e8s professionnelle et sympathique ! Aujourd\u2019hui tout a \u00e9t\u00e9 livr\u00e9 par une \u00e9quipe de livreurs tr\u00e8s dynamiques et consciencieux ! Tout est arriv\u00e9 super bien emball\u00e9 et de tr\u00e8s bonne qualit\u00e9. Je suis hyper contente. Et le r\u00e9sultat : PARFAIT \ud83d\udc4d Je recommande vivement : MAISON DU MONDE PERPIGNAN !!!! Merci \u00e0 vous tous&#8230;. Et \u00e0 bient\u00f4t<\/p><cite><a href=\"https:\/\/www.google.com\/maps\/contrib\/101866758790289559500?hl=fr-MG&amp;sa=X&amp;ved=2ahUKEwiZ-_exv4DwAhVF9IUKHd9UAXwQvvQBegQIARAn\">Isabelle BLANSCHE BUCHERT<\/a><\/cite><\/blockquote>\n\n\n\n<h2 class=\"wp-block-heading\"><span class=\"ez-toc-section\" id=\"Lavis_de_la_redaction_sur_Maison_du_monde\"><\/span>L&#8217;avis de la r\u00e9daction sur Maison du monde<span class=\"ez-toc-section-end\"><\/span><\/h2>\n\n\n\n<h3 class=\"wp-block-heading\"><span class=\"ez-toc-section\" id=\"Prix_du_produit\"><\/span>Prix du produit<span class=\"ez-toc-section-end\"><\/span><\/h3>\n\n\n\n<div class=\"wp-block-image\"><figure class=\"alignleft size-large is-resized\"><img loading=\"lazy\" decoding=\"async\" src=\"https:\/\/www.mobilier-design-occasion.fr\/magazine\/wp-content\/uploads\/2021\/04\/10-9.jpg\" alt=\"\" class=\"wp-image-834\" width=\"134\" height=\"63\"\/><figcaption>Exemple de prix<\/figcaption><\/figure><\/div>\n\n\n\n<p>Le prix du produit c&#8217;est le nerf de la guerre. Le prix des articles Maison du monde varient d&#8217;une vingtaine d&#8217;euro \u00e0 quelques milliers d&#8217;euros. Par contre, pour le prix des articles venant d&#8217;autres vendeurs, Maison du monde laisse ses derniers en d\u00e9cider.<\/p>\n\n\n\n<h3 class=\"wp-block-heading\"><span class=\"ez-toc-section\" id=\"Les_frais_de_livraison\"><\/span>Les frais de livraison<span class=\"ez-toc-section-end\"><\/span><\/h3>\n\n\n\n<div class=\"wp-block-image\"><figure class=\"alignleft size-large is-resized\"><img loading=\"lazy\" decoding=\"async\" src=\"https:\/\/www.mobilier-design-occasion.fr\/magazine\/wp-content\/uploads\/2021\/04\/3-11.jpg\" alt=\"\" class=\"wp-image-837\" width=\"113\" height=\"110\"\/><figcaption>Exemple de frais de livraison<\/figcaption><\/figure><\/div>\n\n\n\n<p>Les frais de livraison d&#8217;un article Maison du monde varient selon le pays de livraison, la localit\u00e9 ainsi que les cat\u00e9gories d&#8217;articles command\u00e9s. Les frais de livraison d&#8217;un article Marketplace, quant \u00e0 eux,  sont calcul\u00e9s en fonction de la nature et du nombre d&#8217;articles command\u00e9s, mais \u00e9galement du lieu et des modalit\u00e9s de livraison.<\/p>\n\n\n\n<p><\/p>\n\n\n\n<h3 class=\"wp-block-heading\"><span class=\"ez-toc-section\" id=\"Les_moyens_de_paiement\"><\/span>Les moyens de paiement<span class=\"ez-toc-section-end\"><\/span><\/h3>\n\n\n\n<figure class=\"wp-block-image size-large\"><img loading=\"lazy\" decoding=\"async\" width=\"423\" height=\"47\" src=\"https:\/\/www.mobilier-design-occasion.fr\/magazine\/wp-content\/uploads\/2021\/04\/Capture-12.jpg\" alt=\"\" class=\"wp-image-839\" srcset=\"https:\/\/www.mobilier-design-occasion.fr\/magazine\/wp-content\/uploads\/2021\/04\/Capture-12.jpg 423w, https:\/\/www.mobilier-design-occasion.fr\/magazine\/wp-content\/uploads\/2021\/04\/Capture-12-300x33.jpg 300w\" sizes=\"auto, (max-width: 423px) 100vw, 423px\" \/><\/figure>\n\n\n\n<p>Maison du monde propose plusieurs options de paiement en ligne : paiement par carte bancaire, par virement bancaire, par carte <a href=\"https:\/\/www.mobilier-design-occasion.fr\/magazine\/collection-fete-des-meres-my-jolie-candle\/\">cadeau<\/a>, par avoir, avec paypal et gr\u00e2ce \u00e0 la collaboration avec Cetelem, les clients ont la possibilit\u00e9 de payer en 4 foix sans frais ses achats compris entre 90\u20ac et 3.000\u20ac. Les clients peuvent \u00e9galement faire un achat via un cr\u00e9dit classique avec Cetelem Presto pour les achats compris entre 150\u20ac et 16.000\u20ac. <\/p>\n\n\n\n<h3 class=\"wp-block-heading\"><span class=\"ez-toc-section\" id=\"Service_apres_vente\"><\/span>Service apr\u00e8s vente<span class=\"ez-toc-section-end\"><\/span><\/h3>\n\n\n\n<figure class=\"wp-block-image size-large\"><img loading=\"lazy\" decoding=\"async\" width=\"230\" height=\"75\" src=\"https:\/\/www.mobilier-design-occasion.fr\/magazine\/wp-content\/uploads\/2021\/04\/1-12.jpg\" alt=\"\" class=\"wp-image-840\"\/><\/figure>\n\n\n\n<div class=\"wp-block-image\"><figure class=\"alignleft size-large\"><img loading=\"lazy\" decoding=\"async\" width=\"159\" height=\"106\" src=\"https:\/\/www.mobilier-design-occasion.fr\/magazine\/wp-content\/uploads\/2021\/04\/8-11.jpg\" alt=\"\" class=\"wp-image-841\"\/><\/figure><\/div>\n\n\n\n<p>Pour avois de plus amples informations concernant un produit ou pour faire une r\u00e9clamation, vous pouvez joindre le service client de Maison du monde en appelant directement le <a href=\"tel:0033251711717\">+33 (0) 2 51 71 17 17<\/a> ou au 08 05 98 12 84 ou remplissant le formulaire inscrit sur https:\/\/corporate.maisonsdumonde.com\/fr\/contact-form<\/p>\n\n\n\n<h3 class=\"wp-block-heading\"><span class=\"ez-toc-section\" id=\"Les_garanties\"><\/span>Les garanties<span class=\"ez-toc-section-end\"><\/span><\/h3>\n\n\n\n<p>Selon le site : des offres uniques, un <a href=\"https:\/\/www.mobilier-design-occasion.fr\/magazine\/test-avis-sur-deco-in-paris\/\">prix abordable<\/a>, diff\u00e9rents modes de livraison pour chaque produits, un service client de qualit\u00e9<\/p>\n\n\n\n<p>Il faut quand m\u00eame revoir les stocks disponibles ainsi que le soucis des clients avec le transporteur.<\/p>\n\n\n\n<h3 class=\"wp-block-heading\"><span class=\"ez-toc-section\" id=\"Quest-ce_qui_nous_manque\"><\/span>Qu&#8217;est-ce qui nous manque?<span class=\"ez-toc-section-end\"><\/span><\/h3>\n\n\n\n<ul class=\"wp-block-list\"><li>une histoire ou une anecdote sur les produits en plus de la simple description technique<\/li><li>un service apr\u00e8s vente de qualit\u00e9 et r\u00e9actif<\/li><li>la possibilit\u00e9 de (re)vendre en tant que particulier<\/li><li>un contr\u00f4le qualit\u00e9 sur les prix<\/li><li>un syst\u00e8me d&#8217;alerte<\/li><\/ul>\n\n\n\n<p><\/p>\n","protected":false},"excerpt":{"rendered":"<p>Qui est Maison du monde? Depuis sa cr\u00e9ation en 1996, Maison du monde ne cesse de s&#8217;\u00e9panouir, ils cr\u00e9ent et vendent diff\u00e9rents styles de mobiliers et d&#8217;accessoires de d\u00e9corations pour l&#8217;int\u00e9rieur et l&#8217;ext\u00e9rieur de votre maison. Ils produisent \u00e9galement des textiles. Maison du monde est aussi une fondation Les coordonn\u00e9es de Maison du monde Depuis [&hellip;]<\/p>\n","protected":false},"author":1,"featured_media":847,"comment_status":"open","ping_status":"open","sticky":false,"template":"","format":"standard","meta":{"footnotes":""},"categories":[8],"tags":[],"class_list":["post-744","post","type-post","status-publish","format-standard","has-post-thumbnail","hentry","category-avis"],"yoast_head":"<!-- This site is optimized with the Yoast SEO plugin v27.5 - https:\/\/yoast.com\/product\/yoast-seo-wordpress\/ -->\n<title>Test &amp; avis sur Maison du monde - Mobilier Design Magazine<\/title>\n<meta name=\"robots\" content=\"index, follow, max-snippet:-1, max-image-preview:large, max-video-preview:-1\" \/>\n<link rel=\"canonical\" href=\"https:\/\/www.mobilier-design-occasion.fr\/magazine\/test-avis-sur-maison-du-monde\/\" \/>\n<meta property=\"og:locale\" content=\"fr_FR\" \/>\n<meta property=\"og:type\" content=\"article\" \/>\n<meta property=\"og:title\" content=\"Test &amp; avis sur Maison du monde - Mobilier Design Magazine\" \/>\n<meta property=\"og:description\" content=\"Qui est Maison du monde? Depuis sa cr\u00e9ation en 1996, Maison du monde ne cesse de s&#8217;\u00e9panouir, ils cr\u00e9ent et vendent diff\u00e9rents styles de mobiliers et d&#8217;accessoires de d\u00e9corations pour l&#8217;int\u00e9rieur et l&#8217;ext\u00e9rieur de votre maison. Ils produisent \u00e9galement des textiles. Maison du monde est aussi une fondation Les coordonn\u00e9es de Maison du monde Depuis [&hellip;]\" \/>\n<meta property=\"og:url\" content=\"https:\/\/www.mobilier-design-occasion.fr\/magazine\/test-avis-sur-maison-du-monde\/\" \/>\n<meta property=\"og:site_name\" content=\"Mobilier Design Magazine\" \/>\n<meta property=\"article:publisher\" content=\"https:\/\/www.facebook.com\/mobilierdesignoccasion\" \/>\n<meta property=\"article:published_time\" content=\"2021-04-15T14:58:51+00:00\" \/>\n<meta property=\"article:modified_time\" content=\"2021-04-15T14:58:52+00:00\" \/>\n<meta property=\"og:image\" content=\"https:\/\/www.mobilier-design-occasion.fr\/magazine\/wp-content\/uploads\/2021\/04\/6-12.jpg\" \/>\n\t<meta property=\"og:image:width\" content=\"560\" \/>\n\t<meta property=\"og:image:height\" content=\"415\" \/>\n\t<meta property=\"og:image:type\" content=\"image\/jpeg\" \/>\n<meta name=\"author\" content=\"Cyrielle Poirot\" \/>\n<meta name=\"twitter:card\" content=\"summary_large_image\" \/>\n<meta name=\"twitter:label1\" content=\"\u00c9crit par\" \/>\n\t<meta name=\"twitter:data1\" content=\"Cyrielle Poirot\" \/>\n\t<meta name=\"twitter:label2\" content=\"Dur\u00e9e de lecture estim\u00e9e\" \/>\n\t<meta name=\"twitter:data2\" content=\"5 minutes\" \/>\n<script type=\"application\/ld+json\" class=\"yoast-schema-graph\">{\"@context\":\"https:\\\/\\\/schema.org\",\"@graph\":[{\"@type\":\"Article\",\"@id\":\"https:\\\/\\\/www.mobilier-design-occasion.fr\\\/magazine\\\/test-avis-sur-maison-du-monde\\\/#article\",\"isPartOf\":{\"@id\":\"https:\\\/\\\/www.mobilier-design-occasion.fr\\\/magazine\\\/test-avis-sur-maison-du-monde\\\/\"},\"author\":{\"name\":\"Cyrielle Poirot\",\"@id\":\"https:\\\/\\\/www.mobilier-design-occasion.fr\\\/magazine\\\/#\\\/schema\\\/person\\\/5b2e5627a714ddadaaf8c9b886c55eff\"},\"headline\":\"Test &#038; avis sur Maison du monde\",\"datePublished\":\"2021-04-15T14:58:51+00:00\",\"dateModified\":\"2021-04-15T14:58:52+00:00\",\"mainEntityOfPage\":{\"@id\":\"https:\\\/\\\/www.mobilier-design-occasion.fr\\\/magazine\\\/test-avis-sur-maison-du-monde\\\/\"},\"wordCount\":1073,\"commentCount\":2,\"publisher\":{\"@id\":\"https:\\\/\\\/www.mobilier-design-occasion.fr\\\/magazine\\\/#organization\"},\"image\":{\"@id\":\"https:\\\/\\\/www.mobilier-design-occasion.fr\\\/magazine\\\/test-avis-sur-maison-du-monde\\\/#primaryimage\"},\"thumbnailUrl\":\"https:\\\/\\\/www.mobilier-design-occasion.fr\\\/magazine\\\/wp-content\\\/uploads\\\/2021\\\/04\\\/6-12.jpg\",\"articleSection\":[\"Avis marques d\u00e9co\"],\"inLanguage\":\"fr-FR\",\"potentialAction\":[{\"@type\":\"CommentAction\",\"name\":\"Comment\",\"target\":[\"https:\\\/\\\/www.mobilier-design-occasion.fr\\\/magazine\\\/test-avis-sur-maison-du-monde\\\/#respond\"]}]},{\"@type\":\"WebPage\",\"@id\":\"https:\\\/\\\/www.mobilier-design-occasion.fr\\\/magazine\\\/test-avis-sur-maison-du-monde\\\/\",\"url\":\"https:\\\/\\\/www.mobilier-design-occasion.fr\\\/magazine\\\/test-avis-sur-maison-du-monde\\\/\",\"name\":\"Test & avis sur Maison du monde - Mobilier Design Magazine\",\"isPartOf\":{\"@id\":\"https:\\\/\\\/www.mobilier-design-occasion.fr\\\/magazine\\\/#website\"},\"primaryImageOfPage\":{\"@id\":\"https:\\\/\\\/www.mobilier-design-occasion.fr\\\/magazine\\\/test-avis-sur-maison-du-monde\\\/#primaryimage\"},\"image\":{\"@id\":\"https:\\\/\\\/www.mobilier-design-occasion.fr\\\/magazine\\\/test-avis-sur-maison-du-monde\\\/#primaryimage\"},\"thumbnailUrl\":\"https:\\\/\\\/www.mobilier-design-occasion.fr\\\/magazine\\\/wp-content\\\/uploads\\\/2021\\\/04\\\/6-12.jpg\",\"datePublished\":\"2021-04-15T14:58:51+00:00\",\"dateModified\":\"2021-04-15T14:58:52+00:00\",\"breadcrumb\":{\"@id\":\"https:\\\/\\\/www.mobilier-design-occasion.fr\\\/magazine\\\/test-avis-sur-maison-du-monde\\\/#breadcrumb\"},\"inLanguage\":\"fr-FR\",\"potentialAction\":[{\"@type\":\"ReadAction\",\"target\":[\"https:\\\/\\\/www.mobilier-design-occasion.fr\\\/magazine\\\/test-avis-sur-maison-du-monde\\\/\"]}]},{\"@type\":\"ImageObject\",\"inLanguage\":\"fr-FR\",\"@id\":\"https:\\\/\\\/www.mobilier-design-occasion.fr\\\/magazine\\\/test-avis-sur-maison-du-monde\\\/#primaryimage\",\"url\":\"https:\\\/\\\/www.mobilier-design-occasion.fr\\\/magazine\\\/wp-content\\\/uploads\\\/2021\\\/04\\\/6-12.jpg\",\"contentUrl\":\"https:\\\/\\\/www.mobilier-design-occasion.fr\\\/magazine\\\/wp-content\\\/uploads\\\/2021\\\/04\\\/6-12.jpg\",\"width\":560,\"height\":415},{\"@type\":\"BreadcrumbList\",\"@id\":\"https:\\\/\\\/www.mobilier-design-occasion.fr\\\/magazine\\\/test-avis-sur-maison-du-monde\\\/#breadcrumb\",\"itemListElement\":[{\"@type\":\"ListItem\",\"position\":1,\"name\":\"Accueil\",\"item\":\"https:\\\/\\\/www.mobilier-design-occasion.fr\\\/magazine\\\/\"},{\"@type\":\"ListItem\",\"position\":2,\"name\":\"Test &#038; avis sur Maison du monde\"}]},{\"@type\":\"WebSite\",\"@id\":\"https:\\\/\\\/www.mobilier-design-occasion.fr\\\/magazine\\\/#website\",\"url\":\"https:\\\/\\\/www.mobilier-design-occasion.fr\\\/magazine\\\/\",\"name\":\"Mobilier Design Magazine\",\"description\":\"\",\"publisher\":{\"@id\":\"https:\\\/\\\/www.mobilier-design-occasion.fr\\\/magazine\\\/#organization\"},\"potentialAction\":[{\"@type\":\"SearchAction\",\"target\":{\"@type\":\"EntryPoint\",\"urlTemplate\":\"https:\\\/\\\/www.mobilier-design-occasion.fr\\\/magazine\\\/?s={search_term_string}\"},\"query-input\":{\"@type\":\"PropertyValueSpecification\",\"valueRequired\":true,\"valueName\":\"search_term_string\"}}],\"inLanguage\":\"fr-FR\"},{\"@type\":\"Organization\",\"@id\":\"https:\\\/\\\/www.mobilier-design-occasion.fr\\\/magazine\\\/#organization\",\"name\":\"Mobilier Design Magazine\",\"url\":\"https:\\\/\\\/www.mobilier-design-occasion.fr\\\/magazine\\\/\",\"logo\":{\"@type\":\"ImageObject\",\"inLanguage\":\"fr-FR\",\"@id\":\"https:\\\/\\\/www.mobilier-design-occasion.fr\\\/magazine\\\/#\\\/schema\\\/logo\\\/image\\\/\",\"url\":\"https:\\\/\\\/www.mobilier-design-occasion.fr\\\/magazine\\\/wp-content\\\/uploads\\\/2024\\\/02\\\/android-chrome-192x192-1.png\",\"contentUrl\":\"https:\\\/\\\/www.mobilier-design-occasion.fr\\\/magazine\\\/wp-content\\\/uploads\\\/2024\\\/02\\\/android-chrome-192x192-1.png\",\"width\":192,\"height\":192,\"caption\":\"Mobilier Design Magazine\"},\"image\":{\"@id\":\"https:\\\/\\\/www.mobilier-design-occasion.fr\\\/magazine\\\/#\\\/schema\\\/logo\\\/image\\\/\"},\"sameAs\":[\"https:\\\/\\\/www.facebook.com\\\/mobilierdesignoccasion\"]},{\"@type\":\"Person\",\"@id\":\"https:\\\/\\\/www.mobilier-design-occasion.fr\\\/magazine\\\/#\\\/schema\\\/person\\\/5b2e5627a714ddadaaf8c9b886c55eff\",\"name\":\"Cyrielle Poirot\",\"image\":{\"@type\":\"ImageObject\",\"inLanguage\":\"fr-FR\",\"@id\":\"https:\\\/\\\/secure.gravatar.com\\\/avatar\\\/c8d2674e093b06894d8d1dc468b626bd752523471f3ac6e75f7c7a1400d40b4d?s=96&d=mm&r=g\",\"url\":\"https:\\\/\\\/secure.gravatar.com\\\/avatar\\\/c8d2674e093b06894d8d1dc468b626bd752523471f3ac6e75f7c7a1400d40b4d?s=96&d=mm&r=g\",\"contentUrl\":\"https:\\\/\\\/secure.gravatar.com\\\/avatar\\\/c8d2674e093b06894d8d1dc468b626bd752523471f3ac6e75f7c7a1400d40b4d?s=96&d=mm&r=g\",\"caption\":\"Cyrielle Poirot\"},\"description\":\"Cyrielle est passionn\u00e9e par la d\u00e9coration d'int\u00e9rieur et s'est sp\u00e9cialis\u00e9e depuis quelques ann\u00e9es dans l'\u00e9dition du site Mobilier-Design, avec une touche sp\u00e9cifique pour les produits d'occasion.\",\"sameAs\":[\"https:\\\/\\\/www.mobilier-design-occasion.fr\\\/magazine\"],\"url\":\"https:\\\/\\\/www.mobilier-design-occasion.fr\\\/magazine\\\/author\\\/cyrielle\\\/\"}]}<\/script>\n<!-- \/ Yoast SEO plugin. -->","yoast_head_json":{"title":"Test & avis sur Maison du monde - Mobilier Design Magazine","robots":{"index":"index","follow":"follow","max-snippet":"max-snippet:-1","max-image-preview":"max-image-preview:large","max-video-preview":"max-video-preview:-1"},"canonical":"https:\/\/www.mobilier-design-occasion.fr\/magazine\/test-avis-sur-maison-du-monde\/","og_locale":"fr_FR","og_type":"article","og_title":"Test & avis sur Maison du monde - Mobilier Design Magazine","og_description":"Qui est Maison du monde? Depuis sa cr\u00e9ation en 1996, Maison du monde ne cesse de s&#8217;\u00e9panouir, ils cr\u00e9ent et vendent diff\u00e9rents styles de mobiliers et d&#8217;accessoires de d\u00e9corations pour l&#8217;int\u00e9rieur et l&#8217;ext\u00e9rieur de votre maison. Ils produisent \u00e9galement des textiles. Maison du monde est aussi une fondation Les coordonn\u00e9es de Maison du monde Depuis [&hellip;]","og_url":"https:\/\/www.mobilier-design-occasion.fr\/magazine\/test-avis-sur-maison-du-monde\/","og_site_name":"Mobilier Design Magazine","article_publisher":"https:\/\/www.facebook.com\/mobilierdesignoccasion","article_published_time":"2021-04-15T14:58:51+00:00","article_modified_time":"2021-04-15T14:58:52+00:00","og_image":[{"width":560,"height":415,"url":"https:\/\/www.mobilier-design-occasion.fr\/magazine\/wp-content\/uploads\/2021\/04\/6-12.jpg","type":"image\/jpeg"}],"author":"Cyrielle Poirot","twitter_card":"summary_large_image","twitter_misc":{"\u00c9crit par":"Cyrielle Poirot","Dur\u00e9e de lecture estim\u00e9e":"5 minutes"},"schema":{"@context":"https:\/\/schema.org","@graph":[{"@type":"Article","@id":"https:\/\/www.mobilier-design-occasion.fr\/magazine\/test-avis-sur-maison-du-monde\/#article","isPartOf":{"@id":"https:\/\/www.mobilier-design-occasion.fr\/magazine\/test-avis-sur-maison-du-monde\/"},"author":{"name":"Cyrielle Poirot","@id":"https:\/\/www.mobilier-design-occasion.fr\/magazine\/#\/schema\/person\/5b2e5627a714ddadaaf8c9b886c55eff"},"headline":"Test &#038; avis sur Maison du monde","datePublished":"2021-04-15T14:58:51+00:00","dateModified":"2021-04-15T14:58:52+00:00","mainEntityOfPage":{"@id":"https:\/\/www.mobilier-design-occasion.fr\/magazine\/test-avis-sur-maison-du-monde\/"},"wordCount":1073,"commentCount":2,"publisher":{"@id":"https:\/\/www.mobilier-design-occasion.fr\/magazine\/#organization"},"image":{"@id":"https:\/\/www.mobilier-design-occasion.fr\/magazine\/test-avis-sur-maison-du-monde\/#primaryimage"},"thumbnailUrl":"https:\/\/www.mobilier-design-occasion.fr\/magazine\/wp-content\/uploads\/2021\/04\/6-12.jpg","articleSection":["Avis marques d\u00e9co"],"inLanguage":"fr-FR","potentialAction":[{"@type":"CommentAction","name":"Comment","target":["https:\/\/www.mobilier-design-occasion.fr\/magazine\/test-avis-sur-maison-du-monde\/#respond"]}]},{"@type":"WebPage","@id":"https:\/\/www.mobilier-design-occasion.fr\/magazine\/test-avis-sur-maison-du-monde\/","url":"https:\/\/www.mobilier-design-occasion.fr\/magazine\/test-avis-sur-maison-du-monde\/","name":"Test & avis sur Maison du monde - Mobilier Design Magazine","isPartOf":{"@id":"https:\/\/www.mobilier-design-occasion.fr\/magazine\/#website"},"primaryImageOfPage":{"@id":"https:\/\/www.mobilier-design-occasion.fr\/magazine\/test-avis-sur-maison-du-monde\/#primaryimage"},"image":{"@id":"https:\/\/www.mobilier-design-occasion.fr\/magazine\/test-avis-sur-maison-du-monde\/#primaryimage"},"thumbnailUrl":"https:\/\/www.mobilier-design-occasion.fr\/magazine\/wp-content\/uploads\/2021\/04\/6-12.jpg","datePublished":"2021-04-15T14:58:51+00:00","dateModified":"2021-04-15T14:58:52+00:00","breadcrumb":{"@id":"https:\/\/www.mobilier-design-occasion.fr\/magazine\/test-avis-sur-maison-du-monde\/#breadcrumb"},"inLanguage":"fr-FR","potentialAction":[{"@type":"ReadAction","target":["https:\/\/www.mobilier-design-occasion.fr\/magazine\/test-avis-sur-maison-du-monde\/"]}]},{"@type":"ImageObject","inLanguage":"fr-FR","@id":"https:\/\/www.mobilier-design-occasion.fr\/magazine\/test-avis-sur-maison-du-monde\/#primaryimage","url":"https:\/\/www.mobilier-design-occasion.fr\/magazine\/wp-content\/uploads\/2021\/04\/6-12.jpg","contentUrl":"https:\/\/www.mobilier-design-occasion.fr\/magazine\/wp-content\/uploads\/2021\/04\/6-12.jpg","width":560,"height":415},{"@type":"BreadcrumbList","@id":"https:\/\/www.mobilier-design-occasion.fr\/magazine\/test-avis-sur-maison-du-monde\/#breadcrumb","itemListElement":[{"@type":"ListItem","position":1,"name":"Accueil","item":"https:\/\/www.mobilier-design-occasion.fr\/magazine\/"},{"@type":"ListItem","position":2,"name":"Test &#038; avis sur Maison du monde"}]},{"@type":"WebSite","@id":"https:\/\/www.mobilier-design-occasion.fr\/magazine\/#website","url":"https:\/\/www.mobilier-design-occasion.fr\/magazine\/","name":"Mobilier Design Magazine","description":"","publisher":{"@id":"https:\/\/www.mobilier-design-occasion.fr\/magazine\/#organization"},"potentialAction":[{"@type":"SearchAction","target":{"@type":"EntryPoint","urlTemplate":"https:\/\/www.mobilier-design-occasion.fr\/magazine\/?s={search_term_string}"},"query-input":{"@type":"PropertyValueSpecification","valueRequired":true,"valueName":"search_term_string"}}],"inLanguage":"fr-FR"},{"@type":"Organization","@id":"https:\/\/www.mobilier-design-occasion.fr\/magazine\/#organization","name":"Mobilier Design Magazine","url":"https:\/\/www.mobilier-design-occasion.fr\/magazine\/","logo":{"@type":"ImageObject","inLanguage":"fr-FR","@id":"https:\/\/www.mobilier-design-occasion.fr\/magazine\/#\/schema\/logo\/image\/","url":"https:\/\/www.mobilier-design-occasion.fr\/magazine\/wp-content\/uploads\/2024\/02\/android-chrome-192x192-1.png","contentUrl":"https:\/\/www.mobilier-design-occasion.fr\/magazine\/wp-content\/uploads\/2024\/02\/android-chrome-192x192-1.png","width":192,"height":192,"caption":"Mobilier Design Magazine"},"image":{"@id":"https:\/\/www.mobilier-design-occasion.fr\/magazine\/#\/schema\/logo\/image\/"},"sameAs":["https:\/\/www.facebook.com\/mobilierdesignoccasion"]},{"@type":"Person","@id":"https:\/\/www.mobilier-design-occasion.fr\/magazine\/#\/schema\/person\/5b2e5627a714ddadaaf8c9b886c55eff","name":"Cyrielle Poirot","image":{"@type":"ImageObject","inLanguage":"fr-FR","@id":"https:\/\/secure.gravatar.com\/avatar\/c8d2674e093b06894d8d1dc468b626bd752523471f3ac6e75f7c7a1400d40b4d?s=96&d=mm&r=g","url":"https:\/\/secure.gravatar.com\/avatar\/c8d2674e093b06894d8d1dc468b626bd752523471f3ac6e75f7c7a1400d40b4d?s=96&d=mm&r=g","contentUrl":"https:\/\/secure.gravatar.com\/avatar\/c8d2674e093b06894d8d1dc468b626bd752523471f3ac6e75f7c7a1400d40b4d?s=96&d=mm&r=g","caption":"Cyrielle Poirot"},"description":"Cyrielle est passionn\u00e9e par la d\u00e9coration d'int\u00e9rieur et s'est sp\u00e9cialis\u00e9e depuis quelques ann\u00e9es dans l'\u00e9dition du site Mobilier-Design, avec une touche sp\u00e9cifique pour les produits d'occasion.","sameAs":["https:\/\/www.mobilier-design-occasion.fr\/magazine"],"url":"https:\/\/www.mobilier-design-occasion.fr\/magazine\/author\/cyrielle\/"}]}},"_links":{"self":[{"href":"https:\/\/www.mobilier-design-occasion.fr\/magazine\/wp-json\/wp\/v2\/posts\/744","targetHints":{"allow":["GET"]}}],"collection":[{"href":"https:\/\/www.mobilier-design-occasion.fr\/magazine\/wp-json\/wp\/v2\/posts"}],"about":[{"href":"https:\/\/www.mobilier-design-occasion.fr\/magazine\/wp-json\/wp\/v2\/types\/post"}],"author":[{"embeddable":true,"href":"https:\/\/www.mobilier-design-occasion.fr\/magazine\/wp-json\/wp\/v2\/users\/1"}],"replies":[{"embeddable":true,"href":"https:\/\/www.mobilier-design-occasion.fr\/magazine\/wp-json\/wp\/v2\/comments?post=744"}],"version-history":[{"count":16,"href":"https:\/\/www.mobilier-design-occasion.fr\/magazine\/wp-json\/wp\/v2\/posts\/744\/revisions"}],"predecessor-version":[{"id":848,"href":"https:\/\/www.mobilier-design-occasion.fr\/magazine\/wp-json\/wp\/v2\/posts\/744\/revisions\/848"}],"wp:featuredmedia":[{"embeddable":true,"href":"https:\/\/www.mobilier-design-occasion.fr\/magazine\/wp-json\/wp\/v2\/media\/847"}],"wp:attachment":[{"href":"https:\/\/www.mobilier-design-occasion.fr\/magazine\/wp-json\/wp\/v2\/media?parent=744"}],"wp:term":[{"taxonomy":"category","embeddable":true,"href":"https:\/\/www.mobilier-design-occasion.fr\/magazine\/wp-json\/wp\/v2\/categories?post=744"},{"taxonomy":"post_tag","embeddable":true,"href":"https:\/\/www.mobilier-design-occasion.fr\/magazine\/wp-json\/wp\/v2\/tags?post=744"}],"curies":[{"name":"wp","href":"https:\/\/api.w.org\/{rel}","templated":true}]}}