{"id":7438,"date":"2023-12-19T09:42:35","date_gmt":"2023-12-19T09:42:35","guid":{"rendered":"https:\/\/www.mobilier-design-occasion.fr\/magazine\/?p=7438"},"modified":"2023-12-19T09:42:36","modified_gmt":"2023-12-19T09:42:36","slug":"decouvrez-les-tendances-du-mobilier-design-en-2024-comment-embellir-votre-espace-avec-style","status":"publish","type":"post","link":"https:\/\/www.mobilier-design-occasion.fr\/magazine\/decouvrez-les-tendances-du-mobilier-design-en-2024-comment-embellir-votre-espace-avec-style\/","title":{"rendered":"D\u00e9couvrez les tendances du mobilier design en 2024 : Comment embellir votre espace avec style"},"content":{"rendered":"\n<figure class=\"wp-block-image size-large\"><img loading=\"lazy\" decoding=\"async\" width=\"1024\" height=\"1024\" src=\"https:\/\/www.mobilier-design-occasion.fr\/magazine\/wp-content\/uploads\/2023\/12\/scandinavian-vintage-wood-cabinet-with-chair-by-dark-blue-wall-1024x1024.jpg\" alt=\"\" class=\"wp-image-7439\" srcset=\"https:\/\/www.mobilier-design-occasion.fr\/magazine\/wp-content\/uploads\/2023\/12\/scandinavian-vintage-wood-cabinet-with-chair-by-dark-blue-wall-1024x1024.jpg 1024w, https:\/\/www.mobilier-design-occasion.fr\/magazine\/wp-content\/uploads\/2023\/12\/scandinavian-vintage-wood-cabinet-with-chair-by-dark-blue-wall-300x300.jpg 300w, https:\/\/www.mobilier-design-occasion.fr\/magazine\/wp-content\/uploads\/2023\/12\/scandinavian-vintage-wood-cabinet-with-chair-by-dark-blue-wall-150x150.jpg 150w, https:\/\/www.mobilier-design-occasion.fr\/magazine\/wp-content\/uploads\/2023\/12\/scandinavian-vintage-wood-cabinet-with-chair-by-dark-blue-wall-768x768.jpg 768w, https:\/\/www.mobilier-design-occasion.fr\/magazine\/wp-content\/uploads\/2023\/12\/scandinavian-vintage-wood-cabinet-with-chair-by-dark-blue-wall-810x810.jpg 810w, https:\/\/www.mobilier-design-occasion.fr\/magazine\/wp-content\/uploads\/2023\/12\/scandinavian-vintage-wood-cabinet-with-chair-by-dark-blue-wall-1140x1140.jpg 1140w, https:\/\/www.mobilier-design-occasion.fr\/magazine\/wp-content\/uploads\/2023\/12\/scandinavian-vintage-wood-cabinet-with-chair-by-dark-blue-wall-120x120.jpg 120w, https:\/\/www.mobilier-design-occasion.fr\/magazine\/wp-content\/uploads\/2023\/12\/scandinavian-vintage-wood-cabinet-with-chair-by-dark-blue-wall.jpg 1250w\" sizes=\"auto, (max-width: 1024px) 100vw, 1024px\" \/><figcaption class=\"wp-element-caption\">Scandinavian vintage wood cabinet with chair by a dark blue wall<\/figcaption><\/figure>\n\n\n\n<h1 class=\"wp-block-heading\"><span class=\"ez-toc-section\" id=\"Voici_les_nouvelles_tendances_du_mobilier_design_en_2024\"><\/span><strong>Voici les nouvelles tendances du mobilier design en 2024<\/strong><span class=\"ez-toc-section-end\"><\/span><\/h1><div id=\"ez-toc-container\" class=\"ez-toc-v2_0_82_2 counter-hierarchy ez-toc-counter ez-toc-grey ez-toc-container-direction\">\n<div class=\"ez-toc-title-container\">\n<span class=\"ez-toc-title-toggle\"><a href=\"#\" class=\"ez-toc-pull-right ez-toc-btn ez-toc-btn-xs ez-toc-btn-default ez-toc-toggle\" aria-label=\"Toggle Table of Content\"><span class=\"ez-toc-js-icon-con\"><span class=\"\"><span class=\"eztoc-hide\" style=\"display:none;\">Toggle<\/span><span class=\"ez-toc-icon-toggle-span\"><svg style=\"fill: #999;color:#999\" xmlns=\"http:\/\/www.w3.org\/2000\/svg\" class=\"list-377408\" width=\"20px\" height=\"20px\" viewBox=\"0 0 24 24\" fill=\"none\"><path d=\"M6 6H4v2h2V6zm14 0H8v2h12V6zM4 11h2v2H4v-2zm16 0H8v2h12v-2zM4 16h2v2H4v-2zm16 0H8v2h12v-2z\" fill=\"currentColor\"><\/path><\/svg><svg style=\"fill: #999;color:#999\" class=\"arrow-unsorted-368013\" xmlns=\"http:\/\/www.w3.org\/2000\/svg\" width=\"10px\" height=\"10px\" viewBox=\"0 0 24 24\" version=\"1.2\" baseProfile=\"tiny\"><path d=\"M18.2 9.3l-6.2-6.3-6.2 6.3c-.2.2-.3.4-.3.7s.1.5.3.7c.2.2.4.3.7.3h11c.3 0 .5-.1.7-.3.2-.2.3-.5.3-.7s-.1-.5-.3-.7zM5.8 14.7l6.2 6.3 6.2-6.3c.2-.2.3-.5.3-.7s-.1-.5-.3-.7c-.2-.2-.4-.3-.7-.3h-11c-.3 0-.5.1-.7.3-.2.2-.3.5-.3.7s.1.5.3.7z\"\/><\/svg><\/span><\/span><\/span><\/a><\/span><\/div>\n<nav><ul class='ez-toc-list ez-toc-list-level-1 eztoc-toggle-hide-by-default' ><li class='ez-toc-page-1 ez-toc-heading-level-1'><a class=\"ez-toc-link ez-toc-heading-1\" href=\"https:\/\/www.mobilier-design-occasion.fr\/magazine\/decouvrez-les-tendances-du-mobilier-design-en-2024-comment-embellir-votre-espace-avec-style\/#Voici_les_nouvelles_tendances_du_mobilier_design_en_2024\" >Voici les nouvelles tendances du mobilier design en 2024<\/a><ul class='ez-toc-list-level-2' ><li class='ez-toc-heading-level-2'><a class=\"ez-toc-link ez-toc-heading-2\" href=\"https:\/\/www.mobilier-design-occasion.fr\/magazine\/decouvrez-les-tendances-du-mobilier-design-en-2024-comment-embellir-votre-espace-avec-style\/#Minimalisme_revigore\" >Minimalisme revigor\u00e9<\/a><\/li><li class='ez-toc-page-1 ez-toc-heading-level-2'><a class=\"ez-toc-link ez-toc-heading-3\" href=\"https:\/\/www.mobilier-design-occasion.fr\/magazine\/decouvrez-les-tendances-du-mobilier-design-en-2024-comment-embellir-votre-espace-avec-style\/#Leclectisme_maitrise\" >L&#8217;\u00e9clectisme ma\u00eetris\u00e9<\/a><\/li><li class='ez-toc-page-1 ez-toc-heading-level-2'><a class=\"ez-toc-link ez-toc-heading-4\" href=\"https:\/\/www.mobilier-design-occasion.fr\/magazine\/decouvrez-les-tendances-du-mobilier-design-en-2024-comment-embellir-votre-espace-avec-style\/#Retour_en_force_du_rotin_et_de_la_vannerie\" >Retour en force du rotin et de la vannerie<\/a><\/li><li class='ez-toc-page-1 ez-toc-heading-level-2'><a class=\"ez-toc-link ez-toc-heading-5\" href=\"https:\/\/www.mobilier-design-occasion.fr\/magazine\/decouvrez-les-tendances-du-mobilier-design-en-2024-comment-embellir-votre-espace-avec-style\/#Couleurs_terre_et_tons_naturels\" >Couleurs terre et tons naturels<\/a><\/li><li class='ez-toc-page-1 ez-toc-heading-level-2'><a class=\"ez-toc-link ez-toc-heading-6\" href=\"https:\/\/www.mobilier-design-occasion.fr\/magazine\/decouvrez-les-tendances-du-mobilier-design-en-2024-comment-embellir-votre-espace-avec-style\/#Technologie_integree\" >Technologie int\u00e9gr\u00e9e<\/a><\/li><li class='ez-toc-page-1 ez-toc-heading-level-2'><a class=\"ez-toc-link ez-toc-heading-7\" href=\"https:\/\/www.mobilier-design-occasion.fr\/magazine\/decouvrez-les-tendances-du-mobilier-design-en-2024-comment-embellir-votre-espace-avec-style\/#Melange_de_materiaux\" >M\u00e9lange de mat\u00e9riaux<\/a><\/li><\/ul><\/li><\/ul><\/nav><\/div>\n\n\n\n\n<p>L&#8217;univers du design int\u00e9rieur \u00e9volue constamment, et l&#8217;ann\u00e9e 2024 apporte avec elle des tendances captivantes qui red\u00e9finissent la mani\u00e8re dont les espaces de vie sont con\u00e7us. Que vous cherchiez \u00e0 renouveler enti\u00e8rement votre int\u00e9rieur ou simplement \u00e0 ajouter quelques touches modernes, les nouvelles <a href=\"https:\/\/www.mobilier-design-occasion.fr\/magazine\/redonner-vie-au-mobilier-ancien-avec-nos-artisans-francais\/\">tendances du mobilier design<\/a> en 2024 offrent une palette diversifi\u00e9e d&#8217;options pour tous les go\u00fbts. D\u00e9couvrez ces tendances \u00e9mergentes donner \u00e0 votre espace une allure contemporaine.<\/p>\n\n\n\n<h2 class=\"wp-block-heading\"><span class=\"ez-toc-section\" id=\"Minimalisme_revigore\"><\/span><strong>Minimalisme revigor\u00e9<\/strong><span class=\"ez-toc-section-end\"><\/span><\/h2>\n\n\n\n<p>En 2024, le minimalisme reste au c\u0153ur du design, mais avec une touche rafra\u00eechissante. Optez pour <strong>des meubles aux lignes \u00e9pur\u00e9es et aux formes g\u00e9om\u00e9triques<\/strong>, cr\u00e9ant ainsi un espace apaisant et fonctionnel. Des canap\u00e9s aux \u00e9tag\u00e8res, misez sur des pi\u00e8ces aux d\u00e9tails simples, mais impactants.<\/p>\n\n\n\n<h2 class=\"wp-block-heading\"><span class=\"ez-toc-section\" id=\"Leclectisme_maitrise\"><\/span><strong>L&#8217;\u00e9clectisme ma\u00eetris\u00e9<\/strong><span class=\"ez-toc-section-end\"><\/span><\/h2>\n\n\n\n<p>La fusion d&#8217;\u00e9l\u00e9ments divers est la cl\u00e9 de l&#8217;\u00e9clectisme ma\u00eetris\u00e9. Associez :<\/p>\n\n\n\n<ul class=\"wp-block-list\">\n<li>des styles ;<\/li>\n\n\n\n<li>des \u00e9poques ;<\/li>\n\n\n\n<li>des mat\u00e9riaux diff\u00e9rents.<\/li>\n<\/ul>\n\n\n\n<p>Tout cela vous aide \u00e0 cr\u00e9er un \u00e9quilibre visuel unique. Osez combiner des chaises vintage avec une table ultra-moderne ou m\u00e9langer des textures vari\u00e9es pour une esth\u00e9tique \u00e9clectique et sophistiqu\u00e9e.<\/p>\n\n\n\n<p>\u00c0 lire : <a href=\"https:\/\/www.mobilier-design-occasion.fr\/magazine\/la-revolution-du-meuble-doccasion-quand-maisons-du-monde-ikea-et-leroy-merlin-bousculent-le-marche\/\">La R\u00e9volution du Meuble d\u2019Occasion : Quand Maisons du Monde, IKEA, et Leroy Merlin Bousculent le March\u00e9<\/a><\/p>\n\n\n\n<h2 class=\"wp-block-heading\"><span class=\"ez-toc-section\" id=\"Retour_en_force_du_rotin_et_de_la_vannerie\"><\/span><strong>Retour en force du rotin et de la vannerie<\/strong><span class=\"ez-toc-section-end\"><\/span><\/h2>\n\n\n\n<p>Le rotin et la vannerie font un retour en force en 2024, apportant une touche organique et chaleureuse \u00e0 votre espace. Des fauteuils aux luminaires, <strong>ces mat\u00e9riaux naturels ajoutent une dimension artisanale et intemporelle \u00e0 votre mobilier<\/strong>. Il faut pr\u00e9ciser qu\u2019ils s&#8217;adaptent parfaitement aux int\u00e9rieurs contemporains.<\/p>\n\n\n\n<h2 class=\"wp-block-heading\"><span class=\"ez-toc-section\" id=\"Couleurs_terre_et_tons_naturels\"><\/span><strong>Couleurs terre et tons naturels<\/strong><span class=\"ez-toc-section-end\"><\/span><\/h2>\n\n\n\n<p>Les couleurs terre et <strong>les tons naturels continuent de dominer la palette des couleurs<\/strong> en 2024. Optez pour :<\/p>\n\n\n\n<ul class=\"wp-block-list\">\n<li>des nuances de vert mousse ;<\/li>\n\n\n\n<li>de terre cuite ;<\/li>\n\n\n\n<li>de sable.<\/li>\n<\/ul>\n\n\n\n<p>Vous pouvez vous en servir pour cr\u00e9er une ambiance apaisante et connect\u00e9e \u00e0 la nature. Int\u00e9grez ces teintes \u00e0 travers des meubles, des textiles et des accessoires pour une atmosph\u00e8re harmonieuse.<\/p>\n\n\n\n<h2 class=\"wp-block-heading\"><span class=\"ez-toc-section\" id=\"Technologie_integree\"><\/span><strong>Technologie int\u00e9gr\u00e9e<\/strong><span class=\"ez-toc-section-end\"><\/span><\/h2>\n\n\n\n<p>Le mobilier design en 2024 int\u00e8gre de plus en plus la technologie pour <strong>r\u00e9pondre aux besoins modernes<\/strong>. Des tables de salon avec chargeurs sans fil aux canap\u00e9s \u00e9quip\u00e9s de ports USB, les meubles deviennent de plus en plus fonctionnels et adapt\u00e9s \u00e0 notre mode de vie connect\u00e9.<\/p>\n\n\n\n<h2 class=\"wp-block-heading\"><span class=\"ez-toc-section\" id=\"Melange_de_materiaux\"><\/span><strong>M\u00e9lange de mat\u00e9riaux<\/strong><span class=\"ez-toc-section-end\"><\/span><\/h2>\n\n\n\n<p>Exp\u00e9rimentez avec des m\u00e9langes de mat\u00e9riaux pour <strong>cr\u00e9er un contraste visuel int\u00e9ressant<\/strong>. Associez le m\u00e9tal et le bois, le marbre et le velours, pour ajouter de la texture et de la profondeur \u00e0 votre espace.<\/p>\n\n\n\n<p>En suivant ces tendances du mobilier design en 2024, vous pouvez revitaliser votre int\u00e9rieur avec style et \u00e9l\u00e9gance. Que vous soyez adepte du minimalisme, de l&#8217;\u00e9clectisme ou de la durabilit\u00e9, l&#8217;ann\u00e9e 2024 offre une gamme diversifi\u00e9e d&#8217;options pour cr\u00e9er un espace qui refl\u00e8te votre personnalit\u00e9 et qui est \u00e0 la pointe des tendances contemporaines. Transformez votre domicile en un sanctuaire moderne avec ces choix de mobilier design \u00e0 la pointe de la mode.<\/p>\n\n\n\n<p>\u00c0 lire : <a href=\"https:\/\/www.mobilier-design-occasion.fr\/magazine\/la-chaise-parfait-qui-a-traverse-les-epoques-chaise-14-de-thonet\/\">La chaise parfaite qui a travers\u00e9 les \u00e9poques : Chaise #14 de Thonet<\/a><\/p>\n","protected":false},"excerpt":{"rendered":"<p>Voici les nouvelles tendances du mobilier design en 2024 L&#8217;univers du design int\u00e9rieur \u00e9volue constamment, et l&#8217;ann\u00e9e 2024 apporte avec elle des tendances captivantes qui red\u00e9finissent la mani\u00e8re dont les espaces de vie sont con\u00e7us. Que vous cherchiez \u00e0 renouveler enti\u00e8rement votre int\u00e9rieur ou simplement \u00e0 ajouter quelques touches modernes, les nouvelles tendances du mobilier [&hellip;]<\/p>\n","protected":false},"author":2,"featured_media":7439,"comment_status":"open","ping_status":"open","sticky":false,"template":"","format":"standard","meta":{"footnotes":""},"categories":[2],"tags":[196,201,134,180],"class_list":["post-7438","post","type-post","status-publish","format-standard","has-post-thumbnail","hentry","category-tendances","tag-196","tag-design","tag-mobilier","tag-tendance"],"yoast_head":"<!-- This site is optimized with the Yoast SEO plugin v27.5 - https:\/\/yoast.com\/product\/yoast-seo-wordpress\/ -->\n<title>D\u00e9couvrez les tendances du mobilier design en 2024 : Comment embellir votre espace avec style - Mobilier Design Magazine<\/title>\n<meta name=\"robots\" content=\"index, follow, max-snippet:-1, max-image-preview:large, max-video-preview:-1\" \/>\n<link rel=\"canonical\" href=\"https:\/\/www.mobilier-design-occasion.fr\/magazine\/decouvrez-les-tendances-du-mobilier-design-en-2024-comment-embellir-votre-espace-avec-style\/\" \/>\n<meta property=\"og:locale\" content=\"fr_FR\" \/>\n<meta property=\"og:type\" content=\"article\" \/>\n<meta property=\"og:title\" content=\"D\u00e9couvrez les tendances du mobilier design en 2024 : Comment embellir votre espace avec style - Mobilier Design Magazine\" \/>\n<meta property=\"og:description\" content=\"Voici les nouvelles tendances du mobilier design en 2024 L&#8217;univers du design int\u00e9rieur \u00e9volue constamment, et l&#8217;ann\u00e9e 2024 apporte avec elle des tendances captivantes qui red\u00e9finissent la mani\u00e8re dont les espaces de vie sont con\u00e7us. Que vous cherchiez \u00e0 renouveler enti\u00e8rement votre int\u00e9rieur ou simplement \u00e0 ajouter quelques touches modernes, les nouvelles tendances du mobilier [&hellip;]\" \/>\n<meta property=\"og:url\" content=\"https:\/\/www.mobilier-design-occasion.fr\/magazine\/decouvrez-les-tendances-du-mobilier-design-en-2024-comment-embellir-votre-espace-avec-style\/\" \/>\n<meta property=\"og:site_name\" content=\"Mobilier Design Magazine\" \/>\n<meta property=\"article:publisher\" content=\"https:\/\/www.facebook.com\/mobilierdesignoccasion\" \/>\n<meta property=\"article:published_time\" content=\"2023-12-19T09:42:35+00:00\" \/>\n<meta property=\"article:modified_time\" content=\"2023-12-19T09:42:36+00:00\" \/>\n<meta property=\"og:image\" content=\"https:\/\/www.mobilier-design-occasion.fr\/magazine\/wp-content\/uploads\/2023\/12\/scandinavian-vintage-wood-cabinet-with-chair-by-dark-blue-wall.jpg\" \/>\n\t<meta property=\"og:image:width\" content=\"1250\" \/>\n\t<meta property=\"og:image:height\" content=\"1250\" \/>\n\t<meta property=\"og:image:type\" content=\"image\/jpeg\" \/>\n<meta name=\"author\" content=\"Vincent Vandegans\" \/>\n<meta name=\"twitter:card\" content=\"summary_large_image\" \/>\n<meta name=\"twitter:label1\" content=\"\u00c9crit par\" \/>\n\t<meta name=\"twitter:data1\" content=\"Vincent Vandegans\" \/>\n\t<meta name=\"twitter:label2\" content=\"Dur\u00e9e de lecture estim\u00e9e\" \/>\n\t<meta name=\"twitter:data2\" content=\"3 minutes\" \/>\n<script type=\"application\/ld+json\" class=\"yoast-schema-graph\">{\"@context\":\"https:\\\/\\\/schema.org\",\"@graph\":[{\"@type\":\"Article\",\"@id\":\"https:\\\/\\\/www.mobilier-design-occasion.fr\\\/magazine\\\/decouvrez-les-tendances-du-mobilier-design-en-2024-comment-embellir-votre-espace-avec-style\\\/#article\",\"isPartOf\":{\"@id\":\"https:\\\/\\\/www.mobilier-design-occasion.fr\\\/magazine\\\/decouvrez-les-tendances-du-mobilier-design-en-2024-comment-embellir-votre-espace-avec-style\\\/\"},\"author\":{\"name\":\"Vincent Vandegans\",\"@id\":\"https:\\\/\\\/www.mobilier-design-occasion.fr\\\/magazine\\\/#\\\/schema\\\/person\\\/af895bedc80bfb6b17730a672fddac9e\"},\"headline\":\"D\u00e9couvrez les tendances du mobilier design en 2024 : Comment embellir votre espace avec style\",\"datePublished\":\"2023-12-19T09:42:35+00:00\",\"dateModified\":\"2023-12-19T09:42:36+00:00\",\"mainEntityOfPage\":{\"@id\":\"https:\\\/\\\/www.mobilier-design-occasion.fr\\\/magazine\\\/decouvrez-les-tendances-du-mobilier-design-en-2024-comment-embellir-votre-espace-avec-style\\\/\"},\"wordCount\":558,\"commentCount\":0,\"publisher\":{\"@id\":\"https:\\\/\\\/www.mobilier-design-occasion.fr\\\/magazine\\\/#organization\"},\"image\":{\"@id\":\"https:\\\/\\\/www.mobilier-design-occasion.fr\\\/magazine\\\/decouvrez-les-tendances-du-mobilier-design-en-2024-comment-embellir-votre-espace-avec-style\\\/#primaryimage\"},\"thumbnailUrl\":\"https:\\\/\\\/www.mobilier-design-occasion.fr\\\/magazine\\\/wp-content\\\/uploads\\\/2023\\\/12\\\/scandinavian-vintage-wood-cabinet-with-chair-by-dark-blue-wall.jpg\",\"keywords\":[\"2024\",\"design\",\"Mobilier\",\"tendance\"],\"articleSection\":[\"Tendances\"],\"inLanguage\":\"fr-FR\",\"potentialAction\":[{\"@type\":\"CommentAction\",\"name\":\"Comment\",\"target\":[\"https:\\\/\\\/www.mobilier-design-occasion.fr\\\/magazine\\\/decouvrez-les-tendances-du-mobilier-design-en-2024-comment-embellir-votre-espace-avec-style\\\/#respond\"]}]},{\"@type\":\"WebPage\",\"@id\":\"https:\\\/\\\/www.mobilier-design-occasion.fr\\\/magazine\\\/decouvrez-les-tendances-du-mobilier-design-en-2024-comment-embellir-votre-espace-avec-style\\\/\",\"url\":\"https:\\\/\\\/www.mobilier-design-occasion.fr\\\/magazine\\\/decouvrez-les-tendances-du-mobilier-design-en-2024-comment-embellir-votre-espace-avec-style\\\/\",\"name\":\"D\u00e9couvrez les tendances du mobilier design en 2024 : Comment embellir votre espace avec style - Mobilier Design Magazine\",\"isPartOf\":{\"@id\":\"https:\\\/\\\/www.mobilier-design-occasion.fr\\\/magazine\\\/#website\"},\"primaryImageOfPage\":{\"@id\":\"https:\\\/\\\/www.mobilier-design-occasion.fr\\\/magazine\\\/decouvrez-les-tendances-du-mobilier-design-en-2024-comment-embellir-votre-espace-avec-style\\\/#primaryimage\"},\"image\":{\"@id\":\"https:\\\/\\\/www.mobilier-design-occasion.fr\\\/magazine\\\/decouvrez-les-tendances-du-mobilier-design-en-2024-comment-embellir-votre-espace-avec-style\\\/#primaryimage\"},\"thumbnailUrl\":\"https:\\\/\\\/www.mobilier-design-occasion.fr\\\/magazine\\\/wp-content\\\/uploads\\\/2023\\\/12\\\/scandinavian-vintage-wood-cabinet-with-chair-by-dark-blue-wall.jpg\",\"datePublished\":\"2023-12-19T09:42:35+00:00\",\"dateModified\":\"2023-12-19T09:42:36+00:00\",\"breadcrumb\":{\"@id\":\"https:\\\/\\\/www.mobilier-design-occasion.fr\\\/magazine\\\/decouvrez-les-tendances-du-mobilier-design-en-2024-comment-embellir-votre-espace-avec-style\\\/#breadcrumb\"},\"inLanguage\":\"fr-FR\",\"potentialAction\":[{\"@type\":\"ReadAction\",\"target\":[\"https:\\\/\\\/www.mobilier-design-occasion.fr\\\/magazine\\\/decouvrez-les-tendances-du-mobilier-design-en-2024-comment-embellir-votre-espace-avec-style\\\/\"]}]},{\"@type\":\"ImageObject\",\"inLanguage\":\"fr-FR\",\"@id\":\"https:\\\/\\\/www.mobilier-design-occasion.fr\\\/magazine\\\/decouvrez-les-tendances-du-mobilier-design-en-2024-comment-embellir-votre-espace-avec-style\\\/#primaryimage\",\"url\":\"https:\\\/\\\/www.mobilier-design-occasion.fr\\\/magazine\\\/wp-content\\\/uploads\\\/2023\\\/12\\\/scandinavian-vintage-wood-cabinet-with-chair-by-dark-blue-wall.jpg\",\"contentUrl\":\"https:\\\/\\\/www.mobilier-design-occasion.fr\\\/magazine\\\/wp-content\\\/uploads\\\/2023\\\/12\\\/scandinavian-vintage-wood-cabinet-with-chair-by-dark-blue-wall.jpg\",\"width\":1250,\"height\":1250,\"caption\":\"Scandinavian vintage wood cabinet with chair by a dark blue wall\"},{\"@type\":\"BreadcrumbList\",\"@id\":\"https:\\\/\\\/www.mobilier-design-occasion.fr\\\/magazine\\\/decouvrez-les-tendances-du-mobilier-design-en-2024-comment-embellir-votre-espace-avec-style\\\/#breadcrumb\",\"itemListElement\":[{\"@type\":\"ListItem\",\"position\":1,\"name\":\"Accueil\",\"item\":\"https:\\\/\\\/www.mobilier-design-occasion.fr\\\/magazine\\\/\"},{\"@type\":\"ListItem\",\"position\":2,\"name\":\"D\u00e9couvrez les tendances du mobilier design en 2024 : Comment embellir votre espace avec style\"}]},{\"@type\":\"WebSite\",\"@id\":\"https:\\\/\\\/www.mobilier-design-occasion.fr\\\/magazine\\\/#website\",\"url\":\"https:\\\/\\\/www.mobilier-design-occasion.fr\\\/magazine\\\/\",\"name\":\"Mobilier Design Magazine\",\"description\":\"\",\"publisher\":{\"@id\":\"https:\\\/\\\/www.mobilier-design-occasion.fr\\\/magazine\\\/#organization\"},\"potentialAction\":[{\"@type\":\"SearchAction\",\"target\":{\"@type\":\"EntryPoint\",\"urlTemplate\":\"https:\\\/\\\/www.mobilier-design-occasion.fr\\\/magazine\\\/?s={search_term_string}\"},\"query-input\":{\"@type\":\"PropertyValueSpecification\",\"valueRequired\":true,\"valueName\":\"search_term_string\"}}],\"inLanguage\":\"fr-FR\"},{\"@type\":\"Organization\",\"@id\":\"https:\\\/\\\/www.mobilier-design-occasion.fr\\\/magazine\\\/#organization\",\"name\":\"Mobilier Design Magazine\",\"url\":\"https:\\\/\\\/www.mobilier-design-occasion.fr\\\/magazine\\\/\",\"logo\":{\"@type\":\"ImageObject\",\"inLanguage\":\"fr-FR\",\"@id\":\"https:\\\/\\\/www.mobilier-design-occasion.fr\\\/magazine\\\/#\\\/schema\\\/logo\\\/image\\\/\",\"url\":\"https:\\\/\\\/www.mobilier-design-occasion.fr\\\/magazine\\\/wp-content\\\/uploads\\\/2024\\\/02\\\/android-chrome-192x192-1.png\",\"contentUrl\":\"https:\\\/\\\/www.mobilier-design-occasion.fr\\\/magazine\\\/wp-content\\\/uploads\\\/2024\\\/02\\\/android-chrome-192x192-1.png\",\"width\":192,\"height\":192,\"caption\":\"Mobilier Design Magazine\"},\"image\":{\"@id\":\"https:\\\/\\\/www.mobilier-design-occasion.fr\\\/magazine\\\/#\\\/schema\\\/logo\\\/image\\\/\"},\"sameAs\":[\"https:\\\/\\\/www.facebook.com\\\/mobilierdesignoccasion\"]},{\"@type\":\"Person\",\"@id\":\"https:\\\/\\\/www.mobilier-design-occasion.fr\\\/magazine\\\/#\\\/schema\\\/person\\\/af895bedc80bfb6b17730a672fddac9e\",\"name\":\"Vincent Vandegans\",\"image\":{\"@type\":\"ImageObject\",\"inLanguage\":\"fr-FR\",\"@id\":\"https:\\\/\\\/secure.gravatar.com\\\/avatar\\\/b984800dabdf722d5e3f03f637c8932dea77d81118467d17ad2953e3b273ec66?s=96&d=mm&r=g\",\"url\":\"https:\\\/\\\/secure.gravatar.com\\\/avatar\\\/b984800dabdf722d5e3f03f637c8932dea77d81118467d17ad2953e3b273ec66?s=96&d=mm&r=g\",\"contentUrl\":\"https:\\\/\\\/secure.gravatar.com\\\/avatar\\\/b984800dabdf722d5e3f03f637c8932dea77d81118467d17ad2953e3b273ec66?s=96&d=mm&r=g\",\"caption\":\"Vincent Vandegans\"},\"description\":\"Vincent est passionn\u00e9 par les produits d'occasion, il a ouvert le site MDO avec Cyrielle pour aider les gens \u00e0 trouver du mobilier d'occasion, vintage ou usag\u00e9. Depuis, ils ont \u00e9tendu leurs activit\u00e9s et conseillent tout le monde sur le mobilier d'int\u00e9rieur et d'ext\u00e9rieur au quotidien \u00e0 travers le magazine MDO.\",\"url\":\"https:\\\/\\\/www.mobilier-design-occasion.fr\\\/magazine\\\/author\\\/vincent\\\/\"}]}<\/script>\n<!-- \/ Yoast SEO plugin. -->","yoast_head_json":{"title":"D\u00e9couvrez les tendances du mobilier design en 2024 : Comment embellir votre espace avec style - Mobilier Design Magazine","robots":{"index":"index","follow":"follow","max-snippet":"max-snippet:-1","max-image-preview":"max-image-preview:large","max-video-preview":"max-video-preview:-1"},"canonical":"https:\/\/www.mobilier-design-occasion.fr\/magazine\/decouvrez-les-tendances-du-mobilier-design-en-2024-comment-embellir-votre-espace-avec-style\/","og_locale":"fr_FR","og_type":"article","og_title":"D\u00e9couvrez les tendances du mobilier design en 2024 : Comment embellir votre espace avec style - Mobilier Design Magazine","og_description":"Voici les nouvelles tendances du mobilier design en 2024 L&#8217;univers du design int\u00e9rieur \u00e9volue constamment, et l&#8217;ann\u00e9e 2024 apporte avec elle des tendances captivantes qui red\u00e9finissent la mani\u00e8re dont les espaces de vie sont con\u00e7us. Que vous cherchiez \u00e0 renouveler enti\u00e8rement votre int\u00e9rieur ou simplement \u00e0 ajouter quelques touches modernes, les nouvelles tendances du mobilier [&hellip;]","og_url":"https:\/\/www.mobilier-design-occasion.fr\/magazine\/decouvrez-les-tendances-du-mobilier-design-en-2024-comment-embellir-votre-espace-avec-style\/","og_site_name":"Mobilier Design Magazine","article_publisher":"https:\/\/www.facebook.com\/mobilierdesignoccasion","article_published_time":"2023-12-19T09:42:35+00:00","article_modified_time":"2023-12-19T09:42:36+00:00","og_image":[{"width":1250,"height":1250,"url":"https:\/\/www.mobilier-design-occasion.fr\/magazine\/wp-content\/uploads\/2023\/12\/scandinavian-vintage-wood-cabinet-with-chair-by-dark-blue-wall.jpg","type":"image\/jpeg"}],"author":"Vincent Vandegans","twitter_card":"summary_large_image","twitter_misc":{"\u00c9crit par":"Vincent Vandegans","Dur\u00e9e de lecture estim\u00e9e":"3 minutes"},"schema":{"@context":"https:\/\/schema.org","@graph":[{"@type":"Article","@id":"https:\/\/www.mobilier-design-occasion.fr\/magazine\/decouvrez-les-tendances-du-mobilier-design-en-2024-comment-embellir-votre-espace-avec-style\/#article","isPartOf":{"@id":"https:\/\/www.mobilier-design-occasion.fr\/magazine\/decouvrez-les-tendances-du-mobilier-design-en-2024-comment-embellir-votre-espace-avec-style\/"},"author":{"name":"Vincent Vandegans","@id":"https:\/\/www.mobilier-design-occasion.fr\/magazine\/#\/schema\/person\/af895bedc80bfb6b17730a672fddac9e"},"headline":"D\u00e9couvrez les tendances du mobilier design en 2024 : Comment embellir votre espace avec style","datePublished":"2023-12-19T09:42:35+00:00","dateModified":"2023-12-19T09:42:36+00:00","mainEntityOfPage":{"@id":"https:\/\/www.mobilier-design-occasion.fr\/magazine\/decouvrez-les-tendances-du-mobilier-design-en-2024-comment-embellir-votre-espace-avec-style\/"},"wordCount":558,"commentCount":0,"publisher":{"@id":"https:\/\/www.mobilier-design-occasion.fr\/magazine\/#organization"},"image":{"@id":"https:\/\/www.mobilier-design-occasion.fr\/magazine\/decouvrez-les-tendances-du-mobilier-design-en-2024-comment-embellir-votre-espace-avec-style\/#primaryimage"},"thumbnailUrl":"https:\/\/www.mobilier-design-occasion.fr\/magazine\/wp-content\/uploads\/2023\/12\/scandinavian-vintage-wood-cabinet-with-chair-by-dark-blue-wall.jpg","keywords":["2024","design","Mobilier","tendance"],"articleSection":["Tendances"],"inLanguage":"fr-FR","potentialAction":[{"@type":"CommentAction","name":"Comment","target":["https:\/\/www.mobilier-design-occasion.fr\/magazine\/decouvrez-les-tendances-du-mobilier-design-en-2024-comment-embellir-votre-espace-avec-style\/#respond"]}]},{"@type":"WebPage","@id":"https:\/\/www.mobilier-design-occasion.fr\/magazine\/decouvrez-les-tendances-du-mobilier-design-en-2024-comment-embellir-votre-espace-avec-style\/","url":"https:\/\/www.mobilier-design-occasion.fr\/magazine\/decouvrez-les-tendances-du-mobilier-design-en-2024-comment-embellir-votre-espace-avec-style\/","name":"D\u00e9couvrez les tendances du mobilier design en 2024 : Comment embellir votre espace avec style - Mobilier Design Magazine","isPartOf":{"@id":"https:\/\/www.mobilier-design-occasion.fr\/magazine\/#website"},"primaryImageOfPage":{"@id":"https:\/\/www.mobilier-design-occasion.fr\/magazine\/decouvrez-les-tendances-du-mobilier-design-en-2024-comment-embellir-votre-espace-avec-style\/#primaryimage"},"image":{"@id":"https:\/\/www.mobilier-design-occasion.fr\/magazine\/decouvrez-les-tendances-du-mobilier-design-en-2024-comment-embellir-votre-espace-avec-style\/#primaryimage"},"thumbnailUrl":"https:\/\/www.mobilier-design-occasion.fr\/magazine\/wp-content\/uploads\/2023\/12\/scandinavian-vintage-wood-cabinet-with-chair-by-dark-blue-wall.jpg","datePublished":"2023-12-19T09:42:35+00:00","dateModified":"2023-12-19T09:42:36+00:00","breadcrumb":{"@id":"https:\/\/www.mobilier-design-occasion.fr\/magazine\/decouvrez-les-tendances-du-mobilier-design-en-2024-comment-embellir-votre-espace-avec-style\/#breadcrumb"},"inLanguage":"fr-FR","potentialAction":[{"@type":"ReadAction","target":["https:\/\/www.mobilier-design-occasion.fr\/magazine\/decouvrez-les-tendances-du-mobilier-design-en-2024-comment-embellir-votre-espace-avec-style\/"]}]},{"@type":"ImageObject","inLanguage":"fr-FR","@id":"https:\/\/www.mobilier-design-occasion.fr\/magazine\/decouvrez-les-tendances-du-mobilier-design-en-2024-comment-embellir-votre-espace-avec-style\/#primaryimage","url":"https:\/\/www.mobilier-design-occasion.fr\/magazine\/wp-content\/uploads\/2023\/12\/scandinavian-vintage-wood-cabinet-with-chair-by-dark-blue-wall.jpg","contentUrl":"https:\/\/www.mobilier-design-occasion.fr\/magazine\/wp-content\/uploads\/2023\/12\/scandinavian-vintage-wood-cabinet-with-chair-by-dark-blue-wall.jpg","width":1250,"height":1250,"caption":"Scandinavian vintage wood cabinet with chair by a dark blue wall"},{"@type":"BreadcrumbList","@id":"https:\/\/www.mobilier-design-occasion.fr\/magazine\/decouvrez-les-tendances-du-mobilier-design-en-2024-comment-embellir-votre-espace-avec-style\/#breadcrumb","itemListElement":[{"@type":"ListItem","position":1,"name":"Accueil","item":"https:\/\/www.mobilier-design-occasion.fr\/magazine\/"},{"@type":"ListItem","position":2,"name":"D\u00e9couvrez les tendances du mobilier design en 2024 : Comment embellir votre espace avec style"}]},{"@type":"WebSite","@id":"https:\/\/www.mobilier-design-occasion.fr\/magazine\/#website","url":"https:\/\/www.mobilier-design-occasion.fr\/magazine\/","name":"Mobilier Design Magazine","description":"","publisher":{"@id":"https:\/\/www.mobilier-design-occasion.fr\/magazine\/#organization"},"potentialAction":[{"@type":"SearchAction","target":{"@type":"EntryPoint","urlTemplate":"https:\/\/www.mobilier-design-occasion.fr\/magazine\/?s={search_term_string}"},"query-input":{"@type":"PropertyValueSpecification","valueRequired":true,"valueName":"search_term_string"}}],"inLanguage":"fr-FR"},{"@type":"Organization","@id":"https:\/\/www.mobilier-design-occasion.fr\/magazine\/#organization","name":"Mobilier Design Magazine","url":"https:\/\/www.mobilier-design-occasion.fr\/magazine\/","logo":{"@type":"ImageObject","inLanguage":"fr-FR","@id":"https:\/\/www.mobilier-design-occasion.fr\/magazine\/#\/schema\/logo\/image\/","url":"https:\/\/www.mobilier-design-occasion.fr\/magazine\/wp-content\/uploads\/2024\/02\/android-chrome-192x192-1.png","contentUrl":"https:\/\/www.mobilier-design-occasion.fr\/magazine\/wp-content\/uploads\/2024\/02\/android-chrome-192x192-1.png","width":192,"height":192,"caption":"Mobilier Design Magazine"},"image":{"@id":"https:\/\/www.mobilier-design-occasion.fr\/magazine\/#\/schema\/logo\/image\/"},"sameAs":["https:\/\/www.facebook.com\/mobilierdesignoccasion"]},{"@type":"Person","@id":"https:\/\/www.mobilier-design-occasion.fr\/magazine\/#\/schema\/person\/af895bedc80bfb6b17730a672fddac9e","name":"Vincent Vandegans","image":{"@type":"ImageObject","inLanguage":"fr-FR","@id":"https:\/\/secure.gravatar.com\/avatar\/b984800dabdf722d5e3f03f637c8932dea77d81118467d17ad2953e3b273ec66?s=96&d=mm&r=g","url":"https:\/\/secure.gravatar.com\/avatar\/b984800dabdf722d5e3f03f637c8932dea77d81118467d17ad2953e3b273ec66?s=96&d=mm&r=g","contentUrl":"https:\/\/secure.gravatar.com\/avatar\/b984800dabdf722d5e3f03f637c8932dea77d81118467d17ad2953e3b273ec66?s=96&d=mm&r=g","caption":"Vincent Vandegans"},"description":"Vincent est passionn\u00e9 par les produits d'occasion, il a ouvert le site MDO avec Cyrielle pour aider les gens \u00e0 trouver du mobilier d'occasion, vintage ou usag\u00e9. Depuis, ils ont \u00e9tendu leurs activit\u00e9s et conseillent tout le monde sur le mobilier d'int\u00e9rieur et d'ext\u00e9rieur au quotidien \u00e0 travers le magazine MDO.","url":"https:\/\/www.mobilier-design-occasion.fr\/magazine\/author\/vincent\/"}]}},"_links":{"self":[{"href":"https:\/\/www.mobilier-design-occasion.fr\/magazine\/wp-json\/wp\/v2\/posts\/7438","targetHints":{"allow":["GET"]}}],"collection":[{"href":"https:\/\/www.mobilier-design-occasion.fr\/magazine\/wp-json\/wp\/v2\/posts"}],"about":[{"href":"https:\/\/www.mobilier-design-occasion.fr\/magazine\/wp-json\/wp\/v2\/types\/post"}],"author":[{"embeddable":true,"href":"https:\/\/www.mobilier-design-occasion.fr\/magazine\/wp-json\/wp\/v2\/users\/2"}],"replies":[{"embeddable":true,"href":"https:\/\/www.mobilier-design-occasion.fr\/magazine\/wp-json\/wp\/v2\/comments?post=7438"}],"version-history":[{"count":1,"href":"https:\/\/www.mobilier-design-occasion.fr\/magazine\/wp-json\/wp\/v2\/posts\/7438\/revisions"}],"predecessor-version":[{"id":7440,"href":"https:\/\/www.mobilier-design-occasion.fr\/magazine\/wp-json\/wp\/v2\/posts\/7438\/revisions\/7440"}],"wp:featuredmedia":[{"embeddable":true,"href":"https:\/\/www.mobilier-design-occasion.fr\/magazine\/wp-json\/wp\/v2\/media\/7439"}],"wp:attachment":[{"href":"https:\/\/www.mobilier-design-occasion.fr\/magazine\/wp-json\/wp\/v2\/media?parent=7438"}],"wp:term":[{"taxonomy":"category","embeddable":true,"href":"https:\/\/www.mobilier-design-occasion.fr\/magazine\/wp-json\/wp\/v2\/categories?post=7438"},{"taxonomy":"post_tag","embeddable":true,"href":"https:\/\/www.mobilier-design-occasion.fr\/magazine\/wp-json\/wp\/v2\/tags?post=7438"}],"curies":[{"name":"wp","href":"https:\/\/api.w.org\/{rel}","templated":true}]}}