{"id":7426,"date":"2023-12-21T09:33:42","date_gmt":"2023-12-21T09:33:42","guid":{"rendered":"https:\/\/www.mobilier-design-occasion.fr\/magazine\/?p=7426"},"modified":"2023-12-19T09:34:49","modified_gmt":"2023-12-19T09:34:49","slug":"comment-creer-une-decoration-design-dans-chaque-piece-de-la-maison-pour-noel","status":"publish","type":"post","link":"https:\/\/www.mobilier-design-occasion.fr\/magazine\/comment-creer-une-decoration-design-dans-chaque-piece-de-la-maison-pour-noel\/","title":{"rendered":"Comment cr\u00e9er une d\u00e9coration design dans chaque pi\u00e8ce de la maison pour No\u00ebl ?"},"content":{"rendered":"\n<figure class=\"wp-block-image size-large\"><img loading=\"lazy\" decoding=\"async\" width=\"683\" height=\"1024\" src=\"https:\/\/www.mobilier-design-occasion.fr\/magazine\/wp-content\/uploads\/2023\/12\/decoration-petit-arbre-decore-683x1024.jpg\" alt=\"\" class=\"wp-image-7427\" srcset=\"https:\/\/www.mobilier-design-occasion.fr\/magazine\/wp-content\/uploads\/2023\/12\/decoration-petit-arbre-decore-683x1024.jpg 683w, https:\/\/www.mobilier-design-occasion.fr\/magazine\/wp-content\/uploads\/2023\/12\/decoration-petit-arbre-decore-200x300.jpg 200w, https:\/\/www.mobilier-design-occasion.fr\/magazine\/wp-content\/uploads\/2023\/12\/decoration-petit-arbre-decore-768x1152.jpg 768w, https:\/\/www.mobilier-design-occasion.fr\/magazine\/wp-content\/uploads\/2023\/12\/decoration-petit-arbre-decore-1024x1536.jpg 1024w, https:\/\/www.mobilier-design-occasion.fr\/magazine\/wp-content\/uploads\/2023\/12\/decoration-petit-arbre-decore-scaled.jpg 1365w, https:\/\/www.mobilier-design-occasion.fr\/magazine\/wp-content\/uploads\/2023\/12\/decoration-petit-arbre-decore-810x1215.jpg 810w, https:\/\/www.mobilier-design-occasion.fr\/magazine\/wp-content\/uploads\/2023\/12\/decoration-petit-arbre-decore-1140x1710.jpg 1140w\" sizes=\"auto, (max-width: 683px) 100vw, 683px\" \/><\/figure>\n\n\n\n<h1 class=\"wp-block-heading\"><span class=\"ez-toc-section\" id=\"Comment_creer_une_decoration_design_dans_chaque_piece_de_la_maison_pour_Noel\"><\/span>Comment cr\u00e9er une d\u00e9coration design dans chaque pi\u00e8ce de la maison pour No\u00ebl ?<span class=\"ez-toc-section-end\"><\/span><\/h1><div id=\"ez-toc-container\" class=\"ez-toc-v2_0_82_2 counter-hierarchy ez-toc-counter ez-toc-grey ez-toc-container-direction\">\n<div class=\"ez-toc-title-container\">\n<span class=\"ez-toc-title-toggle\"><a href=\"#\" class=\"ez-toc-pull-right ez-toc-btn ez-toc-btn-xs ez-toc-btn-default ez-toc-toggle\" aria-label=\"Toggle Table of Content\"><span class=\"ez-toc-js-icon-con\"><span class=\"\"><span class=\"eztoc-hide\" style=\"display:none;\">Toggle<\/span><span class=\"ez-toc-icon-toggle-span\"><svg style=\"fill: #999;color:#999\" xmlns=\"http:\/\/www.w3.org\/2000\/svg\" class=\"list-377408\" width=\"20px\" height=\"20px\" viewBox=\"0 0 24 24\" fill=\"none\"><path d=\"M6 6H4v2h2V6zm14 0H8v2h12V6zM4 11h2v2H4v-2zm16 0H8v2h12v-2zM4 16h2v2H4v-2zm16 0H8v2h12v-2z\" fill=\"currentColor\"><\/path><\/svg><svg style=\"fill: #999;color:#999\" class=\"arrow-unsorted-368013\" xmlns=\"http:\/\/www.w3.org\/2000\/svg\" width=\"10px\" height=\"10px\" viewBox=\"0 0 24 24\" version=\"1.2\" baseProfile=\"tiny\"><path d=\"M18.2 9.3l-6.2-6.3-6.2 6.3c-.2.2-.3.4-.3.7s.1.5.3.7c.2.2.4.3.7.3h11c.3 0 .5-.1.7-.3.2-.2.3-.5.3-.7s-.1-.5-.3-.7zM5.8 14.7l6.2 6.3 6.2-6.3c.2-.2.3-.5.3-.7s-.1-.5-.3-.7c-.2-.2-.4-.3-.7-.3h-11c-.3 0-.5.1-.7.3-.2.2-.3.5-.3.7s.1.5.3.7z\"\/><\/svg><\/span><\/span><\/span><\/a><\/span><\/div>\n<nav><ul class='ez-toc-list ez-toc-list-level-1 eztoc-toggle-hide-by-default' ><li class='ez-toc-page-1 ez-toc-heading-level-1'><a class=\"ez-toc-link ez-toc-heading-1\" href=\"https:\/\/www.mobilier-design-occasion.fr\/magazine\/comment-creer-une-decoration-design-dans-chaque-piece-de-la-maison-pour-noel\/#Comment_creer_une_decoration_design_dans_chaque_piece_de_la_maison_pour_Noel\" >Comment cr\u00e9er une d\u00e9coration design dans chaque pi\u00e8ce de la maison pour No\u00ebl ?<\/a><ul class='ez-toc-list-level-2' ><li class='ez-toc-heading-level-2'><a class=\"ez-toc-link ez-toc-heading-2\" href=\"https:\/\/www.mobilier-design-occasion.fr\/magazine\/comment-creer-une-decoration-design-dans-chaque-piece-de-la-maison-pour-noel\/#Hall_dentree_accueillant\" >Hall d&#8217;entr\u00e9e accueillant<\/a><\/li><li class='ez-toc-page-1 ez-toc-heading-level-2'><a class=\"ez-toc-link ez-toc-heading-3\" href=\"https:\/\/www.mobilier-design-occasion.fr\/magazine\/comment-creer-une-decoration-design-dans-chaque-piece-de-la-maison-pour-noel\/#Salon_cosy\" >Salon cosy<\/a><\/li><li class='ez-toc-page-1 ez-toc-heading-level-2'><a class=\"ez-toc-link ez-toc-heading-4\" href=\"https:\/\/www.mobilier-design-occasion.fr\/magazine\/comment-creer-une-decoration-design-dans-chaque-piece-de-la-maison-pour-noel\/#Salle_a_manger_elegante\" >Salle \u00e0 manger \u00e9l\u00e9gante<\/a><\/li><li class='ez-toc-page-1 ez-toc-heading-level-2'><a class=\"ez-toc-link ez-toc-heading-5\" href=\"https:\/\/www.mobilier-design-occasion.fr\/magazine\/comment-creer-une-decoration-design-dans-chaque-piece-de-la-maison-pour-noel\/#Chambres_douillettes\" >Chambres douillettes<\/a><\/li><li class='ez-toc-page-1 ez-toc-heading-level-2'><a class=\"ez-toc-link ez-toc-heading-6\" href=\"https:\/\/www.mobilier-design-occasion.fr\/magazine\/comment-creer-une-decoration-design-dans-chaque-piece-de-la-maison-pour-noel\/#Salle_de_bain_rafraichissante\" >Salle de bain rafra\u00eechissante<\/a><\/li><\/ul><\/li><\/ul><\/nav><\/div>\n\n\n\n\n<p>No\u00ebl est une p\u00e9riode magique o\u00f9 les foyers s&#8217;emplissent de chaleur et de joie. Une d\u00e9coration soigneusement pens\u00e9e peut transformer chaque pi\u00e8ce de la maison en un v\u00e9ritable havre festif. Voici id\u00e9es concr\u00e8tes et utiles pour cr\u00e9er une d\u00e9coration design dans chaque coin de votre maison, ajoutant ainsi une touche de f\u00e9erie \u00e0 votre c\u00e9l\u00e9bration de No\u00ebl.<\/p>\n\n\n\n<h2 class=\"wp-block-heading\"><span class=\"ez-toc-section\" id=\"Hall_dentree_accueillant\"><\/span>Hall d&#8217;entr\u00e9e accueillant<span class=\"ez-toc-section-end\"><\/span><\/h2>\n\n\n\n<p><strong>Le hall d&#8217;entr\u00e9e est la premi\u00e8re impression que vos invit\u00e9s auront de votre d\u00e9coration<\/strong> de No\u00ebl. Optez pour une couronne de porte \u00e9l\u00e9gante, des guirlandes lumineuses et des \u00e9l\u00e9ments naturels tels que des branches de sapin pour une ambiance chaleureuse et accueillante. Ajoutez des touches de dor\u00e9 ou d&#8217;argent\u00e9 pour un \u00e9clat subtil.<\/p>\n\n\n\n<h2 class=\"wp-block-heading\"><span class=\"ez-toc-section\" id=\"Salon_cosy\"><\/span>Salon cosy<span class=\"ez-toc-section-end\"><\/span><\/h2>\n\n\n\n<p>Le <a href=\"https:\/\/www.mobilier-design-occasion.fr\/magazine\/category\/salon\/\">salon est le c\u0153ur de la maison<\/a> pendant la p\u00e9riode des f\u00eates. Cr\u00e9ez une atmosph\u00e8re chaleureuse avec des coussins et des plaids aux couleurs festives. Un sapin de No\u00ebl d\u00e9cor\u00e9 avec go\u00fbt devient le point focal. Ajoutez des bougies parfum\u00e9es et des <a href=\"https:\/\/www.mobilier-design-occasion.fr\/magazine\/lart-perdu-de-la-ceramique-redecouvrons-le-ensemble\/\">d\u00e9corations en c\u00e9ramique<\/a> et en verre pour un \u00e9clat suppl\u00e9mentaire. Les guirlandes lumineuses ne sont pas r\u00e9serv\u00e9es qu&#8217;au sapin ; suspendez-les artistiquement autour de la pi\u00e8ce pour une touche magique.<\/p>\n\n\n\n<h2 class=\"wp-block-heading\"><span class=\"ez-toc-section\" id=\"Salle_a_manger_elegante\"><\/span>Salle \u00e0 manger \u00e9l\u00e9gante<span class=\"ez-toc-section-end\"><\/span><\/h2>\n\n\n\n<p>La table de la salle \u00e0 manger est le lieu o\u00f9 la magie de No\u00ebl se mat\u00e9rialise autour des repas partag\u00e9s. Optez pour une nappe en lin, <strong>des sets de table coordonn\u00e9s<\/strong> et des couverts dor\u00e9s ou argent\u00e9s. Des bougeoirs au centre de la table et des d\u00e9corations de saison, comme des pommes de pin peintes, ajoutent une touche raffin\u00e9e. Des marque-places personnalis\u00e9es compl\u00e8tent le tout.<\/p>\n\n\n\n<h2 class=\"wp-block-heading\"><span class=\"ez-toc-section\" id=\"Chambres_douillettes\"><\/span>Chambres douillettes<span class=\"ez-toc-section-end\"><\/span><\/h2>\n\n\n\n<p>Apportez la magie de No\u00ebl jusque dans <a href=\"https:\/\/www.mobilier-design-occasion.fr\/magazine\/category\/chambre\/\">les chambres<\/a> en int\u00e9grant des \u00e9l\u00e9ments subtils. Des housses de couette ou des couvre-lits aux motifs hivernaux, des coussins d\u00e9coratifs et des petites d\u00e9corations sur les tables de chevet cr\u00e9ent une atmosph\u00e8re festive sans surcharger l&#8217;espace. N&#8217;oubliez pas d&#8217;ajouter des lumi\u00e8res douces pour une ambiance apaisante.<\/p>\n\n\n\n<h2 class=\"wp-block-heading\"><span class=\"ez-toc-section\" id=\"Salle_de_bain_rafraichissante\"><\/span>Salle de bain rafra\u00eechissante<span class=\"ez-toc-section-end\"><\/span><\/h2>\n\n\n\n<p>Transformez votre salle de bain en un sanctuaire de d\u00e9tente festif :&nbsp;<\/p>\n\n\n\n<ul class=\"wp-block-list\">\n<li>des serviettes de bain aux couleurs de No\u00ebl,<\/li>\n\n\n\n<li>des bougies parfum\u00e9es,<\/li>\n\n\n\n<li>des petits ornements de No\u00ebl sur les \u00e9tag\u00e8res,<\/li>\n\n\n\n<li>des savons ou des gels douche aux parfums de saison pour une exp\u00e9rience immersive.<\/li>\n<\/ul>\n\n\n\n<p>En incorporant ces id\u00e9es de d\u00e9coration dans chaque pi\u00e8ce de votre maison, vous pouvez cr\u00e9er une atmosph\u00e8re chaleureuse et festive pour c\u00e9l\u00e9brer No\u00ebl. La cl\u00e9 est de trouver l&#8217;\u00e9quilibre entre \u00e9l\u00e9gance et subtilit\u00e9, en utilisant des \u00e9l\u00e9ments qui s&#8217;int\u00e8grent harmonieusement \u00e0 votre d\u00e9cor existant. Que vous pr\u00e9f\u00e9riez une d\u00e9coration traditionnelle ou moderne, ces suggestions peuvent \u00eatre adapt\u00e9es \u00e0 tous les go\u00fbts, faisant de votre maison le lieu id\u00e9al pour partager la magie de No\u00ebl avec vos proches.<\/p>\n","protected":false},"excerpt":{"rendered":"<p>Comment cr\u00e9er une d\u00e9coration design dans chaque pi\u00e8ce de la maison pour No\u00ebl ? No\u00ebl est une p\u00e9riode magique o\u00f9 les foyers s&#8217;emplissent de chaleur et de joie. Une d\u00e9coration soigneusement pens\u00e9e peut transformer chaque pi\u00e8ce de la maison en un v\u00e9ritable havre festif. Voici id\u00e9es concr\u00e8tes et utiles pour cr\u00e9er une d\u00e9coration design dans [&hellip;]<\/p>\n","protected":false},"author":2,"featured_media":7427,"comment_status":"open","ping_status":"open","sticky":false,"template":"","format":"standard","meta":{"footnotes":""},"categories":[2],"tags":[199,201,166,186],"class_list":["post-7426","post","type-post","status-publish","format-standard","has-post-thumbnail","hentry","category-tendances","tag-deco-2","tag-design","tag-noel","tag-table"],"yoast_head":"<!-- This site is optimized with the Yoast SEO plugin v27.5 - https:\/\/yoast.com\/product\/yoast-seo-wordpress\/ -->\n<title>Comment cr\u00e9er une d\u00e9coration design dans chaque pi\u00e8ce de la maison pour No\u00ebl ? - Mobilier Design Magazine<\/title>\n<meta name=\"robots\" content=\"index, follow, max-snippet:-1, max-image-preview:large, max-video-preview:-1\" \/>\n<link rel=\"canonical\" href=\"https:\/\/www.mobilier-design-occasion.fr\/magazine\/comment-creer-une-decoration-design-dans-chaque-piece-de-la-maison-pour-noel\/\" \/>\n<meta property=\"og:locale\" content=\"fr_FR\" \/>\n<meta property=\"og:type\" content=\"article\" \/>\n<meta property=\"og:title\" content=\"Comment cr\u00e9er une d\u00e9coration design dans chaque pi\u00e8ce de la maison pour No\u00ebl ? - Mobilier Design Magazine\" \/>\n<meta property=\"og:description\" content=\"Comment cr\u00e9er une d\u00e9coration design dans chaque pi\u00e8ce de la maison pour No\u00ebl ? No\u00ebl est une p\u00e9riode magique o\u00f9 les foyers s&#8217;emplissent de chaleur et de joie. Une d\u00e9coration soigneusement pens\u00e9e peut transformer chaque pi\u00e8ce de la maison en un v\u00e9ritable havre festif. Voici id\u00e9es concr\u00e8tes et utiles pour cr\u00e9er une d\u00e9coration design dans [&hellip;]\" \/>\n<meta property=\"og:url\" content=\"https:\/\/www.mobilier-design-occasion.fr\/magazine\/comment-creer-une-decoration-design-dans-chaque-piece-de-la-maison-pour-noel\/\" \/>\n<meta property=\"og:site_name\" content=\"Mobilier Design Magazine\" \/>\n<meta property=\"article:publisher\" content=\"https:\/\/www.facebook.com\/mobilierdesignoccasion\" \/>\n<meta property=\"article:published_time\" content=\"2023-12-21T09:33:42+00:00\" \/>\n<meta property=\"og:image\" content=\"https:\/\/www.mobilier-design-occasion.fr\/magazine\/wp-content\/uploads\/2023\/12\/decoration-petit-arbre-decore-scaled.jpg\" \/>\n\t<meta property=\"og:image:width\" content=\"1365\" \/>\n\t<meta property=\"og:image:height\" content=\"2048\" \/>\n\t<meta property=\"og:image:type\" content=\"image\/jpeg\" \/>\n<meta name=\"author\" content=\"Vincent Vandegans\" \/>\n<meta name=\"twitter:card\" content=\"summary_large_image\" \/>\n<meta name=\"twitter:label1\" content=\"\u00c9crit par\" \/>\n\t<meta name=\"twitter:data1\" content=\"Vincent Vandegans\" \/>\n\t<meta name=\"twitter:label2\" content=\"Dur\u00e9e de lecture estim\u00e9e\" \/>\n\t<meta name=\"twitter:data2\" content=\"3 minutes\" \/>\n<script type=\"application\/ld+json\" class=\"yoast-schema-graph\">{\"@context\":\"https:\\\/\\\/schema.org\",\"@graph\":[{\"@type\":\"Article\",\"@id\":\"https:\\\/\\\/www.mobilier-design-occasion.fr\\\/magazine\\\/comment-creer-une-decoration-design-dans-chaque-piece-de-la-maison-pour-noel\\\/#article\",\"isPartOf\":{\"@id\":\"https:\\\/\\\/www.mobilier-design-occasion.fr\\\/magazine\\\/comment-creer-une-decoration-design-dans-chaque-piece-de-la-maison-pour-noel\\\/\"},\"author\":{\"name\":\"Vincent Vandegans\",\"@id\":\"https:\\\/\\\/www.mobilier-design-occasion.fr\\\/magazine\\\/#\\\/schema\\\/person\\\/af895bedc80bfb6b17730a672fddac9e\"},\"headline\":\"Comment cr\u00e9er une d\u00e9coration design dans chaque pi\u00e8ce de la maison pour No\u00ebl ?\",\"datePublished\":\"2023-12-21T09:33:42+00:00\",\"mainEntityOfPage\":{\"@id\":\"https:\\\/\\\/www.mobilier-design-occasion.fr\\\/magazine\\\/comment-creer-une-decoration-design-dans-chaque-piece-de-la-maison-pour-noel\\\/\"},\"wordCount\":559,\"commentCount\":0,\"publisher\":{\"@id\":\"https:\\\/\\\/www.mobilier-design-occasion.fr\\\/magazine\\\/#organization\"},\"image\":{\"@id\":\"https:\\\/\\\/www.mobilier-design-occasion.fr\\\/magazine\\\/comment-creer-une-decoration-design-dans-chaque-piece-de-la-maison-pour-noel\\\/#primaryimage\"},\"thumbnailUrl\":\"https:\\\/\\\/www.mobilier-design-occasion.fr\\\/magazine\\\/wp-content\\\/uploads\\\/2023\\\/12\\\/decoration-petit-arbre-decore-scaled.jpg\",\"keywords\":[\"deco\",\"design\",\"noel\",\"table\"],\"articleSection\":[\"Tendances\"],\"inLanguage\":\"fr-FR\",\"potentialAction\":[{\"@type\":\"CommentAction\",\"name\":\"Comment\",\"target\":[\"https:\\\/\\\/www.mobilier-design-occasion.fr\\\/magazine\\\/comment-creer-une-decoration-design-dans-chaque-piece-de-la-maison-pour-noel\\\/#respond\"]}]},{\"@type\":\"WebPage\",\"@id\":\"https:\\\/\\\/www.mobilier-design-occasion.fr\\\/magazine\\\/comment-creer-une-decoration-design-dans-chaque-piece-de-la-maison-pour-noel\\\/\",\"url\":\"https:\\\/\\\/www.mobilier-design-occasion.fr\\\/magazine\\\/comment-creer-une-decoration-design-dans-chaque-piece-de-la-maison-pour-noel\\\/\",\"name\":\"Comment cr\u00e9er une d\u00e9coration design dans chaque pi\u00e8ce de la maison pour No\u00ebl ? - Mobilier Design Magazine\",\"isPartOf\":{\"@id\":\"https:\\\/\\\/www.mobilier-design-occasion.fr\\\/magazine\\\/#website\"},\"primaryImageOfPage\":{\"@id\":\"https:\\\/\\\/www.mobilier-design-occasion.fr\\\/magazine\\\/comment-creer-une-decoration-design-dans-chaque-piece-de-la-maison-pour-noel\\\/#primaryimage\"},\"image\":{\"@id\":\"https:\\\/\\\/www.mobilier-design-occasion.fr\\\/magazine\\\/comment-creer-une-decoration-design-dans-chaque-piece-de-la-maison-pour-noel\\\/#primaryimage\"},\"thumbnailUrl\":\"https:\\\/\\\/www.mobilier-design-occasion.fr\\\/magazine\\\/wp-content\\\/uploads\\\/2023\\\/12\\\/decoration-petit-arbre-decore-scaled.jpg\",\"datePublished\":\"2023-12-21T09:33:42+00:00\",\"breadcrumb\":{\"@id\":\"https:\\\/\\\/www.mobilier-design-occasion.fr\\\/magazine\\\/comment-creer-une-decoration-design-dans-chaque-piece-de-la-maison-pour-noel\\\/#breadcrumb\"},\"inLanguage\":\"fr-FR\",\"potentialAction\":[{\"@type\":\"ReadAction\",\"target\":[\"https:\\\/\\\/www.mobilier-design-occasion.fr\\\/magazine\\\/comment-creer-une-decoration-design-dans-chaque-piece-de-la-maison-pour-noel\\\/\"]}]},{\"@type\":\"ImageObject\",\"inLanguage\":\"fr-FR\",\"@id\":\"https:\\\/\\\/www.mobilier-design-occasion.fr\\\/magazine\\\/comment-creer-une-decoration-design-dans-chaque-piece-de-la-maison-pour-noel\\\/#primaryimage\",\"url\":\"https:\\\/\\\/www.mobilier-design-occasion.fr\\\/magazine\\\/wp-content\\\/uploads\\\/2023\\\/12\\\/decoration-petit-arbre-decore-scaled.jpg\",\"contentUrl\":\"https:\\\/\\\/www.mobilier-design-occasion.fr\\\/magazine\\\/wp-content\\\/uploads\\\/2023\\\/12\\\/decoration-petit-arbre-decore-scaled.jpg\",\"width\":1365,\"height\":2048},{\"@type\":\"BreadcrumbList\",\"@id\":\"https:\\\/\\\/www.mobilier-design-occasion.fr\\\/magazine\\\/comment-creer-une-decoration-design-dans-chaque-piece-de-la-maison-pour-noel\\\/#breadcrumb\",\"itemListElement\":[{\"@type\":\"ListItem\",\"position\":1,\"name\":\"Accueil\",\"item\":\"https:\\\/\\\/www.mobilier-design-occasion.fr\\\/magazine\\\/\"},{\"@type\":\"ListItem\",\"position\":2,\"name\":\"Comment cr\u00e9er une d\u00e9coration design dans chaque pi\u00e8ce de la maison pour No\u00ebl ?\"}]},{\"@type\":\"WebSite\",\"@id\":\"https:\\\/\\\/www.mobilier-design-occasion.fr\\\/magazine\\\/#website\",\"url\":\"https:\\\/\\\/www.mobilier-design-occasion.fr\\\/magazine\\\/\",\"name\":\"Mobilier Design Magazine\",\"description\":\"\",\"publisher\":{\"@id\":\"https:\\\/\\\/www.mobilier-design-occasion.fr\\\/magazine\\\/#organization\"},\"potentialAction\":[{\"@type\":\"SearchAction\",\"target\":{\"@type\":\"EntryPoint\",\"urlTemplate\":\"https:\\\/\\\/www.mobilier-design-occasion.fr\\\/magazine\\\/?s={search_term_string}\"},\"query-input\":{\"@type\":\"PropertyValueSpecification\",\"valueRequired\":true,\"valueName\":\"search_term_string\"}}],\"inLanguage\":\"fr-FR\"},{\"@type\":\"Organization\",\"@id\":\"https:\\\/\\\/www.mobilier-design-occasion.fr\\\/magazine\\\/#organization\",\"name\":\"Mobilier Design Magazine\",\"url\":\"https:\\\/\\\/www.mobilier-design-occasion.fr\\\/magazine\\\/\",\"logo\":{\"@type\":\"ImageObject\",\"inLanguage\":\"fr-FR\",\"@id\":\"https:\\\/\\\/www.mobilier-design-occasion.fr\\\/magazine\\\/#\\\/schema\\\/logo\\\/image\\\/\",\"url\":\"https:\\\/\\\/www.mobilier-design-occasion.fr\\\/magazine\\\/wp-content\\\/uploads\\\/2024\\\/02\\\/android-chrome-192x192-1.png\",\"contentUrl\":\"https:\\\/\\\/www.mobilier-design-occasion.fr\\\/magazine\\\/wp-content\\\/uploads\\\/2024\\\/02\\\/android-chrome-192x192-1.png\",\"width\":192,\"height\":192,\"caption\":\"Mobilier Design Magazine\"},\"image\":{\"@id\":\"https:\\\/\\\/www.mobilier-design-occasion.fr\\\/magazine\\\/#\\\/schema\\\/logo\\\/image\\\/\"},\"sameAs\":[\"https:\\\/\\\/www.facebook.com\\\/mobilierdesignoccasion\"]},{\"@type\":\"Person\",\"@id\":\"https:\\\/\\\/www.mobilier-design-occasion.fr\\\/magazine\\\/#\\\/schema\\\/person\\\/af895bedc80bfb6b17730a672fddac9e\",\"name\":\"Vincent Vandegans\",\"image\":{\"@type\":\"ImageObject\",\"inLanguage\":\"fr-FR\",\"@id\":\"https:\\\/\\\/secure.gravatar.com\\\/avatar\\\/b984800dabdf722d5e3f03f637c8932dea77d81118467d17ad2953e3b273ec66?s=96&d=mm&r=g\",\"url\":\"https:\\\/\\\/secure.gravatar.com\\\/avatar\\\/b984800dabdf722d5e3f03f637c8932dea77d81118467d17ad2953e3b273ec66?s=96&d=mm&r=g\",\"contentUrl\":\"https:\\\/\\\/secure.gravatar.com\\\/avatar\\\/b984800dabdf722d5e3f03f637c8932dea77d81118467d17ad2953e3b273ec66?s=96&d=mm&r=g\",\"caption\":\"Vincent Vandegans\"},\"description\":\"Vincent est passionn\u00e9 par les produits d'occasion, il a ouvert le site MDO avec Cyrielle pour aider les gens \u00e0 trouver du mobilier d'occasion, vintage ou usag\u00e9. Depuis, ils ont \u00e9tendu leurs activit\u00e9s et conseillent tout le monde sur le mobilier d'int\u00e9rieur et d'ext\u00e9rieur au quotidien \u00e0 travers le magazine MDO.\",\"url\":\"https:\\\/\\\/www.mobilier-design-occasion.fr\\\/magazine\\\/author\\\/vincent\\\/\"}]}<\/script>\n<!-- \/ Yoast SEO plugin. -->","yoast_head_json":{"title":"Comment cr\u00e9er une d\u00e9coration design dans chaque pi\u00e8ce de la maison pour No\u00ebl ? - Mobilier Design Magazine","robots":{"index":"index","follow":"follow","max-snippet":"max-snippet:-1","max-image-preview":"max-image-preview:large","max-video-preview":"max-video-preview:-1"},"canonical":"https:\/\/www.mobilier-design-occasion.fr\/magazine\/comment-creer-une-decoration-design-dans-chaque-piece-de-la-maison-pour-noel\/","og_locale":"fr_FR","og_type":"article","og_title":"Comment cr\u00e9er une d\u00e9coration design dans chaque pi\u00e8ce de la maison pour No\u00ebl ? - Mobilier Design Magazine","og_description":"Comment cr\u00e9er une d\u00e9coration design dans chaque pi\u00e8ce de la maison pour No\u00ebl ? No\u00ebl est une p\u00e9riode magique o\u00f9 les foyers s&#8217;emplissent de chaleur et de joie. Une d\u00e9coration soigneusement pens\u00e9e peut transformer chaque pi\u00e8ce de la maison en un v\u00e9ritable havre festif. Voici id\u00e9es concr\u00e8tes et utiles pour cr\u00e9er une d\u00e9coration design dans [&hellip;]","og_url":"https:\/\/www.mobilier-design-occasion.fr\/magazine\/comment-creer-une-decoration-design-dans-chaque-piece-de-la-maison-pour-noel\/","og_site_name":"Mobilier Design Magazine","article_publisher":"https:\/\/www.facebook.com\/mobilierdesignoccasion","article_published_time":"2023-12-21T09:33:42+00:00","og_image":[{"width":1365,"height":2048,"url":"https:\/\/www.mobilier-design-occasion.fr\/magazine\/wp-content\/uploads\/2023\/12\/decoration-petit-arbre-decore-scaled.jpg","type":"image\/jpeg"}],"author":"Vincent Vandegans","twitter_card":"summary_large_image","twitter_misc":{"\u00c9crit par":"Vincent Vandegans","Dur\u00e9e de lecture estim\u00e9e":"3 minutes"},"schema":{"@context":"https:\/\/schema.org","@graph":[{"@type":"Article","@id":"https:\/\/www.mobilier-design-occasion.fr\/magazine\/comment-creer-une-decoration-design-dans-chaque-piece-de-la-maison-pour-noel\/#article","isPartOf":{"@id":"https:\/\/www.mobilier-design-occasion.fr\/magazine\/comment-creer-une-decoration-design-dans-chaque-piece-de-la-maison-pour-noel\/"},"author":{"name":"Vincent Vandegans","@id":"https:\/\/www.mobilier-design-occasion.fr\/magazine\/#\/schema\/person\/af895bedc80bfb6b17730a672fddac9e"},"headline":"Comment cr\u00e9er une d\u00e9coration design dans chaque pi\u00e8ce de la maison pour No\u00ebl ?","datePublished":"2023-12-21T09:33:42+00:00","mainEntityOfPage":{"@id":"https:\/\/www.mobilier-design-occasion.fr\/magazine\/comment-creer-une-decoration-design-dans-chaque-piece-de-la-maison-pour-noel\/"},"wordCount":559,"commentCount":0,"publisher":{"@id":"https:\/\/www.mobilier-design-occasion.fr\/magazine\/#organization"},"image":{"@id":"https:\/\/www.mobilier-design-occasion.fr\/magazine\/comment-creer-une-decoration-design-dans-chaque-piece-de-la-maison-pour-noel\/#primaryimage"},"thumbnailUrl":"https:\/\/www.mobilier-design-occasion.fr\/magazine\/wp-content\/uploads\/2023\/12\/decoration-petit-arbre-decore-scaled.jpg","keywords":["deco","design","noel","table"],"articleSection":["Tendances"],"inLanguage":"fr-FR","potentialAction":[{"@type":"CommentAction","name":"Comment","target":["https:\/\/www.mobilier-design-occasion.fr\/magazine\/comment-creer-une-decoration-design-dans-chaque-piece-de-la-maison-pour-noel\/#respond"]}]},{"@type":"WebPage","@id":"https:\/\/www.mobilier-design-occasion.fr\/magazine\/comment-creer-une-decoration-design-dans-chaque-piece-de-la-maison-pour-noel\/","url":"https:\/\/www.mobilier-design-occasion.fr\/magazine\/comment-creer-une-decoration-design-dans-chaque-piece-de-la-maison-pour-noel\/","name":"Comment cr\u00e9er une d\u00e9coration design dans chaque pi\u00e8ce de la maison pour No\u00ebl ? - Mobilier Design Magazine","isPartOf":{"@id":"https:\/\/www.mobilier-design-occasion.fr\/magazine\/#website"},"primaryImageOfPage":{"@id":"https:\/\/www.mobilier-design-occasion.fr\/magazine\/comment-creer-une-decoration-design-dans-chaque-piece-de-la-maison-pour-noel\/#primaryimage"},"image":{"@id":"https:\/\/www.mobilier-design-occasion.fr\/magazine\/comment-creer-une-decoration-design-dans-chaque-piece-de-la-maison-pour-noel\/#primaryimage"},"thumbnailUrl":"https:\/\/www.mobilier-design-occasion.fr\/magazine\/wp-content\/uploads\/2023\/12\/decoration-petit-arbre-decore-scaled.jpg","datePublished":"2023-12-21T09:33:42+00:00","breadcrumb":{"@id":"https:\/\/www.mobilier-design-occasion.fr\/magazine\/comment-creer-une-decoration-design-dans-chaque-piece-de-la-maison-pour-noel\/#breadcrumb"},"inLanguage":"fr-FR","potentialAction":[{"@type":"ReadAction","target":["https:\/\/www.mobilier-design-occasion.fr\/magazine\/comment-creer-une-decoration-design-dans-chaque-piece-de-la-maison-pour-noel\/"]}]},{"@type":"ImageObject","inLanguage":"fr-FR","@id":"https:\/\/www.mobilier-design-occasion.fr\/magazine\/comment-creer-une-decoration-design-dans-chaque-piece-de-la-maison-pour-noel\/#primaryimage","url":"https:\/\/www.mobilier-design-occasion.fr\/magazine\/wp-content\/uploads\/2023\/12\/decoration-petit-arbre-decore-scaled.jpg","contentUrl":"https:\/\/www.mobilier-design-occasion.fr\/magazine\/wp-content\/uploads\/2023\/12\/decoration-petit-arbre-decore-scaled.jpg","width":1365,"height":2048},{"@type":"BreadcrumbList","@id":"https:\/\/www.mobilier-design-occasion.fr\/magazine\/comment-creer-une-decoration-design-dans-chaque-piece-de-la-maison-pour-noel\/#breadcrumb","itemListElement":[{"@type":"ListItem","position":1,"name":"Accueil","item":"https:\/\/www.mobilier-design-occasion.fr\/magazine\/"},{"@type":"ListItem","position":2,"name":"Comment cr\u00e9er une d\u00e9coration design dans chaque pi\u00e8ce de la maison pour No\u00ebl ?"}]},{"@type":"WebSite","@id":"https:\/\/www.mobilier-design-occasion.fr\/magazine\/#website","url":"https:\/\/www.mobilier-design-occasion.fr\/magazine\/","name":"Mobilier Design Magazine","description":"","publisher":{"@id":"https:\/\/www.mobilier-design-occasion.fr\/magazine\/#organization"},"potentialAction":[{"@type":"SearchAction","target":{"@type":"EntryPoint","urlTemplate":"https:\/\/www.mobilier-design-occasion.fr\/magazine\/?s={search_term_string}"},"query-input":{"@type":"PropertyValueSpecification","valueRequired":true,"valueName":"search_term_string"}}],"inLanguage":"fr-FR"},{"@type":"Organization","@id":"https:\/\/www.mobilier-design-occasion.fr\/magazine\/#organization","name":"Mobilier Design Magazine","url":"https:\/\/www.mobilier-design-occasion.fr\/magazine\/","logo":{"@type":"ImageObject","inLanguage":"fr-FR","@id":"https:\/\/www.mobilier-design-occasion.fr\/magazine\/#\/schema\/logo\/image\/","url":"https:\/\/www.mobilier-design-occasion.fr\/magazine\/wp-content\/uploads\/2024\/02\/android-chrome-192x192-1.png","contentUrl":"https:\/\/www.mobilier-design-occasion.fr\/magazine\/wp-content\/uploads\/2024\/02\/android-chrome-192x192-1.png","width":192,"height":192,"caption":"Mobilier Design Magazine"},"image":{"@id":"https:\/\/www.mobilier-design-occasion.fr\/magazine\/#\/schema\/logo\/image\/"},"sameAs":["https:\/\/www.facebook.com\/mobilierdesignoccasion"]},{"@type":"Person","@id":"https:\/\/www.mobilier-design-occasion.fr\/magazine\/#\/schema\/person\/af895bedc80bfb6b17730a672fddac9e","name":"Vincent Vandegans","image":{"@type":"ImageObject","inLanguage":"fr-FR","@id":"https:\/\/secure.gravatar.com\/avatar\/b984800dabdf722d5e3f03f637c8932dea77d81118467d17ad2953e3b273ec66?s=96&d=mm&r=g","url":"https:\/\/secure.gravatar.com\/avatar\/b984800dabdf722d5e3f03f637c8932dea77d81118467d17ad2953e3b273ec66?s=96&d=mm&r=g","contentUrl":"https:\/\/secure.gravatar.com\/avatar\/b984800dabdf722d5e3f03f637c8932dea77d81118467d17ad2953e3b273ec66?s=96&d=mm&r=g","caption":"Vincent Vandegans"},"description":"Vincent est passionn\u00e9 par les produits d'occasion, il a ouvert le site MDO avec Cyrielle pour aider les gens \u00e0 trouver du mobilier d'occasion, vintage ou usag\u00e9. Depuis, ils ont \u00e9tendu leurs activit\u00e9s et conseillent tout le monde sur le mobilier d'int\u00e9rieur et d'ext\u00e9rieur au quotidien \u00e0 travers le magazine MDO.","url":"https:\/\/www.mobilier-design-occasion.fr\/magazine\/author\/vincent\/"}]}},"_links":{"self":[{"href":"https:\/\/www.mobilier-design-occasion.fr\/magazine\/wp-json\/wp\/v2\/posts\/7426","targetHints":{"allow":["GET"]}}],"collection":[{"href":"https:\/\/www.mobilier-design-occasion.fr\/magazine\/wp-json\/wp\/v2\/posts"}],"about":[{"href":"https:\/\/www.mobilier-design-occasion.fr\/magazine\/wp-json\/wp\/v2\/types\/post"}],"author":[{"embeddable":true,"href":"https:\/\/www.mobilier-design-occasion.fr\/magazine\/wp-json\/wp\/v2\/users\/2"}],"replies":[{"embeddable":true,"href":"https:\/\/www.mobilier-design-occasion.fr\/magazine\/wp-json\/wp\/v2\/comments?post=7426"}],"version-history":[{"count":1,"href":"https:\/\/www.mobilier-design-occasion.fr\/magazine\/wp-json\/wp\/v2\/posts\/7426\/revisions"}],"predecessor-version":[{"id":7428,"href":"https:\/\/www.mobilier-design-occasion.fr\/magazine\/wp-json\/wp\/v2\/posts\/7426\/revisions\/7428"}],"wp:featuredmedia":[{"embeddable":true,"href":"https:\/\/www.mobilier-design-occasion.fr\/magazine\/wp-json\/wp\/v2\/media\/7427"}],"wp:attachment":[{"href":"https:\/\/www.mobilier-design-occasion.fr\/magazine\/wp-json\/wp\/v2\/media?parent=7426"}],"wp:term":[{"taxonomy":"category","embeddable":true,"href":"https:\/\/www.mobilier-design-occasion.fr\/magazine\/wp-json\/wp\/v2\/categories?post=7426"},{"taxonomy":"post_tag","embeddable":true,"href":"https:\/\/www.mobilier-design-occasion.fr\/magazine\/wp-json\/wp\/v2\/tags?post=7426"}],"curies":[{"name":"wp","href":"https:\/\/api.w.org\/{rel}","templated":true}]}}